{"id":181121,"date":"2021-11-19T13:11:44","date_gmt":"2021-11-19T12:11:44","guid":{"rendered":"https:\/\/www.24gliwice.pl\/wiadomosci\/?p=181121"},"modified":"2021-11-19T13:11:44","modified_gmt":"2021-11-19T12:11:44","slug":"policja-opublikowala-portret-pamieciowy-podejrzanego-o-rozboj-kto-kojarzy-tego-mezczyzne","status":"publish","type":"post","link":"https:\/\/www.24gliwice.pl\/wiadomosci\/policja-opublikowala-portret-pamieciowy-podejrzanego-o-rozboj-kto-kojarzy-tego-mezczyzne\/","title":{"rendered":"Policja opublikowa\u0142a portret pami\u0119ciowy podejrzanego o rozb\u00f3j. Kto kojarzy tego m\u0119\u017cczyzn\u0119?"},"content":{"rendered":"<div class=\"gliwi-a6-nad-leadem-artykulow gliwi-entity-placement\" id=\"gliwi-4147165711\"><div class=\"gliwi-adlabel\"><span style=\"font-size: 9px\">REKLAMA<\/span><\/div><div id=\"gliwi-2088269995\" style=\"margin-bottom: 25px;margin-left: auto;margin-right: auto;text-align: center;\"><a data-no-instant=\"1\" href=\"https:\/\/dom100.eu\/\" rel=\"noopener\" class=\"a2t-link\" target=\"_blank\" aria-label=\"20260415 DOM100 D\"><img loading=\"lazy\" decoding=\"async\" src=\"https:\/\/www.24gliwice.pl\/wiadomosci\/wp-content\/uploads\/2026\/04\/20260415-DOM100-D.jpg\" alt=\"\"  srcset=\"https:\/\/www.24gliwice.pl\/wiadomosci\/wp-content\/uploads\/2026\/04\/20260415-DOM100-D.jpg 750w, https:\/\/www.24gliwice.pl\/wiadomosci\/wp-content\/uploads\/2026\/04\/20260415-DOM100-D-410x109.jpg 410w\" sizes=\"(max-width: 750px) 100vw, 750px\" class=\"no-lazyload\" width=\"750\" height=\"200\"  style=\"display: inline-block; max-width: 100%; height: auto;\" \/><\/a><\/div><\/div><h2>Rozb\u00f3j w Pyskowicach. Tamtejszy komisariat policji prowadzi \u015bledztwo dotycz\u0105ce przest\u0119pstwa, do jakiego dosz\u0142o 1 pa\u017adziernika br. Ofiar\u0105 pad\u0142 m\u0142ody m\u0119\u017cczyzna. Na stronie gliwickiej policji opublikowano portret pami\u0119ciowy podejrzanego.<\/h2>\n<p>&nbsp;<br \/>\nDo zdarzenia dosz\u0142o oko\u0142o godz. 16:45-18:50 przy ul. Szpitalnej w Pyskowicach, w rejonie ko\u0144cowego przystanku autobusowego.<\/p>\n<p>&#8211; <em>Nieznany sprawca (m\u0119\u017cczyzna w wieku ok. 30 lat, wzrostu ok. 180 cm, szczup\u0142ej budowy cia\u0142a, ubrany w jasn\u0105 kurtk\u0119 z kapturem i ciemne jeansy) uderza\u0142 pokrzywdzonego pi\u0119\u015bciami w g\u0142ow\u0119, po czym zerwa\u0142 z jego szyi srebrny \u0142a\u0144cuszek. Pr\u00f3cz bi\u017cuterii zabra\u0142 jeszcze portfel z dokumentami oraz pieni\u0119dzmi w kwocie 100 z\u0142, a tak\u017ce telefon kom\u00f3rkowy Samsung A12<\/em> &#8211; przekazuje podinspektor <strong>Marek S\u0142omski<\/strong>, oficer prasowy KMP Gliwice.<\/p><div class=\"gliwi-a3-w-tresci-artykulow gliwi-entity-placement\" id=\"gliwi-1463425590\"><div class=\"gliwi-adlabel\"><span style=\"font-size: 9px\">REKLAMA<\/span><\/div><div id=\"gliwi-1036468628\" style=\"margin-bottom: 30px;margin-left: auto;margin-right: auto;text-align: center;\"><a data-no-instant=\"1\" href=\"https:\/\/zlobek.halogen.org.pl\/\" rel=\"noopener\" class=\"a2t-link\" target=\"_blank\" aria-label=\"animator-zlobek_750x200\"><img loading=\"lazy\" decoding=\"async\" src=\"https:\/\/www.24gliwice.pl\/wiadomosci\/wp-content\/uploads\/2026\/02\/animator-zlobek_750x200.webp\" alt=\"\"  srcset=\"https:\/\/www.24gliwice.pl\/wiadomosci\/wp-content\/uploads\/2026\/02\/animator-zlobek_750x200.webp 750w, https:\/\/www.24gliwice.pl\/wiadomosci\/wp-content\/uploads\/2026\/02\/animator-zlobek_750x200-410x109.webp 410w\" sizes=\"(max-width: 750px) 100vw, 750px\" class=\"no-lazyload\" width=\"750\" height=\"200\"  style=\"display: inline-block; max-width: 100%; height: auto;\" \/><\/a><\/div><\/div>\n<p><a href=\"https:\/\/www.24gliwice.pl\/wiadomosci\/wp-content\/uploads\/2021\/11\/portret-pamieciowy-podejrzanego-o-rozboj-001.jpg\"><img loading=\"lazy\" decoding=\"async\" class=\"alignnone  wp-image-181132\" src=\"https:\/\/www.24gliwice.pl\/wiadomosci\/wp-content\/uploads\/2021\/11\/portret-pamieciowy-podejrzanego-o-rozboj-001.jpg\" alt=\"\" width=\"1485\" height=\"2236\" srcset=\"https:\/\/www.24gliwice.pl\/wiadomosci\/wp-content\/uploads\/2021\/11\/portret-pamieciowy-podejrzanego-o-rozboj-001.jpg 538w, https:\/\/www.24gliwice.pl\/wiadomosci\/wp-content\/uploads\/2021\/11\/portret-pamieciowy-podejrzanego-o-rozboj-001-154x232.jpg 154w, https:\/\/www.24gliwice.pl\/wiadomosci\/wp-content\/uploads\/2021\/11\/portret-pamieciowy-podejrzanego-o-rozboj-001-302x455.jpg 302w\" sizes=\"auto, (max-width: 1485px) 100vw, 1485px\" \/><\/a><\/p>\n<p>Osoby, kt\u00f3re rozpoznaj\u0105 sprawc\u0119, proszone s\u0105 o kontakt z asp. <strong>Piotrem Plut\u0105<\/strong>, tel.: 8590578 lub 478590578, email: <a href=\"mailto:piotr.pluta@gliwice.ka.policja.gov.pl\" target=\"_blank\" rel=\"noopener\">piotr.pluta@gliwice.ka.policja.gov.pl<\/a>. Mo\u017cna te\u017c kontaktowa\u0107 si\u0119 za po\u015brednictwem anonimowej skrzynki mailowej \u2014<a href=\"https:\/\/gliwice.policja.gov.pl\/ka9\/form\/dodaj34,Powiadom-nas.html\" target=\"_blank\" rel=\"noopener\"> Kliknij TU<\/a>.<\/p>\n<p>Zg\u0142aszaj\u0105cy proszeni s\u0105 o powo\u0142anie si\u0119 na sygnatur\u0119 RSD-P 635\/21. Osoby informuj\u0105ce maj\u0105 gwarantowan\u0105 anonimowo\u015b\u0107, nie b\u0119d\u0105 ani wzywane, ani dopytywane.<\/p>\n<p>(\u017cms)\/KMP Gliwice<br \/>\nfot. KMP Gliwice<\/p>\n<div class=\"gliwi-a5-na-koncu-artykulow gliwi-entity-placement\" id=\"gliwi-3223051229\"><div class=\"gliwi-adlabel\"><span style=\"font-size: 9px\">REKLAMA<\/span><\/div><div id=\"gliwi-3082216552\" style=\"margin-left: auto;margin-right: auto;text-align: center;\"><a data-no-instant=\"1\" href=\"https:\/\/prezeroarenagliwice.pl\/\" rel=\"noopener\" class=\"a2t-link\" target=\"_blank\" aria-label=\"20260309-PREZERO-WIOSNA-D\"><img loading=\"lazy\" decoding=\"async\" src=\"https:\/\/www.24gliwice.pl\/wiadomosci\/wp-content\/uploads\/2026\/03\/20260309-PREZERO-WIOSNA-D.webp\" alt=\"\"  srcset=\"https:\/\/www.24gliwice.pl\/wiadomosci\/wp-content\/uploads\/2026\/03\/20260309-PREZERO-WIOSNA-D.webp 750w, https:\/\/www.24gliwice.pl\/wiadomosci\/wp-content\/uploads\/2026\/03\/20260309-PREZERO-WIOSNA-D-410x109.webp 410w\" sizes=\"(max-width: 750px) 100vw, 750px\" class=\"no-lazyload\" width=\"750\" height=\"200\"  style=\"display: inline-block; max-width: 100%; height: auto;\" \/><\/a><\/div><\/div>","protected":false},"excerpt":{"rendered":"<p>Rozb\u00f3j w Pyskowicach. Tamtejszy komisariat policji prowadzi \u015bledztwo dotycz\u0105ce przest\u0119pstwa, do jakiego dosz\u0142o 1 pa\u017adziernika br. Ofiar\u0105 pad\u0142 m\u0142ody m\u0119\u017cczyzna. Na stronie gliwickiej policji opublikowano portret pami\u0119ciowy podejrzanego. &nbsp; Do zdarzenia dosz\u0142o oko\u0142o godz. 16:45-18:50 przy ul. Szpitalnej w Pyskowicach, w rejonie ko\u0144cowego przystanku autobusowego. &#8211; Nieznany sprawca (m\u0119\u017cczyzna w wieku ok. 30 lat, wzrostu [&hellip;]<\/p>\n","protected":false},"author":15,"featured_media":181131,"comment_status":"closed","ping_status":"closed","sticky":false,"template":"","format":"standard","meta":{"_monsterinsights_skip_tracking":false,"_monsterinsights_sitenote_active":false,"_monsterinsights_sitenote_note":"","_monsterinsights_sitenote_category":0,"footnotes":"","_links_to":"","_links_to_target":""},"categories":[3,1,5],"tags":[12632],"class_list":["post-181121","post","type-post","status-publish","format-standard","has-post-thumbnail","hentry","category-gliwice","category-wszystko","category-kryminalki","tag-portret-pamieciowy"],"yoast_head":"<!-- This site is optimized with the Yoast SEO plugin v27.4 - https:\/\/yoast.com\/product\/yoast-seo-wordpress\/ -->\n<title>Policja opublikowa\u0142a portret pami\u0119ciowy podejrzanego o rozb\u00f3j. Kto kojarzy tego m\u0119\u017cczyzn\u0119? - 24GLIWICE - Portal Gliwice | codziennie nowe informacje<\/title>\n<meta name=\"robots\" content=\"index, follow, max-snippet:-1, max-image-preview:large, max-video-preview:-1\" \/>\n<link rel=\"canonical\" href=\"https:\/\/www.24gliwice.pl\/wiadomosci\/policja-opublikowala-portret-pamieciowy-podejrzanego-o-rozboj-kto-kojarzy-tego-mezczyzne\/\" \/>\n<meta property=\"og:locale\" content=\"pl_PL\" \/>\n<meta property=\"og:type\" content=\"article\" \/>\n<meta property=\"og:title\" content=\"Policja opublikowa\u0142a portret pami\u0119ciowy podejrzanego o rozb\u00f3j. Kto kojarzy tego m\u0119\u017cczyzn\u0119? - 24GLIWICE - Portal Gliwice | codziennie nowe informacje\" \/>\n<meta property=\"og:description\" content=\"Rozb\u00f3j w Pyskowicach. Tamtejszy komisariat policji prowadzi \u015bledztwo dotycz\u0105ce przest\u0119pstwa, do jakiego dosz\u0142o 1 pa\u017adziernika br. Ofiar\u0105 pad\u0142 m\u0142ody m\u0119\u017cczyzna. Na stronie gliwickiej policji opublikowano portret pami\u0119ciowy podejrzanego. &nbsp; Do zdarzenia dosz\u0142o oko\u0142o godz. 16:45-18:50 przy ul. Szpitalnej w Pyskowicach, w rejonie ko\u0144cowego przystanku autobusowego. &#8211; Nieznany sprawca (m\u0119\u017cczyzna w wieku ok. 30 lat, wzrostu [&hellip;]\" \/>\n<meta property=\"og:url\" content=\"https:\/\/www.24gliwice.pl\/wiadomosci\/policja-opublikowala-portret-pamieciowy-podejrzanego-o-rozboj-kto-kojarzy-tego-mezczyzne\/\" \/>\n<meta property=\"og:site_name\" content=\"24GLIWICE - Portal Gliwice | codziennie nowe informacje\" \/>\n<meta property=\"article:publisher\" content=\"https:\/\/www.facebook.com\/24gliwice\" \/>\n<meta property=\"article:published_time\" content=\"2021-11-19T12:11:44+00:00\" \/>\n<meta property=\"og:image\" content=\"https:\/\/www.24gliwice.pl\/wiadomosci\/wp-content\/uploads\/2021\/11\/portret-pamieciowy-podejrzanego-o-rozboj.jpg\" \/>\n\t<meta property=\"og:image:width\" content=\"797\" \/>\n\t<meta property=\"og:image:height\" content=\"449\" \/>\n\t<meta property=\"og:image:type\" content=\"image\/jpeg\" \/>\n<meta name=\"author\" content=\"\u017baneta Mrozek-Siewierska\" \/>\n<meta name=\"twitter:card\" content=\"summary_large_image\" \/>\n<meta name=\"twitter:creator\" content=\"@24gliwice\" \/>\n<meta name=\"twitter:site\" content=\"@24gliwice\" \/>\n<meta name=\"twitter:label1\" content=\"Napisane przez\" \/>\n\t<meta name=\"twitter:data1\" content=\"\u017baneta Mrozek-Siewierska\" \/>\n\t<meta name=\"twitter:label2\" content=\"Szacowany czas czytania\" \/>\n\t<meta name=\"twitter:data2\" content=\"1 minuta\" \/>\n<script type=\"application\/ld+json\" class=\"yoast-schema-graph\">{\"@context\":\"https:\\\/\\\/schema.org\",\"@graph\":[{\"@type\":\"Article\",\"@id\":\"https:\\\/\\\/www.24gliwice.pl\\\/wiadomosci\\\/policja-opublikowala-portret-pamieciowy-podejrzanego-o-rozboj-kto-kojarzy-tego-mezczyzne\\\/#article\",\"isPartOf\":{\"@id\":\"https:\\\/\\\/www.24gliwice.pl\\\/wiadomosci\\\/policja-opublikowala-portret-pamieciowy-podejrzanego-o-rozboj-kto-kojarzy-tego-mezczyzne\\\/\"},\"author\":{\"name\":\"\u017baneta Mrozek-Siewierska\",\"@id\":\"https:\\\/\\\/www.24gliwice.pl\\\/wiadomosci\\\/#\\\/schema\\\/person\\\/e42c650edd7f2fa332be3811fb166b6e\"},\"headline\":\"Policja opublikowa\u0142a portret pami\u0119ciowy podejrzanego o rozb\u00f3j. Kto kojarzy tego m\u0119\u017cczyzn\u0119?\",\"datePublished\":\"2021-11-19T12:11:44+00:00\",\"mainEntityOfPage\":{\"@id\":\"https:\\\/\\\/www.24gliwice.pl\\\/wiadomosci\\\/policja-opublikowala-portret-pamieciowy-podejrzanego-o-rozboj-kto-kojarzy-tego-mezczyzne\\\/\"},\"wordCount\":212,\"publisher\":{\"@id\":\"https:\\\/\\\/www.24gliwice.pl\\\/wiadomosci\\\/#organization\"},\"image\":{\"@id\":\"https:\\\/\\\/www.24gliwice.pl\\\/wiadomosci\\\/policja-opublikowala-portret-pamieciowy-podejrzanego-o-rozboj-kto-kojarzy-tego-mezczyzne\\\/#primaryimage\"},\"thumbnailUrl\":\"https:\\\/\\\/www.24gliwice.pl\\\/wiadomosci\\\/wp-content\\\/uploads\\\/2021\\\/11\\\/portret-pamieciowy-podejrzanego-o-rozboj.jpg\",\"keywords\":[\"portret pami\u0119ciowy\"],\"articleSection\":[\"Gliwice\",\"Najnowsze wiadomo\u015bci\",\"Prawo\"],\"inLanguage\":\"pl-PL\"},{\"@type\":\"WebPage\",\"@id\":\"https:\\\/\\\/www.24gliwice.pl\\\/wiadomosci\\\/policja-opublikowala-portret-pamieciowy-podejrzanego-o-rozboj-kto-kojarzy-tego-mezczyzne\\\/\",\"url\":\"https:\\\/\\\/www.24gliwice.pl\\\/wiadomosci\\\/policja-opublikowala-portret-pamieciowy-podejrzanego-o-rozboj-kto-kojarzy-tego-mezczyzne\\\/\",\"name\":\"Policja opublikowa\u0142a portret pami\u0119ciowy podejrzanego o rozb\u00f3j. Kto kojarzy tego m\u0119\u017cczyzn\u0119? - 24GLIWICE - Portal Gliwice | codziennie nowe informacje\",\"isPartOf\":{\"@id\":\"https:\\\/\\\/www.24gliwice.pl\\\/wiadomosci\\\/#website\"},\"primaryImageOfPage\":{\"@id\":\"https:\\\/\\\/www.24gliwice.pl\\\/wiadomosci\\\/policja-opublikowala-portret-pamieciowy-podejrzanego-o-rozboj-kto-kojarzy-tego-mezczyzne\\\/#primaryimage\"},\"image\":{\"@id\":\"https:\\\/\\\/www.24gliwice.pl\\\/wiadomosci\\\/policja-opublikowala-portret-pamieciowy-podejrzanego-o-rozboj-kto-kojarzy-tego-mezczyzne\\\/#primaryimage\"},\"thumbnailUrl\":\"https:\\\/\\\/www.24gliwice.pl\\\/wiadomosci\\\/wp-content\\\/uploads\\\/2021\\\/11\\\/portret-pamieciowy-podejrzanego-o-rozboj.jpg\",\"datePublished\":\"2021-11-19T12:11:44+00:00\",\"breadcrumb\":{\"@id\":\"https:\\\/\\\/www.24gliwice.pl\\\/wiadomosci\\\/policja-opublikowala-portret-pamieciowy-podejrzanego-o-rozboj-kto-kojarzy-tego-mezczyzne\\\/#breadcrumb\"},\"inLanguage\":\"pl-PL\",\"potentialAction\":[{\"@type\":\"ReadAction\",\"target\":[\"https:\\\/\\\/www.24gliwice.pl\\\/wiadomosci\\\/policja-opublikowala-portret-pamieciowy-podejrzanego-o-rozboj-kto-kojarzy-tego-mezczyzne\\\/\"]}]},{\"@type\":\"ImageObject\",\"inLanguage\":\"pl-PL\",\"@id\":\"https:\\\/\\\/www.24gliwice.pl\\\/wiadomosci\\\/policja-opublikowala-portret-pamieciowy-podejrzanego-o-rozboj-kto-kojarzy-tego-mezczyzne\\\/#primaryimage\",\"url\":\"https:\\\/\\\/www.24gliwice.pl\\\/wiadomosci\\\/wp-content\\\/uploads\\\/2021\\\/11\\\/portret-pamieciowy-podejrzanego-o-rozboj.jpg\",\"contentUrl\":\"https:\\\/\\\/www.24gliwice.pl\\\/wiadomosci\\\/wp-content\\\/uploads\\\/2021\\\/11\\\/portret-pamieciowy-podejrzanego-o-rozboj.jpg\",\"width\":797,\"height\":449},{\"@type\":\"BreadcrumbList\",\"@id\":\"https:\\\/\\\/www.24gliwice.pl\\\/wiadomosci\\\/policja-opublikowala-portret-pamieciowy-podejrzanego-o-rozboj-kto-kojarzy-tego-mezczyzne\\\/#breadcrumb\",\"itemListElement\":[{\"@type\":\"ListItem\",\"position\":1,\"name\":\"Strona g\u0142\u00f3wna\",\"item\":\"https:\\\/\\\/www.24gliwice.pl\\\/wiadomosci\\\/\"},{\"@type\":\"ListItem\",\"position\":2,\"name\":\"Policja opublikowa\u0142a portret pami\u0119ciowy podejrzanego o rozb\u00f3j. Kto kojarzy tego m\u0119\u017cczyzn\u0119?\"}]},{\"@type\":\"WebSite\",\"@id\":\"https:\\\/\\\/www.24gliwice.pl\\\/wiadomosci\\\/#website\",\"url\":\"https:\\\/\\\/www.24gliwice.pl\\\/wiadomosci\\\/\",\"name\":\"24GLIWICE - Portal Gliwice | codziennie nowe wiadomo\u015bci\",\"description\":\"Portal Miejski Gliwice\",\"publisher\":{\"@id\":\"https:\\\/\\\/www.24gliwice.pl\\\/wiadomosci\\\/#organization\"},\"potentialAction\":[{\"@type\":\"SearchAction\",\"target\":{\"@type\":\"EntryPoint\",\"urlTemplate\":\"https:\\\/\\\/www.24gliwice.pl\\\/wiadomosci\\\/?s={search_term_string}\"},\"query-input\":{\"@type\":\"PropertyValueSpecification\",\"valueRequired\":true,\"valueName\":\"search_term_string\"}}],\"inLanguage\":\"pl-PL\"},{\"@type\":\"Organization\",\"@id\":\"https:\\\/\\\/www.24gliwice.pl\\\/wiadomosci\\\/#organization\",\"name\":\"24gliwice\",\"url\":\"https:\\\/\\\/www.24gliwice.pl\\\/wiadomosci\\\/\",\"logo\":{\"@type\":\"ImageObject\",\"inLanguage\":\"pl-PL\",\"@id\":\"https:\\\/\\\/www.24gliwice.pl\\\/wiadomosci\\\/#\\\/schema\\\/logo\\\/image\\\/\",\"url\":\"https:\\\/\\\/www.24gliwice.pl\\\/wiadomosci\\\/wp-content\\\/uploads\\\/2024\\\/10\\\/24gliwice-logo-696.jpg\",\"contentUrl\":\"https:\\\/\\\/www.24gliwice.pl\\\/wiadomosci\\\/wp-content\\\/uploads\\\/2024\\\/10\\\/24gliwice-logo-696.jpg\",\"width\":696,\"height\":696,\"caption\":\"24gliwice\"},\"image\":{\"@id\":\"https:\\\/\\\/www.24gliwice.pl\\\/wiadomosci\\\/#\\\/schema\\\/logo\\\/image\\\/\"},\"sameAs\":[\"https:\\\/\\\/www.facebook.com\\\/24gliwice\",\"https:\\\/\\\/x.com\\\/24gliwice\",\"https:\\\/\\\/www.youtube.com\\\/@24gliwice\"]},{\"@type\":\"Person\",\"@id\":\"https:\\\/\\\/www.24gliwice.pl\\\/wiadomosci\\\/#\\\/schema\\\/person\\\/e42c650edd7f2fa332be3811fb166b6e\",\"name\":\"\u017baneta Mrozek-Siewierska\",\"image\":{\"@type\":\"ImageObject\",\"inLanguage\":\"pl-PL\",\"@id\":\"https:\\\/\\\/www.24gliwice.pl\\\/wiadomosci\\\/wp-content\\\/uploads\\\/2021\\\/11\\\/Zaneta-M_S-zdjecie-czb-96x96.jpg\",\"url\":\"https:\\\/\\\/www.24gliwice.pl\\\/wiadomosci\\\/wp-content\\\/uploads\\\/2021\\\/11\\\/Zaneta-M_S-zdjecie-czb-96x96.jpg\",\"contentUrl\":\"https:\\\/\\\/www.24gliwice.pl\\\/wiadomosci\\\/wp-content\\\/uploads\\\/2021\\\/11\\\/Zaneta-M_S-zdjecie-czb-96x96.jpg\",\"caption\":\"\u017baneta Mrozek-Siewierska\"},\"url\":\"https:\\\/\\\/www.24gliwice.pl\\\/wiadomosci\\\/author\\\/zms\\\/\"}]}<\/script>\n<!-- \/ Yoast SEO plugin. -->","yoast_head_json":{"title":"Policja opublikowa\u0142a portret pami\u0119ciowy podejrzanego o rozb\u00f3j. Kto kojarzy tego m\u0119\u017cczyzn\u0119? - 24GLIWICE - Portal Gliwice | codziennie nowe informacje","robots":{"index":"index","follow":"follow","max-snippet":"max-snippet:-1","max-image-preview":"max-image-preview:large","max-video-preview":"max-video-preview:-1"},"canonical":"https:\/\/www.24gliwice.pl\/wiadomosci\/policja-opublikowala-portret-pamieciowy-podejrzanego-o-rozboj-kto-kojarzy-tego-mezczyzne\/","og_locale":"pl_PL","og_type":"article","og_title":"Policja opublikowa\u0142a portret pami\u0119ciowy podejrzanego o rozb\u00f3j. Kto kojarzy tego m\u0119\u017cczyzn\u0119? - 24GLIWICE - Portal Gliwice | codziennie nowe informacje","og_description":"Rozb\u00f3j w Pyskowicach. Tamtejszy komisariat policji prowadzi \u015bledztwo dotycz\u0105ce przest\u0119pstwa, do jakiego dosz\u0142o 1 pa\u017adziernika br. Ofiar\u0105 pad\u0142 m\u0142ody m\u0119\u017cczyzna. Na stronie gliwickiej policji opublikowano portret pami\u0119ciowy podejrzanego. &nbsp; Do zdarzenia dosz\u0142o oko\u0142o godz. 16:45-18:50 przy ul. Szpitalnej w Pyskowicach, w rejonie ko\u0144cowego przystanku autobusowego. &#8211; Nieznany sprawca (m\u0119\u017cczyzna w wieku ok. 30 lat, wzrostu [&hellip;]","og_url":"https:\/\/www.24gliwice.pl\/wiadomosci\/policja-opublikowala-portret-pamieciowy-podejrzanego-o-rozboj-kto-kojarzy-tego-mezczyzne\/","og_site_name":"24GLIWICE - Portal Gliwice | codziennie nowe informacje","article_publisher":"https:\/\/www.facebook.com\/24gliwice","article_published_time":"2021-11-19T12:11:44+00:00","og_image":[{"width":797,"height":449,"url":"https:\/\/www.24gliwice.pl\/wiadomosci\/wp-content\/uploads\/2021\/11\/portret-pamieciowy-podejrzanego-o-rozboj.jpg","type":"image\/jpeg"}],"author":"\u017baneta Mrozek-Siewierska","twitter_card":"summary_large_image","twitter_creator":"@24gliwice","twitter_site":"@24gliwice","twitter_misc":{"Napisane przez":"\u017baneta Mrozek-Siewierska","Szacowany czas czytania":"1 minuta"},"schema":{"@context":"https:\/\/schema.org","@graph":[{"@type":"Article","@id":"https:\/\/www.24gliwice.pl\/wiadomosci\/policja-opublikowala-portret-pamieciowy-podejrzanego-o-rozboj-kto-kojarzy-tego-mezczyzne\/#article","isPartOf":{"@id":"https:\/\/www.24gliwice.pl\/wiadomosci\/policja-opublikowala-portret-pamieciowy-podejrzanego-o-rozboj-kto-kojarzy-tego-mezczyzne\/"},"author":{"name":"\u017baneta Mrozek-Siewierska","@id":"https:\/\/www.24gliwice.pl\/wiadomosci\/#\/schema\/person\/e42c650edd7f2fa332be3811fb166b6e"},"headline":"Policja opublikowa\u0142a portret pami\u0119ciowy podejrzanego o rozb\u00f3j. Kto kojarzy tego m\u0119\u017cczyzn\u0119?","datePublished":"2021-11-19T12:11:44+00:00","mainEntityOfPage":{"@id":"https:\/\/www.24gliwice.pl\/wiadomosci\/policja-opublikowala-portret-pamieciowy-podejrzanego-o-rozboj-kto-kojarzy-tego-mezczyzne\/"},"wordCount":212,"publisher":{"@id":"https:\/\/www.24gliwice.pl\/wiadomosci\/#organization"},"image":{"@id":"https:\/\/www.24gliwice.pl\/wiadomosci\/policja-opublikowala-portret-pamieciowy-podejrzanego-o-rozboj-kto-kojarzy-tego-mezczyzne\/#primaryimage"},"thumbnailUrl":"https:\/\/www.24gliwice.pl\/wiadomosci\/wp-content\/uploads\/2021\/11\/portret-pamieciowy-podejrzanego-o-rozboj.jpg","keywords":["portret pami\u0119ciowy"],"articleSection":["Gliwice","Najnowsze wiadomo\u015bci","Prawo"],"inLanguage":"pl-PL"},{"@type":"WebPage","@id":"https:\/\/www.24gliwice.pl\/wiadomosci\/policja-opublikowala-portret-pamieciowy-podejrzanego-o-rozboj-kto-kojarzy-tego-mezczyzne\/","url":"https:\/\/www.24gliwice.pl\/wiadomosci\/policja-opublikowala-portret-pamieciowy-podejrzanego-o-rozboj-kto-kojarzy-tego-mezczyzne\/","name":"Policja opublikowa\u0142a portret pami\u0119ciowy podejrzanego o rozb\u00f3j. Kto kojarzy tego m\u0119\u017cczyzn\u0119? - 24GLIWICE - Portal Gliwice | codziennie nowe informacje","isPartOf":{"@id":"https:\/\/www.24gliwice.pl\/wiadomosci\/#website"},"primaryImageOfPage":{"@id":"https:\/\/www.24gliwice.pl\/wiadomosci\/policja-opublikowala-portret-pamieciowy-podejrzanego-o-rozboj-kto-kojarzy-tego-mezczyzne\/#primaryimage"},"image":{"@id":"https:\/\/www.24gliwice.pl\/wiadomosci\/policja-opublikowala-portret-pamieciowy-podejrzanego-o-rozboj-kto-kojarzy-tego-mezczyzne\/#primaryimage"},"thumbnailUrl":"https:\/\/www.24gliwice.pl\/wiadomosci\/wp-content\/uploads\/2021\/11\/portret-pamieciowy-podejrzanego-o-rozboj.jpg","datePublished":"2021-11-19T12:11:44+00:00","breadcrumb":{"@id":"https:\/\/www.24gliwice.pl\/wiadomosci\/policja-opublikowala-portret-pamieciowy-podejrzanego-o-rozboj-kto-kojarzy-tego-mezczyzne\/#breadcrumb"},"inLanguage":"pl-PL","potentialAction":[{"@type":"ReadAction","target":["https:\/\/www.24gliwice.pl\/wiadomosci\/policja-opublikowala-portret-pamieciowy-podejrzanego-o-rozboj-kto-kojarzy-tego-mezczyzne\/"]}]},{"@type":"ImageObject","inLanguage":"pl-PL","@id":"https:\/\/www.24gliwice.pl\/wiadomosci\/policja-opublikowala-portret-pamieciowy-podejrzanego-o-rozboj-kto-kojarzy-tego-mezczyzne\/#primaryimage","url":"https:\/\/www.24gliwice.pl\/wiadomosci\/wp-content\/uploads\/2021\/11\/portret-pamieciowy-podejrzanego-o-rozboj.jpg","contentUrl":"https:\/\/www.24gliwice.pl\/wiadomosci\/wp-content\/uploads\/2021\/11\/portret-pamieciowy-podejrzanego-o-rozboj.jpg","width":797,"height":449},{"@type":"BreadcrumbList","@id":"https:\/\/www.24gliwice.pl\/wiadomosci\/policja-opublikowala-portret-pamieciowy-podejrzanego-o-rozboj-kto-kojarzy-tego-mezczyzne\/#breadcrumb","itemListElement":[{"@type":"ListItem","position":1,"name":"Strona g\u0142\u00f3wna","item":"https:\/\/www.24gliwice.pl\/wiadomosci\/"},{"@type":"ListItem","position":2,"name":"Policja opublikowa\u0142a portret pami\u0119ciowy podejrzanego o rozb\u00f3j. Kto kojarzy tego m\u0119\u017cczyzn\u0119?"}]},{"@type":"WebSite","@id":"https:\/\/www.24gliwice.pl\/wiadomosci\/#website","url":"https:\/\/www.24gliwice.pl\/wiadomosci\/","name":"24GLIWICE - Portal Gliwice | codziennie nowe wiadomo\u015bci","description":"Portal Miejski Gliwice","publisher":{"@id":"https:\/\/www.24gliwice.pl\/wiadomosci\/#organization"},"potentialAction":[{"@type":"SearchAction","target":{"@type":"EntryPoint","urlTemplate":"https:\/\/www.24gliwice.pl\/wiadomosci\/?s={search_term_string}"},"query-input":{"@type":"PropertyValueSpecification","valueRequired":true,"valueName":"search_term_string"}}],"inLanguage":"pl-PL"},{"@type":"Organization","@id":"https:\/\/www.24gliwice.pl\/wiadomosci\/#organization","name":"24gliwice","url":"https:\/\/www.24gliwice.pl\/wiadomosci\/","logo":{"@type":"ImageObject","inLanguage":"pl-PL","@id":"https:\/\/www.24gliwice.pl\/wiadomosci\/#\/schema\/logo\/image\/","url":"https:\/\/www.24gliwice.pl\/wiadomosci\/wp-content\/uploads\/2024\/10\/24gliwice-logo-696.jpg","contentUrl":"https:\/\/www.24gliwice.pl\/wiadomosci\/wp-content\/uploads\/2024\/10\/24gliwice-logo-696.jpg","width":696,"height":696,"caption":"24gliwice"},"image":{"@id":"https:\/\/www.24gliwice.pl\/wiadomosci\/#\/schema\/logo\/image\/"},"sameAs":["https:\/\/www.facebook.com\/24gliwice","https:\/\/x.com\/24gliwice","https:\/\/www.youtube.com\/@24gliwice"]},{"@type":"Person","@id":"https:\/\/www.24gliwice.pl\/wiadomosci\/#\/schema\/person\/e42c650edd7f2fa332be3811fb166b6e","name":"\u017baneta Mrozek-Siewierska","image":{"@type":"ImageObject","inLanguage":"pl-PL","@id":"https:\/\/www.24gliwice.pl\/wiadomosci\/wp-content\/uploads\/2021\/11\/Zaneta-M_S-zdjecie-czb-96x96.jpg","url":"https:\/\/www.24gliwice.pl\/wiadomosci\/wp-content\/uploads\/2021\/11\/Zaneta-M_S-zdjecie-czb-96x96.jpg","contentUrl":"https:\/\/www.24gliwice.pl\/wiadomosci\/wp-content\/uploads\/2021\/11\/Zaneta-M_S-zdjecie-czb-96x96.jpg","caption":"\u017baneta Mrozek-Siewierska"},"url":"https:\/\/www.24gliwice.pl\/wiadomosci\/author\/zms\/"}]}},"_links":{"self":[{"href":"https:\/\/www.24gliwice.pl\/wiadomosci\/wp-json\/wp\/v2\/posts\/181121","targetHints":{"allow":["GET"]}}],"collection":[{"href":"https:\/\/www.24gliwice.pl\/wiadomosci\/wp-json\/wp\/v2\/posts"}],"about":[{"href":"https:\/\/www.24gliwice.pl\/wiadomosci\/wp-json\/wp\/v2\/types\/post"}],"author":[{"embeddable":true,"href":"https:\/\/www.24gliwice.pl\/wiadomosci\/wp-json\/wp\/v2\/users\/15"}],"replies":[{"embeddable":true,"href":"https:\/\/www.24gliwice.pl\/wiadomosci\/wp-json\/wp\/v2\/comments?post=181121"}],"version-history":[{"count":4,"href":"https:\/\/www.24gliwice.pl\/wiadomosci\/wp-json\/wp\/v2\/posts\/181121\/revisions"}],"predecessor-version":[{"id":181162,"href":"https:\/\/www.24gliwice.pl\/wiadomosci\/wp-json\/wp\/v2\/posts\/181121\/revisions\/181162"}],"wp:featuredmedia":[{"embeddable":true,"href":"https:\/\/www.24gliwice.pl\/wiadomosci\/wp-json\/wp\/v2\/media\/181131"}],"wp:attachment":[{"href":"https:\/\/www.24gliwice.pl\/wiadomosci\/wp-json\/wp\/v2\/media?parent=181121"}],"wp:term":[{"taxonomy":"category","embeddable":true,"href":"https:\/\/www.24gliwice.pl\/wiadomosci\/wp-json\/wp\/v2\/categories?post=181121"},{"taxonomy":"post_tag","embeddable":true,"href":"https:\/\/www.24gliwice.pl\/wiadomosci\/wp-json\/wp\/v2\/tags?post=181121"}],"curies":[{"name":"wp","href":"https:\/\/api.w.org\/{rel}","templated":true}]}}