{"id":181332,"date":"2021-11-23T12:49:18","date_gmt":"2021-11-23T11:49:18","guid":{"rendered":"https:\/\/www.24gliwice.pl\/wiadomosci\/?p=181332"},"modified":"2021-11-29T16:05:00","modified_gmt":"2021-11-29T15:05:00","slug":"czorny-weekend-zamiast-black-friday-szykowne-prezenty-i-czarne-paczki-w-parku-handlowym-arena","status":"publish","type":"post","link":"https:\/\/www.24gliwice.pl\/wiadomosci\/czorny-weekend-zamiast-black-friday-szykowne-prezenty-i-czarne-paczki-w-parku-handlowym-arena\/","title":{"rendered":"Czorny Weekend zamiast Black Friday. Szykowne prezenty i czarne p\u0105czki w Parku Handlowym Arena"},"content":{"rendered":"<h2>Listopadowy weekend niskich cen, na ca\u0142ym \u015bwiecie nazywany Black Friday, to po naszemu Czorny Weekend. W Parku Handlowym Arena w pi\u0105tek i sobot\u0119 26 i 27 listopada na klient\u00f3w czekaj\u0105 fest okazje i promocje. Ino tam szykowne prezenty oraz czarne p\u0105czki, kt\u00f3re spucujecie ze smakiem! <\/h2>\n<p>&nbsp;<br \/>\nPrzez ca\u0142\u0105 jesie\u0144 szykujemy si\u0119 do tego jedynego weekendu w roku, pe\u0142nego fest okazji oraz dobrej zabawy i prezent\u00f3w! Park Handlowy Arena w Gliwicach to ponad 60 sklep\u00f3w popularnych marek z r\u00f3\u017cnych bran\u017c, w kt\u00f3rych czeka\u0107 b\u0119dzie wiele niespodzianek, przygotowanych specjalnie na obchody \u015bwi\u0119ta zakup\u00f3w! W ofercie parku znajduj\u0105 si\u0119 hipermarket Carrefour, wielkopowierzchniowe markety Leroy Merlin i Decathlon oraz lubiane sklepy i punkty us\u0142ugowe, m.in.: Media Expert, Rossmann, Dealz, Carry, Reserved, Esotiq, Pepco, Deichmann, CCC, Douglas, Home&#038;You, ABRA Meble oraz ABRA Kuchnie. Ten szalony weekend cenowy to dobry moment na pierwsze \u015bwi\u0105teczne zakupy i prezenty, uzupe\u0142nienie garderoby, od\u015bwie\u017cenie domu czy skompletowanie wymarzonego sprz\u0119tu RTV i AGD. <\/p>\n<h3>Sprawd\u017acie, czym Arena zaskoczy Was w tym roku! <\/h3>\n<p>Dodatkowo, <strong>w pi\u0105tek i sobot\u0119 26 i 27 listopada ka\u017cdy kto zrobi zakupy za minimum 100 PLN, b\u0119dzie m\u00f3g\u0142 wymieni\u0107 paragony na gryfne kubki ze \u015blunskimi napisami<\/strong>. Mamy kubki bio\u0142e i mamy kubki czorne. B\u0119dzie mo\u017cna je odebra\u0107 w punkcie obs\u0142ugi klienta w godzinach 12.00 \u2013 18.00. W punkcie dost\u0119pny jest r\u00f3wnie\u017c pe\u0142en regulamin promocji. <\/p>\n<p>A jak z si\u0142 opadniecie, wypatrujcie hostess! <strong>W Czorny Pi\u0105tek 26 listopada czekaj\u0105 na Was z czornymi p\u0105czkami nadzianymi konfitur\u0105 z r\u00f3\u017cy.<\/strong> Spucujecie je ze smakiem! P\u0105czki b\u0119d\u0105 rozdawane zgodnie z zasadami re\u017cim sanitarnego \u2013 ka\u017cdy na osobnej tacce. <\/p>\n<p><em>&#8211; Zapraszamy do Areny na zakupowe \u015bwi\u0119to! Mam nadziej\u0119, \u017ce ka\u017cdy znajdzie swoj\u0105 wymarzon\u0105 okazj\u0119. Przygotowali\u015bmy wiele ofert oraz wspania\u0142e \u015bl\u0105skie prezenty. Pami\u0119tajmy, \u017ce dla naszych najemc\u00f3w to nie tylko tzw. wietrzenie magazyn\u00f3w, ale przede wszystkim mo\u017cliwo\u015b\u0107 nadrobienia s\u0142abszego czasu spowodowanego obostrzeniami w handlu. Przypominamy r\u00f3wnie\u017c o stosowaniu si\u0119 do zasad, obowi\u0105zuj\u0105cych w centrum, tak by zakupy by\u0142y nie tylko udane, ale przede wszystkim bezpieczne<\/em> \u2013 zaprasza <strong>Anna Kowalska<\/strong>, dyrektor Parku Handlowego Arena w Gliwicach.<\/p>\n<p>Warto przypomnie\u0107, \u017ce ca\u0142e centrum nadal pracuje zgodnie z zasadami bezpiecze\u0144stwa pandemicznego. Na terenie Areny obowi\u0105zuje obowi\u0105zek zas\u0142aniania ust i nosa za pomoc\u0105 maseczki, dezynfekcja r\u0105k przed wej\u015bciem do sklep\u00f3w lub zakupy w jednorazowych r\u0119kawiczkach. Istotne jest te\u017c trzymanie dystansu spo\u0142ecznego. <\/p>\n<p><strong>Park Handlowy Arena pracuje w godzinach 9.00 \u2013 21.00, a w handlowe niedziele 10.00 \u2013 20.00 <\/strong><br \/>\nSzczeg\u00f3\u0142y Czornego Pi\u0105tku na naszej stronie internetowej: <a href=\"http:\/\/www.arena-gliwice.pl\" rel=\"noopener\" target=\"_blank\">www.arena-gliwice.pl<\/a> oraz na <a href=\"https:\/\/www.facebook.com\/arenagliwice\" rel=\"noopener\" target=\"_blank\">profilu na Facebooku<\/a>! <\/p>\n<p><a href=\"https:\/\/www.24gliwice.pl\/wiadomosci\/wp-content\/uploads\/2021\/11\/Arena_czornypiatek.jpg\"><img loading=\"lazy\" decoding=\"async\" src=\"https:\/\/www.24gliwice.pl\/wiadomosci\/wp-content\/uploads\/2021\/11\/Arena_czornypiatek.jpg\" alt=\"\" width=\"957\" height=\"1700\" class=\"aligncenter size-full wp-image-181337\" srcset=\"https:\/\/www.24gliwice.pl\/wiadomosci\/wp-content\/uploads\/2021\/11\/Arena_czornypiatek.jpg 957w, https:\/\/www.24gliwice.pl\/wiadomosci\/wp-content\/uploads\/2021\/11\/Arena_czornypiatek-131x232.jpg 131w, https:\/\/www.24gliwice.pl\/wiadomosci\/wp-content\/uploads\/2021\/11\/Arena_czornypiatek-256x455.jpg 256w, https:\/\/www.24gliwice.pl\/wiadomosci\/wp-content\/uploads\/2021\/11\/Arena_czornypiatek-768x1364.jpg 768w, https:\/\/www.24gliwice.pl\/wiadomosci\/wp-content\/uploads\/2021\/11\/Arena_czornypiatek-865x1536.jpg 865w, https:\/\/www.24gliwice.pl\/wiadomosci\/wp-content\/uploads\/2021\/11\/Arena_czornypiatek-810x1439.jpg 810w\" sizes=\"auto, (max-width: 957px) 100vw, 957px\" \/><\/a><\/p>\n<p><small>materia\u0142 partnera<\/small><\/p>\n","protected":false},"excerpt":{"rendered":"<p>Listopadowy weekend niskich cen, na ca\u0142ym \u015bwiecie nazywany Black Friday, to po naszemu Czorny Weekend. W Parku Handlowym Arena w pi\u0105tek i sobot\u0119 26 i 27 listopada na klient\u00f3w czekaj\u0105 fest okazje i promocje. Ino tam szykowne prezenty oraz czarne p\u0105czki, kt\u00f3re spucujecie ze smakiem! &nbsp; Przez ca\u0142\u0105 jesie\u0144 szykujemy si\u0119 do tego jedynego weekendu [&hellip;]<\/p>\n","protected":false},"author":4,"featured_media":166246,"comment_status":"closed","ping_status":"closed","sticky":false,"template":"","format":"standard","meta":{"_monsterinsights_skip_tracking":false,"_monsterinsights_sitenote_active":false,"_monsterinsights_sitenote_note":"","_monsterinsights_sitenote_category":0,"footnotes":"","_links_to":"","_links_to_target":""},"categories":[3,6,1],"tags":[6687,10775],"class_list":["post-181332","post","type-post","status-publish","format-standard","has-post-thumbnail","hentry","category-gliwice","category-kultura","category-wszystko","tag-arena","tag-black-friday"],"yoast_head":"<!-- This site is optimized with the Yoast SEO plugin v27.4 - https:\/\/yoast.com\/product\/yoast-seo-wordpress\/ -->\n<title>Czorny Weekend zamiast Black Friday. Szykowne prezenty i czarne p\u0105czki w Parku Handlowym Arena - 24GLIWICE - Portal Gliwice | codziennie nowe informacje<\/title>\n<meta name=\"robots\" content=\"index, follow, max-snippet:-1, max-image-preview:large, max-video-preview:-1\" \/>\n<link rel=\"canonical\" href=\"https:\/\/www.24gliwice.pl\/wiadomosci\/czorny-weekend-zamiast-black-friday-szykowne-prezenty-i-czarne-paczki-w-parku-handlowym-arena\/\" \/>\n<meta property=\"og:locale\" content=\"pl_PL\" \/>\n<meta property=\"og:type\" content=\"article\" \/>\n<meta property=\"og:title\" content=\"Czorny Weekend zamiast Black Friday. Szykowne prezenty i czarne p\u0105czki w Parku Handlowym Arena - 24GLIWICE - Portal Gliwice | codziennie nowe informacje\" \/>\n<meta property=\"og:description\" content=\"Listopadowy weekend niskich cen, na ca\u0142ym \u015bwiecie nazywany Black Friday, to po naszemu Czorny Weekend. W Parku Handlowym Arena w pi\u0105tek i sobot\u0119 26 i 27 listopada na klient\u00f3w czekaj\u0105 fest okazje i promocje. Ino tam szykowne prezenty oraz czarne p\u0105czki, kt\u00f3re spucujecie ze smakiem! &nbsp; Przez ca\u0142\u0105 jesie\u0144 szykujemy si\u0119 do tego jedynego weekendu [&hellip;]\" \/>\n<meta property=\"og:url\" content=\"https:\/\/www.24gliwice.pl\/wiadomosci\/czorny-weekend-zamiast-black-friday-szykowne-prezenty-i-czarne-paczki-w-parku-handlowym-arena\/\" \/>\n<meta property=\"og:site_name\" content=\"24GLIWICE - Portal Gliwice | codziennie nowe informacje\" \/>\n<meta property=\"article:publisher\" content=\"https:\/\/www.facebook.com\/24gliwice\" \/>\n<meta property=\"article:author\" content=\"https:\/\/www.facebook.com\/marcin.fabrykowski\" \/>\n<meta property=\"article:published_time\" content=\"2021-11-23T11:49:18+00:00\" \/>\n<meta property=\"article:modified_time\" content=\"2021-11-29T15:05:00+00:00\" \/>\n<meta property=\"og:image\" content=\"https:\/\/www.24gliwice.pl\/wiadomosci\/wp-content\/uploads\/2021\/03\/arena-park-handlowy.jpg\" \/>\n\t<meta property=\"og:image:width\" content=\"1140\" \/>\n\t<meta property=\"og:image:height\" content=\"642\" \/>\n\t<meta property=\"og:image:type\" content=\"image\/jpeg\" \/>\n<meta name=\"author\" content=\"Marcin Fabrykowski\" \/>\n<meta name=\"twitter:card\" content=\"summary_large_image\" \/>\n<meta name=\"twitter:creator\" content=\"@24gliwice\" \/>\n<meta name=\"twitter:site\" content=\"@24gliwice\" \/>\n<meta name=\"twitter:label1\" content=\"Napisane przez\" \/>\n\t<meta name=\"twitter:data1\" content=\"Marcin Fabrykowski\" \/>\n\t<meta name=\"twitter:label2\" content=\"Szacowany czas czytania\" \/>\n\t<meta name=\"twitter:data2\" content=\"2 minuty\" \/>\n<script type=\"application\/ld+json\" class=\"yoast-schema-graph\">{\"@context\":\"https:\\\/\\\/schema.org\",\"@graph\":[{\"@type\":\"Article\",\"@id\":\"https:\\\/\\\/www.24gliwice.pl\\\/wiadomosci\\\/czorny-weekend-zamiast-black-friday-szykowne-prezenty-i-czarne-paczki-w-parku-handlowym-arena\\\/#article\",\"isPartOf\":{\"@id\":\"https:\\\/\\\/www.24gliwice.pl\\\/wiadomosci\\\/czorny-weekend-zamiast-black-friday-szykowne-prezenty-i-czarne-paczki-w-parku-handlowym-arena\\\/\"},\"author\":{\"name\":\"Marcin Fabrykowski\",\"@id\":\"https:\\\/\\\/www.24gliwice.pl\\\/wiadomosci\\\/#\\\/schema\\\/person\\\/cb5857e4a4d048c15984c1edcc8ef0c0\"},\"headline\":\"Czorny Weekend zamiast Black Friday. Szykowne prezenty i czarne p\u0105czki w Parku Handlowym Arena\",\"datePublished\":\"2021-11-23T11:49:18+00:00\",\"dateModified\":\"2021-11-29T15:05:00+00:00\",\"mainEntityOfPage\":{\"@id\":\"https:\\\/\\\/www.24gliwice.pl\\\/wiadomosci\\\/czorny-weekend-zamiast-black-friday-szykowne-prezenty-i-czarne-paczki-w-parku-handlowym-arena\\\/\"},\"wordCount\":466,\"publisher\":{\"@id\":\"https:\\\/\\\/www.24gliwice.pl\\\/wiadomosci\\\/#organization\"},\"image\":{\"@id\":\"https:\\\/\\\/www.24gliwice.pl\\\/wiadomosci\\\/czorny-weekend-zamiast-black-friday-szykowne-prezenty-i-czarne-paczki-w-parku-handlowym-arena\\\/#primaryimage\"},\"thumbnailUrl\":\"https:\\\/\\\/www.24gliwice.pl\\\/wiadomosci\\\/wp-content\\\/uploads\\\/2021\\\/03\\\/arena-park-handlowy.jpg\",\"keywords\":[\"ARENA\",\"black friday\"],\"articleSection\":[\"Gliwice\",\"Kultura, wydarzenia, imprezy\",\"Najnowsze wiadomo\u015bci\"],\"inLanguage\":\"pl-PL\"},{\"@type\":\"WebPage\",\"@id\":\"https:\\\/\\\/www.24gliwice.pl\\\/wiadomosci\\\/czorny-weekend-zamiast-black-friday-szykowne-prezenty-i-czarne-paczki-w-parku-handlowym-arena\\\/\",\"url\":\"https:\\\/\\\/www.24gliwice.pl\\\/wiadomosci\\\/czorny-weekend-zamiast-black-friday-szykowne-prezenty-i-czarne-paczki-w-parku-handlowym-arena\\\/\",\"name\":\"Czorny Weekend zamiast Black Friday. Szykowne prezenty i czarne p\u0105czki w Parku Handlowym Arena - 24GLIWICE - Portal Gliwice | codziennie nowe informacje\",\"isPartOf\":{\"@id\":\"https:\\\/\\\/www.24gliwice.pl\\\/wiadomosci\\\/#website\"},\"primaryImageOfPage\":{\"@id\":\"https:\\\/\\\/www.24gliwice.pl\\\/wiadomosci\\\/czorny-weekend-zamiast-black-friday-szykowne-prezenty-i-czarne-paczki-w-parku-handlowym-arena\\\/#primaryimage\"},\"image\":{\"@id\":\"https:\\\/\\\/www.24gliwice.pl\\\/wiadomosci\\\/czorny-weekend-zamiast-black-friday-szykowne-prezenty-i-czarne-paczki-w-parku-handlowym-arena\\\/#primaryimage\"},\"thumbnailUrl\":\"https:\\\/\\\/www.24gliwice.pl\\\/wiadomosci\\\/wp-content\\\/uploads\\\/2021\\\/03\\\/arena-park-handlowy.jpg\",\"datePublished\":\"2021-11-23T11:49:18+00:00\",\"dateModified\":\"2021-11-29T15:05:00+00:00\",\"breadcrumb\":{\"@id\":\"https:\\\/\\\/www.24gliwice.pl\\\/wiadomosci\\\/czorny-weekend-zamiast-black-friday-szykowne-prezenty-i-czarne-paczki-w-parku-handlowym-arena\\\/#breadcrumb\"},\"inLanguage\":\"pl-PL\",\"potentialAction\":[{\"@type\":\"ReadAction\",\"target\":[\"https:\\\/\\\/www.24gliwice.pl\\\/wiadomosci\\\/czorny-weekend-zamiast-black-friday-szykowne-prezenty-i-czarne-paczki-w-parku-handlowym-arena\\\/\"]}]},{\"@type\":\"ImageObject\",\"inLanguage\":\"pl-PL\",\"@id\":\"https:\\\/\\\/www.24gliwice.pl\\\/wiadomosci\\\/czorny-weekend-zamiast-black-friday-szykowne-prezenty-i-czarne-paczki-w-parku-handlowym-arena\\\/#primaryimage\",\"url\":\"https:\\\/\\\/www.24gliwice.pl\\\/wiadomosci\\\/wp-content\\\/uploads\\\/2021\\\/03\\\/arena-park-handlowy.jpg\",\"contentUrl\":\"https:\\\/\\\/www.24gliwice.pl\\\/wiadomosci\\\/wp-content\\\/uploads\\\/2021\\\/03\\\/arena-park-handlowy.jpg\",\"width\":1140,\"height\":642},{\"@type\":\"BreadcrumbList\",\"@id\":\"https:\\\/\\\/www.24gliwice.pl\\\/wiadomosci\\\/czorny-weekend-zamiast-black-friday-szykowne-prezenty-i-czarne-paczki-w-parku-handlowym-arena\\\/#breadcrumb\",\"itemListElement\":[{\"@type\":\"ListItem\",\"position\":1,\"name\":\"Strona g\u0142\u00f3wna\",\"item\":\"https:\\\/\\\/www.24gliwice.pl\\\/wiadomosci\\\/\"},{\"@type\":\"ListItem\",\"position\":2,\"name\":\"Czorny Weekend zamiast Black Friday. Szykowne prezenty i czarne p\u0105czki w Parku Handlowym Arena\"}]},{\"@type\":\"WebSite\",\"@id\":\"https:\\\/\\\/www.24gliwice.pl\\\/wiadomosci\\\/#website\",\"url\":\"https:\\\/\\\/www.24gliwice.pl\\\/wiadomosci\\\/\",\"name\":\"24GLIWICE - Portal Gliwice | codziennie nowe wiadomo\u015bci\",\"description\":\"Portal Miejski Gliwice\",\"publisher\":{\"@id\":\"https:\\\/\\\/www.24gliwice.pl\\\/wiadomosci\\\/#organization\"},\"potentialAction\":[{\"@type\":\"SearchAction\",\"target\":{\"@type\":\"EntryPoint\",\"urlTemplate\":\"https:\\\/\\\/www.24gliwice.pl\\\/wiadomosci\\\/?s={search_term_string}\"},\"query-input\":{\"@type\":\"PropertyValueSpecification\",\"valueRequired\":true,\"valueName\":\"search_term_string\"}}],\"inLanguage\":\"pl-PL\"},{\"@type\":\"Organization\",\"@id\":\"https:\\\/\\\/www.24gliwice.pl\\\/wiadomosci\\\/#organization\",\"name\":\"24gliwice\",\"url\":\"https:\\\/\\\/www.24gliwice.pl\\\/wiadomosci\\\/\",\"logo\":{\"@type\":\"ImageObject\",\"inLanguage\":\"pl-PL\",\"@id\":\"https:\\\/\\\/www.24gliwice.pl\\\/wiadomosci\\\/#\\\/schema\\\/logo\\\/image\\\/\",\"url\":\"https:\\\/\\\/www.24gliwice.pl\\\/wiadomosci\\\/wp-content\\\/uploads\\\/2024\\\/10\\\/24gliwice-logo-696.jpg\",\"contentUrl\":\"https:\\\/\\\/www.24gliwice.pl\\\/wiadomosci\\\/wp-content\\\/uploads\\\/2024\\\/10\\\/24gliwice-logo-696.jpg\",\"width\":696,\"height\":696,\"caption\":\"24gliwice\"},\"image\":{\"@id\":\"https:\\\/\\\/www.24gliwice.pl\\\/wiadomosci\\\/#\\\/schema\\\/logo\\\/image\\\/\"},\"sameAs\":[\"https:\\\/\\\/www.facebook.com\\\/24gliwice\",\"https:\\\/\\\/x.com\\\/24gliwice\",\"https:\\\/\\\/www.youtube.com\\\/@24gliwice\"]},{\"@type\":\"Person\",\"@id\":\"https:\\\/\\\/www.24gliwice.pl\\\/wiadomosci\\\/#\\\/schema\\\/person\\\/cb5857e4a4d048c15984c1edcc8ef0c0\",\"name\":\"Marcin Fabrykowski\",\"image\":{\"@type\":\"ImageObject\",\"inLanguage\":\"pl-PL\",\"@id\":\"https:\\\/\\\/www.24gliwice.pl\\\/wiadomosci\\\/wp-content\\\/uploads\\\/2025\\\/11\\\/zdjecie-moje-marcin-300-96x96.jpg\",\"url\":\"https:\\\/\\\/www.24gliwice.pl\\\/wiadomosci\\\/wp-content\\\/uploads\\\/2025\\\/11\\\/zdjecie-moje-marcin-300-96x96.jpg\",\"contentUrl\":\"https:\\\/\\\/www.24gliwice.pl\\\/wiadomosci\\\/wp-content\\\/uploads\\\/2025\\\/11\\\/zdjecie-moje-marcin-300-96x96.jpg\",\"caption\":\"Marcin Fabrykowski\"},\"sameAs\":[\"http:\\\/\\\/24gliwice.pl\",\"https:\\\/\\\/www.facebook.com\\\/marcin.fabrykowski\"],\"url\":\"https:\\\/\\\/www.24gliwice.pl\\\/wiadomosci\\\/author\\\/marcin-fabrykowski\\\/\"}]}<\/script>\n<!-- \/ Yoast SEO plugin. -->","yoast_head_json":{"title":"Czorny Weekend zamiast Black Friday. Szykowne prezenty i czarne p\u0105czki w Parku Handlowym Arena - 24GLIWICE - Portal Gliwice | codziennie nowe informacje","robots":{"index":"index","follow":"follow","max-snippet":"max-snippet:-1","max-image-preview":"max-image-preview:large","max-video-preview":"max-video-preview:-1"},"canonical":"https:\/\/www.24gliwice.pl\/wiadomosci\/czorny-weekend-zamiast-black-friday-szykowne-prezenty-i-czarne-paczki-w-parku-handlowym-arena\/","og_locale":"pl_PL","og_type":"article","og_title":"Czorny Weekend zamiast Black Friday. Szykowne prezenty i czarne p\u0105czki w Parku Handlowym Arena - 24GLIWICE - Portal Gliwice | codziennie nowe informacje","og_description":"Listopadowy weekend niskich cen, na ca\u0142ym \u015bwiecie nazywany Black Friday, to po naszemu Czorny Weekend. W Parku Handlowym Arena w pi\u0105tek i sobot\u0119 26 i 27 listopada na klient\u00f3w czekaj\u0105 fest okazje i promocje. Ino tam szykowne prezenty oraz czarne p\u0105czki, kt\u00f3re spucujecie ze smakiem! &nbsp; Przez ca\u0142\u0105 jesie\u0144 szykujemy si\u0119 do tego jedynego weekendu [&hellip;]","og_url":"https:\/\/www.24gliwice.pl\/wiadomosci\/czorny-weekend-zamiast-black-friday-szykowne-prezenty-i-czarne-paczki-w-parku-handlowym-arena\/","og_site_name":"24GLIWICE - Portal Gliwice | codziennie nowe informacje","article_publisher":"https:\/\/www.facebook.com\/24gliwice","article_author":"https:\/\/www.facebook.com\/marcin.fabrykowski","article_published_time":"2021-11-23T11:49:18+00:00","article_modified_time":"2021-11-29T15:05:00+00:00","og_image":[{"width":1140,"height":642,"url":"https:\/\/www.24gliwice.pl\/wiadomosci\/wp-content\/uploads\/2021\/03\/arena-park-handlowy.jpg","type":"image\/jpeg"}],"author":"Marcin Fabrykowski","twitter_card":"summary_large_image","twitter_creator":"@24gliwice","twitter_site":"@24gliwice","twitter_misc":{"Napisane przez":"Marcin Fabrykowski","Szacowany czas czytania":"2 minuty"},"schema":{"@context":"https:\/\/schema.org","@graph":[{"@type":"Article","@id":"https:\/\/www.24gliwice.pl\/wiadomosci\/czorny-weekend-zamiast-black-friday-szykowne-prezenty-i-czarne-paczki-w-parku-handlowym-arena\/#article","isPartOf":{"@id":"https:\/\/www.24gliwice.pl\/wiadomosci\/czorny-weekend-zamiast-black-friday-szykowne-prezenty-i-czarne-paczki-w-parku-handlowym-arena\/"},"author":{"name":"Marcin Fabrykowski","@id":"https:\/\/www.24gliwice.pl\/wiadomosci\/#\/schema\/person\/cb5857e4a4d048c15984c1edcc8ef0c0"},"headline":"Czorny Weekend zamiast Black Friday. Szykowne prezenty i czarne p\u0105czki w Parku Handlowym Arena","datePublished":"2021-11-23T11:49:18+00:00","dateModified":"2021-11-29T15:05:00+00:00","mainEntityOfPage":{"@id":"https:\/\/www.24gliwice.pl\/wiadomosci\/czorny-weekend-zamiast-black-friday-szykowne-prezenty-i-czarne-paczki-w-parku-handlowym-arena\/"},"wordCount":466,"publisher":{"@id":"https:\/\/www.24gliwice.pl\/wiadomosci\/#organization"},"image":{"@id":"https:\/\/www.24gliwice.pl\/wiadomosci\/czorny-weekend-zamiast-black-friday-szykowne-prezenty-i-czarne-paczki-w-parku-handlowym-arena\/#primaryimage"},"thumbnailUrl":"https:\/\/www.24gliwice.pl\/wiadomosci\/wp-content\/uploads\/2021\/03\/arena-park-handlowy.jpg","keywords":["ARENA","black friday"],"articleSection":["Gliwice","Kultura, wydarzenia, imprezy","Najnowsze wiadomo\u015bci"],"inLanguage":"pl-PL"},{"@type":"WebPage","@id":"https:\/\/www.24gliwice.pl\/wiadomosci\/czorny-weekend-zamiast-black-friday-szykowne-prezenty-i-czarne-paczki-w-parku-handlowym-arena\/","url":"https:\/\/www.24gliwice.pl\/wiadomosci\/czorny-weekend-zamiast-black-friday-szykowne-prezenty-i-czarne-paczki-w-parku-handlowym-arena\/","name":"Czorny Weekend zamiast Black Friday. Szykowne prezenty i czarne p\u0105czki w Parku Handlowym Arena - 24GLIWICE - Portal Gliwice | codziennie nowe informacje","isPartOf":{"@id":"https:\/\/www.24gliwice.pl\/wiadomosci\/#website"},"primaryImageOfPage":{"@id":"https:\/\/www.24gliwice.pl\/wiadomosci\/czorny-weekend-zamiast-black-friday-szykowne-prezenty-i-czarne-paczki-w-parku-handlowym-arena\/#primaryimage"},"image":{"@id":"https:\/\/www.24gliwice.pl\/wiadomosci\/czorny-weekend-zamiast-black-friday-szykowne-prezenty-i-czarne-paczki-w-parku-handlowym-arena\/#primaryimage"},"thumbnailUrl":"https:\/\/www.24gliwice.pl\/wiadomosci\/wp-content\/uploads\/2021\/03\/arena-park-handlowy.jpg","datePublished":"2021-11-23T11:49:18+00:00","dateModified":"2021-11-29T15:05:00+00:00","breadcrumb":{"@id":"https:\/\/www.24gliwice.pl\/wiadomosci\/czorny-weekend-zamiast-black-friday-szykowne-prezenty-i-czarne-paczki-w-parku-handlowym-arena\/#breadcrumb"},"inLanguage":"pl-PL","potentialAction":[{"@type":"ReadAction","target":["https:\/\/www.24gliwice.pl\/wiadomosci\/czorny-weekend-zamiast-black-friday-szykowne-prezenty-i-czarne-paczki-w-parku-handlowym-arena\/"]}]},{"@type":"ImageObject","inLanguage":"pl-PL","@id":"https:\/\/www.24gliwice.pl\/wiadomosci\/czorny-weekend-zamiast-black-friday-szykowne-prezenty-i-czarne-paczki-w-parku-handlowym-arena\/#primaryimage","url":"https:\/\/www.24gliwice.pl\/wiadomosci\/wp-content\/uploads\/2021\/03\/arena-park-handlowy.jpg","contentUrl":"https:\/\/www.24gliwice.pl\/wiadomosci\/wp-content\/uploads\/2021\/03\/arena-park-handlowy.jpg","width":1140,"height":642},{"@type":"BreadcrumbList","@id":"https:\/\/www.24gliwice.pl\/wiadomosci\/czorny-weekend-zamiast-black-friday-szykowne-prezenty-i-czarne-paczki-w-parku-handlowym-arena\/#breadcrumb","itemListElement":[{"@type":"ListItem","position":1,"name":"Strona g\u0142\u00f3wna","item":"https:\/\/www.24gliwice.pl\/wiadomosci\/"},{"@type":"ListItem","position":2,"name":"Czorny Weekend zamiast Black Friday. Szykowne prezenty i czarne p\u0105czki w Parku Handlowym Arena"}]},{"@type":"WebSite","@id":"https:\/\/www.24gliwice.pl\/wiadomosci\/#website","url":"https:\/\/www.24gliwice.pl\/wiadomosci\/","name":"24GLIWICE - Portal Gliwice | codziennie nowe wiadomo\u015bci","description":"Portal Miejski Gliwice","publisher":{"@id":"https:\/\/www.24gliwice.pl\/wiadomosci\/#organization"},"potentialAction":[{"@type":"SearchAction","target":{"@type":"EntryPoint","urlTemplate":"https:\/\/www.24gliwice.pl\/wiadomosci\/?s={search_term_string}"},"query-input":{"@type":"PropertyValueSpecification","valueRequired":true,"valueName":"search_term_string"}}],"inLanguage":"pl-PL"},{"@type":"Organization","@id":"https:\/\/www.24gliwice.pl\/wiadomosci\/#organization","name":"24gliwice","url":"https:\/\/www.24gliwice.pl\/wiadomosci\/","logo":{"@type":"ImageObject","inLanguage":"pl-PL","@id":"https:\/\/www.24gliwice.pl\/wiadomosci\/#\/schema\/logo\/image\/","url":"https:\/\/www.24gliwice.pl\/wiadomosci\/wp-content\/uploads\/2024\/10\/24gliwice-logo-696.jpg","contentUrl":"https:\/\/www.24gliwice.pl\/wiadomosci\/wp-content\/uploads\/2024\/10\/24gliwice-logo-696.jpg","width":696,"height":696,"caption":"24gliwice"},"image":{"@id":"https:\/\/www.24gliwice.pl\/wiadomosci\/#\/schema\/logo\/image\/"},"sameAs":["https:\/\/www.facebook.com\/24gliwice","https:\/\/x.com\/24gliwice","https:\/\/www.youtube.com\/@24gliwice"]},{"@type":"Person","@id":"https:\/\/www.24gliwice.pl\/wiadomosci\/#\/schema\/person\/cb5857e4a4d048c15984c1edcc8ef0c0","name":"Marcin Fabrykowski","image":{"@type":"ImageObject","inLanguage":"pl-PL","@id":"https:\/\/www.24gliwice.pl\/wiadomosci\/wp-content\/uploads\/2025\/11\/zdjecie-moje-marcin-300-96x96.jpg","url":"https:\/\/www.24gliwice.pl\/wiadomosci\/wp-content\/uploads\/2025\/11\/zdjecie-moje-marcin-300-96x96.jpg","contentUrl":"https:\/\/www.24gliwice.pl\/wiadomosci\/wp-content\/uploads\/2025\/11\/zdjecie-moje-marcin-300-96x96.jpg","caption":"Marcin Fabrykowski"},"sameAs":["http:\/\/24gliwice.pl","https:\/\/www.facebook.com\/marcin.fabrykowski"],"url":"https:\/\/www.24gliwice.pl\/wiadomosci\/author\/marcin-fabrykowski\/"}]}},"_links":{"self":[{"href":"https:\/\/www.24gliwice.pl\/wiadomosci\/wp-json\/wp\/v2\/posts\/181332","targetHints":{"allow":["GET"]}}],"collection":[{"href":"https:\/\/www.24gliwice.pl\/wiadomosci\/wp-json\/wp\/v2\/posts"}],"about":[{"href":"https:\/\/www.24gliwice.pl\/wiadomosci\/wp-json\/wp\/v2\/types\/post"}],"author":[{"embeddable":true,"href":"https:\/\/www.24gliwice.pl\/wiadomosci\/wp-json\/wp\/v2\/users\/4"}],"replies":[{"embeddable":true,"href":"https:\/\/www.24gliwice.pl\/wiadomosci\/wp-json\/wp\/v2\/comments?post=181332"}],"version-history":[{"count":6,"href":"https:\/\/www.24gliwice.pl\/wiadomosci\/wp-json\/wp\/v2\/posts\/181332\/revisions"}],"predecessor-version":[{"id":181340,"href":"https:\/\/www.24gliwice.pl\/wiadomosci\/wp-json\/wp\/v2\/posts\/181332\/revisions\/181340"}],"wp:featuredmedia":[{"embeddable":true,"href":"https:\/\/www.24gliwice.pl\/wiadomosci\/wp-json\/wp\/v2\/media\/166246"}],"wp:attachment":[{"href":"https:\/\/www.24gliwice.pl\/wiadomosci\/wp-json\/wp\/v2\/media?parent=181332"}],"wp:term":[{"taxonomy":"category","embeddable":true,"href":"https:\/\/www.24gliwice.pl\/wiadomosci\/wp-json\/wp\/v2\/categories?post=181332"},{"taxonomy":"post_tag","embeddable":true,"href":"https:\/\/www.24gliwice.pl\/wiadomosci\/wp-json\/wp\/v2\/tags?post=181332"}],"curies":[{"name":"wp","href":"https:\/\/api.w.org\/{rel}","templated":true}]}}