{"id":182090,"date":"2021-12-03T14:27:40","date_gmt":"2021-12-03T13:27:40","guid":{"rendered":"https:\/\/www.24gliwice.pl\/wiadomosci\/?p=182090"},"modified":"2021-12-06T14:40:31","modified_gmt":"2021-12-06T13:40:31","slug":"swiateczna-farma-choinek-z-mnostwem-zimowych-atrakcji-zaprasza-europa-centralna","status":"publish","type":"post","link":"https:\/\/www.24gliwice.pl\/wiadomosci\/swiateczna-farma-choinek-z-mnostwem-zimowych-atrakcji-zaprasza-europa-centralna\/","title":{"rendered":"\u015awi\u0105teczna Farma Choinek z mn\u00f3stwem zimowych atrakcji. Zaprasza Europa Centralna"},"content":{"rendered":"<h3>Zielony las z choinkowym labiryntem, kolorowe girlandy \u015bwietlne, bajkowe elfy i wiele gwiazdkowych niespodzianek \u2013 ju\u017c od 4 grudnia w Europie Centralnej zrobi si\u0119 bardzo \u015bwi\u0105tecznie. Za zrobione zakupy b\u0119dzie mo\u017cna odebra\u0107 darmow\u0105 choink\u0119. W centrum otwarta te\u017c zostanie interaktywna wystawa kultowych laleczek L.O.L. Surprise!&#x2122;. <\/h3>\n<p>&nbsp;<br \/>\nPo przekroczeniu bramy \u015awi\u0105tecznej Farmy Choinek ka\u017cdy poczuje si\u0119 jak w najpi\u0119kniejszej bajce! Le\u015bne zak\u0105tki pachn\u0105ce zielonym igliwiem i roz\u015bwietlone kolorowymi \u015bwiate\u0142kami  z pewno\u015bci\u0105 zaurocz\u0105 nie tylko najm\u0142odszych, ale tak\u017ce doros\u0142ych chc\u0105cych poczu\u0107 wyj\u0105tkow\u0105 magi\u0119 nadchodz\u0105cych \u015bwi\u0105t. <\/p>\n<p><img loading=\"lazy\" decoding=\"async\" src=\"https:\/\/www.24gliwice.pl\/wiadomosci\/wp-content\/uploads\/2021\/12\/EC-KV-Farma-2021.jpg\" alt=\"\" width=\"1139\" height=\"598\" class=\"aligncenter size-full wp-image-182093\" srcset=\"https:\/\/www.24gliwice.pl\/wiadomosci\/wp-content\/uploads\/2021\/12\/EC-KV-Farma-2021.jpg 1139w, https:\/\/www.24gliwice.pl\/wiadomosci\/wp-content\/uploads\/2021\/12\/EC-KV-Farma-2021-410x215.jpg 410w, https:\/\/www.24gliwice.pl\/wiadomosci\/wp-content\/uploads\/2021\/12\/EC-KV-Farma-2021-810x425.jpg 810w, https:\/\/www.24gliwice.pl\/wiadomosci\/wp-content\/uploads\/2021\/12\/EC-KV-Farma-2021-768x403.jpg 768w\" sizes=\"auto, (max-width: 1139px) 100vw, 1139px\" \/><\/p>\n<h4>Podczas zwiedzania farmy b\u0119dzie mo\u017cna odwiedzi\u0107 klimatyczne wn\u0119trze \u015bwi\u0105tecznego domku i wys\u0142a\u0107 list do \u015awi\u0119tego Miko\u0142aja, spotka\u0107 si\u0119 z elfami, a tak\u017ce spr\u00f3bowa\u0107 swoich si\u0142 w choinkowym labiryncie. <\/h4>\n<p>W zaczarowanym lesie zostan\u0105 r\u00f3wnie\u017c ustawione \u015bwi\u0105teczne dekoracje i specjalne instaboxy idealne jako t\u0142o zdj\u0119\u0107 i fotorelacji w mediach spo\u0142eczno\u015bciowych. W sobot\u0119, 4 grudnia, w dniu otwarcia farmy odb\u0119dzie si\u0119 tak\u017ce widowiskowe rze\u017abienie w lodzie figury \u015awi\u0119tego Miko\u0142aja.<\/p>\n<p><em>&#8211; Bo\u017ce Narodzenie to wyj\u0105tkowy czas w roku. Chcemy umili\u0107 naszym go\u015bciom oczekiwanie do pierwszej gwiazdki. Stworzyli\u015bmy przy centrum krain\u0119, w kt\u00f3rej mo\u017cna poczu\u0107 \u015bwi\u0105teczn\u0105 atmosfer\u0119 i ciekawie sp\u0119dzi\u0107 czas z rodzin\u0105 oraz przyjaci\u00f3\u0142mi. Przygotowali\u015bmy te\u017c wiele dodatkowych atrakcji oraz akcji promocyjnych, kt\u00f3re z pewno\u015bci\u0105 b\u0119d\u0105 mi\u0142ym akcentem podczas poszukiwania prezent\u00f3w dla najbli\u017cszych<\/em> \u2013 m\u00f3wi <strong>Katarzyna Lenartowicz<\/strong>, dyrektorka Centrum Handlowego Europa Centralna w Gliwicach.<\/p>\n<div id=\"attachment_182212\" style=\"width: 820px\" class=\"wp-caption aligncenter\"><img loading=\"lazy\" decoding=\"async\" aria-describedby=\"caption-attachment-182212\" src=\"https:\/\/www.24gliwice.pl\/wiadomosci\/wp-content\/uploads\/2021\/12\/fot.EC2_.jpg\" alt=\"\" width=\"810\" height=\"715\" class=\"size-full wp-image-182212\" srcset=\"https:\/\/www.24gliwice.pl\/wiadomosci\/wp-content\/uploads\/2021\/12\/fot.EC2_.jpg 810w, https:\/\/www.24gliwice.pl\/wiadomosci\/wp-content\/uploads\/2021\/12\/fot.EC2_-263x232.jpg 263w, https:\/\/www.24gliwice.pl\/wiadomosci\/wp-content\/uploads\/2021\/12\/fot.EC2_-515x455.jpg 515w, https:\/\/www.24gliwice.pl\/wiadomosci\/wp-content\/uploads\/2021\/12\/fot.EC2_-768x678.jpg 768w\" sizes=\"auto, (max-width: 810px) 100vw, 810px\" \/><p id=\"caption-attachment-182212\" class=\"wp-caption-text\">Fot. Europa Centralna<\/p><\/div>\n<div id=\"attachment_182213\" style=\"width: 820px\" class=\"wp-caption aligncenter\"><img loading=\"lazy\" decoding=\"async\" aria-describedby=\"caption-attachment-182213\" src=\"https:\/\/www.24gliwice.pl\/wiadomosci\/wp-content\/uploads\/2021\/12\/fot.EC6_.jpg\" alt=\"\" width=\"810\" height=\"456\" class=\"size-full wp-image-182213\" srcset=\"https:\/\/www.24gliwice.pl\/wiadomosci\/wp-content\/uploads\/2021\/12\/fot.EC6_.jpg 810w, https:\/\/www.24gliwice.pl\/wiadomosci\/wp-content\/uploads\/2021\/12\/fot.EC6_-410x232.jpg 410w, https:\/\/www.24gliwice.pl\/wiadomosci\/wp-content\/uploads\/2021\/12\/fot.EC6_-808x455.jpg 808w, https:\/\/www.24gliwice.pl\/wiadomosci\/wp-content\/uploads\/2021\/12\/fot.EC6_-768x432.jpg 768w\" sizes=\"auto, (max-width: 810px) 100vw, 810px\" \/><p id=\"caption-attachment-182213\" class=\"wp-caption-text\">Fot. Europa Centralna<\/p><\/div>\n<p>\u015awi\u0105teczna Farma Choinek b\u0119dzie czynna codziennie w dniach 4-22 grudnia w godzinach 12:00-20:00. Podczas ka\u017cdego weekendu organizowane w niej b\u0119d\u0105 nowe atrakcje. Szczeg\u00f3\u0142y warto sprawdza\u0107 na <a href=\"http:\/\/www.europacentralna.eu\" rel=\"noopener\" target=\"_blank\">www.europacentralna.eu<\/a> i w mediach spo\u0142eczno\u015bciowych centrum.<\/p>\n<h3>Zr\u00f3b zakupy, odbierz choink\u0119!<\/h3>\n<p>Europa Centralna postanowi\u0142a pom\u00f3c swoim klientom w przygotowaniach do \u015bwi\u0105t i rozda\u0107 tu\u017c przed Wigili\u0105 \u015bwie\u017ce choinki. Aby odebra\u0107 drzewko, wystarczy zrobi\u0107 zakupy za min. 250 z\u0142otych (maksymalnie na dw\u00f3ch paragonach) i wymieni\u0107 paragon na voucher (liczy si\u0119 kolejno\u015b\u0107 zg\u0142osze\u0144; liczba choinek ograniczona). \u015awi\u0105teczne drzewka b\u0119d\u0105 wydawane w dniach 20-22 grudnia.<\/p>\n<h3>Fenomenalna zabawa z L.O.L. Surprise!&#x2122;<\/h3>\n<p>Najs\u0142ynniejsze na \u015bwiecie laleczki po raz pierwszy w Europie Centralnej! To b\u0119dzie niepowtarzalna okazja, by pohu\u015bta\u0107 si\u0119 na ogromnej kulce L.O.L. czy si\u0105\u015b\u0107 za kierownic\u0105 prawdziwego samochodu L.O.L. Interaktywna wystawa to gwarancja prze\u017cycia niezapomnianej przygody. Ka\u017cde dziecko przed wej\u015bciem otrzymuje map\u0119 zwiedzania, rozwi\u0105zuje po drodze zagadki, a potem odbiera s\u0142odk\u0105 nagrod\u0119. W ramach ekspozycji b\u0119dzie mo\u017cna obejrze\u0107 gigantyczny magnetofon, wyst\u0105pi\u0107 na prawdziwej scenie i wej\u015b\u0107 do pude\u0142ka laleczki L.O.L. w rozmiarze XXL. Wielkie wra\u017cenie na najm\u0142odszych zrobi te\u017c zapewne magiczna \u015bciana z unikatow\u0105 kolekcj\u0105 figurek L.O.L. Surprise!&#x2122;.<\/p>\n<p>Wystawa b\u0119dzie czynna w dniach 6-19 grudnia w godzinach otwarcia centrum. W trakcie jej trwania na dzieci czeka\u0107 tak\u017ce b\u0119d\u0105 multimedialne atrakcje, jak gry Memory czy kolorowanki L.O.L. oraz dodatkowe animacje (11-12 grudnia oraz 18-19 grudnia). Wst\u0119p jest bezp\u0142atny.<\/p>\n<p><small>materia\u0142 partnera<\/small><\/p>\n","protected":false},"excerpt":{"rendered":"<p>Zielony las z choinkowym labiryntem, kolorowe girlandy \u015bwietlne, bajkowe elfy i wiele gwiazdkowych niespodzianek \u2013 ju\u017c od 4 grudnia w Europie Centralnej zrobi si\u0119 bardzo \u015bwi\u0105tecznie. Za zrobione zakupy b\u0119dzie mo\u017cna odebra\u0107 darmow\u0105 choink\u0119. W centrum otwarta te\u017c zostanie interaktywna wystawa kultowych laleczek L.O.L. Surprise!&#x2122;. &nbsp; Po przekroczeniu bramy \u015awi\u0105tecznej Farmy Choinek ka\u017cdy poczuje si\u0119 [&hellip;]<\/p>\n","protected":false},"author":4,"featured_media":182215,"comment_status":"closed","ping_status":"closed","sticky":false,"template":"","format":"standard","meta":{"_monsterinsights_skip_tracking":false,"_monsterinsights_sitenote_active":false,"_monsterinsights_sitenote_note":"","_monsterinsights_sitenote_category":0,"footnotes":"","_links_to":"","_links_to_target":""},"categories":[3,6,1,1129],"tags":[286],"class_list":["post-182090","post","type-post","status-publish","format-standard","has-post-thumbnail","hentry","category-gliwice","category-kultura","category-wszystko","category-polecamy","tag-europa-centralna"],"yoast_head":"<!-- This site is optimized with the Yoast SEO plugin v27.4 - https:\/\/yoast.com\/product\/yoast-seo-wordpress\/ -->\n<title>\u015awi\u0105teczna Farma Choinek z mn\u00f3stwem zimowych atrakcji. Zaprasza Europa Centralna - 24GLIWICE - Portal Gliwice | codziennie nowe informacje<\/title>\n<meta name=\"robots\" content=\"index, follow, max-snippet:-1, max-image-preview:large, max-video-preview:-1\" \/>\n<link rel=\"canonical\" href=\"https:\/\/www.24gliwice.pl\/wiadomosci\/swiateczna-farma-choinek-z-mnostwem-zimowych-atrakcji-zaprasza-europa-centralna\/\" \/>\n<meta property=\"og:locale\" content=\"pl_PL\" \/>\n<meta property=\"og:type\" content=\"article\" \/>\n<meta property=\"og:title\" content=\"\u015awi\u0105teczna Farma Choinek z mn\u00f3stwem zimowych atrakcji. Zaprasza Europa Centralna - 24GLIWICE - Portal Gliwice | codziennie nowe informacje\" \/>\n<meta property=\"og:description\" content=\"Zielony las z choinkowym labiryntem, kolorowe girlandy \u015bwietlne, bajkowe elfy i wiele gwiazdkowych niespodzianek \u2013 ju\u017c od 4 grudnia w Europie Centralnej zrobi si\u0119 bardzo \u015bwi\u0105tecznie. Za zrobione zakupy b\u0119dzie mo\u017cna odebra\u0107 darmow\u0105 choink\u0119. W centrum otwarta te\u017c zostanie interaktywna wystawa kultowych laleczek L.O.L. Surprise!&#x2122;. &nbsp; Po przekroczeniu bramy \u015awi\u0105tecznej Farmy Choinek ka\u017cdy poczuje si\u0119 [&hellip;]\" \/>\n<meta property=\"og:url\" content=\"https:\/\/www.24gliwice.pl\/wiadomosci\/swiateczna-farma-choinek-z-mnostwem-zimowych-atrakcji-zaprasza-europa-centralna\/\" \/>\n<meta property=\"og:site_name\" content=\"24GLIWICE - Portal Gliwice | codziennie nowe informacje\" \/>\n<meta property=\"article:publisher\" content=\"https:\/\/www.facebook.com\/24gliwice\" \/>\n<meta property=\"article:author\" content=\"https:\/\/www.facebook.com\/marcin.fabrykowski\" \/>\n<meta property=\"article:published_time\" content=\"2021-12-03T13:27:40+00:00\" \/>\n<meta property=\"article:modified_time\" content=\"2021-12-06T13:40:31+00:00\" \/>\n<meta property=\"og:image\" content=\"https:\/\/www.24gliwice.pl\/wiadomosci\/wp-content\/uploads\/2021\/12\/fot.EC1-001.jpg\" \/>\n\t<meta property=\"og:image:width\" content=\"810\" \/>\n\t<meta property=\"og:image:height\" content=\"456\" \/>\n\t<meta property=\"og:image:type\" content=\"image\/jpeg\" \/>\n<meta name=\"author\" content=\"Marcin Fabrykowski\" \/>\n<meta name=\"twitter:card\" content=\"summary_large_image\" \/>\n<meta name=\"twitter:creator\" content=\"@24gliwice\" \/>\n<meta name=\"twitter:site\" content=\"@24gliwice\" \/>\n<meta name=\"twitter:label1\" content=\"Napisane przez\" \/>\n\t<meta name=\"twitter:data1\" content=\"Marcin Fabrykowski\" \/>\n\t<meta name=\"twitter:label2\" content=\"Szacowany czas czytania\" \/>\n\t<meta name=\"twitter:data2\" content=\"3 minuty\" \/>\n<script type=\"application\/ld+json\" class=\"yoast-schema-graph\">{\"@context\":\"https:\\\/\\\/schema.org\",\"@graph\":[{\"@type\":\"Article\",\"@id\":\"https:\\\/\\\/www.24gliwice.pl\\\/wiadomosci\\\/swiateczna-farma-choinek-z-mnostwem-zimowych-atrakcji-zaprasza-europa-centralna\\\/#article\",\"isPartOf\":{\"@id\":\"https:\\\/\\\/www.24gliwice.pl\\\/wiadomosci\\\/swiateczna-farma-choinek-z-mnostwem-zimowych-atrakcji-zaprasza-europa-centralna\\\/\"},\"author\":{\"name\":\"Marcin Fabrykowski\",\"@id\":\"https:\\\/\\\/www.24gliwice.pl\\\/wiadomosci\\\/#\\\/schema\\\/person\\\/cb5857e4a4d048c15984c1edcc8ef0c0\"},\"headline\":\"\u015awi\u0105teczna Farma Choinek z mn\u00f3stwem zimowych atrakcji. Zaprasza Europa Centralna\",\"datePublished\":\"2021-12-03T13:27:40+00:00\",\"dateModified\":\"2021-12-06T13:40:31+00:00\",\"mainEntityOfPage\":{\"@id\":\"https:\\\/\\\/www.24gliwice.pl\\\/wiadomosci\\\/swiateczna-farma-choinek-z-mnostwem-zimowych-atrakcji-zaprasza-europa-centralna\\\/\"},\"wordCount\":570,\"publisher\":{\"@id\":\"https:\\\/\\\/www.24gliwice.pl\\\/wiadomosci\\\/#organization\"},\"image\":{\"@id\":\"https:\\\/\\\/www.24gliwice.pl\\\/wiadomosci\\\/swiateczna-farma-choinek-z-mnostwem-zimowych-atrakcji-zaprasza-europa-centralna\\\/#primaryimage\"},\"thumbnailUrl\":\"https:\\\/\\\/www.24gliwice.pl\\\/wiadomosci\\\/wp-content\\\/uploads\\\/2021\\\/12\\\/fot.EC1-001.jpg\",\"keywords\":[\"EUROPA CENTRALNA\"],\"articleSection\":[\"Gliwice\",\"Kultura, wydarzenia, imprezy\",\"Najnowsze wiadomo\u015bci\",\"Polecamy\"],\"inLanguage\":\"pl-PL\"},{\"@type\":\"WebPage\",\"@id\":\"https:\\\/\\\/www.24gliwice.pl\\\/wiadomosci\\\/swiateczna-farma-choinek-z-mnostwem-zimowych-atrakcji-zaprasza-europa-centralna\\\/\",\"url\":\"https:\\\/\\\/www.24gliwice.pl\\\/wiadomosci\\\/swiateczna-farma-choinek-z-mnostwem-zimowych-atrakcji-zaprasza-europa-centralna\\\/\",\"name\":\"\u015awi\u0105teczna Farma Choinek z mn\u00f3stwem zimowych atrakcji. Zaprasza Europa Centralna - 24GLIWICE - Portal Gliwice | codziennie nowe informacje\",\"isPartOf\":{\"@id\":\"https:\\\/\\\/www.24gliwice.pl\\\/wiadomosci\\\/#website\"},\"primaryImageOfPage\":{\"@id\":\"https:\\\/\\\/www.24gliwice.pl\\\/wiadomosci\\\/swiateczna-farma-choinek-z-mnostwem-zimowych-atrakcji-zaprasza-europa-centralna\\\/#primaryimage\"},\"image\":{\"@id\":\"https:\\\/\\\/www.24gliwice.pl\\\/wiadomosci\\\/swiateczna-farma-choinek-z-mnostwem-zimowych-atrakcji-zaprasza-europa-centralna\\\/#primaryimage\"},\"thumbnailUrl\":\"https:\\\/\\\/www.24gliwice.pl\\\/wiadomosci\\\/wp-content\\\/uploads\\\/2021\\\/12\\\/fot.EC1-001.jpg\",\"datePublished\":\"2021-12-03T13:27:40+00:00\",\"dateModified\":\"2021-12-06T13:40:31+00:00\",\"breadcrumb\":{\"@id\":\"https:\\\/\\\/www.24gliwice.pl\\\/wiadomosci\\\/swiateczna-farma-choinek-z-mnostwem-zimowych-atrakcji-zaprasza-europa-centralna\\\/#breadcrumb\"},\"inLanguage\":\"pl-PL\",\"potentialAction\":[{\"@type\":\"ReadAction\",\"target\":[\"https:\\\/\\\/www.24gliwice.pl\\\/wiadomosci\\\/swiateczna-farma-choinek-z-mnostwem-zimowych-atrakcji-zaprasza-europa-centralna\\\/\"]}]},{\"@type\":\"ImageObject\",\"inLanguage\":\"pl-PL\",\"@id\":\"https:\\\/\\\/www.24gliwice.pl\\\/wiadomosci\\\/swiateczna-farma-choinek-z-mnostwem-zimowych-atrakcji-zaprasza-europa-centralna\\\/#primaryimage\",\"url\":\"https:\\\/\\\/www.24gliwice.pl\\\/wiadomosci\\\/wp-content\\\/uploads\\\/2021\\\/12\\\/fot.EC1-001.jpg\",\"contentUrl\":\"https:\\\/\\\/www.24gliwice.pl\\\/wiadomosci\\\/wp-content\\\/uploads\\\/2021\\\/12\\\/fot.EC1-001.jpg\",\"width\":810,\"height\":456,\"caption\":\"Fot. Europa Centralna\"},{\"@type\":\"BreadcrumbList\",\"@id\":\"https:\\\/\\\/www.24gliwice.pl\\\/wiadomosci\\\/swiateczna-farma-choinek-z-mnostwem-zimowych-atrakcji-zaprasza-europa-centralna\\\/#breadcrumb\",\"itemListElement\":[{\"@type\":\"ListItem\",\"position\":1,\"name\":\"Strona g\u0142\u00f3wna\",\"item\":\"https:\\\/\\\/www.24gliwice.pl\\\/wiadomosci\\\/\"},{\"@type\":\"ListItem\",\"position\":2,\"name\":\"\u015awi\u0105teczna Farma Choinek z mn\u00f3stwem zimowych atrakcji. Zaprasza Europa Centralna\"}]},{\"@type\":\"WebSite\",\"@id\":\"https:\\\/\\\/www.24gliwice.pl\\\/wiadomosci\\\/#website\",\"url\":\"https:\\\/\\\/www.24gliwice.pl\\\/wiadomosci\\\/\",\"name\":\"24GLIWICE - Portal Gliwice | codziennie nowe wiadomo\u015bci\",\"description\":\"Portal Miejski Gliwice\",\"publisher\":{\"@id\":\"https:\\\/\\\/www.24gliwice.pl\\\/wiadomosci\\\/#organization\"},\"potentialAction\":[{\"@type\":\"SearchAction\",\"target\":{\"@type\":\"EntryPoint\",\"urlTemplate\":\"https:\\\/\\\/www.24gliwice.pl\\\/wiadomosci\\\/?s={search_term_string}\"},\"query-input\":{\"@type\":\"PropertyValueSpecification\",\"valueRequired\":true,\"valueName\":\"search_term_string\"}}],\"inLanguage\":\"pl-PL\"},{\"@type\":\"Organization\",\"@id\":\"https:\\\/\\\/www.24gliwice.pl\\\/wiadomosci\\\/#organization\",\"name\":\"24gliwice\",\"url\":\"https:\\\/\\\/www.24gliwice.pl\\\/wiadomosci\\\/\",\"logo\":{\"@type\":\"ImageObject\",\"inLanguage\":\"pl-PL\",\"@id\":\"https:\\\/\\\/www.24gliwice.pl\\\/wiadomosci\\\/#\\\/schema\\\/logo\\\/image\\\/\",\"url\":\"https:\\\/\\\/www.24gliwice.pl\\\/wiadomosci\\\/wp-content\\\/uploads\\\/2024\\\/10\\\/24gliwice-logo-696.jpg\",\"contentUrl\":\"https:\\\/\\\/www.24gliwice.pl\\\/wiadomosci\\\/wp-content\\\/uploads\\\/2024\\\/10\\\/24gliwice-logo-696.jpg\",\"width\":696,\"height\":696,\"caption\":\"24gliwice\"},\"image\":{\"@id\":\"https:\\\/\\\/www.24gliwice.pl\\\/wiadomosci\\\/#\\\/schema\\\/logo\\\/image\\\/\"},\"sameAs\":[\"https:\\\/\\\/www.facebook.com\\\/24gliwice\",\"https:\\\/\\\/x.com\\\/24gliwice\",\"https:\\\/\\\/www.youtube.com\\\/@24gliwice\"]},{\"@type\":\"Person\",\"@id\":\"https:\\\/\\\/www.24gliwice.pl\\\/wiadomosci\\\/#\\\/schema\\\/person\\\/cb5857e4a4d048c15984c1edcc8ef0c0\",\"name\":\"Marcin Fabrykowski\",\"image\":{\"@type\":\"ImageObject\",\"inLanguage\":\"pl-PL\",\"@id\":\"https:\\\/\\\/www.24gliwice.pl\\\/wiadomosci\\\/wp-content\\\/uploads\\\/2025\\\/11\\\/zdjecie-moje-marcin-300-96x96.jpg\",\"url\":\"https:\\\/\\\/www.24gliwice.pl\\\/wiadomosci\\\/wp-content\\\/uploads\\\/2025\\\/11\\\/zdjecie-moje-marcin-300-96x96.jpg\",\"contentUrl\":\"https:\\\/\\\/www.24gliwice.pl\\\/wiadomosci\\\/wp-content\\\/uploads\\\/2025\\\/11\\\/zdjecie-moje-marcin-300-96x96.jpg\",\"caption\":\"Marcin Fabrykowski\"},\"sameAs\":[\"http:\\\/\\\/24gliwice.pl\",\"https:\\\/\\\/www.facebook.com\\\/marcin.fabrykowski\"],\"url\":\"https:\\\/\\\/www.24gliwice.pl\\\/wiadomosci\\\/author\\\/marcin-fabrykowski\\\/\"}]}<\/script>\n<!-- \/ Yoast SEO plugin. -->","yoast_head_json":{"title":"\u015awi\u0105teczna Farma Choinek z mn\u00f3stwem zimowych atrakcji. Zaprasza Europa Centralna - 24GLIWICE - Portal Gliwice | codziennie nowe informacje","robots":{"index":"index","follow":"follow","max-snippet":"max-snippet:-1","max-image-preview":"max-image-preview:large","max-video-preview":"max-video-preview:-1"},"canonical":"https:\/\/www.24gliwice.pl\/wiadomosci\/swiateczna-farma-choinek-z-mnostwem-zimowych-atrakcji-zaprasza-europa-centralna\/","og_locale":"pl_PL","og_type":"article","og_title":"\u015awi\u0105teczna Farma Choinek z mn\u00f3stwem zimowych atrakcji. Zaprasza Europa Centralna - 24GLIWICE - Portal Gliwice | codziennie nowe informacje","og_description":"Zielony las z choinkowym labiryntem, kolorowe girlandy \u015bwietlne, bajkowe elfy i wiele gwiazdkowych niespodzianek \u2013 ju\u017c od 4 grudnia w Europie Centralnej zrobi si\u0119 bardzo \u015bwi\u0105tecznie. Za zrobione zakupy b\u0119dzie mo\u017cna odebra\u0107 darmow\u0105 choink\u0119. W centrum otwarta te\u017c zostanie interaktywna wystawa kultowych laleczek L.O.L. Surprise!&#x2122;. &nbsp; Po przekroczeniu bramy \u015awi\u0105tecznej Farmy Choinek ka\u017cdy poczuje si\u0119 [&hellip;]","og_url":"https:\/\/www.24gliwice.pl\/wiadomosci\/swiateczna-farma-choinek-z-mnostwem-zimowych-atrakcji-zaprasza-europa-centralna\/","og_site_name":"24GLIWICE - Portal Gliwice | codziennie nowe informacje","article_publisher":"https:\/\/www.facebook.com\/24gliwice","article_author":"https:\/\/www.facebook.com\/marcin.fabrykowski","article_published_time":"2021-12-03T13:27:40+00:00","article_modified_time":"2021-12-06T13:40:31+00:00","og_image":[{"width":810,"height":456,"url":"https:\/\/www.24gliwice.pl\/wiadomosci\/wp-content\/uploads\/2021\/12\/fot.EC1-001.jpg","type":"image\/jpeg"}],"author":"Marcin Fabrykowski","twitter_card":"summary_large_image","twitter_creator":"@24gliwice","twitter_site":"@24gliwice","twitter_misc":{"Napisane przez":"Marcin Fabrykowski","Szacowany czas czytania":"3 minuty"},"schema":{"@context":"https:\/\/schema.org","@graph":[{"@type":"Article","@id":"https:\/\/www.24gliwice.pl\/wiadomosci\/swiateczna-farma-choinek-z-mnostwem-zimowych-atrakcji-zaprasza-europa-centralna\/#article","isPartOf":{"@id":"https:\/\/www.24gliwice.pl\/wiadomosci\/swiateczna-farma-choinek-z-mnostwem-zimowych-atrakcji-zaprasza-europa-centralna\/"},"author":{"name":"Marcin Fabrykowski","@id":"https:\/\/www.24gliwice.pl\/wiadomosci\/#\/schema\/person\/cb5857e4a4d048c15984c1edcc8ef0c0"},"headline":"\u015awi\u0105teczna Farma Choinek z mn\u00f3stwem zimowych atrakcji. Zaprasza Europa Centralna","datePublished":"2021-12-03T13:27:40+00:00","dateModified":"2021-12-06T13:40:31+00:00","mainEntityOfPage":{"@id":"https:\/\/www.24gliwice.pl\/wiadomosci\/swiateczna-farma-choinek-z-mnostwem-zimowych-atrakcji-zaprasza-europa-centralna\/"},"wordCount":570,"publisher":{"@id":"https:\/\/www.24gliwice.pl\/wiadomosci\/#organization"},"image":{"@id":"https:\/\/www.24gliwice.pl\/wiadomosci\/swiateczna-farma-choinek-z-mnostwem-zimowych-atrakcji-zaprasza-europa-centralna\/#primaryimage"},"thumbnailUrl":"https:\/\/www.24gliwice.pl\/wiadomosci\/wp-content\/uploads\/2021\/12\/fot.EC1-001.jpg","keywords":["EUROPA CENTRALNA"],"articleSection":["Gliwice","Kultura, wydarzenia, imprezy","Najnowsze wiadomo\u015bci","Polecamy"],"inLanguage":"pl-PL"},{"@type":"WebPage","@id":"https:\/\/www.24gliwice.pl\/wiadomosci\/swiateczna-farma-choinek-z-mnostwem-zimowych-atrakcji-zaprasza-europa-centralna\/","url":"https:\/\/www.24gliwice.pl\/wiadomosci\/swiateczna-farma-choinek-z-mnostwem-zimowych-atrakcji-zaprasza-europa-centralna\/","name":"\u015awi\u0105teczna Farma Choinek z mn\u00f3stwem zimowych atrakcji. Zaprasza Europa Centralna - 24GLIWICE - Portal Gliwice | codziennie nowe informacje","isPartOf":{"@id":"https:\/\/www.24gliwice.pl\/wiadomosci\/#website"},"primaryImageOfPage":{"@id":"https:\/\/www.24gliwice.pl\/wiadomosci\/swiateczna-farma-choinek-z-mnostwem-zimowych-atrakcji-zaprasza-europa-centralna\/#primaryimage"},"image":{"@id":"https:\/\/www.24gliwice.pl\/wiadomosci\/swiateczna-farma-choinek-z-mnostwem-zimowych-atrakcji-zaprasza-europa-centralna\/#primaryimage"},"thumbnailUrl":"https:\/\/www.24gliwice.pl\/wiadomosci\/wp-content\/uploads\/2021\/12\/fot.EC1-001.jpg","datePublished":"2021-12-03T13:27:40+00:00","dateModified":"2021-12-06T13:40:31+00:00","breadcrumb":{"@id":"https:\/\/www.24gliwice.pl\/wiadomosci\/swiateczna-farma-choinek-z-mnostwem-zimowych-atrakcji-zaprasza-europa-centralna\/#breadcrumb"},"inLanguage":"pl-PL","potentialAction":[{"@type":"ReadAction","target":["https:\/\/www.24gliwice.pl\/wiadomosci\/swiateczna-farma-choinek-z-mnostwem-zimowych-atrakcji-zaprasza-europa-centralna\/"]}]},{"@type":"ImageObject","inLanguage":"pl-PL","@id":"https:\/\/www.24gliwice.pl\/wiadomosci\/swiateczna-farma-choinek-z-mnostwem-zimowych-atrakcji-zaprasza-europa-centralna\/#primaryimage","url":"https:\/\/www.24gliwice.pl\/wiadomosci\/wp-content\/uploads\/2021\/12\/fot.EC1-001.jpg","contentUrl":"https:\/\/www.24gliwice.pl\/wiadomosci\/wp-content\/uploads\/2021\/12\/fot.EC1-001.jpg","width":810,"height":456,"caption":"Fot. Europa Centralna"},{"@type":"BreadcrumbList","@id":"https:\/\/www.24gliwice.pl\/wiadomosci\/swiateczna-farma-choinek-z-mnostwem-zimowych-atrakcji-zaprasza-europa-centralna\/#breadcrumb","itemListElement":[{"@type":"ListItem","position":1,"name":"Strona g\u0142\u00f3wna","item":"https:\/\/www.24gliwice.pl\/wiadomosci\/"},{"@type":"ListItem","position":2,"name":"\u015awi\u0105teczna Farma Choinek z mn\u00f3stwem zimowych atrakcji. Zaprasza Europa Centralna"}]},{"@type":"WebSite","@id":"https:\/\/www.24gliwice.pl\/wiadomosci\/#website","url":"https:\/\/www.24gliwice.pl\/wiadomosci\/","name":"24GLIWICE - Portal Gliwice | codziennie nowe wiadomo\u015bci","description":"Portal Miejski Gliwice","publisher":{"@id":"https:\/\/www.24gliwice.pl\/wiadomosci\/#organization"},"potentialAction":[{"@type":"SearchAction","target":{"@type":"EntryPoint","urlTemplate":"https:\/\/www.24gliwice.pl\/wiadomosci\/?s={search_term_string}"},"query-input":{"@type":"PropertyValueSpecification","valueRequired":true,"valueName":"search_term_string"}}],"inLanguage":"pl-PL"},{"@type":"Organization","@id":"https:\/\/www.24gliwice.pl\/wiadomosci\/#organization","name":"24gliwice","url":"https:\/\/www.24gliwice.pl\/wiadomosci\/","logo":{"@type":"ImageObject","inLanguage":"pl-PL","@id":"https:\/\/www.24gliwice.pl\/wiadomosci\/#\/schema\/logo\/image\/","url":"https:\/\/www.24gliwice.pl\/wiadomosci\/wp-content\/uploads\/2024\/10\/24gliwice-logo-696.jpg","contentUrl":"https:\/\/www.24gliwice.pl\/wiadomosci\/wp-content\/uploads\/2024\/10\/24gliwice-logo-696.jpg","width":696,"height":696,"caption":"24gliwice"},"image":{"@id":"https:\/\/www.24gliwice.pl\/wiadomosci\/#\/schema\/logo\/image\/"},"sameAs":["https:\/\/www.facebook.com\/24gliwice","https:\/\/x.com\/24gliwice","https:\/\/www.youtube.com\/@24gliwice"]},{"@type":"Person","@id":"https:\/\/www.24gliwice.pl\/wiadomosci\/#\/schema\/person\/cb5857e4a4d048c15984c1edcc8ef0c0","name":"Marcin Fabrykowski","image":{"@type":"ImageObject","inLanguage":"pl-PL","@id":"https:\/\/www.24gliwice.pl\/wiadomosci\/wp-content\/uploads\/2025\/11\/zdjecie-moje-marcin-300-96x96.jpg","url":"https:\/\/www.24gliwice.pl\/wiadomosci\/wp-content\/uploads\/2025\/11\/zdjecie-moje-marcin-300-96x96.jpg","contentUrl":"https:\/\/www.24gliwice.pl\/wiadomosci\/wp-content\/uploads\/2025\/11\/zdjecie-moje-marcin-300-96x96.jpg","caption":"Marcin Fabrykowski"},"sameAs":["http:\/\/24gliwice.pl","https:\/\/www.facebook.com\/marcin.fabrykowski"],"url":"https:\/\/www.24gliwice.pl\/wiadomosci\/author\/marcin-fabrykowski\/"}]}},"_links":{"self":[{"href":"https:\/\/www.24gliwice.pl\/wiadomosci\/wp-json\/wp\/v2\/posts\/182090","targetHints":{"allow":["GET"]}}],"collection":[{"href":"https:\/\/www.24gliwice.pl\/wiadomosci\/wp-json\/wp\/v2\/posts"}],"about":[{"href":"https:\/\/www.24gliwice.pl\/wiadomosci\/wp-json\/wp\/v2\/types\/post"}],"author":[{"embeddable":true,"href":"https:\/\/www.24gliwice.pl\/wiadomosci\/wp-json\/wp\/v2\/users\/4"}],"replies":[{"embeddable":true,"href":"https:\/\/www.24gliwice.pl\/wiadomosci\/wp-json\/wp\/v2\/comments?post=182090"}],"version-history":[{"count":4,"href":"https:\/\/www.24gliwice.pl\/wiadomosci\/wp-json\/wp\/v2\/posts\/182090\/revisions"}],"predecessor-version":[{"id":182216,"href":"https:\/\/www.24gliwice.pl\/wiadomosci\/wp-json\/wp\/v2\/posts\/182090\/revisions\/182216"}],"wp:featuredmedia":[{"embeddable":true,"href":"https:\/\/www.24gliwice.pl\/wiadomosci\/wp-json\/wp\/v2\/media\/182215"}],"wp:attachment":[{"href":"https:\/\/www.24gliwice.pl\/wiadomosci\/wp-json\/wp\/v2\/media?parent=182090"}],"wp:term":[{"taxonomy":"category","embeddable":true,"href":"https:\/\/www.24gliwice.pl\/wiadomosci\/wp-json\/wp\/v2\/categories?post=182090"},{"taxonomy":"post_tag","embeddable":true,"href":"https:\/\/www.24gliwice.pl\/wiadomosci\/wp-json\/wp\/v2\/tags?post=182090"}],"curies":[{"name":"wp","href":"https:\/\/api.w.org\/{rel}","templated":true}]}}