{"id":182202,"date":"2021-12-07T01:54:09","date_gmt":"2021-12-07T00:54:09","guid":{"rendered":"https:\/\/www.24gliwice.pl\/wiadomosci\/?p=182202"},"modified":"2021-12-07T01:54:09","modified_gmt":"2021-12-07T00:54:09","slug":"dodatkowa-para-torow-na-trasie-gliwice-katowice-pociagi-maja-kursowac-co-kilkanascie-minut","status":"publish","type":"post","link":"https:\/\/www.24gliwice.pl\/wiadomosci\/dodatkowa-para-torow-na-trasie-gliwice-katowice-pociagi-maja-kursowac-co-kilkanascie-minut\/","title":{"rendered":"Dodatkowa para tor\u00f3w na trasie Gliwice-Katowice. Poci\u0105gi maj\u0105 kursowa\u0107 co kilkana\u015bcie minut"},"content":{"rendered":"<div class=\"gliwi-a6-nad-leadem-artykulow gliwi-entity-placement\" id=\"gliwi-2356092335\"><div class=\"gliwi-adlabel\"><span style=\"font-size: 9px\">REKLAMA<\/span><\/div><div id=\"gliwi-2565550636\" style=\"margin-bottom: 25px;margin-left: auto;margin-right: auto;text-align: center;\"><a data-no-instant=\"1\" href=\"https:\/\/dom100.eu\/\" rel=\"noopener\" class=\"a2t-link\" target=\"_blank\" aria-label=\"20260415 DOM100 D\"><img loading=\"lazy\" decoding=\"async\" src=\"https:\/\/www.24gliwice.pl\/wiadomosci\/wp-content\/uploads\/2026\/04\/20260415-DOM100-D.jpg\" alt=\"\"  srcset=\"https:\/\/www.24gliwice.pl\/wiadomosci\/wp-content\/uploads\/2026\/04\/20260415-DOM100-D.jpg 750w, https:\/\/www.24gliwice.pl\/wiadomosci\/wp-content\/uploads\/2026\/04\/20260415-DOM100-D-410x109.jpg 410w\" sizes=\"(max-width: 750px) 100vw, 750px\" class=\"no-lazyload\" width=\"750\" height=\"200\"  style=\"display: inline-block; max-width: 100%; height: auto;\" \/><\/a><\/div><\/div><h2>Budowa drugiej pary tor\u00f3w na trasie Gliwice-Katowice oddzieli ruch dalekobie\u017cny od aglomeracyjnego i usprawni podr\u00f3\u017cowanie poci\u0105gami po GZM. W pi\u0105tek (3 grudnia) podpisano umow\u0119 na opracowanie studium wykonalno\u015bci dla tej inwestycji.<\/h2>\n<p>&nbsp;<br \/>\nDokument pozwoli okre\u015bli\u0107 zakres projektu, jego efekty oraz koszty realizacji.<\/p>\n<p>Wydzielone tory na trasie Gliwice-Katowice, czyli linii kolejowej nr 137, to kolejny krok na drodze do budowy Kolei Metropolitalnej. Inwestycja ma za zadanie zwi\u0119kszy\u0107 przepustowo\u015b\u0107 na jednej z najpopularniejszych tras w regionie i doprowadzi\u0107 do standardu, w kt\u00f3rym poci\u0105gi b\u0119d\u0105 kursowa\u0107 wewn\u0105trz Metropolii co kilkana\u015bcie minut. <\/p><div class=\"gliwi-a3-w-tresci-artykulow gliwi-entity-placement\" id=\"gliwi-679996219\"><div class=\"gliwi-adlabel\"><span style=\"font-size: 9px\">REKLAMA<\/span><\/div><div id=\"gliwi-2911196569\" style=\"margin-bottom: 30px;margin-left: auto;margin-right: auto;text-align: center;\"><a data-no-instant=\"1\" href=\"https:\/\/zlobek.halogen.org.pl\/\" rel=\"noopener\" class=\"a2t-link\" target=\"_blank\" aria-label=\"animator-zlobek_750x200\"><img loading=\"lazy\" decoding=\"async\" src=\"https:\/\/www.24gliwice.pl\/wiadomosci\/wp-content\/uploads\/2026\/02\/animator-zlobek_750x200.webp\" alt=\"\"  srcset=\"https:\/\/www.24gliwice.pl\/wiadomosci\/wp-content\/uploads\/2026\/02\/animator-zlobek_750x200.webp 750w, https:\/\/www.24gliwice.pl\/wiadomosci\/wp-content\/uploads\/2026\/02\/animator-zlobek_750x200-410x109.webp 410w\" sizes=\"(max-width: 750px) 100vw, 750px\" class=\"no-lazyload\" width=\"750\" height=\"200\"  style=\"display: inline-block; max-width: 100%; height: auto;\" \/><\/a><\/div><\/div>\n<blockquote><p>Jeste\u015bmy przekonani, \u017ce nasza wsp\u00f3\u0142praca z zarz\u0105dc\u0105 infrastruktury kolejowej PKP PLK SA b\u0119dzie przebiega\u0142a tak dobrze, jak dotychczas, a uwa\u017camy, \u017ce jest ona wzorcowa. Zaczynamy te\u017c wsp\u00f3\u0142prac\u0119 z nowym wykonawc\u0105 prac studialnych i oczekujemy jak najwy\u017cszej jako\u015bci dokumentacji studialnej <\/p><\/blockquote>\n<p>\u2013 m\u00f3wi <strong>Grzegorz Kwitek<\/strong>, Cz\u0142onek Zarz\u0105du GZM.<\/p>\n<p>&#8211; Projekt ten b\u0119dzie poniek\u0105d realizacj\u0105 po ponad 30 latach plan\u00f3w budowy tzw. KRR, czyli Kolejowego Ruchu Regionalnego, na wydzielonej parze tor\u00f3w, nie doko\u0144czonej na prze\u0142omie lat 80. i 90. XX w. Tyle, \u017ce ju\u017c w najnowszych technologiach i z uwzgl\u0119dnieniem oczekiwa\u0144 mobilno\u015bciowych XXI wieku \u2013 dodaje <strong>Wojciech Dinges<\/strong>, zast\u0119pca dyrektora Departamentu Komunikacji i Transportu GZM.<\/p>\n<p>Umow\u0119 na opracowanie studium wykonalno\u015bci podpisa\u0142y: G\u00f3rno\u015bl\u0105sko-Zag\u0142\u0119biowska Metropolia oraz PKP PLK (wyst\u0119puj\u0105ce w charakterze zamawiaj\u0105cego), a tak\u017ce TPF Sp. z o.o. (b\u0119d\u0105ca wykonawc\u0105 umowy). Warto podkre\u015bli\u0107, \u017ce w ramach zawartego wcze\u015bniej porozumienia, Metropolia sfinansuje po\u0142ow\u0119 koszt\u00f3w studium wykonalno\u015bci, kt\u00f3re oszacowano na kwot\u0119 oko\u0142o 4 mln z\u0142. Prace studialne maj\u0105 by\u0107 prowadzone do 2023 r.<\/p>\n<p>mat. G-ZM<\/p>\n<div class=\"gliwi-a5-na-koncu-artykulow gliwi-entity-placement\" id=\"gliwi-2448188407\"><div class=\"gliwi-adlabel\"><span style=\"font-size: 9px\">REKLAMA<\/span><\/div><div id=\"gliwi-4132336332\" style=\"margin-left: auto;margin-right: auto;text-align: center;\"><a data-no-instant=\"1\" href=\"https:\/\/prezeroarenagliwice.pl\/\" rel=\"noopener\" class=\"a2t-link\" target=\"_blank\" aria-label=\"20260309-PREZERO-WIOSNA-D\"><img loading=\"lazy\" decoding=\"async\" src=\"https:\/\/www.24gliwice.pl\/wiadomosci\/wp-content\/uploads\/2026\/03\/20260309-PREZERO-WIOSNA-D.webp\" alt=\"\"  srcset=\"https:\/\/www.24gliwice.pl\/wiadomosci\/wp-content\/uploads\/2026\/03\/20260309-PREZERO-WIOSNA-D.webp 750w, https:\/\/www.24gliwice.pl\/wiadomosci\/wp-content\/uploads\/2026\/03\/20260309-PREZERO-WIOSNA-D-410x109.webp 410w\" sizes=\"(max-width: 750px) 100vw, 750px\" class=\"no-lazyload\" width=\"750\" height=\"200\"  style=\"display: inline-block; max-width: 100%; height: auto;\" \/><\/a><\/div><\/div>","protected":false},"excerpt":{"rendered":"<p>Budowa drugiej pary tor\u00f3w na trasie Gliwice-Katowice oddzieli ruch dalekobie\u017cny od aglomeracyjnego i usprawni podr\u00f3\u017cowanie poci\u0105gami po GZM. W pi\u0105tek (3 grudnia) podpisano umow\u0119 na opracowanie studium wykonalno\u015bci dla tej inwestycji. &nbsp; Dokument pozwoli okre\u015bli\u0107 zakres projektu, jego efekty oraz koszty realizacji. Wydzielone tory na trasie Gliwice-Katowice, czyli linii kolejowej nr 137, to kolejny krok [&hellip;]<\/p>\n","protected":false},"author":15,"featured_media":145207,"comment_status":"open","ping_status":"closed","sticky":false,"template":"","format":"standard","meta":{"_monsterinsights_skip_tracking":false,"_monsterinsights_sitenote_active":false,"_monsterinsights_sitenote_note":"","_monsterinsights_sitenote_category":0,"footnotes":"","_links_to":"","_links_to_target":""},"categories":[3,1,9,8],"tags":[11221],"class_list":["post-182202","post","type-post","status-publish","format-standard","has-post-thumbnail","hentry","category-gliwice","category-wszystko","category-aktualnosci_lokalne","category-samorzad_polityka","tag-transport-kolejowy"],"yoast_head":"<!-- This site is optimized with the Yoast SEO plugin v27.4 - https:\/\/yoast.com\/product\/yoast-seo-wordpress\/ -->\n<title>Dodatkowa para tor\u00f3w na trasie Gliwice-Katowice. Poci\u0105gi maj\u0105 kursowa\u0107 co kilkana\u015bcie minut - 24GLIWICE - Portal Gliwice | codziennie nowe informacje<\/title>\n<meta name=\"robots\" content=\"index, follow, max-snippet:-1, max-image-preview:large, max-video-preview:-1\" \/>\n<link rel=\"canonical\" href=\"https:\/\/www.24gliwice.pl\/wiadomosci\/dodatkowa-para-torow-na-trasie-gliwice-katowice-pociagi-maja-kursowac-co-kilkanascie-minut\/\" \/>\n<meta property=\"og:locale\" content=\"pl_PL\" \/>\n<meta property=\"og:type\" content=\"article\" \/>\n<meta property=\"og:title\" content=\"Dodatkowa para tor\u00f3w na trasie Gliwice-Katowice. Poci\u0105gi maj\u0105 kursowa\u0107 co kilkana\u015bcie minut - 24GLIWICE - Portal Gliwice | codziennie nowe informacje\" \/>\n<meta property=\"og:description\" content=\"Budowa drugiej pary tor\u00f3w na trasie Gliwice-Katowice oddzieli ruch dalekobie\u017cny od aglomeracyjnego i usprawni podr\u00f3\u017cowanie poci\u0105gami po GZM. W pi\u0105tek (3 grudnia) podpisano umow\u0119 na opracowanie studium wykonalno\u015bci dla tej inwestycji. &nbsp; Dokument pozwoli okre\u015bli\u0107 zakres projektu, jego efekty oraz koszty realizacji. Wydzielone tory na trasie Gliwice-Katowice, czyli linii kolejowej nr 137, to kolejny krok [&hellip;]\" \/>\n<meta property=\"og:url\" content=\"https:\/\/www.24gliwice.pl\/wiadomosci\/dodatkowa-para-torow-na-trasie-gliwice-katowice-pociagi-maja-kursowac-co-kilkanascie-minut\/\" \/>\n<meta property=\"og:site_name\" content=\"24GLIWICE - Portal Gliwice | codziennie nowe informacje\" \/>\n<meta property=\"article:publisher\" content=\"https:\/\/www.facebook.com\/24gliwice\" \/>\n<meta property=\"article:published_time\" content=\"2021-12-07T00:54:09+00:00\" \/>\n<meta property=\"og:image\" content=\"https:\/\/www.24gliwice.pl\/wiadomosci\/wp-content\/uploads\/2019\/12\/1-tory-pociag-kolej.jpg\" \/>\n\t<meta property=\"og:image:width\" content=\"810\" \/>\n\t<meta property=\"og:image:height\" content=\"456\" \/>\n\t<meta property=\"og:image:type\" content=\"image\/jpeg\" \/>\n<meta name=\"author\" content=\"\u017baneta Mrozek-Siewierska\" \/>\n<meta name=\"twitter:card\" content=\"summary_large_image\" \/>\n<meta name=\"twitter:creator\" content=\"@24gliwice\" \/>\n<meta name=\"twitter:site\" content=\"@24gliwice\" \/>\n<meta name=\"twitter:label1\" content=\"Napisane przez\" \/>\n\t<meta name=\"twitter:data1\" content=\"\u017baneta Mrozek-Siewierska\" \/>\n\t<meta name=\"twitter:label2\" content=\"Szacowany czas czytania\" \/>\n\t<meta name=\"twitter:data2\" content=\"1 minuta\" \/>\n<script type=\"application\/ld+json\" class=\"yoast-schema-graph\">{\"@context\":\"https:\\\/\\\/schema.org\",\"@graph\":[{\"@type\":\"Article\",\"@id\":\"https:\\\/\\\/www.24gliwice.pl\\\/wiadomosci\\\/dodatkowa-para-torow-na-trasie-gliwice-katowice-pociagi-maja-kursowac-co-kilkanascie-minut\\\/#article\",\"isPartOf\":{\"@id\":\"https:\\\/\\\/www.24gliwice.pl\\\/wiadomosci\\\/dodatkowa-para-torow-na-trasie-gliwice-katowice-pociagi-maja-kursowac-co-kilkanascie-minut\\\/\"},\"author\":{\"name\":\"\u017baneta Mrozek-Siewierska\",\"@id\":\"https:\\\/\\\/www.24gliwice.pl\\\/wiadomosci\\\/#\\\/schema\\\/person\\\/e42c650edd7f2fa332be3811fb166b6e\"},\"headline\":\"Dodatkowa para tor\u00f3w na trasie Gliwice-Katowice. Poci\u0105gi maj\u0105 kursowa\u0107 co kilkana\u015bcie minut\",\"datePublished\":\"2021-12-07T00:54:09+00:00\",\"mainEntityOfPage\":{\"@id\":\"https:\\\/\\\/www.24gliwice.pl\\\/wiadomosci\\\/dodatkowa-para-torow-na-trasie-gliwice-katowice-pociagi-maja-kursowac-co-kilkanascie-minut\\\/\"},\"wordCount\":306,\"commentCount\":0,\"publisher\":{\"@id\":\"https:\\\/\\\/www.24gliwice.pl\\\/wiadomosci\\\/#organization\"},\"image\":{\"@id\":\"https:\\\/\\\/www.24gliwice.pl\\\/wiadomosci\\\/dodatkowa-para-torow-na-trasie-gliwice-katowice-pociagi-maja-kursowac-co-kilkanascie-minut\\\/#primaryimage\"},\"thumbnailUrl\":\"https:\\\/\\\/www.24gliwice.pl\\\/wiadomosci\\\/wp-content\\\/uploads\\\/2019\\\/12\\\/1-tory-pociag-kolej.jpg\",\"keywords\":[\"transport kolejowy\"],\"articleSection\":[\"Gliwice\",\"Najnowsze wiadomo\u015bci\",\"Portal Gliwice - Wiadomo\u015bci lokalne\",\"Samorz\u0105d, polityka\"],\"inLanguage\":\"pl-PL\",\"potentialAction\":[{\"@type\":\"CommentAction\",\"name\":\"Comment\",\"target\":[\"https:\\\/\\\/www.24gliwice.pl\\\/wiadomosci\\\/dodatkowa-para-torow-na-trasie-gliwice-katowice-pociagi-maja-kursowac-co-kilkanascie-minut\\\/#respond\"]}]},{\"@type\":\"WebPage\",\"@id\":\"https:\\\/\\\/www.24gliwice.pl\\\/wiadomosci\\\/dodatkowa-para-torow-na-trasie-gliwice-katowice-pociagi-maja-kursowac-co-kilkanascie-minut\\\/\",\"url\":\"https:\\\/\\\/www.24gliwice.pl\\\/wiadomosci\\\/dodatkowa-para-torow-na-trasie-gliwice-katowice-pociagi-maja-kursowac-co-kilkanascie-minut\\\/\",\"name\":\"Dodatkowa para tor\u00f3w na trasie Gliwice-Katowice. Poci\u0105gi maj\u0105 kursowa\u0107 co kilkana\u015bcie minut - 24GLIWICE - Portal Gliwice | codziennie nowe informacje\",\"isPartOf\":{\"@id\":\"https:\\\/\\\/www.24gliwice.pl\\\/wiadomosci\\\/#website\"},\"primaryImageOfPage\":{\"@id\":\"https:\\\/\\\/www.24gliwice.pl\\\/wiadomosci\\\/dodatkowa-para-torow-na-trasie-gliwice-katowice-pociagi-maja-kursowac-co-kilkanascie-minut\\\/#primaryimage\"},\"image\":{\"@id\":\"https:\\\/\\\/www.24gliwice.pl\\\/wiadomosci\\\/dodatkowa-para-torow-na-trasie-gliwice-katowice-pociagi-maja-kursowac-co-kilkanascie-minut\\\/#primaryimage\"},\"thumbnailUrl\":\"https:\\\/\\\/www.24gliwice.pl\\\/wiadomosci\\\/wp-content\\\/uploads\\\/2019\\\/12\\\/1-tory-pociag-kolej.jpg\",\"datePublished\":\"2021-12-07T00:54:09+00:00\",\"breadcrumb\":{\"@id\":\"https:\\\/\\\/www.24gliwice.pl\\\/wiadomosci\\\/dodatkowa-para-torow-na-trasie-gliwice-katowice-pociagi-maja-kursowac-co-kilkanascie-minut\\\/#breadcrumb\"},\"inLanguage\":\"pl-PL\",\"potentialAction\":[{\"@type\":\"ReadAction\",\"target\":[\"https:\\\/\\\/www.24gliwice.pl\\\/wiadomosci\\\/dodatkowa-para-torow-na-trasie-gliwice-katowice-pociagi-maja-kursowac-co-kilkanascie-minut\\\/\"]}]},{\"@type\":\"ImageObject\",\"inLanguage\":\"pl-PL\",\"@id\":\"https:\\\/\\\/www.24gliwice.pl\\\/wiadomosci\\\/dodatkowa-para-torow-na-trasie-gliwice-katowice-pociagi-maja-kursowac-co-kilkanascie-minut\\\/#primaryimage\",\"url\":\"https:\\\/\\\/www.24gliwice.pl\\\/wiadomosci\\\/wp-content\\\/uploads\\\/2019\\\/12\\\/1-tory-pociag-kolej.jpg\",\"contentUrl\":\"https:\\\/\\\/www.24gliwice.pl\\\/wiadomosci\\\/wp-content\\\/uploads\\\/2019\\\/12\\\/1-tory-pociag-kolej.jpg\",\"width\":810,\"height\":456},{\"@type\":\"BreadcrumbList\",\"@id\":\"https:\\\/\\\/www.24gliwice.pl\\\/wiadomosci\\\/dodatkowa-para-torow-na-trasie-gliwice-katowice-pociagi-maja-kursowac-co-kilkanascie-minut\\\/#breadcrumb\",\"itemListElement\":[{\"@type\":\"ListItem\",\"position\":1,\"name\":\"Strona g\u0142\u00f3wna\",\"item\":\"https:\\\/\\\/www.24gliwice.pl\\\/wiadomosci\\\/\"},{\"@type\":\"ListItem\",\"position\":2,\"name\":\"Dodatkowa para tor\u00f3w na trasie Gliwice-Katowice. Poci\u0105gi maj\u0105 kursowa\u0107 co kilkana\u015bcie minut\"}]},{\"@type\":\"WebSite\",\"@id\":\"https:\\\/\\\/www.24gliwice.pl\\\/wiadomosci\\\/#website\",\"url\":\"https:\\\/\\\/www.24gliwice.pl\\\/wiadomosci\\\/\",\"name\":\"24GLIWICE - Portal Gliwice | codziennie nowe wiadomo\u015bci\",\"description\":\"Portal Miejski Gliwice\",\"publisher\":{\"@id\":\"https:\\\/\\\/www.24gliwice.pl\\\/wiadomosci\\\/#organization\"},\"potentialAction\":[{\"@type\":\"SearchAction\",\"target\":{\"@type\":\"EntryPoint\",\"urlTemplate\":\"https:\\\/\\\/www.24gliwice.pl\\\/wiadomosci\\\/?s={search_term_string}\"},\"query-input\":{\"@type\":\"PropertyValueSpecification\",\"valueRequired\":true,\"valueName\":\"search_term_string\"}}],\"inLanguage\":\"pl-PL\"},{\"@type\":\"Organization\",\"@id\":\"https:\\\/\\\/www.24gliwice.pl\\\/wiadomosci\\\/#organization\",\"name\":\"24gliwice\",\"url\":\"https:\\\/\\\/www.24gliwice.pl\\\/wiadomosci\\\/\",\"logo\":{\"@type\":\"ImageObject\",\"inLanguage\":\"pl-PL\",\"@id\":\"https:\\\/\\\/www.24gliwice.pl\\\/wiadomosci\\\/#\\\/schema\\\/logo\\\/image\\\/\",\"url\":\"https:\\\/\\\/www.24gliwice.pl\\\/wiadomosci\\\/wp-content\\\/uploads\\\/2024\\\/10\\\/24gliwice-logo-696.jpg\",\"contentUrl\":\"https:\\\/\\\/www.24gliwice.pl\\\/wiadomosci\\\/wp-content\\\/uploads\\\/2024\\\/10\\\/24gliwice-logo-696.jpg\",\"width\":696,\"height\":696,\"caption\":\"24gliwice\"},\"image\":{\"@id\":\"https:\\\/\\\/www.24gliwice.pl\\\/wiadomosci\\\/#\\\/schema\\\/logo\\\/image\\\/\"},\"sameAs\":[\"https:\\\/\\\/www.facebook.com\\\/24gliwice\",\"https:\\\/\\\/x.com\\\/24gliwice\",\"https:\\\/\\\/www.youtube.com\\\/@24gliwice\"]},{\"@type\":\"Person\",\"@id\":\"https:\\\/\\\/www.24gliwice.pl\\\/wiadomosci\\\/#\\\/schema\\\/person\\\/e42c650edd7f2fa332be3811fb166b6e\",\"name\":\"\u017baneta Mrozek-Siewierska\",\"image\":{\"@type\":\"ImageObject\",\"inLanguage\":\"pl-PL\",\"@id\":\"https:\\\/\\\/www.24gliwice.pl\\\/wiadomosci\\\/wp-content\\\/uploads\\\/2021\\\/11\\\/Zaneta-M_S-zdjecie-czb-96x96.jpg\",\"url\":\"https:\\\/\\\/www.24gliwice.pl\\\/wiadomosci\\\/wp-content\\\/uploads\\\/2021\\\/11\\\/Zaneta-M_S-zdjecie-czb-96x96.jpg\",\"contentUrl\":\"https:\\\/\\\/www.24gliwice.pl\\\/wiadomosci\\\/wp-content\\\/uploads\\\/2021\\\/11\\\/Zaneta-M_S-zdjecie-czb-96x96.jpg\",\"caption\":\"\u017baneta Mrozek-Siewierska\"},\"url\":\"https:\\\/\\\/www.24gliwice.pl\\\/wiadomosci\\\/author\\\/zms\\\/\"}]}<\/script>\n<!-- \/ Yoast SEO plugin. -->","yoast_head_json":{"title":"Dodatkowa para tor\u00f3w na trasie Gliwice-Katowice. Poci\u0105gi maj\u0105 kursowa\u0107 co kilkana\u015bcie minut - 24GLIWICE - Portal Gliwice | codziennie nowe informacje","robots":{"index":"index","follow":"follow","max-snippet":"max-snippet:-1","max-image-preview":"max-image-preview:large","max-video-preview":"max-video-preview:-1"},"canonical":"https:\/\/www.24gliwice.pl\/wiadomosci\/dodatkowa-para-torow-na-trasie-gliwice-katowice-pociagi-maja-kursowac-co-kilkanascie-minut\/","og_locale":"pl_PL","og_type":"article","og_title":"Dodatkowa para tor\u00f3w na trasie Gliwice-Katowice. Poci\u0105gi maj\u0105 kursowa\u0107 co kilkana\u015bcie minut - 24GLIWICE - Portal Gliwice | codziennie nowe informacje","og_description":"Budowa drugiej pary tor\u00f3w na trasie Gliwice-Katowice oddzieli ruch dalekobie\u017cny od aglomeracyjnego i usprawni podr\u00f3\u017cowanie poci\u0105gami po GZM. W pi\u0105tek (3 grudnia) podpisano umow\u0119 na opracowanie studium wykonalno\u015bci dla tej inwestycji. &nbsp; Dokument pozwoli okre\u015bli\u0107 zakres projektu, jego efekty oraz koszty realizacji. Wydzielone tory na trasie Gliwice-Katowice, czyli linii kolejowej nr 137, to kolejny krok [&hellip;]","og_url":"https:\/\/www.24gliwice.pl\/wiadomosci\/dodatkowa-para-torow-na-trasie-gliwice-katowice-pociagi-maja-kursowac-co-kilkanascie-minut\/","og_site_name":"24GLIWICE - Portal Gliwice | codziennie nowe informacje","article_publisher":"https:\/\/www.facebook.com\/24gliwice","article_published_time":"2021-12-07T00:54:09+00:00","og_image":[{"width":810,"height":456,"url":"https:\/\/www.24gliwice.pl\/wiadomosci\/wp-content\/uploads\/2019\/12\/1-tory-pociag-kolej.jpg","type":"image\/jpeg"}],"author":"\u017baneta Mrozek-Siewierska","twitter_card":"summary_large_image","twitter_creator":"@24gliwice","twitter_site":"@24gliwice","twitter_misc":{"Napisane przez":"\u017baneta Mrozek-Siewierska","Szacowany czas czytania":"1 minuta"},"schema":{"@context":"https:\/\/schema.org","@graph":[{"@type":"Article","@id":"https:\/\/www.24gliwice.pl\/wiadomosci\/dodatkowa-para-torow-na-trasie-gliwice-katowice-pociagi-maja-kursowac-co-kilkanascie-minut\/#article","isPartOf":{"@id":"https:\/\/www.24gliwice.pl\/wiadomosci\/dodatkowa-para-torow-na-trasie-gliwice-katowice-pociagi-maja-kursowac-co-kilkanascie-minut\/"},"author":{"name":"\u017baneta Mrozek-Siewierska","@id":"https:\/\/www.24gliwice.pl\/wiadomosci\/#\/schema\/person\/e42c650edd7f2fa332be3811fb166b6e"},"headline":"Dodatkowa para tor\u00f3w na trasie Gliwice-Katowice. Poci\u0105gi maj\u0105 kursowa\u0107 co kilkana\u015bcie minut","datePublished":"2021-12-07T00:54:09+00:00","mainEntityOfPage":{"@id":"https:\/\/www.24gliwice.pl\/wiadomosci\/dodatkowa-para-torow-na-trasie-gliwice-katowice-pociagi-maja-kursowac-co-kilkanascie-minut\/"},"wordCount":306,"commentCount":0,"publisher":{"@id":"https:\/\/www.24gliwice.pl\/wiadomosci\/#organization"},"image":{"@id":"https:\/\/www.24gliwice.pl\/wiadomosci\/dodatkowa-para-torow-na-trasie-gliwice-katowice-pociagi-maja-kursowac-co-kilkanascie-minut\/#primaryimage"},"thumbnailUrl":"https:\/\/www.24gliwice.pl\/wiadomosci\/wp-content\/uploads\/2019\/12\/1-tory-pociag-kolej.jpg","keywords":["transport kolejowy"],"articleSection":["Gliwice","Najnowsze wiadomo\u015bci","Portal Gliwice - Wiadomo\u015bci lokalne","Samorz\u0105d, polityka"],"inLanguage":"pl-PL","potentialAction":[{"@type":"CommentAction","name":"Comment","target":["https:\/\/www.24gliwice.pl\/wiadomosci\/dodatkowa-para-torow-na-trasie-gliwice-katowice-pociagi-maja-kursowac-co-kilkanascie-minut\/#respond"]}]},{"@type":"WebPage","@id":"https:\/\/www.24gliwice.pl\/wiadomosci\/dodatkowa-para-torow-na-trasie-gliwice-katowice-pociagi-maja-kursowac-co-kilkanascie-minut\/","url":"https:\/\/www.24gliwice.pl\/wiadomosci\/dodatkowa-para-torow-na-trasie-gliwice-katowice-pociagi-maja-kursowac-co-kilkanascie-minut\/","name":"Dodatkowa para tor\u00f3w na trasie Gliwice-Katowice. Poci\u0105gi maj\u0105 kursowa\u0107 co kilkana\u015bcie minut - 24GLIWICE - Portal Gliwice | codziennie nowe informacje","isPartOf":{"@id":"https:\/\/www.24gliwice.pl\/wiadomosci\/#website"},"primaryImageOfPage":{"@id":"https:\/\/www.24gliwice.pl\/wiadomosci\/dodatkowa-para-torow-na-trasie-gliwice-katowice-pociagi-maja-kursowac-co-kilkanascie-minut\/#primaryimage"},"image":{"@id":"https:\/\/www.24gliwice.pl\/wiadomosci\/dodatkowa-para-torow-na-trasie-gliwice-katowice-pociagi-maja-kursowac-co-kilkanascie-minut\/#primaryimage"},"thumbnailUrl":"https:\/\/www.24gliwice.pl\/wiadomosci\/wp-content\/uploads\/2019\/12\/1-tory-pociag-kolej.jpg","datePublished":"2021-12-07T00:54:09+00:00","breadcrumb":{"@id":"https:\/\/www.24gliwice.pl\/wiadomosci\/dodatkowa-para-torow-na-trasie-gliwice-katowice-pociagi-maja-kursowac-co-kilkanascie-minut\/#breadcrumb"},"inLanguage":"pl-PL","potentialAction":[{"@type":"ReadAction","target":["https:\/\/www.24gliwice.pl\/wiadomosci\/dodatkowa-para-torow-na-trasie-gliwice-katowice-pociagi-maja-kursowac-co-kilkanascie-minut\/"]}]},{"@type":"ImageObject","inLanguage":"pl-PL","@id":"https:\/\/www.24gliwice.pl\/wiadomosci\/dodatkowa-para-torow-na-trasie-gliwice-katowice-pociagi-maja-kursowac-co-kilkanascie-minut\/#primaryimage","url":"https:\/\/www.24gliwice.pl\/wiadomosci\/wp-content\/uploads\/2019\/12\/1-tory-pociag-kolej.jpg","contentUrl":"https:\/\/www.24gliwice.pl\/wiadomosci\/wp-content\/uploads\/2019\/12\/1-tory-pociag-kolej.jpg","width":810,"height":456},{"@type":"BreadcrumbList","@id":"https:\/\/www.24gliwice.pl\/wiadomosci\/dodatkowa-para-torow-na-trasie-gliwice-katowice-pociagi-maja-kursowac-co-kilkanascie-minut\/#breadcrumb","itemListElement":[{"@type":"ListItem","position":1,"name":"Strona g\u0142\u00f3wna","item":"https:\/\/www.24gliwice.pl\/wiadomosci\/"},{"@type":"ListItem","position":2,"name":"Dodatkowa para tor\u00f3w na trasie Gliwice-Katowice. Poci\u0105gi maj\u0105 kursowa\u0107 co kilkana\u015bcie minut"}]},{"@type":"WebSite","@id":"https:\/\/www.24gliwice.pl\/wiadomosci\/#website","url":"https:\/\/www.24gliwice.pl\/wiadomosci\/","name":"24GLIWICE - Portal Gliwice | codziennie nowe wiadomo\u015bci","description":"Portal Miejski Gliwice","publisher":{"@id":"https:\/\/www.24gliwice.pl\/wiadomosci\/#organization"},"potentialAction":[{"@type":"SearchAction","target":{"@type":"EntryPoint","urlTemplate":"https:\/\/www.24gliwice.pl\/wiadomosci\/?s={search_term_string}"},"query-input":{"@type":"PropertyValueSpecification","valueRequired":true,"valueName":"search_term_string"}}],"inLanguage":"pl-PL"},{"@type":"Organization","@id":"https:\/\/www.24gliwice.pl\/wiadomosci\/#organization","name":"24gliwice","url":"https:\/\/www.24gliwice.pl\/wiadomosci\/","logo":{"@type":"ImageObject","inLanguage":"pl-PL","@id":"https:\/\/www.24gliwice.pl\/wiadomosci\/#\/schema\/logo\/image\/","url":"https:\/\/www.24gliwice.pl\/wiadomosci\/wp-content\/uploads\/2024\/10\/24gliwice-logo-696.jpg","contentUrl":"https:\/\/www.24gliwice.pl\/wiadomosci\/wp-content\/uploads\/2024\/10\/24gliwice-logo-696.jpg","width":696,"height":696,"caption":"24gliwice"},"image":{"@id":"https:\/\/www.24gliwice.pl\/wiadomosci\/#\/schema\/logo\/image\/"},"sameAs":["https:\/\/www.facebook.com\/24gliwice","https:\/\/x.com\/24gliwice","https:\/\/www.youtube.com\/@24gliwice"]},{"@type":"Person","@id":"https:\/\/www.24gliwice.pl\/wiadomosci\/#\/schema\/person\/e42c650edd7f2fa332be3811fb166b6e","name":"\u017baneta Mrozek-Siewierska","image":{"@type":"ImageObject","inLanguage":"pl-PL","@id":"https:\/\/www.24gliwice.pl\/wiadomosci\/wp-content\/uploads\/2021\/11\/Zaneta-M_S-zdjecie-czb-96x96.jpg","url":"https:\/\/www.24gliwice.pl\/wiadomosci\/wp-content\/uploads\/2021\/11\/Zaneta-M_S-zdjecie-czb-96x96.jpg","contentUrl":"https:\/\/www.24gliwice.pl\/wiadomosci\/wp-content\/uploads\/2021\/11\/Zaneta-M_S-zdjecie-czb-96x96.jpg","caption":"\u017baneta Mrozek-Siewierska"},"url":"https:\/\/www.24gliwice.pl\/wiadomosci\/author\/zms\/"}]}},"_links":{"self":[{"href":"https:\/\/www.24gliwice.pl\/wiadomosci\/wp-json\/wp\/v2\/posts\/182202","targetHints":{"allow":["GET"]}}],"collection":[{"href":"https:\/\/www.24gliwice.pl\/wiadomosci\/wp-json\/wp\/v2\/posts"}],"about":[{"href":"https:\/\/www.24gliwice.pl\/wiadomosci\/wp-json\/wp\/v2\/types\/post"}],"author":[{"embeddable":true,"href":"https:\/\/www.24gliwice.pl\/wiadomosci\/wp-json\/wp\/v2\/users\/15"}],"replies":[{"embeddable":true,"href":"https:\/\/www.24gliwice.pl\/wiadomosci\/wp-json\/wp\/v2\/comments?post=182202"}],"version-history":[{"count":6,"href":"https:\/\/www.24gliwice.pl\/wiadomosci\/wp-json\/wp\/v2\/posts\/182202\/revisions"}],"predecessor-version":[{"id":182226,"href":"https:\/\/www.24gliwice.pl\/wiadomosci\/wp-json\/wp\/v2\/posts\/182202\/revisions\/182226"}],"wp:featuredmedia":[{"embeddable":true,"href":"https:\/\/www.24gliwice.pl\/wiadomosci\/wp-json\/wp\/v2\/media\/145207"}],"wp:attachment":[{"href":"https:\/\/www.24gliwice.pl\/wiadomosci\/wp-json\/wp\/v2\/media?parent=182202"}],"wp:term":[{"taxonomy":"category","embeddable":true,"href":"https:\/\/www.24gliwice.pl\/wiadomosci\/wp-json\/wp\/v2\/categories?post=182202"},{"taxonomy":"post_tag","embeddable":true,"href":"https:\/\/www.24gliwice.pl\/wiadomosci\/wp-json\/wp\/v2\/tags?post=182202"}],"curies":[{"name":"wp","href":"https:\/\/api.w.org\/{rel}","templated":true}]}}