{"id":182323,"date":"2021-12-08T00:23:55","date_gmt":"2021-12-07T23:23:55","guid":{"rendered":"https:\/\/www.24gliwice.pl\/wiadomosci\/?p=182323"},"modified":"2021-12-09T13:58:27","modified_gmt":"2021-12-09T12:58:27","slug":"pokaz-filmu-szarlatan-w-kinie-amok-z-udzialem-gosci-specjalnych-wstep-na-wydarzenie-jest-wolny","status":"publish","type":"post","link":"https:\/\/www.24gliwice.pl\/wiadomosci\/pokaz-filmu-szarlatan-w-kinie-amok-z-udzialem-gosci-specjalnych-wstep-na-wydarzenie-jest-wolny\/","title":{"rendered":"Pokaz filmu &#8220;Szarlatan&#8221; w kinie Amok z udzia\u0142em go\u015bci specjalnych. Wst\u0119p na wydarzenie jest wolny"},"content":{"rendered":"<div class=\"gliwi-a6-nad-leadem-artykulow gliwi-entity-placement\" id=\"gliwi-3363917215\"><div class=\"gliwi-adlabel\"><span style=\"font-size: 9px\">REKLAMA<\/span><\/div><div id=\"gliwi-1285631410\" style=\"margin-bottom: 25px;margin-left: auto;margin-right: auto;text-align: center;\"><a data-no-instant=\"1\" href=\"https:\/\/dom100.eu\/\" rel=\"noopener\" class=\"a2t-link\" target=\"_blank\" aria-label=\"20260415 DOM100 D\"><img loading=\"lazy\" decoding=\"async\" src=\"https:\/\/www.24gliwice.pl\/wiadomosci\/wp-content\/uploads\/2026\/04\/20260415-DOM100-D.jpg\" alt=\"\"  srcset=\"https:\/\/www.24gliwice.pl\/wiadomosci\/wp-content\/uploads\/2026\/04\/20260415-DOM100-D.jpg 750w, https:\/\/www.24gliwice.pl\/wiadomosci\/wp-content\/uploads\/2026\/04\/20260415-DOM100-D-410x109.jpg 410w\" sizes=\"(max-width: 750px) 100vw, 750px\" class=\"no-lazyload\" width=\"750\" height=\"200\"  style=\"display: inline-block; max-width: 100%; height: auto;\" \/><\/a><\/div><\/div><h2>Pokaz filmu &#8220;Szarlatan&#8221; w re\u017c. Agnieszki Holland w kinie Amok zaplanowano w najbli\u017cszy czwartek, 9 grudnia o godzinie 19:00. Wst\u0119p jest wolny &#8211; trzeba odebra\u0107 w kasie bezp\u0142atn\u0105 wej\u015bci\u00f3wk\u0119.<\/h2>\n<p>&nbsp;<br \/>\nTego dnia kino AMOK, jako jedno z kilkudziesi\u0119ciu kin w Europie, b\u0119dzie gospodarzem 4. edycji European Cinema Night.<\/p>\n<p>Inicjatywa ma na celu dotarcie do widz\u00f3w, kt\u00f3rzy b\u0119d\u0105 wsp\u00f3lnie \u015bwi\u0119towa\u0107 bogactwo europejskiego kina. European Cinema Night to seria bezp\u0142atnych pokaz\u00f3w europejskich film\u00f3w, kt\u00f3re powsta\u0142y ze wsparciem programu Kreatywna Europa komponentu MEDIA. W ramach 4. edycji wydarzenia zaprezentowanych b\u0119dzie \u0142\u0105cznie ponad 45 r\u00f3\u017cnych film\u00f3w ze znakiem MEDIA, prezentuj\u0105cych bogactwo i r\u00f3\u017cnorodno\u015b\u0107 europejskiego kina.<\/p><div class=\"gliwi-a3-w-tresci-artykulow gliwi-entity-placement\" id=\"gliwi-3196435323\"><div class=\"gliwi-adlabel\"><span style=\"font-size: 9px\">REKLAMA<\/span><\/div><div id=\"gliwi-4110338259\" style=\"margin-bottom: 30px;margin-left: auto;margin-right: auto;text-align: center;\"><a data-no-instant=\"1\" href=\"https:\/\/zlobek.halogen.org.pl\/\" rel=\"noopener\" class=\"a2t-link\" target=\"_blank\" aria-label=\"animator-zlobek_750x200\"><img loading=\"lazy\" decoding=\"async\" src=\"https:\/\/www.24gliwice.pl\/wiadomosci\/wp-content\/uploads\/2026\/02\/animator-zlobek_750x200.webp\" alt=\"\"  srcset=\"https:\/\/www.24gliwice.pl\/wiadomosci\/wp-content\/uploads\/2026\/02\/animator-zlobek_750x200.webp 750w, https:\/\/www.24gliwice.pl\/wiadomosci\/wp-content\/uploads\/2026\/02\/animator-zlobek_750x200-410x109.webp 410w\" sizes=\"(max-width: 750px) 100vw, 750px\" class=\"no-lazyload\" width=\"750\" height=\"200\"  style=\"display: inline-block; max-width: 100%; height: auto;\" \/><\/a><\/div><\/div>\n<h4>Opis fabu\u0142y<\/h4>\n<p>Czechos\u0142owacki zielarz oraz uzdrowiciel Jan Mikol\u00e1\u0161ek by\u0142 cz\u0142owiekiem wielu tajemnic, a jego dokonania powodowa\u0142y w latach 30., 40. i 50. XX wieku. mn\u00f3stwo pozytywnych i negatywnych emocji. Ludzie r\u00f3\u017cnych klas spo\u0142ecznych szukali u niego remedi\u00f3w na swe fizyczne i mentalne problemy, g\u0142\u0119boko wierz\u0105c, i\u017c Mikol\u00e1\u0161ek b\u0119dzie w stanie postawi\u0107 trafn\u0105 diagnoz\u0119, wpatruj\u0105c si\u0119 w kolor i konsystencj\u0119 przynoszonych mu pr\u00f3bek moczu.<\/p>\n<p>Zielarz leczy\u0142 wszystkich, i biednych, i bogatych, i obywateli Czechos\u0142owacji, zar\u00f3wno nazistowskich oficjeli, kt\u00f3rzy jego ukochany kraj okupowali, jak i komunistycznych dygnitarzy nowej rzeczywisto\u015bci zrodzonej po II wojnie \u015bwiatowej. Mikol\u00e1\u0161ek sta\u0142 si\u0119 przez lata istnym celebryt\u0105, ludowym bohaterem bardziej znanym od polityk\u00f3w i przedstawicieli \u015bwiata rozrywki, ale w pewnym momencie musia\u0142 nast\u0105pi\u0107 komu\u015b na odcisk.<\/p>\n<h4>Film opowiada jego s\u0142odko-gorzk\u0105 histori\u0119, rozpisan\u0105 na kilkadziesi\u0105t lat, ukazuj\u0105c cz\u0142owieka rozdartego mi\u0119dzy wykorzystywaniem swych umiej\u0119tno\u015bci do pomagania ludziom a uleganiem \u017c\u0105dzom, z kt\u00f3rymi walczy\u0107 nie potrafi\u0142.<\/h4>\n<p>Przywo\u0142uj\u0105c legendarn\u0105 posta\u0107 czeskiego zielarza, re\u017cyserka wydobywa na \u015bwiat\u0142o dzienne jego tajemnice, emocje i pragnienia, na kt\u00f3re jedynym lekarstwem jest fanatyczne oddanie pracy. \u201eSzarlatan\u201d pokazuje, \u017ce talent bywa przekle\u0144stwem, a w\u0142adza zawsze \u0142\u0105czy si\u0119 z pych\u0105.<\/p>\n<p><iframe loading=\"lazy\" title=\"YouTube video player\" src=\"https:\/\/www.youtube.com\/embed\/2W_JVm_VeAQ\" width=\"810\" height=\"455\" frameborder=\"0\" allowfullscreen=\"allowfullscreen\"><\/iframe><\/p>\n<p>Tworz\u0105c fascynuj\u0105c\u0105, pe\u0142n\u0105 sprzeczno\u015bci posta\u0107 uzdrowiciela, <strong>Agnieszka Holland<\/strong> ucieka od odpowiedzi na pytanie, czy by\u0142 ludowym lekarzem czy zwyk\u0142ym oszustem. Prawda, kt\u00f3ra j\u0105 interesuje, dotyczy naszej wiary w cuda, t\u0119sknoty za autorytetem, pragnienia, by \u017cy\u0107 w zgodzie z natur\u0105 \u2013 tak\u017ce nasz\u0105 w\u0142asn\u0105. Czeski Lew za najlepszy film, re\u017cyseri\u0119, zdj\u0119cia, rol\u0119 m\u0119sk\u0105, d\u017awi\u0119k.<\/p>\n<p><a href=\"https:\/\/www.24gliwice.pl\/wiadomosci\/wp-content\/uploads\/2021\/12\/Szarlatan_plakatPL_HQ_bez_patronow-scaled-1.jpg\"><img loading=\"lazy\" decoding=\"async\" class=\"alignnone  wp-image-182344\" src=\"https:\/\/www.24gliwice.pl\/wiadomosci\/wp-content\/uploads\/2021\/12\/Szarlatan_plakatPL_HQ_bez_patronow-scaled-1.jpg\" alt=\"\" width=\"884\" height=\"1272\" srcset=\"https:\/\/www.24gliwice.pl\/wiadomosci\/wp-content\/uploads\/2021\/12\/Szarlatan_plakatPL_HQ_bez_patronow-scaled-1.jpg 563w, https:\/\/www.24gliwice.pl\/wiadomosci\/wp-content\/uploads\/2021\/12\/Szarlatan_plakatPL_HQ_bez_patronow-scaled-1-161x232.jpg 161w, https:\/\/www.24gliwice.pl\/wiadomosci\/wp-content\/uploads\/2021\/12\/Szarlatan_plakatPL_HQ_bez_patronow-scaled-1-316x455.jpg 316w\" sizes=\"auto, (max-width: 884px) 100vw, 884px\" \/><\/a><\/p>\n<h4>Pokaz filmu z udzia\u0142em go\u015bci specjalnych<\/h4>\n<p>Czwartkowa projekcja filmu &#8220;Szarlatan&#8221; odb\u0119dzie si\u0119 z udzia\u0142em go\u015bci specjalnych &#8211; t\u0142umacza <strong>Andrzeja Jagodzi\u0144skiego<\/strong> oraz krytka filmowego <strong>\u0141ukasza Maciejewskiego<\/strong>. B\u0119dzie to okazja do dyskusji.<\/p>\n<ul>\n<li>ANDRZEJ JAGODZI\u0143SKI, t\u0142umacz literatury czeskiej i s\u0142owackiej, publicysta, dziennikarz, korespondent \u201eGazety Wyborczej\u201d w Pradze i Bratys\u0142awie. W latach 2003-2006 by\u0142 dyrektorem Mi\u0119dzynarodowego Funduszu Wyszehradzkiego. By\u0142 tak\u017ce dyrektorem Instytutu Polskiego w Pradze i Instytutu Polskiego w Bratys\u0142awie. Redaktor \u201eLiteratury na \u015bwiecie\u201d, cz\u0142onek Polskiego PEN Clubu. Ma na swoim koncie liczne przek\u0142ady ksi\u0105\u017cek m.in: Milana Kundery, Bohumila Hrabala, V\u00e1clava Havla, Josefa \u0160kvoreckiego, Ji\u0159\u00edego Gru\u0161y. W 2009 roku otrzyma\u0142 Literack\u0105 Nagrod\u0119 Europy \u015arodkowej \u201eAngelus\u201d za przek\u0142ad \u201ePrzypadk\u00f3w in\u017cyniera ludzkich dusz\u201d Josefa \u0160kvoreckiego. T\u0142umaczy\u0142 scenariusz filmu \u2018Szarlatan\u201d.<\/li>\n<li>\u0141UKASZ MACIEJEWSKI \u2013 Filmoznawca, krytyk filmowy i teatralny, asystent na Wydziale Aktorskim w Szkole Filmowej w \u0141odzi. Dyrektor artystyczny festiwalu \u201eKino na Granicy\u201d w Cieszynie. Juror kilkudziesi\u0119ciu festiwali filmowych, m.in. w Rabacie, Montrealu, Karlowych Warach, Podgoricy, Agadirze, Skopje, Cottbus, Austin i Pusanie. Cz\u0142onek Europejskiej Akademii Filmowej i \u015awiatowego Stowarzyszenia Krytyk\u00f3w Filmowych \u201eFipresci\u201d. Recenzent i felietonista \u201eOnetu\u201d, laureat Nagrody PISF w kategoriach \u201eksi\u0105\u017cka roku\u201d i \u201ekrytyk roku\u201d. Cz\u0142onek kapitu\u0142y \u201ePaszport\u00f3w Polityki\u201d, kurator filmowy Ma\u0142opolskiego Ogrodu Sztuki w Krakowie. Publikuje m.in. w: \u201eKalejdoskopie Kultury\u201d, \u201eTeatrze\u201d, \u201eMagazynie ZAIKS\u201d, \u201eNewsweeku\u201d, \u201eJazz Forum\u201d. Sta\u0142y komentator \u201eNowego Tygodnika Kulturalnego\u201d oraz \u201eAktualno\u015bci Filmowych\u201d Canal Plus. Autor i wsp\u00f3\u0142autor wielu ksi\u0105\u017cek, m.in. wywiad\u00f3w rzek z <strong>Jerzym Radziwi\u0142owiczem i Danut\u0105 Stenk\u0105 <\/strong>oraz trzech tom\u00f3w \u201cAktorek\u201d.<\/li>\n<\/ul>\n<p>(\u017cms)\/Amok Gliwice<br \/>\nFot. Filip Szkopin\u0301ski<\/p>\n<div class=\"gliwi-a5-na-koncu-artykulow gliwi-entity-placement\" id=\"gliwi-334627767\"><div class=\"gliwi-adlabel\"><span style=\"font-size: 9px\">REKLAMA<\/span><\/div><div id=\"gliwi-983683081\" style=\"margin-left: auto;margin-right: auto;text-align: center;\"><a data-no-instant=\"1\" href=\"https:\/\/prezeroarenagliwice.pl\/\" rel=\"noopener\" class=\"a2t-link\" target=\"_blank\" aria-label=\"20260309-PREZERO-WIOSNA-D\"><img loading=\"lazy\" decoding=\"async\" src=\"https:\/\/www.24gliwice.pl\/wiadomosci\/wp-content\/uploads\/2026\/03\/20260309-PREZERO-WIOSNA-D.webp\" alt=\"\"  srcset=\"https:\/\/www.24gliwice.pl\/wiadomosci\/wp-content\/uploads\/2026\/03\/20260309-PREZERO-WIOSNA-D.webp 750w, https:\/\/www.24gliwice.pl\/wiadomosci\/wp-content\/uploads\/2026\/03\/20260309-PREZERO-WIOSNA-D-410x109.webp 410w\" sizes=\"(max-width: 750px) 100vw, 750px\" class=\"no-lazyload\" width=\"750\" height=\"200\"  style=\"display: inline-block; max-width: 100%; height: auto;\" \/><\/a><\/div><\/div>","protected":false},"excerpt":{"rendered":"<p>Pokaz filmu &#8220;Szarlatan&#8221; w re\u017c. Agnieszki Holland w kinie Amok zaplanowano w najbli\u017cszy czwartek, 9 grudnia o godzinie 19:00. Wst\u0119p jest wolny &#8211; trzeba odebra\u0107 w kasie bezp\u0142atn\u0105 wej\u015bci\u00f3wk\u0119. &nbsp; Tego dnia kino AMOK, jako jedno z kilkudziesi\u0119ciu kin w Europie, b\u0119dzie gospodarzem 4. edycji European Cinema Night. Inicjatywa ma na celu dotarcie do widz\u00f3w, [&hellip;]<\/p>\n","protected":false},"author":15,"featured_media":135203,"comment_status":"open","ping_status":"closed","sticky":false,"template":"","format":"standard","meta":{"_monsterinsights_skip_tracking":false,"_monsterinsights_sitenote_active":false,"_monsterinsights_sitenote_note":"","_monsterinsights_sitenote_category":0,"footnotes":"","_links_to":"","_links_to_target":""},"categories":[3,6,1],"tags":[6917],"class_list":["post-182323","post","type-post","status-publish","format-standard","has-post-thumbnail","hentry","category-gliwice","category-kultura","category-wszystko","tag-amok-gliwice"],"yoast_head":"<!-- This site is optimized with the Yoast SEO plugin v27.4 - https:\/\/yoast.com\/product\/yoast-seo-wordpress\/ -->\n<title>Pokaz filmu &quot;Szarlatan&quot; w kinie Amok z udzia\u0142em go\u015bci specjalnych. Wst\u0119p na wydarzenie jest wolny - 24GLIWICE - Portal Gliwice | codziennie nowe informacje<\/title>\n<meta name=\"robots\" content=\"index, follow, max-snippet:-1, max-image-preview:large, max-video-preview:-1\" \/>\n<link rel=\"canonical\" href=\"https:\/\/www.24gliwice.pl\/wiadomosci\/pokaz-filmu-szarlatan-w-kinie-amok-z-udzialem-gosci-specjalnych-wstep-na-wydarzenie-jest-wolny\/\" \/>\n<meta property=\"og:locale\" content=\"pl_PL\" \/>\n<meta property=\"og:type\" content=\"article\" \/>\n<meta property=\"og:title\" content=\"Pokaz filmu &quot;Szarlatan&quot; w kinie Amok z udzia\u0142em go\u015bci specjalnych. Wst\u0119p na wydarzenie jest wolny - 24GLIWICE - Portal Gliwice | codziennie nowe informacje\" \/>\n<meta property=\"og:description\" content=\"Pokaz filmu &#8220;Szarlatan&#8221; w re\u017c. Agnieszki Holland w kinie Amok zaplanowano w najbli\u017cszy czwartek, 9 grudnia o godzinie 19:00. Wst\u0119p jest wolny &#8211; trzeba odebra\u0107 w kasie bezp\u0142atn\u0105 wej\u015bci\u00f3wk\u0119. &nbsp; Tego dnia kino AMOK, jako jedno z kilkudziesi\u0119ciu kin w Europie, b\u0119dzie gospodarzem 4. edycji European Cinema Night. Inicjatywa ma na celu dotarcie do widz\u00f3w, [&hellip;]\" \/>\n<meta property=\"og:url\" content=\"https:\/\/www.24gliwice.pl\/wiadomosci\/pokaz-filmu-szarlatan-w-kinie-amok-z-udzialem-gosci-specjalnych-wstep-na-wydarzenie-jest-wolny\/\" \/>\n<meta property=\"og:site_name\" content=\"24GLIWICE - Portal Gliwice | codziennie nowe informacje\" \/>\n<meta property=\"article:publisher\" content=\"https:\/\/www.facebook.com\/24gliwice\" \/>\n<meta property=\"article:published_time\" content=\"2021-12-07T23:23:55+00:00\" \/>\n<meta property=\"article:modified_time\" content=\"2021-12-09T12:58:27+00:00\" \/>\n<meta property=\"og:image\" content=\"https:\/\/www.24gliwice.pl\/wiadomosci\/wp-content\/uploads\/2019\/05\/1-kino-amok.jpg\" \/>\n\t<meta property=\"og:image:width\" content=\"810\" \/>\n\t<meta property=\"og:image:height\" content=\"456\" \/>\n\t<meta property=\"og:image:type\" content=\"image\/jpeg\" \/>\n<meta name=\"author\" content=\"\u017baneta Mrozek-Siewierska\" \/>\n<meta name=\"twitter:card\" content=\"summary_large_image\" \/>\n<meta name=\"twitter:creator\" content=\"@24gliwice\" \/>\n<meta name=\"twitter:site\" content=\"@24gliwice\" \/>\n<meta name=\"twitter:label1\" content=\"Napisane przez\" \/>\n\t<meta name=\"twitter:data1\" content=\"\u017baneta Mrozek-Siewierska\" \/>\n\t<meta name=\"twitter:label2\" content=\"Szacowany czas czytania\" \/>\n\t<meta name=\"twitter:data2\" content=\"3 minuty\" \/>\n<script type=\"application\/ld+json\" class=\"yoast-schema-graph\">{\"@context\":\"https:\\\/\\\/schema.org\",\"@graph\":[{\"@type\":\"Article\",\"@id\":\"https:\\\/\\\/www.24gliwice.pl\\\/wiadomosci\\\/pokaz-filmu-szarlatan-w-kinie-amok-z-udzialem-gosci-specjalnych-wstep-na-wydarzenie-jest-wolny\\\/#article\",\"isPartOf\":{\"@id\":\"https:\\\/\\\/www.24gliwice.pl\\\/wiadomosci\\\/pokaz-filmu-szarlatan-w-kinie-amok-z-udzialem-gosci-specjalnych-wstep-na-wydarzenie-jest-wolny\\\/\"},\"author\":{\"name\":\"\u017baneta Mrozek-Siewierska\",\"@id\":\"https:\\\/\\\/www.24gliwice.pl\\\/wiadomosci\\\/#\\\/schema\\\/person\\\/e42c650edd7f2fa332be3811fb166b6e\"},\"headline\":\"Pokaz filmu &#8220;Szarlatan&#8221; w kinie Amok z udzia\u0142em go\u015bci specjalnych. Wst\u0119p na wydarzenie jest wolny\",\"datePublished\":\"2021-12-07T23:23:55+00:00\",\"dateModified\":\"2021-12-09T12:58:27+00:00\",\"mainEntityOfPage\":{\"@id\":\"https:\\\/\\\/www.24gliwice.pl\\\/wiadomosci\\\/pokaz-filmu-szarlatan-w-kinie-amok-z-udzialem-gosci-specjalnych-wstep-na-wydarzenie-jest-wolny\\\/\"},\"wordCount\":695,\"commentCount\":0,\"publisher\":{\"@id\":\"https:\\\/\\\/www.24gliwice.pl\\\/wiadomosci\\\/#organization\"},\"image\":{\"@id\":\"https:\\\/\\\/www.24gliwice.pl\\\/wiadomosci\\\/pokaz-filmu-szarlatan-w-kinie-amok-z-udzialem-gosci-specjalnych-wstep-na-wydarzenie-jest-wolny\\\/#primaryimage\"},\"thumbnailUrl\":\"https:\\\/\\\/www.24gliwice.pl\\\/wiadomosci\\\/wp-content\\\/uploads\\\/2019\\\/05\\\/1-kino-amok.jpg\",\"keywords\":[\"amok gliwice\"],\"articleSection\":[\"Gliwice\",\"Kultura, wydarzenia, imprezy\",\"Najnowsze wiadomo\u015bci\"],\"inLanguage\":\"pl-PL\",\"potentialAction\":[{\"@type\":\"CommentAction\",\"name\":\"Comment\",\"target\":[\"https:\\\/\\\/www.24gliwice.pl\\\/wiadomosci\\\/pokaz-filmu-szarlatan-w-kinie-amok-z-udzialem-gosci-specjalnych-wstep-na-wydarzenie-jest-wolny\\\/#respond\"]}]},{\"@type\":\"WebPage\",\"@id\":\"https:\\\/\\\/www.24gliwice.pl\\\/wiadomosci\\\/pokaz-filmu-szarlatan-w-kinie-amok-z-udzialem-gosci-specjalnych-wstep-na-wydarzenie-jest-wolny\\\/\",\"url\":\"https:\\\/\\\/www.24gliwice.pl\\\/wiadomosci\\\/pokaz-filmu-szarlatan-w-kinie-amok-z-udzialem-gosci-specjalnych-wstep-na-wydarzenie-jest-wolny\\\/\",\"name\":\"Pokaz filmu \\\"Szarlatan\\\" w kinie Amok z udzia\u0142em go\u015bci specjalnych. Wst\u0119p na wydarzenie jest wolny - 24GLIWICE - Portal Gliwice | codziennie nowe informacje\",\"isPartOf\":{\"@id\":\"https:\\\/\\\/www.24gliwice.pl\\\/wiadomosci\\\/#website\"},\"primaryImageOfPage\":{\"@id\":\"https:\\\/\\\/www.24gliwice.pl\\\/wiadomosci\\\/pokaz-filmu-szarlatan-w-kinie-amok-z-udzialem-gosci-specjalnych-wstep-na-wydarzenie-jest-wolny\\\/#primaryimage\"},\"image\":{\"@id\":\"https:\\\/\\\/www.24gliwice.pl\\\/wiadomosci\\\/pokaz-filmu-szarlatan-w-kinie-amok-z-udzialem-gosci-specjalnych-wstep-na-wydarzenie-jest-wolny\\\/#primaryimage\"},\"thumbnailUrl\":\"https:\\\/\\\/www.24gliwice.pl\\\/wiadomosci\\\/wp-content\\\/uploads\\\/2019\\\/05\\\/1-kino-amok.jpg\",\"datePublished\":\"2021-12-07T23:23:55+00:00\",\"dateModified\":\"2021-12-09T12:58:27+00:00\",\"breadcrumb\":{\"@id\":\"https:\\\/\\\/www.24gliwice.pl\\\/wiadomosci\\\/pokaz-filmu-szarlatan-w-kinie-amok-z-udzialem-gosci-specjalnych-wstep-na-wydarzenie-jest-wolny\\\/#breadcrumb\"},\"inLanguage\":\"pl-PL\",\"potentialAction\":[{\"@type\":\"ReadAction\",\"target\":[\"https:\\\/\\\/www.24gliwice.pl\\\/wiadomosci\\\/pokaz-filmu-szarlatan-w-kinie-amok-z-udzialem-gosci-specjalnych-wstep-na-wydarzenie-jest-wolny\\\/\"]}]},{\"@type\":\"ImageObject\",\"inLanguage\":\"pl-PL\",\"@id\":\"https:\\\/\\\/www.24gliwice.pl\\\/wiadomosci\\\/pokaz-filmu-szarlatan-w-kinie-amok-z-udzialem-gosci-specjalnych-wstep-na-wydarzenie-jest-wolny\\\/#primaryimage\",\"url\":\"https:\\\/\\\/www.24gliwice.pl\\\/wiadomosci\\\/wp-content\\\/uploads\\\/2019\\\/05\\\/1-kino-amok.jpg\",\"contentUrl\":\"https:\\\/\\\/www.24gliwice.pl\\\/wiadomosci\\\/wp-content\\\/uploads\\\/2019\\\/05\\\/1-kino-amok.jpg\",\"width\":810,\"height\":456},{\"@type\":\"BreadcrumbList\",\"@id\":\"https:\\\/\\\/www.24gliwice.pl\\\/wiadomosci\\\/pokaz-filmu-szarlatan-w-kinie-amok-z-udzialem-gosci-specjalnych-wstep-na-wydarzenie-jest-wolny\\\/#breadcrumb\",\"itemListElement\":[{\"@type\":\"ListItem\",\"position\":1,\"name\":\"Strona g\u0142\u00f3wna\",\"item\":\"https:\\\/\\\/www.24gliwice.pl\\\/wiadomosci\\\/\"},{\"@type\":\"ListItem\",\"position\":2,\"name\":\"Pokaz filmu &#8222;Szarlatan&#8221; w kinie Amok z udzia\u0142em go\u015bci specjalnych. Wst\u0119p na wydarzenie jest wolny\"}]},{\"@type\":\"WebSite\",\"@id\":\"https:\\\/\\\/www.24gliwice.pl\\\/wiadomosci\\\/#website\",\"url\":\"https:\\\/\\\/www.24gliwice.pl\\\/wiadomosci\\\/\",\"name\":\"24GLIWICE - Portal Gliwice | codziennie nowe wiadomo\u015bci\",\"description\":\"Portal Miejski Gliwice\",\"publisher\":{\"@id\":\"https:\\\/\\\/www.24gliwice.pl\\\/wiadomosci\\\/#organization\"},\"potentialAction\":[{\"@type\":\"SearchAction\",\"target\":{\"@type\":\"EntryPoint\",\"urlTemplate\":\"https:\\\/\\\/www.24gliwice.pl\\\/wiadomosci\\\/?s={search_term_string}\"},\"query-input\":{\"@type\":\"PropertyValueSpecification\",\"valueRequired\":true,\"valueName\":\"search_term_string\"}}],\"inLanguage\":\"pl-PL\"},{\"@type\":\"Organization\",\"@id\":\"https:\\\/\\\/www.24gliwice.pl\\\/wiadomosci\\\/#organization\",\"name\":\"24gliwice\",\"url\":\"https:\\\/\\\/www.24gliwice.pl\\\/wiadomosci\\\/\",\"logo\":{\"@type\":\"ImageObject\",\"inLanguage\":\"pl-PL\",\"@id\":\"https:\\\/\\\/www.24gliwice.pl\\\/wiadomosci\\\/#\\\/schema\\\/logo\\\/image\\\/\",\"url\":\"https:\\\/\\\/www.24gliwice.pl\\\/wiadomosci\\\/wp-content\\\/uploads\\\/2024\\\/10\\\/24gliwice-logo-696.jpg\",\"contentUrl\":\"https:\\\/\\\/www.24gliwice.pl\\\/wiadomosci\\\/wp-content\\\/uploads\\\/2024\\\/10\\\/24gliwice-logo-696.jpg\",\"width\":696,\"height\":696,\"caption\":\"24gliwice\"},\"image\":{\"@id\":\"https:\\\/\\\/www.24gliwice.pl\\\/wiadomosci\\\/#\\\/schema\\\/logo\\\/image\\\/\"},\"sameAs\":[\"https:\\\/\\\/www.facebook.com\\\/24gliwice\",\"https:\\\/\\\/x.com\\\/24gliwice\",\"https:\\\/\\\/www.youtube.com\\\/@24gliwice\"]},{\"@type\":\"Person\",\"@id\":\"https:\\\/\\\/www.24gliwice.pl\\\/wiadomosci\\\/#\\\/schema\\\/person\\\/e42c650edd7f2fa332be3811fb166b6e\",\"name\":\"\u017baneta Mrozek-Siewierska\",\"image\":{\"@type\":\"ImageObject\",\"inLanguage\":\"pl-PL\",\"@id\":\"https:\\\/\\\/www.24gliwice.pl\\\/wiadomosci\\\/wp-content\\\/uploads\\\/2021\\\/11\\\/Zaneta-M_S-zdjecie-czb-96x96.jpg\",\"url\":\"https:\\\/\\\/www.24gliwice.pl\\\/wiadomosci\\\/wp-content\\\/uploads\\\/2021\\\/11\\\/Zaneta-M_S-zdjecie-czb-96x96.jpg\",\"contentUrl\":\"https:\\\/\\\/www.24gliwice.pl\\\/wiadomosci\\\/wp-content\\\/uploads\\\/2021\\\/11\\\/Zaneta-M_S-zdjecie-czb-96x96.jpg\",\"caption\":\"\u017baneta Mrozek-Siewierska\"},\"url\":\"https:\\\/\\\/www.24gliwice.pl\\\/wiadomosci\\\/author\\\/zms\\\/\"}]}<\/script>\n<!-- \/ Yoast SEO plugin. -->","yoast_head_json":{"title":"Pokaz filmu \"Szarlatan\" w kinie Amok z udzia\u0142em go\u015bci specjalnych. Wst\u0119p na wydarzenie jest wolny - 24GLIWICE - Portal Gliwice | codziennie nowe informacje","robots":{"index":"index","follow":"follow","max-snippet":"max-snippet:-1","max-image-preview":"max-image-preview:large","max-video-preview":"max-video-preview:-1"},"canonical":"https:\/\/www.24gliwice.pl\/wiadomosci\/pokaz-filmu-szarlatan-w-kinie-amok-z-udzialem-gosci-specjalnych-wstep-na-wydarzenie-jest-wolny\/","og_locale":"pl_PL","og_type":"article","og_title":"Pokaz filmu \"Szarlatan\" w kinie Amok z udzia\u0142em go\u015bci specjalnych. Wst\u0119p na wydarzenie jest wolny - 24GLIWICE - Portal Gliwice | codziennie nowe informacje","og_description":"Pokaz filmu &#8220;Szarlatan&#8221; w re\u017c. Agnieszki Holland w kinie Amok zaplanowano w najbli\u017cszy czwartek, 9 grudnia o godzinie 19:00. Wst\u0119p jest wolny &#8211; trzeba odebra\u0107 w kasie bezp\u0142atn\u0105 wej\u015bci\u00f3wk\u0119. &nbsp; Tego dnia kino AMOK, jako jedno z kilkudziesi\u0119ciu kin w Europie, b\u0119dzie gospodarzem 4. edycji European Cinema Night. Inicjatywa ma na celu dotarcie do widz\u00f3w, [&hellip;]","og_url":"https:\/\/www.24gliwice.pl\/wiadomosci\/pokaz-filmu-szarlatan-w-kinie-amok-z-udzialem-gosci-specjalnych-wstep-na-wydarzenie-jest-wolny\/","og_site_name":"24GLIWICE - Portal Gliwice | codziennie nowe informacje","article_publisher":"https:\/\/www.facebook.com\/24gliwice","article_published_time":"2021-12-07T23:23:55+00:00","article_modified_time":"2021-12-09T12:58:27+00:00","og_image":[{"width":810,"height":456,"url":"https:\/\/www.24gliwice.pl\/wiadomosci\/wp-content\/uploads\/2019\/05\/1-kino-amok.jpg","type":"image\/jpeg"}],"author":"\u017baneta Mrozek-Siewierska","twitter_card":"summary_large_image","twitter_creator":"@24gliwice","twitter_site":"@24gliwice","twitter_misc":{"Napisane przez":"\u017baneta Mrozek-Siewierska","Szacowany czas czytania":"3 minuty"},"schema":{"@context":"https:\/\/schema.org","@graph":[{"@type":"Article","@id":"https:\/\/www.24gliwice.pl\/wiadomosci\/pokaz-filmu-szarlatan-w-kinie-amok-z-udzialem-gosci-specjalnych-wstep-na-wydarzenie-jest-wolny\/#article","isPartOf":{"@id":"https:\/\/www.24gliwice.pl\/wiadomosci\/pokaz-filmu-szarlatan-w-kinie-amok-z-udzialem-gosci-specjalnych-wstep-na-wydarzenie-jest-wolny\/"},"author":{"name":"\u017baneta Mrozek-Siewierska","@id":"https:\/\/www.24gliwice.pl\/wiadomosci\/#\/schema\/person\/e42c650edd7f2fa332be3811fb166b6e"},"headline":"Pokaz filmu &#8220;Szarlatan&#8221; w kinie Amok z udzia\u0142em go\u015bci specjalnych. Wst\u0119p na wydarzenie jest wolny","datePublished":"2021-12-07T23:23:55+00:00","dateModified":"2021-12-09T12:58:27+00:00","mainEntityOfPage":{"@id":"https:\/\/www.24gliwice.pl\/wiadomosci\/pokaz-filmu-szarlatan-w-kinie-amok-z-udzialem-gosci-specjalnych-wstep-na-wydarzenie-jest-wolny\/"},"wordCount":695,"commentCount":0,"publisher":{"@id":"https:\/\/www.24gliwice.pl\/wiadomosci\/#organization"},"image":{"@id":"https:\/\/www.24gliwice.pl\/wiadomosci\/pokaz-filmu-szarlatan-w-kinie-amok-z-udzialem-gosci-specjalnych-wstep-na-wydarzenie-jest-wolny\/#primaryimage"},"thumbnailUrl":"https:\/\/www.24gliwice.pl\/wiadomosci\/wp-content\/uploads\/2019\/05\/1-kino-amok.jpg","keywords":["amok gliwice"],"articleSection":["Gliwice","Kultura, wydarzenia, imprezy","Najnowsze wiadomo\u015bci"],"inLanguage":"pl-PL","potentialAction":[{"@type":"CommentAction","name":"Comment","target":["https:\/\/www.24gliwice.pl\/wiadomosci\/pokaz-filmu-szarlatan-w-kinie-amok-z-udzialem-gosci-specjalnych-wstep-na-wydarzenie-jest-wolny\/#respond"]}]},{"@type":"WebPage","@id":"https:\/\/www.24gliwice.pl\/wiadomosci\/pokaz-filmu-szarlatan-w-kinie-amok-z-udzialem-gosci-specjalnych-wstep-na-wydarzenie-jest-wolny\/","url":"https:\/\/www.24gliwice.pl\/wiadomosci\/pokaz-filmu-szarlatan-w-kinie-amok-z-udzialem-gosci-specjalnych-wstep-na-wydarzenie-jest-wolny\/","name":"Pokaz filmu \"Szarlatan\" w kinie Amok z udzia\u0142em go\u015bci specjalnych. Wst\u0119p na wydarzenie jest wolny - 24GLIWICE - Portal Gliwice | codziennie nowe informacje","isPartOf":{"@id":"https:\/\/www.24gliwice.pl\/wiadomosci\/#website"},"primaryImageOfPage":{"@id":"https:\/\/www.24gliwice.pl\/wiadomosci\/pokaz-filmu-szarlatan-w-kinie-amok-z-udzialem-gosci-specjalnych-wstep-na-wydarzenie-jest-wolny\/#primaryimage"},"image":{"@id":"https:\/\/www.24gliwice.pl\/wiadomosci\/pokaz-filmu-szarlatan-w-kinie-amok-z-udzialem-gosci-specjalnych-wstep-na-wydarzenie-jest-wolny\/#primaryimage"},"thumbnailUrl":"https:\/\/www.24gliwice.pl\/wiadomosci\/wp-content\/uploads\/2019\/05\/1-kino-amok.jpg","datePublished":"2021-12-07T23:23:55+00:00","dateModified":"2021-12-09T12:58:27+00:00","breadcrumb":{"@id":"https:\/\/www.24gliwice.pl\/wiadomosci\/pokaz-filmu-szarlatan-w-kinie-amok-z-udzialem-gosci-specjalnych-wstep-na-wydarzenie-jest-wolny\/#breadcrumb"},"inLanguage":"pl-PL","potentialAction":[{"@type":"ReadAction","target":["https:\/\/www.24gliwice.pl\/wiadomosci\/pokaz-filmu-szarlatan-w-kinie-amok-z-udzialem-gosci-specjalnych-wstep-na-wydarzenie-jest-wolny\/"]}]},{"@type":"ImageObject","inLanguage":"pl-PL","@id":"https:\/\/www.24gliwice.pl\/wiadomosci\/pokaz-filmu-szarlatan-w-kinie-amok-z-udzialem-gosci-specjalnych-wstep-na-wydarzenie-jest-wolny\/#primaryimage","url":"https:\/\/www.24gliwice.pl\/wiadomosci\/wp-content\/uploads\/2019\/05\/1-kino-amok.jpg","contentUrl":"https:\/\/www.24gliwice.pl\/wiadomosci\/wp-content\/uploads\/2019\/05\/1-kino-amok.jpg","width":810,"height":456},{"@type":"BreadcrumbList","@id":"https:\/\/www.24gliwice.pl\/wiadomosci\/pokaz-filmu-szarlatan-w-kinie-amok-z-udzialem-gosci-specjalnych-wstep-na-wydarzenie-jest-wolny\/#breadcrumb","itemListElement":[{"@type":"ListItem","position":1,"name":"Strona g\u0142\u00f3wna","item":"https:\/\/www.24gliwice.pl\/wiadomosci\/"},{"@type":"ListItem","position":2,"name":"Pokaz filmu &#8222;Szarlatan&#8221; w kinie Amok z udzia\u0142em go\u015bci specjalnych. Wst\u0119p na wydarzenie jest wolny"}]},{"@type":"WebSite","@id":"https:\/\/www.24gliwice.pl\/wiadomosci\/#website","url":"https:\/\/www.24gliwice.pl\/wiadomosci\/","name":"24GLIWICE - Portal Gliwice | codziennie nowe wiadomo\u015bci","description":"Portal Miejski Gliwice","publisher":{"@id":"https:\/\/www.24gliwice.pl\/wiadomosci\/#organization"},"potentialAction":[{"@type":"SearchAction","target":{"@type":"EntryPoint","urlTemplate":"https:\/\/www.24gliwice.pl\/wiadomosci\/?s={search_term_string}"},"query-input":{"@type":"PropertyValueSpecification","valueRequired":true,"valueName":"search_term_string"}}],"inLanguage":"pl-PL"},{"@type":"Organization","@id":"https:\/\/www.24gliwice.pl\/wiadomosci\/#organization","name":"24gliwice","url":"https:\/\/www.24gliwice.pl\/wiadomosci\/","logo":{"@type":"ImageObject","inLanguage":"pl-PL","@id":"https:\/\/www.24gliwice.pl\/wiadomosci\/#\/schema\/logo\/image\/","url":"https:\/\/www.24gliwice.pl\/wiadomosci\/wp-content\/uploads\/2024\/10\/24gliwice-logo-696.jpg","contentUrl":"https:\/\/www.24gliwice.pl\/wiadomosci\/wp-content\/uploads\/2024\/10\/24gliwice-logo-696.jpg","width":696,"height":696,"caption":"24gliwice"},"image":{"@id":"https:\/\/www.24gliwice.pl\/wiadomosci\/#\/schema\/logo\/image\/"},"sameAs":["https:\/\/www.facebook.com\/24gliwice","https:\/\/x.com\/24gliwice","https:\/\/www.youtube.com\/@24gliwice"]},{"@type":"Person","@id":"https:\/\/www.24gliwice.pl\/wiadomosci\/#\/schema\/person\/e42c650edd7f2fa332be3811fb166b6e","name":"\u017baneta Mrozek-Siewierska","image":{"@type":"ImageObject","inLanguage":"pl-PL","@id":"https:\/\/www.24gliwice.pl\/wiadomosci\/wp-content\/uploads\/2021\/11\/Zaneta-M_S-zdjecie-czb-96x96.jpg","url":"https:\/\/www.24gliwice.pl\/wiadomosci\/wp-content\/uploads\/2021\/11\/Zaneta-M_S-zdjecie-czb-96x96.jpg","contentUrl":"https:\/\/www.24gliwice.pl\/wiadomosci\/wp-content\/uploads\/2021\/11\/Zaneta-M_S-zdjecie-czb-96x96.jpg","caption":"\u017baneta Mrozek-Siewierska"},"url":"https:\/\/www.24gliwice.pl\/wiadomosci\/author\/zms\/"}]}},"_links":{"self":[{"href":"https:\/\/www.24gliwice.pl\/wiadomosci\/wp-json\/wp\/v2\/posts\/182323","targetHints":{"allow":["GET"]}}],"collection":[{"href":"https:\/\/www.24gliwice.pl\/wiadomosci\/wp-json\/wp\/v2\/posts"}],"about":[{"href":"https:\/\/www.24gliwice.pl\/wiadomosci\/wp-json\/wp\/v2\/types\/post"}],"author":[{"embeddable":true,"href":"https:\/\/www.24gliwice.pl\/wiadomosci\/wp-json\/wp\/v2\/users\/15"}],"replies":[{"embeddable":true,"href":"https:\/\/www.24gliwice.pl\/wiadomosci\/wp-json\/wp\/v2\/comments?post=182323"}],"version-history":[{"count":9,"href":"https:\/\/www.24gliwice.pl\/wiadomosci\/wp-json\/wp\/v2\/posts\/182323\/revisions"}],"predecessor-version":[{"id":182352,"href":"https:\/\/www.24gliwice.pl\/wiadomosci\/wp-json\/wp\/v2\/posts\/182323\/revisions\/182352"}],"wp:featuredmedia":[{"embeddable":true,"href":"https:\/\/www.24gliwice.pl\/wiadomosci\/wp-json\/wp\/v2\/media\/135203"}],"wp:attachment":[{"href":"https:\/\/www.24gliwice.pl\/wiadomosci\/wp-json\/wp\/v2\/media?parent=182323"}],"wp:term":[{"taxonomy":"category","embeddable":true,"href":"https:\/\/www.24gliwice.pl\/wiadomosci\/wp-json\/wp\/v2\/categories?post=182323"},{"taxonomy":"post_tag","embeddable":true,"href":"https:\/\/www.24gliwice.pl\/wiadomosci\/wp-json\/wp\/v2\/tags?post=182323"}],"curies":[{"name":"wp","href":"https:\/\/api.w.org\/{rel}","templated":true}]}}