{"id":182439,"date":"2021-12-10T00:25:43","date_gmt":"2021-12-09T23:25:43","guid":{"rendered":"https:\/\/www.24gliwice.pl\/wiadomosci\/?p=182439"},"modified":"2021-12-10T00:25:43","modified_gmt":"2021-12-09T23:25:43","slug":"muzyczny-podwieczorek-w-willi-caro-zabrzmia-dwie-sonaty-fortepianowe-beethovena-op-109-i-111","status":"publish","type":"post","link":"https:\/\/www.24gliwice.pl\/wiadomosci\/muzyczny-podwieczorek-w-willi-caro-zabrzmia-dwie-sonaty-fortepianowe-beethovena-op-109-i-111\/","title":{"rendered":"Muzyczny Podwieczorek w Willi Caro. Zabrzmi\u0105 dwie sonaty fortepianowe Beethovena \u2013 op. 109 i 111"},"content":{"rendered":"<div class=\"gliwi-a6-nad-leadem-artykulow gliwi-entity-placement\" id=\"gliwi-1046190038\"><div class=\"gliwi-adlabel\"><span style=\"font-size: 9px\">REKLAMA<\/span><\/div><div id=\"gliwi-3435934391\" style=\"margin-bottom: 25px;margin-left: auto;margin-right: auto;text-align: center;\"><a data-no-instant=\"1\" href=\"https:\/\/dom100.eu\/\" rel=\"noopener\" class=\"a2t-link\" target=\"_blank\" aria-label=\"20260415 DOM100 D\"><img loading=\"lazy\" decoding=\"async\" src=\"https:\/\/www.24gliwice.pl\/wiadomosci\/wp-content\/uploads\/2026\/04\/20260415-DOM100-D.jpg\" alt=\"\"  srcset=\"https:\/\/www.24gliwice.pl\/wiadomosci\/wp-content\/uploads\/2026\/04\/20260415-DOM100-D.jpg 750w, https:\/\/www.24gliwice.pl\/wiadomosci\/wp-content\/uploads\/2026\/04\/20260415-DOM100-D-410x109.jpg 410w\" sizes=\"(max-width: 750px) 100vw, 750px\" class=\"no-lazyload\" width=\"750\" height=\"200\"  style=\"display: inline-block; max-width: 100%; height: auto;\" \/><\/a><\/div><\/div><h2>Pianista Zbigniew Raubo wyst\u0105pi w najbli\u017csz\u0105 niedziel\u0119, 12 grudnia, w Willi Caro. W programie Podwieczorku muzycznego jest muzyka Ludwiga van Beethovena. Zabrzmi\u0105 dwie sonaty fortepianowe \u2013 op. 109 i 111.<\/h2>\n<p>&nbsp;<br \/>\n<strong>Zbigniew Raubo<\/strong>, kt\u00f3ry zasi\u0105dzie przy fortepianie, to laureat konkurs\u00f3w pianistycznych mi\u0119dzy innymi w Bolzano i Utrechcie, a tak\u017ce uznany wyk\u0142adowca akademicki.<\/p>\n<p><a href=\"https:\/\/www.24gliwice.pl\/wiadomosci\/wp-content\/uploads\/2021\/12\/muzyczny-podwieczorek-z_raubo.jpg\"><img loading=\"lazy\" decoding=\"async\" class=\"alignnone  wp-image-182442\" src=\"https:\/\/www.24gliwice.pl\/wiadomosci\/wp-content\/uploads\/2021\/12\/muzyczny-podwieczorek-z_raubo.jpg\" alt=\"\" width=\"845\" height=\"1126\" srcset=\"https:\/\/www.24gliwice.pl\/wiadomosci\/wp-content\/uploads\/2021\/12\/muzyczny-podwieczorek-z_raubo.jpg 608w, https:\/\/www.24gliwice.pl\/wiadomosci\/wp-content\/uploads\/2021\/12\/muzyczny-podwieczorek-z_raubo-174x232.jpg 174w, https:\/\/www.24gliwice.pl\/wiadomosci\/wp-content\/uploads\/2021\/12\/muzyczny-podwieczorek-z_raubo-342x455.jpg 342w\" sizes=\"auto, (max-width: 845px) 100vw, 845px\" \/><\/a><\/p>\n<p>\u2013 <em>Si\u0119gniemy tym razem po muzyczny \u201eNowy Testament\u201d, jak cz\u0119sto bywa okre\u015blany zbi\u00f3r 32 sonat fortepianowych mistrza z Bonn. Wielk\u0105 syntez\u0105 tego, co mia\u0142 Beethoven do powiedzenia w ostatnim okresie tw\u00f3rczo\u015bci i co m\u00f3g\u0142 wypowiedzie\u0107 za pomoc\u0105 fortepianu, s\u0105 trzy ostatnie arcydzie\u0142a cyklu. Dwa z nich wype\u0142ni\u0105 program grudniowego koncertu<\/em> \u2013 m\u00f3wi <strong>Piotr Oczkowski<\/strong> z Klubu Inicjatyw Kulturalnych.<\/p><div class=\"gliwi-a3-w-tresci-artykulow gliwi-entity-placement\" id=\"gliwi-2557353567\"><div class=\"gliwi-adlabel\"><span style=\"font-size: 9px\">REKLAMA<\/span><\/div><div id=\"gliwi-583411163\" style=\"margin-bottom: 30px;margin-left: auto;margin-right: auto;text-align: center;\"><a data-no-instant=\"1\" href=\"https:\/\/zlobek.halogen.org.pl\/\" rel=\"noopener\" class=\"a2t-link\" target=\"_blank\" aria-label=\"animator-zlobek_750x200\"><img loading=\"lazy\" decoding=\"async\" src=\"https:\/\/www.24gliwice.pl\/wiadomosci\/wp-content\/uploads\/2026\/02\/animator-zlobek_750x200.webp\" alt=\"\"  srcset=\"https:\/\/www.24gliwice.pl\/wiadomosci\/wp-content\/uploads\/2026\/02\/animator-zlobek_750x200.webp 750w, https:\/\/www.24gliwice.pl\/wiadomosci\/wp-content\/uploads\/2026\/02\/animator-zlobek_750x200-410x109.webp 410w\" sizes=\"(max-width: 750px) 100vw, 750px\" class=\"no-lazyload\" width=\"750\" height=\"200\"  style=\"display: inline-block; max-width: 100%; height: auto;\" \/><\/a><\/div><\/div>\n<blockquote><p><em>Najwi\u0119ksze wzloty, najci\u0119\u017csze walki i najwi\u0119ksza cisza wewn\u0119trzna jako nagroda po tych walkach \u2013 oto tre\u015b\u0107 Sonaty op. 111. Z kolei opus 109 prowadzi nas w ton g\u0142\u0119bokiego zanurzenia si\u0119 w uczuciowo\u015bci skupionej na samej sobie, wolnej od wszelkiej wybuchowo\u015bci<\/em><\/p><\/blockquote>\n<p>&#8211; dodaje Oczkowski.<\/p>\n<p>Koncert rozpocznie si\u0119 o godzinie 16:00 w niedziel\u0119, 12 grudnia, w Willi Caro (ul. Dolnych Wa\u0142\u00f3w 8a). Bilety mo\u017cna naby\u0107 w Centrum Informacji Kulturalnej i Turystycznej w cenie 16 i 12 z\u0142 (wtorek\u2013sobota od godziny 10:00 do 18:00). Organizatorem Podwieczorku muzycznego w Willi Caro jest Klub Inicjatyw Kulturalnych.<\/p>\n<p>(\u017cms)\/UM Gliwice<br \/>\nfot. mat. organizatora<\/p>\n<div class=\"gliwi-a5-na-koncu-artykulow gliwi-entity-placement\" id=\"gliwi-637985566\"><div class=\"gliwi-adlabel\"><span style=\"font-size: 9px\">REKLAMA<\/span><\/div><div id=\"gliwi-2957602192\" style=\"margin-left: auto;margin-right: auto;text-align: center;\"><a data-no-instant=\"1\" href=\"https:\/\/www.jasek.pl\/\" rel=\"noopener\" class=\"a2t-link\" target=\"_blank\" aria-label=\"20200401-jasek 600\"><img loading=\"lazy\" decoding=\"async\" src=\"https:\/\/www.24gliwice.pl\/wiadomosci\/wp-content\/uploads\/2020\/04\/20200401-jasek-600.jpg\" alt=\"\"  srcset=\"https:\/\/www.24gliwice.pl\/wiadomosci\/wp-content\/uploads\/2020\/04\/20200401-jasek-600.jpg 600w, https:\/\/www.24gliwice.pl\/wiadomosci\/wp-content\/uploads\/2020\/04\/20200401-jasek-600-410x109.jpg 410w\" sizes=\"(max-width: 600px) 100vw, 600px\" class=\"no-lazyload\" width=\"600\" height=\"160\"  style=\"display: inline-block; max-width: 100%; height: auto;\" \/><\/a><\/div><\/div>","protected":false},"excerpt":{"rendered":"<p>Pianista Zbigniew Raubo wyst\u0105pi w najbli\u017csz\u0105 niedziel\u0119, 12 grudnia, w Willi Caro. W programie Podwieczorku muzycznego jest muzyka Ludwiga van Beethovena. Zabrzmi\u0105 dwie sonaty fortepianowe \u2013 op. 109 i 111. &nbsp; Zbigniew Raubo, kt\u00f3ry zasi\u0105dzie przy fortepianie, to laureat konkurs\u00f3w pianistycznych mi\u0119dzy innymi w Bolzano i Utrechcie, a tak\u017ce uznany wyk\u0142adowca akademicki. \u2013 Si\u0119gniemy tym [&hellip;]<\/p>\n","protected":false},"author":15,"featured_media":137307,"comment_status":"open","ping_status":"closed","sticky":false,"template":"","format":"standard","meta":{"_monsterinsights_skip_tracking":false,"_monsterinsights_sitenote_active":false,"_monsterinsights_sitenote_note":"","_monsterinsights_sitenote_category":0,"footnotes":"","_links_to":"","_links_to_target":""},"categories":[3,6,1],"tags":[17546],"class_list":["post-182439","post","type-post","status-publish","format-standard","has-post-thumbnail","hentry","category-gliwice","category-kultura","category-wszystko","tag-muzyczny-podwieczorek-w-willi-caro"],"yoast_head":"<!-- This site is optimized with the Yoast SEO plugin v27.4 - https:\/\/yoast.com\/product\/yoast-seo-wordpress\/ -->\n<title>Muzyczny Podwieczorek w Willi Caro. Zabrzmi\u0105 dwie sonaty fortepianowe Beethovena \u2013 op. 109 i 111 - 24GLIWICE - Portal Gliwice | codziennie nowe informacje<\/title>\n<meta name=\"robots\" content=\"index, follow, max-snippet:-1, max-image-preview:large, max-video-preview:-1\" \/>\n<link rel=\"canonical\" href=\"https:\/\/www.24gliwice.pl\/wiadomosci\/muzyczny-podwieczorek-w-willi-caro-zabrzmia-dwie-sonaty-fortepianowe-beethovena-op-109-i-111\/\" \/>\n<meta property=\"og:locale\" content=\"pl_PL\" \/>\n<meta property=\"og:type\" content=\"article\" \/>\n<meta property=\"og:title\" content=\"Muzyczny Podwieczorek w Willi Caro. Zabrzmi\u0105 dwie sonaty fortepianowe Beethovena \u2013 op. 109 i 111 - 24GLIWICE - Portal Gliwice | codziennie nowe informacje\" \/>\n<meta property=\"og:description\" content=\"Pianista Zbigniew Raubo wyst\u0105pi w najbli\u017csz\u0105 niedziel\u0119, 12 grudnia, w Willi Caro. W programie Podwieczorku muzycznego jest muzyka Ludwiga van Beethovena. Zabrzmi\u0105 dwie sonaty fortepianowe \u2013 op. 109 i 111. &nbsp; Zbigniew Raubo, kt\u00f3ry zasi\u0105dzie przy fortepianie, to laureat konkurs\u00f3w pianistycznych mi\u0119dzy innymi w Bolzano i Utrechcie, a tak\u017ce uznany wyk\u0142adowca akademicki. \u2013 Si\u0119gniemy tym [&hellip;]\" \/>\n<meta property=\"og:url\" content=\"https:\/\/www.24gliwice.pl\/wiadomosci\/muzyczny-podwieczorek-w-willi-caro-zabrzmia-dwie-sonaty-fortepianowe-beethovena-op-109-i-111\/\" \/>\n<meta property=\"og:site_name\" content=\"24GLIWICE - Portal Gliwice | codziennie nowe informacje\" \/>\n<meta property=\"article:publisher\" content=\"https:\/\/www.facebook.com\/24gliwice\" \/>\n<meta property=\"article:published_time\" content=\"2021-12-09T23:25:43+00:00\" \/>\n<meta property=\"og:image\" content=\"https:\/\/www.24gliwice.pl\/wiadomosci\/wp-content\/uploads\/2019\/07\/fortepian.jpg\" \/>\n\t<meta property=\"og:image:width\" content=\"935\" \/>\n\t<meta property=\"og:image:height\" content=\"531\" \/>\n\t<meta property=\"og:image:type\" content=\"image\/jpeg\" \/>\n<meta name=\"author\" content=\"\u017baneta Mrozek-Siewierska\" \/>\n<meta name=\"twitter:card\" content=\"summary_large_image\" \/>\n<meta name=\"twitter:creator\" content=\"@24gliwice\" \/>\n<meta name=\"twitter:site\" content=\"@24gliwice\" \/>\n<meta name=\"twitter:label1\" content=\"Napisane przez\" \/>\n\t<meta name=\"twitter:data1\" content=\"\u017baneta Mrozek-Siewierska\" \/>\n\t<meta name=\"twitter:label2\" content=\"Szacowany czas czytania\" \/>\n\t<meta name=\"twitter:data2\" content=\"1 minuta\" \/>\n<script type=\"application\/ld+json\" class=\"yoast-schema-graph\">{\"@context\":\"https:\\\/\\\/schema.org\",\"@graph\":[{\"@type\":\"Article\",\"@id\":\"https:\\\/\\\/www.24gliwice.pl\\\/wiadomosci\\\/muzyczny-podwieczorek-w-willi-caro-zabrzmia-dwie-sonaty-fortepianowe-beethovena-op-109-i-111\\\/#article\",\"isPartOf\":{\"@id\":\"https:\\\/\\\/www.24gliwice.pl\\\/wiadomosci\\\/muzyczny-podwieczorek-w-willi-caro-zabrzmia-dwie-sonaty-fortepianowe-beethovena-op-109-i-111\\\/\"},\"author\":{\"name\":\"\u017baneta Mrozek-Siewierska\",\"@id\":\"https:\\\/\\\/www.24gliwice.pl\\\/wiadomosci\\\/#\\\/schema\\\/person\\\/e42c650edd7f2fa332be3811fb166b6e\"},\"headline\":\"Muzyczny Podwieczorek w Willi Caro. Zabrzmi\u0105 dwie sonaty fortepianowe Beethovena \u2013 op. 109 i 111\",\"datePublished\":\"2021-12-09T23:25:43+00:00\",\"mainEntityOfPage\":{\"@id\":\"https:\\\/\\\/www.24gliwice.pl\\\/wiadomosci\\\/muzyczny-podwieczorek-w-willi-caro-zabrzmia-dwie-sonaty-fortepianowe-beethovena-op-109-i-111\\\/\"},\"wordCount\":231,\"commentCount\":0,\"publisher\":{\"@id\":\"https:\\\/\\\/www.24gliwice.pl\\\/wiadomosci\\\/#organization\"},\"image\":{\"@id\":\"https:\\\/\\\/www.24gliwice.pl\\\/wiadomosci\\\/muzyczny-podwieczorek-w-willi-caro-zabrzmia-dwie-sonaty-fortepianowe-beethovena-op-109-i-111\\\/#primaryimage\"},\"thumbnailUrl\":\"https:\\\/\\\/www.24gliwice.pl\\\/wiadomosci\\\/wp-content\\\/uploads\\\/2019\\\/07\\\/fortepian.jpg\",\"keywords\":[\"muzyczny podwieczorek w willi caro\"],\"articleSection\":[\"Gliwice\",\"Kultura, wydarzenia, imprezy\",\"Najnowsze wiadomo\u015bci\"],\"inLanguage\":\"pl-PL\",\"potentialAction\":[{\"@type\":\"CommentAction\",\"name\":\"Comment\",\"target\":[\"https:\\\/\\\/www.24gliwice.pl\\\/wiadomosci\\\/muzyczny-podwieczorek-w-willi-caro-zabrzmia-dwie-sonaty-fortepianowe-beethovena-op-109-i-111\\\/#respond\"]}]},{\"@type\":\"WebPage\",\"@id\":\"https:\\\/\\\/www.24gliwice.pl\\\/wiadomosci\\\/muzyczny-podwieczorek-w-willi-caro-zabrzmia-dwie-sonaty-fortepianowe-beethovena-op-109-i-111\\\/\",\"url\":\"https:\\\/\\\/www.24gliwice.pl\\\/wiadomosci\\\/muzyczny-podwieczorek-w-willi-caro-zabrzmia-dwie-sonaty-fortepianowe-beethovena-op-109-i-111\\\/\",\"name\":\"Muzyczny Podwieczorek w Willi Caro. Zabrzmi\u0105 dwie sonaty fortepianowe Beethovena \u2013 op. 109 i 111 - 24GLIWICE - Portal Gliwice | codziennie nowe informacje\",\"isPartOf\":{\"@id\":\"https:\\\/\\\/www.24gliwice.pl\\\/wiadomosci\\\/#website\"},\"primaryImageOfPage\":{\"@id\":\"https:\\\/\\\/www.24gliwice.pl\\\/wiadomosci\\\/muzyczny-podwieczorek-w-willi-caro-zabrzmia-dwie-sonaty-fortepianowe-beethovena-op-109-i-111\\\/#primaryimage\"},\"image\":{\"@id\":\"https:\\\/\\\/www.24gliwice.pl\\\/wiadomosci\\\/muzyczny-podwieczorek-w-willi-caro-zabrzmia-dwie-sonaty-fortepianowe-beethovena-op-109-i-111\\\/#primaryimage\"},\"thumbnailUrl\":\"https:\\\/\\\/www.24gliwice.pl\\\/wiadomosci\\\/wp-content\\\/uploads\\\/2019\\\/07\\\/fortepian.jpg\",\"datePublished\":\"2021-12-09T23:25:43+00:00\",\"breadcrumb\":{\"@id\":\"https:\\\/\\\/www.24gliwice.pl\\\/wiadomosci\\\/muzyczny-podwieczorek-w-willi-caro-zabrzmia-dwie-sonaty-fortepianowe-beethovena-op-109-i-111\\\/#breadcrumb\"},\"inLanguage\":\"pl-PL\",\"potentialAction\":[{\"@type\":\"ReadAction\",\"target\":[\"https:\\\/\\\/www.24gliwice.pl\\\/wiadomosci\\\/muzyczny-podwieczorek-w-willi-caro-zabrzmia-dwie-sonaty-fortepianowe-beethovena-op-109-i-111\\\/\"]}]},{\"@type\":\"ImageObject\",\"inLanguage\":\"pl-PL\",\"@id\":\"https:\\\/\\\/www.24gliwice.pl\\\/wiadomosci\\\/muzyczny-podwieczorek-w-willi-caro-zabrzmia-dwie-sonaty-fortepianowe-beethovena-op-109-i-111\\\/#primaryimage\",\"url\":\"https:\\\/\\\/www.24gliwice.pl\\\/wiadomosci\\\/wp-content\\\/uploads\\\/2019\\\/07\\\/fortepian.jpg\",\"contentUrl\":\"https:\\\/\\\/www.24gliwice.pl\\\/wiadomosci\\\/wp-content\\\/uploads\\\/2019\\\/07\\\/fortepian.jpg\",\"width\":935,\"height\":531},{\"@type\":\"BreadcrumbList\",\"@id\":\"https:\\\/\\\/www.24gliwice.pl\\\/wiadomosci\\\/muzyczny-podwieczorek-w-willi-caro-zabrzmia-dwie-sonaty-fortepianowe-beethovena-op-109-i-111\\\/#breadcrumb\",\"itemListElement\":[{\"@type\":\"ListItem\",\"position\":1,\"name\":\"Strona g\u0142\u00f3wna\",\"item\":\"https:\\\/\\\/www.24gliwice.pl\\\/wiadomosci\\\/\"},{\"@type\":\"ListItem\",\"position\":2,\"name\":\"Muzyczny Podwieczorek w Willi Caro. Zabrzmi\u0105 dwie sonaty fortepianowe Beethovena \u2013 op. 109 i 111\"}]},{\"@type\":\"WebSite\",\"@id\":\"https:\\\/\\\/www.24gliwice.pl\\\/wiadomosci\\\/#website\",\"url\":\"https:\\\/\\\/www.24gliwice.pl\\\/wiadomosci\\\/\",\"name\":\"24GLIWICE - Portal Gliwice | codziennie nowe wiadomo\u015bci\",\"description\":\"Portal Miejski Gliwice\",\"publisher\":{\"@id\":\"https:\\\/\\\/www.24gliwice.pl\\\/wiadomosci\\\/#organization\"},\"potentialAction\":[{\"@type\":\"SearchAction\",\"target\":{\"@type\":\"EntryPoint\",\"urlTemplate\":\"https:\\\/\\\/www.24gliwice.pl\\\/wiadomosci\\\/?s={search_term_string}\"},\"query-input\":{\"@type\":\"PropertyValueSpecification\",\"valueRequired\":true,\"valueName\":\"search_term_string\"}}],\"inLanguage\":\"pl-PL\"},{\"@type\":\"Organization\",\"@id\":\"https:\\\/\\\/www.24gliwice.pl\\\/wiadomosci\\\/#organization\",\"name\":\"24gliwice\",\"url\":\"https:\\\/\\\/www.24gliwice.pl\\\/wiadomosci\\\/\",\"logo\":{\"@type\":\"ImageObject\",\"inLanguage\":\"pl-PL\",\"@id\":\"https:\\\/\\\/www.24gliwice.pl\\\/wiadomosci\\\/#\\\/schema\\\/logo\\\/image\\\/\",\"url\":\"https:\\\/\\\/www.24gliwice.pl\\\/wiadomosci\\\/wp-content\\\/uploads\\\/2024\\\/10\\\/24gliwice-logo-696.jpg\",\"contentUrl\":\"https:\\\/\\\/www.24gliwice.pl\\\/wiadomosci\\\/wp-content\\\/uploads\\\/2024\\\/10\\\/24gliwice-logo-696.jpg\",\"width\":696,\"height\":696,\"caption\":\"24gliwice\"},\"image\":{\"@id\":\"https:\\\/\\\/www.24gliwice.pl\\\/wiadomosci\\\/#\\\/schema\\\/logo\\\/image\\\/\"},\"sameAs\":[\"https:\\\/\\\/www.facebook.com\\\/24gliwice\",\"https:\\\/\\\/x.com\\\/24gliwice\",\"https:\\\/\\\/www.youtube.com\\\/@24gliwice\"]},{\"@type\":\"Person\",\"@id\":\"https:\\\/\\\/www.24gliwice.pl\\\/wiadomosci\\\/#\\\/schema\\\/person\\\/e42c650edd7f2fa332be3811fb166b6e\",\"name\":\"\u017baneta Mrozek-Siewierska\",\"image\":{\"@type\":\"ImageObject\",\"inLanguage\":\"pl-PL\",\"@id\":\"https:\\\/\\\/www.24gliwice.pl\\\/wiadomosci\\\/wp-content\\\/uploads\\\/2021\\\/11\\\/Zaneta-M_S-zdjecie-czb-96x96.jpg\",\"url\":\"https:\\\/\\\/www.24gliwice.pl\\\/wiadomosci\\\/wp-content\\\/uploads\\\/2021\\\/11\\\/Zaneta-M_S-zdjecie-czb-96x96.jpg\",\"contentUrl\":\"https:\\\/\\\/www.24gliwice.pl\\\/wiadomosci\\\/wp-content\\\/uploads\\\/2021\\\/11\\\/Zaneta-M_S-zdjecie-czb-96x96.jpg\",\"caption\":\"\u017baneta Mrozek-Siewierska\"},\"url\":\"https:\\\/\\\/www.24gliwice.pl\\\/wiadomosci\\\/author\\\/zms\\\/\"}]}<\/script>\n<!-- \/ Yoast SEO plugin. -->","yoast_head_json":{"title":"Muzyczny Podwieczorek w Willi Caro. Zabrzmi\u0105 dwie sonaty fortepianowe Beethovena \u2013 op. 109 i 111 - 24GLIWICE - Portal Gliwice | codziennie nowe informacje","robots":{"index":"index","follow":"follow","max-snippet":"max-snippet:-1","max-image-preview":"max-image-preview:large","max-video-preview":"max-video-preview:-1"},"canonical":"https:\/\/www.24gliwice.pl\/wiadomosci\/muzyczny-podwieczorek-w-willi-caro-zabrzmia-dwie-sonaty-fortepianowe-beethovena-op-109-i-111\/","og_locale":"pl_PL","og_type":"article","og_title":"Muzyczny Podwieczorek w Willi Caro. Zabrzmi\u0105 dwie sonaty fortepianowe Beethovena \u2013 op. 109 i 111 - 24GLIWICE - Portal Gliwice | codziennie nowe informacje","og_description":"Pianista Zbigniew Raubo wyst\u0105pi w najbli\u017csz\u0105 niedziel\u0119, 12 grudnia, w Willi Caro. W programie Podwieczorku muzycznego jest muzyka Ludwiga van Beethovena. Zabrzmi\u0105 dwie sonaty fortepianowe \u2013 op. 109 i 111. &nbsp; Zbigniew Raubo, kt\u00f3ry zasi\u0105dzie przy fortepianie, to laureat konkurs\u00f3w pianistycznych mi\u0119dzy innymi w Bolzano i Utrechcie, a tak\u017ce uznany wyk\u0142adowca akademicki. \u2013 Si\u0119gniemy tym [&hellip;]","og_url":"https:\/\/www.24gliwice.pl\/wiadomosci\/muzyczny-podwieczorek-w-willi-caro-zabrzmia-dwie-sonaty-fortepianowe-beethovena-op-109-i-111\/","og_site_name":"24GLIWICE - Portal Gliwice | codziennie nowe informacje","article_publisher":"https:\/\/www.facebook.com\/24gliwice","article_published_time":"2021-12-09T23:25:43+00:00","og_image":[{"width":935,"height":531,"url":"https:\/\/www.24gliwice.pl\/wiadomosci\/wp-content\/uploads\/2019\/07\/fortepian.jpg","type":"image\/jpeg"}],"author":"\u017baneta Mrozek-Siewierska","twitter_card":"summary_large_image","twitter_creator":"@24gliwice","twitter_site":"@24gliwice","twitter_misc":{"Napisane przez":"\u017baneta Mrozek-Siewierska","Szacowany czas czytania":"1 minuta"},"schema":{"@context":"https:\/\/schema.org","@graph":[{"@type":"Article","@id":"https:\/\/www.24gliwice.pl\/wiadomosci\/muzyczny-podwieczorek-w-willi-caro-zabrzmia-dwie-sonaty-fortepianowe-beethovena-op-109-i-111\/#article","isPartOf":{"@id":"https:\/\/www.24gliwice.pl\/wiadomosci\/muzyczny-podwieczorek-w-willi-caro-zabrzmia-dwie-sonaty-fortepianowe-beethovena-op-109-i-111\/"},"author":{"name":"\u017baneta Mrozek-Siewierska","@id":"https:\/\/www.24gliwice.pl\/wiadomosci\/#\/schema\/person\/e42c650edd7f2fa332be3811fb166b6e"},"headline":"Muzyczny Podwieczorek w Willi Caro. Zabrzmi\u0105 dwie sonaty fortepianowe Beethovena \u2013 op. 109 i 111","datePublished":"2021-12-09T23:25:43+00:00","mainEntityOfPage":{"@id":"https:\/\/www.24gliwice.pl\/wiadomosci\/muzyczny-podwieczorek-w-willi-caro-zabrzmia-dwie-sonaty-fortepianowe-beethovena-op-109-i-111\/"},"wordCount":231,"commentCount":0,"publisher":{"@id":"https:\/\/www.24gliwice.pl\/wiadomosci\/#organization"},"image":{"@id":"https:\/\/www.24gliwice.pl\/wiadomosci\/muzyczny-podwieczorek-w-willi-caro-zabrzmia-dwie-sonaty-fortepianowe-beethovena-op-109-i-111\/#primaryimage"},"thumbnailUrl":"https:\/\/www.24gliwice.pl\/wiadomosci\/wp-content\/uploads\/2019\/07\/fortepian.jpg","keywords":["muzyczny podwieczorek w willi caro"],"articleSection":["Gliwice","Kultura, wydarzenia, imprezy","Najnowsze wiadomo\u015bci"],"inLanguage":"pl-PL","potentialAction":[{"@type":"CommentAction","name":"Comment","target":["https:\/\/www.24gliwice.pl\/wiadomosci\/muzyczny-podwieczorek-w-willi-caro-zabrzmia-dwie-sonaty-fortepianowe-beethovena-op-109-i-111\/#respond"]}]},{"@type":"WebPage","@id":"https:\/\/www.24gliwice.pl\/wiadomosci\/muzyczny-podwieczorek-w-willi-caro-zabrzmia-dwie-sonaty-fortepianowe-beethovena-op-109-i-111\/","url":"https:\/\/www.24gliwice.pl\/wiadomosci\/muzyczny-podwieczorek-w-willi-caro-zabrzmia-dwie-sonaty-fortepianowe-beethovena-op-109-i-111\/","name":"Muzyczny Podwieczorek w Willi Caro. Zabrzmi\u0105 dwie sonaty fortepianowe Beethovena \u2013 op. 109 i 111 - 24GLIWICE - Portal Gliwice | codziennie nowe informacje","isPartOf":{"@id":"https:\/\/www.24gliwice.pl\/wiadomosci\/#website"},"primaryImageOfPage":{"@id":"https:\/\/www.24gliwice.pl\/wiadomosci\/muzyczny-podwieczorek-w-willi-caro-zabrzmia-dwie-sonaty-fortepianowe-beethovena-op-109-i-111\/#primaryimage"},"image":{"@id":"https:\/\/www.24gliwice.pl\/wiadomosci\/muzyczny-podwieczorek-w-willi-caro-zabrzmia-dwie-sonaty-fortepianowe-beethovena-op-109-i-111\/#primaryimage"},"thumbnailUrl":"https:\/\/www.24gliwice.pl\/wiadomosci\/wp-content\/uploads\/2019\/07\/fortepian.jpg","datePublished":"2021-12-09T23:25:43+00:00","breadcrumb":{"@id":"https:\/\/www.24gliwice.pl\/wiadomosci\/muzyczny-podwieczorek-w-willi-caro-zabrzmia-dwie-sonaty-fortepianowe-beethovena-op-109-i-111\/#breadcrumb"},"inLanguage":"pl-PL","potentialAction":[{"@type":"ReadAction","target":["https:\/\/www.24gliwice.pl\/wiadomosci\/muzyczny-podwieczorek-w-willi-caro-zabrzmia-dwie-sonaty-fortepianowe-beethovena-op-109-i-111\/"]}]},{"@type":"ImageObject","inLanguage":"pl-PL","@id":"https:\/\/www.24gliwice.pl\/wiadomosci\/muzyczny-podwieczorek-w-willi-caro-zabrzmia-dwie-sonaty-fortepianowe-beethovena-op-109-i-111\/#primaryimage","url":"https:\/\/www.24gliwice.pl\/wiadomosci\/wp-content\/uploads\/2019\/07\/fortepian.jpg","contentUrl":"https:\/\/www.24gliwice.pl\/wiadomosci\/wp-content\/uploads\/2019\/07\/fortepian.jpg","width":935,"height":531},{"@type":"BreadcrumbList","@id":"https:\/\/www.24gliwice.pl\/wiadomosci\/muzyczny-podwieczorek-w-willi-caro-zabrzmia-dwie-sonaty-fortepianowe-beethovena-op-109-i-111\/#breadcrumb","itemListElement":[{"@type":"ListItem","position":1,"name":"Strona g\u0142\u00f3wna","item":"https:\/\/www.24gliwice.pl\/wiadomosci\/"},{"@type":"ListItem","position":2,"name":"Muzyczny Podwieczorek w Willi Caro. Zabrzmi\u0105 dwie sonaty fortepianowe Beethovena \u2013 op. 109 i 111"}]},{"@type":"WebSite","@id":"https:\/\/www.24gliwice.pl\/wiadomosci\/#website","url":"https:\/\/www.24gliwice.pl\/wiadomosci\/","name":"24GLIWICE - Portal Gliwice | codziennie nowe wiadomo\u015bci","description":"Portal Miejski Gliwice","publisher":{"@id":"https:\/\/www.24gliwice.pl\/wiadomosci\/#organization"},"potentialAction":[{"@type":"SearchAction","target":{"@type":"EntryPoint","urlTemplate":"https:\/\/www.24gliwice.pl\/wiadomosci\/?s={search_term_string}"},"query-input":{"@type":"PropertyValueSpecification","valueRequired":true,"valueName":"search_term_string"}}],"inLanguage":"pl-PL"},{"@type":"Organization","@id":"https:\/\/www.24gliwice.pl\/wiadomosci\/#organization","name":"24gliwice","url":"https:\/\/www.24gliwice.pl\/wiadomosci\/","logo":{"@type":"ImageObject","inLanguage":"pl-PL","@id":"https:\/\/www.24gliwice.pl\/wiadomosci\/#\/schema\/logo\/image\/","url":"https:\/\/www.24gliwice.pl\/wiadomosci\/wp-content\/uploads\/2024\/10\/24gliwice-logo-696.jpg","contentUrl":"https:\/\/www.24gliwice.pl\/wiadomosci\/wp-content\/uploads\/2024\/10\/24gliwice-logo-696.jpg","width":696,"height":696,"caption":"24gliwice"},"image":{"@id":"https:\/\/www.24gliwice.pl\/wiadomosci\/#\/schema\/logo\/image\/"},"sameAs":["https:\/\/www.facebook.com\/24gliwice","https:\/\/x.com\/24gliwice","https:\/\/www.youtube.com\/@24gliwice"]},{"@type":"Person","@id":"https:\/\/www.24gliwice.pl\/wiadomosci\/#\/schema\/person\/e42c650edd7f2fa332be3811fb166b6e","name":"\u017baneta Mrozek-Siewierska","image":{"@type":"ImageObject","inLanguage":"pl-PL","@id":"https:\/\/www.24gliwice.pl\/wiadomosci\/wp-content\/uploads\/2021\/11\/Zaneta-M_S-zdjecie-czb-96x96.jpg","url":"https:\/\/www.24gliwice.pl\/wiadomosci\/wp-content\/uploads\/2021\/11\/Zaneta-M_S-zdjecie-czb-96x96.jpg","contentUrl":"https:\/\/www.24gliwice.pl\/wiadomosci\/wp-content\/uploads\/2021\/11\/Zaneta-M_S-zdjecie-czb-96x96.jpg","caption":"\u017baneta Mrozek-Siewierska"},"url":"https:\/\/www.24gliwice.pl\/wiadomosci\/author\/zms\/"}]}},"_links":{"self":[{"href":"https:\/\/www.24gliwice.pl\/wiadomosci\/wp-json\/wp\/v2\/posts\/182439","targetHints":{"allow":["GET"]}}],"collection":[{"href":"https:\/\/www.24gliwice.pl\/wiadomosci\/wp-json\/wp\/v2\/posts"}],"about":[{"href":"https:\/\/www.24gliwice.pl\/wiadomosci\/wp-json\/wp\/v2\/types\/post"}],"author":[{"embeddable":true,"href":"https:\/\/www.24gliwice.pl\/wiadomosci\/wp-json\/wp\/v2\/users\/15"}],"replies":[{"embeddable":true,"href":"https:\/\/www.24gliwice.pl\/wiadomosci\/wp-json\/wp\/v2\/comments?post=182439"}],"version-history":[{"count":5,"href":"https:\/\/www.24gliwice.pl\/wiadomosci\/wp-json\/wp\/v2\/posts\/182439\/revisions"}],"predecessor-version":[{"id":182460,"href":"https:\/\/www.24gliwice.pl\/wiadomosci\/wp-json\/wp\/v2\/posts\/182439\/revisions\/182460"}],"wp:featuredmedia":[{"embeddable":true,"href":"https:\/\/www.24gliwice.pl\/wiadomosci\/wp-json\/wp\/v2\/media\/137307"}],"wp:attachment":[{"href":"https:\/\/www.24gliwice.pl\/wiadomosci\/wp-json\/wp\/v2\/media?parent=182439"}],"wp:term":[{"taxonomy":"category","embeddable":true,"href":"https:\/\/www.24gliwice.pl\/wiadomosci\/wp-json\/wp\/v2\/categories?post=182439"},{"taxonomy":"post_tag","embeddable":true,"href":"https:\/\/www.24gliwice.pl\/wiadomosci\/wp-json\/wp\/v2\/tags?post=182439"}],"curies":[{"name":"wp","href":"https:\/\/api.w.org\/{rel}","templated":true}]}}