{"id":182466,"date":"2021-12-10T00:15:04","date_gmt":"2021-12-09T23:15:04","guid":{"rendered":"https:\/\/www.24gliwice.pl\/wiadomosci\/?p=182466"},"modified":"2021-12-11T02:16:21","modified_gmt":"2021-12-11T01:16:21","slug":"swieto-wolontariat","status":"publish","type":"post","link":"https:\/\/www.24gliwice.pl\/wiadomosci\/swieto-wolontariat\/","title":{"rendered":"Gliwicki Rynek zape\u0142ni si\u0119 wolontariuszami. \u015awi\u0119towanie, spotkania i mn\u00f3stwo atrakcji"},"content":{"rendered":"<h3>Wsp\u00f3lne \u015bwi\u0119towanie \u2013 dla wolontariuszy i mieszka\u0144c\u00f3w Gliwic zaplanowano w pi\u0105tek, 10 grudnia, na gliwickim Rynku. Okazja jest nie byle jaka, to Mi\u0119dzynarodowy Dzie\u0144 Wolontariusza przypadaj\u0105cy na 5 grudnia. Uczestnik\u00f3w pi\u0105tkowego wydarzenia czeka sporo atrakcji, w tym na zako\u0144czenie laserowe show.<\/h3>\n<p>&nbsp;<br \/>\nZas\u0142ugi wolontariuszy s\u0105 nieocenione \u2013 nios\u0105 pomoc nie oczekuj\u0105c niczego w zamian, a najlepsz\u0105 zap\u0142at\u0105 dla nich jest u\u015bmiech na twarzy os\u00f3b obdarowywanych ich czasem i uwag\u0105. R\u00f3wnie\u017c w Gliwicach nie brakuje ludzi wielkiego serca, kt\u00f3rzy ch\u0119tnie i bezinteresownie pomagaj\u0105 innym.<\/p>\n<p><a href=\"https:\/\/www.24gliwice.pl\/wiadomosci\/wp-content\/uploads\/2021\/12\/1-10_grydnia_plakat_skrocony_01.jpg\"><img loading=\"lazy\" decoding=\"async\" src=\"https:\/\/www.24gliwice.pl\/wiadomosci\/wp-content\/uploads\/2021\/12\/1-10_grydnia_plakat_skrocony_01.jpg\" alt=\"\" width=\"1500\" height=\"1125\" class=\"aligncenter size-full wp-image-182474\" srcset=\"https:\/\/www.24gliwice.pl\/wiadomosci\/wp-content\/uploads\/2021\/12\/1-10_grydnia_plakat_skrocony_01.jpg 1500w, https:\/\/www.24gliwice.pl\/wiadomosci\/wp-content\/uploads\/2021\/12\/1-10_grydnia_plakat_skrocony_01-309x232.jpg 309w, https:\/\/www.24gliwice.pl\/wiadomosci\/wp-content\/uploads\/2021\/12\/1-10_grydnia_plakat_skrocony_01-607x455.jpg 607w, https:\/\/www.24gliwice.pl\/wiadomosci\/wp-content\/uploads\/2021\/12\/1-10_grydnia_plakat_skrocony_01-768x576.jpg 768w, https:\/\/www.24gliwice.pl\/wiadomosci\/wp-content\/uploads\/2021\/12\/1-10_grydnia_plakat_skrocony_01-810x608.jpg 810w, https:\/\/www.24gliwice.pl\/wiadomosci\/wp-content\/uploads\/2021\/12\/1-10_grydnia_plakat_skrocony_01-1140x855.jpg 1140w\" sizes=\"auto, (max-width: 1500px) 100vw, 1500px\" \/><\/a><\/p>\n<h4>Scena na Rynku<\/h4>\n<p><strong>O godz. 16.00 na Rynku, przy wej\u015bciu do Ratusza stanie namiotowa scena<\/strong>, na kt\u00f3rej swoje dzia\u0142ania zaprezentuj\u0105 niekt\u00f3re gliwickie organizacje pozarz\u0105dowe. B\u0119dzie to okazja do poznania r\u00f3\u017cnych obliczy gliwickiego wolontariatu, a tak\u017ce do spotkania ludzi na co dzie\u0144 dzia\u0142aj\u0105cych w stowarzyszeniach i fundacjach.<\/p>\n<p>Zaprezentuj\u0105 si\u0119 m.in.: <strong>Fundacja \u201eNasza Scena\u201d<\/strong>, zajmuj\u0105c\u0105 si\u0119 dzia\u0142alno\u015bci\u0105 muzyczno-charytatywn\u0105, kt\u00f3ra zaanga\u017cuje uczestnik\u00f3w do wsp\u00f3lnego \u015bpiewania, <strong>Fundacja Po Prostu Da Si\u0119<\/strong> (zajmuj\u0105ca si\u0119 w\u0142\u0105czaniem wykluczonych \u015brodowisk w dost\u0119pno\u015b\u0107 kultury), <strong>Stowarzyszenie Gliwickich Fotograf\u00f3w \u015awiat\u0142o-Czuli<\/strong>, kt\u00f3re zorganizuje warsztaty fotograficzne oraz <strong>Klub Sport\u00f3w \u0141\u0105czno\u015bci<\/strong>, kt\u00f3ry zaprosi przechodni\u00f3w do nawi\u0105zania \u0142\u0105czno\u015bci poprzez w\u0142asn\u0105 radiostacj\u0119. <\/p>\n<p>Opr\u00f3cz tego poznamy wolontariuszy ze <strong>Stowarzyszenia \u201ePodajmy-Sobie-R\u0119ce\u201d<\/strong> wspieraj\u0105cego osoby i rodziny os\u00f3b z niepe\u0142nosprawno\u015bciami. Podczas wydarzenia cz\u0142onkowie organizacji uwra\u017cliwi\u0105 mieszka\u0144c\u00f3w na zagadnienie niepe\u0142nosprawno\u015bci poprzez udost\u0119pnienie w\u00f3zk\u00f3w inwalidzkich dla os\u00f3b, kt\u00f3re b\u0119d\u0105 chcia\u0142y \u201ewej\u015b\u0107 w buty os\u00f3b z niepe\u0142nosprawno\u015bciami\u201d. <\/p>\n<p>Zaprezentuje si\u0119 te\u017c <strong>Fundacja \u201eAktywnie Zakr\u0119ceni FIS\u201d<\/strong> dzia\u0142aj\u0105ca na rzecz rodzin znajduj\u0105cych si\u0119 w trudnej sytuacji (podczas wydarzenia b\u0119dziemy mogli zobaczy\u0107 pokaz taneczny na w\u00f3zkach inwalidzkich podopiecznych fundacji), grupa nieformalna <strong>\u201eDobry Ha\u0142as \u2013 Moc Rytm\u00f3w\u201d<\/strong>, produkuj\u0105ca b\u0119bniarskie d\u017awi\u0119ki prosto z serca, <strong>Stowarzyszenie GTW Gliwice<\/strong> dzia\u0142aj\u0105ce na wszystkich frontach kultury i sportu, a tak\u017ce <strong>Gliwickie Stowarzyszenie Taneczno-Sportowe Szok<\/strong>, kt\u00f3re z pewno\u015bci\u0105 rozta\u0144czy mieszka\u0144c\u00f3w Gliwic.<\/p>\n<p>Na gliwickim Rynku pojawi si\u0119 te\u017c stoisko pracownik\u00f3w <strong>Centrum 3.0<\/strong>, kt\u00f3rzy ch\u0119tnie opowiedz\u0105 o mo\u017cliwo\u015bciach wolontariatu w Gliwicach, a zainteresowani b\u0119d\u0105 mieli mo\u017cliwo\u015b\u0107 podpisania porozumienia wolontariackiego. <\/p>\n<p>Ca\u0142o\u015b\u0107 dope\u0142ni wyst\u0119p <strong>Teatru Ognia NAM-TARA<\/strong>, kt\u00f3ry przedstawi niezwyk\u0142e laserowe show. B\u0119dzie dobra muzyka i gor\u0105ca atmosfera! (mf\/red)<\/p>\n<hr \/>\n<p><small><em>(publikacja na zlecenie Urz\u0119du Miejskiego w Gliwicach)<\/em><\/small><\/p>\n","protected":false},"excerpt":{"rendered":"<p>Wsp\u00f3lne \u015bwi\u0119towanie \u2013 dla wolontariuszy i mieszka\u0144c\u00f3w Gliwic zaplanowano w pi\u0105tek, 10 grudnia, na gliwickim Rynku. Okazja jest nie byle jaka, to Mi\u0119dzynarodowy Dzie\u0144 Wolontariusza przypadaj\u0105cy na 5 grudnia. Uczestnik\u00f3w pi\u0105tkowego wydarzenia czeka sporo atrakcji, w tym na zako\u0144czenie laserowe show. &nbsp; Zas\u0142ugi wolontariuszy s\u0105 nieocenione \u2013 nios\u0105 pomoc nie oczekuj\u0105c niczego w zamian, a [&hellip;]<\/p>\n","protected":false},"author":4,"featured_media":182476,"comment_status":"closed","ping_status":"closed","sticky":false,"template":"","format":"standard","meta":{"_monsterinsights_skip_tracking":false,"_monsterinsights_sitenote_active":false,"_monsterinsights_sitenote_note":"","_monsterinsights_sitenote_category":0,"footnotes":"","_links_to":"","_links_to_target":""},"categories":[3,6,1],"tags":[],"class_list":["post-182466","post","type-post","status-publish","format-standard","has-post-thumbnail","hentry","category-gliwice","category-kultura","category-wszystko"],"yoast_head":"<!-- This site is optimized with the Yoast SEO plugin v27.4 - https:\/\/yoast.com\/product\/yoast-seo-wordpress\/ -->\n<title>Gliwicki Rynek zape\u0142ni si\u0119 wolontariuszami. \u015awi\u0119towanie, spotkania i mn\u00f3stwo atrakcji - 24GLIWICE - Portal Gliwice | codziennie nowe informacje<\/title>\n<meta name=\"robots\" content=\"index, follow, max-snippet:-1, max-image-preview:large, max-video-preview:-1\" \/>\n<link rel=\"canonical\" href=\"https:\/\/www.24gliwice.pl\/wiadomosci\/swieto-wolontariat\/\" \/>\n<meta property=\"og:locale\" content=\"pl_PL\" \/>\n<meta property=\"og:type\" content=\"article\" \/>\n<meta property=\"og:title\" content=\"Gliwicki Rynek zape\u0142ni si\u0119 wolontariuszami. \u015awi\u0119towanie, spotkania i mn\u00f3stwo atrakcji - 24GLIWICE - Portal Gliwice | codziennie nowe informacje\" \/>\n<meta property=\"og:description\" content=\"Wsp\u00f3lne \u015bwi\u0119towanie \u2013 dla wolontariuszy i mieszka\u0144c\u00f3w Gliwic zaplanowano w pi\u0105tek, 10 grudnia, na gliwickim Rynku. Okazja jest nie byle jaka, to Mi\u0119dzynarodowy Dzie\u0144 Wolontariusza przypadaj\u0105cy na 5 grudnia. Uczestnik\u00f3w pi\u0105tkowego wydarzenia czeka sporo atrakcji, w tym na zako\u0144czenie laserowe show. &nbsp; Zas\u0142ugi wolontariuszy s\u0105 nieocenione \u2013 nios\u0105 pomoc nie oczekuj\u0105c niczego w zamian, a [&hellip;]\" \/>\n<meta property=\"og:url\" content=\"https:\/\/www.24gliwice.pl\/wiadomosci\/swieto-wolontariat\/\" \/>\n<meta property=\"og:site_name\" content=\"24GLIWICE - Portal Gliwice | codziennie nowe informacje\" \/>\n<meta property=\"article:publisher\" content=\"https:\/\/www.facebook.com\/24gliwice\" \/>\n<meta property=\"article:author\" content=\"https:\/\/www.facebook.com\/marcin.fabrykowski\" \/>\n<meta property=\"article:published_time\" content=\"2021-12-09T23:15:04+00:00\" \/>\n<meta property=\"article:modified_time\" content=\"2021-12-11T01:16:21+00:00\" \/>\n<meta property=\"og:image\" content=\"https:\/\/www.24gliwice.pl\/wiadomosci\/wp-content\/uploads\/2021\/12\/1-wolontariusze_baner.jpg\" \/>\n\t<meta property=\"og:image:width\" content=\"810\" \/>\n\t<meta property=\"og:image:height\" content=\"456\" \/>\n\t<meta property=\"og:image:type\" content=\"image\/jpeg\" \/>\n<meta name=\"author\" content=\"Marcin Fabrykowski\" \/>\n<meta name=\"twitter:card\" content=\"summary_large_image\" \/>\n<meta name=\"twitter:creator\" content=\"@24gliwice\" \/>\n<meta name=\"twitter:site\" content=\"@24gliwice\" \/>\n<meta name=\"twitter:label1\" content=\"Napisane przez\" \/>\n\t<meta name=\"twitter:data1\" content=\"Marcin Fabrykowski\" \/>\n\t<meta name=\"twitter:label2\" content=\"Szacowany czas czytania\" \/>\n\t<meta name=\"twitter:data2\" content=\"2 minuty\" \/>\n<script type=\"application\/ld+json\" class=\"yoast-schema-graph\">{\"@context\":\"https:\\\/\\\/schema.org\",\"@graph\":[{\"@type\":\"Article\",\"@id\":\"https:\\\/\\\/www.24gliwice.pl\\\/wiadomosci\\\/swieto-wolontariat\\\/#article\",\"isPartOf\":{\"@id\":\"https:\\\/\\\/www.24gliwice.pl\\\/wiadomosci\\\/swieto-wolontariat\\\/\"},\"author\":{\"name\":\"Marcin Fabrykowski\",\"@id\":\"https:\\\/\\\/www.24gliwice.pl\\\/wiadomosci\\\/#\\\/schema\\\/person\\\/cb5857e4a4d048c15984c1edcc8ef0c0\"},\"headline\":\"Gliwicki Rynek zape\u0142ni si\u0119 wolontariuszami. \u015awi\u0119towanie, spotkania i mn\u00f3stwo atrakcji\",\"datePublished\":\"2021-12-09T23:15:04+00:00\",\"dateModified\":\"2021-12-11T01:16:21+00:00\",\"mainEntityOfPage\":{\"@id\":\"https:\\\/\\\/www.24gliwice.pl\\\/wiadomosci\\\/swieto-wolontariat\\\/\"},\"wordCount\":444,\"publisher\":{\"@id\":\"https:\\\/\\\/www.24gliwice.pl\\\/wiadomosci\\\/#organization\"},\"image\":{\"@id\":\"https:\\\/\\\/www.24gliwice.pl\\\/wiadomosci\\\/swieto-wolontariat\\\/#primaryimage\"},\"thumbnailUrl\":\"https:\\\/\\\/www.24gliwice.pl\\\/wiadomosci\\\/wp-content\\\/uploads\\\/2021\\\/12\\\/1-wolontariusze_baner.jpg\",\"articleSection\":[\"Gliwice\",\"Kultura, wydarzenia, imprezy\",\"Najnowsze wiadomo\u015bci\"],\"inLanguage\":\"pl-PL\"},{\"@type\":\"WebPage\",\"@id\":\"https:\\\/\\\/www.24gliwice.pl\\\/wiadomosci\\\/swieto-wolontariat\\\/\",\"url\":\"https:\\\/\\\/www.24gliwice.pl\\\/wiadomosci\\\/swieto-wolontariat\\\/\",\"name\":\"Gliwicki Rynek zape\u0142ni si\u0119 wolontariuszami. \u015awi\u0119towanie, spotkania i mn\u00f3stwo atrakcji - 24GLIWICE - Portal Gliwice | codziennie nowe informacje\",\"isPartOf\":{\"@id\":\"https:\\\/\\\/www.24gliwice.pl\\\/wiadomosci\\\/#website\"},\"primaryImageOfPage\":{\"@id\":\"https:\\\/\\\/www.24gliwice.pl\\\/wiadomosci\\\/swieto-wolontariat\\\/#primaryimage\"},\"image\":{\"@id\":\"https:\\\/\\\/www.24gliwice.pl\\\/wiadomosci\\\/swieto-wolontariat\\\/#primaryimage\"},\"thumbnailUrl\":\"https:\\\/\\\/www.24gliwice.pl\\\/wiadomosci\\\/wp-content\\\/uploads\\\/2021\\\/12\\\/1-wolontariusze_baner.jpg\",\"datePublished\":\"2021-12-09T23:15:04+00:00\",\"dateModified\":\"2021-12-11T01:16:21+00:00\",\"breadcrumb\":{\"@id\":\"https:\\\/\\\/www.24gliwice.pl\\\/wiadomosci\\\/swieto-wolontariat\\\/#breadcrumb\"},\"inLanguage\":\"pl-PL\",\"potentialAction\":[{\"@type\":\"ReadAction\",\"target\":[\"https:\\\/\\\/www.24gliwice.pl\\\/wiadomosci\\\/swieto-wolontariat\\\/\"]}]},{\"@type\":\"ImageObject\",\"inLanguage\":\"pl-PL\",\"@id\":\"https:\\\/\\\/www.24gliwice.pl\\\/wiadomosci\\\/swieto-wolontariat\\\/#primaryimage\",\"url\":\"https:\\\/\\\/www.24gliwice.pl\\\/wiadomosci\\\/wp-content\\\/uploads\\\/2021\\\/12\\\/1-wolontariusze_baner.jpg\",\"contentUrl\":\"https:\\\/\\\/www.24gliwice.pl\\\/wiadomosci\\\/wp-content\\\/uploads\\\/2021\\\/12\\\/1-wolontariusze_baner.jpg\",\"width\":810,\"height\":456},{\"@type\":\"BreadcrumbList\",\"@id\":\"https:\\\/\\\/www.24gliwice.pl\\\/wiadomosci\\\/swieto-wolontariat\\\/#breadcrumb\",\"itemListElement\":[{\"@type\":\"ListItem\",\"position\":1,\"name\":\"Strona g\u0142\u00f3wna\",\"item\":\"https:\\\/\\\/www.24gliwice.pl\\\/wiadomosci\\\/\"},{\"@type\":\"ListItem\",\"position\":2,\"name\":\"Gliwicki Rynek zape\u0142ni si\u0119 wolontariuszami. \u015awi\u0119towanie, spotkania i mn\u00f3stwo atrakcji\"}]},{\"@type\":\"WebSite\",\"@id\":\"https:\\\/\\\/www.24gliwice.pl\\\/wiadomosci\\\/#website\",\"url\":\"https:\\\/\\\/www.24gliwice.pl\\\/wiadomosci\\\/\",\"name\":\"24GLIWICE - Portal Gliwice | codziennie nowe wiadomo\u015bci\",\"description\":\"Portal Miejski Gliwice\",\"publisher\":{\"@id\":\"https:\\\/\\\/www.24gliwice.pl\\\/wiadomosci\\\/#organization\"},\"potentialAction\":[{\"@type\":\"SearchAction\",\"target\":{\"@type\":\"EntryPoint\",\"urlTemplate\":\"https:\\\/\\\/www.24gliwice.pl\\\/wiadomosci\\\/?s={search_term_string}\"},\"query-input\":{\"@type\":\"PropertyValueSpecification\",\"valueRequired\":true,\"valueName\":\"search_term_string\"}}],\"inLanguage\":\"pl-PL\"},{\"@type\":\"Organization\",\"@id\":\"https:\\\/\\\/www.24gliwice.pl\\\/wiadomosci\\\/#organization\",\"name\":\"24gliwice\",\"url\":\"https:\\\/\\\/www.24gliwice.pl\\\/wiadomosci\\\/\",\"logo\":{\"@type\":\"ImageObject\",\"inLanguage\":\"pl-PL\",\"@id\":\"https:\\\/\\\/www.24gliwice.pl\\\/wiadomosci\\\/#\\\/schema\\\/logo\\\/image\\\/\",\"url\":\"https:\\\/\\\/www.24gliwice.pl\\\/wiadomosci\\\/wp-content\\\/uploads\\\/2024\\\/10\\\/24gliwice-logo-696.jpg\",\"contentUrl\":\"https:\\\/\\\/www.24gliwice.pl\\\/wiadomosci\\\/wp-content\\\/uploads\\\/2024\\\/10\\\/24gliwice-logo-696.jpg\",\"width\":696,\"height\":696,\"caption\":\"24gliwice\"},\"image\":{\"@id\":\"https:\\\/\\\/www.24gliwice.pl\\\/wiadomosci\\\/#\\\/schema\\\/logo\\\/image\\\/\"},\"sameAs\":[\"https:\\\/\\\/www.facebook.com\\\/24gliwice\",\"https:\\\/\\\/x.com\\\/24gliwice\",\"https:\\\/\\\/www.youtube.com\\\/@24gliwice\"]},{\"@type\":\"Person\",\"@id\":\"https:\\\/\\\/www.24gliwice.pl\\\/wiadomosci\\\/#\\\/schema\\\/person\\\/cb5857e4a4d048c15984c1edcc8ef0c0\",\"name\":\"Marcin Fabrykowski\",\"image\":{\"@type\":\"ImageObject\",\"inLanguage\":\"pl-PL\",\"@id\":\"https:\\\/\\\/www.24gliwice.pl\\\/wiadomosci\\\/wp-content\\\/uploads\\\/2025\\\/11\\\/zdjecie-moje-marcin-300-96x96.jpg\",\"url\":\"https:\\\/\\\/www.24gliwice.pl\\\/wiadomosci\\\/wp-content\\\/uploads\\\/2025\\\/11\\\/zdjecie-moje-marcin-300-96x96.jpg\",\"contentUrl\":\"https:\\\/\\\/www.24gliwice.pl\\\/wiadomosci\\\/wp-content\\\/uploads\\\/2025\\\/11\\\/zdjecie-moje-marcin-300-96x96.jpg\",\"caption\":\"Marcin Fabrykowski\"},\"sameAs\":[\"http:\\\/\\\/24gliwice.pl\",\"https:\\\/\\\/www.facebook.com\\\/marcin.fabrykowski\"],\"url\":\"https:\\\/\\\/www.24gliwice.pl\\\/wiadomosci\\\/author\\\/marcin-fabrykowski\\\/\"}]}<\/script>\n<!-- \/ Yoast SEO plugin. -->","yoast_head_json":{"title":"Gliwicki Rynek zape\u0142ni si\u0119 wolontariuszami. \u015awi\u0119towanie, spotkania i mn\u00f3stwo atrakcji - 24GLIWICE - Portal Gliwice | codziennie nowe informacje","robots":{"index":"index","follow":"follow","max-snippet":"max-snippet:-1","max-image-preview":"max-image-preview:large","max-video-preview":"max-video-preview:-1"},"canonical":"https:\/\/www.24gliwice.pl\/wiadomosci\/swieto-wolontariat\/","og_locale":"pl_PL","og_type":"article","og_title":"Gliwicki Rynek zape\u0142ni si\u0119 wolontariuszami. \u015awi\u0119towanie, spotkania i mn\u00f3stwo atrakcji - 24GLIWICE - Portal Gliwice | codziennie nowe informacje","og_description":"Wsp\u00f3lne \u015bwi\u0119towanie \u2013 dla wolontariuszy i mieszka\u0144c\u00f3w Gliwic zaplanowano w pi\u0105tek, 10 grudnia, na gliwickim Rynku. Okazja jest nie byle jaka, to Mi\u0119dzynarodowy Dzie\u0144 Wolontariusza przypadaj\u0105cy na 5 grudnia. Uczestnik\u00f3w pi\u0105tkowego wydarzenia czeka sporo atrakcji, w tym na zako\u0144czenie laserowe show. &nbsp; Zas\u0142ugi wolontariuszy s\u0105 nieocenione \u2013 nios\u0105 pomoc nie oczekuj\u0105c niczego w zamian, a [&hellip;]","og_url":"https:\/\/www.24gliwice.pl\/wiadomosci\/swieto-wolontariat\/","og_site_name":"24GLIWICE - Portal Gliwice | codziennie nowe informacje","article_publisher":"https:\/\/www.facebook.com\/24gliwice","article_author":"https:\/\/www.facebook.com\/marcin.fabrykowski","article_published_time":"2021-12-09T23:15:04+00:00","article_modified_time":"2021-12-11T01:16:21+00:00","og_image":[{"width":810,"height":456,"url":"https:\/\/www.24gliwice.pl\/wiadomosci\/wp-content\/uploads\/2021\/12\/1-wolontariusze_baner.jpg","type":"image\/jpeg"}],"author":"Marcin Fabrykowski","twitter_card":"summary_large_image","twitter_creator":"@24gliwice","twitter_site":"@24gliwice","twitter_misc":{"Napisane przez":"Marcin Fabrykowski","Szacowany czas czytania":"2 minuty"},"schema":{"@context":"https:\/\/schema.org","@graph":[{"@type":"Article","@id":"https:\/\/www.24gliwice.pl\/wiadomosci\/swieto-wolontariat\/#article","isPartOf":{"@id":"https:\/\/www.24gliwice.pl\/wiadomosci\/swieto-wolontariat\/"},"author":{"name":"Marcin Fabrykowski","@id":"https:\/\/www.24gliwice.pl\/wiadomosci\/#\/schema\/person\/cb5857e4a4d048c15984c1edcc8ef0c0"},"headline":"Gliwicki Rynek zape\u0142ni si\u0119 wolontariuszami. \u015awi\u0119towanie, spotkania i mn\u00f3stwo atrakcji","datePublished":"2021-12-09T23:15:04+00:00","dateModified":"2021-12-11T01:16:21+00:00","mainEntityOfPage":{"@id":"https:\/\/www.24gliwice.pl\/wiadomosci\/swieto-wolontariat\/"},"wordCount":444,"publisher":{"@id":"https:\/\/www.24gliwice.pl\/wiadomosci\/#organization"},"image":{"@id":"https:\/\/www.24gliwice.pl\/wiadomosci\/swieto-wolontariat\/#primaryimage"},"thumbnailUrl":"https:\/\/www.24gliwice.pl\/wiadomosci\/wp-content\/uploads\/2021\/12\/1-wolontariusze_baner.jpg","articleSection":["Gliwice","Kultura, wydarzenia, imprezy","Najnowsze wiadomo\u015bci"],"inLanguage":"pl-PL"},{"@type":"WebPage","@id":"https:\/\/www.24gliwice.pl\/wiadomosci\/swieto-wolontariat\/","url":"https:\/\/www.24gliwice.pl\/wiadomosci\/swieto-wolontariat\/","name":"Gliwicki Rynek zape\u0142ni si\u0119 wolontariuszami. \u015awi\u0119towanie, spotkania i mn\u00f3stwo atrakcji - 24GLIWICE - Portal Gliwice | codziennie nowe informacje","isPartOf":{"@id":"https:\/\/www.24gliwice.pl\/wiadomosci\/#website"},"primaryImageOfPage":{"@id":"https:\/\/www.24gliwice.pl\/wiadomosci\/swieto-wolontariat\/#primaryimage"},"image":{"@id":"https:\/\/www.24gliwice.pl\/wiadomosci\/swieto-wolontariat\/#primaryimage"},"thumbnailUrl":"https:\/\/www.24gliwice.pl\/wiadomosci\/wp-content\/uploads\/2021\/12\/1-wolontariusze_baner.jpg","datePublished":"2021-12-09T23:15:04+00:00","dateModified":"2021-12-11T01:16:21+00:00","breadcrumb":{"@id":"https:\/\/www.24gliwice.pl\/wiadomosci\/swieto-wolontariat\/#breadcrumb"},"inLanguage":"pl-PL","potentialAction":[{"@type":"ReadAction","target":["https:\/\/www.24gliwice.pl\/wiadomosci\/swieto-wolontariat\/"]}]},{"@type":"ImageObject","inLanguage":"pl-PL","@id":"https:\/\/www.24gliwice.pl\/wiadomosci\/swieto-wolontariat\/#primaryimage","url":"https:\/\/www.24gliwice.pl\/wiadomosci\/wp-content\/uploads\/2021\/12\/1-wolontariusze_baner.jpg","contentUrl":"https:\/\/www.24gliwice.pl\/wiadomosci\/wp-content\/uploads\/2021\/12\/1-wolontariusze_baner.jpg","width":810,"height":456},{"@type":"BreadcrumbList","@id":"https:\/\/www.24gliwice.pl\/wiadomosci\/swieto-wolontariat\/#breadcrumb","itemListElement":[{"@type":"ListItem","position":1,"name":"Strona g\u0142\u00f3wna","item":"https:\/\/www.24gliwice.pl\/wiadomosci\/"},{"@type":"ListItem","position":2,"name":"Gliwicki Rynek zape\u0142ni si\u0119 wolontariuszami. \u015awi\u0119towanie, spotkania i mn\u00f3stwo atrakcji"}]},{"@type":"WebSite","@id":"https:\/\/www.24gliwice.pl\/wiadomosci\/#website","url":"https:\/\/www.24gliwice.pl\/wiadomosci\/","name":"24GLIWICE - Portal Gliwice | codziennie nowe wiadomo\u015bci","description":"Portal Miejski Gliwice","publisher":{"@id":"https:\/\/www.24gliwice.pl\/wiadomosci\/#organization"},"potentialAction":[{"@type":"SearchAction","target":{"@type":"EntryPoint","urlTemplate":"https:\/\/www.24gliwice.pl\/wiadomosci\/?s={search_term_string}"},"query-input":{"@type":"PropertyValueSpecification","valueRequired":true,"valueName":"search_term_string"}}],"inLanguage":"pl-PL"},{"@type":"Organization","@id":"https:\/\/www.24gliwice.pl\/wiadomosci\/#organization","name":"24gliwice","url":"https:\/\/www.24gliwice.pl\/wiadomosci\/","logo":{"@type":"ImageObject","inLanguage":"pl-PL","@id":"https:\/\/www.24gliwice.pl\/wiadomosci\/#\/schema\/logo\/image\/","url":"https:\/\/www.24gliwice.pl\/wiadomosci\/wp-content\/uploads\/2024\/10\/24gliwice-logo-696.jpg","contentUrl":"https:\/\/www.24gliwice.pl\/wiadomosci\/wp-content\/uploads\/2024\/10\/24gliwice-logo-696.jpg","width":696,"height":696,"caption":"24gliwice"},"image":{"@id":"https:\/\/www.24gliwice.pl\/wiadomosci\/#\/schema\/logo\/image\/"},"sameAs":["https:\/\/www.facebook.com\/24gliwice","https:\/\/x.com\/24gliwice","https:\/\/www.youtube.com\/@24gliwice"]},{"@type":"Person","@id":"https:\/\/www.24gliwice.pl\/wiadomosci\/#\/schema\/person\/cb5857e4a4d048c15984c1edcc8ef0c0","name":"Marcin Fabrykowski","image":{"@type":"ImageObject","inLanguage":"pl-PL","@id":"https:\/\/www.24gliwice.pl\/wiadomosci\/wp-content\/uploads\/2025\/11\/zdjecie-moje-marcin-300-96x96.jpg","url":"https:\/\/www.24gliwice.pl\/wiadomosci\/wp-content\/uploads\/2025\/11\/zdjecie-moje-marcin-300-96x96.jpg","contentUrl":"https:\/\/www.24gliwice.pl\/wiadomosci\/wp-content\/uploads\/2025\/11\/zdjecie-moje-marcin-300-96x96.jpg","caption":"Marcin Fabrykowski"},"sameAs":["http:\/\/24gliwice.pl","https:\/\/www.facebook.com\/marcin.fabrykowski"],"url":"https:\/\/www.24gliwice.pl\/wiadomosci\/author\/marcin-fabrykowski\/"}]}},"_links":{"self":[{"href":"https:\/\/www.24gliwice.pl\/wiadomosci\/wp-json\/wp\/v2\/posts\/182466","targetHints":{"allow":["GET"]}}],"collection":[{"href":"https:\/\/www.24gliwice.pl\/wiadomosci\/wp-json\/wp\/v2\/posts"}],"about":[{"href":"https:\/\/www.24gliwice.pl\/wiadomosci\/wp-json\/wp\/v2\/types\/post"}],"author":[{"embeddable":true,"href":"https:\/\/www.24gliwice.pl\/wiadomosci\/wp-json\/wp\/v2\/users\/4"}],"replies":[{"embeddable":true,"href":"https:\/\/www.24gliwice.pl\/wiadomosci\/wp-json\/wp\/v2\/comments?post=182466"}],"version-history":[{"count":17,"href":"https:\/\/www.24gliwice.pl\/wiadomosci\/wp-json\/wp\/v2\/posts\/182466\/revisions"}],"predecessor-version":[{"id":182485,"href":"https:\/\/www.24gliwice.pl\/wiadomosci\/wp-json\/wp\/v2\/posts\/182466\/revisions\/182485"}],"wp:featuredmedia":[{"embeddable":true,"href":"https:\/\/www.24gliwice.pl\/wiadomosci\/wp-json\/wp\/v2\/media\/182476"}],"wp:attachment":[{"href":"https:\/\/www.24gliwice.pl\/wiadomosci\/wp-json\/wp\/v2\/media?parent=182466"}],"wp:term":[{"taxonomy":"category","embeddable":true,"href":"https:\/\/www.24gliwice.pl\/wiadomosci\/wp-json\/wp\/v2\/categories?post=182466"},{"taxonomy":"post_tag","embeddable":true,"href":"https:\/\/www.24gliwice.pl\/wiadomosci\/wp-json\/wp\/v2\/tags?post=182466"}],"curies":[{"name":"wp","href":"https:\/\/api.w.org\/{rel}","templated":true}]}}