{"id":182489,"date":"2021-12-12T02:21:05","date_gmt":"2021-12-12T01:21:05","guid":{"rendered":"https:\/\/www.24gliwice.pl\/wiadomosci\/?p=182489"},"modified":"2021-12-12T02:47:18","modified_gmt":"2021-12-12T01:47:18","slug":"spoleczny-ogrodnik-miasta-zielone-gliwice","status":"publish","type":"post","link":"https:\/\/www.24gliwice.pl\/wiadomosci\/spoleczny-ogrodnik-miasta-zielone-gliwice\/","title":{"rendered":"Chc\u0105 stworzy\u0107 baz\u0119 danych o drzewach w Gliwicach. Powo\u0142aj\u0105 te\u017c Spo\u0142ecznego Ogrodnika Miasta"},"content":{"rendered":"<div class=\"gliwi-a6-nad-leadem-artykulow gliwi-entity-placement\" id=\"gliwi-2382376060\"><div class=\"gliwi-adlabel\"><span style=\"font-size: 9px\">REKLAMA<\/span><\/div><div id=\"gliwi-3005522877\" style=\"margin-bottom: 25px;margin-left: auto;margin-right: auto;text-align: center;\"><a data-no-instant=\"1\" href=\"https:\/\/dom100.eu\/\" rel=\"noopener\" class=\"a2t-link\" target=\"_blank\" aria-label=\"20260415 DOM100 D\"><img loading=\"lazy\" decoding=\"async\" src=\"https:\/\/www.24gliwice.pl\/wiadomosci\/wp-content\/uploads\/2026\/04\/20260415-DOM100-D.jpg\" alt=\"\"  srcset=\"https:\/\/www.24gliwice.pl\/wiadomosci\/wp-content\/uploads\/2026\/04\/20260415-DOM100-D.jpg 750w, https:\/\/www.24gliwice.pl\/wiadomosci\/wp-content\/uploads\/2026\/04\/20260415-DOM100-D-410x109.jpg 410w\" sizes=\"(max-width: 750px) 100vw, 750px\" class=\"no-lazyload\" width=\"750\" height=\"200\"  style=\"display: inline-block; max-width: 100%; height: auto;\" \/><\/a><\/div><\/div><h2>Inwentaryzacja zieleni miejskiej w Gliwicach, przy udziale aktywist\u00f3w, urz\u0119dnik\u00f3w, uczni\u00f3w szk\u00f3\u0142 oraz mieszka\u0144c\u00f3w, mo\u017ce zyska\u0107 wkr\u00f3tce zupe\u0142nie nowy wymiar. Powstanie aplikacja, za pomoc\u0105 kt\u00f3rej mo\u017cliwe b\u0119dzie przekazywanie danych na temat drzew.<\/h2>\n<p>&nbsp;<br \/>\nInicjatywa pod nazw\u0105 Zielone Gliwice 3.0 to najnowszy projekt realizowany przez Fundacj\u0119 Media 3.0. Jego celem celem jest zaanga\u017cowanie gliwiczan w kszta\u0142towanie zieleni miejskiej oraz stworzenia aktualnej bazy drzew w mie\u015bcie.<\/p>\n<blockquote><p><em>Dane to podstawa wiedzy o mie\u015bcie, naszym celem jest zebranie zdigitalizowanych danych o drzewostanie w Gliwicach w ramach tzw. crowdsourcingu, czyli spo\u0142ecznego zbierania danych<\/em> <\/p><\/blockquote>\n<p>&#8211; m\u00f3wi <strong>Jadwiga Rydzyk<\/strong>, koordynatorka projektu z ramienia Fundacji.<\/p><div class=\"gliwi-a3-w-tresci-artykulow gliwi-entity-placement\" id=\"gliwi-1367021376\"><div class=\"gliwi-adlabel\"><span style=\"font-size: 9px\">REKLAMA<\/span><\/div><div id=\"gliwi-570932099\" style=\"margin-bottom: 30px;margin-left: auto;margin-right: auto;text-align: center;\"><a data-no-instant=\"1\" href=\"https:\/\/zlobek.halogen.org.pl\/\" rel=\"noopener\" class=\"a2t-link\" target=\"_blank\" aria-label=\"animator-zlobek_750x200\"><img loading=\"lazy\" decoding=\"async\" src=\"https:\/\/www.24gliwice.pl\/wiadomosci\/wp-content\/uploads\/2026\/02\/animator-zlobek_750x200.webp\" alt=\"\"  srcset=\"https:\/\/www.24gliwice.pl\/wiadomosci\/wp-content\/uploads\/2026\/02\/animator-zlobek_750x200.webp 750w, https:\/\/www.24gliwice.pl\/wiadomosci\/wp-content\/uploads\/2026\/02\/animator-zlobek_750x200-410x109.webp 410w\" sizes=\"(max-width: 750px) 100vw, 750px\" class=\"no-lazyload\" width=\"750\" height=\"200\"  style=\"display: inline-block; max-width: 100%; height: auto;\" \/><\/a><\/div><\/div>\n<p>Mapa powstanie dzi\u0119ki wykorzystaniu innowacyjnej aplikacji mobilnej, kt\u00f3ra umo\u017cliwi inwentaryzacj\u0119 drzewostanu poprzez nanoszenie danych zwi\u0105zanych z konkretnym drzewem. Dzi\u0119ki wykorzystaniu sztucznej inteligencji aplikacja na zdj\u0119ciu b\u0119dzie automatycznie oznacza\u0107 gatunek drzewa oraz pozycj\u0119 (GPS). <\/p>\n<p>Zautomatyzowana analiza danych zapewni m.in. informacje o warto\u015bci spo\u0142ecznej i ekonomicznej drzewostanu. Nie jest to powszechna wiedza, \u017ce drzewa przyczyniaj\u0105 si\u0119 nie tylko do ograniczenia emisji CO2, ale wp\u0142ywaj\u0105 tak\u017ce na energooszcz\u0119dno\u015b\u0107 budynk\u00f3w, efekt cieplny miasta czy zu\u017cycie dr\u00f3g. <\/p>\n<blockquote><p>Chcemy \u015bci\u015ble wsp\u00f3\u0142pracowa\u0107 z UM Gliwice z uwagi na fakt, \u017ce dostarczone przez nas zasoby danych mog\u0105 pos\u0142u\u017cy\u0107 do aktualizacji bie\u017c\u0105cej mapy drzew miasta w postaci danych otwartych oraz mapowych (GIS) <\/p><\/blockquote>\n<p>&#8211; podkre\u015bla <strong>Marek Uziel<\/strong> z Fundacji.  <\/p>\n<p><a href=\"https:\/\/www.24gliwice.pl\/wiadomosci\/wp-content\/uploads\/2021\/12\/zielone-gliwice-1.jpg\"><img loading=\"lazy\" decoding=\"async\" src=\"https:\/\/www.24gliwice.pl\/wiadomosci\/wp-content\/uploads\/2021\/12\/zielone-gliwice-1.jpg\" alt=\"\" width=\"810\" height=\"457\" class=\"alignnone size-full wp-image-182496\" srcset=\"https:\/\/www.24gliwice.pl\/wiadomosci\/wp-content\/uploads\/2021\/12\/zielone-gliwice-1.jpg 810w, https:\/\/www.24gliwice.pl\/wiadomosci\/wp-content\/uploads\/2021\/12\/zielone-gliwice-1-410x232.jpg 410w, https:\/\/www.24gliwice.pl\/wiadomosci\/wp-content\/uploads\/2021\/12\/zielone-gliwice-1-806x455.jpg 806w, https:\/\/www.24gliwice.pl\/wiadomosci\/wp-content\/uploads\/2021\/12\/zielone-gliwice-1-768x433.jpg 768w\" sizes=\"auto, (max-width: 810px) 100vw, 810px\" \/><\/a><\/p>\n<p>Aby usprawni\u0107 komunikacj\u0119 mieszka\u0144c\u00f3w i aktywist\u00f3w z w\u0142adzami miasta zostanie powo\u0142any Spo\u0142eczny Ogrodnik Miasta Gliwice, kt\u00f3ry b\u0119dzie odpowiedzialny za koordynowanie dzia\u0142a\u0144 miejskich aktywist\u00f3w, reprezentacj\u0119 interes\u00f3w mieszka\u0144c\u00f3w i organizacji pozarz\u0105dowych przed Urz\u0119dem Miasta oraz prowadzenie sta\u0142ego dialogu. Ju\u017c teraz wiadomo, \u017ce t\u0119 funkcj\u0119 objemie dotychczasowy aktywista w zakresie zieleni miejskiej &#8211; <strong>Pawe\u0142 Harlender<\/strong>. <\/p>\n<blockquote><p>Kluczowa jest aktywizacja lokalnej spo\u0142eczno\u015bci, dlatego poszukujemy aktywist\u00f3w chc\u0105cych zaanga\u017cowa\u0107 si\u0119 w projekt w formie wolontariatu, kt\u00f3rzy b\u0119d\u0105 zach\u0119ca\u0107 mieszka\u0144c\u00f3w do udzia\u0142u w dzia\u0142aniach na rzecz zieleni miejskiej<\/p><\/blockquote>\n<p>&#8211; m\u00f3wi Harlender. W tym celu zostanie powo\u0142ana grupa 12 Zielonych Lider\u00f3w, kt\u00f3rzy b\u0119d\u0105 aktywowa\u0107 lokalne spo\u0142eczno\u015bci i wspiera\u0107 realizacj\u0119 koncepcji Fundacji. <\/p>\n<p>Dla wolontariuszy zostanie zorganizowana seria szkole\u0144 i warsztat\u00f3w z zakresu podstaw dendrologii, zr\u00f3wnowa\u017conego rozwoju, projektowania teren\u00f3w zielonych, ogrodnictwa czy prawa ochrony \u015brodowiska. Wolontariusze mog\u0105 przesy\u0142a\u0107 zg\u0142oszenia na adres koordynatora projektu: <a href=\"mailto:j.rydzyk@media30.pl\" rel=\"noopener\" target=\"_blank\">j.rydzyk@media30.pl<\/a>. Wi\u0119cej informacji o projekcie mo\u017cna znale\u017a\u0107 na stronie <a href=\"http:\/\/zielonegliwice.pl\" rel=\"noopener\" target=\"_blank\">zielonegliwice.pl<\/a>.<\/p>\n<p>Projekt jest finansowany z Funduszy EOG w ramach Programu Aktywni Obywatele \u2013 Fundusz Regionalny.<\/p>\n<p>(\u017cms)<br \/>\nfot. 24gliwice.pl\/\u017bMS<\/p>\n<div class=\"gliwi-a5-na-koncu-artykulow gliwi-entity-placement\" id=\"gliwi-450939954\"><div class=\"gliwi-adlabel\"><span style=\"font-size: 9px\">REKLAMA<\/span><\/div><div id=\"gliwi-1381389026\" style=\"margin-left: auto;margin-right: auto;text-align: center;\"><a data-no-instant=\"1\" href=\"https:\/\/prezeroarenagliwice.pl\/\" rel=\"noopener\" class=\"a2t-link\" target=\"_blank\" aria-label=\"20260309-PREZERO-WIOSNA-D\"><img loading=\"lazy\" decoding=\"async\" src=\"https:\/\/www.24gliwice.pl\/wiadomosci\/wp-content\/uploads\/2026\/03\/20260309-PREZERO-WIOSNA-D.webp\" alt=\"\"  srcset=\"https:\/\/www.24gliwice.pl\/wiadomosci\/wp-content\/uploads\/2026\/03\/20260309-PREZERO-WIOSNA-D.webp 750w, https:\/\/www.24gliwice.pl\/wiadomosci\/wp-content\/uploads\/2026\/03\/20260309-PREZERO-WIOSNA-D-410x109.webp 410w\" sizes=\"(max-width: 750px) 100vw, 750px\" class=\"no-lazyload\" width=\"750\" height=\"200\"  style=\"display: inline-block; max-width: 100%; height: auto;\" \/><\/a><\/div><\/div>","protected":false},"excerpt":{"rendered":"<p>Inwentaryzacja zieleni miejskiej w Gliwicach, przy udziale aktywist\u00f3w, urz\u0119dnik\u00f3w, uczni\u00f3w szk\u00f3\u0142 oraz mieszka\u0144c\u00f3w, mo\u017ce zyska\u0107 wkr\u00f3tce zupe\u0142nie nowy wymiar. Powstanie aplikacja, za pomoc\u0105 kt\u00f3rej mo\u017cliwe b\u0119dzie przekazywanie danych na temat drzew. &nbsp; Inicjatywa pod nazw\u0105 Zielone Gliwice 3.0 to najnowszy projekt realizowany przez Fundacj\u0119 Media 3.0. Jego celem celem jest zaanga\u017cowanie gliwiczan w kszta\u0142towanie zieleni [&hellip;]<\/p>\n","protected":false},"author":15,"featured_media":182497,"comment_status":"open","ping_status":"closed","sticky":false,"template":"","format":"standard","meta":{"_monsterinsights_skip_tracking":false,"_monsterinsights_sitenote_active":false,"_monsterinsights_sitenote_note":"","_monsterinsights_sitenote_category":0,"footnotes":"","_links_to":"","_links_to_target":""},"categories":[3,1,9,8],"tags":[],"class_list":["post-182489","post","type-post","status-publish","format-standard","has-post-thumbnail","hentry","category-gliwice","category-wszystko","category-aktualnosci_lokalne","category-samorzad_polityka"],"yoast_head":"<!-- This site is optimized with the Yoast SEO plugin v27.5 - https:\/\/yoast.com\/product\/yoast-seo-wordpress\/ -->\n<title>Chc\u0105 stworzy\u0107 baz\u0119 danych o drzewach w Gliwicach. Powo\u0142aj\u0105 te\u017c Spo\u0142ecznego Ogrodnika Miasta - 24GLIWICE - Portal Gliwice | codziennie nowe informacje<\/title>\n<meta name=\"robots\" content=\"index, follow, max-snippet:-1, max-image-preview:large, max-video-preview:-1\" \/>\n<link rel=\"canonical\" href=\"https:\/\/www.24gliwice.pl\/wiadomosci\/spoleczny-ogrodnik-miasta-zielone-gliwice\/\" \/>\n<meta property=\"og:locale\" content=\"pl_PL\" \/>\n<meta property=\"og:type\" content=\"article\" \/>\n<meta property=\"og:title\" content=\"Chc\u0105 stworzy\u0107 baz\u0119 danych o drzewach w Gliwicach. Powo\u0142aj\u0105 te\u017c Spo\u0142ecznego Ogrodnika Miasta - 24GLIWICE - Portal Gliwice | codziennie nowe informacje\" \/>\n<meta property=\"og:description\" content=\"Inwentaryzacja zieleni miejskiej w Gliwicach, przy udziale aktywist\u00f3w, urz\u0119dnik\u00f3w, uczni\u00f3w szk\u00f3\u0142 oraz mieszka\u0144c\u00f3w, mo\u017ce zyska\u0107 wkr\u00f3tce zupe\u0142nie nowy wymiar. Powstanie aplikacja, za pomoc\u0105 kt\u00f3rej mo\u017cliwe b\u0119dzie przekazywanie danych na temat drzew. &nbsp; Inicjatywa pod nazw\u0105 Zielone Gliwice 3.0 to najnowszy projekt realizowany przez Fundacj\u0119 Media 3.0. Jego celem celem jest zaanga\u017cowanie gliwiczan w kszta\u0142towanie zieleni [&hellip;]\" \/>\n<meta property=\"og:url\" content=\"https:\/\/www.24gliwice.pl\/wiadomosci\/spoleczny-ogrodnik-miasta-zielone-gliwice\/\" \/>\n<meta property=\"og:site_name\" content=\"24GLIWICE - Portal Gliwice | codziennie nowe informacje\" \/>\n<meta property=\"article:publisher\" content=\"https:\/\/www.facebook.com\/24gliwice\" \/>\n<meta property=\"article:published_time\" content=\"2021-12-12T01:21:05+00:00\" \/>\n<meta property=\"article:modified_time\" content=\"2021-12-12T01:47:18+00:00\" \/>\n<meta property=\"og:image\" content=\"https:\/\/www.24gliwice.pl\/wiadomosci\/wp-content\/uploads\/2021\/12\/zielone-gliwice-2.jpg\" \/>\n\t<meta property=\"og:image:width\" content=\"810\" \/>\n\t<meta property=\"og:image:height\" content=\"472\" \/>\n\t<meta property=\"og:image:type\" content=\"image\/jpeg\" \/>\n<meta name=\"author\" content=\"\u017baneta Mrozek-Siewierska\" \/>\n<meta name=\"twitter:card\" content=\"summary_large_image\" \/>\n<meta name=\"twitter:creator\" content=\"@24gliwice\" \/>\n<meta name=\"twitter:site\" content=\"@24gliwice\" \/>\n<meta name=\"twitter:label1\" content=\"Napisane przez\" \/>\n\t<meta name=\"twitter:data1\" content=\"\u017baneta Mrozek-Siewierska\" \/>\n\t<meta name=\"twitter:label2\" content=\"Szacowany czas czytania\" \/>\n\t<meta name=\"twitter:data2\" content=\"2 minuty\" \/>\n<script type=\"application\/ld+json\" class=\"yoast-schema-graph\">{\"@context\":\"https:\\\/\\\/schema.org\",\"@graph\":[{\"@type\":\"Article\",\"@id\":\"https:\\\/\\\/www.24gliwice.pl\\\/wiadomosci\\\/spoleczny-ogrodnik-miasta-zielone-gliwice\\\/#article\",\"isPartOf\":{\"@id\":\"https:\\\/\\\/www.24gliwice.pl\\\/wiadomosci\\\/spoleczny-ogrodnik-miasta-zielone-gliwice\\\/\"},\"author\":{\"name\":\"\u017baneta Mrozek-Siewierska\",\"@id\":\"https:\\\/\\\/www.24gliwice.pl\\\/wiadomosci\\\/#\\\/schema\\\/person\\\/e42c650edd7f2fa332be3811fb166b6e\"},\"headline\":\"Chc\u0105 stworzy\u0107 baz\u0119 danych o drzewach w Gliwicach. Powo\u0142aj\u0105 te\u017c Spo\u0142ecznego Ogrodnika Miasta\",\"datePublished\":\"2021-12-12T01:21:05+00:00\",\"dateModified\":\"2021-12-12T01:47:18+00:00\",\"mainEntityOfPage\":{\"@id\":\"https:\\\/\\\/www.24gliwice.pl\\\/wiadomosci\\\/spoleczny-ogrodnik-miasta-zielone-gliwice\\\/\"},\"wordCount\":464,\"commentCount\":0,\"publisher\":{\"@id\":\"https:\\\/\\\/www.24gliwice.pl\\\/wiadomosci\\\/#organization\"},\"image\":{\"@id\":\"https:\\\/\\\/www.24gliwice.pl\\\/wiadomosci\\\/spoleczny-ogrodnik-miasta-zielone-gliwice\\\/#primaryimage\"},\"thumbnailUrl\":\"https:\\\/\\\/www.24gliwice.pl\\\/wiadomosci\\\/wp-content\\\/uploads\\\/2021\\\/12\\\/zielone-gliwice-2.jpg\",\"articleSection\":[\"Gliwice\",\"Najnowsze wiadomo\u015bci\",\"Portal Gliwice - Wiadomo\u015bci lokalne\",\"Samorz\u0105d, polityka\"],\"inLanguage\":\"pl-PL\",\"potentialAction\":[{\"@type\":\"CommentAction\",\"name\":\"Comment\",\"target\":[\"https:\\\/\\\/www.24gliwice.pl\\\/wiadomosci\\\/spoleczny-ogrodnik-miasta-zielone-gliwice\\\/#respond\"]}]},{\"@type\":\"WebPage\",\"@id\":\"https:\\\/\\\/www.24gliwice.pl\\\/wiadomosci\\\/spoleczny-ogrodnik-miasta-zielone-gliwice\\\/\",\"url\":\"https:\\\/\\\/www.24gliwice.pl\\\/wiadomosci\\\/spoleczny-ogrodnik-miasta-zielone-gliwice\\\/\",\"name\":\"Chc\u0105 stworzy\u0107 baz\u0119 danych o drzewach w Gliwicach. Powo\u0142aj\u0105 te\u017c Spo\u0142ecznego Ogrodnika Miasta - 24GLIWICE - Portal Gliwice | codziennie nowe informacje\",\"isPartOf\":{\"@id\":\"https:\\\/\\\/www.24gliwice.pl\\\/wiadomosci\\\/#website\"},\"primaryImageOfPage\":{\"@id\":\"https:\\\/\\\/www.24gliwice.pl\\\/wiadomosci\\\/spoleczny-ogrodnik-miasta-zielone-gliwice\\\/#primaryimage\"},\"image\":{\"@id\":\"https:\\\/\\\/www.24gliwice.pl\\\/wiadomosci\\\/spoleczny-ogrodnik-miasta-zielone-gliwice\\\/#primaryimage\"},\"thumbnailUrl\":\"https:\\\/\\\/www.24gliwice.pl\\\/wiadomosci\\\/wp-content\\\/uploads\\\/2021\\\/12\\\/zielone-gliwice-2.jpg\",\"datePublished\":\"2021-12-12T01:21:05+00:00\",\"dateModified\":\"2021-12-12T01:47:18+00:00\",\"breadcrumb\":{\"@id\":\"https:\\\/\\\/www.24gliwice.pl\\\/wiadomosci\\\/spoleczny-ogrodnik-miasta-zielone-gliwice\\\/#breadcrumb\"},\"inLanguage\":\"pl-PL\",\"potentialAction\":[{\"@type\":\"ReadAction\",\"target\":[\"https:\\\/\\\/www.24gliwice.pl\\\/wiadomosci\\\/spoleczny-ogrodnik-miasta-zielone-gliwice\\\/\"]}]},{\"@type\":\"ImageObject\",\"inLanguage\":\"pl-PL\",\"@id\":\"https:\\\/\\\/www.24gliwice.pl\\\/wiadomosci\\\/spoleczny-ogrodnik-miasta-zielone-gliwice\\\/#primaryimage\",\"url\":\"https:\\\/\\\/www.24gliwice.pl\\\/wiadomosci\\\/wp-content\\\/uploads\\\/2021\\\/12\\\/zielone-gliwice-2.jpg\",\"contentUrl\":\"https:\\\/\\\/www.24gliwice.pl\\\/wiadomosci\\\/wp-content\\\/uploads\\\/2021\\\/12\\\/zielone-gliwice-2.jpg\",\"width\":810,\"height\":472},{\"@type\":\"BreadcrumbList\",\"@id\":\"https:\\\/\\\/www.24gliwice.pl\\\/wiadomosci\\\/spoleczny-ogrodnik-miasta-zielone-gliwice\\\/#breadcrumb\",\"itemListElement\":[{\"@type\":\"ListItem\",\"position\":1,\"name\":\"Strona g\u0142\u00f3wna\",\"item\":\"https:\\\/\\\/www.24gliwice.pl\\\/wiadomosci\\\/\"},{\"@type\":\"ListItem\",\"position\":2,\"name\":\"Chc\u0105 stworzy\u0107 baz\u0119 danych o drzewach w Gliwicach. Powo\u0142aj\u0105 te\u017c Spo\u0142ecznego Ogrodnika Miasta\"}]},{\"@type\":\"WebSite\",\"@id\":\"https:\\\/\\\/www.24gliwice.pl\\\/wiadomosci\\\/#website\",\"url\":\"https:\\\/\\\/www.24gliwice.pl\\\/wiadomosci\\\/\",\"name\":\"24GLIWICE - Portal Gliwice | codziennie nowe wiadomo\u015bci\",\"description\":\"Portal Miejski Gliwice\",\"publisher\":{\"@id\":\"https:\\\/\\\/www.24gliwice.pl\\\/wiadomosci\\\/#organization\"},\"potentialAction\":[{\"@type\":\"SearchAction\",\"target\":{\"@type\":\"EntryPoint\",\"urlTemplate\":\"https:\\\/\\\/www.24gliwice.pl\\\/wiadomosci\\\/?s={search_term_string}\"},\"query-input\":{\"@type\":\"PropertyValueSpecification\",\"valueRequired\":true,\"valueName\":\"search_term_string\"}}],\"inLanguage\":\"pl-PL\"},{\"@type\":\"Organization\",\"@id\":\"https:\\\/\\\/www.24gliwice.pl\\\/wiadomosci\\\/#organization\",\"name\":\"24gliwice\",\"url\":\"https:\\\/\\\/www.24gliwice.pl\\\/wiadomosci\\\/\",\"logo\":{\"@type\":\"ImageObject\",\"inLanguage\":\"pl-PL\",\"@id\":\"https:\\\/\\\/www.24gliwice.pl\\\/wiadomosci\\\/#\\\/schema\\\/logo\\\/image\\\/\",\"url\":\"https:\\\/\\\/www.24gliwice.pl\\\/wiadomosci\\\/wp-content\\\/uploads\\\/2024\\\/10\\\/24gliwice-logo-696.jpg\",\"contentUrl\":\"https:\\\/\\\/www.24gliwice.pl\\\/wiadomosci\\\/wp-content\\\/uploads\\\/2024\\\/10\\\/24gliwice-logo-696.jpg\",\"width\":696,\"height\":696,\"caption\":\"24gliwice\"},\"image\":{\"@id\":\"https:\\\/\\\/www.24gliwice.pl\\\/wiadomosci\\\/#\\\/schema\\\/logo\\\/image\\\/\"},\"sameAs\":[\"https:\\\/\\\/www.facebook.com\\\/24gliwice\",\"https:\\\/\\\/x.com\\\/24gliwice\",\"https:\\\/\\\/www.youtube.com\\\/@24gliwice\"]},{\"@type\":\"Person\",\"@id\":\"https:\\\/\\\/www.24gliwice.pl\\\/wiadomosci\\\/#\\\/schema\\\/person\\\/e42c650edd7f2fa332be3811fb166b6e\",\"name\":\"\u017baneta Mrozek-Siewierska\",\"image\":{\"@type\":\"ImageObject\",\"inLanguage\":\"pl-PL\",\"@id\":\"https:\\\/\\\/secure.gravatar.com\\\/avatar\\\/1881429e9c64597c77ad7aef2d0a19be69a3253e57534d16aa15bf3a4d34a0a3?s=96&d=mm&r=g\",\"url\":\"https:\\\/\\\/secure.gravatar.com\\\/avatar\\\/1881429e9c64597c77ad7aef2d0a19be69a3253e57534d16aa15bf3a4d34a0a3?s=96&d=mm&r=g\",\"contentUrl\":\"https:\\\/\\\/secure.gravatar.com\\\/avatar\\\/1881429e9c64597c77ad7aef2d0a19be69a3253e57534d16aa15bf3a4d34a0a3?s=96&d=mm&r=g\",\"caption\":\"\u017baneta Mrozek-Siewierska\"},\"url\":\"https:\\\/\\\/www.24gliwice.pl\\\/wiadomosci\\\/author\\\/zms\\\/\"}]}<\/script>\n<!-- \/ Yoast SEO plugin. -->","yoast_head_json":{"title":"Chc\u0105 stworzy\u0107 baz\u0119 danych o drzewach w Gliwicach. Powo\u0142aj\u0105 te\u017c Spo\u0142ecznego Ogrodnika Miasta - 24GLIWICE - Portal Gliwice | codziennie nowe informacje","robots":{"index":"index","follow":"follow","max-snippet":"max-snippet:-1","max-image-preview":"max-image-preview:large","max-video-preview":"max-video-preview:-1"},"canonical":"https:\/\/www.24gliwice.pl\/wiadomosci\/spoleczny-ogrodnik-miasta-zielone-gliwice\/","og_locale":"pl_PL","og_type":"article","og_title":"Chc\u0105 stworzy\u0107 baz\u0119 danych o drzewach w Gliwicach. Powo\u0142aj\u0105 te\u017c Spo\u0142ecznego Ogrodnika Miasta - 24GLIWICE - Portal Gliwice | codziennie nowe informacje","og_description":"Inwentaryzacja zieleni miejskiej w Gliwicach, przy udziale aktywist\u00f3w, urz\u0119dnik\u00f3w, uczni\u00f3w szk\u00f3\u0142 oraz mieszka\u0144c\u00f3w, mo\u017ce zyska\u0107 wkr\u00f3tce zupe\u0142nie nowy wymiar. Powstanie aplikacja, za pomoc\u0105 kt\u00f3rej mo\u017cliwe b\u0119dzie przekazywanie danych na temat drzew. &nbsp; Inicjatywa pod nazw\u0105 Zielone Gliwice 3.0 to najnowszy projekt realizowany przez Fundacj\u0119 Media 3.0. Jego celem celem jest zaanga\u017cowanie gliwiczan w kszta\u0142towanie zieleni [&hellip;]","og_url":"https:\/\/www.24gliwice.pl\/wiadomosci\/spoleczny-ogrodnik-miasta-zielone-gliwice\/","og_site_name":"24GLIWICE - Portal Gliwice | codziennie nowe informacje","article_publisher":"https:\/\/www.facebook.com\/24gliwice","article_published_time":"2021-12-12T01:21:05+00:00","article_modified_time":"2021-12-12T01:47:18+00:00","og_image":[{"width":810,"height":472,"url":"https:\/\/www.24gliwice.pl\/wiadomosci\/wp-content\/uploads\/2021\/12\/zielone-gliwice-2.jpg","type":"image\/jpeg"}],"author":"\u017baneta Mrozek-Siewierska","twitter_card":"summary_large_image","twitter_creator":"@24gliwice","twitter_site":"@24gliwice","twitter_misc":{"Napisane przez":"\u017baneta Mrozek-Siewierska","Szacowany czas czytania":"2 minuty"},"schema":{"@context":"https:\/\/schema.org","@graph":[{"@type":"Article","@id":"https:\/\/www.24gliwice.pl\/wiadomosci\/spoleczny-ogrodnik-miasta-zielone-gliwice\/#article","isPartOf":{"@id":"https:\/\/www.24gliwice.pl\/wiadomosci\/spoleczny-ogrodnik-miasta-zielone-gliwice\/"},"author":{"name":"\u017baneta Mrozek-Siewierska","@id":"https:\/\/www.24gliwice.pl\/wiadomosci\/#\/schema\/person\/e42c650edd7f2fa332be3811fb166b6e"},"headline":"Chc\u0105 stworzy\u0107 baz\u0119 danych o drzewach w Gliwicach. Powo\u0142aj\u0105 te\u017c Spo\u0142ecznego Ogrodnika Miasta","datePublished":"2021-12-12T01:21:05+00:00","dateModified":"2021-12-12T01:47:18+00:00","mainEntityOfPage":{"@id":"https:\/\/www.24gliwice.pl\/wiadomosci\/spoleczny-ogrodnik-miasta-zielone-gliwice\/"},"wordCount":464,"commentCount":0,"publisher":{"@id":"https:\/\/www.24gliwice.pl\/wiadomosci\/#organization"},"image":{"@id":"https:\/\/www.24gliwice.pl\/wiadomosci\/spoleczny-ogrodnik-miasta-zielone-gliwice\/#primaryimage"},"thumbnailUrl":"https:\/\/www.24gliwice.pl\/wiadomosci\/wp-content\/uploads\/2021\/12\/zielone-gliwice-2.jpg","articleSection":["Gliwice","Najnowsze wiadomo\u015bci","Portal Gliwice - Wiadomo\u015bci lokalne","Samorz\u0105d, polityka"],"inLanguage":"pl-PL","potentialAction":[{"@type":"CommentAction","name":"Comment","target":["https:\/\/www.24gliwice.pl\/wiadomosci\/spoleczny-ogrodnik-miasta-zielone-gliwice\/#respond"]}]},{"@type":"WebPage","@id":"https:\/\/www.24gliwice.pl\/wiadomosci\/spoleczny-ogrodnik-miasta-zielone-gliwice\/","url":"https:\/\/www.24gliwice.pl\/wiadomosci\/spoleczny-ogrodnik-miasta-zielone-gliwice\/","name":"Chc\u0105 stworzy\u0107 baz\u0119 danych o drzewach w Gliwicach. Powo\u0142aj\u0105 te\u017c Spo\u0142ecznego Ogrodnika Miasta - 24GLIWICE - Portal Gliwice | codziennie nowe informacje","isPartOf":{"@id":"https:\/\/www.24gliwice.pl\/wiadomosci\/#website"},"primaryImageOfPage":{"@id":"https:\/\/www.24gliwice.pl\/wiadomosci\/spoleczny-ogrodnik-miasta-zielone-gliwice\/#primaryimage"},"image":{"@id":"https:\/\/www.24gliwice.pl\/wiadomosci\/spoleczny-ogrodnik-miasta-zielone-gliwice\/#primaryimage"},"thumbnailUrl":"https:\/\/www.24gliwice.pl\/wiadomosci\/wp-content\/uploads\/2021\/12\/zielone-gliwice-2.jpg","datePublished":"2021-12-12T01:21:05+00:00","dateModified":"2021-12-12T01:47:18+00:00","breadcrumb":{"@id":"https:\/\/www.24gliwice.pl\/wiadomosci\/spoleczny-ogrodnik-miasta-zielone-gliwice\/#breadcrumb"},"inLanguage":"pl-PL","potentialAction":[{"@type":"ReadAction","target":["https:\/\/www.24gliwice.pl\/wiadomosci\/spoleczny-ogrodnik-miasta-zielone-gliwice\/"]}]},{"@type":"ImageObject","inLanguage":"pl-PL","@id":"https:\/\/www.24gliwice.pl\/wiadomosci\/spoleczny-ogrodnik-miasta-zielone-gliwice\/#primaryimage","url":"https:\/\/www.24gliwice.pl\/wiadomosci\/wp-content\/uploads\/2021\/12\/zielone-gliwice-2.jpg","contentUrl":"https:\/\/www.24gliwice.pl\/wiadomosci\/wp-content\/uploads\/2021\/12\/zielone-gliwice-2.jpg","width":810,"height":472},{"@type":"BreadcrumbList","@id":"https:\/\/www.24gliwice.pl\/wiadomosci\/spoleczny-ogrodnik-miasta-zielone-gliwice\/#breadcrumb","itemListElement":[{"@type":"ListItem","position":1,"name":"Strona g\u0142\u00f3wna","item":"https:\/\/www.24gliwice.pl\/wiadomosci\/"},{"@type":"ListItem","position":2,"name":"Chc\u0105 stworzy\u0107 baz\u0119 danych o drzewach w Gliwicach. Powo\u0142aj\u0105 te\u017c Spo\u0142ecznego Ogrodnika Miasta"}]},{"@type":"WebSite","@id":"https:\/\/www.24gliwice.pl\/wiadomosci\/#website","url":"https:\/\/www.24gliwice.pl\/wiadomosci\/","name":"24GLIWICE - Portal Gliwice | codziennie nowe wiadomo\u015bci","description":"Portal Miejski Gliwice","publisher":{"@id":"https:\/\/www.24gliwice.pl\/wiadomosci\/#organization"},"potentialAction":[{"@type":"SearchAction","target":{"@type":"EntryPoint","urlTemplate":"https:\/\/www.24gliwice.pl\/wiadomosci\/?s={search_term_string}"},"query-input":{"@type":"PropertyValueSpecification","valueRequired":true,"valueName":"search_term_string"}}],"inLanguage":"pl-PL"},{"@type":"Organization","@id":"https:\/\/www.24gliwice.pl\/wiadomosci\/#organization","name":"24gliwice","url":"https:\/\/www.24gliwice.pl\/wiadomosci\/","logo":{"@type":"ImageObject","inLanguage":"pl-PL","@id":"https:\/\/www.24gliwice.pl\/wiadomosci\/#\/schema\/logo\/image\/","url":"https:\/\/www.24gliwice.pl\/wiadomosci\/wp-content\/uploads\/2024\/10\/24gliwice-logo-696.jpg","contentUrl":"https:\/\/www.24gliwice.pl\/wiadomosci\/wp-content\/uploads\/2024\/10\/24gliwice-logo-696.jpg","width":696,"height":696,"caption":"24gliwice"},"image":{"@id":"https:\/\/www.24gliwice.pl\/wiadomosci\/#\/schema\/logo\/image\/"},"sameAs":["https:\/\/www.facebook.com\/24gliwice","https:\/\/x.com\/24gliwice","https:\/\/www.youtube.com\/@24gliwice"]},{"@type":"Person","@id":"https:\/\/www.24gliwice.pl\/wiadomosci\/#\/schema\/person\/e42c650edd7f2fa332be3811fb166b6e","name":"\u017baneta Mrozek-Siewierska","image":{"@type":"ImageObject","inLanguage":"pl-PL","@id":"https:\/\/secure.gravatar.com\/avatar\/1881429e9c64597c77ad7aef2d0a19be69a3253e57534d16aa15bf3a4d34a0a3?s=96&d=mm&r=g","url":"https:\/\/secure.gravatar.com\/avatar\/1881429e9c64597c77ad7aef2d0a19be69a3253e57534d16aa15bf3a4d34a0a3?s=96&d=mm&r=g","contentUrl":"https:\/\/secure.gravatar.com\/avatar\/1881429e9c64597c77ad7aef2d0a19be69a3253e57534d16aa15bf3a4d34a0a3?s=96&d=mm&r=g","caption":"\u017baneta Mrozek-Siewierska"},"url":"https:\/\/www.24gliwice.pl\/wiadomosci\/author\/zms\/"}]}},"_links":{"self":[{"href":"https:\/\/www.24gliwice.pl\/wiadomosci\/wp-json\/wp\/v2\/posts\/182489","targetHints":{"allow":["GET"]}}],"collection":[{"href":"https:\/\/www.24gliwice.pl\/wiadomosci\/wp-json\/wp\/v2\/posts"}],"about":[{"href":"https:\/\/www.24gliwice.pl\/wiadomosci\/wp-json\/wp\/v2\/types\/post"}],"author":[{"embeddable":true,"href":"https:\/\/www.24gliwice.pl\/wiadomosci\/wp-json\/wp\/v2\/users\/15"}],"replies":[{"embeddable":true,"href":"https:\/\/www.24gliwice.pl\/wiadomosci\/wp-json\/wp\/v2\/comments?post=182489"}],"version-history":[{"count":0,"href":"https:\/\/www.24gliwice.pl\/wiadomosci\/wp-json\/wp\/v2\/posts\/182489\/revisions"}],"wp:featuredmedia":[{"embeddable":true,"href":"https:\/\/www.24gliwice.pl\/wiadomosci\/wp-json\/wp\/v2\/media\/182497"}],"wp:attachment":[{"href":"https:\/\/www.24gliwice.pl\/wiadomosci\/wp-json\/wp\/v2\/media?parent=182489"}],"wp:term":[{"taxonomy":"category","embeddable":true,"href":"https:\/\/www.24gliwice.pl\/wiadomosci\/wp-json\/wp\/v2\/categories?post=182489"},{"taxonomy":"post_tag","embeddable":true,"href":"https:\/\/www.24gliwice.pl\/wiadomosci\/wp-json\/wp\/v2\/tags?post=182489"}],"curies":[{"name":"wp","href":"https:\/\/api.w.org\/{rel}","templated":true}]}}