{"id":182807,"date":"2021-12-15T15:38:38","date_gmt":"2021-12-15T14:38:38","guid":{"rendered":"https:\/\/www.24gliwice.pl\/wiadomosci\/?p=182807"},"modified":"2021-12-20T14:24:34","modified_gmt":"2021-12-20T13:24:34","slug":"arena-carrefour-gliwice-promocje-godziny-pracy","status":"publish","type":"post","link":"https:\/\/www.24gliwice.pl\/wiadomosci\/arena-carrefour-gliwice-promocje-godziny-pracy\/","title":{"rendered":"Po prezenty do Areny, do rozdania b\u0119d\u0105 pluszowe misie. Godziny pracy w okresie \u015bwi\u0105tecznym"},"content":{"rendered":"<h3>\u015awi\u0119ta Bo\u017cego Narodzenia to zdecydowanie najprzyjemniejszy czas w roku! Zanim jednak oddamy si\u0119 b\u0142ogiemu lenistwu, pysznemu jedzeniu i rodzinnym spotkaniom czeka nas przed\u015bwi\u0105teczna gor\u0105czka zakupowa. <\/h3>\n<p>&nbsp;<br \/>\n<em>&#8211; Zapraszamy do Parku Handlowego Arena, gdzie mo\u017cna znale\u017a\u0107 wiele pomys\u0142\u00f3w na \u015bwi\u0105teczne prezenty, a tak\u017ce otrzyma\u0107 od nas uroczy upominek \u2013 pluszowego misia!<\/em> &#8211; zach\u0119ca Arena.<\/p>\n<p>Przed nami ostatni w tym roku weekend z handlow\u0105 niedziel\u0105! Warto wybra\u0107 si\u0119 do Parku Handlowego Arena, gdzie czeka nie tylko wiele okazji zakupowych, ale r\u00f3wnie\u017c moc fantastycznych pomys\u0142\u00f3w na prezent dla ka\u017cdego.<\/p>\n<p>Ponadto <strong>w pi\u0105tek i sobot\u0119 17 i 18 grudnia rozdawane b\u0119d\u0105 urocze pluszowe misie<\/strong>. Jak je zdoby\u0107? Ka\u017cdy go w tych dniach odwiedzi Aren\u0119 i wyda 100 PLN \u2013 b\u0119dzie m\u00f3g\u0142 odebra\u0107 t\u0119 puszyst\u0105 przytulank\u0119, kt\u00f3ra na pewno znajdzie swoje miejsce pod choink\u0105, ze specjaln\u0105 dedykacj\u0105 dla najm\u0142odszego cz\u0142onka rodziny! Aby odebra\u0107 misia, nale\u017cy dodatkowo zarejestrowa\u0107 si\u0119 w programie ARENA BONUS CLUB. To zupe\u0142nie nowy, wirtualny klub dla mi\u0142o\u015bnik\u00f3w zni\u017cek i bonus\u00f3w. Szczeg\u00f3\u0142owe informacje na ten temat b\u0119dzie mo\u017cna uzyska\u0107 w punkcie promocji. Tam te\u017c b\u0119d\u0105 czeka\u0107 pluszaki oraz regulamin. <\/p>\n<p><a href=\"https:\/\/www.24gliwice.pl\/wiadomosci\/wp-content\/uploads\/2021\/12\/Arena_mis_800x800.jpg\"><img loading=\"lazy\" decoding=\"async\" src=\"https:\/\/www.24gliwice.pl\/wiadomosci\/wp-content\/uploads\/2021\/12\/Arena_mis_800x800.jpg\" alt=\"\" width=\"800\" height=\"800\" class=\"aligncenter size-full wp-image-182818\" srcset=\"https:\/\/www.24gliwice.pl\/wiadomosci\/wp-content\/uploads\/2021\/12\/Arena_mis_800x800.jpg 800w, https:\/\/www.24gliwice.pl\/wiadomosci\/wp-content\/uploads\/2021\/12\/Arena_mis_800x800-232x232.jpg 232w, https:\/\/www.24gliwice.pl\/wiadomosci\/wp-content\/uploads\/2021\/12\/Arena_mis_800x800-455x455.jpg 455w, https:\/\/www.24gliwice.pl\/wiadomosci\/wp-content\/uploads\/2021\/12\/Arena_mis_800x800-90x90.jpg 90w, https:\/\/www.24gliwice.pl\/wiadomosci\/wp-content\/uploads\/2021\/12\/Arena_mis_800x800-768x768.jpg 768w\" sizes=\"auto, (max-width: 800px) 100vw, 800px\" \/><\/a><\/p>\n<p><strong>Z my\u015bl\u0105 o u\u0142atwieniu \u015bwi\u0105tecznych zakup\u00f3w praca b\u0119dzie si\u0119 odbywa\u0107 w nast\u0119puj\u0105cych godzinach:<\/strong><\/p>\n<h4>PARK HANDLOWY ARENA:<\/h4>\n<p>Dni powszednie i soboty: 9:00-21:00<br \/>\n19.12. niedziela handlowa: 9:00-20:00<br \/>\n24.12 (Wigilia): 9:00-13:00<br \/>\n25.12 (Bo\u017ce Narodzenie) i 26.12: ZAMKNI\u0118TE<br \/>\n27.12-30.12: 9:00-21:00<br \/>\n31.12 (Sylwester): 9:00-16:00<\/p>\n<h4>CARREFOUR:<\/h4>\n<p>17.12 \u2013 23.12: 6.30 \u2013 23.00<br \/>\n18.12 niedziela handlowa: 6.30 \u2013 23.00<br \/>\n24.12 Wigilia: 6.30 \u2013 13.00<br \/>\n25.12 (Bo\u017ce Narodzenie) i 26.12 \u2013 ZAMKNI\u0118TE<br \/>\n27.12 \u2013 30.12: 6.30 \u2013 22.00<br \/>\n31.12 (Sylwester): 6.30 \u2013 18.00<\/p>\n<p>Warto przypomnie\u0107, \u017ce ca\u0142e centrum nadal pracuje zgodnie z zasadami bezpiecze\u0144stwa pandemicznego. Na terenie Areny obowi\u0105zuje zas\u0142anianie ust i nosa za pomoc\u0105 maseczki, dezynfekcja r\u0105k przed wej\u015bciem do sklep\u00f3w lub zakupy w jednorazowych r\u0119kawiczkach. Istotne jest r\u00f3wnie\u017c o trzymanie dystansu spo\u0142ecznego. Ze wzgl\u0119du na wsp\u00f3lne bezpiecze\u0144stwo Park Handlowy Arena prosi o stosowanie si\u0119 do powy\u017cszych zasad. <\/p>\n<p><small>materia\u0142 partnera<\/small><\/p>\n","protected":false},"excerpt":{"rendered":"<p>\u015awi\u0119ta Bo\u017cego Narodzenia to zdecydowanie najprzyjemniejszy czas w roku! Zanim jednak oddamy si\u0119 b\u0142ogiemu lenistwu, pysznemu jedzeniu i rodzinnym spotkaniom czeka nas przed\u015bwi\u0105teczna gor\u0105czka zakupowa. &nbsp; &#8211; Zapraszamy do Parku Handlowego Arena, gdzie mo\u017cna znale\u017a\u0107 wiele pomys\u0142\u00f3w na \u015bwi\u0105teczne prezenty, a tak\u017ce otrzyma\u0107 od nas uroczy upominek \u2013 pluszowego misia! &#8211; zach\u0119ca Arena. Przed nami [&hellip;]<\/p>\n","protected":false},"author":4,"featured_media":162276,"comment_status":"closed","ping_status":"closed","sticky":false,"template":"","format":"standard","meta":{"_monsterinsights_skip_tracking":false,"_monsterinsights_sitenote_active":false,"_monsterinsights_sitenote_note":"","_monsterinsights_sitenote_category":0,"footnotes":"","_links_to":"","_links_to_target":""},"categories":[3,1],"tags":[1046],"class_list":["post-182807","post","type-post","status-publish","format-standard","has-post-thumbnail","hentry","category-gliwice","category-wszystko","tag-park-handlowy-arena"],"yoast_head":"<!-- This site is optimized with the Yoast SEO plugin v27.4 - https:\/\/yoast.com\/product\/yoast-seo-wordpress\/ -->\n<title>Po prezenty do Areny, do rozdania b\u0119d\u0105 pluszowe misie. Godziny pracy w okresie \u015bwi\u0105tecznym - 24GLIWICE - Portal Gliwice | codziennie nowe informacje<\/title>\n<meta name=\"robots\" content=\"index, follow, max-snippet:-1, max-image-preview:large, max-video-preview:-1\" \/>\n<link rel=\"canonical\" href=\"https:\/\/www.24gliwice.pl\/wiadomosci\/arena-carrefour-gliwice-promocje-godziny-pracy\/\" \/>\n<meta property=\"og:locale\" content=\"pl_PL\" \/>\n<meta property=\"og:type\" content=\"article\" \/>\n<meta property=\"og:title\" content=\"Po prezenty do Areny, do rozdania b\u0119d\u0105 pluszowe misie. Godziny pracy w okresie \u015bwi\u0105tecznym - 24GLIWICE - Portal Gliwice | codziennie nowe informacje\" \/>\n<meta property=\"og:description\" content=\"\u015awi\u0119ta Bo\u017cego Narodzenia to zdecydowanie najprzyjemniejszy czas w roku! Zanim jednak oddamy si\u0119 b\u0142ogiemu lenistwu, pysznemu jedzeniu i rodzinnym spotkaniom czeka nas przed\u015bwi\u0105teczna gor\u0105czka zakupowa. &nbsp; &#8211; Zapraszamy do Parku Handlowego Arena, gdzie mo\u017cna znale\u017a\u0107 wiele pomys\u0142\u00f3w na \u015bwi\u0105teczne prezenty, a tak\u017ce otrzyma\u0107 od nas uroczy upominek \u2013 pluszowego misia! &#8211; zach\u0119ca Arena. Przed nami [&hellip;]\" \/>\n<meta property=\"og:url\" content=\"https:\/\/www.24gliwice.pl\/wiadomosci\/arena-carrefour-gliwice-promocje-godziny-pracy\/\" \/>\n<meta property=\"og:site_name\" content=\"24GLIWICE - Portal Gliwice | codziennie nowe informacje\" \/>\n<meta property=\"article:publisher\" content=\"https:\/\/www.facebook.com\/24gliwice\" \/>\n<meta property=\"article:author\" content=\"https:\/\/www.facebook.com\/marcin.fabrykowski\" \/>\n<meta property=\"article:published_time\" content=\"2021-12-15T14:38:38+00:00\" \/>\n<meta property=\"article:modified_time\" content=\"2021-12-20T13:24:34+00:00\" \/>\n<meta property=\"og:image\" content=\"https:\/\/www.24gliwice.pl\/wiadomosci\/wp-content\/uploads\/2020\/12\/1-arena-park-handlowy-2.jpg\" \/>\n\t<meta property=\"og:image:width\" content=\"1140\" \/>\n\t<meta property=\"og:image:height\" content=\"642\" \/>\n\t<meta property=\"og:image:type\" content=\"image\/jpeg\" \/>\n<meta name=\"author\" content=\"Marcin Fabrykowski\" \/>\n<meta name=\"twitter:card\" content=\"summary_large_image\" \/>\n<meta name=\"twitter:creator\" content=\"@24gliwice\" \/>\n<meta name=\"twitter:site\" content=\"@24gliwice\" \/>\n<meta name=\"twitter:label1\" content=\"Napisane przez\" \/>\n\t<meta name=\"twitter:data1\" content=\"Marcin Fabrykowski\" \/>\n\t<meta name=\"twitter:label2\" content=\"Szacowany czas czytania\" \/>\n\t<meta name=\"twitter:data2\" content=\"2 minuty\" \/>\n<script type=\"application\/ld+json\" class=\"yoast-schema-graph\">{\"@context\":\"https:\\\/\\\/schema.org\",\"@graph\":[{\"@type\":\"Article\",\"@id\":\"https:\\\/\\\/www.24gliwice.pl\\\/wiadomosci\\\/arena-carrefour-gliwice-promocje-godziny-pracy\\\/#article\",\"isPartOf\":{\"@id\":\"https:\\\/\\\/www.24gliwice.pl\\\/wiadomosci\\\/arena-carrefour-gliwice-promocje-godziny-pracy\\\/\"},\"author\":{\"name\":\"Marcin Fabrykowski\",\"@id\":\"https:\\\/\\\/www.24gliwice.pl\\\/wiadomosci\\\/#\\\/schema\\\/person\\\/cb5857e4a4d048c15984c1edcc8ef0c0\"},\"headline\":\"Po prezenty do Areny, do rozdania b\u0119d\u0105 pluszowe misie. Godziny pracy w okresie \u015bwi\u0105tecznym\",\"datePublished\":\"2021-12-15T14:38:38+00:00\",\"dateModified\":\"2021-12-20T13:24:34+00:00\",\"mainEntityOfPage\":{\"@id\":\"https:\\\/\\\/www.24gliwice.pl\\\/wiadomosci\\\/arena-carrefour-gliwice-promocje-godziny-pracy\\\/\"},\"wordCount\":346,\"publisher\":{\"@id\":\"https:\\\/\\\/www.24gliwice.pl\\\/wiadomosci\\\/#organization\"},\"image\":{\"@id\":\"https:\\\/\\\/www.24gliwice.pl\\\/wiadomosci\\\/arena-carrefour-gliwice-promocje-godziny-pracy\\\/#primaryimage\"},\"thumbnailUrl\":\"https:\\\/\\\/www.24gliwice.pl\\\/wiadomosci\\\/wp-content\\\/uploads\\\/2020\\\/12\\\/1-arena-park-handlowy-2.jpg\",\"keywords\":[\"PARK HANDLOWY ARENA\"],\"articleSection\":[\"Gliwice\",\"Najnowsze wiadomo\u015bci\"],\"inLanguage\":\"pl-PL\"},{\"@type\":\"WebPage\",\"@id\":\"https:\\\/\\\/www.24gliwice.pl\\\/wiadomosci\\\/arena-carrefour-gliwice-promocje-godziny-pracy\\\/\",\"url\":\"https:\\\/\\\/www.24gliwice.pl\\\/wiadomosci\\\/arena-carrefour-gliwice-promocje-godziny-pracy\\\/\",\"name\":\"Po prezenty do Areny, do rozdania b\u0119d\u0105 pluszowe misie. Godziny pracy w okresie \u015bwi\u0105tecznym - 24GLIWICE - Portal Gliwice | codziennie nowe informacje\",\"isPartOf\":{\"@id\":\"https:\\\/\\\/www.24gliwice.pl\\\/wiadomosci\\\/#website\"},\"primaryImageOfPage\":{\"@id\":\"https:\\\/\\\/www.24gliwice.pl\\\/wiadomosci\\\/arena-carrefour-gliwice-promocje-godziny-pracy\\\/#primaryimage\"},\"image\":{\"@id\":\"https:\\\/\\\/www.24gliwice.pl\\\/wiadomosci\\\/arena-carrefour-gliwice-promocje-godziny-pracy\\\/#primaryimage\"},\"thumbnailUrl\":\"https:\\\/\\\/www.24gliwice.pl\\\/wiadomosci\\\/wp-content\\\/uploads\\\/2020\\\/12\\\/1-arena-park-handlowy-2.jpg\",\"datePublished\":\"2021-12-15T14:38:38+00:00\",\"dateModified\":\"2021-12-20T13:24:34+00:00\",\"breadcrumb\":{\"@id\":\"https:\\\/\\\/www.24gliwice.pl\\\/wiadomosci\\\/arena-carrefour-gliwice-promocje-godziny-pracy\\\/#breadcrumb\"},\"inLanguage\":\"pl-PL\",\"potentialAction\":[{\"@type\":\"ReadAction\",\"target\":[\"https:\\\/\\\/www.24gliwice.pl\\\/wiadomosci\\\/arena-carrefour-gliwice-promocje-godziny-pracy\\\/\"]}]},{\"@type\":\"ImageObject\",\"inLanguage\":\"pl-PL\",\"@id\":\"https:\\\/\\\/www.24gliwice.pl\\\/wiadomosci\\\/arena-carrefour-gliwice-promocje-godziny-pracy\\\/#primaryimage\",\"url\":\"https:\\\/\\\/www.24gliwice.pl\\\/wiadomosci\\\/wp-content\\\/uploads\\\/2020\\\/12\\\/1-arena-park-handlowy-2.jpg\",\"contentUrl\":\"https:\\\/\\\/www.24gliwice.pl\\\/wiadomosci\\\/wp-content\\\/uploads\\\/2020\\\/12\\\/1-arena-park-handlowy-2.jpg\",\"width\":1140,\"height\":642},{\"@type\":\"BreadcrumbList\",\"@id\":\"https:\\\/\\\/www.24gliwice.pl\\\/wiadomosci\\\/arena-carrefour-gliwice-promocje-godziny-pracy\\\/#breadcrumb\",\"itemListElement\":[{\"@type\":\"ListItem\",\"position\":1,\"name\":\"Strona g\u0142\u00f3wna\",\"item\":\"https:\\\/\\\/www.24gliwice.pl\\\/wiadomosci\\\/\"},{\"@type\":\"ListItem\",\"position\":2,\"name\":\"Po prezenty do Areny, do rozdania b\u0119d\u0105 pluszowe misie. Godziny pracy w okresie \u015bwi\u0105tecznym\"}]},{\"@type\":\"WebSite\",\"@id\":\"https:\\\/\\\/www.24gliwice.pl\\\/wiadomosci\\\/#website\",\"url\":\"https:\\\/\\\/www.24gliwice.pl\\\/wiadomosci\\\/\",\"name\":\"24GLIWICE - Portal Gliwice | codziennie nowe wiadomo\u015bci\",\"description\":\"Portal Miejski Gliwice\",\"publisher\":{\"@id\":\"https:\\\/\\\/www.24gliwice.pl\\\/wiadomosci\\\/#organization\"},\"potentialAction\":[{\"@type\":\"SearchAction\",\"target\":{\"@type\":\"EntryPoint\",\"urlTemplate\":\"https:\\\/\\\/www.24gliwice.pl\\\/wiadomosci\\\/?s={search_term_string}\"},\"query-input\":{\"@type\":\"PropertyValueSpecification\",\"valueRequired\":true,\"valueName\":\"search_term_string\"}}],\"inLanguage\":\"pl-PL\"},{\"@type\":\"Organization\",\"@id\":\"https:\\\/\\\/www.24gliwice.pl\\\/wiadomosci\\\/#organization\",\"name\":\"24gliwice\",\"url\":\"https:\\\/\\\/www.24gliwice.pl\\\/wiadomosci\\\/\",\"logo\":{\"@type\":\"ImageObject\",\"inLanguage\":\"pl-PL\",\"@id\":\"https:\\\/\\\/www.24gliwice.pl\\\/wiadomosci\\\/#\\\/schema\\\/logo\\\/image\\\/\",\"url\":\"https:\\\/\\\/www.24gliwice.pl\\\/wiadomosci\\\/wp-content\\\/uploads\\\/2024\\\/10\\\/24gliwice-logo-696.jpg\",\"contentUrl\":\"https:\\\/\\\/www.24gliwice.pl\\\/wiadomosci\\\/wp-content\\\/uploads\\\/2024\\\/10\\\/24gliwice-logo-696.jpg\",\"width\":696,\"height\":696,\"caption\":\"24gliwice\"},\"image\":{\"@id\":\"https:\\\/\\\/www.24gliwice.pl\\\/wiadomosci\\\/#\\\/schema\\\/logo\\\/image\\\/\"},\"sameAs\":[\"https:\\\/\\\/www.facebook.com\\\/24gliwice\",\"https:\\\/\\\/x.com\\\/24gliwice\",\"https:\\\/\\\/www.youtube.com\\\/@24gliwice\"]},{\"@type\":\"Person\",\"@id\":\"https:\\\/\\\/www.24gliwice.pl\\\/wiadomosci\\\/#\\\/schema\\\/person\\\/cb5857e4a4d048c15984c1edcc8ef0c0\",\"name\":\"Marcin Fabrykowski\",\"image\":{\"@type\":\"ImageObject\",\"inLanguage\":\"pl-PL\",\"@id\":\"https:\\\/\\\/www.24gliwice.pl\\\/wiadomosci\\\/wp-content\\\/uploads\\\/2025\\\/11\\\/zdjecie-moje-marcin-300-96x96.jpg\",\"url\":\"https:\\\/\\\/www.24gliwice.pl\\\/wiadomosci\\\/wp-content\\\/uploads\\\/2025\\\/11\\\/zdjecie-moje-marcin-300-96x96.jpg\",\"contentUrl\":\"https:\\\/\\\/www.24gliwice.pl\\\/wiadomosci\\\/wp-content\\\/uploads\\\/2025\\\/11\\\/zdjecie-moje-marcin-300-96x96.jpg\",\"caption\":\"Marcin Fabrykowski\"},\"sameAs\":[\"http:\\\/\\\/24gliwice.pl\",\"https:\\\/\\\/www.facebook.com\\\/marcin.fabrykowski\"],\"url\":\"https:\\\/\\\/www.24gliwice.pl\\\/wiadomosci\\\/author\\\/marcin-fabrykowski\\\/\"}]}<\/script>\n<!-- \/ Yoast SEO plugin. -->","yoast_head_json":{"title":"Po prezenty do Areny, do rozdania b\u0119d\u0105 pluszowe misie. Godziny pracy w okresie \u015bwi\u0105tecznym - 24GLIWICE - Portal Gliwice | codziennie nowe informacje","robots":{"index":"index","follow":"follow","max-snippet":"max-snippet:-1","max-image-preview":"max-image-preview:large","max-video-preview":"max-video-preview:-1"},"canonical":"https:\/\/www.24gliwice.pl\/wiadomosci\/arena-carrefour-gliwice-promocje-godziny-pracy\/","og_locale":"pl_PL","og_type":"article","og_title":"Po prezenty do Areny, do rozdania b\u0119d\u0105 pluszowe misie. Godziny pracy w okresie \u015bwi\u0105tecznym - 24GLIWICE - Portal Gliwice | codziennie nowe informacje","og_description":"\u015awi\u0119ta Bo\u017cego Narodzenia to zdecydowanie najprzyjemniejszy czas w roku! Zanim jednak oddamy si\u0119 b\u0142ogiemu lenistwu, pysznemu jedzeniu i rodzinnym spotkaniom czeka nas przed\u015bwi\u0105teczna gor\u0105czka zakupowa. &nbsp; &#8211; Zapraszamy do Parku Handlowego Arena, gdzie mo\u017cna znale\u017a\u0107 wiele pomys\u0142\u00f3w na \u015bwi\u0105teczne prezenty, a tak\u017ce otrzyma\u0107 od nas uroczy upominek \u2013 pluszowego misia! &#8211; zach\u0119ca Arena. Przed nami [&hellip;]","og_url":"https:\/\/www.24gliwice.pl\/wiadomosci\/arena-carrefour-gliwice-promocje-godziny-pracy\/","og_site_name":"24GLIWICE - Portal Gliwice | codziennie nowe informacje","article_publisher":"https:\/\/www.facebook.com\/24gliwice","article_author":"https:\/\/www.facebook.com\/marcin.fabrykowski","article_published_time":"2021-12-15T14:38:38+00:00","article_modified_time":"2021-12-20T13:24:34+00:00","og_image":[{"width":1140,"height":642,"url":"https:\/\/www.24gliwice.pl\/wiadomosci\/wp-content\/uploads\/2020\/12\/1-arena-park-handlowy-2.jpg","type":"image\/jpeg"}],"author":"Marcin Fabrykowski","twitter_card":"summary_large_image","twitter_creator":"@24gliwice","twitter_site":"@24gliwice","twitter_misc":{"Napisane przez":"Marcin Fabrykowski","Szacowany czas czytania":"2 minuty"},"schema":{"@context":"https:\/\/schema.org","@graph":[{"@type":"Article","@id":"https:\/\/www.24gliwice.pl\/wiadomosci\/arena-carrefour-gliwice-promocje-godziny-pracy\/#article","isPartOf":{"@id":"https:\/\/www.24gliwice.pl\/wiadomosci\/arena-carrefour-gliwice-promocje-godziny-pracy\/"},"author":{"name":"Marcin Fabrykowski","@id":"https:\/\/www.24gliwice.pl\/wiadomosci\/#\/schema\/person\/cb5857e4a4d048c15984c1edcc8ef0c0"},"headline":"Po prezenty do Areny, do rozdania b\u0119d\u0105 pluszowe misie. Godziny pracy w okresie \u015bwi\u0105tecznym","datePublished":"2021-12-15T14:38:38+00:00","dateModified":"2021-12-20T13:24:34+00:00","mainEntityOfPage":{"@id":"https:\/\/www.24gliwice.pl\/wiadomosci\/arena-carrefour-gliwice-promocje-godziny-pracy\/"},"wordCount":346,"publisher":{"@id":"https:\/\/www.24gliwice.pl\/wiadomosci\/#organization"},"image":{"@id":"https:\/\/www.24gliwice.pl\/wiadomosci\/arena-carrefour-gliwice-promocje-godziny-pracy\/#primaryimage"},"thumbnailUrl":"https:\/\/www.24gliwice.pl\/wiadomosci\/wp-content\/uploads\/2020\/12\/1-arena-park-handlowy-2.jpg","keywords":["PARK HANDLOWY ARENA"],"articleSection":["Gliwice","Najnowsze wiadomo\u015bci"],"inLanguage":"pl-PL"},{"@type":"WebPage","@id":"https:\/\/www.24gliwice.pl\/wiadomosci\/arena-carrefour-gliwice-promocje-godziny-pracy\/","url":"https:\/\/www.24gliwice.pl\/wiadomosci\/arena-carrefour-gliwice-promocje-godziny-pracy\/","name":"Po prezenty do Areny, do rozdania b\u0119d\u0105 pluszowe misie. Godziny pracy w okresie \u015bwi\u0105tecznym - 24GLIWICE - Portal Gliwice | codziennie nowe informacje","isPartOf":{"@id":"https:\/\/www.24gliwice.pl\/wiadomosci\/#website"},"primaryImageOfPage":{"@id":"https:\/\/www.24gliwice.pl\/wiadomosci\/arena-carrefour-gliwice-promocje-godziny-pracy\/#primaryimage"},"image":{"@id":"https:\/\/www.24gliwice.pl\/wiadomosci\/arena-carrefour-gliwice-promocje-godziny-pracy\/#primaryimage"},"thumbnailUrl":"https:\/\/www.24gliwice.pl\/wiadomosci\/wp-content\/uploads\/2020\/12\/1-arena-park-handlowy-2.jpg","datePublished":"2021-12-15T14:38:38+00:00","dateModified":"2021-12-20T13:24:34+00:00","breadcrumb":{"@id":"https:\/\/www.24gliwice.pl\/wiadomosci\/arena-carrefour-gliwice-promocje-godziny-pracy\/#breadcrumb"},"inLanguage":"pl-PL","potentialAction":[{"@type":"ReadAction","target":["https:\/\/www.24gliwice.pl\/wiadomosci\/arena-carrefour-gliwice-promocje-godziny-pracy\/"]}]},{"@type":"ImageObject","inLanguage":"pl-PL","@id":"https:\/\/www.24gliwice.pl\/wiadomosci\/arena-carrefour-gliwice-promocje-godziny-pracy\/#primaryimage","url":"https:\/\/www.24gliwice.pl\/wiadomosci\/wp-content\/uploads\/2020\/12\/1-arena-park-handlowy-2.jpg","contentUrl":"https:\/\/www.24gliwice.pl\/wiadomosci\/wp-content\/uploads\/2020\/12\/1-arena-park-handlowy-2.jpg","width":1140,"height":642},{"@type":"BreadcrumbList","@id":"https:\/\/www.24gliwice.pl\/wiadomosci\/arena-carrefour-gliwice-promocje-godziny-pracy\/#breadcrumb","itemListElement":[{"@type":"ListItem","position":1,"name":"Strona g\u0142\u00f3wna","item":"https:\/\/www.24gliwice.pl\/wiadomosci\/"},{"@type":"ListItem","position":2,"name":"Po prezenty do Areny, do rozdania b\u0119d\u0105 pluszowe misie. Godziny pracy w okresie \u015bwi\u0105tecznym"}]},{"@type":"WebSite","@id":"https:\/\/www.24gliwice.pl\/wiadomosci\/#website","url":"https:\/\/www.24gliwice.pl\/wiadomosci\/","name":"24GLIWICE - Portal Gliwice | codziennie nowe wiadomo\u015bci","description":"Portal Miejski Gliwice","publisher":{"@id":"https:\/\/www.24gliwice.pl\/wiadomosci\/#organization"},"potentialAction":[{"@type":"SearchAction","target":{"@type":"EntryPoint","urlTemplate":"https:\/\/www.24gliwice.pl\/wiadomosci\/?s={search_term_string}"},"query-input":{"@type":"PropertyValueSpecification","valueRequired":true,"valueName":"search_term_string"}}],"inLanguage":"pl-PL"},{"@type":"Organization","@id":"https:\/\/www.24gliwice.pl\/wiadomosci\/#organization","name":"24gliwice","url":"https:\/\/www.24gliwice.pl\/wiadomosci\/","logo":{"@type":"ImageObject","inLanguage":"pl-PL","@id":"https:\/\/www.24gliwice.pl\/wiadomosci\/#\/schema\/logo\/image\/","url":"https:\/\/www.24gliwice.pl\/wiadomosci\/wp-content\/uploads\/2024\/10\/24gliwice-logo-696.jpg","contentUrl":"https:\/\/www.24gliwice.pl\/wiadomosci\/wp-content\/uploads\/2024\/10\/24gliwice-logo-696.jpg","width":696,"height":696,"caption":"24gliwice"},"image":{"@id":"https:\/\/www.24gliwice.pl\/wiadomosci\/#\/schema\/logo\/image\/"},"sameAs":["https:\/\/www.facebook.com\/24gliwice","https:\/\/x.com\/24gliwice","https:\/\/www.youtube.com\/@24gliwice"]},{"@type":"Person","@id":"https:\/\/www.24gliwice.pl\/wiadomosci\/#\/schema\/person\/cb5857e4a4d048c15984c1edcc8ef0c0","name":"Marcin Fabrykowski","image":{"@type":"ImageObject","inLanguage":"pl-PL","@id":"https:\/\/www.24gliwice.pl\/wiadomosci\/wp-content\/uploads\/2025\/11\/zdjecie-moje-marcin-300-96x96.jpg","url":"https:\/\/www.24gliwice.pl\/wiadomosci\/wp-content\/uploads\/2025\/11\/zdjecie-moje-marcin-300-96x96.jpg","contentUrl":"https:\/\/www.24gliwice.pl\/wiadomosci\/wp-content\/uploads\/2025\/11\/zdjecie-moje-marcin-300-96x96.jpg","caption":"Marcin Fabrykowski"},"sameAs":["http:\/\/24gliwice.pl","https:\/\/www.facebook.com\/marcin.fabrykowski"],"url":"https:\/\/www.24gliwice.pl\/wiadomosci\/author\/marcin-fabrykowski\/"}]}},"_links":{"self":[{"href":"https:\/\/www.24gliwice.pl\/wiadomosci\/wp-json\/wp\/v2\/posts\/182807","targetHints":{"allow":["GET"]}}],"collection":[{"href":"https:\/\/www.24gliwice.pl\/wiadomosci\/wp-json\/wp\/v2\/posts"}],"about":[{"href":"https:\/\/www.24gliwice.pl\/wiadomosci\/wp-json\/wp\/v2\/types\/post"}],"author":[{"embeddable":true,"href":"https:\/\/www.24gliwice.pl\/wiadomosci\/wp-json\/wp\/v2\/users\/4"}],"replies":[{"embeddable":true,"href":"https:\/\/www.24gliwice.pl\/wiadomosci\/wp-json\/wp\/v2\/comments?post=182807"}],"version-history":[{"count":9,"href":"https:\/\/www.24gliwice.pl\/wiadomosci\/wp-json\/wp\/v2\/posts\/182807\/revisions"}],"predecessor-version":[{"id":182821,"href":"https:\/\/www.24gliwice.pl\/wiadomosci\/wp-json\/wp\/v2\/posts\/182807\/revisions\/182821"}],"wp:featuredmedia":[{"embeddable":true,"href":"https:\/\/www.24gliwice.pl\/wiadomosci\/wp-json\/wp\/v2\/media\/162276"}],"wp:attachment":[{"href":"https:\/\/www.24gliwice.pl\/wiadomosci\/wp-json\/wp\/v2\/media?parent=182807"}],"wp:term":[{"taxonomy":"category","embeddable":true,"href":"https:\/\/www.24gliwice.pl\/wiadomosci\/wp-json\/wp\/v2\/categories?post=182807"},{"taxonomy":"post_tag","embeddable":true,"href":"https:\/\/www.24gliwice.pl\/wiadomosci\/wp-json\/wp\/v2\/tags?post=182807"}],"curies":[{"name":"wp","href":"https:\/\/api.w.org\/{rel}","templated":true}]}}