{"id":182853,"date":"2021-12-16T12:28:07","date_gmt":"2021-12-16T11:28:07","guid":{"rendered":"https:\/\/www.24gliwice.pl\/wiadomosci\/?p=182853"},"modified":"2021-12-16T12:28:07","modified_gmt":"2021-12-16T11:28:07","slug":"gliwicki-targ-swiateczny-w-hali-modeli-gzut-warsztaty-foodtrucki-stoiska-wystawiennicze","status":"publish","type":"post","link":"https:\/\/www.24gliwice.pl\/wiadomosci\/gliwicki-targ-swiateczny-w-hali-modeli-gzut-warsztaty-foodtrucki-stoiska-wystawiennicze\/","title":{"rendered":"Gliwicki targ \u015bwi\u0105teczny w hali modeli GZUT. Warsztaty, foodtrucki, stoiska wystawiennicze"},"content":{"rendered":"<div class=\"gliwi-a6-nad-leadem-artykulow gliwi-entity-placement\" id=\"gliwi-24756486\"><div class=\"gliwi-adlabel\"><span style=\"font-size: 9px\">REKLAMA<\/span><\/div><div id=\"gliwi-2230401085\" style=\"margin-bottom: 30px;margin-left: auto;margin-right: auto;text-align: center;\"><a data-no-instant=\"1\" href=\"https:\/\/przedszkole.halogen.org.pl\/\" rel=\"noopener\" class=\"a2t-link\" target=\"_blank\" aria-label=\"20260402-ANIMATOR-przedszkole_grafika_750x200\"><img loading=\"lazy\" decoding=\"async\" src=\"https:\/\/www.24gliwice.pl\/wiadomosci\/wp-content\/uploads\/2026\/04\/20260402-ANIMATOR-przedszkole_grafika_750x200.webp\" alt=\"\"  srcset=\"https:\/\/www.24gliwice.pl\/wiadomosci\/wp-content\/uploads\/2026\/04\/20260402-ANIMATOR-przedszkole_grafika_750x200.webp 750w, https:\/\/www.24gliwice.pl\/wiadomosci\/wp-content\/uploads\/2026\/04\/20260402-ANIMATOR-przedszkole_grafika_750x200-410x109.webp 410w\" sizes=\"(max-width: 750px) 100vw, 750px\" class=\"no-lazyload\" width=\"750\" height=\"200\"  style=\"display: inline-block; max-width: 100%; height: auto;\" \/><\/a><\/div><\/div><h2>Gliwicki targ \u015bwi\u0105teczny odb\u0119dzie si\u0119 w najbli\u017cszy weekend (sobota i niedziela) w hali modeli GZUT przy ul. Wincentego Pola 9. Je\u015bli nie macie jeszcze prezent\u00f3w dla swoich bliskich, tu b\u0119dzie mo\u017cna co\u015b wybra\u0107.<\/h2>\n<p>&nbsp;<br \/>\nZaplanowane na dwa dni wydarzenie rozpocznie si\u0119 od godziny 16:00 w sobot\u0119, 18 grudnia. Na miejscu znajdziemy stoiska wystawiennicze z ozdobami \u015bwi\u0105tecznymi, r\u0119kodzie\u0142em, odzie\u017c\u0105, bi\u017cuteri\u0105, a tak\u017ce foodtrucki z kaw\u0105, gor\u0105cymi daniami i grza\u0144cem.<\/p>\n<p>Mi\u0119dzy 16:00 a 20:00 odbywa\u0107 si\u0119 b\u0119d\u0105 warsztaty dla dzieci i doros\u0142ych &#8211; m.in. dekorowanie piernik\u00f3w, wykonywanie \u015bwi\u0105tecznych kartek i dekoracji, warsztaty na kole garncarskim, dzierganie ozd\u00f3b \u015bwi\u0105tecznych. Mi\u0119dzy 18:00 a 18:30 przewidziano wsp\u00f3lne kol\u0119dowanie z ch\u00f3rem &#8220;Ostropa&#8221;.<\/p><div class=\"gliwi-a3-w-tresci-artykulow gliwi-entity-placement\" id=\"gliwi-587130021\"><div class=\"gliwi-adlabel\"><span style=\"font-size: 9px\">REKLAMA<\/span><\/div><div id=\"gliwi-2672431098\" style=\"margin-bottom: 30px;margin-left: auto;margin-right: auto;text-align: center;\"><a data-no-instant=\"1\" href=\"https:\/\/ogrodyandersa.pl\/\" rel=\"noopener\" class=\"a2t-link\" target=\"_blank\" aria-label=\"20260415 Ogrody Andersa KUP TERAZ D\"><img loading=\"lazy\" decoding=\"async\" src=\"https:\/\/www.24gliwice.pl\/wiadomosci\/wp-content\/uploads\/2026\/04\/20260415-Ogrody-Andersa-KUP-TERAZ-D.jpg\" alt=\"\"  srcset=\"https:\/\/www.24gliwice.pl\/wiadomosci\/wp-content\/uploads\/2026\/04\/20260415-Ogrody-Andersa-KUP-TERAZ-D.jpg 750w, https:\/\/www.24gliwice.pl\/wiadomosci\/wp-content\/uploads\/2026\/04\/20260415-Ogrody-Andersa-KUP-TERAZ-D-410x109.jpg 410w\" sizes=\"(max-width: 750px) 100vw, 750px\" class=\"no-lazyload\" width=\"750\" height=\"200\"  style=\"display: inline-block; max-width: 100%; height: auto;\" \/><\/a><\/div><\/div>\n<p>W niedziel\u0119, 19 grudnia, targ rozpocznie si\u0119 ju\u017c od godziny 10:00 a potrwa do 18:00. W programie jest Ciuchcia \u015bw. Miko\u0142aja, b\u0119d\u0105 oczywi\u015bcie stoiska wystawiennicze i foodtrucki. Przewidziano tak\u017ce warsztaty &#8211; w tym dniu opr\u00f3cz zaj\u0119\u0107 analogicznych do sobotnich, odb\u0119d\u0105 si\u0119 pokazy sadzenia i zdobienia choinek.<\/p>\n<h4>Na godzin\u0119 16:00 przewidziano aukcj\u0119 charytatywn\u0105 na rzecz Fundacji &#8220;R\u00f3\u017cyczka&#8221;. Atrakcjami dodatkowymi targu maj\u0105 by\u0107 m.in. fotobudka, tron \u015bw. Miko\u0142aja, \u015bwi\u0105teczna loteria i akcja &#8220;drzewko za drzewko&#8221;.<\/h4>\n<p>&#8211; <em>Na aukcji, kt\u00f3r\u0105 rozpoczniemy o godzinie 16:00 mo\u017cna b\u0119dzie zakupi\u0107 niezwyk\u0142e przedmioty \u2013 od ksi\u0105\u017cki <strong>Wojciecha Chmielarza<\/strong> ze specjaln\u0105 dedykacj\u0105, przez bony podarunkowe uprawniaj\u0105ce do skorzystania z us\u0142ug kosmetycznych, fryzjerskich i rehabilitacyjnych, po cenne przedmioty ofiarowane przez znane postaci ze \u015bwiata kultury, sztuki, biznesu i polityki<\/em> &#8211; zapowiadaj\u0105 organizatorzy. <\/p>\n<p><a href=\"https:\/\/www.facebook.com\/events\/402425221351302\/\" rel=\"noopener\" target=\"_blank\">Wydarzenie w serwisie facebook.com znajdziemy tutaj.<\/a><\/p>\n<p><a href=\"https:\/\/www.24gliwice.pl\/wiadomosci\/wp-content\/uploads\/2021\/12\/gliwicki-targ-swiateczny-plakat.jpg\"><img loading=\"lazy\" decoding=\"async\" class=\"alignnone  wp-image-182854\" src=\"https:\/\/www.24gliwice.pl\/wiadomosci\/wp-content\/uploads\/2021\/12\/gliwicki-targ-swiateczny-plakat.jpg\" alt=\"\" width=\"1322\" height=\"1853\" srcset=\"https:\/\/www.24gliwice.pl\/wiadomosci\/wp-content\/uploads\/2021\/12\/gliwicki-targ-swiateczny-plakat.jpg 685w, https:\/\/www.24gliwice.pl\/wiadomosci\/wp-content\/uploads\/2021\/12\/gliwicki-targ-swiateczny-plakat-166x232.jpg 166w, https:\/\/www.24gliwice.pl\/wiadomosci\/wp-content\/uploads\/2021\/12\/gliwicki-targ-swiateczny-plakat-325x455.jpg 325w\" sizes=\"auto, (max-width: 1322px) 100vw, 1322px\" \/><\/a><\/p>\n<p>(\u017cms)<br \/>\nfot. px<\/p>\n<div class=\"gliwi-a5-na-koncu-artykulow gliwi-entity-placement\" id=\"gliwi-216323483\"><div class=\"gliwi-adlabel\"><span style=\"font-size: 9px\">REKLAMA<\/span><\/div><div id=\"gliwi-2311700679\" style=\"margin-left: auto;margin-right: auto;text-align: center;\"><a data-no-instant=\"1\" href=\"https:\/\/prezeroarenagliwice.pl\/\" rel=\"noopener\" class=\"a2t-link\" target=\"_blank\" aria-label=\"20260309-PREZERO-WIOSNA-D\"><img loading=\"lazy\" decoding=\"async\" src=\"https:\/\/www.24gliwice.pl\/wiadomosci\/wp-content\/uploads\/2026\/03\/20260309-PREZERO-WIOSNA-D.webp\" alt=\"\"  srcset=\"https:\/\/www.24gliwice.pl\/wiadomosci\/wp-content\/uploads\/2026\/03\/20260309-PREZERO-WIOSNA-D.webp 750w, https:\/\/www.24gliwice.pl\/wiadomosci\/wp-content\/uploads\/2026\/03\/20260309-PREZERO-WIOSNA-D-410x109.webp 410w\" sizes=\"(max-width: 750px) 100vw, 750px\" class=\"no-lazyload\" width=\"750\" height=\"200\"  style=\"display: inline-block; max-width: 100%; height: auto;\" \/><\/a><\/div><\/div>","protected":false},"excerpt":{"rendered":"<p>Gliwicki targ \u015bwi\u0105teczny odb\u0119dzie si\u0119 w najbli\u017cszy weekend (sobota i niedziela) w hali modeli GZUT przy ul. Wincentego Pola 9. Je\u015bli nie macie jeszcze prezent\u00f3w dla swoich bliskich, tu b\u0119dzie mo\u017cna co\u015b wybra\u0107. &nbsp; Zaplanowane na dwa dni wydarzenie rozpocznie si\u0119 od godziny 16:00 w sobot\u0119, 18 grudnia. Na miejscu znajdziemy stoiska wystawiennicze z ozdobami [&hellip;]<\/p>\n","protected":false},"author":15,"featured_media":182858,"comment_status":"open","ping_status":"closed","sticky":false,"template":"","format":"standard","meta":{"_monsterinsights_skip_tracking":false,"_monsterinsights_sitenote_active":false,"_monsterinsights_sitenote_note":"","_monsterinsights_sitenote_category":0,"footnotes":"","_links_to":"","_links_to_target":""},"categories":[3,6,1],"tags":[4768],"class_list":["post-182853","post","type-post","status-publish","format-standard","has-post-thumbnail","hentry","category-gliwice","category-kultura","category-wszystko","tag-boze-narodzenie"],"yoast_head":"<!-- This site is optimized with the Yoast SEO plugin v27.4 - https:\/\/yoast.com\/product\/yoast-seo-wordpress\/ -->\n<title>Gliwicki targ \u015bwi\u0105teczny w hali modeli GZUT. Warsztaty, foodtrucki, stoiska wystawiennicze - 24GLIWICE - Portal Gliwice | codziennie nowe informacje<\/title>\n<meta name=\"robots\" content=\"index, follow, max-snippet:-1, max-image-preview:large, max-video-preview:-1\" \/>\n<link rel=\"canonical\" href=\"https:\/\/www.24gliwice.pl\/wiadomosci\/gliwicki-targ-swiateczny-w-hali-modeli-gzut-warsztaty-foodtrucki-stoiska-wystawiennicze\/\" \/>\n<meta property=\"og:locale\" content=\"pl_PL\" \/>\n<meta property=\"og:type\" content=\"article\" \/>\n<meta property=\"og:title\" content=\"Gliwicki targ \u015bwi\u0105teczny w hali modeli GZUT. Warsztaty, foodtrucki, stoiska wystawiennicze - 24GLIWICE - Portal Gliwice | codziennie nowe informacje\" \/>\n<meta property=\"og:description\" content=\"Gliwicki targ \u015bwi\u0105teczny odb\u0119dzie si\u0119 w najbli\u017cszy weekend (sobota i niedziela) w hali modeli GZUT przy ul. Wincentego Pola 9. Je\u015bli nie macie jeszcze prezent\u00f3w dla swoich bliskich, tu b\u0119dzie mo\u017cna co\u015b wybra\u0107. &nbsp; Zaplanowane na dwa dni wydarzenie rozpocznie si\u0119 od godziny 16:00 w sobot\u0119, 18 grudnia. Na miejscu znajdziemy stoiska wystawiennicze z ozdobami [&hellip;]\" \/>\n<meta property=\"og:url\" content=\"https:\/\/www.24gliwice.pl\/wiadomosci\/gliwicki-targ-swiateczny-w-hali-modeli-gzut-warsztaty-foodtrucki-stoiska-wystawiennicze\/\" \/>\n<meta property=\"og:site_name\" content=\"24GLIWICE - Portal Gliwice | codziennie nowe informacje\" \/>\n<meta property=\"article:publisher\" content=\"https:\/\/www.facebook.com\/24gliwice\" \/>\n<meta property=\"article:published_time\" content=\"2021-12-16T11:28:07+00:00\" \/>\n<meta property=\"og:image\" content=\"https:\/\/www.24gliwice.pl\/wiadomosci\/wp-content\/uploads\/2021\/12\/jarmark-bozonarodzeniowy-hala-gzut.jpg\" \/>\n\t<meta property=\"og:image:width\" content=\"960\" \/>\n\t<meta property=\"og:image:height\" content=\"540\" \/>\n\t<meta property=\"og:image:type\" content=\"image\/jpeg\" \/>\n<meta name=\"author\" content=\"\u017baneta Mrozek-Siewierska\" \/>\n<meta name=\"twitter:card\" content=\"summary_large_image\" \/>\n<meta name=\"twitter:creator\" content=\"@24gliwice\" \/>\n<meta name=\"twitter:site\" content=\"@24gliwice\" \/>\n<meta name=\"twitter:label1\" content=\"Napisane przez\" \/>\n\t<meta name=\"twitter:data1\" content=\"\u017baneta Mrozek-Siewierska\" \/>\n\t<meta name=\"twitter:label2\" content=\"Szacowany czas czytania\" \/>\n\t<meta name=\"twitter:data2\" content=\"1 minuta\" \/>\n<script type=\"application\/ld+json\" class=\"yoast-schema-graph\">{\"@context\":\"https:\\\/\\\/schema.org\",\"@graph\":[{\"@type\":\"Article\",\"@id\":\"https:\\\/\\\/www.24gliwice.pl\\\/wiadomosci\\\/gliwicki-targ-swiateczny-w-hali-modeli-gzut-warsztaty-foodtrucki-stoiska-wystawiennicze\\\/#article\",\"isPartOf\":{\"@id\":\"https:\\\/\\\/www.24gliwice.pl\\\/wiadomosci\\\/gliwicki-targ-swiateczny-w-hali-modeli-gzut-warsztaty-foodtrucki-stoiska-wystawiennicze\\\/\"},\"author\":{\"name\":\"\u017baneta Mrozek-Siewierska\",\"@id\":\"https:\\\/\\\/www.24gliwice.pl\\\/wiadomosci\\\/#\\\/schema\\\/person\\\/e42c650edd7f2fa332be3811fb166b6e\"},\"headline\":\"Gliwicki targ \u015bwi\u0105teczny w hali modeli GZUT. Warsztaty, foodtrucki, stoiska wystawiennicze\",\"datePublished\":\"2021-12-16T11:28:07+00:00\",\"mainEntityOfPage\":{\"@id\":\"https:\\\/\\\/www.24gliwice.pl\\\/wiadomosci\\\/gliwicki-targ-swiateczny-w-hali-modeli-gzut-warsztaty-foodtrucki-stoiska-wystawiennicze\\\/\"},\"wordCount\":281,\"commentCount\":0,\"publisher\":{\"@id\":\"https:\\\/\\\/www.24gliwice.pl\\\/wiadomosci\\\/#organization\"},\"image\":{\"@id\":\"https:\\\/\\\/www.24gliwice.pl\\\/wiadomosci\\\/gliwicki-targ-swiateczny-w-hali-modeli-gzut-warsztaty-foodtrucki-stoiska-wystawiennicze\\\/#primaryimage\"},\"thumbnailUrl\":\"https:\\\/\\\/www.24gliwice.pl\\\/wiadomosci\\\/wp-content\\\/uploads\\\/2021\\\/12\\\/jarmark-bozonarodzeniowy-hala-gzut.jpg\",\"keywords\":[\"BO\u017bE NARODZENIE\"],\"articleSection\":[\"Gliwice\",\"Kultura, wydarzenia, imprezy\",\"Najnowsze wiadomo\u015bci\"],\"inLanguage\":\"pl-PL\",\"potentialAction\":[{\"@type\":\"CommentAction\",\"name\":\"Comment\",\"target\":[\"https:\\\/\\\/www.24gliwice.pl\\\/wiadomosci\\\/gliwicki-targ-swiateczny-w-hali-modeli-gzut-warsztaty-foodtrucki-stoiska-wystawiennicze\\\/#respond\"]}]},{\"@type\":\"WebPage\",\"@id\":\"https:\\\/\\\/www.24gliwice.pl\\\/wiadomosci\\\/gliwicki-targ-swiateczny-w-hali-modeli-gzut-warsztaty-foodtrucki-stoiska-wystawiennicze\\\/\",\"url\":\"https:\\\/\\\/www.24gliwice.pl\\\/wiadomosci\\\/gliwicki-targ-swiateczny-w-hali-modeli-gzut-warsztaty-foodtrucki-stoiska-wystawiennicze\\\/\",\"name\":\"Gliwicki targ \u015bwi\u0105teczny w hali modeli GZUT. Warsztaty, foodtrucki, stoiska wystawiennicze - 24GLIWICE - Portal Gliwice | codziennie nowe informacje\",\"isPartOf\":{\"@id\":\"https:\\\/\\\/www.24gliwice.pl\\\/wiadomosci\\\/#website\"},\"primaryImageOfPage\":{\"@id\":\"https:\\\/\\\/www.24gliwice.pl\\\/wiadomosci\\\/gliwicki-targ-swiateczny-w-hali-modeli-gzut-warsztaty-foodtrucki-stoiska-wystawiennicze\\\/#primaryimage\"},\"image\":{\"@id\":\"https:\\\/\\\/www.24gliwice.pl\\\/wiadomosci\\\/gliwicki-targ-swiateczny-w-hali-modeli-gzut-warsztaty-foodtrucki-stoiska-wystawiennicze\\\/#primaryimage\"},\"thumbnailUrl\":\"https:\\\/\\\/www.24gliwice.pl\\\/wiadomosci\\\/wp-content\\\/uploads\\\/2021\\\/12\\\/jarmark-bozonarodzeniowy-hala-gzut.jpg\",\"datePublished\":\"2021-12-16T11:28:07+00:00\",\"breadcrumb\":{\"@id\":\"https:\\\/\\\/www.24gliwice.pl\\\/wiadomosci\\\/gliwicki-targ-swiateczny-w-hali-modeli-gzut-warsztaty-foodtrucki-stoiska-wystawiennicze\\\/#breadcrumb\"},\"inLanguage\":\"pl-PL\",\"potentialAction\":[{\"@type\":\"ReadAction\",\"target\":[\"https:\\\/\\\/www.24gliwice.pl\\\/wiadomosci\\\/gliwicki-targ-swiateczny-w-hali-modeli-gzut-warsztaty-foodtrucki-stoiska-wystawiennicze\\\/\"]}]},{\"@type\":\"ImageObject\",\"inLanguage\":\"pl-PL\",\"@id\":\"https:\\\/\\\/www.24gliwice.pl\\\/wiadomosci\\\/gliwicki-targ-swiateczny-w-hali-modeli-gzut-warsztaty-foodtrucki-stoiska-wystawiennicze\\\/#primaryimage\",\"url\":\"https:\\\/\\\/www.24gliwice.pl\\\/wiadomosci\\\/wp-content\\\/uploads\\\/2021\\\/12\\\/jarmark-bozonarodzeniowy-hala-gzut.jpg\",\"contentUrl\":\"https:\\\/\\\/www.24gliwice.pl\\\/wiadomosci\\\/wp-content\\\/uploads\\\/2021\\\/12\\\/jarmark-bozonarodzeniowy-hala-gzut.jpg\",\"width\":960,\"height\":540},{\"@type\":\"BreadcrumbList\",\"@id\":\"https:\\\/\\\/www.24gliwice.pl\\\/wiadomosci\\\/gliwicki-targ-swiateczny-w-hali-modeli-gzut-warsztaty-foodtrucki-stoiska-wystawiennicze\\\/#breadcrumb\",\"itemListElement\":[{\"@type\":\"ListItem\",\"position\":1,\"name\":\"Strona g\u0142\u00f3wna\",\"item\":\"https:\\\/\\\/www.24gliwice.pl\\\/wiadomosci\\\/\"},{\"@type\":\"ListItem\",\"position\":2,\"name\":\"Gliwicki targ \u015bwi\u0105teczny w hali modeli GZUT. Warsztaty, foodtrucki, stoiska wystawiennicze\"}]},{\"@type\":\"WebSite\",\"@id\":\"https:\\\/\\\/www.24gliwice.pl\\\/wiadomosci\\\/#website\",\"url\":\"https:\\\/\\\/www.24gliwice.pl\\\/wiadomosci\\\/\",\"name\":\"24GLIWICE - Portal Gliwice | codziennie nowe wiadomo\u015bci\",\"description\":\"Portal Miejski Gliwice\",\"publisher\":{\"@id\":\"https:\\\/\\\/www.24gliwice.pl\\\/wiadomosci\\\/#organization\"},\"potentialAction\":[{\"@type\":\"SearchAction\",\"target\":{\"@type\":\"EntryPoint\",\"urlTemplate\":\"https:\\\/\\\/www.24gliwice.pl\\\/wiadomosci\\\/?s={search_term_string}\"},\"query-input\":{\"@type\":\"PropertyValueSpecification\",\"valueRequired\":true,\"valueName\":\"search_term_string\"}}],\"inLanguage\":\"pl-PL\"},{\"@type\":\"Organization\",\"@id\":\"https:\\\/\\\/www.24gliwice.pl\\\/wiadomosci\\\/#organization\",\"name\":\"24gliwice\",\"url\":\"https:\\\/\\\/www.24gliwice.pl\\\/wiadomosci\\\/\",\"logo\":{\"@type\":\"ImageObject\",\"inLanguage\":\"pl-PL\",\"@id\":\"https:\\\/\\\/www.24gliwice.pl\\\/wiadomosci\\\/#\\\/schema\\\/logo\\\/image\\\/\",\"url\":\"https:\\\/\\\/www.24gliwice.pl\\\/wiadomosci\\\/wp-content\\\/uploads\\\/2024\\\/10\\\/24gliwice-logo-696.jpg\",\"contentUrl\":\"https:\\\/\\\/www.24gliwice.pl\\\/wiadomosci\\\/wp-content\\\/uploads\\\/2024\\\/10\\\/24gliwice-logo-696.jpg\",\"width\":696,\"height\":696,\"caption\":\"24gliwice\"},\"image\":{\"@id\":\"https:\\\/\\\/www.24gliwice.pl\\\/wiadomosci\\\/#\\\/schema\\\/logo\\\/image\\\/\"},\"sameAs\":[\"https:\\\/\\\/www.facebook.com\\\/24gliwice\",\"https:\\\/\\\/x.com\\\/24gliwice\",\"https:\\\/\\\/www.youtube.com\\\/@24gliwice\"]},{\"@type\":\"Person\",\"@id\":\"https:\\\/\\\/www.24gliwice.pl\\\/wiadomosci\\\/#\\\/schema\\\/person\\\/e42c650edd7f2fa332be3811fb166b6e\",\"name\":\"\u017baneta Mrozek-Siewierska\",\"image\":{\"@type\":\"ImageObject\",\"inLanguage\":\"pl-PL\",\"@id\":\"https:\\\/\\\/www.24gliwice.pl\\\/wiadomosci\\\/wp-content\\\/uploads\\\/2021\\\/11\\\/Zaneta-M_S-zdjecie-czb-96x96.jpg\",\"url\":\"https:\\\/\\\/www.24gliwice.pl\\\/wiadomosci\\\/wp-content\\\/uploads\\\/2021\\\/11\\\/Zaneta-M_S-zdjecie-czb-96x96.jpg\",\"contentUrl\":\"https:\\\/\\\/www.24gliwice.pl\\\/wiadomosci\\\/wp-content\\\/uploads\\\/2021\\\/11\\\/Zaneta-M_S-zdjecie-czb-96x96.jpg\",\"caption\":\"\u017baneta Mrozek-Siewierska\"},\"url\":\"https:\\\/\\\/www.24gliwice.pl\\\/wiadomosci\\\/author\\\/zms\\\/\"}]}<\/script>\n<!-- \/ Yoast SEO plugin. -->","yoast_head_json":{"title":"Gliwicki targ \u015bwi\u0105teczny w hali modeli GZUT. Warsztaty, foodtrucki, stoiska wystawiennicze - 24GLIWICE - Portal Gliwice | codziennie nowe informacje","robots":{"index":"index","follow":"follow","max-snippet":"max-snippet:-1","max-image-preview":"max-image-preview:large","max-video-preview":"max-video-preview:-1"},"canonical":"https:\/\/www.24gliwice.pl\/wiadomosci\/gliwicki-targ-swiateczny-w-hali-modeli-gzut-warsztaty-foodtrucki-stoiska-wystawiennicze\/","og_locale":"pl_PL","og_type":"article","og_title":"Gliwicki targ \u015bwi\u0105teczny w hali modeli GZUT. Warsztaty, foodtrucki, stoiska wystawiennicze - 24GLIWICE - Portal Gliwice | codziennie nowe informacje","og_description":"Gliwicki targ \u015bwi\u0105teczny odb\u0119dzie si\u0119 w najbli\u017cszy weekend (sobota i niedziela) w hali modeli GZUT przy ul. Wincentego Pola 9. Je\u015bli nie macie jeszcze prezent\u00f3w dla swoich bliskich, tu b\u0119dzie mo\u017cna co\u015b wybra\u0107. &nbsp; Zaplanowane na dwa dni wydarzenie rozpocznie si\u0119 od godziny 16:00 w sobot\u0119, 18 grudnia. Na miejscu znajdziemy stoiska wystawiennicze z ozdobami [&hellip;]","og_url":"https:\/\/www.24gliwice.pl\/wiadomosci\/gliwicki-targ-swiateczny-w-hali-modeli-gzut-warsztaty-foodtrucki-stoiska-wystawiennicze\/","og_site_name":"24GLIWICE - Portal Gliwice | codziennie nowe informacje","article_publisher":"https:\/\/www.facebook.com\/24gliwice","article_published_time":"2021-12-16T11:28:07+00:00","og_image":[{"width":960,"height":540,"url":"https:\/\/www.24gliwice.pl\/wiadomosci\/wp-content\/uploads\/2021\/12\/jarmark-bozonarodzeniowy-hala-gzut.jpg","type":"image\/jpeg"}],"author":"\u017baneta Mrozek-Siewierska","twitter_card":"summary_large_image","twitter_creator":"@24gliwice","twitter_site":"@24gliwice","twitter_misc":{"Napisane przez":"\u017baneta Mrozek-Siewierska","Szacowany czas czytania":"1 minuta"},"schema":{"@context":"https:\/\/schema.org","@graph":[{"@type":"Article","@id":"https:\/\/www.24gliwice.pl\/wiadomosci\/gliwicki-targ-swiateczny-w-hali-modeli-gzut-warsztaty-foodtrucki-stoiska-wystawiennicze\/#article","isPartOf":{"@id":"https:\/\/www.24gliwice.pl\/wiadomosci\/gliwicki-targ-swiateczny-w-hali-modeli-gzut-warsztaty-foodtrucki-stoiska-wystawiennicze\/"},"author":{"name":"\u017baneta Mrozek-Siewierska","@id":"https:\/\/www.24gliwice.pl\/wiadomosci\/#\/schema\/person\/e42c650edd7f2fa332be3811fb166b6e"},"headline":"Gliwicki targ \u015bwi\u0105teczny w hali modeli GZUT. Warsztaty, foodtrucki, stoiska wystawiennicze","datePublished":"2021-12-16T11:28:07+00:00","mainEntityOfPage":{"@id":"https:\/\/www.24gliwice.pl\/wiadomosci\/gliwicki-targ-swiateczny-w-hali-modeli-gzut-warsztaty-foodtrucki-stoiska-wystawiennicze\/"},"wordCount":281,"commentCount":0,"publisher":{"@id":"https:\/\/www.24gliwice.pl\/wiadomosci\/#organization"},"image":{"@id":"https:\/\/www.24gliwice.pl\/wiadomosci\/gliwicki-targ-swiateczny-w-hali-modeli-gzut-warsztaty-foodtrucki-stoiska-wystawiennicze\/#primaryimage"},"thumbnailUrl":"https:\/\/www.24gliwice.pl\/wiadomosci\/wp-content\/uploads\/2021\/12\/jarmark-bozonarodzeniowy-hala-gzut.jpg","keywords":["BO\u017bE NARODZENIE"],"articleSection":["Gliwice","Kultura, wydarzenia, imprezy","Najnowsze wiadomo\u015bci"],"inLanguage":"pl-PL","potentialAction":[{"@type":"CommentAction","name":"Comment","target":["https:\/\/www.24gliwice.pl\/wiadomosci\/gliwicki-targ-swiateczny-w-hali-modeli-gzut-warsztaty-foodtrucki-stoiska-wystawiennicze\/#respond"]}]},{"@type":"WebPage","@id":"https:\/\/www.24gliwice.pl\/wiadomosci\/gliwicki-targ-swiateczny-w-hali-modeli-gzut-warsztaty-foodtrucki-stoiska-wystawiennicze\/","url":"https:\/\/www.24gliwice.pl\/wiadomosci\/gliwicki-targ-swiateczny-w-hali-modeli-gzut-warsztaty-foodtrucki-stoiska-wystawiennicze\/","name":"Gliwicki targ \u015bwi\u0105teczny w hali modeli GZUT. Warsztaty, foodtrucki, stoiska wystawiennicze - 24GLIWICE - Portal Gliwice | codziennie nowe informacje","isPartOf":{"@id":"https:\/\/www.24gliwice.pl\/wiadomosci\/#website"},"primaryImageOfPage":{"@id":"https:\/\/www.24gliwice.pl\/wiadomosci\/gliwicki-targ-swiateczny-w-hali-modeli-gzut-warsztaty-foodtrucki-stoiska-wystawiennicze\/#primaryimage"},"image":{"@id":"https:\/\/www.24gliwice.pl\/wiadomosci\/gliwicki-targ-swiateczny-w-hali-modeli-gzut-warsztaty-foodtrucki-stoiska-wystawiennicze\/#primaryimage"},"thumbnailUrl":"https:\/\/www.24gliwice.pl\/wiadomosci\/wp-content\/uploads\/2021\/12\/jarmark-bozonarodzeniowy-hala-gzut.jpg","datePublished":"2021-12-16T11:28:07+00:00","breadcrumb":{"@id":"https:\/\/www.24gliwice.pl\/wiadomosci\/gliwicki-targ-swiateczny-w-hali-modeli-gzut-warsztaty-foodtrucki-stoiska-wystawiennicze\/#breadcrumb"},"inLanguage":"pl-PL","potentialAction":[{"@type":"ReadAction","target":["https:\/\/www.24gliwice.pl\/wiadomosci\/gliwicki-targ-swiateczny-w-hali-modeli-gzut-warsztaty-foodtrucki-stoiska-wystawiennicze\/"]}]},{"@type":"ImageObject","inLanguage":"pl-PL","@id":"https:\/\/www.24gliwice.pl\/wiadomosci\/gliwicki-targ-swiateczny-w-hali-modeli-gzut-warsztaty-foodtrucki-stoiska-wystawiennicze\/#primaryimage","url":"https:\/\/www.24gliwice.pl\/wiadomosci\/wp-content\/uploads\/2021\/12\/jarmark-bozonarodzeniowy-hala-gzut.jpg","contentUrl":"https:\/\/www.24gliwice.pl\/wiadomosci\/wp-content\/uploads\/2021\/12\/jarmark-bozonarodzeniowy-hala-gzut.jpg","width":960,"height":540},{"@type":"BreadcrumbList","@id":"https:\/\/www.24gliwice.pl\/wiadomosci\/gliwicki-targ-swiateczny-w-hali-modeli-gzut-warsztaty-foodtrucki-stoiska-wystawiennicze\/#breadcrumb","itemListElement":[{"@type":"ListItem","position":1,"name":"Strona g\u0142\u00f3wna","item":"https:\/\/www.24gliwice.pl\/wiadomosci\/"},{"@type":"ListItem","position":2,"name":"Gliwicki targ \u015bwi\u0105teczny w hali modeli GZUT. Warsztaty, foodtrucki, stoiska wystawiennicze"}]},{"@type":"WebSite","@id":"https:\/\/www.24gliwice.pl\/wiadomosci\/#website","url":"https:\/\/www.24gliwice.pl\/wiadomosci\/","name":"24GLIWICE - Portal Gliwice | codziennie nowe wiadomo\u015bci","description":"Portal Miejski Gliwice","publisher":{"@id":"https:\/\/www.24gliwice.pl\/wiadomosci\/#organization"},"potentialAction":[{"@type":"SearchAction","target":{"@type":"EntryPoint","urlTemplate":"https:\/\/www.24gliwice.pl\/wiadomosci\/?s={search_term_string}"},"query-input":{"@type":"PropertyValueSpecification","valueRequired":true,"valueName":"search_term_string"}}],"inLanguage":"pl-PL"},{"@type":"Organization","@id":"https:\/\/www.24gliwice.pl\/wiadomosci\/#organization","name":"24gliwice","url":"https:\/\/www.24gliwice.pl\/wiadomosci\/","logo":{"@type":"ImageObject","inLanguage":"pl-PL","@id":"https:\/\/www.24gliwice.pl\/wiadomosci\/#\/schema\/logo\/image\/","url":"https:\/\/www.24gliwice.pl\/wiadomosci\/wp-content\/uploads\/2024\/10\/24gliwice-logo-696.jpg","contentUrl":"https:\/\/www.24gliwice.pl\/wiadomosci\/wp-content\/uploads\/2024\/10\/24gliwice-logo-696.jpg","width":696,"height":696,"caption":"24gliwice"},"image":{"@id":"https:\/\/www.24gliwice.pl\/wiadomosci\/#\/schema\/logo\/image\/"},"sameAs":["https:\/\/www.facebook.com\/24gliwice","https:\/\/x.com\/24gliwice","https:\/\/www.youtube.com\/@24gliwice"]},{"@type":"Person","@id":"https:\/\/www.24gliwice.pl\/wiadomosci\/#\/schema\/person\/e42c650edd7f2fa332be3811fb166b6e","name":"\u017baneta Mrozek-Siewierska","image":{"@type":"ImageObject","inLanguage":"pl-PL","@id":"https:\/\/www.24gliwice.pl\/wiadomosci\/wp-content\/uploads\/2021\/11\/Zaneta-M_S-zdjecie-czb-96x96.jpg","url":"https:\/\/www.24gliwice.pl\/wiadomosci\/wp-content\/uploads\/2021\/11\/Zaneta-M_S-zdjecie-czb-96x96.jpg","contentUrl":"https:\/\/www.24gliwice.pl\/wiadomosci\/wp-content\/uploads\/2021\/11\/Zaneta-M_S-zdjecie-czb-96x96.jpg","caption":"\u017baneta Mrozek-Siewierska"},"url":"https:\/\/www.24gliwice.pl\/wiadomosci\/author\/zms\/"}]}},"_links":{"self":[{"href":"https:\/\/www.24gliwice.pl\/wiadomosci\/wp-json\/wp\/v2\/posts\/182853","targetHints":{"allow":["GET"]}}],"collection":[{"href":"https:\/\/www.24gliwice.pl\/wiadomosci\/wp-json\/wp\/v2\/posts"}],"about":[{"href":"https:\/\/www.24gliwice.pl\/wiadomosci\/wp-json\/wp\/v2\/types\/post"}],"author":[{"embeddable":true,"href":"https:\/\/www.24gliwice.pl\/wiadomosci\/wp-json\/wp\/v2\/users\/15"}],"replies":[{"embeddable":true,"href":"https:\/\/www.24gliwice.pl\/wiadomosci\/wp-json\/wp\/v2\/comments?post=182853"}],"version-history":[{"count":6,"href":"https:\/\/www.24gliwice.pl\/wiadomosci\/wp-json\/wp\/v2\/posts\/182853\/revisions"}],"predecessor-version":[{"id":182861,"href":"https:\/\/www.24gliwice.pl\/wiadomosci\/wp-json\/wp\/v2\/posts\/182853\/revisions\/182861"}],"wp:featuredmedia":[{"embeddable":true,"href":"https:\/\/www.24gliwice.pl\/wiadomosci\/wp-json\/wp\/v2\/media\/182858"}],"wp:attachment":[{"href":"https:\/\/www.24gliwice.pl\/wiadomosci\/wp-json\/wp\/v2\/media?parent=182853"}],"wp:term":[{"taxonomy":"category","embeddable":true,"href":"https:\/\/www.24gliwice.pl\/wiadomosci\/wp-json\/wp\/v2\/categories?post=182853"},{"taxonomy":"post_tag","embeddable":true,"href":"https:\/\/www.24gliwice.pl\/wiadomosci\/wp-json\/wp\/v2\/tags?post=182853"}],"curies":[{"name":"wp","href":"https:\/\/api.w.org\/{rel}","templated":true}]}}