{"id":182862,"date":"2021-12-16T14:29:34","date_gmt":"2021-12-16T13:29:34","guid":{"rendered":"https:\/\/www.24gliwice.pl\/wiadomosci\/?p=182862"},"modified":"2021-12-16T14:29:34","modified_gmt":"2021-12-16T13:29:34","slug":"choinki-pod-choinke-na-gliwickim-rynku-radio-rmf-fm-rozda-mieszkancom-swiateczne-drzewka","status":"publish","type":"post","link":"https:\/\/www.24gliwice.pl\/wiadomosci\/choinki-pod-choinke-na-gliwickim-rynku-radio-rmf-fm-rozda-mieszkancom-swiateczne-drzewka\/","title":{"rendered":"&#8220;Choinki pod choink\u0119&#8221; na gliwickim Rynku. Radio RMF FM rozda mieszka\u0144com \u015bwi\u0105teczne drzewka"},"content":{"rendered":"<div class=\"gliwi-a6-nad-leadem-artykulow gliwi-entity-placement\" id=\"gliwi-1857529362\"><div class=\"gliwi-adlabel\"><span style=\"font-size: 9px\">REKLAMA<\/span><\/div><div id=\"gliwi-2771494984\" style=\"margin-bottom: 30px;margin-left: auto;margin-right: auto;text-align: center;\"><a data-no-instant=\"1\" href=\"https:\/\/przedszkole.halogen.org.pl\/\" rel=\"noopener\" class=\"a2t-link\" target=\"_blank\" aria-label=\"20260402-ANIMATOR-przedszkole_grafika_750x200\"><img loading=\"lazy\" decoding=\"async\" src=\"https:\/\/www.24gliwice.pl\/wiadomosci\/wp-content\/uploads\/2026\/04\/20260402-ANIMATOR-przedszkole_grafika_750x200.webp\" alt=\"\"  srcset=\"https:\/\/www.24gliwice.pl\/wiadomosci\/wp-content\/uploads\/2026\/04\/20260402-ANIMATOR-przedszkole_grafika_750x200.webp 750w, https:\/\/www.24gliwice.pl\/wiadomosci\/wp-content\/uploads\/2026\/04\/20260402-ANIMATOR-przedszkole_grafika_750x200-410x109.webp 410w\" sizes=\"(max-width: 750px) 100vw, 750px\" class=\"no-lazyload\" width=\"750\" height=\"200\"  style=\"display: inline-block; max-width: 100%; height: auto;\" \/><\/a><\/div><\/div><h2>W najbli\u017csz\u0105 niedziel\u0119 RMF FM rozdawa\u0107 b\u0119dzie choinki mieszka\u0144com Gliwic. \u015awi\u0105teczny konw\u00f3j rozg\u0142o\u015bni pojawi si\u0119 na Rynku ju\u017c o godzinie 9:00. W\u015br\u00f3d atrakcji, opr\u00f3cz drzewek, b\u0119d\u0105 te\u017c m.in. konkursy i animacje dla najm\u0142odszych realizowane w re\u017cimie sanitarnym.<\/h2>\n<p>&nbsp;<br \/>\n\u201eChoinki pod choink\u0119\u201d to organizowana od 2000 roku akcja radia RMF FM \u2013 rozg\u0142o\u015bnia tej zimy odwiedza 14 miast rozdaj\u0105c tysi\u0105ce pachn\u0105cych, zielonych drzewek. W ka\u017cdym mie\u015bcie na s\u0142uchaczy rozg\u0142o\u015bni czeka te\u017c mn\u00f3stwo innych atrakcji m.in. konkursy i animacje dla dzieci prowadzone z zachowaniem re\u017cimu sanitarnego. RMF FM rozdawa\u0107 b\u0119dzie te\u017c upominki, gad\u017cety radia, \u015bwi\u0105teczne pierniki i kaw\u0119.<\/p>\n<p><a href=\"https:\/\/www.24gliwice.pl\/wiadomosci\/wp-content\/uploads\/2021\/12\/choinki-pod-choinke-2.jpg\"><img loading=\"lazy\" decoding=\"async\" src=\"https:\/\/www.24gliwice.pl\/wiadomosci\/wp-content\/uploads\/2021\/12\/choinki-pod-choinke-2.jpg\" alt=\"\" width=\"1024\" height=\"682\" class=\"alignnone size-full wp-image-182865\" srcset=\"https:\/\/www.24gliwice.pl\/wiadomosci\/wp-content\/uploads\/2021\/12\/choinki-pod-choinke-2.jpg 1024w, https:\/\/www.24gliwice.pl\/wiadomosci\/wp-content\/uploads\/2021\/12\/choinki-pod-choinke-2-348x232.jpg 348w, https:\/\/www.24gliwice.pl\/wiadomosci\/wp-content\/uploads\/2021\/12\/choinki-pod-choinke-2-683x455.jpg 683w, https:\/\/www.24gliwice.pl\/wiadomosci\/wp-content\/uploads\/2021\/12\/choinki-pod-choinke-2-768x512.jpg 768w, https:\/\/www.24gliwice.pl\/wiadomosci\/wp-content\/uploads\/2021\/12\/choinki-pod-choinke-2-810x539.jpg 810w\" sizes=\"auto, (max-width: 1024px) 100vw, 1024px\" \/><\/a><\/p>\n<p>Z bo\u017conarodzeniowego miasteczka RMF FM nadawa\u0107 na \u017cywo b\u0119d\u0105 reporterzy stacji, a ich relacji s\u0142ucha\u0107 b\u0119dzie mo\u017cna na bie\u017c\u0105co na antenie rozg\u0142o\u015bni. Rozmawia\u0107 b\u0119d\u0105 z uczestnikami o atmosferze na miejscu, o oczekiwaniu na \u015awi\u0119ta czy bo\u017conarodzeniowych spotkaniach.<\/p><div class=\"gliwi-a3-w-tresci-artykulow gliwi-entity-placement\" id=\"gliwi-933856975\"><div class=\"gliwi-adlabel\"><span style=\"font-size: 9px\">REKLAMA<\/span><\/div><div id=\"gliwi-2728987702\" style=\"margin-bottom: 30px;margin-left: auto;margin-right: auto;text-align: center;\"><a data-no-instant=\"1\" href=\"https:\/\/ogrodyandersa.pl\/\" rel=\"noopener\" class=\"a2t-link\" target=\"_blank\" aria-label=\"20260415 Ogrody Andersa KUP TERAZ D\"><img loading=\"lazy\" decoding=\"async\" src=\"https:\/\/www.24gliwice.pl\/wiadomosci\/wp-content\/uploads\/2026\/04\/20260415-Ogrody-Andersa-KUP-TERAZ-D.jpg\" alt=\"\"  srcset=\"https:\/\/www.24gliwice.pl\/wiadomosci\/wp-content\/uploads\/2026\/04\/20260415-Ogrody-Andersa-KUP-TERAZ-D.jpg 750w, https:\/\/www.24gliwice.pl\/wiadomosci\/wp-content\/uploads\/2026\/04\/20260415-Ogrody-Andersa-KUP-TERAZ-D-410x109.jpg 410w\" sizes=\"(max-width: 750px) 100vw, 750px\" class=\"no-lazyload\" width=\"750\" height=\"200\"  style=\"display: inline-block; max-width: 100%; height: auto;\" \/><\/a><\/div><\/div>\n<p>Do Gliwic \u201eChoinki pod choink\u0119\u201d RMF FM zawitaj\u0105 w niedziel\u0119, 19 grudnia. Impreza rozpocznie si\u0119 na Rynku o 9:00 i trwa\u0107 b\u0119dzie oko\u0142o 1,5 godziny.<\/p>\n<p>mat. pras.<\/p>\n<div class=\"gliwi-a5-na-koncu-artykulow gliwi-entity-placement\" id=\"gliwi-3401374338\"><div class=\"gliwi-adlabel\"><span style=\"font-size: 9px\">REKLAMA<\/span><\/div><div id=\"gliwi-1464074675\" style=\"margin-left: auto;margin-right: auto;text-align: center;\"><a data-no-instant=\"1\" href=\"https:\/\/prezeroarenagliwice.pl\/\" rel=\"noopener\" class=\"a2t-link\" target=\"_blank\" aria-label=\"20260309-PREZERO-WIOSNA-D\"><img loading=\"lazy\" decoding=\"async\" src=\"https:\/\/www.24gliwice.pl\/wiadomosci\/wp-content\/uploads\/2026\/03\/20260309-PREZERO-WIOSNA-D.webp\" alt=\"\"  srcset=\"https:\/\/www.24gliwice.pl\/wiadomosci\/wp-content\/uploads\/2026\/03\/20260309-PREZERO-WIOSNA-D.webp 750w, https:\/\/www.24gliwice.pl\/wiadomosci\/wp-content\/uploads\/2026\/03\/20260309-PREZERO-WIOSNA-D-410x109.webp 410w\" sizes=\"(max-width: 750px) 100vw, 750px\" class=\"no-lazyload\" width=\"750\" height=\"200\"  style=\"display: inline-block; max-width: 100%; height: auto;\" \/><\/a><\/div><\/div>","protected":false},"excerpt":{"rendered":"<p>W najbli\u017csz\u0105 niedziel\u0119 RMF FM rozdawa\u0107 b\u0119dzie choinki mieszka\u0144com Gliwic. \u015awi\u0105teczny konw\u00f3j rozg\u0142o\u015bni pojawi si\u0119 na Rynku ju\u017c o godzinie 9:00. W\u015br\u00f3d atrakcji, opr\u00f3cz drzewek, b\u0119d\u0105 te\u017c m.in. konkursy i animacje dla najm\u0142odszych realizowane w re\u017cimie sanitarnym. &nbsp; \u201eChoinki pod choink\u0119\u201d to organizowana od 2000 roku akcja radia RMF FM \u2013 rozg\u0142o\u015bnia tej zimy odwiedza [&hellip;]<\/p>\n","protected":false},"author":15,"featured_media":182866,"comment_status":"open","ping_status":"closed","sticky":false,"template":"","format":"standard","meta":{"_monsterinsights_skip_tracking":false,"_monsterinsights_sitenote_active":false,"_monsterinsights_sitenote_note":"","_monsterinsights_sitenote_category":0,"footnotes":"","_links_to":"","_links_to_target":""},"categories":[3,6,1],"tags":[],"class_list":["post-182862","post","type-post","status-publish","format-standard","has-post-thumbnail","hentry","category-gliwice","category-kultura","category-wszystko"],"yoast_head":"<!-- This site is optimized with the Yoast SEO plugin v27.4 - https:\/\/yoast.com\/product\/yoast-seo-wordpress\/ -->\n<title>&quot;Choinki pod choink\u0119&quot; na gliwickim Rynku. Radio RMF FM rozda mieszka\u0144com \u015bwi\u0105teczne drzewka - 24GLIWICE - Portal Gliwice | codziennie nowe informacje<\/title>\n<meta name=\"robots\" content=\"index, follow, max-snippet:-1, max-image-preview:large, max-video-preview:-1\" \/>\n<link rel=\"canonical\" href=\"https:\/\/www.24gliwice.pl\/wiadomosci\/choinki-pod-choinke-na-gliwickim-rynku-radio-rmf-fm-rozda-mieszkancom-swiateczne-drzewka\/\" \/>\n<meta property=\"og:locale\" content=\"pl_PL\" \/>\n<meta property=\"og:type\" content=\"article\" \/>\n<meta property=\"og:title\" content=\"&quot;Choinki pod choink\u0119&quot; na gliwickim Rynku. Radio RMF FM rozda mieszka\u0144com \u015bwi\u0105teczne drzewka - 24GLIWICE - Portal Gliwice | codziennie nowe informacje\" \/>\n<meta property=\"og:description\" content=\"W najbli\u017csz\u0105 niedziel\u0119 RMF FM rozdawa\u0107 b\u0119dzie choinki mieszka\u0144com Gliwic. \u015awi\u0105teczny konw\u00f3j rozg\u0142o\u015bni pojawi si\u0119 na Rynku ju\u017c o godzinie 9:00. W\u015br\u00f3d atrakcji, opr\u00f3cz drzewek, b\u0119d\u0105 te\u017c m.in. konkursy i animacje dla najm\u0142odszych realizowane w re\u017cimie sanitarnym. &nbsp; \u201eChoinki pod choink\u0119\u201d to organizowana od 2000 roku akcja radia RMF FM \u2013 rozg\u0142o\u015bnia tej zimy odwiedza [&hellip;]\" \/>\n<meta property=\"og:url\" content=\"https:\/\/www.24gliwice.pl\/wiadomosci\/choinki-pod-choinke-na-gliwickim-rynku-radio-rmf-fm-rozda-mieszkancom-swiateczne-drzewka\/\" \/>\n<meta property=\"og:site_name\" content=\"24GLIWICE - Portal Gliwice | codziennie nowe informacje\" \/>\n<meta property=\"article:publisher\" content=\"https:\/\/www.facebook.com\/24gliwice\" \/>\n<meta property=\"article:published_time\" content=\"2021-12-16T13:29:34+00:00\" \/>\n<meta property=\"og:image\" content=\"https:\/\/www.24gliwice.pl\/wiadomosci\/wp-content\/uploads\/2021\/12\/choinki-pod-choinke.jpg\" \/>\n\t<meta property=\"og:image:width\" content=\"964\" \/>\n\t<meta property=\"og:image:height\" content=\"542\" \/>\n\t<meta property=\"og:image:type\" content=\"image\/jpeg\" \/>\n<meta name=\"author\" content=\"\u017baneta Mrozek-Siewierska\" \/>\n<meta name=\"twitter:card\" content=\"summary_large_image\" \/>\n<meta name=\"twitter:creator\" content=\"@24gliwice\" \/>\n<meta name=\"twitter:site\" content=\"@24gliwice\" \/>\n<meta name=\"twitter:label1\" content=\"Napisane przez\" \/>\n\t<meta name=\"twitter:data1\" content=\"\u017baneta Mrozek-Siewierska\" \/>\n\t<meta name=\"twitter:label2\" content=\"Szacowany czas czytania\" \/>\n\t<meta name=\"twitter:data2\" content=\"1 minuta\" \/>\n<script type=\"application\/ld+json\" class=\"yoast-schema-graph\">{\"@context\":\"https:\\\/\\\/schema.org\",\"@graph\":[{\"@type\":\"Article\",\"@id\":\"https:\\\/\\\/www.24gliwice.pl\\\/wiadomosci\\\/choinki-pod-choinke-na-gliwickim-rynku-radio-rmf-fm-rozda-mieszkancom-swiateczne-drzewka\\\/#article\",\"isPartOf\":{\"@id\":\"https:\\\/\\\/www.24gliwice.pl\\\/wiadomosci\\\/choinki-pod-choinke-na-gliwickim-rynku-radio-rmf-fm-rozda-mieszkancom-swiateczne-drzewka\\\/\"},\"author\":{\"name\":\"\u017baneta Mrozek-Siewierska\",\"@id\":\"https:\\\/\\\/www.24gliwice.pl\\\/wiadomosci\\\/#\\\/schema\\\/person\\\/e42c650edd7f2fa332be3811fb166b6e\"},\"headline\":\"&#8220;Choinki pod choink\u0119&#8221; na gliwickim Rynku. Radio RMF FM rozda mieszka\u0144com \u015bwi\u0105teczne drzewka\",\"datePublished\":\"2021-12-16T13:29:34+00:00\",\"mainEntityOfPage\":{\"@id\":\"https:\\\/\\\/www.24gliwice.pl\\\/wiadomosci\\\/choinki-pod-choinke-na-gliwickim-rynku-radio-rmf-fm-rozda-mieszkancom-swiateczne-drzewka\\\/\"},\"wordCount\":211,\"commentCount\":0,\"publisher\":{\"@id\":\"https:\\\/\\\/www.24gliwice.pl\\\/wiadomosci\\\/#organization\"},\"image\":{\"@id\":\"https:\\\/\\\/www.24gliwice.pl\\\/wiadomosci\\\/choinki-pod-choinke-na-gliwickim-rynku-radio-rmf-fm-rozda-mieszkancom-swiateczne-drzewka\\\/#primaryimage\"},\"thumbnailUrl\":\"https:\\\/\\\/www.24gliwice.pl\\\/wiadomosci\\\/wp-content\\\/uploads\\\/2021\\\/12\\\/choinki-pod-choinke.jpg\",\"articleSection\":[\"Gliwice\",\"Kultura, wydarzenia, imprezy\",\"Najnowsze wiadomo\u015bci\"],\"inLanguage\":\"pl-PL\",\"potentialAction\":[{\"@type\":\"CommentAction\",\"name\":\"Comment\",\"target\":[\"https:\\\/\\\/www.24gliwice.pl\\\/wiadomosci\\\/choinki-pod-choinke-na-gliwickim-rynku-radio-rmf-fm-rozda-mieszkancom-swiateczne-drzewka\\\/#respond\"]}]},{\"@type\":\"WebPage\",\"@id\":\"https:\\\/\\\/www.24gliwice.pl\\\/wiadomosci\\\/choinki-pod-choinke-na-gliwickim-rynku-radio-rmf-fm-rozda-mieszkancom-swiateczne-drzewka\\\/\",\"url\":\"https:\\\/\\\/www.24gliwice.pl\\\/wiadomosci\\\/choinki-pod-choinke-na-gliwickim-rynku-radio-rmf-fm-rozda-mieszkancom-swiateczne-drzewka\\\/\",\"name\":\"\\\"Choinki pod choink\u0119\\\" na gliwickim Rynku. Radio RMF FM rozda mieszka\u0144com \u015bwi\u0105teczne drzewka - 24GLIWICE - Portal Gliwice | codziennie nowe informacje\",\"isPartOf\":{\"@id\":\"https:\\\/\\\/www.24gliwice.pl\\\/wiadomosci\\\/#website\"},\"primaryImageOfPage\":{\"@id\":\"https:\\\/\\\/www.24gliwice.pl\\\/wiadomosci\\\/choinki-pod-choinke-na-gliwickim-rynku-radio-rmf-fm-rozda-mieszkancom-swiateczne-drzewka\\\/#primaryimage\"},\"image\":{\"@id\":\"https:\\\/\\\/www.24gliwice.pl\\\/wiadomosci\\\/choinki-pod-choinke-na-gliwickim-rynku-radio-rmf-fm-rozda-mieszkancom-swiateczne-drzewka\\\/#primaryimage\"},\"thumbnailUrl\":\"https:\\\/\\\/www.24gliwice.pl\\\/wiadomosci\\\/wp-content\\\/uploads\\\/2021\\\/12\\\/choinki-pod-choinke.jpg\",\"datePublished\":\"2021-12-16T13:29:34+00:00\",\"breadcrumb\":{\"@id\":\"https:\\\/\\\/www.24gliwice.pl\\\/wiadomosci\\\/choinki-pod-choinke-na-gliwickim-rynku-radio-rmf-fm-rozda-mieszkancom-swiateczne-drzewka\\\/#breadcrumb\"},\"inLanguage\":\"pl-PL\",\"potentialAction\":[{\"@type\":\"ReadAction\",\"target\":[\"https:\\\/\\\/www.24gliwice.pl\\\/wiadomosci\\\/choinki-pod-choinke-na-gliwickim-rynku-radio-rmf-fm-rozda-mieszkancom-swiateczne-drzewka\\\/\"]}]},{\"@type\":\"ImageObject\",\"inLanguage\":\"pl-PL\",\"@id\":\"https:\\\/\\\/www.24gliwice.pl\\\/wiadomosci\\\/choinki-pod-choinke-na-gliwickim-rynku-radio-rmf-fm-rozda-mieszkancom-swiateczne-drzewka\\\/#primaryimage\",\"url\":\"https:\\\/\\\/www.24gliwice.pl\\\/wiadomosci\\\/wp-content\\\/uploads\\\/2021\\\/12\\\/choinki-pod-choinke.jpg\",\"contentUrl\":\"https:\\\/\\\/www.24gliwice.pl\\\/wiadomosci\\\/wp-content\\\/uploads\\\/2021\\\/12\\\/choinki-pod-choinke.jpg\",\"width\":964,\"height\":542},{\"@type\":\"BreadcrumbList\",\"@id\":\"https:\\\/\\\/www.24gliwice.pl\\\/wiadomosci\\\/choinki-pod-choinke-na-gliwickim-rynku-radio-rmf-fm-rozda-mieszkancom-swiateczne-drzewka\\\/#breadcrumb\",\"itemListElement\":[{\"@type\":\"ListItem\",\"position\":1,\"name\":\"Strona g\u0142\u00f3wna\",\"item\":\"https:\\\/\\\/www.24gliwice.pl\\\/wiadomosci\\\/\"},{\"@type\":\"ListItem\",\"position\":2,\"name\":\"&#8222;Choinki pod choink\u0119&#8221; na gliwickim Rynku. Radio RMF FM rozda mieszka\u0144com \u015bwi\u0105teczne drzewka\"}]},{\"@type\":\"WebSite\",\"@id\":\"https:\\\/\\\/www.24gliwice.pl\\\/wiadomosci\\\/#website\",\"url\":\"https:\\\/\\\/www.24gliwice.pl\\\/wiadomosci\\\/\",\"name\":\"24GLIWICE - Portal Gliwice | codziennie nowe wiadomo\u015bci\",\"description\":\"Portal Miejski Gliwice\",\"publisher\":{\"@id\":\"https:\\\/\\\/www.24gliwice.pl\\\/wiadomosci\\\/#organization\"},\"potentialAction\":[{\"@type\":\"SearchAction\",\"target\":{\"@type\":\"EntryPoint\",\"urlTemplate\":\"https:\\\/\\\/www.24gliwice.pl\\\/wiadomosci\\\/?s={search_term_string}\"},\"query-input\":{\"@type\":\"PropertyValueSpecification\",\"valueRequired\":true,\"valueName\":\"search_term_string\"}}],\"inLanguage\":\"pl-PL\"},{\"@type\":\"Organization\",\"@id\":\"https:\\\/\\\/www.24gliwice.pl\\\/wiadomosci\\\/#organization\",\"name\":\"24gliwice\",\"url\":\"https:\\\/\\\/www.24gliwice.pl\\\/wiadomosci\\\/\",\"logo\":{\"@type\":\"ImageObject\",\"inLanguage\":\"pl-PL\",\"@id\":\"https:\\\/\\\/www.24gliwice.pl\\\/wiadomosci\\\/#\\\/schema\\\/logo\\\/image\\\/\",\"url\":\"https:\\\/\\\/www.24gliwice.pl\\\/wiadomosci\\\/wp-content\\\/uploads\\\/2024\\\/10\\\/24gliwice-logo-696.jpg\",\"contentUrl\":\"https:\\\/\\\/www.24gliwice.pl\\\/wiadomosci\\\/wp-content\\\/uploads\\\/2024\\\/10\\\/24gliwice-logo-696.jpg\",\"width\":696,\"height\":696,\"caption\":\"24gliwice\"},\"image\":{\"@id\":\"https:\\\/\\\/www.24gliwice.pl\\\/wiadomosci\\\/#\\\/schema\\\/logo\\\/image\\\/\"},\"sameAs\":[\"https:\\\/\\\/www.facebook.com\\\/24gliwice\",\"https:\\\/\\\/x.com\\\/24gliwice\",\"https:\\\/\\\/www.youtube.com\\\/@24gliwice\"]},{\"@type\":\"Person\",\"@id\":\"https:\\\/\\\/www.24gliwice.pl\\\/wiadomosci\\\/#\\\/schema\\\/person\\\/e42c650edd7f2fa332be3811fb166b6e\",\"name\":\"\u017baneta Mrozek-Siewierska\",\"image\":{\"@type\":\"ImageObject\",\"inLanguage\":\"pl-PL\",\"@id\":\"https:\\\/\\\/www.24gliwice.pl\\\/wiadomosci\\\/wp-content\\\/uploads\\\/2021\\\/11\\\/Zaneta-M_S-zdjecie-czb-96x96.jpg\",\"url\":\"https:\\\/\\\/www.24gliwice.pl\\\/wiadomosci\\\/wp-content\\\/uploads\\\/2021\\\/11\\\/Zaneta-M_S-zdjecie-czb-96x96.jpg\",\"contentUrl\":\"https:\\\/\\\/www.24gliwice.pl\\\/wiadomosci\\\/wp-content\\\/uploads\\\/2021\\\/11\\\/Zaneta-M_S-zdjecie-czb-96x96.jpg\",\"caption\":\"\u017baneta Mrozek-Siewierska\"},\"url\":\"https:\\\/\\\/www.24gliwice.pl\\\/wiadomosci\\\/author\\\/zms\\\/\"}]}<\/script>\n<!-- \/ Yoast SEO plugin. -->","yoast_head_json":{"title":"\"Choinki pod choink\u0119\" na gliwickim Rynku. Radio RMF FM rozda mieszka\u0144com \u015bwi\u0105teczne drzewka - 24GLIWICE - Portal Gliwice | codziennie nowe informacje","robots":{"index":"index","follow":"follow","max-snippet":"max-snippet:-1","max-image-preview":"max-image-preview:large","max-video-preview":"max-video-preview:-1"},"canonical":"https:\/\/www.24gliwice.pl\/wiadomosci\/choinki-pod-choinke-na-gliwickim-rynku-radio-rmf-fm-rozda-mieszkancom-swiateczne-drzewka\/","og_locale":"pl_PL","og_type":"article","og_title":"\"Choinki pod choink\u0119\" na gliwickim Rynku. Radio RMF FM rozda mieszka\u0144com \u015bwi\u0105teczne drzewka - 24GLIWICE - Portal Gliwice | codziennie nowe informacje","og_description":"W najbli\u017csz\u0105 niedziel\u0119 RMF FM rozdawa\u0107 b\u0119dzie choinki mieszka\u0144com Gliwic. \u015awi\u0105teczny konw\u00f3j rozg\u0142o\u015bni pojawi si\u0119 na Rynku ju\u017c o godzinie 9:00. W\u015br\u00f3d atrakcji, opr\u00f3cz drzewek, b\u0119d\u0105 te\u017c m.in. konkursy i animacje dla najm\u0142odszych realizowane w re\u017cimie sanitarnym. &nbsp; \u201eChoinki pod choink\u0119\u201d to organizowana od 2000 roku akcja radia RMF FM \u2013 rozg\u0142o\u015bnia tej zimy odwiedza [&hellip;]","og_url":"https:\/\/www.24gliwice.pl\/wiadomosci\/choinki-pod-choinke-na-gliwickim-rynku-radio-rmf-fm-rozda-mieszkancom-swiateczne-drzewka\/","og_site_name":"24GLIWICE - Portal Gliwice | codziennie nowe informacje","article_publisher":"https:\/\/www.facebook.com\/24gliwice","article_published_time":"2021-12-16T13:29:34+00:00","og_image":[{"width":964,"height":542,"url":"https:\/\/www.24gliwice.pl\/wiadomosci\/wp-content\/uploads\/2021\/12\/choinki-pod-choinke.jpg","type":"image\/jpeg"}],"author":"\u017baneta Mrozek-Siewierska","twitter_card":"summary_large_image","twitter_creator":"@24gliwice","twitter_site":"@24gliwice","twitter_misc":{"Napisane przez":"\u017baneta Mrozek-Siewierska","Szacowany czas czytania":"1 minuta"},"schema":{"@context":"https:\/\/schema.org","@graph":[{"@type":"Article","@id":"https:\/\/www.24gliwice.pl\/wiadomosci\/choinki-pod-choinke-na-gliwickim-rynku-radio-rmf-fm-rozda-mieszkancom-swiateczne-drzewka\/#article","isPartOf":{"@id":"https:\/\/www.24gliwice.pl\/wiadomosci\/choinki-pod-choinke-na-gliwickim-rynku-radio-rmf-fm-rozda-mieszkancom-swiateczne-drzewka\/"},"author":{"name":"\u017baneta Mrozek-Siewierska","@id":"https:\/\/www.24gliwice.pl\/wiadomosci\/#\/schema\/person\/e42c650edd7f2fa332be3811fb166b6e"},"headline":"&#8220;Choinki pod choink\u0119&#8221; na gliwickim Rynku. Radio RMF FM rozda mieszka\u0144com \u015bwi\u0105teczne drzewka","datePublished":"2021-12-16T13:29:34+00:00","mainEntityOfPage":{"@id":"https:\/\/www.24gliwice.pl\/wiadomosci\/choinki-pod-choinke-na-gliwickim-rynku-radio-rmf-fm-rozda-mieszkancom-swiateczne-drzewka\/"},"wordCount":211,"commentCount":0,"publisher":{"@id":"https:\/\/www.24gliwice.pl\/wiadomosci\/#organization"},"image":{"@id":"https:\/\/www.24gliwice.pl\/wiadomosci\/choinki-pod-choinke-na-gliwickim-rynku-radio-rmf-fm-rozda-mieszkancom-swiateczne-drzewka\/#primaryimage"},"thumbnailUrl":"https:\/\/www.24gliwice.pl\/wiadomosci\/wp-content\/uploads\/2021\/12\/choinki-pod-choinke.jpg","articleSection":["Gliwice","Kultura, wydarzenia, imprezy","Najnowsze wiadomo\u015bci"],"inLanguage":"pl-PL","potentialAction":[{"@type":"CommentAction","name":"Comment","target":["https:\/\/www.24gliwice.pl\/wiadomosci\/choinki-pod-choinke-na-gliwickim-rynku-radio-rmf-fm-rozda-mieszkancom-swiateczne-drzewka\/#respond"]}]},{"@type":"WebPage","@id":"https:\/\/www.24gliwice.pl\/wiadomosci\/choinki-pod-choinke-na-gliwickim-rynku-radio-rmf-fm-rozda-mieszkancom-swiateczne-drzewka\/","url":"https:\/\/www.24gliwice.pl\/wiadomosci\/choinki-pod-choinke-na-gliwickim-rynku-radio-rmf-fm-rozda-mieszkancom-swiateczne-drzewka\/","name":"\"Choinki pod choink\u0119\" na gliwickim Rynku. Radio RMF FM rozda mieszka\u0144com \u015bwi\u0105teczne drzewka - 24GLIWICE - Portal Gliwice | codziennie nowe informacje","isPartOf":{"@id":"https:\/\/www.24gliwice.pl\/wiadomosci\/#website"},"primaryImageOfPage":{"@id":"https:\/\/www.24gliwice.pl\/wiadomosci\/choinki-pod-choinke-na-gliwickim-rynku-radio-rmf-fm-rozda-mieszkancom-swiateczne-drzewka\/#primaryimage"},"image":{"@id":"https:\/\/www.24gliwice.pl\/wiadomosci\/choinki-pod-choinke-na-gliwickim-rynku-radio-rmf-fm-rozda-mieszkancom-swiateczne-drzewka\/#primaryimage"},"thumbnailUrl":"https:\/\/www.24gliwice.pl\/wiadomosci\/wp-content\/uploads\/2021\/12\/choinki-pod-choinke.jpg","datePublished":"2021-12-16T13:29:34+00:00","breadcrumb":{"@id":"https:\/\/www.24gliwice.pl\/wiadomosci\/choinki-pod-choinke-na-gliwickim-rynku-radio-rmf-fm-rozda-mieszkancom-swiateczne-drzewka\/#breadcrumb"},"inLanguage":"pl-PL","potentialAction":[{"@type":"ReadAction","target":["https:\/\/www.24gliwice.pl\/wiadomosci\/choinki-pod-choinke-na-gliwickim-rynku-radio-rmf-fm-rozda-mieszkancom-swiateczne-drzewka\/"]}]},{"@type":"ImageObject","inLanguage":"pl-PL","@id":"https:\/\/www.24gliwice.pl\/wiadomosci\/choinki-pod-choinke-na-gliwickim-rynku-radio-rmf-fm-rozda-mieszkancom-swiateczne-drzewka\/#primaryimage","url":"https:\/\/www.24gliwice.pl\/wiadomosci\/wp-content\/uploads\/2021\/12\/choinki-pod-choinke.jpg","contentUrl":"https:\/\/www.24gliwice.pl\/wiadomosci\/wp-content\/uploads\/2021\/12\/choinki-pod-choinke.jpg","width":964,"height":542},{"@type":"BreadcrumbList","@id":"https:\/\/www.24gliwice.pl\/wiadomosci\/choinki-pod-choinke-na-gliwickim-rynku-radio-rmf-fm-rozda-mieszkancom-swiateczne-drzewka\/#breadcrumb","itemListElement":[{"@type":"ListItem","position":1,"name":"Strona g\u0142\u00f3wna","item":"https:\/\/www.24gliwice.pl\/wiadomosci\/"},{"@type":"ListItem","position":2,"name":"&#8222;Choinki pod choink\u0119&#8221; na gliwickim Rynku. Radio RMF FM rozda mieszka\u0144com \u015bwi\u0105teczne drzewka"}]},{"@type":"WebSite","@id":"https:\/\/www.24gliwice.pl\/wiadomosci\/#website","url":"https:\/\/www.24gliwice.pl\/wiadomosci\/","name":"24GLIWICE - Portal Gliwice | codziennie nowe wiadomo\u015bci","description":"Portal Miejski Gliwice","publisher":{"@id":"https:\/\/www.24gliwice.pl\/wiadomosci\/#organization"},"potentialAction":[{"@type":"SearchAction","target":{"@type":"EntryPoint","urlTemplate":"https:\/\/www.24gliwice.pl\/wiadomosci\/?s={search_term_string}"},"query-input":{"@type":"PropertyValueSpecification","valueRequired":true,"valueName":"search_term_string"}}],"inLanguage":"pl-PL"},{"@type":"Organization","@id":"https:\/\/www.24gliwice.pl\/wiadomosci\/#organization","name":"24gliwice","url":"https:\/\/www.24gliwice.pl\/wiadomosci\/","logo":{"@type":"ImageObject","inLanguage":"pl-PL","@id":"https:\/\/www.24gliwice.pl\/wiadomosci\/#\/schema\/logo\/image\/","url":"https:\/\/www.24gliwice.pl\/wiadomosci\/wp-content\/uploads\/2024\/10\/24gliwice-logo-696.jpg","contentUrl":"https:\/\/www.24gliwice.pl\/wiadomosci\/wp-content\/uploads\/2024\/10\/24gliwice-logo-696.jpg","width":696,"height":696,"caption":"24gliwice"},"image":{"@id":"https:\/\/www.24gliwice.pl\/wiadomosci\/#\/schema\/logo\/image\/"},"sameAs":["https:\/\/www.facebook.com\/24gliwice","https:\/\/x.com\/24gliwice","https:\/\/www.youtube.com\/@24gliwice"]},{"@type":"Person","@id":"https:\/\/www.24gliwice.pl\/wiadomosci\/#\/schema\/person\/e42c650edd7f2fa332be3811fb166b6e","name":"\u017baneta Mrozek-Siewierska","image":{"@type":"ImageObject","inLanguage":"pl-PL","@id":"https:\/\/www.24gliwice.pl\/wiadomosci\/wp-content\/uploads\/2021\/11\/Zaneta-M_S-zdjecie-czb-96x96.jpg","url":"https:\/\/www.24gliwice.pl\/wiadomosci\/wp-content\/uploads\/2021\/11\/Zaneta-M_S-zdjecie-czb-96x96.jpg","contentUrl":"https:\/\/www.24gliwice.pl\/wiadomosci\/wp-content\/uploads\/2021\/11\/Zaneta-M_S-zdjecie-czb-96x96.jpg","caption":"\u017baneta Mrozek-Siewierska"},"url":"https:\/\/www.24gliwice.pl\/wiadomosci\/author\/zms\/"}]}},"_links":{"self":[{"href":"https:\/\/www.24gliwice.pl\/wiadomosci\/wp-json\/wp\/v2\/posts\/182862","targetHints":{"allow":["GET"]}}],"collection":[{"href":"https:\/\/www.24gliwice.pl\/wiadomosci\/wp-json\/wp\/v2\/posts"}],"about":[{"href":"https:\/\/www.24gliwice.pl\/wiadomosci\/wp-json\/wp\/v2\/types\/post"}],"author":[{"embeddable":true,"href":"https:\/\/www.24gliwice.pl\/wiadomosci\/wp-json\/wp\/v2\/users\/15"}],"replies":[{"embeddable":true,"href":"https:\/\/www.24gliwice.pl\/wiadomosci\/wp-json\/wp\/v2\/comments?post=182862"}],"version-history":[{"count":5,"href":"https:\/\/www.24gliwice.pl\/wiadomosci\/wp-json\/wp\/v2\/posts\/182862\/revisions"}],"predecessor-version":[{"id":182883,"href":"https:\/\/www.24gliwice.pl\/wiadomosci\/wp-json\/wp\/v2\/posts\/182862\/revisions\/182883"}],"wp:featuredmedia":[{"embeddable":true,"href":"https:\/\/www.24gliwice.pl\/wiadomosci\/wp-json\/wp\/v2\/media\/182866"}],"wp:attachment":[{"href":"https:\/\/www.24gliwice.pl\/wiadomosci\/wp-json\/wp\/v2\/media?parent=182862"}],"wp:term":[{"taxonomy":"category","embeddable":true,"href":"https:\/\/www.24gliwice.pl\/wiadomosci\/wp-json\/wp\/v2\/categories?post=182862"},{"taxonomy":"post_tag","embeddable":true,"href":"https:\/\/www.24gliwice.pl\/wiadomosci\/wp-json\/wp\/v2\/tags?post=182862"}],"curies":[{"name":"wp","href":"https:\/\/api.w.org\/{rel}","templated":true}]}}