{"id":182920,"date":"2021-12-17T13:51:07","date_gmt":"2021-12-17T12:51:07","guid":{"rendered":"https:\/\/www.24gliwice.pl\/wiadomosci\/?p=182920"},"modified":"2021-12-17T13:51:07","modified_gmt":"2021-12-17T12:51:07","slug":"w-sobote-spodziewane-jest-duze-natezenie-ruchu-i-zatory-drogowe-przy-hali-arena-dwie-imprezy","status":"publish","type":"post","link":"https:\/\/www.24gliwice.pl\/wiadomosci\/w-sobote-spodziewane-jest-duze-natezenie-ruchu-i-zatory-drogowe-przy-hali-arena-dwie-imprezy\/","title":{"rendered":"W sobot\u0119 spodziewane jest du\u017ce nat\u0119\u017cenie ruchu i zatory drogowe przy hali Arena. Dwie imprezy"},"content":{"rendered":"<div class=\"gliwi-a6-nad-leadem-artykulow gliwi-entity-placement\" id=\"gliwi-3193930939\"><div class=\"gliwi-adlabel\"><span style=\"font-size: 9px\">REKLAMA<\/span><\/div><div id=\"gliwi-3641605473\" style=\"margin-bottom: 30px;margin-left: auto;margin-right: auto;text-align: center;\"><a data-no-instant=\"1\" href=\"https:\/\/przedszkole.halogen.org.pl\/\" rel=\"noopener\" class=\"a2t-link\" target=\"_blank\" aria-label=\"20260402-ANIMATOR-przedszkole_grafika_750x200\"><img loading=\"lazy\" decoding=\"async\" src=\"https:\/\/www.24gliwice.pl\/wiadomosci\/wp-content\/uploads\/2026\/04\/20260402-ANIMATOR-przedszkole_grafika_750x200.webp\" alt=\"\"  srcset=\"https:\/\/www.24gliwice.pl\/wiadomosci\/wp-content\/uploads\/2026\/04\/20260402-ANIMATOR-przedszkole_grafika_750x200.webp 750w, https:\/\/www.24gliwice.pl\/wiadomosci\/wp-content\/uploads\/2026\/04\/20260402-ANIMATOR-przedszkole_grafika_750x200-410x109.webp 410w\" sizes=\"(max-width: 750px) 100vw, 750px\" class=\"no-lazyload\" width=\"750\" height=\"200\"  style=\"display: inline-block; max-width: 100%; height: auto;\" \/><\/a><\/div><\/div><h2>Jad\u0105c samochodem w sobot\u0119, 18 grudnia, lepiej omija\u0107 rejony hali Arena Gliwice (ul. Akademicka 50). Spodziewane s\u0105 tam zatory drogowe, utrudnienia w p\u0142ynnym ruchu i ograniczony przejazd. Tego dnia odb\u0119d\u0105 si\u0119 tam 2 wydarzenia: kulturalne i sportowe.<\/h2>\n<p>&nbsp;<br \/>\nOrganizatorzy imprez w obiekcie ju\u017c kilka dni temu uprzedzali, \u017ce wszystkie miejsca do parkowania zosta\u0142y wyprzedane. Zmotoryzowanym uczestnikom pozostaj\u0105 bezp\u0142atne parkingi nale\u017c\u0105ce do Politechniki \u015al\u0105skiej. Znajduj\u0105 si\u0119 w odleg\u0142o\u015bci od ok. 500 \u2013 1000 m od Areny Gliwice. Zaleca si\u0119 dotarcie do nich z pomini\u0119ciem przejazdu ulicami: Panewnick\u0105, Akademick\u0105 i Kujawsk\u0105 zgodnie ze wskazaniami na mapce poni\u017cej.<\/p>\n<p><a href=\"https:\/\/www.24gliwice.pl\/wiadomosci\/wp-content\/uploads\/2021\/12\/dojazd-arena-gliwice.jpg\"><img loading=\"lazy\" decoding=\"async\" src=\"https:\/\/www.24gliwice.pl\/wiadomosci\/wp-content\/uploads\/2021\/12\/dojazd-arena-gliwice.jpg\" alt=\"\" width=\"810\" height=\"456\" class=\"alignnone size-full wp-image-182924\" srcset=\"https:\/\/www.24gliwice.pl\/wiadomosci\/wp-content\/uploads\/2021\/12\/dojazd-arena-gliwice.jpg 810w, https:\/\/www.24gliwice.pl\/wiadomosci\/wp-content\/uploads\/2021\/12\/dojazd-arena-gliwice-410x232.jpg 410w, https:\/\/www.24gliwice.pl\/wiadomosci\/wp-content\/uploads\/2021\/12\/dojazd-arena-gliwice-808x455.jpg 808w, https:\/\/www.24gliwice.pl\/wiadomosci\/wp-content\/uploads\/2021\/12\/dojazd-arena-gliwice-768x432.jpg 768w\" sizes=\"auto, (max-width: 810px) 100vw, 810px\" \/><\/a><\/p>\n<h4>Przypomnijmy, \u017ce w sobot\u0119 w hali Arena Gliwice odb\u0119d\u0105 si\u0119 walki w ramach gali KSW 65 (godzina 20:00) oraz koncert \u015bwi\u0105teczny z udzia\u0142em gwiazd polskiej sceny muzycznej (godzina 19:00).<\/h4>\n<p>&#8211; <em>Ze wzgl\u0119du na zapowied\u017a du\u017cej liczby uczestnik\u00f3w, kt\u00f3rzy przyjad\u0105 tak\u017ce spoza Gliwic, nale\u017cy liczy\u0107 si\u0119 z utrudnieniami w ruchu. Bezpo\u015brednio w rejonie hali, przed godzin\u0105 17:00 do oko\u0142o godziny 1:00 spodziewany jest wzmo\u017cony ruch ko\u0142owy z mo\u017cliwo\u015bci\u0105 tworzenia si\u0119 zator\u00f3w uniemo\u017cliwiaj\u0105cych swobodny przejazd<\/em> &#8211; uprzedza <strong>Jadwiga Jagie\u0142\u0142o-Stiborska<\/strong>, rzeczniczka Zarz\u0105du Dr\u00f3g Miejskich w Gliwicach. <\/p><div class=\"gliwi-a3-w-tresci-artykulow gliwi-entity-placement\" id=\"gliwi-2994762701\"><div class=\"gliwi-adlabel\"><span style=\"font-size: 9px\">REKLAMA<\/span><\/div><div id=\"gliwi-1265832784\" style=\"margin-bottom: 30px;margin-left: auto;margin-right: auto;text-align: center;\"><a data-no-instant=\"1\" href=\"https:\/\/zlobek.halogen.org.pl\/\" rel=\"noopener\" class=\"a2t-link\" target=\"_blank\" aria-label=\"animator-zlobek_750x200\"><img loading=\"lazy\" decoding=\"async\" src=\"https:\/\/www.24gliwice.pl\/wiadomosci\/wp-content\/uploads\/2026\/02\/animator-zlobek_750x200.webp\" alt=\"\"  srcset=\"https:\/\/www.24gliwice.pl\/wiadomosci\/wp-content\/uploads\/2026\/02\/animator-zlobek_750x200.webp 750w, https:\/\/www.24gliwice.pl\/wiadomosci\/wp-content\/uploads\/2026\/02\/animator-zlobek_750x200-410x109.webp 410w\" sizes=\"(max-width: 750px) 100vw, 750px\" class=\"no-lazyload\" width=\"750\" height=\"200\"  style=\"display: inline-block; max-width: 100%; height: auto;\" \/><\/a><\/div><\/div>\n<p>&#8211; <em>Zgodnie z informacjami przekazanymi przez operatora Hali Arena, na parkingach przed obiektem, dost\u0119pna b\u0119dzie jedynie ograniczona pula miejsc postojowych. Sugerujemy, aby skorzysta\u0107 z miejsc postojowych przy ulicach: \u0141u\u017cyckiej, Kaszubskiej, Krzywoustego. Do kierowc\u00f3w apelujemy o cierpliwo\u015b\u0107, szacunek na drodze i zaplanowanie dojazdu z wyprzedzeniem czasowym. Prosimy o czytanie komunikat\u00f3w umieszczonych na znakach zmiennej tre\u015bci oraz stosowanie si\u0119 do polece\u0144 wydawanych przez wolontariuszy i s\u0142u\u017cby<\/em> &#8211; przypomina Stiborska. <\/p>\n<h4>Do hali Arena komunikacj\u0105 miejsk\u0105<\/h4>\n<p>Przy okazji przypominamy, \u017ce do Areny Gliwice mo\u017cna dojecha\u0107 transportem miejskim. Na przystanku Gliwice Arena Widowiskowo-Sportowa zatrzymuj\u0105 si\u0119 dwie linie autobusowe: linia 702 i linia M1. Rozk\u0142ady jazdy mo\u017cna sprawdzi\u0107 <a href=\"https:\/\/rj.metropoliaztm.pl\/rozklady\/1-702\/\" rel=\"noopener\" target=\"_blank\">TUTAJ (702)<\/a> i <a href=\"https:\/\/rj.metropoliaztm.pl\/rozklady\/1-m1\/\" rel=\"noopener\" target=\"_blank\">TUTAJ (M1)<\/a>.<\/p>\n<p>(\u017cms)\/ZDM\/Arena Gliwice<\/p>\n<div class=\"gliwi-a5-na-koncu-artykulow gliwi-entity-placement\" id=\"gliwi-3438570227\"><div class=\"gliwi-adlabel\"><span style=\"font-size: 9px\">REKLAMA<\/span><\/div><div id=\"gliwi-2958184927\" style=\"margin-left: auto;margin-right: auto;text-align: center;\"><a data-no-instant=\"1\" href=\"https:\/\/prezeroarenagliwice.pl\/\" rel=\"noopener\" class=\"a2t-link\" target=\"_blank\" aria-label=\"20260309-PREZERO-WIOSNA-D\"><img loading=\"lazy\" decoding=\"async\" src=\"https:\/\/www.24gliwice.pl\/wiadomosci\/wp-content\/uploads\/2026\/03\/20260309-PREZERO-WIOSNA-D.webp\" alt=\"\"  srcset=\"https:\/\/www.24gliwice.pl\/wiadomosci\/wp-content\/uploads\/2026\/03\/20260309-PREZERO-WIOSNA-D.webp 750w, https:\/\/www.24gliwice.pl\/wiadomosci\/wp-content\/uploads\/2026\/03\/20260309-PREZERO-WIOSNA-D-410x109.webp 410w\" sizes=\"(max-width: 750px) 100vw, 750px\" class=\"no-lazyload\" width=\"750\" height=\"200\"  style=\"display: inline-block; max-width: 100%; height: auto;\" \/><\/a><\/div><\/div>","protected":false},"excerpt":{"rendered":"<p>Jad\u0105c samochodem w sobot\u0119, 18 grudnia, lepiej omija\u0107 rejony hali Arena Gliwice (ul. Akademicka 50). Spodziewane s\u0105 tam zatory drogowe, utrudnienia w p\u0142ynnym ruchu i ograniczony przejazd. Tego dnia odb\u0119d\u0105 si\u0119 tam 2 wydarzenia: kulturalne i sportowe. &nbsp; Organizatorzy imprez w obiekcie ju\u017c kilka dni temu uprzedzali, \u017ce wszystkie miejsca do parkowania zosta\u0142y wyprzedane. Zmotoryzowanym [&hellip;]<\/p>\n","protected":false},"author":15,"featured_media":126963,"comment_status":"open","ping_status":"closed","sticky":false,"template":"","format":"standard","meta":{"_monsterinsights_skip_tracking":false,"_monsterinsights_sitenote_active":false,"_monsterinsights_sitenote_note":"","_monsterinsights_sitenote_category":0,"footnotes":"","_links_to":"","_links_to_target":""},"categories":[3,1],"tags":[],"class_list":["post-182920","post","type-post","status-publish","format-standard","has-post-thumbnail","hentry","category-gliwice","category-wszystko"],"yoast_head":"<!-- This site is optimized with the Yoast SEO plugin v27.4 - https:\/\/yoast.com\/product\/yoast-seo-wordpress\/ -->\n<title>W sobot\u0119 spodziewane jest du\u017ce nat\u0119\u017cenie ruchu i zatory drogowe przy hali Arena. Dwie imprezy - 24GLIWICE - Portal Gliwice | codziennie nowe informacje<\/title>\n<meta name=\"robots\" content=\"index, follow, max-snippet:-1, max-image-preview:large, max-video-preview:-1\" \/>\n<link rel=\"canonical\" href=\"https:\/\/www.24gliwice.pl\/wiadomosci\/w-sobote-spodziewane-jest-duze-natezenie-ruchu-i-zatory-drogowe-przy-hali-arena-dwie-imprezy\/\" \/>\n<meta property=\"og:locale\" content=\"pl_PL\" \/>\n<meta property=\"og:type\" content=\"article\" \/>\n<meta property=\"og:title\" content=\"W sobot\u0119 spodziewane jest du\u017ce nat\u0119\u017cenie ruchu i zatory drogowe przy hali Arena. Dwie imprezy - 24GLIWICE - Portal Gliwice | codziennie nowe informacje\" \/>\n<meta property=\"og:description\" content=\"Jad\u0105c samochodem w sobot\u0119, 18 grudnia, lepiej omija\u0107 rejony hali Arena Gliwice (ul. Akademicka 50). Spodziewane s\u0105 tam zatory drogowe, utrudnienia w p\u0142ynnym ruchu i ograniczony przejazd. Tego dnia odb\u0119d\u0105 si\u0119 tam 2 wydarzenia: kulturalne i sportowe. &nbsp; Organizatorzy imprez w obiekcie ju\u017c kilka dni temu uprzedzali, \u017ce wszystkie miejsca do parkowania zosta\u0142y wyprzedane. Zmotoryzowanym [&hellip;]\" \/>\n<meta property=\"og:url\" content=\"https:\/\/www.24gliwice.pl\/wiadomosci\/w-sobote-spodziewane-jest-duze-natezenie-ruchu-i-zatory-drogowe-przy-hali-arena-dwie-imprezy\/\" \/>\n<meta property=\"og:site_name\" content=\"24GLIWICE - Portal Gliwice | codziennie nowe informacje\" \/>\n<meta property=\"article:publisher\" content=\"https:\/\/www.facebook.com\/24gliwice\" \/>\n<meta property=\"article:published_time\" content=\"2021-12-17T12:51:07+00:00\" \/>\n<meta property=\"og:image\" content=\"https:\/\/www.24gliwice.pl\/wiadomosci\/wp-content\/uploads\/2018\/12\/1-arena-gliwice-2.jpg\" \/>\n\t<meta property=\"og:image:width\" content=\"810\" \/>\n\t<meta property=\"og:image:height\" content=\"456\" \/>\n\t<meta property=\"og:image:type\" content=\"image\/jpeg\" \/>\n<meta name=\"author\" content=\"\u017baneta Mrozek-Siewierska\" \/>\n<meta name=\"twitter:card\" content=\"summary_large_image\" \/>\n<meta name=\"twitter:creator\" content=\"@24gliwice\" \/>\n<meta name=\"twitter:site\" content=\"@24gliwice\" \/>\n<meta name=\"twitter:label1\" content=\"Napisane przez\" \/>\n\t<meta name=\"twitter:data1\" content=\"\u017baneta Mrozek-Siewierska\" \/>\n\t<meta name=\"twitter:label2\" content=\"Szacowany czas czytania\" \/>\n\t<meta name=\"twitter:data2\" content=\"2 minuty\" \/>\n<script type=\"application\/ld+json\" class=\"yoast-schema-graph\">{\"@context\":\"https:\\\/\\\/schema.org\",\"@graph\":[{\"@type\":\"Article\",\"@id\":\"https:\\\/\\\/www.24gliwice.pl\\\/wiadomosci\\\/w-sobote-spodziewane-jest-duze-natezenie-ruchu-i-zatory-drogowe-przy-hali-arena-dwie-imprezy\\\/#article\",\"isPartOf\":{\"@id\":\"https:\\\/\\\/www.24gliwice.pl\\\/wiadomosci\\\/w-sobote-spodziewane-jest-duze-natezenie-ruchu-i-zatory-drogowe-przy-hali-arena-dwie-imprezy\\\/\"},\"author\":{\"name\":\"\u017baneta Mrozek-Siewierska\",\"@id\":\"https:\\\/\\\/www.24gliwice.pl\\\/wiadomosci\\\/#\\\/schema\\\/person\\\/e42c650edd7f2fa332be3811fb166b6e\"},\"headline\":\"W sobot\u0119 spodziewane jest du\u017ce nat\u0119\u017cenie ruchu i zatory drogowe przy hali Arena. Dwie imprezy\",\"datePublished\":\"2021-12-17T12:51:07+00:00\",\"mainEntityOfPage\":{\"@id\":\"https:\\\/\\\/www.24gliwice.pl\\\/wiadomosci\\\/w-sobote-spodziewane-jest-duze-natezenie-ruchu-i-zatory-drogowe-przy-hali-arena-dwie-imprezy\\\/\"},\"wordCount\":336,\"commentCount\":0,\"publisher\":{\"@id\":\"https:\\\/\\\/www.24gliwice.pl\\\/wiadomosci\\\/#organization\"},\"image\":{\"@id\":\"https:\\\/\\\/www.24gliwice.pl\\\/wiadomosci\\\/w-sobote-spodziewane-jest-duze-natezenie-ruchu-i-zatory-drogowe-przy-hali-arena-dwie-imprezy\\\/#primaryimage\"},\"thumbnailUrl\":\"https:\\\/\\\/www.24gliwice.pl\\\/wiadomosci\\\/wp-content\\\/uploads\\\/2018\\\/12\\\/1-arena-gliwice-2.jpg\",\"articleSection\":[\"Gliwice\",\"Najnowsze wiadomo\u015bci\"],\"inLanguage\":\"pl-PL\",\"potentialAction\":[{\"@type\":\"CommentAction\",\"name\":\"Comment\",\"target\":[\"https:\\\/\\\/www.24gliwice.pl\\\/wiadomosci\\\/w-sobote-spodziewane-jest-duze-natezenie-ruchu-i-zatory-drogowe-przy-hali-arena-dwie-imprezy\\\/#respond\"]}]},{\"@type\":\"WebPage\",\"@id\":\"https:\\\/\\\/www.24gliwice.pl\\\/wiadomosci\\\/w-sobote-spodziewane-jest-duze-natezenie-ruchu-i-zatory-drogowe-przy-hali-arena-dwie-imprezy\\\/\",\"url\":\"https:\\\/\\\/www.24gliwice.pl\\\/wiadomosci\\\/w-sobote-spodziewane-jest-duze-natezenie-ruchu-i-zatory-drogowe-przy-hali-arena-dwie-imprezy\\\/\",\"name\":\"W sobot\u0119 spodziewane jest du\u017ce nat\u0119\u017cenie ruchu i zatory drogowe przy hali Arena. Dwie imprezy - 24GLIWICE - Portal Gliwice | codziennie nowe informacje\",\"isPartOf\":{\"@id\":\"https:\\\/\\\/www.24gliwice.pl\\\/wiadomosci\\\/#website\"},\"primaryImageOfPage\":{\"@id\":\"https:\\\/\\\/www.24gliwice.pl\\\/wiadomosci\\\/w-sobote-spodziewane-jest-duze-natezenie-ruchu-i-zatory-drogowe-przy-hali-arena-dwie-imprezy\\\/#primaryimage\"},\"image\":{\"@id\":\"https:\\\/\\\/www.24gliwice.pl\\\/wiadomosci\\\/w-sobote-spodziewane-jest-duze-natezenie-ruchu-i-zatory-drogowe-przy-hali-arena-dwie-imprezy\\\/#primaryimage\"},\"thumbnailUrl\":\"https:\\\/\\\/www.24gliwice.pl\\\/wiadomosci\\\/wp-content\\\/uploads\\\/2018\\\/12\\\/1-arena-gliwice-2.jpg\",\"datePublished\":\"2021-12-17T12:51:07+00:00\",\"breadcrumb\":{\"@id\":\"https:\\\/\\\/www.24gliwice.pl\\\/wiadomosci\\\/w-sobote-spodziewane-jest-duze-natezenie-ruchu-i-zatory-drogowe-przy-hali-arena-dwie-imprezy\\\/#breadcrumb\"},\"inLanguage\":\"pl-PL\",\"potentialAction\":[{\"@type\":\"ReadAction\",\"target\":[\"https:\\\/\\\/www.24gliwice.pl\\\/wiadomosci\\\/w-sobote-spodziewane-jest-duze-natezenie-ruchu-i-zatory-drogowe-przy-hali-arena-dwie-imprezy\\\/\"]}]},{\"@type\":\"ImageObject\",\"inLanguage\":\"pl-PL\",\"@id\":\"https:\\\/\\\/www.24gliwice.pl\\\/wiadomosci\\\/w-sobote-spodziewane-jest-duze-natezenie-ruchu-i-zatory-drogowe-przy-hali-arena-dwie-imprezy\\\/#primaryimage\",\"url\":\"https:\\\/\\\/www.24gliwice.pl\\\/wiadomosci\\\/wp-content\\\/uploads\\\/2018\\\/12\\\/1-arena-gliwice-2.jpg\",\"contentUrl\":\"https:\\\/\\\/www.24gliwice.pl\\\/wiadomosci\\\/wp-content\\\/uploads\\\/2018\\\/12\\\/1-arena-gliwice-2.jpg\",\"width\":810,\"height\":456},{\"@type\":\"BreadcrumbList\",\"@id\":\"https:\\\/\\\/www.24gliwice.pl\\\/wiadomosci\\\/w-sobote-spodziewane-jest-duze-natezenie-ruchu-i-zatory-drogowe-przy-hali-arena-dwie-imprezy\\\/#breadcrumb\",\"itemListElement\":[{\"@type\":\"ListItem\",\"position\":1,\"name\":\"Strona g\u0142\u00f3wna\",\"item\":\"https:\\\/\\\/www.24gliwice.pl\\\/wiadomosci\\\/\"},{\"@type\":\"ListItem\",\"position\":2,\"name\":\"W sobot\u0119 spodziewane jest du\u017ce nat\u0119\u017cenie ruchu i zatory drogowe przy hali Arena. Dwie imprezy\"}]},{\"@type\":\"WebSite\",\"@id\":\"https:\\\/\\\/www.24gliwice.pl\\\/wiadomosci\\\/#website\",\"url\":\"https:\\\/\\\/www.24gliwice.pl\\\/wiadomosci\\\/\",\"name\":\"24GLIWICE - Portal Gliwice | codziennie nowe wiadomo\u015bci\",\"description\":\"Portal Miejski Gliwice\",\"publisher\":{\"@id\":\"https:\\\/\\\/www.24gliwice.pl\\\/wiadomosci\\\/#organization\"},\"potentialAction\":[{\"@type\":\"SearchAction\",\"target\":{\"@type\":\"EntryPoint\",\"urlTemplate\":\"https:\\\/\\\/www.24gliwice.pl\\\/wiadomosci\\\/?s={search_term_string}\"},\"query-input\":{\"@type\":\"PropertyValueSpecification\",\"valueRequired\":true,\"valueName\":\"search_term_string\"}}],\"inLanguage\":\"pl-PL\"},{\"@type\":\"Organization\",\"@id\":\"https:\\\/\\\/www.24gliwice.pl\\\/wiadomosci\\\/#organization\",\"name\":\"24gliwice\",\"url\":\"https:\\\/\\\/www.24gliwice.pl\\\/wiadomosci\\\/\",\"logo\":{\"@type\":\"ImageObject\",\"inLanguage\":\"pl-PL\",\"@id\":\"https:\\\/\\\/www.24gliwice.pl\\\/wiadomosci\\\/#\\\/schema\\\/logo\\\/image\\\/\",\"url\":\"https:\\\/\\\/www.24gliwice.pl\\\/wiadomosci\\\/wp-content\\\/uploads\\\/2024\\\/10\\\/24gliwice-logo-696.jpg\",\"contentUrl\":\"https:\\\/\\\/www.24gliwice.pl\\\/wiadomosci\\\/wp-content\\\/uploads\\\/2024\\\/10\\\/24gliwice-logo-696.jpg\",\"width\":696,\"height\":696,\"caption\":\"24gliwice\"},\"image\":{\"@id\":\"https:\\\/\\\/www.24gliwice.pl\\\/wiadomosci\\\/#\\\/schema\\\/logo\\\/image\\\/\"},\"sameAs\":[\"https:\\\/\\\/www.facebook.com\\\/24gliwice\",\"https:\\\/\\\/x.com\\\/24gliwice\",\"https:\\\/\\\/www.youtube.com\\\/@24gliwice\"]},{\"@type\":\"Person\",\"@id\":\"https:\\\/\\\/www.24gliwice.pl\\\/wiadomosci\\\/#\\\/schema\\\/person\\\/e42c650edd7f2fa332be3811fb166b6e\",\"name\":\"\u017baneta Mrozek-Siewierska\",\"image\":{\"@type\":\"ImageObject\",\"inLanguage\":\"pl-PL\",\"@id\":\"https:\\\/\\\/www.24gliwice.pl\\\/wiadomosci\\\/wp-content\\\/uploads\\\/2021\\\/11\\\/Zaneta-M_S-zdjecie-czb-96x96.jpg\",\"url\":\"https:\\\/\\\/www.24gliwice.pl\\\/wiadomosci\\\/wp-content\\\/uploads\\\/2021\\\/11\\\/Zaneta-M_S-zdjecie-czb-96x96.jpg\",\"contentUrl\":\"https:\\\/\\\/www.24gliwice.pl\\\/wiadomosci\\\/wp-content\\\/uploads\\\/2021\\\/11\\\/Zaneta-M_S-zdjecie-czb-96x96.jpg\",\"caption\":\"\u017baneta Mrozek-Siewierska\"},\"url\":\"https:\\\/\\\/www.24gliwice.pl\\\/wiadomosci\\\/author\\\/zms\\\/\"}]}<\/script>\n<!-- \/ Yoast SEO plugin. -->","yoast_head_json":{"title":"W sobot\u0119 spodziewane jest du\u017ce nat\u0119\u017cenie ruchu i zatory drogowe przy hali Arena. Dwie imprezy - 24GLIWICE - Portal Gliwice | codziennie nowe informacje","robots":{"index":"index","follow":"follow","max-snippet":"max-snippet:-1","max-image-preview":"max-image-preview:large","max-video-preview":"max-video-preview:-1"},"canonical":"https:\/\/www.24gliwice.pl\/wiadomosci\/w-sobote-spodziewane-jest-duze-natezenie-ruchu-i-zatory-drogowe-przy-hali-arena-dwie-imprezy\/","og_locale":"pl_PL","og_type":"article","og_title":"W sobot\u0119 spodziewane jest du\u017ce nat\u0119\u017cenie ruchu i zatory drogowe przy hali Arena. Dwie imprezy - 24GLIWICE - Portal Gliwice | codziennie nowe informacje","og_description":"Jad\u0105c samochodem w sobot\u0119, 18 grudnia, lepiej omija\u0107 rejony hali Arena Gliwice (ul. Akademicka 50). Spodziewane s\u0105 tam zatory drogowe, utrudnienia w p\u0142ynnym ruchu i ograniczony przejazd. Tego dnia odb\u0119d\u0105 si\u0119 tam 2 wydarzenia: kulturalne i sportowe. &nbsp; Organizatorzy imprez w obiekcie ju\u017c kilka dni temu uprzedzali, \u017ce wszystkie miejsca do parkowania zosta\u0142y wyprzedane. Zmotoryzowanym [&hellip;]","og_url":"https:\/\/www.24gliwice.pl\/wiadomosci\/w-sobote-spodziewane-jest-duze-natezenie-ruchu-i-zatory-drogowe-przy-hali-arena-dwie-imprezy\/","og_site_name":"24GLIWICE - Portal Gliwice | codziennie nowe informacje","article_publisher":"https:\/\/www.facebook.com\/24gliwice","article_published_time":"2021-12-17T12:51:07+00:00","og_image":[{"width":810,"height":456,"url":"https:\/\/www.24gliwice.pl\/wiadomosci\/wp-content\/uploads\/2018\/12\/1-arena-gliwice-2.jpg","type":"image\/jpeg"}],"author":"\u017baneta Mrozek-Siewierska","twitter_card":"summary_large_image","twitter_creator":"@24gliwice","twitter_site":"@24gliwice","twitter_misc":{"Napisane przez":"\u017baneta Mrozek-Siewierska","Szacowany czas czytania":"2 minuty"},"schema":{"@context":"https:\/\/schema.org","@graph":[{"@type":"Article","@id":"https:\/\/www.24gliwice.pl\/wiadomosci\/w-sobote-spodziewane-jest-duze-natezenie-ruchu-i-zatory-drogowe-przy-hali-arena-dwie-imprezy\/#article","isPartOf":{"@id":"https:\/\/www.24gliwice.pl\/wiadomosci\/w-sobote-spodziewane-jest-duze-natezenie-ruchu-i-zatory-drogowe-przy-hali-arena-dwie-imprezy\/"},"author":{"name":"\u017baneta Mrozek-Siewierska","@id":"https:\/\/www.24gliwice.pl\/wiadomosci\/#\/schema\/person\/e42c650edd7f2fa332be3811fb166b6e"},"headline":"W sobot\u0119 spodziewane jest du\u017ce nat\u0119\u017cenie ruchu i zatory drogowe przy hali Arena. Dwie imprezy","datePublished":"2021-12-17T12:51:07+00:00","mainEntityOfPage":{"@id":"https:\/\/www.24gliwice.pl\/wiadomosci\/w-sobote-spodziewane-jest-duze-natezenie-ruchu-i-zatory-drogowe-przy-hali-arena-dwie-imprezy\/"},"wordCount":336,"commentCount":0,"publisher":{"@id":"https:\/\/www.24gliwice.pl\/wiadomosci\/#organization"},"image":{"@id":"https:\/\/www.24gliwice.pl\/wiadomosci\/w-sobote-spodziewane-jest-duze-natezenie-ruchu-i-zatory-drogowe-przy-hali-arena-dwie-imprezy\/#primaryimage"},"thumbnailUrl":"https:\/\/www.24gliwice.pl\/wiadomosci\/wp-content\/uploads\/2018\/12\/1-arena-gliwice-2.jpg","articleSection":["Gliwice","Najnowsze wiadomo\u015bci"],"inLanguage":"pl-PL","potentialAction":[{"@type":"CommentAction","name":"Comment","target":["https:\/\/www.24gliwice.pl\/wiadomosci\/w-sobote-spodziewane-jest-duze-natezenie-ruchu-i-zatory-drogowe-przy-hali-arena-dwie-imprezy\/#respond"]}]},{"@type":"WebPage","@id":"https:\/\/www.24gliwice.pl\/wiadomosci\/w-sobote-spodziewane-jest-duze-natezenie-ruchu-i-zatory-drogowe-przy-hali-arena-dwie-imprezy\/","url":"https:\/\/www.24gliwice.pl\/wiadomosci\/w-sobote-spodziewane-jest-duze-natezenie-ruchu-i-zatory-drogowe-przy-hali-arena-dwie-imprezy\/","name":"W sobot\u0119 spodziewane jest du\u017ce nat\u0119\u017cenie ruchu i zatory drogowe przy hali Arena. Dwie imprezy - 24GLIWICE - Portal Gliwice | codziennie nowe informacje","isPartOf":{"@id":"https:\/\/www.24gliwice.pl\/wiadomosci\/#website"},"primaryImageOfPage":{"@id":"https:\/\/www.24gliwice.pl\/wiadomosci\/w-sobote-spodziewane-jest-duze-natezenie-ruchu-i-zatory-drogowe-przy-hali-arena-dwie-imprezy\/#primaryimage"},"image":{"@id":"https:\/\/www.24gliwice.pl\/wiadomosci\/w-sobote-spodziewane-jest-duze-natezenie-ruchu-i-zatory-drogowe-przy-hali-arena-dwie-imprezy\/#primaryimage"},"thumbnailUrl":"https:\/\/www.24gliwice.pl\/wiadomosci\/wp-content\/uploads\/2018\/12\/1-arena-gliwice-2.jpg","datePublished":"2021-12-17T12:51:07+00:00","breadcrumb":{"@id":"https:\/\/www.24gliwice.pl\/wiadomosci\/w-sobote-spodziewane-jest-duze-natezenie-ruchu-i-zatory-drogowe-przy-hali-arena-dwie-imprezy\/#breadcrumb"},"inLanguage":"pl-PL","potentialAction":[{"@type":"ReadAction","target":["https:\/\/www.24gliwice.pl\/wiadomosci\/w-sobote-spodziewane-jest-duze-natezenie-ruchu-i-zatory-drogowe-przy-hali-arena-dwie-imprezy\/"]}]},{"@type":"ImageObject","inLanguage":"pl-PL","@id":"https:\/\/www.24gliwice.pl\/wiadomosci\/w-sobote-spodziewane-jest-duze-natezenie-ruchu-i-zatory-drogowe-przy-hali-arena-dwie-imprezy\/#primaryimage","url":"https:\/\/www.24gliwice.pl\/wiadomosci\/wp-content\/uploads\/2018\/12\/1-arena-gliwice-2.jpg","contentUrl":"https:\/\/www.24gliwice.pl\/wiadomosci\/wp-content\/uploads\/2018\/12\/1-arena-gliwice-2.jpg","width":810,"height":456},{"@type":"BreadcrumbList","@id":"https:\/\/www.24gliwice.pl\/wiadomosci\/w-sobote-spodziewane-jest-duze-natezenie-ruchu-i-zatory-drogowe-przy-hali-arena-dwie-imprezy\/#breadcrumb","itemListElement":[{"@type":"ListItem","position":1,"name":"Strona g\u0142\u00f3wna","item":"https:\/\/www.24gliwice.pl\/wiadomosci\/"},{"@type":"ListItem","position":2,"name":"W sobot\u0119 spodziewane jest du\u017ce nat\u0119\u017cenie ruchu i zatory drogowe przy hali Arena. Dwie imprezy"}]},{"@type":"WebSite","@id":"https:\/\/www.24gliwice.pl\/wiadomosci\/#website","url":"https:\/\/www.24gliwice.pl\/wiadomosci\/","name":"24GLIWICE - Portal Gliwice | codziennie nowe wiadomo\u015bci","description":"Portal Miejski Gliwice","publisher":{"@id":"https:\/\/www.24gliwice.pl\/wiadomosci\/#organization"},"potentialAction":[{"@type":"SearchAction","target":{"@type":"EntryPoint","urlTemplate":"https:\/\/www.24gliwice.pl\/wiadomosci\/?s={search_term_string}"},"query-input":{"@type":"PropertyValueSpecification","valueRequired":true,"valueName":"search_term_string"}}],"inLanguage":"pl-PL"},{"@type":"Organization","@id":"https:\/\/www.24gliwice.pl\/wiadomosci\/#organization","name":"24gliwice","url":"https:\/\/www.24gliwice.pl\/wiadomosci\/","logo":{"@type":"ImageObject","inLanguage":"pl-PL","@id":"https:\/\/www.24gliwice.pl\/wiadomosci\/#\/schema\/logo\/image\/","url":"https:\/\/www.24gliwice.pl\/wiadomosci\/wp-content\/uploads\/2024\/10\/24gliwice-logo-696.jpg","contentUrl":"https:\/\/www.24gliwice.pl\/wiadomosci\/wp-content\/uploads\/2024\/10\/24gliwice-logo-696.jpg","width":696,"height":696,"caption":"24gliwice"},"image":{"@id":"https:\/\/www.24gliwice.pl\/wiadomosci\/#\/schema\/logo\/image\/"},"sameAs":["https:\/\/www.facebook.com\/24gliwice","https:\/\/x.com\/24gliwice","https:\/\/www.youtube.com\/@24gliwice"]},{"@type":"Person","@id":"https:\/\/www.24gliwice.pl\/wiadomosci\/#\/schema\/person\/e42c650edd7f2fa332be3811fb166b6e","name":"\u017baneta Mrozek-Siewierska","image":{"@type":"ImageObject","inLanguage":"pl-PL","@id":"https:\/\/www.24gliwice.pl\/wiadomosci\/wp-content\/uploads\/2021\/11\/Zaneta-M_S-zdjecie-czb-96x96.jpg","url":"https:\/\/www.24gliwice.pl\/wiadomosci\/wp-content\/uploads\/2021\/11\/Zaneta-M_S-zdjecie-czb-96x96.jpg","contentUrl":"https:\/\/www.24gliwice.pl\/wiadomosci\/wp-content\/uploads\/2021\/11\/Zaneta-M_S-zdjecie-czb-96x96.jpg","caption":"\u017baneta Mrozek-Siewierska"},"url":"https:\/\/www.24gliwice.pl\/wiadomosci\/author\/zms\/"}]}},"_links":{"self":[{"href":"https:\/\/www.24gliwice.pl\/wiadomosci\/wp-json\/wp\/v2\/posts\/182920","targetHints":{"allow":["GET"]}}],"collection":[{"href":"https:\/\/www.24gliwice.pl\/wiadomosci\/wp-json\/wp\/v2\/posts"}],"about":[{"href":"https:\/\/www.24gliwice.pl\/wiadomosci\/wp-json\/wp\/v2\/types\/post"}],"author":[{"embeddable":true,"href":"https:\/\/www.24gliwice.pl\/wiadomosci\/wp-json\/wp\/v2\/users\/15"}],"replies":[{"embeddable":true,"href":"https:\/\/www.24gliwice.pl\/wiadomosci\/wp-json\/wp\/v2\/comments?post=182920"}],"version-history":[{"count":9,"href":"https:\/\/www.24gliwice.pl\/wiadomosci\/wp-json\/wp\/v2\/posts\/182920\/revisions"}],"predecessor-version":[{"id":182979,"href":"https:\/\/www.24gliwice.pl\/wiadomosci\/wp-json\/wp\/v2\/posts\/182920\/revisions\/182979"}],"wp:featuredmedia":[{"embeddable":true,"href":"https:\/\/www.24gliwice.pl\/wiadomosci\/wp-json\/wp\/v2\/media\/126963"}],"wp:attachment":[{"href":"https:\/\/www.24gliwice.pl\/wiadomosci\/wp-json\/wp\/v2\/media?parent=182920"}],"wp:term":[{"taxonomy":"category","embeddable":true,"href":"https:\/\/www.24gliwice.pl\/wiadomosci\/wp-json\/wp\/v2\/categories?post=182920"},{"taxonomy":"post_tag","embeddable":true,"href":"https:\/\/www.24gliwice.pl\/wiadomosci\/wp-json\/wp\/v2\/tags?post=182920"}],"curies":[{"name":"wp","href":"https:\/\/api.w.org\/{rel}","templated":true}]}}