{"id":182966,"date":"2021-12-19T02:10:43","date_gmt":"2021-12-19T01:10:43","guid":{"rendered":"https:\/\/www.24gliwice.pl\/wiadomosci\/?p=182966"},"modified":"2021-12-19T02:10:43","modified_gmt":"2021-12-19T01:10:43","slug":"komunikacja-w-okresie-swiateczno-noworocznym-warto-sprawdzic-przed-wyjsciem-na-autobus","status":"publish","type":"post","link":"https:\/\/www.24gliwice.pl\/wiadomosci\/komunikacja-w-okresie-swiateczno-noworocznym-warto-sprawdzic-przed-wyjsciem-na-autobus\/","title":{"rendered":"Komunikacja w okresie \u015bwi\u0105teczno-noworocznym. Warto sprawdzi\u0107 przed wyj\u015bciem na autobus"},"content":{"rendered":"<div class=\"gliwi-a6-nad-leadem-artykulow gliwi-entity-placement\" id=\"gliwi-4095458156\"><div class=\"gliwi-adlabel\"><span style=\"font-size: 9px\">REKLAMA<\/span><\/div><div id=\"gliwi-1714548710\" style=\"margin-bottom: 30px;margin-left: auto;margin-right: auto;text-align: center;\"><a data-no-instant=\"1\" href=\"https:\/\/przedszkole.halogen.org.pl\/\" rel=\"noopener\" class=\"a2t-link\" target=\"_blank\" aria-label=\"20260402-ANIMATOR-przedszkole_grafika_750x200\"><img loading=\"lazy\" decoding=\"async\" src=\"https:\/\/www.24gliwice.pl\/wiadomosci\/wp-content\/uploads\/2026\/04\/20260402-ANIMATOR-przedszkole_grafika_750x200.webp\" alt=\"\"  srcset=\"https:\/\/www.24gliwice.pl\/wiadomosci\/wp-content\/uploads\/2026\/04\/20260402-ANIMATOR-przedszkole_grafika_750x200.webp 750w, https:\/\/www.24gliwice.pl\/wiadomosci\/wp-content\/uploads\/2026\/04\/20260402-ANIMATOR-przedszkole_grafika_750x200-410x109.webp 410w\" sizes=\"(max-width: 750px) 100vw, 750px\" class=\"no-lazyload\" width=\"750\" height=\"200\"  style=\"display: inline-block; max-width: 100%; height: auto;\" \/><\/a><\/div><\/div><h2>W okresie \u015bwi\u0105t oraz Bo\u017cego Narodzenia i Nowego Roku zmieni si\u0119 rozk\u0142ad jazdy komunikacji organizowanej przez Zarz\u0105d Transportu Metropolitalnego. Warto zapozna\u0107 si\u0119 ze zmianami.<\/h2>\n<p>&nbsp;<br \/>\nW czasie zimowej przerwy \u015bwi\u0105tecznej w szko\u0142ach (od 23 do 31 grudnia), nauki zdalnej w szko\u0142ach (20-22 grudnia i 3-5 stycznia), \u015bwi\u0105t Bo\u017cego Narodzenia (od 25 do 26 grudnia), Nowego Roku (1 stycznia 2022 r.) oraz \u015awi\u0119ta Trzech Kr\u00f3li (6 stycznia 2022 r.) komunikacja organizowana przez ZTM b\u0119dzie funkcjonowa\u0142a wed\u0142ug zmienionych zasad.<\/p>\n<li><strong>20-23 grudnia 2021 r. (poniedzia\u0142ek-czwartek)<\/strong><\/li>\n<p>Na liniach b\u0119d\u0105 obowi\u0105zywa\u0142y rozk\u0142ady jazdy wa\u017cne w dni robocze (nieszkolne \/ niewakacyjne).<\/p><div class=\"gliwi-a3-w-tresci-artykulow gliwi-entity-placement\" id=\"gliwi-2787738301\"><div class=\"gliwi-adlabel\"><span style=\"font-size: 9px\">REKLAMA<\/span><\/div><div id=\"gliwi-3645787335\" style=\"margin-bottom: 30px;margin-left: auto;margin-right: auto;text-align: center;\"><a data-no-instant=\"1\" href=\"https:\/\/zlobek.halogen.org.pl\/\" rel=\"noopener\" class=\"a2t-link\" target=\"_blank\" aria-label=\"animator-zlobek_750x200\"><img loading=\"lazy\" decoding=\"async\" src=\"https:\/\/www.24gliwice.pl\/wiadomosci\/wp-content\/uploads\/2026\/02\/animator-zlobek_750x200.webp\" alt=\"\"  srcset=\"https:\/\/www.24gliwice.pl\/wiadomosci\/wp-content\/uploads\/2026\/02\/animator-zlobek_750x200.webp 750w, https:\/\/www.24gliwice.pl\/wiadomosci\/wp-content\/uploads\/2026\/02\/animator-zlobek_750x200-410x109.webp 410w\" sizes=\"(max-width: 750px) 100vw, 750px\" class=\"no-lazyload\" width=\"750\" height=\"200\"  style=\"display: inline-block; max-width: 100%; height: auto;\" \/><\/a><\/div><\/div>\n<li><strong>24 grudnia 2021 r. (pi\u0105tek &#8211; Wigilia Bo\u017cego Narodzenia)<\/strong><\/li>\n<p>Na liniach ZTM obowi\u0105zywa\u0142y b\u0119d\u0105 rozk\u0142ady jazdy wa\u017cne w soboty, z uwzgl\u0119dnieniem wcze\u015bniejszych zjazd\u00f3w na liniach autobusowych  w godzinach od 16.00 do 18.00 (zgodnie z za\u0142o\u017ceniami rozk\u0142ad\u00f3w jazdy poszczeg\u00f3lnych linii) oraz z uwzgl\u0119dnieniem nast\u0119puj\u0105cych wyj\u0105tk\u00f3w:<br \/>\n\u2013 na liniach nr: 232 i 250 obowi\u0105zywa\u0142y b\u0119d\u0105 rozk\u0142ady jazdy wa\u017cne<br \/>\nw soboty, z wcze\u015bniejszymi zjazdami w godzinach od 13.00 do 14.00;<br \/>\n\u2013 na linii nr 288 obowi\u0105zywa\u0142y b\u0119d\u0105 rozk\u0142ady jazdy wa\u017cne w dni robocze z wcze\u015bniejszymi zjazdami w godzinach od 16.00 do 18.00.<\/p>\n<p>W nocy z 24 na 25 grudnia dla linii nocnych, kt\u00f3re rozpoczynaj\u0105 kursowanie przed godz. 24.00 obowi\u0105zywa\u0142y b\u0119d\u0105 rozk\u0142ady jazdy wa\u017cne soboty, natomiast dla linii rozpoczynaj\u0105cych kursowanie po godz. 24.00 rozk\u0142ady jazdy wa\u017cne w \u015bwi\u0119ta szczeg\u00f3lne lub w Bo\u017ce Narodzenie (pierwsze \u015bwi\u0119to) &#8211; dotyczy linii nr: 60N, 194N, 692N i 840N.<\/p>\n<li><strong>25 grudnia i 26 grudnia<\/strong><\/li>\n<p>B\u0119d\u0105 obowi\u0105zywa\u0142y rozk\u0142ady jazdy wa\u017cne w niedziele i \u015bwi\u0119ta (niewakacyjne), z uwzgl\u0119dnieniem nast\u0119puj\u0105cych wyj\u0105tk\u00f3w:<br \/>\n\u2013 zawieszone zostanie funkcjonowanie linii nr: 71, 232, 250, 676;<br \/>\n\u2013 wed\u0142ug rozk\u0142ad\u00f3w jazdy wa\u017cnych w \u015bwi\u0119ta szczeg\u00f3lne b\u0119d\u0105 kursowa\u0142y linie nr: 6, 8, 32, 41, 58, 59, 156, 186, 194, 259, 617, 677, 692, 699, 840;<br \/>\n\u2013 wed\u0142ug rozk\u0142ad\u00f3w jazdy wa\u017cnych w niedziele niehandlowe i \u015bwi\u0119ta (poza wakacjami) b\u0119d\u0105 kursowa\u0142y linie nr: 850;<\/p>\n<li><strong>27-30 grudnia<\/strong><\/li>\n<p>B\u0119d\u0105 obowi\u0105zywa\u0142y rozk\u0142ady jazdy wa\u017cne w dni robocze (nieszkolne i niewakacyjne).<\/p>\n<li><strong>31 grudnia<\/strong><\/li>\n<p>B\u0119d\u0105 obowi\u0105zywa\u0142y rozk\u0142ady jazdy wa\u017cne w soboty, z wcze\u015bniejszymi zjazdami na liniach w godzinach od 18.00 do 20.00 (zgodnie z za\u0142o\u017ceniami rozk\u0142ad\u00f3w jazdy poszczeg\u00f3lnych linii) oraz z uwzgl\u0119dnieniem nast\u0119puj\u0105cych wyj\u0105tk\u00f3w:<br \/>\n\u2013 na liniach nr: 232 i 250 b\u0119d\u0105 obowi\u0105zywa\u0142y rozk\u0142ady jazdy wa\u017cne<br \/>\nw soboty, z wcze\u015bniejszymi zjazdami w godzinach od 18.00 do 20.00;<br \/>\n\u2013 na linii nr 288 obowi\u0105zywa\u0142y b\u0119d\u0105 rozk\u0142ady jazdy wa\u017cne w dni robocze, z wcze\u015bniejszymi zjazdami w godzinach od 18.00 do 20.00.<\/p>\n<p>W nocy z 31 grudnia na 1 stycznia dla autobus\u00f3w linii nocnych rozpoczynaj\u0105cych kursowanie przed godz. 24.00 b\u0119d\u0105 obowi\u0105zywa\u0142y rozk\u0142ady jazdy wa\u017cne w Sylwestra, natomiast dla linii rozpoczynaj\u0105cych kursowanie po godz. 24.00 rozk\u0142ady wa\u017cne w \u015bwi\u0119ta szczeg\u00f3lne lub w Nowy Rok. Dotyczy to linii nr: 60N, 194N, 692N i 840N.<\/p>\n<li><strong>1 stycznia 2022 r.<\/strong><\/li>\n<p>B\u0119d\u0105 obowi\u0105zywa\u0142y rozk\u0142ady jazdy wa\u017cne w niedziele i \u015bwi\u0119ta (niewakacyjne), z uwzgl\u0119dnieniem nast\u0119puj\u0105cych wyj\u0105tk\u00f3w:<br \/>\n\u2013 zawieszone b\u0119dzie funkcjonowanie linii nr: 71, 232, 250, 676;<br \/>\n\u2013 wed\u0142ug rozk\u0142ad\u00f3w jazdy wa\u017cnych w \u015bwi\u0119ta szczeg\u00f3lne b\u0119d\u0105 kursowa\u0142y linie nr: 6, 8, 32, 41, 58, 59, 156, 186, 194, 259, 617, 677, 692, 699, 840;<br \/>\n\u2013 wed\u0142ug rozk\u0142ad\u00f3w jazdy wa\u017cnych w niedziele niehandlowe i \u015bwi\u0119ta (poza wakacjami) b\u0119d\u0105 kursowa\u0142y linie nr: 850;<\/p>\n<li><strong>3-5 stycznia 2022 r.<\/strong><\/li>\n<p>Obowi\u0105zywa\u0142y b\u0119d\u0105 rozk\u0142ady jazdy wa\u017cne w dni robocze (nieszkolne \/ niewakacyjne).<\/p>\n<li><strong>6 stycznia 2022 r.<\/strong><\/li>\n<p>Obowi\u0105zywa\u0142y b\u0119d\u0105 rozk\u0142ady jazdy wa\u017cne w niedziele i \u015bwi\u0119ta (niewakacyjne), z uwzgl\u0119dnieniem nast\u0119puj\u0105cych wyj\u0105tk\u00f3w:<br \/>\n\u2013 zawieszone b\u0119dzie funkcjonowanie linii nr: 232 i 250;<br \/>\n\u2013 wed\u0142ug rozk\u0142ad\u00f3w jazdy wa\u017cnych w niedziele niehandlowe i \u015bwi\u0119ta (poza wakacjami) b\u0119d\u0105 kursowa\u0142y linie nr: 850.<\/p>\n<li><strong>7 stycznia 2022 r.<\/strong><\/li>\n<p>Obowi\u0105zywa\u0142y b\u0119d\u0105 rozk\u0142ady jazdy wa\u017cne w dni robocze (nieszkolne \/ niewakacyjne).<\/p>\n<p>Wi\u0119cej informacji na ten temat w poniedzia\u0142ek, 20 grudnia, b\u0119dzie mo\u017cna znale\u017a\u0107 na stronie internetowej Zarz\u0105du Transportu Metropolitalnego. <\/p>\n<p>(\u017cms)\/UM Gliwice(mf)<\/p>\n<div class=\"gliwi-a5-na-koncu-artykulow gliwi-entity-placement\" id=\"gliwi-557710360\"><div class=\"gliwi-adlabel\"><span style=\"font-size: 9px\">REKLAMA<\/span><\/div><div id=\"gliwi-1294613516\" style=\"margin-left: auto;margin-right: auto;text-align: center;\"><a data-no-instant=\"1\" href=\"https:\/\/prezeroarenagliwice.pl\/\" rel=\"noopener\" class=\"a2t-link\" target=\"_blank\" aria-label=\"20260309-PREZERO-WIOSNA-D\"><img loading=\"lazy\" decoding=\"async\" src=\"https:\/\/www.24gliwice.pl\/wiadomosci\/wp-content\/uploads\/2026\/03\/20260309-PREZERO-WIOSNA-D.webp\" alt=\"\"  srcset=\"https:\/\/www.24gliwice.pl\/wiadomosci\/wp-content\/uploads\/2026\/03\/20260309-PREZERO-WIOSNA-D.webp 750w, https:\/\/www.24gliwice.pl\/wiadomosci\/wp-content\/uploads\/2026\/03\/20260309-PREZERO-WIOSNA-D-410x109.webp 410w\" sizes=\"(max-width: 750px) 100vw, 750px\" class=\"no-lazyload\" width=\"750\" height=\"200\"  style=\"display: inline-block; max-width: 100%; height: auto;\" \/><\/a><\/div><\/div>","protected":false},"excerpt":{"rendered":"<p>W okresie \u015bwi\u0105t oraz Bo\u017cego Narodzenia i Nowego Roku zmieni si\u0119 rozk\u0142ad jazdy komunikacji organizowanej przez Zarz\u0105d Transportu Metropolitalnego. Warto zapozna\u0107 si\u0119 ze zmianami. &nbsp; W czasie zimowej przerwy \u015bwi\u0105tecznej w szko\u0142ach (od 23 do 31 grudnia), nauki zdalnej w szko\u0142ach (20-22 grudnia i 3-5 stycznia), \u015bwi\u0105t Bo\u017cego Narodzenia (od 25 do 26 grudnia), Nowego [&hellip;]<\/p>\n","protected":false},"author":15,"featured_media":93748,"comment_status":"open","ping_status":"closed","sticky":false,"template":"","format":"standard","meta":{"_monsterinsights_skip_tracking":false,"_monsterinsights_sitenote_active":false,"_monsterinsights_sitenote_note":"","_monsterinsights_sitenote_category":0,"footnotes":"","_links_to":"","_links_to_target":""},"categories":[3,6,1],"tags":[],"class_list":["post-182966","post","type-post","status-publish","format-standard","has-post-thumbnail","hentry","category-gliwice","category-kultura","category-wszystko"],"yoast_head":"<!-- This site is optimized with the Yoast SEO plugin v27.4 - https:\/\/yoast.com\/product\/yoast-seo-wordpress\/ -->\n<title>Komunikacja w okresie \u015bwi\u0105teczno-noworocznym. Warto sprawdzi\u0107 przed wyj\u015bciem na autobus - 24GLIWICE - Portal Gliwice | codziennie nowe informacje<\/title>\n<meta name=\"robots\" content=\"index, follow, max-snippet:-1, max-image-preview:large, max-video-preview:-1\" \/>\n<link rel=\"canonical\" href=\"https:\/\/www.24gliwice.pl\/wiadomosci\/komunikacja-w-okresie-swiateczno-noworocznym-warto-sprawdzic-przed-wyjsciem-na-autobus\/\" \/>\n<meta property=\"og:locale\" content=\"pl_PL\" \/>\n<meta property=\"og:type\" content=\"article\" \/>\n<meta property=\"og:title\" content=\"Komunikacja w okresie \u015bwi\u0105teczno-noworocznym. Warto sprawdzi\u0107 przed wyj\u015bciem na autobus - 24GLIWICE - Portal Gliwice | codziennie nowe informacje\" \/>\n<meta property=\"og:description\" content=\"W okresie \u015bwi\u0105t oraz Bo\u017cego Narodzenia i Nowego Roku zmieni si\u0119 rozk\u0142ad jazdy komunikacji organizowanej przez Zarz\u0105d Transportu Metropolitalnego. Warto zapozna\u0107 si\u0119 ze zmianami. &nbsp; W czasie zimowej przerwy \u015bwi\u0105tecznej w szko\u0142ach (od 23 do 31 grudnia), nauki zdalnej w szko\u0142ach (20-22 grudnia i 3-5 stycznia), \u015bwi\u0105t Bo\u017cego Narodzenia (od 25 do 26 grudnia), Nowego [&hellip;]\" \/>\n<meta property=\"og:url\" content=\"https:\/\/www.24gliwice.pl\/wiadomosci\/komunikacja-w-okresie-swiateczno-noworocznym-warto-sprawdzic-przed-wyjsciem-na-autobus\/\" \/>\n<meta property=\"og:site_name\" content=\"24GLIWICE - Portal Gliwice | codziennie nowe informacje\" \/>\n<meta property=\"article:publisher\" content=\"https:\/\/www.facebook.com\/24gliwice\" \/>\n<meta property=\"article:published_time\" content=\"2021-12-19T01:10:43+00:00\" \/>\n<meta property=\"og:image\" content=\"https:\/\/www.24gliwice.pl\/wiadomosci\/wp-content\/uploads\/2017\/02\/1-autobus2.jpg\" \/>\n\t<meta property=\"og:image:width\" content=\"810\" \/>\n\t<meta property=\"og:image:height\" content=\"456\" \/>\n\t<meta property=\"og:image:type\" content=\"image\/jpeg\" \/>\n<meta name=\"author\" content=\"\u017baneta Mrozek-Siewierska\" \/>\n<meta name=\"twitter:card\" content=\"summary_large_image\" \/>\n<meta name=\"twitter:creator\" content=\"@24gliwice\" \/>\n<meta name=\"twitter:site\" content=\"@24gliwice\" \/>\n<meta name=\"twitter:label1\" content=\"Napisane przez\" \/>\n\t<meta name=\"twitter:data1\" content=\"\u017baneta Mrozek-Siewierska\" \/>\n\t<meta name=\"twitter:label2\" content=\"Szacowany czas czytania\" \/>\n\t<meta name=\"twitter:data2\" content=\"4 minuty\" \/>\n<script type=\"application\/ld+json\" class=\"yoast-schema-graph\">{\"@context\":\"https:\\\/\\\/schema.org\",\"@graph\":[{\"@type\":\"Article\",\"@id\":\"https:\\\/\\\/www.24gliwice.pl\\\/wiadomosci\\\/komunikacja-w-okresie-swiateczno-noworocznym-warto-sprawdzic-przed-wyjsciem-na-autobus\\\/#article\",\"isPartOf\":{\"@id\":\"https:\\\/\\\/www.24gliwice.pl\\\/wiadomosci\\\/komunikacja-w-okresie-swiateczno-noworocznym-warto-sprawdzic-przed-wyjsciem-na-autobus\\\/\"},\"author\":{\"name\":\"\u017baneta Mrozek-Siewierska\",\"@id\":\"https:\\\/\\\/www.24gliwice.pl\\\/wiadomosci\\\/#\\\/schema\\\/person\\\/e42c650edd7f2fa332be3811fb166b6e\"},\"headline\":\"Komunikacja w okresie \u015bwi\u0105teczno-noworocznym. Warto sprawdzi\u0107 przed wyj\u015bciem na autobus\",\"datePublished\":\"2021-12-19T01:10:43+00:00\",\"mainEntityOfPage\":{\"@id\":\"https:\\\/\\\/www.24gliwice.pl\\\/wiadomosci\\\/komunikacja-w-okresie-swiateczno-noworocznym-warto-sprawdzic-przed-wyjsciem-na-autobus\\\/\"},\"wordCount\":719,\"commentCount\":0,\"publisher\":{\"@id\":\"https:\\\/\\\/www.24gliwice.pl\\\/wiadomosci\\\/#organization\"},\"image\":{\"@id\":\"https:\\\/\\\/www.24gliwice.pl\\\/wiadomosci\\\/komunikacja-w-okresie-swiateczno-noworocznym-warto-sprawdzic-przed-wyjsciem-na-autobus\\\/#primaryimage\"},\"thumbnailUrl\":\"https:\\\/\\\/www.24gliwice.pl\\\/wiadomosci\\\/wp-content\\\/uploads\\\/2017\\\/02\\\/1-autobus2.jpg\",\"articleSection\":[\"Gliwice\",\"Kultura, wydarzenia, imprezy\",\"Najnowsze wiadomo\u015bci\"],\"inLanguage\":\"pl-PL\",\"potentialAction\":[{\"@type\":\"CommentAction\",\"name\":\"Comment\",\"target\":[\"https:\\\/\\\/www.24gliwice.pl\\\/wiadomosci\\\/komunikacja-w-okresie-swiateczno-noworocznym-warto-sprawdzic-przed-wyjsciem-na-autobus\\\/#respond\"]}]},{\"@type\":\"WebPage\",\"@id\":\"https:\\\/\\\/www.24gliwice.pl\\\/wiadomosci\\\/komunikacja-w-okresie-swiateczno-noworocznym-warto-sprawdzic-przed-wyjsciem-na-autobus\\\/\",\"url\":\"https:\\\/\\\/www.24gliwice.pl\\\/wiadomosci\\\/komunikacja-w-okresie-swiateczno-noworocznym-warto-sprawdzic-przed-wyjsciem-na-autobus\\\/\",\"name\":\"Komunikacja w okresie \u015bwi\u0105teczno-noworocznym. Warto sprawdzi\u0107 przed wyj\u015bciem na autobus - 24GLIWICE - Portal Gliwice | codziennie nowe informacje\",\"isPartOf\":{\"@id\":\"https:\\\/\\\/www.24gliwice.pl\\\/wiadomosci\\\/#website\"},\"primaryImageOfPage\":{\"@id\":\"https:\\\/\\\/www.24gliwice.pl\\\/wiadomosci\\\/komunikacja-w-okresie-swiateczno-noworocznym-warto-sprawdzic-przed-wyjsciem-na-autobus\\\/#primaryimage\"},\"image\":{\"@id\":\"https:\\\/\\\/www.24gliwice.pl\\\/wiadomosci\\\/komunikacja-w-okresie-swiateczno-noworocznym-warto-sprawdzic-przed-wyjsciem-na-autobus\\\/#primaryimage\"},\"thumbnailUrl\":\"https:\\\/\\\/www.24gliwice.pl\\\/wiadomosci\\\/wp-content\\\/uploads\\\/2017\\\/02\\\/1-autobus2.jpg\",\"datePublished\":\"2021-12-19T01:10:43+00:00\",\"breadcrumb\":{\"@id\":\"https:\\\/\\\/www.24gliwice.pl\\\/wiadomosci\\\/komunikacja-w-okresie-swiateczno-noworocznym-warto-sprawdzic-przed-wyjsciem-na-autobus\\\/#breadcrumb\"},\"inLanguage\":\"pl-PL\",\"potentialAction\":[{\"@type\":\"ReadAction\",\"target\":[\"https:\\\/\\\/www.24gliwice.pl\\\/wiadomosci\\\/komunikacja-w-okresie-swiateczno-noworocznym-warto-sprawdzic-przed-wyjsciem-na-autobus\\\/\"]}]},{\"@type\":\"ImageObject\",\"inLanguage\":\"pl-PL\",\"@id\":\"https:\\\/\\\/www.24gliwice.pl\\\/wiadomosci\\\/komunikacja-w-okresie-swiateczno-noworocznym-warto-sprawdzic-przed-wyjsciem-na-autobus\\\/#primaryimage\",\"url\":\"https:\\\/\\\/www.24gliwice.pl\\\/wiadomosci\\\/wp-content\\\/uploads\\\/2017\\\/02\\\/1-autobus2.jpg\",\"contentUrl\":\"https:\\\/\\\/www.24gliwice.pl\\\/wiadomosci\\\/wp-content\\\/uploads\\\/2017\\\/02\\\/1-autobus2.jpg\",\"width\":810,\"height\":456},{\"@type\":\"BreadcrumbList\",\"@id\":\"https:\\\/\\\/www.24gliwice.pl\\\/wiadomosci\\\/komunikacja-w-okresie-swiateczno-noworocznym-warto-sprawdzic-przed-wyjsciem-na-autobus\\\/#breadcrumb\",\"itemListElement\":[{\"@type\":\"ListItem\",\"position\":1,\"name\":\"Strona g\u0142\u00f3wna\",\"item\":\"https:\\\/\\\/www.24gliwice.pl\\\/wiadomosci\\\/\"},{\"@type\":\"ListItem\",\"position\":2,\"name\":\"Komunikacja w okresie \u015bwi\u0105teczno-noworocznym. Warto sprawdzi\u0107 przed wyj\u015bciem na autobus\"}]},{\"@type\":\"WebSite\",\"@id\":\"https:\\\/\\\/www.24gliwice.pl\\\/wiadomosci\\\/#website\",\"url\":\"https:\\\/\\\/www.24gliwice.pl\\\/wiadomosci\\\/\",\"name\":\"24GLIWICE - Portal Gliwice | codziennie nowe wiadomo\u015bci\",\"description\":\"Portal Miejski Gliwice\",\"publisher\":{\"@id\":\"https:\\\/\\\/www.24gliwice.pl\\\/wiadomosci\\\/#organization\"},\"potentialAction\":[{\"@type\":\"SearchAction\",\"target\":{\"@type\":\"EntryPoint\",\"urlTemplate\":\"https:\\\/\\\/www.24gliwice.pl\\\/wiadomosci\\\/?s={search_term_string}\"},\"query-input\":{\"@type\":\"PropertyValueSpecification\",\"valueRequired\":true,\"valueName\":\"search_term_string\"}}],\"inLanguage\":\"pl-PL\"},{\"@type\":\"Organization\",\"@id\":\"https:\\\/\\\/www.24gliwice.pl\\\/wiadomosci\\\/#organization\",\"name\":\"24gliwice\",\"url\":\"https:\\\/\\\/www.24gliwice.pl\\\/wiadomosci\\\/\",\"logo\":{\"@type\":\"ImageObject\",\"inLanguage\":\"pl-PL\",\"@id\":\"https:\\\/\\\/www.24gliwice.pl\\\/wiadomosci\\\/#\\\/schema\\\/logo\\\/image\\\/\",\"url\":\"https:\\\/\\\/www.24gliwice.pl\\\/wiadomosci\\\/wp-content\\\/uploads\\\/2024\\\/10\\\/24gliwice-logo-696.jpg\",\"contentUrl\":\"https:\\\/\\\/www.24gliwice.pl\\\/wiadomosci\\\/wp-content\\\/uploads\\\/2024\\\/10\\\/24gliwice-logo-696.jpg\",\"width\":696,\"height\":696,\"caption\":\"24gliwice\"},\"image\":{\"@id\":\"https:\\\/\\\/www.24gliwice.pl\\\/wiadomosci\\\/#\\\/schema\\\/logo\\\/image\\\/\"},\"sameAs\":[\"https:\\\/\\\/www.facebook.com\\\/24gliwice\",\"https:\\\/\\\/x.com\\\/24gliwice\",\"https:\\\/\\\/www.youtube.com\\\/@24gliwice\"]},{\"@type\":\"Person\",\"@id\":\"https:\\\/\\\/www.24gliwice.pl\\\/wiadomosci\\\/#\\\/schema\\\/person\\\/e42c650edd7f2fa332be3811fb166b6e\",\"name\":\"\u017baneta Mrozek-Siewierska\",\"image\":{\"@type\":\"ImageObject\",\"inLanguage\":\"pl-PL\",\"@id\":\"https:\\\/\\\/www.24gliwice.pl\\\/wiadomosci\\\/wp-content\\\/uploads\\\/2021\\\/11\\\/Zaneta-M_S-zdjecie-czb-96x96.jpg\",\"url\":\"https:\\\/\\\/www.24gliwice.pl\\\/wiadomosci\\\/wp-content\\\/uploads\\\/2021\\\/11\\\/Zaneta-M_S-zdjecie-czb-96x96.jpg\",\"contentUrl\":\"https:\\\/\\\/www.24gliwice.pl\\\/wiadomosci\\\/wp-content\\\/uploads\\\/2021\\\/11\\\/Zaneta-M_S-zdjecie-czb-96x96.jpg\",\"caption\":\"\u017baneta Mrozek-Siewierska\"},\"url\":\"https:\\\/\\\/www.24gliwice.pl\\\/wiadomosci\\\/author\\\/zms\\\/\"}]}<\/script>\n<!-- \/ Yoast SEO plugin. -->","yoast_head_json":{"title":"Komunikacja w okresie \u015bwi\u0105teczno-noworocznym. Warto sprawdzi\u0107 przed wyj\u015bciem na autobus - 24GLIWICE - Portal Gliwice | codziennie nowe informacje","robots":{"index":"index","follow":"follow","max-snippet":"max-snippet:-1","max-image-preview":"max-image-preview:large","max-video-preview":"max-video-preview:-1"},"canonical":"https:\/\/www.24gliwice.pl\/wiadomosci\/komunikacja-w-okresie-swiateczno-noworocznym-warto-sprawdzic-przed-wyjsciem-na-autobus\/","og_locale":"pl_PL","og_type":"article","og_title":"Komunikacja w okresie \u015bwi\u0105teczno-noworocznym. Warto sprawdzi\u0107 przed wyj\u015bciem na autobus - 24GLIWICE - Portal Gliwice | codziennie nowe informacje","og_description":"W okresie \u015bwi\u0105t oraz Bo\u017cego Narodzenia i Nowego Roku zmieni si\u0119 rozk\u0142ad jazdy komunikacji organizowanej przez Zarz\u0105d Transportu Metropolitalnego. Warto zapozna\u0107 si\u0119 ze zmianami. &nbsp; W czasie zimowej przerwy \u015bwi\u0105tecznej w szko\u0142ach (od 23 do 31 grudnia), nauki zdalnej w szko\u0142ach (20-22 grudnia i 3-5 stycznia), \u015bwi\u0105t Bo\u017cego Narodzenia (od 25 do 26 grudnia), Nowego [&hellip;]","og_url":"https:\/\/www.24gliwice.pl\/wiadomosci\/komunikacja-w-okresie-swiateczno-noworocznym-warto-sprawdzic-przed-wyjsciem-na-autobus\/","og_site_name":"24GLIWICE - Portal Gliwice | codziennie nowe informacje","article_publisher":"https:\/\/www.facebook.com\/24gliwice","article_published_time":"2021-12-19T01:10:43+00:00","og_image":[{"width":810,"height":456,"url":"https:\/\/www.24gliwice.pl\/wiadomosci\/wp-content\/uploads\/2017\/02\/1-autobus2.jpg","type":"image\/jpeg"}],"author":"\u017baneta Mrozek-Siewierska","twitter_card":"summary_large_image","twitter_creator":"@24gliwice","twitter_site":"@24gliwice","twitter_misc":{"Napisane przez":"\u017baneta Mrozek-Siewierska","Szacowany czas czytania":"4 minuty"},"schema":{"@context":"https:\/\/schema.org","@graph":[{"@type":"Article","@id":"https:\/\/www.24gliwice.pl\/wiadomosci\/komunikacja-w-okresie-swiateczno-noworocznym-warto-sprawdzic-przed-wyjsciem-na-autobus\/#article","isPartOf":{"@id":"https:\/\/www.24gliwice.pl\/wiadomosci\/komunikacja-w-okresie-swiateczno-noworocznym-warto-sprawdzic-przed-wyjsciem-na-autobus\/"},"author":{"name":"\u017baneta Mrozek-Siewierska","@id":"https:\/\/www.24gliwice.pl\/wiadomosci\/#\/schema\/person\/e42c650edd7f2fa332be3811fb166b6e"},"headline":"Komunikacja w okresie \u015bwi\u0105teczno-noworocznym. Warto sprawdzi\u0107 przed wyj\u015bciem na autobus","datePublished":"2021-12-19T01:10:43+00:00","mainEntityOfPage":{"@id":"https:\/\/www.24gliwice.pl\/wiadomosci\/komunikacja-w-okresie-swiateczno-noworocznym-warto-sprawdzic-przed-wyjsciem-na-autobus\/"},"wordCount":719,"commentCount":0,"publisher":{"@id":"https:\/\/www.24gliwice.pl\/wiadomosci\/#organization"},"image":{"@id":"https:\/\/www.24gliwice.pl\/wiadomosci\/komunikacja-w-okresie-swiateczno-noworocznym-warto-sprawdzic-przed-wyjsciem-na-autobus\/#primaryimage"},"thumbnailUrl":"https:\/\/www.24gliwice.pl\/wiadomosci\/wp-content\/uploads\/2017\/02\/1-autobus2.jpg","articleSection":["Gliwice","Kultura, wydarzenia, imprezy","Najnowsze wiadomo\u015bci"],"inLanguage":"pl-PL","potentialAction":[{"@type":"CommentAction","name":"Comment","target":["https:\/\/www.24gliwice.pl\/wiadomosci\/komunikacja-w-okresie-swiateczno-noworocznym-warto-sprawdzic-przed-wyjsciem-na-autobus\/#respond"]}]},{"@type":"WebPage","@id":"https:\/\/www.24gliwice.pl\/wiadomosci\/komunikacja-w-okresie-swiateczno-noworocznym-warto-sprawdzic-przed-wyjsciem-na-autobus\/","url":"https:\/\/www.24gliwice.pl\/wiadomosci\/komunikacja-w-okresie-swiateczno-noworocznym-warto-sprawdzic-przed-wyjsciem-na-autobus\/","name":"Komunikacja w okresie \u015bwi\u0105teczno-noworocznym. Warto sprawdzi\u0107 przed wyj\u015bciem na autobus - 24GLIWICE - Portal Gliwice | codziennie nowe informacje","isPartOf":{"@id":"https:\/\/www.24gliwice.pl\/wiadomosci\/#website"},"primaryImageOfPage":{"@id":"https:\/\/www.24gliwice.pl\/wiadomosci\/komunikacja-w-okresie-swiateczno-noworocznym-warto-sprawdzic-przed-wyjsciem-na-autobus\/#primaryimage"},"image":{"@id":"https:\/\/www.24gliwice.pl\/wiadomosci\/komunikacja-w-okresie-swiateczno-noworocznym-warto-sprawdzic-przed-wyjsciem-na-autobus\/#primaryimage"},"thumbnailUrl":"https:\/\/www.24gliwice.pl\/wiadomosci\/wp-content\/uploads\/2017\/02\/1-autobus2.jpg","datePublished":"2021-12-19T01:10:43+00:00","breadcrumb":{"@id":"https:\/\/www.24gliwice.pl\/wiadomosci\/komunikacja-w-okresie-swiateczno-noworocznym-warto-sprawdzic-przed-wyjsciem-na-autobus\/#breadcrumb"},"inLanguage":"pl-PL","potentialAction":[{"@type":"ReadAction","target":["https:\/\/www.24gliwice.pl\/wiadomosci\/komunikacja-w-okresie-swiateczno-noworocznym-warto-sprawdzic-przed-wyjsciem-na-autobus\/"]}]},{"@type":"ImageObject","inLanguage":"pl-PL","@id":"https:\/\/www.24gliwice.pl\/wiadomosci\/komunikacja-w-okresie-swiateczno-noworocznym-warto-sprawdzic-przed-wyjsciem-na-autobus\/#primaryimage","url":"https:\/\/www.24gliwice.pl\/wiadomosci\/wp-content\/uploads\/2017\/02\/1-autobus2.jpg","contentUrl":"https:\/\/www.24gliwice.pl\/wiadomosci\/wp-content\/uploads\/2017\/02\/1-autobus2.jpg","width":810,"height":456},{"@type":"BreadcrumbList","@id":"https:\/\/www.24gliwice.pl\/wiadomosci\/komunikacja-w-okresie-swiateczno-noworocznym-warto-sprawdzic-przed-wyjsciem-na-autobus\/#breadcrumb","itemListElement":[{"@type":"ListItem","position":1,"name":"Strona g\u0142\u00f3wna","item":"https:\/\/www.24gliwice.pl\/wiadomosci\/"},{"@type":"ListItem","position":2,"name":"Komunikacja w okresie \u015bwi\u0105teczno-noworocznym. Warto sprawdzi\u0107 przed wyj\u015bciem na autobus"}]},{"@type":"WebSite","@id":"https:\/\/www.24gliwice.pl\/wiadomosci\/#website","url":"https:\/\/www.24gliwice.pl\/wiadomosci\/","name":"24GLIWICE - Portal Gliwice | codziennie nowe wiadomo\u015bci","description":"Portal Miejski Gliwice","publisher":{"@id":"https:\/\/www.24gliwice.pl\/wiadomosci\/#organization"},"potentialAction":[{"@type":"SearchAction","target":{"@type":"EntryPoint","urlTemplate":"https:\/\/www.24gliwice.pl\/wiadomosci\/?s={search_term_string}"},"query-input":{"@type":"PropertyValueSpecification","valueRequired":true,"valueName":"search_term_string"}}],"inLanguage":"pl-PL"},{"@type":"Organization","@id":"https:\/\/www.24gliwice.pl\/wiadomosci\/#organization","name":"24gliwice","url":"https:\/\/www.24gliwice.pl\/wiadomosci\/","logo":{"@type":"ImageObject","inLanguage":"pl-PL","@id":"https:\/\/www.24gliwice.pl\/wiadomosci\/#\/schema\/logo\/image\/","url":"https:\/\/www.24gliwice.pl\/wiadomosci\/wp-content\/uploads\/2024\/10\/24gliwice-logo-696.jpg","contentUrl":"https:\/\/www.24gliwice.pl\/wiadomosci\/wp-content\/uploads\/2024\/10\/24gliwice-logo-696.jpg","width":696,"height":696,"caption":"24gliwice"},"image":{"@id":"https:\/\/www.24gliwice.pl\/wiadomosci\/#\/schema\/logo\/image\/"},"sameAs":["https:\/\/www.facebook.com\/24gliwice","https:\/\/x.com\/24gliwice","https:\/\/www.youtube.com\/@24gliwice"]},{"@type":"Person","@id":"https:\/\/www.24gliwice.pl\/wiadomosci\/#\/schema\/person\/e42c650edd7f2fa332be3811fb166b6e","name":"\u017baneta Mrozek-Siewierska","image":{"@type":"ImageObject","inLanguage":"pl-PL","@id":"https:\/\/www.24gliwice.pl\/wiadomosci\/wp-content\/uploads\/2021\/11\/Zaneta-M_S-zdjecie-czb-96x96.jpg","url":"https:\/\/www.24gliwice.pl\/wiadomosci\/wp-content\/uploads\/2021\/11\/Zaneta-M_S-zdjecie-czb-96x96.jpg","contentUrl":"https:\/\/www.24gliwice.pl\/wiadomosci\/wp-content\/uploads\/2021\/11\/Zaneta-M_S-zdjecie-czb-96x96.jpg","caption":"\u017baneta Mrozek-Siewierska"},"url":"https:\/\/www.24gliwice.pl\/wiadomosci\/author\/zms\/"}]}},"_links":{"self":[{"href":"https:\/\/www.24gliwice.pl\/wiadomosci\/wp-json\/wp\/v2\/posts\/182966","targetHints":{"allow":["GET"]}}],"collection":[{"href":"https:\/\/www.24gliwice.pl\/wiadomosci\/wp-json\/wp\/v2\/posts"}],"about":[{"href":"https:\/\/www.24gliwice.pl\/wiadomosci\/wp-json\/wp\/v2\/types\/post"}],"author":[{"embeddable":true,"href":"https:\/\/www.24gliwice.pl\/wiadomosci\/wp-json\/wp\/v2\/users\/15"}],"replies":[{"embeddable":true,"href":"https:\/\/www.24gliwice.pl\/wiadomosci\/wp-json\/wp\/v2\/comments?post=182966"}],"version-history":[{"count":7,"href":"https:\/\/www.24gliwice.pl\/wiadomosci\/wp-json\/wp\/v2\/posts\/182966\/revisions"}],"predecessor-version":[{"id":183035,"href":"https:\/\/www.24gliwice.pl\/wiadomosci\/wp-json\/wp\/v2\/posts\/182966\/revisions\/183035"}],"wp:featuredmedia":[{"embeddable":true,"href":"https:\/\/www.24gliwice.pl\/wiadomosci\/wp-json\/wp\/v2\/media\/93748"}],"wp:attachment":[{"href":"https:\/\/www.24gliwice.pl\/wiadomosci\/wp-json\/wp\/v2\/media?parent=182966"}],"wp:term":[{"taxonomy":"category","embeddable":true,"href":"https:\/\/www.24gliwice.pl\/wiadomosci\/wp-json\/wp\/v2\/categories?post=182966"},{"taxonomy":"post_tag","embeddable":true,"href":"https:\/\/www.24gliwice.pl\/wiadomosci\/wp-json\/wp\/v2\/tags?post=182966"}],"curies":[{"name":"wp","href":"https:\/\/api.w.org\/{rel}","templated":true}]}}