{"id":182976,"date":"2021-12-17T12:46:29","date_gmt":"2021-12-17T11:46:29","guid":{"rendered":"https:\/\/www.24gliwice.pl\/wiadomosci\/?p=182976"},"modified":"2021-12-17T15:02:56","modified_gmt":"2021-12-17T14:02:56","slug":"pilneszef-roku-oraz-nie-patrz-w-gore-na-ekranie-kina-amok-co-jeszcze-znajdziemy-w-repertuarze","status":"publish","type":"post","link":"https:\/\/www.24gliwice.pl\/wiadomosci\/pilneszef-roku-oraz-nie-patrz-w-gore-na-ekranie-kina-amok-co-jeszcze-znajdziemy-w-repertuarze\/","title":{"rendered":"&#8220;Szef roku&#8221; oraz &#8220;Nie patrz w g\u00f3r\u0119&#8221; na ekranie kina AMOK. Co jeszcze znajdziemy w repertuarze?"},"content":{"rendered":"<div class=\"gliwi-a6-nad-leadem-artykulow gliwi-entity-placement\" id=\"gliwi-4134731710\"><div class=\"gliwi-adlabel\"><span style=\"font-size: 9px\">REKLAMA<\/span><\/div><div id=\"gliwi-4154506799\" style=\"margin-bottom: 25px;margin-left: auto;margin-right: auto;text-align: center;\"><a data-no-instant=\"1\" href=\"https:\/\/dom100.eu\/\" rel=\"noopener\" class=\"a2t-link\" target=\"_blank\" aria-label=\"20260415 DOM100 D\"><img loading=\"lazy\" decoding=\"async\" src=\"https:\/\/www.24gliwice.pl\/wiadomosci\/wp-content\/uploads\/2026\/04\/20260415-DOM100-D.jpg\" alt=\"\"  srcset=\"https:\/\/www.24gliwice.pl\/wiadomosci\/wp-content\/uploads\/2026\/04\/20260415-DOM100-D.jpg 750w, https:\/\/www.24gliwice.pl\/wiadomosci\/wp-content\/uploads\/2026\/04\/20260415-DOM100-D-410x109.jpg 410w\" sizes=\"(max-width: 750px) 100vw, 750px\" class=\"no-lazyload\" width=\"750\" height=\"200\"  style=\"display: inline-block; max-width: 100%; height: auto;\" \/><\/a><\/div><\/div><h2>W kinie Amok od pi\u0105tku mo\u017cemy ogl\u0105da\u0107 dwie filmowe nowo\u015bci &#8211; tym razem b\u0119d\u0105 to komedie &#8211; &#8220;Szef roku&#8221; oraz &#8220;Nie patrz w g\u00f3r\u0119&#8221;. W tej ostatniej zobaczymy aktor\u00f3w znanych z ameryka\u0144skich superprodukcji.<\/h2>\n<p>&nbsp;<br \/>\nOd pi\u0105tku, 17 grudnia, do ko\u0144ca weekendu o godzinie 20:15\/20:00 w du\u017cej sali Amoku wy\u015bwietlana b\u0119dzie hiszpa\u0144ska komedia &#8220;Szef roku&#8221; (w przysz\u0142ym tygodniu r\u00f3wnie\u017c mo\u017cna wybra\u0107 si\u0119 na ten film, ale <a href=\"https:\/\/amok.gliwice.pl\/repertuar\/tydzien\/\" rel=\"noopener\" target=\"_blank\">warto wcze\u015bniej sprawdzi\u0107 repertuar<\/a>). W obsadzie filmu znajdziemy takie nazwiska, jak <strong>Javier Bardem, Manolo Solo, Almudena Amor, Sonia Almarcha<\/strong>.<\/p>\n<p><strong>Opis fabu\u0142y<\/strong><\/p><div class=\"gliwi-a3-w-tresci-artykulow gliwi-entity-placement\" id=\"gliwi-3572378244\"><div class=\"gliwi-adlabel\"><span style=\"font-size: 9px\">REKLAMA<\/span><\/div><div id=\"gliwi-3067833591\" style=\"margin-bottom: 30px;margin-left: auto;margin-right: auto;text-align: center;\"><a data-no-instant=\"1\" href=\"https:\/\/ogrodyandersa.pl\/\" rel=\"noopener\" class=\"a2t-link\" target=\"_blank\" aria-label=\"20260415 Ogrody Andersa KUP TERAZ D\"><img loading=\"lazy\" decoding=\"async\" src=\"https:\/\/www.24gliwice.pl\/wiadomosci\/wp-content\/uploads\/2026\/04\/20260415-Ogrody-Andersa-KUP-TERAZ-D.jpg\" alt=\"\"  srcset=\"https:\/\/www.24gliwice.pl\/wiadomosci\/wp-content\/uploads\/2026\/04\/20260415-Ogrody-Andersa-KUP-TERAZ-D.jpg 750w, https:\/\/www.24gliwice.pl\/wiadomosci\/wp-content\/uploads\/2026\/04\/20260415-Ogrody-Andersa-KUP-TERAZ-D-410x109.jpg 410w\" sizes=\"(max-width: 750px) 100vw, 750px\" class=\"no-lazyload\" width=\"750\" height=\"200\"  style=\"display: inline-block; max-width: 100%; height: auto;\" \/><\/a><\/div><\/div>\n<p>W\u0142a\u015bciciel lokalnej fabryki Blanco chce otrzyma\u0107 nagrod\u0119 dla najlepszego biznesu, jednak napotyka po drodze rozmaite przeciwno\u015bci. Jak daleko si\u0119 posunie? Presja, by wszystko by\u0142o idealnie, zderza si\u0119 z nieprzewidzianymi wybrykami ze strony szukaj\u0105cego zemsty zwolnionego pracownika, cierpi\u0105cego na depresj\u0119 kierownika czy zakochanej sta\u017cystki. A to dopiero pocz\u0105tek k\u0142opot\u00f3w. <\/p>\n<p><iframe loading=\"lazy\" width=\"810\" height=\"455\" src=\"https:\/\/www.youtube.com\/embed\/pKGqvIhDXZs\" title=\"YouTube video player\" frameborder=\"0\" allow=\"accelerometer; autoplay; clipboard-write; encrypted-media; gyroscope; picture-in-picture\" allowfullscreen><\/iframe><\/p>\n<p>Aby dopi\u0105\u0107 swego, wyrachowany \u201edobry szef\u201d bez skrupu\u0142\u00f3w wtr\u0105ca si\u0119 w \u017cycie prywatne swoich pracownik\u00f3w i przekracza wszelkie dopuszczalne granice, nie\u015bwiadomie uruchamiaj\u0105c wybuchow\u0105 reakcj\u0119 \u0142a\u0144cuchow\u0105 prowadz\u0105c\u0105 do niewyobra\u017calnych konsekwencji. \u201eSzef Roku\u201d to przenikliwe studium charakter\u00f3w, a r\u00f3wnocze\u015bnie przesi\u0105kni\u0119ta k\u0105\u015bliwym humorem satyra spo\u0142eczna na \u015brodowisko pracy.<\/p>\n<h4>&#8220;Nie patrz w g\u00f3r\u0119&#8221;<\/h4>\n<p>Wyprodukowana przez NETFLIX ameryka\u0144ska komedia science fiction &#8220;Nie patrz w g\u00f3r\u0119&#8221;, kt\u00f3r\u0105 wyre\u017cyserowa\u0142 <strong>Adam McKay<\/strong>, cieszy si\u0119 znakomit\u0105 obsad\u0105 aktorsk\u0105. Wystapi\u0142y tam takie gwiazdy kina, jak m.in. <strong>Leonardo DiCaprio, Jennifer Lawrence, Timothee Chalamet, Meryl Streep, Cate Blanchett, Jonah Hill, Tyler Perry, Ariana Grande, Matthew Perry, Ron Perlman, Chris Evans. <\/strong> W pi\u0105tek i sobot\u0119 film mo\u017cna ogl\u0105da\u0107 na du\u017cej sali kina o godzinie 15:00. Kolejne pokazy ju\u017c w przysz\u0142ym tygodniu &#8211; <a href=\"https:\/\/amok.gliwice.pl\/repertuar\/tydzien\/\" rel=\"noopener\" target=\"_blank\">warto sprawdzi\u0107 repertuar. <\/a><\/p>\n<p><strong>Opis fabu\u0142y<\/strong><\/p>\n<p>Historia dw\u00f3jki przeci\u0119tnych astronom\u00f3w, kt\u00f3rzy wyruszaj\u0105 w tourn\u00e9e po mediach, aby ostrzec ludzko\u015b\u0107 przed zmierzaj\u0105c\u0105 w stron\u0119 Ziemi zab\u00f3jcz\u0105 komet\u0105.<\/p>\n<p>Studentka astronomii i jej profesor odkrywaj\u0105, \u017ce po obrze\u017cach galaktyki kr\u0105\u017cy kometa. Problem w tym, \u017ce znajduje si\u0119 na kursie kolizyjnym z Ziemi\u0105. Jakby tego by\u0142o ma\u0142o, nikt si\u0119 ni\u0105 nie przejmuje. Okazuje si\u0119, \u017ce ostrzeganie ludzko\u015bci przed zab\u00f3jczym zagro\u017ceniem prowadzi do wielu niezr\u0119cznych sytuacji. <\/p>\n<p><iframe loading=\"lazy\" width=\"810\" height=\"455\" src=\"https:\/\/www.youtube.com\/embed\/9UjbfoRAxJ8\" title=\"YouTube video player\" frameborder=\"0\" allow=\"accelerometer; autoplay; clipboard-write; encrypted-media; gyroscope; picture-in-picture\" allowfullscreen><\/iframe><\/p>\n<p>Do zderzenia komety z Ziemi\u0105 zosta\u0142o tylko sze\u015b\u0107 miesi\u0119cy, a opanowanie 24-godzinnego cyklu obiegu informacji i przyci\u0105gni\u0119cie uwagi zafascynowanej mediami spo\u0142eczno\u015bciowymi opinii publicznej zanim b\u0119dzie za p\u00f3\u017ano, okazuje si\u0119 szokuj\u0105co komicznym do\u015bwiadczeniem. Co trzeba zrobi\u0107, \u017ceby \u015bwiat po prostu spojrza\u0142 w g\u00f3r\u0119?<\/p>\n<p><a href=\"https:\/\/www.24gliwice.pl\/wiadomosci\/wp-content\/uploads\/2021\/12\/kino-amok.jpg\"><img loading=\"lazy\" decoding=\"async\" src=\"https:\/\/www.24gliwice.pl\/wiadomosci\/wp-content\/uploads\/2021\/12\/kino-amok.jpg\" alt=\"\" width=\"810\" height=\"456\" class=\"alignnone size-full wp-image-182984\" srcset=\"https:\/\/www.24gliwice.pl\/wiadomosci\/wp-content\/uploads\/2021\/12\/kino-amok.jpg 810w, https:\/\/www.24gliwice.pl\/wiadomosci\/wp-content\/uploads\/2021\/12\/kino-amok-410x232.jpg 410w, https:\/\/www.24gliwice.pl\/wiadomosci\/wp-content\/uploads\/2021\/12\/kino-amok-808x455.jpg 808w, https:\/\/www.24gliwice.pl\/wiadomosci\/wp-content\/uploads\/2021\/12\/kino-amok-768x432.jpg 768w\" sizes=\"auto, (max-width: 810px) 100vw, 810px\" \/><\/a><\/p>\n<h4>Co jeszcze w kinie Amok?<\/h4>\n<p>Spo\u015br\u00f3d wcze\u015bniejszych premier kina w weekend, a tak\u017ce w przysz\u0142ym tygodniu, wy\u015bwietlane b\u0119d\u0105 takie pozycje, jak: w\u0142oski dramat <strong>&#8220;Wszystko zostaje w rodzinie&#8221;<\/strong>, ameryka\u0144ski musical <strong>&#8220;West Side Story&#8221;<\/strong>, francuska komedia obyczajowa <strong>&#8220;Fantazje&#8221;<\/strong> oraz ira\u0144sko-francuski dramat <strong>&#8220;Ballada o bia\u0142ej krowie&#8221;<\/strong>. <\/p>\n<p>Na uwag\u0119 zas\u0142uguje planowana na niedziel\u0119 ods\u0142ona cyklu &#8220;Sztuka na ekranie&#8221;, prezentuj\u0105ca filmy powsta\u0142e we wsp\u00f3\u0142pracy z najlepszymi mi\u0119dzynarodowymi muzeami i galeriami. Tym razem o godzinie 18:15 w du\u017cej sali Amoku wy\u015bwietlony zostanie &#8220;Rafael odkryty na nowo&#8221;. <\/p>\n<p><iframe loading=\"lazy\" width=\"810\" height=\"455\" src=\"https:\/\/www.youtube.com\/embed\/Gjrnw-9F2q4\" title=\"YouTube video player\" frameborder=\"0\" allow=\"accelerometer; autoplay; clipboard-write; encrypted-media; gyroscope; picture-in-picture\" allowfullscreen><\/iframe><\/p>\n<p>(\u017cms)\/Amok Gliwice<br \/>\nfot. 24gliwice.pl\/\u017bMS<\/p>\n<div class=\"gliwi-a5-na-koncu-artykulow gliwi-entity-placement\" id=\"gliwi-4059325089\"><div class=\"gliwi-adlabel\"><span style=\"font-size: 9px\">REKLAMA<\/span><\/div><div id=\"gliwi-1948903038\" style=\"margin-left: auto;margin-right: auto;text-align: center;\"><a data-no-instant=\"1\" href=\"https:\/\/prezeroarenagliwice.pl\/\" rel=\"noopener\" class=\"a2t-link\" target=\"_blank\" aria-label=\"20260309-PREZERO-WIOSNA-D\"><img loading=\"lazy\" decoding=\"async\" src=\"https:\/\/www.24gliwice.pl\/wiadomosci\/wp-content\/uploads\/2026\/03\/20260309-PREZERO-WIOSNA-D.webp\" alt=\"\"  srcset=\"https:\/\/www.24gliwice.pl\/wiadomosci\/wp-content\/uploads\/2026\/03\/20260309-PREZERO-WIOSNA-D.webp 750w, https:\/\/www.24gliwice.pl\/wiadomosci\/wp-content\/uploads\/2026\/03\/20260309-PREZERO-WIOSNA-D-410x109.webp 410w\" sizes=\"(max-width: 750px) 100vw, 750px\" class=\"no-lazyload\" width=\"750\" height=\"200\"  style=\"display: inline-block; max-width: 100%; height: auto;\" \/><\/a><\/div><\/div>","protected":false},"excerpt":{"rendered":"<p>W kinie Amok od pi\u0105tku mo\u017cemy ogl\u0105da\u0107 dwie filmowe nowo\u015bci &#8211; tym razem b\u0119d\u0105 to komedie &#8211; &#8220;Szef roku&#8221; oraz &#8220;Nie patrz w g\u00f3r\u0119&#8221;. W tej ostatniej zobaczymy aktor\u00f3w znanych z ameryka\u0144skich superprodukcji. &nbsp; Od pi\u0105tku, 17 grudnia, do ko\u0144ca weekendu o godzinie 20:15\/20:00 w du\u017cej sali Amoku wy\u015bwietlana b\u0119dzie hiszpa\u0144ska komedia &#8220;Szef roku&#8221; (w [&hellip;]<\/p>\n","protected":false},"author":15,"featured_media":182985,"comment_status":"open","ping_status":"closed","sticky":false,"template":"","format":"standard","meta":{"_monsterinsights_skip_tracking":false,"_monsterinsights_sitenote_active":false,"_monsterinsights_sitenote_note":"","_monsterinsights_sitenote_category":0,"footnotes":"","_links_to":"","_links_to_target":""},"categories":[3,6,1],"tags":[256,11656],"class_list":["post-182976","post","type-post","status-publish","format-standard","has-post-thumbnail","hentry","category-gliwice","category-kultura","category-wszystko","tag-kino-amok","tag-repertuar"],"yoast_head":"<!-- This site is optimized with the Yoast SEO plugin v27.4 - https:\/\/yoast.com\/product\/yoast-seo-wordpress\/ -->\n<title>&quot;Szef roku&quot; oraz &quot;Nie patrz w g\u00f3r\u0119&quot; na ekranie kina AMOK. Co jeszcze znajdziemy w repertuarze? - 24GLIWICE - Portal Gliwice | codziennie nowe informacje<\/title>\n<meta name=\"robots\" content=\"index, follow, max-snippet:-1, max-image-preview:large, max-video-preview:-1\" \/>\n<link rel=\"canonical\" href=\"https:\/\/www.24gliwice.pl\/wiadomosci\/pilneszef-roku-oraz-nie-patrz-w-gore-na-ekranie-kina-amok-co-jeszcze-znajdziemy-w-repertuarze\/\" \/>\n<meta property=\"og:locale\" content=\"pl_PL\" \/>\n<meta property=\"og:type\" content=\"article\" \/>\n<meta property=\"og:title\" content=\"&quot;Szef roku&quot; oraz &quot;Nie patrz w g\u00f3r\u0119&quot; na ekranie kina AMOK. Co jeszcze znajdziemy w repertuarze? - 24GLIWICE - Portal Gliwice | codziennie nowe informacje\" \/>\n<meta property=\"og:description\" content=\"W kinie Amok od pi\u0105tku mo\u017cemy ogl\u0105da\u0107 dwie filmowe nowo\u015bci &#8211; tym razem b\u0119d\u0105 to komedie &#8211; &#8220;Szef roku&#8221; oraz &#8220;Nie patrz w g\u00f3r\u0119&#8221;. W tej ostatniej zobaczymy aktor\u00f3w znanych z ameryka\u0144skich superprodukcji. &nbsp; Od pi\u0105tku, 17 grudnia, do ko\u0144ca weekendu o godzinie 20:15\/20:00 w du\u017cej sali Amoku wy\u015bwietlana b\u0119dzie hiszpa\u0144ska komedia &#8220;Szef roku&#8221; (w [&hellip;]\" \/>\n<meta property=\"og:url\" content=\"https:\/\/www.24gliwice.pl\/wiadomosci\/pilneszef-roku-oraz-nie-patrz-w-gore-na-ekranie-kina-amok-co-jeszcze-znajdziemy-w-repertuarze\/\" \/>\n<meta property=\"og:site_name\" content=\"24GLIWICE - Portal Gliwice | codziennie nowe informacje\" \/>\n<meta property=\"article:publisher\" content=\"https:\/\/www.facebook.com\/24gliwice\" \/>\n<meta property=\"article:published_time\" content=\"2021-12-17T11:46:29+00:00\" \/>\n<meta property=\"article:modified_time\" content=\"2021-12-17T14:02:56+00:00\" \/>\n<meta property=\"og:image\" content=\"https:\/\/www.24gliwice.pl\/wiadomosci\/wp-content\/uploads\/2021\/12\/kino-amok2.jpg\" \/>\n\t<meta property=\"og:image:width\" content=\"810\" \/>\n\t<meta property=\"og:image:height\" content=\"456\" \/>\n\t<meta property=\"og:image:type\" content=\"image\/jpeg\" \/>\n<meta name=\"author\" content=\"\u017baneta Mrozek-Siewierska\" \/>\n<meta name=\"twitter:card\" content=\"summary_large_image\" \/>\n<meta name=\"twitter:creator\" content=\"@24gliwice\" \/>\n<meta name=\"twitter:site\" content=\"@24gliwice\" \/>\n<meta name=\"twitter:label1\" content=\"Napisane przez\" \/>\n\t<meta name=\"twitter:data1\" content=\"\u017baneta Mrozek-Siewierska\" \/>\n\t<meta name=\"twitter:label2\" content=\"Szacowany czas czytania\" \/>\n\t<meta name=\"twitter:data2\" content=\"3 minuty\" \/>\n<script type=\"application\/ld+json\" class=\"yoast-schema-graph\">{\"@context\":\"https:\\\/\\\/schema.org\",\"@graph\":[{\"@type\":\"Article\",\"@id\":\"https:\\\/\\\/www.24gliwice.pl\\\/wiadomosci\\\/pilneszef-roku-oraz-nie-patrz-w-gore-na-ekranie-kina-amok-co-jeszcze-znajdziemy-w-repertuarze\\\/#article\",\"isPartOf\":{\"@id\":\"https:\\\/\\\/www.24gliwice.pl\\\/wiadomosci\\\/pilneszef-roku-oraz-nie-patrz-w-gore-na-ekranie-kina-amok-co-jeszcze-znajdziemy-w-repertuarze\\\/\"},\"author\":{\"name\":\"\u017baneta Mrozek-Siewierska\",\"@id\":\"https:\\\/\\\/www.24gliwice.pl\\\/wiadomosci\\\/#\\\/schema\\\/person\\\/e42c650edd7f2fa332be3811fb166b6e\"},\"headline\":\"&#8220;Szef roku&#8221; oraz &#8220;Nie patrz w g\u00f3r\u0119&#8221; na ekranie kina AMOK. Co jeszcze znajdziemy w repertuarze?\",\"datePublished\":\"2021-12-17T11:46:29+00:00\",\"dateModified\":\"2021-12-17T14:02:56+00:00\",\"mainEntityOfPage\":{\"@id\":\"https:\\\/\\\/www.24gliwice.pl\\\/wiadomosci\\\/pilneszef-roku-oraz-nie-patrz-w-gore-na-ekranie-kina-amok-co-jeszcze-znajdziemy-w-repertuarze\\\/\"},\"wordCount\":567,\"commentCount\":0,\"publisher\":{\"@id\":\"https:\\\/\\\/www.24gliwice.pl\\\/wiadomosci\\\/#organization\"},\"image\":{\"@id\":\"https:\\\/\\\/www.24gliwice.pl\\\/wiadomosci\\\/pilneszef-roku-oraz-nie-patrz-w-gore-na-ekranie-kina-amok-co-jeszcze-znajdziemy-w-repertuarze\\\/#primaryimage\"},\"thumbnailUrl\":\"https:\\\/\\\/www.24gliwice.pl\\\/wiadomosci\\\/wp-content\\\/uploads\\\/2021\\\/12\\\/kino-amok2.jpg\",\"keywords\":[\"KINO AMOK\",\"repertuar\"],\"articleSection\":[\"Gliwice\",\"Kultura, wydarzenia, imprezy\",\"Najnowsze wiadomo\u015bci\"],\"inLanguage\":\"pl-PL\",\"potentialAction\":[{\"@type\":\"CommentAction\",\"name\":\"Comment\",\"target\":[\"https:\\\/\\\/www.24gliwice.pl\\\/wiadomosci\\\/pilneszef-roku-oraz-nie-patrz-w-gore-na-ekranie-kina-amok-co-jeszcze-znajdziemy-w-repertuarze\\\/#respond\"]}]},{\"@type\":\"WebPage\",\"@id\":\"https:\\\/\\\/www.24gliwice.pl\\\/wiadomosci\\\/pilneszef-roku-oraz-nie-patrz-w-gore-na-ekranie-kina-amok-co-jeszcze-znajdziemy-w-repertuarze\\\/\",\"url\":\"https:\\\/\\\/www.24gliwice.pl\\\/wiadomosci\\\/pilneszef-roku-oraz-nie-patrz-w-gore-na-ekranie-kina-amok-co-jeszcze-znajdziemy-w-repertuarze\\\/\",\"name\":\"\\\"Szef roku\\\" oraz \\\"Nie patrz w g\u00f3r\u0119\\\" na ekranie kina AMOK. Co jeszcze znajdziemy w repertuarze? - 24GLIWICE - Portal Gliwice | codziennie nowe informacje\",\"isPartOf\":{\"@id\":\"https:\\\/\\\/www.24gliwice.pl\\\/wiadomosci\\\/#website\"},\"primaryImageOfPage\":{\"@id\":\"https:\\\/\\\/www.24gliwice.pl\\\/wiadomosci\\\/pilneszef-roku-oraz-nie-patrz-w-gore-na-ekranie-kina-amok-co-jeszcze-znajdziemy-w-repertuarze\\\/#primaryimage\"},\"image\":{\"@id\":\"https:\\\/\\\/www.24gliwice.pl\\\/wiadomosci\\\/pilneszef-roku-oraz-nie-patrz-w-gore-na-ekranie-kina-amok-co-jeszcze-znajdziemy-w-repertuarze\\\/#primaryimage\"},\"thumbnailUrl\":\"https:\\\/\\\/www.24gliwice.pl\\\/wiadomosci\\\/wp-content\\\/uploads\\\/2021\\\/12\\\/kino-amok2.jpg\",\"datePublished\":\"2021-12-17T11:46:29+00:00\",\"dateModified\":\"2021-12-17T14:02:56+00:00\",\"breadcrumb\":{\"@id\":\"https:\\\/\\\/www.24gliwice.pl\\\/wiadomosci\\\/pilneszef-roku-oraz-nie-patrz-w-gore-na-ekranie-kina-amok-co-jeszcze-znajdziemy-w-repertuarze\\\/#breadcrumb\"},\"inLanguage\":\"pl-PL\",\"potentialAction\":[{\"@type\":\"ReadAction\",\"target\":[\"https:\\\/\\\/www.24gliwice.pl\\\/wiadomosci\\\/pilneszef-roku-oraz-nie-patrz-w-gore-na-ekranie-kina-amok-co-jeszcze-znajdziemy-w-repertuarze\\\/\"]}]},{\"@type\":\"ImageObject\",\"inLanguage\":\"pl-PL\",\"@id\":\"https:\\\/\\\/www.24gliwice.pl\\\/wiadomosci\\\/pilneszef-roku-oraz-nie-patrz-w-gore-na-ekranie-kina-amok-co-jeszcze-znajdziemy-w-repertuarze\\\/#primaryimage\",\"url\":\"https:\\\/\\\/www.24gliwice.pl\\\/wiadomosci\\\/wp-content\\\/uploads\\\/2021\\\/12\\\/kino-amok2.jpg\",\"contentUrl\":\"https:\\\/\\\/www.24gliwice.pl\\\/wiadomosci\\\/wp-content\\\/uploads\\\/2021\\\/12\\\/kino-amok2.jpg\",\"width\":810,\"height\":456},{\"@type\":\"BreadcrumbList\",\"@id\":\"https:\\\/\\\/www.24gliwice.pl\\\/wiadomosci\\\/pilneszef-roku-oraz-nie-patrz-w-gore-na-ekranie-kina-amok-co-jeszcze-znajdziemy-w-repertuarze\\\/#breadcrumb\",\"itemListElement\":[{\"@type\":\"ListItem\",\"position\":1,\"name\":\"Strona g\u0142\u00f3wna\",\"item\":\"https:\\\/\\\/www.24gliwice.pl\\\/wiadomosci\\\/\"},{\"@type\":\"ListItem\",\"position\":2,\"name\":\"&#8222;Szef roku&#8221; oraz &#8222;Nie patrz w g\u00f3r\u0119&#8221; na ekranie kina AMOK. Co jeszcze znajdziemy w repertuarze?\"}]},{\"@type\":\"WebSite\",\"@id\":\"https:\\\/\\\/www.24gliwice.pl\\\/wiadomosci\\\/#website\",\"url\":\"https:\\\/\\\/www.24gliwice.pl\\\/wiadomosci\\\/\",\"name\":\"24GLIWICE - Portal Gliwice | codziennie nowe wiadomo\u015bci\",\"description\":\"Portal Miejski Gliwice\",\"publisher\":{\"@id\":\"https:\\\/\\\/www.24gliwice.pl\\\/wiadomosci\\\/#organization\"},\"potentialAction\":[{\"@type\":\"SearchAction\",\"target\":{\"@type\":\"EntryPoint\",\"urlTemplate\":\"https:\\\/\\\/www.24gliwice.pl\\\/wiadomosci\\\/?s={search_term_string}\"},\"query-input\":{\"@type\":\"PropertyValueSpecification\",\"valueRequired\":true,\"valueName\":\"search_term_string\"}}],\"inLanguage\":\"pl-PL\"},{\"@type\":\"Organization\",\"@id\":\"https:\\\/\\\/www.24gliwice.pl\\\/wiadomosci\\\/#organization\",\"name\":\"24gliwice\",\"url\":\"https:\\\/\\\/www.24gliwice.pl\\\/wiadomosci\\\/\",\"logo\":{\"@type\":\"ImageObject\",\"inLanguage\":\"pl-PL\",\"@id\":\"https:\\\/\\\/www.24gliwice.pl\\\/wiadomosci\\\/#\\\/schema\\\/logo\\\/image\\\/\",\"url\":\"https:\\\/\\\/www.24gliwice.pl\\\/wiadomosci\\\/wp-content\\\/uploads\\\/2024\\\/10\\\/24gliwice-logo-696.jpg\",\"contentUrl\":\"https:\\\/\\\/www.24gliwice.pl\\\/wiadomosci\\\/wp-content\\\/uploads\\\/2024\\\/10\\\/24gliwice-logo-696.jpg\",\"width\":696,\"height\":696,\"caption\":\"24gliwice\"},\"image\":{\"@id\":\"https:\\\/\\\/www.24gliwice.pl\\\/wiadomosci\\\/#\\\/schema\\\/logo\\\/image\\\/\"},\"sameAs\":[\"https:\\\/\\\/www.facebook.com\\\/24gliwice\",\"https:\\\/\\\/x.com\\\/24gliwice\",\"https:\\\/\\\/www.youtube.com\\\/@24gliwice\"]},{\"@type\":\"Person\",\"@id\":\"https:\\\/\\\/www.24gliwice.pl\\\/wiadomosci\\\/#\\\/schema\\\/person\\\/e42c650edd7f2fa332be3811fb166b6e\",\"name\":\"\u017baneta Mrozek-Siewierska\",\"image\":{\"@type\":\"ImageObject\",\"inLanguage\":\"pl-PL\",\"@id\":\"https:\\\/\\\/www.24gliwice.pl\\\/wiadomosci\\\/wp-content\\\/uploads\\\/2021\\\/11\\\/Zaneta-M_S-zdjecie-czb-96x96.jpg\",\"url\":\"https:\\\/\\\/www.24gliwice.pl\\\/wiadomosci\\\/wp-content\\\/uploads\\\/2021\\\/11\\\/Zaneta-M_S-zdjecie-czb-96x96.jpg\",\"contentUrl\":\"https:\\\/\\\/www.24gliwice.pl\\\/wiadomosci\\\/wp-content\\\/uploads\\\/2021\\\/11\\\/Zaneta-M_S-zdjecie-czb-96x96.jpg\",\"caption\":\"\u017baneta Mrozek-Siewierska\"},\"url\":\"https:\\\/\\\/www.24gliwice.pl\\\/wiadomosci\\\/author\\\/zms\\\/\"}]}<\/script>\n<!-- \/ Yoast SEO plugin. -->","yoast_head_json":{"title":"\"Szef roku\" oraz \"Nie patrz w g\u00f3r\u0119\" na ekranie kina AMOK. Co jeszcze znajdziemy w repertuarze? - 24GLIWICE - Portal Gliwice | codziennie nowe informacje","robots":{"index":"index","follow":"follow","max-snippet":"max-snippet:-1","max-image-preview":"max-image-preview:large","max-video-preview":"max-video-preview:-1"},"canonical":"https:\/\/www.24gliwice.pl\/wiadomosci\/pilneszef-roku-oraz-nie-patrz-w-gore-na-ekranie-kina-amok-co-jeszcze-znajdziemy-w-repertuarze\/","og_locale":"pl_PL","og_type":"article","og_title":"\"Szef roku\" oraz \"Nie patrz w g\u00f3r\u0119\" na ekranie kina AMOK. Co jeszcze znajdziemy w repertuarze? - 24GLIWICE - Portal Gliwice | codziennie nowe informacje","og_description":"W kinie Amok od pi\u0105tku mo\u017cemy ogl\u0105da\u0107 dwie filmowe nowo\u015bci &#8211; tym razem b\u0119d\u0105 to komedie &#8211; &#8220;Szef roku&#8221; oraz &#8220;Nie patrz w g\u00f3r\u0119&#8221;. W tej ostatniej zobaczymy aktor\u00f3w znanych z ameryka\u0144skich superprodukcji. &nbsp; Od pi\u0105tku, 17 grudnia, do ko\u0144ca weekendu o godzinie 20:15\/20:00 w du\u017cej sali Amoku wy\u015bwietlana b\u0119dzie hiszpa\u0144ska komedia &#8220;Szef roku&#8221; (w [&hellip;]","og_url":"https:\/\/www.24gliwice.pl\/wiadomosci\/pilneszef-roku-oraz-nie-patrz-w-gore-na-ekranie-kina-amok-co-jeszcze-znajdziemy-w-repertuarze\/","og_site_name":"24GLIWICE - Portal Gliwice | codziennie nowe informacje","article_publisher":"https:\/\/www.facebook.com\/24gliwice","article_published_time":"2021-12-17T11:46:29+00:00","article_modified_time":"2021-12-17T14:02:56+00:00","og_image":[{"width":810,"height":456,"url":"https:\/\/www.24gliwice.pl\/wiadomosci\/wp-content\/uploads\/2021\/12\/kino-amok2.jpg","type":"image\/jpeg"}],"author":"\u017baneta Mrozek-Siewierska","twitter_card":"summary_large_image","twitter_creator":"@24gliwice","twitter_site":"@24gliwice","twitter_misc":{"Napisane przez":"\u017baneta Mrozek-Siewierska","Szacowany czas czytania":"3 minuty"},"schema":{"@context":"https:\/\/schema.org","@graph":[{"@type":"Article","@id":"https:\/\/www.24gliwice.pl\/wiadomosci\/pilneszef-roku-oraz-nie-patrz-w-gore-na-ekranie-kina-amok-co-jeszcze-znajdziemy-w-repertuarze\/#article","isPartOf":{"@id":"https:\/\/www.24gliwice.pl\/wiadomosci\/pilneszef-roku-oraz-nie-patrz-w-gore-na-ekranie-kina-amok-co-jeszcze-znajdziemy-w-repertuarze\/"},"author":{"name":"\u017baneta Mrozek-Siewierska","@id":"https:\/\/www.24gliwice.pl\/wiadomosci\/#\/schema\/person\/e42c650edd7f2fa332be3811fb166b6e"},"headline":"&#8220;Szef roku&#8221; oraz &#8220;Nie patrz w g\u00f3r\u0119&#8221; na ekranie kina AMOK. Co jeszcze znajdziemy w repertuarze?","datePublished":"2021-12-17T11:46:29+00:00","dateModified":"2021-12-17T14:02:56+00:00","mainEntityOfPage":{"@id":"https:\/\/www.24gliwice.pl\/wiadomosci\/pilneszef-roku-oraz-nie-patrz-w-gore-na-ekranie-kina-amok-co-jeszcze-znajdziemy-w-repertuarze\/"},"wordCount":567,"commentCount":0,"publisher":{"@id":"https:\/\/www.24gliwice.pl\/wiadomosci\/#organization"},"image":{"@id":"https:\/\/www.24gliwice.pl\/wiadomosci\/pilneszef-roku-oraz-nie-patrz-w-gore-na-ekranie-kina-amok-co-jeszcze-znajdziemy-w-repertuarze\/#primaryimage"},"thumbnailUrl":"https:\/\/www.24gliwice.pl\/wiadomosci\/wp-content\/uploads\/2021\/12\/kino-amok2.jpg","keywords":["KINO AMOK","repertuar"],"articleSection":["Gliwice","Kultura, wydarzenia, imprezy","Najnowsze wiadomo\u015bci"],"inLanguage":"pl-PL","potentialAction":[{"@type":"CommentAction","name":"Comment","target":["https:\/\/www.24gliwice.pl\/wiadomosci\/pilneszef-roku-oraz-nie-patrz-w-gore-na-ekranie-kina-amok-co-jeszcze-znajdziemy-w-repertuarze\/#respond"]}]},{"@type":"WebPage","@id":"https:\/\/www.24gliwice.pl\/wiadomosci\/pilneszef-roku-oraz-nie-patrz-w-gore-na-ekranie-kina-amok-co-jeszcze-znajdziemy-w-repertuarze\/","url":"https:\/\/www.24gliwice.pl\/wiadomosci\/pilneszef-roku-oraz-nie-patrz-w-gore-na-ekranie-kina-amok-co-jeszcze-znajdziemy-w-repertuarze\/","name":"\"Szef roku\" oraz \"Nie patrz w g\u00f3r\u0119\" na ekranie kina AMOK. Co jeszcze znajdziemy w repertuarze? - 24GLIWICE - Portal Gliwice | codziennie nowe informacje","isPartOf":{"@id":"https:\/\/www.24gliwice.pl\/wiadomosci\/#website"},"primaryImageOfPage":{"@id":"https:\/\/www.24gliwice.pl\/wiadomosci\/pilneszef-roku-oraz-nie-patrz-w-gore-na-ekranie-kina-amok-co-jeszcze-znajdziemy-w-repertuarze\/#primaryimage"},"image":{"@id":"https:\/\/www.24gliwice.pl\/wiadomosci\/pilneszef-roku-oraz-nie-patrz-w-gore-na-ekranie-kina-amok-co-jeszcze-znajdziemy-w-repertuarze\/#primaryimage"},"thumbnailUrl":"https:\/\/www.24gliwice.pl\/wiadomosci\/wp-content\/uploads\/2021\/12\/kino-amok2.jpg","datePublished":"2021-12-17T11:46:29+00:00","dateModified":"2021-12-17T14:02:56+00:00","breadcrumb":{"@id":"https:\/\/www.24gliwice.pl\/wiadomosci\/pilneszef-roku-oraz-nie-patrz-w-gore-na-ekranie-kina-amok-co-jeszcze-znajdziemy-w-repertuarze\/#breadcrumb"},"inLanguage":"pl-PL","potentialAction":[{"@type":"ReadAction","target":["https:\/\/www.24gliwice.pl\/wiadomosci\/pilneszef-roku-oraz-nie-patrz-w-gore-na-ekranie-kina-amok-co-jeszcze-znajdziemy-w-repertuarze\/"]}]},{"@type":"ImageObject","inLanguage":"pl-PL","@id":"https:\/\/www.24gliwice.pl\/wiadomosci\/pilneszef-roku-oraz-nie-patrz-w-gore-na-ekranie-kina-amok-co-jeszcze-znajdziemy-w-repertuarze\/#primaryimage","url":"https:\/\/www.24gliwice.pl\/wiadomosci\/wp-content\/uploads\/2021\/12\/kino-amok2.jpg","contentUrl":"https:\/\/www.24gliwice.pl\/wiadomosci\/wp-content\/uploads\/2021\/12\/kino-amok2.jpg","width":810,"height":456},{"@type":"BreadcrumbList","@id":"https:\/\/www.24gliwice.pl\/wiadomosci\/pilneszef-roku-oraz-nie-patrz-w-gore-na-ekranie-kina-amok-co-jeszcze-znajdziemy-w-repertuarze\/#breadcrumb","itemListElement":[{"@type":"ListItem","position":1,"name":"Strona g\u0142\u00f3wna","item":"https:\/\/www.24gliwice.pl\/wiadomosci\/"},{"@type":"ListItem","position":2,"name":"&#8222;Szef roku&#8221; oraz &#8222;Nie patrz w g\u00f3r\u0119&#8221; na ekranie kina AMOK. Co jeszcze znajdziemy w repertuarze?"}]},{"@type":"WebSite","@id":"https:\/\/www.24gliwice.pl\/wiadomosci\/#website","url":"https:\/\/www.24gliwice.pl\/wiadomosci\/","name":"24GLIWICE - Portal Gliwice | codziennie nowe wiadomo\u015bci","description":"Portal Miejski Gliwice","publisher":{"@id":"https:\/\/www.24gliwice.pl\/wiadomosci\/#organization"},"potentialAction":[{"@type":"SearchAction","target":{"@type":"EntryPoint","urlTemplate":"https:\/\/www.24gliwice.pl\/wiadomosci\/?s={search_term_string}"},"query-input":{"@type":"PropertyValueSpecification","valueRequired":true,"valueName":"search_term_string"}}],"inLanguage":"pl-PL"},{"@type":"Organization","@id":"https:\/\/www.24gliwice.pl\/wiadomosci\/#organization","name":"24gliwice","url":"https:\/\/www.24gliwice.pl\/wiadomosci\/","logo":{"@type":"ImageObject","inLanguage":"pl-PL","@id":"https:\/\/www.24gliwice.pl\/wiadomosci\/#\/schema\/logo\/image\/","url":"https:\/\/www.24gliwice.pl\/wiadomosci\/wp-content\/uploads\/2024\/10\/24gliwice-logo-696.jpg","contentUrl":"https:\/\/www.24gliwice.pl\/wiadomosci\/wp-content\/uploads\/2024\/10\/24gliwice-logo-696.jpg","width":696,"height":696,"caption":"24gliwice"},"image":{"@id":"https:\/\/www.24gliwice.pl\/wiadomosci\/#\/schema\/logo\/image\/"},"sameAs":["https:\/\/www.facebook.com\/24gliwice","https:\/\/x.com\/24gliwice","https:\/\/www.youtube.com\/@24gliwice"]},{"@type":"Person","@id":"https:\/\/www.24gliwice.pl\/wiadomosci\/#\/schema\/person\/e42c650edd7f2fa332be3811fb166b6e","name":"\u017baneta Mrozek-Siewierska","image":{"@type":"ImageObject","inLanguage":"pl-PL","@id":"https:\/\/www.24gliwice.pl\/wiadomosci\/wp-content\/uploads\/2021\/11\/Zaneta-M_S-zdjecie-czb-96x96.jpg","url":"https:\/\/www.24gliwice.pl\/wiadomosci\/wp-content\/uploads\/2021\/11\/Zaneta-M_S-zdjecie-czb-96x96.jpg","contentUrl":"https:\/\/www.24gliwice.pl\/wiadomosci\/wp-content\/uploads\/2021\/11\/Zaneta-M_S-zdjecie-czb-96x96.jpg","caption":"\u017baneta Mrozek-Siewierska"},"url":"https:\/\/www.24gliwice.pl\/wiadomosci\/author\/zms\/"}]}},"_links":{"self":[{"href":"https:\/\/www.24gliwice.pl\/wiadomosci\/wp-json\/wp\/v2\/posts\/182976","targetHints":{"allow":["GET"]}}],"collection":[{"href":"https:\/\/www.24gliwice.pl\/wiadomosci\/wp-json\/wp\/v2\/posts"}],"about":[{"href":"https:\/\/www.24gliwice.pl\/wiadomosci\/wp-json\/wp\/v2\/types\/post"}],"author":[{"embeddable":true,"href":"https:\/\/www.24gliwice.pl\/wiadomosci\/wp-json\/wp\/v2\/users\/15"}],"replies":[{"embeddable":true,"href":"https:\/\/www.24gliwice.pl\/wiadomosci\/wp-json\/wp\/v2\/comments?post=182976"}],"version-history":[{"count":7,"href":"https:\/\/www.24gliwice.pl\/wiadomosci\/wp-json\/wp\/v2\/posts\/182976\/revisions"}],"predecessor-version":[{"id":182998,"href":"https:\/\/www.24gliwice.pl\/wiadomosci\/wp-json\/wp\/v2\/posts\/182976\/revisions\/182998"}],"wp:featuredmedia":[{"embeddable":true,"href":"https:\/\/www.24gliwice.pl\/wiadomosci\/wp-json\/wp\/v2\/media\/182985"}],"wp:attachment":[{"href":"https:\/\/www.24gliwice.pl\/wiadomosci\/wp-json\/wp\/v2\/media?parent=182976"}],"wp:term":[{"taxonomy":"category","embeddable":true,"href":"https:\/\/www.24gliwice.pl\/wiadomosci\/wp-json\/wp\/v2\/categories?post=182976"},{"taxonomy":"post_tag","embeddable":true,"href":"https:\/\/www.24gliwice.pl\/wiadomosci\/wp-json\/wp\/v2\/tags?post=182976"}],"curies":[{"name":"wp","href":"https:\/\/api.w.org\/{rel}","templated":true}]}}