{"id":183012,"date":"2021-12-20T18:30:25","date_gmt":"2021-12-20T17:30:25","guid":{"rendered":"https:\/\/www.24gliwice.pl\/wiadomosci\/?p=183012"},"modified":"2021-12-20T16:32:11","modified_gmt":"2021-12-20T15:32:11","slug":"palmiarnia-miejska-zostala-doceniona-zdjecie-i-makieta-obiektu-na-wystawie-w-muzeum-narodowym","status":"publish","type":"post","link":"https:\/\/www.24gliwice.pl\/wiadomosci\/palmiarnia-miejska-zostala-doceniona-zdjecie-i-makieta-obiektu-na-wystawie-w-muzeum-narodowym\/","title":{"rendered":"Palmiarnia Miejska zosta\u0142a doceniona. Zdj\u0119cie i makieta obiektu na wystawie w Muzeum Narodowym"},"content":{"rendered":"<div class=\"gliwi-a6-nad-leadem-artykulow gliwi-entity-placement\" id=\"gliwi-2482641870\"><div class=\"gliwi-adlabel\"><span style=\"font-size: 9px\">REKLAMA<\/span><\/div><div id=\"gliwi-1262055893\" style=\"margin-bottom: 30px;margin-left: auto;margin-right: auto;text-align: center;\"><a data-no-instant=\"1\" href=\"https:\/\/przedszkole.halogen.org.pl\/\" rel=\"noopener\" class=\"a2t-link\" target=\"_blank\" aria-label=\"20260402-ANIMATOR-przedszkole_grafika_750x200\"><img loading=\"lazy\" decoding=\"async\" src=\"https:\/\/www.24gliwice.pl\/wiadomosci\/wp-content\/uploads\/2026\/04\/20260402-ANIMATOR-przedszkole_grafika_750x200.webp\" alt=\"\"  srcset=\"https:\/\/www.24gliwice.pl\/wiadomosci\/wp-content\/uploads\/2026\/04\/20260402-ANIMATOR-przedszkole_grafika_750x200.webp 750w, https:\/\/www.24gliwice.pl\/wiadomosci\/wp-content\/uploads\/2026\/04\/20260402-ANIMATOR-przedszkole_grafika_750x200-410x109.webp 410w\" sizes=\"(max-width: 750px) 100vw, 750px\" class=\"no-lazyload\" width=\"750\" height=\"200\"  style=\"display: inline-block; max-width: 100%; height: auto;\" \/><\/a><\/div><\/div><h2>Zdj\u0119cie i makieta Palmiarni Miejskiej trafi\u0142y na wystaw\u0119 \u201ePrzekroje. Galeria Architektury Polskiej XX i XXI wieku\u201d w Muzeum Narodowym w Krakowie. Celem ekspozycji jest pokazanie najwa\u017cniejszych dzie\u0142 polskich architekt\u00f3w i najciekawszych budynk\u00f3w z ca\u0142ego kraju.<\/h2>\n<p>&nbsp;<br \/>\nWystawa w Muzeum Narodowym w Krakowie dost\u0119pna jest dla zwiedzaj\u0105cych od pi\u0105tku, 17 grudnia, w Kamienicy Szo\u0142ayskich, oddziale MNK. Udost\u0119pniona jest te\u017c druga ekspozycja: \u201ePrzedmioty. Galeria designu polskiego XX i XXI wieku\u201d. Te dwie galerie prezentuj\u0105 osi\u0105gni\u0119cia polskich tw\u00f3rc\u00f3w w dziedzinie designu i architektury ostatnich 120 lat.<\/p>\n<p><a href=\"https:\/\/www.24gliwice.pl\/wiadomosci\/wp-content\/uploads\/2021\/12\/palmiarnia.jpg\"><img loading=\"lazy\" decoding=\"async\" class=\"alignnone  wp-image-183108\" src=\"https:\/\/www.24gliwice.pl\/wiadomosci\/wp-content\/uploads\/2021\/12\/palmiarnia.jpg\" alt=\"\" width=\"1229\" height=\"819\" srcset=\"https:\/\/www.24gliwice.pl\/wiadomosci\/wp-content\/uploads\/2021\/12\/palmiarnia.jpg 720w, https:\/\/www.24gliwice.pl\/wiadomosci\/wp-content\/uploads\/2021\/12\/palmiarnia-348x232.jpg 348w, https:\/\/www.24gliwice.pl\/wiadomosci\/wp-content\/uploads\/2021\/12\/palmiarnia-683x455.jpg 683w\" sizes=\"auto, (max-width: 1229px) 100vw, 1229px\" \/><\/a><\/p>\n<p>Jaki wp\u0142yw na codzienne \u017cycie cz\u0142owieka ma architektura? Odpowiedzi na to pytanie szukaj\u0105 odwiedzaj\u0105cy galeri\u0119. Podj\u0119te s\u0105 takie zagadnienia, jak: mieszkalnictwo, przestrzenie wsp\u00f3lne, odpowiedzialno\u015b\u0107 spo\u0142eczna architektury czy nowe rozwi\u0105zania urbanistyczne.<\/p><div class=\"gliwi-a3-w-tresci-artykulow gliwi-entity-placement\" id=\"gliwi-2068441315\"><div class=\"gliwi-adlabel\"><span style=\"font-size: 9px\">REKLAMA<\/span><\/div><div id=\"gliwi-3471739991\" style=\"margin-bottom: 30px;margin-left: auto;margin-right: auto;text-align: center;\"><a data-no-instant=\"1\" href=\"https:\/\/zlobek.halogen.org.pl\/\" rel=\"noopener\" class=\"a2t-link\" target=\"_blank\" aria-label=\"animator-zlobek_750x200\"><img loading=\"lazy\" decoding=\"async\" src=\"https:\/\/www.24gliwice.pl\/wiadomosci\/wp-content\/uploads\/2026\/02\/animator-zlobek_750x200.webp\" alt=\"\"  srcset=\"https:\/\/www.24gliwice.pl\/wiadomosci\/wp-content\/uploads\/2026\/02\/animator-zlobek_750x200.webp 750w, https:\/\/www.24gliwice.pl\/wiadomosci\/wp-content\/uploads\/2026\/02\/animator-zlobek_750x200-410x109.webp 410w\" sizes=\"(max-width: 750px) 100vw, 750px\" class=\"no-lazyload\" width=\"750\" height=\"200\"  style=\"display: inline-block; max-width: 100%; height: auto;\" \/><\/a><\/div><\/div>\n<h4>Na wystawie zobaczy\u0107 mo\u017cna m.in. zdj\u0119cie Palmiarni autorstwa <strong>Marcina Baranowskiego<\/strong>, fotografa z Gliwic oraz makiet\u0119 przedstawiaj\u0105c\u0105 budynek naszych tropik\u00f3w.<\/h4>\n<p>Budynek Palmiarni \u2013 cho\u0107 wybudowany na pocz\u0105tku lat. 90., a pierwsze pomys\u0142y architektoniczne pochodz\u0105 z lat 70. \u2013 do dzi\u015b opisywany jest jako nowoczesna konstrukcja. Autorem tego wyj\u0105tkowego, ponadczasowego projektu jest <strong>Andrzej Musialik<\/strong>. Nieoceniony jest tak\u017ce wk\u0142ad in\u017c. konstruktora <strong>Jana Polaka<\/strong>.<\/p>\n<p><a href=\"https:\/\/www.24gliwice.pl\/wiadomosci\/wp-content\/uploads\/2021\/12\/palmiarnia3.jpg\"><img loading=\"lazy\" decoding=\"async\" class=\"alignnone  wp-image-183110\" src=\"https:\/\/www.24gliwice.pl\/wiadomosci\/wp-content\/uploads\/2021\/12\/palmiarnia3.jpg\" alt=\"\" width=\"1179\" height=\"786\" srcset=\"https:\/\/www.24gliwice.pl\/wiadomosci\/wp-content\/uploads\/2021\/12\/palmiarnia3.jpg 720w, https:\/\/www.24gliwice.pl\/wiadomosci\/wp-content\/uploads\/2021\/12\/palmiarnia3-348x232.jpg 348w, https:\/\/www.24gliwice.pl\/wiadomosci\/wp-content\/uploads\/2021\/12\/palmiarnia3-683x455.jpg 683w\" sizes=\"auto, (max-width: 1179px) 100vw, 1179px\" \/><\/a><\/p>\n<p>Wsp\u00f3\u0142cze\u015bnie Palmiarnia zupe\u0142nie nie przypomina powojennych szklarni. Jest dwukrotnie wi\u0119ksza, podzielona na kilka pawilon\u00f3w, przy czym najwy\u017cszy ma a\u017c 22 metry wysoko\u015bci. Przestrzenna, rurowa konstrukcja zaproponowana przez architekta, by\u0142a na tamte czasy nowo\u015bci\u0105 w naszym kraju.<\/p>\n<h4>Jak wspomina autor Andrzej Musialik, kt\u00f3ry w latach 1970-1980 pracowa\u0142 w biurze projektowym w Kalifornii, inspiracj\u0105 dla niego by\u0142a kryszta\u0142owa katedra w USA. Wewn\u0105trz niej znajdowa\u0142a si\u0119 dekoracyjna, rurowa konstrukcja.<\/h4>\n<p>W gliwickiej Palmiarni architekt zaproponowa\u0142 rozwi\u0105zanie z metalow\u0105 konstrukcj\u0105 na zewn\u0105trz \u2013 nie tylko ze wzgl\u0119d\u00f3w wizualnych, a tak\u017ce praktycznych. Wewn\u0105trz Palmiarni panuje wysoka wilgotno\u015b\u0107, wi\u0119c metalowe elementy nara\u017cone s\u0105 na szybk\u0105 korozj\u0119. Poza tym konstrukcja w upalne dni daje cie\u0144, kt\u00f3ry chroni ro\u015bliny od przypalenia (nie trzeba stosowa\u0107 np. rolet). Unikatowy jest tak\u017ce pomost widokowy wewn\u0105trz Palmiarni, umieszczony na wysoko\u015bci 4,5 metra. \u017baden z obiekt\u00f3w tego typu w Polsce nie mo\u017ce pochwali\u0107 si\u0119 podobnym rozwi\u0105zaniem.<\/p>\n<p><a href=\"https:\/\/www.24gliwice.pl\/wiadomosci\/wp-content\/uploads\/2021\/12\/palmiarnia2.jpg\"><img loading=\"lazy\" decoding=\"async\" class=\"alignnone  wp-image-183109\" src=\"https:\/\/www.24gliwice.pl\/wiadomosci\/wp-content\/uploads\/2021\/12\/palmiarnia2.jpg\" alt=\"\" width=\"1145\" height=\"763\" srcset=\"https:\/\/www.24gliwice.pl\/wiadomosci\/wp-content\/uploads\/2021\/12\/palmiarnia2.jpg 720w, https:\/\/www.24gliwice.pl\/wiadomosci\/wp-content\/uploads\/2021\/12\/palmiarnia2-348x232.jpg 348w, https:\/\/www.24gliwice.pl\/wiadomosci\/wp-content\/uploads\/2021\/12\/palmiarnia2-683x455.jpg 683w\" sizes=\"auto, (max-width: 1145px) 100vw, 1145px\" \/><\/a><\/p>\n<p>W 1985 roku Andrzej Musialik uzyska\u0142 wyr\u00f3\u017cnienie Ministerstwa Kultury i Sztuki w\u0142a\u015bnie za innowacyjny projekt Palmiarni. W uzasadnieniu napisano, \u017ce pomys\u0142 wyr\u00f3\u017cnia si\u0119 \u201eczysto\u015bci\u0105 formy i du\u017c\u0105 ekspresj\u0105\u201d.<\/p>\n<p>(\u017cms)\/MZUK Gliwice<br \/>\nfot. M. Baranowski\/MZUK Gliwice, Mosquidron<br \/>\n<a href=\"https:\/\/www.24gliwice.pl\/wiadomosci\/wp-content\/uploads\/2021\/12\/palmiarnia4.jpg\"><img loading=\"lazy\" decoding=\"async\" class=\"alignnone  wp-image-183111\" src=\"https:\/\/www.24gliwice.pl\/wiadomosci\/wp-content\/uploads\/2021\/12\/palmiarnia4.jpg\" alt=\"\" width=\"1299\" height=\"866\" srcset=\"https:\/\/www.24gliwice.pl\/wiadomosci\/wp-content\/uploads\/2021\/12\/palmiarnia4.jpg 720w, https:\/\/www.24gliwice.pl\/wiadomosci\/wp-content\/uploads\/2021\/12\/palmiarnia4-348x232.jpg 348w, https:\/\/www.24gliwice.pl\/wiadomosci\/wp-content\/uploads\/2021\/12\/palmiarnia4-683x455.jpg 683w\" sizes=\"auto, (max-width: 1299px) 100vw, 1299px\" \/><\/a><\/p>\n<p><a href=\"https:\/\/www.24gliwice.pl\/wiadomosci\/wp-content\/uploads\/2021\/12\/palmiarnia-wystawa-plakat.jpg\"><img loading=\"lazy\" decoding=\"async\" class=\"alignnone  wp-image-183107\" src=\"https:\/\/www.24gliwice.pl\/wiadomosci\/wp-content\/uploads\/2021\/12\/palmiarnia-wystawa-plakat.jpg\" alt=\"\" width=\"1197\" height=\"1713\" srcset=\"https:\/\/www.24gliwice.pl\/wiadomosci\/wp-content\/uploads\/2021\/12\/palmiarnia-wystawa-plakat.jpg 566w, https:\/\/www.24gliwice.pl\/wiadomosci\/wp-content\/uploads\/2021\/12\/palmiarnia-wystawa-plakat-162x232.jpg 162w, https:\/\/www.24gliwice.pl\/wiadomosci\/wp-content\/uploads\/2021\/12\/palmiarnia-wystawa-plakat-318x455.jpg 318w\" sizes=\"auto, (max-width: 1197px) 100vw, 1197px\" \/><\/a><\/p>\n<div class=\"gliwi-a5-na-koncu-artykulow gliwi-entity-placement\" id=\"gliwi-419060358\"><div class=\"gliwi-adlabel\"><span style=\"font-size: 9px\">REKLAMA<\/span><\/div><div id=\"gliwi-1171768987\" style=\"margin-left: auto;margin-right: auto;text-align: center;\"><a data-no-instant=\"1\" href=\"https:\/\/prezeroarenagliwice.pl\/\" rel=\"noopener\" class=\"a2t-link\" target=\"_blank\" aria-label=\"20260309-PREZERO-WIOSNA-D\"><img loading=\"lazy\" decoding=\"async\" src=\"https:\/\/www.24gliwice.pl\/wiadomosci\/wp-content\/uploads\/2026\/03\/20260309-PREZERO-WIOSNA-D.webp\" alt=\"\"  srcset=\"https:\/\/www.24gliwice.pl\/wiadomosci\/wp-content\/uploads\/2026\/03\/20260309-PREZERO-WIOSNA-D.webp 750w, https:\/\/www.24gliwice.pl\/wiadomosci\/wp-content\/uploads\/2026\/03\/20260309-PREZERO-WIOSNA-D-410x109.webp 410w\" sizes=\"(max-width: 750px) 100vw, 750px\" class=\"no-lazyload\" width=\"750\" height=\"200\"  style=\"display: inline-block; max-width: 100%; height: auto;\" \/><\/a><\/div><\/div>","protected":false},"excerpt":{"rendered":"<p>Zdj\u0119cie i makieta Palmiarni Miejskiej trafi\u0142y na wystaw\u0119 \u201ePrzekroje. Galeria Architektury Polskiej XX i XXI wieku\u201d w Muzeum Narodowym w Krakowie. Celem ekspozycji jest pokazanie najwa\u017cniejszych dzie\u0142 polskich architekt\u00f3w i najciekawszych budynk\u00f3w z ca\u0142ego kraju. &nbsp; Wystawa w Muzeum Narodowym w Krakowie dost\u0119pna jest dla zwiedzaj\u0105cych od pi\u0105tku, 17 grudnia, w Kamienicy Szo\u0142ayskich, oddziale MNK. [&hellip;]<\/p>\n","protected":false},"author":15,"featured_media":160237,"comment_status":"open","ping_status":"closed","sticky":false,"template":"","format":"standard","meta":{"_monsterinsights_skip_tracking":false,"_monsterinsights_sitenote_active":false,"_monsterinsights_sitenote_note":"","_monsterinsights_sitenote_category":0,"footnotes":"","_links_to":"","_links_to_target":""},"categories":[3,1],"tags":[6979],"class_list":["post-183012","post","type-post","status-publish","format-standard","has-post-thumbnail","hentry","category-gliwice","category-wszystko","tag-palmiarnia"],"yoast_head":"<!-- This site is optimized with the Yoast SEO plugin v27.4 - https:\/\/yoast.com\/product\/yoast-seo-wordpress\/ -->\n<title>Palmiarnia Miejska zosta\u0142a doceniona. Zdj\u0119cie i makieta obiektu na wystawie w Muzeum Narodowym - 24GLIWICE - Portal Gliwice | codziennie nowe informacje<\/title>\n<meta name=\"robots\" content=\"index, follow, max-snippet:-1, max-image-preview:large, max-video-preview:-1\" \/>\n<link rel=\"canonical\" href=\"https:\/\/www.24gliwice.pl\/wiadomosci\/palmiarnia-miejska-zostala-doceniona-zdjecie-i-makieta-obiektu-na-wystawie-w-muzeum-narodowym\/\" \/>\n<meta property=\"og:locale\" content=\"pl_PL\" \/>\n<meta property=\"og:type\" content=\"article\" \/>\n<meta property=\"og:title\" content=\"Palmiarnia Miejska zosta\u0142a doceniona. Zdj\u0119cie i makieta obiektu na wystawie w Muzeum Narodowym - 24GLIWICE - Portal Gliwice | codziennie nowe informacje\" \/>\n<meta property=\"og:description\" content=\"Zdj\u0119cie i makieta Palmiarni Miejskiej trafi\u0142y na wystaw\u0119 \u201ePrzekroje. Galeria Architektury Polskiej XX i XXI wieku\u201d w Muzeum Narodowym w Krakowie. Celem ekspozycji jest pokazanie najwa\u017cniejszych dzie\u0142 polskich architekt\u00f3w i najciekawszych budynk\u00f3w z ca\u0142ego kraju. &nbsp; Wystawa w Muzeum Narodowym w Krakowie dost\u0119pna jest dla zwiedzaj\u0105cych od pi\u0105tku, 17 grudnia, w Kamienicy Szo\u0142ayskich, oddziale MNK. [&hellip;]\" \/>\n<meta property=\"og:url\" content=\"https:\/\/www.24gliwice.pl\/wiadomosci\/palmiarnia-miejska-zostala-doceniona-zdjecie-i-makieta-obiektu-na-wystawie-w-muzeum-narodowym\/\" \/>\n<meta property=\"og:site_name\" content=\"24GLIWICE - Portal Gliwice | codziennie nowe informacje\" \/>\n<meta property=\"article:publisher\" content=\"https:\/\/www.facebook.com\/24gliwice\" \/>\n<meta property=\"article:published_time\" content=\"2021-12-20T17:30:25+00:00\" \/>\n<meta property=\"og:image\" content=\"https:\/\/www.24gliwice.pl\/wiadomosci\/wp-content\/uploads\/2020\/11\/palmiarnia-na-niebiesko-fot-mosquidron-um-gliwice-002.jpg\" \/>\n\t<meta property=\"og:image:width\" content=\"810\" \/>\n\t<meta property=\"og:image:height\" content=\"457\" \/>\n\t<meta property=\"og:image:type\" content=\"image\/jpeg\" \/>\n<meta name=\"author\" content=\"\u017baneta Mrozek-Siewierska\" \/>\n<meta name=\"twitter:card\" content=\"summary_large_image\" \/>\n<meta name=\"twitter:creator\" content=\"@24gliwice\" \/>\n<meta name=\"twitter:site\" content=\"@24gliwice\" \/>\n<meta name=\"twitter:label1\" content=\"Napisane przez\" \/>\n\t<meta name=\"twitter:data1\" content=\"\u017baneta Mrozek-Siewierska\" \/>\n\t<meta name=\"twitter:label2\" content=\"Szacowany czas czytania\" \/>\n\t<meta name=\"twitter:data2\" content=\"2 minuty\" \/>\n<script type=\"application\/ld+json\" class=\"yoast-schema-graph\">{\"@context\":\"https:\\\/\\\/schema.org\",\"@graph\":[{\"@type\":\"Article\",\"@id\":\"https:\\\/\\\/www.24gliwice.pl\\\/wiadomosci\\\/palmiarnia-miejska-zostala-doceniona-zdjecie-i-makieta-obiektu-na-wystawie-w-muzeum-narodowym\\\/#article\",\"isPartOf\":{\"@id\":\"https:\\\/\\\/www.24gliwice.pl\\\/wiadomosci\\\/palmiarnia-miejska-zostala-doceniona-zdjecie-i-makieta-obiektu-na-wystawie-w-muzeum-narodowym\\\/\"},\"author\":{\"name\":\"\u017baneta Mrozek-Siewierska\",\"@id\":\"https:\\\/\\\/www.24gliwice.pl\\\/wiadomosci\\\/#\\\/schema\\\/person\\\/e42c650edd7f2fa332be3811fb166b6e\"},\"headline\":\"Palmiarnia Miejska zosta\u0142a doceniona. Zdj\u0119cie i makieta obiektu na wystawie w Muzeum Narodowym\",\"datePublished\":\"2021-12-20T17:30:25+00:00\",\"mainEntityOfPage\":{\"@id\":\"https:\\\/\\\/www.24gliwice.pl\\\/wiadomosci\\\/palmiarnia-miejska-zostala-doceniona-zdjecie-i-makieta-obiektu-na-wystawie-w-muzeum-narodowym\\\/\"},\"wordCount\":424,\"commentCount\":0,\"publisher\":{\"@id\":\"https:\\\/\\\/www.24gliwice.pl\\\/wiadomosci\\\/#organization\"},\"image\":{\"@id\":\"https:\\\/\\\/www.24gliwice.pl\\\/wiadomosci\\\/palmiarnia-miejska-zostala-doceniona-zdjecie-i-makieta-obiektu-na-wystawie-w-muzeum-narodowym\\\/#primaryimage\"},\"thumbnailUrl\":\"https:\\\/\\\/www.24gliwice.pl\\\/wiadomosci\\\/wp-content\\\/uploads\\\/2020\\\/11\\\/palmiarnia-na-niebiesko-fot-mosquidron-um-gliwice-002.jpg\",\"keywords\":[\"PALMIARNIA\"],\"articleSection\":[\"Gliwice\",\"Najnowsze wiadomo\u015bci\"],\"inLanguage\":\"pl-PL\",\"potentialAction\":[{\"@type\":\"CommentAction\",\"name\":\"Comment\",\"target\":[\"https:\\\/\\\/www.24gliwice.pl\\\/wiadomosci\\\/palmiarnia-miejska-zostala-doceniona-zdjecie-i-makieta-obiektu-na-wystawie-w-muzeum-narodowym\\\/#respond\"]}]},{\"@type\":\"WebPage\",\"@id\":\"https:\\\/\\\/www.24gliwice.pl\\\/wiadomosci\\\/palmiarnia-miejska-zostala-doceniona-zdjecie-i-makieta-obiektu-na-wystawie-w-muzeum-narodowym\\\/\",\"url\":\"https:\\\/\\\/www.24gliwice.pl\\\/wiadomosci\\\/palmiarnia-miejska-zostala-doceniona-zdjecie-i-makieta-obiektu-na-wystawie-w-muzeum-narodowym\\\/\",\"name\":\"Palmiarnia Miejska zosta\u0142a doceniona. Zdj\u0119cie i makieta obiektu na wystawie w Muzeum Narodowym - 24GLIWICE - Portal Gliwice | codziennie nowe informacje\",\"isPartOf\":{\"@id\":\"https:\\\/\\\/www.24gliwice.pl\\\/wiadomosci\\\/#website\"},\"primaryImageOfPage\":{\"@id\":\"https:\\\/\\\/www.24gliwice.pl\\\/wiadomosci\\\/palmiarnia-miejska-zostala-doceniona-zdjecie-i-makieta-obiektu-na-wystawie-w-muzeum-narodowym\\\/#primaryimage\"},\"image\":{\"@id\":\"https:\\\/\\\/www.24gliwice.pl\\\/wiadomosci\\\/palmiarnia-miejska-zostala-doceniona-zdjecie-i-makieta-obiektu-na-wystawie-w-muzeum-narodowym\\\/#primaryimage\"},\"thumbnailUrl\":\"https:\\\/\\\/www.24gliwice.pl\\\/wiadomosci\\\/wp-content\\\/uploads\\\/2020\\\/11\\\/palmiarnia-na-niebiesko-fot-mosquidron-um-gliwice-002.jpg\",\"datePublished\":\"2021-12-20T17:30:25+00:00\",\"breadcrumb\":{\"@id\":\"https:\\\/\\\/www.24gliwice.pl\\\/wiadomosci\\\/palmiarnia-miejska-zostala-doceniona-zdjecie-i-makieta-obiektu-na-wystawie-w-muzeum-narodowym\\\/#breadcrumb\"},\"inLanguage\":\"pl-PL\",\"potentialAction\":[{\"@type\":\"ReadAction\",\"target\":[\"https:\\\/\\\/www.24gliwice.pl\\\/wiadomosci\\\/palmiarnia-miejska-zostala-doceniona-zdjecie-i-makieta-obiektu-na-wystawie-w-muzeum-narodowym\\\/\"]}]},{\"@type\":\"ImageObject\",\"inLanguage\":\"pl-PL\",\"@id\":\"https:\\\/\\\/www.24gliwice.pl\\\/wiadomosci\\\/palmiarnia-miejska-zostala-doceniona-zdjecie-i-makieta-obiektu-na-wystawie-w-muzeum-narodowym\\\/#primaryimage\",\"url\":\"https:\\\/\\\/www.24gliwice.pl\\\/wiadomosci\\\/wp-content\\\/uploads\\\/2020\\\/11\\\/palmiarnia-na-niebiesko-fot-mosquidron-um-gliwice-002.jpg\",\"contentUrl\":\"https:\\\/\\\/www.24gliwice.pl\\\/wiadomosci\\\/wp-content\\\/uploads\\\/2020\\\/11\\\/palmiarnia-na-niebiesko-fot-mosquidron-um-gliwice-002.jpg\",\"width\":810,\"height\":457,\"caption\":\"fot. Mosquidron\\\/UM Gliwice\"},{\"@type\":\"BreadcrumbList\",\"@id\":\"https:\\\/\\\/www.24gliwice.pl\\\/wiadomosci\\\/palmiarnia-miejska-zostala-doceniona-zdjecie-i-makieta-obiektu-na-wystawie-w-muzeum-narodowym\\\/#breadcrumb\",\"itemListElement\":[{\"@type\":\"ListItem\",\"position\":1,\"name\":\"Strona g\u0142\u00f3wna\",\"item\":\"https:\\\/\\\/www.24gliwice.pl\\\/wiadomosci\\\/\"},{\"@type\":\"ListItem\",\"position\":2,\"name\":\"Palmiarnia Miejska zosta\u0142a doceniona. Zdj\u0119cie i makieta obiektu na wystawie w Muzeum Narodowym\"}]},{\"@type\":\"WebSite\",\"@id\":\"https:\\\/\\\/www.24gliwice.pl\\\/wiadomosci\\\/#website\",\"url\":\"https:\\\/\\\/www.24gliwice.pl\\\/wiadomosci\\\/\",\"name\":\"24GLIWICE - Portal Gliwice | codziennie nowe wiadomo\u015bci\",\"description\":\"Portal Miejski Gliwice\",\"publisher\":{\"@id\":\"https:\\\/\\\/www.24gliwice.pl\\\/wiadomosci\\\/#organization\"},\"potentialAction\":[{\"@type\":\"SearchAction\",\"target\":{\"@type\":\"EntryPoint\",\"urlTemplate\":\"https:\\\/\\\/www.24gliwice.pl\\\/wiadomosci\\\/?s={search_term_string}\"},\"query-input\":{\"@type\":\"PropertyValueSpecification\",\"valueRequired\":true,\"valueName\":\"search_term_string\"}}],\"inLanguage\":\"pl-PL\"},{\"@type\":\"Organization\",\"@id\":\"https:\\\/\\\/www.24gliwice.pl\\\/wiadomosci\\\/#organization\",\"name\":\"24gliwice\",\"url\":\"https:\\\/\\\/www.24gliwice.pl\\\/wiadomosci\\\/\",\"logo\":{\"@type\":\"ImageObject\",\"inLanguage\":\"pl-PL\",\"@id\":\"https:\\\/\\\/www.24gliwice.pl\\\/wiadomosci\\\/#\\\/schema\\\/logo\\\/image\\\/\",\"url\":\"https:\\\/\\\/www.24gliwice.pl\\\/wiadomosci\\\/wp-content\\\/uploads\\\/2024\\\/10\\\/24gliwice-logo-696.jpg\",\"contentUrl\":\"https:\\\/\\\/www.24gliwice.pl\\\/wiadomosci\\\/wp-content\\\/uploads\\\/2024\\\/10\\\/24gliwice-logo-696.jpg\",\"width\":696,\"height\":696,\"caption\":\"24gliwice\"},\"image\":{\"@id\":\"https:\\\/\\\/www.24gliwice.pl\\\/wiadomosci\\\/#\\\/schema\\\/logo\\\/image\\\/\"},\"sameAs\":[\"https:\\\/\\\/www.facebook.com\\\/24gliwice\",\"https:\\\/\\\/x.com\\\/24gliwice\",\"https:\\\/\\\/www.youtube.com\\\/@24gliwice\"]},{\"@type\":\"Person\",\"@id\":\"https:\\\/\\\/www.24gliwice.pl\\\/wiadomosci\\\/#\\\/schema\\\/person\\\/e42c650edd7f2fa332be3811fb166b6e\",\"name\":\"\u017baneta Mrozek-Siewierska\",\"image\":{\"@type\":\"ImageObject\",\"inLanguage\":\"pl-PL\",\"@id\":\"https:\\\/\\\/www.24gliwice.pl\\\/wiadomosci\\\/wp-content\\\/uploads\\\/2021\\\/11\\\/Zaneta-M_S-zdjecie-czb-96x96.jpg\",\"url\":\"https:\\\/\\\/www.24gliwice.pl\\\/wiadomosci\\\/wp-content\\\/uploads\\\/2021\\\/11\\\/Zaneta-M_S-zdjecie-czb-96x96.jpg\",\"contentUrl\":\"https:\\\/\\\/www.24gliwice.pl\\\/wiadomosci\\\/wp-content\\\/uploads\\\/2021\\\/11\\\/Zaneta-M_S-zdjecie-czb-96x96.jpg\",\"caption\":\"\u017baneta Mrozek-Siewierska\"},\"url\":\"https:\\\/\\\/www.24gliwice.pl\\\/wiadomosci\\\/author\\\/zms\\\/\"}]}<\/script>\n<!-- \/ Yoast SEO plugin. -->","yoast_head_json":{"title":"Palmiarnia Miejska zosta\u0142a doceniona. Zdj\u0119cie i makieta obiektu na wystawie w Muzeum Narodowym - 24GLIWICE - Portal Gliwice | codziennie nowe informacje","robots":{"index":"index","follow":"follow","max-snippet":"max-snippet:-1","max-image-preview":"max-image-preview:large","max-video-preview":"max-video-preview:-1"},"canonical":"https:\/\/www.24gliwice.pl\/wiadomosci\/palmiarnia-miejska-zostala-doceniona-zdjecie-i-makieta-obiektu-na-wystawie-w-muzeum-narodowym\/","og_locale":"pl_PL","og_type":"article","og_title":"Palmiarnia Miejska zosta\u0142a doceniona. Zdj\u0119cie i makieta obiektu na wystawie w Muzeum Narodowym - 24GLIWICE - Portal Gliwice | codziennie nowe informacje","og_description":"Zdj\u0119cie i makieta Palmiarni Miejskiej trafi\u0142y na wystaw\u0119 \u201ePrzekroje. Galeria Architektury Polskiej XX i XXI wieku\u201d w Muzeum Narodowym w Krakowie. Celem ekspozycji jest pokazanie najwa\u017cniejszych dzie\u0142 polskich architekt\u00f3w i najciekawszych budynk\u00f3w z ca\u0142ego kraju. &nbsp; Wystawa w Muzeum Narodowym w Krakowie dost\u0119pna jest dla zwiedzaj\u0105cych od pi\u0105tku, 17 grudnia, w Kamienicy Szo\u0142ayskich, oddziale MNK. [&hellip;]","og_url":"https:\/\/www.24gliwice.pl\/wiadomosci\/palmiarnia-miejska-zostala-doceniona-zdjecie-i-makieta-obiektu-na-wystawie-w-muzeum-narodowym\/","og_site_name":"24GLIWICE - Portal Gliwice | codziennie nowe informacje","article_publisher":"https:\/\/www.facebook.com\/24gliwice","article_published_time":"2021-12-20T17:30:25+00:00","og_image":[{"width":810,"height":457,"url":"https:\/\/www.24gliwice.pl\/wiadomosci\/wp-content\/uploads\/2020\/11\/palmiarnia-na-niebiesko-fot-mosquidron-um-gliwice-002.jpg","type":"image\/jpeg"}],"author":"\u017baneta Mrozek-Siewierska","twitter_card":"summary_large_image","twitter_creator":"@24gliwice","twitter_site":"@24gliwice","twitter_misc":{"Napisane przez":"\u017baneta Mrozek-Siewierska","Szacowany czas czytania":"2 minuty"},"schema":{"@context":"https:\/\/schema.org","@graph":[{"@type":"Article","@id":"https:\/\/www.24gliwice.pl\/wiadomosci\/palmiarnia-miejska-zostala-doceniona-zdjecie-i-makieta-obiektu-na-wystawie-w-muzeum-narodowym\/#article","isPartOf":{"@id":"https:\/\/www.24gliwice.pl\/wiadomosci\/palmiarnia-miejska-zostala-doceniona-zdjecie-i-makieta-obiektu-na-wystawie-w-muzeum-narodowym\/"},"author":{"name":"\u017baneta Mrozek-Siewierska","@id":"https:\/\/www.24gliwice.pl\/wiadomosci\/#\/schema\/person\/e42c650edd7f2fa332be3811fb166b6e"},"headline":"Palmiarnia Miejska zosta\u0142a doceniona. Zdj\u0119cie i makieta obiektu na wystawie w Muzeum Narodowym","datePublished":"2021-12-20T17:30:25+00:00","mainEntityOfPage":{"@id":"https:\/\/www.24gliwice.pl\/wiadomosci\/palmiarnia-miejska-zostala-doceniona-zdjecie-i-makieta-obiektu-na-wystawie-w-muzeum-narodowym\/"},"wordCount":424,"commentCount":0,"publisher":{"@id":"https:\/\/www.24gliwice.pl\/wiadomosci\/#organization"},"image":{"@id":"https:\/\/www.24gliwice.pl\/wiadomosci\/palmiarnia-miejska-zostala-doceniona-zdjecie-i-makieta-obiektu-na-wystawie-w-muzeum-narodowym\/#primaryimage"},"thumbnailUrl":"https:\/\/www.24gliwice.pl\/wiadomosci\/wp-content\/uploads\/2020\/11\/palmiarnia-na-niebiesko-fot-mosquidron-um-gliwice-002.jpg","keywords":["PALMIARNIA"],"articleSection":["Gliwice","Najnowsze wiadomo\u015bci"],"inLanguage":"pl-PL","potentialAction":[{"@type":"CommentAction","name":"Comment","target":["https:\/\/www.24gliwice.pl\/wiadomosci\/palmiarnia-miejska-zostala-doceniona-zdjecie-i-makieta-obiektu-na-wystawie-w-muzeum-narodowym\/#respond"]}]},{"@type":"WebPage","@id":"https:\/\/www.24gliwice.pl\/wiadomosci\/palmiarnia-miejska-zostala-doceniona-zdjecie-i-makieta-obiektu-na-wystawie-w-muzeum-narodowym\/","url":"https:\/\/www.24gliwice.pl\/wiadomosci\/palmiarnia-miejska-zostala-doceniona-zdjecie-i-makieta-obiektu-na-wystawie-w-muzeum-narodowym\/","name":"Palmiarnia Miejska zosta\u0142a doceniona. Zdj\u0119cie i makieta obiektu na wystawie w Muzeum Narodowym - 24GLIWICE - Portal Gliwice | codziennie nowe informacje","isPartOf":{"@id":"https:\/\/www.24gliwice.pl\/wiadomosci\/#website"},"primaryImageOfPage":{"@id":"https:\/\/www.24gliwice.pl\/wiadomosci\/palmiarnia-miejska-zostala-doceniona-zdjecie-i-makieta-obiektu-na-wystawie-w-muzeum-narodowym\/#primaryimage"},"image":{"@id":"https:\/\/www.24gliwice.pl\/wiadomosci\/palmiarnia-miejska-zostala-doceniona-zdjecie-i-makieta-obiektu-na-wystawie-w-muzeum-narodowym\/#primaryimage"},"thumbnailUrl":"https:\/\/www.24gliwice.pl\/wiadomosci\/wp-content\/uploads\/2020\/11\/palmiarnia-na-niebiesko-fot-mosquidron-um-gliwice-002.jpg","datePublished":"2021-12-20T17:30:25+00:00","breadcrumb":{"@id":"https:\/\/www.24gliwice.pl\/wiadomosci\/palmiarnia-miejska-zostala-doceniona-zdjecie-i-makieta-obiektu-na-wystawie-w-muzeum-narodowym\/#breadcrumb"},"inLanguage":"pl-PL","potentialAction":[{"@type":"ReadAction","target":["https:\/\/www.24gliwice.pl\/wiadomosci\/palmiarnia-miejska-zostala-doceniona-zdjecie-i-makieta-obiektu-na-wystawie-w-muzeum-narodowym\/"]}]},{"@type":"ImageObject","inLanguage":"pl-PL","@id":"https:\/\/www.24gliwice.pl\/wiadomosci\/palmiarnia-miejska-zostala-doceniona-zdjecie-i-makieta-obiektu-na-wystawie-w-muzeum-narodowym\/#primaryimage","url":"https:\/\/www.24gliwice.pl\/wiadomosci\/wp-content\/uploads\/2020\/11\/palmiarnia-na-niebiesko-fot-mosquidron-um-gliwice-002.jpg","contentUrl":"https:\/\/www.24gliwice.pl\/wiadomosci\/wp-content\/uploads\/2020\/11\/palmiarnia-na-niebiesko-fot-mosquidron-um-gliwice-002.jpg","width":810,"height":457,"caption":"fot. Mosquidron\/UM Gliwice"},{"@type":"BreadcrumbList","@id":"https:\/\/www.24gliwice.pl\/wiadomosci\/palmiarnia-miejska-zostala-doceniona-zdjecie-i-makieta-obiektu-na-wystawie-w-muzeum-narodowym\/#breadcrumb","itemListElement":[{"@type":"ListItem","position":1,"name":"Strona g\u0142\u00f3wna","item":"https:\/\/www.24gliwice.pl\/wiadomosci\/"},{"@type":"ListItem","position":2,"name":"Palmiarnia Miejska zosta\u0142a doceniona. Zdj\u0119cie i makieta obiektu na wystawie w Muzeum Narodowym"}]},{"@type":"WebSite","@id":"https:\/\/www.24gliwice.pl\/wiadomosci\/#website","url":"https:\/\/www.24gliwice.pl\/wiadomosci\/","name":"24GLIWICE - Portal Gliwice | codziennie nowe wiadomo\u015bci","description":"Portal Miejski Gliwice","publisher":{"@id":"https:\/\/www.24gliwice.pl\/wiadomosci\/#organization"},"potentialAction":[{"@type":"SearchAction","target":{"@type":"EntryPoint","urlTemplate":"https:\/\/www.24gliwice.pl\/wiadomosci\/?s={search_term_string}"},"query-input":{"@type":"PropertyValueSpecification","valueRequired":true,"valueName":"search_term_string"}}],"inLanguage":"pl-PL"},{"@type":"Organization","@id":"https:\/\/www.24gliwice.pl\/wiadomosci\/#organization","name":"24gliwice","url":"https:\/\/www.24gliwice.pl\/wiadomosci\/","logo":{"@type":"ImageObject","inLanguage":"pl-PL","@id":"https:\/\/www.24gliwice.pl\/wiadomosci\/#\/schema\/logo\/image\/","url":"https:\/\/www.24gliwice.pl\/wiadomosci\/wp-content\/uploads\/2024\/10\/24gliwice-logo-696.jpg","contentUrl":"https:\/\/www.24gliwice.pl\/wiadomosci\/wp-content\/uploads\/2024\/10\/24gliwice-logo-696.jpg","width":696,"height":696,"caption":"24gliwice"},"image":{"@id":"https:\/\/www.24gliwice.pl\/wiadomosci\/#\/schema\/logo\/image\/"},"sameAs":["https:\/\/www.facebook.com\/24gliwice","https:\/\/x.com\/24gliwice","https:\/\/www.youtube.com\/@24gliwice"]},{"@type":"Person","@id":"https:\/\/www.24gliwice.pl\/wiadomosci\/#\/schema\/person\/e42c650edd7f2fa332be3811fb166b6e","name":"\u017baneta Mrozek-Siewierska","image":{"@type":"ImageObject","inLanguage":"pl-PL","@id":"https:\/\/www.24gliwice.pl\/wiadomosci\/wp-content\/uploads\/2021\/11\/Zaneta-M_S-zdjecie-czb-96x96.jpg","url":"https:\/\/www.24gliwice.pl\/wiadomosci\/wp-content\/uploads\/2021\/11\/Zaneta-M_S-zdjecie-czb-96x96.jpg","contentUrl":"https:\/\/www.24gliwice.pl\/wiadomosci\/wp-content\/uploads\/2021\/11\/Zaneta-M_S-zdjecie-czb-96x96.jpg","caption":"\u017baneta Mrozek-Siewierska"},"url":"https:\/\/www.24gliwice.pl\/wiadomosci\/author\/zms\/"}]}},"_links":{"self":[{"href":"https:\/\/www.24gliwice.pl\/wiadomosci\/wp-json\/wp\/v2\/posts\/183012","targetHints":{"allow":["GET"]}}],"collection":[{"href":"https:\/\/www.24gliwice.pl\/wiadomosci\/wp-json\/wp\/v2\/posts"}],"about":[{"href":"https:\/\/www.24gliwice.pl\/wiadomosci\/wp-json\/wp\/v2\/types\/post"}],"author":[{"embeddable":true,"href":"https:\/\/www.24gliwice.pl\/wiadomosci\/wp-json\/wp\/v2\/users\/15"}],"replies":[{"embeddable":true,"href":"https:\/\/www.24gliwice.pl\/wiadomosci\/wp-json\/wp\/v2\/comments?post=183012"}],"version-history":[{"count":5,"href":"https:\/\/www.24gliwice.pl\/wiadomosci\/wp-json\/wp\/v2\/posts\/183012\/revisions"}],"predecessor-version":[{"id":183126,"href":"https:\/\/www.24gliwice.pl\/wiadomosci\/wp-json\/wp\/v2\/posts\/183012\/revisions\/183126"}],"wp:featuredmedia":[{"embeddable":true,"href":"https:\/\/www.24gliwice.pl\/wiadomosci\/wp-json\/wp\/v2\/media\/160237"}],"wp:attachment":[{"href":"https:\/\/www.24gliwice.pl\/wiadomosci\/wp-json\/wp\/v2\/media?parent=183012"}],"wp:term":[{"taxonomy":"category","embeddable":true,"href":"https:\/\/www.24gliwice.pl\/wiadomosci\/wp-json\/wp\/v2\/categories?post=183012"},{"taxonomy":"post_tag","embeddable":true,"href":"https:\/\/www.24gliwice.pl\/wiadomosci\/wp-json\/wp\/v2\/tags?post=183012"}],"curies":[{"name":"wp","href":"https:\/\/api.w.org\/{rel}","templated":true}]}}