{"id":183100,"date":"2021-12-21T09:06:12","date_gmt":"2021-12-21T08:06:12","guid":{"rendered":"https:\/\/www.24gliwice.pl\/wiadomosci\/?p=183100"},"modified":"2021-12-21T09:08:03","modified_gmt":"2021-12-21T08:08:03","slug":"golec-uorkiestra-koledowanie-w-gliwicach","status":"publish","type":"post","link":"https:\/\/www.24gliwice.pl\/wiadomosci\/golec-uorkiestra-koledowanie-w-gliwicach\/","title":{"rendered":"Golec uOrkiestra \u2013 Kol\u0119dowanie w Gliwicach!"},"content":{"rendered":"<h2>Golec uOrkiestra zaprasza na wsp\u00f3lne kol\u0119dowanie w Arenie Gliwice ju\u017c 27 grudnia. Wyj\u0105tkowy koncert, wyj\u0105tkowe nastrojowe kol\u0119dy b\u0119dzie mo\u017cna us\u0142ysze\u0107 o 18:00. <\/h2>\n<p>&nbsp;<br \/>\nBilety mo\u017cna naby\u0107 ze \u015bwi\u0105teczn\u0105 20% zni\u017ck\u0105 na stronie <a href=\"http:\/\/www.artbilet.pl\" rel=\"noopener\" target=\"_blank\">www.artbilet.pl<\/a><\/p>\n<p>Osoby zaszczepione b\u0119d\u0105 proszone o okazanie certyfikatu, a pozosta\u0142e osoby b\u0119d\u0105 proszone o wype\u0142nienie o\u015bwiadczenia przed wej\u015bciem na koncert. <\/p>\n<p>Bracia Golec wiele razy udowodnili, \u017ce w kol\u0119dowaniu s\u0105 prawdziwymi mistrzami, jednak koncert \u201eKol\u0119dowanie z Janem Paw\u0142em II\u201d jest czym\u015b zupe\u0142nie unikatowym. To nie tylko zbi\u00f3r najbardziej lubianych bo\u017conarodzeniowych kol\u0119d i pastora\u0142ek, ale tak\u017ce brawurowy projekt, w kt\u00f3rym, dzi\u0119ki technologii, udzia\u0142 bierze nasz ukochany Ojciec \u015awi\u0119ty Jan Pawe\u0142 II. Istot\u0105 przedsi\u0119wzi\u0119cia jest po\u0142\u0105czenie d\u017awi\u0119kowego zapisu kol\u0119d, kt\u00f3re \u015bpiewa\u0142, z kol\u0119dami w wykonaniu muzyk\u00f3w z Mil\u00f3wki. W efekcie s\u0142uchacze odnosz\u0105 wra\u017cenie, jakby \u015awi\u0119ty Jan Pawe\u0142 II kol\u0119dowa\u0142 z Golec uOrkiestr\u0105.<\/p>\n<p><strong>Golec uOrkiestra, Arena Gliwice 27.12.2021 godz. 18:00<\/strong><br \/>\nBilety ze zni\u017ck\u0105: <a href=\"http:\/\/www.artbilet.pl\/golecuorkiestra\" rel=\"noopener\" target=\"_blank\">www.artbilet.pl\/golecuorkiestra<\/a><\/p>\n<p><strong>Na koncert zaprasza Miasto Gliwice<br \/>\n#MiastoGliwiceZaprasza<\/strong><\/p>\n<div id=\"attachment_183103\" style=\"width: 820px\" class=\"wp-caption aligncenter\"><a href=\"https:\/\/www.24gliwice.pl\/wiadomosci\/wp-content\/uploads\/2021\/12\/golec-uorkiestra-2.jpg\"><img loading=\"lazy\" decoding=\"async\" aria-describedby=\"caption-attachment-183103\" src=\"https:\/\/www.24gliwice.pl\/wiadomosci\/wp-content\/uploads\/2021\/12\/golec-uorkiestra-2.jpg\" alt=\"\" width=\"810\" height=\"540\" class=\"size-full wp-image-183103\" srcset=\"https:\/\/www.24gliwice.pl\/wiadomosci\/wp-content\/uploads\/2021\/12\/golec-uorkiestra-2.jpg 810w, https:\/\/www.24gliwice.pl\/wiadomosci\/wp-content\/uploads\/2021\/12\/golec-uorkiestra-2-348x232.jpg 348w, https:\/\/www.24gliwice.pl\/wiadomosci\/wp-content\/uploads\/2021\/12\/golec-uorkiestra-2-683x455.jpg 683w, https:\/\/www.24gliwice.pl\/wiadomosci\/wp-content\/uploads\/2021\/12\/golec-uorkiestra-2-768x512.jpg 768w\" sizes=\"auto, (max-width: 810px) 100vw, 810px\" \/><\/a><p id=\"caption-attachment-183103\" class=\"wp-caption-text\">Mat. prasowe<\/p><\/div>\n<p><small>materia\u0142 partnera<\/small><\/p>\n","protected":false},"excerpt":{"rendered":"<p>Golec uOrkiestra zaprasza na wsp\u00f3lne kol\u0119dowanie w Arenie Gliwice ju\u017c 27 grudnia. Wyj\u0105tkowy koncert, wyj\u0105tkowe nastrojowe kol\u0119dy b\u0119dzie mo\u017cna us\u0142ysze\u0107 o 18:00. &nbsp; Bilety mo\u017cna naby\u0107 ze \u015bwi\u0105teczn\u0105 20% zni\u017ck\u0105 na stronie www.artbilet.pl Osoby zaszczepione b\u0119d\u0105 proszone o okazanie certyfikatu, a pozosta\u0142e osoby b\u0119d\u0105 proszone o wype\u0142nienie o\u015bwiadczenia przed wej\u015bciem na koncert. Bracia Golec wiele [&hellip;]<\/p>\n","protected":false},"author":4,"featured_media":183102,"comment_status":"closed","ping_status":"closed","sticky":false,"template":"","format":"standard","meta":{"_monsterinsights_skip_tracking":false,"_monsterinsights_sitenote_active":false,"_monsterinsights_sitenote_note":"","_monsterinsights_sitenote_category":0,"footnotes":"","_links_to":"","_links_to_target":""},"categories":[3,6,1,1129],"tags":[3077,3073],"class_list":["post-183100","post","type-post","status-publish","format-standard","has-post-thumbnail","hentry","category-gliwice","category-kultura","category-wszystko","category-polecamy","tag-arena-gliwice","tag-golec-uorkiestra"],"yoast_head":"<!-- This site is optimized with the Yoast SEO plugin v27.4 - https:\/\/yoast.com\/product\/yoast-seo-wordpress\/ -->\n<title>Golec uOrkiestra \u2013 Kol\u0119dowanie w Gliwicach! - 24GLIWICE - Portal Gliwice | codziennie nowe informacje<\/title>\n<meta name=\"robots\" content=\"index, follow, max-snippet:-1, max-image-preview:large, max-video-preview:-1\" \/>\n<link rel=\"canonical\" href=\"https:\/\/www.24gliwice.pl\/wiadomosci\/golec-uorkiestra-koledowanie-w-gliwicach\/\" \/>\n<meta property=\"og:locale\" content=\"pl_PL\" \/>\n<meta property=\"og:type\" content=\"article\" \/>\n<meta property=\"og:title\" content=\"Golec uOrkiestra \u2013 Kol\u0119dowanie w Gliwicach! - 24GLIWICE - Portal Gliwice | codziennie nowe informacje\" \/>\n<meta property=\"og:description\" content=\"Golec uOrkiestra zaprasza na wsp\u00f3lne kol\u0119dowanie w Arenie Gliwice ju\u017c 27 grudnia. Wyj\u0105tkowy koncert, wyj\u0105tkowe nastrojowe kol\u0119dy b\u0119dzie mo\u017cna us\u0142ysze\u0107 o 18:00. &nbsp; Bilety mo\u017cna naby\u0107 ze \u015bwi\u0105teczn\u0105 20% zni\u017ck\u0105 na stronie www.artbilet.pl Osoby zaszczepione b\u0119d\u0105 proszone o okazanie certyfikatu, a pozosta\u0142e osoby b\u0119d\u0105 proszone o wype\u0142nienie o\u015bwiadczenia przed wej\u015bciem na koncert. Bracia Golec wiele [&hellip;]\" \/>\n<meta property=\"og:url\" content=\"https:\/\/www.24gliwice.pl\/wiadomosci\/golec-uorkiestra-koledowanie-w-gliwicach\/\" \/>\n<meta property=\"og:site_name\" content=\"24GLIWICE - Portal Gliwice | codziennie nowe informacje\" \/>\n<meta property=\"article:publisher\" content=\"https:\/\/www.facebook.com\/24gliwice\" \/>\n<meta property=\"article:author\" content=\"https:\/\/www.facebook.com\/marcin.fabrykowski\" \/>\n<meta property=\"article:published_time\" content=\"2021-12-21T08:06:12+00:00\" \/>\n<meta property=\"article:modified_time\" content=\"2021-12-21T08:08:03+00:00\" \/>\n<meta property=\"og:image\" content=\"https:\/\/www.24gliwice.pl\/wiadomosci\/wp-content\/uploads\/2021\/12\/golec-uorkiestra-1.jpg\" \/>\n\t<meta property=\"og:image:width\" content=\"1140\" \/>\n\t<meta property=\"og:image:height\" content=\"642\" \/>\n\t<meta property=\"og:image:type\" content=\"image\/jpeg\" \/>\n<meta name=\"author\" content=\"Marcin Fabrykowski\" \/>\n<meta name=\"twitter:card\" content=\"summary_large_image\" \/>\n<meta name=\"twitter:creator\" content=\"@24gliwice\" \/>\n<meta name=\"twitter:site\" content=\"@24gliwice\" \/>\n<meta name=\"twitter:label1\" content=\"Napisane przez\" \/>\n\t<meta name=\"twitter:data1\" content=\"Marcin Fabrykowski\" \/>\n\t<meta name=\"twitter:label2\" content=\"Szacowany czas czytania\" \/>\n\t<meta name=\"twitter:data2\" content=\"1 minuta\" \/>\n<script type=\"application\/ld+json\" class=\"yoast-schema-graph\">{\"@context\":\"https:\\\/\\\/schema.org\",\"@graph\":[{\"@type\":\"Article\",\"@id\":\"https:\\\/\\\/www.24gliwice.pl\\\/wiadomosci\\\/golec-uorkiestra-koledowanie-w-gliwicach\\\/#article\",\"isPartOf\":{\"@id\":\"https:\\\/\\\/www.24gliwice.pl\\\/wiadomosci\\\/golec-uorkiestra-koledowanie-w-gliwicach\\\/\"},\"author\":{\"name\":\"Marcin Fabrykowski\",\"@id\":\"https:\\\/\\\/www.24gliwice.pl\\\/wiadomosci\\\/#\\\/schema\\\/person\\\/cb5857e4a4d048c15984c1edcc8ef0c0\"},\"headline\":\"Golec uOrkiestra \u2013 Kol\u0119dowanie w Gliwicach!\",\"datePublished\":\"2021-12-21T08:06:12+00:00\",\"dateModified\":\"2021-12-21T08:08:03+00:00\",\"mainEntityOfPage\":{\"@id\":\"https:\\\/\\\/www.24gliwice.pl\\\/wiadomosci\\\/golec-uorkiestra-koledowanie-w-gliwicach\\\/\"},\"wordCount\":209,\"publisher\":{\"@id\":\"https:\\\/\\\/www.24gliwice.pl\\\/wiadomosci\\\/#organization\"},\"image\":{\"@id\":\"https:\\\/\\\/www.24gliwice.pl\\\/wiadomosci\\\/golec-uorkiestra-koledowanie-w-gliwicach\\\/#primaryimage\"},\"thumbnailUrl\":\"https:\\\/\\\/www.24gliwice.pl\\\/wiadomosci\\\/wp-content\\\/uploads\\\/2021\\\/12\\\/golec-uorkiestra-1.jpg\",\"keywords\":[\"ARENA GLIWICE\",\"GOLEC UORKIESTRA\"],\"articleSection\":[\"Gliwice\",\"Kultura, wydarzenia, imprezy\",\"Najnowsze wiadomo\u015bci\",\"Polecamy\"],\"inLanguage\":\"pl-PL\"},{\"@type\":\"WebPage\",\"@id\":\"https:\\\/\\\/www.24gliwice.pl\\\/wiadomosci\\\/golec-uorkiestra-koledowanie-w-gliwicach\\\/\",\"url\":\"https:\\\/\\\/www.24gliwice.pl\\\/wiadomosci\\\/golec-uorkiestra-koledowanie-w-gliwicach\\\/\",\"name\":\"Golec uOrkiestra \u2013 Kol\u0119dowanie w Gliwicach! - 24GLIWICE - Portal Gliwice | codziennie nowe informacje\",\"isPartOf\":{\"@id\":\"https:\\\/\\\/www.24gliwice.pl\\\/wiadomosci\\\/#website\"},\"primaryImageOfPage\":{\"@id\":\"https:\\\/\\\/www.24gliwice.pl\\\/wiadomosci\\\/golec-uorkiestra-koledowanie-w-gliwicach\\\/#primaryimage\"},\"image\":{\"@id\":\"https:\\\/\\\/www.24gliwice.pl\\\/wiadomosci\\\/golec-uorkiestra-koledowanie-w-gliwicach\\\/#primaryimage\"},\"thumbnailUrl\":\"https:\\\/\\\/www.24gliwice.pl\\\/wiadomosci\\\/wp-content\\\/uploads\\\/2021\\\/12\\\/golec-uorkiestra-1.jpg\",\"datePublished\":\"2021-12-21T08:06:12+00:00\",\"dateModified\":\"2021-12-21T08:08:03+00:00\",\"breadcrumb\":{\"@id\":\"https:\\\/\\\/www.24gliwice.pl\\\/wiadomosci\\\/golec-uorkiestra-koledowanie-w-gliwicach\\\/#breadcrumb\"},\"inLanguage\":\"pl-PL\",\"potentialAction\":[{\"@type\":\"ReadAction\",\"target\":[\"https:\\\/\\\/www.24gliwice.pl\\\/wiadomosci\\\/golec-uorkiestra-koledowanie-w-gliwicach\\\/\"]}]},{\"@type\":\"ImageObject\",\"inLanguage\":\"pl-PL\",\"@id\":\"https:\\\/\\\/www.24gliwice.pl\\\/wiadomosci\\\/golec-uorkiestra-koledowanie-w-gliwicach\\\/#primaryimage\",\"url\":\"https:\\\/\\\/www.24gliwice.pl\\\/wiadomosci\\\/wp-content\\\/uploads\\\/2021\\\/12\\\/golec-uorkiestra-1.jpg\",\"contentUrl\":\"https:\\\/\\\/www.24gliwice.pl\\\/wiadomosci\\\/wp-content\\\/uploads\\\/2021\\\/12\\\/golec-uorkiestra-1.jpg\",\"width\":1140,\"height\":642},{\"@type\":\"BreadcrumbList\",\"@id\":\"https:\\\/\\\/www.24gliwice.pl\\\/wiadomosci\\\/golec-uorkiestra-koledowanie-w-gliwicach\\\/#breadcrumb\",\"itemListElement\":[{\"@type\":\"ListItem\",\"position\":1,\"name\":\"Strona g\u0142\u00f3wna\",\"item\":\"https:\\\/\\\/www.24gliwice.pl\\\/wiadomosci\\\/\"},{\"@type\":\"ListItem\",\"position\":2,\"name\":\"Golec uOrkiestra \u2013 Kol\u0119dowanie w Gliwicach!\"}]},{\"@type\":\"WebSite\",\"@id\":\"https:\\\/\\\/www.24gliwice.pl\\\/wiadomosci\\\/#website\",\"url\":\"https:\\\/\\\/www.24gliwice.pl\\\/wiadomosci\\\/\",\"name\":\"24GLIWICE - Portal Gliwice | codziennie nowe wiadomo\u015bci\",\"description\":\"Portal Miejski Gliwice\",\"publisher\":{\"@id\":\"https:\\\/\\\/www.24gliwice.pl\\\/wiadomosci\\\/#organization\"},\"potentialAction\":[{\"@type\":\"SearchAction\",\"target\":{\"@type\":\"EntryPoint\",\"urlTemplate\":\"https:\\\/\\\/www.24gliwice.pl\\\/wiadomosci\\\/?s={search_term_string}\"},\"query-input\":{\"@type\":\"PropertyValueSpecification\",\"valueRequired\":true,\"valueName\":\"search_term_string\"}}],\"inLanguage\":\"pl-PL\"},{\"@type\":\"Organization\",\"@id\":\"https:\\\/\\\/www.24gliwice.pl\\\/wiadomosci\\\/#organization\",\"name\":\"24gliwice\",\"url\":\"https:\\\/\\\/www.24gliwice.pl\\\/wiadomosci\\\/\",\"logo\":{\"@type\":\"ImageObject\",\"inLanguage\":\"pl-PL\",\"@id\":\"https:\\\/\\\/www.24gliwice.pl\\\/wiadomosci\\\/#\\\/schema\\\/logo\\\/image\\\/\",\"url\":\"https:\\\/\\\/www.24gliwice.pl\\\/wiadomosci\\\/wp-content\\\/uploads\\\/2024\\\/10\\\/24gliwice-logo-696.jpg\",\"contentUrl\":\"https:\\\/\\\/www.24gliwice.pl\\\/wiadomosci\\\/wp-content\\\/uploads\\\/2024\\\/10\\\/24gliwice-logo-696.jpg\",\"width\":696,\"height\":696,\"caption\":\"24gliwice\"},\"image\":{\"@id\":\"https:\\\/\\\/www.24gliwice.pl\\\/wiadomosci\\\/#\\\/schema\\\/logo\\\/image\\\/\"},\"sameAs\":[\"https:\\\/\\\/www.facebook.com\\\/24gliwice\",\"https:\\\/\\\/x.com\\\/24gliwice\",\"https:\\\/\\\/www.youtube.com\\\/@24gliwice\"]},{\"@type\":\"Person\",\"@id\":\"https:\\\/\\\/www.24gliwice.pl\\\/wiadomosci\\\/#\\\/schema\\\/person\\\/cb5857e4a4d048c15984c1edcc8ef0c0\",\"name\":\"Marcin Fabrykowski\",\"image\":{\"@type\":\"ImageObject\",\"inLanguage\":\"pl-PL\",\"@id\":\"https:\\\/\\\/www.24gliwice.pl\\\/wiadomosci\\\/wp-content\\\/uploads\\\/2025\\\/11\\\/zdjecie-moje-marcin-300-96x96.jpg\",\"url\":\"https:\\\/\\\/www.24gliwice.pl\\\/wiadomosci\\\/wp-content\\\/uploads\\\/2025\\\/11\\\/zdjecie-moje-marcin-300-96x96.jpg\",\"contentUrl\":\"https:\\\/\\\/www.24gliwice.pl\\\/wiadomosci\\\/wp-content\\\/uploads\\\/2025\\\/11\\\/zdjecie-moje-marcin-300-96x96.jpg\",\"caption\":\"Marcin Fabrykowski\"},\"sameAs\":[\"http:\\\/\\\/24gliwice.pl\",\"https:\\\/\\\/www.facebook.com\\\/marcin.fabrykowski\"],\"url\":\"https:\\\/\\\/www.24gliwice.pl\\\/wiadomosci\\\/author\\\/marcin-fabrykowski\\\/\"}]}<\/script>\n<!-- \/ Yoast SEO plugin. -->","yoast_head_json":{"title":"Golec uOrkiestra \u2013 Kol\u0119dowanie w Gliwicach! - 24GLIWICE - Portal Gliwice | codziennie nowe informacje","robots":{"index":"index","follow":"follow","max-snippet":"max-snippet:-1","max-image-preview":"max-image-preview:large","max-video-preview":"max-video-preview:-1"},"canonical":"https:\/\/www.24gliwice.pl\/wiadomosci\/golec-uorkiestra-koledowanie-w-gliwicach\/","og_locale":"pl_PL","og_type":"article","og_title":"Golec uOrkiestra \u2013 Kol\u0119dowanie w Gliwicach! - 24GLIWICE - Portal Gliwice | codziennie nowe informacje","og_description":"Golec uOrkiestra zaprasza na wsp\u00f3lne kol\u0119dowanie w Arenie Gliwice ju\u017c 27 grudnia. Wyj\u0105tkowy koncert, wyj\u0105tkowe nastrojowe kol\u0119dy b\u0119dzie mo\u017cna us\u0142ysze\u0107 o 18:00. &nbsp; Bilety mo\u017cna naby\u0107 ze \u015bwi\u0105teczn\u0105 20% zni\u017ck\u0105 na stronie www.artbilet.pl Osoby zaszczepione b\u0119d\u0105 proszone o okazanie certyfikatu, a pozosta\u0142e osoby b\u0119d\u0105 proszone o wype\u0142nienie o\u015bwiadczenia przed wej\u015bciem na koncert. Bracia Golec wiele [&hellip;]","og_url":"https:\/\/www.24gliwice.pl\/wiadomosci\/golec-uorkiestra-koledowanie-w-gliwicach\/","og_site_name":"24GLIWICE - Portal Gliwice | codziennie nowe informacje","article_publisher":"https:\/\/www.facebook.com\/24gliwice","article_author":"https:\/\/www.facebook.com\/marcin.fabrykowski","article_published_time":"2021-12-21T08:06:12+00:00","article_modified_time":"2021-12-21T08:08:03+00:00","og_image":[{"width":1140,"height":642,"url":"https:\/\/www.24gliwice.pl\/wiadomosci\/wp-content\/uploads\/2021\/12\/golec-uorkiestra-1.jpg","type":"image\/jpeg"}],"author":"Marcin Fabrykowski","twitter_card":"summary_large_image","twitter_creator":"@24gliwice","twitter_site":"@24gliwice","twitter_misc":{"Napisane przez":"Marcin Fabrykowski","Szacowany czas czytania":"1 minuta"},"schema":{"@context":"https:\/\/schema.org","@graph":[{"@type":"Article","@id":"https:\/\/www.24gliwice.pl\/wiadomosci\/golec-uorkiestra-koledowanie-w-gliwicach\/#article","isPartOf":{"@id":"https:\/\/www.24gliwice.pl\/wiadomosci\/golec-uorkiestra-koledowanie-w-gliwicach\/"},"author":{"name":"Marcin Fabrykowski","@id":"https:\/\/www.24gliwice.pl\/wiadomosci\/#\/schema\/person\/cb5857e4a4d048c15984c1edcc8ef0c0"},"headline":"Golec uOrkiestra \u2013 Kol\u0119dowanie w Gliwicach!","datePublished":"2021-12-21T08:06:12+00:00","dateModified":"2021-12-21T08:08:03+00:00","mainEntityOfPage":{"@id":"https:\/\/www.24gliwice.pl\/wiadomosci\/golec-uorkiestra-koledowanie-w-gliwicach\/"},"wordCount":209,"publisher":{"@id":"https:\/\/www.24gliwice.pl\/wiadomosci\/#organization"},"image":{"@id":"https:\/\/www.24gliwice.pl\/wiadomosci\/golec-uorkiestra-koledowanie-w-gliwicach\/#primaryimage"},"thumbnailUrl":"https:\/\/www.24gliwice.pl\/wiadomosci\/wp-content\/uploads\/2021\/12\/golec-uorkiestra-1.jpg","keywords":["ARENA GLIWICE","GOLEC UORKIESTRA"],"articleSection":["Gliwice","Kultura, wydarzenia, imprezy","Najnowsze wiadomo\u015bci","Polecamy"],"inLanguage":"pl-PL"},{"@type":"WebPage","@id":"https:\/\/www.24gliwice.pl\/wiadomosci\/golec-uorkiestra-koledowanie-w-gliwicach\/","url":"https:\/\/www.24gliwice.pl\/wiadomosci\/golec-uorkiestra-koledowanie-w-gliwicach\/","name":"Golec uOrkiestra \u2013 Kol\u0119dowanie w Gliwicach! - 24GLIWICE - Portal Gliwice | codziennie nowe informacje","isPartOf":{"@id":"https:\/\/www.24gliwice.pl\/wiadomosci\/#website"},"primaryImageOfPage":{"@id":"https:\/\/www.24gliwice.pl\/wiadomosci\/golec-uorkiestra-koledowanie-w-gliwicach\/#primaryimage"},"image":{"@id":"https:\/\/www.24gliwice.pl\/wiadomosci\/golec-uorkiestra-koledowanie-w-gliwicach\/#primaryimage"},"thumbnailUrl":"https:\/\/www.24gliwice.pl\/wiadomosci\/wp-content\/uploads\/2021\/12\/golec-uorkiestra-1.jpg","datePublished":"2021-12-21T08:06:12+00:00","dateModified":"2021-12-21T08:08:03+00:00","breadcrumb":{"@id":"https:\/\/www.24gliwice.pl\/wiadomosci\/golec-uorkiestra-koledowanie-w-gliwicach\/#breadcrumb"},"inLanguage":"pl-PL","potentialAction":[{"@type":"ReadAction","target":["https:\/\/www.24gliwice.pl\/wiadomosci\/golec-uorkiestra-koledowanie-w-gliwicach\/"]}]},{"@type":"ImageObject","inLanguage":"pl-PL","@id":"https:\/\/www.24gliwice.pl\/wiadomosci\/golec-uorkiestra-koledowanie-w-gliwicach\/#primaryimage","url":"https:\/\/www.24gliwice.pl\/wiadomosci\/wp-content\/uploads\/2021\/12\/golec-uorkiestra-1.jpg","contentUrl":"https:\/\/www.24gliwice.pl\/wiadomosci\/wp-content\/uploads\/2021\/12\/golec-uorkiestra-1.jpg","width":1140,"height":642},{"@type":"BreadcrumbList","@id":"https:\/\/www.24gliwice.pl\/wiadomosci\/golec-uorkiestra-koledowanie-w-gliwicach\/#breadcrumb","itemListElement":[{"@type":"ListItem","position":1,"name":"Strona g\u0142\u00f3wna","item":"https:\/\/www.24gliwice.pl\/wiadomosci\/"},{"@type":"ListItem","position":2,"name":"Golec uOrkiestra \u2013 Kol\u0119dowanie w Gliwicach!"}]},{"@type":"WebSite","@id":"https:\/\/www.24gliwice.pl\/wiadomosci\/#website","url":"https:\/\/www.24gliwice.pl\/wiadomosci\/","name":"24GLIWICE - Portal Gliwice | codziennie nowe wiadomo\u015bci","description":"Portal Miejski Gliwice","publisher":{"@id":"https:\/\/www.24gliwice.pl\/wiadomosci\/#organization"},"potentialAction":[{"@type":"SearchAction","target":{"@type":"EntryPoint","urlTemplate":"https:\/\/www.24gliwice.pl\/wiadomosci\/?s={search_term_string}"},"query-input":{"@type":"PropertyValueSpecification","valueRequired":true,"valueName":"search_term_string"}}],"inLanguage":"pl-PL"},{"@type":"Organization","@id":"https:\/\/www.24gliwice.pl\/wiadomosci\/#organization","name":"24gliwice","url":"https:\/\/www.24gliwice.pl\/wiadomosci\/","logo":{"@type":"ImageObject","inLanguage":"pl-PL","@id":"https:\/\/www.24gliwice.pl\/wiadomosci\/#\/schema\/logo\/image\/","url":"https:\/\/www.24gliwice.pl\/wiadomosci\/wp-content\/uploads\/2024\/10\/24gliwice-logo-696.jpg","contentUrl":"https:\/\/www.24gliwice.pl\/wiadomosci\/wp-content\/uploads\/2024\/10\/24gliwice-logo-696.jpg","width":696,"height":696,"caption":"24gliwice"},"image":{"@id":"https:\/\/www.24gliwice.pl\/wiadomosci\/#\/schema\/logo\/image\/"},"sameAs":["https:\/\/www.facebook.com\/24gliwice","https:\/\/x.com\/24gliwice","https:\/\/www.youtube.com\/@24gliwice"]},{"@type":"Person","@id":"https:\/\/www.24gliwice.pl\/wiadomosci\/#\/schema\/person\/cb5857e4a4d048c15984c1edcc8ef0c0","name":"Marcin Fabrykowski","image":{"@type":"ImageObject","inLanguage":"pl-PL","@id":"https:\/\/www.24gliwice.pl\/wiadomosci\/wp-content\/uploads\/2025\/11\/zdjecie-moje-marcin-300-96x96.jpg","url":"https:\/\/www.24gliwice.pl\/wiadomosci\/wp-content\/uploads\/2025\/11\/zdjecie-moje-marcin-300-96x96.jpg","contentUrl":"https:\/\/www.24gliwice.pl\/wiadomosci\/wp-content\/uploads\/2025\/11\/zdjecie-moje-marcin-300-96x96.jpg","caption":"Marcin Fabrykowski"},"sameAs":["http:\/\/24gliwice.pl","https:\/\/www.facebook.com\/marcin.fabrykowski"],"url":"https:\/\/www.24gliwice.pl\/wiadomosci\/author\/marcin-fabrykowski\/"}]}},"_links":{"self":[{"href":"https:\/\/www.24gliwice.pl\/wiadomosci\/wp-json\/wp\/v2\/posts\/183100","targetHints":{"allow":["GET"]}}],"collection":[{"href":"https:\/\/www.24gliwice.pl\/wiadomosci\/wp-json\/wp\/v2\/posts"}],"about":[{"href":"https:\/\/www.24gliwice.pl\/wiadomosci\/wp-json\/wp\/v2\/types\/post"}],"author":[{"embeddable":true,"href":"https:\/\/www.24gliwice.pl\/wiadomosci\/wp-json\/wp\/v2\/users\/4"}],"replies":[{"embeddable":true,"href":"https:\/\/www.24gliwice.pl\/wiadomosci\/wp-json\/wp\/v2\/comments?post=183100"}],"version-history":[{"count":4,"href":"https:\/\/www.24gliwice.pl\/wiadomosci\/wp-json\/wp\/v2\/posts\/183100\/revisions"}],"predecessor-version":[{"id":183106,"href":"https:\/\/www.24gliwice.pl\/wiadomosci\/wp-json\/wp\/v2\/posts\/183100\/revisions\/183106"}],"wp:featuredmedia":[{"embeddable":true,"href":"https:\/\/www.24gliwice.pl\/wiadomosci\/wp-json\/wp\/v2\/media\/183102"}],"wp:attachment":[{"href":"https:\/\/www.24gliwice.pl\/wiadomosci\/wp-json\/wp\/v2\/media?parent=183100"}],"wp:term":[{"taxonomy":"category","embeddable":true,"href":"https:\/\/www.24gliwice.pl\/wiadomosci\/wp-json\/wp\/v2\/categories?post=183100"},{"taxonomy":"post_tag","embeddable":true,"href":"https:\/\/www.24gliwice.pl\/wiadomosci\/wp-json\/wp\/v2\/tags?post=183100"}],"curies":[{"name":"wp","href":"https:\/\/api.w.org\/{rel}","templated":true}]}}