{"id":183257,"date":"2021-12-22T11:36:36","date_gmt":"2021-12-22T10:36:36","guid":{"rendered":"https:\/\/www.24gliwice.pl\/wiadomosci\/?p=183257"},"modified":"2021-12-24T17:37:31","modified_gmt":"2021-12-24T16:37:31","slug":"harry-potter-20-lat-po-premierze-censor-oraz-odkupienie-swiateczne-propozycje-kina-amok","status":"publish","type":"post","link":"https:\/\/www.24gliwice.pl\/wiadomosci\/harry-potter-20-lat-po-premierze-censor-oraz-odkupienie-swiateczne-propozycje-kina-amok\/","title":{"rendered":"Harry Potter 20 lat po premierze, &#8220;Censor&#8221; oraz &#8220;Odkupienie&#8221;. \u015awi\u0105teczne propozycje kina Amok"},"content":{"rendered":"<div class=\"gliwi-a6-nad-leadem-artykulow gliwi-entity-placement\" id=\"gliwi-2933833704\"><div class=\"gliwi-adlabel\"><span style=\"font-size: 9px\">REKLAMA<\/span><\/div><div id=\"gliwi-4001180443\" style=\"margin-bottom: 25px;margin-left: auto;margin-right: auto;text-align: center;\"><a data-no-instant=\"1\" href=\"https:\/\/dom100.eu\/\" rel=\"noopener\" class=\"a2t-link\" target=\"_blank\" aria-label=\"20260415 DOM100 D\"><img loading=\"lazy\" decoding=\"async\" src=\"https:\/\/www.24gliwice.pl\/wiadomosci\/wp-content\/uploads\/2026\/04\/20260415-DOM100-D.jpg\" alt=\"\"  srcset=\"https:\/\/www.24gliwice.pl\/wiadomosci\/wp-content\/uploads\/2026\/04\/20260415-DOM100-D.jpg 750w, https:\/\/www.24gliwice.pl\/wiadomosci\/wp-content\/uploads\/2026\/04\/20260415-DOM100-D-410x109.jpg 410w\" sizes=\"(max-width: 750px) 100vw, 750px\" class=\"no-lazyload\" width=\"750\" height=\"200\"  style=\"display: inline-block; max-width: 100%; height: auto;\" \/><\/a><\/div><\/div><h2>20 lat po premierze \u201eHarry&#8217;ego Pottera i Kamienia Filozoficznego\u201d, pierwszego z serii film\u00f3w o m\u0142odym czarodzieju, kino Amok zaprasza na seans na du\u017cym ekranie. Dla doros\u0142ych widz\u00f3w b\u0119dzie to spotkanie z ulubionym bohaterem z czas\u00f3w dzieci\u0144stwa, dla m\u0142odych widz\u00f3w \u2013 by\u0107 mo\u017ce pierwsza okazja do poznania \u201ech\u0142opca, kt\u00f3ry prze\u017cy\u0142\u201d.<\/h2>\n<p>&nbsp;<br \/>\n&#8220;Harry Potter i Kamie\u0144 Filozoficzny&#8221; to rewelacyjna adaptacja ksi\u0105\u017ckowego bestsellera <strong>J.K. Rowling<\/strong>. Pierwszy film z serii, kt\u00f3ra okaza\u0142a si\u0119 kulturowym fenomenem. Obraz w re\u017cyserii <strong>Chrisa Columbusa<\/strong> jest przepi\u0119kn\u0105 i wci\u0105gaj\u0105c\u0105 opowie\u015bci\u0105 o magii, przyja\u017ani i przygodzie.<\/p>\n<blockquote><p>\u015awi\u0105teczny czas to idealny moment na pokazanie kolejnemu pokoleniu pierwszego Harry&#8217;ego w kinie. Bo kino to przecie\u017c czysta magia <\/p><\/blockquote>\n<p>\u2013 m\u00f3wi <strong>Urszula Biel<\/strong>, kierownik kina Amok.<\/p><div class=\"gliwi-a3-w-tresci-artykulow gliwi-entity-placement\" id=\"gliwi-2948312046\"><div class=\"gliwi-adlabel\"><span style=\"font-size: 9px\">REKLAMA<\/span><\/div><div id=\"gliwi-1833563964\" style=\"margin-bottom: 30px;margin-left: auto;margin-right: auto;text-align: center;\"><a data-no-instant=\"1\" href=\"https:\/\/ogrodyandersa.pl\/\" rel=\"noopener\" class=\"a2t-link\" target=\"_blank\" aria-label=\"20260415 Ogrody Andersa KUP TERAZ D\"><img loading=\"lazy\" decoding=\"async\" src=\"https:\/\/www.24gliwice.pl\/wiadomosci\/wp-content\/uploads\/2026\/04\/20260415-Ogrody-Andersa-KUP-TERAZ-D.jpg\" alt=\"\"  srcset=\"https:\/\/www.24gliwice.pl\/wiadomosci\/wp-content\/uploads\/2026\/04\/20260415-Ogrody-Andersa-KUP-TERAZ-D.jpg 750w, https:\/\/www.24gliwice.pl\/wiadomosci\/wp-content\/uploads\/2026\/04\/20260415-Ogrody-Andersa-KUP-TERAZ-D-410x109.jpg 410w\" sizes=\"(max-width: 750px) 100vw, 750px\" class=\"no-lazyload\" width=\"750\" height=\"200\"  style=\"display: inline-block; max-width: 100%; height: auto;\" \/><\/a><\/div><\/div>\n<p>Projekcja rozpocznie si\u0119 w niedziel\u0119, 26 grudnia o godzinie 19:00 na du\u017cej sali. Wszelkie przebrania i magiczne atrybuty s\u0105 mile widziane. Nowiutka miot\u0142a Nimbus 2000 albo r\u00f3\u017cd\u017cka z pi\u00f3rem feniksa? Czemu nie. <\/p>\n<p><iframe loading=\"lazy\" width=\"810\" height=\"455\" src=\"https:\/\/www.youtube.com\/embed\/VyHV0BRtdxo\" title=\"YouTube video player\" frameborder=\"0\" allow=\"accelerometer; autoplay; clipboard-write; encrypted-media; gyroscope; picture-in-picture\" allowfullscreen><\/iframe><\/p>\n<h4>Co jeszcze w kinie Amok?<\/h4>\n<p>Tegoroczna Wigilia, 24 grudnia, przypada akurat na pi\u0105tek. Dlatego tego i kolejnego dnia kino b\u0119dzie nieczynne. Widz\u00f3w zaprasza dopiero w niedziel\u0119, 26 grudnia. W\u00f3wczas, opr\u00f3cz zapowiadanego Harrego Pottera w Amoku zaplanowano dwie premiery filmowe. <\/p>\n<h4>Co niezbyt cz\u0119ste przy ulicy Dolnych Wa\u0142\u00f3w 3, wy\u015bwietlony zostanie horror\/thriller psychologiczny &#8220;Censor&#8221; opowiadaj\u0105cy o&#8230; cenzorce.<\/h4>\n<p>Film zostanie wy\u015bwietlony na ma\u0142ej sali kina o godzinie 20:15. Opis fabu\u0142y: Deszczow\u0105 i mglist\u0105 Wielk\u0105 Brytani\u0119 zalewa fala morderstw. Wed\u0142ug rz\u0105du wzrost przest\u0119pczo\u015bci ma zwi\u0105zek z video nasties* rozpowszechnionymi w kraju na nielegalnych kasetach VHS. Enid, skrupulatna cenzorka, kt\u00f3rej zadaniem jest wyci\u0119cie najbrutalniejszych scen z film\u00f3w, pracuje z zaanga\u017cowaniem i po\u015bwi\u0119ceniem. <\/p>\n<p><iframe loading=\"lazy\" width=\"810\" height=\"455\" src=\"https:\/\/www.youtube.com\/embed\/smjEYv8OM98\" title=\"YouTube video player\" frameborder=\"0\" allow=\"accelerometer; autoplay; clipboard-write; encrypted-media; gyroscope; picture-in-picture\" allowfullscreen><\/iframe><\/p>\n<p>Kiedy na jednej z recenzowanych kaset rozpoznaje swoj\u0105 zaginion\u0105 przed laty siostr\u0119, pr\u00f3buje za wszelk\u0105 cen\u0119 odkry\u0107 kim jest tajemnicza kobieta. Enid powoli zatraca si\u0119 w wyimaginowanych obrazach, kt\u00f3re zaczynaj\u0105 stawa\u0107 si\u0119 jej rzeczywisto\u015bci\u0105. Czy kobieta znajduje si\u0119 w wyre\u017cyserowanym filmie, czy mo\u017ce to w niej kryj\u0105 si\u0119 prawdziwe koszmary?<\/p>\n<h4>Drug\u0105 nowo\u015bci\u0105 wy\u015bwietlan\u0105 od 26 grudnia, b\u0119dzie ameryka\u0144ski film obyczajowy pt. &#8220;Odkupienie&#8221;. Projekcj\u0119 zaplanowano na godzin\u0119 18:15, r\u00f3wnie\u017c w ma\u0142ej sali Amoku.<\/h4>\n<p>Opis fabu\u0142y: Dwa ma\u0142\u017ce\u0144stwa spotykaj\u0105 si\u0119 pewnego dnia w przyko\u015bcielnej sali konferencyjnej. Nie od pocz\u0105tku wiadomo, jaki jest cel spotkania. Okazuje si\u0119, \u017ce pary s\u0105 rodzicami ch\u0142opc\u00f3w, kt\u00f3rzy brali udzia\u0142 w krwawej szkolnej strzelaninie. Jeden by\u0142 ofiar\u0105, drugi \u2013 napastnikiem. <\/p>\n<p><iframe loading=\"lazy\" width=\"810\" height=\"455\" src=\"https:\/\/www.youtube.com\/embed\/s7RPOnb9mvQ\" title=\"YouTube video player\" frameborder=\"0\" allow=\"accelerometer; autoplay; clipboard-write; encrypted-media; gyroscope; picture-in-picture\" allowfullscreen><\/iframe><\/p>\n<p>Kurtuazyjna rozmowa przybiera coraz bardziej dramatyczny ton, emocje si\u0119gaj\u0105 zenitu, a uczestnicy pr\u00f3buj\u0105 na w\u0142asny spos\u00f3b poradzi\u0107 sobie z tym, co zasz\u0142o, i znale\u017a\u0107 ukojenie, mo\u017ce usprawiedliwienie.<\/p>\n<p>Ca\u0142y repertuar, tak\u017ce na kolejne dni, mo\u017cna znale\u017a\u0107 na stronie <a href=\"https:\/\/amok.gliwice.pl\/repertuar\/tydzien\/\" rel=\"noopener\" target=\"_blank\">kina Amok &#8211; kliknij tu<\/a>. Tam te\u017c mo\u017cna naby\u0107 bilety drog\u0105 elektroniczn\u0105. <\/p>\n<p>(\u017cms)\/Amok Gliwice<br \/>\nfot. scr. Harry Potter i Kamie\u0144 Filozoficzny<\/p>\n<p>*Video nasty \u2013 termin ukuty w Wielkiej Brytanii w latach 80. minionego stulecia, odnosz\u0105cy si\u0119 do dystrybuowanych na wideokasetach film\u00f3w, krytykowanych przez pras\u0119 i organizacje religijne za brutalno\u015b\u0107 oraz epatowanie seksem (za wikipedia)<\/p>\n<div class=\"gliwi-a5-na-koncu-artykulow gliwi-entity-placement\" id=\"gliwi-2748531329\"><div class=\"gliwi-adlabel\"><span style=\"font-size: 9px\">REKLAMA<\/span><\/div><div id=\"gliwi-2205756607\" style=\"margin-left: auto;margin-right: auto;text-align: center;\"><a data-no-instant=\"1\" href=\"https:\/\/prezeroarenagliwice.pl\/\" rel=\"noopener\" class=\"a2t-link\" target=\"_blank\" aria-label=\"20260309-PREZERO-WIOSNA-D\"><img loading=\"lazy\" decoding=\"async\" src=\"https:\/\/www.24gliwice.pl\/wiadomosci\/wp-content\/uploads\/2026\/03\/20260309-PREZERO-WIOSNA-D.webp\" alt=\"\"  srcset=\"https:\/\/www.24gliwice.pl\/wiadomosci\/wp-content\/uploads\/2026\/03\/20260309-PREZERO-WIOSNA-D.webp 750w, https:\/\/www.24gliwice.pl\/wiadomosci\/wp-content\/uploads\/2026\/03\/20260309-PREZERO-WIOSNA-D-410x109.webp 410w\" sizes=\"(max-width: 750px) 100vw, 750px\" class=\"no-lazyload\" width=\"750\" height=\"200\"  style=\"display: inline-block; max-width: 100%; height: auto;\" \/><\/a><\/div><\/div>","protected":false},"excerpt":{"rendered":"<p>20 lat po premierze \u201eHarry&#8217;ego Pottera i Kamienia Filozoficznego\u201d, pierwszego z serii film\u00f3w o m\u0142odym czarodzieju, kino Amok zaprasza na seans na du\u017cym ekranie. Dla doros\u0142ych widz\u00f3w b\u0119dzie to spotkanie z ulubionym bohaterem z czas\u00f3w dzieci\u0144stwa, dla m\u0142odych widz\u00f3w \u2013 by\u0107 mo\u017ce pierwsza okazja do poznania \u201ech\u0142opca, kt\u00f3ry prze\u017cy\u0142\u201d. &nbsp; &#8220;Harry Potter i Kamie\u0144 Filozoficzny&#8221; [&hellip;]<\/p>\n","protected":false},"author":15,"featured_media":183269,"comment_status":"open","ping_status":"closed","sticky":false,"template":"","format":"standard","meta":{"_monsterinsights_skip_tracking":false,"_monsterinsights_sitenote_active":false,"_monsterinsights_sitenote_note":"","_monsterinsights_sitenote_category":0,"footnotes":"","_links_to":"","_links_to_target":""},"categories":[3,6,1],"tags":[256],"class_list":["post-183257","post","type-post","status-publish","format-standard","has-post-thumbnail","hentry","category-gliwice","category-kultura","category-wszystko","tag-kino-amok"],"yoast_head":"<!-- This site is optimized with the Yoast SEO plugin v27.4 - https:\/\/yoast.com\/product\/yoast-seo-wordpress\/ -->\n<title>Harry Potter 20 lat po premierze, &quot;Censor&quot; oraz &quot;Odkupienie&quot;. \u015awi\u0105teczne propozycje kina Amok - 24GLIWICE - Portal Gliwice | codziennie nowe informacje<\/title>\n<meta name=\"robots\" content=\"index, follow, max-snippet:-1, max-image-preview:large, max-video-preview:-1\" \/>\n<link rel=\"canonical\" href=\"https:\/\/www.24gliwice.pl\/wiadomosci\/harry-potter-20-lat-po-premierze-censor-oraz-odkupienie-swiateczne-propozycje-kina-amok\/\" \/>\n<meta property=\"og:locale\" content=\"pl_PL\" \/>\n<meta property=\"og:type\" content=\"article\" \/>\n<meta property=\"og:title\" content=\"Harry Potter 20 lat po premierze, &quot;Censor&quot; oraz &quot;Odkupienie&quot;. \u015awi\u0105teczne propozycje kina Amok - 24GLIWICE - Portal Gliwice | codziennie nowe informacje\" \/>\n<meta property=\"og:description\" content=\"20 lat po premierze \u201eHarry&#8217;ego Pottera i Kamienia Filozoficznego\u201d, pierwszego z serii film\u00f3w o m\u0142odym czarodzieju, kino Amok zaprasza na seans na du\u017cym ekranie. Dla doros\u0142ych widz\u00f3w b\u0119dzie to spotkanie z ulubionym bohaterem z czas\u00f3w dzieci\u0144stwa, dla m\u0142odych widz\u00f3w \u2013 by\u0107 mo\u017ce pierwsza okazja do poznania \u201ech\u0142opca, kt\u00f3ry prze\u017cy\u0142\u201d. &nbsp; &#8220;Harry Potter i Kamie\u0144 Filozoficzny&#8221; [&hellip;]\" \/>\n<meta property=\"og:url\" content=\"https:\/\/www.24gliwice.pl\/wiadomosci\/harry-potter-20-lat-po-premierze-censor-oraz-odkupienie-swiateczne-propozycje-kina-amok\/\" \/>\n<meta property=\"og:site_name\" content=\"24GLIWICE - Portal Gliwice | codziennie nowe informacje\" \/>\n<meta property=\"article:publisher\" content=\"https:\/\/www.facebook.com\/24gliwice\" \/>\n<meta property=\"article:published_time\" content=\"2021-12-22T10:36:36+00:00\" \/>\n<meta property=\"article:modified_time\" content=\"2021-12-24T16:37:31+00:00\" \/>\n<meta property=\"og:image\" content=\"https:\/\/www.24gliwice.pl\/wiadomosci\/wp-content\/uploads\/2021\/12\/Harry_potter_i_kamien_filozoficzny_2001-001.jpg\" \/>\n\t<meta property=\"og:image:width\" content=\"810\" \/>\n\t<meta property=\"og:image:height\" content=\"456\" \/>\n\t<meta property=\"og:image:type\" content=\"image\/jpeg\" \/>\n<meta name=\"author\" content=\"\u017baneta Mrozek-Siewierska\" \/>\n<meta name=\"twitter:card\" content=\"summary_large_image\" \/>\n<meta name=\"twitter:creator\" content=\"@24gliwice\" \/>\n<meta name=\"twitter:site\" content=\"@24gliwice\" \/>\n<meta name=\"twitter:label1\" content=\"Napisane przez\" \/>\n\t<meta name=\"twitter:data1\" content=\"\u017baneta Mrozek-Siewierska\" \/>\n\t<meta name=\"twitter:label2\" content=\"Szacowany czas czytania\" \/>\n\t<meta name=\"twitter:data2\" content=\"3 minuty\" \/>\n<script type=\"application\/ld+json\" class=\"yoast-schema-graph\">{\"@context\":\"https:\\\/\\\/schema.org\",\"@graph\":[{\"@type\":\"Article\",\"@id\":\"https:\\\/\\\/www.24gliwice.pl\\\/wiadomosci\\\/harry-potter-20-lat-po-premierze-censor-oraz-odkupienie-swiateczne-propozycje-kina-amok\\\/#article\",\"isPartOf\":{\"@id\":\"https:\\\/\\\/www.24gliwice.pl\\\/wiadomosci\\\/harry-potter-20-lat-po-premierze-censor-oraz-odkupienie-swiateczne-propozycje-kina-amok\\\/\"},\"author\":{\"name\":\"\u017baneta Mrozek-Siewierska\",\"@id\":\"https:\\\/\\\/www.24gliwice.pl\\\/wiadomosci\\\/#\\\/schema\\\/person\\\/e42c650edd7f2fa332be3811fb166b6e\"},\"headline\":\"Harry Potter 20 lat po premierze, &#8220;Censor&#8221; oraz &#8220;Odkupienie&#8221;. \u015awi\u0105teczne propozycje kina Amok\",\"datePublished\":\"2021-12-22T10:36:36+00:00\",\"dateModified\":\"2021-12-24T16:37:31+00:00\",\"mainEntityOfPage\":{\"@id\":\"https:\\\/\\\/www.24gliwice.pl\\\/wiadomosci\\\/harry-potter-20-lat-po-premierze-censor-oraz-odkupienie-swiateczne-propozycje-kina-amok\\\/\"},\"wordCount\":541,\"commentCount\":0,\"publisher\":{\"@id\":\"https:\\\/\\\/www.24gliwice.pl\\\/wiadomosci\\\/#organization\"},\"image\":{\"@id\":\"https:\\\/\\\/www.24gliwice.pl\\\/wiadomosci\\\/harry-potter-20-lat-po-premierze-censor-oraz-odkupienie-swiateczne-propozycje-kina-amok\\\/#primaryimage\"},\"thumbnailUrl\":\"https:\\\/\\\/www.24gliwice.pl\\\/wiadomosci\\\/wp-content\\\/uploads\\\/2021\\\/12\\\/Harry_potter_i_kamien_filozoficzny_2001-001.jpg\",\"keywords\":[\"KINO AMOK\"],\"articleSection\":[\"Gliwice\",\"Kultura, wydarzenia, imprezy\",\"Najnowsze wiadomo\u015bci\"],\"inLanguage\":\"pl-PL\",\"potentialAction\":[{\"@type\":\"CommentAction\",\"name\":\"Comment\",\"target\":[\"https:\\\/\\\/www.24gliwice.pl\\\/wiadomosci\\\/harry-potter-20-lat-po-premierze-censor-oraz-odkupienie-swiateczne-propozycje-kina-amok\\\/#respond\"]}]},{\"@type\":\"WebPage\",\"@id\":\"https:\\\/\\\/www.24gliwice.pl\\\/wiadomosci\\\/harry-potter-20-lat-po-premierze-censor-oraz-odkupienie-swiateczne-propozycje-kina-amok\\\/\",\"url\":\"https:\\\/\\\/www.24gliwice.pl\\\/wiadomosci\\\/harry-potter-20-lat-po-premierze-censor-oraz-odkupienie-swiateczne-propozycje-kina-amok\\\/\",\"name\":\"Harry Potter 20 lat po premierze, \\\"Censor\\\" oraz \\\"Odkupienie\\\". \u015awi\u0105teczne propozycje kina Amok - 24GLIWICE - Portal Gliwice | codziennie nowe informacje\",\"isPartOf\":{\"@id\":\"https:\\\/\\\/www.24gliwice.pl\\\/wiadomosci\\\/#website\"},\"primaryImageOfPage\":{\"@id\":\"https:\\\/\\\/www.24gliwice.pl\\\/wiadomosci\\\/harry-potter-20-lat-po-premierze-censor-oraz-odkupienie-swiateczne-propozycje-kina-amok\\\/#primaryimage\"},\"image\":{\"@id\":\"https:\\\/\\\/www.24gliwice.pl\\\/wiadomosci\\\/harry-potter-20-lat-po-premierze-censor-oraz-odkupienie-swiateczne-propozycje-kina-amok\\\/#primaryimage\"},\"thumbnailUrl\":\"https:\\\/\\\/www.24gliwice.pl\\\/wiadomosci\\\/wp-content\\\/uploads\\\/2021\\\/12\\\/Harry_potter_i_kamien_filozoficzny_2001-001.jpg\",\"datePublished\":\"2021-12-22T10:36:36+00:00\",\"dateModified\":\"2021-12-24T16:37:31+00:00\",\"breadcrumb\":{\"@id\":\"https:\\\/\\\/www.24gliwice.pl\\\/wiadomosci\\\/harry-potter-20-lat-po-premierze-censor-oraz-odkupienie-swiateczne-propozycje-kina-amok\\\/#breadcrumb\"},\"inLanguage\":\"pl-PL\",\"potentialAction\":[{\"@type\":\"ReadAction\",\"target\":[\"https:\\\/\\\/www.24gliwice.pl\\\/wiadomosci\\\/harry-potter-20-lat-po-premierze-censor-oraz-odkupienie-swiateczne-propozycje-kina-amok\\\/\"]}]},{\"@type\":\"ImageObject\",\"inLanguage\":\"pl-PL\",\"@id\":\"https:\\\/\\\/www.24gliwice.pl\\\/wiadomosci\\\/harry-potter-20-lat-po-premierze-censor-oraz-odkupienie-swiateczne-propozycje-kina-amok\\\/#primaryimage\",\"url\":\"https:\\\/\\\/www.24gliwice.pl\\\/wiadomosci\\\/wp-content\\\/uploads\\\/2021\\\/12\\\/Harry_potter_i_kamien_filozoficzny_2001-001.jpg\",\"contentUrl\":\"https:\\\/\\\/www.24gliwice.pl\\\/wiadomosci\\\/wp-content\\\/uploads\\\/2021\\\/12\\\/Harry_potter_i_kamien_filozoficzny_2001-001.jpg\",\"width\":810,\"height\":456},{\"@type\":\"BreadcrumbList\",\"@id\":\"https:\\\/\\\/www.24gliwice.pl\\\/wiadomosci\\\/harry-potter-20-lat-po-premierze-censor-oraz-odkupienie-swiateczne-propozycje-kina-amok\\\/#breadcrumb\",\"itemListElement\":[{\"@type\":\"ListItem\",\"position\":1,\"name\":\"Strona g\u0142\u00f3wna\",\"item\":\"https:\\\/\\\/www.24gliwice.pl\\\/wiadomosci\\\/\"},{\"@type\":\"ListItem\",\"position\":2,\"name\":\"Harry Potter 20 lat po premierze, &#8222;Censor&#8221; oraz &#8222;Odkupienie&#8221;. \u015awi\u0105teczne propozycje kina Amok\"}]},{\"@type\":\"WebSite\",\"@id\":\"https:\\\/\\\/www.24gliwice.pl\\\/wiadomosci\\\/#website\",\"url\":\"https:\\\/\\\/www.24gliwice.pl\\\/wiadomosci\\\/\",\"name\":\"24GLIWICE - Portal Gliwice | codziennie nowe wiadomo\u015bci\",\"description\":\"Portal Miejski Gliwice\",\"publisher\":{\"@id\":\"https:\\\/\\\/www.24gliwice.pl\\\/wiadomosci\\\/#organization\"},\"potentialAction\":[{\"@type\":\"SearchAction\",\"target\":{\"@type\":\"EntryPoint\",\"urlTemplate\":\"https:\\\/\\\/www.24gliwice.pl\\\/wiadomosci\\\/?s={search_term_string}\"},\"query-input\":{\"@type\":\"PropertyValueSpecification\",\"valueRequired\":true,\"valueName\":\"search_term_string\"}}],\"inLanguage\":\"pl-PL\"},{\"@type\":\"Organization\",\"@id\":\"https:\\\/\\\/www.24gliwice.pl\\\/wiadomosci\\\/#organization\",\"name\":\"24gliwice\",\"url\":\"https:\\\/\\\/www.24gliwice.pl\\\/wiadomosci\\\/\",\"logo\":{\"@type\":\"ImageObject\",\"inLanguage\":\"pl-PL\",\"@id\":\"https:\\\/\\\/www.24gliwice.pl\\\/wiadomosci\\\/#\\\/schema\\\/logo\\\/image\\\/\",\"url\":\"https:\\\/\\\/www.24gliwice.pl\\\/wiadomosci\\\/wp-content\\\/uploads\\\/2024\\\/10\\\/24gliwice-logo-696.jpg\",\"contentUrl\":\"https:\\\/\\\/www.24gliwice.pl\\\/wiadomosci\\\/wp-content\\\/uploads\\\/2024\\\/10\\\/24gliwice-logo-696.jpg\",\"width\":696,\"height\":696,\"caption\":\"24gliwice\"},\"image\":{\"@id\":\"https:\\\/\\\/www.24gliwice.pl\\\/wiadomosci\\\/#\\\/schema\\\/logo\\\/image\\\/\"},\"sameAs\":[\"https:\\\/\\\/www.facebook.com\\\/24gliwice\",\"https:\\\/\\\/x.com\\\/24gliwice\",\"https:\\\/\\\/www.youtube.com\\\/@24gliwice\"]},{\"@type\":\"Person\",\"@id\":\"https:\\\/\\\/www.24gliwice.pl\\\/wiadomosci\\\/#\\\/schema\\\/person\\\/e42c650edd7f2fa332be3811fb166b6e\",\"name\":\"\u017baneta Mrozek-Siewierska\",\"image\":{\"@type\":\"ImageObject\",\"inLanguage\":\"pl-PL\",\"@id\":\"https:\\\/\\\/www.24gliwice.pl\\\/wiadomosci\\\/wp-content\\\/uploads\\\/2021\\\/11\\\/Zaneta-M_S-zdjecie-czb-96x96.jpg\",\"url\":\"https:\\\/\\\/www.24gliwice.pl\\\/wiadomosci\\\/wp-content\\\/uploads\\\/2021\\\/11\\\/Zaneta-M_S-zdjecie-czb-96x96.jpg\",\"contentUrl\":\"https:\\\/\\\/www.24gliwice.pl\\\/wiadomosci\\\/wp-content\\\/uploads\\\/2021\\\/11\\\/Zaneta-M_S-zdjecie-czb-96x96.jpg\",\"caption\":\"\u017baneta Mrozek-Siewierska\"},\"url\":\"https:\\\/\\\/www.24gliwice.pl\\\/wiadomosci\\\/author\\\/zms\\\/\"}]}<\/script>\n<!-- \/ Yoast SEO plugin. -->","yoast_head_json":{"title":"Harry Potter 20 lat po premierze, \"Censor\" oraz \"Odkupienie\". \u015awi\u0105teczne propozycje kina Amok - 24GLIWICE - Portal Gliwice | codziennie nowe informacje","robots":{"index":"index","follow":"follow","max-snippet":"max-snippet:-1","max-image-preview":"max-image-preview:large","max-video-preview":"max-video-preview:-1"},"canonical":"https:\/\/www.24gliwice.pl\/wiadomosci\/harry-potter-20-lat-po-premierze-censor-oraz-odkupienie-swiateczne-propozycje-kina-amok\/","og_locale":"pl_PL","og_type":"article","og_title":"Harry Potter 20 lat po premierze, \"Censor\" oraz \"Odkupienie\". \u015awi\u0105teczne propozycje kina Amok - 24GLIWICE - Portal Gliwice | codziennie nowe informacje","og_description":"20 lat po premierze \u201eHarry&#8217;ego Pottera i Kamienia Filozoficznego\u201d, pierwszego z serii film\u00f3w o m\u0142odym czarodzieju, kino Amok zaprasza na seans na du\u017cym ekranie. Dla doros\u0142ych widz\u00f3w b\u0119dzie to spotkanie z ulubionym bohaterem z czas\u00f3w dzieci\u0144stwa, dla m\u0142odych widz\u00f3w \u2013 by\u0107 mo\u017ce pierwsza okazja do poznania \u201ech\u0142opca, kt\u00f3ry prze\u017cy\u0142\u201d. &nbsp; &#8220;Harry Potter i Kamie\u0144 Filozoficzny&#8221; [&hellip;]","og_url":"https:\/\/www.24gliwice.pl\/wiadomosci\/harry-potter-20-lat-po-premierze-censor-oraz-odkupienie-swiateczne-propozycje-kina-amok\/","og_site_name":"24GLIWICE - Portal Gliwice | codziennie nowe informacje","article_publisher":"https:\/\/www.facebook.com\/24gliwice","article_published_time":"2021-12-22T10:36:36+00:00","article_modified_time":"2021-12-24T16:37:31+00:00","og_image":[{"width":810,"height":456,"url":"https:\/\/www.24gliwice.pl\/wiadomosci\/wp-content\/uploads\/2021\/12\/Harry_potter_i_kamien_filozoficzny_2001-001.jpg","type":"image\/jpeg"}],"author":"\u017baneta Mrozek-Siewierska","twitter_card":"summary_large_image","twitter_creator":"@24gliwice","twitter_site":"@24gliwice","twitter_misc":{"Napisane przez":"\u017baneta Mrozek-Siewierska","Szacowany czas czytania":"3 minuty"},"schema":{"@context":"https:\/\/schema.org","@graph":[{"@type":"Article","@id":"https:\/\/www.24gliwice.pl\/wiadomosci\/harry-potter-20-lat-po-premierze-censor-oraz-odkupienie-swiateczne-propozycje-kina-amok\/#article","isPartOf":{"@id":"https:\/\/www.24gliwice.pl\/wiadomosci\/harry-potter-20-lat-po-premierze-censor-oraz-odkupienie-swiateczne-propozycje-kina-amok\/"},"author":{"name":"\u017baneta Mrozek-Siewierska","@id":"https:\/\/www.24gliwice.pl\/wiadomosci\/#\/schema\/person\/e42c650edd7f2fa332be3811fb166b6e"},"headline":"Harry Potter 20 lat po premierze, &#8220;Censor&#8221; oraz &#8220;Odkupienie&#8221;. \u015awi\u0105teczne propozycje kina Amok","datePublished":"2021-12-22T10:36:36+00:00","dateModified":"2021-12-24T16:37:31+00:00","mainEntityOfPage":{"@id":"https:\/\/www.24gliwice.pl\/wiadomosci\/harry-potter-20-lat-po-premierze-censor-oraz-odkupienie-swiateczne-propozycje-kina-amok\/"},"wordCount":541,"commentCount":0,"publisher":{"@id":"https:\/\/www.24gliwice.pl\/wiadomosci\/#organization"},"image":{"@id":"https:\/\/www.24gliwice.pl\/wiadomosci\/harry-potter-20-lat-po-premierze-censor-oraz-odkupienie-swiateczne-propozycje-kina-amok\/#primaryimage"},"thumbnailUrl":"https:\/\/www.24gliwice.pl\/wiadomosci\/wp-content\/uploads\/2021\/12\/Harry_potter_i_kamien_filozoficzny_2001-001.jpg","keywords":["KINO AMOK"],"articleSection":["Gliwice","Kultura, wydarzenia, imprezy","Najnowsze wiadomo\u015bci"],"inLanguage":"pl-PL","potentialAction":[{"@type":"CommentAction","name":"Comment","target":["https:\/\/www.24gliwice.pl\/wiadomosci\/harry-potter-20-lat-po-premierze-censor-oraz-odkupienie-swiateczne-propozycje-kina-amok\/#respond"]}]},{"@type":"WebPage","@id":"https:\/\/www.24gliwice.pl\/wiadomosci\/harry-potter-20-lat-po-premierze-censor-oraz-odkupienie-swiateczne-propozycje-kina-amok\/","url":"https:\/\/www.24gliwice.pl\/wiadomosci\/harry-potter-20-lat-po-premierze-censor-oraz-odkupienie-swiateczne-propozycje-kina-amok\/","name":"Harry Potter 20 lat po premierze, \"Censor\" oraz \"Odkupienie\". \u015awi\u0105teczne propozycje kina Amok - 24GLIWICE - Portal Gliwice | codziennie nowe informacje","isPartOf":{"@id":"https:\/\/www.24gliwice.pl\/wiadomosci\/#website"},"primaryImageOfPage":{"@id":"https:\/\/www.24gliwice.pl\/wiadomosci\/harry-potter-20-lat-po-premierze-censor-oraz-odkupienie-swiateczne-propozycje-kina-amok\/#primaryimage"},"image":{"@id":"https:\/\/www.24gliwice.pl\/wiadomosci\/harry-potter-20-lat-po-premierze-censor-oraz-odkupienie-swiateczne-propozycje-kina-amok\/#primaryimage"},"thumbnailUrl":"https:\/\/www.24gliwice.pl\/wiadomosci\/wp-content\/uploads\/2021\/12\/Harry_potter_i_kamien_filozoficzny_2001-001.jpg","datePublished":"2021-12-22T10:36:36+00:00","dateModified":"2021-12-24T16:37:31+00:00","breadcrumb":{"@id":"https:\/\/www.24gliwice.pl\/wiadomosci\/harry-potter-20-lat-po-premierze-censor-oraz-odkupienie-swiateczne-propozycje-kina-amok\/#breadcrumb"},"inLanguage":"pl-PL","potentialAction":[{"@type":"ReadAction","target":["https:\/\/www.24gliwice.pl\/wiadomosci\/harry-potter-20-lat-po-premierze-censor-oraz-odkupienie-swiateczne-propozycje-kina-amok\/"]}]},{"@type":"ImageObject","inLanguage":"pl-PL","@id":"https:\/\/www.24gliwice.pl\/wiadomosci\/harry-potter-20-lat-po-premierze-censor-oraz-odkupienie-swiateczne-propozycje-kina-amok\/#primaryimage","url":"https:\/\/www.24gliwice.pl\/wiadomosci\/wp-content\/uploads\/2021\/12\/Harry_potter_i_kamien_filozoficzny_2001-001.jpg","contentUrl":"https:\/\/www.24gliwice.pl\/wiadomosci\/wp-content\/uploads\/2021\/12\/Harry_potter_i_kamien_filozoficzny_2001-001.jpg","width":810,"height":456},{"@type":"BreadcrumbList","@id":"https:\/\/www.24gliwice.pl\/wiadomosci\/harry-potter-20-lat-po-premierze-censor-oraz-odkupienie-swiateczne-propozycje-kina-amok\/#breadcrumb","itemListElement":[{"@type":"ListItem","position":1,"name":"Strona g\u0142\u00f3wna","item":"https:\/\/www.24gliwice.pl\/wiadomosci\/"},{"@type":"ListItem","position":2,"name":"Harry Potter 20 lat po premierze, &#8222;Censor&#8221; oraz &#8222;Odkupienie&#8221;. \u015awi\u0105teczne propozycje kina Amok"}]},{"@type":"WebSite","@id":"https:\/\/www.24gliwice.pl\/wiadomosci\/#website","url":"https:\/\/www.24gliwice.pl\/wiadomosci\/","name":"24GLIWICE - Portal Gliwice | codziennie nowe wiadomo\u015bci","description":"Portal Miejski Gliwice","publisher":{"@id":"https:\/\/www.24gliwice.pl\/wiadomosci\/#organization"},"potentialAction":[{"@type":"SearchAction","target":{"@type":"EntryPoint","urlTemplate":"https:\/\/www.24gliwice.pl\/wiadomosci\/?s={search_term_string}"},"query-input":{"@type":"PropertyValueSpecification","valueRequired":true,"valueName":"search_term_string"}}],"inLanguage":"pl-PL"},{"@type":"Organization","@id":"https:\/\/www.24gliwice.pl\/wiadomosci\/#organization","name":"24gliwice","url":"https:\/\/www.24gliwice.pl\/wiadomosci\/","logo":{"@type":"ImageObject","inLanguage":"pl-PL","@id":"https:\/\/www.24gliwice.pl\/wiadomosci\/#\/schema\/logo\/image\/","url":"https:\/\/www.24gliwice.pl\/wiadomosci\/wp-content\/uploads\/2024\/10\/24gliwice-logo-696.jpg","contentUrl":"https:\/\/www.24gliwice.pl\/wiadomosci\/wp-content\/uploads\/2024\/10\/24gliwice-logo-696.jpg","width":696,"height":696,"caption":"24gliwice"},"image":{"@id":"https:\/\/www.24gliwice.pl\/wiadomosci\/#\/schema\/logo\/image\/"},"sameAs":["https:\/\/www.facebook.com\/24gliwice","https:\/\/x.com\/24gliwice","https:\/\/www.youtube.com\/@24gliwice"]},{"@type":"Person","@id":"https:\/\/www.24gliwice.pl\/wiadomosci\/#\/schema\/person\/e42c650edd7f2fa332be3811fb166b6e","name":"\u017baneta Mrozek-Siewierska","image":{"@type":"ImageObject","inLanguage":"pl-PL","@id":"https:\/\/www.24gliwice.pl\/wiadomosci\/wp-content\/uploads\/2021\/11\/Zaneta-M_S-zdjecie-czb-96x96.jpg","url":"https:\/\/www.24gliwice.pl\/wiadomosci\/wp-content\/uploads\/2021\/11\/Zaneta-M_S-zdjecie-czb-96x96.jpg","contentUrl":"https:\/\/www.24gliwice.pl\/wiadomosci\/wp-content\/uploads\/2021\/11\/Zaneta-M_S-zdjecie-czb-96x96.jpg","caption":"\u017baneta Mrozek-Siewierska"},"url":"https:\/\/www.24gliwice.pl\/wiadomosci\/author\/zms\/"}]}},"_links":{"self":[{"href":"https:\/\/www.24gliwice.pl\/wiadomosci\/wp-json\/wp\/v2\/posts\/183257","targetHints":{"allow":["GET"]}}],"collection":[{"href":"https:\/\/www.24gliwice.pl\/wiadomosci\/wp-json\/wp\/v2\/posts"}],"about":[{"href":"https:\/\/www.24gliwice.pl\/wiadomosci\/wp-json\/wp\/v2\/types\/post"}],"author":[{"embeddable":true,"href":"https:\/\/www.24gliwice.pl\/wiadomosci\/wp-json\/wp\/v2\/users\/15"}],"replies":[{"embeddable":true,"href":"https:\/\/www.24gliwice.pl\/wiadomosci\/wp-json\/wp\/v2\/comments?post=183257"}],"version-history":[{"count":15,"href":"https:\/\/www.24gliwice.pl\/wiadomosci\/wp-json\/wp\/v2\/posts\/183257\/revisions"}],"predecessor-version":[{"id":183288,"href":"https:\/\/www.24gliwice.pl\/wiadomosci\/wp-json\/wp\/v2\/posts\/183257\/revisions\/183288"}],"wp:featuredmedia":[{"embeddable":true,"href":"https:\/\/www.24gliwice.pl\/wiadomosci\/wp-json\/wp\/v2\/media\/183269"}],"wp:attachment":[{"href":"https:\/\/www.24gliwice.pl\/wiadomosci\/wp-json\/wp\/v2\/media?parent=183257"}],"wp:term":[{"taxonomy":"category","embeddable":true,"href":"https:\/\/www.24gliwice.pl\/wiadomosci\/wp-json\/wp\/v2\/categories?post=183257"},{"taxonomy":"post_tag","embeddable":true,"href":"https:\/\/www.24gliwice.pl\/wiadomosci\/wp-json\/wp\/v2\/tags?post=183257"}],"curies":[{"name":"wp","href":"https:\/\/api.w.org\/{rel}","templated":true}]}}