{"id":183314,"date":"2021-12-24T11:29:44","date_gmt":"2021-12-24T10:29:44","guid":{"rendered":"https:\/\/www.24gliwice.pl\/wiadomosci\/?p=183314"},"modified":"2021-12-24T17:31:52","modified_gmt":"2021-12-24T16:31:52","slug":"nawet-100-metrowe-wiezowce-w-centrum-gliwic-jest-nowy-plan-dla-terenu-po-focusie","status":"publish","type":"post","link":"https:\/\/www.24gliwice.pl\/wiadomosci\/nawet-100-metrowe-wiezowce-w-centrum-gliwic-jest-nowy-plan-dla-terenu-po-focusie\/","title":{"rendered":"Nawet 100-metrowe wie\u017cowce w centrum Gliwic. Jest nowy plan dla terenu &#8220;po Focusie&#8221;"},"content":{"rendered":"<div class=\"gliwi-a6-nad-leadem-artykulow gliwi-entity-placement\" id=\"gliwi-1098508080\"><div class=\"gliwi-adlabel\"><span style=\"font-size: 9px\">REKLAMA<\/span><\/div><div id=\"gliwi-5385516\" style=\"margin-bottom: 25px;margin-left: auto;margin-right: auto;text-align: center;\"><a data-no-instant=\"1\" href=\"https:\/\/dom100.eu\/\" rel=\"noopener\" class=\"a2t-link\" target=\"_blank\" aria-label=\"20260415 DOM100 D\"><img loading=\"lazy\" decoding=\"async\" src=\"https:\/\/www.24gliwice.pl\/wiadomosci\/wp-content\/uploads\/2026\/04\/20260415-DOM100-D.jpg\" alt=\"\"  srcset=\"https:\/\/www.24gliwice.pl\/wiadomosci\/wp-content\/uploads\/2026\/04\/20260415-DOM100-D.jpg 750w, https:\/\/www.24gliwice.pl\/wiadomosci\/wp-content\/uploads\/2026\/04\/20260415-DOM100-D-410x109.jpg 410w\" sizes=\"(max-width: 750px) 100vw, 750px\" class=\"no-lazyload\" width=\"750\" height=\"200\"  style=\"display: inline-block; max-width: 100%; height: auto;\" \/><\/a><\/div><\/div><h2>Zamiast betonowej pustyni: 9 wie\u017cowc\u00f3w, w tym cztery 100-metrowe &#8211; takie s\u0105 plany miasta dla obszaru &#8220;po Focusie&#8221; w rejonie ul. Piwnej i Jagiello\u0144skiej.<\/h2>\n<p>&nbsp;<br \/>\n &#8211; Dopuszczenie tak wysokiej zabudowy jest dla nas pozytywnym wyzwaniem, ale nie chcemy te\u017c, by powsta\u0142 w tym miejscu warszawski &#8220;Mordor&#8221; &#8211; m\u00f3wi\u0142a na grudniowej sesji Rady Miasta <strong>Iwona Pylypenko-Wilk<\/strong>, Naczelnik Wydzia\u0142u Planowania Przestrzennego Urz\u0119du Miejskiego w Gliwicach. <\/p>\n<p>Po wielu latach teren dawnej Huty 1 Maja (a p\u00f3\u017aniej niezrealizowanej inwestycji Parku Handlowego Focus) doczeka\u0142 si\u0119 miejscowego planu definiuj\u0105cego jego przeznaczenie. Wcze\u015bniej, rozpocz\u0119te w 2015 roku prace nad MPZP by\u0142y przerywane ze wzgl\u0119du na zainteresowanie potencjalnych inwestor\u00f3w. <\/p><div class=\"gliwi-a3-w-tresci-artykulow gliwi-entity-placement\" id=\"gliwi-3038663163\"><div class=\"gliwi-adlabel\"><span style=\"font-size: 9px\">REKLAMA<\/span><\/div><div id=\"gliwi-738343812\" style=\"margin-bottom: 30px;margin-left: auto;margin-right: auto;text-align: center;\"><a data-no-instant=\"1\" href=\"https:\/\/ogrodyandersa.pl\/\" rel=\"noopener\" class=\"a2t-link\" target=\"_blank\" aria-label=\"20260415 Ogrody Andersa KUP TERAZ D\"><img loading=\"lazy\" decoding=\"async\" src=\"https:\/\/www.24gliwice.pl\/wiadomosci\/wp-content\/uploads\/2026\/04\/20260415-Ogrody-Andersa-KUP-TERAZ-D.jpg\" alt=\"\"  srcset=\"https:\/\/www.24gliwice.pl\/wiadomosci\/wp-content\/uploads\/2026\/04\/20260415-Ogrody-Andersa-KUP-TERAZ-D.jpg 750w, https:\/\/www.24gliwice.pl\/wiadomosci\/wp-content\/uploads\/2026\/04\/20260415-Ogrody-Andersa-KUP-TERAZ-D-410x109.jpg 410w\" sizes=\"(max-width: 750px) 100vw, 750px\" class=\"no-lazyload\" width=\"750\" height=\"200\"  style=\"display: inline-block; max-width: 100%; height: auto;\" \/><\/a><\/div><\/div>\n<p>W grudniu nowy MPZP zosta\u0142 przyj\u0119ty przez Rad\u0119 Miasta. Uchwa\u0142\u0119 zosta\u0142a podj\u0119ta jednog\u0142o\u015bnie przez 23 g\u0142osuj\u0105cych radnych. <\/p>\n<p><a href=\"https:\/\/www.24gliwice.pl\/wiadomosci\/wp-content\/uploads\/2021\/12\/1-mapa-focus.jpg\"><img loading=\"lazy\" decoding=\"async\" src=\"https:\/\/www.24gliwice.pl\/wiadomosci\/wp-content\/uploads\/2021\/12\/1-mapa-focus.jpg\" alt=\"\" width=\"977\" height=\"683\" class=\"aligncenter size-full wp-image-183420\" srcset=\"https:\/\/www.24gliwice.pl\/wiadomosci\/wp-content\/uploads\/2021\/12\/1-mapa-focus.jpg 977w, https:\/\/www.24gliwice.pl\/wiadomosci\/wp-content\/uploads\/2021\/12\/1-mapa-focus-332x232.jpg 332w, https:\/\/www.24gliwice.pl\/wiadomosci\/wp-content\/uploads\/2021\/12\/1-mapa-focus-651x455.jpg 651w, https:\/\/www.24gliwice.pl\/wiadomosci\/wp-content\/uploads\/2021\/12\/1-mapa-focus-768x537.jpg 768w, https:\/\/www.24gliwice.pl\/wiadomosci\/wp-content\/uploads\/2021\/12\/1-mapa-focus-810x566.jpg 810w, https:\/\/www.24gliwice.pl\/wiadomosci\/wp-content\/uploads\/2021\/12\/1-mapa-focus-145x100.jpg 145w\" sizes=\"auto, (max-width: 977px) 100vw, 977px\" \/><\/a><\/p>\n<h4>Jakie b\u0119dzie nowe przeznaczenie dla dawnego terenu Huty 1 Maja?<\/h4>\n<p>W przewa\u017caj\u0105cej cz\u0119\u015bci us\u0142ugowe z rozmieszczeniem obiekt\u00f3w handlowych o powierzchni sprzeda\u017cy powy\u017cej 2000 m2. Od strony ul. Jagiello\u0144skiej przewidziana jest zabudowa us\u0142ugowo-mieszkaniowa. Zaplanowano tak\u017ce stworzenie drogi dojazdowej, a w centralnym punkcie teren zieleni urz\u0105dzonej (na sesji Rady Miasta Pylypenko-Wilk wskazywa\u0142a na mo\u017cliwo\u015b\u0107 utworzenia w tym miejscu targu).<\/p>\n<p>Plan przewiduje te\u017c szereg zakaz\u00f3w m.in. zakaz lokalizacji inwestycji znacz\u0105co oddzia\u0142ywuj\u0105cych na \u015brodowisko czy magazynowania odpad\u00f3w. <\/p>\n<h4>Tym co przykuwa najwi\u0119ksz\u0105 uwag\u0119 jest wysoko\u015b\u0107 mo\u017cliwej zabudowy. Jeszcze w zesz\u0142orocznym projekcie MPZP najwy\u017csze dopuszczalne budynki mia\u0142y mie\u0107 45 metr\u00f3w wysoko\u015bci. W ostatecznej wersji planu zosta\u0142o to zmienione i mo\u017cliwe jest wznoszenie zdecydowanie wy\u017cszych budynk\u00f3w &#8211; do 100 metr\u00f3w wysoko\u015bci. <\/h4>\n<p>Wie\u017cowce o takiej wysoko\u015bci mog\u0105 powsta\u0107 cztery. Dodatkowo dopuszczona jest budowa jednego wie\u017cowca 80-metrowego i czterech 60-metrowych. Jest wi\u0119c pewne, \u017ce je\u015bli dojdzie do budowy przynajmniej cz\u0119\u015bci z nich &#8211; b\u0119d\u0105 wyra\u017anie wyr\u00f3\u017cnia\u0107 si\u0119 w krajobrazie miasta. Dla por\u00f3wnania powsta\u0142e niedawno w Katowicach biurowce KTW (przy Spodku) maj\u0105 odpowiednio 66 i 134 metry wysoko\u015bci. <\/p>\n<p>W Gliwicach najwy\u017cszym obiektem jest gliwicka Radiostacja (111 metr\u00f3w wysoko\u015bci), a najwy\u017cszym budynkiem ko\u015bci\u00f3\u0142 \u015bw. Bart\u0142omieja (92 metry wysoko\u015bci).<\/p>\n<p>\u0141\u0105czna powierzchnia omawianego terenu wynosi 13,2 ha. Przyj\u0119ty przez radnych plan trzykrotnie wyk\u0142adany by\u0142 do publicznego wgl\u0105du. \u0141\u0105cznie zg\u0142oszonych zosta\u0142o pi\u0119\u0107 uwag. Z ca\u0142o\u015bci\u0105 uchwa\u0142y <a href=\"https:\/\/bip.gliwice.eu\/storage\/uchwaly\/p13485.pdf\" rel=\"noopener\" target=\"_blank\">mo\u017cna zapozna\u0107 si\u0119 pod tym linkiem<\/a>.<\/p>\n<p><strong>Micha\u0142 Szewczyk <\/strong><br \/>\ngrafika\/wizualizacje. UM Gliwice<\/p>\n<div class=\"gliwi-a5-na-koncu-artykulow gliwi-entity-placement\" id=\"gliwi-1910510733\"><div class=\"gliwi-adlabel\"><span style=\"font-size: 9px\">REKLAMA<\/span><\/div><div id=\"gliwi-4148621425\" style=\"margin-left: auto;margin-right: auto;text-align: center;\"><a data-no-instant=\"1\" href=\"https:\/\/www.jasek.pl\/\" rel=\"noopener\" class=\"a2t-link\" target=\"_blank\" aria-label=\"20200401-jasek 600\"><img loading=\"lazy\" decoding=\"async\" src=\"https:\/\/www.24gliwice.pl\/wiadomosci\/wp-content\/uploads\/2020\/04\/20200401-jasek-600.jpg\" alt=\"\"  srcset=\"https:\/\/www.24gliwice.pl\/wiadomosci\/wp-content\/uploads\/2020\/04\/20200401-jasek-600.jpg 600w, https:\/\/www.24gliwice.pl\/wiadomosci\/wp-content\/uploads\/2020\/04\/20200401-jasek-600-410x109.jpg 410w\" sizes=\"(max-width: 600px) 100vw, 600px\" class=\"no-lazyload\" width=\"600\" height=\"160\"  style=\"display: inline-block; max-width: 100%; height: auto;\" \/><\/a><\/div><\/div>","protected":false},"excerpt":{"rendered":"<p>Zamiast betonowej pustyni: 9 wie\u017cowc\u00f3w, w tym cztery 100-metrowe &#8211; takie s\u0105 plany miasta dla obszaru &#8220;po Focusie&#8221; w rejonie ul. Piwnej i Jagiello\u0144skiej. &nbsp; &#8211; Dopuszczenie tak wysokiej zabudowy jest dla nas pozytywnym wyzwaniem, ale nie chcemy te\u017c, by powsta\u0142 w tym miejscu warszawski &#8220;Mordor&#8221; &#8211; m\u00f3wi\u0142a na grudniowej sesji Rady Miasta Iwona Pylypenko-Wilk, [&hellip;]<\/p>\n","protected":false},"author":12,"featured_media":183421,"comment_status":"open","ping_status":"closed","sticky":false,"template":"","format":"standard","meta":{"_monsterinsights_skip_tracking":false,"_monsterinsights_sitenote_active":false,"_monsterinsights_sitenote_note":"","_monsterinsights_sitenote_category":0,"footnotes":"","_links_to":"","_links_to_target":""},"categories":[3,1,9,8],"tags":[3042,4920],"class_list":["post-183314","post","type-post","status-publish","format-standard","has-post-thumbnail","hentry","category-gliwice","category-wszystko","category-aktualnosci_lokalne","category-samorzad_polityka","tag-focus","tag-piwna"],"yoast_head":"<!-- This site is optimized with the Yoast SEO plugin v27.5 - https:\/\/yoast.com\/product\/yoast-seo-wordpress\/ -->\n<title>Nawet 100-metrowe wie\u017cowce w centrum Gliwic. Jest nowy plan dla terenu &quot;po Focusie&quot; - 24GLIWICE - Portal Gliwice | codziennie nowe informacje<\/title>\n<meta name=\"robots\" content=\"index, follow, max-snippet:-1, max-image-preview:large, max-video-preview:-1\" \/>\n<link rel=\"canonical\" href=\"https:\/\/www.24gliwice.pl\/wiadomosci\/nawet-100-metrowe-wiezowce-w-centrum-gliwic-jest-nowy-plan-dla-terenu-po-focusie\/\" \/>\n<meta property=\"og:locale\" content=\"pl_PL\" \/>\n<meta property=\"og:type\" content=\"article\" \/>\n<meta property=\"og:title\" content=\"Nawet 100-metrowe wie\u017cowce w centrum Gliwic. Jest nowy plan dla terenu &quot;po Focusie&quot; - 24GLIWICE - Portal Gliwice | codziennie nowe informacje\" \/>\n<meta property=\"og:description\" content=\"Zamiast betonowej pustyni: 9 wie\u017cowc\u00f3w, w tym cztery 100-metrowe &#8211; takie s\u0105 plany miasta dla obszaru &#8220;po Focusie&#8221; w rejonie ul. Piwnej i Jagiello\u0144skiej. &nbsp; &#8211; Dopuszczenie tak wysokiej zabudowy jest dla nas pozytywnym wyzwaniem, ale nie chcemy te\u017c, by powsta\u0142 w tym miejscu warszawski &#8220;Mordor&#8221; &#8211; m\u00f3wi\u0142a na grudniowej sesji Rady Miasta Iwona Pylypenko-Wilk, [&hellip;]\" \/>\n<meta property=\"og:url\" content=\"https:\/\/www.24gliwice.pl\/wiadomosci\/nawet-100-metrowe-wiezowce-w-centrum-gliwic-jest-nowy-plan-dla-terenu-po-focusie\/\" \/>\n<meta property=\"og:site_name\" content=\"24GLIWICE - Portal Gliwice | codziennie nowe informacje\" \/>\n<meta property=\"article:publisher\" content=\"https:\/\/www.facebook.com\/24gliwice\" \/>\n<meta property=\"article:published_time\" content=\"2021-12-24T10:29:44+00:00\" \/>\n<meta property=\"article:modified_time\" content=\"2021-12-24T16:31:52+00:00\" \/>\n<meta property=\"og:image\" content=\"https:\/\/www.24gliwice.pl\/wiadomosci\/wp-content\/uploads\/2021\/12\/zabudowa-focus.png.jpg\" \/>\n\t<meta property=\"og:image:width\" content=\"1052\" \/>\n\t<meta property=\"og:image:height\" content=\"540\" \/>\n\t<meta property=\"og:image:type\" content=\"image\/jpeg\" \/>\n<meta name=\"author\" content=\"Micha\u0142 Szewczyk\" \/>\n<meta name=\"twitter:card\" content=\"summary_large_image\" \/>\n<meta name=\"twitter:creator\" content=\"@24gliwice\" \/>\n<meta name=\"twitter:site\" content=\"@24gliwice\" \/>\n<meta name=\"twitter:label1\" content=\"Napisane przez\" \/>\n\t<meta name=\"twitter:data1\" content=\"Micha\u0142 Szewczyk\" \/>\n\t<meta name=\"twitter:label2\" content=\"Szacowany czas czytania\" \/>\n\t<meta name=\"twitter:data2\" content=\"2 minuty\" \/>\n<script type=\"application\/ld+json\" class=\"yoast-schema-graph\">{\"@context\":\"https:\\\/\\\/schema.org\",\"@graph\":[{\"@type\":\"Article\",\"@id\":\"https:\\\/\\\/www.24gliwice.pl\\\/wiadomosci\\\/nawet-100-metrowe-wiezowce-w-centrum-gliwic-jest-nowy-plan-dla-terenu-po-focusie\\\/#article\",\"isPartOf\":{\"@id\":\"https:\\\/\\\/www.24gliwice.pl\\\/wiadomosci\\\/nawet-100-metrowe-wiezowce-w-centrum-gliwic-jest-nowy-plan-dla-terenu-po-focusie\\\/\"},\"author\":{\"name\":\"Micha\u0142 Szewczyk\",\"@id\":\"https:\\\/\\\/www.24gliwice.pl\\\/wiadomosci\\\/#\\\/schema\\\/person\\\/940e8f8a097e322de4f463f061ef8d45\"},\"headline\":\"Nawet 100-metrowe wie\u017cowce w centrum Gliwic. Jest nowy plan dla terenu &#8220;po Focusie&#8221;\",\"datePublished\":\"2021-12-24T10:29:44+00:00\",\"dateModified\":\"2021-12-24T16:31:52+00:00\",\"mainEntityOfPage\":{\"@id\":\"https:\\\/\\\/www.24gliwice.pl\\\/wiadomosci\\\/nawet-100-metrowe-wiezowce-w-centrum-gliwic-jest-nowy-plan-dla-terenu-po-focusie\\\/\"},\"wordCount\":425,\"commentCount\":0,\"publisher\":{\"@id\":\"https:\\\/\\\/www.24gliwice.pl\\\/wiadomosci\\\/#organization\"},\"image\":{\"@id\":\"https:\\\/\\\/www.24gliwice.pl\\\/wiadomosci\\\/nawet-100-metrowe-wiezowce-w-centrum-gliwic-jest-nowy-plan-dla-terenu-po-focusie\\\/#primaryimage\"},\"thumbnailUrl\":\"https:\\\/\\\/www.24gliwice.pl\\\/wiadomosci\\\/wp-content\\\/uploads\\\/2021\\\/12\\\/zabudowa-focus.png.jpg\",\"keywords\":[\"FOCUS\",\"PIWNA\"],\"articleSection\":[\"Gliwice\",\"Najnowsze wiadomo\u015bci\",\"Portal Gliwice - Wiadomo\u015bci lokalne\",\"Samorz\u0105d, polityka\"],\"inLanguage\":\"pl-PL\",\"potentialAction\":[{\"@type\":\"CommentAction\",\"name\":\"Comment\",\"target\":[\"https:\\\/\\\/www.24gliwice.pl\\\/wiadomosci\\\/nawet-100-metrowe-wiezowce-w-centrum-gliwic-jest-nowy-plan-dla-terenu-po-focusie\\\/#respond\"]}]},{\"@type\":\"WebPage\",\"@id\":\"https:\\\/\\\/www.24gliwice.pl\\\/wiadomosci\\\/nawet-100-metrowe-wiezowce-w-centrum-gliwic-jest-nowy-plan-dla-terenu-po-focusie\\\/\",\"url\":\"https:\\\/\\\/www.24gliwice.pl\\\/wiadomosci\\\/nawet-100-metrowe-wiezowce-w-centrum-gliwic-jest-nowy-plan-dla-terenu-po-focusie\\\/\",\"name\":\"Nawet 100-metrowe wie\u017cowce w centrum Gliwic. Jest nowy plan dla terenu \\\"po Focusie\\\" - 24GLIWICE - Portal Gliwice | codziennie nowe informacje\",\"isPartOf\":{\"@id\":\"https:\\\/\\\/www.24gliwice.pl\\\/wiadomosci\\\/#website\"},\"primaryImageOfPage\":{\"@id\":\"https:\\\/\\\/www.24gliwice.pl\\\/wiadomosci\\\/nawet-100-metrowe-wiezowce-w-centrum-gliwic-jest-nowy-plan-dla-terenu-po-focusie\\\/#primaryimage\"},\"image\":{\"@id\":\"https:\\\/\\\/www.24gliwice.pl\\\/wiadomosci\\\/nawet-100-metrowe-wiezowce-w-centrum-gliwic-jest-nowy-plan-dla-terenu-po-focusie\\\/#primaryimage\"},\"thumbnailUrl\":\"https:\\\/\\\/www.24gliwice.pl\\\/wiadomosci\\\/wp-content\\\/uploads\\\/2021\\\/12\\\/zabudowa-focus.png.jpg\",\"datePublished\":\"2021-12-24T10:29:44+00:00\",\"dateModified\":\"2021-12-24T16:31:52+00:00\",\"breadcrumb\":{\"@id\":\"https:\\\/\\\/www.24gliwice.pl\\\/wiadomosci\\\/nawet-100-metrowe-wiezowce-w-centrum-gliwic-jest-nowy-plan-dla-terenu-po-focusie\\\/#breadcrumb\"},\"inLanguage\":\"pl-PL\",\"potentialAction\":[{\"@type\":\"ReadAction\",\"target\":[\"https:\\\/\\\/www.24gliwice.pl\\\/wiadomosci\\\/nawet-100-metrowe-wiezowce-w-centrum-gliwic-jest-nowy-plan-dla-terenu-po-focusie\\\/\"]}]},{\"@type\":\"ImageObject\",\"inLanguage\":\"pl-PL\",\"@id\":\"https:\\\/\\\/www.24gliwice.pl\\\/wiadomosci\\\/nawet-100-metrowe-wiezowce-w-centrum-gliwic-jest-nowy-plan-dla-terenu-po-focusie\\\/#primaryimage\",\"url\":\"https:\\\/\\\/www.24gliwice.pl\\\/wiadomosci\\\/wp-content\\\/uploads\\\/2021\\\/12\\\/zabudowa-focus.png.jpg\",\"contentUrl\":\"https:\\\/\\\/www.24gliwice.pl\\\/wiadomosci\\\/wp-content\\\/uploads\\\/2021\\\/12\\\/zabudowa-focus.png.jpg\",\"width\":1052,\"height\":540},{\"@type\":\"BreadcrumbList\",\"@id\":\"https:\\\/\\\/www.24gliwice.pl\\\/wiadomosci\\\/nawet-100-metrowe-wiezowce-w-centrum-gliwic-jest-nowy-plan-dla-terenu-po-focusie\\\/#breadcrumb\",\"itemListElement\":[{\"@type\":\"ListItem\",\"position\":1,\"name\":\"Strona g\u0142\u00f3wna\",\"item\":\"https:\\\/\\\/www.24gliwice.pl\\\/wiadomosci\\\/\"},{\"@type\":\"ListItem\",\"position\":2,\"name\":\"Nawet 100-metrowe wie\u017cowce w centrum Gliwic. Jest nowy plan dla terenu &#8222;po Focusie&#8221;\"}]},{\"@type\":\"WebSite\",\"@id\":\"https:\\\/\\\/www.24gliwice.pl\\\/wiadomosci\\\/#website\",\"url\":\"https:\\\/\\\/www.24gliwice.pl\\\/wiadomosci\\\/\",\"name\":\"24GLIWICE - Portal Gliwice | codziennie nowe wiadomo\u015bci\",\"description\":\"Portal Miejski Gliwice\",\"publisher\":{\"@id\":\"https:\\\/\\\/www.24gliwice.pl\\\/wiadomosci\\\/#organization\"},\"potentialAction\":[{\"@type\":\"SearchAction\",\"target\":{\"@type\":\"EntryPoint\",\"urlTemplate\":\"https:\\\/\\\/www.24gliwice.pl\\\/wiadomosci\\\/?s={search_term_string}\"},\"query-input\":{\"@type\":\"PropertyValueSpecification\",\"valueRequired\":true,\"valueName\":\"search_term_string\"}}],\"inLanguage\":\"pl-PL\"},{\"@type\":\"Organization\",\"@id\":\"https:\\\/\\\/www.24gliwice.pl\\\/wiadomosci\\\/#organization\",\"name\":\"24gliwice\",\"url\":\"https:\\\/\\\/www.24gliwice.pl\\\/wiadomosci\\\/\",\"logo\":{\"@type\":\"ImageObject\",\"inLanguage\":\"pl-PL\",\"@id\":\"https:\\\/\\\/www.24gliwice.pl\\\/wiadomosci\\\/#\\\/schema\\\/logo\\\/image\\\/\",\"url\":\"https:\\\/\\\/www.24gliwice.pl\\\/wiadomosci\\\/wp-content\\\/uploads\\\/2024\\\/10\\\/24gliwice-logo-696.jpg\",\"contentUrl\":\"https:\\\/\\\/www.24gliwice.pl\\\/wiadomosci\\\/wp-content\\\/uploads\\\/2024\\\/10\\\/24gliwice-logo-696.jpg\",\"width\":696,\"height\":696,\"caption\":\"24gliwice\"},\"image\":{\"@id\":\"https:\\\/\\\/www.24gliwice.pl\\\/wiadomosci\\\/#\\\/schema\\\/logo\\\/image\\\/\"},\"sameAs\":[\"https:\\\/\\\/www.facebook.com\\\/24gliwice\",\"https:\\\/\\\/x.com\\\/24gliwice\",\"https:\\\/\\\/www.youtube.com\\\/@24gliwice\"]},{\"@type\":\"Person\",\"@id\":\"https:\\\/\\\/www.24gliwice.pl\\\/wiadomosci\\\/#\\\/schema\\\/person\\\/940e8f8a097e322de4f463f061ef8d45\",\"name\":\"Micha\u0142 Szewczyk\",\"image\":{\"@type\":\"ImageObject\",\"inLanguage\":\"pl-PL\",\"@id\":\"https:\\\/\\\/secure.gravatar.com\\\/avatar\\\/771b8b6c74cd8d255e46392d605e01a86133900ef09b6ef3c8d451c9d92288cf?s=96&d=mm&r=g\",\"url\":\"https:\\\/\\\/secure.gravatar.com\\\/avatar\\\/771b8b6c74cd8d255e46392d605e01a86133900ef09b6ef3c8d451c9d92288cf?s=96&d=mm&r=g\",\"contentUrl\":\"https:\\\/\\\/secure.gravatar.com\\\/avatar\\\/771b8b6c74cd8d255e46392d605e01a86133900ef09b6ef3c8d451c9d92288cf?s=96&d=mm&r=g\",\"caption\":\"Micha\u0142 Szewczyk\"},\"sameAs\":[\"http:\\\/\\\/www.gazeta-miejska.pl\"],\"url\":\"https:\\\/\\\/www.24gliwice.pl\\\/wiadomosci\\\/author\\\/michal-szewczyk\\\/\"}]}<\/script>\n<!-- \/ Yoast SEO plugin. -->","yoast_head_json":{"title":"Nawet 100-metrowe wie\u017cowce w centrum Gliwic. Jest nowy plan dla terenu \"po Focusie\" - 24GLIWICE - Portal Gliwice | codziennie nowe informacje","robots":{"index":"index","follow":"follow","max-snippet":"max-snippet:-1","max-image-preview":"max-image-preview:large","max-video-preview":"max-video-preview:-1"},"canonical":"https:\/\/www.24gliwice.pl\/wiadomosci\/nawet-100-metrowe-wiezowce-w-centrum-gliwic-jest-nowy-plan-dla-terenu-po-focusie\/","og_locale":"pl_PL","og_type":"article","og_title":"Nawet 100-metrowe wie\u017cowce w centrum Gliwic. Jest nowy plan dla terenu \"po Focusie\" - 24GLIWICE - Portal Gliwice | codziennie nowe informacje","og_description":"Zamiast betonowej pustyni: 9 wie\u017cowc\u00f3w, w tym cztery 100-metrowe &#8211; takie s\u0105 plany miasta dla obszaru &#8220;po Focusie&#8221; w rejonie ul. Piwnej i Jagiello\u0144skiej. &nbsp; &#8211; Dopuszczenie tak wysokiej zabudowy jest dla nas pozytywnym wyzwaniem, ale nie chcemy te\u017c, by powsta\u0142 w tym miejscu warszawski &#8220;Mordor&#8221; &#8211; m\u00f3wi\u0142a na grudniowej sesji Rady Miasta Iwona Pylypenko-Wilk, [&hellip;]","og_url":"https:\/\/www.24gliwice.pl\/wiadomosci\/nawet-100-metrowe-wiezowce-w-centrum-gliwic-jest-nowy-plan-dla-terenu-po-focusie\/","og_site_name":"24GLIWICE - Portal Gliwice | codziennie nowe informacje","article_publisher":"https:\/\/www.facebook.com\/24gliwice","article_published_time":"2021-12-24T10:29:44+00:00","article_modified_time":"2021-12-24T16:31:52+00:00","og_image":[{"width":1052,"height":540,"url":"https:\/\/www.24gliwice.pl\/wiadomosci\/wp-content\/uploads\/2021\/12\/zabudowa-focus.png.jpg","type":"image\/jpeg"}],"author":"Micha\u0142 Szewczyk","twitter_card":"summary_large_image","twitter_creator":"@24gliwice","twitter_site":"@24gliwice","twitter_misc":{"Napisane przez":"Micha\u0142 Szewczyk","Szacowany czas czytania":"2 minuty"},"schema":{"@context":"https:\/\/schema.org","@graph":[{"@type":"Article","@id":"https:\/\/www.24gliwice.pl\/wiadomosci\/nawet-100-metrowe-wiezowce-w-centrum-gliwic-jest-nowy-plan-dla-terenu-po-focusie\/#article","isPartOf":{"@id":"https:\/\/www.24gliwice.pl\/wiadomosci\/nawet-100-metrowe-wiezowce-w-centrum-gliwic-jest-nowy-plan-dla-terenu-po-focusie\/"},"author":{"name":"Micha\u0142 Szewczyk","@id":"https:\/\/www.24gliwice.pl\/wiadomosci\/#\/schema\/person\/940e8f8a097e322de4f463f061ef8d45"},"headline":"Nawet 100-metrowe wie\u017cowce w centrum Gliwic. Jest nowy plan dla terenu &#8220;po Focusie&#8221;","datePublished":"2021-12-24T10:29:44+00:00","dateModified":"2021-12-24T16:31:52+00:00","mainEntityOfPage":{"@id":"https:\/\/www.24gliwice.pl\/wiadomosci\/nawet-100-metrowe-wiezowce-w-centrum-gliwic-jest-nowy-plan-dla-terenu-po-focusie\/"},"wordCount":425,"commentCount":0,"publisher":{"@id":"https:\/\/www.24gliwice.pl\/wiadomosci\/#organization"},"image":{"@id":"https:\/\/www.24gliwice.pl\/wiadomosci\/nawet-100-metrowe-wiezowce-w-centrum-gliwic-jest-nowy-plan-dla-terenu-po-focusie\/#primaryimage"},"thumbnailUrl":"https:\/\/www.24gliwice.pl\/wiadomosci\/wp-content\/uploads\/2021\/12\/zabudowa-focus.png.jpg","keywords":["FOCUS","PIWNA"],"articleSection":["Gliwice","Najnowsze wiadomo\u015bci","Portal Gliwice - Wiadomo\u015bci lokalne","Samorz\u0105d, polityka"],"inLanguage":"pl-PL","potentialAction":[{"@type":"CommentAction","name":"Comment","target":["https:\/\/www.24gliwice.pl\/wiadomosci\/nawet-100-metrowe-wiezowce-w-centrum-gliwic-jest-nowy-plan-dla-terenu-po-focusie\/#respond"]}]},{"@type":"WebPage","@id":"https:\/\/www.24gliwice.pl\/wiadomosci\/nawet-100-metrowe-wiezowce-w-centrum-gliwic-jest-nowy-plan-dla-terenu-po-focusie\/","url":"https:\/\/www.24gliwice.pl\/wiadomosci\/nawet-100-metrowe-wiezowce-w-centrum-gliwic-jest-nowy-plan-dla-terenu-po-focusie\/","name":"Nawet 100-metrowe wie\u017cowce w centrum Gliwic. Jest nowy plan dla terenu \"po Focusie\" - 24GLIWICE - Portal Gliwice | codziennie nowe informacje","isPartOf":{"@id":"https:\/\/www.24gliwice.pl\/wiadomosci\/#website"},"primaryImageOfPage":{"@id":"https:\/\/www.24gliwice.pl\/wiadomosci\/nawet-100-metrowe-wiezowce-w-centrum-gliwic-jest-nowy-plan-dla-terenu-po-focusie\/#primaryimage"},"image":{"@id":"https:\/\/www.24gliwice.pl\/wiadomosci\/nawet-100-metrowe-wiezowce-w-centrum-gliwic-jest-nowy-plan-dla-terenu-po-focusie\/#primaryimage"},"thumbnailUrl":"https:\/\/www.24gliwice.pl\/wiadomosci\/wp-content\/uploads\/2021\/12\/zabudowa-focus.png.jpg","datePublished":"2021-12-24T10:29:44+00:00","dateModified":"2021-12-24T16:31:52+00:00","breadcrumb":{"@id":"https:\/\/www.24gliwice.pl\/wiadomosci\/nawet-100-metrowe-wiezowce-w-centrum-gliwic-jest-nowy-plan-dla-terenu-po-focusie\/#breadcrumb"},"inLanguage":"pl-PL","potentialAction":[{"@type":"ReadAction","target":["https:\/\/www.24gliwice.pl\/wiadomosci\/nawet-100-metrowe-wiezowce-w-centrum-gliwic-jest-nowy-plan-dla-terenu-po-focusie\/"]}]},{"@type":"ImageObject","inLanguage":"pl-PL","@id":"https:\/\/www.24gliwice.pl\/wiadomosci\/nawet-100-metrowe-wiezowce-w-centrum-gliwic-jest-nowy-plan-dla-terenu-po-focusie\/#primaryimage","url":"https:\/\/www.24gliwice.pl\/wiadomosci\/wp-content\/uploads\/2021\/12\/zabudowa-focus.png.jpg","contentUrl":"https:\/\/www.24gliwice.pl\/wiadomosci\/wp-content\/uploads\/2021\/12\/zabudowa-focus.png.jpg","width":1052,"height":540},{"@type":"BreadcrumbList","@id":"https:\/\/www.24gliwice.pl\/wiadomosci\/nawet-100-metrowe-wiezowce-w-centrum-gliwic-jest-nowy-plan-dla-terenu-po-focusie\/#breadcrumb","itemListElement":[{"@type":"ListItem","position":1,"name":"Strona g\u0142\u00f3wna","item":"https:\/\/www.24gliwice.pl\/wiadomosci\/"},{"@type":"ListItem","position":2,"name":"Nawet 100-metrowe wie\u017cowce w centrum Gliwic. Jest nowy plan dla terenu &#8222;po Focusie&#8221;"}]},{"@type":"WebSite","@id":"https:\/\/www.24gliwice.pl\/wiadomosci\/#website","url":"https:\/\/www.24gliwice.pl\/wiadomosci\/","name":"24GLIWICE - Portal Gliwice | codziennie nowe wiadomo\u015bci","description":"Portal Miejski Gliwice","publisher":{"@id":"https:\/\/www.24gliwice.pl\/wiadomosci\/#organization"},"potentialAction":[{"@type":"SearchAction","target":{"@type":"EntryPoint","urlTemplate":"https:\/\/www.24gliwice.pl\/wiadomosci\/?s={search_term_string}"},"query-input":{"@type":"PropertyValueSpecification","valueRequired":true,"valueName":"search_term_string"}}],"inLanguage":"pl-PL"},{"@type":"Organization","@id":"https:\/\/www.24gliwice.pl\/wiadomosci\/#organization","name":"24gliwice","url":"https:\/\/www.24gliwice.pl\/wiadomosci\/","logo":{"@type":"ImageObject","inLanguage":"pl-PL","@id":"https:\/\/www.24gliwice.pl\/wiadomosci\/#\/schema\/logo\/image\/","url":"https:\/\/www.24gliwice.pl\/wiadomosci\/wp-content\/uploads\/2024\/10\/24gliwice-logo-696.jpg","contentUrl":"https:\/\/www.24gliwice.pl\/wiadomosci\/wp-content\/uploads\/2024\/10\/24gliwice-logo-696.jpg","width":696,"height":696,"caption":"24gliwice"},"image":{"@id":"https:\/\/www.24gliwice.pl\/wiadomosci\/#\/schema\/logo\/image\/"},"sameAs":["https:\/\/www.facebook.com\/24gliwice","https:\/\/x.com\/24gliwice","https:\/\/www.youtube.com\/@24gliwice"]},{"@type":"Person","@id":"https:\/\/www.24gliwice.pl\/wiadomosci\/#\/schema\/person\/940e8f8a097e322de4f463f061ef8d45","name":"Micha\u0142 Szewczyk","image":{"@type":"ImageObject","inLanguage":"pl-PL","@id":"https:\/\/secure.gravatar.com\/avatar\/771b8b6c74cd8d255e46392d605e01a86133900ef09b6ef3c8d451c9d92288cf?s=96&d=mm&r=g","url":"https:\/\/secure.gravatar.com\/avatar\/771b8b6c74cd8d255e46392d605e01a86133900ef09b6ef3c8d451c9d92288cf?s=96&d=mm&r=g","contentUrl":"https:\/\/secure.gravatar.com\/avatar\/771b8b6c74cd8d255e46392d605e01a86133900ef09b6ef3c8d451c9d92288cf?s=96&d=mm&r=g","caption":"Micha\u0142 Szewczyk"},"sameAs":["http:\/\/www.gazeta-miejska.pl"],"url":"https:\/\/www.24gliwice.pl\/wiadomosci\/author\/michal-szewczyk\/"}]}},"_links":{"self":[{"href":"https:\/\/www.24gliwice.pl\/wiadomosci\/wp-json\/wp\/v2\/posts\/183314","targetHints":{"allow":["GET"]}}],"collection":[{"href":"https:\/\/www.24gliwice.pl\/wiadomosci\/wp-json\/wp\/v2\/posts"}],"about":[{"href":"https:\/\/www.24gliwice.pl\/wiadomosci\/wp-json\/wp\/v2\/types\/post"}],"author":[{"embeddable":true,"href":"https:\/\/www.24gliwice.pl\/wiadomosci\/wp-json\/wp\/v2\/users\/12"}],"replies":[{"embeddable":true,"href":"https:\/\/www.24gliwice.pl\/wiadomosci\/wp-json\/wp\/v2\/comments?post=183314"}],"version-history":[{"count":0,"href":"https:\/\/www.24gliwice.pl\/wiadomosci\/wp-json\/wp\/v2\/posts\/183314\/revisions"}],"wp:featuredmedia":[{"embeddable":true,"href":"https:\/\/www.24gliwice.pl\/wiadomosci\/wp-json\/wp\/v2\/media\/183421"}],"wp:attachment":[{"href":"https:\/\/www.24gliwice.pl\/wiadomosci\/wp-json\/wp\/v2\/media?parent=183314"}],"wp:term":[{"taxonomy":"category","embeddable":true,"href":"https:\/\/www.24gliwice.pl\/wiadomosci\/wp-json\/wp\/v2\/categories?post=183314"},{"taxonomy":"post_tag","embeddable":true,"href":"https:\/\/www.24gliwice.pl\/wiadomosci\/wp-json\/wp\/v2\/tags?post=183314"}],"curies":[{"name":"wp","href":"https:\/\/api.w.org\/{rel}","templated":true}]}}