{"id":183600,"date":"2021-12-29T15:10:08","date_gmt":"2021-12-29T14:10:08","guid":{"rendered":"https:\/\/www.24gliwice.pl\/wiadomosci\/?p=183600"},"modified":"2021-12-29T15:10:08","modified_gmt":"2021-12-29T14:10:08","slug":"horror-lamb-i-matki-rownolegle-almodovara-na-co-jeszcze-mozna-wybrac-sie-do-kina-amok","status":"publish","type":"post","link":"https:\/\/www.24gliwice.pl\/wiadomosci\/horror-lamb-i-matki-rownolegle-almodovara-na-co-jeszcze-mozna-wybrac-sie-do-kina-amok\/","title":{"rendered":"Horror &#8220;Lamb&#8221; i &#8220;Matki r\u00f3wnoleg\u0142e&#8221; Almod\u00f3vara. Na co jeszcze mo\u017cna wybra\u0107 si\u0119 do kina Amok?"},"content":{"rendered":"<div class=\"gliwi-a6-nad-leadem-artykulow gliwi-entity-placement\" id=\"gliwi-3833863413\"><div class=\"gliwi-adlabel\"><span style=\"font-size: 9px\">REKLAMA<\/span><\/div><div id=\"gliwi-3486601899\" style=\"margin-bottom: 30px;margin-left: auto;margin-right: auto;text-align: center;\"><a data-no-instant=\"1\" href=\"https:\/\/przedszkole.halogen.org.pl\/\" rel=\"noopener\" class=\"a2t-link\" target=\"_blank\" aria-label=\"20260402-ANIMATOR-przedszkole_grafika_750x200\"><img loading=\"lazy\" decoding=\"async\" src=\"https:\/\/www.24gliwice.pl\/wiadomosci\/wp-content\/uploads\/2026\/04\/20260402-ANIMATOR-przedszkole_grafika_750x200.webp\" alt=\"\"  srcset=\"https:\/\/www.24gliwice.pl\/wiadomosci\/wp-content\/uploads\/2026\/04\/20260402-ANIMATOR-przedszkole_grafika_750x200.webp 750w, https:\/\/www.24gliwice.pl\/wiadomosci\/wp-content\/uploads\/2026\/04\/20260402-ANIMATOR-przedszkole_grafika_750x200-410x109.webp 410w\" sizes=\"(max-width: 750px) 100vw, 750px\" class=\"no-lazyload\" width=\"750\" height=\"200\"  style=\"display: inline-block; max-width: 100%; height: auto;\" \/><\/a><\/div><\/div><h2>W Sylwestra i Nowy Rok kino Amok b\u0119dzie nieczynne. Na film mo\u017cna si\u0119 wybra\u0107 w \u015brod\u0119 i czwartek (29 i 30 grudnia) lub w niedziel\u0119, 2 stycznia. W repertuarze jak zwykle znajdziemy szereg interesuj\u0105cych propozycji, w\u015br\u00f3d nich opowie\u015bci familijne, nowy horror i dramat w re\u017c. Pedro Almod\u00f3vara.<\/h2>\n<p>&nbsp;<br \/>\nAnimowany film przygodowy dla ca\u0142ej rodziny &#8220;Nasze magiczne Encanto&#8221; do najbli\u017cszego czwartku b\u0119dzie wy\u015bwietlany w du\u017cej sali kina o godzinie 15:30. Opowiada histori\u0119 niezwyk\u0142ej rodziny Madrigal. Ich pe\u0142en magii dom znajduje si\u0119 w t\u0119tni\u0105cym \u017cyciem mie\u015bcie \u2013 w cudownym i urokliwym miejscu zwanym Encanto, ukrytym w g\u00f3rach Kolumbii. <\/p>\n<p><iframe loading=\"lazy\" width=\"810\" height=\"455\" src=\"https:\/\/www.youtube.com\/embed\/f_S8yDuAoFU\" title=\"YouTube video player\" frameborder=\"0\" allow=\"accelerometer; autoplay; clipboard-write; encrypted-media; gyroscope; picture-in-picture\" allowfullscreen><\/iframe><\/p>\n<p>Magia Encanto sprawi\u0142a, \u017ce ka\u017cde dziecko w rodzinie posiada wyj\u0105tkow\u0105 moc uzdrawiania, z wyj\u0105tkiem Mirabel. Kiedy magia otaczaj\u0105ca Encanto jest w niebezpiecze\u0144stwie, Mirabel odkrywa, \u017ce to w\u0142a\u015bnie ona, jako jedyna zwyczajna osoba w tej wyj\u0105tkowej rodzinie, mo\u017ce by\u0107 jej ostatni\u0105 nadziej\u0105.<\/p><div class=\"gliwi-a3-w-tresci-artykulow gliwi-entity-placement\" id=\"gliwi-1029234537\"><div class=\"gliwi-adlabel\"><span style=\"font-size: 9px\">REKLAMA<\/span><\/div><div id=\"gliwi-2050040421\" style=\"margin-bottom: 30px;margin-left: auto;margin-right: auto;text-align: center;\"><a data-no-instant=\"1\" href=\"https:\/\/zlobek.halogen.org.pl\/\" rel=\"noopener\" class=\"a2t-link\" target=\"_blank\" aria-label=\"animator-zlobek_750x200\"><img loading=\"lazy\" decoding=\"async\" src=\"https:\/\/www.24gliwice.pl\/wiadomosci\/wp-content\/uploads\/2026\/02\/animator-zlobek_750x200.webp\" alt=\"\"  srcset=\"https:\/\/www.24gliwice.pl\/wiadomosci\/wp-content\/uploads\/2026\/02\/animator-zlobek_750x200.webp 750w, https:\/\/www.24gliwice.pl\/wiadomosci\/wp-content\/uploads\/2026\/02\/animator-zlobek_750x200-410x109.webp 410w\" sizes=\"(max-width: 750px) 100vw, 750px\" class=\"no-lazyload\" width=\"750\" height=\"200\"  style=\"display: inline-block; max-width: 100%; height: auto;\" \/><\/a><\/div><\/div>\n<h4>Matki r\u00f3wnoleg\u0142e<\/h4>\n<p>Na godzin\u0119 20:00 w czwartek, 30 grudnia, zaplanowano przedpremierowy pokaz filmu &#8220;Matki r\u00f3wnoleg\u0142e&#8221; w re\u017cyserii <strong>Pedro Almod\u00f3vara<\/strong>. Hiszpa\u0144ska produkcja z 2021 roku opowiada histori\u0119 dw\u00f3ch kobiet. Bohaterki filmu, Janis i Ana, spotykaj\u0105 si\u0119 na oddziale po\u0142o\u017cniczym. Ta pierwsza jest dojrza\u0142\u0105 kobiet\u0105, ta druga ledwie przesta\u0142a by\u0107 nastolatk\u0105. Obie s\u0105 singielkami, obie czeka samodzielne macierzy\u0144stwo. Janis wie, \u017ce sobie poradzi, Ana jest pe\u0142na obaw. <\/p>\n<h4>Wydaje si\u0119, \u017ce ich \u015bcie\u017cki ledwie si\u0119 przetn\u0105, tymczasem wi\u0119\u017a, kt\u00f3ra je po\u0142\u0105czy, oka\u017ce si\u0119 mocna jak p\u0119powina. Jak to u Almod\u00f3vara bywa: zbieg okoliczno\u015bci mo\u017ce sta\u0107 si\u0119 przeznaczeniem, a rodzina z wyboru t\u0105, kt\u00f3ra zaoferuje bezwarunkow\u0105 akceptacj\u0119 i mi\u0142o\u015b\u0107.<\/h4>\n<p>\u201eMatki r\u00f3wnoleg\u0142e\u201d to nie tylko tragikomiczna, intymna opowie\u015b\u0107 o b\u00f3lu i blasku macierzy\u0144stwa. To r\u00f3wnie\u017c mocny g\u0142os przeciw rodzinnym sekretom i ukrywaniu prawdy o przesz\u0142o\u015bci. I w\u0142a\u015bnie kobiety, kt\u00f3re tworz\u0105 pomost pomi\u0119dzy przesz\u0142o\u015bci\u0105 i przysz\u0142o\u015bci\u0105, okazuj\u0105 si\u0119 w filmie Almod\u00f3vara bezkompromisowymi rzeczniczkami otwarto\u015bci przynosz\u0105cej ulg\u0119 i oczyszczenie.<\/p>\n<p><iframe loading=\"lazy\" width=\"810\" height=\"455\" src=\"https:\/\/www.youtube.com\/embed\/asE6E7X1gOs\" title=\"YouTube video player\" frameborder=\"0\" allow=\"accelerometer; autoplay; clipboard-write; encrypted-media; gyroscope; picture-in-picture\" allowfullscreen><\/iframe><\/p>\n<h4>Kolejny horror w kinie Amok<\/h4>\n<p>Po filmie &#8220;Censor&#8221;, kt\u00f3ry nadal ogl\u0105da\u0107 mo\u017cna w kinie przy ulicy Dolnych Wa\u0142\u00f3w, do repertuaru do\u0142\u0105cza kolejny horror, tym razem islandzkiej produkcji. Akcja  &#8220;Lamb&#8221; rozgrywa si\u0119 na osamotnionej owczej farmie, kt\u00f3r\u0105 prowadzi milcz\u0105ca para, Mar\u00eda i Ingvar. Ich spokojne, wype\u0142nione prac\u0105 \u017cycie odmieni si\u0119, gdy w zagrodzie przyjdzie na \u015bwiat niezwyk\u0142a istota. Pod wp\u0142ywem niesamowitych zdarze\u0144 owce przestan\u0105 milcze\u0107, za\u015b w ludziach obudzi si\u0119 zwierz\u0119cy instynkt. <\/p>\n<h4>W p\u00f3\u0142mroku bia\u0142ych nocy, po\u015br\u00f3d surowych, nasi\u0105kni\u0119tych mg\u0142\u0105 wzg\u00f3rz zatrze si\u0119 granica pomi\u0119dzy cywilizowanym a dzikim. Wraz z tajemniczym stworzeniem narodzi si\u0119 pytanie o to, czyj\u0105 matk\u0105 tak naprawd\u0119 jest natura?<\/h4>\n<p>Oniryczny, a przy tym serwuj\u0105cy co chwil\u0119 gwa\u0142towne pobudki islandzki \u201eLamb\u201d to kolejny po \u201eMidsommar. W bia\u0142y dzie\u0144\u201d, \u201eDziedzictwie. Hereditary\u201d czy \u201eThe Lighthouse\u201d przeb\u00f3j firmowany przez ameryka\u0144skie studio A24, specjalizuj\u0105ce si\u0119 w kinie gatunkowym w mocno od\u015bwie\u017conej wersji. Cho\u0107 jednym kopytkiem tkwi w ludowych wierzeniach, ten wywo\u0142uj\u0105cy dreszcze film opowiada na wskro\u015b wsp\u00f3\u0142czesn\u0105 histori\u0119 o ciemnej stronie macierzy\u0144stwa, \u017ca\u0142obie i dziko\u015bci, kt\u00f3ra drzemie w nawet najspokojniejszych sercach.<\/p>\n<p><iframe loading=\"lazy\" width=\"810\" height=\"455\" src=\"https:\/\/www.youtube.com\/embed\/oC5osuVVlpQ\" title=\"YouTube video player\" frameborder=\"0\" allow=\"accelerometer; autoplay; clipboard-write; encrypted-media; gyroscope; picture-in-picture\" allowfullscreen><\/iframe><\/p>\n<p>Film mo\u017cna ogl\u0105da\u0107 o 19:15 w du\u017cej sali kina Amok w niedziel\u0119, 2 stycznia, a tak\u017ce w kolejne dni &#8211; 4 i 5 stycznia b\u0119dzie wy\u015bwietlany o 20:20. <\/p>\n<h4>Gwiazdka z maestro Andr\u00e9 Rieu<\/h4>\n<p>2 i 9 stycznia (niedziela) w du\u017cej sali kina Amok o godzinie 16:00 mo\u017cna ogl\u0105da\u0107 trwaj\u0105c\u0105 a\u017c 150 minut retransmisj\u0119 koncertu maestro Andr\u00e9 Rieu. <\/p>\n<p>&#8211; <em>Na t\u0119 premier\u0119 wszyscy czekali\u015bmy od dawna. Maestro nagra\u0142 to show podczas serii \u015bwi\u0105tecznych koncert\u00f3w na \u017cywo w 2019 roku i chcia\u0142 pokaza\u0107 je widzom z ca\u0142ego \u015bwiata na Gwiazdk\u0119 2020. Pandemia pokrzy\u017cowa\u0142a jednak te plany. Na szcz\u0119\u015bcie wr\u00f3cili\u015bmy do kin i w ko\u0144cu mo\u017cemy wsp\u00f3lnie obejrze\u0107 t\u0119 d\u0142ugo wyczekiwan\u0105 premier\u0119<\/em> &#8211; opisuje Amok. <\/p>\n<p><iframe loading=\"lazy\" width=\"810\" height=\"455\" src=\"https:\/\/www.youtube.com\/embed\/Rt8PdWwwx7o\" title=\"YouTube video player\" frameborder=\"0\" allow=\"accelerometer; autoplay; clipboard-write; encrypted-media; gyroscope; picture-in-picture\" allowfullscreen><\/iframe><\/p>\n<h4>Jeszcze jedna propozycja dla m\u0142odych widz\u00f3w<\/h4>\n<p>Mi\u0119dzy 4 a 6 stycznia do Amoku mo\u017cna wybra\u0107 si\u0119 te\u017c na francuski film przygodowy z 2019 roku pt. &#8220;Ch\u0142opiec z chmur&#8221;. Jest to opowie\u015b\u0107 o niezwyk\u0142ej przyja\u017ani, wielkiej odwadze i przygodzie, kt\u00f3ra odmieni \u017cycie pewnego ch\u0142opca i jego skrzydlatych przyjaci\u00f3\u0142.<\/p>\n<p><iframe loading=\"lazy\" width=\"810\" height=\"455\" src=\"https:\/\/www.youtube.com\/embed\/OOJoa8UeGdQ\" title=\"YouTube video player\" frameborder=\"0\" allow=\"accelerometer; autoplay; clipboard-write; encrypted-media; gyroscope; picture-in-picture\" allowfullscreen><\/iframe><\/p>\n<p>Dla Thomasa, ch\u0142opca zanurzonego w \u015bwiecie gier video, pomys\u0142 sp\u0119dzenia wakacji z ojcem, zapalonym ornitologiem Christianem (nagrodzony Cezarem, znany z hit\u00f3w \u201eAsteriks i Obeliks: Misja Kleopatra\u201d, \u201eNowych przyg\u00f3d Aladyna\u201d), wydaje si\u0119 koszmarem. <\/p>\n<h4>Gdy naukowiec oznajmia, \u017ce chce uczy\u0107 zagro\u017cone wygini\u0119ciem dzikie g\u0119si migrowania, ch\u0142opiec my\u015bli, \u017ce rodzic straci\u0142 rozum.<\/h4>\n<p>Ale skazany na ca\u0142odobow\u0105 opiek\u0119 nad \u015bwie\u017co wyklutymi pisklakami ch\u0142opiec przywi\u0105zuje si\u0119 coraz bardziej do skrzydlatych przyjaci\u00f3\u0142. Podniebna podr\u00f3\u017c z Norwegii a\u017c do Francji jest nie tylko ostatni\u0105 szans\u0105 na przetrwanie przeuroczych ptak\u00f3w, ale te\u017c przygod\u0105 \u017cycia dla Thomasa i wydarzeniem, kt\u00f3rym emocjonowa\u0142a si\u0119 ca\u0142a Europa.<\/p>\n<h4>Co jeszcze w kinie?<\/h4>\n<p>Ca\u0142o\u015b\u0107 repertuaru (oraz bilety online), gdzie znajdziemy takie propozycje jak &#8220;Szef roku&#8221; (komedia), &#8220;Odkupienie&#8221; (obyczajowy), &#8220;Fantazje&#8221; (komedia obyczajowa) i wspomniany &#8220;Censor&#8221; (horror) mo\u017cna znale\u017a\u0107 na stronie <a href=\"https:\/\/amok.gliwice.pl\/repertuar\/tydzien\/\" rel=\"noopener\" target=\"_blank\">kina Amok &#8211; kliknij TU<\/a>. <\/p>\n<p>(\u017cms)\/Amok Gliwice<br \/>\nfot. kadr z filmu &#8220;Lamb&#8221;\/zwiastun<\/p>\n<div class=\"gliwi-a5-na-koncu-artykulow gliwi-entity-placement\" id=\"gliwi-1712859777\"><div class=\"gliwi-adlabel\"><span style=\"font-size: 9px\">REKLAMA<\/span><\/div><div id=\"gliwi-2459447376\" style=\"margin-left: auto;margin-right: auto;text-align: center;\"><a data-no-instant=\"1\" href=\"https:\/\/prezeroarenagliwice.pl\/\" rel=\"noopener\" class=\"a2t-link\" target=\"_blank\" aria-label=\"20260309-PREZERO-WIOSNA-D\"><img loading=\"lazy\" decoding=\"async\" src=\"https:\/\/www.24gliwice.pl\/wiadomosci\/wp-content\/uploads\/2026\/03\/20260309-PREZERO-WIOSNA-D.webp\" alt=\"\"  srcset=\"https:\/\/www.24gliwice.pl\/wiadomosci\/wp-content\/uploads\/2026\/03\/20260309-PREZERO-WIOSNA-D.webp 750w, https:\/\/www.24gliwice.pl\/wiadomosci\/wp-content\/uploads\/2026\/03\/20260309-PREZERO-WIOSNA-D-410x109.webp 410w\" sizes=\"(max-width: 750px) 100vw, 750px\" class=\"no-lazyload\" width=\"750\" height=\"200\"  style=\"display: inline-block; max-width: 100%; height: auto;\" \/><\/a><\/div><\/div>","protected":false},"excerpt":{"rendered":"<p>W Sylwestra i Nowy Rok kino Amok b\u0119dzie nieczynne. Na film mo\u017cna si\u0119 wybra\u0107 w \u015brod\u0119 i czwartek (29 i 30 grudnia) lub w niedziel\u0119, 2 stycznia. W repertuarze jak zwykle znajdziemy szereg interesuj\u0105cych propozycji, w\u015br\u00f3d nich opowie\u015bci familijne, nowy horror i dramat w re\u017c. Pedro Almod\u00f3vara. &nbsp; Animowany film przygodowy dla ca\u0142ej rodziny &#8220;Nasze [&hellip;]<\/p>\n","protected":false},"author":15,"featured_media":183604,"comment_status":"open","ping_status":"closed","sticky":false,"template":"","format":"standard","meta":{"_monsterinsights_skip_tracking":false,"_monsterinsights_sitenote_active":false,"_monsterinsights_sitenote_note":"","_monsterinsights_sitenote_category":0,"footnotes":"","_links_to":"","_links_to_target":""},"categories":[3,6,1],"tags":[20482],"class_list":["post-183600","post","type-post","status-publish","format-standard","has-post-thumbnail","hentry","category-gliwice","category-kultura","category-wszystko","tag-repertuar-kina-amok"],"yoast_head":"<!-- This site is optimized with the Yoast SEO plugin v27.4 - https:\/\/yoast.com\/product\/yoast-seo-wordpress\/ -->\n<title>Horror &quot;Lamb&quot; i &quot;Matki r\u00f3wnoleg\u0142e&quot; Almod\u00f3vara. Na co jeszcze mo\u017cna wybra\u0107 si\u0119 do kina Amok? - 24GLIWICE - Portal Gliwice | codziennie nowe informacje<\/title>\n<meta name=\"robots\" content=\"index, follow, max-snippet:-1, max-image-preview:large, max-video-preview:-1\" \/>\n<link rel=\"canonical\" href=\"https:\/\/www.24gliwice.pl\/wiadomosci\/horror-lamb-i-matki-rownolegle-almodovara-na-co-jeszcze-mozna-wybrac-sie-do-kina-amok\/\" \/>\n<meta property=\"og:locale\" content=\"pl_PL\" \/>\n<meta property=\"og:type\" content=\"article\" \/>\n<meta property=\"og:title\" content=\"Horror &quot;Lamb&quot; i &quot;Matki r\u00f3wnoleg\u0142e&quot; Almod\u00f3vara. Na co jeszcze mo\u017cna wybra\u0107 si\u0119 do kina Amok? - 24GLIWICE - Portal Gliwice | codziennie nowe informacje\" \/>\n<meta property=\"og:description\" content=\"W Sylwestra i Nowy Rok kino Amok b\u0119dzie nieczynne. Na film mo\u017cna si\u0119 wybra\u0107 w \u015brod\u0119 i czwartek (29 i 30 grudnia) lub w niedziel\u0119, 2 stycznia. W repertuarze jak zwykle znajdziemy szereg interesuj\u0105cych propozycji, w\u015br\u00f3d nich opowie\u015bci familijne, nowy horror i dramat w re\u017c. Pedro Almod\u00f3vara. &nbsp; Animowany film przygodowy dla ca\u0142ej rodziny &#8220;Nasze [&hellip;]\" \/>\n<meta property=\"og:url\" content=\"https:\/\/www.24gliwice.pl\/wiadomosci\/horror-lamb-i-matki-rownolegle-almodovara-na-co-jeszcze-mozna-wybrac-sie-do-kina-amok\/\" \/>\n<meta property=\"og:site_name\" content=\"24GLIWICE - Portal Gliwice | codziennie nowe informacje\" \/>\n<meta property=\"article:publisher\" content=\"https:\/\/www.facebook.com\/24gliwice\" \/>\n<meta property=\"article:published_time\" content=\"2021-12-29T14:10:08+00:00\" \/>\n<meta property=\"og:image\" content=\"https:\/\/www.24gliwice.pl\/wiadomosci\/wp-content\/uploads\/2021\/12\/lamb-kadr-z-filmu.jpg\" \/>\n\t<meta property=\"og:image:width\" content=\"810\" \/>\n\t<meta property=\"og:image:height\" content=\"456\" \/>\n\t<meta property=\"og:image:type\" content=\"image\/jpeg\" \/>\n<meta name=\"author\" content=\"\u017baneta Mrozek-Siewierska\" \/>\n<meta name=\"twitter:card\" content=\"summary_large_image\" \/>\n<meta name=\"twitter:creator\" content=\"@24gliwice\" \/>\n<meta name=\"twitter:site\" content=\"@24gliwice\" \/>\n<meta name=\"twitter:label1\" content=\"Napisane przez\" \/>\n\t<meta name=\"twitter:data1\" content=\"\u017baneta Mrozek-Siewierska\" \/>\n\t<meta name=\"twitter:label2\" content=\"Szacowany czas czytania\" \/>\n\t<meta name=\"twitter:data2\" content=\"4 minuty\" \/>\n<script type=\"application\/ld+json\" class=\"yoast-schema-graph\">{\"@context\":\"https:\\\/\\\/schema.org\",\"@graph\":[{\"@type\":\"Article\",\"@id\":\"https:\\\/\\\/www.24gliwice.pl\\\/wiadomosci\\\/horror-lamb-i-matki-rownolegle-almodovara-na-co-jeszcze-mozna-wybrac-sie-do-kina-amok\\\/#article\",\"isPartOf\":{\"@id\":\"https:\\\/\\\/www.24gliwice.pl\\\/wiadomosci\\\/horror-lamb-i-matki-rownolegle-almodovara-na-co-jeszcze-mozna-wybrac-sie-do-kina-amok\\\/\"},\"author\":{\"name\":\"\u017baneta Mrozek-Siewierska\",\"@id\":\"https:\\\/\\\/www.24gliwice.pl\\\/wiadomosci\\\/#\\\/schema\\\/person\\\/e42c650edd7f2fa332be3811fb166b6e\"},\"headline\":\"Horror &#8220;Lamb&#8221; i &#8220;Matki r\u00f3wnoleg\u0142e&#8221; Almod\u00f3vara. Na co jeszcze mo\u017cna wybra\u0107 si\u0119 do kina Amok?\",\"datePublished\":\"2021-12-29T14:10:08+00:00\",\"mainEntityOfPage\":{\"@id\":\"https:\\\/\\\/www.24gliwice.pl\\\/wiadomosci\\\/horror-lamb-i-matki-rownolegle-almodovara-na-co-jeszcze-mozna-wybrac-sie-do-kina-amok\\\/\"},\"wordCount\":909,\"commentCount\":0,\"publisher\":{\"@id\":\"https:\\\/\\\/www.24gliwice.pl\\\/wiadomosci\\\/#organization\"},\"image\":{\"@id\":\"https:\\\/\\\/www.24gliwice.pl\\\/wiadomosci\\\/horror-lamb-i-matki-rownolegle-almodovara-na-co-jeszcze-mozna-wybrac-sie-do-kina-amok\\\/#primaryimage\"},\"thumbnailUrl\":\"https:\\\/\\\/www.24gliwice.pl\\\/wiadomosci\\\/wp-content\\\/uploads\\\/2021\\\/12\\\/lamb-kadr-z-filmu.jpg\",\"keywords\":[\"repertuar kina amok\"],\"articleSection\":[\"Gliwice\",\"Kultura, wydarzenia, imprezy\",\"Najnowsze wiadomo\u015bci\"],\"inLanguage\":\"pl-PL\",\"potentialAction\":[{\"@type\":\"CommentAction\",\"name\":\"Comment\",\"target\":[\"https:\\\/\\\/www.24gliwice.pl\\\/wiadomosci\\\/horror-lamb-i-matki-rownolegle-almodovara-na-co-jeszcze-mozna-wybrac-sie-do-kina-amok\\\/#respond\"]}]},{\"@type\":\"WebPage\",\"@id\":\"https:\\\/\\\/www.24gliwice.pl\\\/wiadomosci\\\/horror-lamb-i-matki-rownolegle-almodovara-na-co-jeszcze-mozna-wybrac-sie-do-kina-amok\\\/\",\"url\":\"https:\\\/\\\/www.24gliwice.pl\\\/wiadomosci\\\/horror-lamb-i-matki-rownolegle-almodovara-na-co-jeszcze-mozna-wybrac-sie-do-kina-amok\\\/\",\"name\":\"Horror \\\"Lamb\\\" i \\\"Matki r\u00f3wnoleg\u0142e\\\" Almod\u00f3vara. Na co jeszcze mo\u017cna wybra\u0107 si\u0119 do kina Amok? - 24GLIWICE - Portal Gliwice | codziennie nowe informacje\",\"isPartOf\":{\"@id\":\"https:\\\/\\\/www.24gliwice.pl\\\/wiadomosci\\\/#website\"},\"primaryImageOfPage\":{\"@id\":\"https:\\\/\\\/www.24gliwice.pl\\\/wiadomosci\\\/horror-lamb-i-matki-rownolegle-almodovara-na-co-jeszcze-mozna-wybrac-sie-do-kina-amok\\\/#primaryimage\"},\"image\":{\"@id\":\"https:\\\/\\\/www.24gliwice.pl\\\/wiadomosci\\\/horror-lamb-i-matki-rownolegle-almodovara-na-co-jeszcze-mozna-wybrac-sie-do-kina-amok\\\/#primaryimage\"},\"thumbnailUrl\":\"https:\\\/\\\/www.24gliwice.pl\\\/wiadomosci\\\/wp-content\\\/uploads\\\/2021\\\/12\\\/lamb-kadr-z-filmu.jpg\",\"datePublished\":\"2021-12-29T14:10:08+00:00\",\"breadcrumb\":{\"@id\":\"https:\\\/\\\/www.24gliwice.pl\\\/wiadomosci\\\/horror-lamb-i-matki-rownolegle-almodovara-na-co-jeszcze-mozna-wybrac-sie-do-kina-amok\\\/#breadcrumb\"},\"inLanguage\":\"pl-PL\",\"potentialAction\":[{\"@type\":\"ReadAction\",\"target\":[\"https:\\\/\\\/www.24gliwice.pl\\\/wiadomosci\\\/horror-lamb-i-matki-rownolegle-almodovara-na-co-jeszcze-mozna-wybrac-sie-do-kina-amok\\\/\"]}]},{\"@type\":\"ImageObject\",\"inLanguage\":\"pl-PL\",\"@id\":\"https:\\\/\\\/www.24gliwice.pl\\\/wiadomosci\\\/horror-lamb-i-matki-rownolegle-almodovara-na-co-jeszcze-mozna-wybrac-sie-do-kina-amok\\\/#primaryimage\",\"url\":\"https:\\\/\\\/www.24gliwice.pl\\\/wiadomosci\\\/wp-content\\\/uploads\\\/2021\\\/12\\\/lamb-kadr-z-filmu.jpg\",\"contentUrl\":\"https:\\\/\\\/www.24gliwice.pl\\\/wiadomosci\\\/wp-content\\\/uploads\\\/2021\\\/12\\\/lamb-kadr-z-filmu.jpg\",\"width\":810,\"height\":456},{\"@type\":\"BreadcrumbList\",\"@id\":\"https:\\\/\\\/www.24gliwice.pl\\\/wiadomosci\\\/horror-lamb-i-matki-rownolegle-almodovara-na-co-jeszcze-mozna-wybrac-sie-do-kina-amok\\\/#breadcrumb\",\"itemListElement\":[{\"@type\":\"ListItem\",\"position\":1,\"name\":\"Strona g\u0142\u00f3wna\",\"item\":\"https:\\\/\\\/www.24gliwice.pl\\\/wiadomosci\\\/\"},{\"@type\":\"ListItem\",\"position\":2,\"name\":\"Horror &#8222;Lamb&#8221; i &#8222;Matki r\u00f3wnoleg\u0142e&#8221; Almod\u00f3vara. Na co jeszcze mo\u017cna wybra\u0107 si\u0119 do kina Amok?\"}]},{\"@type\":\"WebSite\",\"@id\":\"https:\\\/\\\/www.24gliwice.pl\\\/wiadomosci\\\/#website\",\"url\":\"https:\\\/\\\/www.24gliwice.pl\\\/wiadomosci\\\/\",\"name\":\"24GLIWICE - Portal Gliwice | codziennie nowe wiadomo\u015bci\",\"description\":\"Portal Miejski Gliwice\",\"publisher\":{\"@id\":\"https:\\\/\\\/www.24gliwice.pl\\\/wiadomosci\\\/#organization\"},\"potentialAction\":[{\"@type\":\"SearchAction\",\"target\":{\"@type\":\"EntryPoint\",\"urlTemplate\":\"https:\\\/\\\/www.24gliwice.pl\\\/wiadomosci\\\/?s={search_term_string}\"},\"query-input\":{\"@type\":\"PropertyValueSpecification\",\"valueRequired\":true,\"valueName\":\"search_term_string\"}}],\"inLanguage\":\"pl-PL\"},{\"@type\":\"Organization\",\"@id\":\"https:\\\/\\\/www.24gliwice.pl\\\/wiadomosci\\\/#organization\",\"name\":\"24gliwice\",\"url\":\"https:\\\/\\\/www.24gliwice.pl\\\/wiadomosci\\\/\",\"logo\":{\"@type\":\"ImageObject\",\"inLanguage\":\"pl-PL\",\"@id\":\"https:\\\/\\\/www.24gliwice.pl\\\/wiadomosci\\\/#\\\/schema\\\/logo\\\/image\\\/\",\"url\":\"https:\\\/\\\/www.24gliwice.pl\\\/wiadomosci\\\/wp-content\\\/uploads\\\/2024\\\/10\\\/24gliwice-logo-696.jpg\",\"contentUrl\":\"https:\\\/\\\/www.24gliwice.pl\\\/wiadomosci\\\/wp-content\\\/uploads\\\/2024\\\/10\\\/24gliwice-logo-696.jpg\",\"width\":696,\"height\":696,\"caption\":\"24gliwice\"},\"image\":{\"@id\":\"https:\\\/\\\/www.24gliwice.pl\\\/wiadomosci\\\/#\\\/schema\\\/logo\\\/image\\\/\"},\"sameAs\":[\"https:\\\/\\\/www.facebook.com\\\/24gliwice\",\"https:\\\/\\\/x.com\\\/24gliwice\",\"https:\\\/\\\/www.youtube.com\\\/@24gliwice\"]},{\"@type\":\"Person\",\"@id\":\"https:\\\/\\\/www.24gliwice.pl\\\/wiadomosci\\\/#\\\/schema\\\/person\\\/e42c650edd7f2fa332be3811fb166b6e\",\"name\":\"\u017baneta Mrozek-Siewierska\",\"image\":{\"@type\":\"ImageObject\",\"inLanguage\":\"pl-PL\",\"@id\":\"https:\\\/\\\/www.24gliwice.pl\\\/wiadomosci\\\/wp-content\\\/uploads\\\/2021\\\/11\\\/Zaneta-M_S-zdjecie-czb-96x96.jpg\",\"url\":\"https:\\\/\\\/www.24gliwice.pl\\\/wiadomosci\\\/wp-content\\\/uploads\\\/2021\\\/11\\\/Zaneta-M_S-zdjecie-czb-96x96.jpg\",\"contentUrl\":\"https:\\\/\\\/www.24gliwice.pl\\\/wiadomosci\\\/wp-content\\\/uploads\\\/2021\\\/11\\\/Zaneta-M_S-zdjecie-czb-96x96.jpg\",\"caption\":\"\u017baneta Mrozek-Siewierska\"},\"url\":\"https:\\\/\\\/www.24gliwice.pl\\\/wiadomosci\\\/author\\\/zms\\\/\"}]}<\/script>\n<!-- \/ Yoast SEO plugin. -->","yoast_head_json":{"title":"Horror \"Lamb\" i \"Matki r\u00f3wnoleg\u0142e\" Almod\u00f3vara. Na co jeszcze mo\u017cna wybra\u0107 si\u0119 do kina Amok? - 24GLIWICE - Portal Gliwice | codziennie nowe informacje","robots":{"index":"index","follow":"follow","max-snippet":"max-snippet:-1","max-image-preview":"max-image-preview:large","max-video-preview":"max-video-preview:-1"},"canonical":"https:\/\/www.24gliwice.pl\/wiadomosci\/horror-lamb-i-matki-rownolegle-almodovara-na-co-jeszcze-mozna-wybrac-sie-do-kina-amok\/","og_locale":"pl_PL","og_type":"article","og_title":"Horror \"Lamb\" i \"Matki r\u00f3wnoleg\u0142e\" Almod\u00f3vara. Na co jeszcze mo\u017cna wybra\u0107 si\u0119 do kina Amok? - 24GLIWICE - Portal Gliwice | codziennie nowe informacje","og_description":"W Sylwestra i Nowy Rok kino Amok b\u0119dzie nieczynne. Na film mo\u017cna si\u0119 wybra\u0107 w \u015brod\u0119 i czwartek (29 i 30 grudnia) lub w niedziel\u0119, 2 stycznia. W repertuarze jak zwykle znajdziemy szereg interesuj\u0105cych propozycji, w\u015br\u00f3d nich opowie\u015bci familijne, nowy horror i dramat w re\u017c. Pedro Almod\u00f3vara. &nbsp; Animowany film przygodowy dla ca\u0142ej rodziny &#8220;Nasze [&hellip;]","og_url":"https:\/\/www.24gliwice.pl\/wiadomosci\/horror-lamb-i-matki-rownolegle-almodovara-na-co-jeszcze-mozna-wybrac-sie-do-kina-amok\/","og_site_name":"24GLIWICE - Portal Gliwice | codziennie nowe informacje","article_publisher":"https:\/\/www.facebook.com\/24gliwice","article_published_time":"2021-12-29T14:10:08+00:00","og_image":[{"width":810,"height":456,"url":"https:\/\/www.24gliwice.pl\/wiadomosci\/wp-content\/uploads\/2021\/12\/lamb-kadr-z-filmu.jpg","type":"image\/jpeg"}],"author":"\u017baneta Mrozek-Siewierska","twitter_card":"summary_large_image","twitter_creator":"@24gliwice","twitter_site":"@24gliwice","twitter_misc":{"Napisane przez":"\u017baneta Mrozek-Siewierska","Szacowany czas czytania":"4 minuty"},"schema":{"@context":"https:\/\/schema.org","@graph":[{"@type":"Article","@id":"https:\/\/www.24gliwice.pl\/wiadomosci\/horror-lamb-i-matki-rownolegle-almodovara-na-co-jeszcze-mozna-wybrac-sie-do-kina-amok\/#article","isPartOf":{"@id":"https:\/\/www.24gliwice.pl\/wiadomosci\/horror-lamb-i-matki-rownolegle-almodovara-na-co-jeszcze-mozna-wybrac-sie-do-kina-amok\/"},"author":{"name":"\u017baneta Mrozek-Siewierska","@id":"https:\/\/www.24gliwice.pl\/wiadomosci\/#\/schema\/person\/e42c650edd7f2fa332be3811fb166b6e"},"headline":"Horror &#8220;Lamb&#8221; i &#8220;Matki r\u00f3wnoleg\u0142e&#8221; Almod\u00f3vara. Na co jeszcze mo\u017cna wybra\u0107 si\u0119 do kina Amok?","datePublished":"2021-12-29T14:10:08+00:00","mainEntityOfPage":{"@id":"https:\/\/www.24gliwice.pl\/wiadomosci\/horror-lamb-i-matki-rownolegle-almodovara-na-co-jeszcze-mozna-wybrac-sie-do-kina-amok\/"},"wordCount":909,"commentCount":0,"publisher":{"@id":"https:\/\/www.24gliwice.pl\/wiadomosci\/#organization"},"image":{"@id":"https:\/\/www.24gliwice.pl\/wiadomosci\/horror-lamb-i-matki-rownolegle-almodovara-na-co-jeszcze-mozna-wybrac-sie-do-kina-amok\/#primaryimage"},"thumbnailUrl":"https:\/\/www.24gliwice.pl\/wiadomosci\/wp-content\/uploads\/2021\/12\/lamb-kadr-z-filmu.jpg","keywords":["repertuar kina amok"],"articleSection":["Gliwice","Kultura, wydarzenia, imprezy","Najnowsze wiadomo\u015bci"],"inLanguage":"pl-PL","potentialAction":[{"@type":"CommentAction","name":"Comment","target":["https:\/\/www.24gliwice.pl\/wiadomosci\/horror-lamb-i-matki-rownolegle-almodovara-na-co-jeszcze-mozna-wybrac-sie-do-kina-amok\/#respond"]}]},{"@type":"WebPage","@id":"https:\/\/www.24gliwice.pl\/wiadomosci\/horror-lamb-i-matki-rownolegle-almodovara-na-co-jeszcze-mozna-wybrac-sie-do-kina-amok\/","url":"https:\/\/www.24gliwice.pl\/wiadomosci\/horror-lamb-i-matki-rownolegle-almodovara-na-co-jeszcze-mozna-wybrac-sie-do-kina-amok\/","name":"Horror \"Lamb\" i \"Matki r\u00f3wnoleg\u0142e\" Almod\u00f3vara. Na co jeszcze mo\u017cna wybra\u0107 si\u0119 do kina Amok? - 24GLIWICE - Portal Gliwice | codziennie nowe informacje","isPartOf":{"@id":"https:\/\/www.24gliwice.pl\/wiadomosci\/#website"},"primaryImageOfPage":{"@id":"https:\/\/www.24gliwice.pl\/wiadomosci\/horror-lamb-i-matki-rownolegle-almodovara-na-co-jeszcze-mozna-wybrac-sie-do-kina-amok\/#primaryimage"},"image":{"@id":"https:\/\/www.24gliwice.pl\/wiadomosci\/horror-lamb-i-matki-rownolegle-almodovara-na-co-jeszcze-mozna-wybrac-sie-do-kina-amok\/#primaryimage"},"thumbnailUrl":"https:\/\/www.24gliwice.pl\/wiadomosci\/wp-content\/uploads\/2021\/12\/lamb-kadr-z-filmu.jpg","datePublished":"2021-12-29T14:10:08+00:00","breadcrumb":{"@id":"https:\/\/www.24gliwice.pl\/wiadomosci\/horror-lamb-i-matki-rownolegle-almodovara-na-co-jeszcze-mozna-wybrac-sie-do-kina-amok\/#breadcrumb"},"inLanguage":"pl-PL","potentialAction":[{"@type":"ReadAction","target":["https:\/\/www.24gliwice.pl\/wiadomosci\/horror-lamb-i-matki-rownolegle-almodovara-na-co-jeszcze-mozna-wybrac-sie-do-kina-amok\/"]}]},{"@type":"ImageObject","inLanguage":"pl-PL","@id":"https:\/\/www.24gliwice.pl\/wiadomosci\/horror-lamb-i-matki-rownolegle-almodovara-na-co-jeszcze-mozna-wybrac-sie-do-kina-amok\/#primaryimage","url":"https:\/\/www.24gliwice.pl\/wiadomosci\/wp-content\/uploads\/2021\/12\/lamb-kadr-z-filmu.jpg","contentUrl":"https:\/\/www.24gliwice.pl\/wiadomosci\/wp-content\/uploads\/2021\/12\/lamb-kadr-z-filmu.jpg","width":810,"height":456},{"@type":"BreadcrumbList","@id":"https:\/\/www.24gliwice.pl\/wiadomosci\/horror-lamb-i-matki-rownolegle-almodovara-na-co-jeszcze-mozna-wybrac-sie-do-kina-amok\/#breadcrumb","itemListElement":[{"@type":"ListItem","position":1,"name":"Strona g\u0142\u00f3wna","item":"https:\/\/www.24gliwice.pl\/wiadomosci\/"},{"@type":"ListItem","position":2,"name":"Horror &#8222;Lamb&#8221; i &#8222;Matki r\u00f3wnoleg\u0142e&#8221; Almod\u00f3vara. Na co jeszcze mo\u017cna wybra\u0107 si\u0119 do kina Amok?"}]},{"@type":"WebSite","@id":"https:\/\/www.24gliwice.pl\/wiadomosci\/#website","url":"https:\/\/www.24gliwice.pl\/wiadomosci\/","name":"24GLIWICE - Portal Gliwice | codziennie nowe wiadomo\u015bci","description":"Portal Miejski Gliwice","publisher":{"@id":"https:\/\/www.24gliwice.pl\/wiadomosci\/#organization"},"potentialAction":[{"@type":"SearchAction","target":{"@type":"EntryPoint","urlTemplate":"https:\/\/www.24gliwice.pl\/wiadomosci\/?s={search_term_string}"},"query-input":{"@type":"PropertyValueSpecification","valueRequired":true,"valueName":"search_term_string"}}],"inLanguage":"pl-PL"},{"@type":"Organization","@id":"https:\/\/www.24gliwice.pl\/wiadomosci\/#organization","name":"24gliwice","url":"https:\/\/www.24gliwice.pl\/wiadomosci\/","logo":{"@type":"ImageObject","inLanguage":"pl-PL","@id":"https:\/\/www.24gliwice.pl\/wiadomosci\/#\/schema\/logo\/image\/","url":"https:\/\/www.24gliwice.pl\/wiadomosci\/wp-content\/uploads\/2024\/10\/24gliwice-logo-696.jpg","contentUrl":"https:\/\/www.24gliwice.pl\/wiadomosci\/wp-content\/uploads\/2024\/10\/24gliwice-logo-696.jpg","width":696,"height":696,"caption":"24gliwice"},"image":{"@id":"https:\/\/www.24gliwice.pl\/wiadomosci\/#\/schema\/logo\/image\/"},"sameAs":["https:\/\/www.facebook.com\/24gliwice","https:\/\/x.com\/24gliwice","https:\/\/www.youtube.com\/@24gliwice"]},{"@type":"Person","@id":"https:\/\/www.24gliwice.pl\/wiadomosci\/#\/schema\/person\/e42c650edd7f2fa332be3811fb166b6e","name":"\u017baneta Mrozek-Siewierska","image":{"@type":"ImageObject","inLanguage":"pl-PL","@id":"https:\/\/www.24gliwice.pl\/wiadomosci\/wp-content\/uploads\/2021\/11\/Zaneta-M_S-zdjecie-czb-96x96.jpg","url":"https:\/\/www.24gliwice.pl\/wiadomosci\/wp-content\/uploads\/2021\/11\/Zaneta-M_S-zdjecie-czb-96x96.jpg","contentUrl":"https:\/\/www.24gliwice.pl\/wiadomosci\/wp-content\/uploads\/2021\/11\/Zaneta-M_S-zdjecie-czb-96x96.jpg","caption":"\u017baneta Mrozek-Siewierska"},"url":"https:\/\/www.24gliwice.pl\/wiadomosci\/author\/zms\/"}]}},"_links":{"self":[{"href":"https:\/\/www.24gliwice.pl\/wiadomosci\/wp-json\/wp\/v2\/posts\/183600","targetHints":{"allow":["GET"]}}],"collection":[{"href":"https:\/\/www.24gliwice.pl\/wiadomosci\/wp-json\/wp\/v2\/posts"}],"about":[{"href":"https:\/\/www.24gliwice.pl\/wiadomosci\/wp-json\/wp\/v2\/types\/post"}],"author":[{"embeddable":true,"href":"https:\/\/www.24gliwice.pl\/wiadomosci\/wp-json\/wp\/v2\/users\/15"}],"replies":[{"embeddable":true,"href":"https:\/\/www.24gliwice.pl\/wiadomosci\/wp-json\/wp\/v2\/comments?post=183600"}],"version-history":[{"count":10,"href":"https:\/\/www.24gliwice.pl\/wiadomosci\/wp-json\/wp\/v2\/posts\/183600\/revisions"}],"predecessor-version":[{"id":183637,"href":"https:\/\/www.24gliwice.pl\/wiadomosci\/wp-json\/wp\/v2\/posts\/183600\/revisions\/183637"}],"wp:featuredmedia":[{"embeddable":true,"href":"https:\/\/www.24gliwice.pl\/wiadomosci\/wp-json\/wp\/v2\/media\/183604"}],"wp:attachment":[{"href":"https:\/\/www.24gliwice.pl\/wiadomosci\/wp-json\/wp\/v2\/media?parent=183600"}],"wp:term":[{"taxonomy":"category","embeddable":true,"href":"https:\/\/www.24gliwice.pl\/wiadomosci\/wp-json\/wp\/v2\/categories?post=183600"},{"taxonomy":"post_tag","embeddable":true,"href":"https:\/\/www.24gliwice.pl\/wiadomosci\/wp-json\/wp\/v2\/tags?post=183600"}],"curies":[{"name":"wp","href":"https:\/\/api.w.org\/{rel}","templated":true}]}}