{"id":183670,"date":"2021-12-30T11:14:40","date_gmt":"2021-12-30T10:14:40","guid":{"rendered":"https:\/\/www.24gliwice.pl\/wiadomosci\/?p=183670"},"modified":"2021-12-30T11:18:06","modified_gmt":"2021-12-30T10:18:06","slug":"nie-zyje-wladyslaw-kwiatkowski-wieloletni-prezes-stowarzyszenia-romow-w-gliwicach","status":"publish","type":"post","link":"https:\/\/www.24gliwice.pl\/wiadomosci\/nie-zyje-wladyslaw-kwiatkowski-wieloletni-prezes-stowarzyszenia-romow-w-gliwicach\/","title":{"rendered":"Nie \u017cyje W\u0142adys\u0142aw Kwiatkowski, wieloletni prezes Stowarzyszenia Rom\u00f3w w Gliwicach"},"content":{"rendered":"<h2>Wsp\u00f3\u0142za\u0142o\u017cyciel i wieloletni prezes Stowarzyszenia Rom\u00f3w w Gliwicach, W\u0142adys\u0142aw Kwiatkowski, nie \u017cyje. Wiadomo\u015b\u0107 o jego \u015bmierci przekazali po \u015bwi\u0119tach cz\u0142onkowie organizacji.<\/h2>\n<p>&nbsp;<br \/>\nMiasto przez wiele lat owocnie wsp\u00f3\u0142pracowa\u0142o ze Stowarzyszeniem Rom\u00f3w w Gliwicach w ramach organizacji cyklicznych wydarze\u0144 kulturalnych \u2013 Wieczoru z Romami w parku Chopina czy te\u017c Romskich Zaduszek. <strong>W\u0142adys\u0142aw Kwiatkowski<\/strong> jako prezes SRwG zawsze dok\u0142ada\u0142 wszelkich stara\u0144, aby jak najszerzej zaprezentowa\u0107 mieszka\u0144com tradycje i pi\u0119kno kultury romskiej.<\/p>\n<p>Wsp\u00f3\u0142praca ze Stowarzyszeniem Rom\u00f3w w Gliwicach zosta\u0142a doceniona i nagrodzona w 2017 roku, kiedy to Gliwice \u2013 jako pierwsze miasto w Polsce \u2013 otrzyma\u0142y Nagrod\u0119 Kongresu Dosta!, przyznan\u0105 przez Rad\u0119 Europy, za skuteczne dzia\u0142anie samorz\u0105du na rzecz integracji spo\u0142eczno\u015bci romskiej. Wyr\u00f3\u017cnienie, wesp\u00f3\u0142 z reprezentantk\u0105 gliwickiego samorz\u0105du, odbiera\u0142 w Strasburgu W\u0142adys\u0142aw Kwiatkowski.<\/p>\n<p>(\u017cms)\/UM Gliwice<\/p>\n","protected":false},"excerpt":{"rendered":"<p>Wsp\u00f3\u0142za\u0142o\u017cyciel i wieloletni prezes Stowarzyszenia Rom\u00f3w w Gliwicach, W\u0142adys\u0142aw Kwiatkowski, nie \u017cyje. Wiadomo\u015b\u0107 o jego \u015bmierci przekazali po \u015bwi\u0119tach cz\u0142onkowie organizacji. &nbsp; Miasto przez wiele lat owocnie wsp\u00f3\u0142pracowa\u0142o ze Stowarzyszeniem Rom\u00f3w w Gliwicach w ramach organizacji cyklicznych wydarze\u0144 kulturalnych \u2013 Wieczoru z Romami w parku Chopina czy te\u017c Romskich Zaduszek. W\u0142adys\u0142aw Kwiatkowski jako prezes SRwG [&hellip;]<\/p>\n","protected":false},"author":15,"featured_media":183671,"comment_status":"closed","ping_status":"closed","sticky":false,"template":"","format":"standard","meta":{"_monsterinsights_skip_tracking":false,"_monsterinsights_sitenote_active":false,"_monsterinsights_sitenote_note":"","_monsterinsights_sitenote_category":0,"footnotes":"","_links_to":"","_links_to_target":""},"categories":[3,1],"tags":[5589,20214],"class_list":["post-183670","post","type-post","status-publish","format-standard","has-post-thumbnail","hentry","category-gliwice","category-wszystko","tag-romowie","tag-zmarli"],"yoast_head":"<!-- This site is optimized with the Yoast SEO plugin v27.4 - https:\/\/yoast.com\/product\/yoast-seo-wordpress\/ -->\n<title>Nie \u017cyje W\u0142adys\u0142aw Kwiatkowski, wieloletni prezes Stowarzyszenia Rom\u00f3w w Gliwicach - 24GLIWICE - Portal Gliwice | codziennie nowe informacje<\/title>\n<meta name=\"robots\" content=\"index, follow, max-snippet:-1, max-image-preview:large, max-video-preview:-1\" \/>\n<link rel=\"canonical\" href=\"https:\/\/www.24gliwice.pl\/wiadomosci\/nie-zyje-wladyslaw-kwiatkowski-wieloletni-prezes-stowarzyszenia-romow-w-gliwicach\/\" \/>\n<meta property=\"og:locale\" content=\"pl_PL\" \/>\n<meta property=\"og:type\" content=\"article\" \/>\n<meta property=\"og:title\" content=\"Nie \u017cyje W\u0142adys\u0142aw Kwiatkowski, wieloletni prezes Stowarzyszenia Rom\u00f3w w Gliwicach - 24GLIWICE - Portal Gliwice | codziennie nowe informacje\" \/>\n<meta property=\"og:description\" content=\"Wsp\u00f3\u0142za\u0142o\u017cyciel i wieloletni prezes Stowarzyszenia Rom\u00f3w w Gliwicach, W\u0142adys\u0142aw Kwiatkowski, nie \u017cyje. Wiadomo\u015b\u0107 o jego \u015bmierci przekazali po \u015bwi\u0119tach cz\u0142onkowie organizacji. &nbsp; Miasto przez wiele lat owocnie wsp\u00f3\u0142pracowa\u0142o ze Stowarzyszeniem Rom\u00f3w w Gliwicach w ramach organizacji cyklicznych wydarze\u0144 kulturalnych \u2013 Wieczoru z Romami w parku Chopina czy te\u017c Romskich Zaduszek. W\u0142adys\u0142aw Kwiatkowski jako prezes SRwG [&hellip;]\" \/>\n<meta property=\"og:url\" content=\"https:\/\/www.24gliwice.pl\/wiadomosci\/nie-zyje-wladyslaw-kwiatkowski-wieloletni-prezes-stowarzyszenia-romow-w-gliwicach\/\" \/>\n<meta property=\"og:site_name\" content=\"24GLIWICE - Portal Gliwice | codziennie nowe informacje\" \/>\n<meta property=\"article:publisher\" content=\"https:\/\/www.facebook.com\/24gliwice\" \/>\n<meta property=\"article:published_time\" content=\"2021-12-30T10:14:40+00:00\" \/>\n<meta property=\"article:modified_time\" content=\"2021-12-30T10:18:06+00:00\" \/>\n<meta property=\"og:image\" content=\"https:\/\/www.24gliwice.pl\/wiadomosci\/wp-content\/uploads\/2021\/12\/Wladyslaw-Kwiatkowski-fot._a._laskowska_wieczor_-_kopia.jpg\" \/>\n\t<meta property=\"og:image:width\" content=\"810\" \/>\n\t<meta property=\"og:image:height\" content=\"456\" \/>\n\t<meta property=\"og:image:type\" content=\"image\/jpeg\" \/>\n<meta name=\"author\" content=\"\u017baneta Mrozek-Siewierska\" \/>\n<meta name=\"twitter:card\" content=\"summary_large_image\" \/>\n<meta name=\"twitter:creator\" content=\"@24gliwice\" \/>\n<meta name=\"twitter:site\" content=\"@24gliwice\" \/>\n<meta name=\"twitter:label1\" content=\"Napisane przez\" \/>\n\t<meta name=\"twitter:data1\" content=\"\u017baneta Mrozek-Siewierska\" \/>\n\t<meta name=\"twitter:label2\" content=\"Szacowany czas czytania\" \/>\n\t<meta name=\"twitter:data2\" content=\"1 minuta\" \/>\n<script type=\"application\/ld+json\" class=\"yoast-schema-graph\">{\"@context\":\"https:\\\/\\\/schema.org\",\"@graph\":[{\"@type\":\"Article\",\"@id\":\"https:\\\/\\\/www.24gliwice.pl\\\/wiadomosci\\\/nie-zyje-wladyslaw-kwiatkowski-wieloletni-prezes-stowarzyszenia-romow-w-gliwicach\\\/#article\",\"isPartOf\":{\"@id\":\"https:\\\/\\\/www.24gliwice.pl\\\/wiadomosci\\\/nie-zyje-wladyslaw-kwiatkowski-wieloletni-prezes-stowarzyszenia-romow-w-gliwicach\\\/\"},\"author\":{\"name\":\"\u017baneta Mrozek-Siewierska\",\"@id\":\"https:\\\/\\\/www.24gliwice.pl\\\/wiadomosci\\\/#\\\/schema\\\/person\\\/e42c650edd7f2fa332be3811fb166b6e\"},\"headline\":\"Nie \u017cyje W\u0142adys\u0142aw Kwiatkowski, wieloletni prezes Stowarzyszenia Rom\u00f3w w Gliwicach\",\"datePublished\":\"2021-12-30T10:14:40+00:00\",\"dateModified\":\"2021-12-30T10:18:06+00:00\",\"mainEntityOfPage\":{\"@id\":\"https:\\\/\\\/www.24gliwice.pl\\\/wiadomosci\\\/nie-zyje-wladyslaw-kwiatkowski-wieloletni-prezes-stowarzyszenia-romow-w-gliwicach\\\/\"},\"wordCount\":160,\"publisher\":{\"@id\":\"https:\\\/\\\/www.24gliwice.pl\\\/wiadomosci\\\/#organization\"},\"image\":{\"@id\":\"https:\\\/\\\/www.24gliwice.pl\\\/wiadomosci\\\/nie-zyje-wladyslaw-kwiatkowski-wieloletni-prezes-stowarzyszenia-romow-w-gliwicach\\\/#primaryimage\"},\"thumbnailUrl\":\"https:\\\/\\\/www.24gliwice.pl\\\/wiadomosci\\\/wp-content\\\/uploads\\\/2021\\\/12\\\/Wladyslaw-Kwiatkowski-fot._a._laskowska_wieczor_-_kopia.jpg\",\"keywords\":[\"romowie\",\"zmarli\"],\"articleSection\":[\"Gliwice\",\"Najnowsze wiadomo\u015bci\"],\"inLanguage\":\"pl-PL\"},{\"@type\":\"WebPage\",\"@id\":\"https:\\\/\\\/www.24gliwice.pl\\\/wiadomosci\\\/nie-zyje-wladyslaw-kwiatkowski-wieloletni-prezes-stowarzyszenia-romow-w-gliwicach\\\/\",\"url\":\"https:\\\/\\\/www.24gliwice.pl\\\/wiadomosci\\\/nie-zyje-wladyslaw-kwiatkowski-wieloletni-prezes-stowarzyszenia-romow-w-gliwicach\\\/\",\"name\":\"Nie \u017cyje W\u0142adys\u0142aw Kwiatkowski, wieloletni prezes Stowarzyszenia Rom\u00f3w w Gliwicach - 24GLIWICE - Portal Gliwice | codziennie nowe informacje\",\"isPartOf\":{\"@id\":\"https:\\\/\\\/www.24gliwice.pl\\\/wiadomosci\\\/#website\"},\"primaryImageOfPage\":{\"@id\":\"https:\\\/\\\/www.24gliwice.pl\\\/wiadomosci\\\/nie-zyje-wladyslaw-kwiatkowski-wieloletni-prezes-stowarzyszenia-romow-w-gliwicach\\\/#primaryimage\"},\"image\":{\"@id\":\"https:\\\/\\\/www.24gliwice.pl\\\/wiadomosci\\\/nie-zyje-wladyslaw-kwiatkowski-wieloletni-prezes-stowarzyszenia-romow-w-gliwicach\\\/#primaryimage\"},\"thumbnailUrl\":\"https:\\\/\\\/www.24gliwice.pl\\\/wiadomosci\\\/wp-content\\\/uploads\\\/2021\\\/12\\\/Wladyslaw-Kwiatkowski-fot._a._laskowska_wieczor_-_kopia.jpg\",\"datePublished\":\"2021-12-30T10:14:40+00:00\",\"dateModified\":\"2021-12-30T10:18:06+00:00\",\"breadcrumb\":{\"@id\":\"https:\\\/\\\/www.24gliwice.pl\\\/wiadomosci\\\/nie-zyje-wladyslaw-kwiatkowski-wieloletni-prezes-stowarzyszenia-romow-w-gliwicach\\\/#breadcrumb\"},\"inLanguage\":\"pl-PL\",\"potentialAction\":[{\"@type\":\"ReadAction\",\"target\":[\"https:\\\/\\\/www.24gliwice.pl\\\/wiadomosci\\\/nie-zyje-wladyslaw-kwiatkowski-wieloletni-prezes-stowarzyszenia-romow-w-gliwicach\\\/\"]}]},{\"@type\":\"ImageObject\",\"inLanguage\":\"pl-PL\",\"@id\":\"https:\\\/\\\/www.24gliwice.pl\\\/wiadomosci\\\/nie-zyje-wladyslaw-kwiatkowski-wieloletni-prezes-stowarzyszenia-romow-w-gliwicach\\\/#primaryimage\",\"url\":\"https:\\\/\\\/www.24gliwice.pl\\\/wiadomosci\\\/wp-content\\\/uploads\\\/2021\\\/12\\\/Wladyslaw-Kwiatkowski-fot._a._laskowska_wieczor_-_kopia.jpg\",\"contentUrl\":\"https:\\\/\\\/www.24gliwice.pl\\\/wiadomosci\\\/wp-content\\\/uploads\\\/2021\\\/12\\\/Wladyslaw-Kwiatkowski-fot._a._laskowska_wieczor_-_kopia.jpg\",\"width\":810,\"height\":456},{\"@type\":\"BreadcrumbList\",\"@id\":\"https:\\\/\\\/www.24gliwice.pl\\\/wiadomosci\\\/nie-zyje-wladyslaw-kwiatkowski-wieloletni-prezes-stowarzyszenia-romow-w-gliwicach\\\/#breadcrumb\",\"itemListElement\":[{\"@type\":\"ListItem\",\"position\":1,\"name\":\"Strona g\u0142\u00f3wna\",\"item\":\"https:\\\/\\\/www.24gliwice.pl\\\/wiadomosci\\\/\"},{\"@type\":\"ListItem\",\"position\":2,\"name\":\"Nie \u017cyje W\u0142adys\u0142aw Kwiatkowski, wieloletni prezes Stowarzyszenia Rom\u00f3w w Gliwicach\"}]},{\"@type\":\"WebSite\",\"@id\":\"https:\\\/\\\/www.24gliwice.pl\\\/wiadomosci\\\/#website\",\"url\":\"https:\\\/\\\/www.24gliwice.pl\\\/wiadomosci\\\/\",\"name\":\"24GLIWICE - Portal Gliwice | codziennie nowe wiadomo\u015bci\",\"description\":\"Portal Miejski Gliwice\",\"publisher\":{\"@id\":\"https:\\\/\\\/www.24gliwice.pl\\\/wiadomosci\\\/#organization\"},\"potentialAction\":[{\"@type\":\"SearchAction\",\"target\":{\"@type\":\"EntryPoint\",\"urlTemplate\":\"https:\\\/\\\/www.24gliwice.pl\\\/wiadomosci\\\/?s={search_term_string}\"},\"query-input\":{\"@type\":\"PropertyValueSpecification\",\"valueRequired\":true,\"valueName\":\"search_term_string\"}}],\"inLanguage\":\"pl-PL\"},{\"@type\":\"Organization\",\"@id\":\"https:\\\/\\\/www.24gliwice.pl\\\/wiadomosci\\\/#organization\",\"name\":\"24gliwice\",\"url\":\"https:\\\/\\\/www.24gliwice.pl\\\/wiadomosci\\\/\",\"logo\":{\"@type\":\"ImageObject\",\"inLanguage\":\"pl-PL\",\"@id\":\"https:\\\/\\\/www.24gliwice.pl\\\/wiadomosci\\\/#\\\/schema\\\/logo\\\/image\\\/\",\"url\":\"https:\\\/\\\/www.24gliwice.pl\\\/wiadomosci\\\/wp-content\\\/uploads\\\/2024\\\/10\\\/24gliwice-logo-696.jpg\",\"contentUrl\":\"https:\\\/\\\/www.24gliwice.pl\\\/wiadomosci\\\/wp-content\\\/uploads\\\/2024\\\/10\\\/24gliwice-logo-696.jpg\",\"width\":696,\"height\":696,\"caption\":\"24gliwice\"},\"image\":{\"@id\":\"https:\\\/\\\/www.24gliwice.pl\\\/wiadomosci\\\/#\\\/schema\\\/logo\\\/image\\\/\"},\"sameAs\":[\"https:\\\/\\\/www.facebook.com\\\/24gliwice\",\"https:\\\/\\\/x.com\\\/24gliwice\",\"https:\\\/\\\/www.youtube.com\\\/@24gliwice\"]},{\"@type\":\"Person\",\"@id\":\"https:\\\/\\\/www.24gliwice.pl\\\/wiadomosci\\\/#\\\/schema\\\/person\\\/e42c650edd7f2fa332be3811fb166b6e\",\"name\":\"\u017baneta Mrozek-Siewierska\",\"image\":{\"@type\":\"ImageObject\",\"inLanguage\":\"pl-PL\",\"@id\":\"https:\\\/\\\/www.24gliwice.pl\\\/wiadomosci\\\/wp-content\\\/uploads\\\/2021\\\/11\\\/Zaneta-M_S-zdjecie-czb-96x96.jpg\",\"url\":\"https:\\\/\\\/www.24gliwice.pl\\\/wiadomosci\\\/wp-content\\\/uploads\\\/2021\\\/11\\\/Zaneta-M_S-zdjecie-czb-96x96.jpg\",\"contentUrl\":\"https:\\\/\\\/www.24gliwice.pl\\\/wiadomosci\\\/wp-content\\\/uploads\\\/2021\\\/11\\\/Zaneta-M_S-zdjecie-czb-96x96.jpg\",\"caption\":\"\u017baneta Mrozek-Siewierska\"},\"url\":\"https:\\\/\\\/www.24gliwice.pl\\\/wiadomosci\\\/author\\\/zms\\\/\"}]}<\/script>\n<!-- \/ Yoast SEO plugin. -->","yoast_head_json":{"title":"Nie \u017cyje W\u0142adys\u0142aw Kwiatkowski, wieloletni prezes Stowarzyszenia Rom\u00f3w w Gliwicach - 24GLIWICE - Portal Gliwice | codziennie nowe informacje","robots":{"index":"index","follow":"follow","max-snippet":"max-snippet:-1","max-image-preview":"max-image-preview:large","max-video-preview":"max-video-preview:-1"},"canonical":"https:\/\/www.24gliwice.pl\/wiadomosci\/nie-zyje-wladyslaw-kwiatkowski-wieloletni-prezes-stowarzyszenia-romow-w-gliwicach\/","og_locale":"pl_PL","og_type":"article","og_title":"Nie \u017cyje W\u0142adys\u0142aw Kwiatkowski, wieloletni prezes Stowarzyszenia Rom\u00f3w w Gliwicach - 24GLIWICE - Portal Gliwice | codziennie nowe informacje","og_description":"Wsp\u00f3\u0142za\u0142o\u017cyciel i wieloletni prezes Stowarzyszenia Rom\u00f3w w Gliwicach, W\u0142adys\u0142aw Kwiatkowski, nie \u017cyje. Wiadomo\u015b\u0107 o jego \u015bmierci przekazali po \u015bwi\u0119tach cz\u0142onkowie organizacji. &nbsp; Miasto przez wiele lat owocnie wsp\u00f3\u0142pracowa\u0142o ze Stowarzyszeniem Rom\u00f3w w Gliwicach w ramach organizacji cyklicznych wydarze\u0144 kulturalnych \u2013 Wieczoru z Romami w parku Chopina czy te\u017c Romskich Zaduszek. W\u0142adys\u0142aw Kwiatkowski jako prezes SRwG [&hellip;]","og_url":"https:\/\/www.24gliwice.pl\/wiadomosci\/nie-zyje-wladyslaw-kwiatkowski-wieloletni-prezes-stowarzyszenia-romow-w-gliwicach\/","og_site_name":"24GLIWICE - Portal Gliwice | codziennie nowe informacje","article_publisher":"https:\/\/www.facebook.com\/24gliwice","article_published_time":"2021-12-30T10:14:40+00:00","article_modified_time":"2021-12-30T10:18:06+00:00","og_image":[{"width":810,"height":456,"url":"https:\/\/www.24gliwice.pl\/wiadomosci\/wp-content\/uploads\/2021\/12\/Wladyslaw-Kwiatkowski-fot._a._laskowska_wieczor_-_kopia.jpg","type":"image\/jpeg"}],"author":"\u017baneta Mrozek-Siewierska","twitter_card":"summary_large_image","twitter_creator":"@24gliwice","twitter_site":"@24gliwice","twitter_misc":{"Napisane przez":"\u017baneta Mrozek-Siewierska","Szacowany czas czytania":"1 minuta"},"schema":{"@context":"https:\/\/schema.org","@graph":[{"@type":"Article","@id":"https:\/\/www.24gliwice.pl\/wiadomosci\/nie-zyje-wladyslaw-kwiatkowski-wieloletni-prezes-stowarzyszenia-romow-w-gliwicach\/#article","isPartOf":{"@id":"https:\/\/www.24gliwice.pl\/wiadomosci\/nie-zyje-wladyslaw-kwiatkowski-wieloletni-prezes-stowarzyszenia-romow-w-gliwicach\/"},"author":{"name":"\u017baneta Mrozek-Siewierska","@id":"https:\/\/www.24gliwice.pl\/wiadomosci\/#\/schema\/person\/e42c650edd7f2fa332be3811fb166b6e"},"headline":"Nie \u017cyje W\u0142adys\u0142aw Kwiatkowski, wieloletni prezes Stowarzyszenia Rom\u00f3w w Gliwicach","datePublished":"2021-12-30T10:14:40+00:00","dateModified":"2021-12-30T10:18:06+00:00","mainEntityOfPage":{"@id":"https:\/\/www.24gliwice.pl\/wiadomosci\/nie-zyje-wladyslaw-kwiatkowski-wieloletni-prezes-stowarzyszenia-romow-w-gliwicach\/"},"wordCount":160,"publisher":{"@id":"https:\/\/www.24gliwice.pl\/wiadomosci\/#organization"},"image":{"@id":"https:\/\/www.24gliwice.pl\/wiadomosci\/nie-zyje-wladyslaw-kwiatkowski-wieloletni-prezes-stowarzyszenia-romow-w-gliwicach\/#primaryimage"},"thumbnailUrl":"https:\/\/www.24gliwice.pl\/wiadomosci\/wp-content\/uploads\/2021\/12\/Wladyslaw-Kwiatkowski-fot._a._laskowska_wieczor_-_kopia.jpg","keywords":["romowie","zmarli"],"articleSection":["Gliwice","Najnowsze wiadomo\u015bci"],"inLanguage":"pl-PL"},{"@type":"WebPage","@id":"https:\/\/www.24gliwice.pl\/wiadomosci\/nie-zyje-wladyslaw-kwiatkowski-wieloletni-prezes-stowarzyszenia-romow-w-gliwicach\/","url":"https:\/\/www.24gliwice.pl\/wiadomosci\/nie-zyje-wladyslaw-kwiatkowski-wieloletni-prezes-stowarzyszenia-romow-w-gliwicach\/","name":"Nie \u017cyje W\u0142adys\u0142aw Kwiatkowski, wieloletni prezes Stowarzyszenia Rom\u00f3w w Gliwicach - 24GLIWICE - Portal Gliwice | codziennie nowe informacje","isPartOf":{"@id":"https:\/\/www.24gliwice.pl\/wiadomosci\/#website"},"primaryImageOfPage":{"@id":"https:\/\/www.24gliwice.pl\/wiadomosci\/nie-zyje-wladyslaw-kwiatkowski-wieloletni-prezes-stowarzyszenia-romow-w-gliwicach\/#primaryimage"},"image":{"@id":"https:\/\/www.24gliwice.pl\/wiadomosci\/nie-zyje-wladyslaw-kwiatkowski-wieloletni-prezes-stowarzyszenia-romow-w-gliwicach\/#primaryimage"},"thumbnailUrl":"https:\/\/www.24gliwice.pl\/wiadomosci\/wp-content\/uploads\/2021\/12\/Wladyslaw-Kwiatkowski-fot._a._laskowska_wieczor_-_kopia.jpg","datePublished":"2021-12-30T10:14:40+00:00","dateModified":"2021-12-30T10:18:06+00:00","breadcrumb":{"@id":"https:\/\/www.24gliwice.pl\/wiadomosci\/nie-zyje-wladyslaw-kwiatkowski-wieloletni-prezes-stowarzyszenia-romow-w-gliwicach\/#breadcrumb"},"inLanguage":"pl-PL","potentialAction":[{"@type":"ReadAction","target":["https:\/\/www.24gliwice.pl\/wiadomosci\/nie-zyje-wladyslaw-kwiatkowski-wieloletni-prezes-stowarzyszenia-romow-w-gliwicach\/"]}]},{"@type":"ImageObject","inLanguage":"pl-PL","@id":"https:\/\/www.24gliwice.pl\/wiadomosci\/nie-zyje-wladyslaw-kwiatkowski-wieloletni-prezes-stowarzyszenia-romow-w-gliwicach\/#primaryimage","url":"https:\/\/www.24gliwice.pl\/wiadomosci\/wp-content\/uploads\/2021\/12\/Wladyslaw-Kwiatkowski-fot._a._laskowska_wieczor_-_kopia.jpg","contentUrl":"https:\/\/www.24gliwice.pl\/wiadomosci\/wp-content\/uploads\/2021\/12\/Wladyslaw-Kwiatkowski-fot._a._laskowska_wieczor_-_kopia.jpg","width":810,"height":456},{"@type":"BreadcrumbList","@id":"https:\/\/www.24gliwice.pl\/wiadomosci\/nie-zyje-wladyslaw-kwiatkowski-wieloletni-prezes-stowarzyszenia-romow-w-gliwicach\/#breadcrumb","itemListElement":[{"@type":"ListItem","position":1,"name":"Strona g\u0142\u00f3wna","item":"https:\/\/www.24gliwice.pl\/wiadomosci\/"},{"@type":"ListItem","position":2,"name":"Nie \u017cyje W\u0142adys\u0142aw Kwiatkowski, wieloletni prezes Stowarzyszenia Rom\u00f3w w Gliwicach"}]},{"@type":"WebSite","@id":"https:\/\/www.24gliwice.pl\/wiadomosci\/#website","url":"https:\/\/www.24gliwice.pl\/wiadomosci\/","name":"24GLIWICE - Portal Gliwice | codziennie nowe wiadomo\u015bci","description":"Portal Miejski Gliwice","publisher":{"@id":"https:\/\/www.24gliwice.pl\/wiadomosci\/#organization"},"potentialAction":[{"@type":"SearchAction","target":{"@type":"EntryPoint","urlTemplate":"https:\/\/www.24gliwice.pl\/wiadomosci\/?s={search_term_string}"},"query-input":{"@type":"PropertyValueSpecification","valueRequired":true,"valueName":"search_term_string"}}],"inLanguage":"pl-PL"},{"@type":"Organization","@id":"https:\/\/www.24gliwice.pl\/wiadomosci\/#organization","name":"24gliwice","url":"https:\/\/www.24gliwice.pl\/wiadomosci\/","logo":{"@type":"ImageObject","inLanguage":"pl-PL","@id":"https:\/\/www.24gliwice.pl\/wiadomosci\/#\/schema\/logo\/image\/","url":"https:\/\/www.24gliwice.pl\/wiadomosci\/wp-content\/uploads\/2024\/10\/24gliwice-logo-696.jpg","contentUrl":"https:\/\/www.24gliwice.pl\/wiadomosci\/wp-content\/uploads\/2024\/10\/24gliwice-logo-696.jpg","width":696,"height":696,"caption":"24gliwice"},"image":{"@id":"https:\/\/www.24gliwice.pl\/wiadomosci\/#\/schema\/logo\/image\/"},"sameAs":["https:\/\/www.facebook.com\/24gliwice","https:\/\/x.com\/24gliwice","https:\/\/www.youtube.com\/@24gliwice"]},{"@type":"Person","@id":"https:\/\/www.24gliwice.pl\/wiadomosci\/#\/schema\/person\/e42c650edd7f2fa332be3811fb166b6e","name":"\u017baneta Mrozek-Siewierska","image":{"@type":"ImageObject","inLanguage":"pl-PL","@id":"https:\/\/www.24gliwice.pl\/wiadomosci\/wp-content\/uploads\/2021\/11\/Zaneta-M_S-zdjecie-czb-96x96.jpg","url":"https:\/\/www.24gliwice.pl\/wiadomosci\/wp-content\/uploads\/2021\/11\/Zaneta-M_S-zdjecie-czb-96x96.jpg","contentUrl":"https:\/\/www.24gliwice.pl\/wiadomosci\/wp-content\/uploads\/2021\/11\/Zaneta-M_S-zdjecie-czb-96x96.jpg","caption":"\u017baneta Mrozek-Siewierska"},"url":"https:\/\/www.24gliwice.pl\/wiadomosci\/author\/zms\/"}]}},"_links":{"self":[{"href":"https:\/\/www.24gliwice.pl\/wiadomosci\/wp-json\/wp\/v2\/posts\/183670","targetHints":{"allow":["GET"]}}],"collection":[{"href":"https:\/\/www.24gliwice.pl\/wiadomosci\/wp-json\/wp\/v2\/posts"}],"about":[{"href":"https:\/\/www.24gliwice.pl\/wiadomosci\/wp-json\/wp\/v2\/types\/post"}],"author":[{"embeddable":true,"href":"https:\/\/www.24gliwice.pl\/wiadomosci\/wp-json\/wp\/v2\/users\/15"}],"replies":[{"embeddable":true,"href":"https:\/\/www.24gliwice.pl\/wiadomosci\/wp-json\/wp\/v2\/comments?post=183670"}],"version-history":[{"count":5,"href":"https:\/\/www.24gliwice.pl\/wiadomosci\/wp-json\/wp\/v2\/posts\/183670\/revisions"}],"predecessor-version":[{"id":183705,"href":"https:\/\/www.24gliwice.pl\/wiadomosci\/wp-json\/wp\/v2\/posts\/183670\/revisions\/183705"}],"wp:featuredmedia":[{"embeddable":true,"href":"https:\/\/www.24gliwice.pl\/wiadomosci\/wp-json\/wp\/v2\/media\/183671"}],"wp:attachment":[{"href":"https:\/\/www.24gliwice.pl\/wiadomosci\/wp-json\/wp\/v2\/media?parent=183670"}],"wp:term":[{"taxonomy":"category","embeddable":true,"href":"https:\/\/www.24gliwice.pl\/wiadomosci\/wp-json\/wp\/v2\/categories?post=183670"},{"taxonomy":"post_tag","embeddable":true,"href":"https:\/\/www.24gliwice.pl\/wiadomosci\/wp-json\/wp\/v2\/tags?post=183670"}],"curies":[{"name":"wp","href":"https:\/\/api.w.org\/{rel}","templated":true}]}}