{"id":183978,"date":"2022-01-07T03:33:53","date_gmt":"2022-01-07T02:33:53","guid":{"rendered":"https:\/\/www.24gliwice.pl\/wiadomosci\/?p=183978"},"modified":"2022-01-07T13:03:16","modified_gmt":"2022-01-07T12:03:16","slug":"najpopularniejsze-imiona-dzieci","status":"publish","type":"post","link":"https:\/\/www.24gliwice.pl\/wiadomosci\/najpopularniejsze-imiona-dzieci\/","title":{"rendered":"Najcz\u0119\u015bciej i najrzadziej nadawane imiona w Gliwicach. Ten trend utrzymuje si\u0119 od kilku lat"},"content":{"rendered":"<div class=\"gliwi-a6-nad-leadem-artykulow gliwi-entity-placement\" id=\"gliwi-1005388098\"><div class=\"gliwi-adlabel\"><span style=\"font-size: 9px\">REKLAMA<\/span><\/div><div id=\"gliwi-1866700256\" style=\"margin-bottom: 25px;margin-left: auto;margin-right: auto;text-align: center;\"><a data-no-instant=\"1\" href=\"https:\/\/dom100.eu\/\" rel=\"noopener\" class=\"a2t-link\" target=\"_blank\" aria-label=\"20260415 DOM100 D\"><img loading=\"lazy\" decoding=\"async\" src=\"https:\/\/www.24gliwice.pl\/wiadomosci\/wp-content\/uploads\/2026\/04\/20260415-DOM100-D.jpg\" alt=\"\"  srcset=\"https:\/\/www.24gliwice.pl\/wiadomosci\/wp-content\/uploads\/2026\/04\/20260415-DOM100-D.jpg 750w, https:\/\/www.24gliwice.pl\/wiadomosci\/wp-content\/uploads\/2026\/04\/20260415-DOM100-D-410x109.jpg 410w\" sizes=\"(max-width: 750px) 100vw, 750px\" class=\"no-lazyload\" width=\"750\" height=\"200\"  style=\"display: inline-block; max-width: 100%; height: auto;\" \/><\/a><\/div><\/div><h2>Po imionach nadawanych dzieciom urodzonym w Gliwicach w 2021 roku wida\u0107, \u017ce trend utrzymuje si\u0119 od paru dobrych lat &#8211; przynajmniej je\u015bli chodzi o te najpopularniejsze. Ponownie najcz\u0119stszymi w\u015br\u00f3d dziewczynek by\u0142y Hanna i Zuzanna. W\u015br\u00f3d ch\u0142opc\u00f3w kr\u00f3lowali Jakub i Filip.<\/h2>\n<p>&nbsp;<br \/>\nNajcz\u0119\u015bciej nadawanymi imionami dla dziewczynek w 2021 r. by\u0142y: Hanna (53), Zuzanna (52), Laura (50), Zofia (44), Lena (42) oraz Maja (39). W\u015br\u00f3d ch\u0142opc\u00f3w kr\u00f3lowali Jakub (63), Filip (57), Leon (52), Antoni (47), Miko\u0142aj (45) i Szymon (42).<\/p>\n<p style=\"padding-left: 40px;\">Preferencje obserwowane przez gliwicki USC bliskie s\u0105 tym og\u00f3lnopolskim. W skali kraju &#8211; jak informuje serwis gov.pl &#8211; w pierwszej po\u0142owie 2021 roku najcz\u0119\u015bciej wybierane by\u0142y <strong>Zuzanna &#8211; 3251, Zofia \u2013 3178, Hanna &#8211; 3064<\/strong>. Nieco inaczej wygl\u0105da to w przypadku p\u0142ci przeciwnej. Co prawda Jakuba i Filipa znajdujemy w TOP 10 najpopularniejszych imion w Polsce, ale na odpowiednio 5. i 9. miejscu. Pierwsze trzy dzier\u017c\u0105 bowiem <strong>Antoni &#8211; 3862, Jan &#8211; 3535,<\/strong> jak r\u00f3wnie\u017c <strong>Aleksander &#8211; 3353<\/strong>.<\/p><div class=\"gliwi-a3-w-tresci-artykulow gliwi-entity-placement\" id=\"gliwi-3347862299\"><div class=\"gliwi-adlabel\"><span style=\"font-size: 9px\">REKLAMA<\/span><\/div><div id=\"gliwi-3473291605\" style=\"margin-bottom: 30px;margin-left: auto;margin-right: auto;text-align: center;\"><a data-no-instant=\"1\" href=\"https:\/\/zlobek.halogen.org.pl\/\" rel=\"noopener\" class=\"a2t-link\" target=\"_blank\" aria-label=\"animator-zlobek_750x200\"><img loading=\"lazy\" decoding=\"async\" src=\"https:\/\/www.24gliwice.pl\/wiadomosci\/wp-content\/uploads\/2026\/02\/animator-zlobek_750x200.webp\" alt=\"\"  srcset=\"https:\/\/www.24gliwice.pl\/wiadomosci\/wp-content\/uploads\/2026\/02\/animator-zlobek_750x200.webp 750w, https:\/\/www.24gliwice.pl\/wiadomosci\/wp-content\/uploads\/2026\/02\/animator-zlobek_750x200-410x109.webp 410w\" sizes=\"(max-width: 750px) 100vw, 750px\" class=\"no-lazyload\" width=\"750\" height=\"200\"  style=\"display: inline-block; max-width: 100%; height: auto;\" \/><\/a><\/div><\/div>\n<h4>W\u015br\u00f3d najrzadszych imion w naszym mie\u015bcie znalaz\u0142y si\u0119 &#8211; Dobrawa, Larysa, Tola, Ja\u015bmina, Klementyna, Lara, a tak\u017ce Jeremiasz, Gniewomir, Kasjan, Brajan, Korneliusz i Hugo.<\/h4>\n<p>W doniesieniach medialnych z innych miast, chocia\u017cby na \u015al\u0105sku, pojawiaj\u0105 si\u0119 informacje o imionach, kt\u00f3rych nadania urz\u0119dnicy USC odm\u00f3wili &#8211; np. Koka albo Pipa. W\u015br\u00f3d rodzin najm\u0142odszych, urodzonych w naszym mie\u015bcie, tak dziwne pomys\u0142y si\u0119 nie pojawia\u0142y.<\/p>\n<p>&#8211; <em>W USC w Gliwicach w 2021 r. nie by\u0142o przypadku, w kt\u00f3rym Kierownik odm\u00f3wi\u0142 nadania imienia dla dziecka<\/em> &#8211; poinformowa\u0142a <strong>Agnieszka Wieszok-Swientek<\/strong>, podinspektor USC w Gliwicach.<\/p>\n<h4>Trend utrzymuje si\u0119 od kilku lat<\/h4>\n<p>Chocia\u017c w 2020 roku ma\u0142ym gliwiczanom nadawano najcz\u0119\u015bciej imiona Micha\u0142 oraz Anna (po 130 dzieci z obu p\u0142ci otrzyma\u0142o te imiona), to w skali kilkuletniej tendencja jest sta\u0142a.<\/p>\n<p>W latach 2016-2020 w\u015br\u00f3d imion dla dziewczynek kr\u00f3lowa\u0142y: <strong>Zuzanna, Hanna<\/strong>, Julia, Maja oraz Alicja. Z kolei ch\u0142opcom rodzice najcz\u0119\u015bciej nadawali nast\u0119puj\u0105ce imiona: <strong>Jakub<\/strong>, Szymon, Jan, Wojciech i <strong>Filip<\/strong>. Tegoroczne statystyki pokazuj\u0105, \u017ce moda na niekt\u00f3re z tych imion bynajmniej si\u0119 nie ko\u0144czy. <\/p>\n<p>(\u017cms)<br \/>\nfot. px<\/p>\n<div class=\"gliwi-a5-na-koncu-artykulow gliwi-entity-placement\" id=\"gliwi-664025864\"><div class=\"gliwi-adlabel\"><span style=\"font-size: 9px\">REKLAMA<\/span><\/div><div id=\"gliwi-905462545\" style=\"margin-left: auto;margin-right: auto;text-align: center;\"><a data-no-instant=\"1\" href=\"https:\/\/www.jasek.pl\/\" rel=\"noopener\" class=\"a2t-link\" target=\"_blank\" aria-label=\"20200401-jasek 600\"><img loading=\"lazy\" decoding=\"async\" src=\"https:\/\/www.24gliwice.pl\/wiadomosci\/wp-content\/uploads\/2020\/04\/20200401-jasek-600.jpg\" alt=\"\"  srcset=\"https:\/\/www.24gliwice.pl\/wiadomosci\/wp-content\/uploads\/2020\/04\/20200401-jasek-600.jpg 600w, https:\/\/www.24gliwice.pl\/wiadomosci\/wp-content\/uploads\/2020\/04\/20200401-jasek-600-410x109.jpg 410w\" sizes=\"(max-width: 600px) 100vw, 600px\" class=\"no-lazyload\" width=\"600\" height=\"160\"  style=\"display: inline-block; max-width: 100%; height: auto;\" \/><\/a><\/div><\/div>","protected":false},"excerpt":{"rendered":"<p>Po imionach nadawanych dzieciom urodzonym w Gliwicach w 2021 roku wida\u0107, \u017ce trend utrzymuje si\u0119 od paru dobrych lat &#8211; przynajmniej je\u015bli chodzi o te najpopularniejsze. Ponownie najcz\u0119stszymi w\u015br\u00f3d dziewczynek by\u0142y Hanna i Zuzanna. W\u015br\u00f3d ch\u0142opc\u00f3w kr\u00f3lowali Jakub i Filip. &nbsp; Najcz\u0119\u015bciej nadawanymi imionami dla dziewczynek w 2021 r. by\u0142y: Hanna (53), Zuzanna (52), Laura [&hellip;]<\/p>\n","protected":false},"author":15,"featured_media":184020,"comment_status":"open","ping_status":"closed","sticky":false,"template":"","format":"standard","meta":{"_monsterinsights_skip_tracking":false,"_monsterinsights_sitenote_active":false,"_monsterinsights_sitenote_note":"","_monsterinsights_sitenote_category":0,"footnotes":"","_links_to":"","_links_to_target":""},"categories":[3,1,9],"tags":[],"class_list":["post-183978","post","type-post","status-publish","format-standard","has-post-thumbnail","hentry","category-gliwice","category-wszystko","category-aktualnosci_lokalne"],"yoast_head":"<!-- This site is optimized with the Yoast SEO plugin v27.4 - https:\/\/yoast.com\/product\/yoast-seo-wordpress\/ -->\n<title>Najcz\u0119\u015bciej i najrzadziej nadawane imiona w Gliwicach. Ten trend utrzymuje si\u0119 od kilku lat - 24GLIWICE - Portal Gliwice | codziennie nowe informacje<\/title>\n<meta name=\"robots\" content=\"index, follow, max-snippet:-1, max-image-preview:large, max-video-preview:-1\" \/>\n<link rel=\"canonical\" href=\"https:\/\/www.24gliwice.pl\/wiadomosci\/najpopularniejsze-imiona-dzieci\/\" \/>\n<meta property=\"og:locale\" content=\"pl_PL\" \/>\n<meta property=\"og:type\" content=\"article\" \/>\n<meta property=\"og:title\" content=\"Najcz\u0119\u015bciej i najrzadziej nadawane imiona w Gliwicach. Ten trend utrzymuje si\u0119 od kilku lat - 24GLIWICE - Portal Gliwice | codziennie nowe informacje\" \/>\n<meta property=\"og:description\" content=\"Po imionach nadawanych dzieciom urodzonym w Gliwicach w 2021 roku wida\u0107, \u017ce trend utrzymuje si\u0119 od paru dobrych lat &#8211; przynajmniej je\u015bli chodzi o te najpopularniejsze. Ponownie najcz\u0119stszymi w\u015br\u00f3d dziewczynek by\u0142y Hanna i Zuzanna. W\u015br\u00f3d ch\u0142opc\u00f3w kr\u00f3lowali Jakub i Filip. &nbsp; Najcz\u0119\u015bciej nadawanymi imionami dla dziewczynek w 2021 r. by\u0142y: Hanna (53), Zuzanna (52), Laura [&hellip;]\" \/>\n<meta property=\"og:url\" content=\"https:\/\/www.24gliwice.pl\/wiadomosci\/najpopularniejsze-imiona-dzieci\/\" \/>\n<meta property=\"og:site_name\" content=\"24GLIWICE - Portal Gliwice | codziennie nowe informacje\" \/>\n<meta property=\"article:publisher\" content=\"https:\/\/www.facebook.com\/24gliwice\" \/>\n<meta property=\"article:published_time\" content=\"2022-01-07T02:33:53+00:00\" \/>\n<meta property=\"article:modified_time\" content=\"2022-01-07T12:03:16+00:00\" \/>\n<meta property=\"og:image\" content=\"https:\/\/www.24gliwice.pl\/wiadomosci\/wp-content\/uploads\/2022\/01\/noworodek-dziecko-imiona-dzieci.jpg\" \/>\n\t<meta property=\"og:image:width\" content=\"769\" \/>\n\t<meta property=\"og:image:height\" content=\"433\" \/>\n\t<meta property=\"og:image:type\" content=\"image\/jpeg\" \/>\n<meta name=\"author\" content=\"\u017baneta Mrozek-Siewierska\" \/>\n<meta name=\"twitter:card\" content=\"summary_large_image\" \/>\n<meta name=\"twitter:creator\" content=\"@24gliwice\" \/>\n<meta name=\"twitter:site\" content=\"@24gliwice\" \/>\n<meta name=\"twitter:label1\" content=\"Napisane przez\" \/>\n\t<meta name=\"twitter:data1\" content=\"\u017baneta Mrozek-Siewierska\" \/>\n\t<meta name=\"twitter:label2\" content=\"Szacowany czas czytania\" \/>\n\t<meta name=\"twitter:data2\" content=\"2 minuty\" \/>\n<script type=\"application\/ld+json\" class=\"yoast-schema-graph\">{\"@context\":\"https:\\\/\\\/schema.org\",\"@graph\":[{\"@type\":\"Article\",\"@id\":\"https:\\\/\\\/www.24gliwice.pl\\\/wiadomosci\\\/najpopularniejsze-imiona-dzieci\\\/#article\",\"isPartOf\":{\"@id\":\"https:\\\/\\\/www.24gliwice.pl\\\/wiadomosci\\\/najpopularniejsze-imiona-dzieci\\\/\"},\"author\":{\"name\":\"\u017baneta Mrozek-Siewierska\",\"@id\":\"https:\\\/\\\/www.24gliwice.pl\\\/wiadomosci\\\/#\\\/schema\\\/person\\\/e42c650edd7f2fa332be3811fb166b6e\"},\"headline\":\"Najcz\u0119\u015bciej i najrzadziej nadawane imiona w Gliwicach. Ten trend utrzymuje si\u0119 od kilku lat\",\"datePublished\":\"2022-01-07T02:33:53+00:00\",\"dateModified\":\"2022-01-07T12:03:16+00:00\",\"mainEntityOfPage\":{\"@id\":\"https:\\\/\\\/www.24gliwice.pl\\\/wiadomosci\\\/najpopularniejsze-imiona-dzieci\\\/\"},\"wordCount\":373,\"commentCount\":0,\"publisher\":{\"@id\":\"https:\\\/\\\/www.24gliwice.pl\\\/wiadomosci\\\/#organization\"},\"image\":{\"@id\":\"https:\\\/\\\/www.24gliwice.pl\\\/wiadomosci\\\/najpopularniejsze-imiona-dzieci\\\/#primaryimage\"},\"thumbnailUrl\":\"https:\\\/\\\/www.24gliwice.pl\\\/wiadomosci\\\/wp-content\\\/uploads\\\/2022\\\/01\\\/noworodek-dziecko-imiona-dzieci.jpg\",\"articleSection\":[\"Gliwice\",\"Najnowsze wiadomo\u015bci\",\"Portal Gliwice - Wiadomo\u015bci lokalne\"],\"inLanguage\":\"pl-PL\",\"potentialAction\":[{\"@type\":\"CommentAction\",\"name\":\"Comment\",\"target\":[\"https:\\\/\\\/www.24gliwice.pl\\\/wiadomosci\\\/najpopularniejsze-imiona-dzieci\\\/#respond\"]}]},{\"@type\":\"WebPage\",\"@id\":\"https:\\\/\\\/www.24gliwice.pl\\\/wiadomosci\\\/najpopularniejsze-imiona-dzieci\\\/\",\"url\":\"https:\\\/\\\/www.24gliwice.pl\\\/wiadomosci\\\/najpopularniejsze-imiona-dzieci\\\/\",\"name\":\"Najcz\u0119\u015bciej i najrzadziej nadawane imiona w Gliwicach. Ten trend utrzymuje si\u0119 od kilku lat - 24GLIWICE - Portal Gliwice | codziennie nowe informacje\",\"isPartOf\":{\"@id\":\"https:\\\/\\\/www.24gliwice.pl\\\/wiadomosci\\\/#website\"},\"primaryImageOfPage\":{\"@id\":\"https:\\\/\\\/www.24gliwice.pl\\\/wiadomosci\\\/najpopularniejsze-imiona-dzieci\\\/#primaryimage\"},\"image\":{\"@id\":\"https:\\\/\\\/www.24gliwice.pl\\\/wiadomosci\\\/najpopularniejsze-imiona-dzieci\\\/#primaryimage\"},\"thumbnailUrl\":\"https:\\\/\\\/www.24gliwice.pl\\\/wiadomosci\\\/wp-content\\\/uploads\\\/2022\\\/01\\\/noworodek-dziecko-imiona-dzieci.jpg\",\"datePublished\":\"2022-01-07T02:33:53+00:00\",\"dateModified\":\"2022-01-07T12:03:16+00:00\",\"breadcrumb\":{\"@id\":\"https:\\\/\\\/www.24gliwice.pl\\\/wiadomosci\\\/najpopularniejsze-imiona-dzieci\\\/#breadcrumb\"},\"inLanguage\":\"pl-PL\",\"potentialAction\":[{\"@type\":\"ReadAction\",\"target\":[\"https:\\\/\\\/www.24gliwice.pl\\\/wiadomosci\\\/najpopularniejsze-imiona-dzieci\\\/\"]}]},{\"@type\":\"ImageObject\",\"inLanguage\":\"pl-PL\",\"@id\":\"https:\\\/\\\/www.24gliwice.pl\\\/wiadomosci\\\/najpopularniejsze-imiona-dzieci\\\/#primaryimage\",\"url\":\"https:\\\/\\\/www.24gliwice.pl\\\/wiadomosci\\\/wp-content\\\/uploads\\\/2022\\\/01\\\/noworodek-dziecko-imiona-dzieci.jpg\",\"contentUrl\":\"https:\\\/\\\/www.24gliwice.pl\\\/wiadomosci\\\/wp-content\\\/uploads\\\/2022\\\/01\\\/noworodek-dziecko-imiona-dzieci.jpg\",\"width\":769,\"height\":433},{\"@type\":\"BreadcrumbList\",\"@id\":\"https:\\\/\\\/www.24gliwice.pl\\\/wiadomosci\\\/najpopularniejsze-imiona-dzieci\\\/#breadcrumb\",\"itemListElement\":[{\"@type\":\"ListItem\",\"position\":1,\"name\":\"Strona g\u0142\u00f3wna\",\"item\":\"https:\\\/\\\/www.24gliwice.pl\\\/wiadomosci\\\/\"},{\"@type\":\"ListItem\",\"position\":2,\"name\":\"Najcz\u0119\u015bciej i najrzadziej nadawane imiona w Gliwicach. Ten trend utrzymuje si\u0119 od kilku lat\"}]},{\"@type\":\"WebSite\",\"@id\":\"https:\\\/\\\/www.24gliwice.pl\\\/wiadomosci\\\/#website\",\"url\":\"https:\\\/\\\/www.24gliwice.pl\\\/wiadomosci\\\/\",\"name\":\"24GLIWICE - Portal Gliwice | codziennie nowe wiadomo\u015bci\",\"description\":\"Portal Miejski Gliwice\",\"publisher\":{\"@id\":\"https:\\\/\\\/www.24gliwice.pl\\\/wiadomosci\\\/#organization\"},\"potentialAction\":[{\"@type\":\"SearchAction\",\"target\":{\"@type\":\"EntryPoint\",\"urlTemplate\":\"https:\\\/\\\/www.24gliwice.pl\\\/wiadomosci\\\/?s={search_term_string}\"},\"query-input\":{\"@type\":\"PropertyValueSpecification\",\"valueRequired\":true,\"valueName\":\"search_term_string\"}}],\"inLanguage\":\"pl-PL\"},{\"@type\":\"Organization\",\"@id\":\"https:\\\/\\\/www.24gliwice.pl\\\/wiadomosci\\\/#organization\",\"name\":\"24gliwice\",\"url\":\"https:\\\/\\\/www.24gliwice.pl\\\/wiadomosci\\\/\",\"logo\":{\"@type\":\"ImageObject\",\"inLanguage\":\"pl-PL\",\"@id\":\"https:\\\/\\\/www.24gliwice.pl\\\/wiadomosci\\\/#\\\/schema\\\/logo\\\/image\\\/\",\"url\":\"https:\\\/\\\/www.24gliwice.pl\\\/wiadomosci\\\/wp-content\\\/uploads\\\/2024\\\/10\\\/24gliwice-logo-696.jpg\",\"contentUrl\":\"https:\\\/\\\/www.24gliwice.pl\\\/wiadomosci\\\/wp-content\\\/uploads\\\/2024\\\/10\\\/24gliwice-logo-696.jpg\",\"width\":696,\"height\":696,\"caption\":\"24gliwice\"},\"image\":{\"@id\":\"https:\\\/\\\/www.24gliwice.pl\\\/wiadomosci\\\/#\\\/schema\\\/logo\\\/image\\\/\"},\"sameAs\":[\"https:\\\/\\\/www.facebook.com\\\/24gliwice\",\"https:\\\/\\\/x.com\\\/24gliwice\",\"https:\\\/\\\/www.youtube.com\\\/@24gliwice\"]},{\"@type\":\"Person\",\"@id\":\"https:\\\/\\\/www.24gliwice.pl\\\/wiadomosci\\\/#\\\/schema\\\/person\\\/e42c650edd7f2fa332be3811fb166b6e\",\"name\":\"\u017baneta Mrozek-Siewierska\",\"image\":{\"@type\":\"ImageObject\",\"inLanguage\":\"pl-PL\",\"@id\":\"https:\\\/\\\/www.24gliwice.pl\\\/wiadomosci\\\/wp-content\\\/uploads\\\/2021\\\/11\\\/Zaneta-M_S-zdjecie-czb-96x96.jpg\",\"url\":\"https:\\\/\\\/www.24gliwice.pl\\\/wiadomosci\\\/wp-content\\\/uploads\\\/2021\\\/11\\\/Zaneta-M_S-zdjecie-czb-96x96.jpg\",\"contentUrl\":\"https:\\\/\\\/www.24gliwice.pl\\\/wiadomosci\\\/wp-content\\\/uploads\\\/2021\\\/11\\\/Zaneta-M_S-zdjecie-czb-96x96.jpg\",\"caption\":\"\u017baneta Mrozek-Siewierska\"},\"url\":\"https:\\\/\\\/www.24gliwice.pl\\\/wiadomosci\\\/author\\\/zms\\\/\"}]}<\/script>\n<!-- \/ Yoast SEO plugin. -->","yoast_head_json":{"title":"Najcz\u0119\u015bciej i najrzadziej nadawane imiona w Gliwicach. Ten trend utrzymuje si\u0119 od kilku lat - 24GLIWICE - Portal Gliwice | codziennie nowe informacje","robots":{"index":"index","follow":"follow","max-snippet":"max-snippet:-1","max-image-preview":"max-image-preview:large","max-video-preview":"max-video-preview:-1"},"canonical":"https:\/\/www.24gliwice.pl\/wiadomosci\/najpopularniejsze-imiona-dzieci\/","og_locale":"pl_PL","og_type":"article","og_title":"Najcz\u0119\u015bciej i najrzadziej nadawane imiona w Gliwicach. Ten trend utrzymuje si\u0119 od kilku lat - 24GLIWICE - Portal Gliwice | codziennie nowe informacje","og_description":"Po imionach nadawanych dzieciom urodzonym w Gliwicach w 2021 roku wida\u0107, \u017ce trend utrzymuje si\u0119 od paru dobrych lat &#8211; przynajmniej je\u015bli chodzi o te najpopularniejsze. Ponownie najcz\u0119stszymi w\u015br\u00f3d dziewczynek by\u0142y Hanna i Zuzanna. W\u015br\u00f3d ch\u0142opc\u00f3w kr\u00f3lowali Jakub i Filip. &nbsp; Najcz\u0119\u015bciej nadawanymi imionami dla dziewczynek w 2021 r. by\u0142y: Hanna (53), Zuzanna (52), Laura [&hellip;]","og_url":"https:\/\/www.24gliwice.pl\/wiadomosci\/najpopularniejsze-imiona-dzieci\/","og_site_name":"24GLIWICE - Portal Gliwice | codziennie nowe informacje","article_publisher":"https:\/\/www.facebook.com\/24gliwice","article_published_time":"2022-01-07T02:33:53+00:00","article_modified_time":"2022-01-07T12:03:16+00:00","og_image":[{"width":769,"height":433,"url":"https:\/\/www.24gliwice.pl\/wiadomosci\/wp-content\/uploads\/2022\/01\/noworodek-dziecko-imiona-dzieci.jpg","type":"image\/jpeg"}],"author":"\u017baneta Mrozek-Siewierska","twitter_card":"summary_large_image","twitter_creator":"@24gliwice","twitter_site":"@24gliwice","twitter_misc":{"Napisane przez":"\u017baneta Mrozek-Siewierska","Szacowany czas czytania":"2 minuty"},"schema":{"@context":"https:\/\/schema.org","@graph":[{"@type":"Article","@id":"https:\/\/www.24gliwice.pl\/wiadomosci\/najpopularniejsze-imiona-dzieci\/#article","isPartOf":{"@id":"https:\/\/www.24gliwice.pl\/wiadomosci\/najpopularniejsze-imiona-dzieci\/"},"author":{"name":"\u017baneta Mrozek-Siewierska","@id":"https:\/\/www.24gliwice.pl\/wiadomosci\/#\/schema\/person\/e42c650edd7f2fa332be3811fb166b6e"},"headline":"Najcz\u0119\u015bciej i najrzadziej nadawane imiona w Gliwicach. Ten trend utrzymuje si\u0119 od kilku lat","datePublished":"2022-01-07T02:33:53+00:00","dateModified":"2022-01-07T12:03:16+00:00","mainEntityOfPage":{"@id":"https:\/\/www.24gliwice.pl\/wiadomosci\/najpopularniejsze-imiona-dzieci\/"},"wordCount":373,"commentCount":0,"publisher":{"@id":"https:\/\/www.24gliwice.pl\/wiadomosci\/#organization"},"image":{"@id":"https:\/\/www.24gliwice.pl\/wiadomosci\/najpopularniejsze-imiona-dzieci\/#primaryimage"},"thumbnailUrl":"https:\/\/www.24gliwice.pl\/wiadomosci\/wp-content\/uploads\/2022\/01\/noworodek-dziecko-imiona-dzieci.jpg","articleSection":["Gliwice","Najnowsze wiadomo\u015bci","Portal Gliwice - Wiadomo\u015bci lokalne"],"inLanguage":"pl-PL","potentialAction":[{"@type":"CommentAction","name":"Comment","target":["https:\/\/www.24gliwice.pl\/wiadomosci\/najpopularniejsze-imiona-dzieci\/#respond"]}]},{"@type":"WebPage","@id":"https:\/\/www.24gliwice.pl\/wiadomosci\/najpopularniejsze-imiona-dzieci\/","url":"https:\/\/www.24gliwice.pl\/wiadomosci\/najpopularniejsze-imiona-dzieci\/","name":"Najcz\u0119\u015bciej i najrzadziej nadawane imiona w Gliwicach. Ten trend utrzymuje si\u0119 od kilku lat - 24GLIWICE - Portal Gliwice | codziennie nowe informacje","isPartOf":{"@id":"https:\/\/www.24gliwice.pl\/wiadomosci\/#website"},"primaryImageOfPage":{"@id":"https:\/\/www.24gliwice.pl\/wiadomosci\/najpopularniejsze-imiona-dzieci\/#primaryimage"},"image":{"@id":"https:\/\/www.24gliwice.pl\/wiadomosci\/najpopularniejsze-imiona-dzieci\/#primaryimage"},"thumbnailUrl":"https:\/\/www.24gliwice.pl\/wiadomosci\/wp-content\/uploads\/2022\/01\/noworodek-dziecko-imiona-dzieci.jpg","datePublished":"2022-01-07T02:33:53+00:00","dateModified":"2022-01-07T12:03:16+00:00","breadcrumb":{"@id":"https:\/\/www.24gliwice.pl\/wiadomosci\/najpopularniejsze-imiona-dzieci\/#breadcrumb"},"inLanguage":"pl-PL","potentialAction":[{"@type":"ReadAction","target":["https:\/\/www.24gliwice.pl\/wiadomosci\/najpopularniejsze-imiona-dzieci\/"]}]},{"@type":"ImageObject","inLanguage":"pl-PL","@id":"https:\/\/www.24gliwice.pl\/wiadomosci\/najpopularniejsze-imiona-dzieci\/#primaryimage","url":"https:\/\/www.24gliwice.pl\/wiadomosci\/wp-content\/uploads\/2022\/01\/noworodek-dziecko-imiona-dzieci.jpg","contentUrl":"https:\/\/www.24gliwice.pl\/wiadomosci\/wp-content\/uploads\/2022\/01\/noworodek-dziecko-imiona-dzieci.jpg","width":769,"height":433},{"@type":"BreadcrumbList","@id":"https:\/\/www.24gliwice.pl\/wiadomosci\/najpopularniejsze-imiona-dzieci\/#breadcrumb","itemListElement":[{"@type":"ListItem","position":1,"name":"Strona g\u0142\u00f3wna","item":"https:\/\/www.24gliwice.pl\/wiadomosci\/"},{"@type":"ListItem","position":2,"name":"Najcz\u0119\u015bciej i najrzadziej nadawane imiona w Gliwicach. Ten trend utrzymuje si\u0119 od kilku lat"}]},{"@type":"WebSite","@id":"https:\/\/www.24gliwice.pl\/wiadomosci\/#website","url":"https:\/\/www.24gliwice.pl\/wiadomosci\/","name":"24GLIWICE - Portal Gliwice | codziennie nowe wiadomo\u015bci","description":"Portal Miejski Gliwice","publisher":{"@id":"https:\/\/www.24gliwice.pl\/wiadomosci\/#organization"},"potentialAction":[{"@type":"SearchAction","target":{"@type":"EntryPoint","urlTemplate":"https:\/\/www.24gliwice.pl\/wiadomosci\/?s={search_term_string}"},"query-input":{"@type":"PropertyValueSpecification","valueRequired":true,"valueName":"search_term_string"}}],"inLanguage":"pl-PL"},{"@type":"Organization","@id":"https:\/\/www.24gliwice.pl\/wiadomosci\/#organization","name":"24gliwice","url":"https:\/\/www.24gliwice.pl\/wiadomosci\/","logo":{"@type":"ImageObject","inLanguage":"pl-PL","@id":"https:\/\/www.24gliwice.pl\/wiadomosci\/#\/schema\/logo\/image\/","url":"https:\/\/www.24gliwice.pl\/wiadomosci\/wp-content\/uploads\/2024\/10\/24gliwice-logo-696.jpg","contentUrl":"https:\/\/www.24gliwice.pl\/wiadomosci\/wp-content\/uploads\/2024\/10\/24gliwice-logo-696.jpg","width":696,"height":696,"caption":"24gliwice"},"image":{"@id":"https:\/\/www.24gliwice.pl\/wiadomosci\/#\/schema\/logo\/image\/"},"sameAs":["https:\/\/www.facebook.com\/24gliwice","https:\/\/x.com\/24gliwice","https:\/\/www.youtube.com\/@24gliwice"]},{"@type":"Person","@id":"https:\/\/www.24gliwice.pl\/wiadomosci\/#\/schema\/person\/e42c650edd7f2fa332be3811fb166b6e","name":"\u017baneta Mrozek-Siewierska","image":{"@type":"ImageObject","inLanguage":"pl-PL","@id":"https:\/\/www.24gliwice.pl\/wiadomosci\/wp-content\/uploads\/2021\/11\/Zaneta-M_S-zdjecie-czb-96x96.jpg","url":"https:\/\/www.24gliwice.pl\/wiadomosci\/wp-content\/uploads\/2021\/11\/Zaneta-M_S-zdjecie-czb-96x96.jpg","contentUrl":"https:\/\/www.24gliwice.pl\/wiadomosci\/wp-content\/uploads\/2021\/11\/Zaneta-M_S-zdjecie-czb-96x96.jpg","caption":"\u017baneta Mrozek-Siewierska"},"url":"https:\/\/www.24gliwice.pl\/wiadomosci\/author\/zms\/"}]}},"_links":{"self":[{"href":"https:\/\/www.24gliwice.pl\/wiadomosci\/wp-json\/wp\/v2\/posts\/183978","targetHints":{"allow":["GET"]}}],"collection":[{"href":"https:\/\/www.24gliwice.pl\/wiadomosci\/wp-json\/wp\/v2\/posts"}],"about":[{"href":"https:\/\/www.24gliwice.pl\/wiadomosci\/wp-json\/wp\/v2\/types\/post"}],"author":[{"embeddable":true,"href":"https:\/\/www.24gliwice.pl\/wiadomosci\/wp-json\/wp\/v2\/users\/15"}],"replies":[{"embeddable":true,"href":"https:\/\/www.24gliwice.pl\/wiadomosci\/wp-json\/wp\/v2\/comments?post=183978"}],"version-history":[{"count":18,"href":"https:\/\/www.24gliwice.pl\/wiadomosci\/wp-json\/wp\/v2\/posts\/183978\/revisions"}],"predecessor-version":[{"id":184089,"href":"https:\/\/www.24gliwice.pl\/wiadomosci\/wp-json\/wp\/v2\/posts\/183978\/revisions\/184089"}],"wp:featuredmedia":[{"embeddable":true,"href":"https:\/\/www.24gliwice.pl\/wiadomosci\/wp-json\/wp\/v2\/media\/184020"}],"wp:attachment":[{"href":"https:\/\/www.24gliwice.pl\/wiadomosci\/wp-json\/wp\/v2\/media?parent=183978"}],"wp:term":[{"taxonomy":"category","embeddable":true,"href":"https:\/\/www.24gliwice.pl\/wiadomosci\/wp-json\/wp\/v2\/categories?post=183978"},{"taxonomy":"post_tag","embeddable":true,"href":"https:\/\/www.24gliwice.pl\/wiadomosci\/wp-json\/wp\/v2\/tags?post=183978"}],"curies":[{"name":"wp","href":"https:\/\/api.w.org\/{rel}","templated":true}]}}