{"id":184217,"date":"2022-01-14T08:24:28","date_gmt":"2022-01-14T07:24:28","guid":{"rendered":"https:\/\/www.24gliwice.pl\/wiadomosci\/?p=184217"},"modified":"2022-01-16T02:22:53","modified_gmt":"2022-01-16T01:22:53","slug":"budowa-szpitala-nie-bedzie-mozliwa-bez-zewnetrznego-finansowania-efekt-polskiego-ladu-tv","status":"publish","type":"post","link":"https:\/\/www.24gliwice.pl\/wiadomosci\/budowa-szpitala-nie-bedzie-mozliwa-bez-zewnetrznego-finansowania-efekt-polskiego-ladu-tv\/","title":{"rendered":"Budowa szpitala nie b\u0119dzie mo\u017cliwa bez zewn\u0119trznego finansowania. Efekt Polskiego \u0141adu (TV)"},"content":{"rendered":"<div class=\"gliwi-a6-nad-leadem-artykulow gliwi-entity-placement\" id=\"gliwi-2372871996\"><div class=\"gliwi-adlabel\"><span style=\"font-size: 9px\">REKLAMA<\/span><\/div><div id=\"gliwi-1157172651\" style=\"margin-bottom: 25px;margin-left: auto;margin-right: auto;text-align: center;\"><a data-no-instant=\"1\" href=\"https:\/\/dom100.eu\/\" rel=\"noopener\" class=\"a2t-link\" target=\"_blank\" aria-label=\"20260415 DOM100 D\"><img loading=\"lazy\" decoding=\"async\" src=\"https:\/\/www.24gliwice.pl\/wiadomosci\/wp-content\/uploads\/2026\/04\/20260415-DOM100-D.jpg\" alt=\"\"  srcset=\"https:\/\/www.24gliwice.pl\/wiadomosci\/wp-content\/uploads\/2026\/04\/20260415-DOM100-D.jpg 750w, https:\/\/www.24gliwice.pl\/wiadomosci\/wp-content\/uploads\/2026\/04\/20260415-DOM100-D-410x109.jpg 410w\" sizes=\"(max-width: 750px) 100vw, 750px\" class=\"no-lazyload\" width=\"750\" height=\"200\"  style=\"display: inline-block; max-width: 100%; height: auto;\" \/><\/a><\/div><\/div><h2>Miasto straci ponad 800 mln z\u0142 wp\u0142ywu z podatk\u00f3w, w efekcie wprowadzenia Polskiego \u0141adu &#8211; wynika z wieloletniej prognozy finansowej na lata 2022-2034. Za pieni\u0105dze te mo\u017cna by wybudowa\u0107 m.in. nowy szpital miejski. Tych \u015brodk\u00f3w jednak nie ma, dlatego magistrat musi poszuka\u0107 zewn\u0119trznych \u017ar\u00f3de\u0142 finansowania dla tej inwestycji.<\/h2>\n<p>&nbsp;<br \/>\nGotowy jest ju\u017c projekt nowego gmachu planowanego w rejonie ulicy Kujawskiej, wydane zosta\u0142o te\u017c pozwolenie na budow\u0119. Aktualnie, w przetargach gliwickiego magistratu trwa zam\u00f3wienie na przygotowanie terenu pod inwestycje, kt\u00f3rej koszt oszacowano na oko\u0142o 500-600 milion\u00f3w z\u0142otych. <\/p>\n<h4>Fundusze te miasto planuje pozyska\u0107 z innych \u017ar\u00f3de\u0142, ni\u017c kredyt czy finansowanie w\u0142asne. Jakich? Podczas ostatniego spotkania z dziennikarzami prezydent Adam Neumann zdradzi\u0142 szczeg\u00f3\u0142y tej sprawy.<\/h4>\n<p>&#8211; <em>Szpital ma kosztowa\u0107, wraz z nowoczesnym wyposa\u017ceniem co najmniej p\u00f3\u0142 miliarda z\u0142otych(&#8230;). Poniewa\u017c nie mamy tych pieni\u0119dzy, intensywnie rozgl\u0105damy si\u0119 za mo\u017cliwo\u015bciami finansowania zewn\u0119trznego<\/em>  &#8211; m\u00f3wi\u0142 prezydent Gliwic. <\/p><div class=\"gliwi-a3-w-tresci-artykulow gliwi-entity-placement\" id=\"gliwi-1156759582\"><div class=\"gliwi-adlabel\"><span style=\"font-size: 9px\">REKLAMA<\/span><\/div><div id=\"gliwi-1228869998\" style=\"margin-bottom: 30px;margin-left: auto;margin-right: auto;text-align: center;\"><a data-no-instant=\"1\" href=\"https:\/\/zlobek.halogen.org.pl\/\" rel=\"noopener\" class=\"a2t-link\" target=\"_blank\" aria-label=\"animator-zlobek_750x200\"><img loading=\"lazy\" decoding=\"async\" src=\"https:\/\/www.24gliwice.pl\/wiadomosci\/wp-content\/uploads\/2026\/02\/animator-zlobek_750x200.webp\" alt=\"\"  srcset=\"https:\/\/www.24gliwice.pl\/wiadomosci\/wp-content\/uploads\/2026\/02\/animator-zlobek_750x200.webp 750w, https:\/\/www.24gliwice.pl\/wiadomosci\/wp-content\/uploads\/2026\/02\/animator-zlobek_750x200-410x109.webp 410w\" sizes=\"(max-width: 750px) 100vw, 750px\" class=\"no-lazyload\" width=\"750\" height=\"200\"  style=\"display: inline-block; max-width: 100%; height: auto;\" \/><\/a><\/div><\/div>\n<p><iframe loading=\"lazy\" width=\"810\" height=\"456\" src=\"https:\/\/www.youtube.com\/embed\/ThMiS4tkJmE\" title=\"YouTube video player\" frameborder=\"0\" allow=\"accelerometer; autoplay; clipboard-write; encrypted-media; gyroscope; picture-in-picture\" allowfullscreen><\/iframe><\/p>\n<p>Adam Neumann wskazuje na dwie mo\u017cliwo\u015bci pozyskania \u015brodk\u00f3w finansowych. Pierwsza to fundusze z Krajowego Planu Odbudowy. <\/p>\n<p>&#8211; <em>Tylko tutaj wiemy, \u017ce na skutek spor\u00f3w rz\u0105du polskiego z komisj\u0105 europejsk\u0105 ten Krajowy Plan Odbudowy od jesieni 2021 roku po prostu le\u017cy w Brukseli i nie jest przez Komisj\u0119 Europejsk\u0105 zatwierdzany<\/em> &#8211; kontynuowa\u0142 prezydent.<\/p>\n<blockquote><p><em>Natomiast drugie \u017ar\u00f3d\u0142o to \u017ar\u00f3d\u0142o krajowe &#8211; rz\u0105d polski obiecuje, \u017ce b\u0119dzie samorz\u0105dom rekompensowa\u0142 pieni\u0119dzmi inwestycyjnymi ubytki w dochodach w\u0142asnych i minister zdrowia ma og\u0142osi\u0107 program w\u0142a\u015bnie takich pieni\u0119dzy, kt\u00f3re maj\u0105 by\u0107 przeznaczone na szpitalnictwo<\/em> <\/p><\/blockquote>\n<p>&#8211; doda\u0142 prezydent Gliwic. <\/p>\n<p>Zaledwie kilkana\u015bcie dni temu, 30 grudnia ub. roku, minister zdrowia <strong>Adam Niedzielski<\/strong> skierowa\u0142 do konsultacji projekt ustawy dotycz\u0105cy reformy szpitali. Zak\u0142ada on powo\u0142anie Agencji Rozwoju Szpitali, kt\u00f3ra b\u0119dzie si\u0119 zajmowa\u0142a m.in. restrukturyzacj\u0105 szpitalnictwa, a tak\u017ce dystrybucj\u0105 \u015brodk\u00f3w europejskich na modernizacj\u0119 tych plac\u00f3wek. <\/p>\n<h4>Pomys\u0142\u00f3w na szpitale by\u0142o wi\u0119cej<\/h4>\n<p>Obecnie rz\u0105dz\u0105cy kilka lat temu wprowadzili sie\u0107 szpitali &#8211; wybrano grup\u0119 plac\u00f3wek, kt\u00f3ra mia\u0142a zapewnione finansowanie przez NFZ. Wesz\u0142y do niej lecznice, kt\u00f3re udziela\u0142y \u015bwiadczenia w ramach izby przyj\u0119\u0107 albo szpitalnego oddzia\u0142u ratunkowego na podstawie umowy z NFZ przez okres co najmniej 2 ostatnich lat oraz posiada\u0142y konkretne oddzia\u0142y wymienione w ustawie.<\/p>\n<p>Okres pandemii stanowi\u0142 kolejne wyzwanie, a przy okazji obna\u017cy\u0142 braki w polskiej s\u0142u\u017cbie zdrowia. Ju\u017c w pierwszym roku zarazy, pojawi\u0142y si\u0119 pomys\u0142y na kolejn\u0105 pr\u00f3b\u0119 uzdrowienia tej sytuacji. Zastanawiano si\u0119 w\u00f3wczas nad przejmowaniem szpitali od samorz\u0105d\u00f3w. <\/p>\n<p><b>Pytali\u015bmy miasta, czy w takiej sytuacji zdecyduje si\u0119 na zainwestowanie tak sporych \u015brodk\u00f3w finansowych w budow\u0119 nowej plac\u00f3wki, na kt\u00f3r\u0105 wkr\u00f3tce mo\u017ce przesta\u0107 mie\u0107 wp\u0142yw. Urz\u0119dnicy jednak spokojnie podchodzili do sprawy.<\/b><\/p>\n<p>\u2013 Pomys\u0142 \u201eprzej\u0119cia\u201d szpitali przez rz\u0105d pojawi\u0142 si\u0119 kilka miesi\u0119cy temu. Oczywi\u015bcie brak stabilnego otoczenia prawnego nie u\u0142atwia prowadzenia tej inwestycji. Patrzymy jednak na spraw\u0119 ze spokojem. Nie jest tajemnic\u0105, \u017ce nawet przed epidemi\u0105 system szpitalnictwa w Polsce by\u0142 daleki od idea\u0142u &#8211; informowa\u0142 na pocz\u0105tku 2021 roku <strong>\u0141ukasz Oryszczak<\/strong>, rzecznik prezydenta Gliwic, wskazuj\u0105c przy okazji, \u017ce miasto sukcesywnie dok\u0142ada do utrzymania szpitala. <\/p>\n<p>Czas pokaza\u0142, \u017ce w wyniku wprowadzonych przez w\u0142adze pa\u0144stwowe reform, zwanych Polskim \u0141adem, finansowanie tej budowy nie b\u0119dzie realizowane z samorz\u0105dowego bud\u017cetu. <\/p>\n<p>(\u017cms)<br \/>\nfot. arch. UM Gliwice<\/p>\n<div class=\"gliwi-a5-na-koncu-artykulow gliwi-entity-placement\" id=\"gliwi-3798782521\"><div class=\"gliwi-adlabel\"><span style=\"font-size: 9px\">REKLAMA<\/span><\/div><div id=\"gliwi-1553792938\" style=\"margin-left: auto;margin-right: auto;text-align: center;\"><a data-no-instant=\"1\" href=\"https:\/\/prezeroarenagliwice.pl\/\" rel=\"noopener\" class=\"a2t-link\" target=\"_blank\" aria-label=\"20260309-PREZERO-WIOSNA-D\"><img loading=\"lazy\" decoding=\"async\" src=\"https:\/\/www.24gliwice.pl\/wiadomosci\/wp-content\/uploads\/2026\/03\/20260309-PREZERO-WIOSNA-D.webp\" alt=\"\"  srcset=\"https:\/\/www.24gliwice.pl\/wiadomosci\/wp-content\/uploads\/2026\/03\/20260309-PREZERO-WIOSNA-D.webp 750w, https:\/\/www.24gliwice.pl\/wiadomosci\/wp-content\/uploads\/2026\/03\/20260309-PREZERO-WIOSNA-D-410x109.webp 410w\" sizes=\"(max-width: 750px) 100vw, 750px\" class=\"no-lazyload\" width=\"750\" height=\"200\"  style=\"display: inline-block; max-width: 100%; height: auto;\" \/><\/a><\/div><\/div>","protected":false},"excerpt":{"rendered":"<p>Miasto straci ponad 800 mln z\u0142 wp\u0142ywu z podatk\u00f3w, w efekcie wprowadzenia Polskiego \u0141adu &#8211; wynika z wieloletniej prognozy finansowej na lata 2022-2034. Za pieni\u0105dze te mo\u017cna by wybudowa\u0107 m.in. nowy szpital miejski. Tych \u015brodk\u00f3w jednak nie ma, dlatego magistrat musi poszuka\u0107 zewn\u0119trznych \u017ar\u00f3de\u0142 finansowania dla tej inwestycji. &nbsp; Gotowy jest ju\u017c projekt nowego gmachu [&hellip;]<\/p>\n","protected":false},"author":15,"featured_media":184315,"comment_status":"open","ping_status":"closed","sticky":false,"template":"","format":"standard","meta":{"_monsterinsights_skip_tracking":false,"_monsterinsights_sitenote_active":false,"_monsterinsights_sitenote_note":"","_monsterinsights_sitenote_category":0,"footnotes":"","_links_to":"","_links_to_target":""},"categories":[3,1,9,8,4],"tags":[14849,20201],"class_list":["post-184217","post","type-post","status-publish","format-standard","has-post-thumbnail","hentry","category-gliwice","category-wszystko","category-aktualnosci_lokalne","category-samorzad_polityka","category-telewizja-gliwice","tag-nowy-budynek-szpitala","tag-polski-lad"],"yoast_head":"<!-- This site is optimized with the Yoast SEO plugin v27.4 - https:\/\/yoast.com\/product\/yoast-seo-wordpress\/ -->\n<title>Budowa szpitala nie b\u0119dzie mo\u017cliwa bez zewn\u0119trznego finansowania. Efekt Polskiego \u0141adu (TV) - 24GLIWICE - Portal Gliwice | codziennie nowe informacje<\/title>\n<meta name=\"robots\" content=\"index, follow, max-snippet:-1, max-image-preview:large, max-video-preview:-1\" \/>\n<link rel=\"canonical\" href=\"https:\/\/www.24gliwice.pl\/wiadomosci\/budowa-szpitala-nie-bedzie-mozliwa-bez-zewnetrznego-finansowania-efekt-polskiego-ladu-tv\/\" \/>\n<meta property=\"og:locale\" content=\"pl_PL\" \/>\n<meta property=\"og:type\" content=\"article\" \/>\n<meta property=\"og:title\" content=\"Budowa szpitala nie b\u0119dzie mo\u017cliwa bez zewn\u0119trznego finansowania. Efekt Polskiego \u0141adu (TV) - 24GLIWICE - Portal Gliwice | codziennie nowe informacje\" \/>\n<meta property=\"og:description\" content=\"Miasto straci ponad 800 mln z\u0142 wp\u0142ywu z podatk\u00f3w, w efekcie wprowadzenia Polskiego \u0141adu &#8211; wynika z wieloletniej prognozy finansowej na lata 2022-2034. Za pieni\u0105dze te mo\u017cna by wybudowa\u0107 m.in. nowy szpital miejski. Tych \u015brodk\u00f3w jednak nie ma, dlatego magistrat musi poszuka\u0107 zewn\u0119trznych \u017ar\u00f3de\u0142 finansowania dla tej inwestycji. &nbsp; Gotowy jest ju\u017c projekt nowego gmachu [&hellip;]\" \/>\n<meta property=\"og:url\" content=\"https:\/\/www.24gliwice.pl\/wiadomosci\/budowa-szpitala-nie-bedzie-mozliwa-bez-zewnetrznego-finansowania-efekt-polskiego-ladu-tv\/\" \/>\n<meta property=\"og:site_name\" content=\"24GLIWICE - Portal Gliwice | codziennie nowe informacje\" \/>\n<meta property=\"article:publisher\" content=\"https:\/\/www.facebook.com\/24gliwice\" \/>\n<meta property=\"article:published_time\" content=\"2022-01-14T07:24:28+00:00\" \/>\n<meta property=\"article:modified_time\" content=\"2022-01-16T01:22:53+00:00\" \/>\n<meta property=\"og:image\" content=\"https:\/\/www.24gliwice.pl\/wiadomosci\/wp-content\/uploads\/2022\/01\/1-szpital-miejski-gliwice-kujawska.jpg\" \/>\n\t<meta property=\"og:image:width\" content=\"809\" \/>\n\t<meta property=\"og:image:height\" content=\"456\" \/>\n\t<meta property=\"og:image:type\" content=\"image\/jpeg\" \/>\n<meta name=\"author\" content=\"\u017baneta Mrozek-Siewierska\" \/>\n<meta name=\"twitter:card\" content=\"summary_large_image\" \/>\n<meta name=\"twitter:creator\" content=\"@24gliwice\" \/>\n<meta name=\"twitter:site\" content=\"@24gliwice\" \/>\n<meta name=\"twitter:label1\" content=\"Napisane przez\" \/>\n\t<meta name=\"twitter:data1\" content=\"\u017baneta Mrozek-Siewierska\" \/>\n\t<meta name=\"twitter:label2\" content=\"Szacowany czas czytania\" \/>\n\t<meta name=\"twitter:data2\" content=\"3 minuty\" \/>\n<script type=\"application\/ld+json\" class=\"yoast-schema-graph\">{\"@context\":\"https:\\\/\\\/schema.org\",\"@graph\":[{\"@type\":\"Article\",\"@id\":\"https:\\\/\\\/www.24gliwice.pl\\\/wiadomosci\\\/budowa-szpitala-nie-bedzie-mozliwa-bez-zewnetrznego-finansowania-efekt-polskiego-ladu-tv\\\/#article\",\"isPartOf\":{\"@id\":\"https:\\\/\\\/www.24gliwice.pl\\\/wiadomosci\\\/budowa-szpitala-nie-bedzie-mozliwa-bez-zewnetrznego-finansowania-efekt-polskiego-ladu-tv\\\/\"},\"author\":{\"name\":\"\u017baneta Mrozek-Siewierska\",\"@id\":\"https:\\\/\\\/www.24gliwice.pl\\\/wiadomosci\\\/#\\\/schema\\\/person\\\/e42c650edd7f2fa332be3811fb166b6e\"},\"headline\":\"Budowa szpitala nie b\u0119dzie mo\u017cliwa bez zewn\u0119trznego finansowania. Efekt Polskiego \u0141adu (TV)\",\"datePublished\":\"2022-01-14T07:24:28+00:00\",\"dateModified\":\"2022-01-16T01:22:53+00:00\",\"mainEntityOfPage\":{\"@id\":\"https:\\\/\\\/www.24gliwice.pl\\\/wiadomosci\\\/budowa-szpitala-nie-bedzie-mozliwa-bez-zewnetrznego-finansowania-efekt-polskiego-ladu-tv\\\/\"},\"wordCount\":598,\"commentCount\":0,\"publisher\":{\"@id\":\"https:\\\/\\\/www.24gliwice.pl\\\/wiadomosci\\\/#organization\"},\"image\":{\"@id\":\"https:\\\/\\\/www.24gliwice.pl\\\/wiadomosci\\\/budowa-szpitala-nie-bedzie-mozliwa-bez-zewnetrznego-finansowania-efekt-polskiego-ladu-tv\\\/#primaryimage\"},\"thumbnailUrl\":\"https:\\\/\\\/www.24gliwice.pl\\\/wiadomosci\\\/wp-content\\\/uploads\\\/2022\\\/01\\\/1-szpital-miejski-gliwice-kujawska.jpg\",\"keywords\":[\"nowy budynek szpitala\",\"polski \u0142ad\"],\"articleSection\":[\"Gliwice\",\"Najnowsze wiadomo\u015bci\",\"Portal Gliwice - Wiadomo\u015bci lokalne\",\"Samorz\u0105d, polityka\",\"Telewizja, materia\u0142y wideo\"],\"inLanguage\":\"pl-PL\",\"potentialAction\":[{\"@type\":\"CommentAction\",\"name\":\"Comment\",\"target\":[\"https:\\\/\\\/www.24gliwice.pl\\\/wiadomosci\\\/budowa-szpitala-nie-bedzie-mozliwa-bez-zewnetrznego-finansowania-efekt-polskiego-ladu-tv\\\/#respond\"]}]},{\"@type\":\"WebPage\",\"@id\":\"https:\\\/\\\/www.24gliwice.pl\\\/wiadomosci\\\/budowa-szpitala-nie-bedzie-mozliwa-bez-zewnetrznego-finansowania-efekt-polskiego-ladu-tv\\\/\",\"url\":\"https:\\\/\\\/www.24gliwice.pl\\\/wiadomosci\\\/budowa-szpitala-nie-bedzie-mozliwa-bez-zewnetrznego-finansowania-efekt-polskiego-ladu-tv\\\/\",\"name\":\"Budowa szpitala nie b\u0119dzie mo\u017cliwa bez zewn\u0119trznego finansowania. Efekt Polskiego \u0141adu (TV) - 24GLIWICE - Portal Gliwice | codziennie nowe informacje\",\"isPartOf\":{\"@id\":\"https:\\\/\\\/www.24gliwice.pl\\\/wiadomosci\\\/#website\"},\"primaryImageOfPage\":{\"@id\":\"https:\\\/\\\/www.24gliwice.pl\\\/wiadomosci\\\/budowa-szpitala-nie-bedzie-mozliwa-bez-zewnetrznego-finansowania-efekt-polskiego-ladu-tv\\\/#primaryimage\"},\"image\":{\"@id\":\"https:\\\/\\\/www.24gliwice.pl\\\/wiadomosci\\\/budowa-szpitala-nie-bedzie-mozliwa-bez-zewnetrznego-finansowania-efekt-polskiego-ladu-tv\\\/#primaryimage\"},\"thumbnailUrl\":\"https:\\\/\\\/www.24gliwice.pl\\\/wiadomosci\\\/wp-content\\\/uploads\\\/2022\\\/01\\\/1-szpital-miejski-gliwice-kujawska.jpg\",\"datePublished\":\"2022-01-14T07:24:28+00:00\",\"dateModified\":\"2022-01-16T01:22:53+00:00\",\"breadcrumb\":{\"@id\":\"https:\\\/\\\/www.24gliwice.pl\\\/wiadomosci\\\/budowa-szpitala-nie-bedzie-mozliwa-bez-zewnetrznego-finansowania-efekt-polskiego-ladu-tv\\\/#breadcrumb\"},\"inLanguage\":\"pl-PL\",\"potentialAction\":[{\"@type\":\"ReadAction\",\"target\":[\"https:\\\/\\\/www.24gliwice.pl\\\/wiadomosci\\\/budowa-szpitala-nie-bedzie-mozliwa-bez-zewnetrznego-finansowania-efekt-polskiego-ladu-tv\\\/\"]}]},{\"@type\":\"ImageObject\",\"inLanguage\":\"pl-PL\",\"@id\":\"https:\\\/\\\/www.24gliwice.pl\\\/wiadomosci\\\/budowa-szpitala-nie-bedzie-mozliwa-bez-zewnetrznego-finansowania-efekt-polskiego-ladu-tv\\\/#primaryimage\",\"url\":\"https:\\\/\\\/www.24gliwice.pl\\\/wiadomosci\\\/wp-content\\\/uploads\\\/2022\\\/01\\\/1-szpital-miejski-gliwice-kujawska.jpg\",\"contentUrl\":\"https:\\\/\\\/www.24gliwice.pl\\\/wiadomosci\\\/wp-content\\\/uploads\\\/2022\\\/01\\\/1-szpital-miejski-gliwice-kujawska.jpg\",\"width\":809,\"height\":456},{\"@type\":\"BreadcrumbList\",\"@id\":\"https:\\\/\\\/www.24gliwice.pl\\\/wiadomosci\\\/budowa-szpitala-nie-bedzie-mozliwa-bez-zewnetrznego-finansowania-efekt-polskiego-ladu-tv\\\/#breadcrumb\",\"itemListElement\":[{\"@type\":\"ListItem\",\"position\":1,\"name\":\"Strona g\u0142\u00f3wna\",\"item\":\"https:\\\/\\\/www.24gliwice.pl\\\/wiadomosci\\\/\"},{\"@type\":\"ListItem\",\"position\":2,\"name\":\"Budowa szpitala nie b\u0119dzie mo\u017cliwa bez zewn\u0119trznego finansowania. Efekt Polskiego \u0141adu (TV)\"}]},{\"@type\":\"WebSite\",\"@id\":\"https:\\\/\\\/www.24gliwice.pl\\\/wiadomosci\\\/#website\",\"url\":\"https:\\\/\\\/www.24gliwice.pl\\\/wiadomosci\\\/\",\"name\":\"24GLIWICE - Portal Gliwice | codziennie nowe wiadomo\u015bci\",\"description\":\"Portal Miejski Gliwice\",\"publisher\":{\"@id\":\"https:\\\/\\\/www.24gliwice.pl\\\/wiadomosci\\\/#organization\"},\"potentialAction\":[{\"@type\":\"SearchAction\",\"target\":{\"@type\":\"EntryPoint\",\"urlTemplate\":\"https:\\\/\\\/www.24gliwice.pl\\\/wiadomosci\\\/?s={search_term_string}\"},\"query-input\":{\"@type\":\"PropertyValueSpecification\",\"valueRequired\":true,\"valueName\":\"search_term_string\"}}],\"inLanguage\":\"pl-PL\"},{\"@type\":\"Organization\",\"@id\":\"https:\\\/\\\/www.24gliwice.pl\\\/wiadomosci\\\/#organization\",\"name\":\"24gliwice\",\"url\":\"https:\\\/\\\/www.24gliwice.pl\\\/wiadomosci\\\/\",\"logo\":{\"@type\":\"ImageObject\",\"inLanguage\":\"pl-PL\",\"@id\":\"https:\\\/\\\/www.24gliwice.pl\\\/wiadomosci\\\/#\\\/schema\\\/logo\\\/image\\\/\",\"url\":\"https:\\\/\\\/www.24gliwice.pl\\\/wiadomosci\\\/wp-content\\\/uploads\\\/2024\\\/10\\\/24gliwice-logo-696.jpg\",\"contentUrl\":\"https:\\\/\\\/www.24gliwice.pl\\\/wiadomosci\\\/wp-content\\\/uploads\\\/2024\\\/10\\\/24gliwice-logo-696.jpg\",\"width\":696,\"height\":696,\"caption\":\"24gliwice\"},\"image\":{\"@id\":\"https:\\\/\\\/www.24gliwice.pl\\\/wiadomosci\\\/#\\\/schema\\\/logo\\\/image\\\/\"},\"sameAs\":[\"https:\\\/\\\/www.facebook.com\\\/24gliwice\",\"https:\\\/\\\/x.com\\\/24gliwice\",\"https:\\\/\\\/www.youtube.com\\\/@24gliwice\"]},{\"@type\":\"Person\",\"@id\":\"https:\\\/\\\/www.24gliwice.pl\\\/wiadomosci\\\/#\\\/schema\\\/person\\\/e42c650edd7f2fa332be3811fb166b6e\",\"name\":\"\u017baneta Mrozek-Siewierska\",\"image\":{\"@type\":\"ImageObject\",\"inLanguage\":\"pl-PL\",\"@id\":\"https:\\\/\\\/www.24gliwice.pl\\\/wiadomosci\\\/wp-content\\\/uploads\\\/2021\\\/11\\\/Zaneta-M_S-zdjecie-czb-96x96.jpg\",\"url\":\"https:\\\/\\\/www.24gliwice.pl\\\/wiadomosci\\\/wp-content\\\/uploads\\\/2021\\\/11\\\/Zaneta-M_S-zdjecie-czb-96x96.jpg\",\"contentUrl\":\"https:\\\/\\\/www.24gliwice.pl\\\/wiadomosci\\\/wp-content\\\/uploads\\\/2021\\\/11\\\/Zaneta-M_S-zdjecie-czb-96x96.jpg\",\"caption\":\"\u017baneta Mrozek-Siewierska\"},\"url\":\"https:\\\/\\\/www.24gliwice.pl\\\/wiadomosci\\\/author\\\/zms\\\/\"}]}<\/script>\n<!-- \/ Yoast SEO plugin. -->","yoast_head_json":{"title":"Budowa szpitala nie b\u0119dzie mo\u017cliwa bez zewn\u0119trznego finansowania. Efekt Polskiego \u0141adu (TV) - 24GLIWICE - Portal Gliwice | codziennie nowe informacje","robots":{"index":"index","follow":"follow","max-snippet":"max-snippet:-1","max-image-preview":"max-image-preview:large","max-video-preview":"max-video-preview:-1"},"canonical":"https:\/\/www.24gliwice.pl\/wiadomosci\/budowa-szpitala-nie-bedzie-mozliwa-bez-zewnetrznego-finansowania-efekt-polskiego-ladu-tv\/","og_locale":"pl_PL","og_type":"article","og_title":"Budowa szpitala nie b\u0119dzie mo\u017cliwa bez zewn\u0119trznego finansowania. Efekt Polskiego \u0141adu (TV) - 24GLIWICE - Portal Gliwice | codziennie nowe informacje","og_description":"Miasto straci ponad 800 mln z\u0142 wp\u0142ywu z podatk\u00f3w, w efekcie wprowadzenia Polskiego \u0141adu &#8211; wynika z wieloletniej prognozy finansowej na lata 2022-2034. Za pieni\u0105dze te mo\u017cna by wybudowa\u0107 m.in. nowy szpital miejski. Tych \u015brodk\u00f3w jednak nie ma, dlatego magistrat musi poszuka\u0107 zewn\u0119trznych \u017ar\u00f3de\u0142 finansowania dla tej inwestycji. &nbsp; Gotowy jest ju\u017c projekt nowego gmachu [&hellip;]","og_url":"https:\/\/www.24gliwice.pl\/wiadomosci\/budowa-szpitala-nie-bedzie-mozliwa-bez-zewnetrznego-finansowania-efekt-polskiego-ladu-tv\/","og_site_name":"24GLIWICE - Portal Gliwice | codziennie nowe informacje","article_publisher":"https:\/\/www.facebook.com\/24gliwice","article_published_time":"2022-01-14T07:24:28+00:00","article_modified_time":"2022-01-16T01:22:53+00:00","og_image":[{"width":809,"height":456,"url":"https:\/\/www.24gliwice.pl\/wiadomosci\/wp-content\/uploads\/2022\/01\/1-szpital-miejski-gliwice-kujawska.jpg","type":"image\/jpeg"}],"author":"\u017baneta Mrozek-Siewierska","twitter_card":"summary_large_image","twitter_creator":"@24gliwice","twitter_site":"@24gliwice","twitter_misc":{"Napisane przez":"\u017baneta Mrozek-Siewierska","Szacowany czas czytania":"3 minuty"},"schema":{"@context":"https:\/\/schema.org","@graph":[{"@type":"Article","@id":"https:\/\/www.24gliwice.pl\/wiadomosci\/budowa-szpitala-nie-bedzie-mozliwa-bez-zewnetrznego-finansowania-efekt-polskiego-ladu-tv\/#article","isPartOf":{"@id":"https:\/\/www.24gliwice.pl\/wiadomosci\/budowa-szpitala-nie-bedzie-mozliwa-bez-zewnetrznego-finansowania-efekt-polskiego-ladu-tv\/"},"author":{"name":"\u017baneta Mrozek-Siewierska","@id":"https:\/\/www.24gliwice.pl\/wiadomosci\/#\/schema\/person\/e42c650edd7f2fa332be3811fb166b6e"},"headline":"Budowa szpitala nie b\u0119dzie mo\u017cliwa bez zewn\u0119trznego finansowania. Efekt Polskiego \u0141adu (TV)","datePublished":"2022-01-14T07:24:28+00:00","dateModified":"2022-01-16T01:22:53+00:00","mainEntityOfPage":{"@id":"https:\/\/www.24gliwice.pl\/wiadomosci\/budowa-szpitala-nie-bedzie-mozliwa-bez-zewnetrznego-finansowania-efekt-polskiego-ladu-tv\/"},"wordCount":598,"commentCount":0,"publisher":{"@id":"https:\/\/www.24gliwice.pl\/wiadomosci\/#organization"},"image":{"@id":"https:\/\/www.24gliwice.pl\/wiadomosci\/budowa-szpitala-nie-bedzie-mozliwa-bez-zewnetrznego-finansowania-efekt-polskiego-ladu-tv\/#primaryimage"},"thumbnailUrl":"https:\/\/www.24gliwice.pl\/wiadomosci\/wp-content\/uploads\/2022\/01\/1-szpital-miejski-gliwice-kujawska.jpg","keywords":["nowy budynek szpitala","polski \u0142ad"],"articleSection":["Gliwice","Najnowsze wiadomo\u015bci","Portal Gliwice - Wiadomo\u015bci lokalne","Samorz\u0105d, polityka","Telewizja, materia\u0142y wideo"],"inLanguage":"pl-PL","potentialAction":[{"@type":"CommentAction","name":"Comment","target":["https:\/\/www.24gliwice.pl\/wiadomosci\/budowa-szpitala-nie-bedzie-mozliwa-bez-zewnetrznego-finansowania-efekt-polskiego-ladu-tv\/#respond"]}]},{"@type":"WebPage","@id":"https:\/\/www.24gliwice.pl\/wiadomosci\/budowa-szpitala-nie-bedzie-mozliwa-bez-zewnetrznego-finansowania-efekt-polskiego-ladu-tv\/","url":"https:\/\/www.24gliwice.pl\/wiadomosci\/budowa-szpitala-nie-bedzie-mozliwa-bez-zewnetrznego-finansowania-efekt-polskiego-ladu-tv\/","name":"Budowa szpitala nie b\u0119dzie mo\u017cliwa bez zewn\u0119trznego finansowania. Efekt Polskiego \u0141adu (TV) - 24GLIWICE - Portal Gliwice | codziennie nowe informacje","isPartOf":{"@id":"https:\/\/www.24gliwice.pl\/wiadomosci\/#website"},"primaryImageOfPage":{"@id":"https:\/\/www.24gliwice.pl\/wiadomosci\/budowa-szpitala-nie-bedzie-mozliwa-bez-zewnetrznego-finansowania-efekt-polskiego-ladu-tv\/#primaryimage"},"image":{"@id":"https:\/\/www.24gliwice.pl\/wiadomosci\/budowa-szpitala-nie-bedzie-mozliwa-bez-zewnetrznego-finansowania-efekt-polskiego-ladu-tv\/#primaryimage"},"thumbnailUrl":"https:\/\/www.24gliwice.pl\/wiadomosci\/wp-content\/uploads\/2022\/01\/1-szpital-miejski-gliwice-kujawska.jpg","datePublished":"2022-01-14T07:24:28+00:00","dateModified":"2022-01-16T01:22:53+00:00","breadcrumb":{"@id":"https:\/\/www.24gliwice.pl\/wiadomosci\/budowa-szpitala-nie-bedzie-mozliwa-bez-zewnetrznego-finansowania-efekt-polskiego-ladu-tv\/#breadcrumb"},"inLanguage":"pl-PL","potentialAction":[{"@type":"ReadAction","target":["https:\/\/www.24gliwice.pl\/wiadomosci\/budowa-szpitala-nie-bedzie-mozliwa-bez-zewnetrznego-finansowania-efekt-polskiego-ladu-tv\/"]}]},{"@type":"ImageObject","inLanguage":"pl-PL","@id":"https:\/\/www.24gliwice.pl\/wiadomosci\/budowa-szpitala-nie-bedzie-mozliwa-bez-zewnetrznego-finansowania-efekt-polskiego-ladu-tv\/#primaryimage","url":"https:\/\/www.24gliwice.pl\/wiadomosci\/wp-content\/uploads\/2022\/01\/1-szpital-miejski-gliwice-kujawska.jpg","contentUrl":"https:\/\/www.24gliwice.pl\/wiadomosci\/wp-content\/uploads\/2022\/01\/1-szpital-miejski-gliwice-kujawska.jpg","width":809,"height":456},{"@type":"BreadcrumbList","@id":"https:\/\/www.24gliwice.pl\/wiadomosci\/budowa-szpitala-nie-bedzie-mozliwa-bez-zewnetrznego-finansowania-efekt-polskiego-ladu-tv\/#breadcrumb","itemListElement":[{"@type":"ListItem","position":1,"name":"Strona g\u0142\u00f3wna","item":"https:\/\/www.24gliwice.pl\/wiadomosci\/"},{"@type":"ListItem","position":2,"name":"Budowa szpitala nie b\u0119dzie mo\u017cliwa bez zewn\u0119trznego finansowania. Efekt Polskiego \u0141adu (TV)"}]},{"@type":"WebSite","@id":"https:\/\/www.24gliwice.pl\/wiadomosci\/#website","url":"https:\/\/www.24gliwice.pl\/wiadomosci\/","name":"24GLIWICE - Portal Gliwice | codziennie nowe wiadomo\u015bci","description":"Portal Miejski Gliwice","publisher":{"@id":"https:\/\/www.24gliwice.pl\/wiadomosci\/#organization"},"potentialAction":[{"@type":"SearchAction","target":{"@type":"EntryPoint","urlTemplate":"https:\/\/www.24gliwice.pl\/wiadomosci\/?s={search_term_string}"},"query-input":{"@type":"PropertyValueSpecification","valueRequired":true,"valueName":"search_term_string"}}],"inLanguage":"pl-PL"},{"@type":"Organization","@id":"https:\/\/www.24gliwice.pl\/wiadomosci\/#organization","name":"24gliwice","url":"https:\/\/www.24gliwice.pl\/wiadomosci\/","logo":{"@type":"ImageObject","inLanguage":"pl-PL","@id":"https:\/\/www.24gliwice.pl\/wiadomosci\/#\/schema\/logo\/image\/","url":"https:\/\/www.24gliwice.pl\/wiadomosci\/wp-content\/uploads\/2024\/10\/24gliwice-logo-696.jpg","contentUrl":"https:\/\/www.24gliwice.pl\/wiadomosci\/wp-content\/uploads\/2024\/10\/24gliwice-logo-696.jpg","width":696,"height":696,"caption":"24gliwice"},"image":{"@id":"https:\/\/www.24gliwice.pl\/wiadomosci\/#\/schema\/logo\/image\/"},"sameAs":["https:\/\/www.facebook.com\/24gliwice","https:\/\/x.com\/24gliwice","https:\/\/www.youtube.com\/@24gliwice"]},{"@type":"Person","@id":"https:\/\/www.24gliwice.pl\/wiadomosci\/#\/schema\/person\/e42c650edd7f2fa332be3811fb166b6e","name":"\u017baneta Mrozek-Siewierska","image":{"@type":"ImageObject","inLanguage":"pl-PL","@id":"https:\/\/www.24gliwice.pl\/wiadomosci\/wp-content\/uploads\/2021\/11\/Zaneta-M_S-zdjecie-czb-96x96.jpg","url":"https:\/\/www.24gliwice.pl\/wiadomosci\/wp-content\/uploads\/2021\/11\/Zaneta-M_S-zdjecie-czb-96x96.jpg","contentUrl":"https:\/\/www.24gliwice.pl\/wiadomosci\/wp-content\/uploads\/2021\/11\/Zaneta-M_S-zdjecie-czb-96x96.jpg","caption":"\u017baneta Mrozek-Siewierska"},"url":"https:\/\/www.24gliwice.pl\/wiadomosci\/author\/zms\/"}]}},"_links":{"self":[{"href":"https:\/\/www.24gliwice.pl\/wiadomosci\/wp-json\/wp\/v2\/posts\/184217","targetHints":{"allow":["GET"]}}],"collection":[{"href":"https:\/\/www.24gliwice.pl\/wiadomosci\/wp-json\/wp\/v2\/posts"}],"about":[{"href":"https:\/\/www.24gliwice.pl\/wiadomosci\/wp-json\/wp\/v2\/types\/post"}],"author":[{"embeddable":true,"href":"https:\/\/www.24gliwice.pl\/wiadomosci\/wp-json\/wp\/v2\/users\/15"}],"replies":[{"embeddable":true,"href":"https:\/\/www.24gliwice.pl\/wiadomosci\/wp-json\/wp\/v2\/comments?post=184217"}],"version-history":[{"count":43,"href":"https:\/\/www.24gliwice.pl\/wiadomosci\/wp-json\/wp\/v2\/posts\/184217\/revisions"}],"predecessor-version":[{"id":184475,"href":"https:\/\/www.24gliwice.pl\/wiadomosci\/wp-json\/wp\/v2\/posts\/184217\/revisions\/184475"}],"wp:featuredmedia":[{"embeddable":true,"href":"https:\/\/www.24gliwice.pl\/wiadomosci\/wp-json\/wp\/v2\/media\/184315"}],"wp:attachment":[{"href":"https:\/\/www.24gliwice.pl\/wiadomosci\/wp-json\/wp\/v2\/media?parent=184217"}],"wp:term":[{"taxonomy":"category","embeddable":true,"href":"https:\/\/www.24gliwice.pl\/wiadomosci\/wp-json\/wp\/v2\/categories?post=184217"},{"taxonomy":"post_tag","embeddable":true,"href":"https:\/\/www.24gliwice.pl\/wiadomosci\/wp-json\/wp\/v2\/tags?post=184217"}],"curies":[{"name":"wp","href":"https:\/\/api.w.org\/{rel}","templated":true}]}}