{"id":184628,"date":"2022-01-28T01:27:39","date_gmt":"2022-01-28T00:27:39","guid":{"rendered":"https:\/\/www.24gliwice.pl\/wiadomosci\/?p=184628"},"modified":"2022-01-28T01:32:36","modified_gmt":"2022-01-28T00:32:36","slug":"pozyton-sound-belfer-band-dejlu-i-muchy-wosp-wielki-final-gliwice","status":"publish","type":"post","link":"https:\/\/www.24gliwice.pl\/wiadomosci\/pozyton-sound-belfer-band-dejlu-i-muchy-wosp-wielki-final-gliwice\/","title":{"rendered":"PozytON Sound, Belfer Band, Dejlu i Muchy na muzycznej scenie WO\u015aP. Wielki Fina\u0142 Orkiestry ju\u017c w niedziel\u0119"},"content":{"rendered":"<div class=\"gliwi-a6-nad-leadem-artykulow gliwi-entity-placement\" id=\"gliwi-2335310171\"><div class=\"gliwi-adlabel\"><span style=\"font-size: 9px\">REKLAMA<\/span><\/div><div id=\"gliwi-1625174974\" style=\"margin-bottom: 25px;margin-left: auto;margin-right: auto;text-align: center;\"><a data-no-instant=\"1\" href=\"https:\/\/dom100.eu\/\" rel=\"noopener\" class=\"a2t-link\" target=\"_blank\" aria-label=\"20260415 DOM100 D\"><img loading=\"lazy\" decoding=\"async\" src=\"https:\/\/www.24gliwice.pl\/wiadomosci\/wp-content\/uploads\/2026\/04\/20260415-DOM100-D.jpg\" alt=\"\"  srcset=\"https:\/\/www.24gliwice.pl\/wiadomosci\/wp-content\/uploads\/2026\/04\/20260415-DOM100-D.jpg 750w, https:\/\/www.24gliwice.pl\/wiadomosci\/wp-content\/uploads\/2026\/04\/20260415-DOM100-D-410x109.jpg 410w\" sizes=\"(max-width: 750px) 100vw, 750px\" class=\"no-lazyload\" width=\"750\" height=\"200\"  style=\"display: inline-block; max-width: 100%; height: auto;\" \/><\/a><\/div><\/div><h2>W niedziel\u0119, 30 stycznia, po raz kolejny b\u0119dziemy obchodzi\u0107 nieoficjalny dzie\u0144 \u017cyczliwo\u015bci \u2013 przed nami 30. fina\u0142 Wielkiej Orkiestry \u015awi\u0105tecznej Pomocy. Na Rynku czeka\u0107 b\u0119dzie wiele atrakcji \u2013 zagraj\u0105 mi\u0119dzy innymi Muchy i Pozyton Sound.<\/h2>\n<p>&nbsp;<br \/>\nDlaczego gra Wielka Orkiestry \u015awi\u0105tecznej Pomocy? \u017beby zapewni\u0107 najwy\u017csze standardy diagnostyki i leczenia wzroku u dzieci. W czasie jednodniowej zbi\u00f3rki publicznej Fundacja WO\u015aP zrobi wszystko, aby u ma\u0142ych pacjent\u00f3w jak najszybciej stwierdza\u0107 ewentualne nieprawid\u0142owo\u015bci wzroku i podejmowa\u0107 leczenie tego najwa\u017cniejszego dla poznawania \u015bwiata zmys\u0142u cz\u0142owieka. Pami\u0119tajcie, \u017ce wszystko w naszych r\u0119kach.<\/p>\n<h4>W 2021 roku w Gliwicach we wszystkich sztabach WO\u015aP-u zebrano \u0142\u0105cznie 331 658,61 z\u0142. Czy w tym roku gliwiczanom uda si\u0119 podwy\u017cszy\u0107 ten \u015bwietny wynik? Mamy nadziej\u0119, \u017ce tak.<\/h4>\n<p>Wolontariuszy b\u0119dzie mo\u017cna spotka\u0107 z puszkami w ca\u0142ym mie\u015bcie, a wielki gliwicki fina\u0142 odb\u0119dzie si\u0119 na Rynku. W sercu star\u00f3wki oko\u0142o godziny 13:00 rozpocznie si\u0119 rodzinny piknik z mn\u00f3stwem atrakcji. Przez ca\u0142y czas b\u0119dzie tez mo\u017cna wesprze\u0107 podopiecznych Fundacji WO\u015aP \u2013 na scenie b\u0119d\u0105 prowadzone licytacje gad\u017cet\u00f3w.<\/p><div class=\"gliwi-a3-w-tresci-artykulow gliwi-entity-placement\" id=\"gliwi-2982547828\"><div class=\"gliwi-adlabel\"><span style=\"font-size: 9px\">REKLAMA<\/span><\/div><div id=\"gliwi-2372010594\" style=\"margin-bottom: 30px;margin-left: auto;margin-right: auto;text-align: center;\"><a data-no-instant=\"1\" href=\"https:\/\/ogrodyandersa.pl\/\" rel=\"noopener\" class=\"a2t-link\" target=\"_blank\" aria-label=\"20260415 Ogrody Andersa KUP TERAZ D\"><img loading=\"lazy\" decoding=\"async\" src=\"https:\/\/www.24gliwice.pl\/wiadomosci\/wp-content\/uploads\/2026\/04\/20260415-Ogrody-Andersa-KUP-TERAZ-D.jpg\" alt=\"\"  srcset=\"https:\/\/www.24gliwice.pl\/wiadomosci\/wp-content\/uploads\/2026\/04\/20260415-Ogrody-Andersa-KUP-TERAZ-D.jpg 750w, https:\/\/www.24gliwice.pl\/wiadomosci\/wp-content\/uploads\/2026\/04\/20260415-Ogrody-Andersa-KUP-TERAZ-D-410x109.jpg 410w\" sizes=\"(max-width: 750px) 100vw, 750px\" class=\"no-lazyload\" width=\"750\" height=\"200\"  style=\"display: inline-block; max-width: 100%; height: auto;\" \/><\/a><\/div><\/div>\n<p><iframe loading=\"lazy\" width=\"810\" height=\"455\" src=\"https:\/\/www.youtube.com\/embed\/RbwGpn9LDao\" title=\"YouTube video player\" frameborder=\"0\" allow=\"accelerometer; autoplay; clipboard-write; encrypted-media; gyroscope; picture-in-picture\" allowfullscreen><\/iframe><\/p>\n<p>Jakie atrakcje znajdziemy 30 stycznia na Rynku? Stanie tam, poza tradycyjnymi stoiskami organizacji pozarz\u0105dowych i sportowych, osada Wiking\u00f3w i ich przyjaci\u00f3\u0142. Za to pozytywne zamieszanie odpowiada Stowarzyszenie Utgard. W tym roku do ludzi dobrej woli do\u0142\u0105cz\u0105 tak\u017ce\u2026 sympatyczne alpaki. Ich zagroda b\u0119dzie przyci\u0105ga\u0107 nie tylko najm\u0142odszych. Dla ma\u0142ych mi\u0142o\u015bnik\u00f3w lot\u00f3w w przestworzach na Rynku przygotowana zostanie makieta samolotu. Podczas fina\u0142u b\u0119dzie tak\u017ce mo\u017cna nauczy\u0107 si\u0119, jak udziela\u0107 pierwszej pomocy. Nigdy nie wiadomo, kiedy od tej wiedzy b\u0119dzie zale\u017ce\u0107 czyje\u015b \u017cycie.<\/p>\n<h4>Kto zagra na WO\u015aP-owej scenie? Tegoroczny sk\u0142ad to mocna reprezentacja gliwickich artyst\u00f3w i muzyczny go\u015b\u0107 z Poznania \u2013 zesp\u00f3\u0142 Muchy.<\/h4>\n<p>Dla uczni\u00f3w i tych, kt\u00f3rzy szkolne lata maj\u0105 dawno za sob\u0105, wyst\u0105pi Belfer Band, czyli ekipa pozytywnie zakr\u0119conych pedagog\u00f3w z Zespo\u0142u Szkolno-Przedszkolnego nr 5 w Gliwicach. Wyst\u0105pi te\u017c pochodz\u0105cy z Gliwic raper i beatboxer Dejlu. Zagra tak\u017ce gliwicki Pozyton Sound \u2013 muzyczna mikstura, na kt\u00f3r\u0105 sk\u0142adaj\u0105 si\u0119 brzmienia rodem z Jamajki i polskie korzenie. To b\u0119dzie szalone widowisko i \u015bwietna zabawa.<\/p>\n<p><iframe loading=\"lazy\" width=\"810\" height=\"455\" src=\"https:\/\/www.youtube.com\/embed\/9oFYpcnqQPU\" title=\"YouTube video player\" frameborder=\"0\" allow=\"accelerometer; autoplay; clipboard-write; encrypted-media; gyroscope; picture-in-picture\" allowfullscreen><\/iframe><\/p>\n<p>Po \u015awiate\u0142ku do Nieba, czyli WO\u015aP-owej tradycji, scena b\u0119dzie nale\u017ce\u0107 do rockowej grupy Muchy. Ich utw\u00f3r \u201eSzaror\u00f3\u017cowe\u201d bije rekordy popularno\u015bci w mediach spo\u0142eczno\u015bciowych \u2013 1,2 mln wy\u015bwietle\u0144.<\/p>\n<p><iframe loading=\"lazy\" width=\"810\" height=\"455\" src=\"https:\/\/www.youtube.com\/embed\/UbtKux8mrC0\" title=\"YouTube video player\" frameborder=\"0\" allow=\"accelerometer; autoplay; clipboard-write; encrypted-media; gyroscope; picture-in-picture\" allowfullscreen><\/iframe><\/p>\n<p>Fina\u0142 WO\u015aP-u w Gliwicach przy finansowym wsparciu miasta organizuje Stowarzyszenie GTW.<\/p>\n<h4>Niedziela 30 stycznia, Rynek<\/h4>\n<ul>\n<li>godz. 13.00: rozpocz\u0119cie Pikniku Rodzinnego \u2013 stoiska organizacji pozarz\u0105dowych i gastronomiczne, konkursy, zabawy oraz licytacje,<\/li>\n<li>godz. 16.30: Belefer band,<\/li>\n<li>godz. 17.30: Dejlu,<\/li>\n<li>godz. 18.30 Pozyton,<\/li>\n<li>godz. 20.00: \u015awiate\u0142ko do Nieba \u2013 pokaz laser\u00f3w,<\/li>\n<li>godz. 20.20 Muchy.<\/li>\n<\/ul>\n<p>Mi\u0119dzy koncertami odb\u0119d\u0105 si\u0119 licytacje gad\u017cet\u00f3w przekazanych na WO\u015aP. <\/p>\n<p>(\u017cms)\/UM Gliwice<br \/>\nfot. pozytON Sound\/mat. organizatora<\/p>\n<div class=\"gliwi-a5-na-koncu-artykulow gliwi-entity-placement\" id=\"gliwi-191705086\"><div class=\"gliwi-adlabel\"><span style=\"font-size: 9px\">REKLAMA<\/span><\/div><div id=\"gliwi-2664790719\" style=\"margin-left: auto;margin-right: auto;text-align: center;\"><a data-no-instant=\"1\" href=\"https:\/\/prezeroarenagliwice.pl\/\" rel=\"noopener\" class=\"a2t-link\" target=\"_blank\" aria-label=\"20260309-PREZERO-WIOSNA-D\"><img loading=\"lazy\" decoding=\"async\" src=\"https:\/\/www.24gliwice.pl\/wiadomosci\/wp-content\/uploads\/2026\/03\/20260309-PREZERO-WIOSNA-D.webp\" alt=\"\"  srcset=\"https:\/\/www.24gliwice.pl\/wiadomosci\/wp-content\/uploads\/2026\/03\/20260309-PREZERO-WIOSNA-D.webp 750w, https:\/\/www.24gliwice.pl\/wiadomosci\/wp-content\/uploads\/2026\/03\/20260309-PREZERO-WIOSNA-D-410x109.webp 410w\" sizes=\"(max-width: 750px) 100vw, 750px\" class=\"no-lazyload\" width=\"750\" height=\"200\"  style=\"display: inline-block; max-width: 100%; height: auto;\" \/><\/a><\/div><\/div>","protected":false},"excerpt":{"rendered":"<p>W niedziel\u0119, 30 stycznia, po raz kolejny b\u0119dziemy obchodzi\u0107 nieoficjalny dzie\u0144 \u017cyczliwo\u015bci \u2013 przed nami 30. fina\u0142 Wielkiej Orkiestry \u015awi\u0105tecznej Pomocy. Na Rynku czeka\u0107 b\u0119dzie wiele atrakcji \u2013 zagraj\u0105 mi\u0119dzy innymi Muchy i Pozyton Sound. &nbsp; Dlaczego gra Wielka Orkiestry \u015awi\u0105tecznej Pomocy? \u017beby zapewni\u0107 najwy\u017csze standardy diagnostyki i leczenia wzroku u dzieci. W czasie jednodniowej [&hellip;]<\/p>\n","protected":false},"author":15,"featured_media":184640,"comment_status":"open","ping_status":"closed","sticky":false,"template":"","format":"standard","meta":{"_monsterinsights_skip_tracking":false,"_monsterinsights_sitenote_active":false,"_monsterinsights_sitenote_note":"","_monsterinsights_sitenote_category":0,"footnotes":"","_links_to":"","_links_to_target":""},"categories":[3,6,1],"tags":[8376],"class_list":["post-184628","post","type-post","status-publish","format-standard","has-post-thumbnail","hentry","category-gliwice","category-kultura","category-wszystko","tag-wielka-orkiestra-swiatecznej-pomocy"],"yoast_head":"<!-- This site is optimized with the Yoast SEO plugin v27.4 - https:\/\/yoast.com\/product\/yoast-seo-wordpress\/ -->\n<title>PozytON Sound, Belfer Band, Dejlu i Muchy na muzycznej scenie WO\u015aP. Wielki Fina\u0142 Orkiestry ju\u017c w niedziel\u0119 - 24GLIWICE - Portal Gliwice | codziennie nowe informacje<\/title>\n<meta name=\"robots\" content=\"index, follow, max-snippet:-1, max-image-preview:large, max-video-preview:-1\" \/>\n<link rel=\"canonical\" href=\"https:\/\/www.24gliwice.pl\/wiadomosci\/pozyton-sound-belfer-band-dejlu-i-muchy-wosp-wielki-final-gliwice\/\" \/>\n<meta property=\"og:locale\" content=\"pl_PL\" \/>\n<meta property=\"og:type\" content=\"article\" \/>\n<meta property=\"og:title\" content=\"PozytON Sound, Belfer Band, Dejlu i Muchy na muzycznej scenie WO\u015aP. Wielki Fina\u0142 Orkiestry ju\u017c w niedziel\u0119 - 24GLIWICE - Portal Gliwice | codziennie nowe informacje\" \/>\n<meta property=\"og:description\" content=\"W niedziel\u0119, 30 stycznia, po raz kolejny b\u0119dziemy obchodzi\u0107 nieoficjalny dzie\u0144 \u017cyczliwo\u015bci \u2013 przed nami 30. fina\u0142 Wielkiej Orkiestry \u015awi\u0105tecznej Pomocy. Na Rynku czeka\u0107 b\u0119dzie wiele atrakcji \u2013 zagraj\u0105 mi\u0119dzy innymi Muchy i Pozyton Sound. &nbsp; Dlaczego gra Wielka Orkiestry \u015awi\u0105tecznej Pomocy? \u017beby zapewni\u0107 najwy\u017csze standardy diagnostyki i leczenia wzroku u dzieci. W czasie jednodniowej [&hellip;]\" \/>\n<meta property=\"og:url\" content=\"https:\/\/www.24gliwice.pl\/wiadomosci\/pozyton-sound-belfer-band-dejlu-i-muchy-wosp-wielki-final-gliwice\/\" \/>\n<meta property=\"og:site_name\" content=\"24GLIWICE - Portal Gliwice | codziennie nowe informacje\" \/>\n<meta property=\"article:publisher\" content=\"https:\/\/www.facebook.com\/24gliwice\" \/>\n<meta property=\"article:published_time\" content=\"2022-01-28T00:27:39+00:00\" \/>\n<meta property=\"article:modified_time\" content=\"2022-01-28T00:32:36+00:00\" \/>\n<meta property=\"og:image\" content=\"https:\/\/www.24gliwice.pl\/wiadomosci\/wp-content\/uploads\/2022\/01\/pozyton_sound_yardee_3.jpg\" \/>\n\t<meta property=\"og:image:width\" content=\"810\" \/>\n\t<meta property=\"og:image:height\" content=\"455\" \/>\n\t<meta property=\"og:image:type\" content=\"image\/jpeg\" \/>\n<meta name=\"author\" content=\"\u017baneta Mrozek-Siewierska\" \/>\n<meta name=\"twitter:card\" content=\"summary_large_image\" \/>\n<meta name=\"twitter:creator\" content=\"@24gliwice\" \/>\n<meta name=\"twitter:site\" content=\"@24gliwice\" \/>\n<meta name=\"twitter:label1\" content=\"Napisane przez\" \/>\n\t<meta name=\"twitter:data1\" content=\"\u017baneta Mrozek-Siewierska\" \/>\n\t<meta name=\"twitter:label2\" content=\"Szacowany czas czytania\" \/>\n\t<meta name=\"twitter:data2\" content=\"2 minuty\" \/>\n<script type=\"application\/ld+json\" class=\"yoast-schema-graph\">{\"@context\":\"https:\\\/\\\/schema.org\",\"@graph\":[{\"@type\":\"Article\",\"@id\":\"https:\\\/\\\/www.24gliwice.pl\\\/wiadomosci\\\/pozyton-sound-belfer-band-dejlu-i-muchy-wosp-wielki-final-gliwice\\\/#article\",\"isPartOf\":{\"@id\":\"https:\\\/\\\/www.24gliwice.pl\\\/wiadomosci\\\/pozyton-sound-belfer-band-dejlu-i-muchy-wosp-wielki-final-gliwice\\\/\"},\"author\":{\"name\":\"\u017baneta Mrozek-Siewierska\",\"@id\":\"https:\\\/\\\/www.24gliwice.pl\\\/wiadomosci\\\/#\\\/schema\\\/person\\\/e42c650edd7f2fa332be3811fb166b6e\"},\"headline\":\"PozytON Sound, Belfer Band, Dejlu i Muchy na muzycznej scenie WO\u015aP. Wielki Fina\u0142 Orkiestry ju\u017c w niedziel\u0119\",\"datePublished\":\"2022-01-28T00:27:39+00:00\",\"dateModified\":\"2022-01-28T00:32:36+00:00\",\"mainEntityOfPage\":{\"@id\":\"https:\\\/\\\/www.24gliwice.pl\\\/wiadomosci\\\/pozyton-sound-belfer-band-dejlu-i-muchy-wosp-wielki-final-gliwice\\\/\"},\"wordCount\":501,\"commentCount\":0,\"publisher\":{\"@id\":\"https:\\\/\\\/www.24gliwice.pl\\\/wiadomosci\\\/#organization\"},\"image\":{\"@id\":\"https:\\\/\\\/www.24gliwice.pl\\\/wiadomosci\\\/pozyton-sound-belfer-band-dejlu-i-muchy-wosp-wielki-final-gliwice\\\/#primaryimage\"},\"thumbnailUrl\":\"https:\\\/\\\/www.24gliwice.pl\\\/wiadomosci\\\/wp-content\\\/uploads\\\/2022\\\/01\\\/pozyton_sound_yardee_3.jpg\",\"keywords\":[\"wielka orkiestra \u015bwiatecznej pomocy\"],\"articleSection\":[\"Gliwice\",\"Kultura, wydarzenia, imprezy\",\"Najnowsze wiadomo\u015bci\"],\"inLanguage\":\"pl-PL\",\"potentialAction\":[{\"@type\":\"CommentAction\",\"name\":\"Comment\",\"target\":[\"https:\\\/\\\/www.24gliwice.pl\\\/wiadomosci\\\/pozyton-sound-belfer-band-dejlu-i-muchy-wosp-wielki-final-gliwice\\\/#respond\"]}]},{\"@type\":\"WebPage\",\"@id\":\"https:\\\/\\\/www.24gliwice.pl\\\/wiadomosci\\\/pozyton-sound-belfer-band-dejlu-i-muchy-wosp-wielki-final-gliwice\\\/\",\"url\":\"https:\\\/\\\/www.24gliwice.pl\\\/wiadomosci\\\/pozyton-sound-belfer-band-dejlu-i-muchy-wosp-wielki-final-gliwice\\\/\",\"name\":\"PozytON Sound, Belfer Band, Dejlu i Muchy na muzycznej scenie WO\u015aP. Wielki Fina\u0142 Orkiestry ju\u017c w niedziel\u0119 - 24GLIWICE - Portal Gliwice | codziennie nowe informacje\",\"isPartOf\":{\"@id\":\"https:\\\/\\\/www.24gliwice.pl\\\/wiadomosci\\\/#website\"},\"primaryImageOfPage\":{\"@id\":\"https:\\\/\\\/www.24gliwice.pl\\\/wiadomosci\\\/pozyton-sound-belfer-band-dejlu-i-muchy-wosp-wielki-final-gliwice\\\/#primaryimage\"},\"image\":{\"@id\":\"https:\\\/\\\/www.24gliwice.pl\\\/wiadomosci\\\/pozyton-sound-belfer-band-dejlu-i-muchy-wosp-wielki-final-gliwice\\\/#primaryimage\"},\"thumbnailUrl\":\"https:\\\/\\\/www.24gliwice.pl\\\/wiadomosci\\\/wp-content\\\/uploads\\\/2022\\\/01\\\/pozyton_sound_yardee_3.jpg\",\"datePublished\":\"2022-01-28T00:27:39+00:00\",\"dateModified\":\"2022-01-28T00:32:36+00:00\",\"breadcrumb\":{\"@id\":\"https:\\\/\\\/www.24gliwice.pl\\\/wiadomosci\\\/pozyton-sound-belfer-band-dejlu-i-muchy-wosp-wielki-final-gliwice\\\/#breadcrumb\"},\"inLanguage\":\"pl-PL\",\"potentialAction\":[{\"@type\":\"ReadAction\",\"target\":[\"https:\\\/\\\/www.24gliwice.pl\\\/wiadomosci\\\/pozyton-sound-belfer-band-dejlu-i-muchy-wosp-wielki-final-gliwice\\\/\"]}]},{\"@type\":\"ImageObject\",\"inLanguage\":\"pl-PL\",\"@id\":\"https:\\\/\\\/www.24gliwice.pl\\\/wiadomosci\\\/pozyton-sound-belfer-band-dejlu-i-muchy-wosp-wielki-final-gliwice\\\/#primaryimage\",\"url\":\"https:\\\/\\\/www.24gliwice.pl\\\/wiadomosci\\\/wp-content\\\/uploads\\\/2022\\\/01\\\/pozyton_sound_yardee_3.jpg\",\"contentUrl\":\"https:\\\/\\\/www.24gliwice.pl\\\/wiadomosci\\\/wp-content\\\/uploads\\\/2022\\\/01\\\/pozyton_sound_yardee_3.jpg\",\"width\":810,\"height\":455},{\"@type\":\"BreadcrumbList\",\"@id\":\"https:\\\/\\\/www.24gliwice.pl\\\/wiadomosci\\\/pozyton-sound-belfer-band-dejlu-i-muchy-wosp-wielki-final-gliwice\\\/#breadcrumb\",\"itemListElement\":[{\"@type\":\"ListItem\",\"position\":1,\"name\":\"Strona g\u0142\u00f3wna\",\"item\":\"https:\\\/\\\/www.24gliwice.pl\\\/wiadomosci\\\/\"},{\"@type\":\"ListItem\",\"position\":2,\"name\":\"PozytON Sound, Belfer Band, Dejlu i Muchy na muzycznej scenie WO\u015aP. Wielki Fina\u0142 Orkiestry ju\u017c w niedziel\u0119\"}]},{\"@type\":\"WebSite\",\"@id\":\"https:\\\/\\\/www.24gliwice.pl\\\/wiadomosci\\\/#website\",\"url\":\"https:\\\/\\\/www.24gliwice.pl\\\/wiadomosci\\\/\",\"name\":\"24GLIWICE - Portal Gliwice | codziennie nowe wiadomo\u015bci\",\"description\":\"Portal Miejski Gliwice\",\"publisher\":{\"@id\":\"https:\\\/\\\/www.24gliwice.pl\\\/wiadomosci\\\/#organization\"},\"potentialAction\":[{\"@type\":\"SearchAction\",\"target\":{\"@type\":\"EntryPoint\",\"urlTemplate\":\"https:\\\/\\\/www.24gliwice.pl\\\/wiadomosci\\\/?s={search_term_string}\"},\"query-input\":{\"@type\":\"PropertyValueSpecification\",\"valueRequired\":true,\"valueName\":\"search_term_string\"}}],\"inLanguage\":\"pl-PL\"},{\"@type\":\"Organization\",\"@id\":\"https:\\\/\\\/www.24gliwice.pl\\\/wiadomosci\\\/#organization\",\"name\":\"24gliwice\",\"url\":\"https:\\\/\\\/www.24gliwice.pl\\\/wiadomosci\\\/\",\"logo\":{\"@type\":\"ImageObject\",\"inLanguage\":\"pl-PL\",\"@id\":\"https:\\\/\\\/www.24gliwice.pl\\\/wiadomosci\\\/#\\\/schema\\\/logo\\\/image\\\/\",\"url\":\"https:\\\/\\\/www.24gliwice.pl\\\/wiadomosci\\\/wp-content\\\/uploads\\\/2024\\\/10\\\/24gliwice-logo-696.jpg\",\"contentUrl\":\"https:\\\/\\\/www.24gliwice.pl\\\/wiadomosci\\\/wp-content\\\/uploads\\\/2024\\\/10\\\/24gliwice-logo-696.jpg\",\"width\":696,\"height\":696,\"caption\":\"24gliwice\"},\"image\":{\"@id\":\"https:\\\/\\\/www.24gliwice.pl\\\/wiadomosci\\\/#\\\/schema\\\/logo\\\/image\\\/\"},\"sameAs\":[\"https:\\\/\\\/www.facebook.com\\\/24gliwice\",\"https:\\\/\\\/x.com\\\/24gliwice\",\"https:\\\/\\\/www.youtube.com\\\/@24gliwice\"]},{\"@type\":\"Person\",\"@id\":\"https:\\\/\\\/www.24gliwice.pl\\\/wiadomosci\\\/#\\\/schema\\\/person\\\/e42c650edd7f2fa332be3811fb166b6e\",\"name\":\"\u017baneta Mrozek-Siewierska\",\"image\":{\"@type\":\"ImageObject\",\"inLanguage\":\"pl-PL\",\"@id\":\"https:\\\/\\\/www.24gliwice.pl\\\/wiadomosci\\\/wp-content\\\/uploads\\\/2021\\\/11\\\/Zaneta-M_S-zdjecie-czb-96x96.jpg\",\"url\":\"https:\\\/\\\/www.24gliwice.pl\\\/wiadomosci\\\/wp-content\\\/uploads\\\/2021\\\/11\\\/Zaneta-M_S-zdjecie-czb-96x96.jpg\",\"contentUrl\":\"https:\\\/\\\/www.24gliwice.pl\\\/wiadomosci\\\/wp-content\\\/uploads\\\/2021\\\/11\\\/Zaneta-M_S-zdjecie-czb-96x96.jpg\",\"caption\":\"\u017baneta Mrozek-Siewierska\"},\"url\":\"https:\\\/\\\/www.24gliwice.pl\\\/wiadomosci\\\/author\\\/zms\\\/\"}]}<\/script>\n<!-- \/ Yoast SEO plugin. -->","yoast_head_json":{"title":"PozytON Sound, Belfer Band, Dejlu i Muchy na muzycznej scenie WO\u015aP. Wielki Fina\u0142 Orkiestry ju\u017c w niedziel\u0119 - 24GLIWICE - Portal Gliwice | codziennie nowe informacje","robots":{"index":"index","follow":"follow","max-snippet":"max-snippet:-1","max-image-preview":"max-image-preview:large","max-video-preview":"max-video-preview:-1"},"canonical":"https:\/\/www.24gliwice.pl\/wiadomosci\/pozyton-sound-belfer-band-dejlu-i-muchy-wosp-wielki-final-gliwice\/","og_locale":"pl_PL","og_type":"article","og_title":"PozytON Sound, Belfer Band, Dejlu i Muchy na muzycznej scenie WO\u015aP. Wielki Fina\u0142 Orkiestry ju\u017c w niedziel\u0119 - 24GLIWICE - Portal Gliwice | codziennie nowe informacje","og_description":"W niedziel\u0119, 30 stycznia, po raz kolejny b\u0119dziemy obchodzi\u0107 nieoficjalny dzie\u0144 \u017cyczliwo\u015bci \u2013 przed nami 30. fina\u0142 Wielkiej Orkiestry \u015awi\u0105tecznej Pomocy. Na Rynku czeka\u0107 b\u0119dzie wiele atrakcji \u2013 zagraj\u0105 mi\u0119dzy innymi Muchy i Pozyton Sound. &nbsp; Dlaczego gra Wielka Orkiestry \u015awi\u0105tecznej Pomocy? \u017beby zapewni\u0107 najwy\u017csze standardy diagnostyki i leczenia wzroku u dzieci. W czasie jednodniowej [&hellip;]","og_url":"https:\/\/www.24gliwice.pl\/wiadomosci\/pozyton-sound-belfer-band-dejlu-i-muchy-wosp-wielki-final-gliwice\/","og_site_name":"24GLIWICE - Portal Gliwice | codziennie nowe informacje","article_publisher":"https:\/\/www.facebook.com\/24gliwice","article_published_time":"2022-01-28T00:27:39+00:00","article_modified_time":"2022-01-28T00:32:36+00:00","og_image":[{"width":810,"height":455,"url":"https:\/\/www.24gliwice.pl\/wiadomosci\/wp-content\/uploads\/2022\/01\/pozyton_sound_yardee_3.jpg","type":"image\/jpeg"}],"author":"\u017baneta Mrozek-Siewierska","twitter_card":"summary_large_image","twitter_creator":"@24gliwice","twitter_site":"@24gliwice","twitter_misc":{"Napisane przez":"\u017baneta Mrozek-Siewierska","Szacowany czas czytania":"2 minuty"},"schema":{"@context":"https:\/\/schema.org","@graph":[{"@type":"Article","@id":"https:\/\/www.24gliwice.pl\/wiadomosci\/pozyton-sound-belfer-band-dejlu-i-muchy-wosp-wielki-final-gliwice\/#article","isPartOf":{"@id":"https:\/\/www.24gliwice.pl\/wiadomosci\/pozyton-sound-belfer-band-dejlu-i-muchy-wosp-wielki-final-gliwice\/"},"author":{"name":"\u017baneta Mrozek-Siewierska","@id":"https:\/\/www.24gliwice.pl\/wiadomosci\/#\/schema\/person\/e42c650edd7f2fa332be3811fb166b6e"},"headline":"PozytON Sound, Belfer Band, Dejlu i Muchy na muzycznej scenie WO\u015aP. Wielki Fina\u0142 Orkiestry ju\u017c w niedziel\u0119","datePublished":"2022-01-28T00:27:39+00:00","dateModified":"2022-01-28T00:32:36+00:00","mainEntityOfPage":{"@id":"https:\/\/www.24gliwice.pl\/wiadomosci\/pozyton-sound-belfer-band-dejlu-i-muchy-wosp-wielki-final-gliwice\/"},"wordCount":501,"commentCount":0,"publisher":{"@id":"https:\/\/www.24gliwice.pl\/wiadomosci\/#organization"},"image":{"@id":"https:\/\/www.24gliwice.pl\/wiadomosci\/pozyton-sound-belfer-band-dejlu-i-muchy-wosp-wielki-final-gliwice\/#primaryimage"},"thumbnailUrl":"https:\/\/www.24gliwice.pl\/wiadomosci\/wp-content\/uploads\/2022\/01\/pozyton_sound_yardee_3.jpg","keywords":["wielka orkiestra \u015bwiatecznej pomocy"],"articleSection":["Gliwice","Kultura, wydarzenia, imprezy","Najnowsze wiadomo\u015bci"],"inLanguage":"pl-PL","potentialAction":[{"@type":"CommentAction","name":"Comment","target":["https:\/\/www.24gliwice.pl\/wiadomosci\/pozyton-sound-belfer-band-dejlu-i-muchy-wosp-wielki-final-gliwice\/#respond"]}]},{"@type":"WebPage","@id":"https:\/\/www.24gliwice.pl\/wiadomosci\/pozyton-sound-belfer-band-dejlu-i-muchy-wosp-wielki-final-gliwice\/","url":"https:\/\/www.24gliwice.pl\/wiadomosci\/pozyton-sound-belfer-band-dejlu-i-muchy-wosp-wielki-final-gliwice\/","name":"PozytON Sound, Belfer Band, Dejlu i Muchy na muzycznej scenie WO\u015aP. Wielki Fina\u0142 Orkiestry ju\u017c w niedziel\u0119 - 24GLIWICE - Portal Gliwice | codziennie nowe informacje","isPartOf":{"@id":"https:\/\/www.24gliwice.pl\/wiadomosci\/#website"},"primaryImageOfPage":{"@id":"https:\/\/www.24gliwice.pl\/wiadomosci\/pozyton-sound-belfer-band-dejlu-i-muchy-wosp-wielki-final-gliwice\/#primaryimage"},"image":{"@id":"https:\/\/www.24gliwice.pl\/wiadomosci\/pozyton-sound-belfer-band-dejlu-i-muchy-wosp-wielki-final-gliwice\/#primaryimage"},"thumbnailUrl":"https:\/\/www.24gliwice.pl\/wiadomosci\/wp-content\/uploads\/2022\/01\/pozyton_sound_yardee_3.jpg","datePublished":"2022-01-28T00:27:39+00:00","dateModified":"2022-01-28T00:32:36+00:00","breadcrumb":{"@id":"https:\/\/www.24gliwice.pl\/wiadomosci\/pozyton-sound-belfer-band-dejlu-i-muchy-wosp-wielki-final-gliwice\/#breadcrumb"},"inLanguage":"pl-PL","potentialAction":[{"@type":"ReadAction","target":["https:\/\/www.24gliwice.pl\/wiadomosci\/pozyton-sound-belfer-band-dejlu-i-muchy-wosp-wielki-final-gliwice\/"]}]},{"@type":"ImageObject","inLanguage":"pl-PL","@id":"https:\/\/www.24gliwice.pl\/wiadomosci\/pozyton-sound-belfer-band-dejlu-i-muchy-wosp-wielki-final-gliwice\/#primaryimage","url":"https:\/\/www.24gliwice.pl\/wiadomosci\/wp-content\/uploads\/2022\/01\/pozyton_sound_yardee_3.jpg","contentUrl":"https:\/\/www.24gliwice.pl\/wiadomosci\/wp-content\/uploads\/2022\/01\/pozyton_sound_yardee_3.jpg","width":810,"height":455},{"@type":"BreadcrumbList","@id":"https:\/\/www.24gliwice.pl\/wiadomosci\/pozyton-sound-belfer-band-dejlu-i-muchy-wosp-wielki-final-gliwice\/#breadcrumb","itemListElement":[{"@type":"ListItem","position":1,"name":"Strona g\u0142\u00f3wna","item":"https:\/\/www.24gliwice.pl\/wiadomosci\/"},{"@type":"ListItem","position":2,"name":"PozytON Sound, Belfer Band, Dejlu i Muchy na muzycznej scenie WO\u015aP. Wielki Fina\u0142 Orkiestry ju\u017c w niedziel\u0119"}]},{"@type":"WebSite","@id":"https:\/\/www.24gliwice.pl\/wiadomosci\/#website","url":"https:\/\/www.24gliwice.pl\/wiadomosci\/","name":"24GLIWICE - Portal Gliwice | codziennie nowe wiadomo\u015bci","description":"Portal Miejski Gliwice","publisher":{"@id":"https:\/\/www.24gliwice.pl\/wiadomosci\/#organization"},"potentialAction":[{"@type":"SearchAction","target":{"@type":"EntryPoint","urlTemplate":"https:\/\/www.24gliwice.pl\/wiadomosci\/?s={search_term_string}"},"query-input":{"@type":"PropertyValueSpecification","valueRequired":true,"valueName":"search_term_string"}}],"inLanguage":"pl-PL"},{"@type":"Organization","@id":"https:\/\/www.24gliwice.pl\/wiadomosci\/#organization","name":"24gliwice","url":"https:\/\/www.24gliwice.pl\/wiadomosci\/","logo":{"@type":"ImageObject","inLanguage":"pl-PL","@id":"https:\/\/www.24gliwice.pl\/wiadomosci\/#\/schema\/logo\/image\/","url":"https:\/\/www.24gliwice.pl\/wiadomosci\/wp-content\/uploads\/2024\/10\/24gliwice-logo-696.jpg","contentUrl":"https:\/\/www.24gliwice.pl\/wiadomosci\/wp-content\/uploads\/2024\/10\/24gliwice-logo-696.jpg","width":696,"height":696,"caption":"24gliwice"},"image":{"@id":"https:\/\/www.24gliwice.pl\/wiadomosci\/#\/schema\/logo\/image\/"},"sameAs":["https:\/\/www.facebook.com\/24gliwice","https:\/\/x.com\/24gliwice","https:\/\/www.youtube.com\/@24gliwice"]},{"@type":"Person","@id":"https:\/\/www.24gliwice.pl\/wiadomosci\/#\/schema\/person\/e42c650edd7f2fa332be3811fb166b6e","name":"\u017baneta Mrozek-Siewierska","image":{"@type":"ImageObject","inLanguage":"pl-PL","@id":"https:\/\/www.24gliwice.pl\/wiadomosci\/wp-content\/uploads\/2021\/11\/Zaneta-M_S-zdjecie-czb-96x96.jpg","url":"https:\/\/www.24gliwice.pl\/wiadomosci\/wp-content\/uploads\/2021\/11\/Zaneta-M_S-zdjecie-czb-96x96.jpg","contentUrl":"https:\/\/www.24gliwice.pl\/wiadomosci\/wp-content\/uploads\/2021\/11\/Zaneta-M_S-zdjecie-czb-96x96.jpg","caption":"\u017baneta Mrozek-Siewierska"},"url":"https:\/\/www.24gliwice.pl\/wiadomosci\/author\/zms\/"}]}},"_links":{"self":[{"href":"https:\/\/www.24gliwice.pl\/wiadomosci\/wp-json\/wp\/v2\/posts\/184628","targetHints":{"allow":["GET"]}}],"collection":[{"href":"https:\/\/www.24gliwice.pl\/wiadomosci\/wp-json\/wp\/v2\/posts"}],"about":[{"href":"https:\/\/www.24gliwice.pl\/wiadomosci\/wp-json\/wp\/v2\/types\/post"}],"author":[{"embeddable":true,"href":"https:\/\/www.24gliwice.pl\/wiadomosci\/wp-json\/wp\/v2\/users\/15"}],"replies":[{"embeddable":true,"href":"https:\/\/www.24gliwice.pl\/wiadomosci\/wp-json\/wp\/v2\/comments?post=184628"}],"version-history":[{"count":10,"href":"https:\/\/www.24gliwice.pl\/wiadomosci\/wp-json\/wp\/v2\/posts\/184628\/revisions"}],"predecessor-version":[{"id":185283,"href":"https:\/\/www.24gliwice.pl\/wiadomosci\/wp-json\/wp\/v2\/posts\/184628\/revisions\/185283"}],"wp:featuredmedia":[{"embeddable":true,"href":"https:\/\/www.24gliwice.pl\/wiadomosci\/wp-json\/wp\/v2\/media\/184640"}],"wp:attachment":[{"href":"https:\/\/www.24gliwice.pl\/wiadomosci\/wp-json\/wp\/v2\/media?parent=184628"}],"wp:term":[{"taxonomy":"category","embeddable":true,"href":"https:\/\/www.24gliwice.pl\/wiadomosci\/wp-json\/wp\/v2\/categories?post=184628"},{"taxonomy":"post_tag","embeddable":true,"href":"https:\/\/www.24gliwice.pl\/wiadomosci\/wp-json\/wp\/v2\/tags?post=184628"}],"curies":[{"name":"wp","href":"https:\/\/api.w.org\/{rel}","templated":true}]}}