{"id":185134,"date":"2022-01-26T11:43:08","date_gmt":"2022-01-26T10:43:08","guid":{"rendered":"https:\/\/www.24gliwice.pl\/wiadomosci\/?p=185134"},"modified":"2022-01-26T11:43:48","modified_gmt":"2022-01-26T10:43:48","slug":"potracil-rowerzyste-i-schowal-sie-za-sklep-sprawce-zatrzymano-gdy-wrocil-na-miejsce-zdarzenia-tv","status":"publish","type":"post","link":"https:\/\/www.24gliwice.pl\/wiadomosci\/potracil-rowerzyste-i-schowal-sie-za-sklep-sprawce-zatrzymano-gdy-wrocil-na-miejsce-zdarzenia-tv\/","title":{"rendered":"Potr\u0105ci\u0142 rowerzyst\u0119 i&#8230; schowa\u0142 si\u0119 za sklep. Sprawc\u0119 zatrzymano, gdy wr\u00f3ci\u0142 na miejsce zdarzenia (TV)"},"content":{"rendered":"<div class=\"gliwi-a6-nad-leadem-artykulow gliwi-entity-placement\" id=\"gliwi-3594126648\"><div class=\"gliwi-adlabel\"><span style=\"font-size: 9px\">REKLAMA<\/span><\/div><div id=\"gliwi-625928185\" style=\"margin-bottom: 25px;margin-left: auto;margin-right: auto;text-align: center;\"><a data-no-instant=\"1\" href=\"https:\/\/dom100.eu\/\" rel=\"noopener\" class=\"a2t-link\" target=\"_blank\" aria-label=\"20260415 DOM100 D\"><img loading=\"lazy\" decoding=\"async\" src=\"https:\/\/www.24gliwice.pl\/wiadomosci\/wp-content\/uploads\/2026\/04\/20260415-DOM100-D.jpg\" alt=\"\"  srcset=\"https:\/\/www.24gliwice.pl\/wiadomosci\/wp-content\/uploads\/2026\/04\/20260415-DOM100-D.jpg 750w, https:\/\/www.24gliwice.pl\/wiadomosci\/wp-content\/uploads\/2026\/04\/20260415-DOM100-D-410x109.jpg 410w\" sizes=\"(max-width: 750px) 100vw, 750px\" class=\"no-lazyload\" width=\"750\" height=\"200\"  style=\"display: inline-block; max-width: 100%; height: auto;\" \/><\/a><\/div><\/div><h2>Dzi\u0119ki kamerom monitoringu uda\u0142o si\u0119 szybko ustali\u0107 sprawc\u0119 potr\u0105cenia rowerzysty w centrum Gliwic. Kierowca ten nie odjecha\u0142 daleko. Czai\u0142 si\u0119 za rogiem, w ko\u0144cu zdecydowa\u0142 si\u0119 przejecha\u0107 obok pracuj\u0105cych na miejscu zdarzenia policjant\u00f3w. Ci &#8211; wiedz\u0105c ju\u017c kogo maj\u0105 szuka\u0107 &#8211; dokonali jego zatrzymania.<\/h2>\n<p>&nbsp;<br \/>\n&#8211; <em>Wbrew r\u00f3\u017cnego rodzaju krytycznym opiniom, monitoring jest narz\u0119dziem pozwalaj\u0105cym szybko rozwi\u0105za\u0107 wiele spraw. Policjanci, szczeg\u00f3lnie dy\u017curni, korzystaj\u0105 z tego technicznego dobrodziejstwa na co dzie\u0144. Poni\u017cej przyk\u0142ad, kt\u00f3ry, by\u0107 mo\u017ce, otworzy oczy krytykom tego typu inwestycji. Sprawca potr\u0105cenia rowerzysty odjecha\u0142 z miejsca zdarzenia\u2026<\/em> &#8211; m\u00f3wi podinspektor <strong>Marek S\u0142omski<\/strong>, oficer prasowy KMP Gliwice. <\/p>\n<p>Do potr\u0105cenia rowerzysty dosz\u0142o w miniony poniedzia\u0142ek oko\u0142o godziny 7.00 na jednej z gliwickich ulic.  <\/p><div class=\"gliwi-a3-w-tresci-artykulow gliwi-entity-placement\" id=\"gliwi-4037308481\"><div class=\"gliwi-adlabel\"><span style=\"font-size: 9px\">REKLAMA<\/span><\/div><div id=\"gliwi-4189052147\" style=\"margin-bottom: 30px;margin-left: auto;margin-right: auto;text-align: center;\"><a data-no-instant=\"1\" href=\"https:\/\/ogrodyandersa.pl\/\" rel=\"noopener\" class=\"a2t-link\" target=\"_blank\" aria-label=\"20260415 Ogrody Andersa KUP TERAZ D\"><img loading=\"lazy\" decoding=\"async\" src=\"https:\/\/www.24gliwice.pl\/wiadomosci\/wp-content\/uploads\/2026\/04\/20260415-Ogrody-Andersa-KUP-TERAZ-D.jpg\" alt=\"\"  srcset=\"https:\/\/www.24gliwice.pl\/wiadomosci\/wp-content\/uploads\/2026\/04\/20260415-Ogrody-Andersa-KUP-TERAZ-D.jpg 750w, https:\/\/www.24gliwice.pl\/wiadomosci\/wp-content\/uploads\/2026\/04\/20260415-Ogrody-Andersa-KUP-TERAZ-D-410x109.jpg 410w\" sizes=\"(max-width: 750px) 100vw, 750px\" class=\"no-lazyload\" width=\"750\" height=\"200\"  style=\"display: inline-block; max-width: 100%; height: auto;\" \/><\/a><\/div><\/div>\n<blockquote><p><em>Samoch\u00f3d osobowy marki Volkswagen najecha\u0142 na pr\u00f3buj\u0105cego wykona\u0107 manewr skr\u0119tu w lewo rowerzyst\u0119. Kierowca jedno\u015bladu przewr\u00f3ci\u0142 si\u0119 na jezdni\u0119 i straci\u0142 przytomno\u015b\u0107. Kierowca volkswagena zwolni\u0142, a potem &#8211; odjecha\u0142<\/em> <\/p><\/blockquote>\n<p>&#8211; relacjonuje S\u0142omski. <\/p>\n<p>\u015awiadkowie powiadomili s\u0142u\u017cby, pr\u00f3bowali te\u017c pom\u00f3c nieprzytomnemu m\u0119\u017cczy\u017anie. Starszy pan zosta\u0142 przewieziony karetk\u0105 pogotowia do szpitala. Jego to\u017csamo\u015b\u0107 nie by\u0142a wtedy jeszcze znana.<\/p>\n<div style=\"width: 810px;\" class=\"wp-video\"><video class=\"wp-video-shortcode\" id=\"video-185134-1\" width=\"810\" height=\"456\" preload=\"metadata\" controls=\"controls\"><source type=\"video\/mp4\" src=\"https:\/\/www.24gliwice.pl\/wiadomosci\/wp-content\/uploads\/2022\/01\/44-691639.mp4?_=1\" \/><a href=\"https:\/\/www.24gliwice.pl\/wiadomosci\/wp-content\/uploads\/2022\/01\/44-691639.mp4\">https:\/\/www.24gliwice.pl\/wiadomosci\/wp-content\/uploads\/2022\/01\/44-691639.mp4<\/a><\/video><\/div>\n<p>&nbsp;<br \/>\n&#8211; <em>O sytuacji dowiedzia\u0142 si\u0119 asp. <strong>Marcin Rydel<\/strong>, zast\u0119pca oficera dy\u017curnego miasta, i natychmiast si\u0119gn\u0105\u0142 po monitoring. Zauwa\u017cy\u0142, \u017ce kieruj\u0105cy samochodem potr\u0105ci\u0142 rowerzyst\u0119, a potem, gdy zobaczy\u0142, \u017ce na miejscu jest pogotowie, odjecha\u0142. Jak si\u0119 okaza\u0142o, tu\u017c po wypadku schowa\u0142 si\u0119 za pobliskim sklepem przy ul. Konarskiego, a po 10 minutach wr\u00f3ci\u0142, by sprawdzi\u0107, co si\u0119 dzieje<\/em> &#8211; dodaje S\u0142omski. Aspirant Rydel widzia\u0142 reakcj\u0119 kierowcy i ca\u0142\u0105 sekwencj\u0119 zachowa\u0144 na odtworzonych nagraniach. <\/p>\n<blockquote><p><em>Gdy zobaczy\u0142 ten sam pojazd, przeje\u017cd\u017caj\u0105cy obok dokonuj\u0105cych ogl\u0119dzin i pomiar\u00f3w policjant\u00f3w drog\u00f3wki, natychmiast nada\u0142 komunikat, nakazuj\u0105cy zatrzymanie bia\u0142ego SUV-a. Pracuj\u0105cy na miejscu aspirant pieszo rzuci\u0142 si\u0119 za samochodem i go dogoni\u0142<\/em> <\/p><\/blockquote>\n<p>&#8211; kontynuuje S\u0142omski. <\/p>\n<p>M\u0119\u017cczyzna, mieszkaniec jednego ze \u015bl\u0105skich miast, zjecha\u0142 na pobocze, przyzna\u0142 si\u0119 do uczestnictwa w wypadku, ale t\u0142umaczy\u0142, \u017ce skoro na miejscu by\u0142o pogotowie, on nie by\u0142 ju\u017c tam potrzebny.<\/p>\n<p>&#8211; <ddem>To oczywi\u015bcie zachowanie niedopuszczalne. Sytuacja prawna kierowcy odje\u017cd\u017caj\u0105cego z miejsca wypadku czy kolizji bez udzielenia pomocy ofierze bardzo si\u0119 pogarsza<\/em> &#8211; m\u00f3wi oficer prasowy. <\/p>\n<p>Dosy\u0107 szybko wyja\u015bni\u0142o si\u0119, kim jest pokrzywdzony. Do gliwickiej policji zg\u0142osi\u0142y si\u0119 dwie kobiety &#8211; c\u00f3rki, zaniepokojone, \u017ce ich ojciec nie wr\u00f3ci\u0142 do domu. Sprawy natychmiast skojarzono. Szcz\u0119\u015bliwie okaza\u0142o si\u0119, \u017ce pokrzywdzony nie dozna\u0142 obra\u017ce\u0144 zagra\u017caj\u0105cych jego \u017cyciu.<\/p>\n<p>(\u017cms)\/KMP Gliwice<br \/>\nfot. KMP Gliwice<\/p>\n<div class=\"gliwi-a5-na-koncu-artykulow gliwi-entity-placement\" id=\"gliwi-3651595391\"><div class=\"gliwi-adlabel\"><span style=\"font-size: 9px\">REKLAMA<\/span><\/div><div id=\"gliwi-640024456\" style=\"margin-left: auto;margin-right: auto;text-align: center;\"><a data-no-instant=\"1\" href=\"https:\/\/www.jasek.pl\/\" rel=\"noopener\" class=\"a2t-link\" target=\"_blank\" aria-label=\"20200401-jasek 600\"><img loading=\"lazy\" decoding=\"async\" src=\"https:\/\/www.24gliwice.pl\/wiadomosci\/wp-content\/uploads\/2020\/04\/20200401-jasek-600.jpg\" alt=\"\"  srcset=\"https:\/\/www.24gliwice.pl\/wiadomosci\/wp-content\/uploads\/2020\/04\/20200401-jasek-600.jpg 600w, https:\/\/www.24gliwice.pl\/wiadomosci\/wp-content\/uploads\/2020\/04\/20200401-jasek-600-410x109.jpg 410w\" sizes=\"(max-width: 600px) 100vw, 600px\" class=\"no-lazyload\" width=\"600\" height=\"160\"  style=\"display: inline-block; max-width: 100%; height: auto;\" \/><\/a><\/div><\/div>","protected":false},"excerpt":{"rendered":"<p>Dzi\u0119ki kamerom monitoringu uda\u0142o si\u0119 szybko ustali\u0107 sprawc\u0119 potr\u0105cenia rowerzysty w centrum Gliwic. Kierowca ten nie odjecha\u0142 daleko. Czai\u0142 si\u0119 za rogiem, w ko\u0144cu zdecydowa\u0142 si\u0119 przejecha\u0107 obok pracuj\u0105cych na miejscu zdarzenia policjant\u00f3w. Ci &#8211; wiedz\u0105c ju\u017c kogo maj\u0105 szuka\u0107 &#8211; dokonali jego zatrzymania. &nbsp; &#8211; Wbrew r\u00f3\u017cnego rodzaju krytycznym opiniom, monitoring jest narz\u0119dziem pozwalaj\u0105cym [&hellip;]<\/p>\n","protected":false},"author":15,"featured_media":185144,"comment_status":"open","ping_status":"closed","sticky":false,"template":"","format":"standard","meta":{"_monsterinsights_skip_tracking":false,"_monsterinsights_sitenote_active":false,"_monsterinsights_sitenote_note":"","_monsterinsights_sitenote_category":0,"footnotes":"","_links_to":"","_links_to_target":""},"categories":[3,1,9,5],"tags":[7495,7102],"class_list":["post-185134","post","type-post","status-publish","format-standard","has-post-thumbnail","hentry","category-gliwice","category-wszystko","category-aktualnosci_lokalne","category-kryminalki","tag-monitoring","tag-potracenie-rowerzysty"],"yoast_head":"<!-- This site is optimized with the Yoast SEO plugin v27.4 - https:\/\/yoast.com\/product\/yoast-seo-wordpress\/ -->\n<title>Potr\u0105ci\u0142 rowerzyst\u0119 i... schowa\u0142 si\u0119 za sklep. Sprawc\u0119 zatrzymano, gdy wr\u00f3ci\u0142 na miejsce zdarzenia (TV) - 24GLIWICE - Portal Gliwice | codziennie nowe informacje<\/title>\n<meta name=\"robots\" content=\"index, follow, max-snippet:-1, max-image-preview:large, max-video-preview:-1\" \/>\n<link rel=\"canonical\" href=\"https:\/\/www.24gliwice.pl\/wiadomosci\/potracil-rowerzyste-i-schowal-sie-za-sklep-sprawce-zatrzymano-gdy-wrocil-na-miejsce-zdarzenia-tv\/\" \/>\n<meta property=\"og:locale\" content=\"pl_PL\" \/>\n<meta property=\"og:type\" content=\"article\" \/>\n<meta property=\"og:title\" content=\"Potr\u0105ci\u0142 rowerzyst\u0119 i... schowa\u0142 si\u0119 za sklep. Sprawc\u0119 zatrzymano, gdy wr\u00f3ci\u0142 na miejsce zdarzenia (TV) - 24GLIWICE - Portal Gliwice | codziennie nowe informacje\" \/>\n<meta property=\"og:description\" content=\"Dzi\u0119ki kamerom monitoringu uda\u0142o si\u0119 szybko ustali\u0107 sprawc\u0119 potr\u0105cenia rowerzysty w centrum Gliwic. Kierowca ten nie odjecha\u0142 daleko. Czai\u0142 si\u0119 za rogiem, w ko\u0144cu zdecydowa\u0142 si\u0119 przejecha\u0107 obok pracuj\u0105cych na miejscu zdarzenia policjant\u00f3w. Ci &#8211; wiedz\u0105c ju\u017c kogo maj\u0105 szuka\u0107 &#8211; dokonali jego zatrzymania. &nbsp; &#8211; Wbrew r\u00f3\u017cnego rodzaju krytycznym opiniom, monitoring jest narz\u0119dziem pozwalaj\u0105cym [&hellip;]\" \/>\n<meta property=\"og:url\" content=\"https:\/\/www.24gliwice.pl\/wiadomosci\/potracil-rowerzyste-i-schowal-sie-za-sklep-sprawce-zatrzymano-gdy-wrocil-na-miejsce-zdarzenia-tv\/\" \/>\n<meta property=\"og:site_name\" content=\"24GLIWICE - Portal Gliwice | codziennie nowe informacje\" \/>\n<meta property=\"article:publisher\" content=\"https:\/\/www.facebook.com\/24gliwice\" \/>\n<meta property=\"article:published_time\" content=\"2022-01-26T10:43:08+00:00\" \/>\n<meta property=\"article:modified_time\" content=\"2022-01-26T10:43:48+00:00\" \/>\n<meta property=\"og:image\" content=\"https:\/\/www.24gliwice.pl\/wiadomosci\/wp-content\/uploads\/2022\/01\/potracenie-rowerzysty.png.jpg\" \/>\n\t<meta property=\"og:image:width\" content=\"810\" \/>\n\t<meta property=\"og:image:height\" content=\"456\" \/>\n\t<meta property=\"og:image:type\" content=\"image\/jpeg\" \/>\n<meta name=\"author\" content=\"\u017baneta Mrozek-Siewierska\" \/>\n<meta name=\"twitter:card\" content=\"summary_large_image\" \/>\n<meta name=\"twitter:creator\" content=\"@24gliwice\" \/>\n<meta name=\"twitter:site\" content=\"@24gliwice\" \/>\n<meta name=\"twitter:label1\" content=\"Napisane przez\" \/>\n\t<meta name=\"twitter:data1\" content=\"\u017baneta Mrozek-Siewierska\" \/>\n\t<meta name=\"twitter:label2\" content=\"Szacowany czas czytania\" \/>\n\t<meta name=\"twitter:data2\" content=\"2 minuty\" \/>\n<script type=\"application\/ld+json\" class=\"yoast-schema-graph\">{\"@context\":\"https:\\\/\\\/schema.org\",\"@graph\":[{\"@type\":\"Article\",\"@id\":\"https:\\\/\\\/www.24gliwice.pl\\\/wiadomosci\\\/potracil-rowerzyste-i-schowal-sie-za-sklep-sprawce-zatrzymano-gdy-wrocil-na-miejsce-zdarzenia-tv\\\/#article\",\"isPartOf\":{\"@id\":\"https:\\\/\\\/www.24gliwice.pl\\\/wiadomosci\\\/potracil-rowerzyste-i-schowal-sie-za-sklep-sprawce-zatrzymano-gdy-wrocil-na-miejsce-zdarzenia-tv\\\/\"},\"author\":{\"name\":\"\u017baneta Mrozek-Siewierska\",\"@id\":\"https:\\\/\\\/www.24gliwice.pl\\\/wiadomosci\\\/#\\\/schema\\\/person\\\/e42c650edd7f2fa332be3811fb166b6e\"},\"headline\":\"Potr\u0105ci\u0142 rowerzyst\u0119 i&#8230; schowa\u0142 si\u0119 za sklep. Sprawc\u0119 zatrzymano, gdy wr\u00f3ci\u0142 na miejsce zdarzenia (TV)\",\"datePublished\":\"2022-01-26T10:43:08+00:00\",\"dateModified\":\"2022-01-26T10:43:48+00:00\",\"mainEntityOfPage\":{\"@id\":\"https:\\\/\\\/www.24gliwice.pl\\\/wiadomosci\\\/potracil-rowerzyste-i-schowal-sie-za-sklep-sprawce-zatrzymano-gdy-wrocil-na-miejsce-zdarzenia-tv\\\/\"},\"wordCount\":482,\"commentCount\":0,\"publisher\":{\"@id\":\"https:\\\/\\\/www.24gliwice.pl\\\/wiadomosci\\\/#organization\"},\"image\":{\"@id\":\"https:\\\/\\\/www.24gliwice.pl\\\/wiadomosci\\\/potracil-rowerzyste-i-schowal-sie-za-sklep-sprawce-zatrzymano-gdy-wrocil-na-miejsce-zdarzenia-tv\\\/#primaryimage\"},\"thumbnailUrl\":\"https:\\\/\\\/www.24gliwice.pl\\\/wiadomosci\\\/wp-content\\\/uploads\\\/2022\\\/01\\\/potracenie-rowerzysty.png.jpg\",\"keywords\":[\"MONITORING\",\"potr\u0105cenie rowerzysty\"],\"articleSection\":[\"Gliwice\",\"Najnowsze wiadomo\u015bci\",\"Portal Gliwice - Wiadomo\u015bci lokalne\",\"Prawo\"],\"inLanguage\":\"pl-PL\",\"potentialAction\":[{\"@type\":\"CommentAction\",\"name\":\"Comment\",\"target\":[\"https:\\\/\\\/www.24gliwice.pl\\\/wiadomosci\\\/potracil-rowerzyste-i-schowal-sie-za-sklep-sprawce-zatrzymano-gdy-wrocil-na-miejsce-zdarzenia-tv\\\/#respond\"]}]},{\"@type\":\"WebPage\",\"@id\":\"https:\\\/\\\/www.24gliwice.pl\\\/wiadomosci\\\/potracil-rowerzyste-i-schowal-sie-za-sklep-sprawce-zatrzymano-gdy-wrocil-na-miejsce-zdarzenia-tv\\\/\",\"url\":\"https:\\\/\\\/www.24gliwice.pl\\\/wiadomosci\\\/potracil-rowerzyste-i-schowal-sie-za-sklep-sprawce-zatrzymano-gdy-wrocil-na-miejsce-zdarzenia-tv\\\/\",\"name\":\"Potr\u0105ci\u0142 rowerzyst\u0119 i... schowa\u0142 si\u0119 za sklep. Sprawc\u0119 zatrzymano, gdy wr\u00f3ci\u0142 na miejsce zdarzenia (TV) - 24GLIWICE - Portal Gliwice | codziennie nowe informacje\",\"isPartOf\":{\"@id\":\"https:\\\/\\\/www.24gliwice.pl\\\/wiadomosci\\\/#website\"},\"primaryImageOfPage\":{\"@id\":\"https:\\\/\\\/www.24gliwice.pl\\\/wiadomosci\\\/potracil-rowerzyste-i-schowal-sie-za-sklep-sprawce-zatrzymano-gdy-wrocil-na-miejsce-zdarzenia-tv\\\/#primaryimage\"},\"image\":{\"@id\":\"https:\\\/\\\/www.24gliwice.pl\\\/wiadomosci\\\/potracil-rowerzyste-i-schowal-sie-za-sklep-sprawce-zatrzymano-gdy-wrocil-na-miejsce-zdarzenia-tv\\\/#primaryimage\"},\"thumbnailUrl\":\"https:\\\/\\\/www.24gliwice.pl\\\/wiadomosci\\\/wp-content\\\/uploads\\\/2022\\\/01\\\/potracenie-rowerzysty.png.jpg\",\"datePublished\":\"2022-01-26T10:43:08+00:00\",\"dateModified\":\"2022-01-26T10:43:48+00:00\",\"breadcrumb\":{\"@id\":\"https:\\\/\\\/www.24gliwice.pl\\\/wiadomosci\\\/potracil-rowerzyste-i-schowal-sie-za-sklep-sprawce-zatrzymano-gdy-wrocil-na-miejsce-zdarzenia-tv\\\/#breadcrumb\"},\"inLanguage\":\"pl-PL\",\"potentialAction\":[{\"@type\":\"ReadAction\",\"target\":[\"https:\\\/\\\/www.24gliwice.pl\\\/wiadomosci\\\/potracil-rowerzyste-i-schowal-sie-za-sklep-sprawce-zatrzymano-gdy-wrocil-na-miejsce-zdarzenia-tv\\\/\"]}]},{\"@type\":\"ImageObject\",\"inLanguage\":\"pl-PL\",\"@id\":\"https:\\\/\\\/www.24gliwice.pl\\\/wiadomosci\\\/potracil-rowerzyste-i-schowal-sie-za-sklep-sprawce-zatrzymano-gdy-wrocil-na-miejsce-zdarzenia-tv\\\/#primaryimage\",\"url\":\"https:\\\/\\\/www.24gliwice.pl\\\/wiadomosci\\\/wp-content\\\/uploads\\\/2022\\\/01\\\/potracenie-rowerzysty.png.jpg\",\"contentUrl\":\"https:\\\/\\\/www.24gliwice.pl\\\/wiadomosci\\\/wp-content\\\/uploads\\\/2022\\\/01\\\/potracenie-rowerzysty.png.jpg\",\"width\":810,\"height\":456},{\"@type\":\"BreadcrumbList\",\"@id\":\"https:\\\/\\\/www.24gliwice.pl\\\/wiadomosci\\\/potracil-rowerzyste-i-schowal-sie-za-sklep-sprawce-zatrzymano-gdy-wrocil-na-miejsce-zdarzenia-tv\\\/#breadcrumb\",\"itemListElement\":[{\"@type\":\"ListItem\",\"position\":1,\"name\":\"Strona g\u0142\u00f3wna\",\"item\":\"https:\\\/\\\/www.24gliwice.pl\\\/wiadomosci\\\/\"},{\"@type\":\"ListItem\",\"position\":2,\"name\":\"Potr\u0105ci\u0142 rowerzyst\u0119 i&#8230; schowa\u0142 si\u0119 za sklep. Sprawc\u0119 zatrzymano, gdy wr\u00f3ci\u0142 na miejsce zdarzenia (TV)\"}]},{\"@type\":\"WebSite\",\"@id\":\"https:\\\/\\\/www.24gliwice.pl\\\/wiadomosci\\\/#website\",\"url\":\"https:\\\/\\\/www.24gliwice.pl\\\/wiadomosci\\\/\",\"name\":\"24GLIWICE - Portal Gliwice | codziennie nowe wiadomo\u015bci\",\"description\":\"Portal Miejski Gliwice\",\"publisher\":{\"@id\":\"https:\\\/\\\/www.24gliwice.pl\\\/wiadomosci\\\/#organization\"},\"potentialAction\":[{\"@type\":\"SearchAction\",\"target\":{\"@type\":\"EntryPoint\",\"urlTemplate\":\"https:\\\/\\\/www.24gliwice.pl\\\/wiadomosci\\\/?s={search_term_string}\"},\"query-input\":{\"@type\":\"PropertyValueSpecification\",\"valueRequired\":true,\"valueName\":\"search_term_string\"}}],\"inLanguage\":\"pl-PL\"},{\"@type\":\"Organization\",\"@id\":\"https:\\\/\\\/www.24gliwice.pl\\\/wiadomosci\\\/#organization\",\"name\":\"24gliwice\",\"url\":\"https:\\\/\\\/www.24gliwice.pl\\\/wiadomosci\\\/\",\"logo\":{\"@type\":\"ImageObject\",\"inLanguage\":\"pl-PL\",\"@id\":\"https:\\\/\\\/www.24gliwice.pl\\\/wiadomosci\\\/#\\\/schema\\\/logo\\\/image\\\/\",\"url\":\"https:\\\/\\\/www.24gliwice.pl\\\/wiadomosci\\\/wp-content\\\/uploads\\\/2024\\\/10\\\/24gliwice-logo-696.jpg\",\"contentUrl\":\"https:\\\/\\\/www.24gliwice.pl\\\/wiadomosci\\\/wp-content\\\/uploads\\\/2024\\\/10\\\/24gliwice-logo-696.jpg\",\"width\":696,\"height\":696,\"caption\":\"24gliwice\"},\"image\":{\"@id\":\"https:\\\/\\\/www.24gliwice.pl\\\/wiadomosci\\\/#\\\/schema\\\/logo\\\/image\\\/\"},\"sameAs\":[\"https:\\\/\\\/www.facebook.com\\\/24gliwice\",\"https:\\\/\\\/x.com\\\/24gliwice\",\"https:\\\/\\\/www.youtube.com\\\/@24gliwice\"]},{\"@type\":\"Person\",\"@id\":\"https:\\\/\\\/www.24gliwice.pl\\\/wiadomosci\\\/#\\\/schema\\\/person\\\/e42c650edd7f2fa332be3811fb166b6e\",\"name\":\"\u017baneta Mrozek-Siewierska\",\"image\":{\"@type\":\"ImageObject\",\"inLanguage\":\"pl-PL\",\"@id\":\"https:\\\/\\\/www.24gliwice.pl\\\/wiadomosci\\\/wp-content\\\/uploads\\\/2021\\\/11\\\/Zaneta-M_S-zdjecie-czb-96x96.jpg\",\"url\":\"https:\\\/\\\/www.24gliwice.pl\\\/wiadomosci\\\/wp-content\\\/uploads\\\/2021\\\/11\\\/Zaneta-M_S-zdjecie-czb-96x96.jpg\",\"contentUrl\":\"https:\\\/\\\/www.24gliwice.pl\\\/wiadomosci\\\/wp-content\\\/uploads\\\/2021\\\/11\\\/Zaneta-M_S-zdjecie-czb-96x96.jpg\",\"caption\":\"\u017baneta Mrozek-Siewierska\"},\"url\":\"https:\\\/\\\/www.24gliwice.pl\\\/wiadomosci\\\/author\\\/zms\\\/\"}]}<\/script>\n<!-- \/ Yoast SEO plugin. -->","yoast_head_json":{"title":"Potr\u0105ci\u0142 rowerzyst\u0119 i... schowa\u0142 si\u0119 za sklep. Sprawc\u0119 zatrzymano, gdy wr\u00f3ci\u0142 na miejsce zdarzenia (TV) - 24GLIWICE - Portal Gliwice | codziennie nowe informacje","robots":{"index":"index","follow":"follow","max-snippet":"max-snippet:-1","max-image-preview":"max-image-preview:large","max-video-preview":"max-video-preview:-1"},"canonical":"https:\/\/www.24gliwice.pl\/wiadomosci\/potracil-rowerzyste-i-schowal-sie-za-sklep-sprawce-zatrzymano-gdy-wrocil-na-miejsce-zdarzenia-tv\/","og_locale":"pl_PL","og_type":"article","og_title":"Potr\u0105ci\u0142 rowerzyst\u0119 i... schowa\u0142 si\u0119 za sklep. Sprawc\u0119 zatrzymano, gdy wr\u00f3ci\u0142 na miejsce zdarzenia (TV) - 24GLIWICE - Portal Gliwice | codziennie nowe informacje","og_description":"Dzi\u0119ki kamerom monitoringu uda\u0142o si\u0119 szybko ustali\u0107 sprawc\u0119 potr\u0105cenia rowerzysty w centrum Gliwic. Kierowca ten nie odjecha\u0142 daleko. Czai\u0142 si\u0119 za rogiem, w ko\u0144cu zdecydowa\u0142 si\u0119 przejecha\u0107 obok pracuj\u0105cych na miejscu zdarzenia policjant\u00f3w. Ci &#8211; wiedz\u0105c ju\u017c kogo maj\u0105 szuka\u0107 &#8211; dokonali jego zatrzymania. &nbsp; &#8211; Wbrew r\u00f3\u017cnego rodzaju krytycznym opiniom, monitoring jest narz\u0119dziem pozwalaj\u0105cym [&hellip;]","og_url":"https:\/\/www.24gliwice.pl\/wiadomosci\/potracil-rowerzyste-i-schowal-sie-za-sklep-sprawce-zatrzymano-gdy-wrocil-na-miejsce-zdarzenia-tv\/","og_site_name":"24GLIWICE - Portal Gliwice | codziennie nowe informacje","article_publisher":"https:\/\/www.facebook.com\/24gliwice","article_published_time":"2022-01-26T10:43:08+00:00","article_modified_time":"2022-01-26T10:43:48+00:00","og_image":[{"width":810,"height":456,"url":"https:\/\/www.24gliwice.pl\/wiadomosci\/wp-content\/uploads\/2022\/01\/potracenie-rowerzysty.png.jpg","type":"image\/jpeg"}],"author":"\u017baneta Mrozek-Siewierska","twitter_card":"summary_large_image","twitter_creator":"@24gliwice","twitter_site":"@24gliwice","twitter_misc":{"Napisane przez":"\u017baneta Mrozek-Siewierska","Szacowany czas czytania":"2 minuty"},"schema":{"@context":"https:\/\/schema.org","@graph":[{"@type":"Article","@id":"https:\/\/www.24gliwice.pl\/wiadomosci\/potracil-rowerzyste-i-schowal-sie-za-sklep-sprawce-zatrzymano-gdy-wrocil-na-miejsce-zdarzenia-tv\/#article","isPartOf":{"@id":"https:\/\/www.24gliwice.pl\/wiadomosci\/potracil-rowerzyste-i-schowal-sie-za-sklep-sprawce-zatrzymano-gdy-wrocil-na-miejsce-zdarzenia-tv\/"},"author":{"name":"\u017baneta Mrozek-Siewierska","@id":"https:\/\/www.24gliwice.pl\/wiadomosci\/#\/schema\/person\/e42c650edd7f2fa332be3811fb166b6e"},"headline":"Potr\u0105ci\u0142 rowerzyst\u0119 i&#8230; schowa\u0142 si\u0119 za sklep. Sprawc\u0119 zatrzymano, gdy wr\u00f3ci\u0142 na miejsce zdarzenia (TV)","datePublished":"2022-01-26T10:43:08+00:00","dateModified":"2022-01-26T10:43:48+00:00","mainEntityOfPage":{"@id":"https:\/\/www.24gliwice.pl\/wiadomosci\/potracil-rowerzyste-i-schowal-sie-za-sklep-sprawce-zatrzymano-gdy-wrocil-na-miejsce-zdarzenia-tv\/"},"wordCount":482,"commentCount":0,"publisher":{"@id":"https:\/\/www.24gliwice.pl\/wiadomosci\/#organization"},"image":{"@id":"https:\/\/www.24gliwice.pl\/wiadomosci\/potracil-rowerzyste-i-schowal-sie-za-sklep-sprawce-zatrzymano-gdy-wrocil-na-miejsce-zdarzenia-tv\/#primaryimage"},"thumbnailUrl":"https:\/\/www.24gliwice.pl\/wiadomosci\/wp-content\/uploads\/2022\/01\/potracenie-rowerzysty.png.jpg","keywords":["MONITORING","potr\u0105cenie rowerzysty"],"articleSection":["Gliwice","Najnowsze wiadomo\u015bci","Portal Gliwice - Wiadomo\u015bci lokalne","Prawo"],"inLanguage":"pl-PL","potentialAction":[{"@type":"CommentAction","name":"Comment","target":["https:\/\/www.24gliwice.pl\/wiadomosci\/potracil-rowerzyste-i-schowal-sie-za-sklep-sprawce-zatrzymano-gdy-wrocil-na-miejsce-zdarzenia-tv\/#respond"]}]},{"@type":"WebPage","@id":"https:\/\/www.24gliwice.pl\/wiadomosci\/potracil-rowerzyste-i-schowal-sie-za-sklep-sprawce-zatrzymano-gdy-wrocil-na-miejsce-zdarzenia-tv\/","url":"https:\/\/www.24gliwice.pl\/wiadomosci\/potracil-rowerzyste-i-schowal-sie-za-sklep-sprawce-zatrzymano-gdy-wrocil-na-miejsce-zdarzenia-tv\/","name":"Potr\u0105ci\u0142 rowerzyst\u0119 i... schowa\u0142 si\u0119 za sklep. Sprawc\u0119 zatrzymano, gdy wr\u00f3ci\u0142 na miejsce zdarzenia (TV) - 24GLIWICE - Portal Gliwice | codziennie nowe informacje","isPartOf":{"@id":"https:\/\/www.24gliwice.pl\/wiadomosci\/#website"},"primaryImageOfPage":{"@id":"https:\/\/www.24gliwice.pl\/wiadomosci\/potracil-rowerzyste-i-schowal-sie-za-sklep-sprawce-zatrzymano-gdy-wrocil-na-miejsce-zdarzenia-tv\/#primaryimage"},"image":{"@id":"https:\/\/www.24gliwice.pl\/wiadomosci\/potracil-rowerzyste-i-schowal-sie-za-sklep-sprawce-zatrzymano-gdy-wrocil-na-miejsce-zdarzenia-tv\/#primaryimage"},"thumbnailUrl":"https:\/\/www.24gliwice.pl\/wiadomosci\/wp-content\/uploads\/2022\/01\/potracenie-rowerzysty.png.jpg","datePublished":"2022-01-26T10:43:08+00:00","dateModified":"2022-01-26T10:43:48+00:00","breadcrumb":{"@id":"https:\/\/www.24gliwice.pl\/wiadomosci\/potracil-rowerzyste-i-schowal-sie-za-sklep-sprawce-zatrzymano-gdy-wrocil-na-miejsce-zdarzenia-tv\/#breadcrumb"},"inLanguage":"pl-PL","potentialAction":[{"@type":"ReadAction","target":["https:\/\/www.24gliwice.pl\/wiadomosci\/potracil-rowerzyste-i-schowal-sie-za-sklep-sprawce-zatrzymano-gdy-wrocil-na-miejsce-zdarzenia-tv\/"]}]},{"@type":"ImageObject","inLanguage":"pl-PL","@id":"https:\/\/www.24gliwice.pl\/wiadomosci\/potracil-rowerzyste-i-schowal-sie-za-sklep-sprawce-zatrzymano-gdy-wrocil-na-miejsce-zdarzenia-tv\/#primaryimage","url":"https:\/\/www.24gliwice.pl\/wiadomosci\/wp-content\/uploads\/2022\/01\/potracenie-rowerzysty.png.jpg","contentUrl":"https:\/\/www.24gliwice.pl\/wiadomosci\/wp-content\/uploads\/2022\/01\/potracenie-rowerzysty.png.jpg","width":810,"height":456},{"@type":"BreadcrumbList","@id":"https:\/\/www.24gliwice.pl\/wiadomosci\/potracil-rowerzyste-i-schowal-sie-za-sklep-sprawce-zatrzymano-gdy-wrocil-na-miejsce-zdarzenia-tv\/#breadcrumb","itemListElement":[{"@type":"ListItem","position":1,"name":"Strona g\u0142\u00f3wna","item":"https:\/\/www.24gliwice.pl\/wiadomosci\/"},{"@type":"ListItem","position":2,"name":"Potr\u0105ci\u0142 rowerzyst\u0119 i&#8230; schowa\u0142 si\u0119 za sklep. Sprawc\u0119 zatrzymano, gdy wr\u00f3ci\u0142 na miejsce zdarzenia (TV)"}]},{"@type":"WebSite","@id":"https:\/\/www.24gliwice.pl\/wiadomosci\/#website","url":"https:\/\/www.24gliwice.pl\/wiadomosci\/","name":"24GLIWICE - Portal Gliwice | codziennie nowe wiadomo\u015bci","description":"Portal Miejski Gliwice","publisher":{"@id":"https:\/\/www.24gliwice.pl\/wiadomosci\/#organization"},"potentialAction":[{"@type":"SearchAction","target":{"@type":"EntryPoint","urlTemplate":"https:\/\/www.24gliwice.pl\/wiadomosci\/?s={search_term_string}"},"query-input":{"@type":"PropertyValueSpecification","valueRequired":true,"valueName":"search_term_string"}}],"inLanguage":"pl-PL"},{"@type":"Organization","@id":"https:\/\/www.24gliwice.pl\/wiadomosci\/#organization","name":"24gliwice","url":"https:\/\/www.24gliwice.pl\/wiadomosci\/","logo":{"@type":"ImageObject","inLanguage":"pl-PL","@id":"https:\/\/www.24gliwice.pl\/wiadomosci\/#\/schema\/logo\/image\/","url":"https:\/\/www.24gliwice.pl\/wiadomosci\/wp-content\/uploads\/2024\/10\/24gliwice-logo-696.jpg","contentUrl":"https:\/\/www.24gliwice.pl\/wiadomosci\/wp-content\/uploads\/2024\/10\/24gliwice-logo-696.jpg","width":696,"height":696,"caption":"24gliwice"},"image":{"@id":"https:\/\/www.24gliwice.pl\/wiadomosci\/#\/schema\/logo\/image\/"},"sameAs":["https:\/\/www.facebook.com\/24gliwice","https:\/\/x.com\/24gliwice","https:\/\/www.youtube.com\/@24gliwice"]},{"@type":"Person","@id":"https:\/\/www.24gliwice.pl\/wiadomosci\/#\/schema\/person\/e42c650edd7f2fa332be3811fb166b6e","name":"\u017baneta Mrozek-Siewierska","image":{"@type":"ImageObject","inLanguage":"pl-PL","@id":"https:\/\/www.24gliwice.pl\/wiadomosci\/wp-content\/uploads\/2021\/11\/Zaneta-M_S-zdjecie-czb-96x96.jpg","url":"https:\/\/www.24gliwice.pl\/wiadomosci\/wp-content\/uploads\/2021\/11\/Zaneta-M_S-zdjecie-czb-96x96.jpg","contentUrl":"https:\/\/www.24gliwice.pl\/wiadomosci\/wp-content\/uploads\/2021\/11\/Zaneta-M_S-zdjecie-czb-96x96.jpg","caption":"\u017baneta Mrozek-Siewierska"},"url":"https:\/\/www.24gliwice.pl\/wiadomosci\/author\/zms\/"}]}},"_links":{"self":[{"href":"https:\/\/www.24gliwice.pl\/wiadomosci\/wp-json\/wp\/v2\/posts\/185134","targetHints":{"allow":["GET"]}}],"collection":[{"href":"https:\/\/www.24gliwice.pl\/wiadomosci\/wp-json\/wp\/v2\/posts"}],"about":[{"href":"https:\/\/www.24gliwice.pl\/wiadomosci\/wp-json\/wp\/v2\/types\/post"}],"author":[{"embeddable":true,"href":"https:\/\/www.24gliwice.pl\/wiadomosci\/wp-json\/wp\/v2\/users\/15"}],"replies":[{"embeddable":true,"href":"https:\/\/www.24gliwice.pl\/wiadomosci\/wp-json\/wp\/v2\/comments?post=185134"}],"version-history":[{"count":10,"href":"https:\/\/www.24gliwice.pl\/wiadomosci\/wp-json\/wp\/v2\/posts\/185134\/revisions"}],"predecessor-version":[{"id":185146,"href":"https:\/\/www.24gliwice.pl\/wiadomosci\/wp-json\/wp\/v2\/posts\/185134\/revisions\/185146"}],"wp:featuredmedia":[{"embeddable":true,"href":"https:\/\/www.24gliwice.pl\/wiadomosci\/wp-json\/wp\/v2\/media\/185144"}],"wp:attachment":[{"href":"https:\/\/www.24gliwice.pl\/wiadomosci\/wp-json\/wp\/v2\/media?parent=185134"}],"wp:term":[{"taxonomy":"category","embeddable":true,"href":"https:\/\/www.24gliwice.pl\/wiadomosci\/wp-json\/wp\/v2\/categories?post=185134"},{"taxonomy":"post_tag","embeddable":true,"href":"https:\/\/www.24gliwice.pl\/wiadomosci\/wp-json\/wp\/v2\/tags?post=185134"}],"curies":[{"name":"wp","href":"https:\/\/api.w.org\/{rel}","templated":true}]}}