{"id":185177,"date":"2022-01-27T10:54:03","date_gmt":"2022-01-27T09:54:03","guid":{"rendered":"https:\/\/www.24gliwice.pl\/wiadomosci\/?p=185177"},"modified":"2022-01-27T10:54:03","modified_gmt":"2022-01-27T09:54:03","slug":"specjalna-edycja-wrak-race-silesia-na-gieldzie-samochodowej-beda-licytacje-na-rzecz-wosp","status":"publish","type":"post","link":"https:\/\/www.24gliwice.pl\/wiadomosci\/specjalna-edycja-wrak-race-silesia-na-gieldzie-samochodowej-beda-licytacje-na-rzecz-wosp\/","title":{"rendered":"Specjalna edycja Wrak Race Silesia na Gie\u0142dzie Samochodowej. B\u0119d\u0105 licytacje na rzecz WO\u015aP"},"content":{"rendered":"<div class=\"gliwi-a6-nad-leadem-artykulow gliwi-entity-placement\" id=\"gliwi-2331610497\"><div class=\"gliwi-adlabel\"><span style=\"font-size: 9px\">REKLAMA<\/span><\/div><div id=\"gliwi-154352486\" style=\"margin-bottom: 25px;margin-left: auto;margin-right: auto;text-align: center;\"><a data-no-instant=\"1\" href=\"https:\/\/dom100.eu\/\" rel=\"noopener\" class=\"a2t-link\" target=\"_blank\" aria-label=\"20260415 DOM100 D\"><img loading=\"lazy\" decoding=\"async\" src=\"https:\/\/www.24gliwice.pl\/wiadomosci\/wp-content\/uploads\/2026\/04\/20260415-DOM100-D.jpg\" alt=\"\"  srcset=\"https:\/\/www.24gliwice.pl\/wiadomosci\/wp-content\/uploads\/2026\/04\/20260415-DOM100-D.jpg 750w, https:\/\/www.24gliwice.pl\/wiadomosci\/wp-content\/uploads\/2026\/04\/20260415-DOM100-D-410x109.jpg 410w\" sizes=\"(max-width: 750px) 100vw, 750px\" class=\"no-lazyload\" width=\"750\" height=\"200\"  style=\"display: inline-block; max-width: 100%; height: auto;\" \/><\/a><\/div><\/div><h2>Przed nami 30. fina\u0142 WO\u015aP, a wraz z nim imprezy towarzysz\u0105ce. Jedna z nich odb\u0119dzie si\u0119 na Gie\u0142dzie Samochodowej &#8211; specjalna edycja Wrak Race Silesia ju\u017c w najbli\u017csz\u0105 niedziel\u0119.<\/h2>\n<p>&nbsp;<br \/>\nTego dnia (30 stycznia) podczas wydarzenia na terenie Gie\u0142dy przy ul. Kujawskiej 112 b\u0119d\u0105 obecni wolontariusze z gliwickiego sztabu WO\u015aP. Przypomnijmy, \u017ce tegoroczny fina\u0142 po\u015bwi\u0119cony jest okulistyce dzieci\u0119cej.<\/p>\n<h4>O godzinie 10:00 rozpoczn\u0105 si\u0119 licytacje na rzecz WO\u015aP. Nie zabraknie te\u017c tradycyjnych, sportowych emocji.<\/h4>\n<p>WRAK-RACE Silesia to mordercze wy\u015bcigi samochod\u00f3w, kt\u00f3re \u201elata \u015bwietno\u015bci\u201d maj\u0105 ju\u017c za sob\u0105, a ich warto\u015b\u0107 nie przekracza 1000 z\u0142otych. Ka\u017cdy z zawodnik\u00f3w ma do pokonania 15 minut na torze w biegu kwalifikacyjnym, po kt\u00f3rym odbywaj\u0105 si\u0119 15-minutowe p\u00f3\u0142fina\u0142y i emocjonuj\u0105cy fina\u0142. Zgodnie ze zwyczajem przed fina\u0142em odb\u0119dzie si\u0119 bieg \u201eostatnie tchnienie\u201d \u2013 dla zawodnik\u00f3w, kt\u00f3rzy nie zakwalifikowali si\u0119 do p\u00f3\u0142fina\u0142\u00f3w. Wi\u0119cej informacji mo\u017cna znale\u017a\u0107 na stronie organizator\u00f3w: <a href=\"http:\/\/www.wrak-race.pl\" rel=\"noopener\" target=\"_blank\">www.wrak-race.pl<\/a>.<\/p><div class=\"gliwi-a3-w-tresci-artykulow gliwi-entity-placement\" id=\"gliwi-4204303902\"><div class=\"gliwi-adlabel\"><span style=\"font-size: 9px\">REKLAMA<\/span><\/div><div id=\"gliwi-3832638402\" style=\"margin-bottom: 30px;margin-left: auto;margin-right: auto;text-align: center;\"><a data-no-instant=\"1\" href=\"https:\/\/ogrodyandersa.pl\/\" rel=\"noopener\" class=\"a2t-link\" target=\"_blank\" aria-label=\"20260415 Ogrody Andersa KUP TERAZ D\"><img loading=\"lazy\" decoding=\"async\" src=\"https:\/\/www.24gliwice.pl\/wiadomosci\/wp-content\/uploads\/2026\/04\/20260415-Ogrody-Andersa-KUP-TERAZ-D.jpg\" alt=\"\"  srcset=\"https:\/\/www.24gliwice.pl\/wiadomosci\/wp-content\/uploads\/2026\/04\/20260415-Ogrody-Andersa-KUP-TERAZ-D.jpg 750w, https:\/\/www.24gliwice.pl\/wiadomosci\/wp-content\/uploads\/2026\/04\/20260415-Ogrody-Andersa-KUP-TERAZ-D-410x109.jpg 410w\" sizes=\"(max-width: 750px) 100vw, 750px\" class=\"no-lazyload\" width=\"750\" height=\"200\"  style=\"display: inline-block; max-width: 100%; height: auto;\" \/><\/a><\/div><\/div>\n<p>Relacj\u0119 wideo nakr\u0119con\u0105 z drona w grudniu 2021 mo\u017cna obejrze\u0107 poni\u017cej. <\/p>\n<p><iframe loading=\"lazy\" width=\"810\" height=\"455\" src=\"https:\/\/www.youtube.com\/embed\/bynPq42maF8\" title=\"YouTube video player\" frameborder=\"0\" allow=\"accelerometer; autoplay; clipboard-write; encrypted-media; gyroscope; picture-in-picture\" allowfullscreen><\/iframe><\/p>\n<h4>Plan zawod\u00f3w:<\/h4>\n<p>8:00-10:00 zamkni\u0119cie listy zg\u0142osze\u0144\u2013 losowanie numer\u00f3w startowych Gie\u0142da Samochodowa Gliwice ul.Kujawska 112,<br \/>\n10:00 Zamkniecie parku maszyn oraz licytacje na rzecz WO\u015aP,<br \/>\n10:20 Start 1-szej dywizji rozpocz\u0119cie zawod\u00f3w \u2013 przejazd samochodu bezpiecze\u0144stwa oraz zapoznanie z tras\u0105,<br \/>\n10:50 Meta 1-szej dywizji,<br \/>\n10:50 \u2013 11:15 Przerwa organizacyjna,<br \/>\n11:15 Start 2-giej dywizji,<br \/>\n11:35 Meta 2-giej dywizji,<br \/>\n11:35 \u2013 10:50 Przerwa organizacyjna,<br \/>\n11:50 Start 3-ciej dywizji,<br \/>\n12:10 Meta 3-ciej dywizji,<br \/>\n12:10 \u2013 12:25 Przerwa organizacyjna,<br \/>\n12:25 Start 4-tej dywizji,<br \/>\n12:45 Meta 4-tej dywizji,<br \/>\n12:45 \u2013 13:00 Przerwa organizacyjna,<br \/>\n13:00 \u2013 13:15 Bieg p\u00f3\u0142fina\u0142owy 1 (15 minut),<br \/>\n13:15 \u2013 13:30 Przerwa organizacyjna,<br \/>\n13:30 \u2013 13:45 Bieg p\u00f3\u0142fina\u0142owy 2 (15 minut),<br \/>\n13:45 \u2013 14:00 Przerwa organizacyjna,<br \/>\n14:00 \u2013 14:15 Wy\u015bcig \u201eOstatnie tchnienie\u201d,<br \/>\n14:15 \u2013 14:30 Przerwa organizacyjna,<br \/>\n14:30 \u2013 14:45 FINA\u0141 (15 minut 6 samochod\u00f3w),<br \/>\n15:30 Rozdanie nagr\u00f3d.<\/p>\n<p>(\u017cms)\/MZUK Gliwice<br \/>\nfot. 24gliwice.pl<\/p>\n<p><a href=\"https:\/\/www.24gliwice.pl\/wiadomosci\/wp-content\/uploads\/2022\/01\/wrak-race-wosp-plakat.jpg\"><img loading=\"lazy\" decoding=\"async\" src=\"https:\/\/www.24gliwice.pl\/wiadomosci\/wp-content\/uploads\/2022\/01\/wrak-race-wosp-plakat.jpg\" alt=\"\" width=\"768\" height=\"1073\" class=\"alignnone size-full wp-image-185180\" srcset=\"https:\/\/www.24gliwice.pl\/wiadomosci\/wp-content\/uploads\/2022\/01\/wrak-race-wosp-plakat.jpg 768w, https:\/\/www.24gliwice.pl\/wiadomosci\/wp-content\/uploads\/2022\/01\/wrak-race-wosp-plakat-166x232.jpg 166w, https:\/\/www.24gliwice.pl\/wiadomosci\/wp-content\/uploads\/2022\/01\/wrak-race-wosp-plakat-326x455.jpg 326w\" sizes=\"auto, (max-width: 768px) 100vw, 768px\" \/><\/a><\/p>\n<div class=\"gliwi-a5-na-koncu-artykulow gliwi-entity-placement\" id=\"gliwi-2241718295\"><div class=\"gliwi-adlabel\"><span style=\"font-size: 9px\">REKLAMA<\/span><\/div><div id=\"gliwi-1629936380\" style=\"margin-left: auto;margin-right: auto;text-align: center;\"><a data-no-instant=\"1\" href=\"https:\/\/prezeroarenagliwice.pl\/\" rel=\"noopener\" class=\"a2t-link\" target=\"_blank\" aria-label=\"20260309-PREZERO-WIOSNA-D\"><img loading=\"lazy\" decoding=\"async\" src=\"https:\/\/www.24gliwice.pl\/wiadomosci\/wp-content\/uploads\/2026\/03\/20260309-PREZERO-WIOSNA-D.webp\" alt=\"\"  srcset=\"https:\/\/www.24gliwice.pl\/wiadomosci\/wp-content\/uploads\/2026\/03\/20260309-PREZERO-WIOSNA-D.webp 750w, https:\/\/www.24gliwice.pl\/wiadomosci\/wp-content\/uploads\/2026\/03\/20260309-PREZERO-WIOSNA-D-410x109.webp 410w\" sizes=\"(max-width: 750px) 100vw, 750px\" class=\"no-lazyload\" width=\"750\" height=\"200\"  style=\"display: inline-block; max-width: 100%; height: auto;\" \/><\/a><\/div><\/div>","protected":false},"excerpt":{"rendered":"<p>Przed nami 30. fina\u0142 WO\u015aP, a wraz z nim imprezy towarzysz\u0105ce. Jedna z nich odb\u0119dzie si\u0119 na Gie\u0142dzie Samochodowej &#8211; specjalna edycja Wrak Race Silesia ju\u017c w najbli\u017csz\u0105 niedziel\u0119. &nbsp; Tego dnia (30 stycznia) podczas wydarzenia na terenie Gie\u0142dy przy ul. Kujawskiej 112 b\u0119d\u0105 obecni wolontariusze z gliwickiego sztabu WO\u015aP. Przypomnijmy, \u017ce tegoroczny fina\u0142 po\u015bwi\u0119cony [&hellip;]<\/p>\n","protected":false},"author":15,"featured_media":98761,"comment_status":"open","ping_status":"closed","sticky":false,"template":"","format":"standard","meta":{"_monsterinsights_skip_tracking":false,"_monsterinsights_sitenote_active":false,"_monsterinsights_sitenote_note":"","_monsterinsights_sitenote_category":0,"footnotes":"","_links_to":"","_links_to_target":""},"categories":[3,6,1],"tags":[57,12804],"class_list":["post-185177","post","type-post","status-publish","format-standard","has-post-thumbnail","hentry","category-gliwice","category-kultura","category-wszystko","tag-wosp","tag-wrak-race-silesia"],"yoast_head":"<!-- This site is optimized with the Yoast SEO plugin v27.4 - https:\/\/yoast.com\/product\/yoast-seo-wordpress\/ -->\n<title>Specjalna edycja Wrak Race Silesia na Gie\u0142dzie Samochodowej. B\u0119d\u0105 licytacje na rzecz WO\u015aP - 24GLIWICE - Portal Gliwice | codziennie nowe informacje<\/title>\n<meta name=\"robots\" content=\"index, follow, max-snippet:-1, max-image-preview:large, max-video-preview:-1\" \/>\n<link rel=\"canonical\" href=\"https:\/\/www.24gliwice.pl\/wiadomosci\/specjalna-edycja-wrak-race-silesia-na-gieldzie-samochodowej-beda-licytacje-na-rzecz-wosp\/\" \/>\n<meta property=\"og:locale\" content=\"pl_PL\" \/>\n<meta property=\"og:type\" content=\"article\" \/>\n<meta property=\"og:title\" content=\"Specjalna edycja Wrak Race Silesia na Gie\u0142dzie Samochodowej. B\u0119d\u0105 licytacje na rzecz WO\u015aP - 24GLIWICE - Portal Gliwice | codziennie nowe informacje\" \/>\n<meta property=\"og:description\" content=\"Przed nami 30. fina\u0142 WO\u015aP, a wraz z nim imprezy towarzysz\u0105ce. Jedna z nich odb\u0119dzie si\u0119 na Gie\u0142dzie Samochodowej &#8211; specjalna edycja Wrak Race Silesia ju\u017c w najbli\u017csz\u0105 niedziel\u0119. &nbsp; Tego dnia (30 stycznia) podczas wydarzenia na terenie Gie\u0142dy przy ul. Kujawskiej 112 b\u0119d\u0105 obecni wolontariusze z gliwickiego sztabu WO\u015aP. Przypomnijmy, \u017ce tegoroczny fina\u0142 po\u015bwi\u0119cony [&hellip;]\" \/>\n<meta property=\"og:url\" content=\"https:\/\/www.24gliwice.pl\/wiadomosci\/specjalna-edycja-wrak-race-silesia-na-gieldzie-samochodowej-beda-licytacje-na-rzecz-wosp\/\" \/>\n<meta property=\"og:site_name\" content=\"24GLIWICE - Portal Gliwice | codziennie nowe informacje\" \/>\n<meta property=\"article:publisher\" content=\"https:\/\/www.facebook.com\/24gliwice\" \/>\n<meta property=\"article:published_time\" content=\"2022-01-27T09:54:03+00:00\" \/>\n<meta property=\"og:image\" content=\"https:\/\/www.24gliwice.pl\/wiadomosci\/wp-content\/uploads\/2017\/05\/wrak-race2.jpg\" \/>\n\t<meta property=\"og:image:width\" content=\"1200\" \/>\n\t<meta property=\"og:image:height\" content=\"675\" \/>\n\t<meta property=\"og:image:type\" content=\"image\/jpeg\" \/>\n<meta name=\"author\" content=\"\u017baneta Mrozek-Siewierska\" \/>\n<meta name=\"twitter:card\" content=\"summary_large_image\" \/>\n<meta name=\"twitter:creator\" content=\"@24gliwice\" \/>\n<meta name=\"twitter:site\" content=\"@24gliwice\" \/>\n<meta name=\"twitter:label1\" content=\"Napisane przez\" \/>\n\t<meta name=\"twitter:data1\" content=\"\u017baneta Mrozek-Siewierska\" \/>\n\t<meta name=\"twitter:label2\" content=\"Szacowany czas czytania\" \/>\n\t<meta name=\"twitter:data2\" content=\"1 minuta\" \/>\n<script type=\"application\/ld+json\" class=\"yoast-schema-graph\">{\"@context\":\"https:\\\/\\\/schema.org\",\"@graph\":[{\"@type\":\"Article\",\"@id\":\"https:\\\/\\\/www.24gliwice.pl\\\/wiadomosci\\\/specjalna-edycja-wrak-race-silesia-na-gieldzie-samochodowej-beda-licytacje-na-rzecz-wosp\\\/#article\",\"isPartOf\":{\"@id\":\"https:\\\/\\\/www.24gliwice.pl\\\/wiadomosci\\\/specjalna-edycja-wrak-race-silesia-na-gieldzie-samochodowej-beda-licytacje-na-rzecz-wosp\\\/\"},\"author\":{\"name\":\"\u017baneta Mrozek-Siewierska\",\"@id\":\"https:\\\/\\\/www.24gliwice.pl\\\/wiadomosci\\\/#\\\/schema\\\/person\\\/e42c650edd7f2fa332be3811fb166b6e\"},\"headline\":\"Specjalna edycja Wrak Race Silesia na Gie\u0142dzie Samochodowej. B\u0119d\u0105 licytacje na rzecz WO\u015aP\",\"datePublished\":\"2022-01-27T09:54:03+00:00\",\"mainEntityOfPage\":{\"@id\":\"https:\\\/\\\/www.24gliwice.pl\\\/wiadomosci\\\/specjalna-edycja-wrak-race-silesia-na-gieldzie-samochodowej-beda-licytacje-na-rzecz-wosp\\\/\"},\"wordCount\":303,\"commentCount\":0,\"publisher\":{\"@id\":\"https:\\\/\\\/www.24gliwice.pl\\\/wiadomosci\\\/#organization\"},\"image\":{\"@id\":\"https:\\\/\\\/www.24gliwice.pl\\\/wiadomosci\\\/specjalna-edycja-wrak-race-silesia-na-gieldzie-samochodowej-beda-licytacje-na-rzecz-wosp\\\/#primaryimage\"},\"thumbnailUrl\":\"https:\\\/\\\/www.24gliwice.pl\\\/wiadomosci\\\/wp-content\\\/uploads\\\/2017\\\/05\\\/wrak-race2.jpg\",\"keywords\":[\"WO\u015aP\",\"wrak race silesia\"],\"articleSection\":[\"Gliwice\",\"Kultura, wydarzenia, imprezy\",\"Najnowsze wiadomo\u015bci\"],\"inLanguage\":\"pl-PL\",\"potentialAction\":[{\"@type\":\"CommentAction\",\"name\":\"Comment\",\"target\":[\"https:\\\/\\\/www.24gliwice.pl\\\/wiadomosci\\\/specjalna-edycja-wrak-race-silesia-na-gieldzie-samochodowej-beda-licytacje-na-rzecz-wosp\\\/#respond\"]}]},{\"@type\":\"WebPage\",\"@id\":\"https:\\\/\\\/www.24gliwice.pl\\\/wiadomosci\\\/specjalna-edycja-wrak-race-silesia-na-gieldzie-samochodowej-beda-licytacje-na-rzecz-wosp\\\/\",\"url\":\"https:\\\/\\\/www.24gliwice.pl\\\/wiadomosci\\\/specjalna-edycja-wrak-race-silesia-na-gieldzie-samochodowej-beda-licytacje-na-rzecz-wosp\\\/\",\"name\":\"Specjalna edycja Wrak Race Silesia na Gie\u0142dzie Samochodowej. B\u0119d\u0105 licytacje na rzecz WO\u015aP - 24GLIWICE - Portal Gliwice | codziennie nowe informacje\",\"isPartOf\":{\"@id\":\"https:\\\/\\\/www.24gliwice.pl\\\/wiadomosci\\\/#website\"},\"primaryImageOfPage\":{\"@id\":\"https:\\\/\\\/www.24gliwice.pl\\\/wiadomosci\\\/specjalna-edycja-wrak-race-silesia-na-gieldzie-samochodowej-beda-licytacje-na-rzecz-wosp\\\/#primaryimage\"},\"image\":{\"@id\":\"https:\\\/\\\/www.24gliwice.pl\\\/wiadomosci\\\/specjalna-edycja-wrak-race-silesia-na-gieldzie-samochodowej-beda-licytacje-na-rzecz-wosp\\\/#primaryimage\"},\"thumbnailUrl\":\"https:\\\/\\\/www.24gliwice.pl\\\/wiadomosci\\\/wp-content\\\/uploads\\\/2017\\\/05\\\/wrak-race2.jpg\",\"datePublished\":\"2022-01-27T09:54:03+00:00\",\"breadcrumb\":{\"@id\":\"https:\\\/\\\/www.24gliwice.pl\\\/wiadomosci\\\/specjalna-edycja-wrak-race-silesia-na-gieldzie-samochodowej-beda-licytacje-na-rzecz-wosp\\\/#breadcrumb\"},\"inLanguage\":\"pl-PL\",\"potentialAction\":[{\"@type\":\"ReadAction\",\"target\":[\"https:\\\/\\\/www.24gliwice.pl\\\/wiadomosci\\\/specjalna-edycja-wrak-race-silesia-na-gieldzie-samochodowej-beda-licytacje-na-rzecz-wosp\\\/\"]}]},{\"@type\":\"ImageObject\",\"inLanguage\":\"pl-PL\",\"@id\":\"https:\\\/\\\/www.24gliwice.pl\\\/wiadomosci\\\/specjalna-edycja-wrak-race-silesia-na-gieldzie-samochodowej-beda-licytacje-na-rzecz-wosp\\\/#primaryimage\",\"url\":\"https:\\\/\\\/www.24gliwice.pl\\\/wiadomosci\\\/wp-content\\\/uploads\\\/2017\\\/05\\\/wrak-race2.jpg\",\"contentUrl\":\"https:\\\/\\\/www.24gliwice.pl\\\/wiadomosci\\\/wp-content\\\/uploads\\\/2017\\\/05\\\/wrak-race2.jpg\",\"width\":1200,\"height\":675},{\"@type\":\"BreadcrumbList\",\"@id\":\"https:\\\/\\\/www.24gliwice.pl\\\/wiadomosci\\\/specjalna-edycja-wrak-race-silesia-na-gieldzie-samochodowej-beda-licytacje-na-rzecz-wosp\\\/#breadcrumb\",\"itemListElement\":[{\"@type\":\"ListItem\",\"position\":1,\"name\":\"Strona g\u0142\u00f3wna\",\"item\":\"https:\\\/\\\/www.24gliwice.pl\\\/wiadomosci\\\/\"},{\"@type\":\"ListItem\",\"position\":2,\"name\":\"Specjalna edycja Wrak Race Silesia na Gie\u0142dzie Samochodowej. B\u0119d\u0105 licytacje na rzecz WO\u015aP\"}]},{\"@type\":\"WebSite\",\"@id\":\"https:\\\/\\\/www.24gliwice.pl\\\/wiadomosci\\\/#website\",\"url\":\"https:\\\/\\\/www.24gliwice.pl\\\/wiadomosci\\\/\",\"name\":\"24GLIWICE - Portal Gliwice | codziennie nowe wiadomo\u015bci\",\"description\":\"Portal Miejski Gliwice\",\"publisher\":{\"@id\":\"https:\\\/\\\/www.24gliwice.pl\\\/wiadomosci\\\/#organization\"},\"potentialAction\":[{\"@type\":\"SearchAction\",\"target\":{\"@type\":\"EntryPoint\",\"urlTemplate\":\"https:\\\/\\\/www.24gliwice.pl\\\/wiadomosci\\\/?s={search_term_string}\"},\"query-input\":{\"@type\":\"PropertyValueSpecification\",\"valueRequired\":true,\"valueName\":\"search_term_string\"}}],\"inLanguage\":\"pl-PL\"},{\"@type\":\"Organization\",\"@id\":\"https:\\\/\\\/www.24gliwice.pl\\\/wiadomosci\\\/#organization\",\"name\":\"24gliwice\",\"url\":\"https:\\\/\\\/www.24gliwice.pl\\\/wiadomosci\\\/\",\"logo\":{\"@type\":\"ImageObject\",\"inLanguage\":\"pl-PL\",\"@id\":\"https:\\\/\\\/www.24gliwice.pl\\\/wiadomosci\\\/#\\\/schema\\\/logo\\\/image\\\/\",\"url\":\"https:\\\/\\\/www.24gliwice.pl\\\/wiadomosci\\\/wp-content\\\/uploads\\\/2024\\\/10\\\/24gliwice-logo-696.jpg\",\"contentUrl\":\"https:\\\/\\\/www.24gliwice.pl\\\/wiadomosci\\\/wp-content\\\/uploads\\\/2024\\\/10\\\/24gliwice-logo-696.jpg\",\"width\":696,\"height\":696,\"caption\":\"24gliwice\"},\"image\":{\"@id\":\"https:\\\/\\\/www.24gliwice.pl\\\/wiadomosci\\\/#\\\/schema\\\/logo\\\/image\\\/\"},\"sameAs\":[\"https:\\\/\\\/www.facebook.com\\\/24gliwice\",\"https:\\\/\\\/x.com\\\/24gliwice\",\"https:\\\/\\\/www.youtube.com\\\/@24gliwice\"]},{\"@type\":\"Person\",\"@id\":\"https:\\\/\\\/www.24gliwice.pl\\\/wiadomosci\\\/#\\\/schema\\\/person\\\/e42c650edd7f2fa332be3811fb166b6e\",\"name\":\"\u017baneta Mrozek-Siewierska\",\"image\":{\"@type\":\"ImageObject\",\"inLanguage\":\"pl-PL\",\"@id\":\"https:\\\/\\\/www.24gliwice.pl\\\/wiadomosci\\\/wp-content\\\/uploads\\\/2021\\\/11\\\/Zaneta-M_S-zdjecie-czb-96x96.jpg\",\"url\":\"https:\\\/\\\/www.24gliwice.pl\\\/wiadomosci\\\/wp-content\\\/uploads\\\/2021\\\/11\\\/Zaneta-M_S-zdjecie-czb-96x96.jpg\",\"contentUrl\":\"https:\\\/\\\/www.24gliwice.pl\\\/wiadomosci\\\/wp-content\\\/uploads\\\/2021\\\/11\\\/Zaneta-M_S-zdjecie-czb-96x96.jpg\",\"caption\":\"\u017baneta Mrozek-Siewierska\"},\"url\":\"https:\\\/\\\/www.24gliwice.pl\\\/wiadomosci\\\/author\\\/zms\\\/\"}]}<\/script>\n<!-- \/ Yoast SEO plugin. -->","yoast_head_json":{"title":"Specjalna edycja Wrak Race Silesia na Gie\u0142dzie Samochodowej. B\u0119d\u0105 licytacje na rzecz WO\u015aP - 24GLIWICE - Portal Gliwice | codziennie nowe informacje","robots":{"index":"index","follow":"follow","max-snippet":"max-snippet:-1","max-image-preview":"max-image-preview:large","max-video-preview":"max-video-preview:-1"},"canonical":"https:\/\/www.24gliwice.pl\/wiadomosci\/specjalna-edycja-wrak-race-silesia-na-gieldzie-samochodowej-beda-licytacje-na-rzecz-wosp\/","og_locale":"pl_PL","og_type":"article","og_title":"Specjalna edycja Wrak Race Silesia na Gie\u0142dzie Samochodowej. B\u0119d\u0105 licytacje na rzecz WO\u015aP - 24GLIWICE - Portal Gliwice | codziennie nowe informacje","og_description":"Przed nami 30. fina\u0142 WO\u015aP, a wraz z nim imprezy towarzysz\u0105ce. Jedna z nich odb\u0119dzie si\u0119 na Gie\u0142dzie Samochodowej &#8211; specjalna edycja Wrak Race Silesia ju\u017c w najbli\u017csz\u0105 niedziel\u0119. &nbsp; Tego dnia (30 stycznia) podczas wydarzenia na terenie Gie\u0142dy przy ul. Kujawskiej 112 b\u0119d\u0105 obecni wolontariusze z gliwickiego sztabu WO\u015aP. Przypomnijmy, \u017ce tegoroczny fina\u0142 po\u015bwi\u0119cony [&hellip;]","og_url":"https:\/\/www.24gliwice.pl\/wiadomosci\/specjalna-edycja-wrak-race-silesia-na-gieldzie-samochodowej-beda-licytacje-na-rzecz-wosp\/","og_site_name":"24GLIWICE - Portal Gliwice | codziennie nowe informacje","article_publisher":"https:\/\/www.facebook.com\/24gliwice","article_published_time":"2022-01-27T09:54:03+00:00","og_image":[{"width":1200,"height":675,"url":"https:\/\/www.24gliwice.pl\/wiadomosci\/wp-content\/uploads\/2017\/05\/wrak-race2.jpg","type":"image\/jpeg"}],"author":"\u017baneta Mrozek-Siewierska","twitter_card":"summary_large_image","twitter_creator":"@24gliwice","twitter_site":"@24gliwice","twitter_misc":{"Napisane przez":"\u017baneta Mrozek-Siewierska","Szacowany czas czytania":"1 minuta"},"schema":{"@context":"https:\/\/schema.org","@graph":[{"@type":"Article","@id":"https:\/\/www.24gliwice.pl\/wiadomosci\/specjalna-edycja-wrak-race-silesia-na-gieldzie-samochodowej-beda-licytacje-na-rzecz-wosp\/#article","isPartOf":{"@id":"https:\/\/www.24gliwice.pl\/wiadomosci\/specjalna-edycja-wrak-race-silesia-na-gieldzie-samochodowej-beda-licytacje-na-rzecz-wosp\/"},"author":{"name":"\u017baneta Mrozek-Siewierska","@id":"https:\/\/www.24gliwice.pl\/wiadomosci\/#\/schema\/person\/e42c650edd7f2fa332be3811fb166b6e"},"headline":"Specjalna edycja Wrak Race Silesia na Gie\u0142dzie Samochodowej. B\u0119d\u0105 licytacje na rzecz WO\u015aP","datePublished":"2022-01-27T09:54:03+00:00","mainEntityOfPage":{"@id":"https:\/\/www.24gliwice.pl\/wiadomosci\/specjalna-edycja-wrak-race-silesia-na-gieldzie-samochodowej-beda-licytacje-na-rzecz-wosp\/"},"wordCount":303,"commentCount":0,"publisher":{"@id":"https:\/\/www.24gliwice.pl\/wiadomosci\/#organization"},"image":{"@id":"https:\/\/www.24gliwice.pl\/wiadomosci\/specjalna-edycja-wrak-race-silesia-na-gieldzie-samochodowej-beda-licytacje-na-rzecz-wosp\/#primaryimage"},"thumbnailUrl":"https:\/\/www.24gliwice.pl\/wiadomosci\/wp-content\/uploads\/2017\/05\/wrak-race2.jpg","keywords":["WO\u015aP","wrak race silesia"],"articleSection":["Gliwice","Kultura, wydarzenia, imprezy","Najnowsze wiadomo\u015bci"],"inLanguage":"pl-PL","potentialAction":[{"@type":"CommentAction","name":"Comment","target":["https:\/\/www.24gliwice.pl\/wiadomosci\/specjalna-edycja-wrak-race-silesia-na-gieldzie-samochodowej-beda-licytacje-na-rzecz-wosp\/#respond"]}]},{"@type":"WebPage","@id":"https:\/\/www.24gliwice.pl\/wiadomosci\/specjalna-edycja-wrak-race-silesia-na-gieldzie-samochodowej-beda-licytacje-na-rzecz-wosp\/","url":"https:\/\/www.24gliwice.pl\/wiadomosci\/specjalna-edycja-wrak-race-silesia-na-gieldzie-samochodowej-beda-licytacje-na-rzecz-wosp\/","name":"Specjalna edycja Wrak Race Silesia na Gie\u0142dzie Samochodowej. B\u0119d\u0105 licytacje na rzecz WO\u015aP - 24GLIWICE - Portal Gliwice | codziennie nowe informacje","isPartOf":{"@id":"https:\/\/www.24gliwice.pl\/wiadomosci\/#website"},"primaryImageOfPage":{"@id":"https:\/\/www.24gliwice.pl\/wiadomosci\/specjalna-edycja-wrak-race-silesia-na-gieldzie-samochodowej-beda-licytacje-na-rzecz-wosp\/#primaryimage"},"image":{"@id":"https:\/\/www.24gliwice.pl\/wiadomosci\/specjalna-edycja-wrak-race-silesia-na-gieldzie-samochodowej-beda-licytacje-na-rzecz-wosp\/#primaryimage"},"thumbnailUrl":"https:\/\/www.24gliwice.pl\/wiadomosci\/wp-content\/uploads\/2017\/05\/wrak-race2.jpg","datePublished":"2022-01-27T09:54:03+00:00","breadcrumb":{"@id":"https:\/\/www.24gliwice.pl\/wiadomosci\/specjalna-edycja-wrak-race-silesia-na-gieldzie-samochodowej-beda-licytacje-na-rzecz-wosp\/#breadcrumb"},"inLanguage":"pl-PL","potentialAction":[{"@type":"ReadAction","target":["https:\/\/www.24gliwice.pl\/wiadomosci\/specjalna-edycja-wrak-race-silesia-na-gieldzie-samochodowej-beda-licytacje-na-rzecz-wosp\/"]}]},{"@type":"ImageObject","inLanguage":"pl-PL","@id":"https:\/\/www.24gliwice.pl\/wiadomosci\/specjalna-edycja-wrak-race-silesia-na-gieldzie-samochodowej-beda-licytacje-na-rzecz-wosp\/#primaryimage","url":"https:\/\/www.24gliwice.pl\/wiadomosci\/wp-content\/uploads\/2017\/05\/wrak-race2.jpg","contentUrl":"https:\/\/www.24gliwice.pl\/wiadomosci\/wp-content\/uploads\/2017\/05\/wrak-race2.jpg","width":1200,"height":675},{"@type":"BreadcrumbList","@id":"https:\/\/www.24gliwice.pl\/wiadomosci\/specjalna-edycja-wrak-race-silesia-na-gieldzie-samochodowej-beda-licytacje-na-rzecz-wosp\/#breadcrumb","itemListElement":[{"@type":"ListItem","position":1,"name":"Strona g\u0142\u00f3wna","item":"https:\/\/www.24gliwice.pl\/wiadomosci\/"},{"@type":"ListItem","position":2,"name":"Specjalna edycja Wrak Race Silesia na Gie\u0142dzie Samochodowej. B\u0119d\u0105 licytacje na rzecz WO\u015aP"}]},{"@type":"WebSite","@id":"https:\/\/www.24gliwice.pl\/wiadomosci\/#website","url":"https:\/\/www.24gliwice.pl\/wiadomosci\/","name":"24GLIWICE - Portal Gliwice | codziennie nowe wiadomo\u015bci","description":"Portal Miejski Gliwice","publisher":{"@id":"https:\/\/www.24gliwice.pl\/wiadomosci\/#organization"},"potentialAction":[{"@type":"SearchAction","target":{"@type":"EntryPoint","urlTemplate":"https:\/\/www.24gliwice.pl\/wiadomosci\/?s={search_term_string}"},"query-input":{"@type":"PropertyValueSpecification","valueRequired":true,"valueName":"search_term_string"}}],"inLanguage":"pl-PL"},{"@type":"Organization","@id":"https:\/\/www.24gliwice.pl\/wiadomosci\/#organization","name":"24gliwice","url":"https:\/\/www.24gliwice.pl\/wiadomosci\/","logo":{"@type":"ImageObject","inLanguage":"pl-PL","@id":"https:\/\/www.24gliwice.pl\/wiadomosci\/#\/schema\/logo\/image\/","url":"https:\/\/www.24gliwice.pl\/wiadomosci\/wp-content\/uploads\/2024\/10\/24gliwice-logo-696.jpg","contentUrl":"https:\/\/www.24gliwice.pl\/wiadomosci\/wp-content\/uploads\/2024\/10\/24gliwice-logo-696.jpg","width":696,"height":696,"caption":"24gliwice"},"image":{"@id":"https:\/\/www.24gliwice.pl\/wiadomosci\/#\/schema\/logo\/image\/"},"sameAs":["https:\/\/www.facebook.com\/24gliwice","https:\/\/x.com\/24gliwice","https:\/\/www.youtube.com\/@24gliwice"]},{"@type":"Person","@id":"https:\/\/www.24gliwice.pl\/wiadomosci\/#\/schema\/person\/e42c650edd7f2fa332be3811fb166b6e","name":"\u017baneta Mrozek-Siewierska","image":{"@type":"ImageObject","inLanguage":"pl-PL","@id":"https:\/\/www.24gliwice.pl\/wiadomosci\/wp-content\/uploads\/2021\/11\/Zaneta-M_S-zdjecie-czb-96x96.jpg","url":"https:\/\/www.24gliwice.pl\/wiadomosci\/wp-content\/uploads\/2021\/11\/Zaneta-M_S-zdjecie-czb-96x96.jpg","contentUrl":"https:\/\/www.24gliwice.pl\/wiadomosci\/wp-content\/uploads\/2021\/11\/Zaneta-M_S-zdjecie-czb-96x96.jpg","caption":"\u017baneta Mrozek-Siewierska"},"url":"https:\/\/www.24gliwice.pl\/wiadomosci\/author\/zms\/"}]}},"_links":{"self":[{"href":"https:\/\/www.24gliwice.pl\/wiadomosci\/wp-json\/wp\/v2\/posts\/185177","targetHints":{"allow":["GET"]}}],"collection":[{"href":"https:\/\/www.24gliwice.pl\/wiadomosci\/wp-json\/wp\/v2\/posts"}],"about":[{"href":"https:\/\/www.24gliwice.pl\/wiadomosci\/wp-json\/wp\/v2\/types\/post"}],"author":[{"embeddable":true,"href":"https:\/\/www.24gliwice.pl\/wiadomosci\/wp-json\/wp\/v2\/users\/15"}],"replies":[{"embeddable":true,"href":"https:\/\/www.24gliwice.pl\/wiadomosci\/wp-json\/wp\/v2\/comments?post=185177"}],"version-history":[{"count":7,"href":"https:\/\/www.24gliwice.pl\/wiadomosci\/wp-json\/wp\/v2\/posts\/185177\/revisions"}],"predecessor-version":[{"id":185211,"href":"https:\/\/www.24gliwice.pl\/wiadomosci\/wp-json\/wp\/v2\/posts\/185177\/revisions\/185211"}],"wp:featuredmedia":[{"embeddable":true,"href":"https:\/\/www.24gliwice.pl\/wiadomosci\/wp-json\/wp\/v2\/media\/98761"}],"wp:attachment":[{"href":"https:\/\/www.24gliwice.pl\/wiadomosci\/wp-json\/wp\/v2\/media?parent=185177"}],"wp:term":[{"taxonomy":"category","embeddable":true,"href":"https:\/\/www.24gliwice.pl\/wiadomosci\/wp-json\/wp\/v2\/categories?post=185177"},{"taxonomy":"post_tag","embeddable":true,"href":"https:\/\/www.24gliwice.pl\/wiadomosci\/wp-json\/wp\/v2\/tags?post=185177"}],"curies":[{"name":"wp","href":"https:\/\/api.w.org\/{rel}","templated":true}]}}