{"id":185243,"date":"2022-01-27T14:25:48","date_gmt":"2022-01-27T13:25:48","guid":{"rendered":"https:\/\/www.24gliwice.pl\/wiadomosci\/?p=185243"},"modified":"2022-01-27T14:25:48","modified_gmt":"2022-01-27T13:25:48","slug":"nie-truj-piec-nie-smietnik","status":"publish","type":"post","link":"https:\/\/www.24gliwice.pl\/wiadomosci\/nie-truj-piec-nie-smietnik\/","title":{"rendered":"Nie truj! Piec nie \u015bmietnik!"},"content":{"rendered":"<h3>Kiedy skoki temperatur i dymy z komin\u00f3w co rusz przypominaj\u0105, \u017ce zima i niska emisja w pe\u0142ni, Stra\u017c Miejska nie ustaje w kontrolach palenisk ogrzewaj\u0105cych domy, siedziby instytucji i lokale wykorzystywane pod dzia\u0142alno\u015b\u0107 gospodarcz\u0105. Za niezgodne z przepisami spalanie odpad\u00f3w w piecach nak\u0142adane s\u0105 nawet 500-z\u0142otowe mandaty lub wystawiany jest wniosek do s\u0105du, gdzie grzywna mo\u017ce si\u0119gn\u0105\u0107 5 tys. z\u0142.<\/h3>\n<p>&nbsp;<br \/>\nW 2021 roku stra\u017cnicy korzystali te\u017c z fachowej wiedzy specjalistycznego laboratorium, do kt\u00f3rego wysy\u0142ano pr\u00f3bki pobranych popio\u0142\u00f3w. Wyniki 5 z 10 przebadanych pr\u00f3bek potwierdzi\u0142y, \u017ce bezmy\u015blnie palone jest dos\u0142ownie wszystko, co popadnie \u2013 ekspertyzy ujawni\u0142y \u015blady kolorowych czasopism, aluminiowej folii i\u2026 metalowych element\u00f3w (prawdopodobnie z rozebranych mebli).<\/p>\n<p>Nasuwa si\u0119 pytanie, dlaczego? Dlaczego w dobie wci\u0105\u017c rosn\u0105cej \u015bwiadomo\u015bci ekologicznej, zaawansowanej segregacji \u015bmieci, dzia\u0142alno\u015bci Punktu Selektywnego Zbierania Odpad\u00f3w Komunalnych, gdzie mo\u017cna odda\u0107 cz\u0119\u015b\u0107 odpad\u00f3w nadal spalamy je w domowym piecu, truj\u0105c jednocze\u015bnie siebie i innych? Onkolodzy od lat podkre\u015blaj\u0105 silny zwi\u0105zek mi\u0119dzy smogiem i emisj\u0105 zanieczyszcze\u0144 z tzw. niskich komin\u00f3w a zapadalno\u015bci\u0105 na nowotwory \u2013 tak\u017ce u dzieci. Na \u015al\u0105sku takie badania wykona\u0142a dr Katarzyna Musio\u0142 (pediatra, onkolog, hematolog dzieci\u0119cy), analizuj\u0105c historie 500 ma\u0142ych pacjent\u00f3w leczonych onkologicznie, na przestrzeni 15 lat, w klinice pediatrii w Katowicach, z powodu nowotwor\u00f3w m\u00f3zgu. Docieka\u0142a, dlaczego najcz\u0119\u015bciej choruj\u0105 na nie dzieci z okolic Rybnika, a tak\u017ce Raciborza i Jastrz\u0119bia. Przeprowadzaj\u0105c wraz ze studentami analiz\u0119 statystyczn\u0105 danych pozyskanych ze stacji pomiarowych WFO\u015aiGW, wykaza\u0142a silny zwi\u0105zek przyczynowo-skutkowy pomi\u0119dzy wysokimi st\u0119\u017ceniami py\u0142\u00f3w o \u015brednicy 2,5 i 10 mikrometr\u00f3w w powietrzu w tych miastach a wska\u017anikiem zachorowalno\u015bci najm\u0142odszych na nowotwory m\u00f3zgu.<\/p>\n<h4>Argumenty \u2013 nawet tak silne \u2013 nie dla wszystkich okazuj\u0105 si\u0119 wystarczaj\u0105ce, a ludzka wyobra\u017ania w kontek\u015bcie spalania odpad\u00f3w wci\u0105\u017c wydaje si\u0119 nie mie\u0107 granic.<\/h4>\n<p><big>Dlatego wsp\u00f3lnie ze Stra\u017c\u0105 Miejsk\u0105 i Wydzia\u0142em \u015arodowiska Urz\u0119du Miejskiego w Gliwicach przypominamy najwa\u017cniejsze zasady dotycz\u0105ce tego, co wolno, a czego nie wolno spala\u0107 w piecach lub kot\u0142ach domowego u\u017cytku. Stawk\u0105 jest nasze zdrowie!<\/big><br \/>\n&nbsp;<\/p>\n<ol>\n<li><strong>Dane urz\u0105dzenie grzewcze mo\u017cna opala\u0107 wy\u0142\u0105cznie takimi paliwami, dla kt\u00f3rych zosta\u0142o ono zaprojektowane i przystosowane!<\/strong>\u00a0Zakres dopuszczalnych paliw precyzuje instrukcja eksploatacji urz\u0105dzenia (tzw. DTR). Dodatkowe przepisy wynikaj\u0105ce z obowi\u0105zuj\u0105cego prawa \u2013 np. \u015bl\u0105ska uchwa\u0142a antysmogowa lub miejscowe plany zagospodarowania przestrzennego \u2013 mog\u0105 taki zakres jeszcze ogranicza\u0107.<\/li>\n<li><strong>W piecu lub kotle na paliwa sta\u0142e<\/strong>\u00a0<strong>MO\u017bNA PALI\u0106<\/strong>:<\/li>\n<\/ol>\n<ul>\n<li>w\u0119glem typu groszek, orzech, kostka i koksem opa\u0142owym (w tym zakresie w miastach planowane s\u0105 jednak dalsze zaostrzenia do 2030 roku zgodnie z dokumentem \u201ePolityka energetyczna Polski do 2040 r.\u201d);<\/li>\n<li>drewnem nieprzetworzonym i nieimpregnowanym, o wilgotno\u015bci poni\u017cej 20%;<\/li>\n<li>niezadrukowanym czystym papierem, czyst\u0105 i niezadrukowan\u0105 tektur\u0105 oraz kartonami \u201ewytworzonymi\u201d we w\u0142asnym gospodarstwie (Wa\u017cne! Spaliny powsta\u0142e po spaleniu zadrukowanego farb\u0105 papieru czy tektury mog\u0105 zawiera\u0107 bardzo szkodliwe zwi\u0105zki chemiczne!);<\/li>\n<li>pelletem, brykietami, trocinami, wi\u00f3rami drzewnymi;<\/li>\n<li>brykietami ze s\u0142omy, biomas\u0105 (such\u0105) wytworzon\u0105 we w\u0142asnym gospodarstwie.<\/li>\n<\/ul>\n<ol>\n<li value=\"3\"><strong>W piecu lub kotle na paliwa sta\u0142e<\/strong>\u00a0<strong>NIE WOLNO PALI\u0106<\/strong>\u00a0<strong>m.in.<\/strong>:<\/li>\n<\/ol>\n<ul>\n<li>kolorowymi czasopismami;<\/li>\n<li>plastikowymi pojemnikami, butelkami po napojach, kartonami po sokach;<\/li>\n<li>plastikowymi torbami z polietylenu;<\/li>\n<li>zu\u017cytymi oponami;<\/li>\n<li>innymi odpadami z gumy;<\/li>\n<li>przedmiotami z tworzyw sztucznych;<\/li>\n<li>lakierowanymi elementami drewnianymi;<\/li>\n<li>meblami pokrytymi lakierem;<\/li>\n<li>opakowaniami po rozpuszczalnikach czy \u015brodkach ochrony ro\u015blin;<\/li>\n<li>opakowaniami po farbach i lakierach;<\/li>\n<li>pozosta\u0142o\u015bciami farb i lakier\u00f3w;<\/li>\n<li>papierem bielonym zwi\u0105zkami chloru z nadrukiem farb kolorowych;<\/li>\n<li>p\u0142ytami wi\u00f3rowymi, pa\u017adzierzowymi, panelami pod\u0142ogowymi, klepkami parkietowymi;<\/li>\n<li>drewnem nieprzetworzonym i nieimpregnowanym, o wilgotno\u015bci powy\u017cej 20% (niesezonowanym);<\/li>\n<li>mu\u0142em w\u0119glowym i flotokoncentratem;<\/li>\n<li>mia\u0142em;<\/li>\n<li>w\u0119glem brunatnym.<\/li>\n<\/ul>\n<ol>\n<li value=\"4\"><strong>Nie wolno spala\u0107 odpad\u00f3w w kotle centralnego ogrzewania, w piecu lub kominku!<\/strong><\/li>\n<\/ol>\n<p><strong>Je\u015bli nie wiesz (lub masz w\u0105tpliwo\u015bci), gdzie \u2013 zamiast do pieca \u2013 powinien trafi\u0107 dany odpad, skorzystaj z wyszukiwarki na stronie\u00a0<a href=\"http:\/\/segreguj.gliwice.eu\/\" target=\"_blank\" rel=\"noopener\"><u>segreguj.gliwice.eu<\/u><\/a>.<\/strong>\u00a0Znajdziesz tam te\u017c zasady segregacji odpad\u00f3w, harmonogramy wywozu \u015bmieci oraz sekcj\u0119 najcz\u0119\u015bciej zadawanych pyta\u0144 i odpowiedzi.<\/p>\n<h4>Masz odpady, kt\u00f3re absolutnie nie powinny trafi\u0107 do \u015bmietnika lub nie mieszcz\u0105 si\u0119 do kontener\u00f3w czy work\u00f3w? Skorzystaj z bezp\u0142atnych us\u0142ug PSZOK-u!<\/h4>\n<p>&nbsp;<br \/>\nPunkt Selektywnego Zbierania Odpad\u00f3w Komunalnych dzia\u0142a przy ul. Rybnickiej 199B i jest prowadzony przez miejsk\u0105 sp\u00f3\u0142k\u0119 \u2013 Przedsi\u0119biorstwo Zagospodarowania Odpad\u00f3w. Codziennie (<strong>od poniedzia\u0142ku do pi\u0105tku w godz. od 8.00 do 18.00 i w soboty od 8.00 do 14.00<\/strong>) przyje\u017cd\u017ca tam nawet 150 samochod\u00f3w, by odda\u0107 r\u00f3\u017cne typy odpad\u00f3w, m.in.:<\/p>\n<ul>\n<li>bioodpady (np. trawa, li\u015bcie, ga\u0142\u0119zie, korzenie);<\/li>\n<li>opony (4 sztuki rocznie na jednego mieszka\u0144ca, w rozmiarze do 20&#8243;);<\/li>\n<li>odpady budowlano-rozbi\u00f3rkowe (w tym gruz, papa, we\u0142na mineralna, styropian, folia);<\/li>\n<li>odpady wielkogabarytowe (w tym meble, okna, materace, dywany, grzejniki, wanny);<\/li>\n<li>chemikalia (w tym rozpuszczalniki i \u015brodki ochrony ro\u015blin, farby, tusze, kleje, detergenty, filtry olejowe, opakowania po dezodorantach i lakierach i innych aerozolach);<\/li>\n<li>elektro\u015bmieci (w tym sprz\u0119t elektroniczny i elektryczny, baterie i akumulatory);<\/li>\n<li>papier;<\/li>\n<li>tworzywa sztuczne;<\/li>\n<li>szk\u0142o;<\/li>\n<li>metale;<\/li>\n<li>odzie\u017c i tekstylia;<\/li>\n<li>przeterminowane leki, ig\u0142y i strzykawki.<\/li>\n<\/ul>\n<p>W PSZOK dzia\u0142a tak\u017ce punkt Drugie \u017bycie Rzeczy, w kt\u00f3rym pozostawi\u0107 mo\u017cna niepotrzebne przedmioty codziennego u\u017cytku \u2013 do wykorzystania przez inne osoby. Wi\u0119cej informacji o PSZOK-u mo\u017cna znale\u017a\u0107 na stronie internetowej\u00a0<u><a href=\"https:\/\/pzogliwice.pl\/mieszkancy\/pszok\/\" target=\"_blank\" rel=\"noopener\">pzogliwice.pl<\/a><\/u>.<\/p>\n<hr \/>\n<p><small><em>(publikacja na zlecenie Urz\u0119du Miejskiego w Gliwicach)<\/em><\/small><\/p>\n","protected":false},"excerpt":{"rendered":"<p>Kiedy skoki temperatur i dymy z komin\u00f3w co rusz przypominaj\u0105, \u017ce zima i niska emisja w pe\u0142ni, Stra\u017c Miejska nie ustaje w kontrolach palenisk ogrzewaj\u0105cych domy, siedziby instytucji i lokale wykorzystywane pod dzia\u0142alno\u015b\u0107 gospodarcz\u0105. Za niezgodne z przepisami spalanie odpad\u00f3w w piecach nak\u0142adane s\u0105 nawet 500-z\u0142otowe mandaty lub wystawiany jest wniosek do s\u0105du, gdzie grzywna [&hellip;]<\/p>\n","protected":false},"author":4,"featured_media":185246,"comment_status":"closed","ping_status":"closed","sticky":false,"template":"","format":"standard","meta":{"_monsterinsights_skip_tracking":false,"_monsterinsights_sitenote_active":false,"_monsterinsights_sitenote_note":"","_monsterinsights_sitenote_category":0,"footnotes":"","_links_to":"","_links_to_target":""},"categories":[3,1,1129,8],"tags":[10874],"class_list":["post-185243","post","type-post","status-publish","format-standard","has-post-thumbnail","hentry","category-gliwice","category-wszystko","category-polecamy","category-samorzad_polityka","tag-piec"],"yoast_head":"<!-- This site is optimized with the Yoast SEO plugin v27.5 - https:\/\/yoast.com\/product\/yoast-seo-wordpress\/ -->\n<title>Nie truj! Piec nie \u015bmietnik! - 24GLIWICE - Portal Gliwice | codziennie nowe informacje<\/title>\n<meta name=\"robots\" content=\"index, follow, max-snippet:-1, max-image-preview:large, max-video-preview:-1\" \/>\n<link rel=\"canonical\" href=\"https:\/\/www.24gliwice.pl\/wiadomosci\/nie-truj-piec-nie-smietnik\/\" \/>\n<meta property=\"og:locale\" content=\"pl_PL\" \/>\n<meta property=\"og:type\" content=\"article\" \/>\n<meta property=\"og:title\" content=\"Nie truj! Piec nie \u015bmietnik! - 24GLIWICE - Portal Gliwice | codziennie nowe informacje\" \/>\n<meta property=\"og:description\" content=\"Kiedy skoki temperatur i dymy z komin\u00f3w co rusz przypominaj\u0105, \u017ce zima i niska emisja w pe\u0142ni, Stra\u017c Miejska nie ustaje w kontrolach palenisk ogrzewaj\u0105cych domy, siedziby instytucji i lokale wykorzystywane pod dzia\u0142alno\u015b\u0107 gospodarcz\u0105. Za niezgodne z przepisami spalanie odpad\u00f3w w piecach nak\u0142adane s\u0105 nawet 500-z\u0142otowe mandaty lub wystawiany jest wniosek do s\u0105du, gdzie grzywna [&hellip;]\" \/>\n<meta property=\"og:url\" content=\"https:\/\/www.24gliwice.pl\/wiadomosci\/nie-truj-piec-nie-smietnik\/\" \/>\n<meta property=\"og:site_name\" content=\"24GLIWICE - Portal Gliwice | codziennie nowe informacje\" \/>\n<meta property=\"article:publisher\" content=\"https:\/\/www.facebook.com\/24gliwice\" \/>\n<meta property=\"article:author\" content=\"https:\/\/www.facebook.com\/marcin.fabrykowski\" \/>\n<meta property=\"article:published_time\" content=\"2022-01-27T13:25:48+00:00\" \/>\n<meta property=\"og:image\" content=\"https:\/\/www.24gliwice.pl\/wiadomosci\/wp-content\/uploads\/2022\/01\/fot__G__Kogutdji_UMGliwice.jpg\" \/>\n\t<meta property=\"og:image:width\" content=\"1140\" \/>\n\t<meta property=\"og:image:height\" content=\"642\" \/>\n\t<meta property=\"og:image:type\" content=\"image\/jpeg\" \/>\n<meta name=\"author\" content=\"Marcin Fabrykowski\" \/>\n<meta name=\"twitter:card\" content=\"summary_large_image\" \/>\n<meta name=\"twitter:creator\" content=\"@24gliwice\" \/>\n<meta name=\"twitter:site\" content=\"@24gliwice\" \/>\n<meta name=\"twitter:label1\" content=\"Napisane przez\" \/>\n\t<meta name=\"twitter:data1\" content=\"Marcin Fabrykowski\" \/>\n\t<meta name=\"twitter:label2\" content=\"Szacowany czas czytania\" \/>\n\t<meta name=\"twitter:data2\" content=\"5 minut\" \/>\n<script type=\"application\/ld+json\" class=\"yoast-schema-graph\">{\"@context\":\"https:\\\/\\\/schema.org\",\"@graph\":[{\"@type\":\"Article\",\"@id\":\"https:\\\/\\\/www.24gliwice.pl\\\/wiadomosci\\\/nie-truj-piec-nie-smietnik\\\/#article\",\"isPartOf\":{\"@id\":\"https:\\\/\\\/www.24gliwice.pl\\\/wiadomosci\\\/nie-truj-piec-nie-smietnik\\\/\"},\"author\":{\"name\":\"Marcin Fabrykowski\",\"@id\":\"https:\\\/\\\/www.24gliwice.pl\\\/wiadomosci\\\/#\\\/schema\\\/person\\\/cb5857e4a4d048c15984c1edcc8ef0c0\"},\"headline\":\"Nie truj! Piec nie \u015bmietnik!\",\"datePublished\":\"2022-01-27T13:25:48+00:00\",\"mainEntityOfPage\":{\"@id\":\"https:\\\/\\\/www.24gliwice.pl\\\/wiadomosci\\\/nie-truj-piec-nie-smietnik\\\/\"},\"wordCount\":913,\"publisher\":{\"@id\":\"https:\\\/\\\/www.24gliwice.pl\\\/wiadomosci\\\/#organization\"},\"image\":{\"@id\":\"https:\\\/\\\/www.24gliwice.pl\\\/wiadomosci\\\/nie-truj-piec-nie-smietnik\\\/#primaryimage\"},\"thumbnailUrl\":\"https:\\\/\\\/www.24gliwice.pl\\\/wiadomosci\\\/wp-content\\\/uploads\\\/2022\\\/01\\\/fot__G__Kogutdji_UMGliwice.jpg\",\"keywords\":[\"piec\"],\"articleSection\":[\"Gliwice\",\"Najnowsze wiadomo\u015bci\",\"Polecamy\",\"Samorz\u0105d, polityka\"],\"inLanguage\":\"pl-PL\"},{\"@type\":\"WebPage\",\"@id\":\"https:\\\/\\\/www.24gliwice.pl\\\/wiadomosci\\\/nie-truj-piec-nie-smietnik\\\/\",\"url\":\"https:\\\/\\\/www.24gliwice.pl\\\/wiadomosci\\\/nie-truj-piec-nie-smietnik\\\/\",\"name\":\"Nie truj! Piec nie \u015bmietnik! - 24GLIWICE - Portal Gliwice | codziennie nowe informacje\",\"isPartOf\":{\"@id\":\"https:\\\/\\\/www.24gliwice.pl\\\/wiadomosci\\\/#website\"},\"primaryImageOfPage\":{\"@id\":\"https:\\\/\\\/www.24gliwice.pl\\\/wiadomosci\\\/nie-truj-piec-nie-smietnik\\\/#primaryimage\"},\"image\":{\"@id\":\"https:\\\/\\\/www.24gliwice.pl\\\/wiadomosci\\\/nie-truj-piec-nie-smietnik\\\/#primaryimage\"},\"thumbnailUrl\":\"https:\\\/\\\/www.24gliwice.pl\\\/wiadomosci\\\/wp-content\\\/uploads\\\/2022\\\/01\\\/fot__G__Kogutdji_UMGliwice.jpg\",\"datePublished\":\"2022-01-27T13:25:48+00:00\",\"breadcrumb\":{\"@id\":\"https:\\\/\\\/www.24gliwice.pl\\\/wiadomosci\\\/nie-truj-piec-nie-smietnik\\\/#breadcrumb\"},\"inLanguage\":\"pl-PL\",\"potentialAction\":[{\"@type\":\"ReadAction\",\"target\":[\"https:\\\/\\\/www.24gliwice.pl\\\/wiadomosci\\\/nie-truj-piec-nie-smietnik\\\/\"]}]},{\"@type\":\"ImageObject\",\"inLanguage\":\"pl-PL\",\"@id\":\"https:\\\/\\\/www.24gliwice.pl\\\/wiadomosci\\\/nie-truj-piec-nie-smietnik\\\/#primaryimage\",\"url\":\"https:\\\/\\\/www.24gliwice.pl\\\/wiadomosci\\\/wp-content\\\/uploads\\\/2022\\\/01\\\/fot__G__Kogutdji_UMGliwice.jpg\",\"contentUrl\":\"https:\\\/\\\/www.24gliwice.pl\\\/wiadomosci\\\/wp-content\\\/uploads\\\/2022\\\/01\\\/fot__G__Kogutdji_UMGliwice.jpg\",\"width\":1140,\"height\":642,\"caption\":\"fot. G. Kogut\\\/UM Gliwice\"},{\"@type\":\"BreadcrumbList\",\"@id\":\"https:\\\/\\\/www.24gliwice.pl\\\/wiadomosci\\\/nie-truj-piec-nie-smietnik\\\/#breadcrumb\",\"itemListElement\":[{\"@type\":\"ListItem\",\"position\":1,\"name\":\"Strona g\u0142\u00f3wna\",\"item\":\"https:\\\/\\\/www.24gliwice.pl\\\/wiadomosci\\\/\"},{\"@type\":\"ListItem\",\"position\":2,\"name\":\"Nie truj! Piec nie \u015bmietnik!\"}]},{\"@type\":\"WebSite\",\"@id\":\"https:\\\/\\\/www.24gliwice.pl\\\/wiadomosci\\\/#website\",\"url\":\"https:\\\/\\\/www.24gliwice.pl\\\/wiadomosci\\\/\",\"name\":\"24GLIWICE - Portal Gliwice | codziennie nowe wiadomo\u015bci\",\"description\":\"Portal Miejski Gliwice\",\"publisher\":{\"@id\":\"https:\\\/\\\/www.24gliwice.pl\\\/wiadomosci\\\/#organization\"},\"potentialAction\":[{\"@type\":\"SearchAction\",\"target\":{\"@type\":\"EntryPoint\",\"urlTemplate\":\"https:\\\/\\\/www.24gliwice.pl\\\/wiadomosci\\\/?s={search_term_string}\"},\"query-input\":{\"@type\":\"PropertyValueSpecification\",\"valueRequired\":true,\"valueName\":\"search_term_string\"}}],\"inLanguage\":\"pl-PL\"},{\"@type\":\"Organization\",\"@id\":\"https:\\\/\\\/www.24gliwice.pl\\\/wiadomosci\\\/#organization\",\"name\":\"24gliwice\",\"url\":\"https:\\\/\\\/www.24gliwice.pl\\\/wiadomosci\\\/\",\"logo\":{\"@type\":\"ImageObject\",\"inLanguage\":\"pl-PL\",\"@id\":\"https:\\\/\\\/www.24gliwice.pl\\\/wiadomosci\\\/#\\\/schema\\\/logo\\\/image\\\/\",\"url\":\"https:\\\/\\\/www.24gliwice.pl\\\/wiadomosci\\\/wp-content\\\/uploads\\\/2024\\\/10\\\/24gliwice-logo-696.jpg\",\"contentUrl\":\"https:\\\/\\\/www.24gliwice.pl\\\/wiadomosci\\\/wp-content\\\/uploads\\\/2024\\\/10\\\/24gliwice-logo-696.jpg\",\"width\":696,\"height\":696,\"caption\":\"24gliwice\"},\"image\":{\"@id\":\"https:\\\/\\\/www.24gliwice.pl\\\/wiadomosci\\\/#\\\/schema\\\/logo\\\/image\\\/\"},\"sameAs\":[\"https:\\\/\\\/www.facebook.com\\\/24gliwice\",\"https:\\\/\\\/x.com\\\/24gliwice\",\"https:\\\/\\\/www.youtube.com\\\/@24gliwice\"]},{\"@type\":\"Person\",\"@id\":\"https:\\\/\\\/www.24gliwice.pl\\\/wiadomosci\\\/#\\\/schema\\\/person\\\/cb5857e4a4d048c15984c1edcc8ef0c0\",\"name\":\"Marcin Fabrykowski\",\"image\":{\"@type\":\"ImageObject\",\"inLanguage\":\"pl-PL\",\"@id\":\"https:\\\/\\\/www.24gliwice.pl\\\/wiadomosci\\\/wp-content\\\/uploads\\\/2025\\\/11\\\/zdjecie-moje-marcin-300-96x96.jpg\",\"url\":\"https:\\\/\\\/www.24gliwice.pl\\\/wiadomosci\\\/wp-content\\\/uploads\\\/2025\\\/11\\\/zdjecie-moje-marcin-300-96x96.jpg\",\"contentUrl\":\"https:\\\/\\\/www.24gliwice.pl\\\/wiadomosci\\\/wp-content\\\/uploads\\\/2025\\\/11\\\/zdjecie-moje-marcin-300-96x96.jpg\",\"caption\":\"Marcin Fabrykowski\"},\"sameAs\":[\"http:\\\/\\\/24gliwice.pl\",\"https:\\\/\\\/www.facebook.com\\\/marcin.fabrykowski\"],\"url\":\"https:\\\/\\\/www.24gliwice.pl\\\/wiadomosci\\\/author\\\/marcin-fabrykowski\\\/\"}]}<\/script>\n<!-- \/ Yoast SEO plugin. -->","yoast_head_json":{"title":"Nie truj! Piec nie \u015bmietnik! - 24GLIWICE - Portal Gliwice | codziennie nowe informacje","robots":{"index":"index","follow":"follow","max-snippet":"max-snippet:-1","max-image-preview":"max-image-preview:large","max-video-preview":"max-video-preview:-1"},"canonical":"https:\/\/www.24gliwice.pl\/wiadomosci\/nie-truj-piec-nie-smietnik\/","og_locale":"pl_PL","og_type":"article","og_title":"Nie truj! Piec nie \u015bmietnik! - 24GLIWICE - Portal Gliwice | codziennie nowe informacje","og_description":"Kiedy skoki temperatur i dymy z komin\u00f3w co rusz przypominaj\u0105, \u017ce zima i niska emisja w pe\u0142ni, Stra\u017c Miejska nie ustaje w kontrolach palenisk ogrzewaj\u0105cych domy, siedziby instytucji i lokale wykorzystywane pod dzia\u0142alno\u015b\u0107 gospodarcz\u0105. Za niezgodne z przepisami spalanie odpad\u00f3w w piecach nak\u0142adane s\u0105 nawet 500-z\u0142otowe mandaty lub wystawiany jest wniosek do s\u0105du, gdzie grzywna [&hellip;]","og_url":"https:\/\/www.24gliwice.pl\/wiadomosci\/nie-truj-piec-nie-smietnik\/","og_site_name":"24GLIWICE - Portal Gliwice | codziennie nowe informacje","article_publisher":"https:\/\/www.facebook.com\/24gliwice","article_author":"https:\/\/www.facebook.com\/marcin.fabrykowski","article_published_time":"2022-01-27T13:25:48+00:00","og_image":[{"width":1140,"height":642,"url":"https:\/\/www.24gliwice.pl\/wiadomosci\/wp-content\/uploads\/2022\/01\/fot__G__Kogutdji_UMGliwice.jpg","type":"image\/jpeg"}],"author":"Marcin Fabrykowski","twitter_card":"summary_large_image","twitter_creator":"@24gliwice","twitter_site":"@24gliwice","twitter_misc":{"Napisane przez":"Marcin Fabrykowski","Szacowany czas czytania":"5 minut"},"schema":{"@context":"https:\/\/schema.org","@graph":[{"@type":"Article","@id":"https:\/\/www.24gliwice.pl\/wiadomosci\/nie-truj-piec-nie-smietnik\/#article","isPartOf":{"@id":"https:\/\/www.24gliwice.pl\/wiadomosci\/nie-truj-piec-nie-smietnik\/"},"author":{"name":"Marcin Fabrykowski","@id":"https:\/\/www.24gliwice.pl\/wiadomosci\/#\/schema\/person\/cb5857e4a4d048c15984c1edcc8ef0c0"},"headline":"Nie truj! Piec nie \u015bmietnik!","datePublished":"2022-01-27T13:25:48+00:00","mainEntityOfPage":{"@id":"https:\/\/www.24gliwice.pl\/wiadomosci\/nie-truj-piec-nie-smietnik\/"},"wordCount":913,"publisher":{"@id":"https:\/\/www.24gliwice.pl\/wiadomosci\/#organization"},"image":{"@id":"https:\/\/www.24gliwice.pl\/wiadomosci\/nie-truj-piec-nie-smietnik\/#primaryimage"},"thumbnailUrl":"https:\/\/www.24gliwice.pl\/wiadomosci\/wp-content\/uploads\/2022\/01\/fot__G__Kogutdji_UMGliwice.jpg","keywords":["piec"],"articleSection":["Gliwice","Najnowsze wiadomo\u015bci","Polecamy","Samorz\u0105d, polityka"],"inLanguage":"pl-PL"},{"@type":"WebPage","@id":"https:\/\/www.24gliwice.pl\/wiadomosci\/nie-truj-piec-nie-smietnik\/","url":"https:\/\/www.24gliwice.pl\/wiadomosci\/nie-truj-piec-nie-smietnik\/","name":"Nie truj! Piec nie \u015bmietnik! - 24GLIWICE - Portal Gliwice | codziennie nowe informacje","isPartOf":{"@id":"https:\/\/www.24gliwice.pl\/wiadomosci\/#website"},"primaryImageOfPage":{"@id":"https:\/\/www.24gliwice.pl\/wiadomosci\/nie-truj-piec-nie-smietnik\/#primaryimage"},"image":{"@id":"https:\/\/www.24gliwice.pl\/wiadomosci\/nie-truj-piec-nie-smietnik\/#primaryimage"},"thumbnailUrl":"https:\/\/www.24gliwice.pl\/wiadomosci\/wp-content\/uploads\/2022\/01\/fot__G__Kogutdji_UMGliwice.jpg","datePublished":"2022-01-27T13:25:48+00:00","breadcrumb":{"@id":"https:\/\/www.24gliwice.pl\/wiadomosci\/nie-truj-piec-nie-smietnik\/#breadcrumb"},"inLanguage":"pl-PL","potentialAction":[{"@type":"ReadAction","target":["https:\/\/www.24gliwice.pl\/wiadomosci\/nie-truj-piec-nie-smietnik\/"]}]},{"@type":"ImageObject","inLanguage":"pl-PL","@id":"https:\/\/www.24gliwice.pl\/wiadomosci\/nie-truj-piec-nie-smietnik\/#primaryimage","url":"https:\/\/www.24gliwice.pl\/wiadomosci\/wp-content\/uploads\/2022\/01\/fot__G__Kogutdji_UMGliwice.jpg","contentUrl":"https:\/\/www.24gliwice.pl\/wiadomosci\/wp-content\/uploads\/2022\/01\/fot__G__Kogutdji_UMGliwice.jpg","width":1140,"height":642,"caption":"fot. G. Kogut\/UM Gliwice"},{"@type":"BreadcrumbList","@id":"https:\/\/www.24gliwice.pl\/wiadomosci\/nie-truj-piec-nie-smietnik\/#breadcrumb","itemListElement":[{"@type":"ListItem","position":1,"name":"Strona g\u0142\u00f3wna","item":"https:\/\/www.24gliwice.pl\/wiadomosci\/"},{"@type":"ListItem","position":2,"name":"Nie truj! Piec nie \u015bmietnik!"}]},{"@type":"WebSite","@id":"https:\/\/www.24gliwice.pl\/wiadomosci\/#website","url":"https:\/\/www.24gliwice.pl\/wiadomosci\/","name":"24GLIWICE - Portal Gliwice | codziennie nowe wiadomo\u015bci","description":"Portal Miejski Gliwice","publisher":{"@id":"https:\/\/www.24gliwice.pl\/wiadomosci\/#organization"},"potentialAction":[{"@type":"SearchAction","target":{"@type":"EntryPoint","urlTemplate":"https:\/\/www.24gliwice.pl\/wiadomosci\/?s={search_term_string}"},"query-input":{"@type":"PropertyValueSpecification","valueRequired":true,"valueName":"search_term_string"}}],"inLanguage":"pl-PL"},{"@type":"Organization","@id":"https:\/\/www.24gliwice.pl\/wiadomosci\/#organization","name":"24gliwice","url":"https:\/\/www.24gliwice.pl\/wiadomosci\/","logo":{"@type":"ImageObject","inLanguage":"pl-PL","@id":"https:\/\/www.24gliwice.pl\/wiadomosci\/#\/schema\/logo\/image\/","url":"https:\/\/www.24gliwice.pl\/wiadomosci\/wp-content\/uploads\/2024\/10\/24gliwice-logo-696.jpg","contentUrl":"https:\/\/www.24gliwice.pl\/wiadomosci\/wp-content\/uploads\/2024\/10\/24gliwice-logo-696.jpg","width":696,"height":696,"caption":"24gliwice"},"image":{"@id":"https:\/\/www.24gliwice.pl\/wiadomosci\/#\/schema\/logo\/image\/"},"sameAs":["https:\/\/www.facebook.com\/24gliwice","https:\/\/x.com\/24gliwice","https:\/\/www.youtube.com\/@24gliwice"]},{"@type":"Person","@id":"https:\/\/www.24gliwice.pl\/wiadomosci\/#\/schema\/person\/cb5857e4a4d048c15984c1edcc8ef0c0","name":"Marcin Fabrykowski","image":{"@type":"ImageObject","inLanguage":"pl-PL","@id":"https:\/\/www.24gliwice.pl\/wiadomosci\/wp-content\/uploads\/2025\/11\/zdjecie-moje-marcin-300-96x96.jpg","url":"https:\/\/www.24gliwice.pl\/wiadomosci\/wp-content\/uploads\/2025\/11\/zdjecie-moje-marcin-300-96x96.jpg","contentUrl":"https:\/\/www.24gliwice.pl\/wiadomosci\/wp-content\/uploads\/2025\/11\/zdjecie-moje-marcin-300-96x96.jpg","caption":"Marcin Fabrykowski"},"sameAs":["http:\/\/24gliwice.pl","https:\/\/www.facebook.com\/marcin.fabrykowski"],"url":"https:\/\/www.24gliwice.pl\/wiadomosci\/author\/marcin-fabrykowski\/"}]}},"_links":{"self":[{"href":"https:\/\/www.24gliwice.pl\/wiadomosci\/wp-json\/wp\/v2\/posts\/185243","targetHints":{"allow":["GET"]}}],"collection":[{"href":"https:\/\/www.24gliwice.pl\/wiadomosci\/wp-json\/wp\/v2\/posts"}],"about":[{"href":"https:\/\/www.24gliwice.pl\/wiadomosci\/wp-json\/wp\/v2\/types\/post"}],"author":[{"embeddable":true,"href":"https:\/\/www.24gliwice.pl\/wiadomosci\/wp-json\/wp\/v2\/users\/4"}],"replies":[{"embeddable":true,"href":"https:\/\/www.24gliwice.pl\/wiadomosci\/wp-json\/wp\/v2\/comments?post=185243"}],"version-history":[{"count":0,"href":"https:\/\/www.24gliwice.pl\/wiadomosci\/wp-json\/wp\/v2\/posts\/185243\/revisions"}],"wp:featuredmedia":[{"embeddable":true,"href":"https:\/\/www.24gliwice.pl\/wiadomosci\/wp-json\/wp\/v2\/media\/185246"}],"wp:attachment":[{"href":"https:\/\/www.24gliwice.pl\/wiadomosci\/wp-json\/wp\/v2\/media?parent=185243"}],"wp:term":[{"taxonomy":"category","embeddable":true,"href":"https:\/\/www.24gliwice.pl\/wiadomosci\/wp-json\/wp\/v2\/categories?post=185243"},{"taxonomy":"post_tag","embeddable":true,"href":"https:\/\/www.24gliwice.pl\/wiadomosci\/wp-json\/wp\/v2\/tags?post=185243"}],"curies":[{"name":"wp","href":"https:\/\/api.w.org\/{rel}","templated":true}]}}