{"id":185371,"date":"2022-01-31T01:53:29","date_gmt":"2022-01-31T00:53:29","guid":{"rendered":"https:\/\/www.24gliwice.pl\/wiadomosci\/?p=185371"},"modified":"2022-01-31T01:54:24","modified_gmt":"2022-01-31T00:54:24","slug":"ztm-zawiesza-okolo-20-linii","status":"publish","type":"post","link":"https:\/\/www.24gliwice.pl\/wiadomosci\/ztm-zawiesza-okolo-20-linii\/","title":{"rendered":"Zmiany w komunikacji miejskiej. ZTM zawiesza oko\u0142o 20 linii"},"content":{"rendered":"<div class=\"gliwi-a6-nad-leadem-artykulow gliwi-entity-placement\" id=\"gliwi-1088056176\"><div class=\"gliwi-adlabel\"><span style=\"font-size: 9px\">REKLAMA<\/span><\/div><div id=\"gliwi-1459986373\" style=\"margin-bottom: 30px;margin-left: auto;margin-right: auto;text-align: center;\"><a data-no-instant=\"1\" href=\"https:\/\/przedszkole.halogen.org.pl\/\" rel=\"noopener\" class=\"a2t-link\" target=\"_blank\" aria-label=\"20260402-ANIMATOR-przedszkole_grafika_750x200\"><img loading=\"lazy\" decoding=\"async\" src=\"https:\/\/www.24gliwice.pl\/wiadomosci\/wp-content\/uploads\/2026\/04\/20260402-ANIMATOR-przedszkole_grafika_750x200.webp\" alt=\"\"  srcset=\"https:\/\/www.24gliwice.pl\/wiadomosci\/wp-content\/uploads\/2026\/04\/20260402-ANIMATOR-przedszkole_grafika_750x200.webp 750w, https:\/\/www.24gliwice.pl\/wiadomosci\/wp-content\/uploads\/2026\/04\/20260402-ANIMATOR-przedszkole_grafika_750x200-410x109.webp 410w\" sizes=\"(max-width: 750px) 100vw, 750px\" class=\"no-lazyload\" width=\"750\" height=\"200\"  style=\"display: inline-block; max-width: 100%; height: auto;\" \/><\/a><\/div><\/div><h2>W poniedzia\u0142ek, 31 stycznia, Zarz\u0105d Transportu Metropolitalnego wprowadza szereg zmian w komunikacji miejskiej. Niekt\u00f3re linie zostan\u0105 zawieszone, na innych obowi\u0105zywa\u0107 b\u0119dzie rozk\u0142ad jazdy dla dni roboczych nieszkolnych.<\/h2>\n<p>&nbsp;<br \/>\nZTM wzi\u0105\u0142 pod uwag\u0119 m.in. liczne zachorowania na COVID, odbywanie przez kierowc\u00f3w kwarantanny, a tak\u017ce zmiany liczby podr\u00f3\u017cnych na poszczeg\u00f3lnych liniach, co wynika m.in. z cz\u0119\u015bciowo zawieszonej przez rz\u0105d nauki stacjonarnej.<\/p>\n<p>Najwa\u017cniejsze zmiany w komunikacji autobusowej to wprowadzenie na ok. 70 liniach rozk\u0142ad\u00f3w jazdy roboczych nieszkolnych oraz zawieszenie ok. 20 linii, kt\u00f3rych g\u0142\u00f3wnym zadaniem jest dow\u00f3z dzieci i m\u0142odzie\u017cy do szk\u00f3\u0142. Zapowiadane przez ZTM zmiany zostan\u0105 wdro\u017cone 31 stycznia.<\/p><div class=\"gliwi-a3-w-tresci-artykulow gliwi-entity-placement\" id=\"gliwi-2050178751\"><div class=\"gliwi-adlabel\"><span style=\"font-size: 9px\">REKLAMA<\/span><\/div><div id=\"gliwi-642078947\" style=\"margin-bottom: 30px;margin-left: auto;margin-right: auto;text-align: center;\"><a data-no-instant=\"1\" href=\"https:\/\/ogrodyandersa.pl\/\" rel=\"noopener\" class=\"a2t-link\" target=\"_blank\" aria-label=\"20260415 Ogrody Andersa KUP TERAZ D\"><img loading=\"lazy\" decoding=\"async\" src=\"https:\/\/www.24gliwice.pl\/wiadomosci\/wp-content\/uploads\/2026\/04\/20260415-Ogrody-Andersa-KUP-TERAZ-D.jpg\" alt=\"\"  srcset=\"https:\/\/www.24gliwice.pl\/wiadomosci\/wp-content\/uploads\/2026\/04\/20260415-Ogrody-Andersa-KUP-TERAZ-D.jpg 750w, https:\/\/www.24gliwice.pl\/wiadomosci\/wp-content\/uploads\/2026\/04\/20260415-Ogrody-Andersa-KUP-TERAZ-D-410x109.jpg 410w\" sizes=\"(max-width: 750px) 100vw, 750px\" class=\"no-lazyload\" width=\"750\" height=\"200\"  style=\"display: inline-block; max-width: 100%; height: auto;\" \/><\/a><\/div><\/div>\n<h4>Organizator transportu apeluje, aby godziny odjazd\u00f3w, w zwi\u0105zku z dynamicznie wprowadzanymi zmianami, sprawdza\u0107 w Internecie przed wyj\u015bciem z domu na przystanek.<\/h4>\n<p>\u2013 Obowi\u0105zywanie tego typu rozk\u0142ad\u00f3w oznacza w wielu przypadkach utrzymanie stosunkowo du\u017cej liczby po\u0142\u0105cze\u0144 w szczytach, tj. do ok. godziny 8 oraz po godzinie 14 oraz zmniejszenie oferty przewozowej w godzinach oko\u0142opo\u0142udniowych i popo\u0142udniowych \u2013 m\u00f3wi <strong>Micha\u0142 Wawrzaszek<\/strong>, rzecznik prasowy Zarz\u0105du Transportu Metropolitalnego.<\/p>\n<p><strong>ZTM jednocze\u015bnie wskazuje, \u017ce w pojazdach komunikacji miejskiej obowi\u0105zuj\u0105 przepisy sanitarne. Chodzi tutaj o noszenie zakrywaj\u0105cych usta i nos maseczek. <\/strong><\/p>\n<p>Warto tak\u017ce przypomnie\u0107, \u017ce od 25 stycznia przewo\u017anicy autobusowi, tramwajowi i trolejbusowi mog\u0105 wprowadza\u0107 w swoich pojazdach tzw. strefy ochronne (wydzielone), co dla pasa\u017cera oznacza brak mo\u017cliwo\u015bci zakupu biletu u kierowcy. W zwi\u0105zku z tym ZTM zach\u0119ca do korzystania z innych kana\u0142\u00f3w sprzeda\u017cy, m.in. z automat\u00f3w biletowych, aplikacji mobilnych, czy te\u017c stacjonarnych punkt\u00f3w sprzeda\u017cy.<\/p>\n<p>Szczeg\u00f3\u0142owe informacje dotycz\u0105ce wprowadzanych zmian dost\u0119pne b\u0119d\u0105 na stronie internetowej <a href=\"https:\/\/rj.metropoliaztm.pl\/news\/\" rel=\"noopener\" target=\"_blank\">https:\/\/rj.metropoliaztm.pl\/news\/<\/a>.<\/p>\n<p>mat. pras. ZTM<br \/>\nfot. 24gliwice.pl<\/p>\n<div class=\"gliwi-a5-na-koncu-artykulow gliwi-entity-placement\" id=\"gliwi-2589089803\"><div class=\"gliwi-adlabel\"><span style=\"font-size: 9px\">REKLAMA<\/span><\/div><div id=\"gliwi-3363056485\" style=\"margin-left: auto;margin-right: auto;text-align: center;\"><a data-no-instant=\"1\" href=\"https:\/\/prezeroarenagliwice.pl\/\" rel=\"noopener\" class=\"a2t-link\" target=\"_blank\" aria-label=\"20260309-PREZERO-WIOSNA-D\"><img loading=\"lazy\" decoding=\"async\" src=\"https:\/\/www.24gliwice.pl\/wiadomosci\/wp-content\/uploads\/2026\/03\/20260309-PREZERO-WIOSNA-D.webp\" alt=\"\"  srcset=\"https:\/\/www.24gliwice.pl\/wiadomosci\/wp-content\/uploads\/2026\/03\/20260309-PREZERO-WIOSNA-D.webp 750w, https:\/\/www.24gliwice.pl\/wiadomosci\/wp-content\/uploads\/2026\/03\/20260309-PREZERO-WIOSNA-D-410x109.webp 410w\" sizes=\"(max-width: 750px) 100vw, 750px\" class=\"no-lazyload\" width=\"750\" height=\"200\"  style=\"display: inline-block; max-width: 100%; height: auto;\" \/><\/a><\/div><\/div>","protected":false},"excerpt":{"rendered":"<p>W poniedzia\u0142ek, 31 stycznia, Zarz\u0105d Transportu Metropolitalnego wprowadza szereg zmian w komunikacji miejskiej. Niekt\u00f3re linie zostan\u0105 zawieszone, na innych obowi\u0105zywa\u0107 b\u0119dzie rozk\u0142ad jazdy dla dni roboczych nieszkolnych. &nbsp; ZTM wzi\u0105\u0142 pod uwag\u0119 m.in. liczne zachorowania na COVID, odbywanie przez kierowc\u00f3w kwarantanny, a tak\u017ce zmiany liczby podr\u00f3\u017cnych na poszczeg\u00f3lnych liniach, co wynika m.in. z cz\u0119\u015bciowo zawieszonej [&hellip;]<\/p>\n","protected":false},"author":15,"featured_media":148828,"comment_status":"open","ping_status":"closed","sticky":false,"template":"","format":"standard","meta":{"_monsterinsights_skip_tracking":false,"_monsterinsights_sitenote_active":false,"_monsterinsights_sitenote_note":"","_monsterinsights_sitenote_category":0,"footnotes":"","_links_to":"","_links_to_target":""},"categories":[3,1],"tags":[17996,16777],"class_list":["post-185371","post","type-post","status-publish","format-standard","has-post-thumbnail","hentry","category-gliwice","category-wszystko","tag-covid-19","tag-zmiany-w-komunikacji-miejskiej"],"yoast_head":"<!-- This site is optimized with the Yoast SEO plugin v27.4 - https:\/\/yoast.com\/product\/yoast-seo-wordpress\/ -->\n<title>Zmiany w komunikacji miejskiej. ZTM zawiesza oko\u0142o 20 linii - 24GLIWICE - Portal Gliwice | codziennie nowe informacje<\/title>\n<meta name=\"robots\" content=\"index, follow, max-snippet:-1, max-image-preview:large, max-video-preview:-1\" \/>\n<link rel=\"canonical\" href=\"https:\/\/www.24gliwice.pl\/wiadomosci\/ztm-zawiesza-okolo-20-linii\/\" \/>\n<meta property=\"og:locale\" content=\"pl_PL\" \/>\n<meta property=\"og:type\" content=\"article\" \/>\n<meta property=\"og:title\" content=\"Zmiany w komunikacji miejskiej. ZTM zawiesza oko\u0142o 20 linii - 24GLIWICE - Portal Gliwice | codziennie nowe informacje\" \/>\n<meta property=\"og:description\" content=\"W poniedzia\u0142ek, 31 stycznia, Zarz\u0105d Transportu Metropolitalnego wprowadza szereg zmian w komunikacji miejskiej. Niekt\u00f3re linie zostan\u0105 zawieszone, na innych obowi\u0105zywa\u0107 b\u0119dzie rozk\u0142ad jazdy dla dni roboczych nieszkolnych. &nbsp; ZTM wzi\u0105\u0142 pod uwag\u0119 m.in. liczne zachorowania na COVID, odbywanie przez kierowc\u00f3w kwarantanny, a tak\u017ce zmiany liczby podr\u00f3\u017cnych na poszczeg\u00f3lnych liniach, co wynika m.in. z cz\u0119\u015bciowo zawieszonej [&hellip;]\" \/>\n<meta property=\"og:url\" content=\"https:\/\/www.24gliwice.pl\/wiadomosci\/ztm-zawiesza-okolo-20-linii\/\" \/>\n<meta property=\"og:site_name\" content=\"24GLIWICE - Portal Gliwice | codziennie nowe informacje\" \/>\n<meta property=\"article:publisher\" content=\"https:\/\/www.facebook.com\/24gliwice\" \/>\n<meta property=\"article:published_time\" content=\"2022-01-31T00:53:29+00:00\" \/>\n<meta property=\"article:modified_time\" content=\"2022-01-31T00:54:24+00:00\" \/>\n<meta property=\"og:image\" content=\"https:\/\/www.24gliwice.pl\/wiadomosci\/wp-content\/uploads\/2020\/03\/1-autobusy-oraniczenia.jpg\" \/>\n\t<meta property=\"og:image:width\" content=\"810\" \/>\n\t<meta property=\"og:image:height\" content=\"447\" \/>\n\t<meta property=\"og:image:type\" content=\"image\/jpeg\" \/>\n<meta name=\"author\" content=\"\u017baneta Mrozek-Siewierska\" \/>\n<meta name=\"twitter:card\" content=\"summary_large_image\" \/>\n<meta name=\"twitter:creator\" content=\"@24gliwice\" \/>\n<meta name=\"twitter:site\" content=\"@24gliwice\" \/>\n<meta name=\"twitter:label1\" content=\"Napisane przez\" \/>\n\t<meta name=\"twitter:data1\" content=\"\u017baneta Mrozek-Siewierska\" \/>\n\t<meta name=\"twitter:label2\" content=\"Szacowany czas czytania\" \/>\n\t<meta name=\"twitter:data2\" content=\"2 minuty\" \/>\n<script type=\"application\/ld+json\" class=\"yoast-schema-graph\">{\"@context\":\"https:\\\/\\\/schema.org\",\"@graph\":[{\"@type\":\"Article\",\"@id\":\"https:\\\/\\\/www.24gliwice.pl\\\/wiadomosci\\\/ztm-zawiesza-okolo-20-linii\\\/#article\",\"isPartOf\":{\"@id\":\"https:\\\/\\\/www.24gliwice.pl\\\/wiadomosci\\\/ztm-zawiesza-okolo-20-linii\\\/\"},\"author\":{\"name\":\"\u017baneta Mrozek-Siewierska\",\"@id\":\"https:\\\/\\\/www.24gliwice.pl\\\/wiadomosci\\\/#\\\/schema\\\/person\\\/e42c650edd7f2fa332be3811fb166b6e\"},\"headline\":\"Zmiany w komunikacji miejskiej. ZTM zawiesza oko\u0142o 20 linii\",\"datePublished\":\"2022-01-31T00:53:29+00:00\",\"dateModified\":\"2022-01-31T00:54:24+00:00\",\"mainEntityOfPage\":{\"@id\":\"https:\\\/\\\/www.24gliwice.pl\\\/wiadomosci\\\/ztm-zawiesza-okolo-20-linii\\\/\"},\"wordCount\":312,\"commentCount\":0,\"publisher\":{\"@id\":\"https:\\\/\\\/www.24gliwice.pl\\\/wiadomosci\\\/#organization\"},\"image\":{\"@id\":\"https:\\\/\\\/www.24gliwice.pl\\\/wiadomosci\\\/ztm-zawiesza-okolo-20-linii\\\/#primaryimage\"},\"thumbnailUrl\":\"https:\\\/\\\/www.24gliwice.pl\\\/wiadomosci\\\/wp-content\\\/uploads\\\/2020\\\/03\\\/1-autobusy-oraniczenia.jpg\",\"keywords\":[\"COVID-19\",\"zmiany w komunikacji miejskiej\"],\"articleSection\":[\"Gliwice\",\"Najnowsze wiadomo\u015bci\"],\"inLanguage\":\"pl-PL\",\"potentialAction\":[{\"@type\":\"CommentAction\",\"name\":\"Comment\",\"target\":[\"https:\\\/\\\/www.24gliwice.pl\\\/wiadomosci\\\/ztm-zawiesza-okolo-20-linii\\\/#respond\"]}]},{\"@type\":\"WebPage\",\"@id\":\"https:\\\/\\\/www.24gliwice.pl\\\/wiadomosci\\\/ztm-zawiesza-okolo-20-linii\\\/\",\"url\":\"https:\\\/\\\/www.24gliwice.pl\\\/wiadomosci\\\/ztm-zawiesza-okolo-20-linii\\\/\",\"name\":\"Zmiany w komunikacji miejskiej. ZTM zawiesza oko\u0142o 20 linii - 24GLIWICE - Portal Gliwice | codziennie nowe informacje\",\"isPartOf\":{\"@id\":\"https:\\\/\\\/www.24gliwice.pl\\\/wiadomosci\\\/#website\"},\"primaryImageOfPage\":{\"@id\":\"https:\\\/\\\/www.24gliwice.pl\\\/wiadomosci\\\/ztm-zawiesza-okolo-20-linii\\\/#primaryimage\"},\"image\":{\"@id\":\"https:\\\/\\\/www.24gliwice.pl\\\/wiadomosci\\\/ztm-zawiesza-okolo-20-linii\\\/#primaryimage\"},\"thumbnailUrl\":\"https:\\\/\\\/www.24gliwice.pl\\\/wiadomosci\\\/wp-content\\\/uploads\\\/2020\\\/03\\\/1-autobusy-oraniczenia.jpg\",\"datePublished\":\"2022-01-31T00:53:29+00:00\",\"dateModified\":\"2022-01-31T00:54:24+00:00\",\"breadcrumb\":{\"@id\":\"https:\\\/\\\/www.24gliwice.pl\\\/wiadomosci\\\/ztm-zawiesza-okolo-20-linii\\\/#breadcrumb\"},\"inLanguage\":\"pl-PL\",\"potentialAction\":[{\"@type\":\"ReadAction\",\"target\":[\"https:\\\/\\\/www.24gliwice.pl\\\/wiadomosci\\\/ztm-zawiesza-okolo-20-linii\\\/\"]}]},{\"@type\":\"ImageObject\",\"inLanguage\":\"pl-PL\",\"@id\":\"https:\\\/\\\/www.24gliwice.pl\\\/wiadomosci\\\/ztm-zawiesza-okolo-20-linii\\\/#primaryimage\",\"url\":\"https:\\\/\\\/www.24gliwice.pl\\\/wiadomosci\\\/wp-content\\\/uploads\\\/2020\\\/03\\\/1-autobusy-oraniczenia.jpg\",\"contentUrl\":\"https:\\\/\\\/www.24gliwice.pl\\\/wiadomosci\\\/wp-content\\\/uploads\\\/2020\\\/03\\\/1-autobusy-oraniczenia.jpg\",\"width\":810,\"height\":447},{\"@type\":\"BreadcrumbList\",\"@id\":\"https:\\\/\\\/www.24gliwice.pl\\\/wiadomosci\\\/ztm-zawiesza-okolo-20-linii\\\/#breadcrumb\",\"itemListElement\":[{\"@type\":\"ListItem\",\"position\":1,\"name\":\"Strona g\u0142\u00f3wna\",\"item\":\"https:\\\/\\\/www.24gliwice.pl\\\/wiadomosci\\\/\"},{\"@type\":\"ListItem\",\"position\":2,\"name\":\"Zmiany w komunikacji miejskiej. ZTM zawiesza oko\u0142o 20 linii\"}]},{\"@type\":\"WebSite\",\"@id\":\"https:\\\/\\\/www.24gliwice.pl\\\/wiadomosci\\\/#website\",\"url\":\"https:\\\/\\\/www.24gliwice.pl\\\/wiadomosci\\\/\",\"name\":\"24GLIWICE - Portal Gliwice | codziennie nowe wiadomo\u015bci\",\"description\":\"Portal Miejski Gliwice\",\"publisher\":{\"@id\":\"https:\\\/\\\/www.24gliwice.pl\\\/wiadomosci\\\/#organization\"},\"potentialAction\":[{\"@type\":\"SearchAction\",\"target\":{\"@type\":\"EntryPoint\",\"urlTemplate\":\"https:\\\/\\\/www.24gliwice.pl\\\/wiadomosci\\\/?s={search_term_string}\"},\"query-input\":{\"@type\":\"PropertyValueSpecification\",\"valueRequired\":true,\"valueName\":\"search_term_string\"}}],\"inLanguage\":\"pl-PL\"},{\"@type\":\"Organization\",\"@id\":\"https:\\\/\\\/www.24gliwice.pl\\\/wiadomosci\\\/#organization\",\"name\":\"24gliwice\",\"url\":\"https:\\\/\\\/www.24gliwice.pl\\\/wiadomosci\\\/\",\"logo\":{\"@type\":\"ImageObject\",\"inLanguage\":\"pl-PL\",\"@id\":\"https:\\\/\\\/www.24gliwice.pl\\\/wiadomosci\\\/#\\\/schema\\\/logo\\\/image\\\/\",\"url\":\"https:\\\/\\\/www.24gliwice.pl\\\/wiadomosci\\\/wp-content\\\/uploads\\\/2024\\\/10\\\/24gliwice-logo-696.jpg\",\"contentUrl\":\"https:\\\/\\\/www.24gliwice.pl\\\/wiadomosci\\\/wp-content\\\/uploads\\\/2024\\\/10\\\/24gliwice-logo-696.jpg\",\"width\":696,\"height\":696,\"caption\":\"24gliwice\"},\"image\":{\"@id\":\"https:\\\/\\\/www.24gliwice.pl\\\/wiadomosci\\\/#\\\/schema\\\/logo\\\/image\\\/\"},\"sameAs\":[\"https:\\\/\\\/www.facebook.com\\\/24gliwice\",\"https:\\\/\\\/x.com\\\/24gliwice\",\"https:\\\/\\\/www.youtube.com\\\/@24gliwice\"]},{\"@type\":\"Person\",\"@id\":\"https:\\\/\\\/www.24gliwice.pl\\\/wiadomosci\\\/#\\\/schema\\\/person\\\/e42c650edd7f2fa332be3811fb166b6e\",\"name\":\"\u017baneta Mrozek-Siewierska\",\"image\":{\"@type\":\"ImageObject\",\"inLanguage\":\"pl-PL\",\"@id\":\"https:\\\/\\\/www.24gliwice.pl\\\/wiadomosci\\\/wp-content\\\/uploads\\\/2021\\\/11\\\/Zaneta-M_S-zdjecie-czb-96x96.jpg\",\"url\":\"https:\\\/\\\/www.24gliwice.pl\\\/wiadomosci\\\/wp-content\\\/uploads\\\/2021\\\/11\\\/Zaneta-M_S-zdjecie-czb-96x96.jpg\",\"contentUrl\":\"https:\\\/\\\/www.24gliwice.pl\\\/wiadomosci\\\/wp-content\\\/uploads\\\/2021\\\/11\\\/Zaneta-M_S-zdjecie-czb-96x96.jpg\",\"caption\":\"\u017baneta Mrozek-Siewierska\"},\"url\":\"https:\\\/\\\/www.24gliwice.pl\\\/wiadomosci\\\/author\\\/zms\\\/\"}]}<\/script>\n<!-- \/ Yoast SEO plugin. -->","yoast_head_json":{"title":"Zmiany w komunikacji miejskiej. ZTM zawiesza oko\u0142o 20 linii - 24GLIWICE - Portal Gliwice | codziennie nowe informacje","robots":{"index":"index","follow":"follow","max-snippet":"max-snippet:-1","max-image-preview":"max-image-preview:large","max-video-preview":"max-video-preview:-1"},"canonical":"https:\/\/www.24gliwice.pl\/wiadomosci\/ztm-zawiesza-okolo-20-linii\/","og_locale":"pl_PL","og_type":"article","og_title":"Zmiany w komunikacji miejskiej. ZTM zawiesza oko\u0142o 20 linii - 24GLIWICE - Portal Gliwice | codziennie nowe informacje","og_description":"W poniedzia\u0142ek, 31 stycznia, Zarz\u0105d Transportu Metropolitalnego wprowadza szereg zmian w komunikacji miejskiej. Niekt\u00f3re linie zostan\u0105 zawieszone, na innych obowi\u0105zywa\u0107 b\u0119dzie rozk\u0142ad jazdy dla dni roboczych nieszkolnych. &nbsp; ZTM wzi\u0105\u0142 pod uwag\u0119 m.in. liczne zachorowania na COVID, odbywanie przez kierowc\u00f3w kwarantanny, a tak\u017ce zmiany liczby podr\u00f3\u017cnych na poszczeg\u00f3lnych liniach, co wynika m.in. z cz\u0119\u015bciowo zawieszonej [&hellip;]","og_url":"https:\/\/www.24gliwice.pl\/wiadomosci\/ztm-zawiesza-okolo-20-linii\/","og_site_name":"24GLIWICE - Portal Gliwice | codziennie nowe informacje","article_publisher":"https:\/\/www.facebook.com\/24gliwice","article_published_time":"2022-01-31T00:53:29+00:00","article_modified_time":"2022-01-31T00:54:24+00:00","og_image":[{"width":810,"height":447,"url":"https:\/\/www.24gliwice.pl\/wiadomosci\/wp-content\/uploads\/2020\/03\/1-autobusy-oraniczenia.jpg","type":"image\/jpeg"}],"author":"\u017baneta Mrozek-Siewierska","twitter_card":"summary_large_image","twitter_creator":"@24gliwice","twitter_site":"@24gliwice","twitter_misc":{"Napisane przez":"\u017baneta Mrozek-Siewierska","Szacowany czas czytania":"2 minuty"},"schema":{"@context":"https:\/\/schema.org","@graph":[{"@type":"Article","@id":"https:\/\/www.24gliwice.pl\/wiadomosci\/ztm-zawiesza-okolo-20-linii\/#article","isPartOf":{"@id":"https:\/\/www.24gliwice.pl\/wiadomosci\/ztm-zawiesza-okolo-20-linii\/"},"author":{"name":"\u017baneta Mrozek-Siewierska","@id":"https:\/\/www.24gliwice.pl\/wiadomosci\/#\/schema\/person\/e42c650edd7f2fa332be3811fb166b6e"},"headline":"Zmiany w komunikacji miejskiej. ZTM zawiesza oko\u0142o 20 linii","datePublished":"2022-01-31T00:53:29+00:00","dateModified":"2022-01-31T00:54:24+00:00","mainEntityOfPage":{"@id":"https:\/\/www.24gliwice.pl\/wiadomosci\/ztm-zawiesza-okolo-20-linii\/"},"wordCount":312,"commentCount":0,"publisher":{"@id":"https:\/\/www.24gliwice.pl\/wiadomosci\/#organization"},"image":{"@id":"https:\/\/www.24gliwice.pl\/wiadomosci\/ztm-zawiesza-okolo-20-linii\/#primaryimage"},"thumbnailUrl":"https:\/\/www.24gliwice.pl\/wiadomosci\/wp-content\/uploads\/2020\/03\/1-autobusy-oraniczenia.jpg","keywords":["COVID-19","zmiany w komunikacji miejskiej"],"articleSection":["Gliwice","Najnowsze wiadomo\u015bci"],"inLanguage":"pl-PL","potentialAction":[{"@type":"CommentAction","name":"Comment","target":["https:\/\/www.24gliwice.pl\/wiadomosci\/ztm-zawiesza-okolo-20-linii\/#respond"]}]},{"@type":"WebPage","@id":"https:\/\/www.24gliwice.pl\/wiadomosci\/ztm-zawiesza-okolo-20-linii\/","url":"https:\/\/www.24gliwice.pl\/wiadomosci\/ztm-zawiesza-okolo-20-linii\/","name":"Zmiany w komunikacji miejskiej. ZTM zawiesza oko\u0142o 20 linii - 24GLIWICE - Portal Gliwice | codziennie nowe informacje","isPartOf":{"@id":"https:\/\/www.24gliwice.pl\/wiadomosci\/#website"},"primaryImageOfPage":{"@id":"https:\/\/www.24gliwice.pl\/wiadomosci\/ztm-zawiesza-okolo-20-linii\/#primaryimage"},"image":{"@id":"https:\/\/www.24gliwice.pl\/wiadomosci\/ztm-zawiesza-okolo-20-linii\/#primaryimage"},"thumbnailUrl":"https:\/\/www.24gliwice.pl\/wiadomosci\/wp-content\/uploads\/2020\/03\/1-autobusy-oraniczenia.jpg","datePublished":"2022-01-31T00:53:29+00:00","dateModified":"2022-01-31T00:54:24+00:00","breadcrumb":{"@id":"https:\/\/www.24gliwice.pl\/wiadomosci\/ztm-zawiesza-okolo-20-linii\/#breadcrumb"},"inLanguage":"pl-PL","potentialAction":[{"@type":"ReadAction","target":["https:\/\/www.24gliwice.pl\/wiadomosci\/ztm-zawiesza-okolo-20-linii\/"]}]},{"@type":"ImageObject","inLanguage":"pl-PL","@id":"https:\/\/www.24gliwice.pl\/wiadomosci\/ztm-zawiesza-okolo-20-linii\/#primaryimage","url":"https:\/\/www.24gliwice.pl\/wiadomosci\/wp-content\/uploads\/2020\/03\/1-autobusy-oraniczenia.jpg","contentUrl":"https:\/\/www.24gliwice.pl\/wiadomosci\/wp-content\/uploads\/2020\/03\/1-autobusy-oraniczenia.jpg","width":810,"height":447},{"@type":"BreadcrumbList","@id":"https:\/\/www.24gliwice.pl\/wiadomosci\/ztm-zawiesza-okolo-20-linii\/#breadcrumb","itemListElement":[{"@type":"ListItem","position":1,"name":"Strona g\u0142\u00f3wna","item":"https:\/\/www.24gliwice.pl\/wiadomosci\/"},{"@type":"ListItem","position":2,"name":"Zmiany w komunikacji miejskiej. ZTM zawiesza oko\u0142o 20 linii"}]},{"@type":"WebSite","@id":"https:\/\/www.24gliwice.pl\/wiadomosci\/#website","url":"https:\/\/www.24gliwice.pl\/wiadomosci\/","name":"24GLIWICE - Portal Gliwice | codziennie nowe wiadomo\u015bci","description":"Portal Miejski Gliwice","publisher":{"@id":"https:\/\/www.24gliwice.pl\/wiadomosci\/#organization"},"potentialAction":[{"@type":"SearchAction","target":{"@type":"EntryPoint","urlTemplate":"https:\/\/www.24gliwice.pl\/wiadomosci\/?s={search_term_string}"},"query-input":{"@type":"PropertyValueSpecification","valueRequired":true,"valueName":"search_term_string"}}],"inLanguage":"pl-PL"},{"@type":"Organization","@id":"https:\/\/www.24gliwice.pl\/wiadomosci\/#organization","name":"24gliwice","url":"https:\/\/www.24gliwice.pl\/wiadomosci\/","logo":{"@type":"ImageObject","inLanguage":"pl-PL","@id":"https:\/\/www.24gliwice.pl\/wiadomosci\/#\/schema\/logo\/image\/","url":"https:\/\/www.24gliwice.pl\/wiadomosci\/wp-content\/uploads\/2024\/10\/24gliwice-logo-696.jpg","contentUrl":"https:\/\/www.24gliwice.pl\/wiadomosci\/wp-content\/uploads\/2024\/10\/24gliwice-logo-696.jpg","width":696,"height":696,"caption":"24gliwice"},"image":{"@id":"https:\/\/www.24gliwice.pl\/wiadomosci\/#\/schema\/logo\/image\/"},"sameAs":["https:\/\/www.facebook.com\/24gliwice","https:\/\/x.com\/24gliwice","https:\/\/www.youtube.com\/@24gliwice"]},{"@type":"Person","@id":"https:\/\/www.24gliwice.pl\/wiadomosci\/#\/schema\/person\/e42c650edd7f2fa332be3811fb166b6e","name":"\u017baneta Mrozek-Siewierska","image":{"@type":"ImageObject","inLanguage":"pl-PL","@id":"https:\/\/www.24gliwice.pl\/wiadomosci\/wp-content\/uploads\/2021\/11\/Zaneta-M_S-zdjecie-czb-96x96.jpg","url":"https:\/\/www.24gliwice.pl\/wiadomosci\/wp-content\/uploads\/2021\/11\/Zaneta-M_S-zdjecie-czb-96x96.jpg","contentUrl":"https:\/\/www.24gliwice.pl\/wiadomosci\/wp-content\/uploads\/2021\/11\/Zaneta-M_S-zdjecie-czb-96x96.jpg","caption":"\u017baneta Mrozek-Siewierska"},"url":"https:\/\/www.24gliwice.pl\/wiadomosci\/author\/zms\/"}]}},"_links":{"self":[{"href":"https:\/\/www.24gliwice.pl\/wiadomosci\/wp-json\/wp\/v2\/posts\/185371","targetHints":{"allow":["GET"]}}],"collection":[{"href":"https:\/\/www.24gliwice.pl\/wiadomosci\/wp-json\/wp\/v2\/posts"}],"about":[{"href":"https:\/\/www.24gliwice.pl\/wiadomosci\/wp-json\/wp\/v2\/types\/post"}],"author":[{"embeddable":true,"href":"https:\/\/www.24gliwice.pl\/wiadomosci\/wp-json\/wp\/v2\/users\/15"}],"replies":[{"embeddable":true,"href":"https:\/\/www.24gliwice.pl\/wiadomosci\/wp-json\/wp\/v2\/comments?post=185371"}],"version-history":[{"count":7,"href":"https:\/\/www.24gliwice.pl\/wiadomosci\/wp-json\/wp\/v2\/posts\/185371\/revisions"}],"predecessor-version":[{"id":185406,"href":"https:\/\/www.24gliwice.pl\/wiadomosci\/wp-json\/wp\/v2\/posts\/185371\/revisions\/185406"}],"wp:featuredmedia":[{"embeddable":true,"href":"https:\/\/www.24gliwice.pl\/wiadomosci\/wp-json\/wp\/v2\/media\/148828"}],"wp:attachment":[{"href":"https:\/\/www.24gliwice.pl\/wiadomosci\/wp-json\/wp\/v2\/media?parent=185371"}],"wp:term":[{"taxonomy":"category","embeddable":true,"href":"https:\/\/www.24gliwice.pl\/wiadomosci\/wp-json\/wp\/v2\/categories?post=185371"},{"taxonomy":"post_tag","embeddable":true,"href":"https:\/\/www.24gliwice.pl\/wiadomosci\/wp-json\/wp\/v2\/tags?post=185371"}],"curies":[{"name":"wp","href":"https:\/\/api.w.org\/{rel}","templated":true}]}}