{"id":185489,"date":"2022-02-01T15:52:47","date_gmt":"2022-02-01T14:52:47","guid":{"rendered":"https:\/\/www.24gliwice.pl\/wiadomosci\/?p=185489"},"modified":"2022-02-03T13:24:25","modified_gmt":"2022-02-03T12:24:25","slug":"30-final-wosp-juz-za-nami-w-tym-roku-bez-rekordu-ale-zebrana-dla-fundacji-kwota-rownie-cieszy","status":"publish","type":"post","link":"https:\/\/www.24gliwice.pl\/wiadomosci\/30-final-wosp-juz-za-nami-w-tym-roku-bez-rekordu-ale-zebrana-dla-fundacji-kwota-rownie-cieszy\/","title":{"rendered":"30. fina\u0142 WO\u015aP ju\u017c za nami. W tym roku bez rekordu, ale zebrana dla Fundacji kwota r\u00f3wnie cieszy"},"content":{"rendered":"<div class=\"gliwi-a6-nad-leadem-artykulow gliwi-entity-placement\" id=\"gliwi-3333274287\"><div class=\"gliwi-adlabel\"><span style=\"font-size: 9px\">REKLAMA<\/span><\/div><div id=\"gliwi-3193628107\" style=\"margin-bottom: 30px;margin-left: auto;margin-right: auto;text-align: center;\"><a data-no-instant=\"1\" href=\"https:\/\/przedszkole.halogen.org.pl\/\" rel=\"noopener\" class=\"a2t-link\" target=\"_blank\" aria-label=\"20260402-ANIMATOR-przedszkole_grafika_750x200\"><img loading=\"lazy\" decoding=\"async\" src=\"https:\/\/www.24gliwice.pl\/wiadomosci\/wp-content\/uploads\/2026\/04\/20260402-ANIMATOR-przedszkole_grafika_750x200.webp\" alt=\"\"  srcset=\"https:\/\/www.24gliwice.pl\/wiadomosci\/wp-content\/uploads\/2026\/04\/20260402-ANIMATOR-przedszkole_grafika_750x200.webp 750w, https:\/\/www.24gliwice.pl\/wiadomosci\/wp-content\/uploads\/2026\/04\/20260402-ANIMATOR-przedszkole_grafika_750x200-410x109.webp 410w\" sizes=\"(max-width: 750px) 100vw, 750px\" class=\"no-lazyload\" width=\"750\" height=\"200\"  style=\"display: inline-block; max-width: 100%; height: auto;\" \/><\/a><\/div><\/div><h2>Za nami 30. fina\u0142 Wielkiej Orkiestry \u015awi\u0105tecznej pomocy. W tym roku wynik zbi\u00f3rki nie jest rekordowy, ale mimo wszystko s\u0105 powody do rado\u015bci. Na popraw\u0119 standard\u00f3w leczenia okulistycznego dzieci zebrano niespe\u0142na 300 tys. z\u0142.<\/h2>\n<p>W styczniu 2021 r. by\u0142a to kwota 331 658,61 z\u0142, tym razem 288 901,21 z\u0142. To ponad 40 tysi\u0119cy mniej, jednak, jak podkre\u015bla\u0142 jeszcze przed fina\u0142em <strong>Jerzy Owsiak<\/strong>, w tym roku nie spodziewa\u0142 si\u0119 pobicia ubieg\u0142orocznych osi\u0105gni\u0119\u0107. Jako przyczyn\u0119 wymienia\u0142 m.in. uszczuplenie portfeli Polak\u00f3w zwi\u0105zane z wprowadzeniem Polskiego \u0141adu.<\/p>\n<p><span style=\"color: #ff0000;\">***AKTUALIZACJA***<\/span><\/p><div class=\"gliwi-a3-w-tresci-artykulow gliwi-entity-placement\" id=\"gliwi-3519741896\"><div class=\"gliwi-adlabel\"><span style=\"font-size: 9px\">REKLAMA<\/span><\/div><div id=\"gliwi-3874324328\" style=\"margin-bottom: 30px;margin-left: auto;margin-right: auto;text-align: center;\"><a data-no-instant=\"1\" href=\"https:\/\/zlobek.halogen.org.pl\/\" rel=\"noopener\" class=\"a2t-link\" target=\"_blank\" aria-label=\"animator-zlobek_750x200\"><img loading=\"lazy\" decoding=\"async\" src=\"https:\/\/www.24gliwice.pl\/wiadomosci\/wp-content\/uploads\/2026\/02\/animator-zlobek_750x200.webp\" alt=\"\"  srcset=\"https:\/\/www.24gliwice.pl\/wiadomosci\/wp-content\/uploads\/2026\/02\/animator-zlobek_750x200.webp 750w, https:\/\/www.24gliwice.pl\/wiadomosci\/wp-content\/uploads\/2026\/02\/animator-zlobek_750x200-410x109.webp 410w\" sizes=\"(max-width: 750px) 100vw, 750px\" class=\"no-lazyload\" width=\"750\" height=\"200\"  style=\"display: inline-block; max-width: 100%; height: auto;\" \/><\/a><\/div><\/div>\n<p><span style=\"color: #ff0000;\">W \u015brod\u0119 rano miasto udost\u0119pni\u0142o informacj\u0119, \u017ce wynik tegorocznej zbi\u00f3rki zosta\u0142 podniesiony do 316 835,87 z\u0142.<\/span><\/p>\n<p><iframe loading=\"lazy\" style=\"border: none; overflow: hidden;\" src=\"https:\/\/www.facebook.com\/plugins\/post.php?href=https%3A%2F%2Fwww.facebook.com%2FGTWGliwice%2Fposts%2F4769448313108308&amp;width=500&amp;show_text=true&amp;height=710&amp;appId\" width=\"500\" height=\"710\" frameborder=\"0\" scrolling=\"no\" allowfullscreen=\"allowfullscreen\"><\/iframe><\/p>\n<p>W minion\u0105 niedziel\u0119 losy fina\u0142u nie by\u0142y pewne niemal a\u017c do jego rozpocz\u0119cia. W ca\u0142ej Polsce szala\u0142a wichura, w naszym mie\u015bcie ju\u017c w nocy i do po\u0142udnia tego dnia stra\u017c po\u017carna wzywana by\u0142a do miejscowych zagro\u017ce\u0144 spowodowanych przez wiatr. Z tego powodu jeszcze w sobot\u0119 Katowice zdecydowa\u0142y o przeniesieniu wydarze\u0144 zwi\u0105zanych z fina\u0142em do sfery wirtualnej. W Gliwicach przed rozpocz\u0119ciem pokaz\u00f3w i koncert\u00f3w g\u0142\u00f3wny organizator &#8211; Stowarzyszenie GTW &#8211; mia\u0142 spotka\u0107 si\u0119 z przedstawicielami miasta oraz policj\u0105, by podj\u0105\u0107 ostateczne decyzje. W rezultacie ustalono, \u017ce fina\u0142 si\u0119 jednak odb\u0119dzie w zaplanowanej wcze\u015bniej formie. I na szcz\u0119\u015bcie impreza by\u0142a udana.<\/p>\n<h4>30 stycznia serce miasta bi\u0142o na Rynku, na kt\u00f3rym odby\u0142 si\u0119 wielki fina\u0142 imprezy, ale kwestowano w ca\u0142ym mie\u015bcie. W Gliwicach dzia\u0142a\u0142o 5 sztab\u00f3w, kt\u00f3rym uda\u0142o si\u0119 zabra\u0107 288 901,21 z\u0142.<\/h4>\n<p>Wolontariusze niestrudzenie, mimo wiatru i ch\u0142odu, kwestowali na ulicach naszego miasta. A na Rynku byli przedstawiciele organizacji pozarz\u0105dowych, Politechniki \u015al\u0105skiej i firm. No i oczywi\u015bcie gliwiczanie wspieraj\u0105cy zbi\u00f3rk\u0119 na rzecz diagnostyki i leczenia wzroku u najm\u0142odszych pacjent\u00f3w.<\/p>\n<p><a href=\"https:\/\/www.24gliwice.pl\/wiadomosci\/wp-content\/uploads\/2022\/02\/wosp2022_75_mosquidron.jpg\"><img loading=\"lazy\" decoding=\"async\" class=\"alignnone size-full wp-image-185493\" src=\"https:\/\/www.24gliwice.pl\/wiadomosci\/wp-content\/uploads\/2022\/02\/wosp2022_75_mosquidron.jpg\" alt=\"\" width=\"810\" height=\"541\" srcset=\"https:\/\/www.24gliwice.pl\/wiadomosci\/wp-content\/uploads\/2022\/02\/wosp2022_75_mosquidron.jpg 810w, https:\/\/www.24gliwice.pl\/wiadomosci\/wp-content\/uploads\/2022\/02\/wosp2022_75_mosquidron-347x232.jpg 347w, https:\/\/www.24gliwice.pl\/wiadomosci\/wp-content\/uploads\/2022\/02\/wosp2022_75_mosquidron-681x455.jpg 681w, https:\/\/www.24gliwice.pl\/wiadomosci\/wp-content\/uploads\/2022\/02\/wosp2022_75_mosquidron-768x513.jpg 768w\" sizes=\"auto, (max-width: 810px) 100vw, 810px\" \/><\/a><\/p>\n<p>Wiele dzia\u0142o si\u0119 na WO\u015aP-owej scenie: by\u0142y licytacje i koncerty. W tym roku zagrali: Belfer Band, Pozyton Sound, Dejlu i Muchy. Tradycyjne \u015awiate\u0142ko do Nieba przybra\u0142o spektakularn\u0105, laserow\u0105 form\u0119. A ile uda\u0142o si\u0119 zebra\u0107 gliwickim sztabom WO\u015aP-u?<\/p>\n<h4>Stowarzyszenie GTW zebra\u0142o a\u017c 172 123,21 z\u0142. Kwestowano tak\u017ce w Zespole Szk\u00f3\u0142 Filomata, gdzie zebrano 25 651 z\u0142, oraz w Zespole Szkolno-Przedszkolnym nr 9 w Gliwicach, kt\u00f3ry do\u0142o\u017cy\u0142 12 110 z\u0142.<\/h4>\n<p>Z Orkiestr\u0105 gra\u0142a tak\u017ce Fundacja Biegamy z Sercem, kt\u00f3ra do WO\u015aP-owej skarbonki dorzuci\u0142a 40 280 z\u0142. Pi\u0105ty sztab, Akademickiego Liceum Og\u00f3lnokszta\u0142c\u0105ce oraz Centrum Wolontariatu Politechniki \u015al\u0105skiej, mo\u017ce pochwali\u0107 si\u0119 \u015bwietnym wynikiem 38 737 z\u0142. Razem w skali miasta uda\u0142o nam si\u0119 zebra\u0107 288 901,21 z\u0142.<\/p>\n<p>(\u017cms)\/UM Gliwice<br \/>\nfot. UM Gliwice\/Mosquidron<\/p>\n<div class=\"gliwi-a5-na-koncu-artykulow gliwi-entity-placement\" id=\"gliwi-1728082452\"><div class=\"gliwi-adlabel\"><span style=\"font-size: 9px\">REKLAMA<\/span><\/div><div id=\"gliwi-3289335563\" style=\"margin-left: auto;margin-right: auto;text-align: center;\"><a data-no-instant=\"1\" href=\"https:\/\/prezeroarenagliwice.pl\/\" rel=\"noopener\" class=\"a2t-link\" target=\"_blank\" aria-label=\"20260309-PREZERO-WIOSNA-D\"><img loading=\"lazy\" decoding=\"async\" src=\"https:\/\/www.24gliwice.pl\/wiadomosci\/wp-content\/uploads\/2026\/03\/20260309-PREZERO-WIOSNA-D.webp\" alt=\"\"  srcset=\"https:\/\/www.24gliwice.pl\/wiadomosci\/wp-content\/uploads\/2026\/03\/20260309-PREZERO-WIOSNA-D.webp 750w, https:\/\/www.24gliwice.pl\/wiadomosci\/wp-content\/uploads\/2026\/03\/20260309-PREZERO-WIOSNA-D-410x109.webp 410w\" sizes=\"(max-width: 750px) 100vw, 750px\" class=\"no-lazyload\" width=\"750\" height=\"200\"  style=\"display: inline-block; max-width: 100%; height: auto;\" \/><\/a><\/div><\/div>","protected":false},"excerpt":{"rendered":"<p>Za nami 30. fina\u0142 Wielkiej Orkiestry \u015awi\u0105tecznej pomocy. W tym roku wynik zbi\u00f3rki nie jest rekordowy, ale mimo wszystko s\u0105 powody do rado\u015bci. Na popraw\u0119 standard\u00f3w leczenia okulistycznego dzieci zebrano niespe\u0142na 300 tys. z\u0142. W styczniu 2021 r. by\u0142a to kwota 331 658,61 z\u0142, tym razem 288 901,21 z\u0142. To ponad 40 tysi\u0119cy mniej, jednak, [&hellip;]<\/p>\n","protected":false},"author":15,"featured_media":185492,"comment_status":"open","ping_status":"closed","sticky":false,"template":"","format":"standard","meta":{"_monsterinsights_skip_tracking":false,"_monsterinsights_sitenote_active":false,"_monsterinsights_sitenote_note":"","_monsterinsights_sitenote_category":0,"footnotes":"","_links_to":"","_links_to_target":""},"categories":[3,6,1],"tags":[],"class_list":["post-185489","post","type-post","status-publish","format-standard","has-post-thumbnail","hentry","category-gliwice","category-kultura","category-wszystko"],"yoast_head":"<!-- This site is optimized with the Yoast SEO plugin v27.4 - https:\/\/yoast.com\/product\/yoast-seo-wordpress\/ -->\n<title>30. fina\u0142 WO\u015aP ju\u017c za nami. W tym roku bez rekordu, ale zebrana dla Fundacji kwota r\u00f3wnie cieszy - 24GLIWICE - Portal Gliwice | codziennie nowe informacje<\/title>\n<meta name=\"robots\" content=\"index, follow, max-snippet:-1, max-image-preview:large, max-video-preview:-1\" \/>\n<link rel=\"canonical\" href=\"https:\/\/www.24gliwice.pl\/wiadomosci\/30-final-wosp-juz-za-nami-w-tym-roku-bez-rekordu-ale-zebrana-dla-fundacji-kwota-rownie-cieszy\/\" \/>\n<meta property=\"og:locale\" content=\"pl_PL\" \/>\n<meta property=\"og:type\" content=\"article\" \/>\n<meta property=\"og:title\" content=\"30. fina\u0142 WO\u015aP ju\u017c za nami. W tym roku bez rekordu, ale zebrana dla Fundacji kwota r\u00f3wnie cieszy - 24GLIWICE - Portal Gliwice | codziennie nowe informacje\" \/>\n<meta property=\"og:description\" content=\"Za nami 30. fina\u0142 Wielkiej Orkiestry \u015awi\u0105tecznej pomocy. W tym roku wynik zbi\u00f3rki nie jest rekordowy, ale mimo wszystko s\u0105 powody do rado\u015bci. Na popraw\u0119 standard\u00f3w leczenia okulistycznego dzieci zebrano niespe\u0142na 300 tys. z\u0142. W styczniu 2021 r. by\u0142a to kwota 331 658,61 z\u0142, tym razem 288 901,21 z\u0142. To ponad 40 tysi\u0119cy mniej, jednak, [&hellip;]\" \/>\n<meta property=\"og:url\" content=\"https:\/\/www.24gliwice.pl\/wiadomosci\/30-final-wosp-juz-za-nami-w-tym-roku-bez-rekordu-ale-zebrana-dla-fundacji-kwota-rownie-cieszy\/\" \/>\n<meta property=\"og:site_name\" content=\"24GLIWICE - Portal Gliwice | codziennie nowe informacje\" \/>\n<meta property=\"article:publisher\" content=\"https:\/\/www.facebook.com\/24gliwice\" \/>\n<meta property=\"article:published_time\" content=\"2022-02-01T14:52:47+00:00\" \/>\n<meta property=\"article:modified_time\" content=\"2022-02-03T12:24:25+00:00\" \/>\n<meta property=\"og:image\" content=\"https:\/\/www.24gliwice.pl\/wiadomosci\/wp-content\/uploads\/2022\/02\/wosp2022_25_mosquidron.jpg\" \/>\n\t<meta property=\"og:image:width\" content=\"810\" \/>\n\t<meta property=\"og:image:height\" content=\"456\" \/>\n\t<meta property=\"og:image:type\" content=\"image\/jpeg\" \/>\n<meta name=\"author\" content=\"\u017baneta Mrozek-Siewierska\" \/>\n<meta name=\"twitter:card\" content=\"summary_large_image\" \/>\n<meta name=\"twitter:creator\" content=\"@24gliwice\" \/>\n<meta name=\"twitter:site\" content=\"@24gliwice\" \/>\n<meta name=\"twitter:label1\" content=\"Napisane przez\" \/>\n\t<meta name=\"twitter:data1\" content=\"\u017baneta Mrozek-Siewierska\" \/>\n\t<meta name=\"twitter:label2\" content=\"Szacowany czas czytania\" \/>\n\t<meta name=\"twitter:data2\" content=\"2 minuty\" \/>\n<script type=\"application\/ld+json\" class=\"yoast-schema-graph\">{\"@context\":\"https:\\\/\\\/schema.org\",\"@graph\":[{\"@type\":\"Article\",\"@id\":\"https:\\\/\\\/www.24gliwice.pl\\\/wiadomosci\\\/30-final-wosp-juz-za-nami-w-tym-roku-bez-rekordu-ale-zebrana-dla-fundacji-kwota-rownie-cieszy\\\/#article\",\"isPartOf\":{\"@id\":\"https:\\\/\\\/www.24gliwice.pl\\\/wiadomosci\\\/30-final-wosp-juz-za-nami-w-tym-roku-bez-rekordu-ale-zebrana-dla-fundacji-kwota-rownie-cieszy\\\/\"},\"author\":{\"name\":\"\u017baneta Mrozek-Siewierska\",\"@id\":\"https:\\\/\\\/www.24gliwice.pl\\\/wiadomosci\\\/#\\\/schema\\\/person\\\/e42c650edd7f2fa332be3811fb166b6e\"},\"headline\":\"30. fina\u0142 WO\u015aP ju\u017c za nami. W tym roku bez rekordu, ale zebrana dla Fundacji kwota r\u00f3wnie cieszy\",\"datePublished\":\"2022-02-01T14:52:47+00:00\",\"dateModified\":\"2022-02-03T12:24:25+00:00\",\"mainEntityOfPage\":{\"@id\":\"https:\\\/\\\/www.24gliwice.pl\\\/wiadomosci\\\/30-final-wosp-juz-za-nami-w-tym-roku-bez-rekordu-ale-zebrana-dla-fundacji-kwota-rownie-cieszy\\\/\"},\"wordCount\":458,\"commentCount\":0,\"publisher\":{\"@id\":\"https:\\\/\\\/www.24gliwice.pl\\\/wiadomosci\\\/#organization\"},\"image\":{\"@id\":\"https:\\\/\\\/www.24gliwice.pl\\\/wiadomosci\\\/30-final-wosp-juz-za-nami-w-tym-roku-bez-rekordu-ale-zebrana-dla-fundacji-kwota-rownie-cieszy\\\/#primaryimage\"},\"thumbnailUrl\":\"https:\\\/\\\/www.24gliwice.pl\\\/wiadomosci\\\/wp-content\\\/uploads\\\/2022\\\/02\\\/wosp2022_25_mosquidron.jpg\",\"articleSection\":[\"Gliwice\",\"Kultura, wydarzenia, imprezy\",\"Najnowsze wiadomo\u015bci\"],\"inLanguage\":\"pl-PL\",\"potentialAction\":[{\"@type\":\"CommentAction\",\"name\":\"Comment\",\"target\":[\"https:\\\/\\\/www.24gliwice.pl\\\/wiadomosci\\\/30-final-wosp-juz-za-nami-w-tym-roku-bez-rekordu-ale-zebrana-dla-fundacji-kwota-rownie-cieszy\\\/#respond\"]}]},{\"@type\":\"WebPage\",\"@id\":\"https:\\\/\\\/www.24gliwice.pl\\\/wiadomosci\\\/30-final-wosp-juz-za-nami-w-tym-roku-bez-rekordu-ale-zebrana-dla-fundacji-kwota-rownie-cieszy\\\/\",\"url\":\"https:\\\/\\\/www.24gliwice.pl\\\/wiadomosci\\\/30-final-wosp-juz-za-nami-w-tym-roku-bez-rekordu-ale-zebrana-dla-fundacji-kwota-rownie-cieszy\\\/\",\"name\":\"30. fina\u0142 WO\u015aP ju\u017c za nami. W tym roku bez rekordu, ale zebrana dla Fundacji kwota r\u00f3wnie cieszy - 24GLIWICE - Portal Gliwice | codziennie nowe informacje\",\"isPartOf\":{\"@id\":\"https:\\\/\\\/www.24gliwice.pl\\\/wiadomosci\\\/#website\"},\"primaryImageOfPage\":{\"@id\":\"https:\\\/\\\/www.24gliwice.pl\\\/wiadomosci\\\/30-final-wosp-juz-za-nami-w-tym-roku-bez-rekordu-ale-zebrana-dla-fundacji-kwota-rownie-cieszy\\\/#primaryimage\"},\"image\":{\"@id\":\"https:\\\/\\\/www.24gliwice.pl\\\/wiadomosci\\\/30-final-wosp-juz-za-nami-w-tym-roku-bez-rekordu-ale-zebrana-dla-fundacji-kwota-rownie-cieszy\\\/#primaryimage\"},\"thumbnailUrl\":\"https:\\\/\\\/www.24gliwice.pl\\\/wiadomosci\\\/wp-content\\\/uploads\\\/2022\\\/02\\\/wosp2022_25_mosquidron.jpg\",\"datePublished\":\"2022-02-01T14:52:47+00:00\",\"dateModified\":\"2022-02-03T12:24:25+00:00\",\"breadcrumb\":{\"@id\":\"https:\\\/\\\/www.24gliwice.pl\\\/wiadomosci\\\/30-final-wosp-juz-za-nami-w-tym-roku-bez-rekordu-ale-zebrana-dla-fundacji-kwota-rownie-cieszy\\\/#breadcrumb\"},\"inLanguage\":\"pl-PL\",\"potentialAction\":[{\"@type\":\"ReadAction\",\"target\":[\"https:\\\/\\\/www.24gliwice.pl\\\/wiadomosci\\\/30-final-wosp-juz-za-nami-w-tym-roku-bez-rekordu-ale-zebrana-dla-fundacji-kwota-rownie-cieszy\\\/\"]}]},{\"@type\":\"ImageObject\",\"inLanguage\":\"pl-PL\",\"@id\":\"https:\\\/\\\/www.24gliwice.pl\\\/wiadomosci\\\/30-final-wosp-juz-za-nami-w-tym-roku-bez-rekordu-ale-zebrana-dla-fundacji-kwota-rownie-cieszy\\\/#primaryimage\",\"url\":\"https:\\\/\\\/www.24gliwice.pl\\\/wiadomosci\\\/wp-content\\\/uploads\\\/2022\\\/02\\\/wosp2022_25_mosquidron.jpg\",\"contentUrl\":\"https:\\\/\\\/www.24gliwice.pl\\\/wiadomosci\\\/wp-content\\\/uploads\\\/2022\\\/02\\\/wosp2022_25_mosquidron.jpg\",\"width\":810,\"height\":456},{\"@type\":\"BreadcrumbList\",\"@id\":\"https:\\\/\\\/www.24gliwice.pl\\\/wiadomosci\\\/30-final-wosp-juz-za-nami-w-tym-roku-bez-rekordu-ale-zebrana-dla-fundacji-kwota-rownie-cieszy\\\/#breadcrumb\",\"itemListElement\":[{\"@type\":\"ListItem\",\"position\":1,\"name\":\"Strona g\u0142\u00f3wna\",\"item\":\"https:\\\/\\\/www.24gliwice.pl\\\/wiadomosci\\\/\"},{\"@type\":\"ListItem\",\"position\":2,\"name\":\"30. fina\u0142 WO\u015aP ju\u017c za nami. W tym roku bez rekordu, ale zebrana dla Fundacji kwota r\u00f3wnie cieszy\"}]},{\"@type\":\"WebSite\",\"@id\":\"https:\\\/\\\/www.24gliwice.pl\\\/wiadomosci\\\/#website\",\"url\":\"https:\\\/\\\/www.24gliwice.pl\\\/wiadomosci\\\/\",\"name\":\"24GLIWICE - Portal Gliwice | codziennie nowe wiadomo\u015bci\",\"description\":\"Portal Miejski Gliwice\",\"publisher\":{\"@id\":\"https:\\\/\\\/www.24gliwice.pl\\\/wiadomosci\\\/#organization\"},\"potentialAction\":[{\"@type\":\"SearchAction\",\"target\":{\"@type\":\"EntryPoint\",\"urlTemplate\":\"https:\\\/\\\/www.24gliwice.pl\\\/wiadomosci\\\/?s={search_term_string}\"},\"query-input\":{\"@type\":\"PropertyValueSpecification\",\"valueRequired\":true,\"valueName\":\"search_term_string\"}}],\"inLanguage\":\"pl-PL\"},{\"@type\":\"Organization\",\"@id\":\"https:\\\/\\\/www.24gliwice.pl\\\/wiadomosci\\\/#organization\",\"name\":\"24gliwice\",\"url\":\"https:\\\/\\\/www.24gliwice.pl\\\/wiadomosci\\\/\",\"logo\":{\"@type\":\"ImageObject\",\"inLanguage\":\"pl-PL\",\"@id\":\"https:\\\/\\\/www.24gliwice.pl\\\/wiadomosci\\\/#\\\/schema\\\/logo\\\/image\\\/\",\"url\":\"https:\\\/\\\/www.24gliwice.pl\\\/wiadomosci\\\/wp-content\\\/uploads\\\/2024\\\/10\\\/24gliwice-logo-696.jpg\",\"contentUrl\":\"https:\\\/\\\/www.24gliwice.pl\\\/wiadomosci\\\/wp-content\\\/uploads\\\/2024\\\/10\\\/24gliwice-logo-696.jpg\",\"width\":696,\"height\":696,\"caption\":\"24gliwice\"},\"image\":{\"@id\":\"https:\\\/\\\/www.24gliwice.pl\\\/wiadomosci\\\/#\\\/schema\\\/logo\\\/image\\\/\"},\"sameAs\":[\"https:\\\/\\\/www.facebook.com\\\/24gliwice\",\"https:\\\/\\\/x.com\\\/24gliwice\",\"https:\\\/\\\/www.youtube.com\\\/@24gliwice\"]},{\"@type\":\"Person\",\"@id\":\"https:\\\/\\\/www.24gliwice.pl\\\/wiadomosci\\\/#\\\/schema\\\/person\\\/e42c650edd7f2fa332be3811fb166b6e\",\"name\":\"\u017baneta Mrozek-Siewierska\",\"image\":{\"@type\":\"ImageObject\",\"inLanguage\":\"pl-PL\",\"@id\":\"https:\\\/\\\/www.24gliwice.pl\\\/wiadomosci\\\/wp-content\\\/uploads\\\/2021\\\/11\\\/Zaneta-M_S-zdjecie-czb-96x96.jpg\",\"url\":\"https:\\\/\\\/www.24gliwice.pl\\\/wiadomosci\\\/wp-content\\\/uploads\\\/2021\\\/11\\\/Zaneta-M_S-zdjecie-czb-96x96.jpg\",\"contentUrl\":\"https:\\\/\\\/www.24gliwice.pl\\\/wiadomosci\\\/wp-content\\\/uploads\\\/2021\\\/11\\\/Zaneta-M_S-zdjecie-czb-96x96.jpg\",\"caption\":\"\u017baneta Mrozek-Siewierska\"},\"url\":\"https:\\\/\\\/www.24gliwice.pl\\\/wiadomosci\\\/author\\\/zms\\\/\"}]}<\/script>\n<!-- \/ Yoast SEO plugin. -->","yoast_head_json":{"title":"30. fina\u0142 WO\u015aP ju\u017c za nami. W tym roku bez rekordu, ale zebrana dla Fundacji kwota r\u00f3wnie cieszy - 24GLIWICE - Portal Gliwice | codziennie nowe informacje","robots":{"index":"index","follow":"follow","max-snippet":"max-snippet:-1","max-image-preview":"max-image-preview:large","max-video-preview":"max-video-preview:-1"},"canonical":"https:\/\/www.24gliwice.pl\/wiadomosci\/30-final-wosp-juz-za-nami-w-tym-roku-bez-rekordu-ale-zebrana-dla-fundacji-kwota-rownie-cieszy\/","og_locale":"pl_PL","og_type":"article","og_title":"30. fina\u0142 WO\u015aP ju\u017c za nami. W tym roku bez rekordu, ale zebrana dla Fundacji kwota r\u00f3wnie cieszy - 24GLIWICE - Portal Gliwice | codziennie nowe informacje","og_description":"Za nami 30. fina\u0142 Wielkiej Orkiestry \u015awi\u0105tecznej pomocy. W tym roku wynik zbi\u00f3rki nie jest rekordowy, ale mimo wszystko s\u0105 powody do rado\u015bci. Na popraw\u0119 standard\u00f3w leczenia okulistycznego dzieci zebrano niespe\u0142na 300 tys. z\u0142. W styczniu 2021 r. by\u0142a to kwota 331 658,61 z\u0142, tym razem 288 901,21 z\u0142. To ponad 40 tysi\u0119cy mniej, jednak, [&hellip;]","og_url":"https:\/\/www.24gliwice.pl\/wiadomosci\/30-final-wosp-juz-za-nami-w-tym-roku-bez-rekordu-ale-zebrana-dla-fundacji-kwota-rownie-cieszy\/","og_site_name":"24GLIWICE - Portal Gliwice | codziennie nowe informacje","article_publisher":"https:\/\/www.facebook.com\/24gliwice","article_published_time":"2022-02-01T14:52:47+00:00","article_modified_time":"2022-02-03T12:24:25+00:00","og_image":[{"width":810,"height":456,"url":"https:\/\/www.24gliwice.pl\/wiadomosci\/wp-content\/uploads\/2022\/02\/wosp2022_25_mosquidron.jpg","type":"image\/jpeg"}],"author":"\u017baneta Mrozek-Siewierska","twitter_card":"summary_large_image","twitter_creator":"@24gliwice","twitter_site":"@24gliwice","twitter_misc":{"Napisane przez":"\u017baneta Mrozek-Siewierska","Szacowany czas czytania":"2 minuty"},"schema":{"@context":"https:\/\/schema.org","@graph":[{"@type":"Article","@id":"https:\/\/www.24gliwice.pl\/wiadomosci\/30-final-wosp-juz-za-nami-w-tym-roku-bez-rekordu-ale-zebrana-dla-fundacji-kwota-rownie-cieszy\/#article","isPartOf":{"@id":"https:\/\/www.24gliwice.pl\/wiadomosci\/30-final-wosp-juz-za-nami-w-tym-roku-bez-rekordu-ale-zebrana-dla-fundacji-kwota-rownie-cieszy\/"},"author":{"name":"\u017baneta Mrozek-Siewierska","@id":"https:\/\/www.24gliwice.pl\/wiadomosci\/#\/schema\/person\/e42c650edd7f2fa332be3811fb166b6e"},"headline":"30. fina\u0142 WO\u015aP ju\u017c za nami. W tym roku bez rekordu, ale zebrana dla Fundacji kwota r\u00f3wnie cieszy","datePublished":"2022-02-01T14:52:47+00:00","dateModified":"2022-02-03T12:24:25+00:00","mainEntityOfPage":{"@id":"https:\/\/www.24gliwice.pl\/wiadomosci\/30-final-wosp-juz-za-nami-w-tym-roku-bez-rekordu-ale-zebrana-dla-fundacji-kwota-rownie-cieszy\/"},"wordCount":458,"commentCount":0,"publisher":{"@id":"https:\/\/www.24gliwice.pl\/wiadomosci\/#organization"},"image":{"@id":"https:\/\/www.24gliwice.pl\/wiadomosci\/30-final-wosp-juz-za-nami-w-tym-roku-bez-rekordu-ale-zebrana-dla-fundacji-kwota-rownie-cieszy\/#primaryimage"},"thumbnailUrl":"https:\/\/www.24gliwice.pl\/wiadomosci\/wp-content\/uploads\/2022\/02\/wosp2022_25_mosquidron.jpg","articleSection":["Gliwice","Kultura, wydarzenia, imprezy","Najnowsze wiadomo\u015bci"],"inLanguage":"pl-PL","potentialAction":[{"@type":"CommentAction","name":"Comment","target":["https:\/\/www.24gliwice.pl\/wiadomosci\/30-final-wosp-juz-za-nami-w-tym-roku-bez-rekordu-ale-zebrana-dla-fundacji-kwota-rownie-cieszy\/#respond"]}]},{"@type":"WebPage","@id":"https:\/\/www.24gliwice.pl\/wiadomosci\/30-final-wosp-juz-za-nami-w-tym-roku-bez-rekordu-ale-zebrana-dla-fundacji-kwota-rownie-cieszy\/","url":"https:\/\/www.24gliwice.pl\/wiadomosci\/30-final-wosp-juz-za-nami-w-tym-roku-bez-rekordu-ale-zebrana-dla-fundacji-kwota-rownie-cieszy\/","name":"30. fina\u0142 WO\u015aP ju\u017c za nami. W tym roku bez rekordu, ale zebrana dla Fundacji kwota r\u00f3wnie cieszy - 24GLIWICE - Portal Gliwice | codziennie nowe informacje","isPartOf":{"@id":"https:\/\/www.24gliwice.pl\/wiadomosci\/#website"},"primaryImageOfPage":{"@id":"https:\/\/www.24gliwice.pl\/wiadomosci\/30-final-wosp-juz-za-nami-w-tym-roku-bez-rekordu-ale-zebrana-dla-fundacji-kwota-rownie-cieszy\/#primaryimage"},"image":{"@id":"https:\/\/www.24gliwice.pl\/wiadomosci\/30-final-wosp-juz-za-nami-w-tym-roku-bez-rekordu-ale-zebrana-dla-fundacji-kwota-rownie-cieszy\/#primaryimage"},"thumbnailUrl":"https:\/\/www.24gliwice.pl\/wiadomosci\/wp-content\/uploads\/2022\/02\/wosp2022_25_mosquidron.jpg","datePublished":"2022-02-01T14:52:47+00:00","dateModified":"2022-02-03T12:24:25+00:00","breadcrumb":{"@id":"https:\/\/www.24gliwice.pl\/wiadomosci\/30-final-wosp-juz-za-nami-w-tym-roku-bez-rekordu-ale-zebrana-dla-fundacji-kwota-rownie-cieszy\/#breadcrumb"},"inLanguage":"pl-PL","potentialAction":[{"@type":"ReadAction","target":["https:\/\/www.24gliwice.pl\/wiadomosci\/30-final-wosp-juz-za-nami-w-tym-roku-bez-rekordu-ale-zebrana-dla-fundacji-kwota-rownie-cieszy\/"]}]},{"@type":"ImageObject","inLanguage":"pl-PL","@id":"https:\/\/www.24gliwice.pl\/wiadomosci\/30-final-wosp-juz-za-nami-w-tym-roku-bez-rekordu-ale-zebrana-dla-fundacji-kwota-rownie-cieszy\/#primaryimage","url":"https:\/\/www.24gliwice.pl\/wiadomosci\/wp-content\/uploads\/2022\/02\/wosp2022_25_mosquidron.jpg","contentUrl":"https:\/\/www.24gliwice.pl\/wiadomosci\/wp-content\/uploads\/2022\/02\/wosp2022_25_mosquidron.jpg","width":810,"height":456},{"@type":"BreadcrumbList","@id":"https:\/\/www.24gliwice.pl\/wiadomosci\/30-final-wosp-juz-za-nami-w-tym-roku-bez-rekordu-ale-zebrana-dla-fundacji-kwota-rownie-cieszy\/#breadcrumb","itemListElement":[{"@type":"ListItem","position":1,"name":"Strona g\u0142\u00f3wna","item":"https:\/\/www.24gliwice.pl\/wiadomosci\/"},{"@type":"ListItem","position":2,"name":"30. fina\u0142 WO\u015aP ju\u017c za nami. W tym roku bez rekordu, ale zebrana dla Fundacji kwota r\u00f3wnie cieszy"}]},{"@type":"WebSite","@id":"https:\/\/www.24gliwice.pl\/wiadomosci\/#website","url":"https:\/\/www.24gliwice.pl\/wiadomosci\/","name":"24GLIWICE - Portal Gliwice | codziennie nowe wiadomo\u015bci","description":"Portal Miejski Gliwice","publisher":{"@id":"https:\/\/www.24gliwice.pl\/wiadomosci\/#organization"},"potentialAction":[{"@type":"SearchAction","target":{"@type":"EntryPoint","urlTemplate":"https:\/\/www.24gliwice.pl\/wiadomosci\/?s={search_term_string}"},"query-input":{"@type":"PropertyValueSpecification","valueRequired":true,"valueName":"search_term_string"}}],"inLanguage":"pl-PL"},{"@type":"Organization","@id":"https:\/\/www.24gliwice.pl\/wiadomosci\/#organization","name":"24gliwice","url":"https:\/\/www.24gliwice.pl\/wiadomosci\/","logo":{"@type":"ImageObject","inLanguage":"pl-PL","@id":"https:\/\/www.24gliwice.pl\/wiadomosci\/#\/schema\/logo\/image\/","url":"https:\/\/www.24gliwice.pl\/wiadomosci\/wp-content\/uploads\/2024\/10\/24gliwice-logo-696.jpg","contentUrl":"https:\/\/www.24gliwice.pl\/wiadomosci\/wp-content\/uploads\/2024\/10\/24gliwice-logo-696.jpg","width":696,"height":696,"caption":"24gliwice"},"image":{"@id":"https:\/\/www.24gliwice.pl\/wiadomosci\/#\/schema\/logo\/image\/"},"sameAs":["https:\/\/www.facebook.com\/24gliwice","https:\/\/x.com\/24gliwice","https:\/\/www.youtube.com\/@24gliwice"]},{"@type":"Person","@id":"https:\/\/www.24gliwice.pl\/wiadomosci\/#\/schema\/person\/e42c650edd7f2fa332be3811fb166b6e","name":"\u017baneta Mrozek-Siewierska","image":{"@type":"ImageObject","inLanguage":"pl-PL","@id":"https:\/\/www.24gliwice.pl\/wiadomosci\/wp-content\/uploads\/2021\/11\/Zaneta-M_S-zdjecie-czb-96x96.jpg","url":"https:\/\/www.24gliwice.pl\/wiadomosci\/wp-content\/uploads\/2021\/11\/Zaneta-M_S-zdjecie-czb-96x96.jpg","contentUrl":"https:\/\/www.24gliwice.pl\/wiadomosci\/wp-content\/uploads\/2021\/11\/Zaneta-M_S-zdjecie-czb-96x96.jpg","caption":"\u017baneta Mrozek-Siewierska"},"url":"https:\/\/www.24gliwice.pl\/wiadomosci\/author\/zms\/"}]}},"_links":{"self":[{"href":"https:\/\/www.24gliwice.pl\/wiadomosci\/wp-json\/wp\/v2\/posts\/185489","targetHints":{"allow":["GET"]}}],"collection":[{"href":"https:\/\/www.24gliwice.pl\/wiadomosci\/wp-json\/wp\/v2\/posts"}],"about":[{"href":"https:\/\/www.24gliwice.pl\/wiadomosci\/wp-json\/wp\/v2\/types\/post"}],"author":[{"embeddable":true,"href":"https:\/\/www.24gliwice.pl\/wiadomosci\/wp-json\/wp\/v2\/users\/15"}],"replies":[{"embeddable":true,"href":"https:\/\/www.24gliwice.pl\/wiadomosci\/wp-json\/wp\/v2\/comments?post=185489"}],"version-history":[{"count":9,"href":"https:\/\/www.24gliwice.pl\/wiadomosci\/wp-json\/wp\/v2\/posts\/185489\/revisions"}],"predecessor-version":[{"id":185730,"href":"https:\/\/www.24gliwice.pl\/wiadomosci\/wp-json\/wp\/v2\/posts\/185489\/revisions\/185730"}],"wp:featuredmedia":[{"embeddable":true,"href":"https:\/\/www.24gliwice.pl\/wiadomosci\/wp-json\/wp\/v2\/media\/185492"}],"wp:attachment":[{"href":"https:\/\/www.24gliwice.pl\/wiadomosci\/wp-json\/wp\/v2\/media?parent=185489"}],"wp:term":[{"taxonomy":"category","embeddable":true,"href":"https:\/\/www.24gliwice.pl\/wiadomosci\/wp-json\/wp\/v2\/categories?post=185489"},{"taxonomy":"post_tag","embeddable":true,"href":"https:\/\/www.24gliwice.pl\/wiadomosci\/wp-json\/wp\/v2\/tags?post=185489"}],"curies":[{"name":"wp","href":"https:\/\/api.w.org\/{rel}","templated":true}]}}