{"id":185610,"date":"2022-02-02T16:37:18","date_gmt":"2022-02-02T15:37:18","guid":{"rendered":"https:\/\/www.24gliwice.pl\/wiadomosci\/?p=185610"},"modified":"2022-02-02T16:38:35","modified_gmt":"2022-02-02T15:38:35","slug":"atrakcje-dla-fanow-azji-w-gliwicach-azjatyckie-ferie-zimowe","status":"publish","type":"post","link":"https:\/\/www.24gliwice.pl\/wiadomosci\/atrakcje-dla-fanow-azji-w-gliwicach-azjatyckie-ferie-zimowe\/","title":{"rendered":"Atrakcje dla fan\u00f3w Azji w Gliwicach. Azjatyckie ferie zimowe"},"content":{"rendered":"<h2>Ferie zimowe coraz bli\u017cej. Z tej okazji przygotowywanych jest wiele atrakcji dla dzieci i m\u0142odzie\u017cy w naszym regionie. Jedn\u0105 z nich s\u0105 azjatyckie p\u00f3\u0142kolonie organizowane przez szko\u0142\u0119 j\u0119zykow\u0105 Hiromi. <\/h2>\n<p>&nbsp;<br \/>\nTo ju\u017c \u00f3sma edycja organizowanych przez nasz\u0105 szko\u0142\u0119 p\u00f3\u0142kolonii, a pierwsza w Gliwicach. To idealna propozycja dla dzieci i m\u0142odzie\u017cy w wieku 9-16 lat, kt\u00f3re interesuj\u0105 si\u0119 kultur\u0105 japo\u0144sk\u0105 lub korea\u0144sk\u0105. <\/p>\n<p>W trakcie pi\u0119ciodniowych p\u00f3\u0142kolonii uczestnicy naucz\u0105 si\u0119 podstaw j\u0119zyka japo\u0144skiego, korea\u0144skiego i chi\u0144skiego, wezm\u0105 udzia\u0142 w warsztatach tematycznych mi\u0119dzy innymi origami, japo\u0144skiego pakowania prezent\u00f3w furoshiki czy malarstwa akrylowego, a tak\u017ce wys\u0142uchaj\u0105 ciekawych prezentacji kulturowych. Zako\u0144czeniu p\u00f3\u0142kolonii tradycyjnie ju\u017c towarzyszy degustacja sushi.<\/p>\n<p>Pe\u0142ny plan p\u00f3\u0142kolonii oraz cennik znajduj\u0105 si\u0119 na stronie <a href=\"https:\/\/gliwice.hiromi.pl\/wydarzenia\/azjatyckie-ferie-zimowe-2022\" rel=\"noopener\" target=\"_blank\"><strong>p\u00f3\u0142kolonii w Gliwicach<\/strong><\/a>.<\/p>\n<p><img loading=\"lazy\" decoding=\"async\" src=\"https:\/\/www.24gliwice.pl\/wiadomosci\/wp-content\/uploads\/2022\/02\/hiromi-1.jpg\" alt=\"\" width=\"810\" height=\"456\" class=\"aligncenter size-full wp-image-185617\" srcset=\"https:\/\/www.24gliwice.pl\/wiadomosci\/wp-content\/uploads\/2022\/02\/hiromi-1.jpg 810w, https:\/\/www.24gliwice.pl\/wiadomosci\/wp-content\/uploads\/2022\/02\/hiromi-1-410x232.jpg 410w, https:\/\/www.24gliwice.pl\/wiadomosci\/wp-content\/uploads\/2022\/02\/hiromi-1-808x455.jpg 808w, https:\/\/www.24gliwice.pl\/wiadomosci\/wp-content\/uploads\/2022\/02\/hiromi-1-768x432.jpg 768w\" sizes=\"auto, (max-width: 810px) 100vw, 810px\" \/><\/p>\n<h3>Nie tylko p\u00f3\u0142kolonie<\/h3>\n<p>Dla os\u00f3b zainteresowanych j\u0119zykiem japo\u0144skim, korea\u0144skim lub chi\u0144skim szko\u0142a Hiromi oferuje r\u00f3wnie\u017c kursy od poziomu podstawowego do zaawansowanego. W\u0142a\u015bnie trwaj\u0105 zapis na kursy grupowe, kt\u00f3re rozpoczynaj\u0105 si\u0119 ju\u017c w lutym. Je\u017celi interesujesz si\u0119 kt\u00f3rym\u015b z tych j\u0119zyk\u00f3w to zach\u0119camy do zapis\u00f3w. Pierwsze zaj\u0119cia s\u0105 bezp\u0142atne. Wi\u0119cej o kursach grupowych lub indywidualnych mo\u017cesz przeczyta\u0107 na stronie <a href=\"https:\/\/gliwice.hiromi.pl\/\" rel=\"noopener\" target=\"_blank\"><strong>szko\u0142y j\u0119zykowej Hiromi<\/strong><\/a>.<\/p>\n<p><img loading=\"lazy\" decoding=\"async\" src=\"https:\/\/www.24gliwice.pl\/wiadomosci\/wp-content\/uploads\/2022\/02\/hiromi-2.jpg\" alt=\"\" width=\"810\" height=\"456\" class=\"aligncenter size-full wp-image-185618\" srcset=\"https:\/\/www.24gliwice.pl\/wiadomosci\/wp-content\/uploads\/2022\/02\/hiromi-2.jpg 810w, https:\/\/www.24gliwice.pl\/wiadomosci\/wp-content\/uploads\/2022\/02\/hiromi-2-410x232.jpg 410w, https:\/\/www.24gliwice.pl\/wiadomosci\/wp-content\/uploads\/2022\/02\/hiromi-2-808x455.jpg 808w, https:\/\/www.24gliwice.pl\/wiadomosci\/wp-content\/uploads\/2022\/02\/hiromi-2-768x432.jpg 768w\" sizes=\"auto, (max-width: 810px) 100vw, 810px\" \/><\/p>\n<p><img loading=\"lazy\" decoding=\"async\" src=\"https:\/\/www.24gliwice.pl\/wiadomosci\/wp-content\/uploads\/2022\/02\/hiromi-3.jpg\" alt=\"\" width=\"810\" height=\"456\" class=\"aligncenter size-full wp-image-185619\" srcset=\"https:\/\/www.24gliwice.pl\/wiadomosci\/wp-content\/uploads\/2022\/02\/hiromi-3.jpg 810w, https:\/\/www.24gliwice.pl\/wiadomosci\/wp-content\/uploads\/2022\/02\/hiromi-3-410x232.jpg 410w, https:\/\/www.24gliwice.pl\/wiadomosci\/wp-content\/uploads\/2022\/02\/hiromi-3-808x455.jpg 808w, https:\/\/www.24gliwice.pl\/wiadomosci\/wp-content\/uploads\/2022\/02\/hiromi-3-768x432.jpg 768w\" sizes=\"auto, (max-width: 810px) 100vw, 810px\" \/><\/p>\n<h3>Inne wydarzenia <\/h3>\n<p>Fani Japonii i Korei Po\u0142udniowej powinni koniecznie \u015bledzi\u0107 wydarzenia na stronie szko\u0142y, poniewa\u017c poza kursami i p\u00f3\u0142koloniami w ofercie Hiromi pojawiaj\u0105 si\u0119 inne atrakcje takie jak na przyk\u0142ad <a href=\"https:\/\/manga.hiromi.pl\/\" rel=\"noopener\" target=\"_blank\"><strong>kursy rysowania mangi<\/strong><\/a>, dni otwarte, a tak\u017ce bezp\u0142atne wydarzenia, podczas kt\u00f3rych mo\u017cna wzi\u0105\u0107 udzia\u0142 w warsztatach artystycznych, warsztatach ta\u0144ca k-pop, lekcjach pokazowych, wyk\u0142adach i panelach po\u015bwi\u0119conych r\u00f3\u017cnym elementom kultury azjatyckiej.<\/p>\n<p><img loading=\"lazy\" decoding=\"async\" src=\"https:\/\/www.24gliwice.pl\/wiadomosci\/wp-content\/uploads\/2022\/02\/hiromi-4.jpg\" alt=\"\" width=\"810\" height=\"456\" class=\"aligncenter size-full wp-image-185620\" srcset=\"https:\/\/www.24gliwice.pl\/wiadomosci\/wp-content\/uploads\/2022\/02\/hiromi-4.jpg 810w, https:\/\/www.24gliwice.pl\/wiadomosci\/wp-content\/uploads\/2022\/02\/hiromi-4-410x232.jpg 410w, https:\/\/www.24gliwice.pl\/wiadomosci\/wp-content\/uploads\/2022\/02\/hiromi-4-808x455.jpg 808w, https:\/\/www.24gliwice.pl\/wiadomosci\/wp-content\/uploads\/2022\/02\/hiromi-4-768x432.jpg 768w\" sizes=\"auto, (max-width: 810px) 100vw, 810px\" \/><\/p>\n<p><small>materia\u0142 partnera<\/small><\/p>\n","protected":false},"excerpt":{"rendered":"<p>Ferie zimowe coraz bli\u017cej. Z tej okazji przygotowywanych jest wiele atrakcji dla dzieci i m\u0142odzie\u017cy w naszym regionie. Jedn\u0105 z nich s\u0105 azjatyckie p\u00f3\u0142kolonie organizowane przez szko\u0142\u0119 j\u0119zykow\u0105 Hiromi. &nbsp; To ju\u017c \u00f3sma edycja organizowanych przez nasz\u0105 szko\u0142\u0119 p\u00f3\u0142kolonii, a pierwsza w Gliwicach. To idealna propozycja dla dzieci i m\u0142odzie\u017cy w wieku 9-16 lat, kt\u00f3re [&hellip;]<\/p>\n","protected":false},"author":4,"featured_media":185621,"comment_status":"closed","ping_status":"closed","sticky":false,"template":"","format":"standard","meta":{"_monsterinsights_skip_tracking":false,"_monsterinsights_sitenote_active":false,"_monsterinsights_sitenote_note":"","_monsterinsights_sitenote_category":0,"footnotes":"","_links_to":"","_links_to_target":""},"categories":[3,6,1,1129],"tags":[11096],"class_list":["post-185610","post","type-post","status-publish","format-standard","has-post-thumbnail","hentry","category-gliwice","category-kultura","category-wszystko","category-polecamy","tag-ferie-zimowe"],"yoast_head":"<!-- This site is optimized with the Yoast SEO plugin v27.4 - https:\/\/yoast.com\/product\/yoast-seo-wordpress\/ -->\n<title>Atrakcje dla fan\u00f3w Azji w Gliwicach. Azjatyckie ferie zimowe - 24GLIWICE - Portal Gliwice | codziennie nowe informacje<\/title>\n<meta name=\"robots\" content=\"index, follow, max-snippet:-1, max-image-preview:large, max-video-preview:-1\" \/>\n<link rel=\"canonical\" href=\"https:\/\/www.24gliwice.pl\/wiadomosci\/atrakcje-dla-fanow-azji-w-gliwicach-azjatyckie-ferie-zimowe\/\" \/>\n<meta property=\"og:locale\" content=\"pl_PL\" \/>\n<meta property=\"og:type\" content=\"article\" \/>\n<meta property=\"og:title\" content=\"Atrakcje dla fan\u00f3w Azji w Gliwicach. Azjatyckie ferie zimowe - 24GLIWICE - Portal Gliwice | codziennie nowe informacje\" \/>\n<meta property=\"og:description\" content=\"Ferie zimowe coraz bli\u017cej. Z tej okazji przygotowywanych jest wiele atrakcji dla dzieci i m\u0142odzie\u017cy w naszym regionie. Jedn\u0105 z nich s\u0105 azjatyckie p\u00f3\u0142kolonie organizowane przez szko\u0142\u0119 j\u0119zykow\u0105 Hiromi. &nbsp; To ju\u017c \u00f3sma edycja organizowanych przez nasz\u0105 szko\u0142\u0119 p\u00f3\u0142kolonii, a pierwsza w Gliwicach. To idealna propozycja dla dzieci i m\u0142odzie\u017cy w wieku 9-16 lat, kt\u00f3re [&hellip;]\" \/>\n<meta property=\"og:url\" content=\"https:\/\/www.24gliwice.pl\/wiadomosci\/atrakcje-dla-fanow-azji-w-gliwicach-azjatyckie-ferie-zimowe\/\" \/>\n<meta property=\"og:site_name\" content=\"24GLIWICE - Portal Gliwice | codziennie nowe informacje\" \/>\n<meta property=\"article:publisher\" content=\"https:\/\/www.facebook.com\/24gliwice\" \/>\n<meta property=\"article:author\" content=\"https:\/\/www.facebook.com\/marcin.fabrykowski\" \/>\n<meta property=\"article:published_time\" content=\"2022-02-02T15:37:18+00:00\" \/>\n<meta property=\"article:modified_time\" content=\"2022-02-02T15:38:35+00:00\" \/>\n<meta property=\"og:image\" content=\"https:\/\/www.24gliwice.pl\/wiadomosci\/wp-content\/uploads\/2022\/02\/hiromi-zdjecie-glowne.jpg\" \/>\n\t<meta property=\"og:image:width\" content=\"810\" \/>\n\t<meta property=\"og:image:height\" content=\"456\" \/>\n\t<meta property=\"og:image:type\" content=\"image\/jpeg\" \/>\n<meta name=\"author\" content=\"Marcin Fabrykowski\" \/>\n<meta name=\"twitter:card\" content=\"summary_large_image\" \/>\n<meta name=\"twitter:creator\" content=\"@24gliwice\" \/>\n<meta name=\"twitter:site\" content=\"@24gliwice\" \/>\n<meta name=\"twitter:label1\" content=\"Napisane przez\" \/>\n\t<meta name=\"twitter:data1\" content=\"Marcin Fabrykowski\" \/>\n\t<meta name=\"twitter:label2\" content=\"Szacowany czas czytania\" \/>\n\t<meta name=\"twitter:data2\" content=\"2 minuty\" \/>\n<script type=\"application\/ld+json\" class=\"yoast-schema-graph\">{\"@context\":\"https:\\\/\\\/schema.org\",\"@graph\":[{\"@type\":\"Article\",\"@id\":\"https:\\\/\\\/www.24gliwice.pl\\\/wiadomosci\\\/atrakcje-dla-fanow-azji-w-gliwicach-azjatyckie-ferie-zimowe\\\/#article\",\"isPartOf\":{\"@id\":\"https:\\\/\\\/www.24gliwice.pl\\\/wiadomosci\\\/atrakcje-dla-fanow-azji-w-gliwicach-azjatyckie-ferie-zimowe\\\/\"},\"author\":{\"name\":\"Marcin Fabrykowski\",\"@id\":\"https:\\\/\\\/www.24gliwice.pl\\\/wiadomosci\\\/#\\\/schema\\\/person\\\/cb5857e4a4d048c15984c1edcc8ef0c0\"},\"headline\":\"Atrakcje dla fan\u00f3w Azji w Gliwicach. Azjatyckie ferie zimowe\",\"datePublished\":\"2022-02-02T15:37:18+00:00\",\"dateModified\":\"2022-02-02T15:38:35+00:00\",\"mainEntityOfPage\":{\"@id\":\"https:\\\/\\\/www.24gliwice.pl\\\/wiadomosci\\\/atrakcje-dla-fanow-azji-w-gliwicach-azjatyckie-ferie-zimowe\\\/\"},\"wordCount\":310,\"publisher\":{\"@id\":\"https:\\\/\\\/www.24gliwice.pl\\\/wiadomosci\\\/#organization\"},\"image\":{\"@id\":\"https:\\\/\\\/www.24gliwice.pl\\\/wiadomosci\\\/atrakcje-dla-fanow-azji-w-gliwicach-azjatyckie-ferie-zimowe\\\/#primaryimage\"},\"thumbnailUrl\":\"https:\\\/\\\/www.24gliwice.pl\\\/wiadomosci\\\/wp-content\\\/uploads\\\/2022\\\/02\\\/hiromi-zdjecie-glowne.jpg\",\"keywords\":[\"ferie zimowe\"],\"articleSection\":[\"Gliwice\",\"Kultura, wydarzenia, imprezy\",\"Najnowsze wiadomo\u015bci\",\"Polecamy\"],\"inLanguage\":\"pl-PL\"},{\"@type\":\"WebPage\",\"@id\":\"https:\\\/\\\/www.24gliwice.pl\\\/wiadomosci\\\/atrakcje-dla-fanow-azji-w-gliwicach-azjatyckie-ferie-zimowe\\\/\",\"url\":\"https:\\\/\\\/www.24gliwice.pl\\\/wiadomosci\\\/atrakcje-dla-fanow-azji-w-gliwicach-azjatyckie-ferie-zimowe\\\/\",\"name\":\"Atrakcje dla fan\u00f3w Azji w Gliwicach. Azjatyckie ferie zimowe - 24GLIWICE - Portal Gliwice | codziennie nowe informacje\",\"isPartOf\":{\"@id\":\"https:\\\/\\\/www.24gliwice.pl\\\/wiadomosci\\\/#website\"},\"primaryImageOfPage\":{\"@id\":\"https:\\\/\\\/www.24gliwice.pl\\\/wiadomosci\\\/atrakcje-dla-fanow-azji-w-gliwicach-azjatyckie-ferie-zimowe\\\/#primaryimage\"},\"image\":{\"@id\":\"https:\\\/\\\/www.24gliwice.pl\\\/wiadomosci\\\/atrakcje-dla-fanow-azji-w-gliwicach-azjatyckie-ferie-zimowe\\\/#primaryimage\"},\"thumbnailUrl\":\"https:\\\/\\\/www.24gliwice.pl\\\/wiadomosci\\\/wp-content\\\/uploads\\\/2022\\\/02\\\/hiromi-zdjecie-glowne.jpg\",\"datePublished\":\"2022-02-02T15:37:18+00:00\",\"dateModified\":\"2022-02-02T15:38:35+00:00\",\"breadcrumb\":{\"@id\":\"https:\\\/\\\/www.24gliwice.pl\\\/wiadomosci\\\/atrakcje-dla-fanow-azji-w-gliwicach-azjatyckie-ferie-zimowe\\\/#breadcrumb\"},\"inLanguage\":\"pl-PL\",\"potentialAction\":[{\"@type\":\"ReadAction\",\"target\":[\"https:\\\/\\\/www.24gliwice.pl\\\/wiadomosci\\\/atrakcje-dla-fanow-azji-w-gliwicach-azjatyckie-ferie-zimowe\\\/\"]}]},{\"@type\":\"ImageObject\",\"inLanguage\":\"pl-PL\",\"@id\":\"https:\\\/\\\/www.24gliwice.pl\\\/wiadomosci\\\/atrakcje-dla-fanow-azji-w-gliwicach-azjatyckie-ferie-zimowe\\\/#primaryimage\",\"url\":\"https:\\\/\\\/www.24gliwice.pl\\\/wiadomosci\\\/wp-content\\\/uploads\\\/2022\\\/02\\\/hiromi-zdjecie-glowne.jpg\",\"contentUrl\":\"https:\\\/\\\/www.24gliwice.pl\\\/wiadomosci\\\/wp-content\\\/uploads\\\/2022\\\/02\\\/hiromi-zdjecie-glowne.jpg\",\"width\":810,\"height\":456},{\"@type\":\"BreadcrumbList\",\"@id\":\"https:\\\/\\\/www.24gliwice.pl\\\/wiadomosci\\\/atrakcje-dla-fanow-azji-w-gliwicach-azjatyckie-ferie-zimowe\\\/#breadcrumb\",\"itemListElement\":[{\"@type\":\"ListItem\",\"position\":1,\"name\":\"Strona g\u0142\u00f3wna\",\"item\":\"https:\\\/\\\/www.24gliwice.pl\\\/wiadomosci\\\/\"},{\"@type\":\"ListItem\",\"position\":2,\"name\":\"Atrakcje dla fan\u00f3w Azji w Gliwicach. Azjatyckie ferie zimowe\"}]},{\"@type\":\"WebSite\",\"@id\":\"https:\\\/\\\/www.24gliwice.pl\\\/wiadomosci\\\/#website\",\"url\":\"https:\\\/\\\/www.24gliwice.pl\\\/wiadomosci\\\/\",\"name\":\"24GLIWICE - Portal Gliwice | codziennie nowe wiadomo\u015bci\",\"description\":\"Portal Miejski Gliwice\",\"publisher\":{\"@id\":\"https:\\\/\\\/www.24gliwice.pl\\\/wiadomosci\\\/#organization\"},\"potentialAction\":[{\"@type\":\"SearchAction\",\"target\":{\"@type\":\"EntryPoint\",\"urlTemplate\":\"https:\\\/\\\/www.24gliwice.pl\\\/wiadomosci\\\/?s={search_term_string}\"},\"query-input\":{\"@type\":\"PropertyValueSpecification\",\"valueRequired\":true,\"valueName\":\"search_term_string\"}}],\"inLanguage\":\"pl-PL\"},{\"@type\":\"Organization\",\"@id\":\"https:\\\/\\\/www.24gliwice.pl\\\/wiadomosci\\\/#organization\",\"name\":\"24gliwice\",\"url\":\"https:\\\/\\\/www.24gliwice.pl\\\/wiadomosci\\\/\",\"logo\":{\"@type\":\"ImageObject\",\"inLanguage\":\"pl-PL\",\"@id\":\"https:\\\/\\\/www.24gliwice.pl\\\/wiadomosci\\\/#\\\/schema\\\/logo\\\/image\\\/\",\"url\":\"https:\\\/\\\/www.24gliwice.pl\\\/wiadomosci\\\/wp-content\\\/uploads\\\/2024\\\/10\\\/24gliwice-logo-696.jpg\",\"contentUrl\":\"https:\\\/\\\/www.24gliwice.pl\\\/wiadomosci\\\/wp-content\\\/uploads\\\/2024\\\/10\\\/24gliwice-logo-696.jpg\",\"width\":696,\"height\":696,\"caption\":\"24gliwice\"},\"image\":{\"@id\":\"https:\\\/\\\/www.24gliwice.pl\\\/wiadomosci\\\/#\\\/schema\\\/logo\\\/image\\\/\"},\"sameAs\":[\"https:\\\/\\\/www.facebook.com\\\/24gliwice\",\"https:\\\/\\\/x.com\\\/24gliwice\",\"https:\\\/\\\/www.youtube.com\\\/@24gliwice\"]},{\"@type\":\"Person\",\"@id\":\"https:\\\/\\\/www.24gliwice.pl\\\/wiadomosci\\\/#\\\/schema\\\/person\\\/cb5857e4a4d048c15984c1edcc8ef0c0\",\"name\":\"Marcin Fabrykowski\",\"image\":{\"@type\":\"ImageObject\",\"inLanguage\":\"pl-PL\",\"@id\":\"https:\\\/\\\/www.24gliwice.pl\\\/wiadomosci\\\/wp-content\\\/uploads\\\/2025\\\/11\\\/zdjecie-moje-marcin-300-96x96.jpg\",\"url\":\"https:\\\/\\\/www.24gliwice.pl\\\/wiadomosci\\\/wp-content\\\/uploads\\\/2025\\\/11\\\/zdjecie-moje-marcin-300-96x96.jpg\",\"contentUrl\":\"https:\\\/\\\/www.24gliwice.pl\\\/wiadomosci\\\/wp-content\\\/uploads\\\/2025\\\/11\\\/zdjecie-moje-marcin-300-96x96.jpg\",\"caption\":\"Marcin Fabrykowski\"},\"sameAs\":[\"http:\\\/\\\/24gliwice.pl\",\"https:\\\/\\\/www.facebook.com\\\/marcin.fabrykowski\"],\"url\":\"https:\\\/\\\/www.24gliwice.pl\\\/wiadomosci\\\/author\\\/marcin-fabrykowski\\\/\"}]}<\/script>\n<!-- \/ Yoast SEO plugin. -->","yoast_head_json":{"title":"Atrakcje dla fan\u00f3w Azji w Gliwicach. Azjatyckie ferie zimowe - 24GLIWICE - Portal Gliwice | codziennie nowe informacje","robots":{"index":"index","follow":"follow","max-snippet":"max-snippet:-1","max-image-preview":"max-image-preview:large","max-video-preview":"max-video-preview:-1"},"canonical":"https:\/\/www.24gliwice.pl\/wiadomosci\/atrakcje-dla-fanow-azji-w-gliwicach-azjatyckie-ferie-zimowe\/","og_locale":"pl_PL","og_type":"article","og_title":"Atrakcje dla fan\u00f3w Azji w Gliwicach. Azjatyckie ferie zimowe - 24GLIWICE - Portal Gliwice | codziennie nowe informacje","og_description":"Ferie zimowe coraz bli\u017cej. Z tej okazji przygotowywanych jest wiele atrakcji dla dzieci i m\u0142odzie\u017cy w naszym regionie. Jedn\u0105 z nich s\u0105 azjatyckie p\u00f3\u0142kolonie organizowane przez szko\u0142\u0119 j\u0119zykow\u0105 Hiromi. &nbsp; To ju\u017c \u00f3sma edycja organizowanych przez nasz\u0105 szko\u0142\u0119 p\u00f3\u0142kolonii, a pierwsza w Gliwicach. To idealna propozycja dla dzieci i m\u0142odzie\u017cy w wieku 9-16 lat, kt\u00f3re [&hellip;]","og_url":"https:\/\/www.24gliwice.pl\/wiadomosci\/atrakcje-dla-fanow-azji-w-gliwicach-azjatyckie-ferie-zimowe\/","og_site_name":"24GLIWICE - Portal Gliwice | codziennie nowe informacje","article_publisher":"https:\/\/www.facebook.com\/24gliwice","article_author":"https:\/\/www.facebook.com\/marcin.fabrykowski","article_published_time":"2022-02-02T15:37:18+00:00","article_modified_time":"2022-02-02T15:38:35+00:00","og_image":[{"width":810,"height":456,"url":"https:\/\/www.24gliwice.pl\/wiadomosci\/wp-content\/uploads\/2022\/02\/hiromi-zdjecie-glowne.jpg","type":"image\/jpeg"}],"author":"Marcin Fabrykowski","twitter_card":"summary_large_image","twitter_creator":"@24gliwice","twitter_site":"@24gliwice","twitter_misc":{"Napisane przez":"Marcin Fabrykowski","Szacowany czas czytania":"2 minuty"},"schema":{"@context":"https:\/\/schema.org","@graph":[{"@type":"Article","@id":"https:\/\/www.24gliwice.pl\/wiadomosci\/atrakcje-dla-fanow-azji-w-gliwicach-azjatyckie-ferie-zimowe\/#article","isPartOf":{"@id":"https:\/\/www.24gliwice.pl\/wiadomosci\/atrakcje-dla-fanow-azji-w-gliwicach-azjatyckie-ferie-zimowe\/"},"author":{"name":"Marcin Fabrykowski","@id":"https:\/\/www.24gliwice.pl\/wiadomosci\/#\/schema\/person\/cb5857e4a4d048c15984c1edcc8ef0c0"},"headline":"Atrakcje dla fan\u00f3w Azji w Gliwicach. Azjatyckie ferie zimowe","datePublished":"2022-02-02T15:37:18+00:00","dateModified":"2022-02-02T15:38:35+00:00","mainEntityOfPage":{"@id":"https:\/\/www.24gliwice.pl\/wiadomosci\/atrakcje-dla-fanow-azji-w-gliwicach-azjatyckie-ferie-zimowe\/"},"wordCount":310,"publisher":{"@id":"https:\/\/www.24gliwice.pl\/wiadomosci\/#organization"},"image":{"@id":"https:\/\/www.24gliwice.pl\/wiadomosci\/atrakcje-dla-fanow-azji-w-gliwicach-azjatyckie-ferie-zimowe\/#primaryimage"},"thumbnailUrl":"https:\/\/www.24gliwice.pl\/wiadomosci\/wp-content\/uploads\/2022\/02\/hiromi-zdjecie-glowne.jpg","keywords":["ferie zimowe"],"articleSection":["Gliwice","Kultura, wydarzenia, imprezy","Najnowsze wiadomo\u015bci","Polecamy"],"inLanguage":"pl-PL"},{"@type":"WebPage","@id":"https:\/\/www.24gliwice.pl\/wiadomosci\/atrakcje-dla-fanow-azji-w-gliwicach-azjatyckie-ferie-zimowe\/","url":"https:\/\/www.24gliwice.pl\/wiadomosci\/atrakcje-dla-fanow-azji-w-gliwicach-azjatyckie-ferie-zimowe\/","name":"Atrakcje dla fan\u00f3w Azji w Gliwicach. Azjatyckie ferie zimowe - 24GLIWICE - Portal Gliwice | codziennie nowe informacje","isPartOf":{"@id":"https:\/\/www.24gliwice.pl\/wiadomosci\/#website"},"primaryImageOfPage":{"@id":"https:\/\/www.24gliwice.pl\/wiadomosci\/atrakcje-dla-fanow-azji-w-gliwicach-azjatyckie-ferie-zimowe\/#primaryimage"},"image":{"@id":"https:\/\/www.24gliwice.pl\/wiadomosci\/atrakcje-dla-fanow-azji-w-gliwicach-azjatyckie-ferie-zimowe\/#primaryimage"},"thumbnailUrl":"https:\/\/www.24gliwice.pl\/wiadomosci\/wp-content\/uploads\/2022\/02\/hiromi-zdjecie-glowne.jpg","datePublished":"2022-02-02T15:37:18+00:00","dateModified":"2022-02-02T15:38:35+00:00","breadcrumb":{"@id":"https:\/\/www.24gliwice.pl\/wiadomosci\/atrakcje-dla-fanow-azji-w-gliwicach-azjatyckie-ferie-zimowe\/#breadcrumb"},"inLanguage":"pl-PL","potentialAction":[{"@type":"ReadAction","target":["https:\/\/www.24gliwice.pl\/wiadomosci\/atrakcje-dla-fanow-azji-w-gliwicach-azjatyckie-ferie-zimowe\/"]}]},{"@type":"ImageObject","inLanguage":"pl-PL","@id":"https:\/\/www.24gliwice.pl\/wiadomosci\/atrakcje-dla-fanow-azji-w-gliwicach-azjatyckie-ferie-zimowe\/#primaryimage","url":"https:\/\/www.24gliwice.pl\/wiadomosci\/wp-content\/uploads\/2022\/02\/hiromi-zdjecie-glowne.jpg","contentUrl":"https:\/\/www.24gliwice.pl\/wiadomosci\/wp-content\/uploads\/2022\/02\/hiromi-zdjecie-glowne.jpg","width":810,"height":456},{"@type":"BreadcrumbList","@id":"https:\/\/www.24gliwice.pl\/wiadomosci\/atrakcje-dla-fanow-azji-w-gliwicach-azjatyckie-ferie-zimowe\/#breadcrumb","itemListElement":[{"@type":"ListItem","position":1,"name":"Strona g\u0142\u00f3wna","item":"https:\/\/www.24gliwice.pl\/wiadomosci\/"},{"@type":"ListItem","position":2,"name":"Atrakcje dla fan\u00f3w Azji w Gliwicach. Azjatyckie ferie zimowe"}]},{"@type":"WebSite","@id":"https:\/\/www.24gliwice.pl\/wiadomosci\/#website","url":"https:\/\/www.24gliwice.pl\/wiadomosci\/","name":"24GLIWICE - Portal Gliwice | codziennie nowe wiadomo\u015bci","description":"Portal Miejski Gliwice","publisher":{"@id":"https:\/\/www.24gliwice.pl\/wiadomosci\/#organization"},"potentialAction":[{"@type":"SearchAction","target":{"@type":"EntryPoint","urlTemplate":"https:\/\/www.24gliwice.pl\/wiadomosci\/?s={search_term_string}"},"query-input":{"@type":"PropertyValueSpecification","valueRequired":true,"valueName":"search_term_string"}}],"inLanguage":"pl-PL"},{"@type":"Organization","@id":"https:\/\/www.24gliwice.pl\/wiadomosci\/#organization","name":"24gliwice","url":"https:\/\/www.24gliwice.pl\/wiadomosci\/","logo":{"@type":"ImageObject","inLanguage":"pl-PL","@id":"https:\/\/www.24gliwice.pl\/wiadomosci\/#\/schema\/logo\/image\/","url":"https:\/\/www.24gliwice.pl\/wiadomosci\/wp-content\/uploads\/2024\/10\/24gliwice-logo-696.jpg","contentUrl":"https:\/\/www.24gliwice.pl\/wiadomosci\/wp-content\/uploads\/2024\/10\/24gliwice-logo-696.jpg","width":696,"height":696,"caption":"24gliwice"},"image":{"@id":"https:\/\/www.24gliwice.pl\/wiadomosci\/#\/schema\/logo\/image\/"},"sameAs":["https:\/\/www.facebook.com\/24gliwice","https:\/\/x.com\/24gliwice","https:\/\/www.youtube.com\/@24gliwice"]},{"@type":"Person","@id":"https:\/\/www.24gliwice.pl\/wiadomosci\/#\/schema\/person\/cb5857e4a4d048c15984c1edcc8ef0c0","name":"Marcin Fabrykowski","image":{"@type":"ImageObject","inLanguage":"pl-PL","@id":"https:\/\/www.24gliwice.pl\/wiadomosci\/wp-content\/uploads\/2025\/11\/zdjecie-moje-marcin-300-96x96.jpg","url":"https:\/\/www.24gliwice.pl\/wiadomosci\/wp-content\/uploads\/2025\/11\/zdjecie-moje-marcin-300-96x96.jpg","contentUrl":"https:\/\/www.24gliwice.pl\/wiadomosci\/wp-content\/uploads\/2025\/11\/zdjecie-moje-marcin-300-96x96.jpg","caption":"Marcin Fabrykowski"},"sameAs":["http:\/\/24gliwice.pl","https:\/\/www.facebook.com\/marcin.fabrykowski"],"url":"https:\/\/www.24gliwice.pl\/wiadomosci\/author\/marcin-fabrykowski\/"}]}},"_links":{"self":[{"href":"https:\/\/www.24gliwice.pl\/wiadomosci\/wp-json\/wp\/v2\/posts\/185610","targetHints":{"allow":["GET"]}}],"collection":[{"href":"https:\/\/www.24gliwice.pl\/wiadomosci\/wp-json\/wp\/v2\/posts"}],"about":[{"href":"https:\/\/www.24gliwice.pl\/wiadomosci\/wp-json\/wp\/v2\/types\/post"}],"author":[{"embeddable":true,"href":"https:\/\/www.24gliwice.pl\/wiadomosci\/wp-json\/wp\/v2\/users\/4"}],"replies":[{"embeddable":true,"href":"https:\/\/www.24gliwice.pl\/wiadomosci\/wp-json\/wp\/v2\/comments?post=185610"}],"version-history":[{"count":5,"href":"https:\/\/www.24gliwice.pl\/wiadomosci\/wp-json\/wp\/v2\/posts\/185610\/revisions"}],"predecessor-version":[{"id":185629,"href":"https:\/\/www.24gliwice.pl\/wiadomosci\/wp-json\/wp\/v2\/posts\/185610\/revisions\/185629"}],"wp:featuredmedia":[{"embeddable":true,"href":"https:\/\/www.24gliwice.pl\/wiadomosci\/wp-json\/wp\/v2\/media\/185621"}],"wp:attachment":[{"href":"https:\/\/www.24gliwice.pl\/wiadomosci\/wp-json\/wp\/v2\/media?parent=185610"}],"wp:term":[{"taxonomy":"category","embeddable":true,"href":"https:\/\/www.24gliwice.pl\/wiadomosci\/wp-json\/wp\/v2\/categories?post=185610"},{"taxonomy":"post_tag","embeddable":true,"href":"https:\/\/www.24gliwice.pl\/wiadomosci\/wp-json\/wp\/v2\/tags?post=185610"}],"curies":[{"name":"wp","href":"https:\/\/api.w.org\/{rel}","templated":true}]}}