{"id":185612,"date":"2022-02-03T11:50:30","date_gmt":"2022-02-03T10:50:30","guid":{"rendered":"https:\/\/www.24gliwice.pl\/wiadomosci\/?p=185612"},"modified":"2022-02-03T12:01:12","modified_gmt":"2022-02-03T11:01:12","slug":"wieczor-teatromana-w-teatrze-miejskim-mozna-porozmawiac-z-aktorami-spektaklu-amadeusz","status":"publish","type":"post","link":"https:\/\/www.24gliwice.pl\/wiadomosci\/wieczor-teatromana-w-teatrze-miejskim-mozna-porozmawiac-z-aktorami-spektaklu-amadeusz\/","title":{"rendered":"Wiecz\u00f3r Teatromana w Teatrze Miejskim. Mo\u017cna porozmawia\u0107 z aktorami spektaklu &#8220;Amadeusz&#8221;"},"content":{"rendered":"<div class=\"gliwi-a6-nad-leadem-artykulow gliwi-entity-placement\" id=\"gliwi-3413742633\"><div class=\"gliwi-adlabel\"><span style=\"font-size: 9px\">REKLAMA<\/span><\/div><div id=\"gliwi-3818148715\" style=\"margin-bottom: 25px;margin-left: auto;margin-right: auto;text-align: center;\"><a data-no-instant=\"1\" href=\"https:\/\/dom100.eu\/\" rel=\"noopener\" class=\"a2t-link\" target=\"_blank\" aria-label=\"20260415 DOM100 D\"><img loading=\"lazy\" decoding=\"async\" src=\"https:\/\/www.24gliwice.pl\/wiadomosci\/wp-content\/uploads\/2026\/04\/20260415-DOM100-D.jpg\" alt=\"\"  srcset=\"https:\/\/www.24gliwice.pl\/wiadomosci\/wp-content\/uploads\/2026\/04\/20260415-DOM100-D.jpg 750w, https:\/\/www.24gliwice.pl\/wiadomosci\/wp-content\/uploads\/2026\/04\/20260415-DOM100-D-410x109.jpg 410w\" sizes=\"(max-width: 750px) 100vw, 750px\" class=\"no-lazyload\" width=\"750\" height=\"200\"  style=\"display: inline-block; max-width: 100%; height: auto;\" \/><\/a><\/div><\/div><h2>Teatr Miejski zaprasza swoich widz\u00f3w na kolejny Wiecz\u00f3r Teatromana. 12 lutego po przedstawieniu \u201eAmadeusz\u201d, o pracy nad spektaklem opowiedz\u0105 aktorzy Karolina Olga Burek, Mateusz Trzmiel i B\u0142a\u017cej W\u00f3jcik.<\/h2>\n<p>&nbsp;<br \/>\nWiecz\u00f3r Teatromana to cykl spektakli dla tych widz\u00f3w, kt\u00f3rzy g\u0142odni s\u0105 teatralnych spotka\u0144 i rozm\u00f3w z tw\u00f3rcami.<\/p>\n<p><iframe loading=\"lazy\" title=\"YouTube video player\" src=\"https:\/\/www.youtube.com\/embed\/ESzb9A8nVUY\" width=\"810\" height=\"455\" frameborder=\"0\" allowfullscreen=\"allowfullscreen\"><\/iframe><\/p>\n<p>&#8211; <em>12 lutego na scenie zaprezentujemy \u201eAmadeusza\u201d Petera Shaffera w re\u017cyserii Norberta Rakowskiego, a tu\u017c po spektaklu porozmawiamy z odtw\u00f3rcami g\u0142\u00f3wnych r\u00f3l<\/em> &#8211; zapowiada Teatr Miejski.<\/p><div class=\"gliwi-a3-w-tresci-artykulow gliwi-entity-placement\" id=\"gliwi-503424751\"><div class=\"gliwi-adlabel\"><span style=\"font-size: 9px\">REKLAMA<\/span><\/div><div id=\"gliwi-2698998643\" style=\"margin-bottom: 30px;margin-left: auto;margin-right: auto;text-align: center;\"><a data-no-instant=\"1\" href=\"https:\/\/ogrodyandersa.pl\/\" rel=\"noopener\" class=\"a2t-link\" target=\"_blank\" aria-label=\"20260415 Ogrody Andersa KUP TERAZ D\"><img loading=\"lazy\" decoding=\"async\" src=\"https:\/\/www.24gliwice.pl\/wiadomosci\/wp-content\/uploads\/2026\/04\/20260415-Ogrody-Andersa-KUP-TERAZ-D.jpg\" alt=\"\"  srcset=\"https:\/\/www.24gliwice.pl\/wiadomosci\/wp-content\/uploads\/2026\/04\/20260415-Ogrody-Andersa-KUP-TERAZ-D.jpg 750w, https:\/\/www.24gliwice.pl\/wiadomosci\/wp-content\/uploads\/2026\/04\/20260415-Ogrody-Andersa-KUP-TERAZ-D-410x109.jpg 410w\" sizes=\"(max-width: 750px) 100vw, 750px\" class=\"no-lazyload\" width=\"750\" height=\"200\"  style=\"display: inline-block; max-width: 100%; height: auto;\" \/><\/a><\/div><\/div>\n<h4>W \u201eAmadeuszu\u201d widz pod\u0105\u017ca za podst\u0119pn\u0105 intryg\u0105 Antonia Salieriego, kapelmistrza na dworze cesarza J\u00f3zefa II Habsburga, wymierzon\u0105 w Wolfganga Amadeusza Mozarta, genialnego kompozytora.<\/h4>\n<p>Salieri nie mo\u017ce pogodzi\u0107 si\u0119 z w\u0142asn\u0105 artystyczn\u0105 mierno\u015bci\u0105, tym bardziej dotkliw\u0105 na tle ol\u015bniewaj\u0105cego talentu Mozarta. Zazdro\u015bci mu nie tylko muzycznego geniuszu, ale te\u017c m\u0142odzie\u0144czej rado\u015bci i dezynwoltury. Salieri nie pojmuje, dlaczego Mozart, \u00f3w chichocz\u0105cy b\u0142azen opowiadaj\u0105cy spro\u015bne dowcipy, otrzyma\u0142 od Boga tak wyj\u0105tkowy dar, czyni\u0105cy jego dzie\u0142a nie\u015bmiertelnymi. Obserwujemy cz\u0142owieka trawionego narastaj\u0105c\u0105 zawi\u015bci\u0105 wobec artysty i pa\u0142aj\u0105cego nienawi\u015bci\u0105 do Boga, kt\u00f3remu wyrzuca niesprawiedliwo\u015b\u0107 i odtr\u0105cenie.<\/p>\n<p>(\u017cms)\/TMG<br \/>\nfot. 24gliwice.pl\/emfab<\/p>\n<p><a href=\"https:\/\/www.24gliwice.pl\/wiadomosci\/wp-content\/uploads\/2022\/02\/Wieczor-teatromana-Amadeusz4.jpg\"><img loading=\"lazy\" decoding=\"async\" class=\"alignnone  wp-image-185622\" src=\"https:\/\/www.24gliwice.pl\/wiadomosci\/wp-content\/uploads\/2022\/02\/Wieczor-teatromana-Amadeusz4.jpg\" alt=\"\" width=\"1029\" height=\"615\" srcset=\"https:\/\/www.24gliwice.pl\/wiadomosci\/wp-content\/uploads\/2022\/02\/Wieczor-teatromana-Amadeusz4.jpg 810w, https:\/\/www.24gliwice.pl\/wiadomosci\/wp-content\/uploads\/2022\/02\/Wieczor-teatromana-Amadeusz4-388x232.jpg 388w, https:\/\/www.24gliwice.pl\/wiadomosci\/wp-content\/uploads\/2022\/02\/Wieczor-teatromana-Amadeusz4-761x455.jpg 761w, https:\/\/www.24gliwice.pl\/wiadomosci\/wp-content\/uploads\/2022\/02\/Wieczor-teatromana-Amadeusz4-768x459.jpg 768w\" sizes=\"auto, (max-width: 1029px) 100vw, 1029px\" \/><\/a><\/p>\n<div class=\"gliwi-a5-na-koncu-artykulow gliwi-entity-placement\" id=\"gliwi-2637421517\"><div class=\"gliwi-adlabel\"><span style=\"font-size: 9px\">REKLAMA<\/span><\/div><div id=\"gliwi-2325278399\" style=\"margin-left: auto;margin-right: auto;text-align: center;\"><a data-no-instant=\"1\" href=\"https:\/\/prezeroarenagliwice.pl\/\" rel=\"noopener\" class=\"a2t-link\" target=\"_blank\" aria-label=\"20260309-PREZERO-WIOSNA-D\"><img loading=\"lazy\" decoding=\"async\" src=\"https:\/\/www.24gliwice.pl\/wiadomosci\/wp-content\/uploads\/2026\/03\/20260309-PREZERO-WIOSNA-D.webp\" alt=\"\"  srcset=\"https:\/\/www.24gliwice.pl\/wiadomosci\/wp-content\/uploads\/2026\/03\/20260309-PREZERO-WIOSNA-D.webp 750w, https:\/\/www.24gliwice.pl\/wiadomosci\/wp-content\/uploads\/2026\/03\/20260309-PREZERO-WIOSNA-D-410x109.webp 410w\" sizes=\"(max-width: 750px) 100vw, 750px\" class=\"no-lazyload\" width=\"750\" height=\"200\"  style=\"display: inline-block; max-width: 100%; height: auto;\" \/><\/a><\/div><\/div>","protected":false},"excerpt":{"rendered":"<p>Teatr Miejski zaprasza swoich widz\u00f3w na kolejny Wiecz\u00f3r Teatromana. 12 lutego po przedstawieniu \u201eAmadeusz\u201d, o pracy nad spektaklem opowiedz\u0105 aktorzy Karolina Olga Burek, Mateusz Trzmiel i B\u0142a\u017cej W\u00f3jcik. &nbsp; Wiecz\u00f3r Teatromana to cykl spektakli dla tych widz\u00f3w, kt\u00f3rzy g\u0142odni s\u0105 teatralnych spotka\u0144 i rozm\u00f3w z tw\u00f3rcami. &#8211; 12 lutego na scenie zaprezentujemy \u201eAmadeusza\u201d Petera Shaffera [&hellip;]<\/p>\n","protected":false},"author":15,"featured_media":168108,"comment_status":"open","ping_status":"closed","sticky":false,"template":"","format":"standard","meta":{"_monsterinsights_skip_tracking":false,"_monsterinsights_sitenote_active":false,"_monsterinsights_sitenote_note":"","_monsterinsights_sitenote_category":0,"footnotes":"","_links_to":"","_links_to_target":""},"categories":[3,6,1],"tags":[19622,20514],"class_list":["post-185612","post","type-post","status-publish","format-standard","has-post-thumbnail","hentry","category-gliwice","category-kultura","category-wszystko","tag-amadeusz","tag-wieczor-teatromana"],"yoast_head":"<!-- This site is optimized with the Yoast SEO plugin v27.4 - https:\/\/yoast.com\/product\/yoast-seo-wordpress\/ -->\n<title>Wiecz\u00f3r Teatromana w Teatrze Miejskim. Mo\u017cna porozmawia\u0107 z aktorami spektaklu &quot;Amadeusz&quot; - 24GLIWICE - Portal Gliwice | codziennie nowe informacje<\/title>\n<meta name=\"robots\" content=\"index, follow, max-snippet:-1, max-image-preview:large, max-video-preview:-1\" \/>\n<link rel=\"canonical\" href=\"https:\/\/www.24gliwice.pl\/wiadomosci\/wieczor-teatromana-w-teatrze-miejskim-mozna-porozmawiac-z-aktorami-spektaklu-amadeusz\/\" \/>\n<meta property=\"og:locale\" content=\"pl_PL\" \/>\n<meta property=\"og:type\" content=\"article\" \/>\n<meta property=\"og:title\" content=\"Wiecz\u00f3r Teatromana w Teatrze Miejskim. Mo\u017cna porozmawia\u0107 z aktorami spektaklu &quot;Amadeusz&quot; - 24GLIWICE - Portal Gliwice | codziennie nowe informacje\" \/>\n<meta property=\"og:description\" content=\"Teatr Miejski zaprasza swoich widz\u00f3w na kolejny Wiecz\u00f3r Teatromana. 12 lutego po przedstawieniu \u201eAmadeusz\u201d, o pracy nad spektaklem opowiedz\u0105 aktorzy Karolina Olga Burek, Mateusz Trzmiel i B\u0142a\u017cej W\u00f3jcik. &nbsp; Wiecz\u00f3r Teatromana to cykl spektakli dla tych widz\u00f3w, kt\u00f3rzy g\u0142odni s\u0105 teatralnych spotka\u0144 i rozm\u00f3w z tw\u00f3rcami. &#8211; 12 lutego na scenie zaprezentujemy \u201eAmadeusza\u201d Petera Shaffera [&hellip;]\" \/>\n<meta property=\"og:url\" content=\"https:\/\/www.24gliwice.pl\/wiadomosci\/wieczor-teatromana-w-teatrze-miejskim-mozna-porozmawiac-z-aktorami-spektaklu-amadeusz\/\" \/>\n<meta property=\"og:site_name\" content=\"24GLIWICE - Portal Gliwice | codziennie nowe informacje\" \/>\n<meta property=\"article:publisher\" content=\"https:\/\/www.facebook.com\/24gliwice\" \/>\n<meta property=\"article:published_time\" content=\"2022-02-03T10:50:30+00:00\" \/>\n<meta property=\"article:modified_time\" content=\"2022-02-03T11:01:12+00:00\" \/>\n<meta property=\"og:image\" content=\"https:\/\/www.24gliwice.pl\/wiadomosci\/wp-content\/uploads\/2021\/04\/teatr-miejski.jpg\" \/>\n\t<meta property=\"og:image:width\" content=\"810\" \/>\n\t<meta property=\"og:image:height\" content=\"457\" \/>\n\t<meta property=\"og:image:type\" content=\"image\/jpeg\" \/>\n<meta name=\"author\" content=\"\u017baneta Mrozek-Siewierska\" \/>\n<meta name=\"twitter:card\" content=\"summary_large_image\" \/>\n<meta name=\"twitter:creator\" content=\"@24gliwice\" \/>\n<meta name=\"twitter:site\" content=\"@24gliwice\" \/>\n<meta name=\"twitter:label1\" content=\"Napisane przez\" \/>\n\t<meta name=\"twitter:data1\" content=\"\u017baneta Mrozek-Siewierska\" \/>\n\t<meta name=\"twitter:label2\" content=\"Szacowany czas czytania\" \/>\n\t<meta name=\"twitter:data2\" content=\"1 minuta\" \/>\n<script type=\"application\/ld+json\" class=\"yoast-schema-graph\">{\"@context\":\"https:\\\/\\\/schema.org\",\"@graph\":[{\"@type\":\"Article\",\"@id\":\"https:\\\/\\\/www.24gliwice.pl\\\/wiadomosci\\\/wieczor-teatromana-w-teatrze-miejskim-mozna-porozmawiac-z-aktorami-spektaklu-amadeusz\\\/#article\",\"isPartOf\":{\"@id\":\"https:\\\/\\\/www.24gliwice.pl\\\/wiadomosci\\\/wieczor-teatromana-w-teatrze-miejskim-mozna-porozmawiac-z-aktorami-spektaklu-amadeusz\\\/\"},\"author\":{\"name\":\"\u017baneta Mrozek-Siewierska\",\"@id\":\"https:\\\/\\\/www.24gliwice.pl\\\/wiadomosci\\\/#\\\/schema\\\/person\\\/e42c650edd7f2fa332be3811fb166b6e\"},\"headline\":\"Wiecz\u00f3r Teatromana w Teatrze Miejskim. Mo\u017cna porozmawia\u0107 z aktorami spektaklu &#8220;Amadeusz&#8221;\",\"datePublished\":\"2022-02-03T10:50:30+00:00\",\"dateModified\":\"2022-02-03T11:01:12+00:00\",\"mainEntityOfPage\":{\"@id\":\"https:\\\/\\\/www.24gliwice.pl\\\/wiadomosci\\\/wieczor-teatromana-w-teatrze-miejskim-mozna-porozmawiac-z-aktorami-spektaklu-amadeusz\\\/\"},\"wordCount\":222,\"commentCount\":0,\"publisher\":{\"@id\":\"https:\\\/\\\/www.24gliwice.pl\\\/wiadomosci\\\/#organization\"},\"image\":{\"@id\":\"https:\\\/\\\/www.24gliwice.pl\\\/wiadomosci\\\/wieczor-teatromana-w-teatrze-miejskim-mozna-porozmawiac-z-aktorami-spektaklu-amadeusz\\\/#primaryimage\"},\"thumbnailUrl\":\"https:\\\/\\\/www.24gliwice.pl\\\/wiadomosci\\\/wp-content\\\/uploads\\\/2021\\\/04\\\/teatr-miejski.jpg\",\"keywords\":[\"amadeusz\",\"wiecz\u00f3r teatromana\"],\"articleSection\":[\"Gliwice\",\"Kultura, wydarzenia, imprezy\",\"Najnowsze wiadomo\u015bci\"],\"inLanguage\":\"pl-PL\",\"potentialAction\":[{\"@type\":\"CommentAction\",\"name\":\"Comment\",\"target\":[\"https:\\\/\\\/www.24gliwice.pl\\\/wiadomosci\\\/wieczor-teatromana-w-teatrze-miejskim-mozna-porozmawiac-z-aktorami-spektaklu-amadeusz\\\/#respond\"]}]},{\"@type\":\"WebPage\",\"@id\":\"https:\\\/\\\/www.24gliwice.pl\\\/wiadomosci\\\/wieczor-teatromana-w-teatrze-miejskim-mozna-porozmawiac-z-aktorami-spektaklu-amadeusz\\\/\",\"url\":\"https:\\\/\\\/www.24gliwice.pl\\\/wiadomosci\\\/wieczor-teatromana-w-teatrze-miejskim-mozna-porozmawiac-z-aktorami-spektaklu-amadeusz\\\/\",\"name\":\"Wiecz\u00f3r Teatromana w Teatrze Miejskim. Mo\u017cna porozmawia\u0107 z aktorami spektaklu \\\"Amadeusz\\\" - 24GLIWICE - Portal Gliwice | codziennie nowe informacje\",\"isPartOf\":{\"@id\":\"https:\\\/\\\/www.24gliwice.pl\\\/wiadomosci\\\/#website\"},\"primaryImageOfPage\":{\"@id\":\"https:\\\/\\\/www.24gliwice.pl\\\/wiadomosci\\\/wieczor-teatromana-w-teatrze-miejskim-mozna-porozmawiac-z-aktorami-spektaklu-amadeusz\\\/#primaryimage\"},\"image\":{\"@id\":\"https:\\\/\\\/www.24gliwice.pl\\\/wiadomosci\\\/wieczor-teatromana-w-teatrze-miejskim-mozna-porozmawiac-z-aktorami-spektaklu-amadeusz\\\/#primaryimage\"},\"thumbnailUrl\":\"https:\\\/\\\/www.24gliwice.pl\\\/wiadomosci\\\/wp-content\\\/uploads\\\/2021\\\/04\\\/teatr-miejski.jpg\",\"datePublished\":\"2022-02-03T10:50:30+00:00\",\"dateModified\":\"2022-02-03T11:01:12+00:00\",\"breadcrumb\":{\"@id\":\"https:\\\/\\\/www.24gliwice.pl\\\/wiadomosci\\\/wieczor-teatromana-w-teatrze-miejskim-mozna-porozmawiac-z-aktorami-spektaklu-amadeusz\\\/#breadcrumb\"},\"inLanguage\":\"pl-PL\",\"potentialAction\":[{\"@type\":\"ReadAction\",\"target\":[\"https:\\\/\\\/www.24gliwice.pl\\\/wiadomosci\\\/wieczor-teatromana-w-teatrze-miejskim-mozna-porozmawiac-z-aktorami-spektaklu-amadeusz\\\/\"]}]},{\"@type\":\"ImageObject\",\"inLanguage\":\"pl-PL\",\"@id\":\"https:\\\/\\\/www.24gliwice.pl\\\/wiadomosci\\\/wieczor-teatromana-w-teatrze-miejskim-mozna-porozmawiac-z-aktorami-spektaklu-amadeusz\\\/#primaryimage\",\"url\":\"https:\\\/\\\/www.24gliwice.pl\\\/wiadomosci\\\/wp-content\\\/uploads\\\/2021\\\/04\\\/teatr-miejski.jpg\",\"contentUrl\":\"https:\\\/\\\/www.24gliwice.pl\\\/wiadomosci\\\/wp-content\\\/uploads\\\/2021\\\/04\\\/teatr-miejski.jpg\",\"width\":810,\"height\":457},{\"@type\":\"BreadcrumbList\",\"@id\":\"https:\\\/\\\/www.24gliwice.pl\\\/wiadomosci\\\/wieczor-teatromana-w-teatrze-miejskim-mozna-porozmawiac-z-aktorami-spektaklu-amadeusz\\\/#breadcrumb\",\"itemListElement\":[{\"@type\":\"ListItem\",\"position\":1,\"name\":\"Strona g\u0142\u00f3wna\",\"item\":\"https:\\\/\\\/www.24gliwice.pl\\\/wiadomosci\\\/\"},{\"@type\":\"ListItem\",\"position\":2,\"name\":\"Wiecz\u00f3r Teatromana w Teatrze Miejskim. Mo\u017cna porozmawia\u0107 z aktorami spektaklu &#8222;Amadeusz&#8221;\"}]},{\"@type\":\"WebSite\",\"@id\":\"https:\\\/\\\/www.24gliwice.pl\\\/wiadomosci\\\/#website\",\"url\":\"https:\\\/\\\/www.24gliwice.pl\\\/wiadomosci\\\/\",\"name\":\"24GLIWICE - Portal Gliwice | codziennie nowe wiadomo\u015bci\",\"description\":\"Portal Miejski Gliwice\",\"publisher\":{\"@id\":\"https:\\\/\\\/www.24gliwice.pl\\\/wiadomosci\\\/#organization\"},\"potentialAction\":[{\"@type\":\"SearchAction\",\"target\":{\"@type\":\"EntryPoint\",\"urlTemplate\":\"https:\\\/\\\/www.24gliwice.pl\\\/wiadomosci\\\/?s={search_term_string}\"},\"query-input\":{\"@type\":\"PropertyValueSpecification\",\"valueRequired\":true,\"valueName\":\"search_term_string\"}}],\"inLanguage\":\"pl-PL\"},{\"@type\":\"Organization\",\"@id\":\"https:\\\/\\\/www.24gliwice.pl\\\/wiadomosci\\\/#organization\",\"name\":\"24gliwice\",\"url\":\"https:\\\/\\\/www.24gliwice.pl\\\/wiadomosci\\\/\",\"logo\":{\"@type\":\"ImageObject\",\"inLanguage\":\"pl-PL\",\"@id\":\"https:\\\/\\\/www.24gliwice.pl\\\/wiadomosci\\\/#\\\/schema\\\/logo\\\/image\\\/\",\"url\":\"https:\\\/\\\/www.24gliwice.pl\\\/wiadomosci\\\/wp-content\\\/uploads\\\/2024\\\/10\\\/24gliwice-logo-696.jpg\",\"contentUrl\":\"https:\\\/\\\/www.24gliwice.pl\\\/wiadomosci\\\/wp-content\\\/uploads\\\/2024\\\/10\\\/24gliwice-logo-696.jpg\",\"width\":696,\"height\":696,\"caption\":\"24gliwice\"},\"image\":{\"@id\":\"https:\\\/\\\/www.24gliwice.pl\\\/wiadomosci\\\/#\\\/schema\\\/logo\\\/image\\\/\"},\"sameAs\":[\"https:\\\/\\\/www.facebook.com\\\/24gliwice\",\"https:\\\/\\\/x.com\\\/24gliwice\",\"https:\\\/\\\/www.youtube.com\\\/@24gliwice\"]},{\"@type\":\"Person\",\"@id\":\"https:\\\/\\\/www.24gliwice.pl\\\/wiadomosci\\\/#\\\/schema\\\/person\\\/e42c650edd7f2fa332be3811fb166b6e\",\"name\":\"\u017baneta Mrozek-Siewierska\",\"image\":{\"@type\":\"ImageObject\",\"inLanguage\":\"pl-PL\",\"@id\":\"https:\\\/\\\/www.24gliwice.pl\\\/wiadomosci\\\/wp-content\\\/uploads\\\/2021\\\/11\\\/Zaneta-M_S-zdjecie-czb-96x96.jpg\",\"url\":\"https:\\\/\\\/www.24gliwice.pl\\\/wiadomosci\\\/wp-content\\\/uploads\\\/2021\\\/11\\\/Zaneta-M_S-zdjecie-czb-96x96.jpg\",\"contentUrl\":\"https:\\\/\\\/www.24gliwice.pl\\\/wiadomosci\\\/wp-content\\\/uploads\\\/2021\\\/11\\\/Zaneta-M_S-zdjecie-czb-96x96.jpg\",\"caption\":\"\u017baneta Mrozek-Siewierska\"},\"url\":\"https:\\\/\\\/www.24gliwice.pl\\\/wiadomosci\\\/author\\\/zms\\\/\"}]}<\/script>\n<!-- \/ Yoast SEO plugin. -->","yoast_head_json":{"title":"Wiecz\u00f3r Teatromana w Teatrze Miejskim. Mo\u017cna porozmawia\u0107 z aktorami spektaklu \"Amadeusz\" - 24GLIWICE - Portal Gliwice | codziennie nowe informacje","robots":{"index":"index","follow":"follow","max-snippet":"max-snippet:-1","max-image-preview":"max-image-preview:large","max-video-preview":"max-video-preview:-1"},"canonical":"https:\/\/www.24gliwice.pl\/wiadomosci\/wieczor-teatromana-w-teatrze-miejskim-mozna-porozmawiac-z-aktorami-spektaklu-amadeusz\/","og_locale":"pl_PL","og_type":"article","og_title":"Wiecz\u00f3r Teatromana w Teatrze Miejskim. Mo\u017cna porozmawia\u0107 z aktorami spektaklu \"Amadeusz\" - 24GLIWICE - Portal Gliwice | codziennie nowe informacje","og_description":"Teatr Miejski zaprasza swoich widz\u00f3w na kolejny Wiecz\u00f3r Teatromana. 12 lutego po przedstawieniu \u201eAmadeusz\u201d, o pracy nad spektaklem opowiedz\u0105 aktorzy Karolina Olga Burek, Mateusz Trzmiel i B\u0142a\u017cej W\u00f3jcik. &nbsp; Wiecz\u00f3r Teatromana to cykl spektakli dla tych widz\u00f3w, kt\u00f3rzy g\u0142odni s\u0105 teatralnych spotka\u0144 i rozm\u00f3w z tw\u00f3rcami. &#8211; 12 lutego na scenie zaprezentujemy \u201eAmadeusza\u201d Petera Shaffera [&hellip;]","og_url":"https:\/\/www.24gliwice.pl\/wiadomosci\/wieczor-teatromana-w-teatrze-miejskim-mozna-porozmawiac-z-aktorami-spektaklu-amadeusz\/","og_site_name":"24GLIWICE - Portal Gliwice | codziennie nowe informacje","article_publisher":"https:\/\/www.facebook.com\/24gliwice","article_published_time":"2022-02-03T10:50:30+00:00","article_modified_time":"2022-02-03T11:01:12+00:00","og_image":[{"width":810,"height":457,"url":"https:\/\/www.24gliwice.pl\/wiadomosci\/wp-content\/uploads\/2021\/04\/teatr-miejski.jpg","type":"image\/jpeg"}],"author":"\u017baneta Mrozek-Siewierska","twitter_card":"summary_large_image","twitter_creator":"@24gliwice","twitter_site":"@24gliwice","twitter_misc":{"Napisane przez":"\u017baneta Mrozek-Siewierska","Szacowany czas czytania":"1 minuta"},"schema":{"@context":"https:\/\/schema.org","@graph":[{"@type":"Article","@id":"https:\/\/www.24gliwice.pl\/wiadomosci\/wieczor-teatromana-w-teatrze-miejskim-mozna-porozmawiac-z-aktorami-spektaklu-amadeusz\/#article","isPartOf":{"@id":"https:\/\/www.24gliwice.pl\/wiadomosci\/wieczor-teatromana-w-teatrze-miejskim-mozna-porozmawiac-z-aktorami-spektaklu-amadeusz\/"},"author":{"name":"\u017baneta Mrozek-Siewierska","@id":"https:\/\/www.24gliwice.pl\/wiadomosci\/#\/schema\/person\/e42c650edd7f2fa332be3811fb166b6e"},"headline":"Wiecz\u00f3r Teatromana w Teatrze Miejskim. Mo\u017cna porozmawia\u0107 z aktorami spektaklu &#8220;Amadeusz&#8221;","datePublished":"2022-02-03T10:50:30+00:00","dateModified":"2022-02-03T11:01:12+00:00","mainEntityOfPage":{"@id":"https:\/\/www.24gliwice.pl\/wiadomosci\/wieczor-teatromana-w-teatrze-miejskim-mozna-porozmawiac-z-aktorami-spektaklu-amadeusz\/"},"wordCount":222,"commentCount":0,"publisher":{"@id":"https:\/\/www.24gliwice.pl\/wiadomosci\/#organization"},"image":{"@id":"https:\/\/www.24gliwice.pl\/wiadomosci\/wieczor-teatromana-w-teatrze-miejskim-mozna-porozmawiac-z-aktorami-spektaklu-amadeusz\/#primaryimage"},"thumbnailUrl":"https:\/\/www.24gliwice.pl\/wiadomosci\/wp-content\/uploads\/2021\/04\/teatr-miejski.jpg","keywords":["amadeusz","wiecz\u00f3r teatromana"],"articleSection":["Gliwice","Kultura, wydarzenia, imprezy","Najnowsze wiadomo\u015bci"],"inLanguage":"pl-PL","potentialAction":[{"@type":"CommentAction","name":"Comment","target":["https:\/\/www.24gliwice.pl\/wiadomosci\/wieczor-teatromana-w-teatrze-miejskim-mozna-porozmawiac-z-aktorami-spektaklu-amadeusz\/#respond"]}]},{"@type":"WebPage","@id":"https:\/\/www.24gliwice.pl\/wiadomosci\/wieczor-teatromana-w-teatrze-miejskim-mozna-porozmawiac-z-aktorami-spektaklu-amadeusz\/","url":"https:\/\/www.24gliwice.pl\/wiadomosci\/wieczor-teatromana-w-teatrze-miejskim-mozna-porozmawiac-z-aktorami-spektaklu-amadeusz\/","name":"Wiecz\u00f3r Teatromana w Teatrze Miejskim. Mo\u017cna porozmawia\u0107 z aktorami spektaklu \"Amadeusz\" - 24GLIWICE - Portal Gliwice | codziennie nowe informacje","isPartOf":{"@id":"https:\/\/www.24gliwice.pl\/wiadomosci\/#website"},"primaryImageOfPage":{"@id":"https:\/\/www.24gliwice.pl\/wiadomosci\/wieczor-teatromana-w-teatrze-miejskim-mozna-porozmawiac-z-aktorami-spektaklu-amadeusz\/#primaryimage"},"image":{"@id":"https:\/\/www.24gliwice.pl\/wiadomosci\/wieczor-teatromana-w-teatrze-miejskim-mozna-porozmawiac-z-aktorami-spektaklu-amadeusz\/#primaryimage"},"thumbnailUrl":"https:\/\/www.24gliwice.pl\/wiadomosci\/wp-content\/uploads\/2021\/04\/teatr-miejski.jpg","datePublished":"2022-02-03T10:50:30+00:00","dateModified":"2022-02-03T11:01:12+00:00","breadcrumb":{"@id":"https:\/\/www.24gliwice.pl\/wiadomosci\/wieczor-teatromana-w-teatrze-miejskim-mozna-porozmawiac-z-aktorami-spektaklu-amadeusz\/#breadcrumb"},"inLanguage":"pl-PL","potentialAction":[{"@type":"ReadAction","target":["https:\/\/www.24gliwice.pl\/wiadomosci\/wieczor-teatromana-w-teatrze-miejskim-mozna-porozmawiac-z-aktorami-spektaklu-amadeusz\/"]}]},{"@type":"ImageObject","inLanguage":"pl-PL","@id":"https:\/\/www.24gliwice.pl\/wiadomosci\/wieczor-teatromana-w-teatrze-miejskim-mozna-porozmawiac-z-aktorami-spektaklu-amadeusz\/#primaryimage","url":"https:\/\/www.24gliwice.pl\/wiadomosci\/wp-content\/uploads\/2021\/04\/teatr-miejski.jpg","contentUrl":"https:\/\/www.24gliwice.pl\/wiadomosci\/wp-content\/uploads\/2021\/04\/teatr-miejski.jpg","width":810,"height":457},{"@type":"BreadcrumbList","@id":"https:\/\/www.24gliwice.pl\/wiadomosci\/wieczor-teatromana-w-teatrze-miejskim-mozna-porozmawiac-z-aktorami-spektaklu-amadeusz\/#breadcrumb","itemListElement":[{"@type":"ListItem","position":1,"name":"Strona g\u0142\u00f3wna","item":"https:\/\/www.24gliwice.pl\/wiadomosci\/"},{"@type":"ListItem","position":2,"name":"Wiecz\u00f3r Teatromana w Teatrze Miejskim. Mo\u017cna porozmawia\u0107 z aktorami spektaklu &#8222;Amadeusz&#8221;"}]},{"@type":"WebSite","@id":"https:\/\/www.24gliwice.pl\/wiadomosci\/#website","url":"https:\/\/www.24gliwice.pl\/wiadomosci\/","name":"24GLIWICE - Portal Gliwice | codziennie nowe wiadomo\u015bci","description":"Portal Miejski Gliwice","publisher":{"@id":"https:\/\/www.24gliwice.pl\/wiadomosci\/#organization"},"potentialAction":[{"@type":"SearchAction","target":{"@type":"EntryPoint","urlTemplate":"https:\/\/www.24gliwice.pl\/wiadomosci\/?s={search_term_string}"},"query-input":{"@type":"PropertyValueSpecification","valueRequired":true,"valueName":"search_term_string"}}],"inLanguage":"pl-PL"},{"@type":"Organization","@id":"https:\/\/www.24gliwice.pl\/wiadomosci\/#organization","name":"24gliwice","url":"https:\/\/www.24gliwice.pl\/wiadomosci\/","logo":{"@type":"ImageObject","inLanguage":"pl-PL","@id":"https:\/\/www.24gliwice.pl\/wiadomosci\/#\/schema\/logo\/image\/","url":"https:\/\/www.24gliwice.pl\/wiadomosci\/wp-content\/uploads\/2024\/10\/24gliwice-logo-696.jpg","contentUrl":"https:\/\/www.24gliwice.pl\/wiadomosci\/wp-content\/uploads\/2024\/10\/24gliwice-logo-696.jpg","width":696,"height":696,"caption":"24gliwice"},"image":{"@id":"https:\/\/www.24gliwice.pl\/wiadomosci\/#\/schema\/logo\/image\/"},"sameAs":["https:\/\/www.facebook.com\/24gliwice","https:\/\/x.com\/24gliwice","https:\/\/www.youtube.com\/@24gliwice"]},{"@type":"Person","@id":"https:\/\/www.24gliwice.pl\/wiadomosci\/#\/schema\/person\/e42c650edd7f2fa332be3811fb166b6e","name":"\u017baneta Mrozek-Siewierska","image":{"@type":"ImageObject","inLanguage":"pl-PL","@id":"https:\/\/www.24gliwice.pl\/wiadomosci\/wp-content\/uploads\/2021\/11\/Zaneta-M_S-zdjecie-czb-96x96.jpg","url":"https:\/\/www.24gliwice.pl\/wiadomosci\/wp-content\/uploads\/2021\/11\/Zaneta-M_S-zdjecie-czb-96x96.jpg","contentUrl":"https:\/\/www.24gliwice.pl\/wiadomosci\/wp-content\/uploads\/2021\/11\/Zaneta-M_S-zdjecie-czb-96x96.jpg","caption":"\u017baneta Mrozek-Siewierska"},"url":"https:\/\/www.24gliwice.pl\/wiadomosci\/author\/zms\/"}]}},"_links":{"self":[{"href":"https:\/\/www.24gliwice.pl\/wiadomosci\/wp-json\/wp\/v2\/posts\/185612","targetHints":{"allow":["GET"]}}],"collection":[{"href":"https:\/\/www.24gliwice.pl\/wiadomosci\/wp-json\/wp\/v2\/posts"}],"about":[{"href":"https:\/\/www.24gliwice.pl\/wiadomosci\/wp-json\/wp\/v2\/types\/post"}],"author":[{"embeddable":true,"href":"https:\/\/www.24gliwice.pl\/wiadomosci\/wp-json\/wp\/v2\/users\/15"}],"replies":[{"embeddable":true,"href":"https:\/\/www.24gliwice.pl\/wiadomosci\/wp-json\/wp\/v2\/comments?post=185612"}],"version-history":[{"count":8,"href":"https:\/\/www.24gliwice.pl\/wiadomosci\/wp-json\/wp\/v2\/posts\/185612\/revisions"}],"predecessor-version":[{"id":185728,"href":"https:\/\/www.24gliwice.pl\/wiadomosci\/wp-json\/wp\/v2\/posts\/185612\/revisions\/185728"}],"wp:featuredmedia":[{"embeddable":true,"href":"https:\/\/www.24gliwice.pl\/wiadomosci\/wp-json\/wp\/v2\/media\/168108"}],"wp:attachment":[{"href":"https:\/\/www.24gliwice.pl\/wiadomosci\/wp-json\/wp\/v2\/media?parent=185612"}],"wp:term":[{"taxonomy":"category","embeddable":true,"href":"https:\/\/www.24gliwice.pl\/wiadomosci\/wp-json\/wp\/v2\/categories?post=185612"},{"taxonomy":"post_tag","embeddable":true,"href":"https:\/\/www.24gliwice.pl\/wiadomosci\/wp-json\/wp\/v2\/tags?post=185612"}],"curies":[{"name":"wp","href":"https:\/\/api.w.org\/{rel}","templated":true}]}}