{"id":185688,"date":"2022-02-03T20:28:50","date_gmt":"2022-02-03T19:28:50","guid":{"rendered":"https:\/\/www.24gliwice.pl\/wiadomosci\/?p=185688"},"modified":"2022-02-03T20:29:46","modified_gmt":"2022-02-03T19:29:46","slug":"walentynkowy-lot-wiatrakowcem-nad-gliwicami-przyjdz-na-prelekcje-do-forum-i-wez-udzial-w-konkursie","status":"publish","type":"post","link":"https:\/\/www.24gliwice.pl\/wiadomosci\/walentynkowy-lot-wiatrakowcem-nad-gliwicami-przyjdz-na-prelekcje-do-forum-i-wez-udzial-w-konkursie\/","title":{"rendered":"Lot wiatrakowcem nad Gliwicami. Przyjd\u017a na prelekcje do Forum i we\u017a udzia\u0142 w konkursie walentynkowym"},"content":{"rendered":"<div class=\"gliwi-a6-nad-leadem-artykulow gliwi-entity-placement\" id=\"gliwi-1567091880\"><div class=\"gliwi-adlabel\"><span style=\"font-size: 9px\">REKLAMA<\/span><\/div><div id=\"gliwi-2294531934\" style=\"margin-bottom: 30px;margin-left: auto;margin-right: auto;text-align: center;\"><a data-no-instant=\"1\" href=\"https:\/\/przedszkole.halogen.org.pl\/\" rel=\"noopener\" class=\"a2t-link\" target=\"_blank\" aria-label=\"20260402-ANIMATOR-przedszkole_grafika_750x200\"><img loading=\"lazy\" decoding=\"async\" src=\"https:\/\/www.24gliwice.pl\/wiadomosci\/wp-content\/uploads\/2026\/04\/20260402-ANIMATOR-przedszkole_grafika_750x200.webp\" alt=\"\"  srcset=\"https:\/\/www.24gliwice.pl\/wiadomosci\/wp-content\/uploads\/2026\/04\/20260402-ANIMATOR-przedszkole_grafika_750x200.webp 750w, https:\/\/www.24gliwice.pl\/wiadomosci\/wp-content\/uploads\/2026\/04\/20260402-ANIMATOR-przedszkole_grafika_750x200-410x109.webp 410w\" sizes=\"(max-width: 750px) 100vw, 750px\" class=\"no-lazyload\" width=\"750\" height=\"200\"  style=\"display: inline-block; max-width: 100%; height: auto;\" \/><\/a><\/div><\/div><h2>Wiatrakowiec wyl\u0105dowa\u0142 w centrum handlowym Forum. Lot nim nad Gliwicami to super pomys\u0142 na walentynkowy prezent. Atrakcja b\u0119dzie do wygrania 12 lutego, a ekspozycj\u0119 mo\u017cna ogl\u0105da\u0107 do 19 lutego.<\/h2>\n<p>&nbsp;<br \/>\nWiatrakowiec to nowoczesny statek powietrzny. Dzi\u0119ki wsp\u00f3\u0142pracy z firm\u0105 <strong>Aviation Artur Trendak<\/strong> &#8211; producentem wiatrakowc\u00f3w, jeden z jego modeli mo\u017cna podziwia\u0107 na scenie g\u0142\u00f3wnej (parter) w centrum handlowego przy ul. Lipowej 1 w Gliwicach.<\/p>\n<p><a href=\"https:\/\/www.24gliwice.pl\/wiadomosci\/wp-content\/uploads\/2022\/02\/FORUM-Wiatrakowiec-Forum-04.jpg\"><img loading=\"lazy\" decoding=\"async\" class=\"alignnone size-full wp-image-185697\" src=\"https:\/\/www.24gliwice.pl\/wiadomosci\/wp-content\/uploads\/2022\/02\/FORUM-Wiatrakowiec-Forum-04.jpg\" alt=\"\" width=\"810\" height=\"608\" srcset=\"https:\/\/www.24gliwice.pl\/wiadomosci\/wp-content\/uploads\/2022\/02\/FORUM-Wiatrakowiec-Forum-04.jpg 810w, https:\/\/www.24gliwice.pl\/wiadomosci\/wp-content\/uploads\/2022\/02\/FORUM-Wiatrakowiec-Forum-04-309x232.jpg 309w, https:\/\/www.24gliwice.pl\/wiadomosci\/wp-content\/uploads\/2022\/02\/FORUM-Wiatrakowiec-Forum-04-606x455.jpg 606w, https:\/\/www.24gliwice.pl\/wiadomosci\/wp-content\/uploads\/2022\/02\/FORUM-Wiatrakowiec-Forum-04-768x576.jpg 768w\" sizes=\"auto, (max-width: 810px) 100vw, 810px\" \/><\/a><\/p>\n<p>To okazja aby zasi\u0105\u015b\u0107 za jego sterami, porozmawia\u0107 z pilotami o lataniu wiatrakowcami i wys\u0142ucha\u0107 prelekcji lotniczych (harmonogram poni\u017cej). B\u0119dzie te\u017c mo\u017cna wygra\u0107 w walentynkowym konkursie lot wiatrakowcem nad Gliwicami. Ta odlotowa niespodzianka b\u0119dzie nagrod\u0105 dla uwa\u017cnych, kt\u00f3rzy w sobot\u0119 12 lutego (godz. 18:00) wezm\u0105 udzia\u0142 w prelekcji.<\/p><div class=\"gliwi-a3-w-tresci-artykulow gliwi-entity-placement\" id=\"gliwi-2707406957\"><div class=\"gliwi-adlabel\"><span style=\"font-size: 9px\">REKLAMA<\/span><\/div><div id=\"gliwi-3690924490\" style=\"margin-bottom: 30px;margin-left: auto;margin-right: auto;text-align: center;\"><a data-no-instant=\"1\" href=\"https:\/\/zlobek.halogen.org.pl\/\" rel=\"noopener\" class=\"a2t-link\" target=\"_blank\" aria-label=\"animator-zlobek_750x200\"><img loading=\"lazy\" decoding=\"async\" src=\"https:\/\/www.24gliwice.pl\/wiadomosci\/wp-content\/uploads\/2026\/02\/animator-zlobek_750x200.webp\" alt=\"\"  srcset=\"https:\/\/www.24gliwice.pl\/wiadomosci\/wp-content\/uploads\/2026\/02\/animator-zlobek_750x200.webp 750w, https:\/\/www.24gliwice.pl\/wiadomosci\/wp-content\/uploads\/2026\/02\/animator-zlobek_750x200-410x109.webp 410w\" sizes=\"(max-width: 750px) 100vw, 750px\" class=\"no-lazyload\" width=\"750\" height=\"200\"  style=\"display: inline-block; max-width: 100%; height: auto;\" \/><\/a><\/div><\/div>\n<p><a href=\"https:\/\/www.24gliwice.pl\/wiadomosci\/wp-content\/uploads\/2022\/02\/FORUM-wiatrakowiec-Walentynki-900x.jpg\"><img loading=\"lazy\" decoding=\"async\" class=\"alignnone size-full wp-image-185693\" src=\"https:\/\/www.24gliwice.pl\/wiadomosci\/wp-content\/uploads\/2022\/02\/FORUM-wiatrakowiec-Walentynki-900x.jpg\" alt=\"\" width=\"810\" height=\"810\" srcset=\"https:\/\/www.24gliwice.pl\/wiadomosci\/wp-content\/uploads\/2022\/02\/FORUM-wiatrakowiec-Walentynki-900x.jpg 810w, https:\/\/www.24gliwice.pl\/wiadomosci\/wp-content\/uploads\/2022\/02\/FORUM-wiatrakowiec-Walentynki-900x-232x232.jpg 232w, https:\/\/www.24gliwice.pl\/wiadomosci\/wp-content\/uploads\/2022\/02\/FORUM-wiatrakowiec-Walentynki-900x-455x455.jpg 455w, https:\/\/www.24gliwice.pl\/wiadomosci\/wp-content\/uploads\/2022\/02\/FORUM-wiatrakowiec-Walentynki-900x-90x90.jpg 90w, https:\/\/www.24gliwice.pl\/wiadomosci\/wp-content\/uploads\/2022\/02\/FORUM-wiatrakowiec-Walentynki-900x-768x768.jpg 768w\" sizes=\"auto, (max-width: 810px) 100vw, 810px\" \/><\/a><\/p>\n<h4>Harmonogram i tematyka spotka\u0144 z pilotami:<\/h4>\n<ul>\n<li><strong>4 lutego (pi\u0105tek)<\/strong><\/li>\n<\/ul>\n<p>Godz. 18:00 &#8211; Przygotowanie wiatrakowca do lotu.<\/p>\n<ul>\n<li><strong>5 lutego (sobota)<\/strong><\/li>\n<\/ul>\n<p>Godz. 15:00 \u2013 Analiza pogody na trasie lotu, czyli lecimy czy zostajemy w domu?<br \/>\nGodz. 18:00 \u2013 Analiza warunk\u00f3w wykonywania lotu: temperatura, wiatr, baga\u017c i czy mamy jeszcze miejsce na paliwo?<\/p>\n<p><a href=\"https:\/\/www.24gliwice.pl\/wiadomosci\/wp-content\/uploads\/2022\/02\/FORUM-Wiatrakowiec-Forum-01.jpg\"><img loading=\"lazy\" decoding=\"async\" class=\"alignnone size-full wp-image-185694\" src=\"https:\/\/www.24gliwice.pl\/wiadomosci\/wp-content\/uploads\/2022\/02\/FORUM-Wiatrakowiec-Forum-01.jpg\" alt=\"\" width=\"810\" height=\"457\" srcset=\"https:\/\/www.24gliwice.pl\/wiadomosci\/wp-content\/uploads\/2022\/02\/FORUM-Wiatrakowiec-Forum-01.jpg 810w, https:\/\/www.24gliwice.pl\/wiadomosci\/wp-content\/uploads\/2022\/02\/FORUM-Wiatrakowiec-Forum-01-410x232.jpg 410w, https:\/\/www.24gliwice.pl\/wiadomosci\/wp-content\/uploads\/2022\/02\/FORUM-Wiatrakowiec-Forum-01-806x455.jpg 806w, https:\/\/www.24gliwice.pl\/wiadomosci\/wp-content\/uploads\/2022\/02\/FORUM-Wiatrakowiec-Forum-01-768x433.jpg 768w\" sizes=\"auto, (max-width: 810px) 100vw, 810px\" \/><\/a><\/p>\n<ul>\n<li><strong>11 lutego (pi\u0105tek)<\/strong><\/li>\n<\/ul>\n<p>Godz. 18:00 \u2013 Przygotowanie wiatrakowca do lotu.<\/p>\n<ul>\n<li><strong>12 lutego (sobota)<\/strong><\/li>\n<\/ul>\n<p>Godz. 15:00 \u2013 Analiza dost\u0119pno\u015bci przestrzeni, czyli po prostej albo zygzakiem?<br \/>\nGodz. 18:00 \u2013 Co to jest wiatrakowiec i dlaczego lata? Dla uwa\u017cnych s\u0142uchaczy konkurs z nagrodami, w tym przelotem walentynkowym dla pary 2&#215;15 min.<\/p>\n<p><a href=\"https:\/\/www.24gliwice.pl\/wiadomosci\/wp-content\/uploads\/2022\/02\/FORUM-Wiatrakowiec-Forum-03.jpg\"><img loading=\"lazy\" decoding=\"async\" class=\"alignnone  wp-image-185696\" src=\"https:\/\/www.24gliwice.pl\/wiadomosci\/wp-content\/uploads\/2022\/02\/FORUM-Wiatrakowiec-Forum-03.jpg\" alt=\"\" width=\"1076\" height=\"1433\" srcset=\"https:\/\/www.24gliwice.pl\/wiadomosci\/wp-content\/uploads\/2022\/02\/FORUM-Wiatrakowiec-Forum-03.jpg 608w, https:\/\/www.24gliwice.pl\/wiadomosci\/wp-content\/uploads\/2022\/02\/FORUM-Wiatrakowiec-Forum-03-174x232.jpg 174w, https:\/\/www.24gliwice.pl\/wiadomosci\/wp-content\/uploads\/2022\/02\/FORUM-Wiatrakowiec-Forum-03-342x455.jpg 342w\" sizes=\"auto, (max-width: 1076px) 100vw, 1076px\" \/><\/a><\/p>\n<ul>\n<li><strong>18 lutego (pi\u0105tek)<\/strong><\/li>\n<\/ul>\n<p>Godz. 18:00 \u2013 Przygotowanie wiatrakowca do lotu.<\/p>\n<ul>\n<li><strong>19 lutego (sobota)<\/strong><\/li>\n<\/ul>\n<p>Godz. 15:00 \u2013 Zastosowania komercyjne w dozorowaniu, rolnictwie, geodezji, fotografii lotniczej, czyli zabawka czy narz\u0119dzie?<br \/>\nGodz. 18:00 \u2013 Nawigacja, czyli jak nie zab\u0142\u0105dzi\u0107 w powietrzu?<\/p>\n<p><a href=\"https:\/\/www.24gliwice.pl\/wiadomosci\/wp-content\/uploads\/2022\/02\/FORUM-wiatrakowiec-coverphoto.jpg\"><img loading=\"lazy\" decoding=\"async\" class=\"alignnone size-full wp-image-185692\" src=\"https:\/\/www.24gliwice.pl\/wiadomosci\/wp-content\/uploads\/2022\/02\/FORUM-wiatrakowiec-coverphoto.jpg\" alt=\"\" width=\"810\" height=\"308\" srcset=\"https:\/\/www.24gliwice.pl\/wiadomosci\/wp-content\/uploads\/2022\/02\/FORUM-wiatrakowiec-coverphoto.jpg 810w, https:\/\/www.24gliwice.pl\/wiadomosci\/wp-content\/uploads\/2022\/02\/FORUM-wiatrakowiec-coverphoto-410x156.jpg 410w, https:\/\/www.24gliwice.pl\/wiadomosci\/wp-content\/uploads\/2022\/02\/FORUM-wiatrakowiec-coverphoto-768x292.jpg 768w\" sizes=\"auto, (max-width: 810px) 100vw, 810px\" \/><\/a><\/p>\n<div class=\"gliwi-a5-na-koncu-artykulow gliwi-entity-placement\" id=\"gliwi-3868328848\"><div class=\"gliwi-adlabel\"><span style=\"font-size: 9px\">REKLAMA<\/span><\/div><div id=\"gliwi-2200428211\" style=\"margin-left: auto;margin-right: auto;text-align: center;\"><a data-no-instant=\"1\" href=\"https:\/\/prezeroarenagliwice.pl\/\" rel=\"noopener\" class=\"a2t-link\" target=\"_blank\" aria-label=\"20260309-PREZERO-WIOSNA-D\"><img loading=\"lazy\" decoding=\"async\" src=\"https:\/\/www.24gliwice.pl\/wiadomosci\/wp-content\/uploads\/2026\/03\/20260309-PREZERO-WIOSNA-D.webp\" alt=\"\"  srcset=\"https:\/\/www.24gliwice.pl\/wiadomosci\/wp-content\/uploads\/2026\/03\/20260309-PREZERO-WIOSNA-D.webp 750w, https:\/\/www.24gliwice.pl\/wiadomosci\/wp-content\/uploads\/2026\/03\/20260309-PREZERO-WIOSNA-D-410x109.webp 410w\" sizes=\"(max-width: 750px) 100vw, 750px\" class=\"no-lazyload\" width=\"750\" height=\"200\"  style=\"display: inline-block; max-width: 100%; height: auto;\" \/><\/a><\/div><\/div>","protected":false},"excerpt":{"rendered":"<p>Wiatrakowiec wyl\u0105dowa\u0142 w centrum handlowym Forum. Lot nim nad Gliwicami to super pomys\u0142 na walentynkowy prezent. Atrakcja b\u0119dzie do wygrania 12 lutego, a ekspozycj\u0119 mo\u017cna ogl\u0105da\u0107 do 19 lutego. &nbsp; Wiatrakowiec to nowoczesny statek powietrzny. Dzi\u0119ki wsp\u00f3\u0142pracy z firm\u0105 Aviation Artur Trendak &#8211; producentem wiatrakowc\u00f3w, jeden z jego modeli mo\u017cna podziwia\u0107 na scenie g\u0142\u00f3wnej (parter) [&hellip;]<\/p>\n","protected":false},"author":15,"featured_media":185695,"comment_status":"closed","ping_status":"closed","sticky":false,"template":"","format":"standard","meta":{"_monsterinsights_skip_tracking":false,"_monsterinsights_sitenote_active":false,"_monsterinsights_sitenote_note":"","_monsterinsights_sitenote_category":0,"footnotes":"","_links_to":"","_links_to_target":""},"categories":[3,6,1],"tags":[11515],"class_list":["post-185688","post","type-post","status-publish","format-standard","has-post-thumbnail","hentry","category-gliwice","category-kultura","category-wszystko","tag-walentynki"],"yoast_head":"<!-- This site is optimized with the Yoast SEO plugin v27.4 - https:\/\/yoast.com\/product\/yoast-seo-wordpress\/ -->\n<title>Lot wiatrakowcem nad Gliwicami. Przyjd\u017a na prelekcje do Forum i we\u017a udzia\u0142 w konkursie walentynkowym - 24GLIWICE - Portal Gliwice | codziennie nowe informacje<\/title>\n<meta name=\"robots\" content=\"index, follow, max-snippet:-1, max-image-preview:large, max-video-preview:-1\" \/>\n<link rel=\"canonical\" href=\"https:\/\/www.24gliwice.pl\/wiadomosci\/walentynkowy-lot-wiatrakowcem-nad-gliwicami-przyjdz-na-prelekcje-do-forum-i-wez-udzial-w-konkursie\/\" \/>\n<meta property=\"og:locale\" content=\"pl_PL\" \/>\n<meta property=\"og:type\" content=\"article\" \/>\n<meta property=\"og:title\" content=\"Lot wiatrakowcem nad Gliwicami. Przyjd\u017a na prelekcje do Forum i we\u017a udzia\u0142 w konkursie walentynkowym - 24GLIWICE - Portal Gliwice | codziennie nowe informacje\" \/>\n<meta property=\"og:description\" content=\"Wiatrakowiec wyl\u0105dowa\u0142 w centrum handlowym Forum. Lot nim nad Gliwicami to super pomys\u0142 na walentynkowy prezent. Atrakcja b\u0119dzie do wygrania 12 lutego, a ekspozycj\u0119 mo\u017cna ogl\u0105da\u0107 do 19 lutego. &nbsp; Wiatrakowiec to nowoczesny statek powietrzny. Dzi\u0119ki wsp\u00f3\u0142pracy z firm\u0105 Aviation Artur Trendak &#8211; producentem wiatrakowc\u00f3w, jeden z jego modeli mo\u017cna podziwia\u0107 na scenie g\u0142\u00f3wnej (parter) [&hellip;]\" \/>\n<meta property=\"og:url\" content=\"https:\/\/www.24gliwice.pl\/wiadomosci\/walentynkowy-lot-wiatrakowcem-nad-gliwicami-przyjdz-na-prelekcje-do-forum-i-wez-udzial-w-konkursie\/\" \/>\n<meta property=\"og:site_name\" content=\"24GLIWICE - Portal Gliwice | codziennie nowe informacje\" \/>\n<meta property=\"article:publisher\" content=\"https:\/\/www.facebook.com\/24gliwice\" \/>\n<meta property=\"article:published_time\" content=\"2022-02-03T19:28:50+00:00\" \/>\n<meta property=\"article:modified_time\" content=\"2022-02-03T19:29:46+00:00\" \/>\n<meta property=\"og:image\" content=\"https:\/\/www.24gliwice.pl\/wiadomosci\/wp-content\/uploads\/2022\/02\/FORUM-Wiatrakowiec-Forum-02.jpg\" \/>\n\t<meta property=\"og:image:width\" content=\"810\" \/>\n\t<meta property=\"og:image:height\" content=\"457\" \/>\n\t<meta property=\"og:image:type\" content=\"image\/jpeg\" \/>\n<meta name=\"author\" content=\"\u017baneta Mrozek-Siewierska\" \/>\n<meta name=\"twitter:card\" content=\"summary_large_image\" \/>\n<meta name=\"twitter:creator\" content=\"@24gliwice\" \/>\n<meta name=\"twitter:site\" content=\"@24gliwice\" \/>\n<meta name=\"twitter:label1\" content=\"Napisane przez\" \/>\n\t<meta name=\"twitter:data1\" content=\"\u017baneta Mrozek-Siewierska\" \/>\n\t<meta name=\"twitter:label2\" content=\"Szacowany czas czytania\" \/>\n\t<meta name=\"twitter:data2\" content=\"1 minuta\" \/>\n<script type=\"application\/ld+json\" class=\"yoast-schema-graph\">{\"@context\":\"https:\\\/\\\/schema.org\",\"@graph\":[{\"@type\":\"Article\",\"@id\":\"https:\\\/\\\/www.24gliwice.pl\\\/wiadomosci\\\/walentynkowy-lot-wiatrakowcem-nad-gliwicami-przyjdz-na-prelekcje-do-forum-i-wez-udzial-w-konkursie\\\/#article\",\"isPartOf\":{\"@id\":\"https:\\\/\\\/www.24gliwice.pl\\\/wiadomosci\\\/walentynkowy-lot-wiatrakowcem-nad-gliwicami-przyjdz-na-prelekcje-do-forum-i-wez-udzial-w-konkursie\\\/\"},\"author\":{\"name\":\"\u017baneta Mrozek-Siewierska\",\"@id\":\"https:\\\/\\\/www.24gliwice.pl\\\/wiadomosci\\\/#\\\/schema\\\/person\\\/e42c650edd7f2fa332be3811fb166b6e\"},\"headline\":\"Lot wiatrakowcem nad Gliwicami. Przyjd\u017a na prelekcje do Forum i we\u017a udzia\u0142 w konkursie walentynkowym\",\"datePublished\":\"2022-02-03T19:28:50+00:00\",\"dateModified\":\"2022-02-03T19:29:46+00:00\",\"mainEntityOfPage\":{\"@id\":\"https:\\\/\\\/www.24gliwice.pl\\\/wiadomosci\\\/walentynkowy-lot-wiatrakowcem-nad-gliwicami-przyjdz-na-prelekcje-do-forum-i-wez-udzial-w-konkursie\\\/\"},\"wordCount\":261,\"publisher\":{\"@id\":\"https:\\\/\\\/www.24gliwice.pl\\\/wiadomosci\\\/#organization\"},\"image\":{\"@id\":\"https:\\\/\\\/www.24gliwice.pl\\\/wiadomosci\\\/walentynkowy-lot-wiatrakowcem-nad-gliwicami-przyjdz-na-prelekcje-do-forum-i-wez-udzial-w-konkursie\\\/#primaryimage\"},\"thumbnailUrl\":\"https:\\\/\\\/www.24gliwice.pl\\\/wiadomosci\\\/wp-content\\\/uploads\\\/2022\\\/02\\\/FORUM-Wiatrakowiec-Forum-02.jpg\",\"keywords\":[\"WALENTYNKI\"],\"articleSection\":[\"Gliwice\",\"Kultura, wydarzenia, imprezy\",\"Najnowsze wiadomo\u015bci\"],\"inLanguage\":\"pl-PL\"},{\"@type\":\"WebPage\",\"@id\":\"https:\\\/\\\/www.24gliwice.pl\\\/wiadomosci\\\/walentynkowy-lot-wiatrakowcem-nad-gliwicami-przyjdz-na-prelekcje-do-forum-i-wez-udzial-w-konkursie\\\/\",\"url\":\"https:\\\/\\\/www.24gliwice.pl\\\/wiadomosci\\\/walentynkowy-lot-wiatrakowcem-nad-gliwicami-przyjdz-na-prelekcje-do-forum-i-wez-udzial-w-konkursie\\\/\",\"name\":\"Lot wiatrakowcem nad Gliwicami. Przyjd\u017a na prelekcje do Forum i we\u017a udzia\u0142 w konkursie walentynkowym - 24GLIWICE - Portal Gliwice | codziennie nowe informacje\",\"isPartOf\":{\"@id\":\"https:\\\/\\\/www.24gliwice.pl\\\/wiadomosci\\\/#website\"},\"primaryImageOfPage\":{\"@id\":\"https:\\\/\\\/www.24gliwice.pl\\\/wiadomosci\\\/walentynkowy-lot-wiatrakowcem-nad-gliwicami-przyjdz-na-prelekcje-do-forum-i-wez-udzial-w-konkursie\\\/#primaryimage\"},\"image\":{\"@id\":\"https:\\\/\\\/www.24gliwice.pl\\\/wiadomosci\\\/walentynkowy-lot-wiatrakowcem-nad-gliwicami-przyjdz-na-prelekcje-do-forum-i-wez-udzial-w-konkursie\\\/#primaryimage\"},\"thumbnailUrl\":\"https:\\\/\\\/www.24gliwice.pl\\\/wiadomosci\\\/wp-content\\\/uploads\\\/2022\\\/02\\\/FORUM-Wiatrakowiec-Forum-02.jpg\",\"datePublished\":\"2022-02-03T19:28:50+00:00\",\"dateModified\":\"2022-02-03T19:29:46+00:00\",\"breadcrumb\":{\"@id\":\"https:\\\/\\\/www.24gliwice.pl\\\/wiadomosci\\\/walentynkowy-lot-wiatrakowcem-nad-gliwicami-przyjdz-na-prelekcje-do-forum-i-wez-udzial-w-konkursie\\\/#breadcrumb\"},\"inLanguage\":\"pl-PL\",\"potentialAction\":[{\"@type\":\"ReadAction\",\"target\":[\"https:\\\/\\\/www.24gliwice.pl\\\/wiadomosci\\\/walentynkowy-lot-wiatrakowcem-nad-gliwicami-przyjdz-na-prelekcje-do-forum-i-wez-udzial-w-konkursie\\\/\"]}]},{\"@type\":\"ImageObject\",\"inLanguage\":\"pl-PL\",\"@id\":\"https:\\\/\\\/www.24gliwice.pl\\\/wiadomosci\\\/walentynkowy-lot-wiatrakowcem-nad-gliwicami-przyjdz-na-prelekcje-do-forum-i-wez-udzial-w-konkursie\\\/#primaryimage\",\"url\":\"https:\\\/\\\/www.24gliwice.pl\\\/wiadomosci\\\/wp-content\\\/uploads\\\/2022\\\/02\\\/FORUM-Wiatrakowiec-Forum-02.jpg\",\"contentUrl\":\"https:\\\/\\\/www.24gliwice.pl\\\/wiadomosci\\\/wp-content\\\/uploads\\\/2022\\\/02\\\/FORUM-Wiatrakowiec-Forum-02.jpg\",\"width\":810,\"height\":457},{\"@type\":\"BreadcrumbList\",\"@id\":\"https:\\\/\\\/www.24gliwice.pl\\\/wiadomosci\\\/walentynkowy-lot-wiatrakowcem-nad-gliwicami-przyjdz-na-prelekcje-do-forum-i-wez-udzial-w-konkursie\\\/#breadcrumb\",\"itemListElement\":[{\"@type\":\"ListItem\",\"position\":1,\"name\":\"Strona g\u0142\u00f3wna\",\"item\":\"https:\\\/\\\/www.24gliwice.pl\\\/wiadomosci\\\/\"},{\"@type\":\"ListItem\",\"position\":2,\"name\":\"Lot wiatrakowcem nad Gliwicami. Przyjd\u017a na prelekcje do Forum i we\u017a udzia\u0142 w konkursie walentynkowym\"}]},{\"@type\":\"WebSite\",\"@id\":\"https:\\\/\\\/www.24gliwice.pl\\\/wiadomosci\\\/#website\",\"url\":\"https:\\\/\\\/www.24gliwice.pl\\\/wiadomosci\\\/\",\"name\":\"24GLIWICE - Portal Gliwice | codziennie nowe wiadomo\u015bci\",\"description\":\"Portal Miejski Gliwice\",\"publisher\":{\"@id\":\"https:\\\/\\\/www.24gliwice.pl\\\/wiadomosci\\\/#organization\"},\"potentialAction\":[{\"@type\":\"SearchAction\",\"target\":{\"@type\":\"EntryPoint\",\"urlTemplate\":\"https:\\\/\\\/www.24gliwice.pl\\\/wiadomosci\\\/?s={search_term_string}\"},\"query-input\":{\"@type\":\"PropertyValueSpecification\",\"valueRequired\":true,\"valueName\":\"search_term_string\"}}],\"inLanguage\":\"pl-PL\"},{\"@type\":\"Organization\",\"@id\":\"https:\\\/\\\/www.24gliwice.pl\\\/wiadomosci\\\/#organization\",\"name\":\"24gliwice\",\"url\":\"https:\\\/\\\/www.24gliwice.pl\\\/wiadomosci\\\/\",\"logo\":{\"@type\":\"ImageObject\",\"inLanguage\":\"pl-PL\",\"@id\":\"https:\\\/\\\/www.24gliwice.pl\\\/wiadomosci\\\/#\\\/schema\\\/logo\\\/image\\\/\",\"url\":\"https:\\\/\\\/www.24gliwice.pl\\\/wiadomosci\\\/wp-content\\\/uploads\\\/2024\\\/10\\\/24gliwice-logo-696.jpg\",\"contentUrl\":\"https:\\\/\\\/www.24gliwice.pl\\\/wiadomosci\\\/wp-content\\\/uploads\\\/2024\\\/10\\\/24gliwice-logo-696.jpg\",\"width\":696,\"height\":696,\"caption\":\"24gliwice\"},\"image\":{\"@id\":\"https:\\\/\\\/www.24gliwice.pl\\\/wiadomosci\\\/#\\\/schema\\\/logo\\\/image\\\/\"},\"sameAs\":[\"https:\\\/\\\/www.facebook.com\\\/24gliwice\",\"https:\\\/\\\/x.com\\\/24gliwice\",\"https:\\\/\\\/www.youtube.com\\\/@24gliwice\"]},{\"@type\":\"Person\",\"@id\":\"https:\\\/\\\/www.24gliwice.pl\\\/wiadomosci\\\/#\\\/schema\\\/person\\\/e42c650edd7f2fa332be3811fb166b6e\",\"name\":\"\u017baneta Mrozek-Siewierska\",\"image\":{\"@type\":\"ImageObject\",\"inLanguage\":\"pl-PL\",\"@id\":\"https:\\\/\\\/www.24gliwice.pl\\\/wiadomosci\\\/wp-content\\\/uploads\\\/2021\\\/11\\\/Zaneta-M_S-zdjecie-czb-96x96.jpg\",\"url\":\"https:\\\/\\\/www.24gliwice.pl\\\/wiadomosci\\\/wp-content\\\/uploads\\\/2021\\\/11\\\/Zaneta-M_S-zdjecie-czb-96x96.jpg\",\"contentUrl\":\"https:\\\/\\\/www.24gliwice.pl\\\/wiadomosci\\\/wp-content\\\/uploads\\\/2021\\\/11\\\/Zaneta-M_S-zdjecie-czb-96x96.jpg\",\"caption\":\"\u017baneta Mrozek-Siewierska\"},\"url\":\"https:\\\/\\\/www.24gliwice.pl\\\/wiadomosci\\\/author\\\/zms\\\/\"}]}<\/script>\n<!-- \/ Yoast SEO plugin. -->","yoast_head_json":{"title":"Lot wiatrakowcem nad Gliwicami. Przyjd\u017a na prelekcje do Forum i we\u017a udzia\u0142 w konkursie walentynkowym - 24GLIWICE - Portal Gliwice | codziennie nowe informacje","robots":{"index":"index","follow":"follow","max-snippet":"max-snippet:-1","max-image-preview":"max-image-preview:large","max-video-preview":"max-video-preview:-1"},"canonical":"https:\/\/www.24gliwice.pl\/wiadomosci\/walentynkowy-lot-wiatrakowcem-nad-gliwicami-przyjdz-na-prelekcje-do-forum-i-wez-udzial-w-konkursie\/","og_locale":"pl_PL","og_type":"article","og_title":"Lot wiatrakowcem nad Gliwicami. Przyjd\u017a na prelekcje do Forum i we\u017a udzia\u0142 w konkursie walentynkowym - 24GLIWICE - Portal Gliwice | codziennie nowe informacje","og_description":"Wiatrakowiec wyl\u0105dowa\u0142 w centrum handlowym Forum. Lot nim nad Gliwicami to super pomys\u0142 na walentynkowy prezent. Atrakcja b\u0119dzie do wygrania 12 lutego, a ekspozycj\u0119 mo\u017cna ogl\u0105da\u0107 do 19 lutego. &nbsp; Wiatrakowiec to nowoczesny statek powietrzny. Dzi\u0119ki wsp\u00f3\u0142pracy z firm\u0105 Aviation Artur Trendak &#8211; producentem wiatrakowc\u00f3w, jeden z jego modeli mo\u017cna podziwia\u0107 na scenie g\u0142\u00f3wnej (parter) [&hellip;]","og_url":"https:\/\/www.24gliwice.pl\/wiadomosci\/walentynkowy-lot-wiatrakowcem-nad-gliwicami-przyjdz-na-prelekcje-do-forum-i-wez-udzial-w-konkursie\/","og_site_name":"24GLIWICE - Portal Gliwice | codziennie nowe informacje","article_publisher":"https:\/\/www.facebook.com\/24gliwice","article_published_time":"2022-02-03T19:28:50+00:00","article_modified_time":"2022-02-03T19:29:46+00:00","og_image":[{"width":810,"height":457,"url":"https:\/\/www.24gliwice.pl\/wiadomosci\/wp-content\/uploads\/2022\/02\/FORUM-Wiatrakowiec-Forum-02.jpg","type":"image\/jpeg"}],"author":"\u017baneta Mrozek-Siewierska","twitter_card":"summary_large_image","twitter_creator":"@24gliwice","twitter_site":"@24gliwice","twitter_misc":{"Napisane przez":"\u017baneta Mrozek-Siewierska","Szacowany czas czytania":"1 minuta"},"schema":{"@context":"https:\/\/schema.org","@graph":[{"@type":"Article","@id":"https:\/\/www.24gliwice.pl\/wiadomosci\/walentynkowy-lot-wiatrakowcem-nad-gliwicami-przyjdz-na-prelekcje-do-forum-i-wez-udzial-w-konkursie\/#article","isPartOf":{"@id":"https:\/\/www.24gliwice.pl\/wiadomosci\/walentynkowy-lot-wiatrakowcem-nad-gliwicami-przyjdz-na-prelekcje-do-forum-i-wez-udzial-w-konkursie\/"},"author":{"name":"\u017baneta Mrozek-Siewierska","@id":"https:\/\/www.24gliwice.pl\/wiadomosci\/#\/schema\/person\/e42c650edd7f2fa332be3811fb166b6e"},"headline":"Lot wiatrakowcem nad Gliwicami. Przyjd\u017a na prelekcje do Forum i we\u017a udzia\u0142 w konkursie walentynkowym","datePublished":"2022-02-03T19:28:50+00:00","dateModified":"2022-02-03T19:29:46+00:00","mainEntityOfPage":{"@id":"https:\/\/www.24gliwice.pl\/wiadomosci\/walentynkowy-lot-wiatrakowcem-nad-gliwicami-przyjdz-na-prelekcje-do-forum-i-wez-udzial-w-konkursie\/"},"wordCount":261,"publisher":{"@id":"https:\/\/www.24gliwice.pl\/wiadomosci\/#organization"},"image":{"@id":"https:\/\/www.24gliwice.pl\/wiadomosci\/walentynkowy-lot-wiatrakowcem-nad-gliwicami-przyjdz-na-prelekcje-do-forum-i-wez-udzial-w-konkursie\/#primaryimage"},"thumbnailUrl":"https:\/\/www.24gliwice.pl\/wiadomosci\/wp-content\/uploads\/2022\/02\/FORUM-Wiatrakowiec-Forum-02.jpg","keywords":["WALENTYNKI"],"articleSection":["Gliwice","Kultura, wydarzenia, imprezy","Najnowsze wiadomo\u015bci"],"inLanguage":"pl-PL"},{"@type":"WebPage","@id":"https:\/\/www.24gliwice.pl\/wiadomosci\/walentynkowy-lot-wiatrakowcem-nad-gliwicami-przyjdz-na-prelekcje-do-forum-i-wez-udzial-w-konkursie\/","url":"https:\/\/www.24gliwice.pl\/wiadomosci\/walentynkowy-lot-wiatrakowcem-nad-gliwicami-przyjdz-na-prelekcje-do-forum-i-wez-udzial-w-konkursie\/","name":"Lot wiatrakowcem nad Gliwicami. Przyjd\u017a na prelekcje do Forum i we\u017a udzia\u0142 w konkursie walentynkowym - 24GLIWICE - Portal Gliwice | codziennie nowe informacje","isPartOf":{"@id":"https:\/\/www.24gliwice.pl\/wiadomosci\/#website"},"primaryImageOfPage":{"@id":"https:\/\/www.24gliwice.pl\/wiadomosci\/walentynkowy-lot-wiatrakowcem-nad-gliwicami-przyjdz-na-prelekcje-do-forum-i-wez-udzial-w-konkursie\/#primaryimage"},"image":{"@id":"https:\/\/www.24gliwice.pl\/wiadomosci\/walentynkowy-lot-wiatrakowcem-nad-gliwicami-przyjdz-na-prelekcje-do-forum-i-wez-udzial-w-konkursie\/#primaryimage"},"thumbnailUrl":"https:\/\/www.24gliwice.pl\/wiadomosci\/wp-content\/uploads\/2022\/02\/FORUM-Wiatrakowiec-Forum-02.jpg","datePublished":"2022-02-03T19:28:50+00:00","dateModified":"2022-02-03T19:29:46+00:00","breadcrumb":{"@id":"https:\/\/www.24gliwice.pl\/wiadomosci\/walentynkowy-lot-wiatrakowcem-nad-gliwicami-przyjdz-na-prelekcje-do-forum-i-wez-udzial-w-konkursie\/#breadcrumb"},"inLanguage":"pl-PL","potentialAction":[{"@type":"ReadAction","target":["https:\/\/www.24gliwice.pl\/wiadomosci\/walentynkowy-lot-wiatrakowcem-nad-gliwicami-przyjdz-na-prelekcje-do-forum-i-wez-udzial-w-konkursie\/"]}]},{"@type":"ImageObject","inLanguage":"pl-PL","@id":"https:\/\/www.24gliwice.pl\/wiadomosci\/walentynkowy-lot-wiatrakowcem-nad-gliwicami-przyjdz-na-prelekcje-do-forum-i-wez-udzial-w-konkursie\/#primaryimage","url":"https:\/\/www.24gliwice.pl\/wiadomosci\/wp-content\/uploads\/2022\/02\/FORUM-Wiatrakowiec-Forum-02.jpg","contentUrl":"https:\/\/www.24gliwice.pl\/wiadomosci\/wp-content\/uploads\/2022\/02\/FORUM-Wiatrakowiec-Forum-02.jpg","width":810,"height":457},{"@type":"BreadcrumbList","@id":"https:\/\/www.24gliwice.pl\/wiadomosci\/walentynkowy-lot-wiatrakowcem-nad-gliwicami-przyjdz-na-prelekcje-do-forum-i-wez-udzial-w-konkursie\/#breadcrumb","itemListElement":[{"@type":"ListItem","position":1,"name":"Strona g\u0142\u00f3wna","item":"https:\/\/www.24gliwice.pl\/wiadomosci\/"},{"@type":"ListItem","position":2,"name":"Lot wiatrakowcem nad Gliwicami. Przyjd\u017a na prelekcje do Forum i we\u017a udzia\u0142 w konkursie walentynkowym"}]},{"@type":"WebSite","@id":"https:\/\/www.24gliwice.pl\/wiadomosci\/#website","url":"https:\/\/www.24gliwice.pl\/wiadomosci\/","name":"24GLIWICE - Portal Gliwice | codziennie nowe wiadomo\u015bci","description":"Portal Miejski Gliwice","publisher":{"@id":"https:\/\/www.24gliwice.pl\/wiadomosci\/#organization"},"potentialAction":[{"@type":"SearchAction","target":{"@type":"EntryPoint","urlTemplate":"https:\/\/www.24gliwice.pl\/wiadomosci\/?s={search_term_string}"},"query-input":{"@type":"PropertyValueSpecification","valueRequired":true,"valueName":"search_term_string"}}],"inLanguage":"pl-PL"},{"@type":"Organization","@id":"https:\/\/www.24gliwice.pl\/wiadomosci\/#organization","name":"24gliwice","url":"https:\/\/www.24gliwice.pl\/wiadomosci\/","logo":{"@type":"ImageObject","inLanguage":"pl-PL","@id":"https:\/\/www.24gliwice.pl\/wiadomosci\/#\/schema\/logo\/image\/","url":"https:\/\/www.24gliwice.pl\/wiadomosci\/wp-content\/uploads\/2024\/10\/24gliwice-logo-696.jpg","contentUrl":"https:\/\/www.24gliwice.pl\/wiadomosci\/wp-content\/uploads\/2024\/10\/24gliwice-logo-696.jpg","width":696,"height":696,"caption":"24gliwice"},"image":{"@id":"https:\/\/www.24gliwice.pl\/wiadomosci\/#\/schema\/logo\/image\/"},"sameAs":["https:\/\/www.facebook.com\/24gliwice","https:\/\/x.com\/24gliwice","https:\/\/www.youtube.com\/@24gliwice"]},{"@type":"Person","@id":"https:\/\/www.24gliwice.pl\/wiadomosci\/#\/schema\/person\/e42c650edd7f2fa332be3811fb166b6e","name":"\u017baneta Mrozek-Siewierska","image":{"@type":"ImageObject","inLanguage":"pl-PL","@id":"https:\/\/www.24gliwice.pl\/wiadomosci\/wp-content\/uploads\/2021\/11\/Zaneta-M_S-zdjecie-czb-96x96.jpg","url":"https:\/\/www.24gliwice.pl\/wiadomosci\/wp-content\/uploads\/2021\/11\/Zaneta-M_S-zdjecie-czb-96x96.jpg","contentUrl":"https:\/\/www.24gliwice.pl\/wiadomosci\/wp-content\/uploads\/2021\/11\/Zaneta-M_S-zdjecie-czb-96x96.jpg","caption":"\u017baneta Mrozek-Siewierska"},"url":"https:\/\/www.24gliwice.pl\/wiadomosci\/author\/zms\/"}]}},"_links":{"self":[{"href":"https:\/\/www.24gliwice.pl\/wiadomosci\/wp-json\/wp\/v2\/posts\/185688","targetHints":{"allow":["GET"]}}],"collection":[{"href":"https:\/\/www.24gliwice.pl\/wiadomosci\/wp-json\/wp\/v2\/posts"}],"about":[{"href":"https:\/\/www.24gliwice.pl\/wiadomosci\/wp-json\/wp\/v2\/types\/post"}],"author":[{"embeddable":true,"href":"https:\/\/www.24gliwice.pl\/wiadomosci\/wp-json\/wp\/v2\/users\/15"}],"replies":[{"embeddable":true,"href":"https:\/\/www.24gliwice.pl\/wiadomosci\/wp-json\/wp\/v2\/comments?post=185688"}],"version-history":[{"count":8,"href":"https:\/\/www.24gliwice.pl\/wiadomosci\/wp-json\/wp\/v2\/posts\/185688\/revisions"}],"predecessor-version":[{"id":185801,"href":"https:\/\/www.24gliwice.pl\/wiadomosci\/wp-json\/wp\/v2\/posts\/185688\/revisions\/185801"}],"wp:featuredmedia":[{"embeddable":true,"href":"https:\/\/www.24gliwice.pl\/wiadomosci\/wp-json\/wp\/v2\/media\/185695"}],"wp:attachment":[{"href":"https:\/\/www.24gliwice.pl\/wiadomosci\/wp-json\/wp\/v2\/media?parent=185688"}],"wp:term":[{"taxonomy":"category","embeddable":true,"href":"https:\/\/www.24gliwice.pl\/wiadomosci\/wp-json\/wp\/v2\/categories?post=185688"},{"taxonomy":"post_tag","embeddable":true,"href":"https:\/\/www.24gliwice.pl\/wiadomosci\/wp-json\/wp\/v2\/tags?post=185688"}],"curies":[{"name":"wp","href":"https:\/\/api.w.org\/{rel}","templated":true}]}}