{"id":185702,"date":"2022-02-03T11:58:59","date_gmt":"2022-02-03T10:58:59","guid":{"rendered":"https:\/\/www.24gliwice.pl\/wiadomosci\/?p=185702"},"modified":"2022-02-03T11:58:59","modified_gmt":"2022-02-03T10:58:59","slug":"ferie-zimowe-w-amoku-placowka-przygotowala-oferte-dla-mlodych-widzow-nie-brakuje-nowosci","status":"publish","type":"post","link":"https:\/\/www.24gliwice.pl\/wiadomosci\/ferie-zimowe-w-amoku-placowka-przygotowala-oferte-dla-mlodych-widzow-nie-brakuje-nowosci\/","title":{"rendered":"Ferie zimowe w Amoku? Plac\u00f3wka przygotowa\u0142a ofert\u0119 dla m\u0142odych widz\u00f3w, nie brakuje nowo\u015bci"},"content":{"rendered":"<div class=\"gliwi-a6-nad-leadem-artykulow gliwi-entity-placement\" id=\"gliwi-1201539189\"><div class=\"gliwi-adlabel\"><span style=\"font-size: 9px\">REKLAMA<\/span><\/div><div id=\"gliwi-3907552426\" style=\"margin-bottom: 30px;margin-left: auto;margin-right: auto;text-align: center;\"><a data-no-instant=\"1\" href=\"https:\/\/przedszkole.halogen.org.pl\/\" rel=\"noopener\" class=\"a2t-link\" target=\"_blank\" aria-label=\"20260402-ANIMATOR-przedszkole_grafika_750x200\"><img loading=\"lazy\" decoding=\"async\" src=\"https:\/\/www.24gliwice.pl\/wiadomosci\/wp-content\/uploads\/2026\/04\/20260402-ANIMATOR-przedszkole_grafika_750x200.webp\" alt=\"\"  srcset=\"https:\/\/www.24gliwice.pl\/wiadomosci\/wp-content\/uploads\/2026\/04\/20260402-ANIMATOR-przedszkole_grafika_750x200.webp 750w, https:\/\/www.24gliwice.pl\/wiadomosci\/wp-content\/uploads\/2026\/04\/20260402-ANIMATOR-przedszkole_grafika_750x200-410x109.webp 410w\" sizes=\"(max-width: 750px) 100vw, 750px\" class=\"no-lazyload\" width=\"750\" height=\"200\"  style=\"display: inline-block; max-width: 100%; height: auto;\" \/><\/a><\/div><\/div><h2>Kino Amok na czas ferii zimowych, kt\u00f3re w naszym wojew\u00f3dztwie przypadaj\u0105 w terminie od 14 do 27 lutego, przygotowa\u0142o propozycje dla m\u0142odych widz\u00f3w &#8211; Filmowe Zimowisko.<\/h2>\n<p>&nbsp;<br \/>\n&#8211; <em>Kinowe podwieczorki dla rodziny, filmowe przeboje, nasz odzew na ZEF, familijny seans z muzyk\u0105 na \u017cywo &#8211; zapraszamy na mn\u00f3stwo fantastycznych film\u00f3w<\/em> &#8211; zapowiada kino Amok.<\/p>\n<blockquote><p><em>A w ramach ZIMOWISKA szczeg\u00f3lnie polecamy <strong>Buster Keaton<\/strong>, &#8220;Cz\u0142owiek o kamiennej twarzy&#8221; (27 luty &#8211; niedziela, godzina 11:00) &#8211; familijny seans z muzyk\u0105 na \u017cywo<\/em><\/p><\/blockquote>\n<p>&#8211; informuje Amok. &#8211; <em>Zabierzemy was w magiczn\u0105 podr\u00f3\u017c do czas\u00f3w kiedy kino dzieci\u0119ciem by\u0142o. W krain\u0119 u\u015bmiechu Bustera Keatona, jednego z najwi\u0119kszych komik\u00f3w kina niemego. Chocia\u017c filmy powsta\u0142y prawie sto lat temu, to ten rodzaj humoru do dzi\u015b bawi starszych i m\u0142odszych. O czym przekonali\u015bmy si\u0119 naocznie na festiwalu Kino Dzieci<\/em> &#8211; kontynuuje plac\u00f3wka. <a href=\"https:\/\/amok.gliwice.pl\/filmy\/buster-keaton-czlowiek-o-kamiennej-twarzy\/\" target=\"_blank\" rel=\"noopener\">Wi\u0119cej informacji na ten temat mo\u017cna znale\u017a\u0107 tutaj.<\/a><\/p><div class=\"gliwi-a3-w-tresci-artykulow gliwi-entity-placement\" id=\"gliwi-2676845226\"><div class=\"gliwi-adlabel\"><span style=\"font-size: 9px\">REKLAMA<\/span><\/div><div id=\"gliwi-989277514\" style=\"margin-bottom: 30px;margin-left: auto;margin-right: auto;text-align: center;\"><a data-no-instant=\"1\" href=\"https:\/\/ogrodyandersa.pl\/\" rel=\"noopener\" class=\"a2t-link\" target=\"_blank\" aria-label=\"20260415 Ogrody Andersa KUP TERAZ D\"><img loading=\"lazy\" decoding=\"async\" src=\"https:\/\/www.24gliwice.pl\/wiadomosci\/wp-content\/uploads\/2026\/04\/20260415-Ogrody-Andersa-KUP-TERAZ-D.jpg\" alt=\"\"  srcset=\"https:\/\/www.24gliwice.pl\/wiadomosci\/wp-content\/uploads\/2026\/04\/20260415-Ogrody-Andersa-KUP-TERAZ-D.jpg 750w, https:\/\/www.24gliwice.pl\/wiadomosci\/wp-content\/uploads\/2026\/04\/20260415-Ogrody-Andersa-KUP-TERAZ-D-410x109.jpg 410w\" sizes=\"(max-width: 750px) 100vw, 750px\" class=\"no-lazyload\" width=\"750\" height=\"200\"  style=\"display: inline-block; max-width: 100%; height: auto;\" \/><\/a><\/div><\/div>\n<h4>Skarb Miko\u0142ajka<\/h4>\n<p>W\u015br\u00f3d propozycji przygotowanych przez kino Amok na czas ferii (i nie tylko bo projekcje tej produkcji przewidziano ju\u017c wcze\u015bniej) jest film, kt\u00f3ry 4 lutego wejdzie na ekrany w ca\u0142ej Polsce.<\/p>\n<p><a href=\"https:\/\/www.24gliwice.pl\/wiadomosci\/wp-content\/uploads\/2022\/02\/amok-skarb-mikolajka.jpg\"><img loading=\"lazy\" decoding=\"async\" class=\"alignnone  wp-image-185712\" src=\"https:\/\/www.24gliwice.pl\/wiadomosci\/wp-content\/uploads\/2022\/02\/amok-skarb-mikolajka.jpg\" alt=\"\" width=\"1036\" height=\"688\" srcset=\"https:\/\/www.24gliwice.pl\/wiadomosci\/wp-content\/uploads\/2022\/02\/amok-skarb-mikolajka.jpg 768w, https:\/\/www.24gliwice.pl\/wiadomosci\/wp-content\/uploads\/2022\/02\/amok-skarb-mikolajka-349x232.jpg 349w, https:\/\/www.24gliwice.pl\/wiadomosci\/wp-content\/uploads\/2022\/02\/amok-skarb-mikolajka-685x455.jpg 685w\" sizes=\"auto, (max-width: 1036px) 100vw, 1036px\" \/><\/a><\/p>\n<p>Francuska komedia familijna &#8220;Skarb Miko\u0142ajka&#8221; z 2021 roku w re\u017c. Julien Rappeneau na pewno przyci\u0105gnie wielu wielbicieli bohatera ponadczasowych ksi\u0105\u017cek<strong> Ren\u00e9 Goscinny\u2019ego<\/strong> i <strong>Jean-Jacquesa Semp\u00e9<\/strong>.<\/p>\n<blockquote><p><em>Uwielbiany przez dzieci i doros\u0142ych Miko\u0142ajek, powraca na kinowe ekrany. Trzecia ods\u0142ona jego filmowych przyg\u00f3d to humor, akcja i atrakcje, kt\u00f3re zadowol\u0105 nie tylko wiernych fan\u00f3w, ale i tych, kt\u00f3rzy dopiero co wkraczaj\u0105 do \u015bwiata ch\u0142opca<\/em><\/p><\/blockquote>\n<p>&#8211; informuje Amok.<\/p>\n<p>W \u017cyciu Miko\u0142ajka najwa\u017cniejsi s\u0105: mama, tata, szko\u0142a i przyjaciele \u2013 banda nieroz\u0142\u0105cznych kumpli, bez kt\u00f3rych wszystko inne nie ma sensu. Kiedy wi\u0119c tata ch\u0142opca awansuje i \u200b\u200brodzina musi przeprowadzi\u0107 si\u0119 na dalekie po\u0142udnie, nasz bohater wpada w rozpacz. Bo jak tu wyobrazi\u0107 sobie rzeczywisto\u015b\u0107 bez najlepszych przyjaci\u00f3\u0142? Bez rogalik\u00f3w Alcesta, okular\u00f3w Ananiasza, wyg\u0142up\u00f3w Kleofasa \u2013 bez wsp\u00f3lnych psot, zabaw i \u017cart\u00f3w? To po prostu niemo\u017cliwe. Dlatego, by zapobiec nieszcz\u0119\u015bciu i wp\u0142yn\u0105\u0107 na decyzj\u0119 rodzic\u00f3w, Miko\u0142ajek wraz z ekip\u0105 wyrusza na poszukiwanie zaginionego skarbu.<\/p>\n<p><iframe loading=\"lazy\" title=\"YouTube video player\" src=\"https:\/\/www.youtube.com\/embed\/GSnr9HSuGEU\" width=\"810\" height=\"455\" frameborder=\"0\" allowfullscreen=\"allowfullscreen\"><\/iframe><\/p>\n<p><a href=\"https:\/\/www.24gliwice.pl\/wiadomosci\/wp-content\/uploads\/2022\/02\/amok-skarb-mikolajka-plakat.jpg\"><img loading=\"lazy\" decoding=\"async\" class=\"alignnone  wp-image-185711\" src=\"https:\/\/www.24gliwice.pl\/wiadomosci\/wp-content\/uploads\/2022\/02\/amok-skarb-mikolajka-plakat.jpg\" alt=\"\" width=\"988\" height=\"1428\" srcset=\"https:\/\/www.24gliwice.pl\/wiadomosci\/wp-content\/uploads\/2022\/02\/amok-skarb-mikolajka-plakat.jpg 499w, https:\/\/www.24gliwice.pl\/wiadomosci\/wp-content\/uploads\/2022\/02\/amok-skarb-mikolajka-plakat-161x232.jpg 161w, https:\/\/www.24gliwice.pl\/wiadomosci\/wp-content\/uploads\/2022\/02\/amok-skarb-mikolajka-plakat-315x455.jpg 315w\" sizes=\"auto, (max-width: 988px) 100vw, 988px\" \/><\/a><\/p>\n<h4>Co jeszcze w repertuarze na ferie zimowe?<\/h4>\n<p>W\u015br\u00f3d hit\u00f3w kinowych zaplanowanych na czas ferii znajdziemy takie propozycje jak &#8220;Ron Usterka&#8221;, &#8220;Clifford. Wielki czerwony pies&#8221;, &#8220;Nasze magiczne Encanto&#8221;, &#8220;Dziki Zach\u00f3d Calamity Jane&#8221;, &#8220;Moja mama gorylica&#8221;, &#8220;Wiki i jej sekret&#8221; oraz &#8220;Moje \u017cycie to cyrk&#8221;. Ca\u0142o\u015b\u0107 repertuaru, godziny projekcji oraz bilety w wersji elektronicznej znajdziemy na <a href=\"https:\/\/amok.gliwice.pl\/repertuar\/\" target=\"_blank\" rel=\"noopener\">stronie kina Amok &#8211; kliknij tu. <\/a><\/p>\n<p><iframe loading=\"lazy\" title=\"YouTube video player\" src=\"https:\/\/www.youtube.com\/embed\/rMCkWVyn7g8\" width=\"810\" height=\"455\" frameborder=\"0\" allowfullscreen=\"allowfullscreen\"><\/iframe><\/p>\n<p>(\u017cms)<br \/>\nfot. mat. organizatora<\/p>\n<p><a href=\"https:\/\/www.24gliwice.pl\/wiadomosci\/wp-content\/uploads\/2022\/02\/AMOK-Kinowe-zimowisko-plakat.jpg\"><img loading=\"lazy\" decoding=\"async\" class=\"alignnone  wp-image-185709\" src=\"https:\/\/www.24gliwice.pl\/wiadomosci\/wp-content\/uploads\/2022\/02\/AMOK-Kinowe-zimowisko-plakat.jpg\" alt=\"\" width=\"1146\" height=\"1620\" srcset=\"https:\/\/www.24gliwice.pl\/wiadomosci\/wp-content\/uploads\/2022\/02\/AMOK-Kinowe-zimowisko-plakat.jpg 573w, https:\/\/www.24gliwice.pl\/wiadomosci\/wp-content\/uploads\/2022\/02\/AMOK-Kinowe-zimowisko-plakat-164x232.jpg 164w, https:\/\/www.24gliwice.pl\/wiadomosci\/wp-content\/uploads\/2022\/02\/AMOK-Kinowe-zimowisko-plakat-322x455.jpg 322w\" sizes=\"auto, (max-width: 1146px) 100vw, 1146px\" \/><\/a><\/p>\n<div class=\"gliwi-a5-na-koncu-artykulow gliwi-entity-placement\" id=\"gliwi-4182039790\"><div class=\"gliwi-adlabel\"><span style=\"font-size: 9px\">REKLAMA<\/span><\/div><div id=\"gliwi-1540762709\" style=\"margin-left: auto;margin-right: auto;text-align: center;\"><a data-no-instant=\"1\" href=\"https:\/\/www.jasek.pl\/\" rel=\"noopener\" class=\"a2t-link\" target=\"_blank\" aria-label=\"20200401-jasek 600\"><img loading=\"lazy\" decoding=\"async\" src=\"https:\/\/www.24gliwice.pl\/wiadomosci\/wp-content\/uploads\/2020\/04\/20200401-jasek-600.jpg\" alt=\"\"  srcset=\"https:\/\/www.24gliwice.pl\/wiadomosci\/wp-content\/uploads\/2020\/04\/20200401-jasek-600.jpg 600w, https:\/\/www.24gliwice.pl\/wiadomosci\/wp-content\/uploads\/2020\/04\/20200401-jasek-600-410x109.jpg 410w\" sizes=\"(max-width: 600px) 100vw, 600px\" class=\"no-lazyload\" width=\"600\" height=\"160\"  style=\"display: inline-block; max-width: 100%; height: auto;\" \/><\/a><\/div><\/div>","protected":false},"excerpt":{"rendered":"<p>Kino Amok na czas ferii zimowych, kt\u00f3re w naszym wojew\u00f3dztwie przypadaj\u0105 w terminie od 14 do 27 lutego, przygotowa\u0142o propozycje dla m\u0142odych widz\u00f3w &#8211; Filmowe Zimowisko. &nbsp; &#8211; Kinowe podwieczorki dla rodziny, filmowe przeboje, nasz odzew na ZEF, familijny seans z muzyk\u0105 na \u017cywo &#8211; zapraszamy na mn\u00f3stwo fantastycznych film\u00f3w &#8211; zapowiada kino Amok. A [&hellip;]<\/p>\n","protected":false},"author":15,"featured_media":185710,"comment_status":"open","ping_status":"closed","sticky":false,"template":"","format":"standard","meta":{"_monsterinsights_skip_tracking":false,"_monsterinsights_sitenote_active":false,"_monsterinsights_sitenote_note":"","_monsterinsights_sitenote_category":0,"footnotes":"","_links_to":"","_links_to_target":""},"categories":[3,6,1],"tags":[256],"class_list":["post-185702","post","type-post","status-publish","format-standard","has-post-thumbnail","hentry","category-gliwice","category-kultura","category-wszystko","tag-kino-amok"],"yoast_head":"<!-- This site is optimized with the Yoast SEO plugin v27.4 - https:\/\/yoast.com\/product\/yoast-seo-wordpress\/ -->\n<title>Ferie zimowe w Amoku? Plac\u00f3wka przygotowa\u0142a ofert\u0119 dla m\u0142odych widz\u00f3w, nie brakuje nowo\u015bci - 24GLIWICE - Portal Gliwice | codziennie nowe informacje<\/title>\n<meta name=\"robots\" content=\"index, follow, max-snippet:-1, max-image-preview:large, max-video-preview:-1\" \/>\n<link rel=\"canonical\" href=\"https:\/\/www.24gliwice.pl\/wiadomosci\/ferie-zimowe-w-amoku-placowka-przygotowala-oferte-dla-mlodych-widzow-nie-brakuje-nowosci\/\" \/>\n<meta property=\"og:locale\" content=\"pl_PL\" \/>\n<meta property=\"og:type\" content=\"article\" \/>\n<meta property=\"og:title\" content=\"Ferie zimowe w Amoku? Plac\u00f3wka przygotowa\u0142a ofert\u0119 dla m\u0142odych widz\u00f3w, nie brakuje nowo\u015bci - 24GLIWICE - Portal Gliwice | codziennie nowe informacje\" \/>\n<meta property=\"og:description\" content=\"Kino Amok na czas ferii zimowych, kt\u00f3re w naszym wojew\u00f3dztwie przypadaj\u0105 w terminie od 14 do 27 lutego, przygotowa\u0142o propozycje dla m\u0142odych widz\u00f3w &#8211; Filmowe Zimowisko. &nbsp; &#8211; Kinowe podwieczorki dla rodziny, filmowe przeboje, nasz odzew na ZEF, familijny seans z muzyk\u0105 na \u017cywo &#8211; zapraszamy na mn\u00f3stwo fantastycznych film\u00f3w &#8211; zapowiada kino Amok. A [&hellip;]\" \/>\n<meta property=\"og:url\" content=\"https:\/\/www.24gliwice.pl\/wiadomosci\/ferie-zimowe-w-amoku-placowka-przygotowala-oferte-dla-mlodych-widzow-nie-brakuje-nowosci\/\" \/>\n<meta property=\"og:site_name\" content=\"24GLIWICE - Portal Gliwice | codziennie nowe informacje\" \/>\n<meta property=\"article:publisher\" content=\"https:\/\/www.facebook.com\/24gliwice\" \/>\n<meta property=\"article:published_time\" content=\"2022-02-03T10:58:59+00:00\" \/>\n<meta property=\"og:image\" content=\"https:\/\/www.24gliwice.pl\/wiadomosci\/wp-content\/uploads\/2022\/02\/amok-skarb-mikolajka-gl.jpg\" \/>\n\t<meta property=\"og:image:width\" content=\"810\" \/>\n\t<meta property=\"og:image:height\" content=\"454\" \/>\n\t<meta property=\"og:image:type\" content=\"image\/jpeg\" \/>\n<meta name=\"author\" content=\"\u017baneta Mrozek-Siewierska\" \/>\n<meta name=\"twitter:card\" content=\"summary_large_image\" \/>\n<meta name=\"twitter:creator\" content=\"@24gliwice\" \/>\n<meta name=\"twitter:site\" content=\"@24gliwice\" \/>\n<meta name=\"twitter:label1\" content=\"Napisane przez\" \/>\n\t<meta name=\"twitter:data1\" content=\"\u017baneta Mrozek-Siewierska\" \/>\n\t<meta name=\"twitter:label2\" content=\"Szacowany czas czytania\" \/>\n\t<meta name=\"twitter:data2\" content=\"2 minuty\" \/>\n<script type=\"application\/ld+json\" class=\"yoast-schema-graph\">{\"@context\":\"https:\\\/\\\/schema.org\",\"@graph\":[{\"@type\":\"Article\",\"@id\":\"https:\\\/\\\/www.24gliwice.pl\\\/wiadomosci\\\/ferie-zimowe-w-amoku-placowka-przygotowala-oferte-dla-mlodych-widzow-nie-brakuje-nowosci\\\/#article\",\"isPartOf\":{\"@id\":\"https:\\\/\\\/www.24gliwice.pl\\\/wiadomosci\\\/ferie-zimowe-w-amoku-placowka-przygotowala-oferte-dla-mlodych-widzow-nie-brakuje-nowosci\\\/\"},\"author\":{\"name\":\"\u017baneta Mrozek-Siewierska\",\"@id\":\"https:\\\/\\\/www.24gliwice.pl\\\/wiadomosci\\\/#\\\/schema\\\/person\\\/e42c650edd7f2fa332be3811fb166b6e\"},\"headline\":\"Ferie zimowe w Amoku? Plac\u00f3wka przygotowa\u0142a ofert\u0119 dla m\u0142odych widz\u00f3w, nie brakuje nowo\u015bci\",\"datePublished\":\"2022-02-03T10:58:59+00:00\",\"mainEntityOfPage\":{\"@id\":\"https:\\\/\\\/www.24gliwice.pl\\\/wiadomosci\\\/ferie-zimowe-w-amoku-placowka-przygotowala-oferte-dla-mlodych-widzow-nie-brakuje-nowosci\\\/\"},\"wordCount\":459,\"commentCount\":0,\"publisher\":{\"@id\":\"https:\\\/\\\/www.24gliwice.pl\\\/wiadomosci\\\/#organization\"},\"image\":{\"@id\":\"https:\\\/\\\/www.24gliwice.pl\\\/wiadomosci\\\/ferie-zimowe-w-amoku-placowka-przygotowala-oferte-dla-mlodych-widzow-nie-brakuje-nowosci\\\/#primaryimage\"},\"thumbnailUrl\":\"https:\\\/\\\/www.24gliwice.pl\\\/wiadomosci\\\/wp-content\\\/uploads\\\/2022\\\/02\\\/amok-skarb-mikolajka-gl.jpg\",\"keywords\":[\"KINO AMOK\"],\"articleSection\":[\"Gliwice\",\"Kultura, wydarzenia, imprezy\",\"Najnowsze wiadomo\u015bci\"],\"inLanguage\":\"pl-PL\",\"potentialAction\":[{\"@type\":\"CommentAction\",\"name\":\"Comment\",\"target\":[\"https:\\\/\\\/www.24gliwice.pl\\\/wiadomosci\\\/ferie-zimowe-w-amoku-placowka-przygotowala-oferte-dla-mlodych-widzow-nie-brakuje-nowosci\\\/#respond\"]}]},{\"@type\":\"WebPage\",\"@id\":\"https:\\\/\\\/www.24gliwice.pl\\\/wiadomosci\\\/ferie-zimowe-w-amoku-placowka-przygotowala-oferte-dla-mlodych-widzow-nie-brakuje-nowosci\\\/\",\"url\":\"https:\\\/\\\/www.24gliwice.pl\\\/wiadomosci\\\/ferie-zimowe-w-amoku-placowka-przygotowala-oferte-dla-mlodych-widzow-nie-brakuje-nowosci\\\/\",\"name\":\"Ferie zimowe w Amoku? Plac\u00f3wka przygotowa\u0142a ofert\u0119 dla m\u0142odych widz\u00f3w, nie brakuje nowo\u015bci - 24GLIWICE - Portal Gliwice | codziennie nowe informacje\",\"isPartOf\":{\"@id\":\"https:\\\/\\\/www.24gliwice.pl\\\/wiadomosci\\\/#website\"},\"primaryImageOfPage\":{\"@id\":\"https:\\\/\\\/www.24gliwice.pl\\\/wiadomosci\\\/ferie-zimowe-w-amoku-placowka-przygotowala-oferte-dla-mlodych-widzow-nie-brakuje-nowosci\\\/#primaryimage\"},\"image\":{\"@id\":\"https:\\\/\\\/www.24gliwice.pl\\\/wiadomosci\\\/ferie-zimowe-w-amoku-placowka-przygotowala-oferte-dla-mlodych-widzow-nie-brakuje-nowosci\\\/#primaryimage\"},\"thumbnailUrl\":\"https:\\\/\\\/www.24gliwice.pl\\\/wiadomosci\\\/wp-content\\\/uploads\\\/2022\\\/02\\\/amok-skarb-mikolajka-gl.jpg\",\"datePublished\":\"2022-02-03T10:58:59+00:00\",\"breadcrumb\":{\"@id\":\"https:\\\/\\\/www.24gliwice.pl\\\/wiadomosci\\\/ferie-zimowe-w-amoku-placowka-przygotowala-oferte-dla-mlodych-widzow-nie-brakuje-nowosci\\\/#breadcrumb\"},\"inLanguage\":\"pl-PL\",\"potentialAction\":[{\"@type\":\"ReadAction\",\"target\":[\"https:\\\/\\\/www.24gliwice.pl\\\/wiadomosci\\\/ferie-zimowe-w-amoku-placowka-przygotowala-oferte-dla-mlodych-widzow-nie-brakuje-nowosci\\\/\"]}]},{\"@type\":\"ImageObject\",\"inLanguage\":\"pl-PL\",\"@id\":\"https:\\\/\\\/www.24gliwice.pl\\\/wiadomosci\\\/ferie-zimowe-w-amoku-placowka-przygotowala-oferte-dla-mlodych-widzow-nie-brakuje-nowosci\\\/#primaryimage\",\"url\":\"https:\\\/\\\/www.24gliwice.pl\\\/wiadomosci\\\/wp-content\\\/uploads\\\/2022\\\/02\\\/amok-skarb-mikolajka-gl.jpg\",\"contentUrl\":\"https:\\\/\\\/www.24gliwice.pl\\\/wiadomosci\\\/wp-content\\\/uploads\\\/2022\\\/02\\\/amok-skarb-mikolajka-gl.jpg\",\"width\":810,\"height\":454},{\"@type\":\"BreadcrumbList\",\"@id\":\"https:\\\/\\\/www.24gliwice.pl\\\/wiadomosci\\\/ferie-zimowe-w-amoku-placowka-przygotowala-oferte-dla-mlodych-widzow-nie-brakuje-nowosci\\\/#breadcrumb\",\"itemListElement\":[{\"@type\":\"ListItem\",\"position\":1,\"name\":\"Strona g\u0142\u00f3wna\",\"item\":\"https:\\\/\\\/www.24gliwice.pl\\\/wiadomosci\\\/\"},{\"@type\":\"ListItem\",\"position\":2,\"name\":\"Ferie zimowe w Amoku? Plac\u00f3wka przygotowa\u0142a ofert\u0119 dla m\u0142odych widz\u00f3w, nie brakuje nowo\u015bci\"}]},{\"@type\":\"WebSite\",\"@id\":\"https:\\\/\\\/www.24gliwice.pl\\\/wiadomosci\\\/#website\",\"url\":\"https:\\\/\\\/www.24gliwice.pl\\\/wiadomosci\\\/\",\"name\":\"24GLIWICE - Portal Gliwice | codziennie nowe wiadomo\u015bci\",\"description\":\"Portal Miejski Gliwice\",\"publisher\":{\"@id\":\"https:\\\/\\\/www.24gliwice.pl\\\/wiadomosci\\\/#organization\"},\"potentialAction\":[{\"@type\":\"SearchAction\",\"target\":{\"@type\":\"EntryPoint\",\"urlTemplate\":\"https:\\\/\\\/www.24gliwice.pl\\\/wiadomosci\\\/?s={search_term_string}\"},\"query-input\":{\"@type\":\"PropertyValueSpecification\",\"valueRequired\":true,\"valueName\":\"search_term_string\"}}],\"inLanguage\":\"pl-PL\"},{\"@type\":\"Organization\",\"@id\":\"https:\\\/\\\/www.24gliwice.pl\\\/wiadomosci\\\/#organization\",\"name\":\"24gliwice\",\"url\":\"https:\\\/\\\/www.24gliwice.pl\\\/wiadomosci\\\/\",\"logo\":{\"@type\":\"ImageObject\",\"inLanguage\":\"pl-PL\",\"@id\":\"https:\\\/\\\/www.24gliwice.pl\\\/wiadomosci\\\/#\\\/schema\\\/logo\\\/image\\\/\",\"url\":\"https:\\\/\\\/www.24gliwice.pl\\\/wiadomosci\\\/wp-content\\\/uploads\\\/2024\\\/10\\\/24gliwice-logo-696.jpg\",\"contentUrl\":\"https:\\\/\\\/www.24gliwice.pl\\\/wiadomosci\\\/wp-content\\\/uploads\\\/2024\\\/10\\\/24gliwice-logo-696.jpg\",\"width\":696,\"height\":696,\"caption\":\"24gliwice\"},\"image\":{\"@id\":\"https:\\\/\\\/www.24gliwice.pl\\\/wiadomosci\\\/#\\\/schema\\\/logo\\\/image\\\/\"},\"sameAs\":[\"https:\\\/\\\/www.facebook.com\\\/24gliwice\",\"https:\\\/\\\/x.com\\\/24gliwice\",\"https:\\\/\\\/www.youtube.com\\\/@24gliwice\"]},{\"@type\":\"Person\",\"@id\":\"https:\\\/\\\/www.24gliwice.pl\\\/wiadomosci\\\/#\\\/schema\\\/person\\\/e42c650edd7f2fa332be3811fb166b6e\",\"name\":\"\u017baneta Mrozek-Siewierska\",\"image\":{\"@type\":\"ImageObject\",\"inLanguage\":\"pl-PL\",\"@id\":\"https:\\\/\\\/www.24gliwice.pl\\\/wiadomosci\\\/wp-content\\\/uploads\\\/2021\\\/11\\\/Zaneta-M_S-zdjecie-czb-96x96.jpg\",\"url\":\"https:\\\/\\\/www.24gliwice.pl\\\/wiadomosci\\\/wp-content\\\/uploads\\\/2021\\\/11\\\/Zaneta-M_S-zdjecie-czb-96x96.jpg\",\"contentUrl\":\"https:\\\/\\\/www.24gliwice.pl\\\/wiadomosci\\\/wp-content\\\/uploads\\\/2021\\\/11\\\/Zaneta-M_S-zdjecie-czb-96x96.jpg\",\"caption\":\"\u017baneta Mrozek-Siewierska\"},\"url\":\"https:\\\/\\\/www.24gliwice.pl\\\/wiadomosci\\\/author\\\/zms\\\/\"}]}<\/script>\n<!-- \/ Yoast SEO plugin. -->","yoast_head_json":{"title":"Ferie zimowe w Amoku? Plac\u00f3wka przygotowa\u0142a ofert\u0119 dla m\u0142odych widz\u00f3w, nie brakuje nowo\u015bci - 24GLIWICE - Portal Gliwice | codziennie nowe informacje","robots":{"index":"index","follow":"follow","max-snippet":"max-snippet:-1","max-image-preview":"max-image-preview:large","max-video-preview":"max-video-preview:-1"},"canonical":"https:\/\/www.24gliwice.pl\/wiadomosci\/ferie-zimowe-w-amoku-placowka-przygotowala-oferte-dla-mlodych-widzow-nie-brakuje-nowosci\/","og_locale":"pl_PL","og_type":"article","og_title":"Ferie zimowe w Amoku? Plac\u00f3wka przygotowa\u0142a ofert\u0119 dla m\u0142odych widz\u00f3w, nie brakuje nowo\u015bci - 24GLIWICE - Portal Gliwice | codziennie nowe informacje","og_description":"Kino Amok na czas ferii zimowych, kt\u00f3re w naszym wojew\u00f3dztwie przypadaj\u0105 w terminie od 14 do 27 lutego, przygotowa\u0142o propozycje dla m\u0142odych widz\u00f3w &#8211; Filmowe Zimowisko. &nbsp; &#8211; Kinowe podwieczorki dla rodziny, filmowe przeboje, nasz odzew na ZEF, familijny seans z muzyk\u0105 na \u017cywo &#8211; zapraszamy na mn\u00f3stwo fantastycznych film\u00f3w &#8211; zapowiada kino Amok. A [&hellip;]","og_url":"https:\/\/www.24gliwice.pl\/wiadomosci\/ferie-zimowe-w-amoku-placowka-przygotowala-oferte-dla-mlodych-widzow-nie-brakuje-nowosci\/","og_site_name":"24GLIWICE - Portal Gliwice | codziennie nowe informacje","article_publisher":"https:\/\/www.facebook.com\/24gliwice","article_published_time":"2022-02-03T10:58:59+00:00","og_image":[{"width":810,"height":454,"url":"https:\/\/www.24gliwice.pl\/wiadomosci\/wp-content\/uploads\/2022\/02\/amok-skarb-mikolajka-gl.jpg","type":"image\/jpeg"}],"author":"\u017baneta Mrozek-Siewierska","twitter_card":"summary_large_image","twitter_creator":"@24gliwice","twitter_site":"@24gliwice","twitter_misc":{"Napisane przez":"\u017baneta Mrozek-Siewierska","Szacowany czas czytania":"2 minuty"},"schema":{"@context":"https:\/\/schema.org","@graph":[{"@type":"Article","@id":"https:\/\/www.24gliwice.pl\/wiadomosci\/ferie-zimowe-w-amoku-placowka-przygotowala-oferte-dla-mlodych-widzow-nie-brakuje-nowosci\/#article","isPartOf":{"@id":"https:\/\/www.24gliwice.pl\/wiadomosci\/ferie-zimowe-w-amoku-placowka-przygotowala-oferte-dla-mlodych-widzow-nie-brakuje-nowosci\/"},"author":{"name":"\u017baneta Mrozek-Siewierska","@id":"https:\/\/www.24gliwice.pl\/wiadomosci\/#\/schema\/person\/e42c650edd7f2fa332be3811fb166b6e"},"headline":"Ferie zimowe w Amoku? Plac\u00f3wka przygotowa\u0142a ofert\u0119 dla m\u0142odych widz\u00f3w, nie brakuje nowo\u015bci","datePublished":"2022-02-03T10:58:59+00:00","mainEntityOfPage":{"@id":"https:\/\/www.24gliwice.pl\/wiadomosci\/ferie-zimowe-w-amoku-placowka-przygotowala-oferte-dla-mlodych-widzow-nie-brakuje-nowosci\/"},"wordCount":459,"commentCount":0,"publisher":{"@id":"https:\/\/www.24gliwice.pl\/wiadomosci\/#organization"},"image":{"@id":"https:\/\/www.24gliwice.pl\/wiadomosci\/ferie-zimowe-w-amoku-placowka-przygotowala-oferte-dla-mlodych-widzow-nie-brakuje-nowosci\/#primaryimage"},"thumbnailUrl":"https:\/\/www.24gliwice.pl\/wiadomosci\/wp-content\/uploads\/2022\/02\/amok-skarb-mikolajka-gl.jpg","keywords":["KINO AMOK"],"articleSection":["Gliwice","Kultura, wydarzenia, imprezy","Najnowsze wiadomo\u015bci"],"inLanguage":"pl-PL","potentialAction":[{"@type":"CommentAction","name":"Comment","target":["https:\/\/www.24gliwice.pl\/wiadomosci\/ferie-zimowe-w-amoku-placowka-przygotowala-oferte-dla-mlodych-widzow-nie-brakuje-nowosci\/#respond"]}]},{"@type":"WebPage","@id":"https:\/\/www.24gliwice.pl\/wiadomosci\/ferie-zimowe-w-amoku-placowka-przygotowala-oferte-dla-mlodych-widzow-nie-brakuje-nowosci\/","url":"https:\/\/www.24gliwice.pl\/wiadomosci\/ferie-zimowe-w-amoku-placowka-przygotowala-oferte-dla-mlodych-widzow-nie-brakuje-nowosci\/","name":"Ferie zimowe w Amoku? Plac\u00f3wka przygotowa\u0142a ofert\u0119 dla m\u0142odych widz\u00f3w, nie brakuje nowo\u015bci - 24GLIWICE - Portal Gliwice | codziennie nowe informacje","isPartOf":{"@id":"https:\/\/www.24gliwice.pl\/wiadomosci\/#website"},"primaryImageOfPage":{"@id":"https:\/\/www.24gliwice.pl\/wiadomosci\/ferie-zimowe-w-amoku-placowka-przygotowala-oferte-dla-mlodych-widzow-nie-brakuje-nowosci\/#primaryimage"},"image":{"@id":"https:\/\/www.24gliwice.pl\/wiadomosci\/ferie-zimowe-w-amoku-placowka-przygotowala-oferte-dla-mlodych-widzow-nie-brakuje-nowosci\/#primaryimage"},"thumbnailUrl":"https:\/\/www.24gliwice.pl\/wiadomosci\/wp-content\/uploads\/2022\/02\/amok-skarb-mikolajka-gl.jpg","datePublished":"2022-02-03T10:58:59+00:00","breadcrumb":{"@id":"https:\/\/www.24gliwice.pl\/wiadomosci\/ferie-zimowe-w-amoku-placowka-przygotowala-oferte-dla-mlodych-widzow-nie-brakuje-nowosci\/#breadcrumb"},"inLanguage":"pl-PL","potentialAction":[{"@type":"ReadAction","target":["https:\/\/www.24gliwice.pl\/wiadomosci\/ferie-zimowe-w-amoku-placowka-przygotowala-oferte-dla-mlodych-widzow-nie-brakuje-nowosci\/"]}]},{"@type":"ImageObject","inLanguage":"pl-PL","@id":"https:\/\/www.24gliwice.pl\/wiadomosci\/ferie-zimowe-w-amoku-placowka-przygotowala-oferte-dla-mlodych-widzow-nie-brakuje-nowosci\/#primaryimage","url":"https:\/\/www.24gliwice.pl\/wiadomosci\/wp-content\/uploads\/2022\/02\/amok-skarb-mikolajka-gl.jpg","contentUrl":"https:\/\/www.24gliwice.pl\/wiadomosci\/wp-content\/uploads\/2022\/02\/amok-skarb-mikolajka-gl.jpg","width":810,"height":454},{"@type":"BreadcrumbList","@id":"https:\/\/www.24gliwice.pl\/wiadomosci\/ferie-zimowe-w-amoku-placowka-przygotowala-oferte-dla-mlodych-widzow-nie-brakuje-nowosci\/#breadcrumb","itemListElement":[{"@type":"ListItem","position":1,"name":"Strona g\u0142\u00f3wna","item":"https:\/\/www.24gliwice.pl\/wiadomosci\/"},{"@type":"ListItem","position":2,"name":"Ferie zimowe w Amoku? Plac\u00f3wka przygotowa\u0142a ofert\u0119 dla m\u0142odych widz\u00f3w, nie brakuje nowo\u015bci"}]},{"@type":"WebSite","@id":"https:\/\/www.24gliwice.pl\/wiadomosci\/#website","url":"https:\/\/www.24gliwice.pl\/wiadomosci\/","name":"24GLIWICE - Portal Gliwice | codziennie nowe wiadomo\u015bci","description":"Portal Miejski Gliwice","publisher":{"@id":"https:\/\/www.24gliwice.pl\/wiadomosci\/#organization"},"potentialAction":[{"@type":"SearchAction","target":{"@type":"EntryPoint","urlTemplate":"https:\/\/www.24gliwice.pl\/wiadomosci\/?s={search_term_string}"},"query-input":{"@type":"PropertyValueSpecification","valueRequired":true,"valueName":"search_term_string"}}],"inLanguage":"pl-PL"},{"@type":"Organization","@id":"https:\/\/www.24gliwice.pl\/wiadomosci\/#organization","name":"24gliwice","url":"https:\/\/www.24gliwice.pl\/wiadomosci\/","logo":{"@type":"ImageObject","inLanguage":"pl-PL","@id":"https:\/\/www.24gliwice.pl\/wiadomosci\/#\/schema\/logo\/image\/","url":"https:\/\/www.24gliwice.pl\/wiadomosci\/wp-content\/uploads\/2024\/10\/24gliwice-logo-696.jpg","contentUrl":"https:\/\/www.24gliwice.pl\/wiadomosci\/wp-content\/uploads\/2024\/10\/24gliwice-logo-696.jpg","width":696,"height":696,"caption":"24gliwice"},"image":{"@id":"https:\/\/www.24gliwice.pl\/wiadomosci\/#\/schema\/logo\/image\/"},"sameAs":["https:\/\/www.facebook.com\/24gliwice","https:\/\/x.com\/24gliwice","https:\/\/www.youtube.com\/@24gliwice"]},{"@type":"Person","@id":"https:\/\/www.24gliwice.pl\/wiadomosci\/#\/schema\/person\/e42c650edd7f2fa332be3811fb166b6e","name":"\u017baneta Mrozek-Siewierska","image":{"@type":"ImageObject","inLanguage":"pl-PL","@id":"https:\/\/www.24gliwice.pl\/wiadomosci\/wp-content\/uploads\/2021\/11\/Zaneta-M_S-zdjecie-czb-96x96.jpg","url":"https:\/\/www.24gliwice.pl\/wiadomosci\/wp-content\/uploads\/2021\/11\/Zaneta-M_S-zdjecie-czb-96x96.jpg","contentUrl":"https:\/\/www.24gliwice.pl\/wiadomosci\/wp-content\/uploads\/2021\/11\/Zaneta-M_S-zdjecie-czb-96x96.jpg","caption":"\u017baneta Mrozek-Siewierska"},"url":"https:\/\/www.24gliwice.pl\/wiadomosci\/author\/zms\/"}]}},"_links":{"self":[{"href":"https:\/\/www.24gliwice.pl\/wiadomosci\/wp-json\/wp\/v2\/posts\/185702","targetHints":{"allow":["GET"]}}],"collection":[{"href":"https:\/\/www.24gliwice.pl\/wiadomosci\/wp-json\/wp\/v2\/posts"}],"about":[{"href":"https:\/\/www.24gliwice.pl\/wiadomosci\/wp-json\/wp\/v2\/types\/post"}],"author":[{"embeddable":true,"href":"https:\/\/www.24gliwice.pl\/wiadomosci\/wp-json\/wp\/v2\/users\/15"}],"replies":[{"embeddable":true,"href":"https:\/\/www.24gliwice.pl\/wiadomosci\/wp-json\/wp\/v2\/comments?post=185702"}],"version-history":[{"count":11,"href":"https:\/\/www.24gliwice.pl\/wiadomosci\/wp-json\/wp\/v2\/posts\/185702\/revisions"}],"predecessor-version":[{"id":185726,"href":"https:\/\/www.24gliwice.pl\/wiadomosci\/wp-json\/wp\/v2\/posts\/185702\/revisions\/185726"}],"wp:featuredmedia":[{"embeddable":true,"href":"https:\/\/www.24gliwice.pl\/wiadomosci\/wp-json\/wp\/v2\/media\/185710"}],"wp:attachment":[{"href":"https:\/\/www.24gliwice.pl\/wiadomosci\/wp-json\/wp\/v2\/media?parent=185702"}],"wp:term":[{"taxonomy":"category","embeddable":true,"href":"https:\/\/www.24gliwice.pl\/wiadomosci\/wp-json\/wp\/v2\/categories?post=185702"},{"taxonomy":"post_tag","embeddable":true,"href":"https:\/\/www.24gliwice.pl\/wiadomosci\/wp-json\/wp\/v2\/tags?post=185702"}],"curies":[{"name":"wp","href":"https:\/\/api.w.org\/{rel}","templated":true}]}}