{"id":185864,"date":"2022-02-04T17:46:54","date_gmt":"2022-02-04T16:46:54","guid":{"rendered":"https:\/\/www.24gliwice.pl\/wiadomosci\/?p=185864"},"modified":"2022-02-04T17:46:54","modified_gmt":"2022-02-04T16:46:54","slug":"upadek-misternie-skonstruowanego-imperium-religijnych-mediow-i-eutanazja-weekend-w-kinie-amok","status":"publish","type":"post","link":"https:\/\/www.24gliwice.pl\/wiadomosci\/upadek-misternie-skonstruowanego-imperium-religijnych-mediow-i-eutanazja-weekend-w-kinie-amok\/","title":{"rendered":"Upadek misternie skonstruowanego imperium religijnych medi\u00f3w i eutanazja. Weekend w kinie Amok"},"content":{"rendered":"<div class=\"gliwi-a6-nad-leadem-artykulow gliwi-entity-placement\" id=\"gliwi-1042282753\"><div class=\"gliwi-adlabel\"><span style=\"font-size: 9px\">REKLAMA<\/span><\/div><div id=\"gliwi-2229057966\" style=\"margin-bottom: 30px;margin-left: auto;margin-right: auto;text-align: center;\"><a data-no-instant=\"1\" href=\"https:\/\/przedszkole.halogen.org.pl\/\" rel=\"noopener\" class=\"a2t-link\" target=\"_blank\" aria-label=\"20260402-ANIMATOR-przedszkole_grafika_750x200\"><img loading=\"lazy\" decoding=\"async\" src=\"https:\/\/www.24gliwice.pl\/wiadomosci\/wp-content\/uploads\/2026\/04\/20260402-ANIMATOR-przedszkole_grafika_750x200.webp\" alt=\"\"  srcset=\"https:\/\/www.24gliwice.pl\/wiadomosci\/wp-content\/uploads\/2026\/04\/20260402-ANIMATOR-przedszkole_grafika_750x200.webp 750w, https:\/\/www.24gliwice.pl\/wiadomosci\/wp-content\/uploads\/2026\/04\/20260402-ANIMATOR-przedszkole_grafika_750x200-410x109.webp 410w\" sizes=\"(max-width: 750px) 100vw, 750px\" class=\"no-lazyload\" width=\"750\" height=\"200\"  style=\"display: inline-block; max-width: 100%; height: auto;\" \/><\/a><\/div><\/div><h2>W kinie Amok, jak co tydzie\u0144, tak\u017ce w ten weekend na ekran wchodz\u0105 nowe propozycje filmowe. B\u0119d\u0105 to dwa dramaty &#8211; ameryka\u0144ski &#8220;Oczy Tammy Faye&#8221; oraz francuski &#8220;Wszystko posz\u0142o dobrze&#8221;. Opr\u00f3cz tego ponownie mo\u017cna wybra\u0107 si\u0119 na &#8220;Aid\u0119&#8221;.<\/h2>\n<p>&nbsp;<br \/>\n&#8220;Wszystko posz\u0142o dobrze&#8221; z 2021 roku to film, kt\u00f3ry wyre\u017cyserowa\u0142 <strong>Fran\u00e7ois Ozon<\/strong>, a w obsadzie znajdziemy takie nazwiska, jak <strong>Sophie Marceau, Andr\u00e9 Dussollier, G\u00e9raldine Pailhas, Charlotte Rampling, Hanna Schygulla<\/strong>. Fabu\u0142a opowiada o zmaganiu si\u0119 z nieoczekiwan\u0105 niedyspozycj\u0105 i ch\u0119ci dokonania eutanazji. <\/p>\n<p><iframe loading=\"lazy\" width=\"810\" height=\"455\" src=\"https:\/\/www.youtube.com\/embed\/N__8swZYkzs\" title=\"YouTube video player\" frameborder=\"0\" allow=\"accelerometer; autoplay; clipboard-write; encrypted-media; gyroscope; picture-in-picture\" allowfullscreen><\/iframe><\/p>\n<p>&#8211; <em>Kiedy Emmanu\u00e8le przerywa prac\u0119 i podnosi s\u0142uchawk\u0119 telefonu, jeszcze nie wie, jak wiele zmieni on w jej \u017cyciu. 85-letni ojciec kobiety na skutek udaru w ci\u0119\u017ckim stanie trafia do szpitala. Przyzwyczajony do wygodnego i dynamicznego \u017cycia, nie wyobra\u017ca sobie bycia zale\u017cnym od innych. Prosi swoje c\u00f3rki o zorganizowanie eutanazji, kt\u00f3ra jest mo\u017cliwa w Szwajcarii. Kobiety pocz\u0105tkowo godz\u0105 si\u0119 pom\u00f3c upartemu ojcu, po cichu licz\u0105c, \u017ce ten odzyska g\u0142\u00f3d \u017cycia i zmieni decyzj\u0119<\/em> &#8211; czytamy na stronie kina. <\/p><div class=\"gliwi-a3-w-tresci-artykulow gliwi-entity-placement\" id=\"gliwi-797958072\"><div class=\"gliwi-adlabel\"><span style=\"font-size: 9px\">REKLAMA<\/span><\/div><div id=\"gliwi-3274249402\" style=\"margin-bottom: 30px;margin-left: auto;margin-right: auto;text-align: center;\"><a data-no-instant=\"1\" href=\"https:\/\/ogrodyandersa.pl\/\" rel=\"noopener\" class=\"a2t-link\" target=\"_blank\" aria-label=\"20260415 Ogrody Andersa KUP TERAZ D\"><img loading=\"lazy\" decoding=\"async\" src=\"https:\/\/www.24gliwice.pl\/wiadomosci\/wp-content\/uploads\/2026\/04\/20260415-Ogrody-Andersa-KUP-TERAZ-D.jpg\" alt=\"\"  srcset=\"https:\/\/www.24gliwice.pl\/wiadomosci\/wp-content\/uploads\/2026\/04\/20260415-Ogrody-Andersa-KUP-TERAZ-D.jpg 750w, https:\/\/www.24gliwice.pl\/wiadomosci\/wp-content\/uploads\/2026\/04\/20260415-Ogrody-Andersa-KUP-TERAZ-D-410x109.jpg 410w\" sizes=\"(max-width: 750px) 100vw, 750px\" class=\"no-lazyload\" width=\"750\" height=\"200\"  style=\"display: inline-block; max-width: 100%; height: auto;\" \/><\/a><\/div><\/div>\n<p>Film mo\u017cna ogl\u0105da\u0107 od pi\u0105tku, 4 lutego, na ma\u0142ej sali kina o godzinie 18:00. <\/p>\n<h4>&#8220;Oczy Tammy Faye&#8221;<\/h4>\n<p>Film \u201eOczy Tammy Faye\u201d przybli\u017ca niezwyk\u0142\u0105 histori\u0119 sukces\u00f3w i niepowodze\u0144 telewizyjnej ewangelistki Tammy Faye Bakker. W latach 70. i 80. ubieg\u0142ego stulecia Tammy Faye i jej m\u0105\u017c Jim Bakker zbudowali od podstaw najwi\u0119ksz\u0105 na \u015bwiecie religijn\u0105 sie\u0107 medialn\u0105 oraz chrze\u015bcija\u0144ski park rozrywki. <\/p>\n<p><iframe loading=\"lazy\" width=\"810\" height=\"455\" src=\"https:\/\/www.youtube.com\/embed\/84VMs-WedWg\" title=\"YouTube video player\" frameborder=\"0\" allow=\"accelerometer; autoplay; clipboard-write; encrypted-media; gyroscope; picture-in-picture\" allowfullscreen><\/iframe><\/p>\n<p>Tammy cieszy\u0142a si\u0119 szczeg\u00f3lnym szacunkiem, g\u0142osz\u0105c przes\u0142anie mi\u0142o\u015bci, akceptacji i prawa do szcz\u0119\u015bcia. Do legendy przesz\u0142a nie tylko jej otwarto\u015b\u0107 i \u017cyczliwo\u015b\u0107 wobec ludzi z r\u00f3\u017cnych \u015brodowisk, ale r\u00f3wnie\u017c jej wyj\u0105tkowy g\u0142os i charakterystyczny makija\u017c. Jednak nieprawid\u0142owo\u015bci finansowe, intrygi konkurent\u00f3w oraz skandale doprowadzi\u0142y do upadku misternie skonstruowanego imperium. Srebrna Muszla za najlepsz\u0105 rol\u0119 \u017ce\u0144sk\u0105 na MFF w San Sebastian. <\/p>\n<p>Film b\u0119dzie wy\u015bwietlany od pi\u0105tku, 4 lutego, na du\u017cej sali kina Amok o godzinie 20:15 (uwaga &#8211; po weekendzie godziny projekcji ulegn\u0105 zmianie, warto \u015bledzi\u0107 repertuar). <\/p>\n<h4>Co jeszcze na ekranie?<\/h4>\n<p>W weekend do kina Amok mo\u017cna wybra\u0107 si\u0119 tak\u017ce na dramat historyczny<a href=\"https:\/\/www.24gliwice.pl\/wiadomosci\/swietokradczy-dramat-historyczny-benedetta-na-ekranie-amoku-co-jeszcze-w-repertuarze-kina\/\" rel=\"noopener\" target=\"_blank\"> &#8220;Benedetta&#8221;, <\/a>dramat &#8220;C&#8217;mon, C&#8217;mon&#8221;, nale\u017c\u0105cy do tego samego gatunku film &#8220;Licorice Pizza&#8221;, thriller &#8220;Titane&#8221; oraz na &#8220;Aid\u0119&#8221;.<a href=\"https:\/\/www.24gliwice.pl\/wiadomosci\/piatkowe-premiery-w-kinie-amok-nie-tylko-najmro-jest-film-o-grecie-thunberg-i-masakrze-w-srebrenicy\/\" rel=\"noopener\" target=\"_blank\"> O ostatniej z tych pozycji wi\u0119cej pisali\u015bmy TUTAJ.<\/a> <\/p>\n<p><iframe loading=\"lazy\" width=\"810\" height=\"455\" src=\"https:\/\/www.youtube.com\/embed\/HYAUQORVOzs\" title=\"YouTube video player\" frameborder=\"0\" allow=\"accelerometer; autoplay; clipboard-write; encrypted-media; gyroscope; picture-in-picture\" allowfullscreen><\/iframe><\/p>\n<p>Godziny seans\u00f3w, dni w kt\u00f3re b\u0119d\u0105 wy\u015bwietlane poszczeg\u00f3lne filmy, a tak\u017ce bilety w wersji elektronicznej mo\u017cna znale\u017a\u0107 <a href=\"https:\/\/amok.gliwice.pl\/repertuar\/\" rel=\"noopener\" target=\"_blank\">na stronie kina Amok. <\/a><\/p>\n<p>(\u017cms)<br \/>\nfot. 24gliwice.pl<\/p>\n<div class=\"gliwi-a5-na-koncu-artykulow gliwi-entity-placement\" id=\"gliwi-727117493\"><div class=\"gliwi-adlabel\"><span style=\"font-size: 9px\">REKLAMA<\/span><\/div><div id=\"gliwi-724412490\" style=\"margin-left: auto;margin-right: auto;text-align: center;\"><a data-no-instant=\"1\" href=\"https:\/\/prezeroarenagliwice.pl\/\" rel=\"noopener\" class=\"a2t-link\" target=\"_blank\" aria-label=\"20260309-PREZERO-WIOSNA-D\"><img loading=\"lazy\" decoding=\"async\" src=\"https:\/\/www.24gliwice.pl\/wiadomosci\/wp-content\/uploads\/2026\/03\/20260309-PREZERO-WIOSNA-D.webp\" alt=\"\"  srcset=\"https:\/\/www.24gliwice.pl\/wiadomosci\/wp-content\/uploads\/2026\/03\/20260309-PREZERO-WIOSNA-D.webp 750w, https:\/\/www.24gliwice.pl\/wiadomosci\/wp-content\/uploads\/2026\/03\/20260309-PREZERO-WIOSNA-D-410x109.webp 410w\" sizes=\"(max-width: 750px) 100vw, 750px\" class=\"no-lazyload\" width=\"750\" height=\"200\"  style=\"display: inline-block; max-width: 100%; height: auto;\" \/><\/a><\/div><\/div>","protected":false},"excerpt":{"rendered":"<p>W kinie Amok, jak co tydzie\u0144, tak\u017ce w ten weekend na ekran wchodz\u0105 nowe propozycje filmowe. B\u0119d\u0105 to dwa dramaty &#8211; ameryka\u0144ski &#8220;Oczy Tammy Faye&#8221; oraz francuski &#8220;Wszystko posz\u0142o dobrze&#8221;. Opr\u00f3cz tego ponownie mo\u017cna wybra\u0107 si\u0119 na &#8220;Aid\u0119&#8221;. &nbsp; &#8220;Wszystko posz\u0142o dobrze&#8221; z 2021 roku to film, kt\u00f3ry wyre\u017cyserowa\u0142 Fran\u00e7ois Ozon, a w obsadzie znajdziemy [&hellip;]<\/p>\n","protected":false},"author":15,"featured_media":130180,"comment_status":"open","ping_status":"closed","sticky":false,"template":"","format":"standard","meta":{"_monsterinsights_skip_tracking":false,"_monsterinsights_sitenote_active":false,"_monsterinsights_sitenote_note":"","_monsterinsights_sitenote_category":0,"footnotes":"","_links_to":"","_links_to_target":""},"categories":[3,6,1],"tags":[256,20646],"class_list":["post-185864","post","type-post","status-publish","format-standard","has-post-thumbnail","hentry","category-gliwice","category-kultura","category-wszystko","tag-kino-amok","tag-premiery-kinowe"],"yoast_head":"<!-- This site is optimized with the Yoast SEO plugin v27.4 - https:\/\/yoast.com\/product\/yoast-seo-wordpress\/ -->\n<title>Upadek misternie skonstruowanego imperium religijnych medi\u00f3w i eutanazja. Weekend w kinie Amok - 24GLIWICE - Portal Gliwice | codziennie nowe informacje<\/title>\n<meta name=\"robots\" content=\"index, follow, max-snippet:-1, max-image-preview:large, max-video-preview:-1\" \/>\n<link rel=\"canonical\" href=\"https:\/\/www.24gliwice.pl\/wiadomosci\/upadek-misternie-skonstruowanego-imperium-religijnych-mediow-i-eutanazja-weekend-w-kinie-amok\/\" \/>\n<meta property=\"og:locale\" content=\"pl_PL\" \/>\n<meta property=\"og:type\" content=\"article\" \/>\n<meta property=\"og:title\" content=\"Upadek misternie skonstruowanego imperium religijnych medi\u00f3w i eutanazja. Weekend w kinie Amok - 24GLIWICE - Portal Gliwice | codziennie nowe informacje\" \/>\n<meta property=\"og:description\" content=\"W kinie Amok, jak co tydzie\u0144, tak\u017ce w ten weekend na ekran wchodz\u0105 nowe propozycje filmowe. B\u0119d\u0105 to dwa dramaty &#8211; ameryka\u0144ski &#8220;Oczy Tammy Faye&#8221; oraz francuski &#8220;Wszystko posz\u0142o dobrze&#8221;. Opr\u00f3cz tego ponownie mo\u017cna wybra\u0107 si\u0119 na &#8220;Aid\u0119&#8221;. &nbsp; &#8220;Wszystko posz\u0142o dobrze&#8221; z 2021 roku to film, kt\u00f3ry wyre\u017cyserowa\u0142 Fran\u00e7ois Ozon, a w obsadzie znajdziemy [&hellip;]\" \/>\n<meta property=\"og:url\" content=\"https:\/\/www.24gliwice.pl\/wiadomosci\/upadek-misternie-skonstruowanego-imperium-religijnych-mediow-i-eutanazja-weekend-w-kinie-amok\/\" \/>\n<meta property=\"og:site_name\" content=\"24GLIWICE - Portal Gliwice | codziennie nowe informacje\" \/>\n<meta property=\"article:publisher\" content=\"https:\/\/www.facebook.com\/24gliwice\" \/>\n<meta property=\"article:published_time\" content=\"2022-02-04T16:46:54+00:00\" \/>\n<meta property=\"og:image\" content=\"https:\/\/www.24gliwice.pl\/wiadomosci\/wp-content\/uploads\/2019\/02\/1-IMG_1990.jpg\" \/>\n\t<meta property=\"og:image:width\" content=\"810\" \/>\n\t<meta property=\"og:image:height\" content=\"455\" \/>\n\t<meta property=\"og:image:type\" content=\"image\/jpeg\" \/>\n<meta name=\"author\" content=\"\u017baneta Mrozek-Siewierska\" \/>\n<meta name=\"twitter:card\" content=\"summary_large_image\" \/>\n<meta name=\"twitter:creator\" content=\"@24gliwice\" \/>\n<meta name=\"twitter:site\" content=\"@24gliwice\" \/>\n<meta name=\"twitter:label1\" content=\"Napisane przez\" \/>\n\t<meta name=\"twitter:data1\" content=\"\u017baneta Mrozek-Siewierska\" \/>\n\t<meta name=\"twitter:label2\" content=\"Szacowany czas czytania\" \/>\n\t<meta name=\"twitter:data2\" content=\"2 minuty\" \/>\n<script type=\"application\/ld+json\" class=\"yoast-schema-graph\">{\"@context\":\"https:\\\/\\\/schema.org\",\"@graph\":[{\"@type\":\"Article\",\"@id\":\"https:\\\/\\\/www.24gliwice.pl\\\/wiadomosci\\\/upadek-misternie-skonstruowanego-imperium-religijnych-mediow-i-eutanazja-weekend-w-kinie-amok\\\/#article\",\"isPartOf\":{\"@id\":\"https:\\\/\\\/www.24gliwice.pl\\\/wiadomosci\\\/upadek-misternie-skonstruowanego-imperium-religijnych-mediow-i-eutanazja-weekend-w-kinie-amok\\\/\"},\"author\":{\"name\":\"\u017baneta Mrozek-Siewierska\",\"@id\":\"https:\\\/\\\/www.24gliwice.pl\\\/wiadomosci\\\/#\\\/schema\\\/person\\\/e42c650edd7f2fa332be3811fb166b6e\"},\"headline\":\"Upadek misternie skonstruowanego imperium religijnych medi\u00f3w i eutanazja. Weekend w kinie Amok\",\"datePublished\":\"2022-02-04T16:46:54+00:00\",\"mainEntityOfPage\":{\"@id\":\"https:\\\/\\\/www.24gliwice.pl\\\/wiadomosci\\\/upadek-misternie-skonstruowanego-imperium-religijnych-mediow-i-eutanazja-weekend-w-kinie-amok\\\/\"},\"wordCount\":445,\"commentCount\":0,\"publisher\":{\"@id\":\"https:\\\/\\\/www.24gliwice.pl\\\/wiadomosci\\\/#organization\"},\"image\":{\"@id\":\"https:\\\/\\\/www.24gliwice.pl\\\/wiadomosci\\\/upadek-misternie-skonstruowanego-imperium-religijnych-mediow-i-eutanazja-weekend-w-kinie-amok\\\/#primaryimage\"},\"thumbnailUrl\":\"https:\\\/\\\/www.24gliwice.pl\\\/wiadomosci\\\/wp-content\\\/uploads\\\/2019\\\/02\\\/1-IMG_1990.jpg\",\"keywords\":[\"KINO AMOK\",\"premiery kinowe\"],\"articleSection\":[\"Gliwice\",\"Kultura, wydarzenia, imprezy\",\"Najnowsze wiadomo\u015bci\"],\"inLanguage\":\"pl-PL\",\"potentialAction\":[{\"@type\":\"CommentAction\",\"name\":\"Comment\",\"target\":[\"https:\\\/\\\/www.24gliwice.pl\\\/wiadomosci\\\/upadek-misternie-skonstruowanego-imperium-religijnych-mediow-i-eutanazja-weekend-w-kinie-amok\\\/#respond\"]}]},{\"@type\":\"WebPage\",\"@id\":\"https:\\\/\\\/www.24gliwice.pl\\\/wiadomosci\\\/upadek-misternie-skonstruowanego-imperium-religijnych-mediow-i-eutanazja-weekend-w-kinie-amok\\\/\",\"url\":\"https:\\\/\\\/www.24gliwice.pl\\\/wiadomosci\\\/upadek-misternie-skonstruowanego-imperium-religijnych-mediow-i-eutanazja-weekend-w-kinie-amok\\\/\",\"name\":\"Upadek misternie skonstruowanego imperium religijnych medi\u00f3w i eutanazja. Weekend w kinie Amok - 24GLIWICE - Portal Gliwice | codziennie nowe informacje\",\"isPartOf\":{\"@id\":\"https:\\\/\\\/www.24gliwice.pl\\\/wiadomosci\\\/#website\"},\"primaryImageOfPage\":{\"@id\":\"https:\\\/\\\/www.24gliwice.pl\\\/wiadomosci\\\/upadek-misternie-skonstruowanego-imperium-religijnych-mediow-i-eutanazja-weekend-w-kinie-amok\\\/#primaryimage\"},\"image\":{\"@id\":\"https:\\\/\\\/www.24gliwice.pl\\\/wiadomosci\\\/upadek-misternie-skonstruowanego-imperium-religijnych-mediow-i-eutanazja-weekend-w-kinie-amok\\\/#primaryimage\"},\"thumbnailUrl\":\"https:\\\/\\\/www.24gliwice.pl\\\/wiadomosci\\\/wp-content\\\/uploads\\\/2019\\\/02\\\/1-IMG_1990.jpg\",\"datePublished\":\"2022-02-04T16:46:54+00:00\",\"breadcrumb\":{\"@id\":\"https:\\\/\\\/www.24gliwice.pl\\\/wiadomosci\\\/upadek-misternie-skonstruowanego-imperium-religijnych-mediow-i-eutanazja-weekend-w-kinie-amok\\\/#breadcrumb\"},\"inLanguage\":\"pl-PL\",\"potentialAction\":[{\"@type\":\"ReadAction\",\"target\":[\"https:\\\/\\\/www.24gliwice.pl\\\/wiadomosci\\\/upadek-misternie-skonstruowanego-imperium-religijnych-mediow-i-eutanazja-weekend-w-kinie-amok\\\/\"]}]},{\"@type\":\"ImageObject\",\"inLanguage\":\"pl-PL\",\"@id\":\"https:\\\/\\\/www.24gliwice.pl\\\/wiadomosci\\\/upadek-misternie-skonstruowanego-imperium-religijnych-mediow-i-eutanazja-weekend-w-kinie-amok\\\/#primaryimage\",\"url\":\"https:\\\/\\\/www.24gliwice.pl\\\/wiadomosci\\\/wp-content\\\/uploads\\\/2019\\\/02\\\/1-IMG_1990.jpg\",\"contentUrl\":\"https:\\\/\\\/www.24gliwice.pl\\\/wiadomosci\\\/wp-content\\\/uploads\\\/2019\\\/02\\\/1-IMG_1990.jpg\",\"width\":810,\"height\":455},{\"@type\":\"BreadcrumbList\",\"@id\":\"https:\\\/\\\/www.24gliwice.pl\\\/wiadomosci\\\/upadek-misternie-skonstruowanego-imperium-religijnych-mediow-i-eutanazja-weekend-w-kinie-amok\\\/#breadcrumb\",\"itemListElement\":[{\"@type\":\"ListItem\",\"position\":1,\"name\":\"Strona g\u0142\u00f3wna\",\"item\":\"https:\\\/\\\/www.24gliwice.pl\\\/wiadomosci\\\/\"},{\"@type\":\"ListItem\",\"position\":2,\"name\":\"Upadek misternie skonstruowanego imperium religijnych medi\u00f3w i eutanazja. Weekend w kinie Amok\"}]},{\"@type\":\"WebSite\",\"@id\":\"https:\\\/\\\/www.24gliwice.pl\\\/wiadomosci\\\/#website\",\"url\":\"https:\\\/\\\/www.24gliwice.pl\\\/wiadomosci\\\/\",\"name\":\"24GLIWICE - Portal Gliwice | codziennie nowe wiadomo\u015bci\",\"description\":\"Portal Miejski Gliwice\",\"publisher\":{\"@id\":\"https:\\\/\\\/www.24gliwice.pl\\\/wiadomosci\\\/#organization\"},\"potentialAction\":[{\"@type\":\"SearchAction\",\"target\":{\"@type\":\"EntryPoint\",\"urlTemplate\":\"https:\\\/\\\/www.24gliwice.pl\\\/wiadomosci\\\/?s={search_term_string}\"},\"query-input\":{\"@type\":\"PropertyValueSpecification\",\"valueRequired\":true,\"valueName\":\"search_term_string\"}}],\"inLanguage\":\"pl-PL\"},{\"@type\":\"Organization\",\"@id\":\"https:\\\/\\\/www.24gliwice.pl\\\/wiadomosci\\\/#organization\",\"name\":\"24gliwice\",\"url\":\"https:\\\/\\\/www.24gliwice.pl\\\/wiadomosci\\\/\",\"logo\":{\"@type\":\"ImageObject\",\"inLanguage\":\"pl-PL\",\"@id\":\"https:\\\/\\\/www.24gliwice.pl\\\/wiadomosci\\\/#\\\/schema\\\/logo\\\/image\\\/\",\"url\":\"https:\\\/\\\/www.24gliwice.pl\\\/wiadomosci\\\/wp-content\\\/uploads\\\/2024\\\/10\\\/24gliwice-logo-696.jpg\",\"contentUrl\":\"https:\\\/\\\/www.24gliwice.pl\\\/wiadomosci\\\/wp-content\\\/uploads\\\/2024\\\/10\\\/24gliwice-logo-696.jpg\",\"width\":696,\"height\":696,\"caption\":\"24gliwice\"},\"image\":{\"@id\":\"https:\\\/\\\/www.24gliwice.pl\\\/wiadomosci\\\/#\\\/schema\\\/logo\\\/image\\\/\"},\"sameAs\":[\"https:\\\/\\\/www.facebook.com\\\/24gliwice\",\"https:\\\/\\\/x.com\\\/24gliwice\",\"https:\\\/\\\/www.youtube.com\\\/@24gliwice\"]},{\"@type\":\"Person\",\"@id\":\"https:\\\/\\\/www.24gliwice.pl\\\/wiadomosci\\\/#\\\/schema\\\/person\\\/e42c650edd7f2fa332be3811fb166b6e\",\"name\":\"\u017baneta Mrozek-Siewierska\",\"image\":{\"@type\":\"ImageObject\",\"inLanguage\":\"pl-PL\",\"@id\":\"https:\\\/\\\/www.24gliwice.pl\\\/wiadomosci\\\/wp-content\\\/uploads\\\/2021\\\/11\\\/Zaneta-M_S-zdjecie-czb-96x96.jpg\",\"url\":\"https:\\\/\\\/www.24gliwice.pl\\\/wiadomosci\\\/wp-content\\\/uploads\\\/2021\\\/11\\\/Zaneta-M_S-zdjecie-czb-96x96.jpg\",\"contentUrl\":\"https:\\\/\\\/www.24gliwice.pl\\\/wiadomosci\\\/wp-content\\\/uploads\\\/2021\\\/11\\\/Zaneta-M_S-zdjecie-czb-96x96.jpg\",\"caption\":\"\u017baneta Mrozek-Siewierska\"},\"url\":\"https:\\\/\\\/www.24gliwice.pl\\\/wiadomosci\\\/author\\\/zms\\\/\"}]}<\/script>\n<!-- \/ Yoast SEO plugin. -->","yoast_head_json":{"title":"Upadek misternie skonstruowanego imperium religijnych medi\u00f3w i eutanazja. Weekend w kinie Amok - 24GLIWICE - Portal Gliwice | codziennie nowe informacje","robots":{"index":"index","follow":"follow","max-snippet":"max-snippet:-1","max-image-preview":"max-image-preview:large","max-video-preview":"max-video-preview:-1"},"canonical":"https:\/\/www.24gliwice.pl\/wiadomosci\/upadek-misternie-skonstruowanego-imperium-religijnych-mediow-i-eutanazja-weekend-w-kinie-amok\/","og_locale":"pl_PL","og_type":"article","og_title":"Upadek misternie skonstruowanego imperium religijnych medi\u00f3w i eutanazja. Weekend w kinie Amok - 24GLIWICE - Portal Gliwice | codziennie nowe informacje","og_description":"W kinie Amok, jak co tydzie\u0144, tak\u017ce w ten weekend na ekran wchodz\u0105 nowe propozycje filmowe. B\u0119d\u0105 to dwa dramaty &#8211; ameryka\u0144ski &#8220;Oczy Tammy Faye&#8221; oraz francuski &#8220;Wszystko posz\u0142o dobrze&#8221;. Opr\u00f3cz tego ponownie mo\u017cna wybra\u0107 si\u0119 na &#8220;Aid\u0119&#8221;. &nbsp; &#8220;Wszystko posz\u0142o dobrze&#8221; z 2021 roku to film, kt\u00f3ry wyre\u017cyserowa\u0142 Fran\u00e7ois Ozon, a w obsadzie znajdziemy [&hellip;]","og_url":"https:\/\/www.24gliwice.pl\/wiadomosci\/upadek-misternie-skonstruowanego-imperium-religijnych-mediow-i-eutanazja-weekend-w-kinie-amok\/","og_site_name":"24GLIWICE - Portal Gliwice | codziennie nowe informacje","article_publisher":"https:\/\/www.facebook.com\/24gliwice","article_published_time":"2022-02-04T16:46:54+00:00","og_image":[{"width":810,"height":455,"url":"https:\/\/www.24gliwice.pl\/wiadomosci\/wp-content\/uploads\/2019\/02\/1-IMG_1990.jpg","type":"image\/jpeg"}],"author":"\u017baneta Mrozek-Siewierska","twitter_card":"summary_large_image","twitter_creator":"@24gliwice","twitter_site":"@24gliwice","twitter_misc":{"Napisane przez":"\u017baneta Mrozek-Siewierska","Szacowany czas czytania":"2 minuty"},"schema":{"@context":"https:\/\/schema.org","@graph":[{"@type":"Article","@id":"https:\/\/www.24gliwice.pl\/wiadomosci\/upadek-misternie-skonstruowanego-imperium-religijnych-mediow-i-eutanazja-weekend-w-kinie-amok\/#article","isPartOf":{"@id":"https:\/\/www.24gliwice.pl\/wiadomosci\/upadek-misternie-skonstruowanego-imperium-religijnych-mediow-i-eutanazja-weekend-w-kinie-amok\/"},"author":{"name":"\u017baneta Mrozek-Siewierska","@id":"https:\/\/www.24gliwice.pl\/wiadomosci\/#\/schema\/person\/e42c650edd7f2fa332be3811fb166b6e"},"headline":"Upadek misternie skonstruowanego imperium religijnych medi\u00f3w i eutanazja. Weekend w kinie Amok","datePublished":"2022-02-04T16:46:54+00:00","mainEntityOfPage":{"@id":"https:\/\/www.24gliwice.pl\/wiadomosci\/upadek-misternie-skonstruowanego-imperium-religijnych-mediow-i-eutanazja-weekend-w-kinie-amok\/"},"wordCount":445,"commentCount":0,"publisher":{"@id":"https:\/\/www.24gliwice.pl\/wiadomosci\/#organization"},"image":{"@id":"https:\/\/www.24gliwice.pl\/wiadomosci\/upadek-misternie-skonstruowanego-imperium-religijnych-mediow-i-eutanazja-weekend-w-kinie-amok\/#primaryimage"},"thumbnailUrl":"https:\/\/www.24gliwice.pl\/wiadomosci\/wp-content\/uploads\/2019\/02\/1-IMG_1990.jpg","keywords":["KINO AMOK","premiery kinowe"],"articleSection":["Gliwice","Kultura, wydarzenia, imprezy","Najnowsze wiadomo\u015bci"],"inLanguage":"pl-PL","potentialAction":[{"@type":"CommentAction","name":"Comment","target":["https:\/\/www.24gliwice.pl\/wiadomosci\/upadek-misternie-skonstruowanego-imperium-religijnych-mediow-i-eutanazja-weekend-w-kinie-amok\/#respond"]}]},{"@type":"WebPage","@id":"https:\/\/www.24gliwice.pl\/wiadomosci\/upadek-misternie-skonstruowanego-imperium-religijnych-mediow-i-eutanazja-weekend-w-kinie-amok\/","url":"https:\/\/www.24gliwice.pl\/wiadomosci\/upadek-misternie-skonstruowanego-imperium-religijnych-mediow-i-eutanazja-weekend-w-kinie-amok\/","name":"Upadek misternie skonstruowanego imperium religijnych medi\u00f3w i eutanazja. Weekend w kinie Amok - 24GLIWICE - Portal Gliwice | codziennie nowe informacje","isPartOf":{"@id":"https:\/\/www.24gliwice.pl\/wiadomosci\/#website"},"primaryImageOfPage":{"@id":"https:\/\/www.24gliwice.pl\/wiadomosci\/upadek-misternie-skonstruowanego-imperium-religijnych-mediow-i-eutanazja-weekend-w-kinie-amok\/#primaryimage"},"image":{"@id":"https:\/\/www.24gliwice.pl\/wiadomosci\/upadek-misternie-skonstruowanego-imperium-religijnych-mediow-i-eutanazja-weekend-w-kinie-amok\/#primaryimage"},"thumbnailUrl":"https:\/\/www.24gliwice.pl\/wiadomosci\/wp-content\/uploads\/2019\/02\/1-IMG_1990.jpg","datePublished":"2022-02-04T16:46:54+00:00","breadcrumb":{"@id":"https:\/\/www.24gliwice.pl\/wiadomosci\/upadek-misternie-skonstruowanego-imperium-religijnych-mediow-i-eutanazja-weekend-w-kinie-amok\/#breadcrumb"},"inLanguage":"pl-PL","potentialAction":[{"@type":"ReadAction","target":["https:\/\/www.24gliwice.pl\/wiadomosci\/upadek-misternie-skonstruowanego-imperium-religijnych-mediow-i-eutanazja-weekend-w-kinie-amok\/"]}]},{"@type":"ImageObject","inLanguage":"pl-PL","@id":"https:\/\/www.24gliwice.pl\/wiadomosci\/upadek-misternie-skonstruowanego-imperium-religijnych-mediow-i-eutanazja-weekend-w-kinie-amok\/#primaryimage","url":"https:\/\/www.24gliwice.pl\/wiadomosci\/wp-content\/uploads\/2019\/02\/1-IMG_1990.jpg","contentUrl":"https:\/\/www.24gliwice.pl\/wiadomosci\/wp-content\/uploads\/2019\/02\/1-IMG_1990.jpg","width":810,"height":455},{"@type":"BreadcrumbList","@id":"https:\/\/www.24gliwice.pl\/wiadomosci\/upadek-misternie-skonstruowanego-imperium-religijnych-mediow-i-eutanazja-weekend-w-kinie-amok\/#breadcrumb","itemListElement":[{"@type":"ListItem","position":1,"name":"Strona g\u0142\u00f3wna","item":"https:\/\/www.24gliwice.pl\/wiadomosci\/"},{"@type":"ListItem","position":2,"name":"Upadek misternie skonstruowanego imperium religijnych medi\u00f3w i eutanazja. Weekend w kinie Amok"}]},{"@type":"WebSite","@id":"https:\/\/www.24gliwice.pl\/wiadomosci\/#website","url":"https:\/\/www.24gliwice.pl\/wiadomosci\/","name":"24GLIWICE - Portal Gliwice | codziennie nowe wiadomo\u015bci","description":"Portal Miejski Gliwice","publisher":{"@id":"https:\/\/www.24gliwice.pl\/wiadomosci\/#organization"},"potentialAction":[{"@type":"SearchAction","target":{"@type":"EntryPoint","urlTemplate":"https:\/\/www.24gliwice.pl\/wiadomosci\/?s={search_term_string}"},"query-input":{"@type":"PropertyValueSpecification","valueRequired":true,"valueName":"search_term_string"}}],"inLanguage":"pl-PL"},{"@type":"Organization","@id":"https:\/\/www.24gliwice.pl\/wiadomosci\/#organization","name":"24gliwice","url":"https:\/\/www.24gliwice.pl\/wiadomosci\/","logo":{"@type":"ImageObject","inLanguage":"pl-PL","@id":"https:\/\/www.24gliwice.pl\/wiadomosci\/#\/schema\/logo\/image\/","url":"https:\/\/www.24gliwice.pl\/wiadomosci\/wp-content\/uploads\/2024\/10\/24gliwice-logo-696.jpg","contentUrl":"https:\/\/www.24gliwice.pl\/wiadomosci\/wp-content\/uploads\/2024\/10\/24gliwice-logo-696.jpg","width":696,"height":696,"caption":"24gliwice"},"image":{"@id":"https:\/\/www.24gliwice.pl\/wiadomosci\/#\/schema\/logo\/image\/"},"sameAs":["https:\/\/www.facebook.com\/24gliwice","https:\/\/x.com\/24gliwice","https:\/\/www.youtube.com\/@24gliwice"]},{"@type":"Person","@id":"https:\/\/www.24gliwice.pl\/wiadomosci\/#\/schema\/person\/e42c650edd7f2fa332be3811fb166b6e","name":"\u017baneta Mrozek-Siewierska","image":{"@type":"ImageObject","inLanguage":"pl-PL","@id":"https:\/\/www.24gliwice.pl\/wiadomosci\/wp-content\/uploads\/2021\/11\/Zaneta-M_S-zdjecie-czb-96x96.jpg","url":"https:\/\/www.24gliwice.pl\/wiadomosci\/wp-content\/uploads\/2021\/11\/Zaneta-M_S-zdjecie-czb-96x96.jpg","contentUrl":"https:\/\/www.24gliwice.pl\/wiadomosci\/wp-content\/uploads\/2021\/11\/Zaneta-M_S-zdjecie-czb-96x96.jpg","caption":"\u017baneta Mrozek-Siewierska"},"url":"https:\/\/www.24gliwice.pl\/wiadomosci\/author\/zms\/"}]}},"_links":{"self":[{"href":"https:\/\/www.24gliwice.pl\/wiadomosci\/wp-json\/wp\/v2\/posts\/185864","targetHints":{"allow":["GET"]}}],"collection":[{"href":"https:\/\/www.24gliwice.pl\/wiadomosci\/wp-json\/wp\/v2\/posts"}],"about":[{"href":"https:\/\/www.24gliwice.pl\/wiadomosci\/wp-json\/wp\/v2\/types\/post"}],"author":[{"embeddable":true,"href":"https:\/\/www.24gliwice.pl\/wiadomosci\/wp-json\/wp\/v2\/users\/15"}],"replies":[{"embeddable":true,"href":"https:\/\/www.24gliwice.pl\/wiadomosci\/wp-json\/wp\/v2\/comments?post=185864"}],"version-history":[{"count":8,"href":"https:\/\/www.24gliwice.pl\/wiadomosci\/wp-json\/wp\/v2\/posts\/185864\/revisions"}],"predecessor-version":[{"id":185908,"href":"https:\/\/www.24gliwice.pl\/wiadomosci\/wp-json\/wp\/v2\/posts\/185864\/revisions\/185908"}],"wp:featuredmedia":[{"embeddable":true,"href":"https:\/\/www.24gliwice.pl\/wiadomosci\/wp-json\/wp\/v2\/media\/130180"}],"wp:attachment":[{"href":"https:\/\/www.24gliwice.pl\/wiadomosci\/wp-json\/wp\/v2\/media?parent=185864"}],"wp:term":[{"taxonomy":"category","embeddable":true,"href":"https:\/\/www.24gliwice.pl\/wiadomosci\/wp-json\/wp\/v2\/categories?post=185864"},{"taxonomy":"post_tag","embeddable":true,"href":"https:\/\/www.24gliwice.pl\/wiadomosci\/wp-json\/wp\/v2\/tags?post=185864"}],"curies":[{"name":"wp","href":"https:\/\/api.w.org\/{rel}","templated":true}]}}