{"id":186218,"date":"2022-02-10T05:40:51","date_gmt":"2022-02-10T04:40:51","guid":{"rendered":"https:\/\/www.24gliwice.pl\/wiadomosci\/?p=186218"},"modified":"2022-02-10T01:42:12","modified_gmt":"2022-02-10T00:42:12","slug":"kreatywne-ferie-z-ch-forum-i-ekipa-mnemo-experts-warto-wczesniej-zarezerwowac-miejsce","status":"publish","type":"post","link":"https:\/\/www.24gliwice.pl\/wiadomosci\/kreatywne-ferie-z-ch-forum-i-ekipa-mnemo-experts-warto-wczesniej-zarezerwowac-miejsce\/","title":{"rendered":"Kreatywne ferie z CH Forum i ekip\u0105 Mnemo Experts. Warto wcze\u015bniej zarezerwowa\u0107 miejsce"},"content":{"rendered":"<div class=\"gliwi-a6-nad-leadem-artykulow gliwi-entity-placement\" id=\"gliwi-2168958113\"><div class=\"gliwi-adlabel\"><span style=\"font-size: 9px\">REKLAMA<\/span><\/div><div id=\"gliwi-831280612\" style=\"margin-bottom: 30px;margin-left: auto;margin-right: auto;text-align: center;\"><a data-no-instant=\"1\" href=\"https:\/\/przedszkole.halogen.org.pl\/\" rel=\"noopener\" class=\"a2t-link\" target=\"_blank\" aria-label=\"20260402-ANIMATOR-przedszkole_grafika_750x200\"><img loading=\"lazy\" decoding=\"async\" src=\"https:\/\/www.24gliwice.pl\/wiadomosci\/wp-content\/uploads\/2026\/04\/20260402-ANIMATOR-przedszkole_grafika_750x200.webp\" alt=\"\"  srcset=\"https:\/\/www.24gliwice.pl\/wiadomosci\/wp-content\/uploads\/2026\/04\/20260402-ANIMATOR-przedszkole_grafika_750x200.webp 750w, https:\/\/www.24gliwice.pl\/wiadomosci\/wp-content\/uploads\/2026\/04\/20260402-ANIMATOR-przedszkole_grafika_750x200-410x109.webp 410w\" sizes=\"(max-width: 750px) 100vw, 750px\" class=\"no-lazyload\" width=\"750\" height=\"200\"  style=\"display: inline-block; max-width: 100%; height: auto;\" \/><\/a><\/div><\/div><h2>Podczas ferii w centrum handlowym Forum ka\u017cdy maluch ma szanse odkry\u0107 w sobie talenty i zosta\u0107 M\u0142odym Geniuszem, Programist\u0105, Badaczem lub Artyst\u0105. Wystarczy zg\u0142osi\u0107 si\u0119 na warsztaty, kt\u00f3re gliwickie centrum organizuje z ekip\u0105 Mnemo Experts, znan\u0105 z wcze\u015bniejszych wsp\u00f3lnie zrealizowanych kreatywnych projekt\u00f3w.<\/h2>\n<p>&nbsp;<br \/>\nZaj\u0119cia s\u0105 przeznaczone dla dzieci w wieku 5-14 lat. Odb\u0119d\u0105 si\u0119 w dniach 14-19 lutego, tj. od poniedzia\u0142ku do soboty, w godzinach 9:00 \u2013 13:00 (sobota 10:00 \u2013 14:00). Warsztaty sk\u0142adaj\u0105 si\u0119 z dw\u00f3ch p\u00f3\u0142toragodzinnych sesji. Grupy b\u0119d\u0105 liczy\u0107 nie wi\u0119cej ni\u017c 12 dzieci, dlatego warto dokona\u0107 wcze\u015bniejszych rezerwacji miejsc. Ta opcja jest dost\u0119pna dla uczestnik\u00f3w Programu Lojalno\u015bciowego Forum,<br \/>\ndost\u0119pnego poprzez stron\u0119 <a href=\"http:\/\/forumgliwice.online\" target=\"_blank\" rel=\"noopener\">forumgliwice.online<\/a>.<\/p>\n<p>Zapowiada si\u0119 arcyciekawie, kreatywnie i zabawnie, gdy\u017c pos\u0142u\u017cymy si\u0119 specjalnie opracowanymi modelami LEGO We Do i SPIKE PRIME do konstruowania i programowania, a tak\u017ce nauczymy efektywnej nauki. Znajdzie si\u0119 tak\u017ce czas na swobodne zaj\u0119cia z budowania klockami.<\/p><div class=\"gliwi-a3-w-tresci-artykulow gliwi-entity-placement\" id=\"gliwi-444315368\"><div class=\"gliwi-adlabel\"><span style=\"font-size: 9px\">REKLAMA<\/span><\/div><div id=\"gliwi-3552595828\" style=\"margin-bottom: 30px;margin-left: auto;margin-right: auto;text-align: center;\"><a data-no-instant=\"1\" href=\"https:\/\/ogrodyandersa.pl\/\" rel=\"noopener\" class=\"a2t-link\" target=\"_blank\" aria-label=\"20260415 Ogrody Andersa KUP TERAZ D\"><img loading=\"lazy\" decoding=\"async\" src=\"https:\/\/www.24gliwice.pl\/wiadomosci\/wp-content\/uploads\/2026\/04\/20260415-Ogrody-Andersa-KUP-TERAZ-D.jpg\" alt=\"\"  srcset=\"https:\/\/www.24gliwice.pl\/wiadomosci\/wp-content\/uploads\/2026\/04\/20260415-Ogrody-Andersa-KUP-TERAZ-D.jpg 750w, https:\/\/www.24gliwice.pl\/wiadomosci\/wp-content\/uploads\/2026\/04\/20260415-Ogrody-Andersa-KUP-TERAZ-D-410x109.jpg 410w\" sizes=\"(max-width: 750px) 100vw, 750px\" class=\"no-lazyload\" width=\"750\" height=\"200\"  style=\"display: inline-block; max-width: 100%; height: auto;\" \/><\/a><\/div><\/div>\n<p><a href=\"https:\/\/www.24gliwice.pl\/wiadomosci\/wp-content\/uploads\/2022\/02\/FORUM-zimowa-akademia-news-1062x858-1.jpg\"><img loading=\"lazy\" decoding=\"async\" class=\"alignnone  wp-image-186224\" src=\"https:\/\/www.24gliwice.pl\/wiadomosci\/wp-content\/uploads\/2022\/02\/FORUM-zimowa-akademia-news-1062x858-1.jpg\" alt=\"\" width=\"1115\" height=\"902\" srcset=\"https:\/\/www.24gliwice.pl\/wiadomosci\/wp-content\/uploads\/2022\/02\/FORUM-zimowa-akademia-news-1062x858-1.jpg 810w, https:\/\/www.24gliwice.pl\/wiadomosci\/wp-content\/uploads\/2022\/02\/FORUM-zimowa-akademia-news-1062x858-1-287x232.jpg 287w, https:\/\/www.24gliwice.pl\/wiadomosci\/wp-content\/uploads\/2022\/02\/FORUM-zimowa-akademia-news-1062x858-1-563x455.jpg 563w, https:\/\/www.24gliwice.pl\/wiadomosci\/wp-content\/uploads\/2022\/02\/FORUM-zimowa-akademia-news-1062x858-1-768x621.jpg 768w\" sizes=\"auto, (max-width: 1115px) 100vw, 1115px\" \/><\/a><\/p>\n<h4>Wi\u0119cej o poszczeg\u00f3lnych blokach tematycznych:<\/h4>\n<p><strong>M\u0141ODY GENIUSZ<\/strong>. Projekt neuroedukacji i treningi kreatywno\u015bci.<\/p>\n<p>Uczniowie poznaj\u0105 narz\u0119dzie Piramidy kreatywno\u015bci, zapoznaj\u0105 si\u0119 z technik\u0105 \u0142a\u0144cuchowej metody skojarze\u0144 oraz przy pomocy klock\u00f3w konstrukcyjnych stworz\u0105 wybran\u0105 planet\u0119.<\/p>\n<ul>\n<li>Jo Jo wisz &#8211; Akademia \u017bonglowania oraz treningu aktywno\u015bci fizycznej.<\/li>\n<li>Akronimy &#8211; Projekt neuroedukacji &#8211; warsztaty efektywnej nauki. Dzi\u0119ki kt\u00f3rym uczniowie b\u0119d\u0105 potrafili zapami\u0119ta\u0107 dowolne informacje w odpowiedniej kolejno\u015bci np. Uk\u0142ad S\u0142oneczny.<\/li>\n<li>Lodowy rzymski pok\u00f3j &#8211; Projekt neuroedukacji \u2013 warsztaty pami\u0119ci. Dzi\u0119ki tej metodzie lokacyjnej uczniowie b\u0119d\u0105 potrafili zapami\u0119ta\u0107 dowolny wz\u00f3r, np. V = 294 km \/ 3,5 h = 84 km\/h.<\/li>\n<li>Never-ending story &#8211; Warsztaty j\u0119zykowe w kosmosie. Uczestnicy poznaj\u0105 2 mnemotechniki: technik\u0119 w\u0119\u017ca oraz technik\u0119 s\u0142\u00f3w zast\u0119pczych, dzi\u0119ki czemu nauka s\u0142\u00f3wek stanie si\u0119 przyjemno\u015bci\u0105.<\/li>\n<li>Urrra ! Poka\u017c si\u0119 :) Projekt neuroedukacji &#8211; tworzenie map my\u015bli w zimowej krainie. Dzi\u0119ki metodzie wizualizacyjnej uczniowie poznaj\u0105 mo\u017cliwo\u015b\u0107 tworzenia efektywnych notatek, kt\u00f3re na d\u0142ugo pozostan\u0105 w pami\u0119ci.<\/li>\n<\/ul>\n<p><strong>M\u0141ODY BADACZ<\/strong><\/p>\n<ul>\n<li>LEGO We Do. Lego Robotyka &#8211; warsztaty budowania robot\u00f3w oraz programowania: \u0141azik Marsja\u0144ski, Chwytak ksi\u0119\u017cycowy, Ksi\u0119\u017cycowa baza, Sejsmograf, Komunikacja z baz\u0105 i sygna\u0142 SOS, Zapora wodna, Recykling.<\/li>\n<li>Spike Prime. Lego Robotyka &#8211; warsztaty programowania: Uk\u0142ad S\u0142oneczny i rozpoznawanie planet, kontrola jako\u015bci robota, Spike na Saturnie, komunikacja z androidem, kosmiczna firma, \u017cycie gwiezdne, gwiezdne wyprawy.<\/li>\n<\/ul>\n<p><strong>M\u0141ODY PROGRAMISTA<\/strong><\/p>\n<ul>\n<li>Warsztaty programowania Scratch Junior. Podczas zaj\u0119\u0107 dzieci stworz\u0105 w\u0142asn\u0105, kr\u00f3tk\u0105 historyjk\u0119, oraz zaprogramuj\u0105 interaktywn\u0105 opowie\u015b\u0107 o swojej rodzinie lub hobby. Dodatkowo b\u0119d\u0105 mia\u0142y mo\u017cliwo\u015b\u0107 stworzenia zimowej animacji i wirtualnych kartek.<\/li>\n<\/ul>\n<p><strong>M\u0141ODY ARTYSTA<\/strong><\/p>\n<ul>\n<li>Warsztaty plastyczne: tworzenie r\u0119kodzie\u0142a, bi\u017cuterii, li\u015bci mak ramowych, dekoracji drewnianych, prezent\u00f3w walentynkowych.<\/li>\n<\/ul>\n<p><a href=\"https:\/\/www.24gliwice.pl\/wiadomosci\/wp-content\/uploads\/2022\/02\/FORUM-zimowa-akademia-infokiosk.jpg\"><img loading=\"lazy\" decoding=\"async\" class=\"alignnone  wp-image-186223\" src=\"https:\/\/www.24gliwice.pl\/wiadomosci\/wp-content\/uploads\/2022\/02\/FORUM-zimowa-akademia-infokiosk.jpg\" alt=\"\" width=\"1242\" height=\"2206\" srcset=\"https:\/\/www.24gliwice.pl\/wiadomosci\/wp-content\/uploads\/2022\/02\/FORUM-zimowa-akademia-infokiosk.jpg 456w, https:\/\/www.24gliwice.pl\/wiadomosci\/wp-content\/uploads\/2022\/02\/FORUM-zimowa-akademia-infokiosk-131x232.jpg 131w, https:\/\/www.24gliwice.pl\/wiadomosci\/wp-content\/uploads\/2022\/02\/FORUM-zimowa-akademia-infokiosk-256x455.jpg 256w\" sizes=\"auto, (max-width: 1242px) 100vw, 1242px\" \/><\/a><\/p>\n<h4>Harmonogram<\/h4>\n<p><strong>14 lutego<\/strong>: M\u0142ody Programista i M\u0142ody Artysta. Dodatkowo b\u0119dziemy tworzy\u0107 serca giganty z klock\u00f3w konstrukcyjnych.<br \/>\n<strong>15 lutego: <\/strong>M\u0142ody Geniusz &#8211; Lodowy Rzymski pok\u00f3j. Dodatkowo b\u0119dziemy budowa\u0107 zamek<br \/>\nz klock\u00f3w konstrukcyjnych. M\u0142ody Badacz &#8211; klocki WE Do &#8211; \u0141azik marsja\u0144ski i chwytak ksi\u0119\u017cycowy.<br \/>\n<strong>16 lutego:<\/strong> M\u0142ody Geniusz &#8211; Urra poka\u017c si\u0119! M\u0142ody Badacz &#8211; klocki WE Do &#8211; sygna\u0142 sos oraz zapora wodna.<br \/>\n<strong>17 lutego:<\/strong> M\u0142ody Geniusz &#8211; Akronimy i Jo jo wisz. M\u0142ody Programista i Badacz &#8211; komunikacja z androidem oraz Spike Prime kosmiczni tancerze.<br \/>\n<strong>18 lutego:<\/strong> M\u0142ody Geniusz \u2013 Never-ending story. M\u0142ody Programista i Badacz &#8211; Kosmiczna firma oraz Spike Prime i \u017cycie gwiezdne.<br \/>\n<strong>19 lutego:<\/strong> M\u0142ody Artysta i M\u0142ody Badacz &#8211; klocki WE Do &#8211; kosmiczne wy\u015bcigi.<\/p>\n<p><iframe loading=\"lazy\" style=\"border: none; overflow: hidden;\" src=\"https:\/\/www.facebook.com\/plugins\/video.php?href=https%3A%2F%2Fwww.facebook.com%2FMnemoExperts%2Fvideos%2F2015373395304938%2F&amp;width=500&amp;show_text=false&amp;height=282&amp;appId\" width=\"500\" height=\"282\" frameborder=\"0\" scrolling=\"no\" allowfullscreen=\"allowfullscreen\"><\/iframe><\/p>\n<p>Miejsce: Scena FORUM (ul. Lipowa 1), poziom 1. Zajawki, zdj\u0119cia oraz filmy z innych zaj\u0119\u0107 mo\u017cna zobaczy\u0107 na profilu FB Mnemo Experts oraz na stronie internetowej <a href=\"http:\/\/mnemo.com.pl\" target=\"_blank\" rel=\"noopener\">mnemo.com.pl<\/a><\/p>\n<div class=\"gliwi-a5-na-koncu-artykulow gliwi-entity-placement\" id=\"gliwi-384046538\"><div class=\"gliwi-adlabel\"><span style=\"font-size: 9px\">REKLAMA<\/span><\/div><div id=\"gliwi-3427404815\" style=\"margin-left: auto;margin-right: auto;text-align: center;\"><a data-no-instant=\"1\" href=\"https:\/\/prezeroarenagliwice.pl\/\" rel=\"noopener\" class=\"a2t-link\" target=\"_blank\" aria-label=\"20260309-PREZERO-WIOSNA-D\"><img loading=\"lazy\" decoding=\"async\" src=\"https:\/\/www.24gliwice.pl\/wiadomosci\/wp-content\/uploads\/2026\/03\/20260309-PREZERO-WIOSNA-D.webp\" alt=\"\"  srcset=\"https:\/\/www.24gliwice.pl\/wiadomosci\/wp-content\/uploads\/2026\/03\/20260309-PREZERO-WIOSNA-D.webp 750w, https:\/\/www.24gliwice.pl\/wiadomosci\/wp-content\/uploads\/2026\/03\/20260309-PREZERO-WIOSNA-D-410x109.webp 410w\" sizes=\"(max-width: 750px) 100vw, 750px\" class=\"no-lazyload\" width=\"750\" height=\"200\"  style=\"display: inline-block; max-width: 100%; height: auto;\" \/><\/a><\/div><\/div>","protected":false},"excerpt":{"rendered":"<p>Podczas ferii w centrum handlowym Forum ka\u017cdy maluch ma szanse odkry\u0107 w sobie talenty i zosta\u0107 M\u0142odym Geniuszem, Programist\u0105, Badaczem lub Artyst\u0105. Wystarczy zg\u0142osi\u0107 si\u0119 na warsztaty, kt\u00f3re gliwickie centrum organizuje z ekip\u0105 Mnemo Experts, znan\u0105 z wcze\u015bniejszych wsp\u00f3lnie zrealizowanych kreatywnych projekt\u00f3w. &nbsp; Zaj\u0119cia s\u0105 przeznaczone dla dzieci w wieku 5-14 lat. Odb\u0119d\u0105 si\u0119 w [&hellip;]<\/p>\n","protected":false},"author":15,"featured_media":179200,"comment_status":"closed","ping_status":"closed","sticky":false,"template":"","format":"standard","meta":{"_monsterinsights_skip_tracking":false,"_monsterinsights_sitenote_active":false,"_monsterinsights_sitenote_note":"","_monsterinsights_sitenote_category":0,"footnotes":"","_links_to":"","_links_to_target":""},"categories":[3,6,1],"tags":[17307],"class_list":["post-186218","post","type-post","status-publish","format-standard","has-post-thumbnail","hentry","category-gliwice","category-kultura","category-wszystko","tag-ferie-w-forum"],"yoast_head":"<!-- This site is optimized with the Yoast SEO plugin v27.4 - https:\/\/yoast.com\/product\/yoast-seo-wordpress\/ -->\n<title>Kreatywne ferie z CH Forum i ekip\u0105 Mnemo Experts. Warto wcze\u015bniej zarezerwowa\u0107 miejsce - 24GLIWICE - Portal Gliwice | codziennie nowe informacje<\/title>\n<meta name=\"robots\" content=\"index, follow, max-snippet:-1, max-image-preview:large, max-video-preview:-1\" \/>\n<link rel=\"canonical\" href=\"https:\/\/www.24gliwice.pl\/wiadomosci\/kreatywne-ferie-z-ch-forum-i-ekipa-mnemo-experts-warto-wczesniej-zarezerwowac-miejsce\/\" \/>\n<meta property=\"og:locale\" content=\"pl_PL\" \/>\n<meta property=\"og:type\" content=\"article\" \/>\n<meta property=\"og:title\" content=\"Kreatywne ferie z CH Forum i ekip\u0105 Mnemo Experts. Warto wcze\u015bniej zarezerwowa\u0107 miejsce - 24GLIWICE - Portal Gliwice | codziennie nowe informacje\" \/>\n<meta property=\"og:description\" content=\"Podczas ferii w centrum handlowym Forum ka\u017cdy maluch ma szanse odkry\u0107 w sobie talenty i zosta\u0107 M\u0142odym Geniuszem, Programist\u0105, Badaczem lub Artyst\u0105. Wystarczy zg\u0142osi\u0107 si\u0119 na warsztaty, kt\u00f3re gliwickie centrum organizuje z ekip\u0105 Mnemo Experts, znan\u0105 z wcze\u015bniejszych wsp\u00f3lnie zrealizowanych kreatywnych projekt\u00f3w. &nbsp; Zaj\u0119cia s\u0105 przeznaczone dla dzieci w wieku 5-14 lat. Odb\u0119d\u0105 si\u0119 w [&hellip;]\" \/>\n<meta property=\"og:url\" content=\"https:\/\/www.24gliwice.pl\/wiadomosci\/kreatywne-ferie-z-ch-forum-i-ekipa-mnemo-experts-warto-wczesniej-zarezerwowac-miejsce\/\" \/>\n<meta property=\"og:site_name\" content=\"24GLIWICE - Portal Gliwice | codziennie nowe informacje\" \/>\n<meta property=\"article:publisher\" content=\"https:\/\/www.facebook.com\/24gliwice\" \/>\n<meta property=\"article:published_time\" content=\"2022-02-10T04:40:51+00:00\" \/>\n<meta property=\"og:image\" content=\"https:\/\/www.24gliwice.pl\/wiadomosci\/wp-content\/uploads\/2021\/10\/forum2-002.jpg\" \/>\n\t<meta property=\"og:image:width\" content=\"810\" \/>\n\t<meta property=\"og:image:height\" content=\"456\" \/>\n\t<meta property=\"og:image:type\" content=\"image\/jpeg\" \/>\n<meta name=\"author\" content=\"\u017baneta Mrozek-Siewierska\" \/>\n<meta name=\"twitter:card\" content=\"summary_large_image\" \/>\n<meta name=\"twitter:creator\" content=\"@24gliwice\" \/>\n<meta name=\"twitter:site\" content=\"@24gliwice\" \/>\n<meta name=\"twitter:label1\" content=\"Napisane przez\" \/>\n\t<meta name=\"twitter:data1\" content=\"\u017baneta Mrozek-Siewierska\" \/>\n\t<meta name=\"twitter:label2\" content=\"Szacowany czas czytania\" \/>\n\t<meta name=\"twitter:data2\" content=\"3 minuty\" \/>\n<script type=\"application\/ld+json\" class=\"yoast-schema-graph\">{\"@context\":\"https:\\\/\\\/schema.org\",\"@graph\":[{\"@type\":\"Article\",\"@id\":\"https:\\\/\\\/www.24gliwice.pl\\\/wiadomosci\\\/kreatywne-ferie-z-ch-forum-i-ekipa-mnemo-experts-warto-wczesniej-zarezerwowac-miejsce\\\/#article\",\"isPartOf\":{\"@id\":\"https:\\\/\\\/www.24gliwice.pl\\\/wiadomosci\\\/kreatywne-ferie-z-ch-forum-i-ekipa-mnemo-experts-warto-wczesniej-zarezerwowac-miejsce\\\/\"},\"author\":{\"name\":\"\u017baneta Mrozek-Siewierska\",\"@id\":\"https:\\\/\\\/www.24gliwice.pl\\\/wiadomosci\\\/#\\\/schema\\\/person\\\/e42c650edd7f2fa332be3811fb166b6e\"},\"headline\":\"Kreatywne ferie z CH Forum i ekip\u0105 Mnemo Experts. Warto wcze\u015bniej zarezerwowa\u0107 miejsce\",\"datePublished\":\"2022-02-10T04:40:51+00:00\",\"mainEntityOfPage\":{\"@id\":\"https:\\\/\\\/www.24gliwice.pl\\\/wiadomosci\\\/kreatywne-ferie-z-ch-forum-i-ekipa-mnemo-experts-warto-wczesniej-zarezerwowac-miejsce\\\/\"},\"wordCount\":633,\"publisher\":{\"@id\":\"https:\\\/\\\/www.24gliwice.pl\\\/wiadomosci\\\/#organization\"},\"image\":{\"@id\":\"https:\\\/\\\/www.24gliwice.pl\\\/wiadomosci\\\/kreatywne-ferie-z-ch-forum-i-ekipa-mnemo-experts-warto-wczesniej-zarezerwowac-miejsce\\\/#primaryimage\"},\"thumbnailUrl\":\"https:\\\/\\\/www.24gliwice.pl\\\/wiadomosci\\\/wp-content\\\/uploads\\\/2021\\\/10\\\/forum2-002.jpg\",\"keywords\":[\"ferie w forum\"],\"articleSection\":[\"Gliwice\",\"Kultura, wydarzenia, imprezy\",\"Najnowsze wiadomo\u015bci\"],\"inLanguage\":\"pl-PL\"},{\"@type\":\"WebPage\",\"@id\":\"https:\\\/\\\/www.24gliwice.pl\\\/wiadomosci\\\/kreatywne-ferie-z-ch-forum-i-ekipa-mnemo-experts-warto-wczesniej-zarezerwowac-miejsce\\\/\",\"url\":\"https:\\\/\\\/www.24gliwice.pl\\\/wiadomosci\\\/kreatywne-ferie-z-ch-forum-i-ekipa-mnemo-experts-warto-wczesniej-zarezerwowac-miejsce\\\/\",\"name\":\"Kreatywne ferie z CH Forum i ekip\u0105 Mnemo Experts. Warto wcze\u015bniej zarezerwowa\u0107 miejsce - 24GLIWICE - Portal Gliwice | codziennie nowe informacje\",\"isPartOf\":{\"@id\":\"https:\\\/\\\/www.24gliwice.pl\\\/wiadomosci\\\/#website\"},\"primaryImageOfPage\":{\"@id\":\"https:\\\/\\\/www.24gliwice.pl\\\/wiadomosci\\\/kreatywne-ferie-z-ch-forum-i-ekipa-mnemo-experts-warto-wczesniej-zarezerwowac-miejsce\\\/#primaryimage\"},\"image\":{\"@id\":\"https:\\\/\\\/www.24gliwice.pl\\\/wiadomosci\\\/kreatywne-ferie-z-ch-forum-i-ekipa-mnemo-experts-warto-wczesniej-zarezerwowac-miejsce\\\/#primaryimage\"},\"thumbnailUrl\":\"https:\\\/\\\/www.24gliwice.pl\\\/wiadomosci\\\/wp-content\\\/uploads\\\/2021\\\/10\\\/forum2-002.jpg\",\"datePublished\":\"2022-02-10T04:40:51+00:00\",\"breadcrumb\":{\"@id\":\"https:\\\/\\\/www.24gliwice.pl\\\/wiadomosci\\\/kreatywne-ferie-z-ch-forum-i-ekipa-mnemo-experts-warto-wczesniej-zarezerwowac-miejsce\\\/#breadcrumb\"},\"inLanguage\":\"pl-PL\",\"potentialAction\":[{\"@type\":\"ReadAction\",\"target\":[\"https:\\\/\\\/www.24gliwice.pl\\\/wiadomosci\\\/kreatywne-ferie-z-ch-forum-i-ekipa-mnemo-experts-warto-wczesniej-zarezerwowac-miejsce\\\/\"]}]},{\"@type\":\"ImageObject\",\"inLanguage\":\"pl-PL\",\"@id\":\"https:\\\/\\\/www.24gliwice.pl\\\/wiadomosci\\\/kreatywne-ferie-z-ch-forum-i-ekipa-mnemo-experts-warto-wczesniej-zarezerwowac-miejsce\\\/#primaryimage\",\"url\":\"https:\\\/\\\/www.24gliwice.pl\\\/wiadomosci\\\/wp-content\\\/uploads\\\/2021\\\/10\\\/forum2-002.jpg\",\"contentUrl\":\"https:\\\/\\\/www.24gliwice.pl\\\/wiadomosci\\\/wp-content\\\/uploads\\\/2021\\\/10\\\/forum2-002.jpg\",\"width\":810,\"height\":456},{\"@type\":\"BreadcrumbList\",\"@id\":\"https:\\\/\\\/www.24gliwice.pl\\\/wiadomosci\\\/kreatywne-ferie-z-ch-forum-i-ekipa-mnemo-experts-warto-wczesniej-zarezerwowac-miejsce\\\/#breadcrumb\",\"itemListElement\":[{\"@type\":\"ListItem\",\"position\":1,\"name\":\"Strona g\u0142\u00f3wna\",\"item\":\"https:\\\/\\\/www.24gliwice.pl\\\/wiadomosci\\\/\"},{\"@type\":\"ListItem\",\"position\":2,\"name\":\"Kreatywne ferie z CH Forum i ekip\u0105 Mnemo Experts. Warto wcze\u015bniej zarezerwowa\u0107 miejsce\"}]},{\"@type\":\"WebSite\",\"@id\":\"https:\\\/\\\/www.24gliwice.pl\\\/wiadomosci\\\/#website\",\"url\":\"https:\\\/\\\/www.24gliwice.pl\\\/wiadomosci\\\/\",\"name\":\"24GLIWICE - Portal Gliwice | codziennie nowe wiadomo\u015bci\",\"description\":\"Portal Miejski Gliwice\",\"publisher\":{\"@id\":\"https:\\\/\\\/www.24gliwice.pl\\\/wiadomosci\\\/#organization\"},\"potentialAction\":[{\"@type\":\"SearchAction\",\"target\":{\"@type\":\"EntryPoint\",\"urlTemplate\":\"https:\\\/\\\/www.24gliwice.pl\\\/wiadomosci\\\/?s={search_term_string}\"},\"query-input\":{\"@type\":\"PropertyValueSpecification\",\"valueRequired\":true,\"valueName\":\"search_term_string\"}}],\"inLanguage\":\"pl-PL\"},{\"@type\":\"Organization\",\"@id\":\"https:\\\/\\\/www.24gliwice.pl\\\/wiadomosci\\\/#organization\",\"name\":\"24gliwice\",\"url\":\"https:\\\/\\\/www.24gliwice.pl\\\/wiadomosci\\\/\",\"logo\":{\"@type\":\"ImageObject\",\"inLanguage\":\"pl-PL\",\"@id\":\"https:\\\/\\\/www.24gliwice.pl\\\/wiadomosci\\\/#\\\/schema\\\/logo\\\/image\\\/\",\"url\":\"https:\\\/\\\/www.24gliwice.pl\\\/wiadomosci\\\/wp-content\\\/uploads\\\/2024\\\/10\\\/24gliwice-logo-696.jpg\",\"contentUrl\":\"https:\\\/\\\/www.24gliwice.pl\\\/wiadomosci\\\/wp-content\\\/uploads\\\/2024\\\/10\\\/24gliwice-logo-696.jpg\",\"width\":696,\"height\":696,\"caption\":\"24gliwice\"},\"image\":{\"@id\":\"https:\\\/\\\/www.24gliwice.pl\\\/wiadomosci\\\/#\\\/schema\\\/logo\\\/image\\\/\"},\"sameAs\":[\"https:\\\/\\\/www.facebook.com\\\/24gliwice\",\"https:\\\/\\\/x.com\\\/24gliwice\",\"https:\\\/\\\/www.youtube.com\\\/@24gliwice\"]},{\"@type\":\"Person\",\"@id\":\"https:\\\/\\\/www.24gliwice.pl\\\/wiadomosci\\\/#\\\/schema\\\/person\\\/e42c650edd7f2fa332be3811fb166b6e\",\"name\":\"\u017baneta Mrozek-Siewierska\",\"image\":{\"@type\":\"ImageObject\",\"inLanguage\":\"pl-PL\",\"@id\":\"https:\\\/\\\/www.24gliwice.pl\\\/wiadomosci\\\/wp-content\\\/uploads\\\/2021\\\/11\\\/Zaneta-M_S-zdjecie-czb-96x96.jpg\",\"url\":\"https:\\\/\\\/www.24gliwice.pl\\\/wiadomosci\\\/wp-content\\\/uploads\\\/2021\\\/11\\\/Zaneta-M_S-zdjecie-czb-96x96.jpg\",\"contentUrl\":\"https:\\\/\\\/www.24gliwice.pl\\\/wiadomosci\\\/wp-content\\\/uploads\\\/2021\\\/11\\\/Zaneta-M_S-zdjecie-czb-96x96.jpg\",\"caption\":\"\u017baneta Mrozek-Siewierska\"},\"url\":\"https:\\\/\\\/www.24gliwice.pl\\\/wiadomosci\\\/author\\\/zms\\\/\"}]}<\/script>\n<!-- \/ Yoast SEO plugin. -->","yoast_head_json":{"title":"Kreatywne ferie z CH Forum i ekip\u0105 Mnemo Experts. Warto wcze\u015bniej zarezerwowa\u0107 miejsce - 24GLIWICE - Portal Gliwice | codziennie nowe informacje","robots":{"index":"index","follow":"follow","max-snippet":"max-snippet:-1","max-image-preview":"max-image-preview:large","max-video-preview":"max-video-preview:-1"},"canonical":"https:\/\/www.24gliwice.pl\/wiadomosci\/kreatywne-ferie-z-ch-forum-i-ekipa-mnemo-experts-warto-wczesniej-zarezerwowac-miejsce\/","og_locale":"pl_PL","og_type":"article","og_title":"Kreatywne ferie z CH Forum i ekip\u0105 Mnemo Experts. Warto wcze\u015bniej zarezerwowa\u0107 miejsce - 24GLIWICE - Portal Gliwice | codziennie nowe informacje","og_description":"Podczas ferii w centrum handlowym Forum ka\u017cdy maluch ma szanse odkry\u0107 w sobie talenty i zosta\u0107 M\u0142odym Geniuszem, Programist\u0105, Badaczem lub Artyst\u0105. Wystarczy zg\u0142osi\u0107 si\u0119 na warsztaty, kt\u00f3re gliwickie centrum organizuje z ekip\u0105 Mnemo Experts, znan\u0105 z wcze\u015bniejszych wsp\u00f3lnie zrealizowanych kreatywnych projekt\u00f3w. &nbsp; Zaj\u0119cia s\u0105 przeznaczone dla dzieci w wieku 5-14 lat. Odb\u0119d\u0105 si\u0119 w [&hellip;]","og_url":"https:\/\/www.24gliwice.pl\/wiadomosci\/kreatywne-ferie-z-ch-forum-i-ekipa-mnemo-experts-warto-wczesniej-zarezerwowac-miejsce\/","og_site_name":"24GLIWICE - Portal Gliwice | codziennie nowe informacje","article_publisher":"https:\/\/www.facebook.com\/24gliwice","article_published_time":"2022-02-10T04:40:51+00:00","og_image":[{"width":810,"height":456,"url":"https:\/\/www.24gliwice.pl\/wiadomosci\/wp-content\/uploads\/2021\/10\/forum2-002.jpg","type":"image\/jpeg"}],"author":"\u017baneta Mrozek-Siewierska","twitter_card":"summary_large_image","twitter_creator":"@24gliwice","twitter_site":"@24gliwice","twitter_misc":{"Napisane przez":"\u017baneta Mrozek-Siewierska","Szacowany czas czytania":"3 minuty"},"schema":{"@context":"https:\/\/schema.org","@graph":[{"@type":"Article","@id":"https:\/\/www.24gliwice.pl\/wiadomosci\/kreatywne-ferie-z-ch-forum-i-ekipa-mnemo-experts-warto-wczesniej-zarezerwowac-miejsce\/#article","isPartOf":{"@id":"https:\/\/www.24gliwice.pl\/wiadomosci\/kreatywne-ferie-z-ch-forum-i-ekipa-mnemo-experts-warto-wczesniej-zarezerwowac-miejsce\/"},"author":{"name":"\u017baneta Mrozek-Siewierska","@id":"https:\/\/www.24gliwice.pl\/wiadomosci\/#\/schema\/person\/e42c650edd7f2fa332be3811fb166b6e"},"headline":"Kreatywne ferie z CH Forum i ekip\u0105 Mnemo Experts. Warto wcze\u015bniej zarezerwowa\u0107 miejsce","datePublished":"2022-02-10T04:40:51+00:00","mainEntityOfPage":{"@id":"https:\/\/www.24gliwice.pl\/wiadomosci\/kreatywne-ferie-z-ch-forum-i-ekipa-mnemo-experts-warto-wczesniej-zarezerwowac-miejsce\/"},"wordCount":633,"publisher":{"@id":"https:\/\/www.24gliwice.pl\/wiadomosci\/#organization"},"image":{"@id":"https:\/\/www.24gliwice.pl\/wiadomosci\/kreatywne-ferie-z-ch-forum-i-ekipa-mnemo-experts-warto-wczesniej-zarezerwowac-miejsce\/#primaryimage"},"thumbnailUrl":"https:\/\/www.24gliwice.pl\/wiadomosci\/wp-content\/uploads\/2021\/10\/forum2-002.jpg","keywords":["ferie w forum"],"articleSection":["Gliwice","Kultura, wydarzenia, imprezy","Najnowsze wiadomo\u015bci"],"inLanguage":"pl-PL"},{"@type":"WebPage","@id":"https:\/\/www.24gliwice.pl\/wiadomosci\/kreatywne-ferie-z-ch-forum-i-ekipa-mnemo-experts-warto-wczesniej-zarezerwowac-miejsce\/","url":"https:\/\/www.24gliwice.pl\/wiadomosci\/kreatywne-ferie-z-ch-forum-i-ekipa-mnemo-experts-warto-wczesniej-zarezerwowac-miejsce\/","name":"Kreatywne ferie z CH Forum i ekip\u0105 Mnemo Experts. Warto wcze\u015bniej zarezerwowa\u0107 miejsce - 24GLIWICE - Portal Gliwice | codziennie nowe informacje","isPartOf":{"@id":"https:\/\/www.24gliwice.pl\/wiadomosci\/#website"},"primaryImageOfPage":{"@id":"https:\/\/www.24gliwice.pl\/wiadomosci\/kreatywne-ferie-z-ch-forum-i-ekipa-mnemo-experts-warto-wczesniej-zarezerwowac-miejsce\/#primaryimage"},"image":{"@id":"https:\/\/www.24gliwice.pl\/wiadomosci\/kreatywne-ferie-z-ch-forum-i-ekipa-mnemo-experts-warto-wczesniej-zarezerwowac-miejsce\/#primaryimage"},"thumbnailUrl":"https:\/\/www.24gliwice.pl\/wiadomosci\/wp-content\/uploads\/2021\/10\/forum2-002.jpg","datePublished":"2022-02-10T04:40:51+00:00","breadcrumb":{"@id":"https:\/\/www.24gliwice.pl\/wiadomosci\/kreatywne-ferie-z-ch-forum-i-ekipa-mnemo-experts-warto-wczesniej-zarezerwowac-miejsce\/#breadcrumb"},"inLanguage":"pl-PL","potentialAction":[{"@type":"ReadAction","target":["https:\/\/www.24gliwice.pl\/wiadomosci\/kreatywne-ferie-z-ch-forum-i-ekipa-mnemo-experts-warto-wczesniej-zarezerwowac-miejsce\/"]}]},{"@type":"ImageObject","inLanguage":"pl-PL","@id":"https:\/\/www.24gliwice.pl\/wiadomosci\/kreatywne-ferie-z-ch-forum-i-ekipa-mnemo-experts-warto-wczesniej-zarezerwowac-miejsce\/#primaryimage","url":"https:\/\/www.24gliwice.pl\/wiadomosci\/wp-content\/uploads\/2021\/10\/forum2-002.jpg","contentUrl":"https:\/\/www.24gliwice.pl\/wiadomosci\/wp-content\/uploads\/2021\/10\/forum2-002.jpg","width":810,"height":456},{"@type":"BreadcrumbList","@id":"https:\/\/www.24gliwice.pl\/wiadomosci\/kreatywne-ferie-z-ch-forum-i-ekipa-mnemo-experts-warto-wczesniej-zarezerwowac-miejsce\/#breadcrumb","itemListElement":[{"@type":"ListItem","position":1,"name":"Strona g\u0142\u00f3wna","item":"https:\/\/www.24gliwice.pl\/wiadomosci\/"},{"@type":"ListItem","position":2,"name":"Kreatywne ferie z CH Forum i ekip\u0105 Mnemo Experts. Warto wcze\u015bniej zarezerwowa\u0107 miejsce"}]},{"@type":"WebSite","@id":"https:\/\/www.24gliwice.pl\/wiadomosci\/#website","url":"https:\/\/www.24gliwice.pl\/wiadomosci\/","name":"24GLIWICE - Portal Gliwice | codziennie nowe wiadomo\u015bci","description":"Portal Miejski Gliwice","publisher":{"@id":"https:\/\/www.24gliwice.pl\/wiadomosci\/#organization"},"potentialAction":[{"@type":"SearchAction","target":{"@type":"EntryPoint","urlTemplate":"https:\/\/www.24gliwice.pl\/wiadomosci\/?s={search_term_string}"},"query-input":{"@type":"PropertyValueSpecification","valueRequired":true,"valueName":"search_term_string"}}],"inLanguage":"pl-PL"},{"@type":"Organization","@id":"https:\/\/www.24gliwice.pl\/wiadomosci\/#organization","name":"24gliwice","url":"https:\/\/www.24gliwice.pl\/wiadomosci\/","logo":{"@type":"ImageObject","inLanguage":"pl-PL","@id":"https:\/\/www.24gliwice.pl\/wiadomosci\/#\/schema\/logo\/image\/","url":"https:\/\/www.24gliwice.pl\/wiadomosci\/wp-content\/uploads\/2024\/10\/24gliwice-logo-696.jpg","contentUrl":"https:\/\/www.24gliwice.pl\/wiadomosci\/wp-content\/uploads\/2024\/10\/24gliwice-logo-696.jpg","width":696,"height":696,"caption":"24gliwice"},"image":{"@id":"https:\/\/www.24gliwice.pl\/wiadomosci\/#\/schema\/logo\/image\/"},"sameAs":["https:\/\/www.facebook.com\/24gliwice","https:\/\/x.com\/24gliwice","https:\/\/www.youtube.com\/@24gliwice"]},{"@type":"Person","@id":"https:\/\/www.24gliwice.pl\/wiadomosci\/#\/schema\/person\/e42c650edd7f2fa332be3811fb166b6e","name":"\u017baneta Mrozek-Siewierska","image":{"@type":"ImageObject","inLanguage":"pl-PL","@id":"https:\/\/www.24gliwice.pl\/wiadomosci\/wp-content\/uploads\/2021\/11\/Zaneta-M_S-zdjecie-czb-96x96.jpg","url":"https:\/\/www.24gliwice.pl\/wiadomosci\/wp-content\/uploads\/2021\/11\/Zaneta-M_S-zdjecie-czb-96x96.jpg","contentUrl":"https:\/\/www.24gliwice.pl\/wiadomosci\/wp-content\/uploads\/2021\/11\/Zaneta-M_S-zdjecie-czb-96x96.jpg","caption":"\u017baneta Mrozek-Siewierska"},"url":"https:\/\/www.24gliwice.pl\/wiadomosci\/author\/zms\/"}]}},"_links":{"self":[{"href":"https:\/\/www.24gliwice.pl\/wiadomosci\/wp-json\/wp\/v2\/posts\/186218","targetHints":{"allow":["GET"]}}],"collection":[{"href":"https:\/\/www.24gliwice.pl\/wiadomosci\/wp-json\/wp\/v2\/posts"}],"about":[{"href":"https:\/\/www.24gliwice.pl\/wiadomosci\/wp-json\/wp\/v2\/types\/post"}],"author":[{"embeddable":true,"href":"https:\/\/www.24gliwice.pl\/wiadomosci\/wp-json\/wp\/v2\/users\/15"}],"replies":[{"embeddable":true,"href":"https:\/\/www.24gliwice.pl\/wiadomosci\/wp-json\/wp\/v2\/comments?post=186218"}],"version-history":[{"count":6,"href":"https:\/\/www.24gliwice.pl\/wiadomosci\/wp-json\/wp\/v2\/posts\/186218\/revisions"}],"predecessor-version":[{"id":186236,"href":"https:\/\/www.24gliwice.pl\/wiadomosci\/wp-json\/wp\/v2\/posts\/186218\/revisions\/186236"}],"wp:featuredmedia":[{"embeddable":true,"href":"https:\/\/www.24gliwice.pl\/wiadomosci\/wp-json\/wp\/v2\/media\/179200"}],"wp:attachment":[{"href":"https:\/\/www.24gliwice.pl\/wiadomosci\/wp-json\/wp\/v2\/media?parent=186218"}],"wp:term":[{"taxonomy":"category","embeddable":true,"href":"https:\/\/www.24gliwice.pl\/wiadomosci\/wp-json\/wp\/v2\/categories?post=186218"},{"taxonomy":"post_tag","embeddable":true,"href":"https:\/\/www.24gliwice.pl\/wiadomosci\/wp-json\/wp\/v2\/tags?post=186218"}],"curies":[{"name":"wp","href":"https:\/\/api.w.org\/{rel}","templated":true}]}}