{"id":186308,"date":"2022-02-10T17:24:50","date_gmt":"2022-02-10T16:24:50","guid":{"rendered":"https:\/\/www.24gliwice.pl\/wiadomosci\/?p=186308"},"modified":"2022-02-11T01:53:54","modified_gmt":"2022-02-11T00:53:54","slug":"walentynki-w-gliwicach","status":"publish","type":"post","link":"https:\/\/www.24gliwice.pl\/wiadomosci\/walentynki-w-gliwicach\/","title":{"rendered":"<span style=\"color: #990d0d;\">Zakochaj si\u0119 w Gliwicach<\/span>"},"content":{"rendered":"<h2>Zakochane Gliwice zachwyc\u0105 \u2013 to pewne! Jak co roku zapraszamy Was na walentynkowy spacer \u2013 atrakcji pod znakiem czerwonego serca nie zabraknie. Gliwice to przecie\u017c miasto, kt\u00f3re si\u0119 kocha!<\/h2>\n<p>&nbsp;<br \/>\nWalentynkowy spacer warto zacz\u0105\u0107 od\u00a0<strong>Rynku<\/strong>. W\u0142a\u015bnie tam najmocniej zabije serce miasta! Od 12 do 14 lutego w godz. od 17.00 do 23.00 Ratusz b\u0119dzie prezentowa\u0142 si\u0119 i\u015bcie \u015bwi\u0105tecznie! Walentynkowy klimat podkre\u015bl\u0105 \u2013 rzecz jasna \u2013 rozgrzane do czerwono\u015bci serca i r\u00f3wnie gor\u0105ca atmosfera, a mi\u0142osnej scenerii do zdj\u0119\u0107 nie zabraknie.<\/p>\n<p>Na pierwsze swoje walentynki zaprasza zakochane w kulturze\u00a0<strong>Centrum Kultury Victoria<\/strong>! Ju\u017c w sobot\u0119, 12 lutego, w godz. od 16.00 do 21.00 na p\u0142ycie Rynku pojawi si\u0119 wyj\u0105tkowe fotolustro, kt\u00f3re uwieczni szcz\u0119\u015bliwe pary na wsp\u00f3lnej zakochanej fotografii \u2013 warto zd\u0105\u017cy\u0107, bo to niepowtarzalna okazja, a \u015bwiec\u0105cy napis \u201eLOVE\u201d podkre\u015bli wyj\u0105tkow\u0105 scenografi\u0119 centralnego miejsca naszego miasta. Tego samego wieczoru CKV zaprasza do Stacji Artystycznej Rynek na dwa wyj\u0105tkowe koncerty.<\/p>\n<p>O godz. 18.30 zagraj\u0105 The Branchers, przedstawiciele m\u0142odej polskiej sceny muzycznej, zauwa\u017ceni przez Katarzyn\u0119 Nosowsk\u0105. Dla gliwiczan arty\u015bci wykonaj\u0105 utwory z nadchodz\u0105cej debiutanckiej p\u0142yty. O godz. 20.00 w klimat jazzowej magii i swingowego luzu zakochane Gliwice wprowadzi zesp\u00f3\u0142 Something Sweet Quartet, kt\u00f3ry w nietuzinkowych i nowoczesnych aran\u017cacjach zaprezentuje ponadczasowe przeboje o mi\u0142o\u015bci, ale nie tylko.<\/p>\n<p>Na oba koncerty liczba miejsc jest ograniczona i obowi\u0105zuj\u0105 bezp\u0142atne wej\u015bci\u00f3wki dost\u0119pne w\u00a0<strong>Stacji Artystycznej Rynek\u00a0<\/strong>oraz do pobrania online na\u00a0<a href=\"http:\/\/ckv-thebranchers.konfeo.com\/pl\/groups\" target=\"_blank\" rel=\"noopener\">ckv-thebranchers.konfeo.com\/pl\/groups<\/a>\u00a0(The Branchers) i\u00a0<a href=\"http:\/\/ckv-ssq.konfeo.com\/pl\/groups\" target=\"_blank\" rel=\"noopener\">ckv-ssq.konfeo.com\/pl\/groups<\/a>\u00a0(Something Sweet Quarter). Na wszystkich zakochanych uczestnik\u00f3w czeka\u0107 b\u0119d\u0105 s\u0142odkie niespodzianki jako nieod\u0142\u0105czny element udanego Dnia Zakochanych. Organizatorzy przekonuj\u0105, \u017ce je\u015bli pozwolicie sobie na odrobin\u0119 walentynkowej magii i b\u0119dziecie #blisko kultury, sp\u0119dzicie niezwykle udany wiecz\u00f3r!<\/p>\n<div id=\"attachment_186312\" style=\"width: 890px\" class=\"wp-caption aligncenter\"><img loading=\"lazy\" decoding=\"async\" aria-describedby=\"caption-attachment-186312\" src=\"https:\/\/www.24gliwice.pl\/wiadomosci\/wp-content\/uploads\/2022\/02\/walentynki2_b.jpg\" alt=\"\" width=\"880\" height=\"563\" class=\"size-full wp-image-186312\" srcset=\"https:\/\/www.24gliwice.pl\/wiadomosci\/wp-content\/uploads\/2022\/02\/walentynki2_b.jpg 880w, https:\/\/www.24gliwice.pl\/wiadomosci\/wp-content\/uploads\/2022\/02\/walentynki2_b-363x232.jpg 363w, https:\/\/www.24gliwice.pl\/wiadomosci\/wp-content\/uploads\/2022\/02\/walentynki2_b-711x455.jpg 711w, https:\/\/www.24gliwice.pl\/wiadomosci\/wp-content\/uploads\/2022\/02\/walentynki2_b-768x491.jpg 768w, https:\/\/www.24gliwice.pl\/wiadomosci\/wp-content\/uploads\/2022\/02\/walentynki2_b-810x518.jpg 810w\" sizes=\"auto, (max-width: 880px) 100vw, 880px\" \/><p id=\"caption-attachment-186312\" class=\"wp-caption-text\">Fot. archiwum UM Gliwice<\/p><\/div>\n<p>Oczywi\u015bcie podczas koncert\u00f3w wymagane b\u0119dzie zachowanie wszystkich niezb\u0119dnych \u015brodk\u00f3w ostro\u017cno\u015bci: z\u0142o\u017cenie pisemnego o\u015bwiadczenia, obowi\u0105zkowe zas\u0142oni\u0119cie ust i nosa oraz dezynfekcja r\u0105k.<\/p>\n<p>Zagl\u0105dnijcie te\u017c do\u00a0<strong>ta\u0144cz\u0105cych faun\u00f3w przy Urz\u0119dzie Miejskim<\/strong>. Podejrzewamy, \u017ce te\u017c s\u0105 zakochane \u2013 z wzajemno\u015bci\u0105! Uczniowie Szko\u0142y Podstawowej nr 6 skutecznie o to zadbali.<\/p>\n<p>Zakochana fotka na\u00a0<strong>skwerze Doncaster<\/strong>, pi\u0119knie przystrojonym w walentynkowy klimat, to ju\u017c niemal tradycja, podobnie zreszt\u0105 jak na mostku zakochanych \u2013 tam dodatkowo mo\u017cecie przypiecz\u0119towa\u0107 Wasz\u0105 mi\u0142o\u015b\u0107, zawieszaj\u0105c k\u0142\u00f3dk\u0119, kt\u00f3ra pono\u0107 ju\u017c na zawsze wi\u0105\u017ce serca zakochanym.<\/p>\n<p>Na walentynkowe \u015bwi\u0119to przygotowuje si\u0119 tak\u017ce\u00a0<strong>Palmiarnia Miejska<\/strong>. Gor\u0105ce uczucia w tropikach? \u2013 to jest to! Ma\u0142o znana legenda m\u00f3wi, \u017ce kto w Dzie\u0144 \u015awi\u0119tego Walentego odwiedzi gliwickie tropiki, zagwarantuje sobie sta\u0142o\u015b\u0107 gor\u0105cych uczu\u0107 na co najmniej najbli\u017cszy rok. Ju\u017c od soboty, 12 lutego, w Palmiarni czeka\u0107 b\u0119d\u0105 na Was weso\u0142e standy gotowe do wsp\u00f3lnych zdj\u0119\u0107.<\/p>\n<p><strong>To jak? Umawiajcie si\u0119 na zakochany spacer po Gliwicach!\u00a0<\/strong>(UM)<\/p>\n<hr \/>\n<p><small>publikacja na zlecenie Urz\u0119du Miejskiego w Gliwicach<\/small><\/p>\n","protected":false},"excerpt":{"rendered":"<p>Zakochane Gliwice zachwyc\u0105 \u2013 to pewne! Jak co roku zapraszamy Was na walentynkowy spacer \u2013 atrakcji pod znakiem czerwonego serca nie zabraknie. Gliwice to przecie\u017c miasto, kt\u00f3re si\u0119 kocha! &nbsp; Walentynkowy spacer warto zacz\u0105\u0107 od\u00a0Rynku. W\u0142a\u015bnie tam najmocniej zabije serce miasta! Od 12 do 14 lutego w godz. od 17.00 do 23.00 Ratusz b\u0119dzie prezentowa\u0142 [&hellip;]<\/p>\n","protected":false},"author":4,"featured_media":186311,"comment_status":"closed","ping_status":"closed","sticky":false,"template":"","format":"standard","meta":{"_monsterinsights_skip_tracking":false,"_monsterinsights_sitenote_active":false,"_monsterinsights_sitenote_note":"","_monsterinsights_sitenote_category":0,"footnotes":"","_links_to":"","_links_to_target":""},"categories":[3,6,1],"tags":[19236],"class_list":["post-186308","post","type-post","status-publish","format-standard","has-post-thumbnail","hentry","category-gliwice","category-kultura","category-wszystko","tag-zakochane-gliwice"],"yoast_head":"<!-- This site is optimized with the Yoast SEO plugin v27.4 - https:\/\/yoast.com\/product\/yoast-seo-wordpress\/ -->\n<title>Zakochaj si\u0119 w Gliwicach - 24GLIWICE - Portal Gliwice | codziennie nowe informacje<\/title>\n<meta name=\"robots\" content=\"index, follow, max-snippet:-1, max-image-preview:large, max-video-preview:-1\" \/>\n<link rel=\"canonical\" href=\"https:\/\/www.24gliwice.pl\/wiadomosci\/walentynki-w-gliwicach\/\" \/>\n<meta property=\"og:locale\" content=\"pl_PL\" \/>\n<meta property=\"og:type\" content=\"article\" \/>\n<meta property=\"og:title\" content=\"Zakochaj si\u0119 w Gliwicach - 24GLIWICE - Portal Gliwice | codziennie nowe informacje\" \/>\n<meta property=\"og:description\" content=\"Zakochane Gliwice zachwyc\u0105 \u2013 to pewne! Jak co roku zapraszamy Was na walentynkowy spacer \u2013 atrakcji pod znakiem czerwonego serca nie zabraknie. Gliwice to przecie\u017c miasto, kt\u00f3re si\u0119 kocha! &nbsp; Walentynkowy spacer warto zacz\u0105\u0107 od\u00a0Rynku. W\u0142a\u015bnie tam najmocniej zabije serce miasta! Od 12 do 14 lutego w godz. od 17.00 do 23.00 Ratusz b\u0119dzie prezentowa\u0142 [&hellip;]\" \/>\n<meta property=\"og:url\" content=\"https:\/\/www.24gliwice.pl\/wiadomosci\/walentynki-w-gliwicach\/\" \/>\n<meta property=\"og:site_name\" content=\"24GLIWICE - Portal Gliwice | codziennie nowe informacje\" \/>\n<meta property=\"article:publisher\" content=\"https:\/\/www.facebook.com\/24gliwice\" \/>\n<meta property=\"article:author\" content=\"https:\/\/www.facebook.com\/marcin.fabrykowski\" \/>\n<meta property=\"article:published_time\" content=\"2022-02-10T16:24:50+00:00\" \/>\n<meta property=\"article:modified_time\" content=\"2022-02-11T00:53:54+00:00\" \/>\n<meta property=\"og:image\" content=\"https:\/\/www.24gliwice.pl\/wiadomosci\/wp-content\/uploads\/2022\/02\/Walentynki_WWW.jpg\" \/>\n\t<meta property=\"og:image:width\" content=\"901\" \/>\n\t<meta property=\"og:image:height\" content=\"576\" \/>\n\t<meta property=\"og:image:type\" content=\"image\/jpeg\" \/>\n<meta name=\"author\" content=\"Marcin Fabrykowski\" \/>\n<meta name=\"twitter:card\" content=\"summary_large_image\" \/>\n<meta name=\"twitter:creator\" content=\"@24gliwice\" \/>\n<meta name=\"twitter:site\" content=\"@24gliwice\" \/>\n<meta name=\"twitter:label1\" content=\"Napisane przez\" \/>\n\t<meta name=\"twitter:data1\" content=\"Marcin Fabrykowski\" \/>\n\t<meta name=\"twitter:label2\" content=\"Szacowany czas czytania\" \/>\n\t<meta name=\"twitter:data2\" content=\"3 minuty\" \/>\n<script type=\"application\/ld+json\" class=\"yoast-schema-graph\">{\"@context\":\"https:\\\/\\\/schema.org\",\"@graph\":[{\"@type\":\"Article\",\"@id\":\"https:\\\/\\\/www.24gliwice.pl\\\/wiadomosci\\\/walentynki-w-gliwicach\\\/#article\",\"isPartOf\":{\"@id\":\"https:\\\/\\\/www.24gliwice.pl\\\/wiadomosci\\\/walentynki-w-gliwicach\\\/\"},\"author\":{\"name\":\"Marcin Fabrykowski\",\"@id\":\"https:\\\/\\\/www.24gliwice.pl\\\/wiadomosci\\\/#\\\/schema\\\/person\\\/cb5857e4a4d048c15984c1edcc8ef0c0\"},\"headline\":\"Zakochaj si\u0119 w Gliwicach\",\"datePublished\":\"2022-02-10T16:24:50+00:00\",\"dateModified\":\"2022-02-11T00:53:54+00:00\",\"mainEntityOfPage\":{\"@id\":\"https:\\\/\\\/www.24gliwice.pl\\\/wiadomosci\\\/walentynki-w-gliwicach\\\/\"},\"wordCount\":510,\"publisher\":{\"@id\":\"https:\\\/\\\/www.24gliwice.pl\\\/wiadomosci\\\/#organization\"},\"image\":{\"@id\":\"https:\\\/\\\/www.24gliwice.pl\\\/wiadomosci\\\/walentynki-w-gliwicach\\\/#primaryimage\"},\"thumbnailUrl\":\"https:\\\/\\\/www.24gliwice.pl\\\/wiadomosci\\\/wp-content\\\/uploads\\\/2022\\\/02\\\/Walentynki_WWW.jpg\",\"keywords\":[\"zakochane gliwice\"],\"articleSection\":[\"Gliwice\",\"Kultura, wydarzenia, imprezy\",\"Najnowsze wiadomo\u015bci\"],\"inLanguage\":\"pl-PL\"},{\"@type\":\"WebPage\",\"@id\":\"https:\\\/\\\/www.24gliwice.pl\\\/wiadomosci\\\/walentynki-w-gliwicach\\\/\",\"url\":\"https:\\\/\\\/www.24gliwice.pl\\\/wiadomosci\\\/walentynki-w-gliwicach\\\/\",\"name\":\"Zakochaj si\u0119 w Gliwicach - 24GLIWICE - Portal Gliwice | codziennie nowe informacje\",\"isPartOf\":{\"@id\":\"https:\\\/\\\/www.24gliwice.pl\\\/wiadomosci\\\/#website\"},\"primaryImageOfPage\":{\"@id\":\"https:\\\/\\\/www.24gliwice.pl\\\/wiadomosci\\\/walentynki-w-gliwicach\\\/#primaryimage\"},\"image\":{\"@id\":\"https:\\\/\\\/www.24gliwice.pl\\\/wiadomosci\\\/walentynki-w-gliwicach\\\/#primaryimage\"},\"thumbnailUrl\":\"https:\\\/\\\/www.24gliwice.pl\\\/wiadomosci\\\/wp-content\\\/uploads\\\/2022\\\/02\\\/Walentynki_WWW.jpg\",\"datePublished\":\"2022-02-10T16:24:50+00:00\",\"dateModified\":\"2022-02-11T00:53:54+00:00\",\"breadcrumb\":{\"@id\":\"https:\\\/\\\/www.24gliwice.pl\\\/wiadomosci\\\/walentynki-w-gliwicach\\\/#breadcrumb\"},\"inLanguage\":\"pl-PL\",\"potentialAction\":[{\"@type\":\"ReadAction\",\"target\":[\"https:\\\/\\\/www.24gliwice.pl\\\/wiadomosci\\\/walentynki-w-gliwicach\\\/\"]}]},{\"@type\":\"ImageObject\",\"inLanguage\":\"pl-PL\",\"@id\":\"https:\\\/\\\/www.24gliwice.pl\\\/wiadomosci\\\/walentynki-w-gliwicach\\\/#primaryimage\",\"url\":\"https:\\\/\\\/www.24gliwice.pl\\\/wiadomosci\\\/wp-content\\\/uploads\\\/2022\\\/02\\\/Walentynki_WWW.jpg\",\"contentUrl\":\"https:\\\/\\\/www.24gliwice.pl\\\/wiadomosci\\\/wp-content\\\/uploads\\\/2022\\\/02\\\/Walentynki_WWW.jpg\",\"width\":901,\"height\":576},{\"@type\":\"BreadcrumbList\",\"@id\":\"https:\\\/\\\/www.24gliwice.pl\\\/wiadomosci\\\/walentynki-w-gliwicach\\\/#breadcrumb\",\"itemListElement\":[{\"@type\":\"ListItem\",\"position\":1,\"name\":\"Strona g\u0142\u00f3wna\",\"item\":\"https:\\\/\\\/www.24gliwice.pl\\\/wiadomosci\\\/\"},{\"@type\":\"ListItem\",\"position\":2,\"name\":\"Zakochaj si\u0119 w Gliwicach\"}]},{\"@type\":\"WebSite\",\"@id\":\"https:\\\/\\\/www.24gliwice.pl\\\/wiadomosci\\\/#website\",\"url\":\"https:\\\/\\\/www.24gliwice.pl\\\/wiadomosci\\\/\",\"name\":\"24GLIWICE - Portal Gliwice | codziennie nowe wiadomo\u015bci\",\"description\":\"Portal Miejski Gliwice\",\"publisher\":{\"@id\":\"https:\\\/\\\/www.24gliwice.pl\\\/wiadomosci\\\/#organization\"},\"potentialAction\":[{\"@type\":\"SearchAction\",\"target\":{\"@type\":\"EntryPoint\",\"urlTemplate\":\"https:\\\/\\\/www.24gliwice.pl\\\/wiadomosci\\\/?s={search_term_string}\"},\"query-input\":{\"@type\":\"PropertyValueSpecification\",\"valueRequired\":true,\"valueName\":\"search_term_string\"}}],\"inLanguage\":\"pl-PL\"},{\"@type\":\"Organization\",\"@id\":\"https:\\\/\\\/www.24gliwice.pl\\\/wiadomosci\\\/#organization\",\"name\":\"24gliwice\",\"url\":\"https:\\\/\\\/www.24gliwice.pl\\\/wiadomosci\\\/\",\"logo\":{\"@type\":\"ImageObject\",\"inLanguage\":\"pl-PL\",\"@id\":\"https:\\\/\\\/www.24gliwice.pl\\\/wiadomosci\\\/#\\\/schema\\\/logo\\\/image\\\/\",\"url\":\"https:\\\/\\\/www.24gliwice.pl\\\/wiadomosci\\\/wp-content\\\/uploads\\\/2024\\\/10\\\/24gliwice-logo-696.jpg\",\"contentUrl\":\"https:\\\/\\\/www.24gliwice.pl\\\/wiadomosci\\\/wp-content\\\/uploads\\\/2024\\\/10\\\/24gliwice-logo-696.jpg\",\"width\":696,\"height\":696,\"caption\":\"24gliwice\"},\"image\":{\"@id\":\"https:\\\/\\\/www.24gliwice.pl\\\/wiadomosci\\\/#\\\/schema\\\/logo\\\/image\\\/\"},\"sameAs\":[\"https:\\\/\\\/www.facebook.com\\\/24gliwice\",\"https:\\\/\\\/x.com\\\/24gliwice\",\"https:\\\/\\\/www.youtube.com\\\/@24gliwice\"]},{\"@type\":\"Person\",\"@id\":\"https:\\\/\\\/www.24gliwice.pl\\\/wiadomosci\\\/#\\\/schema\\\/person\\\/cb5857e4a4d048c15984c1edcc8ef0c0\",\"name\":\"Marcin Fabrykowski\",\"image\":{\"@type\":\"ImageObject\",\"inLanguage\":\"pl-PL\",\"@id\":\"https:\\\/\\\/www.24gliwice.pl\\\/wiadomosci\\\/wp-content\\\/uploads\\\/2025\\\/11\\\/zdjecie-moje-marcin-300-96x96.jpg\",\"url\":\"https:\\\/\\\/www.24gliwice.pl\\\/wiadomosci\\\/wp-content\\\/uploads\\\/2025\\\/11\\\/zdjecie-moje-marcin-300-96x96.jpg\",\"contentUrl\":\"https:\\\/\\\/www.24gliwice.pl\\\/wiadomosci\\\/wp-content\\\/uploads\\\/2025\\\/11\\\/zdjecie-moje-marcin-300-96x96.jpg\",\"caption\":\"Marcin Fabrykowski\"},\"sameAs\":[\"http:\\\/\\\/24gliwice.pl\",\"https:\\\/\\\/www.facebook.com\\\/marcin.fabrykowski\"],\"url\":\"https:\\\/\\\/www.24gliwice.pl\\\/wiadomosci\\\/author\\\/marcin-fabrykowski\\\/\"}]}<\/script>\n<!-- \/ Yoast SEO plugin. -->","yoast_head_json":{"title":"Zakochaj si\u0119 w Gliwicach - 24GLIWICE - Portal Gliwice | codziennie nowe informacje","robots":{"index":"index","follow":"follow","max-snippet":"max-snippet:-1","max-image-preview":"max-image-preview:large","max-video-preview":"max-video-preview:-1"},"canonical":"https:\/\/www.24gliwice.pl\/wiadomosci\/walentynki-w-gliwicach\/","og_locale":"pl_PL","og_type":"article","og_title":"Zakochaj si\u0119 w Gliwicach - 24GLIWICE - Portal Gliwice | codziennie nowe informacje","og_description":"Zakochane Gliwice zachwyc\u0105 \u2013 to pewne! Jak co roku zapraszamy Was na walentynkowy spacer \u2013 atrakcji pod znakiem czerwonego serca nie zabraknie. Gliwice to przecie\u017c miasto, kt\u00f3re si\u0119 kocha! &nbsp; Walentynkowy spacer warto zacz\u0105\u0107 od\u00a0Rynku. W\u0142a\u015bnie tam najmocniej zabije serce miasta! Od 12 do 14 lutego w godz. od 17.00 do 23.00 Ratusz b\u0119dzie prezentowa\u0142 [&hellip;]","og_url":"https:\/\/www.24gliwice.pl\/wiadomosci\/walentynki-w-gliwicach\/","og_site_name":"24GLIWICE - Portal Gliwice | codziennie nowe informacje","article_publisher":"https:\/\/www.facebook.com\/24gliwice","article_author":"https:\/\/www.facebook.com\/marcin.fabrykowski","article_published_time":"2022-02-10T16:24:50+00:00","article_modified_time":"2022-02-11T00:53:54+00:00","og_image":[{"width":901,"height":576,"url":"https:\/\/www.24gliwice.pl\/wiadomosci\/wp-content\/uploads\/2022\/02\/Walentynki_WWW.jpg","type":"image\/jpeg"}],"author":"Marcin Fabrykowski","twitter_card":"summary_large_image","twitter_creator":"@24gliwice","twitter_site":"@24gliwice","twitter_misc":{"Napisane przez":"Marcin Fabrykowski","Szacowany czas czytania":"3 minuty"},"schema":{"@context":"https:\/\/schema.org","@graph":[{"@type":"Article","@id":"https:\/\/www.24gliwice.pl\/wiadomosci\/walentynki-w-gliwicach\/#article","isPartOf":{"@id":"https:\/\/www.24gliwice.pl\/wiadomosci\/walentynki-w-gliwicach\/"},"author":{"name":"Marcin Fabrykowski","@id":"https:\/\/www.24gliwice.pl\/wiadomosci\/#\/schema\/person\/cb5857e4a4d048c15984c1edcc8ef0c0"},"headline":"Zakochaj si\u0119 w Gliwicach","datePublished":"2022-02-10T16:24:50+00:00","dateModified":"2022-02-11T00:53:54+00:00","mainEntityOfPage":{"@id":"https:\/\/www.24gliwice.pl\/wiadomosci\/walentynki-w-gliwicach\/"},"wordCount":510,"publisher":{"@id":"https:\/\/www.24gliwice.pl\/wiadomosci\/#organization"},"image":{"@id":"https:\/\/www.24gliwice.pl\/wiadomosci\/walentynki-w-gliwicach\/#primaryimage"},"thumbnailUrl":"https:\/\/www.24gliwice.pl\/wiadomosci\/wp-content\/uploads\/2022\/02\/Walentynki_WWW.jpg","keywords":["zakochane gliwice"],"articleSection":["Gliwice","Kultura, wydarzenia, imprezy","Najnowsze wiadomo\u015bci"],"inLanguage":"pl-PL"},{"@type":"WebPage","@id":"https:\/\/www.24gliwice.pl\/wiadomosci\/walentynki-w-gliwicach\/","url":"https:\/\/www.24gliwice.pl\/wiadomosci\/walentynki-w-gliwicach\/","name":"Zakochaj si\u0119 w Gliwicach - 24GLIWICE - Portal Gliwice | codziennie nowe informacje","isPartOf":{"@id":"https:\/\/www.24gliwice.pl\/wiadomosci\/#website"},"primaryImageOfPage":{"@id":"https:\/\/www.24gliwice.pl\/wiadomosci\/walentynki-w-gliwicach\/#primaryimage"},"image":{"@id":"https:\/\/www.24gliwice.pl\/wiadomosci\/walentynki-w-gliwicach\/#primaryimage"},"thumbnailUrl":"https:\/\/www.24gliwice.pl\/wiadomosci\/wp-content\/uploads\/2022\/02\/Walentynki_WWW.jpg","datePublished":"2022-02-10T16:24:50+00:00","dateModified":"2022-02-11T00:53:54+00:00","breadcrumb":{"@id":"https:\/\/www.24gliwice.pl\/wiadomosci\/walentynki-w-gliwicach\/#breadcrumb"},"inLanguage":"pl-PL","potentialAction":[{"@type":"ReadAction","target":["https:\/\/www.24gliwice.pl\/wiadomosci\/walentynki-w-gliwicach\/"]}]},{"@type":"ImageObject","inLanguage":"pl-PL","@id":"https:\/\/www.24gliwice.pl\/wiadomosci\/walentynki-w-gliwicach\/#primaryimage","url":"https:\/\/www.24gliwice.pl\/wiadomosci\/wp-content\/uploads\/2022\/02\/Walentynki_WWW.jpg","contentUrl":"https:\/\/www.24gliwice.pl\/wiadomosci\/wp-content\/uploads\/2022\/02\/Walentynki_WWW.jpg","width":901,"height":576},{"@type":"BreadcrumbList","@id":"https:\/\/www.24gliwice.pl\/wiadomosci\/walentynki-w-gliwicach\/#breadcrumb","itemListElement":[{"@type":"ListItem","position":1,"name":"Strona g\u0142\u00f3wna","item":"https:\/\/www.24gliwice.pl\/wiadomosci\/"},{"@type":"ListItem","position":2,"name":"Zakochaj si\u0119 w Gliwicach"}]},{"@type":"WebSite","@id":"https:\/\/www.24gliwice.pl\/wiadomosci\/#website","url":"https:\/\/www.24gliwice.pl\/wiadomosci\/","name":"24GLIWICE - Portal Gliwice | codziennie nowe wiadomo\u015bci","description":"Portal Miejski Gliwice","publisher":{"@id":"https:\/\/www.24gliwice.pl\/wiadomosci\/#organization"},"potentialAction":[{"@type":"SearchAction","target":{"@type":"EntryPoint","urlTemplate":"https:\/\/www.24gliwice.pl\/wiadomosci\/?s={search_term_string}"},"query-input":{"@type":"PropertyValueSpecification","valueRequired":true,"valueName":"search_term_string"}}],"inLanguage":"pl-PL"},{"@type":"Organization","@id":"https:\/\/www.24gliwice.pl\/wiadomosci\/#organization","name":"24gliwice","url":"https:\/\/www.24gliwice.pl\/wiadomosci\/","logo":{"@type":"ImageObject","inLanguage":"pl-PL","@id":"https:\/\/www.24gliwice.pl\/wiadomosci\/#\/schema\/logo\/image\/","url":"https:\/\/www.24gliwice.pl\/wiadomosci\/wp-content\/uploads\/2024\/10\/24gliwice-logo-696.jpg","contentUrl":"https:\/\/www.24gliwice.pl\/wiadomosci\/wp-content\/uploads\/2024\/10\/24gliwice-logo-696.jpg","width":696,"height":696,"caption":"24gliwice"},"image":{"@id":"https:\/\/www.24gliwice.pl\/wiadomosci\/#\/schema\/logo\/image\/"},"sameAs":["https:\/\/www.facebook.com\/24gliwice","https:\/\/x.com\/24gliwice","https:\/\/www.youtube.com\/@24gliwice"]},{"@type":"Person","@id":"https:\/\/www.24gliwice.pl\/wiadomosci\/#\/schema\/person\/cb5857e4a4d048c15984c1edcc8ef0c0","name":"Marcin Fabrykowski","image":{"@type":"ImageObject","inLanguage":"pl-PL","@id":"https:\/\/www.24gliwice.pl\/wiadomosci\/wp-content\/uploads\/2025\/11\/zdjecie-moje-marcin-300-96x96.jpg","url":"https:\/\/www.24gliwice.pl\/wiadomosci\/wp-content\/uploads\/2025\/11\/zdjecie-moje-marcin-300-96x96.jpg","contentUrl":"https:\/\/www.24gliwice.pl\/wiadomosci\/wp-content\/uploads\/2025\/11\/zdjecie-moje-marcin-300-96x96.jpg","caption":"Marcin Fabrykowski"},"sameAs":["http:\/\/24gliwice.pl","https:\/\/www.facebook.com\/marcin.fabrykowski"],"url":"https:\/\/www.24gliwice.pl\/wiadomosci\/author\/marcin-fabrykowski\/"}]}},"_links":{"self":[{"href":"https:\/\/www.24gliwice.pl\/wiadomosci\/wp-json\/wp\/v2\/posts\/186308","targetHints":{"allow":["GET"]}}],"collection":[{"href":"https:\/\/www.24gliwice.pl\/wiadomosci\/wp-json\/wp\/v2\/posts"}],"about":[{"href":"https:\/\/www.24gliwice.pl\/wiadomosci\/wp-json\/wp\/v2\/types\/post"}],"author":[{"embeddable":true,"href":"https:\/\/www.24gliwice.pl\/wiadomosci\/wp-json\/wp\/v2\/users\/4"}],"replies":[{"embeddable":true,"href":"https:\/\/www.24gliwice.pl\/wiadomosci\/wp-json\/wp\/v2\/comments?post=186308"}],"version-history":[{"count":6,"href":"https:\/\/www.24gliwice.pl\/wiadomosci\/wp-json\/wp\/v2\/posts\/186308\/revisions"}],"predecessor-version":[{"id":186318,"href":"https:\/\/www.24gliwice.pl\/wiadomosci\/wp-json\/wp\/v2\/posts\/186308\/revisions\/186318"}],"wp:featuredmedia":[{"embeddable":true,"href":"https:\/\/www.24gliwice.pl\/wiadomosci\/wp-json\/wp\/v2\/media\/186311"}],"wp:attachment":[{"href":"https:\/\/www.24gliwice.pl\/wiadomosci\/wp-json\/wp\/v2\/media?parent=186308"}],"wp:term":[{"taxonomy":"category","embeddable":true,"href":"https:\/\/www.24gliwice.pl\/wiadomosci\/wp-json\/wp\/v2\/categories?post=186308"},{"taxonomy":"post_tag","embeddable":true,"href":"https:\/\/www.24gliwice.pl\/wiadomosci\/wp-json\/wp\/v2\/tags?post=186308"}],"curies":[{"name":"wp","href":"https:\/\/api.w.org\/{rel}","templated":true}]}}