{"id":186385,"date":"2022-02-14T00:50:45","date_gmt":"2022-02-13T23:50:45","guid":{"rendered":"https:\/\/www.24gliwice.pl\/wiadomosci\/?p=186385"},"modified":"2022-02-14T00:52:36","modified_gmt":"2022-02-13T23:52:36","slug":"twarze-ludowego-karnawalu-w-zamku-piastowskim-w-gliwicach","status":"publish","type":"post","link":"https:\/\/www.24gliwice.pl\/wiadomosci\/twarze-ludowego-karnawalu-w-zamku-piastowskim-w-gliwicach\/","title":{"rendered":"&#8220;Twarze ludowego karnawa\u0142u&#8221; w Zamku Piastowskim w Gliwicach. To ca\u0142kiem nowa ekspozycja Muzeum"},"content":{"rendered":"<div class=\"gliwi-a6-nad-leadem-artykulow gliwi-entity-placement\" id=\"gliwi-1911580060\"><div class=\"gliwi-adlabel\"><span style=\"font-size: 9px\">REKLAMA<\/span><\/div><div id=\"gliwi-2876170005\" style=\"margin-bottom: 30px;margin-left: auto;margin-right: auto;text-align: center;\"><a data-no-instant=\"1\" href=\"https:\/\/przedszkole.halogen.org.pl\/\" rel=\"noopener\" class=\"a2t-link\" target=\"_blank\" aria-label=\"20260402-ANIMATOR-przedszkole_grafika_750x200\"><img loading=\"lazy\" decoding=\"async\" src=\"https:\/\/www.24gliwice.pl\/wiadomosci\/wp-content\/uploads\/2026\/04\/20260402-ANIMATOR-przedszkole_grafika_750x200.webp\" alt=\"\"  srcset=\"https:\/\/www.24gliwice.pl\/wiadomosci\/wp-content\/uploads\/2026\/04\/20260402-ANIMATOR-przedszkole_grafika_750x200.webp 750w, https:\/\/www.24gliwice.pl\/wiadomosci\/wp-content\/uploads\/2026\/04\/20260402-ANIMATOR-przedszkole_grafika_750x200-410x109.webp 410w\" sizes=\"(max-width: 750px) 100vw, 750px\" class=\"no-lazyload\" width=\"750\" height=\"200\"  style=\"display: inline-block; max-width: 100%; height: auto;\" \/><\/a><\/div><\/div><h2>Go\u015bcie odwiedzaj\u0105cy Zamek Piastowski maj\u0105 okazj\u0119 zobaczy\u0107 zmieniony fragment ekspozycji etnograficznej, przeznaczony od teraz na wystawy czasowe. W zwi\u0105zku z trwaj\u0105cym karnawa\u0142em, w pierwszej kolejno\u015bci przygotowano wystaw\u0119 \u201eTwarze ludowego karnawa\u0142u\u201d.<\/h2>\n<p>&nbsp;<br \/>\nZapusty (zwane te\u017c ostatkami), a wi\u0119c ostatnie dni karnawa\u0142u, by\u0142y istotnym momentem w obrz\u0119dowo\u015bci dorocznej na G\u00f3rnym \u015al\u0105sku. Chocia\u017c detale \u015bwi\u0119towania oraz gwarowe nazewnictwo r\u00f3\u017cni\u0142o si\u0119 w zale\u017cno\u015bci od terenu, znaczenie symboliczne by\u0142o jednakowe. Podobnie &#8211; kluczowa rola kolorowych pochod\u00f3w, przechodz\u0105cych ulicami wsi, odwiedzaj\u0105cych gospodarstwa.<\/p>\n<h4>Uczestnicy korowod\u00f3w \u2013 nazywani dziadami czy ostatkorzami \u2013 chodzili od domu do domu, ha\u0142asuj\u0105c, \u015bpiewaj\u0105c, ta\u0144cz\u0105c i p\u0142ataj\u0105c nieszkodliwe psikusy domownikom, np. smaruj\u0105c ich sadz\u0105.<\/h4>\n<p>G\u0142o\u015bne i chaotyczne zachowanie mia\u0142o przynosi\u0107 szcz\u0119\u015bcie i odstrasza\u0107 od gospodarstw z\u0142e moce, kt\u00f3re wed\u0142ug tradycyjnych wierze\u0144 czyha\u0142y na ludzi w okresie karnawa\u0142owym. Mia\u0142o r\u00f3wnie\u017c wspomaga\u0107 odradzanie si\u0119 przyrody do \u017cycia po zimie. Aby pozby\u0107 si\u0119 z domu ha\u0142a\u015bliwych go\u015bci, gospodarze musieli ich czym\u015b obdarowa\u0107.<\/p><div class=\"gliwi-a3-w-tresci-artykulow gliwi-entity-placement\" id=\"gliwi-1043345323\"><div class=\"gliwi-adlabel\"><span style=\"font-size: 9px\">REKLAMA<\/span><\/div><div id=\"gliwi-3951245530\" style=\"margin-bottom: 30px;margin-left: auto;margin-right: auto;text-align: center;\"><a data-no-instant=\"1\" href=\"https:\/\/zlobek.halogen.org.pl\/\" rel=\"noopener\" class=\"a2t-link\" target=\"_blank\" aria-label=\"animator-zlobek_750x200\"><img loading=\"lazy\" decoding=\"async\" src=\"https:\/\/www.24gliwice.pl\/wiadomosci\/wp-content\/uploads\/2026\/02\/animator-zlobek_750x200.webp\" alt=\"\"  srcset=\"https:\/\/www.24gliwice.pl\/wiadomosci\/wp-content\/uploads\/2026\/02\/animator-zlobek_750x200.webp 750w, https:\/\/www.24gliwice.pl\/wiadomosci\/wp-content\/uploads\/2026\/02\/animator-zlobek_750x200-410x109.webp 410w\" sizes=\"(max-width: 750px) 100vw, 750px\" class=\"no-lazyload\" width=\"750\" height=\"200\"  style=\"display: inline-block; max-width: 100%; height: auto;\" \/><\/a><\/div><\/div>\n<p><a href=\"https:\/\/www.24gliwice.pl\/wiadomosci\/wp-content\/uploads\/2022\/02\/Twarze-Maska_DiabAa_J._KrAAelok_ze_zbiorAw_Muzeum_w_Gliwicach.jpg\"><img loading=\"lazy\" decoding=\"async\" class=\"alignnone wp-image-186390\" src=\"https:\/\/www.24gliwice.pl\/wiadomosci\/wp-content\/uploads\/2022\/02\/Twarze-Maska_DiabAa_J._KrAAelok_ze_zbiorAw_Muzeum_w_Gliwicach.jpg\" alt=\"\" width=\"1250\" height=\"1898\" srcset=\"https:\/\/www.24gliwice.pl\/wiadomosci\/wp-content\/uploads\/2022\/02\/Twarze-Maska_DiabAa_J._KrAAelok_ze_zbiorAw_Muzeum_w_Gliwicach.jpg 533w, https:\/\/www.24gliwice.pl\/wiadomosci\/wp-content\/uploads\/2022\/02\/Twarze-Maska_DiabAa_J._KrAAelok_ze_zbiorAw_Muzeum_w_Gliwicach-153x232.jpg 153w, https:\/\/www.24gliwice.pl\/wiadomosci\/wp-content\/uploads\/2022\/02\/Twarze-Maska_DiabAa_J._KrAAelok_ze_zbiorAw_Muzeum_w_Gliwicach-299x455.jpg 299w\" sizes=\"auto, (max-width: 1250px) 100vw, 1250px\" \/><\/a><\/p>\n<p>Na terenach dzisiejszego wojew\u00f3dztwa \u015bl\u0105skiego czy opolskiego popularne w ramach tradycji zapustnych by\u0142o tzw. wodzenie nied\u017awiedzia, okre\u015blane gwarowo r\u00f3wnie\u017c kludzeniem bera. Tradycja o podobnej symbolice co odwiedziny dziad\u00f3w, koncentrowa\u0142a si\u0119 na postaci obwinianego o wszelkie nieszcz\u0119\u015bcia Nied\u017awiedzia, kt\u00f3ry na koniec obchodu jest s\u0105dzony. Spalenie jego s\u0142omianego kostiumu jest zwykle kulminacj\u0105 i jednoczesnym pocz\u0105tkiem zabawy ostatkowej.<\/p>\n<h4>Wystawa na Zamku Piastowskim po\u015bwi\u0119cona jest w g\u0142\u00f3wnej mierze tzw. maskom zapustnym \u2013 wa\u017cnym elementom stroju uczestnik\u00f3w korowod\u00f3w ostatkowych.<\/h4>\n<p>Przebiera\u0144cy nosili kostiumy maj\u0105ce symbolizowa\u0107 tzw. Innego, posiadaj\u0105cego nadnaturalne moce; st\u0105d pojawia\u0142y si\u0119 postaci zar\u00f3wno \u015amierci czy Diab\u0142a, jak i mniej symboliczne, ale stereotypowo \u201eobce\u201d w spo\u0142eczno\u015bci wiejskiej, jak np. \u017byd, Cyganka, Ksi\u0105dz czy\u2026 Kominiarz. Wsp\u00f3\u0142cze\u015bnie kontrowersyjne, karykaturalne w swoich sposobach przedstawienia odmienno\u015bci, w tym etnicznych czy religijnych, by\u0142y wyrazem tradycyjnego, dychotomicznego postrzegania \u015bwiata, kt\u00f3re wy\u0142ania si\u0119 z interpretacji samego zwyczaju.<\/p>\n<p><a href=\"https:\/\/www.24gliwice.pl\/wiadomosci\/wp-content\/uploads\/2022\/02\/Twarze-Maska_Amierci_J._KrAAelok_ze_zbiorAw_Muzeum_w_Gliwicach.jpg\"><img loading=\"lazy\" decoding=\"async\" class=\"alignnone wp-image-186389\" src=\"https:\/\/www.24gliwice.pl\/wiadomosci\/wp-content\/uploads\/2022\/02\/Twarze-Maska_Amierci_J._KrAAelok_ze_zbiorAw_Muzeum_w_Gliwicach.jpg\" alt=\"\" width=\"1372\" height=\"1755\" srcset=\"https:\/\/www.24gliwice.pl\/wiadomosci\/wp-content\/uploads\/2022\/02\/Twarze-Maska_Amierci_J._KrAAelok_ze_zbiorAw_Muzeum_w_Gliwicach.jpg 633w, https:\/\/www.24gliwice.pl\/wiadomosci\/wp-content\/uploads\/2022\/02\/Twarze-Maska_Amierci_J._KrAAelok_ze_zbiorAw_Muzeum_w_Gliwicach-181x232.jpg 181w, https:\/\/www.24gliwice.pl\/wiadomosci\/wp-content\/uploads\/2022\/02\/Twarze-Maska_Amierci_J._KrAAelok_ze_zbiorAw_Muzeum_w_Gliwicach-356x455.jpg 356w\" sizes=\"auto, (max-width: 1372px) 100vw, 1372px\" \/><\/a><\/p>\n<p>Maski znajduj\u0105ce si\u0119 w kolekcji Muzeum w Gliwicach wykonali dwaj tw\u00f3rcy ludowi z Koniakowa: <strong>Ludwik Kubaszczyk<\/strong> oraz <strong>Jan Kr\u0119\u017celok<\/strong>, kt\u00f3rych kr\u00f3tkie biogramy znale\u017a\u0107 mo\u017cna na ekspozycji, wraz z przyk\u0142adami innych prac ich autorstwa.<\/p>\n<p><a href=\"https:\/\/www.24gliwice.pl\/wiadomosci\/wp-content\/uploads\/2022\/02\/Twarze-Ludwik_Kubaszczyk_w_pracowni_A._Baturo_ze_zbiorAw_Muzeum_w_Gliwicach.jpg\"><img loading=\"lazy\" decoding=\"async\" class=\"alignnone wp-image-186388\" src=\"https:\/\/www.24gliwice.pl\/wiadomosci\/wp-content\/uploads\/2022\/02\/Twarze-Ludwik_Kubaszczyk_w_pracowni_A._Baturo_ze_zbiorAw_Muzeum_w_Gliwicach.jpg\" alt=\"\" width=\"1020\" height=\"1370\" srcset=\"https:\/\/www.24gliwice.pl\/wiadomosci\/wp-content\/uploads\/2022\/02\/Twarze-Ludwik_Kubaszczyk_w_pracowni_A._Baturo_ze_zbiorAw_Muzeum_w_Gliwicach.jpg 603w, https:\/\/www.24gliwice.pl\/wiadomosci\/wp-content\/uploads\/2022\/02\/Twarze-Ludwik_Kubaszczyk_w_pracowni_A._Baturo_ze_zbiorAw_Muzeum_w_Gliwicach-173x232.jpg 173w, https:\/\/www.24gliwice.pl\/wiadomosci\/wp-content\/uploads\/2022\/02\/Twarze-Ludwik_Kubaszczyk_w_pracowni_A._Baturo_ze_zbiorAw_Muzeum_w_Gliwicach-339x455.jpg 339w\" sizes=\"auto, (max-width: 1020px) 100vw, 1020px\" \/><\/a><\/p>\n<p>Wystawa dost\u0119pna jest od 1 lutego, a potrwa do 15 kwietnia br. Zamek Piastowski, ul. Pod Murami 2, 44-100 Gliwice.<\/p>\n<p>(\u017cms)\/MwG<br \/>\nfot. mat. organizatora<\/p>\n<div class=\"gliwi-a5-na-koncu-artykulow gliwi-entity-placement\" id=\"gliwi-3808096580\"><div class=\"gliwi-adlabel\"><span style=\"font-size: 9px\">REKLAMA<\/span><\/div><div id=\"gliwi-3146166672\" style=\"margin-left: auto;margin-right: auto;text-align: center;\"><a data-no-instant=\"1\" href=\"https:\/\/prezeroarenagliwice.pl\/\" rel=\"noopener\" class=\"a2t-link\" target=\"_blank\" aria-label=\"20260309-PREZERO-WIOSNA-D\"><img loading=\"lazy\" decoding=\"async\" src=\"https:\/\/www.24gliwice.pl\/wiadomosci\/wp-content\/uploads\/2026\/03\/20260309-PREZERO-WIOSNA-D.webp\" alt=\"\"  srcset=\"https:\/\/www.24gliwice.pl\/wiadomosci\/wp-content\/uploads\/2026\/03\/20260309-PREZERO-WIOSNA-D.webp 750w, https:\/\/www.24gliwice.pl\/wiadomosci\/wp-content\/uploads\/2026\/03\/20260309-PREZERO-WIOSNA-D-410x109.webp 410w\" sizes=\"(max-width: 750px) 100vw, 750px\" class=\"no-lazyload\" width=\"750\" height=\"200\"  style=\"display: inline-block; max-width: 100%; height: auto;\" \/><\/a><\/div><\/div>","protected":false},"excerpt":{"rendered":"<p>Go\u015bcie odwiedzaj\u0105cy Zamek Piastowski maj\u0105 okazj\u0119 zobaczy\u0107 zmieniony fragment ekspozycji etnograficznej, przeznaczony od teraz na wystawy czasowe. W zwi\u0105zku z trwaj\u0105cym karnawa\u0142em, w pierwszej kolejno\u015bci przygotowano wystaw\u0119 \u201eTwarze ludowego karnawa\u0142u\u201d. &nbsp; Zapusty (zwane te\u017c ostatkami), a wi\u0119c ostatnie dni karnawa\u0142u, by\u0142y istotnym momentem w obrz\u0119dowo\u015bci dorocznej na G\u00f3rnym \u015al\u0105sku. Chocia\u017c detale \u015bwi\u0119towania oraz gwarowe nazewnictwo [&hellip;]<\/p>\n","protected":false},"author":15,"featured_media":186391,"comment_status":"open","ping_status":"closed","sticky":false,"template":"","format":"standard","meta":{"_monsterinsights_skip_tracking":false,"_monsterinsights_sitenote_active":false,"_monsterinsights_sitenote_note":"","_monsterinsights_sitenote_category":0,"footnotes":"","_links_to":"","_links_to_target":""},"categories":[3,6,1],"tags":[5674,1486],"class_list":["post-186385","post","type-post","status-publish","format-standard","has-post-thumbnail","hentry","category-gliwice","category-kultura","category-wszystko","tag-muzeum","tag-zamek-piastowski"],"yoast_head":"<!-- This site is optimized with the Yoast SEO plugin v27.4 - https:\/\/yoast.com\/product\/yoast-seo-wordpress\/ -->\n<title>&quot;Twarze ludowego karnawa\u0142u&quot; w Zamku Piastowskim w Gliwicach. To ca\u0142kiem nowa ekspozycja Muzeum - 24GLIWICE - Portal Gliwice | codziennie nowe informacje<\/title>\n<meta name=\"robots\" content=\"index, follow, max-snippet:-1, max-image-preview:large, max-video-preview:-1\" \/>\n<link rel=\"canonical\" href=\"https:\/\/www.24gliwice.pl\/wiadomosci\/twarze-ludowego-karnawalu-w-zamku-piastowskim-w-gliwicach\/\" \/>\n<meta property=\"og:locale\" content=\"pl_PL\" \/>\n<meta property=\"og:type\" content=\"article\" \/>\n<meta property=\"og:title\" content=\"&quot;Twarze ludowego karnawa\u0142u&quot; w Zamku Piastowskim w Gliwicach. To ca\u0142kiem nowa ekspozycja Muzeum - 24GLIWICE - Portal Gliwice | codziennie nowe informacje\" \/>\n<meta property=\"og:description\" content=\"Go\u015bcie odwiedzaj\u0105cy Zamek Piastowski maj\u0105 okazj\u0119 zobaczy\u0107 zmieniony fragment ekspozycji etnograficznej, przeznaczony od teraz na wystawy czasowe. W zwi\u0105zku z trwaj\u0105cym karnawa\u0142em, w pierwszej kolejno\u015bci przygotowano wystaw\u0119 \u201eTwarze ludowego karnawa\u0142u\u201d. &nbsp; Zapusty (zwane te\u017c ostatkami), a wi\u0119c ostatnie dni karnawa\u0142u, by\u0142y istotnym momentem w obrz\u0119dowo\u015bci dorocznej na G\u00f3rnym \u015al\u0105sku. Chocia\u017c detale \u015bwi\u0119towania oraz gwarowe nazewnictwo [&hellip;]\" \/>\n<meta property=\"og:url\" content=\"https:\/\/www.24gliwice.pl\/wiadomosci\/twarze-ludowego-karnawalu-w-zamku-piastowskim-w-gliwicach\/\" \/>\n<meta property=\"og:site_name\" content=\"24GLIWICE - Portal Gliwice | codziennie nowe informacje\" \/>\n<meta property=\"article:publisher\" content=\"https:\/\/www.facebook.com\/24gliwice\" \/>\n<meta property=\"article:published_time\" content=\"2022-02-13T23:50:45+00:00\" \/>\n<meta property=\"article:modified_time\" content=\"2022-02-13T23:52:36+00:00\" \/>\n<meta property=\"og:image\" content=\"https:\/\/www.24gliwice.pl\/wiadomosci\/wp-content\/uploads\/2022\/02\/Twarze-1920-1080.jpg\" \/>\n\t<meta property=\"og:image:width\" content=\"810\" \/>\n\t<meta property=\"og:image:height\" content=\"458\" \/>\n\t<meta property=\"og:image:type\" content=\"image\/jpeg\" \/>\n<meta name=\"author\" content=\"\u017baneta Mrozek-Siewierska\" \/>\n<meta name=\"twitter:card\" content=\"summary_large_image\" \/>\n<meta name=\"twitter:creator\" content=\"@24gliwice\" \/>\n<meta name=\"twitter:site\" content=\"@24gliwice\" \/>\n<meta name=\"twitter:label1\" content=\"Napisane przez\" \/>\n\t<meta name=\"twitter:data1\" content=\"\u017baneta Mrozek-Siewierska\" \/>\n\t<meta name=\"twitter:label2\" content=\"Szacowany czas czytania\" \/>\n\t<meta name=\"twitter:data2\" content=\"2 minuty\" \/>\n<script type=\"application\/ld+json\" class=\"yoast-schema-graph\">{\"@context\":\"https:\\\/\\\/schema.org\",\"@graph\":[{\"@type\":\"Article\",\"@id\":\"https:\\\/\\\/www.24gliwice.pl\\\/wiadomosci\\\/twarze-ludowego-karnawalu-w-zamku-piastowskim-w-gliwicach\\\/#article\",\"isPartOf\":{\"@id\":\"https:\\\/\\\/www.24gliwice.pl\\\/wiadomosci\\\/twarze-ludowego-karnawalu-w-zamku-piastowskim-w-gliwicach\\\/\"},\"author\":{\"name\":\"\u017baneta Mrozek-Siewierska\",\"@id\":\"https:\\\/\\\/www.24gliwice.pl\\\/wiadomosci\\\/#\\\/schema\\\/person\\\/e42c650edd7f2fa332be3811fb166b6e\"},\"headline\":\"&#8220;Twarze ludowego karnawa\u0142u&#8221; w Zamku Piastowskim w Gliwicach. To ca\u0142kiem nowa ekspozycja Muzeum\",\"datePublished\":\"2022-02-13T23:50:45+00:00\",\"dateModified\":\"2022-02-13T23:52:36+00:00\",\"mainEntityOfPage\":{\"@id\":\"https:\\\/\\\/www.24gliwice.pl\\\/wiadomosci\\\/twarze-ludowego-karnawalu-w-zamku-piastowskim-w-gliwicach\\\/\"},\"wordCount\":438,\"commentCount\":0,\"publisher\":{\"@id\":\"https:\\\/\\\/www.24gliwice.pl\\\/wiadomosci\\\/#organization\"},\"image\":{\"@id\":\"https:\\\/\\\/www.24gliwice.pl\\\/wiadomosci\\\/twarze-ludowego-karnawalu-w-zamku-piastowskim-w-gliwicach\\\/#primaryimage\"},\"thumbnailUrl\":\"https:\\\/\\\/www.24gliwice.pl\\\/wiadomosci\\\/wp-content\\\/uploads\\\/2022\\\/02\\\/Twarze-1920-1080.jpg\",\"keywords\":[\"MUZEUM\",\"ZAMEK PIASTOWSKI\"],\"articleSection\":[\"Gliwice\",\"Kultura, wydarzenia, imprezy\",\"Najnowsze wiadomo\u015bci\"],\"inLanguage\":\"pl-PL\",\"potentialAction\":[{\"@type\":\"CommentAction\",\"name\":\"Comment\",\"target\":[\"https:\\\/\\\/www.24gliwice.pl\\\/wiadomosci\\\/twarze-ludowego-karnawalu-w-zamku-piastowskim-w-gliwicach\\\/#respond\"]}]},{\"@type\":\"WebPage\",\"@id\":\"https:\\\/\\\/www.24gliwice.pl\\\/wiadomosci\\\/twarze-ludowego-karnawalu-w-zamku-piastowskim-w-gliwicach\\\/\",\"url\":\"https:\\\/\\\/www.24gliwice.pl\\\/wiadomosci\\\/twarze-ludowego-karnawalu-w-zamku-piastowskim-w-gliwicach\\\/\",\"name\":\"\\\"Twarze ludowego karnawa\u0142u\\\" w Zamku Piastowskim w Gliwicach. To ca\u0142kiem nowa ekspozycja Muzeum - 24GLIWICE - Portal Gliwice | codziennie nowe informacje\",\"isPartOf\":{\"@id\":\"https:\\\/\\\/www.24gliwice.pl\\\/wiadomosci\\\/#website\"},\"primaryImageOfPage\":{\"@id\":\"https:\\\/\\\/www.24gliwice.pl\\\/wiadomosci\\\/twarze-ludowego-karnawalu-w-zamku-piastowskim-w-gliwicach\\\/#primaryimage\"},\"image\":{\"@id\":\"https:\\\/\\\/www.24gliwice.pl\\\/wiadomosci\\\/twarze-ludowego-karnawalu-w-zamku-piastowskim-w-gliwicach\\\/#primaryimage\"},\"thumbnailUrl\":\"https:\\\/\\\/www.24gliwice.pl\\\/wiadomosci\\\/wp-content\\\/uploads\\\/2022\\\/02\\\/Twarze-1920-1080.jpg\",\"datePublished\":\"2022-02-13T23:50:45+00:00\",\"dateModified\":\"2022-02-13T23:52:36+00:00\",\"breadcrumb\":{\"@id\":\"https:\\\/\\\/www.24gliwice.pl\\\/wiadomosci\\\/twarze-ludowego-karnawalu-w-zamku-piastowskim-w-gliwicach\\\/#breadcrumb\"},\"inLanguage\":\"pl-PL\",\"potentialAction\":[{\"@type\":\"ReadAction\",\"target\":[\"https:\\\/\\\/www.24gliwice.pl\\\/wiadomosci\\\/twarze-ludowego-karnawalu-w-zamku-piastowskim-w-gliwicach\\\/\"]}]},{\"@type\":\"ImageObject\",\"inLanguage\":\"pl-PL\",\"@id\":\"https:\\\/\\\/www.24gliwice.pl\\\/wiadomosci\\\/twarze-ludowego-karnawalu-w-zamku-piastowskim-w-gliwicach\\\/#primaryimage\",\"url\":\"https:\\\/\\\/www.24gliwice.pl\\\/wiadomosci\\\/wp-content\\\/uploads\\\/2022\\\/02\\\/Twarze-1920-1080.jpg\",\"contentUrl\":\"https:\\\/\\\/www.24gliwice.pl\\\/wiadomosci\\\/wp-content\\\/uploads\\\/2022\\\/02\\\/Twarze-1920-1080.jpg\",\"width\":810,\"height\":458},{\"@type\":\"BreadcrumbList\",\"@id\":\"https:\\\/\\\/www.24gliwice.pl\\\/wiadomosci\\\/twarze-ludowego-karnawalu-w-zamku-piastowskim-w-gliwicach\\\/#breadcrumb\",\"itemListElement\":[{\"@type\":\"ListItem\",\"position\":1,\"name\":\"Strona g\u0142\u00f3wna\",\"item\":\"https:\\\/\\\/www.24gliwice.pl\\\/wiadomosci\\\/\"},{\"@type\":\"ListItem\",\"position\":2,\"name\":\"&#8222;Twarze ludowego karnawa\u0142u&#8221; w Zamku Piastowskim w Gliwicach. To ca\u0142kiem nowa ekspozycja Muzeum\"}]},{\"@type\":\"WebSite\",\"@id\":\"https:\\\/\\\/www.24gliwice.pl\\\/wiadomosci\\\/#website\",\"url\":\"https:\\\/\\\/www.24gliwice.pl\\\/wiadomosci\\\/\",\"name\":\"24GLIWICE - Portal Gliwice | codziennie nowe wiadomo\u015bci\",\"description\":\"Portal Miejski Gliwice\",\"publisher\":{\"@id\":\"https:\\\/\\\/www.24gliwice.pl\\\/wiadomosci\\\/#organization\"},\"potentialAction\":[{\"@type\":\"SearchAction\",\"target\":{\"@type\":\"EntryPoint\",\"urlTemplate\":\"https:\\\/\\\/www.24gliwice.pl\\\/wiadomosci\\\/?s={search_term_string}\"},\"query-input\":{\"@type\":\"PropertyValueSpecification\",\"valueRequired\":true,\"valueName\":\"search_term_string\"}}],\"inLanguage\":\"pl-PL\"},{\"@type\":\"Organization\",\"@id\":\"https:\\\/\\\/www.24gliwice.pl\\\/wiadomosci\\\/#organization\",\"name\":\"24gliwice\",\"url\":\"https:\\\/\\\/www.24gliwice.pl\\\/wiadomosci\\\/\",\"logo\":{\"@type\":\"ImageObject\",\"inLanguage\":\"pl-PL\",\"@id\":\"https:\\\/\\\/www.24gliwice.pl\\\/wiadomosci\\\/#\\\/schema\\\/logo\\\/image\\\/\",\"url\":\"https:\\\/\\\/www.24gliwice.pl\\\/wiadomosci\\\/wp-content\\\/uploads\\\/2024\\\/10\\\/24gliwice-logo-696.jpg\",\"contentUrl\":\"https:\\\/\\\/www.24gliwice.pl\\\/wiadomosci\\\/wp-content\\\/uploads\\\/2024\\\/10\\\/24gliwice-logo-696.jpg\",\"width\":696,\"height\":696,\"caption\":\"24gliwice\"},\"image\":{\"@id\":\"https:\\\/\\\/www.24gliwice.pl\\\/wiadomosci\\\/#\\\/schema\\\/logo\\\/image\\\/\"},\"sameAs\":[\"https:\\\/\\\/www.facebook.com\\\/24gliwice\",\"https:\\\/\\\/x.com\\\/24gliwice\",\"https:\\\/\\\/www.youtube.com\\\/@24gliwice\"]},{\"@type\":\"Person\",\"@id\":\"https:\\\/\\\/www.24gliwice.pl\\\/wiadomosci\\\/#\\\/schema\\\/person\\\/e42c650edd7f2fa332be3811fb166b6e\",\"name\":\"\u017baneta Mrozek-Siewierska\",\"image\":{\"@type\":\"ImageObject\",\"inLanguage\":\"pl-PL\",\"@id\":\"https:\\\/\\\/www.24gliwice.pl\\\/wiadomosci\\\/wp-content\\\/uploads\\\/2021\\\/11\\\/Zaneta-M_S-zdjecie-czb-96x96.jpg\",\"url\":\"https:\\\/\\\/www.24gliwice.pl\\\/wiadomosci\\\/wp-content\\\/uploads\\\/2021\\\/11\\\/Zaneta-M_S-zdjecie-czb-96x96.jpg\",\"contentUrl\":\"https:\\\/\\\/www.24gliwice.pl\\\/wiadomosci\\\/wp-content\\\/uploads\\\/2021\\\/11\\\/Zaneta-M_S-zdjecie-czb-96x96.jpg\",\"caption\":\"\u017baneta Mrozek-Siewierska\"},\"url\":\"https:\\\/\\\/www.24gliwice.pl\\\/wiadomosci\\\/author\\\/zms\\\/\"}]}<\/script>\n<!-- \/ Yoast SEO plugin. -->","yoast_head_json":{"title":"\"Twarze ludowego karnawa\u0142u\" w Zamku Piastowskim w Gliwicach. To ca\u0142kiem nowa ekspozycja Muzeum - 24GLIWICE - Portal Gliwice | codziennie nowe informacje","robots":{"index":"index","follow":"follow","max-snippet":"max-snippet:-1","max-image-preview":"max-image-preview:large","max-video-preview":"max-video-preview:-1"},"canonical":"https:\/\/www.24gliwice.pl\/wiadomosci\/twarze-ludowego-karnawalu-w-zamku-piastowskim-w-gliwicach\/","og_locale":"pl_PL","og_type":"article","og_title":"\"Twarze ludowego karnawa\u0142u\" w Zamku Piastowskim w Gliwicach. To ca\u0142kiem nowa ekspozycja Muzeum - 24GLIWICE - Portal Gliwice | codziennie nowe informacje","og_description":"Go\u015bcie odwiedzaj\u0105cy Zamek Piastowski maj\u0105 okazj\u0119 zobaczy\u0107 zmieniony fragment ekspozycji etnograficznej, przeznaczony od teraz na wystawy czasowe. W zwi\u0105zku z trwaj\u0105cym karnawa\u0142em, w pierwszej kolejno\u015bci przygotowano wystaw\u0119 \u201eTwarze ludowego karnawa\u0142u\u201d. &nbsp; Zapusty (zwane te\u017c ostatkami), a wi\u0119c ostatnie dni karnawa\u0142u, by\u0142y istotnym momentem w obrz\u0119dowo\u015bci dorocznej na G\u00f3rnym \u015al\u0105sku. Chocia\u017c detale \u015bwi\u0119towania oraz gwarowe nazewnictwo [&hellip;]","og_url":"https:\/\/www.24gliwice.pl\/wiadomosci\/twarze-ludowego-karnawalu-w-zamku-piastowskim-w-gliwicach\/","og_site_name":"24GLIWICE - Portal Gliwice | codziennie nowe informacje","article_publisher":"https:\/\/www.facebook.com\/24gliwice","article_published_time":"2022-02-13T23:50:45+00:00","article_modified_time":"2022-02-13T23:52:36+00:00","og_image":[{"width":810,"height":458,"url":"https:\/\/www.24gliwice.pl\/wiadomosci\/wp-content\/uploads\/2022\/02\/Twarze-1920-1080.jpg","type":"image\/jpeg"}],"author":"\u017baneta Mrozek-Siewierska","twitter_card":"summary_large_image","twitter_creator":"@24gliwice","twitter_site":"@24gliwice","twitter_misc":{"Napisane przez":"\u017baneta Mrozek-Siewierska","Szacowany czas czytania":"2 minuty"},"schema":{"@context":"https:\/\/schema.org","@graph":[{"@type":"Article","@id":"https:\/\/www.24gliwice.pl\/wiadomosci\/twarze-ludowego-karnawalu-w-zamku-piastowskim-w-gliwicach\/#article","isPartOf":{"@id":"https:\/\/www.24gliwice.pl\/wiadomosci\/twarze-ludowego-karnawalu-w-zamku-piastowskim-w-gliwicach\/"},"author":{"name":"\u017baneta Mrozek-Siewierska","@id":"https:\/\/www.24gliwice.pl\/wiadomosci\/#\/schema\/person\/e42c650edd7f2fa332be3811fb166b6e"},"headline":"&#8220;Twarze ludowego karnawa\u0142u&#8221; w Zamku Piastowskim w Gliwicach. To ca\u0142kiem nowa ekspozycja Muzeum","datePublished":"2022-02-13T23:50:45+00:00","dateModified":"2022-02-13T23:52:36+00:00","mainEntityOfPage":{"@id":"https:\/\/www.24gliwice.pl\/wiadomosci\/twarze-ludowego-karnawalu-w-zamku-piastowskim-w-gliwicach\/"},"wordCount":438,"commentCount":0,"publisher":{"@id":"https:\/\/www.24gliwice.pl\/wiadomosci\/#organization"},"image":{"@id":"https:\/\/www.24gliwice.pl\/wiadomosci\/twarze-ludowego-karnawalu-w-zamku-piastowskim-w-gliwicach\/#primaryimage"},"thumbnailUrl":"https:\/\/www.24gliwice.pl\/wiadomosci\/wp-content\/uploads\/2022\/02\/Twarze-1920-1080.jpg","keywords":["MUZEUM","ZAMEK PIASTOWSKI"],"articleSection":["Gliwice","Kultura, wydarzenia, imprezy","Najnowsze wiadomo\u015bci"],"inLanguage":"pl-PL","potentialAction":[{"@type":"CommentAction","name":"Comment","target":["https:\/\/www.24gliwice.pl\/wiadomosci\/twarze-ludowego-karnawalu-w-zamku-piastowskim-w-gliwicach\/#respond"]}]},{"@type":"WebPage","@id":"https:\/\/www.24gliwice.pl\/wiadomosci\/twarze-ludowego-karnawalu-w-zamku-piastowskim-w-gliwicach\/","url":"https:\/\/www.24gliwice.pl\/wiadomosci\/twarze-ludowego-karnawalu-w-zamku-piastowskim-w-gliwicach\/","name":"\"Twarze ludowego karnawa\u0142u\" w Zamku Piastowskim w Gliwicach. To ca\u0142kiem nowa ekspozycja Muzeum - 24GLIWICE - Portal Gliwice | codziennie nowe informacje","isPartOf":{"@id":"https:\/\/www.24gliwice.pl\/wiadomosci\/#website"},"primaryImageOfPage":{"@id":"https:\/\/www.24gliwice.pl\/wiadomosci\/twarze-ludowego-karnawalu-w-zamku-piastowskim-w-gliwicach\/#primaryimage"},"image":{"@id":"https:\/\/www.24gliwice.pl\/wiadomosci\/twarze-ludowego-karnawalu-w-zamku-piastowskim-w-gliwicach\/#primaryimage"},"thumbnailUrl":"https:\/\/www.24gliwice.pl\/wiadomosci\/wp-content\/uploads\/2022\/02\/Twarze-1920-1080.jpg","datePublished":"2022-02-13T23:50:45+00:00","dateModified":"2022-02-13T23:52:36+00:00","breadcrumb":{"@id":"https:\/\/www.24gliwice.pl\/wiadomosci\/twarze-ludowego-karnawalu-w-zamku-piastowskim-w-gliwicach\/#breadcrumb"},"inLanguage":"pl-PL","potentialAction":[{"@type":"ReadAction","target":["https:\/\/www.24gliwice.pl\/wiadomosci\/twarze-ludowego-karnawalu-w-zamku-piastowskim-w-gliwicach\/"]}]},{"@type":"ImageObject","inLanguage":"pl-PL","@id":"https:\/\/www.24gliwice.pl\/wiadomosci\/twarze-ludowego-karnawalu-w-zamku-piastowskim-w-gliwicach\/#primaryimage","url":"https:\/\/www.24gliwice.pl\/wiadomosci\/wp-content\/uploads\/2022\/02\/Twarze-1920-1080.jpg","contentUrl":"https:\/\/www.24gliwice.pl\/wiadomosci\/wp-content\/uploads\/2022\/02\/Twarze-1920-1080.jpg","width":810,"height":458},{"@type":"BreadcrumbList","@id":"https:\/\/www.24gliwice.pl\/wiadomosci\/twarze-ludowego-karnawalu-w-zamku-piastowskim-w-gliwicach\/#breadcrumb","itemListElement":[{"@type":"ListItem","position":1,"name":"Strona g\u0142\u00f3wna","item":"https:\/\/www.24gliwice.pl\/wiadomosci\/"},{"@type":"ListItem","position":2,"name":"&#8222;Twarze ludowego karnawa\u0142u&#8221; w Zamku Piastowskim w Gliwicach. To ca\u0142kiem nowa ekspozycja Muzeum"}]},{"@type":"WebSite","@id":"https:\/\/www.24gliwice.pl\/wiadomosci\/#website","url":"https:\/\/www.24gliwice.pl\/wiadomosci\/","name":"24GLIWICE - Portal Gliwice | codziennie nowe wiadomo\u015bci","description":"Portal Miejski Gliwice","publisher":{"@id":"https:\/\/www.24gliwice.pl\/wiadomosci\/#organization"},"potentialAction":[{"@type":"SearchAction","target":{"@type":"EntryPoint","urlTemplate":"https:\/\/www.24gliwice.pl\/wiadomosci\/?s={search_term_string}"},"query-input":{"@type":"PropertyValueSpecification","valueRequired":true,"valueName":"search_term_string"}}],"inLanguage":"pl-PL"},{"@type":"Organization","@id":"https:\/\/www.24gliwice.pl\/wiadomosci\/#organization","name":"24gliwice","url":"https:\/\/www.24gliwice.pl\/wiadomosci\/","logo":{"@type":"ImageObject","inLanguage":"pl-PL","@id":"https:\/\/www.24gliwice.pl\/wiadomosci\/#\/schema\/logo\/image\/","url":"https:\/\/www.24gliwice.pl\/wiadomosci\/wp-content\/uploads\/2024\/10\/24gliwice-logo-696.jpg","contentUrl":"https:\/\/www.24gliwice.pl\/wiadomosci\/wp-content\/uploads\/2024\/10\/24gliwice-logo-696.jpg","width":696,"height":696,"caption":"24gliwice"},"image":{"@id":"https:\/\/www.24gliwice.pl\/wiadomosci\/#\/schema\/logo\/image\/"},"sameAs":["https:\/\/www.facebook.com\/24gliwice","https:\/\/x.com\/24gliwice","https:\/\/www.youtube.com\/@24gliwice"]},{"@type":"Person","@id":"https:\/\/www.24gliwice.pl\/wiadomosci\/#\/schema\/person\/e42c650edd7f2fa332be3811fb166b6e","name":"\u017baneta Mrozek-Siewierska","image":{"@type":"ImageObject","inLanguage":"pl-PL","@id":"https:\/\/www.24gliwice.pl\/wiadomosci\/wp-content\/uploads\/2021\/11\/Zaneta-M_S-zdjecie-czb-96x96.jpg","url":"https:\/\/www.24gliwice.pl\/wiadomosci\/wp-content\/uploads\/2021\/11\/Zaneta-M_S-zdjecie-czb-96x96.jpg","contentUrl":"https:\/\/www.24gliwice.pl\/wiadomosci\/wp-content\/uploads\/2021\/11\/Zaneta-M_S-zdjecie-czb-96x96.jpg","caption":"\u017baneta Mrozek-Siewierska"},"url":"https:\/\/www.24gliwice.pl\/wiadomosci\/author\/zms\/"}]}},"_links":{"self":[{"href":"https:\/\/www.24gliwice.pl\/wiadomosci\/wp-json\/wp\/v2\/posts\/186385","targetHints":{"allow":["GET"]}}],"collection":[{"href":"https:\/\/www.24gliwice.pl\/wiadomosci\/wp-json\/wp\/v2\/posts"}],"about":[{"href":"https:\/\/www.24gliwice.pl\/wiadomosci\/wp-json\/wp\/v2\/types\/post"}],"author":[{"embeddable":true,"href":"https:\/\/www.24gliwice.pl\/wiadomosci\/wp-json\/wp\/v2\/users\/15"}],"replies":[{"embeddable":true,"href":"https:\/\/www.24gliwice.pl\/wiadomosci\/wp-json\/wp\/v2\/comments?post=186385"}],"version-history":[{"count":8,"href":"https:\/\/www.24gliwice.pl\/wiadomosci\/wp-json\/wp\/v2\/posts\/186385\/revisions"}],"predecessor-version":[{"id":186435,"href":"https:\/\/www.24gliwice.pl\/wiadomosci\/wp-json\/wp\/v2\/posts\/186385\/revisions\/186435"}],"wp:featuredmedia":[{"embeddable":true,"href":"https:\/\/www.24gliwice.pl\/wiadomosci\/wp-json\/wp\/v2\/media\/186391"}],"wp:attachment":[{"href":"https:\/\/www.24gliwice.pl\/wiadomosci\/wp-json\/wp\/v2\/media?parent=186385"}],"wp:term":[{"taxonomy":"category","embeddable":true,"href":"https:\/\/www.24gliwice.pl\/wiadomosci\/wp-json\/wp\/v2\/categories?post=186385"},{"taxonomy":"post_tag","embeddable":true,"href":"https:\/\/www.24gliwice.pl\/wiadomosci\/wp-json\/wp\/v2\/tags?post=186385"}],"curies":[{"name":"wp","href":"https:\/\/api.w.org\/{rel}","templated":true}]}}