{"id":186396,"date":"2022-02-11T16:33:29","date_gmt":"2022-02-11T15:33:29","guid":{"rendered":"https:\/\/www.24gliwice.pl\/wiadomosci\/?p=186396"},"modified":"2022-02-11T16:48:53","modified_gmt":"2022-02-11T15:48:53","slug":"kilkaset-bezplatnych-wejsciowek-do-wszystkich-atrakcji-europy-centralnej","status":"publish","type":"post","link":"https:\/\/www.24gliwice.pl\/wiadomosci\/kilkaset-bezplatnych-wejsciowek-do-wszystkich-atrakcji-europy-centralnej\/","title":{"rendered":"Kilkaset bezp\u0142atnych wej\u015bci\u00f3wek do wszystkich atrakcji Europy Centralnej"},"content":{"rendered":"<h4>Ferie w Europie Centralnej to gwarancja najlepszej zabawy \u2013 7 dni w tygodniu i podczas ka\u017cdej pogody! Najwi\u0119ksze na \u015al\u0105sku centrum rozrywki przygotowa\u0142o dla wszystkich rodzin specjaln\u0105 ofert\u0119 i wielkie otwarcie. Ju\u017c 26 lutego pierwsi go\u015bcie przekrocz\u0105 pr\u00f3g niepowtarzalnego Funzeum \u2013 najwi\u0119kszego w Polsce obiektu edukacyjno-rozrywkowego z multimedialnymi instalacjami inspirowanymi magi\u0105 \u015bwiat\u0142a i kolor\u00f3w.<\/h4>\n<p>&nbsp;<br \/>\nTylu r\u00f3\u017cnych atrakcji w jednym miejscu nie ma nigdzie indziej! <\/p>\n<p><iframe loading=\"lazy\" title=\"YouTube video player\" src=\"https:\/\/www.youtube.com\/embed\/hlVlXst8ykU\" width=\"560\" height=\"315\" frameborder=\"0\" allowfullscreen=\"allowfullscreen\"><\/iframe><\/p>\n<p>To w\u0142a\u015bnie w Europie Centralnej mo\u017cna zobaczy\u0107 najwi\u0119ksz\u0105 w Polsce makiet\u0119 kolejow\u0105. Ju\u017c tylko do ko\u0144ca lutego na odwiedzaj\u0105cych <b>Kolejkowo<\/b> czeka jeszcze co\u015b bardzo wyj\u0105tkowego i s\u0142odkiego \u2013 piernikowe miasto pachn\u0105ce czekolad\u0105 i korzennymi przyprawami. <\/p>\n<div id=\"attachment_186407\" style=\"width: 820px\" class=\"wp-caption aligncenter\"><img loading=\"lazy\" decoding=\"async\" aria-describedby=\"caption-attachment-186407\" src=\"https:\/\/www.24gliwice.pl\/wiadomosci\/wp-content\/uploads\/2022\/02\/fot.-kolejkowo.jpg\" alt=\"\" width=\"810\" height=\"540\" class=\"size-full wp-image-186407\" srcset=\"https:\/\/www.24gliwice.pl\/wiadomosci\/wp-content\/uploads\/2022\/02\/fot.-kolejkowo.jpg 810w, https:\/\/www.24gliwice.pl\/wiadomosci\/wp-content\/uploads\/2022\/02\/fot.-kolejkowo-348x232.jpg 348w, https:\/\/www.24gliwice.pl\/wiadomosci\/wp-content\/uploads\/2022\/02\/fot.-kolejkowo-683x455.jpg 683w, https:\/\/www.24gliwice.pl\/wiadomosci\/wp-content\/uploads\/2022\/02\/fot.-kolejkowo-768x512.jpg 768w\" sizes=\"auto, (max-width: 810px) 100vw, 810px\" \/><p id=\"caption-attachment-186407\" class=\"wp-caption-text\">mat. prasowe Europa Centralna<\/p><\/div>\n<p>Odwiedzaj\u0105c Europ\u0119 Centraln\u0105, warto te\u017c spotka\u0107 si\u0119 oko w oko z egzotycznymi zwierz\u0119tami prezentowanymi na wystawie <b>akwarystyczno-terrarystycznej<\/b> zorganizowanej przez SilesiaExotic. <\/p>\n<div id=\"attachment_186410\" style=\"width: 820px\" class=\"wp-caption aligncenter\"><img loading=\"lazy\" decoding=\"async\" aria-describedby=\"caption-attachment-186410\" src=\"https:\/\/www.24gliwice.pl\/wiadomosci\/wp-content\/uploads\/2022\/02\/fot.-wystawa_pajakow.jpg\" alt=\"\" width=\"810\" height=\"539\" class=\"size-full wp-image-186410\" srcset=\"https:\/\/www.24gliwice.pl\/wiadomosci\/wp-content\/uploads\/2022\/02\/fot.-wystawa_pajakow.jpg 810w, https:\/\/www.24gliwice.pl\/wiadomosci\/wp-content\/uploads\/2022\/02\/fot.-wystawa_pajakow-349x232.jpg 349w, https:\/\/www.24gliwice.pl\/wiadomosci\/wp-content\/uploads\/2022\/02\/fot.-wystawa_pajakow-684x455.jpg 684w, https:\/\/www.24gliwice.pl\/wiadomosci\/wp-content\/uploads\/2022\/02\/fot.-wystawa_pajakow-768x511.jpg 768w\" sizes=\"auto, (max-width: 810px) 100vw, 810px\" \/><p id=\"caption-attachment-186410\" class=\"wp-caption-text\">mat. prasowe Europa Centralna<\/p><\/div>\n<p>Zobaczy\u0107 najbardziej <b>jadowitego paj\u0105ka,<\/b> a te mniej gro\u017ane potrzyma\u0107 nawet na r\u0119ku \u2013 takie emocje tylko na wyj\u0105tkowej ekspozycji, na kt\u00f3rej znajduje si\u0119 tak\u017ce <b>najwi\u0119kszy na \u015bwiecie skorpion<\/b>. Zawiedzeni wizyt\u0105 nie b\u0119d\u0105 r\u00f3wnie\u017c <b>mi\u0142o\u015bnicy klock\u00f3w Lego.<\/b> W ponad stu gablotach podziwia\u0107 mo\u017cna znane budowle, s\u0142ynne postaci i bohaterowie bajek. Podczas ferii w znajduj\u0105cej si\u0119 na terenie wystawy \u201eAlei Gwiazd\u201d pojawi si\u0119 kolejna figura z klock\u00f3w \u2013 pi\u0142karz \u0141ukasz Piszczek. Na odwiedzj\u0105cych czeka te\u017c stanowisko, na kt\u00f3rym mo\u017cna samemu zbudowa\u0107 w\u0142asn\u0105 konstrukcj\u0119 Lego.<\/p>\n<div id=\"attachment_186409\" style=\"width: 820px\" class=\"wp-caption aligncenter\"><img loading=\"lazy\" decoding=\"async\" aria-describedby=\"caption-attachment-186409\" src=\"https:\/\/www.24gliwice.pl\/wiadomosci\/wp-content\/uploads\/2022\/02\/fot.-wystawa_lego.jpg\" alt=\"\" width=\"810\" height=\"539\" class=\"size-full wp-image-186409\" srcset=\"https:\/\/www.24gliwice.pl\/wiadomosci\/wp-content\/uploads\/2022\/02\/fot.-wystawa_lego.jpg 810w, https:\/\/www.24gliwice.pl\/wiadomosci\/wp-content\/uploads\/2022\/02\/fot.-wystawa_lego-349x232.jpg 349w, https:\/\/www.24gliwice.pl\/wiadomosci\/wp-content\/uploads\/2022\/02\/fot.-wystawa_lego-684x455.jpg 684w, https:\/\/www.24gliwice.pl\/wiadomosci\/wp-content\/uploads\/2022\/02\/fot.-wystawa_lego-768x511.jpg 768w\" sizes=\"auto, (max-width: 810px) 100vw, 810px\" \/><p id=\"caption-attachment-186409\" class=\"wp-caption-text\">mat. prasowe Europa Centralna<\/p><\/div>\n<p>Europa Centralna to tak\u017ce centrum aktywnej rozrywki. W jedynym w Gliwicach parku trampolin oraz sprz\u0119tu gimnastycznego <b>House of Air,<\/b>na powierzchni 3000 m\u00b2, ekstremalne emocje czekaj\u0105 zar\u00f3wno na dzieci, jak i doros\u0142ych. <\/p>\n<div id=\"attachment_186406\" style=\"width: 820px\" class=\"wp-caption aligncenter\"><img loading=\"lazy\" decoding=\"async\" aria-describedby=\"caption-attachment-186406\" src=\"https:\/\/www.24gliwice.pl\/wiadomosci\/wp-content\/uploads\/2022\/02\/fot.-house_of_air.jpg\" alt=\"\" width=\"810\" height=\"541\" class=\"size-full wp-image-186406\" srcset=\"https:\/\/www.24gliwice.pl\/wiadomosci\/wp-content\/uploads\/2022\/02\/fot.-house_of_air.jpg 810w, https:\/\/www.24gliwice.pl\/wiadomosci\/wp-content\/uploads\/2022\/02\/fot.-house_of_air-347x232.jpg 347w, https:\/\/www.24gliwice.pl\/wiadomosci\/wp-content\/uploads\/2022\/02\/fot.-house_of_air-681x455.jpg 681w, https:\/\/www.24gliwice.pl\/wiadomosci\/wp-content\/uploads\/2022\/02\/fot.-house_of_air-768x513.jpg 768w\" sizes=\"auto, (max-width: 810px) 100vw, 810px\" \/><p id=\"caption-attachment-186406\" class=\"wp-caption-text\">mat. prasowe Europa Centralna<\/p><\/div>\n<p>Podczas tegorocznych ferii House of Air zaprasza na <b>Sportowe Warsztaty HOA <\/b>dzieci powy\u017cej 6. roku \u017cycia, w ramach kt\u00f3rych \u2013 pod opiek\u0105 animator\u00f3w \u2013 b\u0119d\u0105 mie\u0107 nieograniczony dost\u0119p do atrakcji na terenie parku oraz wezm\u0105 udzia\u0142 w szeregu gier, zabaw oraz zaj\u0119\u0107 sportowych. Szczeg\u00f3\u0142y: <u><a href=\"http:\/\/www.houseofair.pl\/warsztaty?fbclid=IwAR3TvF6GlVEBpqwKBjxYpyBY2ImZYW6_QUVLbFbUZqfpBv__0Ad-7BsvgSI\">houseofair.pl<\/a><\/u><\/p>\n<p>Driftuj\u0105ce gokarty? W Europie Centralnej to mo\u017cliwe! Tor <b>Crazy Carts<\/b> jest przeznaczony dla elektrycznych gokart\u00f3w, kt\u00f3re imituj\u0105 jazd\u0119 w po\u015blizgu. Wszystko odbywa si\u0119 w bezpiecznych warunkach i z udzia\u0142em instruktora, kt\u00f3ry podpowiada, jak w\u0142a\u015bciwie poprowadzi\u0107 pojazd.<\/p>\n<div id=\"attachment_186413\" style=\"width: 820px\" class=\"wp-caption aligncenter\"><img loading=\"lazy\" decoding=\"async\" aria-describedby=\"caption-attachment-186413\" src=\"https:\/\/www.24gliwice.pl\/wiadomosci\/wp-content\/uploads\/2022\/02\/fot.-crazy_carts-001.jpg\" alt=\"\" width=\"810\" height=\"620\" class=\"size-full wp-image-186413\" srcset=\"https:\/\/www.24gliwice.pl\/wiadomosci\/wp-content\/uploads\/2022\/02\/fot.-crazy_carts-001.jpg 810w, https:\/\/www.24gliwice.pl\/wiadomosci\/wp-content\/uploads\/2022\/02\/fot.-crazy_carts-001-303x232.jpg 303w, https:\/\/www.24gliwice.pl\/wiadomosci\/wp-content\/uploads\/2022\/02\/fot.-crazy_carts-001-594x455.jpg 594w, https:\/\/www.24gliwice.pl\/wiadomosci\/wp-content\/uploads\/2022\/02\/fot.-crazy_carts-001-768x588.jpg 768w\" sizes=\"auto, (max-width: 810px) 100vw, 810px\" \/><p id=\"caption-attachment-186413\" class=\"wp-caption-text\">mat. prasowe Europa Centralna<\/p><\/div>\n<p>W kalendarzu warto te\u017c zapisa\u0107 sobie dat\u0119 26 lutego! Tego dnia zaplanowano <b>wielkie otwarcie Funzeum. <\/b>Przy u\u017cyciu nowoczesnych technologii stworzono ponad 50 multimedialnych instalacji edukacyjno-rozrywkowych bazuj\u0105cych na grze \u015bwiat\u0142a, kolor\u00f3w i optycznych z\u0142udze\u0144. To najwi\u0119ksza tego typu ekspozycja w Polsce \u2013 zlokalizowana na prawie 4000 m\u00b2. W Europie Centralnej klienci b\u0119d\u0105 mogli zagra\u0107 na mierz\u0105cym prawie 12 m pianinie pod\u0142ogowym, odwiedzi\u0107 fluorescencyjny las, kryszta\u0142ow\u0105 komnat\u0119, pok\u00f3j niesko\u0144czono\u015bci czy spacerowa\u0107 w\u015br\u00f3d gigantycznych kwiat\u00f3w.<\/p>\n<div id=\"attachment_186405\" style=\"width: 820px\" class=\"wp-caption aligncenter\"><img loading=\"lazy\" decoding=\"async\" aria-describedby=\"caption-attachment-186405\" src=\"https:\/\/www.24gliwice.pl\/wiadomosci\/wp-content\/uploads\/2022\/02\/fot.-funzeum.jpg\" alt=\"\" width=\"810\" height=\"540\" class=\"size-full wp-image-186405\" srcset=\"https:\/\/www.24gliwice.pl\/wiadomosci\/wp-content\/uploads\/2022\/02\/fot.-funzeum.jpg 810w, https:\/\/www.24gliwice.pl\/wiadomosci\/wp-content\/uploads\/2022\/02\/fot.-funzeum-348x232.jpg 348w, https:\/\/www.24gliwice.pl\/wiadomosci\/wp-content\/uploads\/2022\/02\/fot.-funzeum-683x455.jpg 683w, https:\/\/www.24gliwice.pl\/wiadomosci\/wp-content\/uploads\/2022\/02\/fot.-funzeum-768x512.jpg 768w\" sizes=\"auto, (max-width: 810px) 100vw, 810px\" \/><p id=\"caption-attachment-186405\" class=\"wp-caption-text\">mat. prasowe Europa Centralna<\/p><\/div>\n<p>Maj\u0105c taki wyb\u00f3r, nie spos\u00f3b si\u0119 nudzi\u0107! <b>Wszystkie atrakcje znajduj\u0105ce si\u0119 na terenie Europy Centralnej s\u0105 czynne 7 dni w tygodniu.<\/b> Aby umo\u017cliwi\u0107 odwiedzaj\u0105cym skorzystanie z wybranych propozycji, centrum przygotowa\u0142o dodatkow\u0105 niespodziank\u0119. Wystarczy w dniach 11-18 lutego zrobi\u0107 zakupy za minimum 100 z\u0142otych (maksymalnie na dw\u00f3ch paragonach), aby odebra\u0107 <b>bezp\u0142atn\u0105 podw\u00f3jn\u0105 wej\u015bci\u00f3wk\u0119.<\/b> W akcji bior\u0105 udzia\u0142: Kolejkowo, Funzeum, House of Air, wystawa paj\u0105k\u00f3w, SilesiaExotic, Crazy Carts, wystawa Lego. <\/p>\n<p>Wizyt\u0119 w jednym z takich miejsc mo\u017cna po\u0142\u0105czy\u0107 z rodzinnym obiadem czy wypadem na deser i obowi\u0105zkowe lody. Przypominamy, \u017ce <b>ze wszystkich atrakcji oraz dost\u0119pnej w Europie Centralnej oferty gastronomicznej rodziny mog\u0105 tak\u017ce skorzysta\u0107, realizuj\u0105c bon turystyczny.<\/b> Wi\u0119cej szczeg\u00f3\u0142\u00f3w na ten temat mo\u017cna znale\u017a\u0107 na <u><a href=\"https:\/\/europacentralna.eu\/rozrywka\">https:\/\/europacentralna.eu\/rozrywka<\/a><\/u>.<\/p>\n<p><small>materia\u0142 partnera<\/small><\/p>\n","protected":false},"excerpt":{"rendered":"<p>Ferie w Europie Centralnej to gwarancja najlepszej zabawy \u2013 7 dni w tygodniu i podczas ka\u017cdej pogody! Najwi\u0119ksze na \u015al\u0105sku centrum rozrywki przygotowa\u0142o dla wszystkich rodzin specjaln\u0105 ofert\u0119 i wielkie otwarcie. Ju\u017c 26 lutego pierwsi go\u015bcie przekrocz\u0105 pr\u00f3g niepowtarzalnego Funzeum \u2013 najwi\u0119kszego w Polsce obiektu edukacyjno-rozrywkowego z multimedialnymi instalacjami inspirowanymi magi\u0105 \u015bwiat\u0142a i kolor\u00f3w. &nbsp; [&hellip;]<\/p>\n","protected":false},"author":4,"featured_media":186413,"comment_status":"closed","ping_status":"closed","sticky":false,"template":"","format":"video","meta":{"_monsterinsights_skip_tracking":false,"_monsterinsights_sitenote_active":false,"_monsterinsights_sitenote_note":"","_monsterinsights_sitenote_category":0,"footnotes":"","_links_to":"","_links_to_target":""},"categories":[3,6,1,1129],"tags":[286],"class_list":["post-186396","post","type-post","status-publish","format-video","has-post-thumbnail","hentry","category-gliwice","category-kultura","category-wszystko","category-polecamy","tag-europa-centralna","post_format-post-format-video"],"yoast_head":"<!-- This site is optimized with the Yoast SEO plugin v27.4 - https:\/\/yoast.com\/product\/yoast-seo-wordpress\/ -->\n<title>Kilkaset bezp\u0142atnych wej\u015bci\u00f3wek do wszystkich atrakcji Europy Centralnej - 24GLIWICE - Portal Gliwice | codziennie nowe informacje<\/title>\n<meta name=\"robots\" content=\"index, follow, max-snippet:-1, max-image-preview:large, max-video-preview:-1\" \/>\n<link rel=\"canonical\" href=\"https:\/\/www.24gliwice.pl\/wiadomosci\/kilkaset-bezplatnych-wejsciowek-do-wszystkich-atrakcji-europy-centralnej\/\" \/>\n<meta property=\"og:locale\" content=\"pl_PL\" \/>\n<meta property=\"og:type\" content=\"article\" \/>\n<meta property=\"og:title\" content=\"Kilkaset bezp\u0142atnych wej\u015bci\u00f3wek do wszystkich atrakcji Europy Centralnej - 24GLIWICE - Portal Gliwice | codziennie nowe informacje\" \/>\n<meta property=\"og:description\" content=\"Ferie w Europie Centralnej to gwarancja najlepszej zabawy \u2013 7 dni w tygodniu i podczas ka\u017cdej pogody! Najwi\u0119ksze na \u015al\u0105sku centrum rozrywki przygotowa\u0142o dla wszystkich rodzin specjaln\u0105 ofert\u0119 i wielkie otwarcie. Ju\u017c 26 lutego pierwsi go\u015bcie przekrocz\u0105 pr\u00f3g niepowtarzalnego Funzeum \u2013 najwi\u0119kszego w Polsce obiektu edukacyjno-rozrywkowego z multimedialnymi instalacjami inspirowanymi magi\u0105 \u015bwiat\u0142a i kolor\u00f3w. &nbsp; [&hellip;]\" \/>\n<meta property=\"og:url\" content=\"https:\/\/www.24gliwice.pl\/wiadomosci\/kilkaset-bezplatnych-wejsciowek-do-wszystkich-atrakcji-europy-centralnej\/\" \/>\n<meta property=\"og:site_name\" content=\"24GLIWICE - Portal Gliwice | codziennie nowe informacje\" \/>\n<meta property=\"article:publisher\" content=\"https:\/\/www.facebook.com\/24gliwice\" \/>\n<meta property=\"article:author\" content=\"https:\/\/www.facebook.com\/marcin.fabrykowski\" \/>\n<meta property=\"article:published_time\" content=\"2022-02-11T15:33:29+00:00\" \/>\n<meta property=\"article:modified_time\" content=\"2022-02-11T15:48:53+00:00\" \/>\n<meta property=\"og:image\" content=\"https:\/\/www.24gliwice.pl\/wiadomosci\/wp-content\/uploads\/2022\/02\/fot.-crazy_carts-001.jpg\" \/>\n\t<meta property=\"og:image:width\" content=\"810\" \/>\n\t<meta property=\"og:image:height\" content=\"620\" \/>\n\t<meta property=\"og:image:type\" content=\"image\/jpeg\" \/>\n<meta name=\"author\" content=\"Marcin Fabrykowski\" \/>\n<meta name=\"twitter:card\" content=\"summary_large_image\" \/>\n<meta name=\"twitter:creator\" content=\"@24gliwice\" \/>\n<meta name=\"twitter:site\" content=\"@24gliwice\" \/>\n<meta name=\"twitter:label1\" content=\"Napisane przez\" \/>\n\t<meta name=\"twitter:data1\" content=\"Marcin Fabrykowski\" \/>\n\t<meta name=\"twitter:label2\" content=\"Szacowany czas czytania\" \/>\n\t<meta name=\"twitter:data2\" content=\"3 minuty\" \/>\n<script type=\"application\/ld+json\" class=\"yoast-schema-graph\">{\"@context\":\"https:\\\/\\\/schema.org\",\"@graph\":[{\"@type\":\"Article\",\"@id\":\"https:\\\/\\\/www.24gliwice.pl\\\/wiadomosci\\\/kilkaset-bezplatnych-wejsciowek-do-wszystkich-atrakcji-europy-centralnej\\\/#article\",\"isPartOf\":{\"@id\":\"https:\\\/\\\/www.24gliwice.pl\\\/wiadomosci\\\/kilkaset-bezplatnych-wejsciowek-do-wszystkich-atrakcji-europy-centralnej\\\/\"},\"author\":{\"name\":\"Marcin Fabrykowski\",\"@id\":\"https:\\\/\\\/www.24gliwice.pl\\\/wiadomosci\\\/#\\\/schema\\\/person\\\/cb5857e4a4d048c15984c1edcc8ef0c0\"},\"headline\":\"Kilkaset bezp\u0142atnych wej\u015bci\u00f3wek do wszystkich atrakcji Europy Centralnej\",\"datePublished\":\"2022-02-11T15:33:29+00:00\",\"dateModified\":\"2022-02-11T15:48:53+00:00\",\"mainEntityOfPage\":{\"@id\":\"https:\\\/\\\/www.24gliwice.pl\\\/wiadomosci\\\/kilkaset-bezplatnych-wejsciowek-do-wszystkich-atrakcji-europy-centralnej\\\/\"},\"wordCount\":667,\"publisher\":{\"@id\":\"https:\\\/\\\/www.24gliwice.pl\\\/wiadomosci\\\/#organization\"},\"image\":{\"@id\":\"https:\\\/\\\/www.24gliwice.pl\\\/wiadomosci\\\/kilkaset-bezplatnych-wejsciowek-do-wszystkich-atrakcji-europy-centralnej\\\/#primaryimage\"},\"thumbnailUrl\":\"https:\\\/\\\/www.24gliwice.pl\\\/wiadomosci\\\/wp-content\\\/uploads\\\/2022\\\/02\\\/fot.-crazy_carts-001.jpg\",\"keywords\":[\"EUROPA CENTRALNA\"],\"articleSection\":[\"Gliwice\",\"Kultura, wydarzenia, imprezy\",\"Najnowsze wiadomo\u015bci\",\"Polecamy\"],\"inLanguage\":\"pl-PL\"},{\"@type\":\"WebPage\",\"@id\":\"https:\\\/\\\/www.24gliwice.pl\\\/wiadomosci\\\/kilkaset-bezplatnych-wejsciowek-do-wszystkich-atrakcji-europy-centralnej\\\/\",\"url\":\"https:\\\/\\\/www.24gliwice.pl\\\/wiadomosci\\\/kilkaset-bezplatnych-wejsciowek-do-wszystkich-atrakcji-europy-centralnej\\\/\",\"name\":\"Kilkaset bezp\u0142atnych wej\u015bci\u00f3wek do wszystkich atrakcji Europy Centralnej - 24GLIWICE - Portal Gliwice | codziennie nowe informacje\",\"isPartOf\":{\"@id\":\"https:\\\/\\\/www.24gliwice.pl\\\/wiadomosci\\\/#website\"},\"primaryImageOfPage\":{\"@id\":\"https:\\\/\\\/www.24gliwice.pl\\\/wiadomosci\\\/kilkaset-bezplatnych-wejsciowek-do-wszystkich-atrakcji-europy-centralnej\\\/#primaryimage\"},\"image\":{\"@id\":\"https:\\\/\\\/www.24gliwice.pl\\\/wiadomosci\\\/kilkaset-bezplatnych-wejsciowek-do-wszystkich-atrakcji-europy-centralnej\\\/#primaryimage\"},\"thumbnailUrl\":\"https:\\\/\\\/www.24gliwice.pl\\\/wiadomosci\\\/wp-content\\\/uploads\\\/2022\\\/02\\\/fot.-crazy_carts-001.jpg\",\"datePublished\":\"2022-02-11T15:33:29+00:00\",\"dateModified\":\"2022-02-11T15:48:53+00:00\",\"breadcrumb\":{\"@id\":\"https:\\\/\\\/www.24gliwice.pl\\\/wiadomosci\\\/kilkaset-bezplatnych-wejsciowek-do-wszystkich-atrakcji-europy-centralnej\\\/#breadcrumb\"},\"inLanguage\":\"pl-PL\",\"potentialAction\":[{\"@type\":\"ReadAction\",\"target\":[\"https:\\\/\\\/www.24gliwice.pl\\\/wiadomosci\\\/kilkaset-bezplatnych-wejsciowek-do-wszystkich-atrakcji-europy-centralnej\\\/\"]}]},{\"@type\":\"ImageObject\",\"inLanguage\":\"pl-PL\",\"@id\":\"https:\\\/\\\/www.24gliwice.pl\\\/wiadomosci\\\/kilkaset-bezplatnych-wejsciowek-do-wszystkich-atrakcji-europy-centralnej\\\/#primaryimage\",\"url\":\"https:\\\/\\\/www.24gliwice.pl\\\/wiadomosci\\\/wp-content\\\/uploads\\\/2022\\\/02\\\/fot.-crazy_carts-001.jpg\",\"contentUrl\":\"https:\\\/\\\/www.24gliwice.pl\\\/wiadomosci\\\/wp-content\\\/uploads\\\/2022\\\/02\\\/fot.-crazy_carts-001.jpg\",\"width\":810,\"height\":620,\"caption\":\"mat. prasowe Europa Centralna\"},{\"@type\":\"BreadcrumbList\",\"@id\":\"https:\\\/\\\/www.24gliwice.pl\\\/wiadomosci\\\/kilkaset-bezplatnych-wejsciowek-do-wszystkich-atrakcji-europy-centralnej\\\/#breadcrumb\",\"itemListElement\":[{\"@type\":\"ListItem\",\"position\":1,\"name\":\"Strona g\u0142\u00f3wna\",\"item\":\"https:\\\/\\\/www.24gliwice.pl\\\/wiadomosci\\\/\"},{\"@type\":\"ListItem\",\"position\":2,\"name\":\"Kilkaset bezp\u0142atnych wej\u015bci\u00f3wek do wszystkich atrakcji Europy Centralnej\"}]},{\"@type\":\"WebSite\",\"@id\":\"https:\\\/\\\/www.24gliwice.pl\\\/wiadomosci\\\/#website\",\"url\":\"https:\\\/\\\/www.24gliwice.pl\\\/wiadomosci\\\/\",\"name\":\"24GLIWICE - Portal Gliwice | codziennie nowe wiadomo\u015bci\",\"description\":\"Portal Miejski Gliwice\",\"publisher\":{\"@id\":\"https:\\\/\\\/www.24gliwice.pl\\\/wiadomosci\\\/#organization\"},\"potentialAction\":[{\"@type\":\"SearchAction\",\"target\":{\"@type\":\"EntryPoint\",\"urlTemplate\":\"https:\\\/\\\/www.24gliwice.pl\\\/wiadomosci\\\/?s={search_term_string}\"},\"query-input\":{\"@type\":\"PropertyValueSpecification\",\"valueRequired\":true,\"valueName\":\"search_term_string\"}}],\"inLanguage\":\"pl-PL\"},{\"@type\":\"Organization\",\"@id\":\"https:\\\/\\\/www.24gliwice.pl\\\/wiadomosci\\\/#organization\",\"name\":\"24gliwice\",\"url\":\"https:\\\/\\\/www.24gliwice.pl\\\/wiadomosci\\\/\",\"logo\":{\"@type\":\"ImageObject\",\"inLanguage\":\"pl-PL\",\"@id\":\"https:\\\/\\\/www.24gliwice.pl\\\/wiadomosci\\\/#\\\/schema\\\/logo\\\/image\\\/\",\"url\":\"https:\\\/\\\/www.24gliwice.pl\\\/wiadomosci\\\/wp-content\\\/uploads\\\/2024\\\/10\\\/24gliwice-logo-696.jpg\",\"contentUrl\":\"https:\\\/\\\/www.24gliwice.pl\\\/wiadomosci\\\/wp-content\\\/uploads\\\/2024\\\/10\\\/24gliwice-logo-696.jpg\",\"width\":696,\"height\":696,\"caption\":\"24gliwice\"},\"image\":{\"@id\":\"https:\\\/\\\/www.24gliwice.pl\\\/wiadomosci\\\/#\\\/schema\\\/logo\\\/image\\\/\"},\"sameAs\":[\"https:\\\/\\\/www.facebook.com\\\/24gliwice\",\"https:\\\/\\\/x.com\\\/24gliwice\",\"https:\\\/\\\/www.youtube.com\\\/@24gliwice\"]},{\"@type\":\"Person\",\"@id\":\"https:\\\/\\\/www.24gliwice.pl\\\/wiadomosci\\\/#\\\/schema\\\/person\\\/cb5857e4a4d048c15984c1edcc8ef0c0\",\"name\":\"Marcin Fabrykowski\",\"image\":{\"@type\":\"ImageObject\",\"inLanguage\":\"pl-PL\",\"@id\":\"https:\\\/\\\/www.24gliwice.pl\\\/wiadomosci\\\/wp-content\\\/uploads\\\/2025\\\/11\\\/zdjecie-moje-marcin-300-96x96.jpg\",\"url\":\"https:\\\/\\\/www.24gliwice.pl\\\/wiadomosci\\\/wp-content\\\/uploads\\\/2025\\\/11\\\/zdjecie-moje-marcin-300-96x96.jpg\",\"contentUrl\":\"https:\\\/\\\/www.24gliwice.pl\\\/wiadomosci\\\/wp-content\\\/uploads\\\/2025\\\/11\\\/zdjecie-moje-marcin-300-96x96.jpg\",\"caption\":\"Marcin Fabrykowski\"},\"sameAs\":[\"http:\\\/\\\/24gliwice.pl\",\"https:\\\/\\\/www.facebook.com\\\/marcin.fabrykowski\"],\"url\":\"https:\\\/\\\/www.24gliwice.pl\\\/wiadomosci\\\/author\\\/marcin-fabrykowski\\\/\"}]}<\/script>\n<!-- \/ Yoast SEO plugin. -->","yoast_head_json":{"title":"Kilkaset bezp\u0142atnych wej\u015bci\u00f3wek do wszystkich atrakcji Europy Centralnej - 24GLIWICE - Portal Gliwice | codziennie nowe informacje","robots":{"index":"index","follow":"follow","max-snippet":"max-snippet:-1","max-image-preview":"max-image-preview:large","max-video-preview":"max-video-preview:-1"},"canonical":"https:\/\/www.24gliwice.pl\/wiadomosci\/kilkaset-bezplatnych-wejsciowek-do-wszystkich-atrakcji-europy-centralnej\/","og_locale":"pl_PL","og_type":"article","og_title":"Kilkaset bezp\u0142atnych wej\u015bci\u00f3wek do wszystkich atrakcji Europy Centralnej - 24GLIWICE - Portal Gliwice | codziennie nowe informacje","og_description":"Ferie w Europie Centralnej to gwarancja najlepszej zabawy \u2013 7 dni w tygodniu i podczas ka\u017cdej pogody! Najwi\u0119ksze na \u015al\u0105sku centrum rozrywki przygotowa\u0142o dla wszystkich rodzin specjaln\u0105 ofert\u0119 i wielkie otwarcie. Ju\u017c 26 lutego pierwsi go\u015bcie przekrocz\u0105 pr\u00f3g niepowtarzalnego Funzeum \u2013 najwi\u0119kszego w Polsce obiektu edukacyjno-rozrywkowego z multimedialnymi instalacjami inspirowanymi magi\u0105 \u015bwiat\u0142a i kolor\u00f3w. &nbsp; [&hellip;]","og_url":"https:\/\/www.24gliwice.pl\/wiadomosci\/kilkaset-bezplatnych-wejsciowek-do-wszystkich-atrakcji-europy-centralnej\/","og_site_name":"24GLIWICE - Portal Gliwice | codziennie nowe informacje","article_publisher":"https:\/\/www.facebook.com\/24gliwice","article_author":"https:\/\/www.facebook.com\/marcin.fabrykowski","article_published_time":"2022-02-11T15:33:29+00:00","article_modified_time":"2022-02-11T15:48:53+00:00","og_image":[{"width":810,"height":620,"url":"https:\/\/www.24gliwice.pl\/wiadomosci\/wp-content\/uploads\/2022\/02\/fot.-crazy_carts-001.jpg","type":"image\/jpeg"}],"author":"Marcin Fabrykowski","twitter_card":"summary_large_image","twitter_creator":"@24gliwice","twitter_site":"@24gliwice","twitter_misc":{"Napisane przez":"Marcin Fabrykowski","Szacowany czas czytania":"3 minuty"},"schema":{"@context":"https:\/\/schema.org","@graph":[{"@type":"Article","@id":"https:\/\/www.24gliwice.pl\/wiadomosci\/kilkaset-bezplatnych-wejsciowek-do-wszystkich-atrakcji-europy-centralnej\/#article","isPartOf":{"@id":"https:\/\/www.24gliwice.pl\/wiadomosci\/kilkaset-bezplatnych-wejsciowek-do-wszystkich-atrakcji-europy-centralnej\/"},"author":{"name":"Marcin Fabrykowski","@id":"https:\/\/www.24gliwice.pl\/wiadomosci\/#\/schema\/person\/cb5857e4a4d048c15984c1edcc8ef0c0"},"headline":"Kilkaset bezp\u0142atnych wej\u015bci\u00f3wek do wszystkich atrakcji Europy Centralnej","datePublished":"2022-02-11T15:33:29+00:00","dateModified":"2022-02-11T15:48:53+00:00","mainEntityOfPage":{"@id":"https:\/\/www.24gliwice.pl\/wiadomosci\/kilkaset-bezplatnych-wejsciowek-do-wszystkich-atrakcji-europy-centralnej\/"},"wordCount":667,"publisher":{"@id":"https:\/\/www.24gliwice.pl\/wiadomosci\/#organization"},"image":{"@id":"https:\/\/www.24gliwice.pl\/wiadomosci\/kilkaset-bezplatnych-wejsciowek-do-wszystkich-atrakcji-europy-centralnej\/#primaryimage"},"thumbnailUrl":"https:\/\/www.24gliwice.pl\/wiadomosci\/wp-content\/uploads\/2022\/02\/fot.-crazy_carts-001.jpg","keywords":["EUROPA CENTRALNA"],"articleSection":["Gliwice","Kultura, wydarzenia, imprezy","Najnowsze wiadomo\u015bci","Polecamy"],"inLanguage":"pl-PL"},{"@type":"WebPage","@id":"https:\/\/www.24gliwice.pl\/wiadomosci\/kilkaset-bezplatnych-wejsciowek-do-wszystkich-atrakcji-europy-centralnej\/","url":"https:\/\/www.24gliwice.pl\/wiadomosci\/kilkaset-bezplatnych-wejsciowek-do-wszystkich-atrakcji-europy-centralnej\/","name":"Kilkaset bezp\u0142atnych wej\u015bci\u00f3wek do wszystkich atrakcji Europy Centralnej - 24GLIWICE - Portal Gliwice | codziennie nowe informacje","isPartOf":{"@id":"https:\/\/www.24gliwice.pl\/wiadomosci\/#website"},"primaryImageOfPage":{"@id":"https:\/\/www.24gliwice.pl\/wiadomosci\/kilkaset-bezplatnych-wejsciowek-do-wszystkich-atrakcji-europy-centralnej\/#primaryimage"},"image":{"@id":"https:\/\/www.24gliwice.pl\/wiadomosci\/kilkaset-bezplatnych-wejsciowek-do-wszystkich-atrakcji-europy-centralnej\/#primaryimage"},"thumbnailUrl":"https:\/\/www.24gliwice.pl\/wiadomosci\/wp-content\/uploads\/2022\/02\/fot.-crazy_carts-001.jpg","datePublished":"2022-02-11T15:33:29+00:00","dateModified":"2022-02-11T15:48:53+00:00","breadcrumb":{"@id":"https:\/\/www.24gliwice.pl\/wiadomosci\/kilkaset-bezplatnych-wejsciowek-do-wszystkich-atrakcji-europy-centralnej\/#breadcrumb"},"inLanguage":"pl-PL","potentialAction":[{"@type":"ReadAction","target":["https:\/\/www.24gliwice.pl\/wiadomosci\/kilkaset-bezplatnych-wejsciowek-do-wszystkich-atrakcji-europy-centralnej\/"]}]},{"@type":"ImageObject","inLanguage":"pl-PL","@id":"https:\/\/www.24gliwice.pl\/wiadomosci\/kilkaset-bezplatnych-wejsciowek-do-wszystkich-atrakcji-europy-centralnej\/#primaryimage","url":"https:\/\/www.24gliwice.pl\/wiadomosci\/wp-content\/uploads\/2022\/02\/fot.-crazy_carts-001.jpg","contentUrl":"https:\/\/www.24gliwice.pl\/wiadomosci\/wp-content\/uploads\/2022\/02\/fot.-crazy_carts-001.jpg","width":810,"height":620,"caption":"mat. prasowe Europa Centralna"},{"@type":"BreadcrumbList","@id":"https:\/\/www.24gliwice.pl\/wiadomosci\/kilkaset-bezplatnych-wejsciowek-do-wszystkich-atrakcji-europy-centralnej\/#breadcrumb","itemListElement":[{"@type":"ListItem","position":1,"name":"Strona g\u0142\u00f3wna","item":"https:\/\/www.24gliwice.pl\/wiadomosci\/"},{"@type":"ListItem","position":2,"name":"Kilkaset bezp\u0142atnych wej\u015bci\u00f3wek do wszystkich atrakcji Europy Centralnej"}]},{"@type":"WebSite","@id":"https:\/\/www.24gliwice.pl\/wiadomosci\/#website","url":"https:\/\/www.24gliwice.pl\/wiadomosci\/","name":"24GLIWICE - Portal Gliwice | codziennie nowe wiadomo\u015bci","description":"Portal Miejski Gliwice","publisher":{"@id":"https:\/\/www.24gliwice.pl\/wiadomosci\/#organization"},"potentialAction":[{"@type":"SearchAction","target":{"@type":"EntryPoint","urlTemplate":"https:\/\/www.24gliwice.pl\/wiadomosci\/?s={search_term_string}"},"query-input":{"@type":"PropertyValueSpecification","valueRequired":true,"valueName":"search_term_string"}}],"inLanguage":"pl-PL"},{"@type":"Organization","@id":"https:\/\/www.24gliwice.pl\/wiadomosci\/#organization","name":"24gliwice","url":"https:\/\/www.24gliwice.pl\/wiadomosci\/","logo":{"@type":"ImageObject","inLanguage":"pl-PL","@id":"https:\/\/www.24gliwice.pl\/wiadomosci\/#\/schema\/logo\/image\/","url":"https:\/\/www.24gliwice.pl\/wiadomosci\/wp-content\/uploads\/2024\/10\/24gliwice-logo-696.jpg","contentUrl":"https:\/\/www.24gliwice.pl\/wiadomosci\/wp-content\/uploads\/2024\/10\/24gliwice-logo-696.jpg","width":696,"height":696,"caption":"24gliwice"},"image":{"@id":"https:\/\/www.24gliwice.pl\/wiadomosci\/#\/schema\/logo\/image\/"},"sameAs":["https:\/\/www.facebook.com\/24gliwice","https:\/\/x.com\/24gliwice","https:\/\/www.youtube.com\/@24gliwice"]},{"@type":"Person","@id":"https:\/\/www.24gliwice.pl\/wiadomosci\/#\/schema\/person\/cb5857e4a4d048c15984c1edcc8ef0c0","name":"Marcin Fabrykowski","image":{"@type":"ImageObject","inLanguage":"pl-PL","@id":"https:\/\/www.24gliwice.pl\/wiadomosci\/wp-content\/uploads\/2025\/11\/zdjecie-moje-marcin-300-96x96.jpg","url":"https:\/\/www.24gliwice.pl\/wiadomosci\/wp-content\/uploads\/2025\/11\/zdjecie-moje-marcin-300-96x96.jpg","contentUrl":"https:\/\/www.24gliwice.pl\/wiadomosci\/wp-content\/uploads\/2025\/11\/zdjecie-moje-marcin-300-96x96.jpg","caption":"Marcin Fabrykowski"},"sameAs":["http:\/\/24gliwice.pl","https:\/\/www.facebook.com\/marcin.fabrykowski"],"url":"https:\/\/www.24gliwice.pl\/wiadomosci\/author\/marcin-fabrykowski\/"}]}},"_links":{"self":[{"href":"https:\/\/www.24gliwice.pl\/wiadomosci\/wp-json\/wp\/v2\/posts\/186396","targetHints":{"allow":["GET"]}}],"collection":[{"href":"https:\/\/www.24gliwice.pl\/wiadomosci\/wp-json\/wp\/v2\/posts"}],"about":[{"href":"https:\/\/www.24gliwice.pl\/wiadomosci\/wp-json\/wp\/v2\/types\/post"}],"author":[{"embeddable":true,"href":"https:\/\/www.24gliwice.pl\/wiadomosci\/wp-json\/wp\/v2\/users\/4"}],"replies":[{"embeddable":true,"href":"https:\/\/www.24gliwice.pl\/wiadomosci\/wp-json\/wp\/v2\/comments?post=186396"}],"version-history":[{"count":11,"href":"https:\/\/www.24gliwice.pl\/wiadomosci\/wp-json\/wp\/v2\/posts\/186396\/revisions"}],"predecessor-version":[{"id":186415,"href":"https:\/\/www.24gliwice.pl\/wiadomosci\/wp-json\/wp\/v2\/posts\/186396\/revisions\/186415"}],"wp:featuredmedia":[{"embeddable":true,"href":"https:\/\/www.24gliwice.pl\/wiadomosci\/wp-json\/wp\/v2\/media\/186413"}],"wp:attachment":[{"href":"https:\/\/www.24gliwice.pl\/wiadomosci\/wp-json\/wp\/v2\/media?parent=186396"}],"wp:term":[{"taxonomy":"category","embeddable":true,"href":"https:\/\/www.24gliwice.pl\/wiadomosci\/wp-json\/wp\/v2\/categories?post=186396"},{"taxonomy":"post_tag","embeddable":true,"href":"https:\/\/www.24gliwice.pl\/wiadomosci\/wp-json\/wp\/v2\/tags?post=186396"}],"curies":[{"name":"wp","href":"https:\/\/api.w.org\/{rel}","templated":true}]}}