{"id":186787,"date":"2022-02-18T12:37:19","date_gmt":"2022-02-18T11:37:19","guid":{"rendered":"https:\/\/www.24gliwice.pl\/wiadomosci\/?p=186787"},"modified":"2022-02-18T12:38:21","modified_gmt":"2022-02-18T11:38:21","slug":"kontrasty-czyli-czern-i-biel-wernisaz-wystawy-w-galerii-na6","status":"publish","type":"post","link":"https:\/\/www.24gliwice.pl\/wiadomosci\/kontrasty-czyli-czern-i-biel-wernisaz-wystawy-w-galerii-na6\/","title":{"rendered":"&#8220;Kontrasty&#8221; czyli czer\u0144 i biel. Wernisa\u017c wystawy w galerii na6 ju\u017c w najbli\u017csz\u0105 sobot\u0119"},"content":{"rendered":"<div class=\"gliwi-a6-nad-leadem-artykulow gliwi-entity-placement\" id=\"gliwi-2588900944\"><div class=\"gliwi-adlabel\"><span style=\"font-size: 9px\">REKLAMA<\/span><\/div><div id=\"gliwi-3754753272\" style=\"margin-bottom: 30px;margin-left: auto;margin-right: auto;text-align: center;\"><a data-no-instant=\"1\" href=\"https:\/\/przedszkole.halogen.org.pl\/\" rel=\"noopener\" class=\"a2t-link\" target=\"_blank\" aria-label=\"20260402-ANIMATOR-przedszkole_grafika_750x200\"><img loading=\"lazy\" decoding=\"async\" src=\"https:\/\/www.24gliwice.pl\/wiadomosci\/wp-content\/uploads\/2026\/04\/20260402-ANIMATOR-przedszkole_grafika_750x200.webp\" alt=\"\"  srcset=\"https:\/\/www.24gliwice.pl\/wiadomosci\/wp-content\/uploads\/2026\/04\/20260402-ANIMATOR-przedszkole_grafika_750x200.webp 750w, https:\/\/www.24gliwice.pl\/wiadomosci\/wp-content\/uploads\/2026\/04\/20260402-ANIMATOR-przedszkole_grafika_750x200-410x109.webp 410w\" sizes=\"(max-width: 750px) 100vw, 750px\" class=\"no-lazyload\" width=\"750\" height=\"200\"  style=\"display: inline-block; max-width: 100%; height: auto;\" \/><\/a><\/div><\/div><h2>Galeria fotografii na6 (ul. Matejki 6) zaprasza na kolejn\u0105 wystaw\u0119. W sobot\u0119, 19 lutego, swoje \u201eKontrasty\u201d zaprezentuje Daniel Mr\u00f3z.<\/h2>\n<p>&nbsp;<br \/>\nWernisa\u017c z udzia\u0142em artysty rozpocznie si\u0119 o godzinie 14:00. Na ekspozycji b\u0119dzie mo\u017cna zobaczy\u0107 tytu\u0142owe kontrasty \u2013 czer\u0144 i biel, \u0142agodno\u015b\u0107 i agresj\u0119.<\/p>\n<p>\u2013 <em>Przestrzen\u0301 i struktura, kt\u00f3ra powsta\u0142a na fotografiach, to upust pewnych emocji. Emocji kt\u00f3re nawarstwia\u0142y i kumulowa\u0142y sie\u0328 w mojej g\u0142owie \u2013 g\u0142owie aktywnego uczestnika i obserwatora z\u0307ycia spo\u0142eczno-kulturalnego, emocji cze\u0328sto burzliwych i niejednokrotnie sprzecznych, a wre\u0328cz dualistycznych<\/em> \u2013 m\u00f3wi <strong>Daniel Mr\u00f3z<\/strong>.<\/p><div class=\"gliwi-a3-w-tresci-artykulow gliwi-entity-placement\" id=\"gliwi-3952104403\"><div class=\"gliwi-adlabel\"><span style=\"font-size: 9px\">REKLAMA<\/span><\/div><div id=\"gliwi-1351425971\" style=\"margin-bottom: 30px;margin-left: auto;margin-right: auto;text-align: center;\"><a data-no-instant=\"1\" href=\"https:\/\/ogrodyandersa.pl\/\" rel=\"noopener\" class=\"a2t-link\" target=\"_blank\" aria-label=\"20260415 Ogrody Andersa KUP TERAZ D\"><img loading=\"lazy\" decoding=\"async\" src=\"https:\/\/www.24gliwice.pl\/wiadomosci\/wp-content\/uploads\/2026\/04\/20260415-Ogrody-Andersa-KUP-TERAZ-D.jpg\" alt=\"\"  srcset=\"https:\/\/www.24gliwice.pl\/wiadomosci\/wp-content\/uploads\/2026\/04\/20260415-Ogrody-Andersa-KUP-TERAZ-D.jpg 750w, https:\/\/www.24gliwice.pl\/wiadomosci\/wp-content\/uploads\/2026\/04\/20260415-Ogrody-Andersa-KUP-TERAZ-D-410x109.jpg 410w\" sizes=\"(max-width: 750px) 100vw, 750px\" class=\"no-lazyload\" width=\"750\" height=\"200\"  style=\"display: inline-block; max-width: 100%; height: auto;\" \/><\/a><\/div><\/div>\n<p>Wystaw\u0119 b\u0119dzie mo\u017cna ogl\u0105da\u0107 do 13 marca. Wst\u0119p wolny.<\/p>\n<p>(\u017cms)\/UM Gliwice<br \/>\nfot. mat. organizatora<\/p>\n<div class=\"gliwi-a5-na-koncu-artykulow gliwi-entity-placement\" id=\"gliwi-3332743760\"><div class=\"gliwi-adlabel\"><span style=\"font-size: 9px\">REKLAMA<\/span><\/div><div id=\"gliwi-3991019897\" style=\"margin-left: auto;margin-right: auto;text-align: center;\"><a data-no-instant=\"1\" href=\"https:\/\/prezeroarenagliwice.pl\/\" rel=\"noopener\" class=\"a2t-link\" target=\"_blank\" aria-label=\"20260309-PREZERO-WIOSNA-D\"><img loading=\"lazy\" decoding=\"async\" src=\"https:\/\/www.24gliwice.pl\/wiadomosci\/wp-content\/uploads\/2026\/03\/20260309-PREZERO-WIOSNA-D.webp\" alt=\"\"  srcset=\"https:\/\/www.24gliwice.pl\/wiadomosci\/wp-content\/uploads\/2026\/03\/20260309-PREZERO-WIOSNA-D.webp 750w, https:\/\/www.24gliwice.pl\/wiadomosci\/wp-content\/uploads\/2026\/03\/20260309-PREZERO-WIOSNA-D-410x109.webp 410w\" sizes=\"(max-width: 750px) 100vw, 750px\" class=\"no-lazyload\" width=\"750\" height=\"200\"  style=\"display: inline-block; max-width: 100%; height: auto;\" \/><\/a><\/div><\/div>","protected":false},"excerpt":{"rendered":"<p>Galeria fotografii na6 (ul. Matejki 6) zaprasza na kolejn\u0105 wystaw\u0119. W sobot\u0119, 19 lutego, swoje \u201eKontrasty\u201d zaprezentuje Daniel Mr\u00f3z. &nbsp; Wernisa\u017c z udzia\u0142em artysty rozpocznie si\u0119 o godzinie 14:00. Na ekspozycji b\u0119dzie mo\u017cna zobaczy\u0107 tytu\u0142owe kontrasty \u2013 czer\u0144 i biel, \u0142agodno\u015b\u0107 i agresj\u0119. \u2013 Przestrzen\u0301 i struktura, kt\u00f3ra powsta\u0142a na fotografiach, to upust pewnych emocji. [&hellip;]<\/p>\n","protected":false},"author":15,"featured_media":186790,"comment_status":"open","ping_status":"closed","sticky":false,"template":"","format":"standard","meta":{"_monsterinsights_skip_tracking":false,"_monsterinsights_sitenote_active":false,"_monsterinsights_sitenote_note":"","_monsterinsights_sitenote_category":0,"footnotes":"","_links_to":"","_links_to_target":""},"categories":[3,6,1],"tags":[],"class_list":["post-186787","post","type-post","status-publish","format-standard","has-post-thumbnail","hentry","category-gliwice","category-kultura","category-wszystko"],"yoast_head":"<!-- This site is optimized with the Yoast SEO plugin v27.4 - https:\/\/yoast.com\/product\/yoast-seo-wordpress\/ -->\n<title>&quot;Kontrasty&quot; czyli czer\u0144 i biel. Wernisa\u017c wystawy w galerii na6 ju\u017c w najbli\u017csz\u0105 sobot\u0119 - 24GLIWICE - Portal Gliwice | codziennie nowe informacje<\/title>\n<meta name=\"description\" content=\"Wystawa zdj\u0119\u0107 Daniela Mroza pod tytu\u0142em &quot;Kontrasty&quot;. 19 lutego zaplanowano wernisa\u017c. Ekspozycj\u0119 mo\u017cna ogl\u0105da\u0107 do 13 marca\" \/>\n<meta name=\"robots\" content=\"index, follow, max-snippet:-1, max-image-preview:large, max-video-preview:-1\" \/>\n<link rel=\"canonical\" href=\"https:\/\/www.24gliwice.pl\/wiadomosci\/kontrasty-czyli-czern-i-biel-wernisaz-wystawy-w-galerii-na6\/\" \/>\n<meta property=\"og:locale\" content=\"pl_PL\" \/>\n<meta property=\"og:type\" content=\"article\" \/>\n<meta property=\"og:title\" content=\"&quot;Kontrasty&quot; czyli czer\u0144 i biel. Wernisa\u017c wystawy w galerii na6 ju\u017c w najbli\u017csz\u0105 sobot\u0119 - 24GLIWICE - Portal Gliwice | codziennie nowe informacje\" \/>\n<meta property=\"og:description\" content=\"Wystawa zdj\u0119\u0107 Daniela Mroza pod tytu\u0142em &quot;Kontrasty&quot;. 19 lutego zaplanowano wernisa\u017c. Ekspozycj\u0119 mo\u017cna ogl\u0105da\u0107 do 13 marca\" \/>\n<meta property=\"og:url\" content=\"https:\/\/www.24gliwice.pl\/wiadomosci\/kontrasty-czyli-czern-i-biel-wernisaz-wystawy-w-galerii-na6\/\" \/>\n<meta property=\"og:site_name\" content=\"24GLIWICE - Portal Gliwice | codziennie nowe informacje\" \/>\n<meta property=\"article:publisher\" content=\"https:\/\/www.facebook.com\/24gliwice\" \/>\n<meta property=\"article:published_time\" content=\"2022-02-18T11:37:19+00:00\" \/>\n<meta property=\"article:modified_time\" content=\"2022-02-18T11:38:21+00:00\" \/>\n<meta property=\"og:image\" content=\"https:\/\/www.24gliwice.pl\/wiadomosci\/wp-content\/uploads\/2022\/02\/kontrasty-daniel-mroz.jpg\" \/>\n\t<meta property=\"og:image:width\" content=\"810\" \/>\n\t<meta property=\"og:image:height\" content=\"457\" \/>\n\t<meta property=\"og:image:type\" content=\"image\/jpeg\" \/>\n<meta name=\"author\" content=\"\u017baneta Mrozek-Siewierska\" \/>\n<meta name=\"twitter:card\" content=\"summary_large_image\" \/>\n<meta name=\"twitter:creator\" content=\"@24gliwice\" \/>\n<meta name=\"twitter:site\" content=\"@24gliwice\" \/>\n<meta name=\"twitter:label1\" content=\"Napisane przez\" \/>\n\t<meta name=\"twitter:data1\" content=\"\u017baneta Mrozek-Siewierska\" \/>\n\t<meta name=\"twitter:label2\" content=\"Szacowany czas czytania\" \/>\n\t<meta name=\"twitter:data2\" content=\"1 minuta\" \/>\n<script type=\"application\/ld+json\" class=\"yoast-schema-graph\">{\"@context\":\"https:\\\/\\\/schema.org\",\"@graph\":[{\"@type\":\"Article\",\"@id\":\"https:\\\/\\\/www.24gliwice.pl\\\/wiadomosci\\\/kontrasty-czyli-czern-i-biel-wernisaz-wystawy-w-galerii-na6\\\/#article\",\"isPartOf\":{\"@id\":\"https:\\\/\\\/www.24gliwice.pl\\\/wiadomosci\\\/kontrasty-czyli-czern-i-biel-wernisaz-wystawy-w-galerii-na6\\\/\"},\"author\":{\"name\":\"\u017baneta Mrozek-Siewierska\",\"@id\":\"https:\\\/\\\/www.24gliwice.pl\\\/wiadomosci\\\/#\\\/schema\\\/person\\\/e42c650edd7f2fa332be3811fb166b6e\"},\"headline\":\"&#8220;Kontrasty&#8221; czyli czer\u0144 i biel. Wernisa\u017c wystawy w galerii na6 ju\u017c w najbli\u017csz\u0105 sobot\u0119\",\"datePublished\":\"2022-02-18T11:37:19+00:00\",\"dateModified\":\"2022-02-18T11:38:21+00:00\",\"mainEntityOfPage\":{\"@id\":\"https:\\\/\\\/www.24gliwice.pl\\\/wiadomosci\\\/kontrasty-czyli-czern-i-biel-wernisaz-wystawy-w-galerii-na6\\\/\"},\"wordCount\":129,\"commentCount\":0,\"publisher\":{\"@id\":\"https:\\\/\\\/www.24gliwice.pl\\\/wiadomosci\\\/#organization\"},\"image\":{\"@id\":\"https:\\\/\\\/www.24gliwice.pl\\\/wiadomosci\\\/kontrasty-czyli-czern-i-biel-wernisaz-wystawy-w-galerii-na6\\\/#primaryimage\"},\"thumbnailUrl\":\"https:\\\/\\\/www.24gliwice.pl\\\/wiadomosci\\\/wp-content\\\/uploads\\\/2022\\\/02\\\/kontrasty-daniel-mroz.jpg\",\"articleSection\":[\"Gliwice\",\"Kultura, wydarzenia, imprezy\",\"Najnowsze wiadomo\u015bci\"],\"inLanguage\":\"pl-PL\",\"potentialAction\":[{\"@type\":\"CommentAction\",\"name\":\"Comment\",\"target\":[\"https:\\\/\\\/www.24gliwice.pl\\\/wiadomosci\\\/kontrasty-czyli-czern-i-biel-wernisaz-wystawy-w-galerii-na6\\\/#respond\"]}]},{\"@type\":\"WebPage\",\"@id\":\"https:\\\/\\\/www.24gliwice.pl\\\/wiadomosci\\\/kontrasty-czyli-czern-i-biel-wernisaz-wystawy-w-galerii-na6\\\/\",\"url\":\"https:\\\/\\\/www.24gliwice.pl\\\/wiadomosci\\\/kontrasty-czyli-czern-i-biel-wernisaz-wystawy-w-galerii-na6\\\/\",\"name\":\"\\\"Kontrasty\\\" czyli czer\u0144 i biel. Wernisa\u017c wystawy w galerii na6 ju\u017c w najbli\u017csz\u0105 sobot\u0119 - 24GLIWICE - Portal Gliwice | codziennie nowe informacje\",\"isPartOf\":{\"@id\":\"https:\\\/\\\/www.24gliwice.pl\\\/wiadomosci\\\/#website\"},\"primaryImageOfPage\":{\"@id\":\"https:\\\/\\\/www.24gliwice.pl\\\/wiadomosci\\\/kontrasty-czyli-czern-i-biel-wernisaz-wystawy-w-galerii-na6\\\/#primaryimage\"},\"image\":{\"@id\":\"https:\\\/\\\/www.24gliwice.pl\\\/wiadomosci\\\/kontrasty-czyli-czern-i-biel-wernisaz-wystawy-w-galerii-na6\\\/#primaryimage\"},\"thumbnailUrl\":\"https:\\\/\\\/www.24gliwice.pl\\\/wiadomosci\\\/wp-content\\\/uploads\\\/2022\\\/02\\\/kontrasty-daniel-mroz.jpg\",\"datePublished\":\"2022-02-18T11:37:19+00:00\",\"dateModified\":\"2022-02-18T11:38:21+00:00\",\"description\":\"Wystawa zdj\u0119\u0107 Daniela Mroza pod tytu\u0142em \\\"Kontrasty\\\". 19 lutego zaplanowano wernisa\u017c. Ekspozycj\u0119 mo\u017cna ogl\u0105da\u0107 do 13 marca\",\"breadcrumb\":{\"@id\":\"https:\\\/\\\/www.24gliwice.pl\\\/wiadomosci\\\/kontrasty-czyli-czern-i-biel-wernisaz-wystawy-w-galerii-na6\\\/#breadcrumb\"},\"inLanguage\":\"pl-PL\",\"potentialAction\":[{\"@type\":\"ReadAction\",\"target\":[\"https:\\\/\\\/www.24gliwice.pl\\\/wiadomosci\\\/kontrasty-czyli-czern-i-biel-wernisaz-wystawy-w-galerii-na6\\\/\"]}]},{\"@type\":\"ImageObject\",\"inLanguage\":\"pl-PL\",\"@id\":\"https:\\\/\\\/www.24gliwice.pl\\\/wiadomosci\\\/kontrasty-czyli-czern-i-biel-wernisaz-wystawy-w-galerii-na6\\\/#primaryimage\",\"url\":\"https:\\\/\\\/www.24gliwice.pl\\\/wiadomosci\\\/wp-content\\\/uploads\\\/2022\\\/02\\\/kontrasty-daniel-mroz.jpg\",\"contentUrl\":\"https:\\\/\\\/www.24gliwice.pl\\\/wiadomosci\\\/wp-content\\\/uploads\\\/2022\\\/02\\\/kontrasty-daniel-mroz.jpg\",\"width\":810,\"height\":457,\"caption\":\"fot. Daniel Mr\u00f3z\"},{\"@type\":\"BreadcrumbList\",\"@id\":\"https:\\\/\\\/www.24gliwice.pl\\\/wiadomosci\\\/kontrasty-czyli-czern-i-biel-wernisaz-wystawy-w-galerii-na6\\\/#breadcrumb\",\"itemListElement\":[{\"@type\":\"ListItem\",\"position\":1,\"name\":\"Strona g\u0142\u00f3wna\",\"item\":\"https:\\\/\\\/www.24gliwice.pl\\\/wiadomosci\\\/\"},{\"@type\":\"ListItem\",\"position\":2,\"name\":\"&#8222;Kontrasty&#8221; czyli czer\u0144 i biel. Wernisa\u017c wystawy w galerii na6 ju\u017c w najbli\u017csz\u0105 sobot\u0119\"}]},{\"@type\":\"WebSite\",\"@id\":\"https:\\\/\\\/www.24gliwice.pl\\\/wiadomosci\\\/#website\",\"url\":\"https:\\\/\\\/www.24gliwice.pl\\\/wiadomosci\\\/\",\"name\":\"24GLIWICE - Portal Gliwice | codziennie nowe wiadomo\u015bci\",\"description\":\"Portal Miejski Gliwice\",\"publisher\":{\"@id\":\"https:\\\/\\\/www.24gliwice.pl\\\/wiadomosci\\\/#organization\"},\"potentialAction\":[{\"@type\":\"SearchAction\",\"target\":{\"@type\":\"EntryPoint\",\"urlTemplate\":\"https:\\\/\\\/www.24gliwice.pl\\\/wiadomosci\\\/?s={search_term_string}\"},\"query-input\":{\"@type\":\"PropertyValueSpecification\",\"valueRequired\":true,\"valueName\":\"search_term_string\"}}],\"inLanguage\":\"pl-PL\"},{\"@type\":\"Organization\",\"@id\":\"https:\\\/\\\/www.24gliwice.pl\\\/wiadomosci\\\/#organization\",\"name\":\"24gliwice\",\"url\":\"https:\\\/\\\/www.24gliwice.pl\\\/wiadomosci\\\/\",\"logo\":{\"@type\":\"ImageObject\",\"inLanguage\":\"pl-PL\",\"@id\":\"https:\\\/\\\/www.24gliwice.pl\\\/wiadomosci\\\/#\\\/schema\\\/logo\\\/image\\\/\",\"url\":\"https:\\\/\\\/www.24gliwice.pl\\\/wiadomosci\\\/wp-content\\\/uploads\\\/2024\\\/10\\\/24gliwice-logo-696.jpg\",\"contentUrl\":\"https:\\\/\\\/www.24gliwice.pl\\\/wiadomosci\\\/wp-content\\\/uploads\\\/2024\\\/10\\\/24gliwice-logo-696.jpg\",\"width\":696,\"height\":696,\"caption\":\"24gliwice\"},\"image\":{\"@id\":\"https:\\\/\\\/www.24gliwice.pl\\\/wiadomosci\\\/#\\\/schema\\\/logo\\\/image\\\/\"},\"sameAs\":[\"https:\\\/\\\/www.facebook.com\\\/24gliwice\",\"https:\\\/\\\/x.com\\\/24gliwice\",\"https:\\\/\\\/www.youtube.com\\\/@24gliwice\"]},{\"@type\":\"Person\",\"@id\":\"https:\\\/\\\/www.24gliwice.pl\\\/wiadomosci\\\/#\\\/schema\\\/person\\\/e42c650edd7f2fa332be3811fb166b6e\",\"name\":\"\u017baneta Mrozek-Siewierska\",\"image\":{\"@type\":\"ImageObject\",\"inLanguage\":\"pl-PL\",\"@id\":\"https:\\\/\\\/www.24gliwice.pl\\\/wiadomosci\\\/wp-content\\\/uploads\\\/2021\\\/11\\\/Zaneta-M_S-zdjecie-czb-96x96.jpg\",\"url\":\"https:\\\/\\\/www.24gliwice.pl\\\/wiadomosci\\\/wp-content\\\/uploads\\\/2021\\\/11\\\/Zaneta-M_S-zdjecie-czb-96x96.jpg\",\"contentUrl\":\"https:\\\/\\\/www.24gliwice.pl\\\/wiadomosci\\\/wp-content\\\/uploads\\\/2021\\\/11\\\/Zaneta-M_S-zdjecie-czb-96x96.jpg\",\"caption\":\"\u017baneta Mrozek-Siewierska\"},\"url\":\"https:\\\/\\\/www.24gliwice.pl\\\/wiadomosci\\\/author\\\/zms\\\/\"}]}<\/script>\n<!-- \/ Yoast SEO plugin. -->","yoast_head_json":{"title":"\"Kontrasty\" czyli czer\u0144 i biel. Wernisa\u017c wystawy w galerii na6 ju\u017c w najbli\u017csz\u0105 sobot\u0119 - 24GLIWICE - Portal Gliwice | codziennie nowe informacje","description":"Wystawa zdj\u0119\u0107 Daniela Mroza pod tytu\u0142em \"Kontrasty\". 19 lutego zaplanowano wernisa\u017c. Ekspozycj\u0119 mo\u017cna ogl\u0105da\u0107 do 13 marca","robots":{"index":"index","follow":"follow","max-snippet":"max-snippet:-1","max-image-preview":"max-image-preview:large","max-video-preview":"max-video-preview:-1"},"canonical":"https:\/\/www.24gliwice.pl\/wiadomosci\/kontrasty-czyli-czern-i-biel-wernisaz-wystawy-w-galerii-na6\/","og_locale":"pl_PL","og_type":"article","og_title":"\"Kontrasty\" czyli czer\u0144 i biel. Wernisa\u017c wystawy w galerii na6 ju\u017c w najbli\u017csz\u0105 sobot\u0119 - 24GLIWICE - Portal Gliwice | codziennie nowe informacje","og_description":"Wystawa zdj\u0119\u0107 Daniela Mroza pod tytu\u0142em \"Kontrasty\". 19 lutego zaplanowano wernisa\u017c. Ekspozycj\u0119 mo\u017cna ogl\u0105da\u0107 do 13 marca","og_url":"https:\/\/www.24gliwice.pl\/wiadomosci\/kontrasty-czyli-czern-i-biel-wernisaz-wystawy-w-galerii-na6\/","og_site_name":"24GLIWICE - Portal Gliwice | codziennie nowe informacje","article_publisher":"https:\/\/www.facebook.com\/24gliwice","article_published_time":"2022-02-18T11:37:19+00:00","article_modified_time":"2022-02-18T11:38:21+00:00","og_image":[{"width":810,"height":457,"url":"https:\/\/www.24gliwice.pl\/wiadomosci\/wp-content\/uploads\/2022\/02\/kontrasty-daniel-mroz.jpg","type":"image\/jpeg"}],"author":"\u017baneta Mrozek-Siewierska","twitter_card":"summary_large_image","twitter_creator":"@24gliwice","twitter_site":"@24gliwice","twitter_misc":{"Napisane przez":"\u017baneta Mrozek-Siewierska","Szacowany czas czytania":"1 minuta"},"schema":{"@context":"https:\/\/schema.org","@graph":[{"@type":"Article","@id":"https:\/\/www.24gliwice.pl\/wiadomosci\/kontrasty-czyli-czern-i-biel-wernisaz-wystawy-w-galerii-na6\/#article","isPartOf":{"@id":"https:\/\/www.24gliwice.pl\/wiadomosci\/kontrasty-czyli-czern-i-biel-wernisaz-wystawy-w-galerii-na6\/"},"author":{"name":"\u017baneta Mrozek-Siewierska","@id":"https:\/\/www.24gliwice.pl\/wiadomosci\/#\/schema\/person\/e42c650edd7f2fa332be3811fb166b6e"},"headline":"&#8220;Kontrasty&#8221; czyli czer\u0144 i biel. Wernisa\u017c wystawy w galerii na6 ju\u017c w najbli\u017csz\u0105 sobot\u0119","datePublished":"2022-02-18T11:37:19+00:00","dateModified":"2022-02-18T11:38:21+00:00","mainEntityOfPage":{"@id":"https:\/\/www.24gliwice.pl\/wiadomosci\/kontrasty-czyli-czern-i-biel-wernisaz-wystawy-w-galerii-na6\/"},"wordCount":129,"commentCount":0,"publisher":{"@id":"https:\/\/www.24gliwice.pl\/wiadomosci\/#organization"},"image":{"@id":"https:\/\/www.24gliwice.pl\/wiadomosci\/kontrasty-czyli-czern-i-biel-wernisaz-wystawy-w-galerii-na6\/#primaryimage"},"thumbnailUrl":"https:\/\/www.24gliwice.pl\/wiadomosci\/wp-content\/uploads\/2022\/02\/kontrasty-daniel-mroz.jpg","articleSection":["Gliwice","Kultura, wydarzenia, imprezy","Najnowsze wiadomo\u015bci"],"inLanguage":"pl-PL","potentialAction":[{"@type":"CommentAction","name":"Comment","target":["https:\/\/www.24gliwice.pl\/wiadomosci\/kontrasty-czyli-czern-i-biel-wernisaz-wystawy-w-galerii-na6\/#respond"]}]},{"@type":"WebPage","@id":"https:\/\/www.24gliwice.pl\/wiadomosci\/kontrasty-czyli-czern-i-biel-wernisaz-wystawy-w-galerii-na6\/","url":"https:\/\/www.24gliwice.pl\/wiadomosci\/kontrasty-czyli-czern-i-biel-wernisaz-wystawy-w-galerii-na6\/","name":"\"Kontrasty\" czyli czer\u0144 i biel. Wernisa\u017c wystawy w galerii na6 ju\u017c w najbli\u017csz\u0105 sobot\u0119 - 24GLIWICE - Portal Gliwice | codziennie nowe informacje","isPartOf":{"@id":"https:\/\/www.24gliwice.pl\/wiadomosci\/#website"},"primaryImageOfPage":{"@id":"https:\/\/www.24gliwice.pl\/wiadomosci\/kontrasty-czyli-czern-i-biel-wernisaz-wystawy-w-galerii-na6\/#primaryimage"},"image":{"@id":"https:\/\/www.24gliwice.pl\/wiadomosci\/kontrasty-czyli-czern-i-biel-wernisaz-wystawy-w-galerii-na6\/#primaryimage"},"thumbnailUrl":"https:\/\/www.24gliwice.pl\/wiadomosci\/wp-content\/uploads\/2022\/02\/kontrasty-daniel-mroz.jpg","datePublished":"2022-02-18T11:37:19+00:00","dateModified":"2022-02-18T11:38:21+00:00","description":"Wystawa zdj\u0119\u0107 Daniela Mroza pod tytu\u0142em \"Kontrasty\". 19 lutego zaplanowano wernisa\u017c. Ekspozycj\u0119 mo\u017cna ogl\u0105da\u0107 do 13 marca","breadcrumb":{"@id":"https:\/\/www.24gliwice.pl\/wiadomosci\/kontrasty-czyli-czern-i-biel-wernisaz-wystawy-w-galerii-na6\/#breadcrumb"},"inLanguage":"pl-PL","potentialAction":[{"@type":"ReadAction","target":["https:\/\/www.24gliwice.pl\/wiadomosci\/kontrasty-czyli-czern-i-biel-wernisaz-wystawy-w-galerii-na6\/"]}]},{"@type":"ImageObject","inLanguage":"pl-PL","@id":"https:\/\/www.24gliwice.pl\/wiadomosci\/kontrasty-czyli-czern-i-biel-wernisaz-wystawy-w-galerii-na6\/#primaryimage","url":"https:\/\/www.24gliwice.pl\/wiadomosci\/wp-content\/uploads\/2022\/02\/kontrasty-daniel-mroz.jpg","contentUrl":"https:\/\/www.24gliwice.pl\/wiadomosci\/wp-content\/uploads\/2022\/02\/kontrasty-daniel-mroz.jpg","width":810,"height":457,"caption":"fot. Daniel Mr\u00f3z"},{"@type":"BreadcrumbList","@id":"https:\/\/www.24gliwice.pl\/wiadomosci\/kontrasty-czyli-czern-i-biel-wernisaz-wystawy-w-galerii-na6\/#breadcrumb","itemListElement":[{"@type":"ListItem","position":1,"name":"Strona g\u0142\u00f3wna","item":"https:\/\/www.24gliwice.pl\/wiadomosci\/"},{"@type":"ListItem","position":2,"name":"&#8222;Kontrasty&#8221; czyli czer\u0144 i biel. Wernisa\u017c wystawy w galerii na6 ju\u017c w najbli\u017csz\u0105 sobot\u0119"}]},{"@type":"WebSite","@id":"https:\/\/www.24gliwice.pl\/wiadomosci\/#website","url":"https:\/\/www.24gliwice.pl\/wiadomosci\/","name":"24GLIWICE - Portal Gliwice | codziennie nowe wiadomo\u015bci","description":"Portal Miejski Gliwice","publisher":{"@id":"https:\/\/www.24gliwice.pl\/wiadomosci\/#organization"},"potentialAction":[{"@type":"SearchAction","target":{"@type":"EntryPoint","urlTemplate":"https:\/\/www.24gliwice.pl\/wiadomosci\/?s={search_term_string}"},"query-input":{"@type":"PropertyValueSpecification","valueRequired":true,"valueName":"search_term_string"}}],"inLanguage":"pl-PL"},{"@type":"Organization","@id":"https:\/\/www.24gliwice.pl\/wiadomosci\/#organization","name":"24gliwice","url":"https:\/\/www.24gliwice.pl\/wiadomosci\/","logo":{"@type":"ImageObject","inLanguage":"pl-PL","@id":"https:\/\/www.24gliwice.pl\/wiadomosci\/#\/schema\/logo\/image\/","url":"https:\/\/www.24gliwice.pl\/wiadomosci\/wp-content\/uploads\/2024\/10\/24gliwice-logo-696.jpg","contentUrl":"https:\/\/www.24gliwice.pl\/wiadomosci\/wp-content\/uploads\/2024\/10\/24gliwice-logo-696.jpg","width":696,"height":696,"caption":"24gliwice"},"image":{"@id":"https:\/\/www.24gliwice.pl\/wiadomosci\/#\/schema\/logo\/image\/"},"sameAs":["https:\/\/www.facebook.com\/24gliwice","https:\/\/x.com\/24gliwice","https:\/\/www.youtube.com\/@24gliwice"]},{"@type":"Person","@id":"https:\/\/www.24gliwice.pl\/wiadomosci\/#\/schema\/person\/e42c650edd7f2fa332be3811fb166b6e","name":"\u017baneta Mrozek-Siewierska","image":{"@type":"ImageObject","inLanguage":"pl-PL","@id":"https:\/\/www.24gliwice.pl\/wiadomosci\/wp-content\/uploads\/2021\/11\/Zaneta-M_S-zdjecie-czb-96x96.jpg","url":"https:\/\/www.24gliwice.pl\/wiadomosci\/wp-content\/uploads\/2021\/11\/Zaneta-M_S-zdjecie-czb-96x96.jpg","contentUrl":"https:\/\/www.24gliwice.pl\/wiadomosci\/wp-content\/uploads\/2021\/11\/Zaneta-M_S-zdjecie-czb-96x96.jpg","caption":"\u017baneta Mrozek-Siewierska"},"url":"https:\/\/www.24gliwice.pl\/wiadomosci\/author\/zms\/"}]}},"_links":{"self":[{"href":"https:\/\/www.24gliwice.pl\/wiadomosci\/wp-json\/wp\/v2\/posts\/186787","targetHints":{"allow":["GET"]}}],"collection":[{"href":"https:\/\/www.24gliwice.pl\/wiadomosci\/wp-json\/wp\/v2\/posts"}],"about":[{"href":"https:\/\/www.24gliwice.pl\/wiadomosci\/wp-json\/wp\/v2\/types\/post"}],"author":[{"embeddable":true,"href":"https:\/\/www.24gliwice.pl\/wiadomosci\/wp-json\/wp\/v2\/users\/15"}],"replies":[{"embeddable":true,"href":"https:\/\/www.24gliwice.pl\/wiadomosci\/wp-json\/wp\/v2\/comments?post=186787"}],"version-history":[{"count":5,"href":"https:\/\/www.24gliwice.pl\/wiadomosci\/wp-json\/wp\/v2\/posts\/186787\/revisions"}],"predecessor-version":[{"id":186867,"href":"https:\/\/www.24gliwice.pl\/wiadomosci\/wp-json\/wp\/v2\/posts\/186787\/revisions\/186867"}],"wp:featuredmedia":[{"embeddable":true,"href":"https:\/\/www.24gliwice.pl\/wiadomosci\/wp-json\/wp\/v2\/media\/186790"}],"wp:attachment":[{"href":"https:\/\/www.24gliwice.pl\/wiadomosci\/wp-json\/wp\/v2\/media?parent=186787"}],"wp:term":[{"taxonomy":"category","embeddable":true,"href":"https:\/\/www.24gliwice.pl\/wiadomosci\/wp-json\/wp\/v2\/categories?post=186787"},{"taxonomy":"post_tag","embeddable":true,"href":"https:\/\/www.24gliwice.pl\/wiadomosci\/wp-json\/wp\/v2\/tags?post=186787"}],"curies":[{"name":"wp","href":"https:\/\/api.w.org\/{rel}","templated":true}]}}