{"id":186861,"date":"2022-02-21T02:11:54","date_gmt":"2022-02-21T01:11:54","guid":{"rendered":"https:\/\/www.24gliwice.pl\/wiadomosci\/?p=186861"},"modified":"2022-02-21T13:18:47","modified_gmt":"2022-02-21T12:18:47","slug":"druga-edycja-dreamstate-europe-nareszcie-sie-odbedzie-obostrzenia-covidowe-maja-zostac-zniesione","status":"publish","type":"post","link":"https:\/\/www.24gliwice.pl\/wiadomosci\/druga-edycja-dreamstate-europe-nareszcie-sie-odbedzie-obostrzenia-covidowe-maja-zostac-zniesione\/","title":{"rendered":"Druga edycja Dreamstate Europe nareszcie si\u0119 odb\u0119dzie? Obostrzenia covidowe maj\u0105 zosta\u0107 zniesione"},"content":{"rendered":"<div class=\"gliwi-a6-nad-leadem-artykulow gliwi-entity-placement\" id=\"gliwi-1261890456\"><div class=\"gliwi-adlabel\"><span style=\"font-size: 9px\">REKLAMA<\/span><\/div><div id=\"gliwi-3586397486\" style=\"margin-bottom: 30px;margin-left: auto;margin-right: auto;text-align: center;\"><a data-no-instant=\"1\" href=\"https:\/\/przedszkole.halogen.org.pl\/\" rel=\"noopener\" class=\"a2t-link\" target=\"_blank\" aria-label=\"20260402-ANIMATOR-przedszkole_grafika_750x200\"><img loading=\"lazy\" decoding=\"async\" src=\"https:\/\/www.24gliwice.pl\/wiadomosci\/wp-content\/uploads\/2026\/04\/20260402-ANIMATOR-przedszkole_grafika_750x200.webp\" alt=\"\"  srcset=\"https:\/\/www.24gliwice.pl\/wiadomosci\/wp-content\/uploads\/2026\/04\/20260402-ANIMATOR-przedszkole_grafika_750x200.webp 750w, https:\/\/www.24gliwice.pl\/wiadomosci\/wp-content\/uploads\/2026\/04\/20260402-ANIMATOR-przedszkole_grafika_750x200-410x109.webp 410w\" sizes=\"(max-width: 750px) 100vw, 750px\" class=\"no-lazyload\" width=\"750\" height=\"200\"  style=\"display: inline-block; max-width: 100%; height: auto;\" \/><\/a><\/div><\/div><h2>Po premierze oraz spektakularnym sukcesie Dreamstate Europe 2019, na kolejn\u0105 edycj\u0119 wydarzenia trzeba by\u0142o d\u0142ugo czeka\u0107. Przyczyn\u0105 oczywi\u015bcie by\u0142a ci\u0105gn\u0105ca si\u0119 przez dwa lata pandemia. W tym roku impreza ma jednak doj\u015b\u0107 do skutku.<\/h2>\n<p>&nbsp;<br \/>\n&#8211; <em>23 kwietnia 2022 roku w nowoczesnej Arenie Gliwice odb\u0119dzie si\u0119 wydarzenie, kt\u00f3re przeniesie Was w ca\u0142kowicie inny wymiar! Nadchodzi Dreamstate Europe 2022 \u2013 produkcja ze wspania\u0142ym line-up\u2019em, kt\u00f3ra nie ma \u017cadnych granic! Zapraszamy Was ju\u017c teraz na niesamowit\u0105 przygod\u0119, kt\u00f3rej gwarancj\u0105 jest wielkiego rozmachu show, najlepsi \u015bwiatowi arty\u015bci i niebanalne pomys\u0142y!<\/em> &#8211; zapowiadaj\u0105 organizatorzy wydarzenia. <\/p>\n<h4>Przypomnijmy, \u017ce Dreamstate Europe zadebiutowa\u0142 w kwietniu 2019 w hali Arena Gliwice. Kolejn\u0105 edycj\u0119 festiwalu przewidywano w 2020 roku, jednak pandemia pokrzy\u017cowa\u0142a te plany.<\/h4>\n<p>Organizatorzy wyznaczali kolejne daty wydarzenia, jednak ostatecznie ka\u017cdy z tych termin\u00f3w trzeba by\u0142o odwo\u0142a\u0107. Czy teraz wreszcie impreza dojdzie do skutku? Wiele na to wskazuje &#8211; w Polsce zapowiadany jest obecnie koniec pi\u0105tej fali koronawirusa, a obostrzenia sprowadzaj\u0105 si\u0119 w praktyce do ograniczenia liczebno\u015bci niezaszczepionych os\u00f3b na widowni. Dodatkowo w pi\u0105tek Ministerstwo Zdrowia przekaza\u0142o, \u017ce przy malej\u0105cej liczbie nowych zachorowa\u0144 w marcu przewidywane jest cz\u0119\u015bciowe zniesienie obostrze\u0144. <\/p><div class=\"gliwi-a3-w-tresci-artykulow gliwi-entity-placement\" id=\"gliwi-847085815\"><div class=\"gliwi-adlabel\"><span style=\"font-size: 9px\">REKLAMA<\/span><\/div><div id=\"gliwi-1210990740\" style=\"margin-bottom: 30px;margin-left: auto;margin-right: auto;text-align: center;\"><a data-no-instant=\"1\" href=\"https:\/\/zlobek.halogen.org.pl\/\" rel=\"noopener\" class=\"a2t-link\" target=\"_blank\" aria-label=\"animator-zlobek_750x200\"><img loading=\"lazy\" decoding=\"async\" src=\"https:\/\/www.24gliwice.pl\/wiadomosci\/wp-content\/uploads\/2026\/02\/animator-zlobek_750x200.webp\" alt=\"\"  srcset=\"https:\/\/www.24gliwice.pl\/wiadomosci\/wp-content\/uploads\/2026\/02\/animator-zlobek_750x200.webp 750w, https:\/\/www.24gliwice.pl\/wiadomosci\/wp-content\/uploads\/2026\/02\/animator-zlobek_750x200-410x109.webp 410w\" sizes=\"(max-width: 750px) 100vw, 750px\" class=\"no-lazyload\" width=\"750\" height=\"200\"  style=\"display: inline-block; max-width: 100%; height: auto;\" \/><\/a><\/div><\/div>\n<p><iframe loading=\"lazy\" src=\"https:\/\/www.facebook.com\/plugins\/post.php?href=https%3A%2F%2Fwww.facebook.com%2FDreamstatePOL%2Fposts%2F314148284065314&#038;width=500&#038;show_text=true&#038;height=706&#038;appId\" width=\"500\" height=\"706\" style=\"border:none;overflow:hidden\" scrolling=\"no\" frameborder=\"0\" allowfullscreen=\"true\" allow=\"autoplay; clipboard-write; encrypted-media; picture-in-picture; web-share\"><\/iframe><\/p>\n<p>(\u017cms)<br \/>\nfot. arch. 24gliwice.pl<\/p>\n<div class=\"gliwi-a5-na-koncu-artykulow gliwi-entity-placement\" id=\"gliwi-2094312815\"><div class=\"gliwi-adlabel\"><span style=\"font-size: 9px\">REKLAMA<\/span><\/div><div id=\"gliwi-3143739475\" style=\"margin-left: auto;margin-right: auto;text-align: center;\"><a data-no-instant=\"1\" href=\"https:\/\/prezeroarenagliwice.pl\/\" rel=\"noopener\" class=\"a2t-link\" target=\"_blank\" aria-label=\"20260309-PREZERO-WIOSNA-D\"><img loading=\"lazy\" decoding=\"async\" src=\"https:\/\/www.24gliwice.pl\/wiadomosci\/wp-content\/uploads\/2026\/03\/20260309-PREZERO-WIOSNA-D.webp\" alt=\"\"  srcset=\"https:\/\/www.24gliwice.pl\/wiadomosci\/wp-content\/uploads\/2026\/03\/20260309-PREZERO-WIOSNA-D.webp 750w, https:\/\/www.24gliwice.pl\/wiadomosci\/wp-content\/uploads\/2026\/03\/20260309-PREZERO-WIOSNA-D-410x109.webp 410w\" sizes=\"(max-width: 750px) 100vw, 750px\" class=\"no-lazyload\" width=\"750\" height=\"200\"  style=\"display: inline-block; max-width: 100%; height: auto;\" \/><\/a><\/div><\/div>","protected":false},"excerpt":{"rendered":"<p>Po premierze oraz spektakularnym sukcesie Dreamstate Europe 2019, na kolejn\u0105 edycj\u0119 wydarzenia trzeba by\u0142o d\u0142ugo czeka\u0107. Przyczyn\u0105 oczywi\u015bcie by\u0142a ci\u0105gn\u0105ca si\u0119 przez dwa lata pandemia. W tym roku impreza ma jednak doj\u015b\u0107 do skutku. &nbsp; &#8211; 23 kwietnia 2022 roku w nowoczesnej Arenie Gliwice odb\u0119dzie si\u0119 wydarzenie, kt\u00f3re przeniesie Was w ca\u0142kowicie inny wymiar! Nadchodzi [&hellip;]<\/p>\n","protected":false},"author":15,"featured_media":187027,"comment_status":"open","ping_status":"closed","sticky":false,"template":"","format":"standard","meta":{"_monsterinsights_skip_tracking":false,"_monsterinsights_sitenote_active":false,"_monsterinsights_sitenote_note":"","_monsterinsights_sitenote_category":0,"footnotes":"","_links_to":"","_links_to_target":""},"categories":[3,6,1],"tags":[18087,19165],"class_list":["post-186861","post","type-post","status-publish","format-standard","has-post-thumbnail","hentry","category-gliwice","category-kultura","category-wszystko","tag-covid","tag-dreamstate-europe"],"yoast_head":"<!-- This site is optimized with the Yoast SEO plugin v27.4 - https:\/\/yoast.com\/product\/yoast-seo-wordpress\/ -->\n<title>Druga edycja Dreamstate Europe nareszcie si\u0119 odb\u0119dzie? Obostrzenia covidowe maj\u0105 zosta\u0107 zniesione - 24GLIWICE - Portal Gliwice | codziennie nowe informacje<\/title>\n<meta name=\"description\" content=\"Festiwal Dreamstate Europe odb\u0119dzie si\u0119 w Gliwicach 23 kwietnia 2022 roku. Wydarzenie swoj\u0105 premier\u0119 mia\u0142o w 2019 roku\" \/>\n<meta name=\"robots\" content=\"index, follow, max-snippet:-1, max-image-preview:large, max-video-preview:-1\" \/>\n<link rel=\"canonical\" href=\"https:\/\/www.24gliwice.pl\/wiadomosci\/druga-edycja-dreamstate-europe-nareszcie-sie-odbedzie-obostrzenia-covidowe-maja-zostac-zniesione\/\" \/>\n<meta property=\"og:locale\" content=\"pl_PL\" \/>\n<meta property=\"og:type\" content=\"article\" \/>\n<meta property=\"og:title\" content=\"Druga edycja Dreamstate Europe nareszcie si\u0119 odb\u0119dzie? Obostrzenia covidowe maj\u0105 zosta\u0107 zniesione - 24GLIWICE - Portal Gliwice | codziennie nowe informacje\" \/>\n<meta property=\"og:description\" content=\"Festiwal Dreamstate Europe odb\u0119dzie si\u0119 w Gliwicach 23 kwietnia 2022 roku. Wydarzenie swoj\u0105 premier\u0119 mia\u0142o w 2019 roku\" \/>\n<meta property=\"og:url\" content=\"https:\/\/www.24gliwice.pl\/wiadomosci\/druga-edycja-dreamstate-europe-nareszcie-sie-odbedzie-obostrzenia-covidowe-maja-zostac-zniesione\/\" \/>\n<meta property=\"og:site_name\" content=\"24GLIWICE - Portal Gliwice | codziennie nowe informacje\" \/>\n<meta property=\"article:publisher\" content=\"https:\/\/www.facebook.com\/24gliwice\" \/>\n<meta property=\"article:published_time\" content=\"2022-02-21T01:11:54+00:00\" \/>\n<meta property=\"article:modified_time\" content=\"2022-02-21T12:18:47+00:00\" \/>\n<meta property=\"og:image\" content=\"https:\/\/www.24gliwice.pl\/wiadomosci\/wp-content\/uploads\/2022\/02\/arena-wejscie.jpg\" \/>\n\t<meta property=\"og:image:width\" content=\"790\" \/>\n\t<meta property=\"og:image:height\" content=\"423\" \/>\n\t<meta property=\"og:image:type\" content=\"image\/jpeg\" \/>\n<meta name=\"author\" content=\"\u017baneta Mrozek-Siewierska\" \/>\n<meta name=\"twitter:card\" content=\"summary_large_image\" \/>\n<meta name=\"twitter:creator\" content=\"@24gliwice\" \/>\n<meta name=\"twitter:site\" content=\"@24gliwice\" \/>\n<meta name=\"twitter:label1\" content=\"Napisane przez\" \/>\n\t<meta name=\"twitter:data1\" content=\"\u017baneta Mrozek-Siewierska\" \/>\n\t<meta name=\"twitter:label2\" content=\"Szacowany czas czytania\" \/>\n\t<meta name=\"twitter:data2\" content=\"1 minuta\" \/>\n<script type=\"application\/ld+json\" class=\"yoast-schema-graph\">{\"@context\":\"https:\\\/\\\/schema.org\",\"@graph\":[{\"@type\":\"Article\",\"@id\":\"https:\\\/\\\/www.24gliwice.pl\\\/wiadomosci\\\/druga-edycja-dreamstate-europe-nareszcie-sie-odbedzie-obostrzenia-covidowe-maja-zostac-zniesione\\\/#article\",\"isPartOf\":{\"@id\":\"https:\\\/\\\/www.24gliwice.pl\\\/wiadomosci\\\/druga-edycja-dreamstate-europe-nareszcie-sie-odbedzie-obostrzenia-covidowe-maja-zostac-zniesione\\\/\"},\"author\":{\"name\":\"\u017baneta Mrozek-Siewierska\",\"@id\":\"https:\\\/\\\/www.24gliwice.pl\\\/wiadomosci\\\/#\\\/schema\\\/person\\\/e42c650edd7f2fa332be3811fb166b6e\"},\"headline\":\"Druga edycja Dreamstate Europe nareszcie si\u0119 odb\u0119dzie? Obostrzenia covidowe maj\u0105 zosta\u0107 zniesione\",\"datePublished\":\"2022-02-21T01:11:54+00:00\",\"dateModified\":\"2022-02-21T12:18:47+00:00\",\"mainEntityOfPage\":{\"@id\":\"https:\\\/\\\/www.24gliwice.pl\\\/wiadomosci\\\/druga-edycja-dreamstate-europe-nareszcie-sie-odbedzie-obostrzenia-covidowe-maja-zostac-zniesione\\\/\"},\"wordCount\":221,\"commentCount\":0,\"publisher\":{\"@id\":\"https:\\\/\\\/www.24gliwice.pl\\\/wiadomosci\\\/#organization\"},\"image\":{\"@id\":\"https:\\\/\\\/www.24gliwice.pl\\\/wiadomosci\\\/druga-edycja-dreamstate-europe-nareszcie-sie-odbedzie-obostrzenia-covidowe-maja-zostac-zniesione\\\/#primaryimage\"},\"thumbnailUrl\":\"https:\\\/\\\/www.24gliwice.pl\\\/wiadomosci\\\/wp-content\\\/uploads\\\/2022\\\/02\\\/arena-wejscie.jpg\",\"keywords\":[\"covid\",\"dreamstate europe\"],\"articleSection\":[\"Gliwice\",\"Kultura, wydarzenia, imprezy\",\"Najnowsze wiadomo\u015bci\"],\"inLanguage\":\"pl-PL\",\"potentialAction\":[{\"@type\":\"CommentAction\",\"name\":\"Comment\",\"target\":[\"https:\\\/\\\/www.24gliwice.pl\\\/wiadomosci\\\/druga-edycja-dreamstate-europe-nareszcie-sie-odbedzie-obostrzenia-covidowe-maja-zostac-zniesione\\\/#respond\"]}]},{\"@type\":\"WebPage\",\"@id\":\"https:\\\/\\\/www.24gliwice.pl\\\/wiadomosci\\\/druga-edycja-dreamstate-europe-nareszcie-sie-odbedzie-obostrzenia-covidowe-maja-zostac-zniesione\\\/\",\"url\":\"https:\\\/\\\/www.24gliwice.pl\\\/wiadomosci\\\/druga-edycja-dreamstate-europe-nareszcie-sie-odbedzie-obostrzenia-covidowe-maja-zostac-zniesione\\\/\",\"name\":\"Druga edycja Dreamstate Europe nareszcie si\u0119 odb\u0119dzie? Obostrzenia covidowe maj\u0105 zosta\u0107 zniesione - 24GLIWICE - Portal Gliwice | codziennie nowe informacje\",\"isPartOf\":{\"@id\":\"https:\\\/\\\/www.24gliwice.pl\\\/wiadomosci\\\/#website\"},\"primaryImageOfPage\":{\"@id\":\"https:\\\/\\\/www.24gliwice.pl\\\/wiadomosci\\\/druga-edycja-dreamstate-europe-nareszcie-sie-odbedzie-obostrzenia-covidowe-maja-zostac-zniesione\\\/#primaryimage\"},\"image\":{\"@id\":\"https:\\\/\\\/www.24gliwice.pl\\\/wiadomosci\\\/druga-edycja-dreamstate-europe-nareszcie-sie-odbedzie-obostrzenia-covidowe-maja-zostac-zniesione\\\/#primaryimage\"},\"thumbnailUrl\":\"https:\\\/\\\/www.24gliwice.pl\\\/wiadomosci\\\/wp-content\\\/uploads\\\/2022\\\/02\\\/arena-wejscie.jpg\",\"datePublished\":\"2022-02-21T01:11:54+00:00\",\"dateModified\":\"2022-02-21T12:18:47+00:00\",\"description\":\"Festiwal Dreamstate Europe odb\u0119dzie si\u0119 w Gliwicach 23 kwietnia 2022 roku. Wydarzenie swoj\u0105 premier\u0119 mia\u0142o w 2019 roku\",\"breadcrumb\":{\"@id\":\"https:\\\/\\\/www.24gliwice.pl\\\/wiadomosci\\\/druga-edycja-dreamstate-europe-nareszcie-sie-odbedzie-obostrzenia-covidowe-maja-zostac-zniesione\\\/#breadcrumb\"},\"inLanguage\":\"pl-PL\",\"potentialAction\":[{\"@type\":\"ReadAction\",\"target\":[\"https:\\\/\\\/www.24gliwice.pl\\\/wiadomosci\\\/druga-edycja-dreamstate-europe-nareszcie-sie-odbedzie-obostrzenia-covidowe-maja-zostac-zniesione\\\/\"]}]},{\"@type\":\"ImageObject\",\"inLanguage\":\"pl-PL\",\"@id\":\"https:\\\/\\\/www.24gliwice.pl\\\/wiadomosci\\\/druga-edycja-dreamstate-europe-nareszcie-sie-odbedzie-obostrzenia-covidowe-maja-zostac-zniesione\\\/#primaryimage\",\"url\":\"https:\\\/\\\/www.24gliwice.pl\\\/wiadomosci\\\/wp-content\\\/uploads\\\/2022\\\/02\\\/arena-wejscie.jpg\",\"contentUrl\":\"https:\\\/\\\/www.24gliwice.pl\\\/wiadomosci\\\/wp-content\\\/uploads\\\/2022\\\/02\\\/arena-wejscie.jpg\",\"width\":790,\"height\":423,\"caption\":\"fot. archiwum\"},{\"@type\":\"BreadcrumbList\",\"@id\":\"https:\\\/\\\/www.24gliwice.pl\\\/wiadomosci\\\/druga-edycja-dreamstate-europe-nareszcie-sie-odbedzie-obostrzenia-covidowe-maja-zostac-zniesione\\\/#breadcrumb\",\"itemListElement\":[{\"@type\":\"ListItem\",\"position\":1,\"name\":\"Strona g\u0142\u00f3wna\",\"item\":\"https:\\\/\\\/www.24gliwice.pl\\\/wiadomosci\\\/\"},{\"@type\":\"ListItem\",\"position\":2,\"name\":\"Druga edycja Dreamstate Europe nareszcie si\u0119 odb\u0119dzie? Obostrzenia covidowe maj\u0105 zosta\u0107 zniesione\"}]},{\"@type\":\"WebSite\",\"@id\":\"https:\\\/\\\/www.24gliwice.pl\\\/wiadomosci\\\/#website\",\"url\":\"https:\\\/\\\/www.24gliwice.pl\\\/wiadomosci\\\/\",\"name\":\"24GLIWICE - Portal Gliwice | codziennie nowe wiadomo\u015bci\",\"description\":\"Portal Miejski Gliwice\",\"publisher\":{\"@id\":\"https:\\\/\\\/www.24gliwice.pl\\\/wiadomosci\\\/#organization\"},\"potentialAction\":[{\"@type\":\"SearchAction\",\"target\":{\"@type\":\"EntryPoint\",\"urlTemplate\":\"https:\\\/\\\/www.24gliwice.pl\\\/wiadomosci\\\/?s={search_term_string}\"},\"query-input\":{\"@type\":\"PropertyValueSpecification\",\"valueRequired\":true,\"valueName\":\"search_term_string\"}}],\"inLanguage\":\"pl-PL\"},{\"@type\":\"Organization\",\"@id\":\"https:\\\/\\\/www.24gliwice.pl\\\/wiadomosci\\\/#organization\",\"name\":\"24gliwice\",\"url\":\"https:\\\/\\\/www.24gliwice.pl\\\/wiadomosci\\\/\",\"logo\":{\"@type\":\"ImageObject\",\"inLanguage\":\"pl-PL\",\"@id\":\"https:\\\/\\\/www.24gliwice.pl\\\/wiadomosci\\\/#\\\/schema\\\/logo\\\/image\\\/\",\"url\":\"https:\\\/\\\/www.24gliwice.pl\\\/wiadomosci\\\/wp-content\\\/uploads\\\/2024\\\/10\\\/24gliwice-logo-696.jpg\",\"contentUrl\":\"https:\\\/\\\/www.24gliwice.pl\\\/wiadomosci\\\/wp-content\\\/uploads\\\/2024\\\/10\\\/24gliwice-logo-696.jpg\",\"width\":696,\"height\":696,\"caption\":\"24gliwice\"},\"image\":{\"@id\":\"https:\\\/\\\/www.24gliwice.pl\\\/wiadomosci\\\/#\\\/schema\\\/logo\\\/image\\\/\"},\"sameAs\":[\"https:\\\/\\\/www.facebook.com\\\/24gliwice\",\"https:\\\/\\\/x.com\\\/24gliwice\",\"https:\\\/\\\/www.youtube.com\\\/@24gliwice\"]},{\"@type\":\"Person\",\"@id\":\"https:\\\/\\\/www.24gliwice.pl\\\/wiadomosci\\\/#\\\/schema\\\/person\\\/e42c650edd7f2fa332be3811fb166b6e\",\"name\":\"\u017baneta Mrozek-Siewierska\",\"image\":{\"@type\":\"ImageObject\",\"inLanguage\":\"pl-PL\",\"@id\":\"https:\\\/\\\/www.24gliwice.pl\\\/wiadomosci\\\/wp-content\\\/uploads\\\/2021\\\/11\\\/Zaneta-M_S-zdjecie-czb-96x96.jpg\",\"url\":\"https:\\\/\\\/www.24gliwice.pl\\\/wiadomosci\\\/wp-content\\\/uploads\\\/2021\\\/11\\\/Zaneta-M_S-zdjecie-czb-96x96.jpg\",\"contentUrl\":\"https:\\\/\\\/www.24gliwice.pl\\\/wiadomosci\\\/wp-content\\\/uploads\\\/2021\\\/11\\\/Zaneta-M_S-zdjecie-czb-96x96.jpg\",\"caption\":\"\u017baneta Mrozek-Siewierska\"},\"url\":\"https:\\\/\\\/www.24gliwice.pl\\\/wiadomosci\\\/author\\\/zms\\\/\"}]}<\/script>\n<!-- \/ Yoast SEO plugin. -->","yoast_head_json":{"title":"Druga edycja Dreamstate Europe nareszcie si\u0119 odb\u0119dzie? Obostrzenia covidowe maj\u0105 zosta\u0107 zniesione - 24GLIWICE - Portal Gliwice | codziennie nowe informacje","description":"Festiwal Dreamstate Europe odb\u0119dzie si\u0119 w Gliwicach 23 kwietnia 2022 roku. Wydarzenie swoj\u0105 premier\u0119 mia\u0142o w 2019 roku","robots":{"index":"index","follow":"follow","max-snippet":"max-snippet:-1","max-image-preview":"max-image-preview:large","max-video-preview":"max-video-preview:-1"},"canonical":"https:\/\/www.24gliwice.pl\/wiadomosci\/druga-edycja-dreamstate-europe-nareszcie-sie-odbedzie-obostrzenia-covidowe-maja-zostac-zniesione\/","og_locale":"pl_PL","og_type":"article","og_title":"Druga edycja Dreamstate Europe nareszcie si\u0119 odb\u0119dzie? Obostrzenia covidowe maj\u0105 zosta\u0107 zniesione - 24GLIWICE - Portal Gliwice | codziennie nowe informacje","og_description":"Festiwal Dreamstate Europe odb\u0119dzie si\u0119 w Gliwicach 23 kwietnia 2022 roku. Wydarzenie swoj\u0105 premier\u0119 mia\u0142o w 2019 roku","og_url":"https:\/\/www.24gliwice.pl\/wiadomosci\/druga-edycja-dreamstate-europe-nareszcie-sie-odbedzie-obostrzenia-covidowe-maja-zostac-zniesione\/","og_site_name":"24GLIWICE - Portal Gliwice | codziennie nowe informacje","article_publisher":"https:\/\/www.facebook.com\/24gliwice","article_published_time":"2022-02-21T01:11:54+00:00","article_modified_time":"2022-02-21T12:18:47+00:00","og_image":[{"width":790,"height":423,"url":"https:\/\/www.24gliwice.pl\/wiadomosci\/wp-content\/uploads\/2022\/02\/arena-wejscie.jpg","type":"image\/jpeg"}],"author":"\u017baneta Mrozek-Siewierska","twitter_card":"summary_large_image","twitter_creator":"@24gliwice","twitter_site":"@24gliwice","twitter_misc":{"Napisane przez":"\u017baneta Mrozek-Siewierska","Szacowany czas czytania":"1 minuta"},"schema":{"@context":"https:\/\/schema.org","@graph":[{"@type":"Article","@id":"https:\/\/www.24gliwice.pl\/wiadomosci\/druga-edycja-dreamstate-europe-nareszcie-sie-odbedzie-obostrzenia-covidowe-maja-zostac-zniesione\/#article","isPartOf":{"@id":"https:\/\/www.24gliwice.pl\/wiadomosci\/druga-edycja-dreamstate-europe-nareszcie-sie-odbedzie-obostrzenia-covidowe-maja-zostac-zniesione\/"},"author":{"name":"\u017baneta Mrozek-Siewierska","@id":"https:\/\/www.24gliwice.pl\/wiadomosci\/#\/schema\/person\/e42c650edd7f2fa332be3811fb166b6e"},"headline":"Druga edycja Dreamstate Europe nareszcie si\u0119 odb\u0119dzie? Obostrzenia covidowe maj\u0105 zosta\u0107 zniesione","datePublished":"2022-02-21T01:11:54+00:00","dateModified":"2022-02-21T12:18:47+00:00","mainEntityOfPage":{"@id":"https:\/\/www.24gliwice.pl\/wiadomosci\/druga-edycja-dreamstate-europe-nareszcie-sie-odbedzie-obostrzenia-covidowe-maja-zostac-zniesione\/"},"wordCount":221,"commentCount":0,"publisher":{"@id":"https:\/\/www.24gliwice.pl\/wiadomosci\/#organization"},"image":{"@id":"https:\/\/www.24gliwice.pl\/wiadomosci\/druga-edycja-dreamstate-europe-nareszcie-sie-odbedzie-obostrzenia-covidowe-maja-zostac-zniesione\/#primaryimage"},"thumbnailUrl":"https:\/\/www.24gliwice.pl\/wiadomosci\/wp-content\/uploads\/2022\/02\/arena-wejscie.jpg","keywords":["covid","dreamstate europe"],"articleSection":["Gliwice","Kultura, wydarzenia, imprezy","Najnowsze wiadomo\u015bci"],"inLanguage":"pl-PL","potentialAction":[{"@type":"CommentAction","name":"Comment","target":["https:\/\/www.24gliwice.pl\/wiadomosci\/druga-edycja-dreamstate-europe-nareszcie-sie-odbedzie-obostrzenia-covidowe-maja-zostac-zniesione\/#respond"]}]},{"@type":"WebPage","@id":"https:\/\/www.24gliwice.pl\/wiadomosci\/druga-edycja-dreamstate-europe-nareszcie-sie-odbedzie-obostrzenia-covidowe-maja-zostac-zniesione\/","url":"https:\/\/www.24gliwice.pl\/wiadomosci\/druga-edycja-dreamstate-europe-nareszcie-sie-odbedzie-obostrzenia-covidowe-maja-zostac-zniesione\/","name":"Druga edycja Dreamstate Europe nareszcie si\u0119 odb\u0119dzie? Obostrzenia covidowe maj\u0105 zosta\u0107 zniesione - 24GLIWICE - Portal Gliwice | codziennie nowe informacje","isPartOf":{"@id":"https:\/\/www.24gliwice.pl\/wiadomosci\/#website"},"primaryImageOfPage":{"@id":"https:\/\/www.24gliwice.pl\/wiadomosci\/druga-edycja-dreamstate-europe-nareszcie-sie-odbedzie-obostrzenia-covidowe-maja-zostac-zniesione\/#primaryimage"},"image":{"@id":"https:\/\/www.24gliwice.pl\/wiadomosci\/druga-edycja-dreamstate-europe-nareszcie-sie-odbedzie-obostrzenia-covidowe-maja-zostac-zniesione\/#primaryimage"},"thumbnailUrl":"https:\/\/www.24gliwice.pl\/wiadomosci\/wp-content\/uploads\/2022\/02\/arena-wejscie.jpg","datePublished":"2022-02-21T01:11:54+00:00","dateModified":"2022-02-21T12:18:47+00:00","description":"Festiwal Dreamstate Europe odb\u0119dzie si\u0119 w Gliwicach 23 kwietnia 2022 roku. Wydarzenie swoj\u0105 premier\u0119 mia\u0142o w 2019 roku","breadcrumb":{"@id":"https:\/\/www.24gliwice.pl\/wiadomosci\/druga-edycja-dreamstate-europe-nareszcie-sie-odbedzie-obostrzenia-covidowe-maja-zostac-zniesione\/#breadcrumb"},"inLanguage":"pl-PL","potentialAction":[{"@type":"ReadAction","target":["https:\/\/www.24gliwice.pl\/wiadomosci\/druga-edycja-dreamstate-europe-nareszcie-sie-odbedzie-obostrzenia-covidowe-maja-zostac-zniesione\/"]}]},{"@type":"ImageObject","inLanguage":"pl-PL","@id":"https:\/\/www.24gliwice.pl\/wiadomosci\/druga-edycja-dreamstate-europe-nareszcie-sie-odbedzie-obostrzenia-covidowe-maja-zostac-zniesione\/#primaryimage","url":"https:\/\/www.24gliwice.pl\/wiadomosci\/wp-content\/uploads\/2022\/02\/arena-wejscie.jpg","contentUrl":"https:\/\/www.24gliwice.pl\/wiadomosci\/wp-content\/uploads\/2022\/02\/arena-wejscie.jpg","width":790,"height":423,"caption":"fot. archiwum"},{"@type":"BreadcrumbList","@id":"https:\/\/www.24gliwice.pl\/wiadomosci\/druga-edycja-dreamstate-europe-nareszcie-sie-odbedzie-obostrzenia-covidowe-maja-zostac-zniesione\/#breadcrumb","itemListElement":[{"@type":"ListItem","position":1,"name":"Strona g\u0142\u00f3wna","item":"https:\/\/www.24gliwice.pl\/wiadomosci\/"},{"@type":"ListItem","position":2,"name":"Druga edycja Dreamstate Europe nareszcie si\u0119 odb\u0119dzie? Obostrzenia covidowe maj\u0105 zosta\u0107 zniesione"}]},{"@type":"WebSite","@id":"https:\/\/www.24gliwice.pl\/wiadomosci\/#website","url":"https:\/\/www.24gliwice.pl\/wiadomosci\/","name":"24GLIWICE - Portal Gliwice | codziennie nowe wiadomo\u015bci","description":"Portal Miejski Gliwice","publisher":{"@id":"https:\/\/www.24gliwice.pl\/wiadomosci\/#organization"},"potentialAction":[{"@type":"SearchAction","target":{"@type":"EntryPoint","urlTemplate":"https:\/\/www.24gliwice.pl\/wiadomosci\/?s={search_term_string}"},"query-input":{"@type":"PropertyValueSpecification","valueRequired":true,"valueName":"search_term_string"}}],"inLanguage":"pl-PL"},{"@type":"Organization","@id":"https:\/\/www.24gliwice.pl\/wiadomosci\/#organization","name":"24gliwice","url":"https:\/\/www.24gliwice.pl\/wiadomosci\/","logo":{"@type":"ImageObject","inLanguage":"pl-PL","@id":"https:\/\/www.24gliwice.pl\/wiadomosci\/#\/schema\/logo\/image\/","url":"https:\/\/www.24gliwice.pl\/wiadomosci\/wp-content\/uploads\/2024\/10\/24gliwice-logo-696.jpg","contentUrl":"https:\/\/www.24gliwice.pl\/wiadomosci\/wp-content\/uploads\/2024\/10\/24gliwice-logo-696.jpg","width":696,"height":696,"caption":"24gliwice"},"image":{"@id":"https:\/\/www.24gliwice.pl\/wiadomosci\/#\/schema\/logo\/image\/"},"sameAs":["https:\/\/www.facebook.com\/24gliwice","https:\/\/x.com\/24gliwice","https:\/\/www.youtube.com\/@24gliwice"]},{"@type":"Person","@id":"https:\/\/www.24gliwice.pl\/wiadomosci\/#\/schema\/person\/e42c650edd7f2fa332be3811fb166b6e","name":"\u017baneta Mrozek-Siewierska","image":{"@type":"ImageObject","inLanguage":"pl-PL","@id":"https:\/\/www.24gliwice.pl\/wiadomosci\/wp-content\/uploads\/2021\/11\/Zaneta-M_S-zdjecie-czb-96x96.jpg","url":"https:\/\/www.24gliwice.pl\/wiadomosci\/wp-content\/uploads\/2021\/11\/Zaneta-M_S-zdjecie-czb-96x96.jpg","contentUrl":"https:\/\/www.24gliwice.pl\/wiadomosci\/wp-content\/uploads\/2021\/11\/Zaneta-M_S-zdjecie-czb-96x96.jpg","caption":"\u017baneta Mrozek-Siewierska"},"url":"https:\/\/www.24gliwice.pl\/wiadomosci\/author\/zms\/"}]}},"_links":{"self":[{"href":"https:\/\/www.24gliwice.pl\/wiadomosci\/wp-json\/wp\/v2\/posts\/186861","targetHints":{"allow":["GET"]}}],"collection":[{"href":"https:\/\/www.24gliwice.pl\/wiadomosci\/wp-json\/wp\/v2\/posts"}],"about":[{"href":"https:\/\/www.24gliwice.pl\/wiadomosci\/wp-json\/wp\/v2\/types\/post"}],"author":[{"embeddable":true,"href":"https:\/\/www.24gliwice.pl\/wiadomosci\/wp-json\/wp\/v2\/users\/15"}],"replies":[{"embeddable":true,"href":"https:\/\/www.24gliwice.pl\/wiadomosci\/wp-json\/wp\/v2\/comments?post=186861"}],"version-history":[{"count":7,"href":"https:\/\/www.24gliwice.pl\/wiadomosci\/wp-json\/wp\/v2\/posts\/186861\/revisions"}],"predecessor-version":[{"id":186972,"href":"https:\/\/www.24gliwice.pl\/wiadomosci\/wp-json\/wp\/v2\/posts\/186861\/revisions\/186972"}],"wp:featuredmedia":[{"embeddable":true,"href":"https:\/\/www.24gliwice.pl\/wiadomosci\/wp-json\/wp\/v2\/media\/187027"}],"wp:attachment":[{"href":"https:\/\/www.24gliwice.pl\/wiadomosci\/wp-json\/wp\/v2\/media?parent=186861"}],"wp:term":[{"taxonomy":"category","embeddable":true,"href":"https:\/\/www.24gliwice.pl\/wiadomosci\/wp-json\/wp\/v2\/categories?post=186861"},{"taxonomy":"post_tag","embeddable":true,"href":"https:\/\/www.24gliwice.pl\/wiadomosci\/wp-json\/wp\/v2\/tags?post=186861"}],"curies":[{"name":"wp","href":"https:\/\/api.w.org\/{rel}","templated":true}]}}