{"id":186869,"date":"2022-02-18T00:09:11","date_gmt":"2022-02-17T23:09:11","guid":{"rendered":"https:\/\/www.24gliwice.pl\/wiadomosci\/?p=186869"},"modified":"2022-02-19T13:22:21","modified_gmt":"2022-02-19T12:22:21","slug":"w-nocy-moze-silnie-wiac-przeparkujcie-auta-zabezpieczcie-balkony-ostrzezenie-meteo","status":"publish","type":"post","link":"https:\/\/www.24gliwice.pl\/wiadomosci\/w-nocy-moze-silnie-wiac-przeparkujcie-auta-zabezpieczcie-balkony-ostrzezenie-meteo\/","title":{"rendered":"W sobot\u0119 mo\u017ce silnie wia\u0107. Przeparkujcie auta, zabezpieczcie balkony&#8230; Ostrze\u017cenie meteo"},"content":{"rendered":"<div class=\"gliwi-a6-nad-leadem-artykulow gliwi-entity-placement\" id=\"gliwi-3689753663\"><div class=\"gliwi-adlabel\"><span style=\"font-size: 9px\">REKLAMA<\/span><\/div><div id=\"gliwi-2783001530\" style=\"margin-bottom: 30px;margin-left: auto;margin-right: auto;text-align: center;\"><a data-no-instant=\"1\" href=\"https:\/\/przedszkole.halogen.org.pl\/\" rel=\"noopener\" class=\"a2t-link\" target=\"_blank\" aria-label=\"20260402-ANIMATOR-przedszkole_grafika_750x200\"><img loading=\"lazy\" decoding=\"async\" src=\"https:\/\/www.24gliwice.pl\/wiadomosci\/wp-content\/uploads\/2026\/04\/20260402-ANIMATOR-przedszkole_grafika_750x200.webp\" alt=\"\"  srcset=\"https:\/\/www.24gliwice.pl\/wiadomosci\/wp-content\/uploads\/2026\/04\/20260402-ANIMATOR-przedszkole_grafika_750x200.webp 750w, https:\/\/www.24gliwice.pl\/wiadomosci\/wp-content\/uploads\/2026\/04\/20260402-ANIMATOR-przedszkole_grafika_750x200-410x109.webp 410w\" sizes=\"(max-width: 750px) 100vw, 750px\" class=\"no-lazyload\" width=\"750\" height=\"200\"  style=\"display: inline-block; max-width: 100%; height: auto;\" \/><\/a><\/div><\/div><h2>Po wichurach, jakie towarzyszy\u0142y nam w czwartek, w nocy z pi\u0105tku na sobot\u0119, a tak\u017ce w sobot\u0119 w ci\u0105gu dnia, prognozowane s\u0105 kolejne. Ostrze\u017cenie pogodowe dla Gliwic przewiduje 2 stopie\u0144 zagro\u017cenia silnym wiatrem.<\/h2>\n<p>&nbsp;<br \/>\nPrawdopodobie\u0144stwo wyst\u0105pienia oszacowano na 85%. Przebieg: Prognozuje si\u0119 wyst\u0105pienie silnego wiatru o \u015bredniej pr\u0119dko\u015bci od 40 km\/h do 50 km\/h, w porywach do 100 km\/h, z po\u0142udniowego zachodu i zachodu. Uwaga: W zwi\u0105zku z dynamiczn\u0105 sytuacj\u0105 meteorologiczn\u0105 ostrze\u017cenie mo\u017ce by\u0107 aktualizowane.<\/p>\n<h4>Ostrze\u017cenie dla naszego miasta obowi\u0105zuje od pi\u0105tku, 18 lutego, od godz. 23:00 do soboty, 19 lutego do godz. 18:00.<\/h4>\n<p><a href=\"https:\/\/www.24gliwice.pl\/wiadomosci\/wp-content\/uploads\/2022\/02\/Przechwytywanie-w-trybie-pelnoekranowym-18.02.2022-132117.bmp.jpg\"><img loading=\"lazy\" decoding=\"async\" class=\"alignnone wp-image-186879\" src=\"https:\/\/www.24gliwice.pl\/wiadomosci\/wp-content\/uploads\/2022\/02\/Przechwytywanie-w-trybie-pelnoekranowym-18.02.2022-132117.bmp.jpg\" alt=\"\" width=\"920\" height=\"518\" srcset=\"https:\/\/www.24gliwice.pl\/wiadomosci\/wp-content\/uploads\/2022\/02\/Przechwytywanie-w-trybie-pelnoekranowym-18.02.2022-132117.bmp.jpg 810w, https:\/\/www.24gliwice.pl\/wiadomosci\/wp-content\/uploads\/2022\/02\/Przechwytywanie-w-trybie-pelnoekranowym-18.02.2022-132117.bmp-410x232.jpg 410w, https:\/\/www.24gliwice.pl\/wiadomosci\/wp-content\/uploads\/2022\/02\/Przechwytywanie-w-trybie-pelnoekranowym-18.02.2022-132117.bmp-808x455.jpg 808w, https:\/\/www.24gliwice.pl\/wiadomosci\/wp-content\/uploads\/2022\/02\/Przechwytywanie-w-trybie-pelnoekranowym-18.02.2022-132117.bmp-768x432.jpg 768w\" sizes=\"auto, (max-width: 920px) 100vw, 920px\" \/><\/a><\/p>\n<p>Centrum Ratownictwa Gliwice przypomina, \u017ce w celu przygotowania si\u0119 na okoliczno\u015b\u0107 silnych podmuch\u00f3w wiatru, warto:<\/p><div class=\"gliwi-a3-w-tresci-artykulow gliwi-entity-placement\" id=\"gliwi-2997298864\"><div class=\"gliwi-adlabel\"><span style=\"font-size: 9px\">REKLAMA<\/span><\/div><div id=\"gliwi-3146412615\" style=\"margin-bottom: 30px;margin-left: auto;margin-right: auto;text-align: center;\"><a data-no-instant=\"1\" href=\"https:\/\/ogrodyandersa.pl\/\" rel=\"noopener\" class=\"a2t-link\" target=\"_blank\" aria-label=\"20260415 Ogrody Andersa KUP TERAZ D\"><img loading=\"lazy\" decoding=\"async\" src=\"https:\/\/www.24gliwice.pl\/wiadomosci\/wp-content\/uploads\/2026\/04\/20260415-Ogrody-Andersa-KUP-TERAZ-D.jpg\" alt=\"\"  srcset=\"https:\/\/www.24gliwice.pl\/wiadomosci\/wp-content\/uploads\/2026\/04\/20260415-Ogrody-Andersa-KUP-TERAZ-D.jpg 750w, https:\/\/www.24gliwice.pl\/wiadomosci\/wp-content\/uploads\/2026\/04\/20260415-Ogrody-Andersa-KUP-TERAZ-D-410x109.jpg 410w\" sizes=\"(max-width: 750px) 100vw, 750px\" class=\"no-lazyload\" width=\"750\" height=\"200\"  style=\"display: inline-block; max-width: 100%; height: auto;\" \/><\/a><\/div><\/div>\n<ul>\n<li>usun\u0105\u0107 z parapet\u00f3w i podw\u00f3rek wszystkie przedmioty, kt\u00f3re mog\u0105 zosta\u0107 porwane przez wiatr,<\/li>\n<li>przeparkowa\u0107 samochody w bezpieczne miejsce, je\u017celi wcze\u015bniej by\u0142y zaparkowane pod drzewami,<\/li>\n<li>zamkn\u0105\u0107 okna i drzwi,<\/li>\n<li>nie zatrzymywa\u0107 si\u0119 pod drzewami,<\/li>\n<li>zapewni\u0107 bezpiecze\u0144stwo swoim zwierz\u0119tom, zw\u0142aszcza tym przebywaj\u0105cym na zewn\u0105trz,<\/li>\n<li>przygotowa\u0107 o\u015bwietlenie zast\u0119pcze \u2013 latarki z zapasem baterii. Wiatr mo\u017ce uszkodzi\u0107 linie energetyczne,<\/li>\n<li>uwa\u017ca\u0107 podczas jazdy samochodem, po pierwsze ze wzgl\u0119du na mog\u0105ce si\u0119 \u0142ama\u0107 konary i drzewa, po drugie \u2013 przy wyje\u017adzie z os\u0142oni\u0119tej drogi na otwart\u0105 przestrze\u0144 istnieje ryzyko zdmuchni\u0119cia samochodu.<\/li>\n<\/ul>\n<p>(\u017cms)<br \/>\nfot. KM PSP Gliwice (30 stycznia br.)<\/p>\n<div class=\"gliwi-a5-na-koncu-artykulow gliwi-entity-placement\" id=\"gliwi-3807875304\"><div class=\"gliwi-adlabel\"><span style=\"font-size: 9px\">REKLAMA<\/span><\/div><div id=\"gliwi-3248109991\" style=\"margin-left: auto;margin-right: auto;text-align: center;\"><a data-no-instant=\"1\" href=\"https:\/\/prezeroarenagliwice.pl\/\" rel=\"noopener\" class=\"a2t-link\" target=\"_blank\" aria-label=\"20260309-PREZERO-WIOSNA-D\"><img loading=\"lazy\" decoding=\"async\" src=\"https:\/\/www.24gliwice.pl\/wiadomosci\/wp-content\/uploads\/2026\/03\/20260309-PREZERO-WIOSNA-D.webp\" alt=\"\"  srcset=\"https:\/\/www.24gliwice.pl\/wiadomosci\/wp-content\/uploads\/2026\/03\/20260309-PREZERO-WIOSNA-D.webp 750w, https:\/\/www.24gliwice.pl\/wiadomosci\/wp-content\/uploads\/2026\/03\/20260309-PREZERO-WIOSNA-D-410x109.webp 410w\" sizes=\"(max-width: 750px) 100vw, 750px\" class=\"no-lazyload\" width=\"750\" height=\"200\"  style=\"display: inline-block; max-width: 100%; height: auto;\" \/><\/a><\/div><\/div>","protected":false},"excerpt":{"rendered":"<p>Po wichurach, jakie towarzyszy\u0142y nam w czwartek, w nocy z pi\u0105tku na sobot\u0119, a tak\u017ce w sobot\u0119 w ci\u0105gu dnia, prognozowane s\u0105 kolejne. Ostrze\u017cenie pogodowe dla Gliwic przewiduje 2 stopie\u0144 zagro\u017cenia silnym wiatrem. &nbsp; Prawdopodobie\u0144stwo wyst\u0105pienia oszacowano na 85%. Przebieg: Prognozuje si\u0119 wyst\u0105pienie silnego wiatru o \u015bredniej pr\u0119dko\u015bci od 40 km\/h do 50 km\/h, w [&hellip;]<\/p>\n","protected":false},"author":15,"featured_media":186871,"comment_status":"open","ping_status":"closed","sticky":false,"template":"","format":"standard","meta":{"_monsterinsights_skip_tracking":false,"_monsterinsights_sitenote_active":false,"_monsterinsights_sitenote_note":"","_monsterinsights_sitenote_category":0,"footnotes":"","_links_to":"","_links_to_target":""},"categories":[3,1],"tags":[13450],"class_list":["post-186869","post","type-post","status-publish","format-standard","has-post-thumbnail","hentry","category-gliwice","category-wszystko","tag-silny-wiatr"],"yoast_head":"<!-- This site is optimized with the Yoast SEO plugin v27.4 - https:\/\/yoast.com\/product\/yoast-seo-wordpress\/ -->\n<title>W sobot\u0119 mo\u017ce silnie wia\u0107. Przeparkujcie auta, zabezpieczcie balkony... Ostrze\u017cenie meteo - 24GLIWICE - Portal Gliwice | codziennie nowe informacje<\/title>\n<meta name=\"description\" content=\"Instytut meteorologii ostrzega przed silnym wiatrem. Wydano ostrze\u017cenie pogodowe. Obowi\u0105zuje 2 stopie\u0144 zagro\u017cenia\" \/>\n<meta name=\"robots\" content=\"index, follow, max-snippet:-1, max-image-preview:large, max-video-preview:-1\" \/>\n<link rel=\"canonical\" href=\"https:\/\/www.24gliwice.pl\/wiadomosci\/w-nocy-moze-silnie-wiac-przeparkujcie-auta-zabezpieczcie-balkony-ostrzezenie-meteo\/\" \/>\n<meta property=\"og:locale\" content=\"pl_PL\" \/>\n<meta property=\"og:type\" content=\"article\" \/>\n<meta property=\"og:title\" content=\"W sobot\u0119 mo\u017ce silnie wia\u0107. Przeparkujcie auta, zabezpieczcie balkony... Ostrze\u017cenie meteo - 24GLIWICE - Portal Gliwice | codziennie nowe informacje\" \/>\n<meta property=\"og:description\" content=\"Instytut meteorologii ostrzega przed silnym wiatrem. Wydano ostrze\u017cenie pogodowe. Obowi\u0105zuje 2 stopie\u0144 zagro\u017cenia\" \/>\n<meta property=\"og:url\" content=\"https:\/\/www.24gliwice.pl\/wiadomosci\/w-nocy-moze-silnie-wiac-przeparkujcie-auta-zabezpieczcie-balkony-ostrzezenie-meteo\/\" \/>\n<meta property=\"og:site_name\" content=\"24GLIWICE - Portal Gliwice | codziennie nowe informacje\" \/>\n<meta property=\"article:publisher\" content=\"https:\/\/www.facebook.com\/24gliwice\" \/>\n<meta property=\"article:published_time\" content=\"2022-02-17T23:09:11+00:00\" \/>\n<meta property=\"article:modified_time\" content=\"2022-02-19T12:22:21+00:00\" \/>\n<meta property=\"og:image\" content=\"https:\/\/www.24gliwice.pl\/wiadomosci\/wp-content\/uploads\/2022\/02\/straz-pozarna-gliwice-wiatr.jpg\" \/>\n\t<meta property=\"og:image:width\" content=\"810\" \/>\n\t<meta property=\"og:image:height\" content=\"457\" \/>\n\t<meta property=\"og:image:type\" content=\"image\/jpeg\" \/>\n<meta name=\"author\" content=\"\u017baneta Mrozek-Siewierska\" \/>\n<meta name=\"twitter:card\" content=\"summary_large_image\" \/>\n<meta name=\"twitter:creator\" content=\"@24gliwice\" \/>\n<meta name=\"twitter:site\" content=\"@24gliwice\" \/>\n<meta name=\"twitter:label1\" content=\"Napisane przez\" \/>\n\t<meta name=\"twitter:data1\" content=\"\u017baneta Mrozek-Siewierska\" \/>\n\t<meta name=\"twitter:label2\" content=\"Szacowany czas czytania\" \/>\n\t<meta name=\"twitter:data2\" content=\"2 minuty\" \/>\n<script type=\"application\/ld+json\" class=\"yoast-schema-graph\">{\"@context\":\"https:\\\/\\\/schema.org\",\"@graph\":[{\"@type\":\"Article\",\"@id\":\"https:\\\/\\\/www.24gliwice.pl\\\/wiadomosci\\\/w-nocy-moze-silnie-wiac-przeparkujcie-auta-zabezpieczcie-balkony-ostrzezenie-meteo\\\/#article\",\"isPartOf\":{\"@id\":\"https:\\\/\\\/www.24gliwice.pl\\\/wiadomosci\\\/w-nocy-moze-silnie-wiac-przeparkujcie-auta-zabezpieczcie-balkony-ostrzezenie-meteo\\\/\"},\"author\":{\"name\":\"\u017baneta Mrozek-Siewierska\",\"@id\":\"https:\\\/\\\/www.24gliwice.pl\\\/wiadomosci\\\/#\\\/schema\\\/person\\\/e42c650edd7f2fa332be3811fb166b6e\"},\"headline\":\"W sobot\u0119 mo\u017ce silnie wia\u0107. Przeparkujcie auta, zabezpieczcie balkony&#8230; Ostrze\u017cenie meteo\",\"datePublished\":\"2022-02-17T23:09:11+00:00\",\"dateModified\":\"2022-02-19T12:22:21+00:00\",\"mainEntityOfPage\":{\"@id\":\"https:\\\/\\\/www.24gliwice.pl\\\/wiadomosci\\\/w-nocy-moze-silnie-wiac-przeparkujcie-auta-zabezpieczcie-balkony-ostrzezenie-meteo\\\/\"},\"wordCount\":246,\"commentCount\":0,\"publisher\":{\"@id\":\"https:\\\/\\\/www.24gliwice.pl\\\/wiadomosci\\\/#organization\"},\"image\":{\"@id\":\"https:\\\/\\\/www.24gliwice.pl\\\/wiadomosci\\\/w-nocy-moze-silnie-wiac-przeparkujcie-auta-zabezpieczcie-balkony-ostrzezenie-meteo\\\/#primaryimage\"},\"thumbnailUrl\":\"https:\\\/\\\/www.24gliwice.pl\\\/wiadomosci\\\/wp-content\\\/uploads\\\/2022\\\/02\\\/straz-pozarna-gliwice-wiatr.jpg\",\"keywords\":[\"silny wiatr\"],\"articleSection\":[\"Gliwice\",\"Najnowsze wiadomo\u015bci\"],\"inLanguage\":\"pl-PL\",\"potentialAction\":[{\"@type\":\"CommentAction\",\"name\":\"Comment\",\"target\":[\"https:\\\/\\\/www.24gliwice.pl\\\/wiadomosci\\\/w-nocy-moze-silnie-wiac-przeparkujcie-auta-zabezpieczcie-balkony-ostrzezenie-meteo\\\/#respond\"]}]},{\"@type\":\"WebPage\",\"@id\":\"https:\\\/\\\/www.24gliwice.pl\\\/wiadomosci\\\/w-nocy-moze-silnie-wiac-przeparkujcie-auta-zabezpieczcie-balkony-ostrzezenie-meteo\\\/\",\"url\":\"https:\\\/\\\/www.24gliwice.pl\\\/wiadomosci\\\/w-nocy-moze-silnie-wiac-przeparkujcie-auta-zabezpieczcie-balkony-ostrzezenie-meteo\\\/\",\"name\":\"W sobot\u0119 mo\u017ce silnie wia\u0107. Przeparkujcie auta, zabezpieczcie balkony... Ostrze\u017cenie meteo - 24GLIWICE - Portal Gliwice | codziennie nowe informacje\",\"isPartOf\":{\"@id\":\"https:\\\/\\\/www.24gliwice.pl\\\/wiadomosci\\\/#website\"},\"primaryImageOfPage\":{\"@id\":\"https:\\\/\\\/www.24gliwice.pl\\\/wiadomosci\\\/w-nocy-moze-silnie-wiac-przeparkujcie-auta-zabezpieczcie-balkony-ostrzezenie-meteo\\\/#primaryimage\"},\"image\":{\"@id\":\"https:\\\/\\\/www.24gliwice.pl\\\/wiadomosci\\\/w-nocy-moze-silnie-wiac-przeparkujcie-auta-zabezpieczcie-balkony-ostrzezenie-meteo\\\/#primaryimage\"},\"thumbnailUrl\":\"https:\\\/\\\/www.24gliwice.pl\\\/wiadomosci\\\/wp-content\\\/uploads\\\/2022\\\/02\\\/straz-pozarna-gliwice-wiatr.jpg\",\"datePublished\":\"2022-02-17T23:09:11+00:00\",\"dateModified\":\"2022-02-19T12:22:21+00:00\",\"description\":\"Instytut meteorologii ostrzega przed silnym wiatrem. Wydano ostrze\u017cenie pogodowe. Obowi\u0105zuje 2 stopie\u0144 zagro\u017cenia\",\"breadcrumb\":{\"@id\":\"https:\\\/\\\/www.24gliwice.pl\\\/wiadomosci\\\/w-nocy-moze-silnie-wiac-przeparkujcie-auta-zabezpieczcie-balkony-ostrzezenie-meteo\\\/#breadcrumb\"},\"inLanguage\":\"pl-PL\",\"potentialAction\":[{\"@type\":\"ReadAction\",\"target\":[\"https:\\\/\\\/www.24gliwice.pl\\\/wiadomosci\\\/w-nocy-moze-silnie-wiac-przeparkujcie-auta-zabezpieczcie-balkony-ostrzezenie-meteo\\\/\"]}]},{\"@type\":\"ImageObject\",\"inLanguage\":\"pl-PL\",\"@id\":\"https:\\\/\\\/www.24gliwice.pl\\\/wiadomosci\\\/w-nocy-moze-silnie-wiac-przeparkujcie-auta-zabezpieczcie-balkony-ostrzezenie-meteo\\\/#primaryimage\",\"url\":\"https:\\\/\\\/www.24gliwice.pl\\\/wiadomosci\\\/wp-content\\\/uploads\\\/2022\\\/02\\\/straz-pozarna-gliwice-wiatr.jpg\",\"contentUrl\":\"https:\\\/\\\/www.24gliwice.pl\\\/wiadomosci\\\/wp-content\\\/uploads\\\/2022\\\/02\\\/straz-pozarna-gliwice-wiatr.jpg\",\"width\":810,\"height\":457},{\"@type\":\"BreadcrumbList\",\"@id\":\"https:\\\/\\\/www.24gliwice.pl\\\/wiadomosci\\\/w-nocy-moze-silnie-wiac-przeparkujcie-auta-zabezpieczcie-balkony-ostrzezenie-meteo\\\/#breadcrumb\",\"itemListElement\":[{\"@type\":\"ListItem\",\"position\":1,\"name\":\"Strona g\u0142\u00f3wna\",\"item\":\"https:\\\/\\\/www.24gliwice.pl\\\/wiadomosci\\\/\"},{\"@type\":\"ListItem\",\"position\":2,\"name\":\"W sobot\u0119 mo\u017ce silnie wia\u0107. Przeparkujcie auta, zabezpieczcie balkony&#8230; Ostrze\u017cenie meteo\"}]},{\"@type\":\"WebSite\",\"@id\":\"https:\\\/\\\/www.24gliwice.pl\\\/wiadomosci\\\/#website\",\"url\":\"https:\\\/\\\/www.24gliwice.pl\\\/wiadomosci\\\/\",\"name\":\"24GLIWICE - Portal Gliwice | codziennie nowe wiadomo\u015bci\",\"description\":\"Portal Miejski Gliwice\",\"publisher\":{\"@id\":\"https:\\\/\\\/www.24gliwice.pl\\\/wiadomosci\\\/#organization\"},\"potentialAction\":[{\"@type\":\"SearchAction\",\"target\":{\"@type\":\"EntryPoint\",\"urlTemplate\":\"https:\\\/\\\/www.24gliwice.pl\\\/wiadomosci\\\/?s={search_term_string}\"},\"query-input\":{\"@type\":\"PropertyValueSpecification\",\"valueRequired\":true,\"valueName\":\"search_term_string\"}}],\"inLanguage\":\"pl-PL\"},{\"@type\":\"Organization\",\"@id\":\"https:\\\/\\\/www.24gliwice.pl\\\/wiadomosci\\\/#organization\",\"name\":\"24gliwice\",\"url\":\"https:\\\/\\\/www.24gliwice.pl\\\/wiadomosci\\\/\",\"logo\":{\"@type\":\"ImageObject\",\"inLanguage\":\"pl-PL\",\"@id\":\"https:\\\/\\\/www.24gliwice.pl\\\/wiadomosci\\\/#\\\/schema\\\/logo\\\/image\\\/\",\"url\":\"https:\\\/\\\/www.24gliwice.pl\\\/wiadomosci\\\/wp-content\\\/uploads\\\/2024\\\/10\\\/24gliwice-logo-696.jpg\",\"contentUrl\":\"https:\\\/\\\/www.24gliwice.pl\\\/wiadomosci\\\/wp-content\\\/uploads\\\/2024\\\/10\\\/24gliwice-logo-696.jpg\",\"width\":696,\"height\":696,\"caption\":\"24gliwice\"},\"image\":{\"@id\":\"https:\\\/\\\/www.24gliwice.pl\\\/wiadomosci\\\/#\\\/schema\\\/logo\\\/image\\\/\"},\"sameAs\":[\"https:\\\/\\\/www.facebook.com\\\/24gliwice\",\"https:\\\/\\\/x.com\\\/24gliwice\",\"https:\\\/\\\/www.youtube.com\\\/@24gliwice\"]},{\"@type\":\"Person\",\"@id\":\"https:\\\/\\\/www.24gliwice.pl\\\/wiadomosci\\\/#\\\/schema\\\/person\\\/e42c650edd7f2fa332be3811fb166b6e\",\"name\":\"\u017baneta Mrozek-Siewierska\",\"image\":{\"@type\":\"ImageObject\",\"inLanguage\":\"pl-PL\",\"@id\":\"https:\\\/\\\/www.24gliwice.pl\\\/wiadomosci\\\/wp-content\\\/uploads\\\/2021\\\/11\\\/Zaneta-M_S-zdjecie-czb-96x96.jpg\",\"url\":\"https:\\\/\\\/www.24gliwice.pl\\\/wiadomosci\\\/wp-content\\\/uploads\\\/2021\\\/11\\\/Zaneta-M_S-zdjecie-czb-96x96.jpg\",\"contentUrl\":\"https:\\\/\\\/www.24gliwice.pl\\\/wiadomosci\\\/wp-content\\\/uploads\\\/2021\\\/11\\\/Zaneta-M_S-zdjecie-czb-96x96.jpg\",\"caption\":\"\u017baneta Mrozek-Siewierska\"},\"url\":\"https:\\\/\\\/www.24gliwice.pl\\\/wiadomosci\\\/author\\\/zms\\\/\"}]}<\/script>\n<!-- \/ Yoast SEO plugin. -->","yoast_head_json":{"title":"W sobot\u0119 mo\u017ce silnie wia\u0107. Przeparkujcie auta, zabezpieczcie balkony... Ostrze\u017cenie meteo - 24GLIWICE - Portal Gliwice | codziennie nowe informacje","description":"Instytut meteorologii ostrzega przed silnym wiatrem. Wydano ostrze\u017cenie pogodowe. Obowi\u0105zuje 2 stopie\u0144 zagro\u017cenia","robots":{"index":"index","follow":"follow","max-snippet":"max-snippet:-1","max-image-preview":"max-image-preview:large","max-video-preview":"max-video-preview:-1"},"canonical":"https:\/\/www.24gliwice.pl\/wiadomosci\/w-nocy-moze-silnie-wiac-przeparkujcie-auta-zabezpieczcie-balkony-ostrzezenie-meteo\/","og_locale":"pl_PL","og_type":"article","og_title":"W sobot\u0119 mo\u017ce silnie wia\u0107. Przeparkujcie auta, zabezpieczcie balkony... Ostrze\u017cenie meteo - 24GLIWICE - Portal Gliwice | codziennie nowe informacje","og_description":"Instytut meteorologii ostrzega przed silnym wiatrem. Wydano ostrze\u017cenie pogodowe. Obowi\u0105zuje 2 stopie\u0144 zagro\u017cenia","og_url":"https:\/\/www.24gliwice.pl\/wiadomosci\/w-nocy-moze-silnie-wiac-przeparkujcie-auta-zabezpieczcie-balkony-ostrzezenie-meteo\/","og_site_name":"24GLIWICE - Portal Gliwice | codziennie nowe informacje","article_publisher":"https:\/\/www.facebook.com\/24gliwice","article_published_time":"2022-02-17T23:09:11+00:00","article_modified_time":"2022-02-19T12:22:21+00:00","og_image":[{"width":810,"height":457,"url":"https:\/\/www.24gliwice.pl\/wiadomosci\/wp-content\/uploads\/2022\/02\/straz-pozarna-gliwice-wiatr.jpg","type":"image\/jpeg"}],"author":"\u017baneta Mrozek-Siewierska","twitter_card":"summary_large_image","twitter_creator":"@24gliwice","twitter_site":"@24gliwice","twitter_misc":{"Napisane przez":"\u017baneta Mrozek-Siewierska","Szacowany czas czytania":"2 minuty"},"schema":{"@context":"https:\/\/schema.org","@graph":[{"@type":"Article","@id":"https:\/\/www.24gliwice.pl\/wiadomosci\/w-nocy-moze-silnie-wiac-przeparkujcie-auta-zabezpieczcie-balkony-ostrzezenie-meteo\/#article","isPartOf":{"@id":"https:\/\/www.24gliwice.pl\/wiadomosci\/w-nocy-moze-silnie-wiac-przeparkujcie-auta-zabezpieczcie-balkony-ostrzezenie-meteo\/"},"author":{"name":"\u017baneta Mrozek-Siewierska","@id":"https:\/\/www.24gliwice.pl\/wiadomosci\/#\/schema\/person\/e42c650edd7f2fa332be3811fb166b6e"},"headline":"W sobot\u0119 mo\u017ce silnie wia\u0107. Przeparkujcie auta, zabezpieczcie balkony&#8230; Ostrze\u017cenie meteo","datePublished":"2022-02-17T23:09:11+00:00","dateModified":"2022-02-19T12:22:21+00:00","mainEntityOfPage":{"@id":"https:\/\/www.24gliwice.pl\/wiadomosci\/w-nocy-moze-silnie-wiac-przeparkujcie-auta-zabezpieczcie-balkony-ostrzezenie-meteo\/"},"wordCount":246,"commentCount":0,"publisher":{"@id":"https:\/\/www.24gliwice.pl\/wiadomosci\/#organization"},"image":{"@id":"https:\/\/www.24gliwice.pl\/wiadomosci\/w-nocy-moze-silnie-wiac-przeparkujcie-auta-zabezpieczcie-balkony-ostrzezenie-meteo\/#primaryimage"},"thumbnailUrl":"https:\/\/www.24gliwice.pl\/wiadomosci\/wp-content\/uploads\/2022\/02\/straz-pozarna-gliwice-wiatr.jpg","keywords":["silny wiatr"],"articleSection":["Gliwice","Najnowsze wiadomo\u015bci"],"inLanguage":"pl-PL","potentialAction":[{"@type":"CommentAction","name":"Comment","target":["https:\/\/www.24gliwice.pl\/wiadomosci\/w-nocy-moze-silnie-wiac-przeparkujcie-auta-zabezpieczcie-balkony-ostrzezenie-meteo\/#respond"]}]},{"@type":"WebPage","@id":"https:\/\/www.24gliwice.pl\/wiadomosci\/w-nocy-moze-silnie-wiac-przeparkujcie-auta-zabezpieczcie-balkony-ostrzezenie-meteo\/","url":"https:\/\/www.24gliwice.pl\/wiadomosci\/w-nocy-moze-silnie-wiac-przeparkujcie-auta-zabezpieczcie-balkony-ostrzezenie-meteo\/","name":"W sobot\u0119 mo\u017ce silnie wia\u0107. Przeparkujcie auta, zabezpieczcie balkony... Ostrze\u017cenie meteo - 24GLIWICE - Portal Gliwice | codziennie nowe informacje","isPartOf":{"@id":"https:\/\/www.24gliwice.pl\/wiadomosci\/#website"},"primaryImageOfPage":{"@id":"https:\/\/www.24gliwice.pl\/wiadomosci\/w-nocy-moze-silnie-wiac-przeparkujcie-auta-zabezpieczcie-balkony-ostrzezenie-meteo\/#primaryimage"},"image":{"@id":"https:\/\/www.24gliwice.pl\/wiadomosci\/w-nocy-moze-silnie-wiac-przeparkujcie-auta-zabezpieczcie-balkony-ostrzezenie-meteo\/#primaryimage"},"thumbnailUrl":"https:\/\/www.24gliwice.pl\/wiadomosci\/wp-content\/uploads\/2022\/02\/straz-pozarna-gliwice-wiatr.jpg","datePublished":"2022-02-17T23:09:11+00:00","dateModified":"2022-02-19T12:22:21+00:00","description":"Instytut meteorologii ostrzega przed silnym wiatrem. Wydano ostrze\u017cenie pogodowe. Obowi\u0105zuje 2 stopie\u0144 zagro\u017cenia","breadcrumb":{"@id":"https:\/\/www.24gliwice.pl\/wiadomosci\/w-nocy-moze-silnie-wiac-przeparkujcie-auta-zabezpieczcie-balkony-ostrzezenie-meteo\/#breadcrumb"},"inLanguage":"pl-PL","potentialAction":[{"@type":"ReadAction","target":["https:\/\/www.24gliwice.pl\/wiadomosci\/w-nocy-moze-silnie-wiac-przeparkujcie-auta-zabezpieczcie-balkony-ostrzezenie-meteo\/"]}]},{"@type":"ImageObject","inLanguage":"pl-PL","@id":"https:\/\/www.24gliwice.pl\/wiadomosci\/w-nocy-moze-silnie-wiac-przeparkujcie-auta-zabezpieczcie-balkony-ostrzezenie-meteo\/#primaryimage","url":"https:\/\/www.24gliwice.pl\/wiadomosci\/wp-content\/uploads\/2022\/02\/straz-pozarna-gliwice-wiatr.jpg","contentUrl":"https:\/\/www.24gliwice.pl\/wiadomosci\/wp-content\/uploads\/2022\/02\/straz-pozarna-gliwice-wiatr.jpg","width":810,"height":457},{"@type":"BreadcrumbList","@id":"https:\/\/www.24gliwice.pl\/wiadomosci\/w-nocy-moze-silnie-wiac-przeparkujcie-auta-zabezpieczcie-balkony-ostrzezenie-meteo\/#breadcrumb","itemListElement":[{"@type":"ListItem","position":1,"name":"Strona g\u0142\u00f3wna","item":"https:\/\/www.24gliwice.pl\/wiadomosci\/"},{"@type":"ListItem","position":2,"name":"W sobot\u0119 mo\u017ce silnie wia\u0107. Przeparkujcie auta, zabezpieczcie balkony&#8230; Ostrze\u017cenie meteo"}]},{"@type":"WebSite","@id":"https:\/\/www.24gliwice.pl\/wiadomosci\/#website","url":"https:\/\/www.24gliwice.pl\/wiadomosci\/","name":"24GLIWICE - Portal Gliwice | codziennie nowe wiadomo\u015bci","description":"Portal Miejski Gliwice","publisher":{"@id":"https:\/\/www.24gliwice.pl\/wiadomosci\/#organization"},"potentialAction":[{"@type":"SearchAction","target":{"@type":"EntryPoint","urlTemplate":"https:\/\/www.24gliwice.pl\/wiadomosci\/?s={search_term_string}"},"query-input":{"@type":"PropertyValueSpecification","valueRequired":true,"valueName":"search_term_string"}}],"inLanguage":"pl-PL"},{"@type":"Organization","@id":"https:\/\/www.24gliwice.pl\/wiadomosci\/#organization","name":"24gliwice","url":"https:\/\/www.24gliwice.pl\/wiadomosci\/","logo":{"@type":"ImageObject","inLanguage":"pl-PL","@id":"https:\/\/www.24gliwice.pl\/wiadomosci\/#\/schema\/logo\/image\/","url":"https:\/\/www.24gliwice.pl\/wiadomosci\/wp-content\/uploads\/2024\/10\/24gliwice-logo-696.jpg","contentUrl":"https:\/\/www.24gliwice.pl\/wiadomosci\/wp-content\/uploads\/2024\/10\/24gliwice-logo-696.jpg","width":696,"height":696,"caption":"24gliwice"},"image":{"@id":"https:\/\/www.24gliwice.pl\/wiadomosci\/#\/schema\/logo\/image\/"},"sameAs":["https:\/\/www.facebook.com\/24gliwice","https:\/\/x.com\/24gliwice","https:\/\/www.youtube.com\/@24gliwice"]},{"@type":"Person","@id":"https:\/\/www.24gliwice.pl\/wiadomosci\/#\/schema\/person\/e42c650edd7f2fa332be3811fb166b6e","name":"\u017baneta Mrozek-Siewierska","image":{"@type":"ImageObject","inLanguage":"pl-PL","@id":"https:\/\/www.24gliwice.pl\/wiadomosci\/wp-content\/uploads\/2021\/11\/Zaneta-M_S-zdjecie-czb-96x96.jpg","url":"https:\/\/www.24gliwice.pl\/wiadomosci\/wp-content\/uploads\/2021\/11\/Zaneta-M_S-zdjecie-czb-96x96.jpg","contentUrl":"https:\/\/www.24gliwice.pl\/wiadomosci\/wp-content\/uploads\/2021\/11\/Zaneta-M_S-zdjecie-czb-96x96.jpg","caption":"\u017baneta Mrozek-Siewierska"},"url":"https:\/\/www.24gliwice.pl\/wiadomosci\/author\/zms\/"}]}},"_links":{"self":[{"href":"https:\/\/www.24gliwice.pl\/wiadomosci\/wp-json\/wp\/v2\/posts\/186869","targetHints":{"allow":["GET"]}}],"collection":[{"href":"https:\/\/www.24gliwice.pl\/wiadomosci\/wp-json\/wp\/v2\/posts"}],"about":[{"href":"https:\/\/www.24gliwice.pl\/wiadomosci\/wp-json\/wp\/v2\/types\/post"}],"author":[{"embeddable":true,"href":"https:\/\/www.24gliwice.pl\/wiadomosci\/wp-json\/wp\/v2\/users\/15"}],"replies":[{"embeddable":true,"href":"https:\/\/www.24gliwice.pl\/wiadomosci\/wp-json\/wp\/v2\/comments?post=186869"}],"version-history":[{"count":11,"href":"https:\/\/www.24gliwice.pl\/wiadomosci\/wp-json\/wp\/v2\/posts\/186869\/revisions"}],"predecessor-version":[{"id":186962,"href":"https:\/\/www.24gliwice.pl\/wiadomosci\/wp-json\/wp\/v2\/posts\/186869\/revisions\/186962"}],"wp:featuredmedia":[{"embeddable":true,"href":"https:\/\/www.24gliwice.pl\/wiadomosci\/wp-json\/wp\/v2\/media\/186871"}],"wp:attachment":[{"href":"https:\/\/www.24gliwice.pl\/wiadomosci\/wp-json\/wp\/v2\/media?parent=186869"}],"wp:term":[{"taxonomy":"category","embeddable":true,"href":"https:\/\/www.24gliwice.pl\/wiadomosci\/wp-json\/wp\/v2\/categories?post=186869"},{"taxonomy":"post_tag","embeddable":true,"href":"https:\/\/www.24gliwice.pl\/wiadomosci\/wp-json\/wp\/v2\/tags?post=186869"}],"curies":[{"name":"wp","href":"https:\/\/api.w.org\/{rel}","templated":true}]}}