{"id":187029,"date":"2022-02-21T13:35:45","date_gmt":"2022-02-21T12:35:45","guid":{"rendered":"https:\/\/www.24gliwice.pl\/wiadomosci\/?p=187029"},"modified":"2022-02-21T13:35:45","modified_gmt":"2022-02-21T12:35:45","slug":"ferie-w-miescie-na-polmetku","status":"publish","type":"post","link":"https:\/\/www.24gliwice.pl\/wiadomosci\/ferie-w-miescie-na-polmetku\/","title":{"rendered":"Ferie w mie\u015bcie na p\u00f3\u0142metku"},"content":{"rendered":"<h2>Ferie na p\u00f3\u0142metku. W Gliwicach, jak co roku, sporo si\u0119 dzieje! Dzieci i m\u0142odzie\u017c sp\u0119dzaj\u0105ca ferie w mie\u015bcie korzysta z szeregu atrakcji, m.in. warsztat\u00f3w, spotka\u0144, wycieczek lub zaj\u0119\u0107 sportowo-kulturalnych. Warto do nich do\u0142\u0105czy\u0107 \u2013 s\u0105 jeszcze miejsca na niekt\u00f3re wydarzenia.<\/h2>\n<p>&nbsp;<\/p>\n<h4>Biblioteka czeka!<\/h4>\n<p>Ferie w Miejskiej Bibliotece Publicznej up\u0142ywaj\u0105 pod znakiem zimowych podr\u00f3\u017cy po literaturze. Uczestnicy bibliotecznych spotka\u0144 odwiedzaj\u0105 r\u00f3\u017cne kraje, bior\u0105 udzia\u0142 w warsztatach, spotkaniach, grach i zabawach o przer\u00f3\u017cnej tematyce, mierz\u0105 si\u0119 z zagadkami, \u0107wicz\u0105 spostrzegawczo\u015b\u0107, logiczne my\u015blenie oraz zwinno\u015b\u0107 i zdolno\u015bci manualne. Chcecie do\u0142\u0105czy\u0107? S\u0105 jeszcze wolne miejsca! Szczeg\u00f3\u0142owy program ferii dost\u0119pny jest na stronie biblioteka.gliwice.pl w zak\u0142adce AKTUALNO\u015aCI. Udzia\u0142 we wszystkich wydarzeniach jest bezp\u0142atny, ale w niekt\u00f3rych \u2013 ze wzgl\u0119du na ograniczon\u0105 liczb\u0119 uczestnik\u00f3w \u2013 trzeba zarezerwowa\u0107 miejsce (zapisy bezpo\u015brednio w filiach organizuj\u0105cych zaj\u0119cia).<\/p>\n<h4>Ferie z rze\u017ab\u0105<\/h4>\n<p>Do 22 lutego uczestnicy bezp\u0142atnych muzealnych warsztat\u00f3w mog\u0105 przygl\u0105da\u0107 si\u0119 pracy rze\u017abiarzy, kt\u00f3rzy z gliny i kamienia potrafi\u0105 wyczarowa\u0107 prawdziwe dzie\u0142a sztuki. Zaj\u0119cia \u201eGliwice wyrze\u017abione. \u015aladami rze\u017abiarzy I po\u0142. XX w. w przestrzeni miasta\u201d oraz \u201eJak patrze\u0107 na rze\u017ab\u0119, aby j\u0105 zobaczy\u0107\u201d realizowane s\u0105 on-line, na platformie ZOOM. Zapisy prowadzone s\u0105 pod numerem telefonu 783-560-006.<\/p>\n<h4>Przygoda z teatrem<\/h4>\n<p>Na ferie poleca si\u0119 Teatr Miejski w Gliwicach. W feriowym repertuarze: zwiedzanie teatru z Zuzi\u0105 i Filipem \u2013 teatralnymi kr\u00f3likami, warsztaty teatru kamishibai oraz spektakle \u201ePrzygody Tomka Sawyera\u201d i \u201eMalutka Czarownica\u201d, a tak\u017ce warsztaty magiczne, spotkanie z aktorami i malowanie p\u0142otu. Szczeg\u00f3\u0142owe informacje mo\u017cna znale\u017a\u0107 na stronie internetowej\u00a0<a href=\"http:\/\/teatr.gliwice.pl\/\" target=\"_blank\" rel=\"noopener\">teatr.gliwice.pl<\/a>\u00a0w zak\u0142adce FERIE ZIMOWE 2022.<\/p>\n<h4>Ferie w tropikach<\/h4>\n<p>Z okazji ferii Palmiarnia Miejska b\u0119dzie otwarta r\u00f3wnie\u017c w poniedzia\u0142ek 21 lutego! Warto sp\u0119dzi\u0107 kilka zimowych godzin w\u015br\u00f3d zieleni!<\/p>\n<h4>Na du\u017cym ekranie<\/h4>\n<p>Do 27 lutego Scena Bajka \u2013 Kino Amok zaprasza na Filmowe Zimowisko. Przed nami jeszcze m.in. \u201eMagiczne Encanto\u201d, \u201eMoja mama gorylica\u201d i \u201eMoje \u017cycie to cyrk\u201d. Organizatorzy szczeg\u00f3lnie gor\u0105co zapraszaj\u0105 27 lutego na seans \u201eCz\u0142owiek o kamiennej twarzy\u201d Bustera Keatona, jednego z najwi\u0119kszych komik\u00f3w kina niemego. Brzmi intryguj\u0105co? Warto sprawdzi\u0107 szczeg\u00f3\u0142y Filmowego Zimowiska na stronie internetowej\u00a0<a href=\"http:\/\/amok.gliwice.pl\/\" target=\"_blank\" rel=\"noopener\">amok.gliwice.pl<\/a>\u00a0w zak\u0142adce WYDARZENIA.<\/p>\n<h4>Warsztaty w MDK<\/h4>\n<p>M\u0142odzie\u017cowy Dom Kultury w Gliwicach przy ul. Barlickiego 3 organizuje zaj\u0119cia tw\u00f3rcze, m.in. warsztaty majsterkowania i fotografii otworkowej, zaj\u0119cia muzyczne, teatralne, graficzne oraz plastyczne. Nadal trwaj\u0105 zapisy na drugi tydzie\u0144 ferii. Zapiszcie si\u0119, korzystaj\u0105c z internetowego formularza zg\u0142osze\u0144, kt\u00f3ry znajduje si\u0119 na stronie\u00a0<a href=\"http:\/\/mdk.gliwice.pl\/\" target=\"_blank\" rel=\"noopener\">mdk.gliwice.pl<\/a>. Wi\u0119cej informacji na ten temat mo\u017cna uzyska\u0107 na stronie internetowej oraz pod numerem telefonu 32\/232-69-54.<\/p>\n<h4>Akcja lodowisko<\/h4>\n<p>Lodowisko \u201eTafla\u201d przy ul. Akademickiej zaprasza na codzienn\u0105 \u015blizgawk\u0119 \u2013 w poniedzia\u0142ki i niedziele w godz. od 8.00 do 18.00, a od wtorku do soboty w godz. od 8.00 do 19.30. Pami\u0119tajcie, \u017ce po ka\u017cdej \u015blizgawce jest p\u00f3\u0142godzinna przerwa techniczna, potrzebna na wyg\u0142adzenie lodu dla kolejnych mi\u0142o\u015bnik\u00f3w \u0142y\u017cwiarstwa. Bilet wst\u0119pu kosztuje od 5 do 14 z\u0142. Szczeg\u00f3\u0142owe informacje mo\u017cna znale\u017a\u0107 na stronie internetowej\u00a0<a href=\"https:\/\/www.polsl.pl\/rjo6-os\/aktualnosci\/46532\/otwarcie-lodowiska-tafla\/\" target=\"_blank\" rel=\"noopener\">www.polsl.pl<\/a>, w zak\u0142adce Uczelnia (jednostki og\u00f3lnouczelniane i us\u0142ugowe \u2013 o\u015brodek sportu).<\/p>\n<p><strong>Uwaga!<\/strong>\u00a0W zwi\u0105zku z dynamiczn\u0105 sytuacj\u0105 epidemiczn\u0105 warto na bie\u017c\u0105co monitorowa\u0107 aktualno\u015b\u0107 ofert poszczeg\u00f3lnych plac\u00f3wek. (mf)<\/p>\n<hr \/>\n<p><small>publikacja na zlecenie Urz\u0119du Miejskiego w Gliwicach<\/small><\/p>\n","protected":false},"excerpt":{"rendered":"<p>Ferie na p\u00f3\u0142metku. W Gliwicach, jak co roku, sporo si\u0119 dzieje! Dzieci i m\u0142odzie\u017c sp\u0119dzaj\u0105ca ferie w mie\u015bcie korzysta z szeregu atrakcji, m.in. warsztat\u00f3w, spotka\u0144, wycieczek lub zaj\u0119\u0107 sportowo-kulturalnych. Warto do nich do\u0142\u0105czy\u0107 \u2013 s\u0105 jeszcze miejsca na niekt\u00f3re wydarzenia. &nbsp; Biblioteka czeka! Ferie w Miejskiej Bibliotece Publicznej up\u0142ywaj\u0105 pod znakiem zimowych podr\u00f3\u017cy po literaturze. [&hellip;]<\/p>\n","protected":false},"author":4,"featured_media":187033,"comment_status":"closed","ping_status":"closed","sticky":false,"template":"","format":"standard","meta":{"_monsterinsights_skip_tracking":false,"_monsterinsights_sitenote_active":false,"_monsterinsights_sitenote_note":"","_monsterinsights_sitenote_category":0,"footnotes":"","_links_to":"","_links_to_target":""},"categories":[3,6,1,1129],"tags":[11174],"class_list":["post-187029","post","type-post","status-publish","format-standard","has-post-thumbnail","hentry","category-gliwice","category-kultura","category-wszystko","category-polecamy","tag-ferie"],"yoast_head":"<!-- This site is optimized with the Yoast SEO plugin v27.4 - https:\/\/yoast.com\/product\/yoast-seo-wordpress\/ -->\n<title>Ferie w mie\u015bcie na p\u00f3\u0142metku - 24GLIWICE - Portal Gliwice | codziennie nowe informacje<\/title>\n<meta name=\"description\" content=\"Ferie na p\u00f3\u0142metku. W Gliwicach, jak co roku, sporo si\u0119 dzieje! Dzieci i m\u0142odzie\u017c sp\u0119dzaj\u0105ca ferie w mie\u015bcie korzysta z szeregu atrakcji, m.in. warsztat\u00f3w, spotka\u0144, wycieczek lub zaj\u0119\u0107 sportowo-kulturalnych. Warto do nich do\u0142\u0105czy\u0107.\" \/>\n<meta name=\"robots\" content=\"index, follow, max-snippet:-1, max-image-preview:large, max-video-preview:-1\" \/>\n<link rel=\"canonical\" href=\"https:\/\/www.24gliwice.pl\/wiadomosci\/ferie-w-miescie-na-polmetku\/\" \/>\n<meta property=\"og:locale\" content=\"pl_PL\" \/>\n<meta property=\"og:type\" content=\"article\" \/>\n<meta property=\"og:title\" content=\"Ferie w mie\u015bcie na p\u00f3\u0142metku - 24GLIWICE - Portal Gliwice | codziennie nowe informacje\" \/>\n<meta property=\"og:description\" content=\"Ferie na p\u00f3\u0142metku. W Gliwicach, jak co roku, sporo si\u0119 dzieje! Dzieci i m\u0142odzie\u017c sp\u0119dzaj\u0105ca ferie w mie\u015bcie korzysta z szeregu atrakcji, m.in. warsztat\u00f3w, spotka\u0144, wycieczek lub zaj\u0119\u0107 sportowo-kulturalnych. Warto do nich do\u0142\u0105czy\u0107.\" \/>\n<meta property=\"og:url\" content=\"https:\/\/www.24gliwice.pl\/wiadomosci\/ferie-w-miescie-na-polmetku\/\" \/>\n<meta property=\"og:site_name\" content=\"24GLIWICE - Portal Gliwice | codziennie nowe informacje\" \/>\n<meta property=\"article:publisher\" content=\"https:\/\/www.facebook.com\/24gliwice\" \/>\n<meta property=\"article:author\" content=\"https:\/\/www.facebook.com\/marcin.fabrykowski\" \/>\n<meta property=\"article:published_time\" content=\"2022-02-21T12:35:45+00:00\" \/>\n<meta property=\"og:image\" content=\"https:\/\/www.24gliwice.pl\/wiadomosci\/wp-content\/uploads\/2022\/02\/ferie_polmetek.jpg\" \/>\n\t<meta property=\"og:image:width\" content=\"880\" \/>\n\t<meta property=\"og:image:height\" content=\"563\" \/>\n\t<meta property=\"og:image:type\" content=\"image\/jpeg\" \/>\n<meta name=\"author\" content=\"Marcin Fabrykowski\" \/>\n<meta name=\"twitter:card\" content=\"summary_large_image\" \/>\n<meta name=\"twitter:creator\" content=\"@24gliwice\" \/>\n<meta name=\"twitter:site\" content=\"@24gliwice\" \/>\n<meta name=\"twitter:label1\" content=\"Napisane przez\" \/>\n\t<meta name=\"twitter:data1\" content=\"Marcin Fabrykowski\" \/>\n\t<meta name=\"twitter:label2\" content=\"Szacowany czas czytania\" \/>\n\t<meta name=\"twitter:data2\" content=\"3 minuty\" \/>\n<script type=\"application\/ld+json\" class=\"yoast-schema-graph\">{\"@context\":\"https:\\\/\\\/schema.org\",\"@graph\":[{\"@type\":\"Article\",\"@id\":\"https:\\\/\\\/www.24gliwice.pl\\\/wiadomosci\\\/ferie-w-miescie-na-polmetku\\\/#article\",\"isPartOf\":{\"@id\":\"https:\\\/\\\/www.24gliwice.pl\\\/wiadomosci\\\/ferie-w-miescie-na-polmetku\\\/\"},\"author\":{\"name\":\"Marcin Fabrykowski\",\"@id\":\"https:\\\/\\\/www.24gliwice.pl\\\/wiadomosci\\\/#\\\/schema\\\/person\\\/cb5857e4a4d048c15984c1edcc8ef0c0\"},\"headline\":\"Ferie w mie\u015bcie na p\u00f3\u0142metku\",\"datePublished\":\"2022-02-21T12:35:45+00:00\",\"mainEntityOfPage\":{\"@id\":\"https:\\\/\\\/www.24gliwice.pl\\\/wiadomosci\\\/ferie-w-miescie-na-polmetku\\\/\"},\"wordCount\":581,\"publisher\":{\"@id\":\"https:\\\/\\\/www.24gliwice.pl\\\/wiadomosci\\\/#organization\"},\"image\":{\"@id\":\"https:\\\/\\\/www.24gliwice.pl\\\/wiadomosci\\\/ferie-w-miescie-na-polmetku\\\/#primaryimage\"},\"thumbnailUrl\":\"https:\\\/\\\/www.24gliwice.pl\\\/wiadomosci\\\/wp-content\\\/uploads\\\/2022\\\/02\\\/ferie_polmetek.jpg\",\"keywords\":[\"ferie\"],\"articleSection\":[\"Gliwice\",\"Kultura, wydarzenia, imprezy\",\"Najnowsze wiadomo\u015bci\",\"Polecamy\"],\"inLanguage\":\"pl-PL\"},{\"@type\":\"WebPage\",\"@id\":\"https:\\\/\\\/www.24gliwice.pl\\\/wiadomosci\\\/ferie-w-miescie-na-polmetku\\\/\",\"url\":\"https:\\\/\\\/www.24gliwice.pl\\\/wiadomosci\\\/ferie-w-miescie-na-polmetku\\\/\",\"name\":\"Ferie w mie\u015bcie na p\u00f3\u0142metku - 24GLIWICE - Portal Gliwice | codziennie nowe informacje\",\"isPartOf\":{\"@id\":\"https:\\\/\\\/www.24gliwice.pl\\\/wiadomosci\\\/#website\"},\"primaryImageOfPage\":{\"@id\":\"https:\\\/\\\/www.24gliwice.pl\\\/wiadomosci\\\/ferie-w-miescie-na-polmetku\\\/#primaryimage\"},\"image\":{\"@id\":\"https:\\\/\\\/www.24gliwice.pl\\\/wiadomosci\\\/ferie-w-miescie-na-polmetku\\\/#primaryimage\"},\"thumbnailUrl\":\"https:\\\/\\\/www.24gliwice.pl\\\/wiadomosci\\\/wp-content\\\/uploads\\\/2022\\\/02\\\/ferie_polmetek.jpg\",\"datePublished\":\"2022-02-21T12:35:45+00:00\",\"description\":\"Ferie na p\u00f3\u0142metku. W Gliwicach, jak co roku, sporo si\u0119 dzieje! Dzieci i m\u0142odzie\u017c sp\u0119dzaj\u0105ca ferie w mie\u015bcie korzysta z szeregu atrakcji, m.in. warsztat\u00f3w, spotka\u0144, wycieczek lub zaj\u0119\u0107 sportowo-kulturalnych. Warto do nich do\u0142\u0105czy\u0107.\",\"breadcrumb\":{\"@id\":\"https:\\\/\\\/www.24gliwice.pl\\\/wiadomosci\\\/ferie-w-miescie-na-polmetku\\\/#breadcrumb\"},\"inLanguage\":\"pl-PL\",\"potentialAction\":[{\"@type\":\"ReadAction\",\"target\":[\"https:\\\/\\\/www.24gliwice.pl\\\/wiadomosci\\\/ferie-w-miescie-na-polmetku\\\/\"]}]},{\"@type\":\"ImageObject\",\"inLanguage\":\"pl-PL\",\"@id\":\"https:\\\/\\\/www.24gliwice.pl\\\/wiadomosci\\\/ferie-w-miescie-na-polmetku\\\/#primaryimage\",\"url\":\"https:\\\/\\\/www.24gliwice.pl\\\/wiadomosci\\\/wp-content\\\/uploads\\\/2022\\\/02\\\/ferie_polmetek.jpg\",\"contentUrl\":\"https:\\\/\\\/www.24gliwice.pl\\\/wiadomosci\\\/wp-content\\\/uploads\\\/2022\\\/02\\\/ferie_polmetek.jpg\",\"width\":880,\"height\":563},{\"@type\":\"BreadcrumbList\",\"@id\":\"https:\\\/\\\/www.24gliwice.pl\\\/wiadomosci\\\/ferie-w-miescie-na-polmetku\\\/#breadcrumb\",\"itemListElement\":[{\"@type\":\"ListItem\",\"position\":1,\"name\":\"Strona g\u0142\u00f3wna\",\"item\":\"https:\\\/\\\/www.24gliwice.pl\\\/wiadomosci\\\/\"},{\"@type\":\"ListItem\",\"position\":2,\"name\":\"Ferie w mie\u015bcie na p\u00f3\u0142metku\"}]},{\"@type\":\"WebSite\",\"@id\":\"https:\\\/\\\/www.24gliwice.pl\\\/wiadomosci\\\/#website\",\"url\":\"https:\\\/\\\/www.24gliwice.pl\\\/wiadomosci\\\/\",\"name\":\"24GLIWICE - Portal Gliwice | codziennie nowe wiadomo\u015bci\",\"description\":\"Portal Miejski Gliwice\",\"publisher\":{\"@id\":\"https:\\\/\\\/www.24gliwice.pl\\\/wiadomosci\\\/#organization\"},\"potentialAction\":[{\"@type\":\"SearchAction\",\"target\":{\"@type\":\"EntryPoint\",\"urlTemplate\":\"https:\\\/\\\/www.24gliwice.pl\\\/wiadomosci\\\/?s={search_term_string}\"},\"query-input\":{\"@type\":\"PropertyValueSpecification\",\"valueRequired\":true,\"valueName\":\"search_term_string\"}}],\"inLanguage\":\"pl-PL\"},{\"@type\":\"Organization\",\"@id\":\"https:\\\/\\\/www.24gliwice.pl\\\/wiadomosci\\\/#organization\",\"name\":\"24gliwice\",\"url\":\"https:\\\/\\\/www.24gliwice.pl\\\/wiadomosci\\\/\",\"logo\":{\"@type\":\"ImageObject\",\"inLanguage\":\"pl-PL\",\"@id\":\"https:\\\/\\\/www.24gliwice.pl\\\/wiadomosci\\\/#\\\/schema\\\/logo\\\/image\\\/\",\"url\":\"https:\\\/\\\/www.24gliwice.pl\\\/wiadomosci\\\/wp-content\\\/uploads\\\/2024\\\/10\\\/24gliwice-logo-696.jpg\",\"contentUrl\":\"https:\\\/\\\/www.24gliwice.pl\\\/wiadomosci\\\/wp-content\\\/uploads\\\/2024\\\/10\\\/24gliwice-logo-696.jpg\",\"width\":696,\"height\":696,\"caption\":\"24gliwice\"},\"image\":{\"@id\":\"https:\\\/\\\/www.24gliwice.pl\\\/wiadomosci\\\/#\\\/schema\\\/logo\\\/image\\\/\"},\"sameAs\":[\"https:\\\/\\\/www.facebook.com\\\/24gliwice\",\"https:\\\/\\\/x.com\\\/24gliwice\",\"https:\\\/\\\/www.youtube.com\\\/@24gliwice\"]},{\"@type\":\"Person\",\"@id\":\"https:\\\/\\\/www.24gliwice.pl\\\/wiadomosci\\\/#\\\/schema\\\/person\\\/cb5857e4a4d048c15984c1edcc8ef0c0\",\"name\":\"Marcin Fabrykowski\",\"image\":{\"@type\":\"ImageObject\",\"inLanguage\":\"pl-PL\",\"@id\":\"https:\\\/\\\/www.24gliwice.pl\\\/wiadomosci\\\/wp-content\\\/uploads\\\/2025\\\/11\\\/zdjecie-moje-marcin-300-96x96.jpg\",\"url\":\"https:\\\/\\\/www.24gliwice.pl\\\/wiadomosci\\\/wp-content\\\/uploads\\\/2025\\\/11\\\/zdjecie-moje-marcin-300-96x96.jpg\",\"contentUrl\":\"https:\\\/\\\/www.24gliwice.pl\\\/wiadomosci\\\/wp-content\\\/uploads\\\/2025\\\/11\\\/zdjecie-moje-marcin-300-96x96.jpg\",\"caption\":\"Marcin Fabrykowski\"},\"sameAs\":[\"http:\\\/\\\/24gliwice.pl\",\"https:\\\/\\\/www.facebook.com\\\/marcin.fabrykowski\"],\"url\":\"https:\\\/\\\/www.24gliwice.pl\\\/wiadomosci\\\/author\\\/marcin-fabrykowski\\\/\"}]}<\/script>\n<!-- \/ Yoast SEO plugin. -->","yoast_head_json":{"title":"Ferie w mie\u015bcie na p\u00f3\u0142metku - 24GLIWICE - Portal Gliwice | codziennie nowe informacje","description":"Ferie na p\u00f3\u0142metku. W Gliwicach, jak co roku, sporo si\u0119 dzieje! Dzieci i m\u0142odzie\u017c sp\u0119dzaj\u0105ca ferie w mie\u015bcie korzysta z szeregu atrakcji, m.in. warsztat\u00f3w, spotka\u0144, wycieczek lub zaj\u0119\u0107 sportowo-kulturalnych. Warto do nich do\u0142\u0105czy\u0107.","robots":{"index":"index","follow":"follow","max-snippet":"max-snippet:-1","max-image-preview":"max-image-preview:large","max-video-preview":"max-video-preview:-1"},"canonical":"https:\/\/www.24gliwice.pl\/wiadomosci\/ferie-w-miescie-na-polmetku\/","og_locale":"pl_PL","og_type":"article","og_title":"Ferie w mie\u015bcie na p\u00f3\u0142metku - 24GLIWICE - Portal Gliwice | codziennie nowe informacje","og_description":"Ferie na p\u00f3\u0142metku. W Gliwicach, jak co roku, sporo si\u0119 dzieje! Dzieci i m\u0142odzie\u017c sp\u0119dzaj\u0105ca ferie w mie\u015bcie korzysta z szeregu atrakcji, m.in. warsztat\u00f3w, spotka\u0144, wycieczek lub zaj\u0119\u0107 sportowo-kulturalnych. Warto do nich do\u0142\u0105czy\u0107.","og_url":"https:\/\/www.24gliwice.pl\/wiadomosci\/ferie-w-miescie-na-polmetku\/","og_site_name":"24GLIWICE - Portal Gliwice | codziennie nowe informacje","article_publisher":"https:\/\/www.facebook.com\/24gliwice","article_author":"https:\/\/www.facebook.com\/marcin.fabrykowski","article_published_time":"2022-02-21T12:35:45+00:00","og_image":[{"width":880,"height":563,"url":"https:\/\/www.24gliwice.pl\/wiadomosci\/wp-content\/uploads\/2022\/02\/ferie_polmetek.jpg","type":"image\/jpeg"}],"author":"Marcin Fabrykowski","twitter_card":"summary_large_image","twitter_creator":"@24gliwice","twitter_site":"@24gliwice","twitter_misc":{"Napisane przez":"Marcin Fabrykowski","Szacowany czas czytania":"3 minuty"},"schema":{"@context":"https:\/\/schema.org","@graph":[{"@type":"Article","@id":"https:\/\/www.24gliwice.pl\/wiadomosci\/ferie-w-miescie-na-polmetku\/#article","isPartOf":{"@id":"https:\/\/www.24gliwice.pl\/wiadomosci\/ferie-w-miescie-na-polmetku\/"},"author":{"name":"Marcin Fabrykowski","@id":"https:\/\/www.24gliwice.pl\/wiadomosci\/#\/schema\/person\/cb5857e4a4d048c15984c1edcc8ef0c0"},"headline":"Ferie w mie\u015bcie na p\u00f3\u0142metku","datePublished":"2022-02-21T12:35:45+00:00","mainEntityOfPage":{"@id":"https:\/\/www.24gliwice.pl\/wiadomosci\/ferie-w-miescie-na-polmetku\/"},"wordCount":581,"publisher":{"@id":"https:\/\/www.24gliwice.pl\/wiadomosci\/#organization"},"image":{"@id":"https:\/\/www.24gliwice.pl\/wiadomosci\/ferie-w-miescie-na-polmetku\/#primaryimage"},"thumbnailUrl":"https:\/\/www.24gliwice.pl\/wiadomosci\/wp-content\/uploads\/2022\/02\/ferie_polmetek.jpg","keywords":["ferie"],"articleSection":["Gliwice","Kultura, wydarzenia, imprezy","Najnowsze wiadomo\u015bci","Polecamy"],"inLanguage":"pl-PL"},{"@type":"WebPage","@id":"https:\/\/www.24gliwice.pl\/wiadomosci\/ferie-w-miescie-na-polmetku\/","url":"https:\/\/www.24gliwice.pl\/wiadomosci\/ferie-w-miescie-na-polmetku\/","name":"Ferie w mie\u015bcie na p\u00f3\u0142metku - 24GLIWICE - Portal Gliwice | codziennie nowe informacje","isPartOf":{"@id":"https:\/\/www.24gliwice.pl\/wiadomosci\/#website"},"primaryImageOfPage":{"@id":"https:\/\/www.24gliwice.pl\/wiadomosci\/ferie-w-miescie-na-polmetku\/#primaryimage"},"image":{"@id":"https:\/\/www.24gliwice.pl\/wiadomosci\/ferie-w-miescie-na-polmetku\/#primaryimage"},"thumbnailUrl":"https:\/\/www.24gliwice.pl\/wiadomosci\/wp-content\/uploads\/2022\/02\/ferie_polmetek.jpg","datePublished":"2022-02-21T12:35:45+00:00","description":"Ferie na p\u00f3\u0142metku. W Gliwicach, jak co roku, sporo si\u0119 dzieje! Dzieci i m\u0142odzie\u017c sp\u0119dzaj\u0105ca ferie w mie\u015bcie korzysta z szeregu atrakcji, m.in. warsztat\u00f3w, spotka\u0144, wycieczek lub zaj\u0119\u0107 sportowo-kulturalnych. Warto do nich do\u0142\u0105czy\u0107.","breadcrumb":{"@id":"https:\/\/www.24gliwice.pl\/wiadomosci\/ferie-w-miescie-na-polmetku\/#breadcrumb"},"inLanguage":"pl-PL","potentialAction":[{"@type":"ReadAction","target":["https:\/\/www.24gliwice.pl\/wiadomosci\/ferie-w-miescie-na-polmetku\/"]}]},{"@type":"ImageObject","inLanguage":"pl-PL","@id":"https:\/\/www.24gliwice.pl\/wiadomosci\/ferie-w-miescie-na-polmetku\/#primaryimage","url":"https:\/\/www.24gliwice.pl\/wiadomosci\/wp-content\/uploads\/2022\/02\/ferie_polmetek.jpg","contentUrl":"https:\/\/www.24gliwice.pl\/wiadomosci\/wp-content\/uploads\/2022\/02\/ferie_polmetek.jpg","width":880,"height":563},{"@type":"BreadcrumbList","@id":"https:\/\/www.24gliwice.pl\/wiadomosci\/ferie-w-miescie-na-polmetku\/#breadcrumb","itemListElement":[{"@type":"ListItem","position":1,"name":"Strona g\u0142\u00f3wna","item":"https:\/\/www.24gliwice.pl\/wiadomosci\/"},{"@type":"ListItem","position":2,"name":"Ferie w mie\u015bcie na p\u00f3\u0142metku"}]},{"@type":"WebSite","@id":"https:\/\/www.24gliwice.pl\/wiadomosci\/#website","url":"https:\/\/www.24gliwice.pl\/wiadomosci\/","name":"24GLIWICE - Portal Gliwice | codziennie nowe wiadomo\u015bci","description":"Portal Miejski Gliwice","publisher":{"@id":"https:\/\/www.24gliwice.pl\/wiadomosci\/#organization"},"potentialAction":[{"@type":"SearchAction","target":{"@type":"EntryPoint","urlTemplate":"https:\/\/www.24gliwice.pl\/wiadomosci\/?s={search_term_string}"},"query-input":{"@type":"PropertyValueSpecification","valueRequired":true,"valueName":"search_term_string"}}],"inLanguage":"pl-PL"},{"@type":"Organization","@id":"https:\/\/www.24gliwice.pl\/wiadomosci\/#organization","name":"24gliwice","url":"https:\/\/www.24gliwice.pl\/wiadomosci\/","logo":{"@type":"ImageObject","inLanguage":"pl-PL","@id":"https:\/\/www.24gliwice.pl\/wiadomosci\/#\/schema\/logo\/image\/","url":"https:\/\/www.24gliwice.pl\/wiadomosci\/wp-content\/uploads\/2024\/10\/24gliwice-logo-696.jpg","contentUrl":"https:\/\/www.24gliwice.pl\/wiadomosci\/wp-content\/uploads\/2024\/10\/24gliwice-logo-696.jpg","width":696,"height":696,"caption":"24gliwice"},"image":{"@id":"https:\/\/www.24gliwice.pl\/wiadomosci\/#\/schema\/logo\/image\/"},"sameAs":["https:\/\/www.facebook.com\/24gliwice","https:\/\/x.com\/24gliwice","https:\/\/www.youtube.com\/@24gliwice"]},{"@type":"Person","@id":"https:\/\/www.24gliwice.pl\/wiadomosci\/#\/schema\/person\/cb5857e4a4d048c15984c1edcc8ef0c0","name":"Marcin Fabrykowski","image":{"@type":"ImageObject","inLanguage":"pl-PL","@id":"https:\/\/www.24gliwice.pl\/wiadomosci\/wp-content\/uploads\/2025\/11\/zdjecie-moje-marcin-300-96x96.jpg","url":"https:\/\/www.24gliwice.pl\/wiadomosci\/wp-content\/uploads\/2025\/11\/zdjecie-moje-marcin-300-96x96.jpg","contentUrl":"https:\/\/www.24gliwice.pl\/wiadomosci\/wp-content\/uploads\/2025\/11\/zdjecie-moje-marcin-300-96x96.jpg","caption":"Marcin Fabrykowski"},"sameAs":["http:\/\/24gliwice.pl","https:\/\/www.facebook.com\/marcin.fabrykowski"],"url":"https:\/\/www.24gliwice.pl\/wiadomosci\/author\/marcin-fabrykowski\/"}]}},"_links":{"self":[{"href":"https:\/\/www.24gliwice.pl\/wiadomosci\/wp-json\/wp\/v2\/posts\/187029","targetHints":{"allow":["GET"]}}],"collection":[{"href":"https:\/\/www.24gliwice.pl\/wiadomosci\/wp-json\/wp\/v2\/posts"}],"about":[{"href":"https:\/\/www.24gliwice.pl\/wiadomosci\/wp-json\/wp\/v2\/types\/post"}],"author":[{"embeddable":true,"href":"https:\/\/www.24gliwice.pl\/wiadomosci\/wp-json\/wp\/v2\/users\/4"}],"replies":[{"embeddable":true,"href":"https:\/\/www.24gliwice.pl\/wiadomosci\/wp-json\/wp\/v2\/comments?post=187029"}],"version-history":[{"count":3,"href":"https:\/\/www.24gliwice.pl\/wiadomosci\/wp-json\/wp\/v2\/posts\/187029\/revisions"}],"predecessor-version":[{"id":187034,"href":"https:\/\/www.24gliwice.pl\/wiadomosci\/wp-json\/wp\/v2\/posts\/187029\/revisions\/187034"}],"wp:featuredmedia":[{"embeddable":true,"href":"https:\/\/www.24gliwice.pl\/wiadomosci\/wp-json\/wp\/v2\/media\/187033"}],"wp:attachment":[{"href":"https:\/\/www.24gliwice.pl\/wiadomosci\/wp-json\/wp\/v2\/media?parent=187029"}],"wp:term":[{"taxonomy":"category","embeddable":true,"href":"https:\/\/www.24gliwice.pl\/wiadomosci\/wp-json\/wp\/v2\/categories?post=187029"},{"taxonomy":"post_tag","embeddable":true,"href":"https:\/\/www.24gliwice.pl\/wiadomosci\/wp-json\/wp\/v2\/tags?post=187029"}],"curies":[{"name":"wp","href":"https:\/\/api.w.org\/{rel}","templated":true}]}}