{"id":187180,"date":"2022-02-23T12:32:01","date_gmt":"2022-02-23T11:32:01","guid":{"rendered":"https:\/\/www.24gliwice.pl\/wiadomosci\/?p=187180"},"modified":"2022-02-23T12:32:01","modified_gmt":"2022-02-23T11:32:01","slug":"na-wieczorny-spektakl-dla-doroslych-z-malym-dzieckiem-pociecha-zajmie-sie-teatralna-opiekunka","status":"publish","type":"post","link":"https:\/\/www.24gliwice.pl\/wiadomosci\/na-wieczorny-spektakl-dla-doroslych-z-malym-dzieckiem-pociecha-zajmie-sie-teatralna-opiekunka\/","title":{"rendered":"Na wieczorny spektakl dla doros\u0142ych z ma\u0142ym dzieckiem? Pociech\u0105 zajmie si\u0119 Teatralna Opiekunka"},"content":{"rendered":"<div class=\"gliwi-a6-nad-leadem-artykulow gliwi-entity-placement\" id=\"gliwi-3201147867\"><div class=\"gliwi-adlabel\"><span style=\"font-size: 9px\">REKLAMA<\/span><\/div><div id=\"gliwi-890954634\" style=\"margin-bottom: 25px;margin-left: auto;margin-right: auto;text-align: center;\"><a data-no-instant=\"1\" href=\"https:\/\/dom100.eu\/\" rel=\"noopener\" class=\"a2t-link\" target=\"_blank\" aria-label=\"20260415 DOM100 D\"><img loading=\"lazy\" decoding=\"async\" src=\"https:\/\/www.24gliwice.pl\/wiadomosci\/wp-content\/uploads\/2026\/04\/20260415-DOM100-D.jpg\" alt=\"\"  srcset=\"https:\/\/www.24gliwice.pl\/wiadomosci\/wp-content\/uploads\/2026\/04\/20260415-DOM100-D.jpg 750w, https:\/\/www.24gliwice.pl\/wiadomosci\/wp-content\/uploads\/2026\/04\/20260415-DOM100-D-410x109.jpg 410w\" sizes=\"(max-width: 750px) 100vw, 750px\" class=\"no-lazyload\" width=\"750\" height=\"200\"  style=\"display: inline-block; max-width: 100%; height: auto;\" \/><\/a><\/div><\/div><h2>Rodzic\u00f3w ma\u0142ych dzieci, kt\u00f3rzy marz\u0105 o wsp\u00f3lnym wyj\u015bciu na spektakl, zapewne zainteresuje oferta Teatru Miejskiego. Powraca Teatralna Opiekunka \u2013 w trakcie przedstawienia dla doros\u0142ych widz\u00f3w ich pociechami zajmie si\u0119 wykwalifikowany pedagog.<\/h2>\n<p>&nbsp;<br \/>\nTeatralna Opiekunka zaprasza na zaj\u0119cia 6 marca o godzinie 18:00, podczas pokazu spektaklu \u201ePlotka\u201d.<\/p>\n<p>\u201ePlotka\u201d w re\u017cyserii <strong>Cezarego Ibera<\/strong> to komedia, kt\u00f3ra wci\u0105gnie Was bez reszty. Ksi\u0119gowy Pignion \u2013 ciamajda i \u017cyciowy nieudacznik, z dnia na dzie\u0144 staje si\u0119 postaci\u0105 niezwyk\u0142\u0105. Jego dotychczasowy nudny \u017cywot zmienia si\u0119 w ci\u0105g niezwyk\u0142ych przyg\u00f3d i barwnych wpadek. Plotka, niczym czarodziejska r\u00f3\u017cd\u017cka, zmienia \u017cycie jego i innych.<\/p><div class=\"gliwi-a3-w-tresci-artykulow gliwi-entity-placement\" id=\"gliwi-3993931545\"><div class=\"gliwi-adlabel\"><span style=\"font-size: 9px\">REKLAMA<\/span><\/div><div id=\"gliwi-2204540839\" style=\"margin-bottom: 30px;margin-left: auto;margin-right: auto;text-align: center;\"><a data-no-instant=\"1\" href=\"https:\/\/zlobek.halogen.org.pl\/\" rel=\"noopener\" class=\"a2t-link\" target=\"_blank\" aria-label=\"animator-zlobek_750x200\"><img loading=\"lazy\" decoding=\"async\" src=\"https:\/\/www.24gliwice.pl\/wiadomosci\/wp-content\/uploads\/2026\/02\/animator-zlobek_750x200.webp\" alt=\"\"  srcset=\"https:\/\/www.24gliwice.pl\/wiadomosci\/wp-content\/uploads\/2026\/02\/animator-zlobek_750x200.webp 750w, https:\/\/www.24gliwice.pl\/wiadomosci\/wp-content\/uploads\/2026\/02\/animator-zlobek_750x200-410x109.webp 410w\" sizes=\"(max-width: 750px) 100vw, 750px\" class=\"no-lazyload\" width=\"750\" height=\"200\"  style=\"display: inline-block; max-width: 100%; height: auto;\" \/><\/a><\/div><\/div>\n<p><iframe loading=\"lazy\" width=\"810\" height=\"455\" src=\"https:\/\/www.youtube.com\/embed\/Rp4UWq3n3fU\" title=\"YouTube video player\" frameborder=\"0\" allow=\"accelerometer; autoplay; clipboard-write; encrypted-media; gyroscope; picture-in-picture\" allowfullscreen><\/iframe><\/p>\n<p>W czasie trwania spektaklu dzieci wezm\u0105 udzia\u0142 w teatralnych zabawach i pracach plastycznych. Zaj\u0119cia przeznaczone s\u0105 dla dzieci w wieku 4 \u2013 11 lat. Aby zapisa\u0107 dziecko na zaj\u0119cia Teatralnej Opiekunki nale\u017cy wcze\u015bniej zg\u0142osi\u0107 ch\u0119\u0107 udzia\u0142u pod nr tel. 32 230 49 68 \/ 32 232 13 39 lub e-mailem: <a href=\"mailto:bow@teatr.gliwice.pl\" rel=\"noopener\" target=\"_blank\">bow@teatr.gliwice.pl<\/a>. Koszt udzia\u0142u w zaj\u0119ciach wynosi 10z\u0142, ilo\u015b\u0107 miejsc jest ograniczona.<\/p>\n<p><a href=\"https:\/\/teatr.gliwice.pl\/wydarzenie\/plotka\/\" rel=\"noopener\" target=\"_blank\">Bilety oraz wi\u0119cej informacji na temat spektaklu &#8211; kliknij TU. <\/a><br \/>\n(\u017cms)\/TMG<br \/>\nfot. M. Ramus\/TMG<\/p>\n<div class=\"gliwi-a5-na-koncu-artykulow gliwi-entity-placement\" id=\"gliwi-65473931\"><div class=\"gliwi-adlabel\"><span style=\"font-size: 9px\">REKLAMA<\/span><\/div><div id=\"gliwi-2989206497\" style=\"margin-left: auto;margin-right: auto;text-align: center;\"><a data-no-instant=\"1\" href=\"https:\/\/prezeroarenagliwice.pl\/\" rel=\"noopener\" class=\"a2t-link\" target=\"_blank\" aria-label=\"20260309-PREZERO-WIOSNA-D\"><img loading=\"lazy\" decoding=\"async\" src=\"https:\/\/www.24gliwice.pl\/wiadomosci\/wp-content\/uploads\/2026\/03\/20260309-PREZERO-WIOSNA-D.webp\" alt=\"\"  srcset=\"https:\/\/www.24gliwice.pl\/wiadomosci\/wp-content\/uploads\/2026\/03\/20260309-PREZERO-WIOSNA-D.webp 750w, https:\/\/www.24gliwice.pl\/wiadomosci\/wp-content\/uploads\/2026\/03\/20260309-PREZERO-WIOSNA-D-410x109.webp 410w\" sizes=\"(max-width: 750px) 100vw, 750px\" class=\"no-lazyload\" width=\"750\" height=\"200\"  style=\"display: inline-block; max-width: 100%; height: auto;\" \/><\/a><\/div><\/div>","protected":false},"excerpt":{"rendered":"<p>Rodzic\u00f3w ma\u0142ych dzieci, kt\u00f3rzy marz\u0105 o wsp\u00f3lnym wyj\u015bciu na spektakl, zapewne zainteresuje oferta Teatru Miejskiego. Powraca Teatralna Opiekunka \u2013 w trakcie przedstawienia dla doros\u0142ych widz\u00f3w ich pociechami zajmie si\u0119 wykwalifikowany pedagog. &nbsp; Teatralna Opiekunka zaprasza na zaj\u0119cia 6 marca o godzinie 18:00, podczas pokazu spektaklu \u201ePlotka\u201d. \u201ePlotka\u201d w re\u017cyserii Cezarego Ibera to komedia, kt\u00f3ra wci\u0105gnie [&hellip;]<\/p>\n","protected":false},"author":15,"featured_media":187182,"comment_status":"open","ping_status":"closed","sticky":false,"template":"","format":"standard","meta":{"_monsterinsights_skip_tracking":false,"_monsterinsights_sitenote_active":false,"_monsterinsights_sitenote_note":"","_monsterinsights_sitenote_category":0,"footnotes":"","_links_to":"","_links_to_target":""},"categories":[3,6,1],"tags":[20746],"class_list":["post-187180","post","type-post","status-publish","format-standard","has-post-thumbnail","hentry","category-gliwice","category-kultura","category-wszystko","tag-teatralna-opiekunka"],"yoast_head":"<!-- This site is optimized with the Yoast SEO plugin v27.4 - https:\/\/yoast.com\/product\/yoast-seo-wordpress\/ -->\n<title>Na wieczorny spektakl dla doros\u0142ych z ma\u0142ym dzieckiem? Pociech\u0105 zajmie si\u0119 Teatralna Opiekunka - 24GLIWICE - Portal Gliwice | codziennie nowe informacje<\/title>\n<meta name=\"description\" content=\"Teatralna Opiekunka zajmie si\u0119 dzieckiem rodzic\u00f3w, kt\u00f3rzy chc\u0105 zobaczy\u0107 spektakl w Teatrze Miejskim w Gliwicach\" \/>\n<meta name=\"robots\" content=\"index, follow, max-snippet:-1, max-image-preview:large, max-video-preview:-1\" \/>\n<link rel=\"canonical\" href=\"https:\/\/www.24gliwice.pl\/wiadomosci\/na-wieczorny-spektakl-dla-doroslych-z-malym-dzieckiem-pociecha-zajmie-sie-teatralna-opiekunka\/\" \/>\n<meta property=\"og:locale\" content=\"pl_PL\" \/>\n<meta property=\"og:type\" content=\"article\" \/>\n<meta property=\"og:title\" content=\"Na wieczorny spektakl dla doros\u0142ych z ma\u0142ym dzieckiem? Pociech\u0105 zajmie si\u0119 Teatralna Opiekunka - 24GLIWICE - Portal Gliwice | codziennie nowe informacje\" \/>\n<meta property=\"og:description\" content=\"Teatralna Opiekunka zajmie si\u0119 dzieckiem rodzic\u00f3w, kt\u00f3rzy chc\u0105 zobaczy\u0107 spektakl w Teatrze Miejskim w Gliwicach\" \/>\n<meta property=\"og:url\" content=\"https:\/\/www.24gliwice.pl\/wiadomosci\/na-wieczorny-spektakl-dla-doroslych-z-malym-dzieckiem-pociecha-zajmie-sie-teatralna-opiekunka\/\" \/>\n<meta property=\"og:site_name\" content=\"24GLIWICE - Portal Gliwice | codziennie nowe informacje\" \/>\n<meta property=\"article:publisher\" content=\"https:\/\/www.facebook.com\/24gliwice\" \/>\n<meta property=\"article:published_time\" content=\"2022-02-23T11:32:01+00:00\" \/>\n<meta property=\"og:image\" content=\"https:\/\/www.24gliwice.pl\/wiadomosci\/wp-content\/uploads\/2022\/02\/TMG_Plotka_rez._Cezary_Iber_fot._Michal_Ramus-53.jpg\" \/>\n\t<meta property=\"og:image:width\" content=\"810\" \/>\n\t<meta property=\"og:image:height\" content=\"456\" \/>\n\t<meta property=\"og:image:type\" content=\"image\/jpeg\" \/>\n<meta name=\"author\" content=\"\u017baneta Mrozek-Siewierska\" \/>\n<meta name=\"twitter:card\" content=\"summary_large_image\" \/>\n<meta name=\"twitter:creator\" content=\"@24gliwice\" \/>\n<meta name=\"twitter:site\" content=\"@24gliwice\" \/>\n<meta name=\"twitter:label1\" content=\"Napisane przez\" \/>\n\t<meta name=\"twitter:data1\" content=\"\u017baneta Mrozek-Siewierska\" \/>\n\t<meta name=\"twitter:label2\" content=\"Szacowany czas czytania\" \/>\n\t<meta name=\"twitter:data2\" content=\"1 minuta\" \/>\n<script type=\"application\/ld+json\" class=\"yoast-schema-graph\">{\"@context\":\"https:\\\/\\\/schema.org\",\"@graph\":[{\"@type\":\"Article\",\"@id\":\"https:\\\/\\\/www.24gliwice.pl\\\/wiadomosci\\\/na-wieczorny-spektakl-dla-doroslych-z-malym-dzieckiem-pociecha-zajmie-sie-teatralna-opiekunka\\\/#article\",\"isPartOf\":{\"@id\":\"https:\\\/\\\/www.24gliwice.pl\\\/wiadomosci\\\/na-wieczorny-spektakl-dla-doroslych-z-malym-dzieckiem-pociecha-zajmie-sie-teatralna-opiekunka\\\/\"},\"author\":{\"name\":\"\u017baneta Mrozek-Siewierska\",\"@id\":\"https:\\\/\\\/www.24gliwice.pl\\\/wiadomosci\\\/#\\\/schema\\\/person\\\/e42c650edd7f2fa332be3811fb166b6e\"},\"headline\":\"Na wieczorny spektakl dla doros\u0142ych z ma\u0142ym dzieckiem? Pociech\u0105 zajmie si\u0119 Teatralna Opiekunka\",\"datePublished\":\"2022-02-23T11:32:01+00:00\",\"mainEntityOfPage\":{\"@id\":\"https:\\\/\\\/www.24gliwice.pl\\\/wiadomosci\\\/na-wieczorny-spektakl-dla-doroslych-z-malym-dzieckiem-pociecha-zajmie-sie-teatralna-opiekunka\\\/\"},\"wordCount\":200,\"commentCount\":0,\"publisher\":{\"@id\":\"https:\\\/\\\/www.24gliwice.pl\\\/wiadomosci\\\/#organization\"},\"image\":{\"@id\":\"https:\\\/\\\/www.24gliwice.pl\\\/wiadomosci\\\/na-wieczorny-spektakl-dla-doroslych-z-malym-dzieckiem-pociecha-zajmie-sie-teatralna-opiekunka\\\/#primaryimage\"},\"thumbnailUrl\":\"https:\\\/\\\/www.24gliwice.pl\\\/wiadomosci\\\/wp-content\\\/uploads\\\/2022\\\/02\\\/TMG_Plotka_rez._Cezary_Iber_fot._Michal_Ramus-53.jpg\",\"keywords\":[\"teatralna opiekunka\"],\"articleSection\":[\"Gliwice\",\"Kultura, wydarzenia, imprezy\",\"Najnowsze wiadomo\u015bci\"],\"inLanguage\":\"pl-PL\",\"potentialAction\":[{\"@type\":\"CommentAction\",\"name\":\"Comment\",\"target\":[\"https:\\\/\\\/www.24gliwice.pl\\\/wiadomosci\\\/na-wieczorny-spektakl-dla-doroslych-z-malym-dzieckiem-pociecha-zajmie-sie-teatralna-opiekunka\\\/#respond\"]}]},{\"@type\":\"WebPage\",\"@id\":\"https:\\\/\\\/www.24gliwice.pl\\\/wiadomosci\\\/na-wieczorny-spektakl-dla-doroslych-z-malym-dzieckiem-pociecha-zajmie-sie-teatralna-opiekunka\\\/\",\"url\":\"https:\\\/\\\/www.24gliwice.pl\\\/wiadomosci\\\/na-wieczorny-spektakl-dla-doroslych-z-malym-dzieckiem-pociecha-zajmie-sie-teatralna-opiekunka\\\/\",\"name\":\"Na wieczorny spektakl dla doros\u0142ych z ma\u0142ym dzieckiem? Pociech\u0105 zajmie si\u0119 Teatralna Opiekunka - 24GLIWICE - Portal Gliwice | codziennie nowe informacje\",\"isPartOf\":{\"@id\":\"https:\\\/\\\/www.24gliwice.pl\\\/wiadomosci\\\/#website\"},\"primaryImageOfPage\":{\"@id\":\"https:\\\/\\\/www.24gliwice.pl\\\/wiadomosci\\\/na-wieczorny-spektakl-dla-doroslych-z-malym-dzieckiem-pociecha-zajmie-sie-teatralna-opiekunka\\\/#primaryimage\"},\"image\":{\"@id\":\"https:\\\/\\\/www.24gliwice.pl\\\/wiadomosci\\\/na-wieczorny-spektakl-dla-doroslych-z-malym-dzieckiem-pociecha-zajmie-sie-teatralna-opiekunka\\\/#primaryimage\"},\"thumbnailUrl\":\"https:\\\/\\\/www.24gliwice.pl\\\/wiadomosci\\\/wp-content\\\/uploads\\\/2022\\\/02\\\/TMG_Plotka_rez._Cezary_Iber_fot._Michal_Ramus-53.jpg\",\"datePublished\":\"2022-02-23T11:32:01+00:00\",\"description\":\"Teatralna Opiekunka zajmie si\u0119 dzieckiem rodzic\u00f3w, kt\u00f3rzy chc\u0105 zobaczy\u0107 spektakl w Teatrze Miejskim w Gliwicach\",\"breadcrumb\":{\"@id\":\"https:\\\/\\\/www.24gliwice.pl\\\/wiadomosci\\\/na-wieczorny-spektakl-dla-doroslych-z-malym-dzieckiem-pociecha-zajmie-sie-teatralna-opiekunka\\\/#breadcrumb\"},\"inLanguage\":\"pl-PL\",\"potentialAction\":[{\"@type\":\"ReadAction\",\"target\":[\"https:\\\/\\\/www.24gliwice.pl\\\/wiadomosci\\\/na-wieczorny-spektakl-dla-doroslych-z-malym-dzieckiem-pociecha-zajmie-sie-teatralna-opiekunka\\\/\"]}]},{\"@type\":\"ImageObject\",\"inLanguage\":\"pl-PL\",\"@id\":\"https:\\\/\\\/www.24gliwice.pl\\\/wiadomosci\\\/na-wieczorny-spektakl-dla-doroslych-z-malym-dzieckiem-pociecha-zajmie-sie-teatralna-opiekunka\\\/#primaryimage\",\"url\":\"https:\\\/\\\/www.24gliwice.pl\\\/wiadomosci\\\/wp-content\\\/uploads\\\/2022\\\/02\\\/TMG_Plotka_rez._Cezary_Iber_fot._Michal_Ramus-53.jpg\",\"contentUrl\":\"https:\\\/\\\/www.24gliwice.pl\\\/wiadomosci\\\/wp-content\\\/uploads\\\/2022\\\/02\\\/TMG_Plotka_rez._Cezary_Iber_fot._Michal_Ramus-53.jpg\",\"width\":810,\"height\":456},{\"@type\":\"BreadcrumbList\",\"@id\":\"https:\\\/\\\/www.24gliwice.pl\\\/wiadomosci\\\/na-wieczorny-spektakl-dla-doroslych-z-malym-dzieckiem-pociecha-zajmie-sie-teatralna-opiekunka\\\/#breadcrumb\",\"itemListElement\":[{\"@type\":\"ListItem\",\"position\":1,\"name\":\"Strona g\u0142\u00f3wna\",\"item\":\"https:\\\/\\\/www.24gliwice.pl\\\/wiadomosci\\\/\"},{\"@type\":\"ListItem\",\"position\":2,\"name\":\"Na wieczorny spektakl dla doros\u0142ych z ma\u0142ym dzieckiem? Pociech\u0105 zajmie si\u0119 Teatralna Opiekunka\"}]},{\"@type\":\"WebSite\",\"@id\":\"https:\\\/\\\/www.24gliwice.pl\\\/wiadomosci\\\/#website\",\"url\":\"https:\\\/\\\/www.24gliwice.pl\\\/wiadomosci\\\/\",\"name\":\"24GLIWICE - Portal Gliwice | codziennie nowe wiadomo\u015bci\",\"description\":\"Portal Miejski Gliwice\",\"publisher\":{\"@id\":\"https:\\\/\\\/www.24gliwice.pl\\\/wiadomosci\\\/#organization\"},\"potentialAction\":[{\"@type\":\"SearchAction\",\"target\":{\"@type\":\"EntryPoint\",\"urlTemplate\":\"https:\\\/\\\/www.24gliwice.pl\\\/wiadomosci\\\/?s={search_term_string}\"},\"query-input\":{\"@type\":\"PropertyValueSpecification\",\"valueRequired\":true,\"valueName\":\"search_term_string\"}}],\"inLanguage\":\"pl-PL\"},{\"@type\":\"Organization\",\"@id\":\"https:\\\/\\\/www.24gliwice.pl\\\/wiadomosci\\\/#organization\",\"name\":\"24gliwice\",\"url\":\"https:\\\/\\\/www.24gliwice.pl\\\/wiadomosci\\\/\",\"logo\":{\"@type\":\"ImageObject\",\"inLanguage\":\"pl-PL\",\"@id\":\"https:\\\/\\\/www.24gliwice.pl\\\/wiadomosci\\\/#\\\/schema\\\/logo\\\/image\\\/\",\"url\":\"https:\\\/\\\/www.24gliwice.pl\\\/wiadomosci\\\/wp-content\\\/uploads\\\/2024\\\/10\\\/24gliwice-logo-696.jpg\",\"contentUrl\":\"https:\\\/\\\/www.24gliwice.pl\\\/wiadomosci\\\/wp-content\\\/uploads\\\/2024\\\/10\\\/24gliwice-logo-696.jpg\",\"width\":696,\"height\":696,\"caption\":\"24gliwice\"},\"image\":{\"@id\":\"https:\\\/\\\/www.24gliwice.pl\\\/wiadomosci\\\/#\\\/schema\\\/logo\\\/image\\\/\"},\"sameAs\":[\"https:\\\/\\\/www.facebook.com\\\/24gliwice\",\"https:\\\/\\\/x.com\\\/24gliwice\",\"https:\\\/\\\/www.youtube.com\\\/@24gliwice\"]},{\"@type\":\"Person\",\"@id\":\"https:\\\/\\\/www.24gliwice.pl\\\/wiadomosci\\\/#\\\/schema\\\/person\\\/e42c650edd7f2fa332be3811fb166b6e\",\"name\":\"\u017baneta Mrozek-Siewierska\",\"image\":{\"@type\":\"ImageObject\",\"inLanguage\":\"pl-PL\",\"@id\":\"https:\\\/\\\/www.24gliwice.pl\\\/wiadomosci\\\/wp-content\\\/uploads\\\/2021\\\/11\\\/Zaneta-M_S-zdjecie-czb-96x96.jpg\",\"url\":\"https:\\\/\\\/www.24gliwice.pl\\\/wiadomosci\\\/wp-content\\\/uploads\\\/2021\\\/11\\\/Zaneta-M_S-zdjecie-czb-96x96.jpg\",\"contentUrl\":\"https:\\\/\\\/www.24gliwice.pl\\\/wiadomosci\\\/wp-content\\\/uploads\\\/2021\\\/11\\\/Zaneta-M_S-zdjecie-czb-96x96.jpg\",\"caption\":\"\u017baneta Mrozek-Siewierska\"},\"url\":\"https:\\\/\\\/www.24gliwice.pl\\\/wiadomosci\\\/author\\\/zms\\\/\"}]}<\/script>\n<!-- \/ Yoast SEO plugin. -->","yoast_head_json":{"title":"Na wieczorny spektakl dla doros\u0142ych z ma\u0142ym dzieckiem? Pociech\u0105 zajmie si\u0119 Teatralna Opiekunka - 24GLIWICE - Portal Gliwice | codziennie nowe informacje","description":"Teatralna Opiekunka zajmie si\u0119 dzieckiem rodzic\u00f3w, kt\u00f3rzy chc\u0105 zobaczy\u0107 spektakl w Teatrze Miejskim w Gliwicach","robots":{"index":"index","follow":"follow","max-snippet":"max-snippet:-1","max-image-preview":"max-image-preview:large","max-video-preview":"max-video-preview:-1"},"canonical":"https:\/\/www.24gliwice.pl\/wiadomosci\/na-wieczorny-spektakl-dla-doroslych-z-malym-dzieckiem-pociecha-zajmie-sie-teatralna-opiekunka\/","og_locale":"pl_PL","og_type":"article","og_title":"Na wieczorny spektakl dla doros\u0142ych z ma\u0142ym dzieckiem? Pociech\u0105 zajmie si\u0119 Teatralna Opiekunka - 24GLIWICE - Portal Gliwice | codziennie nowe informacje","og_description":"Teatralna Opiekunka zajmie si\u0119 dzieckiem rodzic\u00f3w, kt\u00f3rzy chc\u0105 zobaczy\u0107 spektakl w Teatrze Miejskim w Gliwicach","og_url":"https:\/\/www.24gliwice.pl\/wiadomosci\/na-wieczorny-spektakl-dla-doroslych-z-malym-dzieckiem-pociecha-zajmie-sie-teatralna-opiekunka\/","og_site_name":"24GLIWICE - Portal Gliwice | codziennie nowe informacje","article_publisher":"https:\/\/www.facebook.com\/24gliwice","article_published_time":"2022-02-23T11:32:01+00:00","og_image":[{"width":810,"height":456,"url":"https:\/\/www.24gliwice.pl\/wiadomosci\/wp-content\/uploads\/2022\/02\/TMG_Plotka_rez._Cezary_Iber_fot._Michal_Ramus-53.jpg","type":"image\/jpeg"}],"author":"\u017baneta Mrozek-Siewierska","twitter_card":"summary_large_image","twitter_creator":"@24gliwice","twitter_site":"@24gliwice","twitter_misc":{"Napisane przez":"\u017baneta Mrozek-Siewierska","Szacowany czas czytania":"1 minuta"},"schema":{"@context":"https:\/\/schema.org","@graph":[{"@type":"Article","@id":"https:\/\/www.24gliwice.pl\/wiadomosci\/na-wieczorny-spektakl-dla-doroslych-z-malym-dzieckiem-pociecha-zajmie-sie-teatralna-opiekunka\/#article","isPartOf":{"@id":"https:\/\/www.24gliwice.pl\/wiadomosci\/na-wieczorny-spektakl-dla-doroslych-z-malym-dzieckiem-pociecha-zajmie-sie-teatralna-opiekunka\/"},"author":{"name":"\u017baneta Mrozek-Siewierska","@id":"https:\/\/www.24gliwice.pl\/wiadomosci\/#\/schema\/person\/e42c650edd7f2fa332be3811fb166b6e"},"headline":"Na wieczorny spektakl dla doros\u0142ych z ma\u0142ym dzieckiem? Pociech\u0105 zajmie si\u0119 Teatralna Opiekunka","datePublished":"2022-02-23T11:32:01+00:00","mainEntityOfPage":{"@id":"https:\/\/www.24gliwice.pl\/wiadomosci\/na-wieczorny-spektakl-dla-doroslych-z-malym-dzieckiem-pociecha-zajmie-sie-teatralna-opiekunka\/"},"wordCount":200,"commentCount":0,"publisher":{"@id":"https:\/\/www.24gliwice.pl\/wiadomosci\/#organization"},"image":{"@id":"https:\/\/www.24gliwice.pl\/wiadomosci\/na-wieczorny-spektakl-dla-doroslych-z-malym-dzieckiem-pociecha-zajmie-sie-teatralna-opiekunka\/#primaryimage"},"thumbnailUrl":"https:\/\/www.24gliwice.pl\/wiadomosci\/wp-content\/uploads\/2022\/02\/TMG_Plotka_rez._Cezary_Iber_fot._Michal_Ramus-53.jpg","keywords":["teatralna opiekunka"],"articleSection":["Gliwice","Kultura, wydarzenia, imprezy","Najnowsze wiadomo\u015bci"],"inLanguage":"pl-PL","potentialAction":[{"@type":"CommentAction","name":"Comment","target":["https:\/\/www.24gliwice.pl\/wiadomosci\/na-wieczorny-spektakl-dla-doroslych-z-malym-dzieckiem-pociecha-zajmie-sie-teatralna-opiekunka\/#respond"]}]},{"@type":"WebPage","@id":"https:\/\/www.24gliwice.pl\/wiadomosci\/na-wieczorny-spektakl-dla-doroslych-z-malym-dzieckiem-pociecha-zajmie-sie-teatralna-opiekunka\/","url":"https:\/\/www.24gliwice.pl\/wiadomosci\/na-wieczorny-spektakl-dla-doroslych-z-malym-dzieckiem-pociecha-zajmie-sie-teatralna-opiekunka\/","name":"Na wieczorny spektakl dla doros\u0142ych z ma\u0142ym dzieckiem? Pociech\u0105 zajmie si\u0119 Teatralna Opiekunka - 24GLIWICE - Portal Gliwice | codziennie nowe informacje","isPartOf":{"@id":"https:\/\/www.24gliwice.pl\/wiadomosci\/#website"},"primaryImageOfPage":{"@id":"https:\/\/www.24gliwice.pl\/wiadomosci\/na-wieczorny-spektakl-dla-doroslych-z-malym-dzieckiem-pociecha-zajmie-sie-teatralna-opiekunka\/#primaryimage"},"image":{"@id":"https:\/\/www.24gliwice.pl\/wiadomosci\/na-wieczorny-spektakl-dla-doroslych-z-malym-dzieckiem-pociecha-zajmie-sie-teatralna-opiekunka\/#primaryimage"},"thumbnailUrl":"https:\/\/www.24gliwice.pl\/wiadomosci\/wp-content\/uploads\/2022\/02\/TMG_Plotka_rez._Cezary_Iber_fot._Michal_Ramus-53.jpg","datePublished":"2022-02-23T11:32:01+00:00","description":"Teatralna Opiekunka zajmie si\u0119 dzieckiem rodzic\u00f3w, kt\u00f3rzy chc\u0105 zobaczy\u0107 spektakl w Teatrze Miejskim w Gliwicach","breadcrumb":{"@id":"https:\/\/www.24gliwice.pl\/wiadomosci\/na-wieczorny-spektakl-dla-doroslych-z-malym-dzieckiem-pociecha-zajmie-sie-teatralna-opiekunka\/#breadcrumb"},"inLanguage":"pl-PL","potentialAction":[{"@type":"ReadAction","target":["https:\/\/www.24gliwice.pl\/wiadomosci\/na-wieczorny-spektakl-dla-doroslych-z-malym-dzieckiem-pociecha-zajmie-sie-teatralna-opiekunka\/"]}]},{"@type":"ImageObject","inLanguage":"pl-PL","@id":"https:\/\/www.24gliwice.pl\/wiadomosci\/na-wieczorny-spektakl-dla-doroslych-z-malym-dzieckiem-pociecha-zajmie-sie-teatralna-opiekunka\/#primaryimage","url":"https:\/\/www.24gliwice.pl\/wiadomosci\/wp-content\/uploads\/2022\/02\/TMG_Plotka_rez._Cezary_Iber_fot._Michal_Ramus-53.jpg","contentUrl":"https:\/\/www.24gliwice.pl\/wiadomosci\/wp-content\/uploads\/2022\/02\/TMG_Plotka_rez._Cezary_Iber_fot._Michal_Ramus-53.jpg","width":810,"height":456},{"@type":"BreadcrumbList","@id":"https:\/\/www.24gliwice.pl\/wiadomosci\/na-wieczorny-spektakl-dla-doroslych-z-malym-dzieckiem-pociecha-zajmie-sie-teatralna-opiekunka\/#breadcrumb","itemListElement":[{"@type":"ListItem","position":1,"name":"Strona g\u0142\u00f3wna","item":"https:\/\/www.24gliwice.pl\/wiadomosci\/"},{"@type":"ListItem","position":2,"name":"Na wieczorny spektakl dla doros\u0142ych z ma\u0142ym dzieckiem? Pociech\u0105 zajmie si\u0119 Teatralna Opiekunka"}]},{"@type":"WebSite","@id":"https:\/\/www.24gliwice.pl\/wiadomosci\/#website","url":"https:\/\/www.24gliwice.pl\/wiadomosci\/","name":"24GLIWICE - Portal Gliwice | codziennie nowe wiadomo\u015bci","description":"Portal Miejski Gliwice","publisher":{"@id":"https:\/\/www.24gliwice.pl\/wiadomosci\/#organization"},"potentialAction":[{"@type":"SearchAction","target":{"@type":"EntryPoint","urlTemplate":"https:\/\/www.24gliwice.pl\/wiadomosci\/?s={search_term_string}"},"query-input":{"@type":"PropertyValueSpecification","valueRequired":true,"valueName":"search_term_string"}}],"inLanguage":"pl-PL"},{"@type":"Organization","@id":"https:\/\/www.24gliwice.pl\/wiadomosci\/#organization","name":"24gliwice","url":"https:\/\/www.24gliwice.pl\/wiadomosci\/","logo":{"@type":"ImageObject","inLanguage":"pl-PL","@id":"https:\/\/www.24gliwice.pl\/wiadomosci\/#\/schema\/logo\/image\/","url":"https:\/\/www.24gliwice.pl\/wiadomosci\/wp-content\/uploads\/2024\/10\/24gliwice-logo-696.jpg","contentUrl":"https:\/\/www.24gliwice.pl\/wiadomosci\/wp-content\/uploads\/2024\/10\/24gliwice-logo-696.jpg","width":696,"height":696,"caption":"24gliwice"},"image":{"@id":"https:\/\/www.24gliwice.pl\/wiadomosci\/#\/schema\/logo\/image\/"},"sameAs":["https:\/\/www.facebook.com\/24gliwice","https:\/\/x.com\/24gliwice","https:\/\/www.youtube.com\/@24gliwice"]},{"@type":"Person","@id":"https:\/\/www.24gliwice.pl\/wiadomosci\/#\/schema\/person\/e42c650edd7f2fa332be3811fb166b6e","name":"\u017baneta Mrozek-Siewierska","image":{"@type":"ImageObject","inLanguage":"pl-PL","@id":"https:\/\/www.24gliwice.pl\/wiadomosci\/wp-content\/uploads\/2021\/11\/Zaneta-M_S-zdjecie-czb-96x96.jpg","url":"https:\/\/www.24gliwice.pl\/wiadomosci\/wp-content\/uploads\/2021\/11\/Zaneta-M_S-zdjecie-czb-96x96.jpg","contentUrl":"https:\/\/www.24gliwice.pl\/wiadomosci\/wp-content\/uploads\/2021\/11\/Zaneta-M_S-zdjecie-czb-96x96.jpg","caption":"\u017baneta Mrozek-Siewierska"},"url":"https:\/\/www.24gliwice.pl\/wiadomosci\/author\/zms\/"}]}},"_links":{"self":[{"href":"https:\/\/www.24gliwice.pl\/wiadomosci\/wp-json\/wp\/v2\/posts\/187180","targetHints":{"allow":["GET"]}}],"collection":[{"href":"https:\/\/www.24gliwice.pl\/wiadomosci\/wp-json\/wp\/v2\/posts"}],"about":[{"href":"https:\/\/www.24gliwice.pl\/wiadomosci\/wp-json\/wp\/v2\/types\/post"}],"author":[{"embeddable":true,"href":"https:\/\/www.24gliwice.pl\/wiadomosci\/wp-json\/wp\/v2\/users\/15"}],"replies":[{"embeddable":true,"href":"https:\/\/www.24gliwice.pl\/wiadomosci\/wp-json\/wp\/v2\/comments?post=187180"}],"version-history":[{"count":5,"href":"https:\/\/www.24gliwice.pl\/wiadomosci\/wp-json\/wp\/v2\/posts\/187180\/revisions"}],"predecessor-version":[{"id":187192,"href":"https:\/\/www.24gliwice.pl\/wiadomosci\/wp-json\/wp\/v2\/posts\/187180\/revisions\/187192"}],"wp:featuredmedia":[{"embeddable":true,"href":"https:\/\/www.24gliwice.pl\/wiadomosci\/wp-json\/wp\/v2\/media\/187182"}],"wp:attachment":[{"href":"https:\/\/www.24gliwice.pl\/wiadomosci\/wp-json\/wp\/v2\/media?parent=187180"}],"wp:term":[{"taxonomy":"category","embeddable":true,"href":"https:\/\/www.24gliwice.pl\/wiadomosci\/wp-json\/wp\/v2\/categories?post=187180"},{"taxonomy":"post_tag","embeddable":true,"href":"https:\/\/www.24gliwice.pl\/wiadomosci\/wp-json\/wp\/v2\/tags?post=187180"}],"curies":[{"name":"wp","href":"https:\/\/api.w.org\/{rel}","templated":true}]}}