{"id":187551,"date":"2022-03-02T03:04:42","date_gmt":"2022-03-02T02:04:42","guid":{"rendered":"https:\/\/www.24gliwice.pl\/wiadomosci\/?p=187551"},"modified":"2022-03-11T12:55:48","modified_gmt":"2022-03-11T11:55:48","slug":"gliwice-dla-ukrainy-cechownia","status":"publish","type":"post","link":"https:\/\/www.24gliwice.pl\/wiadomosci\/gliwice-dla-ukrainy-cechownia\/","title":{"rendered":"Gliwice dla Ukrainy. Koncerty, warsztaty, prelekcje, zbi\u00f3rki. Ju\u017c w niedziel\u0119, 6 marca"},"content":{"rendered":"<div class=\"gliwi-a6-nad-leadem-artykulow gliwi-entity-placement\" id=\"gliwi-4215494523\"><div class=\"gliwi-adlabel\"><span style=\"font-size: 9px\">REKLAMA<\/span><\/div><div id=\"gliwi-1429109180\" style=\"margin-bottom: 25px;margin-left: auto;margin-right: auto;text-align: center;\"><a data-no-instant=\"1\" href=\"https:\/\/dom100.eu\/\" rel=\"noopener\" class=\"a2t-link\" target=\"_blank\" aria-label=\"20260415 DOM100 D\"><img loading=\"lazy\" decoding=\"async\" src=\"https:\/\/www.24gliwice.pl\/wiadomosci\/wp-content\/uploads\/2026\/04\/20260415-DOM100-D.jpg\" alt=\"\"  srcset=\"https:\/\/www.24gliwice.pl\/wiadomosci\/wp-content\/uploads\/2026\/04\/20260415-DOM100-D.jpg 750w, https:\/\/www.24gliwice.pl\/wiadomosci\/wp-content\/uploads\/2026\/04\/20260415-DOM100-D-410x109.jpg 410w\" sizes=\"(max-width: 750px) 100vw, 750px\" class=\"no-lazyload\" width=\"750\" height=\"200\"  style=\"display: inline-block; max-width: 100%; height: auto;\" \/><\/a><\/div><\/div><h2>\u201e<strong>Gliwice dla Ukrainy\/<\/strong><strong> \u0413\u043b\u0456\u0432\u0456\u0446\u0435 \u0434\u043b\u044f \u0423\u043a\u0440\u0430\u0457\u043d\u0438<\/strong><strong>\u201d to charytatywne wydarzenie, kt\u00f3re z inicjatywy wielu \u015brodowisk, odb\u0119dzie si\u0119 w Cechowni przy ul. Bojkowskiej. Panele dyskusyjne, du\u017ca dawka wiedzy, jak m\u0105drze pomaga\u0107 Ukrainie oraz doskona\u0142a muzyka \u2013 taki jest plan na najbli\u017csz\u0105 niedziel\u0119, 6 marca! <\/strong><\/h2>\n<p>&nbsp;<br \/>\nWydarzenie w Cechowni rozpocznie si\u0119 o godzinie 14:00. W pierwszej cz\u0119\u015bci zaplanowano <strong>panele dyskusyjne i prelekcje<\/strong>. Na temat pot\u0119\u017cnego kryzysu na Ukrainie, kt\u00f3rego wszyscy jeste\u015bmy \u015bwiadkami, wypowiedz\u0105 si\u0119 m.in. <strong>Bogus\u0142aw Tracz<\/strong> (historyk, obecnie pracownik Biura Bada\u0144 Historycznych katowickiego oddzia\u0142u IPN; autor wielu ksi\u0105\u017cek) oraz <strong>Zbigniew Rokita<\/strong> (polski dziennikarz i reporter specjalizuj\u0105cy si\u0119 w problematyce\u00a0Europy \u015arodkowo-Wschodniej; laureat<a href=\"https:\/\/pl.wikipedia.org\/wiki\/Nagroda_Literacka_%E2%80%9ENike%E2%80%9D\">\u00a0Nagrody Literackiej Nike<\/a>). G\u0142os \u2013 w temacie jak m\u0105drze i bezpiecznie pomaga\u0107 &#8211; zabierze <strong>\u0141ukasz Gorczy\u0144ski <\/strong>(Przewodnicz\u0105cy zespo\u0142u Og\u00f3lnopolskiej Federacji Organizacji Pozarz\u0105dowych \u201eProste prawo dla NGO&#8221;, Wiceprezes Stowarzyszenia \u201eCa\u0142a Naprz\u00f3d&#8221;, wiceprezes Fundacji trzeci.org i cz\u0142onek zarz\u0105du Stowarzyszenia Dialog Spo\u0142eczny).<\/p>\n<p>Poza panelem dyskusyjnym w holu g\u0142\u00f3wnym budynku Cechowni odb\u0119dzie si\u0119 <strong>forum wymiany do\u015bwiadcze\u0144 i wiedzy. <\/strong>Do godziny 18:00 b\u0119dzie mo\u017cna odwiedzi\u0107 stoiska informacyjne m.in. organizacji pozarz\u0105dowych anga\u017cuj\u0105cych si\u0119 w pomoc uchod\u017acom z Ukrainy, Politechniki \u015al\u0105skiej i innych instytucji. Zorganizowany zostanie tak\u017ce punkt informacyjny Miasta Gliwice, kt\u00f3re koordynuj\u0105 dzia\u0142ania na rzecz obywateli Ukrainy. Na miejscu b\u0119d\u0105 t\u0142umacze j\u0119zyka ukrai\u0144skiego, a wszyscy zainteresowani otrzymaj\u0105 s\u0142owniczek podstawowych fraz ukrai\u0144skich.<\/p><div class=\"gliwi-a3-w-tresci-artykulow gliwi-entity-placement\" id=\"gliwi-752391137\"><div class=\"gliwi-adlabel\"><span style=\"font-size: 9px\">REKLAMA<\/span><\/div><div id=\"gliwi-3826651039\" style=\"margin-bottom: 30px;margin-left: auto;margin-right: auto;text-align: center;\"><a data-no-instant=\"1\" href=\"https:\/\/ogrodyandersa.pl\/\" rel=\"noopener\" class=\"a2t-link\" target=\"_blank\" aria-label=\"20260415 Ogrody Andersa KUP TERAZ D\"><img loading=\"lazy\" decoding=\"async\" src=\"https:\/\/www.24gliwice.pl\/wiadomosci\/wp-content\/uploads\/2026\/04\/20260415-Ogrody-Andersa-KUP-TERAZ-D.jpg\" alt=\"\"  srcset=\"https:\/\/www.24gliwice.pl\/wiadomosci\/wp-content\/uploads\/2026\/04\/20260415-Ogrody-Andersa-KUP-TERAZ-D.jpg 750w, https:\/\/www.24gliwice.pl\/wiadomosci\/wp-content\/uploads\/2026\/04\/20260415-Ogrody-Andersa-KUP-TERAZ-D-410x109.jpg 410w\" sizes=\"(max-width: 750px) 100vw, 750px\" class=\"no-lazyload\" width=\"750\" height=\"200\"  style=\"display: inline-block; max-width: 100%; height: auto;\" \/><\/a><\/div><\/div>\n<p>Wst\u0119p na t\u0119 cz\u0119\u015b\u0107 wydarzenia jest bezp\u0142atny. Liczymy jednak, \u017ce uczestnicy wespr\u0105 inicjatyw\u0119 dobrowolnymi datkami do puszek wolontariuszy Stowarzyszenia Ca\u0142a Naprz\u00f3d. Odb\u0119dzie si\u0119 r\u00f3wnie\u017c kiermasz ciast.<\/p>\n<p>&#8211; <em>Chcemy wsp\u00f3lnie pom\u00f3c przez zbi\u00f3rk\u0119 \u015brodk\u00f3w finansowych, ale nie tylko. Podczas tego ca\u0142odziennego wydarzenia chcemy usystematyzowa\u0107 wiedz\u0119, jak najbardziej efektywnie wspiera\u0107 osoby uciekaj\u0105ce przed wojn\u0105. Dzi\u0119ki obecno\u015bci organizacji pozarz\u0105dowych dowiemy si\u0119 m.in. jakie jest zapotrzebowanie na wolontariuszy, gdzie powinni zg\u0142asza\u0107 si\u0119 zainteresowani niesieniem pomocy.<\/em> \u2013 <strong>m\u00f3wi Pawe\u0142 Ciepli\u0144ski, Dyrektor Centrum Kultury Victoria, kt\u00f3ra jest jednym ze wsp\u00f3\u0142organizator\u00f3w.<\/strong><\/p>\n<h4>Po godzinie 18 rozpoczn\u0105 si\u0119 koncerty.<\/h4>\n<p> W repertuarze na ten wiecz\u00f3r znajdzie si\u0119 muzyka ukrai\u0144ska! Jako pierwszy wyst\u0105pi Micha\u0142 Matuszewski, charyzmatyczny muzyk z Bieszczad\u00f3w. Jako drugie na scenie stan\u0105 wokalistki popowego zespo\u0142u Vellow \u2013 dwie siostry urodzone we Lwowie. Gwiazd\u0105 wieczoru b\u0119dzie zesp\u00f3\u0142 Kroke, wywodz\u0105cy si\u0119 z Krakowa zesp\u00f3\u0142 szukaj\u0105cy inspiracji w muzyce etnicznej. Kroke doceniany jest przez mi\u0119dzynarodow\u0105 publiczno\u015b\u0107, go\u015bci\u0142 na niejednym festiwalu poza granicami naszego kraju. Muzycy na koncie maj\u0105 wsp\u00f3\u0142prac\u0119 m.in. z Tomaszem Sta\u0144ko, Edyt\u0105 Geppert, Ann\u0105 Mari\u0105 Jopek, orkiestr\u0105 Simfonietta Cracovia.<\/p>\n<p>Biletem wst\u0119pu na koncerty b\u0119d\u0105 cegie\u0142ki, z kt\u00f3rych zakup w ca\u0142o\u015bci zostanie przekazany na rzecz pomocy Ukrainie.<\/p>\n<h4>Jak dojecha\u0107 do Cechowni?<\/h4>\n<p> Dla zmotoryzowanych w dniu wydarzenia udost\u0119pniony zostanie bezp\u0142atny parking. Wskaz\u00f3wka dla tych, kt\u00f3rzy wybior\u0105 komunikacj\u0119 miejsk\u0105: przystanek Trynek Nowe Gliwice, linie: 8, 58; przystanek Gliwice Kopalniana, linie: 32, 669, 932, 41.<\/p>\n<p><strong>Organizatorzy<\/strong>: Miasto Gliwice , GCNT Cechownia, Stowarzyszenie Nowa Cechownia, Centrum Kultury Victoria.<\/p>\n<div class=\"gliwi-a5-na-koncu-artykulow gliwi-entity-placement\" id=\"gliwi-1174628518\"><div class=\"gliwi-adlabel\"><span style=\"font-size: 9px\">REKLAMA<\/span><\/div><div id=\"gliwi-3678692721\" style=\"margin-left: auto;margin-right: auto;text-align: center;\"><a data-no-instant=\"1\" href=\"https:\/\/prezeroarenagliwice.pl\/\" rel=\"noopener\" class=\"a2t-link\" target=\"_blank\" aria-label=\"20260309-PREZERO-WIOSNA-D\"><img loading=\"lazy\" decoding=\"async\" src=\"https:\/\/www.24gliwice.pl\/wiadomosci\/wp-content\/uploads\/2026\/03\/20260309-PREZERO-WIOSNA-D.webp\" alt=\"\"  srcset=\"https:\/\/www.24gliwice.pl\/wiadomosci\/wp-content\/uploads\/2026\/03\/20260309-PREZERO-WIOSNA-D.webp 750w, https:\/\/www.24gliwice.pl\/wiadomosci\/wp-content\/uploads\/2026\/03\/20260309-PREZERO-WIOSNA-D-410x109.webp 410w\" sizes=\"(max-width: 750px) 100vw, 750px\" class=\"no-lazyload\" width=\"750\" height=\"200\"  style=\"display: inline-block; max-width: 100%; height: auto;\" \/><\/a><\/div><\/div>","protected":false},"excerpt":{"rendered":"<p>\u201eGliwice dla Ukrainy\/ \u0413\u043b\u0456\u0432\u0456\u0446\u0435 \u0434\u043b\u044f \u0423\u043a\u0440\u0430\u0457\u043d\u0438\u201d to charytatywne wydarzenie, kt\u00f3re z inicjatywy wielu \u015brodowisk, odb\u0119dzie si\u0119 w Cechowni przy ul. Bojkowskiej. Panele dyskusyjne, du\u017ca dawka wiedzy, jak m\u0105drze pomaga\u0107 Ukrainie oraz doskona\u0142a muzyka \u2013 taki jest plan na najbli\u017csz\u0105 niedziel\u0119, 6 marca! &nbsp; Wydarzenie w Cechowni rozpocznie si\u0119 o godzinie 14:00. W pierwszej cz\u0119\u015bci zaplanowano [&hellip;]<\/p>\n","protected":false},"author":4,"featured_media":187550,"comment_status":"closed","ping_status":"closed","sticky":false,"template":"","format":"standard","meta":{"_monsterinsights_skip_tracking":false,"_monsterinsights_sitenote_active":false,"_monsterinsights_sitenote_note":"","_monsterinsights_sitenote_category":0,"footnotes":"","_links_to":"","_links_to_target":""},"categories":[3,6,1],"tags":[20779],"class_list":["post-187551","post","type-post","status-publish","format-standard","has-post-thumbnail","hentry","category-gliwice","category-kultura","category-wszystko","tag-cechownia"],"yoast_head":"<!-- This site is optimized with the Yoast SEO plugin v27.4 - https:\/\/yoast.com\/product\/yoast-seo-wordpress\/ -->\n<title>Gliwice dla Ukrainy. Koncerty, warsztaty, prelekcje, zbi\u00f3rki. Ju\u017c w niedziel\u0119, 6 marca - 24GLIWICE - Portal Gliwice | codziennie nowe informacje<\/title>\n<meta name=\"robots\" content=\"index, follow, max-snippet:-1, max-image-preview:large, max-video-preview:-1\" \/>\n<link rel=\"canonical\" href=\"https:\/\/www.24gliwice.pl\/wiadomosci\/gliwice-dla-ukrainy-cechownia\/\" \/>\n<meta property=\"og:locale\" content=\"pl_PL\" \/>\n<meta property=\"og:type\" content=\"article\" \/>\n<meta property=\"og:title\" content=\"Gliwice dla Ukrainy. Koncerty, warsztaty, prelekcje, zbi\u00f3rki. Ju\u017c w niedziel\u0119, 6 marca - 24GLIWICE - Portal Gliwice | codziennie nowe informacje\" \/>\n<meta property=\"og:description\" content=\"\u201eGliwice dla Ukrainy\/ \u0413\u043b\u0456\u0432\u0456\u0446\u0435 \u0434\u043b\u044f \u0423\u043a\u0440\u0430\u0457\u043d\u0438\u201d to charytatywne wydarzenie, kt\u00f3re z inicjatywy wielu \u015brodowisk, odb\u0119dzie si\u0119 w Cechowni przy ul. Bojkowskiej. Panele dyskusyjne, du\u017ca dawka wiedzy, jak m\u0105drze pomaga\u0107 Ukrainie oraz doskona\u0142a muzyka \u2013 taki jest plan na najbli\u017csz\u0105 niedziel\u0119, 6 marca! &nbsp; Wydarzenie w Cechowni rozpocznie si\u0119 o godzinie 14:00. W pierwszej cz\u0119\u015bci zaplanowano [&hellip;]\" \/>\n<meta property=\"og:url\" content=\"https:\/\/www.24gliwice.pl\/wiadomosci\/gliwice-dla-ukrainy-cechownia\/\" \/>\n<meta property=\"og:site_name\" content=\"24GLIWICE - Portal Gliwice | codziennie nowe informacje\" \/>\n<meta property=\"article:publisher\" content=\"https:\/\/www.facebook.com\/24gliwice\" \/>\n<meta property=\"article:author\" content=\"https:\/\/www.facebook.com\/marcin.fabrykowski\" \/>\n<meta property=\"article:published_time\" content=\"2022-03-02T02:04:42+00:00\" \/>\n<meta property=\"article:modified_time\" content=\"2022-03-11T11:55:48+00:00\" \/>\n<meta property=\"og:image\" content=\"https:\/\/www.24gliwice.pl\/wiadomosci\/wp-content\/uploads\/2022\/03\/Gliwice-dla-Ukrainy_1.jpg\" \/>\n\t<meta property=\"og:image:width\" content=\"810\" \/>\n\t<meta property=\"og:image:height\" content=\"461\" \/>\n\t<meta property=\"og:image:type\" content=\"image\/jpeg\" \/>\n<meta name=\"author\" content=\"Marcin Fabrykowski\" \/>\n<meta name=\"twitter:card\" content=\"summary_large_image\" \/>\n<meta name=\"twitter:creator\" content=\"@24gliwice\" \/>\n<meta name=\"twitter:site\" content=\"@24gliwice\" \/>\n<meta name=\"twitter:label1\" content=\"Napisane przez\" \/>\n\t<meta name=\"twitter:data1\" content=\"Marcin Fabrykowski\" \/>\n\t<meta name=\"twitter:label2\" content=\"Szacowany czas czytania\" \/>\n\t<meta name=\"twitter:data2\" content=\"3 minuty\" \/>\n<script type=\"application\/ld+json\" class=\"yoast-schema-graph\">{\"@context\":\"https:\\\/\\\/schema.org\",\"@graph\":[{\"@type\":\"Article\",\"@id\":\"https:\\\/\\\/www.24gliwice.pl\\\/wiadomosci\\\/gliwice-dla-ukrainy-cechownia\\\/#article\",\"isPartOf\":{\"@id\":\"https:\\\/\\\/www.24gliwice.pl\\\/wiadomosci\\\/gliwice-dla-ukrainy-cechownia\\\/\"},\"author\":{\"name\":\"Marcin Fabrykowski\",\"@id\":\"https:\\\/\\\/www.24gliwice.pl\\\/wiadomosci\\\/#\\\/schema\\\/person\\\/cb5857e4a4d048c15984c1edcc8ef0c0\"},\"headline\":\"Gliwice dla Ukrainy. Koncerty, warsztaty, prelekcje, zbi\u00f3rki. Ju\u017c w niedziel\u0119, 6 marca\",\"datePublished\":\"2022-03-02T02:04:42+00:00\",\"dateModified\":\"2022-03-11T11:55:48+00:00\",\"mainEntityOfPage\":{\"@id\":\"https:\\\/\\\/www.24gliwice.pl\\\/wiadomosci\\\/gliwice-dla-ukrainy-cechownia\\\/\"},\"wordCount\":592,\"publisher\":{\"@id\":\"https:\\\/\\\/www.24gliwice.pl\\\/wiadomosci\\\/#organization\"},\"image\":{\"@id\":\"https:\\\/\\\/www.24gliwice.pl\\\/wiadomosci\\\/gliwice-dla-ukrainy-cechownia\\\/#primaryimage\"},\"thumbnailUrl\":\"https:\\\/\\\/www.24gliwice.pl\\\/wiadomosci\\\/wp-content\\\/uploads\\\/2022\\\/03\\\/Gliwice-dla-Ukrainy_1.jpg\",\"keywords\":[\"cechownia\"],\"articleSection\":[\"Gliwice\",\"Kultura, wydarzenia, imprezy\",\"Najnowsze wiadomo\u015bci\"],\"inLanguage\":\"pl-PL\"},{\"@type\":\"WebPage\",\"@id\":\"https:\\\/\\\/www.24gliwice.pl\\\/wiadomosci\\\/gliwice-dla-ukrainy-cechownia\\\/\",\"url\":\"https:\\\/\\\/www.24gliwice.pl\\\/wiadomosci\\\/gliwice-dla-ukrainy-cechownia\\\/\",\"name\":\"Gliwice dla Ukrainy. Koncerty, warsztaty, prelekcje, zbi\u00f3rki. Ju\u017c w niedziel\u0119, 6 marca - 24GLIWICE - Portal Gliwice | codziennie nowe informacje\",\"isPartOf\":{\"@id\":\"https:\\\/\\\/www.24gliwice.pl\\\/wiadomosci\\\/#website\"},\"primaryImageOfPage\":{\"@id\":\"https:\\\/\\\/www.24gliwice.pl\\\/wiadomosci\\\/gliwice-dla-ukrainy-cechownia\\\/#primaryimage\"},\"image\":{\"@id\":\"https:\\\/\\\/www.24gliwice.pl\\\/wiadomosci\\\/gliwice-dla-ukrainy-cechownia\\\/#primaryimage\"},\"thumbnailUrl\":\"https:\\\/\\\/www.24gliwice.pl\\\/wiadomosci\\\/wp-content\\\/uploads\\\/2022\\\/03\\\/Gliwice-dla-Ukrainy_1.jpg\",\"datePublished\":\"2022-03-02T02:04:42+00:00\",\"dateModified\":\"2022-03-11T11:55:48+00:00\",\"breadcrumb\":{\"@id\":\"https:\\\/\\\/www.24gliwice.pl\\\/wiadomosci\\\/gliwice-dla-ukrainy-cechownia\\\/#breadcrumb\"},\"inLanguage\":\"pl-PL\",\"potentialAction\":[{\"@type\":\"ReadAction\",\"target\":[\"https:\\\/\\\/www.24gliwice.pl\\\/wiadomosci\\\/gliwice-dla-ukrainy-cechownia\\\/\"]}]},{\"@type\":\"ImageObject\",\"inLanguage\":\"pl-PL\",\"@id\":\"https:\\\/\\\/www.24gliwice.pl\\\/wiadomosci\\\/gliwice-dla-ukrainy-cechownia\\\/#primaryimage\",\"url\":\"https:\\\/\\\/www.24gliwice.pl\\\/wiadomosci\\\/wp-content\\\/uploads\\\/2022\\\/03\\\/Gliwice-dla-Ukrainy_1.jpg\",\"contentUrl\":\"https:\\\/\\\/www.24gliwice.pl\\\/wiadomosci\\\/wp-content\\\/uploads\\\/2022\\\/03\\\/Gliwice-dla-Ukrainy_1.jpg\",\"width\":810,\"height\":461},{\"@type\":\"BreadcrumbList\",\"@id\":\"https:\\\/\\\/www.24gliwice.pl\\\/wiadomosci\\\/gliwice-dla-ukrainy-cechownia\\\/#breadcrumb\",\"itemListElement\":[{\"@type\":\"ListItem\",\"position\":1,\"name\":\"Strona g\u0142\u00f3wna\",\"item\":\"https:\\\/\\\/www.24gliwice.pl\\\/wiadomosci\\\/\"},{\"@type\":\"ListItem\",\"position\":2,\"name\":\"Gliwice dla Ukrainy. Koncerty, warsztaty, prelekcje, zbi\u00f3rki. Ju\u017c w niedziel\u0119, 6 marca\"}]},{\"@type\":\"WebSite\",\"@id\":\"https:\\\/\\\/www.24gliwice.pl\\\/wiadomosci\\\/#website\",\"url\":\"https:\\\/\\\/www.24gliwice.pl\\\/wiadomosci\\\/\",\"name\":\"24GLIWICE - Portal Gliwice | codziennie nowe wiadomo\u015bci\",\"description\":\"Portal Miejski Gliwice\",\"publisher\":{\"@id\":\"https:\\\/\\\/www.24gliwice.pl\\\/wiadomosci\\\/#organization\"},\"potentialAction\":[{\"@type\":\"SearchAction\",\"target\":{\"@type\":\"EntryPoint\",\"urlTemplate\":\"https:\\\/\\\/www.24gliwice.pl\\\/wiadomosci\\\/?s={search_term_string}\"},\"query-input\":{\"@type\":\"PropertyValueSpecification\",\"valueRequired\":true,\"valueName\":\"search_term_string\"}}],\"inLanguage\":\"pl-PL\"},{\"@type\":\"Organization\",\"@id\":\"https:\\\/\\\/www.24gliwice.pl\\\/wiadomosci\\\/#organization\",\"name\":\"24gliwice\",\"url\":\"https:\\\/\\\/www.24gliwice.pl\\\/wiadomosci\\\/\",\"logo\":{\"@type\":\"ImageObject\",\"inLanguage\":\"pl-PL\",\"@id\":\"https:\\\/\\\/www.24gliwice.pl\\\/wiadomosci\\\/#\\\/schema\\\/logo\\\/image\\\/\",\"url\":\"https:\\\/\\\/www.24gliwice.pl\\\/wiadomosci\\\/wp-content\\\/uploads\\\/2024\\\/10\\\/24gliwice-logo-696.jpg\",\"contentUrl\":\"https:\\\/\\\/www.24gliwice.pl\\\/wiadomosci\\\/wp-content\\\/uploads\\\/2024\\\/10\\\/24gliwice-logo-696.jpg\",\"width\":696,\"height\":696,\"caption\":\"24gliwice\"},\"image\":{\"@id\":\"https:\\\/\\\/www.24gliwice.pl\\\/wiadomosci\\\/#\\\/schema\\\/logo\\\/image\\\/\"},\"sameAs\":[\"https:\\\/\\\/www.facebook.com\\\/24gliwice\",\"https:\\\/\\\/x.com\\\/24gliwice\",\"https:\\\/\\\/www.youtube.com\\\/@24gliwice\"]},{\"@type\":\"Person\",\"@id\":\"https:\\\/\\\/www.24gliwice.pl\\\/wiadomosci\\\/#\\\/schema\\\/person\\\/cb5857e4a4d048c15984c1edcc8ef0c0\",\"name\":\"Marcin Fabrykowski\",\"image\":{\"@type\":\"ImageObject\",\"inLanguage\":\"pl-PL\",\"@id\":\"https:\\\/\\\/www.24gliwice.pl\\\/wiadomosci\\\/wp-content\\\/uploads\\\/2025\\\/11\\\/zdjecie-moje-marcin-300-96x96.jpg\",\"url\":\"https:\\\/\\\/www.24gliwice.pl\\\/wiadomosci\\\/wp-content\\\/uploads\\\/2025\\\/11\\\/zdjecie-moje-marcin-300-96x96.jpg\",\"contentUrl\":\"https:\\\/\\\/www.24gliwice.pl\\\/wiadomosci\\\/wp-content\\\/uploads\\\/2025\\\/11\\\/zdjecie-moje-marcin-300-96x96.jpg\",\"caption\":\"Marcin Fabrykowski\"},\"sameAs\":[\"http:\\\/\\\/24gliwice.pl\",\"https:\\\/\\\/www.facebook.com\\\/marcin.fabrykowski\"],\"url\":\"https:\\\/\\\/www.24gliwice.pl\\\/wiadomosci\\\/author\\\/marcin-fabrykowski\\\/\"}]}<\/script>\n<!-- \/ Yoast SEO plugin. -->","yoast_head_json":{"title":"Gliwice dla Ukrainy. Koncerty, warsztaty, prelekcje, zbi\u00f3rki. Ju\u017c w niedziel\u0119, 6 marca - 24GLIWICE - Portal Gliwice | codziennie nowe informacje","robots":{"index":"index","follow":"follow","max-snippet":"max-snippet:-1","max-image-preview":"max-image-preview:large","max-video-preview":"max-video-preview:-1"},"canonical":"https:\/\/www.24gliwice.pl\/wiadomosci\/gliwice-dla-ukrainy-cechownia\/","og_locale":"pl_PL","og_type":"article","og_title":"Gliwice dla Ukrainy. Koncerty, warsztaty, prelekcje, zbi\u00f3rki. Ju\u017c w niedziel\u0119, 6 marca - 24GLIWICE - Portal Gliwice | codziennie nowe informacje","og_description":"\u201eGliwice dla Ukrainy\/ \u0413\u043b\u0456\u0432\u0456\u0446\u0435 \u0434\u043b\u044f \u0423\u043a\u0440\u0430\u0457\u043d\u0438\u201d to charytatywne wydarzenie, kt\u00f3re z inicjatywy wielu \u015brodowisk, odb\u0119dzie si\u0119 w Cechowni przy ul. Bojkowskiej. Panele dyskusyjne, du\u017ca dawka wiedzy, jak m\u0105drze pomaga\u0107 Ukrainie oraz doskona\u0142a muzyka \u2013 taki jest plan na najbli\u017csz\u0105 niedziel\u0119, 6 marca! &nbsp; Wydarzenie w Cechowni rozpocznie si\u0119 o godzinie 14:00. W pierwszej cz\u0119\u015bci zaplanowano [&hellip;]","og_url":"https:\/\/www.24gliwice.pl\/wiadomosci\/gliwice-dla-ukrainy-cechownia\/","og_site_name":"24GLIWICE - Portal Gliwice | codziennie nowe informacje","article_publisher":"https:\/\/www.facebook.com\/24gliwice","article_author":"https:\/\/www.facebook.com\/marcin.fabrykowski","article_published_time":"2022-03-02T02:04:42+00:00","article_modified_time":"2022-03-11T11:55:48+00:00","og_image":[{"width":810,"height":461,"url":"https:\/\/www.24gliwice.pl\/wiadomosci\/wp-content\/uploads\/2022\/03\/Gliwice-dla-Ukrainy_1.jpg","type":"image\/jpeg"}],"author":"Marcin Fabrykowski","twitter_card":"summary_large_image","twitter_creator":"@24gliwice","twitter_site":"@24gliwice","twitter_misc":{"Napisane przez":"Marcin Fabrykowski","Szacowany czas czytania":"3 minuty"},"schema":{"@context":"https:\/\/schema.org","@graph":[{"@type":"Article","@id":"https:\/\/www.24gliwice.pl\/wiadomosci\/gliwice-dla-ukrainy-cechownia\/#article","isPartOf":{"@id":"https:\/\/www.24gliwice.pl\/wiadomosci\/gliwice-dla-ukrainy-cechownia\/"},"author":{"name":"Marcin Fabrykowski","@id":"https:\/\/www.24gliwice.pl\/wiadomosci\/#\/schema\/person\/cb5857e4a4d048c15984c1edcc8ef0c0"},"headline":"Gliwice dla Ukrainy. Koncerty, warsztaty, prelekcje, zbi\u00f3rki. Ju\u017c w niedziel\u0119, 6 marca","datePublished":"2022-03-02T02:04:42+00:00","dateModified":"2022-03-11T11:55:48+00:00","mainEntityOfPage":{"@id":"https:\/\/www.24gliwice.pl\/wiadomosci\/gliwice-dla-ukrainy-cechownia\/"},"wordCount":592,"publisher":{"@id":"https:\/\/www.24gliwice.pl\/wiadomosci\/#organization"},"image":{"@id":"https:\/\/www.24gliwice.pl\/wiadomosci\/gliwice-dla-ukrainy-cechownia\/#primaryimage"},"thumbnailUrl":"https:\/\/www.24gliwice.pl\/wiadomosci\/wp-content\/uploads\/2022\/03\/Gliwice-dla-Ukrainy_1.jpg","keywords":["cechownia"],"articleSection":["Gliwice","Kultura, wydarzenia, imprezy","Najnowsze wiadomo\u015bci"],"inLanguage":"pl-PL"},{"@type":"WebPage","@id":"https:\/\/www.24gliwice.pl\/wiadomosci\/gliwice-dla-ukrainy-cechownia\/","url":"https:\/\/www.24gliwice.pl\/wiadomosci\/gliwice-dla-ukrainy-cechownia\/","name":"Gliwice dla Ukrainy. Koncerty, warsztaty, prelekcje, zbi\u00f3rki. Ju\u017c w niedziel\u0119, 6 marca - 24GLIWICE - Portal Gliwice | codziennie nowe informacje","isPartOf":{"@id":"https:\/\/www.24gliwice.pl\/wiadomosci\/#website"},"primaryImageOfPage":{"@id":"https:\/\/www.24gliwice.pl\/wiadomosci\/gliwice-dla-ukrainy-cechownia\/#primaryimage"},"image":{"@id":"https:\/\/www.24gliwice.pl\/wiadomosci\/gliwice-dla-ukrainy-cechownia\/#primaryimage"},"thumbnailUrl":"https:\/\/www.24gliwice.pl\/wiadomosci\/wp-content\/uploads\/2022\/03\/Gliwice-dla-Ukrainy_1.jpg","datePublished":"2022-03-02T02:04:42+00:00","dateModified":"2022-03-11T11:55:48+00:00","breadcrumb":{"@id":"https:\/\/www.24gliwice.pl\/wiadomosci\/gliwice-dla-ukrainy-cechownia\/#breadcrumb"},"inLanguage":"pl-PL","potentialAction":[{"@type":"ReadAction","target":["https:\/\/www.24gliwice.pl\/wiadomosci\/gliwice-dla-ukrainy-cechownia\/"]}]},{"@type":"ImageObject","inLanguage":"pl-PL","@id":"https:\/\/www.24gliwice.pl\/wiadomosci\/gliwice-dla-ukrainy-cechownia\/#primaryimage","url":"https:\/\/www.24gliwice.pl\/wiadomosci\/wp-content\/uploads\/2022\/03\/Gliwice-dla-Ukrainy_1.jpg","contentUrl":"https:\/\/www.24gliwice.pl\/wiadomosci\/wp-content\/uploads\/2022\/03\/Gliwice-dla-Ukrainy_1.jpg","width":810,"height":461},{"@type":"BreadcrumbList","@id":"https:\/\/www.24gliwice.pl\/wiadomosci\/gliwice-dla-ukrainy-cechownia\/#breadcrumb","itemListElement":[{"@type":"ListItem","position":1,"name":"Strona g\u0142\u00f3wna","item":"https:\/\/www.24gliwice.pl\/wiadomosci\/"},{"@type":"ListItem","position":2,"name":"Gliwice dla Ukrainy. Koncerty, warsztaty, prelekcje, zbi\u00f3rki. Ju\u017c w niedziel\u0119, 6 marca"}]},{"@type":"WebSite","@id":"https:\/\/www.24gliwice.pl\/wiadomosci\/#website","url":"https:\/\/www.24gliwice.pl\/wiadomosci\/","name":"24GLIWICE - Portal Gliwice | codziennie nowe wiadomo\u015bci","description":"Portal Miejski Gliwice","publisher":{"@id":"https:\/\/www.24gliwice.pl\/wiadomosci\/#organization"},"potentialAction":[{"@type":"SearchAction","target":{"@type":"EntryPoint","urlTemplate":"https:\/\/www.24gliwice.pl\/wiadomosci\/?s={search_term_string}"},"query-input":{"@type":"PropertyValueSpecification","valueRequired":true,"valueName":"search_term_string"}}],"inLanguage":"pl-PL"},{"@type":"Organization","@id":"https:\/\/www.24gliwice.pl\/wiadomosci\/#organization","name":"24gliwice","url":"https:\/\/www.24gliwice.pl\/wiadomosci\/","logo":{"@type":"ImageObject","inLanguage":"pl-PL","@id":"https:\/\/www.24gliwice.pl\/wiadomosci\/#\/schema\/logo\/image\/","url":"https:\/\/www.24gliwice.pl\/wiadomosci\/wp-content\/uploads\/2024\/10\/24gliwice-logo-696.jpg","contentUrl":"https:\/\/www.24gliwice.pl\/wiadomosci\/wp-content\/uploads\/2024\/10\/24gliwice-logo-696.jpg","width":696,"height":696,"caption":"24gliwice"},"image":{"@id":"https:\/\/www.24gliwice.pl\/wiadomosci\/#\/schema\/logo\/image\/"},"sameAs":["https:\/\/www.facebook.com\/24gliwice","https:\/\/x.com\/24gliwice","https:\/\/www.youtube.com\/@24gliwice"]},{"@type":"Person","@id":"https:\/\/www.24gliwice.pl\/wiadomosci\/#\/schema\/person\/cb5857e4a4d048c15984c1edcc8ef0c0","name":"Marcin Fabrykowski","image":{"@type":"ImageObject","inLanguage":"pl-PL","@id":"https:\/\/www.24gliwice.pl\/wiadomosci\/wp-content\/uploads\/2025\/11\/zdjecie-moje-marcin-300-96x96.jpg","url":"https:\/\/www.24gliwice.pl\/wiadomosci\/wp-content\/uploads\/2025\/11\/zdjecie-moje-marcin-300-96x96.jpg","contentUrl":"https:\/\/www.24gliwice.pl\/wiadomosci\/wp-content\/uploads\/2025\/11\/zdjecie-moje-marcin-300-96x96.jpg","caption":"Marcin Fabrykowski"},"sameAs":["http:\/\/24gliwice.pl","https:\/\/www.facebook.com\/marcin.fabrykowski"],"url":"https:\/\/www.24gliwice.pl\/wiadomosci\/author\/marcin-fabrykowski\/"}]}},"_links":{"self":[{"href":"https:\/\/www.24gliwice.pl\/wiadomosci\/wp-json\/wp\/v2\/posts\/187551","targetHints":{"allow":["GET"]}}],"collection":[{"href":"https:\/\/www.24gliwice.pl\/wiadomosci\/wp-json\/wp\/v2\/posts"}],"about":[{"href":"https:\/\/www.24gliwice.pl\/wiadomosci\/wp-json\/wp\/v2\/types\/post"}],"author":[{"embeddable":true,"href":"https:\/\/www.24gliwice.pl\/wiadomosci\/wp-json\/wp\/v2\/users\/4"}],"replies":[{"embeddable":true,"href":"https:\/\/www.24gliwice.pl\/wiadomosci\/wp-json\/wp\/v2\/comments?post=187551"}],"version-history":[{"count":9,"href":"https:\/\/www.24gliwice.pl\/wiadomosci\/wp-json\/wp\/v2\/posts\/187551\/revisions"}],"predecessor-version":[{"id":187560,"href":"https:\/\/www.24gliwice.pl\/wiadomosci\/wp-json\/wp\/v2\/posts\/187551\/revisions\/187560"}],"wp:featuredmedia":[{"embeddable":true,"href":"https:\/\/www.24gliwice.pl\/wiadomosci\/wp-json\/wp\/v2\/media\/187550"}],"wp:attachment":[{"href":"https:\/\/www.24gliwice.pl\/wiadomosci\/wp-json\/wp\/v2\/media?parent=187551"}],"wp:term":[{"taxonomy":"category","embeddable":true,"href":"https:\/\/www.24gliwice.pl\/wiadomosci\/wp-json\/wp\/v2\/categories?post=187551"},{"taxonomy":"post_tag","embeddable":true,"href":"https:\/\/www.24gliwice.pl\/wiadomosci\/wp-json\/wp\/v2\/tags?post=187551"}],"curies":[{"name":"wp","href":"https:\/\/api.w.org\/{rel}","templated":true}]}}