{"id":187598,"date":"2022-03-02T20:31:46","date_gmt":"2022-03-02T19:31:46","guid":{"rendered":"https:\/\/www.24gliwice.pl\/wiadomosci\/?p=187598"},"modified":"2022-03-11T12:54:19","modified_gmt":"2022-03-11T11:54:19","slug":"wiec-solidarnosci-z-ukraina-na-gliwickim-rynku","status":"publish","type":"post","link":"https:\/\/www.24gliwice.pl\/wiadomosci\/wiec-solidarnosci-z-ukraina-na-gliwickim-rynku\/","title":{"rendered":"Wiec Solidarno\u015bci z Ukrain\u0105 na gliwickim Rynku. &#8220;Chcemy pokaza\u0107, \u017ce Gliwice to otwarte miasto&#8221;"},"content":{"rendered":"<div class=\"gliwi-a6-nad-leadem-artykulow gliwi-entity-placement\" id=\"gliwi-2754199161\"><div class=\"gliwi-adlabel\"><span style=\"font-size: 9px\">REKLAMA<\/span><\/div><div id=\"gliwi-114221742\" style=\"margin-bottom: 25px;margin-left: auto;margin-right: auto;text-align: center;\"><a data-no-instant=\"1\" href=\"https:\/\/dom100.eu\/\" rel=\"noopener\" class=\"a2t-link\" target=\"_blank\" aria-label=\"20260415 DOM100 D\"><img loading=\"lazy\" decoding=\"async\" src=\"https:\/\/www.24gliwice.pl\/wiadomosci\/wp-content\/uploads\/2026\/04\/20260415-DOM100-D.jpg\" alt=\"\"  srcset=\"https:\/\/www.24gliwice.pl\/wiadomosci\/wp-content\/uploads\/2026\/04\/20260415-DOM100-D.jpg 750w, https:\/\/www.24gliwice.pl\/wiadomosci\/wp-content\/uploads\/2026\/04\/20260415-DOM100-D-410x109.jpg 410w\" sizes=\"(max-width: 750px) 100vw, 750px\" class=\"no-lazyload\" width=\"750\" height=\"200\"  style=\"display: inline-block; max-width: 100%; height: auto;\" \/><\/a><\/div><\/div><h2>Wiec Solidarno\u015bci z Ukrain\u0105 odb\u0119dzie si\u0119 w czwartek, 3 marca, na gliwickim Rynku. <\/h2>\n<p>&nbsp;<br \/>\n<strong>Wydarzenie rozpocznie si\u0119 o godzinie 20:00<\/strong>. Jak wynika z informacji organizator\u00f3w, akcja ta ma powtarza\u0107 si\u0119 cyklicznie co czwartek. <\/p>\n<p>&#8211; <em>My, Gliwiczanki i Gliwiczanie, stanowczo protestujemy przeciwko atakowi wojsk Federacji Rosyjskiej na niepodleg\u0142\u0105 Ukrain\u0119. Wyra\u017camy nieustann\u0105 solidarno\u015b\u0107 z obywatelami i obywatelkami Ukrainy, zmuszonymi do walki zbrojnej w obronie swojego kraju oraz wszystkimi ofiarami agresji, kt\u00f3ra trwa ju\u017c od 2014 roku i do dzi\u015b przynios\u0142a \u015bmier\u0107 tysi\u0105com os\u00f3b, a dziesi\u0105tki tysi\u0119cy zmusi\u0142a do opuszczenia swoich dom\u00f3w. W tej strasznej godzinie pr\u00f3by nie jeste\u015bcie sami! Gliwice z Ukrain\u0105. S\u0141AWA UKRAIJNI!<\/em> &#8211; pisz\u0105 organizatorzy &#8211; Grupa Nic o Nas bez Nas. <\/p><div class=\"gliwi-a3-w-tresci-artykulow gliwi-entity-placement\" id=\"gliwi-1357443619\"><div class=\"gliwi-adlabel\"><span style=\"font-size: 9px\">REKLAMA<\/span><\/div><div id=\"gliwi-748562137\" style=\"margin-bottom: 30px;margin-left: auto;margin-right: auto;text-align: center;\"><a data-no-instant=\"1\" href=\"https:\/\/zlobek.halogen.org.pl\/\" rel=\"noopener\" class=\"a2t-link\" target=\"_blank\" aria-label=\"animator-zlobek_750x200\"><img loading=\"lazy\" decoding=\"async\" src=\"https:\/\/www.24gliwice.pl\/wiadomosci\/wp-content\/uploads\/2026\/02\/animator-zlobek_750x200.webp\" alt=\"\"  srcset=\"https:\/\/www.24gliwice.pl\/wiadomosci\/wp-content\/uploads\/2026\/02\/animator-zlobek_750x200.webp 750w, https:\/\/www.24gliwice.pl\/wiadomosci\/wp-content\/uploads\/2026\/02\/animator-zlobek_750x200-410x109.webp 410w\" sizes=\"(max-width: 750px) 100vw, 750px\" class=\"no-lazyload\" width=\"750\" height=\"200\"  style=\"display: inline-block; max-width: 100%; height: auto;\" \/><\/a><\/div><\/div>\n<p>&#8211; <em>W czwartek chcemy pokaza\u0107, \u017ce Gliwice to otwarte miasto, chcemy by\u0107 razem z Ukrainkami i Ukrai\u0144cami przybywaj\u0105cymi do nas, do naszego miasta. Pragniemy odda\u0107 im g\u0142os, komentowa\u0107 propagand\u0119, aby walczy\u0107 z dezinformacj\u0105, dodawa\u0107 otuchy, wzmacnia\u0107 morale obu stron, s\u0142ucha\u0107, a mo\u017ce nawet razem \u015bpiewa\u0107, p\u0142aka\u0107 i \u015bmia\u0107 si\u0119. Postaramy si\u0119 pokaza\u0107, \u017ce mo\u017cna sobie pomaga\u0107 przez obecno\u015b\u0107, przez wsparcie, empati\u0119<\/em> &#8211; dodaje Grupa. <\/p>\n<p>Organizatorzy zaplanowali oddanie ho\u0142du pomordowanym, przede wszystkim dzieciom, wsp\u00f3lne od\u015bpiewanie hymnu Ukrainy, sieciowanie inicjatyw pomagaj\u0105cych ludziom i zwierz\u0119tom oraz tzw. &#8220;wolny mikrofon&#8221; dla go\u015bci z Ukrainy oraz mieszkanek i mieszka\u0144c\u00f3w miasta.<\/p>\n<p>(\u017cms)<br \/>\nfot. Grupa Nic o Nas bez Nas (FB)<\/p>\n<div class=\"gliwi-a5-na-koncu-artykulow gliwi-entity-placement\" id=\"gliwi-2965177643\"><div class=\"gliwi-adlabel\"><span style=\"font-size: 9px\">REKLAMA<\/span><\/div><div id=\"gliwi-2925357661\" style=\"margin-left: auto;margin-right: auto;text-align: center;\"><a data-no-instant=\"1\" href=\"https:\/\/prezeroarenagliwice.pl\/\" rel=\"noopener\" class=\"a2t-link\" target=\"_blank\" aria-label=\"20260309-PREZERO-WIOSNA-D\"><img loading=\"lazy\" decoding=\"async\" src=\"https:\/\/www.24gliwice.pl\/wiadomosci\/wp-content\/uploads\/2026\/03\/20260309-PREZERO-WIOSNA-D.webp\" alt=\"\"  srcset=\"https:\/\/www.24gliwice.pl\/wiadomosci\/wp-content\/uploads\/2026\/03\/20260309-PREZERO-WIOSNA-D.webp 750w, https:\/\/www.24gliwice.pl\/wiadomosci\/wp-content\/uploads\/2026\/03\/20260309-PREZERO-WIOSNA-D-410x109.webp 410w\" sizes=\"(max-width: 750px) 100vw, 750px\" class=\"no-lazyload\" width=\"750\" height=\"200\"  style=\"display: inline-block; max-width: 100%; height: auto;\" \/><\/a><\/div><\/div>","protected":false},"excerpt":{"rendered":"<p>Wiec Solidarno\u015bci z Ukrain\u0105 odb\u0119dzie si\u0119 w czwartek, 3 marca, na gliwickim Rynku. &nbsp; Wydarzenie rozpocznie si\u0119 o godzinie 20:00. Jak wynika z informacji organizator\u00f3w, akcja ta ma powtarza\u0107 si\u0119 cyklicznie co czwartek. &#8211; My, Gliwiczanki i Gliwiczanie, stanowczo protestujemy przeciwko atakowi wojsk Federacji Rosyjskiej na niepodleg\u0142\u0105 Ukrain\u0119. Wyra\u017camy nieustann\u0105 solidarno\u015b\u0107 z obywatelami i obywatelkami [&hellip;]<\/p>\n","protected":false},"author":15,"featured_media":187602,"comment_status":"closed","ping_status":"closed","sticky":false,"template":"","format":"standard","meta":{"_monsterinsights_skip_tracking":false,"_monsterinsights_sitenote_active":false,"_monsterinsights_sitenote_note":"","_monsterinsights_sitenote_category":0,"footnotes":"","_links_to":"","_links_to_target":""},"categories":[3,6,1],"tags":[19129],"class_list":["post-187598","post","type-post","status-publish","format-standard","has-post-thumbnail","hentry","category-gliwice","category-kultura","category-wszystko","tag-nic-o-nas-bez-nas"],"yoast_head":"<!-- This site is optimized with the Yoast SEO plugin v27.4 - https:\/\/yoast.com\/product\/yoast-seo-wordpress\/ -->\n<title>Wiec Solidarno\u015bci z Ukrain\u0105 na gliwickim Rynku. &quot;Chcemy pokaza\u0107, \u017ce Gliwice to otwarte miasto&quot; - 24GLIWICE - Portal Gliwice | codziennie nowe informacje<\/title>\n<meta name=\"description\" content=\"3 marca na gliwickim Rynku odb\u0119dzie si\u0119 wiec solidarno\u015bci z Ukrain\u0105. Wydarzenie ma by\u0107 powtarzane w ka\u017cdy czwartek\" \/>\n<meta name=\"robots\" content=\"index, follow, max-snippet:-1, max-image-preview:large, max-video-preview:-1\" \/>\n<link rel=\"canonical\" href=\"https:\/\/www.24gliwice.pl\/wiadomosci\/wiec-solidarnosci-z-ukraina-na-gliwickim-rynku\/\" \/>\n<meta property=\"og:locale\" content=\"pl_PL\" \/>\n<meta property=\"og:type\" content=\"article\" \/>\n<meta property=\"og:title\" content=\"Wiec Solidarno\u015bci z Ukrain\u0105 na gliwickim Rynku. &quot;Chcemy pokaza\u0107, \u017ce Gliwice to otwarte miasto&quot; - 24GLIWICE - Portal Gliwice | codziennie nowe informacje\" \/>\n<meta property=\"og:description\" content=\"3 marca na gliwickim Rynku odb\u0119dzie si\u0119 wiec solidarno\u015bci z Ukrain\u0105. Wydarzenie ma by\u0107 powtarzane w ka\u017cdy czwartek\" \/>\n<meta property=\"og:url\" content=\"https:\/\/www.24gliwice.pl\/wiadomosci\/wiec-solidarnosci-z-ukraina-na-gliwickim-rynku\/\" \/>\n<meta property=\"og:site_name\" content=\"24GLIWICE - Portal Gliwice | codziennie nowe informacje\" \/>\n<meta property=\"article:publisher\" content=\"https:\/\/www.facebook.com\/24gliwice\" \/>\n<meta property=\"article:published_time\" content=\"2022-03-02T19:31:46+00:00\" \/>\n<meta property=\"article:modified_time\" content=\"2022-03-11T11:54:19+00:00\" \/>\n<meta property=\"og:image\" content=\"https:\/\/www.24gliwice.pl\/wiadomosci\/wp-content\/uploads\/2022\/03\/wiec-solidarnosci-z-Ukraina-nonbn.jpg\" \/>\n\t<meta property=\"og:image:width\" content=\"810\" \/>\n\t<meta property=\"og:image:height\" content=\"457\" \/>\n\t<meta property=\"og:image:type\" content=\"image\/jpeg\" \/>\n<meta name=\"author\" content=\"\u017baneta Mrozek-Siewierska\" \/>\n<meta name=\"twitter:card\" content=\"summary_large_image\" \/>\n<meta name=\"twitter:creator\" content=\"@24gliwice\" \/>\n<meta name=\"twitter:site\" content=\"@24gliwice\" \/>\n<meta name=\"twitter:label1\" content=\"Napisane przez\" \/>\n\t<meta name=\"twitter:data1\" content=\"\u017baneta Mrozek-Siewierska\" \/>\n\t<meta name=\"twitter:label2\" content=\"Szacowany czas czytania\" \/>\n\t<meta name=\"twitter:data2\" content=\"1 minuta\" \/>\n<script type=\"application\/ld+json\" class=\"yoast-schema-graph\">{\"@context\":\"https:\\\/\\\/schema.org\",\"@graph\":[{\"@type\":\"Article\",\"@id\":\"https:\\\/\\\/www.24gliwice.pl\\\/wiadomosci\\\/wiec-solidarnosci-z-ukraina-na-gliwickim-rynku\\\/#article\",\"isPartOf\":{\"@id\":\"https:\\\/\\\/www.24gliwice.pl\\\/wiadomosci\\\/wiec-solidarnosci-z-ukraina-na-gliwickim-rynku\\\/\"},\"author\":{\"name\":\"\u017baneta Mrozek-Siewierska\",\"@id\":\"https:\\\/\\\/www.24gliwice.pl\\\/wiadomosci\\\/#\\\/schema\\\/person\\\/e42c650edd7f2fa332be3811fb166b6e\"},\"headline\":\"Wiec Solidarno\u015bci z Ukrain\u0105 na gliwickim Rynku. &#8220;Chcemy pokaza\u0107, \u017ce Gliwice to otwarte miasto&#8221;\",\"datePublished\":\"2022-03-02T19:31:46+00:00\",\"dateModified\":\"2022-03-11T11:54:19+00:00\",\"mainEntityOfPage\":{\"@id\":\"https:\\\/\\\/www.24gliwice.pl\\\/wiadomosci\\\/wiec-solidarnosci-z-ukraina-na-gliwickim-rynku\\\/\"},\"wordCount\":258,\"publisher\":{\"@id\":\"https:\\\/\\\/www.24gliwice.pl\\\/wiadomosci\\\/#organization\"},\"image\":{\"@id\":\"https:\\\/\\\/www.24gliwice.pl\\\/wiadomosci\\\/wiec-solidarnosci-z-ukraina-na-gliwickim-rynku\\\/#primaryimage\"},\"thumbnailUrl\":\"https:\\\/\\\/www.24gliwice.pl\\\/wiadomosci\\\/wp-content\\\/uploads\\\/2022\\\/03\\\/wiec-solidarnosci-z-Ukraina-nonbn.jpg\",\"keywords\":[\"nic o nas bez nas\"],\"articleSection\":[\"Gliwice\",\"Kultura, wydarzenia, imprezy\",\"Najnowsze wiadomo\u015bci\"],\"inLanguage\":\"pl-PL\"},{\"@type\":\"WebPage\",\"@id\":\"https:\\\/\\\/www.24gliwice.pl\\\/wiadomosci\\\/wiec-solidarnosci-z-ukraina-na-gliwickim-rynku\\\/\",\"url\":\"https:\\\/\\\/www.24gliwice.pl\\\/wiadomosci\\\/wiec-solidarnosci-z-ukraina-na-gliwickim-rynku\\\/\",\"name\":\"Wiec Solidarno\u015bci z Ukrain\u0105 na gliwickim Rynku. \\\"Chcemy pokaza\u0107, \u017ce Gliwice to otwarte miasto\\\" - 24GLIWICE - Portal Gliwice | codziennie nowe informacje\",\"isPartOf\":{\"@id\":\"https:\\\/\\\/www.24gliwice.pl\\\/wiadomosci\\\/#website\"},\"primaryImageOfPage\":{\"@id\":\"https:\\\/\\\/www.24gliwice.pl\\\/wiadomosci\\\/wiec-solidarnosci-z-ukraina-na-gliwickim-rynku\\\/#primaryimage\"},\"image\":{\"@id\":\"https:\\\/\\\/www.24gliwice.pl\\\/wiadomosci\\\/wiec-solidarnosci-z-ukraina-na-gliwickim-rynku\\\/#primaryimage\"},\"thumbnailUrl\":\"https:\\\/\\\/www.24gliwice.pl\\\/wiadomosci\\\/wp-content\\\/uploads\\\/2022\\\/03\\\/wiec-solidarnosci-z-Ukraina-nonbn.jpg\",\"datePublished\":\"2022-03-02T19:31:46+00:00\",\"dateModified\":\"2022-03-11T11:54:19+00:00\",\"description\":\"3 marca na gliwickim Rynku odb\u0119dzie si\u0119 wiec solidarno\u015bci z Ukrain\u0105. Wydarzenie ma by\u0107 powtarzane w ka\u017cdy czwartek\",\"breadcrumb\":{\"@id\":\"https:\\\/\\\/www.24gliwice.pl\\\/wiadomosci\\\/wiec-solidarnosci-z-ukraina-na-gliwickim-rynku\\\/#breadcrumb\"},\"inLanguage\":\"pl-PL\",\"potentialAction\":[{\"@type\":\"ReadAction\",\"target\":[\"https:\\\/\\\/www.24gliwice.pl\\\/wiadomosci\\\/wiec-solidarnosci-z-ukraina-na-gliwickim-rynku\\\/\"]}]},{\"@type\":\"ImageObject\",\"inLanguage\":\"pl-PL\",\"@id\":\"https:\\\/\\\/www.24gliwice.pl\\\/wiadomosci\\\/wiec-solidarnosci-z-ukraina-na-gliwickim-rynku\\\/#primaryimage\",\"url\":\"https:\\\/\\\/www.24gliwice.pl\\\/wiadomosci\\\/wp-content\\\/uploads\\\/2022\\\/03\\\/wiec-solidarnosci-z-Ukraina-nonbn.jpg\",\"contentUrl\":\"https:\\\/\\\/www.24gliwice.pl\\\/wiadomosci\\\/wp-content\\\/uploads\\\/2022\\\/03\\\/wiec-solidarnosci-z-Ukraina-nonbn.jpg\",\"width\":810,\"height\":457},{\"@type\":\"BreadcrumbList\",\"@id\":\"https:\\\/\\\/www.24gliwice.pl\\\/wiadomosci\\\/wiec-solidarnosci-z-ukraina-na-gliwickim-rynku\\\/#breadcrumb\",\"itemListElement\":[{\"@type\":\"ListItem\",\"position\":1,\"name\":\"Strona g\u0142\u00f3wna\",\"item\":\"https:\\\/\\\/www.24gliwice.pl\\\/wiadomosci\\\/\"},{\"@type\":\"ListItem\",\"position\":2,\"name\":\"Wiec Solidarno\u015bci z Ukrain\u0105 na gliwickim Rynku. &#8222;Chcemy pokaza\u0107, \u017ce Gliwice to otwarte miasto&#8221;\"}]},{\"@type\":\"WebSite\",\"@id\":\"https:\\\/\\\/www.24gliwice.pl\\\/wiadomosci\\\/#website\",\"url\":\"https:\\\/\\\/www.24gliwice.pl\\\/wiadomosci\\\/\",\"name\":\"24GLIWICE - Portal Gliwice | codziennie nowe wiadomo\u015bci\",\"description\":\"Portal Miejski Gliwice\",\"publisher\":{\"@id\":\"https:\\\/\\\/www.24gliwice.pl\\\/wiadomosci\\\/#organization\"},\"potentialAction\":[{\"@type\":\"SearchAction\",\"target\":{\"@type\":\"EntryPoint\",\"urlTemplate\":\"https:\\\/\\\/www.24gliwice.pl\\\/wiadomosci\\\/?s={search_term_string}\"},\"query-input\":{\"@type\":\"PropertyValueSpecification\",\"valueRequired\":true,\"valueName\":\"search_term_string\"}}],\"inLanguage\":\"pl-PL\"},{\"@type\":\"Organization\",\"@id\":\"https:\\\/\\\/www.24gliwice.pl\\\/wiadomosci\\\/#organization\",\"name\":\"24gliwice\",\"url\":\"https:\\\/\\\/www.24gliwice.pl\\\/wiadomosci\\\/\",\"logo\":{\"@type\":\"ImageObject\",\"inLanguage\":\"pl-PL\",\"@id\":\"https:\\\/\\\/www.24gliwice.pl\\\/wiadomosci\\\/#\\\/schema\\\/logo\\\/image\\\/\",\"url\":\"https:\\\/\\\/www.24gliwice.pl\\\/wiadomosci\\\/wp-content\\\/uploads\\\/2024\\\/10\\\/24gliwice-logo-696.jpg\",\"contentUrl\":\"https:\\\/\\\/www.24gliwice.pl\\\/wiadomosci\\\/wp-content\\\/uploads\\\/2024\\\/10\\\/24gliwice-logo-696.jpg\",\"width\":696,\"height\":696,\"caption\":\"24gliwice\"},\"image\":{\"@id\":\"https:\\\/\\\/www.24gliwice.pl\\\/wiadomosci\\\/#\\\/schema\\\/logo\\\/image\\\/\"},\"sameAs\":[\"https:\\\/\\\/www.facebook.com\\\/24gliwice\",\"https:\\\/\\\/x.com\\\/24gliwice\",\"https:\\\/\\\/www.youtube.com\\\/@24gliwice\"]},{\"@type\":\"Person\",\"@id\":\"https:\\\/\\\/www.24gliwice.pl\\\/wiadomosci\\\/#\\\/schema\\\/person\\\/e42c650edd7f2fa332be3811fb166b6e\",\"name\":\"\u017baneta Mrozek-Siewierska\",\"image\":{\"@type\":\"ImageObject\",\"inLanguage\":\"pl-PL\",\"@id\":\"https:\\\/\\\/www.24gliwice.pl\\\/wiadomosci\\\/wp-content\\\/uploads\\\/2021\\\/11\\\/Zaneta-M_S-zdjecie-czb-96x96.jpg\",\"url\":\"https:\\\/\\\/www.24gliwice.pl\\\/wiadomosci\\\/wp-content\\\/uploads\\\/2021\\\/11\\\/Zaneta-M_S-zdjecie-czb-96x96.jpg\",\"contentUrl\":\"https:\\\/\\\/www.24gliwice.pl\\\/wiadomosci\\\/wp-content\\\/uploads\\\/2021\\\/11\\\/Zaneta-M_S-zdjecie-czb-96x96.jpg\",\"caption\":\"\u017baneta Mrozek-Siewierska\"},\"url\":\"https:\\\/\\\/www.24gliwice.pl\\\/wiadomosci\\\/author\\\/zms\\\/\"}]}<\/script>\n<!-- \/ Yoast SEO plugin. -->","yoast_head_json":{"title":"Wiec Solidarno\u015bci z Ukrain\u0105 na gliwickim Rynku. \"Chcemy pokaza\u0107, \u017ce Gliwice to otwarte miasto\" - 24GLIWICE - Portal Gliwice | codziennie nowe informacje","description":"3 marca na gliwickim Rynku odb\u0119dzie si\u0119 wiec solidarno\u015bci z Ukrain\u0105. Wydarzenie ma by\u0107 powtarzane w ka\u017cdy czwartek","robots":{"index":"index","follow":"follow","max-snippet":"max-snippet:-1","max-image-preview":"max-image-preview:large","max-video-preview":"max-video-preview:-1"},"canonical":"https:\/\/www.24gliwice.pl\/wiadomosci\/wiec-solidarnosci-z-ukraina-na-gliwickim-rynku\/","og_locale":"pl_PL","og_type":"article","og_title":"Wiec Solidarno\u015bci z Ukrain\u0105 na gliwickim Rynku. \"Chcemy pokaza\u0107, \u017ce Gliwice to otwarte miasto\" - 24GLIWICE - Portal Gliwice | codziennie nowe informacje","og_description":"3 marca na gliwickim Rynku odb\u0119dzie si\u0119 wiec solidarno\u015bci z Ukrain\u0105. Wydarzenie ma by\u0107 powtarzane w ka\u017cdy czwartek","og_url":"https:\/\/www.24gliwice.pl\/wiadomosci\/wiec-solidarnosci-z-ukraina-na-gliwickim-rynku\/","og_site_name":"24GLIWICE - Portal Gliwice | codziennie nowe informacje","article_publisher":"https:\/\/www.facebook.com\/24gliwice","article_published_time":"2022-03-02T19:31:46+00:00","article_modified_time":"2022-03-11T11:54:19+00:00","og_image":[{"width":810,"height":457,"url":"https:\/\/www.24gliwice.pl\/wiadomosci\/wp-content\/uploads\/2022\/03\/wiec-solidarnosci-z-Ukraina-nonbn.jpg","type":"image\/jpeg"}],"author":"\u017baneta Mrozek-Siewierska","twitter_card":"summary_large_image","twitter_creator":"@24gliwice","twitter_site":"@24gliwice","twitter_misc":{"Napisane przez":"\u017baneta Mrozek-Siewierska","Szacowany czas czytania":"1 minuta"},"schema":{"@context":"https:\/\/schema.org","@graph":[{"@type":"Article","@id":"https:\/\/www.24gliwice.pl\/wiadomosci\/wiec-solidarnosci-z-ukraina-na-gliwickim-rynku\/#article","isPartOf":{"@id":"https:\/\/www.24gliwice.pl\/wiadomosci\/wiec-solidarnosci-z-ukraina-na-gliwickim-rynku\/"},"author":{"name":"\u017baneta Mrozek-Siewierska","@id":"https:\/\/www.24gliwice.pl\/wiadomosci\/#\/schema\/person\/e42c650edd7f2fa332be3811fb166b6e"},"headline":"Wiec Solidarno\u015bci z Ukrain\u0105 na gliwickim Rynku. &#8220;Chcemy pokaza\u0107, \u017ce Gliwice to otwarte miasto&#8221;","datePublished":"2022-03-02T19:31:46+00:00","dateModified":"2022-03-11T11:54:19+00:00","mainEntityOfPage":{"@id":"https:\/\/www.24gliwice.pl\/wiadomosci\/wiec-solidarnosci-z-ukraina-na-gliwickim-rynku\/"},"wordCount":258,"publisher":{"@id":"https:\/\/www.24gliwice.pl\/wiadomosci\/#organization"},"image":{"@id":"https:\/\/www.24gliwice.pl\/wiadomosci\/wiec-solidarnosci-z-ukraina-na-gliwickim-rynku\/#primaryimage"},"thumbnailUrl":"https:\/\/www.24gliwice.pl\/wiadomosci\/wp-content\/uploads\/2022\/03\/wiec-solidarnosci-z-Ukraina-nonbn.jpg","keywords":["nic o nas bez nas"],"articleSection":["Gliwice","Kultura, wydarzenia, imprezy","Najnowsze wiadomo\u015bci"],"inLanguage":"pl-PL"},{"@type":"WebPage","@id":"https:\/\/www.24gliwice.pl\/wiadomosci\/wiec-solidarnosci-z-ukraina-na-gliwickim-rynku\/","url":"https:\/\/www.24gliwice.pl\/wiadomosci\/wiec-solidarnosci-z-ukraina-na-gliwickim-rynku\/","name":"Wiec Solidarno\u015bci z Ukrain\u0105 na gliwickim Rynku. \"Chcemy pokaza\u0107, \u017ce Gliwice to otwarte miasto\" - 24GLIWICE - Portal Gliwice | codziennie nowe informacje","isPartOf":{"@id":"https:\/\/www.24gliwice.pl\/wiadomosci\/#website"},"primaryImageOfPage":{"@id":"https:\/\/www.24gliwice.pl\/wiadomosci\/wiec-solidarnosci-z-ukraina-na-gliwickim-rynku\/#primaryimage"},"image":{"@id":"https:\/\/www.24gliwice.pl\/wiadomosci\/wiec-solidarnosci-z-ukraina-na-gliwickim-rynku\/#primaryimage"},"thumbnailUrl":"https:\/\/www.24gliwice.pl\/wiadomosci\/wp-content\/uploads\/2022\/03\/wiec-solidarnosci-z-Ukraina-nonbn.jpg","datePublished":"2022-03-02T19:31:46+00:00","dateModified":"2022-03-11T11:54:19+00:00","description":"3 marca na gliwickim Rynku odb\u0119dzie si\u0119 wiec solidarno\u015bci z Ukrain\u0105. Wydarzenie ma by\u0107 powtarzane w ka\u017cdy czwartek","breadcrumb":{"@id":"https:\/\/www.24gliwice.pl\/wiadomosci\/wiec-solidarnosci-z-ukraina-na-gliwickim-rynku\/#breadcrumb"},"inLanguage":"pl-PL","potentialAction":[{"@type":"ReadAction","target":["https:\/\/www.24gliwice.pl\/wiadomosci\/wiec-solidarnosci-z-ukraina-na-gliwickim-rynku\/"]}]},{"@type":"ImageObject","inLanguage":"pl-PL","@id":"https:\/\/www.24gliwice.pl\/wiadomosci\/wiec-solidarnosci-z-ukraina-na-gliwickim-rynku\/#primaryimage","url":"https:\/\/www.24gliwice.pl\/wiadomosci\/wp-content\/uploads\/2022\/03\/wiec-solidarnosci-z-Ukraina-nonbn.jpg","contentUrl":"https:\/\/www.24gliwice.pl\/wiadomosci\/wp-content\/uploads\/2022\/03\/wiec-solidarnosci-z-Ukraina-nonbn.jpg","width":810,"height":457},{"@type":"BreadcrumbList","@id":"https:\/\/www.24gliwice.pl\/wiadomosci\/wiec-solidarnosci-z-ukraina-na-gliwickim-rynku\/#breadcrumb","itemListElement":[{"@type":"ListItem","position":1,"name":"Strona g\u0142\u00f3wna","item":"https:\/\/www.24gliwice.pl\/wiadomosci\/"},{"@type":"ListItem","position":2,"name":"Wiec Solidarno\u015bci z Ukrain\u0105 na gliwickim Rynku. &#8222;Chcemy pokaza\u0107, \u017ce Gliwice to otwarte miasto&#8221;"}]},{"@type":"WebSite","@id":"https:\/\/www.24gliwice.pl\/wiadomosci\/#website","url":"https:\/\/www.24gliwice.pl\/wiadomosci\/","name":"24GLIWICE - Portal Gliwice | codziennie nowe wiadomo\u015bci","description":"Portal Miejski Gliwice","publisher":{"@id":"https:\/\/www.24gliwice.pl\/wiadomosci\/#organization"},"potentialAction":[{"@type":"SearchAction","target":{"@type":"EntryPoint","urlTemplate":"https:\/\/www.24gliwice.pl\/wiadomosci\/?s={search_term_string}"},"query-input":{"@type":"PropertyValueSpecification","valueRequired":true,"valueName":"search_term_string"}}],"inLanguage":"pl-PL"},{"@type":"Organization","@id":"https:\/\/www.24gliwice.pl\/wiadomosci\/#organization","name":"24gliwice","url":"https:\/\/www.24gliwice.pl\/wiadomosci\/","logo":{"@type":"ImageObject","inLanguage":"pl-PL","@id":"https:\/\/www.24gliwice.pl\/wiadomosci\/#\/schema\/logo\/image\/","url":"https:\/\/www.24gliwice.pl\/wiadomosci\/wp-content\/uploads\/2024\/10\/24gliwice-logo-696.jpg","contentUrl":"https:\/\/www.24gliwice.pl\/wiadomosci\/wp-content\/uploads\/2024\/10\/24gliwice-logo-696.jpg","width":696,"height":696,"caption":"24gliwice"},"image":{"@id":"https:\/\/www.24gliwice.pl\/wiadomosci\/#\/schema\/logo\/image\/"},"sameAs":["https:\/\/www.facebook.com\/24gliwice","https:\/\/x.com\/24gliwice","https:\/\/www.youtube.com\/@24gliwice"]},{"@type":"Person","@id":"https:\/\/www.24gliwice.pl\/wiadomosci\/#\/schema\/person\/e42c650edd7f2fa332be3811fb166b6e","name":"\u017baneta Mrozek-Siewierska","image":{"@type":"ImageObject","inLanguage":"pl-PL","@id":"https:\/\/www.24gliwice.pl\/wiadomosci\/wp-content\/uploads\/2021\/11\/Zaneta-M_S-zdjecie-czb-96x96.jpg","url":"https:\/\/www.24gliwice.pl\/wiadomosci\/wp-content\/uploads\/2021\/11\/Zaneta-M_S-zdjecie-czb-96x96.jpg","contentUrl":"https:\/\/www.24gliwice.pl\/wiadomosci\/wp-content\/uploads\/2021\/11\/Zaneta-M_S-zdjecie-czb-96x96.jpg","caption":"\u017baneta Mrozek-Siewierska"},"url":"https:\/\/www.24gliwice.pl\/wiadomosci\/author\/zms\/"}]}},"_links":{"self":[{"href":"https:\/\/www.24gliwice.pl\/wiadomosci\/wp-json\/wp\/v2\/posts\/187598","targetHints":{"allow":["GET"]}}],"collection":[{"href":"https:\/\/www.24gliwice.pl\/wiadomosci\/wp-json\/wp\/v2\/posts"}],"about":[{"href":"https:\/\/www.24gliwice.pl\/wiadomosci\/wp-json\/wp\/v2\/types\/post"}],"author":[{"embeddable":true,"href":"https:\/\/www.24gliwice.pl\/wiadomosci\/wp-json\/wp\/v2\/users\/15"}],"replies":[{"embeddable":true,"href":"https:\/\/www.24gliwice.pl\/wiadomosci\/wp-json\/wp\/v2\/comments?post=187598"}],"version-history":[{"count":6,"href":"https:\/\/www.24gliwice.pl\/wiadomosci\/wp-json\/wp\/v2\/posts\/187598\/revisions"}],"predecessor-version":[{"id":187624,"href":"https:\/\/www.24gliwice.pl\/wiadomosci\/wp-json\/wp\/v2\/posts\/187598\/revisions\/187624"}],"wp:featuredmedia":[{"embeddable":true,"href":"https:\/\/www.24gliwice.pl\/wiadomosci\/wp-json\/wp\/v2\/media\/187602"}],"wp:attachment":[{"href":"https:\/\/www.24gliwice.pl\/wiadomosci\/wp-json\/wp\/v2\/media?parent=187598"}],"wp:term":[{"taxonomy":"category","embeddable":true,"href":"https:\/\/www.24gliwice.pl\/wiadomosci\/wp-json\/wp\/v2\/categories?post=187598"},{"taxonomy":"post_tag","embeddable":true,"href":"https:\/\/www.24gliwice.pl\/wiadomosci\/wp-json\/wp\/v2\/tags?post=187598"}],"curies":[{"name":"wp","href":"https:\/\/api.w.org\/{rel}","templated":true}]}}