{"id":187641,"date":"2022-03-03T10:53:48","date_gmt":"2022-03-03T09:53:48","guid":{"rendered":"https:\/\/www.24gliwice.pl\/wiadomosci\/?p=187641"},"modified":"2022-03-11T12:53:39","modified_gmt":"2022-03-11T11:53:39","slug":"zbiorka-darow-dla-uchodzcow-z-ukrainy-i-charytatywny-koncert-poszukiwani-sa-tez-wolontariusze","status":"publish","type":"post","link":"https:\/\/www.24gliwice.pl\/wiadomosci\/zbiorka-darow-dla-uchodzcow-z-ukrainy-i-charytatywny-koncert-poszukiwani-sa-tez-wolontariusze\/","title":{"rendered":"Zbi\u00f3rka dar\u00f3w dla uchod\u017ac\u00f3w z Ukrainy i charytatywny koncert. Poszukiwani s\u0105 te\u017c wolontariusze"},"content":{"rendered":"<div class=\"gliwi-a6-nad-leadem-artykulow gliwi-entity-placement\" id=\"gliwi-1639955565\"><div class=\"gliwi-adlabel\"><span style=\"font-size: 9px\">REKLAMA<\/span><\/div><div id=\"gliwi-3564727628\" style=\"margin-bottom: 25px;margin-left: auto;margin-right: auto;text-align: center;\"><a data-no-instant=\"1\" href=\"https:\/\/dom100.eu\/\" rel=\"noopener\" class=\"a2t-link\" target=\"_blank\" aria-label=\"20260415 DOM100 D\"><img loading=\"lazy\" decoding=\"async\" src=\"https:\/\/www.24gliwice.pl\/wiadomosci\/wp-content\/uploads\/2026\/04\/20260415-DOM100-D.jpg\" alt=\"\"  srcset=\"https:\/\/www.24gliwice.pl\/wiadomosci\/wp-content\/uploads\/2026\/04\/20260415-DOM100-D.jpg 750w, https:\/\/www.24gliwice.pl\/wiadomosci\/wp-content\/uploads\/2026\/04\/20260415-DOM100-D-410x109.jpg 410w\" sizes=\"(max-width: 750px) 100vw, 750px\" class=\"no-lazyload\" width=\"750\" height=\"200\"  style=\"display: inline-block; max-width: 100%; height: auto;\" \/><\/a><\/div><\/div><h2>W czwartek 3 marca rozpoczyna si\u0119 miejska zbi\u00f3rka na rzecz uchod\u017ac\u00f3w z Ukrainy, kt\u00f3rzy trafiaj\u0105 do naszego miasta z ogarni\u0119tego wojn\u0105 kraju. Dary b\u0119d\u0105 zbierane w hali widowiskowo-sportowej Arena Gliwice (ul. Akademicka 50, wej\u015bcie E).<\/h2>\n<p>&nbsp;<br \/>\nNiezb\u0119dne dla uciekaj\u0105cych obywateli przedmioty mo\u017cna przynosi\u0107 w tygodniu mi\u0119dzy godzinami 10:00 a 20:00 oraz w weekendy od godziny 12:00 do 18:00.<\/p>\n<p>Miejsk\u0105 zbi\u00f3rk\u0119 koordynuje w ramach zespo\u0142u ds. uchod\u017ac\u00f3w z Ukrainy Stowarzyszenie GTW. Zbierane b\u0119d\u0105 \u015brodki rzeczowe, w tym \u015brodki spo\u017cywcze i artyku\u0142y higieniczne. <\/p><div class=\"gliwi-a3-w-tresci-artykulow gliwi-entity-placement\" id=\"gliwi-3225350277\"><div class=\"gliwi-adlabel\"><span style=\"font-size: 9px\">REKLAMA<\/span><\/div><div id=\"gliwi-2191473258\" style=\"margin-bottom: 30px;margin-left: auto;margin-right: auto;text-align: center;\"><a data-no-instant=\"1\" href=\"https:\/\/ogrodyandersa.pl\/\" rel=\"noopener\" class=\"a2t-link\" target=\"_blank\" aria-label=\"20260415 Ogrody Andersa KUP TERAZ D\"><img loading=\"lazy\" decoding=\"async\" src=\"https:\/\/www.24gliwice.pl\/wiadomosci\/wp-content\/uploads\/2026\/04\/20260415-Ogrody-Andersa-KUP-TERAZ-D.jpg\" alt=\"\"  srcset=\"https:\/\/www.24gliwice.pl\/wiadomosci\/wp-content\/uploads\/2026\/04\/20260415-Ogrody-Andersa-KUP-TERAZ-D.jpg 750w, https:\/\/www.24gliwice.pl\/wiadomosci\/wp-content\/uploads\/2026\/04\/20260415-Ogrody-Andersa-KUP-TERAZ-D-410x109.jpg 410w\" sizes=\"(max-width: 750px) 100vw, 750px\" class=\"no-lazyload\" width=\"750\" height=\"200\"  style=\"display: inline-block; max-width: 100%; height: auto;\" \/><\/a><\/div><\/div>\n<h4>Dary zostan\u0105 przeznaczone na zabezpieczenie potrzeb ukrai\u0144skich rodzin przyje\u017cd\u017caj\u0105cych do Gliwic i powiatu gliwickiego.<\/h4>\n<p>Informacje o tym, jakiego rodzaju rzeczy s\u0105 aktualnie potrzebne, Stowarzyszenie GTW b\u0119dzie przekazywa\u0107 na bie\u017c\u0105co na stronie <a href=\"http:\/\/facebook.com\/StowarzyszenieGTW\" rel=\"noopener\" target=\"_blank\">facebook.com\/StowarzyszenieGTW<\/a>. Organizacja poszukuje te\u017c wolontariuszy do sortowania dar\u00f3w od mieszka\u0144c\u00f3w. Je\u017celi mo\u017cesz pom\u00f3c, nawi\u0105\u017c kontakt z koordynatork\u0105 tej cz\u0119\u015bci dzia\u0142a\u0144 z ramienia GTW &#8211; <strong>Agnieszk\u0105 Jag\u0142\u0105<\/strong> &#8211; informacje dot. kontaktu znajduj\u0105 si\u0119 na stronie <a href=\"https:\/\/www.gtwgliwice.pl\/kontakt-pl.html\" rel=\"noopener\" target=\"_blank\">gtwgliwice.pl<\/a>. <\/p>\n<p>Wolontariusze potrzebni s\u0105 od czwartku, 3.03. do niedzieli, 13.03. <\/p>\n<h4>Koncert w Stacji Artystycznej Rynek<\/h4>\n<p>Stowarzyszenie GTW organizuje te\u017c charytatywny koncert w Stacji Artystycznej Rynek. Wydarzenie odb\u0119dzie si\u0119 w pi\u0105tek, 4 marca. Start od godziny 18:00.<\/p>\n<p>&#8211; <em>Podczas pi\u0105tkowego wieczoru wyst\u0105pi\u0105 arty\u015bci z naszego miasta. Wst\u0119p b\u0119dzie darmowy, jednak ka\u017cdy uczestnik b\u0119dzie m\u00f3g\u0142 wrzuci\u0107 dowoln\u0105 kwot\u0119 do puszki. Ca\u0142a zebrana kwota zostanie przekazana na pomoc uchod\u017acom przebywaj\u0105cym w naszym mie\u015bcie<\/em> &#8211; zapowiadaj\u0105 organizatorzy. <\/p>\n<h4>Program:<\/h4>\n<ul>\n<li>18:15-18:45 koncert zespo\u0142u Belfer Band,<\/li>\n<li>19:15-19:45 koncert artyst\u00f3w zwi\u0105zanych ze Studiem Aktorskim Teatru Wit-Wit oraz Alicji Witomskiej &#8211; wokalistki Teatru Rozrywki w Chorzowie,<\/li>\n<li>20:15-20:45 koncert zespo\u0142u Shashamane,<\/li>\n<li>21:00-21:30 koncert zespo\u0142u Velveteve.<\/li>\n<\/ul>\n<p><iframe loading=\"lazy\" width=\"810\" height=\"455\" src=\"https:\/\/www.youtube.com\/embed\/qHUQR6FDqz0\" title=\"YouTube video player\" frameborder=\"0\" allow=\"accelerometer; autoplay; clipboard-write; encrypted-media; gyroscope; picture-in-picture\" allowfullscreen><\/iframe><\/p>\n<p>W przerwach mi\u0119dzy wyst\u0119pami odbywa\u0107 si\u0119 b\u0119d\u0105 aukcj\u0119 dzie\u0142 sztuki, kt\u00f3re zosta\u0142y podarowane przez lokalnych artyst\u00f3w. M. in. na aukcji znalaz\u0142y si\u0119 obrazy: &#8220;S\u0142oneczniki&#8221; autorstwa <strong>Moniki Kraso\u0144<\/strong>, &#8220;Pierwsza przemiana&#8221; autorstwa <strong>Grega Bobrowskiego<\/strong>, &#8220;Poczekalnia&#8221; autorstwa <strong>Agaty Szeithauer<\/strong>, seria obraz\u00f3w autorstwa <strong>Anny Kurek<\/strong>, grafika autorstwa <strong>Mariusza Mierzwy<\/strong> a tak\u017ce fotografia<strong> Micha\u0142a Buksy<\/strong>.<\/p>\n<p><iframe loading=\"lazy\" width=\"810\" height=\"455\" src=\"https:\/\/www.youtube.com\/embed\/7HKTPaGy8ro\" title=\"YouTube video player\" frameborder=\"0\" allow=\"accelerometer; autoplay; clipboard-write; encrypted-media; gyroscope; picture-in-picture\" allowfullscreen><\/iframe><\/p>\n<p>Zbi\u00f3rka \u015brodk\u00f3w finansowych do puszek b\u0119dzie organizowana przez Stowarzyszenie Ca\u0142a Naprz\u00f3d. <\/p>\n<p>Wi\u0119cej na ten temat mo\u017cna dowiedzie\u0107 si\u0119 z <a href=\"https:\/\/www.facebook.com\/events\/909431363060933\" rel=\"noopener\" target=\"_blank\">wydarzenia w serwisie facebook.com &#8211; kliknij tu. <\/a><\/p>\n<p>(\u017cms)<br \/>\nfot. Stacja Artystyczna Rynek<\/p>\n<div class=\"gliwi-a5-na-koncu-artykulow gliwi-entity-placement\" id=\"gliwi-866628126\"><div class=\"gliwi-adlabel\"><span style=\"font-size: 9px\">REKLAMA<\/span><\/div><div id=\"gliwi-597265910\" style=\"margin-left: auto;margin-right: auto;text-align: center;\"><a data-no-instant=\"1\" href=\"https:\/\/prezeroarenagliwice.pl\/\" rel=\"noopener\" class=\"a2t-link\" target=\"_blank\" aria-label=\"20260309-PREZERO-WIOSNA-D\"><img loading=\"lazy\" decoding=\"async\" src=\"https:\/\/www.24gliwice.pl\/wiadomosci\/wp-content\/uploads\/2026\/03\/20260309-PREZERO-WIOSNA-D.webp\" alt=\"\"  srcset=\"https:\/\/www.24gliwice.pl\/wiadomosci\/wp-content\/uploads\/2026\/03\/20260309-PREZERO-WIOSNA-D.webp 750w, https:\/\/www.24gliwice.pl\/wiadomosci\/wp-content\/uploads\/2026\/03\/20260309-PREZERO-WIOSNA-D-410x109.webp 410w\" sizes=\"(max-width: 750px) 100vw, 750px\" class=\"no-lazyload\" width=\"750\" height=\"200\"  style=\"display: inline-block; max-width: 100%; height: auto;\" \/><\/a><\/div><\/div>","protected":false},"excerpt":{"rendered":"<p>W czwartek 3 marca rozpoczyna si\u0119 miejska zbi\u00f3rka na rzecz uchod\u017ac\u00f3w z Ukrainy, kt\u00f3rzy trafiaj\u0105 do naszego miasta z ogarni\u0119tego wojn\u0105 kraju. Dary b\u0119d\u0105 zbierane w hali widowiskowo-sportowej Arena Gliwice (ul. Akademicka 50, wej\u015bcie E). &nbsp; Niezb\u0119dne dla uciekaj\u0105cych obywateli przedmioty mo\u017cna przynosi\u0107 w tygodniu mi\u0119dzy godzinami 10:00 a 20:00 oraz w weekendy od godziny [&hellip;]<\/p>\n","protected":false},"author":15,"featured_media":187645,"comment_status":"closed","ping_status":"closed","sticky":false,"template":"","format":"standard","meta":{"_monsterinsights_skip_tracking":false,"_monsterinsights_sitenote_active":false,"_monsterinsights_sitenote_note":"","_monsterinsights_sitenote_category":0,"footnotes":"","_links_to":"","_links_to_target":""},"categories":[3,6,1],"tags":[20792],"class_list":["post-187641","post","type-post","status-publish","format-standard","has-post-thumbnail","hentry","category-gliwice","category-kultura","category-wszystko","tag-charytatywny-koncert"],"yoast_head":"<!-- This site is optimized with the Yoast SEO plugin v27.4 - https:\/\/yoast.com\/product\/yoast-seo-wordpress\/ -->\n<title>Zbi\u00f3rka dar\u00f3w dla uchod\u017ac\u00f3w z Ukrainy i charytatywny koncert. Poszukiwani s\u0105 te\u017c wolontariusze - 24GLIWICE - Portal Gliwice | codziennie nowe informacje<\/title>\n<meta name=\"description\" content=\"Stowarzyszenie GTW zbiera dary dla uchod\u017ac\u00f3w z Ukrainy, potrzebni s\u0105 te\u017c wolontariusze do ich sortowania. W planach jest te\u017c koncert\" \/>\n<meta name=\"robots\" content=\"index, follow, max-snippet:-1, max-image-preview:large, max-video-preview:-1\" \/>\n<link rel=\"canonical\" href=\"https:\/\/www.24gliwice.pl\/wiadomosci\/zbiorka-darow-dla-uchodzcow-z-ukrainy-i-charytatywny-koncert-poszukiwani-sa-tez-wolontariusze\/\" \/>\n<meta property=\"og:locale\" content=\"pl_PL\" \/>\n<meta property=\"og:type\" content=\"article\" \/>\n<meta property=\"og:title\" content=\"Zbi\u00f3rka dar\u00f3w dla uchod\u017ac\u00f3w z Ukrainy i charytatywny koncert. Poszukiwani s\u0105 te\u017c wolontariusze - 24GLIWICE - Portal Gliwice | codziennie nowe informacje\" \/>\n<meta property=\"og:description\" content=\"Stowarzyszenie GTW zbiera dary dla uchod\u017ac\u00f3w z Ukrainy, potrzebni s\u0105 te\u017c wolontariusze do ich sortowania. W planach jest te\u017c koncert\" \/>\n<meta property=\"og:url\" content=\"https:\/\/www.24gliwice.pl\/wiadomosci\/zbiorka-darow-dla-uchodzcow-z-ukrainy-i-charytatywny-koncert-poszukiwani-sa-tez-wolontariusze\/\" \/>\n<meta property=\"og:site_name\" content=\"24GLIWICE - Portal Gliwice | codziennie nowe informacje\" \/>\n<meta property=\"article:publisher\" content=\"https:\/\/www.facebook.com\/24gliwice\" \/>\n<meta property=\"article:published_time\" content=\"2022-03-03T09:53:48+00:00\" \/>\n<meta property=\"article:modified_time\" content=\"2022-03-11T11:53:39+00:00\" \/>\n<meta property=\"og:image\" content=\"https:\/\/www.24gliwice.pl\/wiadomosci\/wp-content\/uploads\/2022\/03\/gliwice-z-ukraina-fot-stacja-artystyczna-rynek.jpg\" \/>\n\t<meta property=\"og:image:width\" content=\"810\" \/>\n\t<meta property=\"og:image:height\" content=\"456\" \/>\n\t<meta property=\"og:image:type\" content=\"image\/jpeg\" \/>\n<meta name=\"author\" content=\"\u017baneta Mrozek-Siewierska\" \/>\n<meta name=\"twitter:card\" content=\"summary_large_image\" \/>\n<meta name=\"twitter:creator\" content=\"@24gliwice\" \/>\n<meta name=\"twitter:site\" content=\"@24gliwice\" \/>\n<meta name=\"twitter:label1\" content=\"Napisane przez\" \/>\n\t<meta name=\"twitter:data1\" content=\"\u017baneta Mrozek-Siewierska\" \/>\n\t<meta name=\"twitter:label2\" content=\"Szacowany czas czytania\" \/>\n\t<meta name=\"twitter:data2\" content=\"2 minuty\" \/>\n<script type=\"application\/ld+json\" class=\"yoast-schema-graph\">{\"@context\":\"https:\\\/\\\/schema.org\",\"@graph\":[{\"@type\":\"Article\",\"@id\":\"https:\\\/\\\/www.24gliwice.pl\\\/wiadomosci\\\/zbiorka-darow-dla-uchodzcow-z-ukrainy-i-charytatywny-koncert-poszukiwani-sa-tez-wolontariusze\\\/#article\",\"isPartOf\":{\"@id\":\"https:\\\/\\\/www.24gliwice.pl\\\/wiadomosci\\\/zbiorka-darow-dla-uchodzcow-z-ukrainy-i-charytatywny-koncert-poszukiwani-sa-tez-wolontariusze\\\/\"},\"author\":{\"name\":\"\u017baneta Mrozek-Siewierska\",\"@id\":\"https:\\\/\\\/www.24gliwice.pl\\\/wiadomosci\\\/#\\\/schema\\\/person\\\/e42c650edd7f2fa332be3811fb166b6e\"},\"headline\":\"Zbi\u00f3rka dar\u00f3w dla uchod\u017ac\u00f3w z Ukrainy i charytatywny koncert. Poszukiwani s\u0105 te\u017c wolontariusze\",\"datePublished\":\"2022-03-03T09:53:48+00:00\",\"dateModified\":\"2022-03-11T11:53:39+00:00\",\"mainEntityOfPage\":{\"@id\":\"https:\\\/\\\/www.24gliwice.pl\\\/wiadomosci\\\/zbiorka-darow-dla-uchodzcow-z-ukrainy-i-charytatywny-koncert-poszukiwani-sa-tez-wolontariusze\\\/\"},\"wordCount\":412,\"publisher\":{\"@id\":\"https:\\\/\\\/www.24gliwice.pl\\\/wiadomosci\\\/#organization\"},\"image\":{\"@id\":\"https:\\\/\\\/www.24gliwice.pl\\\/wiadomosci\\\/zbiorka-darow-dla-uchodzcow-z-ukrainy-i-charytatywny-koncert-poszukiwani-sa-tez-wolontariusze\\\/#primaryimage\"},\"thumbnailUrl\":\"https:\\\/\\\/www.24gliwice.pl\\\/wiadomosci\\\/wp-content\\\/uploads\\\/2022\\\/03\\\/gliwice-z-ukraina-fot-stacja-artystyczna-rynek.jpg\",\"keywords\":[\"charytatywny koncert\"],\"articleSection\":[\"Gliwice\",\"Kultura, wydarzenia, imprezy\",\"Najnowsze wiadomo\u015bci\"],\"inLanguage\":\"pl-PL\"},{\"@type\":\"WebPage\",\"@id\":\"https:\\\/\\\/www.24gliwice.pl\\\/wiadomosci\\\/zbiorka-darow-dla-uchodzcow-z-ukrainy-i-charytatywny-koncert-poszukiwani-sa-tez-wolontariusze\\\/\",\"url\":\"https:\\\/\\\/www.24gliwice.pl\\\/wiadomosci\\\/zbiorka-darow-dla-uchodzcow-z-ukrainy-i-charytatywny-koncert-poszukiwani-sa-tez-wolontariusze\\\/\",\"name\":\"Zbi\u00f3rka dar\u00f3w dla uchod\u017ac\u00f3w z Ukrainy i charytatywny koncert. Poszukiwani s\u0105 te\u017c wolontariusze - 24GLIWICE - Portal Gliwice | codziennie nowe informacje\",\"isPartOf\":{\"@id\":\"https:\\\/\\\/www.24gliwice.pl\\\/wiadomosci\\\/#website\"},\"primaryImageOfPage\":{\"@id\":\"https:\\\/\\\/www.24gliwice.pl\\\/wiadomosci\\\/zbiorka-darow-dla-uchodzcow-z-ukrainy-i-charytatywny-koncert-poszukiwani-sa-tez-wolontariusze\\\/#primaryimage\"},\"image\":{\"@id\":\"https:\\\/\\\/www.24gliwice.pl\\\/wiadomosci\\\/zbiorka-darow-dla-uchodzcow-z-ukrainy-i-charytatywny-koncert-poszukiwani-sa-tez-wolontariusze\\\/#primaryimage\"},\"thumbnailUrl\":\"https:\\\/\\\/www.24gliwice.pl\\\/wiadomosci\\\/wp-content\\\/uploads\\\/2022\\\/03\\\/gliwice-z-ukraina-fot-stacja-artystyczna-rynek.jpg\",\"datePublished\":\"2022-03-03T09:53:48+00:00\",\"dateModified\":\"2022-03-11T11:53:39+00:00\",\"description\":\"Stowarzyszenie GTW zbiera dary dla uchod\u017ac\u00f3w z Ukrainy, potrzebni s\u0105 te\u017c wolontariusze do ich sortowania. W planach jest te\u017c koncert\",\"breadcrumb\":{\"@id\":\"https:\\\/\\\/www.24gliwice.pl\\\/wiadomosci\\\/zbiorka-darow-dla-uchodzcow-z-ukrainy-i-charytatywny-koncert-poszukiwani-sa-tez-wolontariusze\\\/#breadcrumb\"},\"inLanguage\":\"pl-PL\",\"potentialAction\":[{\"@type\":\"ReadAction\",\"target\":[\"https:\\\/\\\/www.24gliwice.pl\\\/wiadomosci\\\/zbiorka-darow-dla-uchodzcow-z-ukrainy-i-charytatywny-koncert-poszukiwani-sa-tez-wolontariusze\\\/\"]}]},{\"@type\":\"ImageObject\",\"inLanguage\":\"pl-PL\",\"@id\":\"https:\\\/\\\/www.24gliwice.pl\\\/wiadomosci\\\/zbiorka-darow-dla-uchodzcow-z-ukrainy-i-charytatywny-koncert-poszukiwani-sa-tez-wolontariusze\\\/#primaryimage\",\"url\":\"https:\\\/\\\/www.24gliwice.pl\\\/wiadomosci\\\/wp-content\\\/uploads\\\/2022\\\/03\\\/gliwice-z-ukraina-fot-stacja-artystyczna-rynek.jpg\",\"contentUrl\":\"https:\\\/\\\/www.24gliwice.pl\\\/wiadomosci\\\/wp-content\\\/uploads\\\/2022\\\/03\\\/gliwice-z-ukraina-fot-stacja-artystyczna-rynek.jpg\",\"width\":810,\"height\":456},{\"@type\":\"BreadcrumbList\",\"@id\":\"https:\\\/\\\/www.24gliwice.pl\\\/wiadomosci\\\/zbiorka-darow-dla-uchodzcow-z-ukrainy-i-charytatywny-koncert-poszukiwani-sa-tez-wolontariusze\\\/#breadcrumb\",\"itemListElement\":[{\"@type\":\"ListItem\",\"position\":1,\"name\":\"Strona g\u0142\u00f3wna\",\"item\":\"https:\\\/\\\/www.24gliwice.pl\\\/wiadomosci\\\/\"},{\"@type\":\"ListItem\",\"position\":2,\"name\":\"Zbi\u00f3rka dar\u00f3w dla uchod\u017ac\u00f3w z Ukrainy i charytatywny koncert. Poszukiwani s\u0105 te\u017c wolontariusze\"}]},{\"@type\":\"WebSite\",\"@id\":\"https:\\\/\\\/www.24gliwice.pl\\\/wiadomosci\\\/#website\",\"url\":\"https:\\\/\\\/www.24gliwice.pl\\\/wiadomosci\\\/\",\"name\":\"24GLIWICE - Portal Gliwice | codziennie nowe wiadomo\u015bci\",\"description\":\"Portal Miejski Gliwice\",\"publisher\":{\"@id\":\"https:\\\/\\\/www.24gliwice.pl\\\/wiadomosci\\\/#organization\"},\"potentialAction\":[{\"@type\":\"SearchAction\",\"target\":{\"@type\":\"EntryPoint\",\"urlTemplate\":\"https:\\\/\\\/www.24gliwice.pl\\\/wiadomosci\\\/?s={search_term_string}\"},\"query-input\":{\"@type\":\"PropertyValueSpecification\",\"valueRequired\":true,\"valueName\":\"search_term_string\"}}],\"inLanguage\":\"pl-PL\"},{\"@type\":\"Organization\",\"@id\":\"https:\\\/\\\/www.24gliwice.pl\\\/wiadomosci\\\/#organization\",\"name\":\"24gliwice\",\"url\":\"https:\\\/\\\/www.24gliwice.pl\\\/wiadomosci\\\/\",\"logo\":{\"@type\":\"ImageObject\",\"inLanguage\":\"pl-PL\",\"@id\":\"https:\\\/\\\/www.24gliwice.pl\\\/wiadomosci\\\/#\\\/schema\\\/logo\\\/image\\\/\",\"url\":\"https:\\\/\\\/www.24gliwice.pl\\\/wiadomosci\\\/wp-content\\\/uploads\\\/2024\\\/10\\\/24gliwice-logo-696.jpg\",\"contentUrl\":\"https:\\\/\\\/www.24gliwice.pl\\\/wiadomosci\\\/wp-content\\\/uploads\\\/2024\\\/10\\\/24gliwice-logo-696.jpg\",\"width\":696,\"height\":696,\"caption\":\"24gliwice\"},\"image\":{\"@id\":\"https:\\\/\\\/www.24gliwice.pl\\\/wiadomosci\\\/#\\\/schema\\\/logo\\\/image\\\/\"},\"sameAs\":[\"https:\\\/\\\/www.facebook.com\\\/24gliwice\",\"https:\\\/\\\/x.com\\\/24gliwice\",\"https:\\\/\\\/www.youtube.com\\\/@24gliwice\"]},{\"@type\":\"Person\",\"@id\":\"https:\\\/\\\/www.24gliwice.pl\\\/wiadomosci\\\/#\\\/schema\\\/person\\\/e42c650edd7f2fa332be3811fb166b6e\",\"name\":\"\u017baneta Mrozek-Siewierska\",\"image\":{\"@type\":\"ImageObject\",\"inLanguage\":\"pl-PL\",\"@id\":\"https:\\\/\\\/www.24gliwice.pl\\\/wiadomosci\\\/wp-content\\\/uploads\\\/2021\\\/11\\\/Zaneta-M_S-zdjecie-czb-96x96.jpg\",\"url\":\"https:\\\/\\\/www.24gliwice.pl\\\/wiadomosci\\\/wp-content\\\/uploads\\\/2021\\\/11\\\/Zaneta-M_S-zdjecie-czb-96x96.jpg\",\"contentUrl\":\"https:\\\/\\\/www.24gliwice.pl\\\/wiadomosci\\\/wp-content\\\/uploads\\\/2021\\\/11\\\/Zaneta-M_S-zdjecie-czb-96x96.jpg\",\"caption\":\"\u017baneta Mrozek-Siewierska\"},\"url\":\"https:\\\/\\\/www.24gliwice.pl\\\/wiadomosci\\\/author\\\/zms\\\/\"}]}<\/script>\n<!-- \/ Yoast SEO plugin. -->","yoast_head_json":{"title":"Zbi\u00f3rka dar\u00f3w dla uchod\u017ac\u00f3w z Ukrainy i charytatywny koncert. Poszukiwani s\u0105 te\u017c wolontariusze - 24GLIWICE - Portal Gliwice | codziennie nowe informacje","description":"Stowarzyszenie GTW zbiera dary dla uchod\u017ac\u00f3w z Ukrainy, potrzebni s\u0105 te\u017c wolontariusze do ich sortowania. W planach jest te\u017c koncert","robots":{"index":"index","follow":"follow","max-snippet":"max-snippet:-1","max-image-preview":"max-image-preview:large","max-video-preview":"max-video-preview:-1"},"canonical":"https:\/\/www.24gliwice.pl\/wiadomosci\/zbiorka-darow-dla-uchodzcow-z-ukrainy-i-charytatywny-koncert-poszukiwani-sa-tez-wolontariusze\/","og_locale":"pl_PL","og_type":"article","og_title":"Zbi\u00f3rka dar\u00f3w dla uchod\u017ac\u00f3w z Ukrainy i charytatywny koncert. Poszukiwani s\u0105 te\u017c wolontariusze - 24GLIWICE - Portal Gliwice | codziennie nowe informacje","og_description":"Stowarzyszenie GTW zbiera dary dla uchod\u017ac\u00f3w z Ukrainy, potrzebni s\u0105 te\u017c wolontariusze do ich sortowania. W planach jest te\u017c koncert","og_url":"https:\/\/www.24gliwice.pl\/wiadomosci\/zbiorka-darow-dla-uchodzcow-z-ukrainy-i-charytatywny-koncert-poszukiwani-sa-tez-wolontariusze\/","og_site_name":"24GLIWICE - Portal Gliwice | codziennie nowe informacje","article_publisher":"https:\/\/www.facebook.com\/24gliwice","article_published_time":"2022-03-03T09:53:48+00:00","article_modified_time":"2022-03-11T11:53:39+00:00","og_image":[{"width":810,"height":456,"url":"https:\/\/www.24gliwice.pl\/wiadomosci\/wp-content\/uploads\/2022\/03\/gliwice-z-ukraina-fot-stacja-artystyczna-rynek.jpg","type":"image\/jpeg"}],"author":"\u017baneta Mrozek-Siewierska","twitter_card":"summary_large_image","twitter_creator":"@24gliwice","twitter_site":"@24gliwice","twitter_misc":{"Napisane przez":"\u017baneta Mrozek-Siewierska","Szacowany czas czytania":"2 minuty"},"schema":{"@context":"https:\/\/schema.org","@graph":[{"@type":"Article","@id":"https:\/\/www.24gliwice.pl\/wiadomosci\/zbiorka-darow-dla-uchodzcow-z-ukrainy-i-charytatywny-koncert-poszukiwani-sa-tez-wolontariusze\/#article","isPartOf":{"@id":"https:\/\/www.24gliwice.pl\/wiadomosci\/zbiorka-darow-dla-uchodzcow-z-ukrainy-i-charytatywny-koncert-poszukiwani-sa-tez-wolontariusze\/"},"author":{"name":"\u017baneta Mrozek-Siewierska","@id":"https:\/\/www.24gliwice.pl\/wiadomosci\/#\/schema\/person\/e42c650edd7f2fa332be3811fb166b6e"},"headline":"Zbi\u00f3rka dar\u00f3w dla uchod\u017ac\u00f3w z Ukrainy i charytatywny koncert. Poszukiwani s\u0105 te\u017c wolontariusze","datePublished":"2022-03-03T09:53:48+00:00","dateModified":"2022-03-11T11:53:39+00:00","mainEntityOfPage":{"@id":"https:\/\/www.24gliwice.pl\/wiadomosci\/zbiorka-darow-dla-uchodzcow-z-ukrainy-i-charytatywny-koncert-poszukiwani-sa-tez-wolontariusze\/"},"wordCount":412,"publisher":{"@id":"https:\/\/www.24gliwice.pl\/wiadomosci\/#organization"},"image":{"@id":"https:\/\/www.24gliwice.pl\/wiadomosci\/zbiorka-darow-dla-uchodzcow-z-ukrainy-i-charytatywny-koncert-poszukiwani-sa-tez-wolontariusze\/#primaryimage"},"thumbnailUrl":"https:\/\/www.24gliwice.pl\/wiadomosci\/wp-content\/uploads\/2022\/03\/gliwice-z-ukraina-fot-stacja-artystyczna-rynek.jpg","keywords":["charytatywny koncert"],"articleSection":["Gliwice","Kultura, wydarzenia, imprezy","Najnowsze wiadomo\u015bci"],"inLanguage":"pl-PL"},{"@type":"WebPage","@id":"https:\/\/www.24gliwice.pl\/wiadomosci\/zbiorka-darow-dla-uchodzcow-z-ukrainy-i-charytatywny-koncert-poszukiwani-sa-tez-wolontariusze\/","url":"https:\/\/www.24gliwice.pl\/wiadomosci\/zbiorka-darow-dla-uchodzcow-z-ukrainy-i-charytatywny-koncert-poszukiwani-sa-tez-wolontariusze\/","name":"Zbi\u00f3rka dar\u00f3w dla uchod\u017ac\u00f3w z Ukrainy i charytatywny koncert. Poszukiwani s\u0105 te\u017c wolontariusze - 24GLIWICE - Portal Gliwice | codziennie nowe informacje","isPartOf":{"@id":"https:\/\/www.24gliwice.pl\/wiadomosci\/#website"},"primaryImageOfPage":{"@id":"https:\/\/www.24gliwice.pl\/wiadomosci\/zbiorka-darow-dla-uchodzcow-z-ukrainy-i-charytatywny-koncert-poszukiwani-sa-tez-wolontariusze\/#primaryimage"},"image":{"@id":"https:\/\/www.24gliwice.pl\/wiadomosci\/zbiorka-darow-dla-uchodzcow-z-ukrainy-i-charytatywny-koncert-poszukiwani-sa-tez-wolontariusze\/#primaryimage"},"thumbnailUrl":"https:\/\/www.24gliwice.pl\/wiadomosci\/wp-content\/uploads\/2022\/03\/gliwice-z-ukraina-fot-stacja-artystyczna-rynek.jpg","datePublished":"2022-03-03T09:53:48+00:00","dateModified":"2022-03-11T11:53:39+00:00","description":"Stowarzyszenie GTW zbiera dary dla uchod\u017ac\u00f3w z Ukrainy, potrzebni s\u0105 te\u017c wolontariusze do ich sortowania. W planach jest te\u017c koncert","breadcrumb":{"@id":"https:\/\/www.24gliwice.pl\/wiadomosci\/zbiorka-darow-dla-uchodzcow-z-ukrainy-i-charytatywny-koncert-poszukiwani-sa-tez-wolontariusze\/#breadcrumb"},"inLanguage":"pl-PL","potentialAction":[{"@type":"ReadAction","target":["https:\/\/www.24gliwice.pl\/wiadomosci\/zbiorka-darow-dla-uchodzcow-z-ukrainy-i-charytatywny-koncert-poszukiwani-sa-tez-wolontariusze\/"]}]},{"@type":"ImageObject","inLanguage":"pl-PL","@id":"https:\/\/www.24gliwice.pl\/wiadomosci\/zbiorka-darow-dla-uchodzcow-z-ukrainy-i-charytatywny-koncert-poszukiwani-sa-tez-wolontariusze\/#primaryimage","url":"https:\/\/www.24gliwice.pl\/wiadomosci\/wp-content\/uploads\/2022\/03\/gliwice-z-ukraina-fot-stacja-artystyczna-rynek.jpg","contentUrl":"https:\/\/www.24gliwice.pl\/wiadomosci\/wp-content\/uploads\/2022\/03\/gliwice-z-ukraina-fot-stacja-artystyczna-rynek.jpg","width":810,"height":456},{"@type":"BreadcrumbList","@id":"https:\/\/www.24gliwice.pl\/wiadomosci\/zbiorka-darow-dla-uchodzcow-z-ukrainy-i-charytatywny-koncert-poszukiwani-sa-tez-wolontariusze\/#breadcrumb","itemListElement":[{"@type":"ListItem","position":1,"name":"Strona g\u0142\u00f3wna","item":"https:\/\/www.24gliwice.pl\/wiadomosci\/"},{"@type":"ListItem","position":2,"name":"Zbi\u00f3rka dar\u00f3w dla uchod\u017ac\u00f3w z Ukrainy i charytatywny koncert. Poszukiwani s\u0105 te\u017c wolontariusze"}]},{"@type":"WebSite","@id":"https:\/\/www.24gliwice.pl\/wiadomosci\/#website","url":"https:\/\/www.24gliwice.pl\/wiadomosci\/","name":"24GLIWICE - Portal Gliwice | codziennie nowe wiadomo\u015bci","description":"Portal Miejski Gliwice","publisher":{"@id":"https:\/\/www.24gliwice.pl\/wiadomosci\/#organization"},"potentialAction":[{"@type":"SearchAction","target":{"@type":"EntryPoint","urlTemplate":"https:\/\/www.24gliwice.pl\/wiadomosci\/?s={search_term_string}"},"query-input":{"@type":"PropertyValueSpecification","valueRequired":true,"valueName":"search_term_string"}}],"inLanguage":"pl-PL"},{"@type":"Organization","@id":"https:\/\/www.24gliwice.pl\/wiadomosci\/#organization","name":"24gliwice","url":"https:\/\/www.24gliwice.pl\/wiadomosci\/","logo":{"@type":"ImageObject","inLanguage":"pl-PL","@id":"https:\/\/www.24gliwice.pl\/wiadomosci\/#\/schema\/logo\/image\/","url":"https:\/\/www.24gliwice.pl\/wiadomosci\/wp-content\/uploads\/2024\/10\/24gliwice-logo-696.jpg","contentUrl":"https:\/\/www.24gliwice.pl\/wiadomosci\/wp-content\/uploads\/2024\/10\/24gliwice-logo-696.jpg","width":696,"height":696,"caption":"24gliwice"},"image":{"@id":"https:\/\/www.24gliwice.pl\/wiadomosci\/#\/schema\/logo\/image\/"},"sameAs":["https:\/\/www.facebook.com\/24gliwice","https:\/\/x.com\/24gliwice","https:\/\/www.youtube.com\/@24gliwice"]},{"@type":"Person","@id":"https:\/\/www.24gliwice.pl\/wiadomosci\/#\/schema\/person\/e42c650edd7f2fa332be3811fb166b6e","name":"\u017baneta Mrozek-Siewierska","image":{"@type":"ImageObject","inLanguage":"pl-PL","@id":"https:\/\/www.24gliwice.pl\/wiadomosci\/wp-content\/uploads\/2021\/11\/Zaneta-M_S-zdjecie-czb-96x96.jpg","url":"https:\/\/www.24gliwice.pl\/wiadomosci\/wp-content\/uploads\/2021\/11\/Zaneta-M_S-zdjecie-czb-96x96.jpg","contentUrl":"https:\/\/www.24gliwice.pl\/wiadomosci\/wp-content\/uploads\/2021\/11\/Zaneta-M_S-zdjecie-czb-96x96.jpg","caption":"\u017baneta Mrozek-Siewierska"},"url":"https:\/\/www.24gliwice.pl\/wiadomosci\/author\/zms\/"}]}},"_links":{"self":[{"href":"https:\/\/www.24gliwice.pl\/wiadomosci\/wp-json\/wp\/v2\/posts\/187641","targetHints":{"allow":["GET"]}}],"collection":[{"href":"https:\/\/www.24gliwice.pl\/wiadomosci\/wp-json\/wp\/v2\/posts"}],"about":[{"href":"https:\/\/www.24gliwice.pl\/wiadomosci\/wp-json\/wp\/v2\/types\/post"}],"author":[{"embeddable":true,"href":"https:\/\/www.24gliwice.pl\/wiadomosci\/wp-json\/wp\/v2\/users\/15"}],"replies":[{"embeddable":true,"href":"https:\/\/www.24gliwice.pl\/wiadomosci\/wp-json\/wp\/v2\/comments?post=187641"}],"version-history":[{"count":8,"href":"https:\/\/www.24gliwice.pl\/wiadomosci\/wp-json\/wp\/v2\/posts\/187641\/revisions"}],"predecessor-version":[{"id":187651,"href":"https:\/\/www.24gliwice.pl\/wiadomosci\/wp-json\/wp\/v2\/posts\/187641\/revisions\/187651"}],"wp:featuredmedia":[{"embeddable":true,"href":"https:\/\/www.24gliwice.pl\/wiadomosci\/wp-json\/wp\/v2\/media\/187645"}],"wp:attachment":[{"href":"https:\/\/www.24gliwice.pl\/wiadomosci\/wp-json\/wp\/v2\/media?parent=187641"}],"wp:term":[{"taxonomy":"category","embeddable":true,"href":"https:\/\/www.24gliwice.pl\/wiadomosci\/wp-json\/wp\/v2\/categories?post=187641"},{"taxonomy":"post_tag","embeddable":true,"href":"https:\/\/www.24gliwice.pl\/wiadomosci\/wp-json\/wp\/v2\/tags?post=187641"}],"curies":[{"name":"wp","href":"https:\/\/api.w.org\/{rel}","templated":true}]}}