{"id":187657,"date":"2022-03-04T01:28:15","date_gmt":"2022-03-04T00:28:15","guid":{"rendered":"https:\/\/www.24gliwice.pl\/wiadomosci\/?p=187657"},"modified":"2022-03-04T01:28:15","modified_gmt":"2022-03-04T00:28:15","slug":"przed-nami-prezentacje-artystyczne-dzieci-i-mlodziezy-dwie-kategorie-taneczna-i-muzyczno-wokalna","status":"publish","type":"post","link":"https:\/\/www.24gliwice.pl\/wiadomosci\/przed-nami-prezentacje-artystyczne-dzieci-i-mlodziezy-dwie-kategorie-taneczna-i-muzyczno-wokalna\/","title":{"rendered":"Przed nami Prezentacje Artystyczne Dzieci i M\u0142odzie\u017cy. Dwie kategorie: taneczna i muzyczno-wokalna"},"content":{"rendered":"<div class=\"gliwi-a6-nad-leadem-artykulow gliwi-entity-placement\" id=\"gliwi-3657400882\"><div class=\"gliwi-adlabel\"><span style=\"font-size: 9px\">REKLAMA<\/span><\/div><div id=\"gliwi-246628276\" style=\"margin-bottom: 25px;margin-left: auto;margin-right: auto;text-align: center;\"><a data-no-instant=\"1\" href=\"https:\/\/dom100.eu\/\" rel=\"noopener\" class=\"a2t-link\" target=\"_blank\" aria-label=\"20260415 DOM100 D\"><img loading=\"lazy\" decoding=\"async\" src=\"https:\/\/www.24gliwice.pl\/wiadomosci\/wp-content\/uploads\/2026\/04\/20260415-DOM100-D.jpg\" alt=\"\"  srcset=\"https:\/\/www.24gliwice.pl\/wiadomosci\/wp-content\/uploads\/2026\/04\/20260415-DOM100-D.jpg 750w, https:\/\/www.24gliwice.pl\/wiadomosci\/wp-content\/uploads\/2026\/04\/20260415-DOM100-D-410x109.jpg 410w\" sizes=\"(max-width: 750px) 100vw, 750px\" class=\"no-lazyload\" width=\"750\" height=\"200\"  style=\"display: inline-block; max-width: 100%; height: auto;\" \/><\/a><\/div><\/div><h2>W wydarzeniu, kt\u00f3re od lat organizuje M\u0142odzie\u017cowy Dom Kultury w Gliwicach, mog\u0105 wzi\u0105\u0107 udzia\u0142 arty\u015bci z ca\u0142ego wojew\u00f3dztwa w wieku od 5 do 25 lat. XXIII Wojew\u00f3dzkie Prezentacje Artystyczne Dzieci i M\u0142odzie\u017cy odbywaj\u0105 si\u0119 w dw\u00f3ch kategoriach: tanecznej i muzyczno-wokalnej.<\/h2>\n<p>&nbsp;<br \/>\nCho\u0107 do rozpocz\u0119cia przes\u0142ucha\u0144 pozosta\u0142 blisko miesi\u0105c czasu, ju\u017c teraz warto rozpocz\u0105\u0107 przygotowania do wyst\u0119pu, je\u015bli oczywi\u015bcie zainteresowani jeste\u015bcie udzia\u0142em w &#8220;prezentacjach&#8221;. Szczeg\u00f3lnie, \u017ce czas na zg\u0142oszenie si\u0119 up\u0142ynie 7 marca (lub po wyczerpaniu liczby miejsc).<\/p>\n<p>\u2013 <em>Poprzez prezentacje artystyczne chcemy konfrontowa\u0107 dokonania solist\u00f3w, zespo\u0142\u00f3w muzycznych i tanecznych dzia\u0142aj\u0105cych w plac\u00f3wkach o\u015bwiatowych, kulturalnych oraz wychowania pozaszkolnego. Wydarzenie jest inspiracj\u0105 do tw\u00f3rczych poszukiwa\u0144 nowych form i \u015brodk\u00f3w wyrazu artystycznego, rozwijania u m\u0142odzie\u017cy wra\u017cliwo\u015bci estetycznej na sztuk\u0119 muzyczna\u0328 i taneczna\u0328<\/em> \u2013 m\u00f3wi <strong>Zofia Koz\u0142owska<\/strong>, koordynator Wojew\u00f3dzkich Prezentacji Artystycznych.<\/p><div class=\"gliwi-a3-w-tresci-artykulow gliwi-entity-placement\" id=\"gliwi-2292180446\"><div class=\"gliwi-adlabel\"><span style=\"font-size: 9px\">REKLAMA<\/span><\/div><div id=\"gliwi-682474817\" style=\"margin-bottom: 30px;margin-left: auto;margin-right: auto;text-align: center;\"><a data-no-instant=\"1\" href=\"https:\/\/ogrodyandersa.pl\/\" rel=\"noopener\" class=\"a2t-link\" target=\"_blank\" aria-label=\"20260415 Ogrody Andersa KUP TERAZ D\"><img loading=\"lazy\" decoding=\"async\" src=\"https:\/\/www.24gliwice.pl\/wiadomosci\/wp-content\/uploads\/2026\/04\/20260415-Ogrody-Andersa-KUP-TERAZ-D.jpg\" alt=\"\"  srcset=\"https:\/\/www.24gliwice.pl\/wiadomosci\/wp-content\/uploads\/2026\/04\/20260415-Ogrody-Andersa-KUP-TERAZ-D.jpg 750w, https:\/\/www.24gliwice.pl\/wiadomosci\/wp-content\/uploads\/2026\/04\/20260415-Ogrody-Andersa-KUP-TERAZ-D-410x109.jpg 410w\" sizes=\"(max-width: 750px) 100vw, 750px\" class=\"no-lazyload\" width=\"750\" height=\"200\"  style=\"display: inline-block; max-width: 100%; height: auto;\" \/><\/a><\/div><\/div>\n<h4>Przed nami trzy dni przes\u0142ucha\u0144<\/h4>\n<p>Przes\u0142uchania rozpoczn\u0105 si\u0119 31 marca. Kolejne zaplanowano na 1 i 8 kwietnia. Najlepsi arty\u015bci zaprezentuj\u0105 swoje talenty przed szerok\u0105 publiczno\u015bci\u0105 27 kwietnia, podczas Koncertu Galowego w Teatrze Miejskim.<\/p>\n<h4>Zdobywca Grand Prix otrzyma niepowtarzaln\u0105, r\u0119cznie odlan\u0105 figurk\u0119 \u201eJa\u015bka\u201d projektu Aleksandra Smoli\u0144skiego, artysty-plastyka wsp\u00f3\u0142pracuj\u0105cego z MDK.<\/h4>\n<p>Statuetki w pracowni Katedry Odlewnictwa Wydzia\u0142u Mechanicznego Technologicznego Politechniki \u015al\u0105skiej tradycyjnymi metodami odlewniczymi i grawerniczymi przygotowuje <strong>Bernard Czok<\/strong>. Wi\u0119cej informacji na temat wydarzenia oraz formularz zg\u0142oszeniowy mo\u017cna znale\u017a\u0107 na stronie internetowej M\u0142odzie\u017cowego Domu Kultury w Gliwicach (<a href=\"http:\/\/mdk.gliwice.pl\/wydarzenie-153-xxiii_wojewodzkie_prezentacje-szczegoly-3121.html\" target=\"_blank\" rel=\"noopener\">mdk.gliwice.pl<\/a>). Partnerem prezentacji artystycznych jest Centrum Kultury Victoria.<\/p>\n<p>(\u017cms)\/UM Gliwice(mf)<br \/>\nfot. 24gliwice.pl\/\u0141G<\/p>\n<p><a href=\"https:\/\/www.24gliwice.pl\/wiadomosci\/wp-content\/uploads\/2022\/03\/prezentacje-artystyczne-plakat.jpg\"><img loading=\"lazy\" decoding=\"async\" class=\"alignnone  wp-image-187667\" src=\"https:\/\/www.24gliwice.pl\/wiadomosci\/wp-content\/uploads\/2022\/03\/prezentacje-artystyczne-plakat.jpg\" alt=\"\" width=\"1176\" height=\"1140\" srcset=\"https:\/\/www.24gliwice.pl\/wiadomosci\/wp-content\/uploads\/2022\/03\/prezentacje-artystyczne-plakat.jpg 810w, https:\/\/www.24gliwice.pl\/wiadomosci\/wp-content\/uploads\/2022\/03\/prezentacje-artystyczne-plakat-239x232.jpg 239w, https:\/\/www.24gliwice.pl\/wiadomosci\/wp-content\/uploads\/2022\/03\/prezentacje-artystyczne-plakat-469x455.jpg 469w, https:\/\/www.24gliwice.pl\/wiadomosci\/wp-content\/uploads\/2022\/03\/prezentacje-artystyczne-plakat-768x744.jpg 768w\" sizes=\"auto, (max-width: 1176px) 100vw, 1176px\" \/><\/a><\/p>\n<div class=\"gliwi-a5-na-koncu-artykulow gliwi-entity-placement\" id=\"gliwi-622684478\"><div class=\"gliwi-adlabel\"><span style=\"font-size: 9px\">REKLAMA<\/span><\/div><div id=\"gliwi-1823308761\" style=\"margin-left: auto;margin-right: auto;text-align: center;\"><a data-no-instant=\"1\" href=\"https:\/\/www.jasek.pl\/\" rel=\"noopener\" class=\"a2t-link\" target=\"_blank\" aria-label=\"20200401-jasek 600\"><img loading=\"lazy\" decoding=\"async\" src=\"https:\/\/www.24gliwice.pl\/wiadomosci\/wp-content\/uploads\/2020\/04\/20200401-jasek-600.jpg\" alt=\"\"  srcset=\"https:\/\/www.24gliwice.pl\/wiadomosci\/wp-content\/uploads\/2020\/04\/20200401-jasek-600.jpg 600w, https:\/\/www.24gliwice.pl\/wiadomosci\/wp-content\/uploads\/2020\/04\/20200401-jasek-600-410x109.jpg 410w\" sizes=\"(max-width: 600px) 100vw, 600px\" class=\"no-lazyload\" width=\"600\" height=\"160\"  style=\"display: inline-block; max-width: 100%; height: auto;\" \/><\/a><\/div><\/div>","protected":false},"excerpt":{"rendered":"<p>W wydarzeniu, kt\u00f3re od lat organizuje M\u0142odzie\u017cowy Dom Kultury w Gliwicach, mog\u0105 wzi\u0105\u0107 udzia\u0142 arty\u015bci z ca\u0142ego wojew\u00f3dztwa w wieku od 5 do 25 lat. XXIII Wojew\u00f3dzkie Prezentacje Artystyczne Dzieci i M\u0142odzie\u017cy odbywaj\u0105 si\u0119 w dw\u00f3ch kategoriach: tanecznej i muzyczno-wokalnej. &nbsp; Cho\u0107 do rozpocz\u0119cia przes\u0142ucha\u0144 pozosta\u0142 blisko miesi\u0105c czasu, ju\u017c teraz warto rozpocz\u0105\u0107 przygotowania do [&hellip;]<\/p>\n","protected":false},"author":15,"featured_media":168164,"comment_status":"open","ping_status":"closed","sticky":false,"template":"","format":"standard","meta":{"_monsterinsights_skip_tracking":false,"_monsterinsights_sitenote_active":false,"_monsterinsights_sitenote_note":"","_monsterinsights_sitenote_category":0,"footnotes":"","_links_to":"","_links_to_target":""},"categories":[3,6,1],"tags":[10359],"class_list":["post-187657","post","type-post","status-publish","format-standard","has-post-thumbnail","hentry","category-gliwice","category-kultura","category-wszystko","tag-mdk"],"yoast_head":"<!-- This site is optimized with the Yoast SEO plugin v27.4 - https:\/\/yoast.com\/product\/yoast-seo-wordpress\/ -->\n<title>Przed nami Prezentacje Artystyczne Dzieci i M\u0142odzie\u017cy. Dwie kategorie: taneczna i muzyczno-wokalna - 24GLIWICE - Portal Gliwice | codziennie nowe informacje<\/title>\n<meta name=\"description\" content=\"Pod koniec marca rozpoczn\u0105 si\u0119 przes\u0142uchania w ramach Wojew\u00f3dzkich Prezentacji Artystycznych Dzieci i M\u0142odzie\u017cy\" \/>\n<meta name=\"robots\" content=\"index, follow, max-snippet:-1, max-image-preview:large, max-video-preview:-1\" \/>\n<link rel=\"canonical\" href=\"https:\/\/www.24gliwice.pl\/wiadomosci\/przed-nami-prezentacje-artystyczne-dzieci-i-mlodziezy-dwie-kategorie-taneczna-i-muzyczno-wokalna\/\" \/>\n<meta property=\"og:locale\" content=\"pl_PL\" \/>\n<meta property=\"og:type\" content=\"article\" \/>\n<meta property=\"og:title\" content=\"Przed nami Prezentacje Artystyczne Dzieci i M\u0142odzie\u017cy. Dwie kategorie: taneczna i muzyczno-wokalna - 24GLIWICE - Portal Gliwice | codziennie nowe informacje\" \/>\n<meta property=\"og:description\" content=\"Pod koniec marca rozpoczn\u0105 si\u0119 przes\u0142uchania w ramach Wojew\u00f3dzkich Prezentacji Artystycznych Dzieci i M\u0142odzie\u017cy\" \/>\n<meta property=\"og:url\" content=\"https:\/\/www.24gliwice.pl\/wiadomosci\/przed-nami-prezentacje-artystyczne-dzieci-i-mlodziezy-dwie-kategorie-taneczna-i-muzyczno-wokalna\/\" \/>\n<meta property=\"og:site_name\" content=\"24GLIWICE - Portal Gliwice | codziennie nowe informacje\" \/>\n<meta property=\"article:publisher\" content=\"https:\/\/www.facebook.com\/24gliwice\" \/>\n<meta property=\"article:published_time\" content=\"2022-03-04T00:28:15+00:00\" \/>\n<meta property=\"og:image\" content=\"https:\/\/www.24gliwice.pl\/wiadomosci\/wp-content\/uploads\/2021\/04\/mdk-2.jpg\" \/>\n\t<meta property=\"og:image:width\" content=\"810\" \/>\n\t<meta property=\"og:image:height\" content=\"457\" \/>\n\t<meta property=\"og:image:type\" content=\"image\/jpeg\" \/>\n<meta name=\"author\" content=\"\u017baneta Mrozek-Siewierska\" \/>\n<meta name=\"twitter:card\" content=\"summary_large_image\" \/>\n<meta name=\"twitter:creator\" content=\"@24gliwice\" \/>\n<meta name=\"twitter:site\" content=\"@24gliwice\" \/>\n<meta name=\"twitter:label1\" content=\"Napisane przez\" \/>\n\t<meta name=\"twitter:data1\" content=\"\u017baneta Mrozek-Siewierska\" \/>\n\t<meta name=\"twitter:label2\" content=\"Szacowany czas czytania\" \/>\n\t<meta name=\"twitter:data2\" content=\"2 minuty\" \/>\n<script type=\"application\/ld+json\" class=\"yoast-schema-graph\">{\"@context\":\"https:\\\/\\\/schema.org\",\"@graph\":[{\"@type\":\"Article\",\"@id\":\"https:\\\/\\\/www.24gliwice.pl\\\/wiadomosci\\\/przed-nami-prezentacje-artystyczne-dzieci-i-mlodziezy-dwie-kategorie-taneczna-i-muzyczno-wokalna\\\/#article\",\"isPartOf\":{\"@id\":\"https:\\\/\\\/www.24gliwice.pl\\\/wiadomosci\\\/przed-nami-prezentacje-artystyczne-dzieci-i-mlodziezy-dwie-kategorie-taneczna-i-muzyczno-wokalna\\\/\"},\"author\":{\"name\":\"\u017baneta Mrozek-Siewierska\",\"@id\":\"https:\\\/\\\/www.24gliwice.pl\\\/wiadomosci\\\/#\\\/schema\\\/person\\\/e42c650edd7f2fa332be3811fb166b6e\"},\"headline\":\"Przed nami Prezentacje Artystyczne Dzieci i M\u0142odzie\u017cy. Dwie kategorie: taneczna i muzyczno-wokalna\",\"datePublished\":\"2022-03-04T00:28:15+00:00\",\"mainEntityOfPage\":{\"@id\":\"https:\\\/\\\/www.24gliwice.pl\\\/wiadomosci\\\/przed-nami-prezentacje-artystyczne-dzieci-i-mlodziezy-dwie-kategorie-taneczna-i-muzyczno-wokalna\\\/\"},\"wordCount\":287,\"commentCount\":0,\"publisher\":{\"@id\":\"https:\\\/\\\/www.24gliwice.pl\\\/wiadomosci\\\/#organization\"},\"image\":{\"@id\":\"https:\\\/\\\/www.24gliwice.pl\\\/wiadomosci\\\/przed-nami-prezentacje-artystyczne-dzieci-i-mlodziezy-dwie-kategorie-taneczna-i-muzyczno-wokalna\\\/#primaryimage\"},\"thumbnailUrl\":\"https:\\\/\\\/www.24gliwice.pl\\\/wiadomosci\\\/wp-content\\\/uploads\\\/2021\\\/04\\\/mdk-2.jpg\",\"keywords\":[\"MDK\"],\"articleSection\":[\"Gliwice\",\"Kultura, wydarzenia, imprezy\",\"Najnowsze wiadomo\u015bci\"],\"inLanguage\":\"pl-PL\",\"potentialAction\":[{\"@type\":\"CommentAction\",\"name\":\"Comment\",\"target\":[\"https:\\\/\\\/www.24gliwice.pl\\\/wiadomosci\\\/przed-nami-prezentacje-artystyczne-dzieci-i-mlodziezy-dwie-kategorie-taneczna-i-muzyczno-wokalna\\\/#respond\"]}]},{\"@type\":\"WebPage\",\"@id\":\"https:\\\/\\\/www.24gliwice.pl\\\/wiadomosci\\\/przed-nami-prezentacje-artystyczne-dzieci-i-mlodziezy-dwie-kategorie-taneczna-i-muzyczno-wokalna\\\/\",\"url\":\"https:\\\/\\\/www.24gliwice.pl\\\/wiadomosci\\\/przed-nami-prezentacje-artystyczne-dzieci-i-mlodziezy-dwie-kategorie-taneczna-i-muzyczno-wokalna\\\/\",\"name\":\"Przed nami Prezentacje Artystyczne Dzieci i M\u0142odzie\u017cy. Dwie kategorie: taneczna i muzyczno-wokalna - 24GLIWICE - Portal Gliwice | codziennie nowe informacje\",\"isPartOf\":{\"@id\":\"https:\\\/\\\/www.24gliwice.pl\\\/wiadomosci\\\/#website\"},\"primaryImageOfPage\":{\"@id\":\"https:\\\/\\\/www.24gliwice.pl\\\/wiadomosci\\\/przed-nami-prezentacje-artystyczne-dzieci-i-mlodziezy-dwie-kategorie-taneczna-i-muzyczno-wokalna\\\/#primaryimage\"},\"image\":{\"@id\":\"https:\\\/\\\/www.24gliwice.pl\\\/wiadomosci\\\/przed-nami-prezentacje-artystyczne-dzieci-i-mlodziezy-dwie-kategorie-taneczna-i-muzyczno-wokalna\\\/#primaryimage\"},\"thumbnailUrl\":\"https:\\\/\\\/www.24gliwice.pl\\\/wiadomosci\\\/wp-content\\\/uploads\\\/2021\\\/04\\\/mdk-2.jpg\",\"datePublished\":\"2022-03-04T00:28:15+00:00\",\"description\":\"Pod koniec marca rozpoczn\u0105 si\u0119 przes\u0142uchania w ramach Wojew\u00f3dzkich Prezentacji Artystycznych Dzieci i M\u0142odzie\u017cy\",\"breadcrumb\":{\"@id\":\"https:\\\/\\\/www.24gliwice.pl\\\/wiadomosci\\\/przed-nami-prezentacje-artystyczne-dzieci-i-mlodziezy-dwie-kategorie-taneczna-i-muzyczno-wokalna\\\/#breadcrumb\"},\"inLanguage\":\"pl-PL\",\"potentialAction\":[{\"@type\":\"ReadAction\",\"target\":[\"https:\\\/\\\/www.24gliwice.pl\\\/wiadomosci\\\/przed-nami-prezentacje-artystyczne-dzieci-i-mlodziezy-dwie-kategorie-taneczna-i-muzyczno-wokalna\\\/\"]}]},{\"@type\":\"ImageObject\",\"inLanguage\":\"pl-PL\",\"@id\":\"https:\\\/\\\/www.24gliwice.pl\\\/wiadomosci\\\/przed-nami-prezentacje-artystyczne-dzieci-i-mlodziezy-dwie-kategorie-taneczna-i-muzyczno-wokalna\\\/#primaryimage\",\"url\":\"https:\\\/\\\/www.24gliwice.pl\\\/wiadomosci\\\/wp-content\\\/uploads\\\/2021\\\/04\\\/mdk-2.jpg\",\"contentUrl\":\"https:\\\/\\\/www.24gliwice.pl\\\/wiadomosci\\\/wp-content\\\/uploads\\\/2021\\\/04\\\/mdk-2.jpg\",\"width\":810,\"height\":457},{\"@type\":\"BreadcrumbList\",\"@id\":\"https:\\\/\\\/www.24gliwice.pl\\\/wiadomosci\\\/przed-nami-prezentacje-artystyczne-dzieci-i-mlodziezy-dwie-kategorie-taneczna-i-muzyczno-wokalna\\\/#breadcrumb\",\"itemListElement\":[{\"@type\":\"ListItem\",\"position\":1,\"name\":\"Strona g\u0142\u00f3wna\",\"item\":\"https:\\\/\\\/www.24gliwice.pl\\\/wiadomosci\\\/\"},{\"@type\":\"ListItem\",\"position\":2,\"name\":\"Przed nami Prezentacje Artystyczne Dzieci i M\u0142odzie\u017cy. Dwie kategorie: taneczna i muzyczno-wokalna\"}]},{\"@type\":\"WebSite\",\"@id\":\"https:\\\/\\\/www.24gliwice.pl\\\/wiadomosci\\\/#website\",\"url\":\"https:\\\/\\\/www.24gliwice.pl\\\/wiadomosci\\\/\",\"name\":\"24GLIWICE - Portal Gliwice | codziennie nowe wiadomo\u015bci\",\"description\":\"Portal Miejski Gliwice\",\"publisher\":{\"@id\":\"https:\\\/\\\/www.24gliwice.pl\\\/wiadomosci\\\/#organization\"},\"potentialAction\":[{\"@type\":\"SearchAction\",\"target\":{\"@type\":\"EntryPoint\",\"urlTemplate\":\"https:\\\/\\\/www.24gliwice.pl\\\/wiadomosci\\\/?s={search_term_string}\"},\"query-input\":{\"@type\":\"PropertyValueSpecification\",\"valueRequired\":true,\"valueName\":\"search_term_string\"}}],\"inLanguage\":\"pl-PL\"},{\"@type\":\"Organization\",\"@id\":\"https:\\\/\\\/www.24gliwice.pl\\\/wiadomosci\\\/#organization\",\"name\":\"24gliwice\",\"url\":\"https:\\\/\\\/www.24gliwice.pl\\\/wiadomosci\\\/\",\"logo\":{\"@type\":\"ImageObject\",\"inLanguage\":\"pl-PL\",\"@id\":\"https:\\\/\\\/www.24gliwice.pl\\\/wiadomosci\\\/#\\\/schema\\\/logo\\\/image\\\/\",\"url\":\"https:\\\/\\\/www.24gliwice.pl\\\/wiadomosci\\\/wp-content\\\/uploads\\\/2024\\\/10\\\/24gliwice-logo-696.jpg\",\"contentUrl\":\"https:\\\/\\\/www.24gliwice.pl\\\/wiadomosci\\\/wp-content\\\/uploads\\\/2024\\\/10\\\/24gliwice-logo-696.jpg\",\"width\":696,\"height\":696,\"caption\":\"24gliwice\"},\"image\":{\"@id\":\"https:\\\/\\\/www.24gliwice.pl\\\/wiadomosci\\\/#\\\/schema\\\/logo\\\/image\\\/\"},\"sameAs\":[\"https:\\\/\\\/www.facebook.com\\\/24gliwice\",\"https:\\\/\\\/x.com\\\/24gliwice\",\"https:\\\/\\\/www.youtube.com\\\/@24gliwice\"]},{\"@type\":\"Person\",\"@id\":\"https:\\\/\\\/www.24gliwice.pl\\\/wiadomosci\\\/#\\\/schema\\\/person\\\/e42c650edd7f2fa332be3811fb166b6e\",\"name\":\"\u017baneta Mrozek-Siewierska\",\"image\":{\"@type\":\"ImageObject\",\"inLanguage\":\"pl-PL\",\"@id\":\"https:\\\/\\\/www.24gliwice.pl\\\/wiadomosci\\\/wp-content\\\/uploads\\\/2021\\\/11\\\/Zaneta-M_S-zdjecie-czb-96x96.jpg\",\"url\":\"https:\\\/\\\/www.24gliwice.pl\\\/wiadomosci\\\/wp-content\\\/uploads\\\/2021\\\/11\\\/Zaneta-M_S-zdjecie-czb-96x96.jpg\",\"contentUrl\":\"https:\\\/\\\/www.24gliwice.pl\\\/wiadomosci\\\/wp-content\\\/uploads\\\/2021\\\/11\\\/Zaneta-M_S-zdjecie-czb-96x96.jpg\",\"caption\":\"\u017baneta Mrozek-Siewierska\"},\"url\":\"https:\\\/\\\/www.24gliwice.pl\\\/wiadomosci\\\/author\\\/zms\\\/\"}]}<\/script>\n<!-- \/ Yoast SEO plugin. -->","yoast_head_json":{"title":"Przed nami Prezentacje Artystyczne Dzieci i M\u0142odzie\u017cy. Dwie kategorie: taneczna i muzyczno-wokalna - 24GLIWICE - Portal Gliwice | codziennie nowe informacje","description":"Pod koniec marca rozpoczn\u0105 si\u0119 przes\u0142uchania w ramach Wojew\u00f3dzkich Prezentacji Artystycznych Dzieci i M\u0142odzie\u017cy","robots":{"index":"index","follow":"follow","max-snippet":"max-snippet:-1","max-image-preview":"max-image-preview:large","max-video-preview":"max-video-preview:-1"},"canonical":"https:\/\/www.24gliwice.pl\/wiadomosci\/przed-nami-prezentacje-artystyczne-dzieci-i-mlodziezy-dwie-kategorie-taneczna-i-muzyczno-wokalna\/","og_locale":"pl_PL","og_type":"article","og_title":"Przed nami Prezentacje Artystyczne Dzieci i M\u0142odzie\u017cy. Dwie kategorie: taneczna i muzyczno-wokalna - 24GLIWICE - Portal Gliwice | codziennie nowe informacje","og_description":"Pod koniec marca rozpoczn\u0105 si\u0119 przes\u0142uchania w ramach Wojew\u00f3dzkich Prezentacji Artystycznych Dzieci i M\u0142odzie\u017cy","og_url":"https:\/\/www.24gliwice.pl\/wiadomosci\/przed-nami-prezentacje-artystyczne-dzieci-i-mlodziezy-dwie-kategorie-taneczna-i-muzyczno-wokalna\/","og_site_name":"24GLIWICE - Portal Gliwice | codziennie nowe informacje","article_publisher":"https:\/\/www.facebook.com\/24gliwice","article_published_time":"2022-03-04T00:28:15+00:00","og_image":[{"width":810,"height":457,"url":"https:\/\/www.24gliwice.pl\/wiadomosci\/wp-content\/uploads\/2021\/04\/mdk-2.jpg","type":"image\/jpeg"}],"author":"\u017baneta Mrozek-Siewierska","twitter_card":"summary_large_image","twitter_creator":"@24gliwice","twitter_site":"@24gliwice","twitter_misc":{"Napisane przez":"\u017baneta Mrozek-Siewierska","Szacowany czas czytania":"2 minuty"},"schema":{"@context":"https:\/\/schema.org","@graph":[{"@type":"Article","@id":"https:\/\/www.24gliwice.pl\/wiadomosci\/przed-nami-prezentacje-artystyczne-dzieci-i-mlodziezy-dwie-kategorie-taneczna-i-muzyczno-wokalna\/#article","isPartOf":{"@id":"https:\/\/www.24gliwice.pl\/wiadomosci\/przed-nami-prezentacje-artystyczne-dzieci-i-mlodziezy-dwie-kategorie-taneczna-i-muzyczno-wokalna\/"},"author":{"name":"\u017baneta Mrozek-Siewierska","@id":"https:\/\/www.24gliwice.pl\/wiadomosci\/#\/schema\/person\/e42c650edd7f2fa332be3811fb166b6e"},"headline":"Przed nami Prezentacje Artystyczne Dzieci i M\u0142odzie\u017cy. Dwie kategorie: taneczna i muzyczno-wokalna","datePublished":"2022-03-04T00:28:15+00:00","mainEntityOfPage":{"@id":"https:\/\/www.24gliwice.pl\/wiadomosci\/przed-nami-prezentacje-artystyczne-dzieci-i-mlodziezy-dwie-kategorie-taneczna-i-muzyczno-wokalna\/"},"wordCount":287,"commentCount":0,"publisher":{"@id":"https:\/\/www.24gliwice.pl\/wiadomosci\/#organization"},"image":{"@id":"https:\/\/www.24gliwice.pl\/wiadomosci\/przed-nami-prezentacje-artystyczne-dzieci-i-mlodziezy-dwie-kategorie-taneczna-i-muzyczno-wokalna\/#primaryimage"},"thumbnailUrl":"https:\/\/www.24gliwice.pl\/wiadomosci\/wp-content\/uploads\/2021\/04\/mdk-2.jpg","keywords":["MDK"],"articleSection":["Gliwice","Kultura, wydarzenia, imprezy","Najnowsze wiadomo\u015bci"],"inLanguage":"pl-PL","potentialAction":[{"@type":"CommentAction","name":"Comment","target":["https:\/\/www.24gliwice.pl\/wiadomosci\/przed-nami-prezentacje-artystyczne-dzieci-i-mlodziezy-dwie-kategorie-taneczna-i-muzyczno-wokalna\/#respond"]}]},{"@type":"WebPage","@id":"https:\/\/www.24gliwice.pl\/wiadomosci\/przed-nami-prezentacje-artystyczne-dzieci-i-mlodziezy-dwie-kategorie-taneczna-i-muzyczno-wokalna\/","url":"https:\/\/www.24gliwice.pl\/wiadomosci\/przed-nami-prezentacje-artystyczne-dzieci-i-mlodziezy-dwie-kategorie-taneczna-i-muzyczno-wokalna\/","name":"Przed nami Prezentacje Artystyczne Dzieci i M\u0142odzie\u017cy. Dwie kategorie: taneczna i muzyczno-wokalna - 24GLIWICE - Portal Gliwice | codziennie nowe informacje","isPartOf":{"@id":"https:\/\/www.24gliwice.pl\/wiadomosci\/#website"},"primaryImageOfPage":{"@id":"https:\/\/www.24gliwice.pl\/wiadomosci\/przed-nami-prezentacje-artystyczne-dzieci-i-mlodziezy-dwie-kategorie-taneczna-i-muzyczno-wokalna\/#primaryimage"},"image":{"@id":"https:\/\/www.24gliwice.pl\/wiadomosci\/przed-nami-prezentacje-artystyczne-dzieci-i-mlodziezy-dwie-kategorie-taneczna-i-muzyczno-wokalna\/#primaryimage"},"thumbnailUrl":"https:\/\/www.24gliwice.pl\/wiadomosci\/wp-content\/uploads\/2021\/04\/mdk-2.jpg","datePublished":"2022-03-04T00:28:15+00:00","description":"Pod koniec marca rozpoczn\u0105 si\u0119 przes\u0142uchania w ramach Wojew\u00f3dzkich Prezentacji Artystycznych Dzieci i M\u0142odzie\u017cy","breadcrumb":{"@id":"https:\/\/www.24gliwice.pl\/wiadomosci\/przed-nami-prezentacje-artystyczne-dzieci-i-mlodziezy-dwie-kategorie-taneczna-i-muzyczno-wokalna\/#breadcrumb"},"inLanguage":"pl-PL","potentialAction":[{"@type":"ReadAction","target":["https:\/\/www.24gliwice.pl\/wiadomosci\/przed-nami-prezentacje-artystyczne-dzieci-i-mlodziezy-dwie-kategorie-taneczna-i-muzyczno-wokalna\/"]}]},{"@type":"ImageObject","inLanguage":"pl-PL","@id":"https:\/\/www.24gliwice.pl\/wiadomosci\/przed-nami-prezentacje-artystyczne-dzieci-i-mlodziezy-dwie-kategorie-taneczna-i-muzyczno-wokalna\/#primaryimage","url":"https:\/\/www.24gliwice.pl\/wiadomosci\/wp-content\/uploads\/2021\/04\/mdk-2.jpg","contentUrl":"https:\/\/www.24gliwice.pl\/wiadomosci\/wp-content\/uploads\/2021\/04\/mdk-2.jpg","width":810,"height":457},{"@type":"BreadcrumbList","@id":"https:\/\/www.24gliwice.pl\/wiadomosci\/przed-nami-prezentacje-artystyczne-dzieci-i-mlodziezy-dwie-kategorie-taneczna-i-muzyczno-wokalna\/#breadcrumb","itemListElement":[{"@type":"ListItem","position":1,"name":"Strona g\u0142\u00f3wna","item":"https:\/\/www.24gliwice.pl\/wiadomosci\/"},{"@type":"ListItem","position":2,"name":"Przed nami Prezentacje Artystyczne Dzieci i M\u0142odzie\u017cy. Dwie kategorie: taneczna i muzyczno-wokalna"}]},{"@type":"WebSite","@id":"https:\/\/www.24gliwice.pl\/wiadomosci\/#website","url":"https:\/\/www.24gliwice.pl\/wiadomosci\/","name":"24GLIWICE - Portal Gliwice | codziennie nowe wiadomo\u015bci","description":"Portal Miejski Gliwice","publisher":{"@id":"https:\/\/www.24gliwice.pl\/wiadomosci\/#organization"},"potentialAction":[{"@type":"SearchAction","target":{"@type":"EntryPoint","urlTemplate":"https:\/\/www.24gliwice.pl\/wiadomosci\/?s={search_term_string}"},"query-input":{"@type":"PropertyValueSpecification","valueRequired":true,"valueName":"search_term_string"}}],"inLanguage":"pl-PL"},{"@type":"Organization","@id":"https:\/\/www.24gliwice.pl\/wiadomosci\/#organization","name":"24gliwice","url":"https:\/\/www.24gliwice.pl\/wiadomosci\/","logo":{"@type":"ImageObject","inLanguage":"pl-PL","@id":"https:\/\/www.24gliwice.pl\/wiadomosci\/#\/schema\/logo\/image\/","url":"https:\/\/www.24gliwice.pl\/wiadomosci\/wp-content\/uploads\/2024\/10\/24gliwice-logo-696.jpg","contentUrl":"https:\/\/www.24gliwice.pl\/wiadomosci\/wp-content\/uploads\/2024\/10\/24gliwice-logo-696.jpg","width":696,"height":696,"caption":"24gliwice"},"image":{"@id":"https:\/\/www.24gliwice.pl\/wiadomosci\/#\/schema\/logo\/image\/"},"sameAs":["https:\/\/www.facebook.com\/24gliwice","https:\/\/x.com\/24gliwice","https:\/\/www.youtube.com\/@24gliwice"]},{"@type":"Person","@id":"https:\/\/www.24gliwice.pl\/wiadomosci\/#\/schema\/person\/e42c650edd7f2fa332be3811fb166b6e","name":"\u017baneta Mrozek-Siewierska","image":{"@type":"ImageObject","inLanguage":"pl-PL","@id":"https:\/\/www.24gliwice.pl\/wiadomosci\/wp-content\/uploads\/2021\/11\/Zaneta-M_S-zdjecie-czb-96x96.jpg","url":"https:\/\/www.24gliwice.pl\/wiadomosci\/wp-content\/uploads\/2021\/11\/Zaneta-M_S-zdjecie-czb-96x96.jpg","contentUrl":"https:\/\/www.24gliwice.pl\/wiadomosci\/wp-content\/uploads\/2021\/11\/Zaneta-M_S-zdjecie-czb-96x96.jpg","caption":"\u017baneta Mrozek-Siewierska"},"url":"https:\/\/www.24gliwice.pl\/wiadomosci\/author\/zms\/"}]}},"_links":{"self":[{"href":"https:\/\/www.24gliwice.pl\/wiadomosci\/wp-json\/wp\/v2\/posts\/187657","targetHints":{"allow":["GET"]}}],"collection":[{"href":"https:\/\/www.24gliwice.pl\/wiadomosci\/wp-json\/wp\/v2\/posts"}],"about":[{"href":"https:\/\/www.24gliwice.pl\/wiadomosci\/wp-json\/wp\/v2\/types\/post"}],"author":[{"embeddable":true,"href":"https:\/\/www.24gliwice.pl\/wiadomosci\/wp-json\/wp\/v2\/users\/15"}],"replies":[{"embeddable":true,"href":"https:\/\/www.24gliwice.pl\/wiadomosci\/wp-json\/wp\/v2\/comments?post=187657"}],"version-history":[{"count":8,"href":"https:\/\/www.24gliwice.pl\/wiadomosci\/wp-json\/wp\/v2\/posts\/187657\/revisions"}],"predecessor-version":[{"id":187706,"href":"https:\/\/www.24gliwice.pl\/wiadomosci\/wp-json\/wp\/v2\/posts\/187657\/revisions\/187706"}],"wp:featuredmedia":[{"embeddable":true,"href":"https:\/\/www.24gliwice.pl\/wiadomosci\/wp-json\/wp\/v2\/media\/168164"}],"wp:attachment":[{"href":"https:\/\/www.24gliwice.pl\/wiadomosci\/wp-json\/wp\/v2\/media?parent=187657"}],"wp:term":[{"taxonomy":"category","embeddable":true,"href":"https:\/\/www.24gliwice.pl\/wiadomosci\/wp-json\/wp\/v2\/categories?post=187657"},{"taxonomy":"post_tag","embeddable":true,"href":"https:\/\/www.24gliwice.pl\/wiadomosci\/wp-json\/wp\/v2\/tags?post=187657"}],"curies":[{"name":"wp","href":"https:\/\/api.w.org\/{rel}","templated":true}]}}