{"id":187675,"date":"2022-03-03T12:17:53","date_gmt":"2022-03-03T11:17:53","guid":{"rendered":"https:\/\/www.24gliwice.pl\/wiadomosci\/?p=187675"},"modified":"2022-03-06T20:17:50","modified_gmt":"2022-03-06T19:17:50","slug":"dzien-kobiet-w-parku-handlowym-arena","status":"publish","type":"post","link":"https:\/\/www.24gliwice.pl\/wiadomosci\/dzien-kobiet-w-parku-handlowym-arena\/","title":{"rendered":"Podkre\u015blamy kobiece pi\u0119kno! Dzie\u0144 Kobiet w Parku Handlowym Arena"},"content":{"rendered":"<h2>Doskonale wiemy, \u017ce dzie\u0144 kobiet powinien trwa\u0107 przez ca\u0142y rok, ale skoro zbli\u017ca si\u0119 ta niezwyk\u0142a data w kalendarzu \u2013 \u015bwi\u0119tujemy! Z okazji Dnia Kobiet Park Handlowy Arena pragnie podkre\u015bli\u0107 pi\u0119kno wszystkich Pa\u0144, rozdaj\u0105c modn\u0105 bi\u017cuteri\u0119.<\/h2>\n<p>&nbsp;<br \/>\n<strong>W dniach 4 i 5 marca (pi\u0105tek i sobota)<\/strong> w <a href=\"https:\/\/arena-gliwice.pl\/\" rel=\"noopener\" target=\"_blank\">Parku Handlowym Arena<\/a> \u015bwi\u0119tujemy Dzie\u0144 Kobiet. Przypominamy wszystkim Panom, \u017ce warto przygotowa\u0107 si\u0119 zawczasu i zaplanowa\u0107 ukochanej Kobiecie jak\u0105\u015b niespodziank\u0119. Podpowiemy, \u017ce nic tak nie poprawia humoru p\u0142ci pi\u0119knej, jak udane zakupy i bi\u017cuteria. W Parku Handlowym Arena czeka wiele marek i sklep\u00f3w, kt\u00f3re na co dzie\u0144 trafiaj\u0105 w gusta Pa\u0144. B\u0119dzie to doskona\u0142y moment do od\u015bwie\u017cenia garderoby i wiosennych porz\u0105dk\u00f3w w szafie. <\/p>\n<p><strong>W zamian za zakupy Park Handlowy Arena nagradza prezentami.<\/strong> Ka\u017cdy, kto wyda 100 PLN b\u0119dzie m\u00f3g\u0142 otrzyma\u0107 modn\u0105 bransoletk\u0119 ze stali nierdzewnej. Dyskretne bransoletki, ozdobione zawieszkami od kliku lat ciesz\u0105 si\u0119 nies\u0142abn\u0105cym powodzeniem i dodaj\u0105 kobietom blasku bez wzgl\u0119du na look. Doskonale sprawdzaj\u0105 si\u0119 ze zwiewnymi sukienkami, strojami formalnymi czy casualowym zestawem. To prezent kt\u00f3ry spodoba si\u0119 ka\u017cdej kobiecie \u2013 bez wzgl\u0119du na wiek! <\/p>\n<p>Promocja trwa od godz. 11.00 do 18.00 w najbli\u017cszy pi\u0105tek i sobot\u0119.<\/p>\n<p>Warto przypomnie\u0107, \u017ce od 1 marca zniesionych zosta\u0142o wi\u0119kszo\u015b\u0107 obostrze\u0144. Na terenie centrum wszystkich Klient\u00f3w obowi\u0105zuje stosowanie maseczek ochronnych. <\/p>\n<p><small>materia\u0142 partnera<\/small><\/p>\n","protected":false},"excerpt":{"rendered":"<p>Doskonale wiemy, \u017ce dzie\u0144 kobiet powinien trwa\u0107 przez ca\u0142y rok, ale skoro zbli\u017ca si\u0119 ta niezwyk\u0142a data w kalendarzu \u2013 \u015bwi\u0119tujemy! Z okazji Dnia Kobiet Park Handlowy Arena pragnie podkre\u015bli\u0107 pi\u0119kno wszystkich Pa\u0144, rozdaj\u0105c modn\u0105 bi\u017cuteri\u0119. &nbsp; W dniach 4 i 5 marca (pi\u0105tek i sobota) w Parku Handlowym Arena \u015bwi\u0119tujemy Dzie\u0144 Kobiet. Przypominamy wszystkim [&hellip;]<\/p>\n","protected":false},"author":4,"featured_media":187681,"comment_status":"closed","ping_status":"closed","sticky":false,"template":"","format":"standard","meta":{"_monsterinsights_skip_tracking":false,"_monsterinsights_sitenote_active":false,"_monsterinsights_sitenote_note":"","_monsterinsights_sitenote_category":0,"footnotes":"","_links_to":"","_links_to_target":""},"categories":[3,6,1],"tags":[6000,1046],"class_list":["post-187675","post","type-post","status-publish","format-standard","has-post-thumbnail","hentry","category-gliwice","category-kultura","category-wszystko","tag-dzien-kobiet","tag-park-handlowy-arena"],"yoast_head":"<!-- This site is optimized with the Yoast SEO plugin v27.4 - https:\/\/yoast.com\/product\/yoast-seo-wordpress\/ -->\n<title>Podkre\u015blamy kobiece pi\u0119kno! Dzie\u0144 Kobiet w Parku Handlowym Arena - 24GLIWICE - Portal Gliwice | codziennie nowe informacje<\/title>\n<meta name=\"robots\" content=\"index, follow, max-snippet:-1, max-image-preview:large, max-video-preview:-1\" \/>\n<link rel=\"canonical\" href=\"https:\/\/www.24gliwice.pl\/wiadomosci\/dzien-kobiet-w-parku-handlowym-arena\/\" \/>\n<meta property=\"og:locale\" content=\"pl_PL\" \/>\n<meta property=\"og:type\" content=\"article\" \/>\n<meta property=\"og:title\" content=\"Podkre\u015blamy kobiece pi\u0119kno! Dzie\u0144 Kobiet w Parku Handlowym Arena - 24GLIWICE - Portal Gliwice | codziennie nowe informacje\" \/>\n<meta property=\"og:description\" content=\"Doskonale wiemy, \u017ce dzie\u0144 kobiet powinien trwa\u0107 przez ca\u0142y rok, ale skoro zbli\u017ca si\u0119 ta niezwyk\u0142a data w kalendarzu \u2013 \u015bwi\u0119tujemy! Z okazji Dnia Kobiet Park Handlowy Arena pragnie podkre\u015bli\u0107 pi\u0119kno wszystkich Pa\u0144, rozdaj\u0105c modn\u0105 bi\u017cuteri\u0119. &nbsp; W dniach 4 i 5 marca (pi\u0105tek i sobota) w Parku Handlowym Arena \u015bwi\u0119tujemy Dzie\u0144 Kobiet. Przypominamy wszystkim [&hellip;]\" \/>\n<meta property=\"og:url\" content=\"https:\/\/www.24gliwice.pl\/wiadomosci\/dzien-kobiet-w-parku-handlowym-arena\/\" \/>\n<meta property=\"og:site_name\" content=\"24GLIWICE - Portal Gliwice | codziennie nowe informacje\" \/>\n<meta property=\"article:publisher\" content=\"https:\/\/www.facebook.com\/24gliwice\" \/>\n<meta property=\"article:author\" content=\"https:\/\/www.facebook.com\/marcin.fabrykowski\" \/>\n<meta property=\"article:published_time\" content=\"2022-03-03T11:17:53+00:00\" \/>\n<meta property=\"article:modified_time\" content=\"2022-03-06T19:17:50+00:00\" \/>\n<meta property=\"og:image\" content=\"https:\/\/www.24gliwice.pl\/wiadomosci\/wp-content\/uploads\/2022\/03\/Arena_dzien-kobiet_2022_1920x1080.jpg\" \/>\n\t<meta property=\"og:image:width\" content=\"1140\" \/>\n\t<meta property=\"og:image:height\" content=\"642\" \/>\n\t<meta property=\"og:image:type\" content=\"image\/jpeg\" \/>\n<meta name=\"author\" content=\"Marcin Fabrykowski\" \/>\n<meta name=\"twitter:card\" content=\"summary_large_image\" \/>\n<meta name=\"twitter:creator\" content=\"@24gliwice\" \/>\n<meta name=\"twitter:site\" content=\"@24gliwice\" \/>\n<meta name=\"twitter:label1\" content=\"Napisane przez\" \/>\n\t<meta name=\"twitter:data1\" content=\"Marcin Fabrykowski\" \/>\n\t<meta name=\"twitter:label2\" content=\"Szacowany czas czytania\" \/>\n\t<meta name=\"twitter:data2\" content=\"1 minuta\" \/>\n<script type=\"application\/ld+json\" class=\"yoast-schema-graph\">{\"@context\":\"https:\\\/\\\/schema.org\",\"@graph\":[{\"@type\":\"Article\",\"@id\":\"https:\\\/\\\/www.24gliwice.pl\\\/wiadomosci\\\/dzien-kobiet-w-parku-handlowym-arena\\\/#article\",\"isPartOf\":{\"@id\":\"https:\\\/\\\/www.24gliwice.pl\\\/wiadomosci\\\/dzien-kobiet-w-parku-handlowym-arena\\\/\"},\"author\":{\"name\":\"Marcin Fabrykowski\",\"@id\":\"https:\\\/\\\/www.24gliwice.pl\\\/wiadomosci\\\/#\\\/schema\\\/person\\\/cb5857e4a4d048c15984c1edcc8ef0c0\"},\"headline\":\"Podkre\u015blamy kobiece pi\u0119kno! Dzie\u0144 Kobiet w Parku Handlowym Arena\",\"datePublished\":\"2022-03-03T11:17:53+00:00\",\"dateModified\":\"2022-03-06T19:17:50+00:00\",\"mainEntityOfPage\":{\"@id\":\"https:\\\/\\\/www.24gliwice.pl\\\/wiadomosci\\\/dzien-kobiet-w-parku-handlowym-arena\\\/\"},\"wordCount\":246,\"publisher\":{\"@id\":\"https:\\\/\\\/www.24gliwice.pl\\\/wiadomosci\\\/#organization\"},\"image\":{\"@id\":\"https:\\\/\\\/www.24gliwice.pl\\\/wiadomosci\\\/dzien-kobiet-w-parku-handlowym-arena\\\/#primaryimage\"},\"thumbnailUrl\":\"https:\\\/\\\/www.24gliwice.pl\\\/wiadomosci\\\/wp-content\\\/uploads\\\/2022\\\/03\\\/Arena_dzien-kobiet_2022_1920x1080.jpg\",\"keywords\":[\"dzie\u0144 kobiet\",\"PARK HANDLOWY ARENA\"],\"articleSection\":[\"Gliwice\",\"Kultura, wydarzenia, imprezy\",\"Najnowsze wiadomo\u015bci\"],\"inLanguage\":\"pl-PL\"},{\"@type\":\"WebPage\",\"@id\":\"https:\\\/\\\/www.24gliwice.pl\\\/wiadomosci\\\/dzien-kobiet-w-parku-handlowym-arena\\\/\",\"url\":\"https:\\\/\\\/www.24gliwice.pl\\\/wiadomosci\\\/dzien-kobiet-w-parku-handlowym-arena\\\/\",\"name\":\"Podkre\u015blamy kobiece pi\u0119kno! Dzie\u0144 Kobiet w Parku Handlowym Arena - 24GLIWICE - Portal Gliwice | codziennie nowe informacje\",\"isPartOf\":{\"@id\":\"https:\\\/\\\/www.24gliwice.pl\\\/wiadomosci\\\/#website\"},\"primaryImageOfPage\":{\"@id\":\"https:\\\/\\\/www.24gliwice.pl\\\/wiadomosci\\\/dzien-kobiet-w-parku-handlowym-arena\\\/#primaryimage\"},\"image\":{\"@id\":\"https:\\\/\\\/www.24gliwice.pl\\\/wiadomosci\\\/dzien-kobiet-w-parku-handlowym-arena\\\/#primaryimage\"},\"thumbnailUrl\":\"https:\\\/\\\/www.24gliwice.pl\\\/wiadomosci\\\/wp-content\\\/uploads\\\/2022\\\/03\\\/Arena_dzien-kobiet_2022_1920x1080.jpg\",\"datePublished\":\"2022-03-03T11:17:53+00:00\",\"dateModified\":\"2022-03-06T19:17:50+00:00\",\"breadcrumb\":{\"@id\":\"https:\\\/\\\/www.24gliwice.pl\\\/wiadomosci\\\/dzien-kobiet-w-parku-handlowym-arena\\\/#breadcrumb\"},\"inLanguage\":\"pl-PL\",\"potentialAction\":[{\"@type\":\"ReadAction\",\"target\":[\"https:\\\/\\\/www.24gliwice.pl\\\/wiadomosci\\\/dzien-kobiet-w-parku-handlowym-arena\\\/\"]}]},{\"@type\":\"ImageObject\",\"inLanguage\":\"pl-PL\",\"@id\":\"https:\\\/\\\/www.24gliwice.pl\\\/wiadomosci\\\/dzien-kobiet-w-parku-handlowym-arena\\\/#primaryimage\",\"url\":\"https:\\\/\\\/www.24gliwice.pl\\\/wiadomosci\\\/wp-content\\\/uploads\\\/2022\\\/03\\\/Arena_dzien-kobiet_2022_1920x1080.jpg\",\"contentUrl\":\"https:\\\/\\\/www.24gliwice.pl\\\/wiadomosci\\\/wp-content\\\/uploads\\\/2022\\\/03\\\/Arena_dzien-kobiet_2022_1920x1080.jpg\",\"width\":1140,\"height\":642},{\"@type\":\"BreadcrumbList\",\"@id\":\"https:\\\/\\\/www.24gliwice.pl\\\/wiadomosci\\\/dzien-kobiet-w-parku-handlowym-arena\\\/#breadcrumb\",\"itemListElement\":[{\"@type\":\"ListItem\",\"position\":1,\"name\":\"Strona g\u0142\u00f3wna\",\"item\":\"https:\\\/\\\/www.24gliwice.pl\\\/wiadomosci\\\/\"},{\"@type\":\"ListItem\",\"position\":2,\"name\":\"Podkre\u015blamy kobiece pi\u0119kno! Dzie\u0144 Kobiet w Parku Handlowym Arena\"}]},{\"@type\":\"WebSite\",\"@id\":\"https:\\\/\\\/www.24gliwice.pl\\\/wiadomosci\\\/#website\",\"url\":\"https:\\\/\\\/www.24gliwice.pl\\\/wiadomosci\\\/\",\"name\":\"24GLIWICE - Portal Gliwice | codziennie nowe wiadomo\u015bci\",\"description\":\"Portal Miejski Gliwice\",\"publisher\":{\"@id\":\"https:\\\/\\\/www.24gliwice.pl\\\/wiadomosci\\\/#organization\"},\"potentialAction\":[{\"@type\":\"SearchAction\",\"target\":{\"@type\":\"EntryPoint\",\"urlTemplate\":\"https:\\\/\\\/www.24gliwice.pl\\\/wiadomosci\\\/?s={search_term_string}\"},\"query-input\":{\"@type\":\"PropertyValueSpecification\",\"valueRequired\":true,\"valueName\":\"search_term_string\"}}],\"inLanguage\":\"pl-PL\"},{\"@type\":\"Organization\",\"@id\":\"https:\\\/\\\/www.24gliwice.pl\\\/wiadomosci\\\/#organization\",\"name\":\"24gliwice\",\"url\":\"https:\\\/\\\/www.24gliwice.pl\\\/wiadomosci\\\/\",\"logo\":{\"@type\":\"ImageObject\",\"inLanguage\":\"pl-PL\",\"@id\":\"https:\\\/\\\/www.24gliwice.pl\\\/wiadomosci\\\/#\\\/schema\\\/logo\\\/image\\\/\",\"url\":\"https:\\\/\\\/www.24gliwice.pl\\\/wiadomosci\\\/wp-content\\\/uploads\\\/2024\\\/10\\\/24gliwice-logo-696.jpg\",\"contentUrl\":\"https:\\\/\\\/www.24gliwice.pl\\\/wiadomosci\\\/wp-content\\\/uploads\\\/2024\\\/10\\\/24gliwice-logo-696.jpg\",\"width\":696,\"height\":696,\"caption\":\"24gliwice\"},\"image\":{\"@id\":\"https:\\\/\\\/www.24gliwice.pl\\\/wiadomosci\\\/#\\\/schema\\\/logo\\\/image\\\/\"},\"sameAs\":[\"https:\\\/\\\/www.facebook.com\\\/24gliwice\",\"https:\\\/\\\/x.com\\\/24gliwice\",\"https:\\\/\\\/www.youtube.com\\\/@24gliwice\"]},{\"@type\":\"Person\",\"@id\":\"https:\\\/\\\/www.24gliwice.pl\\\/wiadomosci\\\/#\\\/schema\\\/person\\\/cb5857e4a4d048c15984c1edcc8ef0c0\",\"name\":\"Marcin Fabrykowski\",\"image\":{\"@type\":\"ImageObject\",\"inLanguage\":\"pl-PL\",\"@id\":\"https:\\\/\\\/www.24gliwice.pl\\\/wiadomosci\\\/wp-content\\\/uploads\\\/2025\\\/11\\\/zdjecie-moje-marcin-300-96x96.jpg\",\"url\":\"https:\\\/\\\/www.24gliwice.pl\\\/wiadomosci\\\/wp-content\\\/uploads\\\/2025\\\/11\\\/zdjecie-moje-marcin-300-96x96.jpg\",\"contentUrl\":\"https:\\\/\\\/www.24gliwice.pl\\\/wiadomosci\\\/wp-content\\\/uploads\\\/2025\\\/11\\\/zdjecie-moje-marcin-300-96x96.jpg\",\"caption\":\"Marcin Fabrykowski\"},\"sameAs\":[\"http:\\\/\\\/24gliwice.pl\",\"https:\\\/\\\/www.facebook.com\\\/marcin.fabrykowski\"],\"url\":\"https:\\\/\\\/www.24gliwice.pl\\\/wiadomosci\\\/author\\\/marcin-fabrykowski\\\/\"}]}<\/script>\n<!-- \/ Yoast SEO plugin. -->","yoast_head_json":{"title":"Podkre\u015blamy kobiece pi\u0119kno! Dzie\u0144 Kobiet w Parku Handlowym Arena - 24GLIWICE - Portal Gliwice | codziennie nowe informacje","robots":{"index":"index","follow":"follow","max-snippet":"max-snippet:-1","max-image-preview":"max-image-preview:large","max-video-preview":"max-video-preview:-1"},"canonical":"https:\/\/www.24gliwice.pl\/wiadomosci\/dzien-kobiet-w-parku-handlowym-arena\/","og_locale":"pl_PL","og_type":"article","og_title":"Podkre\u015blamy kobiece pi\u0119kno! Dzie\u0144 Kobiet w Parku Handlowym Arena - 24GLIWICE - Portal Gliwice | codziennie nowe informacje","og_description":"Doskonale wiemy, \u017ce dzie\u0144 kobiet powinien trwa\u0107 przez ca\u0142y rok, ale skoro zbli\u017ca si\u0119 ta niezwyk\u0142a data w kalendarzu \u2013 \u015bwi\u0119tujemy! Z okazji Dnia Kobiet Park Handlowy Arena pragnie podkre\u015bli\u0107 pi\u0119kno wszystkich Pa\u0144, rozdaj\u0105c modn\u0105 bi\u017cuteri\u0119. &nbsp; W dniach 4 i 5 marca (pi\u0105tek i sobota) w Parku Handlowym Arena \u015bwi\u0119tujemy Dzie\u0144 Kobiet. Przypominamy wszystkim [&hellip;]","og_url":"https:\/\/www.24gliwice.pl\/wiadomosci\/dzien-kobiet-w-parku-handlowym-arena\/","og_site_name":"24GLIWICE - Portal Gliwice | codziennie nowe informacje","article_publisher":"https:\/\/www.facebook.com\/24gliwice","article_author":"https:\/\/www.facebook.com\/marcin.fabrykowski","article_published_time":"2022-03-03T11:17:53+00:00","article_modified_time":"2022-03-06T19:17:50+00:00","og_image":[{"width":1140,"height":642,"url":"https:\/\/www.24gliwice.pl\/wiadomosci\/wp-content\/uploads\/2022\/03\/Arena_dzien-kobiet_2022_1920x1080.jpg","type":"image\/jpeg"}],"author":"Marcin Fabrykowski","twitter_card":"summary_large_image","twitter_creator":"@24gliwice","twitter_site":"@24gliwice","twitter_misc":{"Napisane przez":"Marcin Fabrykowski","Szacowany czas czytania":"1 minuta"},"schema":{"@context":"https:\/\/schema.org","@graph":[{"@type":"Article","@id":"https:\/\/www.24gliwice.pl\/wiadomosci\/dzien-kobiet-w-parku-handlowym-arena\/#article","isPartOf":{"@id":"https:\/\/www.24gliwice.pl\/wiadomosci\/dzien-kobiet-w-parku-handlowym-arena\/"},"author":{"name":"Marcin Fabrykowski","@id":"https:\/\/www.24gliwice.pl\/wiadomosci\/#\/schema\/person\/cb5857e4a4d048c15984c1edcc8ef0c0"},"headline":"Podkre\u015blamy kobiece pi\u0119kno! Dzie\u0144 Kobiet w Parku Handlowym Arena","datePublished":"2022-03-03T11:17:53+00:00","dateModified":"2022-03-06T19:17:50+00:00","mainEntityOfPage":{"@id":"https:\/\/www.24gliwice.pl\/wiadomosci\/dzien-kobiet-w-parku-handlowym-arena\/"},"wordCount":246,"publisher":{"@id":"https:\/\/www.24gliwice.pl\/wiadomosci\/#organization"},"image":{"@id":"https:\/\/www.24gliwice.pl\/wiadomosci\/dzien-kobiet-w-parku-handlowym-arena\/#primaryimage"},"thumbnailUrl":"https:\/\/www.24gliwice.pl\/wiadomosci\/wp-content\/uploads\/2022\/03\/Arena_dzien-kobiet_2022_1920x1080.jpg","keywords":["dzie\u0144 kobiet","PARK HANDLOWY ARENA"],"articleSection":["Gliwice","Kultura, wydarzenia, imprezy","Najnowsze wiadomo\u015bci"],"inLanguage":"pl-PL"},{"@type":"WebPage","@id":"https:\/\/www.24gliwice.pl\/wiadomosci\/dzien-kobiet-w-parku-handlowym-arena\/","url":"https:\/\/www.24gliwice.pl\/wiadomosci\/dzien-kobiet-w-parku-handlowym-arena\/","name":"Podkre\u015blamy kobiece pi\u0119kno! Dzie\u0144 Kobiet w Parku Handlowym Arena - 24GLIWICE - Portal Gliwice | codziennie nowe informacje","isPartOf":{"@id":"https:\/\/www.24gliwice.pl\/wiadomosci\/#website"},"primaryImageOfPage":{"@id":"https:\/\/www.24gliwice.pl\/wiadomosci\/dzien-kobiet-w-parku-handlowym-arena\/#primaryimage"},"image":{"@id":"https:\/\/www.24gliwice.pl\/wiadomosci\/dzien-kobiet-w-parku-handlowym-arena\/#primaryimage"},"thumbnailUrl":"https:\/\/www.24gliwice.pl\/wiadomosci\/wp-content\/uploads\/2022\/03\/Arena_dzien-kobiet_2022_1920x1080.jpg","datePublished":"2022-03-03T11:17:53+00:00","dateModified":"2022-03-06T19:17:50+00:00","breadcrumb":{"@id":"https:\/\/www.24gliwice.pl\/wiadomosci\/dzien-kobiet-w-parku-handlowym-arena\/#breadcrumb"},"inLanguage":"pl-PL","potentialAction":[{"@type":"ReadAction","target":["https:\/\/www.24gliwice.pl\/wiadomosci\/dzien-kobiet-w-parku-handlowym-arena\/"]}]},{"@type":"ImageObject","inLanguage":"pl-PL","@id":"https:\/\/www.24gliwice.pl\/wiadomosci\/dzien-kobiet-w-parku-handlowym-arena\/#primaryimage","url":"https:\/\/www.24gliwice.pl\/wiadomosci\/wp-content\/uploads\/2022\/03\/Arena_dzien-kobiet_2022_1920x1080.jpg","contentUrl":"https:\/\/www.24gliwice.pl\/wiadomosci\/wp-content\/uploads\/2022\/03\/Arena_dzien-kobiet_2022_1920x1080.jpg","width":1140,"height":642},{"@type":"BreadcrumbList","@id":"https:\/\/www.24gliwice.pl\/wiadomosci\/dzien-kobiet-w-parku-handlowym-arena\/#breadcrumb","itemListElement":[{"@type":"ListItem","position":1,"name":"Strona g\u0142\u00f3wna","item":"https:\/\/www.24gliwice.pl\/wiadomosci\/"},{"@type":"ListItem","position":2,"name":"Podkre\u015blamy kobiece pi\u0119kno! Dzie\u0144 Kobiet w Parku Handlowym Arena"}]},{"@type":"WebSite","@id":"https:\/\/www.24gliwice.pl\/wiadomosci\/#website","url":"https:\/\/www.24gliwice.pl\/wiadomosci\/","name":"24GLIWICE - Portal Gliwice | codziennie nowe wiadomo\u015bci","description":"Portal Miejski Gliwice","publisher":{"@id":"https:\/\/www.24gliwice.pl\/wiadomosci\/#organization"},"potentialAction":[{"@type":"SearchAction","target":{"@type":"EntryPoint","urlTemplate":"https:\/\/www.24gliwice.pl\/wiadomosci\/?s={search_term_string}"},"query-input":{"@type":"PropertyValueSpecification","valueRequired":true,"valueName":"search_term_string"}}],"inLanguage":"pl-PL"},{"@type":"Organization","@id":"https:\/\/www.24gliwice.pl\/wiadomosci\/#organization","name":"24gliwice","url":"https:\/\/www.24gliwice.pl\/wiadomosci\/","logo":{"@type":"ImageObject","inLanguage":"pl-PL","@id":"https:\/\/www.24gliwice.pl\/wiadomosci\/#\/schema\/logo\/image\/","url":"https:\/\/www.24gliwice.pl\/wiadomosci\/wp-content\/uploads\/2024\/10\/24gliwice-logo-696.jpg","contentUrl":"https:\/\/www.24gliwice.pl\/wiadomosci\/wp-content\/uploads\/2024\/10\/24gliwice-logo-696.jpg","width":696,"height":696,"caption":"24gliwice"},"image":{"@id":"https:\/\/www.24gliwice.pl\/wiadomosci\/#\/schema\/logo\/image\/"},"sameAs":["https:\/\/www.facebook.com\/24gliwice","https:\/\/x.com\/24gliwice","https:\/\/www.youtube.com\/@24gliwice"]},{"@type":"Person","@id":"https:\/\/www.24gliwice.pl\/wiadomosci\/#\/schema\/person\/cb5857e4a4d048c15984c1edcc8ef0c0","name":"Marcin Fabrykowski","image":{"@type":"ImageObject","inLanguage":"pl-PL","@id":"https:\/\/www.24gliwice.pl\/wiadomosci\/wp-content\/uploads\/2025\/11\/zdjecie-moje-marcin-300-96x96.jpg","url":"https:\/\/www.24gliwice.pl\/wiadomosci\/wp-content\/uploads\/2025\/11\/zdjecie-moje-marcin-300-96x96.jpg","contentUrl":"https:\/\/www.24gliwice.pl\/wiadomosci\/wp-content\/uploads\/2025\/11\/zdjecie-moje-marcin-300-96x96.jpg","caption":"Marcin Fabrykowski"},"sameAs":["http:\/\/24gliwice.pl","https:\/\/www.facebook.com\/marcin.fabrykowski"],"url":"https:\/\/www.24gliwice.pl\/wiadomosci\/author\/marcin-fabrykowski\/"}]}},"_links":{"self":[{"href":"https:\/\/www.24gliwice.pl\/wiadomosci\/wp-json\/wp\/v2\/posts\/187675","targetHints":{"allow":["GET"]}}],"collection":[{"href":"https:\/\/www.24gliwice.pl\/wiadomosci\/wp-json\/wp\/v2\/posts"}],"about":[{"href":"https:\/\/www.24gliwice.pl\/wiadomosci\/wp-json\/wp\/v2\/types\/post"}],"author":[{"embeddable":true,"href":"https:\/\/www.24gliwice.pl\/wiadomosci\/wp-json\/wp\/v2\/users\/4"}],"replies":[{"embeddable":true,"href":"https:\/\/www.24gliwice.pl\/wiadomosci\/wp-json\/wp\/v2\/comments?post=187675"}],"version-history":[{"count":3,"href":"https:\/\/www.24gliwice.pl\/wiadomosci\/wp-json\/wp\/v2\/posts\/187675\/revisions"}],"predecessor-version":[{"id":187679,"href":"https:\/\/www.24gliwice.pl\/wiadomosci\/wp-json\/wp\/v2\/posts\/187675\/revisions\/187679"}],"wp:featuredmedia":[{"embeddable":true,"href":"https:\/\/www.24gliwice.pl\/wiadomosci\/wp-json\/wp\/v2\/media\/187681"}],"wp:attachment":[{"href":"https:\/\/www.24gliwice.pl\/wiadomosci\/wp-json\/wp\/v2\/media?parent=187675"}],"wp:term":[{"taxonomy":"category","embeddable":true,"href":"https:\/\/www.24gliwice.pl\/wiadomosci\/wp-json\/wp\/v2\/categories?post=187675"},{"taxonomy":"post_tag","embeddable":true,"href":"https:\/\/www.24gliwice.pl\/wiadomosci\/wp-json\/wp\/v2\/tags?post=187675"}],"curies":[{"name":"wp","href":"https:\/\/api.w.org\/{rel}","templated":true}]}}