{"id":187754,"date":"2022-03-06T10:53:12","date_gmt":"2022-03-06T09:53:12","guid":{"rendered":"https:\/\/www.24gliwice.pl\/wiadomosci\/?p=187754"},"modified":"2022-03-06T10:53:12","modified_gmt":"2022-03-06T09:53:12","slug":"co-robic-z-dziecmi-z-niedzielne-popoludnia-amok-zaprasza-na-kinowe-podwieczorki","status":"publish","type":"post","link":"https:\/\/www.24gliwice.pl\/wiadomosci\/co-robic-z-dziecmi-z-niedzielne-popoludnia-amok-zaprasza-na-kinowe-podwieczorki\/","title":{"rendered":"Co robi\u0107 z dzie\u0107mi z niedzielne popo\u0142udnia? Amok zaprasza na Kinowe podwieczorki"},"content":{"rendered":"<div class=\"gliwi-a6-nad-leadem-artykulow gliwi-entity-placement\" id=\"gliwi-2032049033\"><div class=\"gliwi-adlabel\"><span style=\"font-size: 9px\">REKLAMA<\/span><\/div><div id=\"gliwi-570066160\" style=\"margin-bottom: 30px;margin-left: auto;margin-right: auto;text-align: center;\"><a data-no-instant=\"1\" href=\"https:\/\/przedszkole.halogen.org.pl\/\" rel=\"noopener\" class=\"a2t-link\" target=\"_blank\" aria-label=\"20260402-ANIMATOR-przedszkole_grafika_750x200\"><img loading=\"lazy\" decoding=\"async\" src=\"https:\/\/www.24gliwice.pl\/wiadomosci\/wp-content\/uploads\/2026\/04\/20260402-ANIMATOR-przedszkole_grafika_750x200.webp\" alt=\"\"  srcset=\"https:\/\/www.24gliwice.pl\/wiadomosci\/wp-content\/uploads\/2026\/04\/20260402-ANIMATOR-przedszkole_grafika_750x200.webp 750w, https:\/\/www.24gliwice.pl\/wiadomosci\/wp-content\/uploads\/2026\/04\/20260402-ANIMATOR-przedszkole_grafika_750x200-410x109.webp 410w\" sizes=\"(max-width: 750px) 100vw, 750px\" class=\"no-lazyload\" width=\"750\" height=\"200\"  style=\"display: inline-block; max-width: 100%; height: auto;\" \/><\/a><\/div><\/div><h2>Kino Amok ma propozycj\u0119 na niedzielnie popo\u0142udnia &#8211; Kinowe Podwieczorki dla ca\u0142ej rodziny. Na ekranie b\u0119d\u0105 wy\u015bwietlane wyj\u0105tkowe, sprowadzane z mi\u0119dzynarodowych festiwali, filmy dla m\u0142odych widz\u00f3w.<\/h2>\n<p>&nbsp;<br \/>\nNa pocz\u0105tek w niedziel\u0119, 6 marca, o godzinie 16:15 mo\u017cna wybra\u0107 si\u0119 na produkcj\u0119 &#8220;Martin i magiczny las&#8221;, kt\u00f3r\u0105 wyre\u017cyserowa\u0142<strong> Petr Oukropec<\/strong> (Czechy, Niemcy, S\u0142owacja 2021, dubbing, familijny, przygodowy).<\/p>\n<p>Jedenastoletni Martin jest typowym nastolatkiem: nie rozstaje si\u0119 z telefonem kom\u00f3rkowym, uwielbia \u015bmieciowe jedzenie, nie potrafi \u017cy\u0107 bez lusterka. Kiedy wyje\u017cd\u017ca na ob\u00f3z, po\u0142o\u017cony w g\u0142\u0119bi lasu, jest g\u0142\u0119boko nieszcz\u0119\u015bliwy i przera\u017cony. B\u0119dzie musia\u0142 sp\u0119dzi\u0107 czas w otoczeniu przyrody, \u017cyj\u0105c jak dzikus &#8211; \u015bpi\u0105c w namiocie, myj\u0105c si\u0119 w potoku, gotuj\u0105c posi\u0142ki na ognisku i bawi\u0105c si\u0119 w okolicznych lasach. Pocz\u0105tkowo zupe\u0142nie sobie nie radzi, ale powoli zaczyna odkrywa\u0107 jak ciekawy mo\u017ce by\u0107 las. Uczy si\u0119 jak rozpala\u0107 ogie\u0144, rozpoznawa\u0107 gatunki ro\u015blin, dowiaduje si\u0119 jak wa\u017cna dla \u017cycia jest woda i zaprzyja\u017ania si\u0119 z \u017cyj\u0105cymi w lesie stworzeniami. Okazuje si\u0119, \u017ce potrzebuj\u0105 one jego pomocy w walce z chciwymi deweloperami\u2026<\/p><div class=\"gliwi-a3-w-tresci-artykulow gliwi-entity-placement\" id=\"gliwi-3332980391\"><div class=\"gliwi-adlabel\"><span style=\"font-size: 9px\">REKLAMA<\/span><\/div><div id=\"gliwi-371661284\" style=\"margin-bottom: 30px;margin-left: auto;margin-right: auto;text-align: center;\"><a data-no-instant=\"1\" href=\"https:\/\/ogrodyandersa.pl\/\" rel=\"noopener\" class=\"a2t-link\" target=\"_blank\" aria-label=\"20260415 Ogrody Andersa KUP TERAZ D\"><img loading=\"lazy\" decoding=\"async\" src=\"https:\/\/www.24gliwice.pl\/wiadomosci\/wp-content\/uploads\/2026\/04\/20260415-Ogrody-Andersa-KUP-TERAZ-D.jpg\" alt=\"\"  srcset=\"https:\/\/www.24gliwice.pl\/wiadomosci\/wp-content\/uploads\/2026\/04\/20260415-Ogrody-Andersa-KUP-TERAZ-D.jpg 750w, https:\/\/www.24gliwice.pl\/wiadomosci\/wp-content\/uploads\/2026\/04\/20260415-Ogrody-Andersa-KUP-TERAZ-D-410x109.jpg 410w\" sizes=\"(max-width: 750px) 100vw, 750px\" class=\"no-lazyload\" width=\"750\" height=\"200\"  style=\"display: inline-block; max-width: 100%; height: auto;\" \/><\/a><\/div><\/div>\n<p>Wiek: 7+<br \/>\nbilety: 12 z\u0142<br \/>\n<a href=\"https:\/\/amok.gliwice.pl\/filmy\/martin-i-magiczny-las\/\" target=\"_blank\" rel=\"noopener\">https:\/\/amok.gliwice.pl\/filmy\/martin-i-magiczny-las\/<\/a><\/p>\n<p><a href=\"https:\/\/www.24gliwice.pl\/wiadomosci\/wp-content\/uploads\/2022\/03\/Amok-martin-i-magiczny-las.jpg\"><img loading=\"lazy\" decoding=\"async\" class=\"alignnone  wp-image-187756\" src=\"https:\/\/www.24gliwice.pl\/wiadomosci\/wp-content\/uploads\/2022\/03\/Amok-martin-i-magiczny-las.jpg\" alt=\"\" width=\"895\" height=\"1293\" srcset=\"https:\/\/www.24gliwice.pl\/wiadomosci\/wp-content\/uploads\/2022\/03\/Amok-martin-i-magiczny-las.jpg 499w, https:\/\/www.24gliwice.pl\/wiadomosci\/wp-content\/uploads\/2022\/03\/Amok-martin-i-magiczny-las-161x232.jpg 161w, https:\/\/www.24gliwice.pl\/wiadomosci\/wp-content\/uploads\/2022\/03\/Amok-martin-i-magiczny-las-315x455.jpg 315w\" sizes=\"auto, (max-width: 895px) 100vw, 895px\" \/><\/a><\/p>\n<h4>SEN \/ #BAJKIZPOLSKI | 13 marca (nd) godzina 16:15<\/h4>\n<p>O tym, \u017ce czasem si\u0119 \u015bni koszmary, a czasem inne rzeczy&#8230;<\/p>\n<p>Zestaw \u0142\u0105czy w sobie siedem historii, skupionych wok\u00f3\u0142 zagadnienia snu. Czasami jest on ich g\u0142\u00f3wnym tematem, czasami pretekstem do pokazania najm\u0142odszym jak wa\u017cna jest wyobra\u017ania.<\/p>\n<p>#bajkizpolski to nowy projekt MOMAKIN, w ramach kt\u00f3rego cyklicznie, co trzy miesi\u0105ce, prezentowane s\u0105 najciekawsze filmy i seriale animowane dla najm\u0142odszego widza, wyprodukowane w ostatnich latach Polsce. Ka\u017cdy cykl to nowe do\u015bwiadczenia, \u015bwietna zabawa i nietuzinkowy czas sp\u0119dzony w kinie z rodzicami lub kolegami i kole\u017cankami.<\/p>\n<p><a href=\"https:\/\/www.24gliwice.pl\/wiadomosci\/wp-content\/uploads\/2022\/03\/Amok-Bajki_z_Polski_poster-800x445-1.jpg\"><img loading=\"lazy\" decoding=\"async\" class=\"alignnone size-full wp-image-187755\" src=\"https:\/\/www.24gliwice.pl\/wiadomosci\/wp-content\/uploads\/2022\/03\/Amok-Bajki_z_Polski_poster-800x445-1.jpg\" alt=\"\" width=\"800\" height=\"445\" srcset=\"https:\/\/www.24gliwice.pl\/wiadomosci\/wp-content\/uploads\/2022\/03\/Amok-Bajki_z_Polski_poster-800x445-1.jpg 800w, https:\/\/www.24gliwice.pl\/wiadomosci\/wp-content\/uploads\/2022\/03\/Amok-Bajki_z_Polski_poster-800x445-1-410x228.jpg 410w, https:\/\/www.24gliwice.pl\/wiadomosci\/wp-content\/uploads\/2022\/03\/Amok-Bajki_z_Polski_poster-800x445-1-768x427.jpg 768w\" sizes=\"auto, (max-width: 800px) 100vw, 800px\" \/><\/a><\/p>\n<p>Hip Hip Hurra; Dlaczego znikn\u0119\u0142y drzewa Kto ukrad\u0142 S\u0142o\u0144ce | \u017bubr Pompik; Li\u015bcie | Pami\u0119tnik Florki; Sen| Mami Fatale; Pomidorowy d\u017cin | Przytul Mnie; Zimowy sen, Wyobra\u017ania.<\/p>\n<p>wiek: 5+<br \/>\nczas trwania: 64 min<br \/>\nbilety: 10 z\u0142<br \/>\n<a href=\"https:\/\/amok.gliwice.pl\/filmy\/sen-bajkizpolski\/\" target=\"_blank\" rel=\"noopener\">https:\/\/amok.gliwice.pl\/filmy\/sen-bajkizpolski\/<\/a><\/p>\n<h4>ZA DU\u017bY NA BAJKI | 20 marca (nd) godzina 16:00<\/h4>\n<p>Premierowy pokaz specjalny filmu, po\u0142\u0105czony ze spotkaniem z <strong>Agnieszka D\u0105browsk\u0105<\/strong> &#8211; scenarzystk\u0105 oraz autork\u0105 ksi\u0105\u017cki, na podstawie kt\u00f3rej powsta\u0142 scenariusz.<\/p>\n<p>Dorastanie i pierwsza mi\u0142o\u015b\u0107, nadopieku\u0144cza mama i szalona ciotka, przyja\u017a\u0144 na zakr\u0119cie i wielki turniej gamingowy. Jak wida\u0107, \u017cycie 10-letniego e-sportowca to nie lada wyzwanie. Film Za du\u017cy na bajki to niezwykle ciep\u0142a, zabawna i pobudzaj\u0105ca wra\u017cliwo\u015b\u0107 opowie\u015b\u0107 o tym, jak stawia\u0107 czo\u0142a trudnym, \u017cyciowym sytuacjom.<\/p>\n<p><a href=\"https:\/\/www.24gliwice.pl\/wiadomosci\/wp-content\/uploads\/2022\/03\/Amok-Za-duzy-na-bajki-plakat.jpg\"><img loading=\"lazy\" decoding=\"async\" class=\"alignnone  wp-image-187758\" src=\"https:\/\/www.24gliwice.pl\/wiadomosci\/wp-content\/uploads\/2022\/03\/Amok-Za-duzy-na-bajki-plakat.jpg\" alt=\"\" width=\"899\" height=\"1268\" srcset=\"https:\/\/www.24gliwice.pl\/wiadomosci\/wp-content\/uploads\/2022\/03\/Amok-Za-duzy-na-bajki-plakat.jpg 300w, https:\/\/www.24gliwice.pl\/wiadomosci\/wp-content\/uploads\/2022\/03\/Amok-Za-duzy-na-bajki-plakat-165x232.jpg 165w\" sizes=\"auto, (max-width: 899px) 100vw, 899px\" \/><\/a><\/p>\n<p>Scenariusz filmu zosta\u0142 oparty na ksi\u0105\u017cce o tym samym tytule i napisany przez jej autork\u0119, Agnieszk\u0119 D\u0105browsk\u0105. Ksi\u0105\u017cka zyska\u0142a tak wiele pozytywnych opinii w\u015br\u00f3d rodzic\u00f3w i nauczycieli, \u017ce zosta\u0142a wr\u0119cz okrzykni\u0119ta lektur\u0105 obowi\u0105zkow\u0105 dla dzieci.<\/p>\n<p>Spotkanie poprowadzi filmoznawczyni &#8211; dr <strong>Joanna Zab\u0142ocka &#8211; Skorek<\/strong>.<\/p>\n<p>Wiek: 9+<br \/>\nbilety: 16 z\u0142 \/ 20 z\u0142<br \/>\n<a href=\"https:\/\/amok.gliwice.pl\/filmy\/za-duzy-na-bajki\/\" target=\"_blank\" rel=\"noopener\">https:\/\/amok.gliwice.pl\/filmy\/za-duzy-na-bajki\/<\/a><\/p>\n<p>(\u017cms)\/Amok Gliwice<br \/>\nfot. mat. organizatora<\/p>\n<div class=\"gliwi-a5-na-koncu-artykulow gliwi-entity-placement\" id=\"gliwi-1659935895\"><div class=\"gliwi-adlabel\"><span style=\"font-size: 9px\">REKLAMA<\/span><\/div><div id=\"gliwi-741644680\" style=\"margin-left: auto;margin-right: auto;text-align: center;\"><a data-no-instant=\"1\" href=\"https:\/\/prezeroarenagliwice.pl\/\" rel=\"noopener\" class=\"a2t-link\" target=\"_blank\" aria-label=\"20260309-PREZERO-WIOSNA-D\"><img loading=\"lazy\" decoding=\"async\" src=\"https:\/\/www.24gliwice.pl\/wiadomosci\/wp-content\/uploads\/2026\/03\/20260309-PREZERO-WIOSNA-D.webp\" alt=\"\"  srcset=\"https:\/\/www.24gliwice.pl\/wiadomosci\/wp-content\/uploads\/2026\/03\/20260309-PREZERO-WIOSNA-D.webp 750w, https:\/\/www.24gliwice.pl\/wiadomosci\/wp-content\/uploads\/2026\/03\/20260309-PREZERO-WIOSNA-D-410x109.webp 410w\" sizes=\"(max-width: 750px) 100vw, 750px\" class=\"no-lazyload\" width=\"750\" height=\"200\"  style=\"display: inline-block; max-width: 100%; height: auto;\" \/><\/a><\/div><\/div>","protected":false},"excerpt":{"rendered":"<p>Kino Amok ma propozycj\u0119 na niedzielnie popo\u0142udnia &#8211; Kinowe Podwieczorki dla ca\u0142ej rodziny. Na ekranie b\u0119d\u0105 wy\u015bwietlane wyj\u0105tkowe, sprowadzane z mi\u0119dzynarodowych festiwali, filmy dla m\u0142odych widz\u00f3w. &nbsp; Na pocz\u0105tek w niedziel\u0119, 6 marca, o godzinie 16:15 mo\u017cna wybra\u0107 si\u0119 na produkcj\u0119 &#8220;Martin i magiczny las&#8221;, kt\u00f3r\u0105 wyre\u017cyserowa\u0142 Petr Oukropec (Czechy, Niemcy, S\u0142owacja 2021, dubbing, familijny, [&hellip;]<\/p>\n","protected":false},"author":15,"featured_media":187757,"comment_status":"open","ping_status":"closed","sticky":false,"template":"","format":"standard","meta":{"_monsterinsights_skip_tracking":false,"_monsterinsights_sitenote_active":false,"_monsterinsights_sitenote_note":"","_monsterinsights_sitenote_category":0,"footnotes":"","_links_to":"","_links_to_target":""},"categories":[3,6,1],"tags":[4577],"class_list":["post-187754","post","type-post","status-publish","format-standard","has-post-thumbnail","hentry","category-gliwice","category-kultura","category-wszystko","tag-amok"],"yoast_head":"<!-- This site is optimized with the Yoast SEO plugin v27.4 - https:\/\/yoast.com\/product\/yoast-seo-wordpress\/ -->\n<title>Co robi\u0107 z dzie\u0107mi z niedzielne popo\u0142udnia? Amok zaprasza na Kinowe podwieczorki - 24GLIWICE - Portal Gliwice | codziennie nowe informacje<\/title>\n<meta name=\"robots\" content=\"index, follow, max-snippet:-1, max-image-preview:large, max-video-preview:-1\" \/>\n<link rel=\"canonical\" href=\"https:\/\/www.24gliwice.pl\/wiadomosci\/co-robic-z-dziecmi-z-niedzielne-popoludnia-amok-zaprasza-na-kinowe-podwieczorki\/\" \/>\n<meta property=\"og:locale\" content=\"pl_PL\" \/>\n<meta property=\"og:type\" content=\"article\" \/>\n<meta property=\"og:title\" content=\"Co robi\u0107 z dzie\u0107mi z niedzielne popo\u0142udnia? Amok zaprasza na Kinowe podwieczorki - 24GLIWICE - Portal Gliwice | codziennie nowe informacje\" \/>\n<meta property=\"og:description\" content=\"Kino Amok ma propozycj\u0119 na niedzielnie popo\u0142udnia &#8211; Kinowe Podwieczorki dla ca\u0142ej rodziny. Na ekranie b\u0119d\u0105 wy\u015bwietlane wyj\u0105tkowe, sprowadzane z mi\u0119dzynarodowych festiwali, filmy dla m\u0142odych widz\u00f3w. &nbsp; Na pocz\u0105tek w niedziel\u0119, 6 marca, o godzinie 16:15 mo\u017cna wybra\u0107 si\u0119 na produkcj\u0119 &#8220;Martin i magiczny las&#8221;, kt\u00f3r\u0105 wyre\u017cyserowa\u0142 Petr Oukropec (Czechy, Niemcy, S\u0142owacja 2021, dubbing, familijny, [&hellip;]\" \/>\n<meta property=\"og:url\" content=\"https:\/\/www.24gliwice.pl\/wiadomosci\/co-robic-z-dziecmi-z-niedzielne-popoludnia-amok-zaprasza-na-kinowe-podwieczorki\/\" \/>\n<meta property=\"og:site_name\" content=\"24GLIWICE - Portal Gliwice | codziennie nowe informacje\" \/>\n<meta property=\"article:publisher\" content=\"https:\/\/www.facebook.com\/24gliwice\" \/>\n<meta property=\"article:published_time\" content=\"2022-03-06T09:53:12+00:00\" \/>\n<meta property=\"og:image\" content=\"https:\/\/www.24gliwice.pl\/wiadomosci\/wp-content\/uploads\/2022\/03\/Amok-za-duzy-na-bajki-fot-ja-talacha.jpg\" \/>\n\t<meta property=\"og:image:width\" content=\"810\" \/>\n\t<meta property=\"og:image:height\" content=\"457\" \/>\n\t<meta property=\"og:image:type\" content=\"image\/jpeg\" \/>\n<meta name=\"author\" content=\"\u017baneta Mrozek-Siewierska\" \/>\n<meta name=\"twitter:card\" content=\"summary_large_image\" \/>\n<meta name=\"twitter:creator\" content=\"@24gliwice\" \/>\n<meta name=\"twitter:site\" content=\"@24gliwice\" \/>\n<meta name=\"twitter:label1\" content=\"Napisane przez\" \/>\n\t<meta name=\"twitter:data1\" content=\"\u017baneta Mrozek-Siewierska\" \/>\n\t<meta name=\"twitter:label2\" content=\"Szacowany czas czytania\" \/>\n\t<meta name=\"twitter:data2\" content=\"3 minuty\" \/>\n<script type=\"application\/ld+json\" class=\"yoast-schema-graph\">{\"@context\":\"https:\\\/\\\/schema.org\",\"@graph\":[{\"@type\":\"Article\",\"@id\":\"https:\\\/\\\/www.24gliwice.pl\\\/wiadomosci\\\/co-robic-z-dziecmi-z-niedzielne-popoludnia-amok-zaprasza-na-kinowe-podwieczorki\\\/#article\",\"isPartOf\":{\"@id\":\"https:\\\/\\\/www.24gliwice.pl\\\/wiadomosci\\\/co-robic-z-dziecmi-z-niedzielne-popoludnia-amok-zaprasza-na-kinowe-podwieczorki\\\/\"},\"author\":{\"name\":\"\u017baneta Mrozek-Siewierska\",\"@id\":\"https:\\\/\\\/www.24gliwice.pl\\\/wiadomosci\\\/#\\\/schema\\\/person\\\/e42c650edd7f2fa332be3811fb166b6e\"},\"headline\":\"Co robi\u0107 z dzie\u0107mi z niedzielne popo\u0142udnia? Amok zaprasza na Kinowe podwieczorki\",\"datePublished\":\"2022-03-06T09:53:12+00:00\",\"mainEntityOfPage\":{\"@id\":\"https:\\\/\\\/www.24gliwice.pl\\\/wiadomosci\\\/co-robic-z-dziecmi-z-niedzielne-popoludnia-amok-zaprasza-na-kinowe-podwieczorki\\\/\"},\"wordCount\":523,\"commentCount\":0,\"publisher\":{\"@id\":\"https:\\\/\\\/www.24gliwice.pl\\\/wiadomosci\\\/#organization\"},\"image\":{\"@id\":\"https:\\\/\\\/www.24gliwice.pl\\\/wiadomosci\\\/co-robic-z-dziecmi-z-niedzielne-popoludnia-amok-zaprasza-na-kinowe-podwieczorki\\\/#primaryimage\"},\"thumbnailUrl\":\"https:\\\/\\\/www.24gliwice.pl\\\/wiadomosci\\\/wp-content\\\/uploads\\\/2022\\\/03\\\/Amok-za-duzy-na-bajki-fot-ja-talacha.jpg\",\"keywords\":[\"AMOK\"],\"articleSection\":[\"Gliwice\",\"Kultura, wydarzenia, imprezy\",\"Najnowsze wiadomo\u015bci\"],\"inLanguage\":\"pl-PL\",\"potentialAction\":[{\"@type\":\"CommentAction\",\"name\":\"Comment\",\"target\":[\"https:\\\/\\\/www.24gliwice.pl\\\/wiadomosci\\\/co-robic-z-dziecmi-z-niedzielne-popoludnia-amok-zaprasza-na-kinowe-podwieczorki\\\/#respond\"]}]},{\"@type\":\"WebPage\",\"@id\":\"https:\\\/\\\/www.24gliwice.pl\\\/wiadomosci\\\/co-robic-z-dziecmi-z-niedzielne-popoludnia-amok-zaprasza-na-kinowe-podwieczorki\\\/\",\"url\":\"https:\\\/\\\/www.24gliwice.pl\\\/wiadomosci\\\/co-robic-z-dziecmi-z-niedzielne-popoludnia-amok-zaprasza-na-kinowe-podwieczorki\\\/\",\"name\":\"Co robi\u0107 z dzie\u0107mi z niedzielne popo\u0142udnia? Amok zaprasza na Kinowe podwieczorki - 24GLIWICE - Portal Gliwice | codziennie nowe informacje\",\"isPartOf\":{\"@id\":\"https:\\\/\\\/www.24gliwice.pl\\\/wiadomosci\\\/#website\"},\"primaryImageOfPage\":{\"@id\":\"https:\\\/\\\/www.24gliwice.pl\\\/wiadomosci\\\/co-robic-z-dziecmi-z-niedzielne-popoludnia-amok-zaprasza-na-kinowe-podwieczorki\\\/#primaryimage\"},\"image\":{\"@id\":\"https:\\\/\\\/www.24gliwice.pl\\\/wiadomosci\\\/co-robic-z-dziecmi-z-niedzielne-popoludnia-amok-zaprasza-na-kinowe-podwieczorki\\\/#primaryimage\"},\"thumbnailUrl\":\"https:\\\/\\\/www.24gliwice.pl\\\/wiadomosci\\\/wp-content\\\/uploads\\\/2022\\\/03\\\/Amok-za-duzy-na-bajki-fot-ja-talacha.jpg\",\"datePublished\":\"2022-03-06T09:53:12+00:00\",\"breadcrumb\":{\"@id\":\"https:\\\/\\\/www.24gliwice.pl\\\/wiadomosci\\\/co-robic-z-dziecmi-z-niedzielne-popoludnia-amok-zaprasza-na-kinowe-podwieczorki\\\/#breadcrumb\"},\"inLanguage\":\"pl-PL\",\"potentialAction\":[{\"@type\":\"ReadAction\",\"target\":[\"https:\\\/\\\/www.24gliwice.pl\\\/wiadomosci\\\/co-robic-z-dziecmi-z-niedzielne-popoludnia-amok-zaprasza-na-kinowe-podwieczorki\\\/\"]}]},{\"@type\":\"ImageObject\",\"inLanguage\":\"pl-PL\",\"@id\":\"https:\\\/\\\/www.24gliwice.pl\\\/wiadomosci\\\/co-robic-z-dziecmi-z-niedzielne-popoludnia-amok-zaprasza-na-kinowe-podwieczorki\\\/#primaryimage\",\"url\":\"https:\\\/\\\/www.24gliwice.pl\\\/wiadomosci\\\/wp-content\\\/uploads\\\/2022\\\/03\\\/Amok-za-duzy-na-bajki-fot-ja-talacha.jpg\",\"contentUrl\":\"https:\\\/\\\/www.24gliwice.pl\\\/wiadomosci\\\/wp-content\\\/uploads\\\/2022\\\/03\\\/Amok-za-duzy-na-bajki-fot-ja-talacha.jpg\",\"width\":810,\"height\":457},{\"@type\":\"BreadcrumbList\",\"@id\":\"https:\\\/\\\/www.24gliwice.pl\\\/wiadomosci\\\/co-robic-z-dziecmi-z-niedzielne-popoludnia-amok-zaprasza-na-kinowe-podwieczorki\\\/#breadcrumb\",\"itemListElement\":[{\"@type\":\"ListItem\",\"position\":1,\"name\":\"Strona g\u0142\u00f3wna\",\"item\":\"https:\\\/\\\/www.24gliwice.pl\\\/wiadomosci\\\/\"},{\"@type\":\"ListItem\",\"position\":2,\"name\":\"Co robi\u0107 z dzie\u0107mi z niedzielne popo\u0142udnia? Amok zaprasza na Kinowe podwieczorki\"}]},{\"@type\":\"WebSite\",\"@id\":\"https:\\\/\\\/www.24gliwice.pl\\\/wiadomosci\\\/#website\",\"url\":\"https:\\\/\\\/www.24gliwice.pl\\\/wiadomosci\\\/\",\"name\":\"24GLIWICE - Portal Gliwice | codziennie nowe wiadomo\u015bci\",\"description\":\"Portal Miejski Gliwice\",\"publisher\":{\"@id\":\"https:\\\/\\\/www.24gliwice.pl\\\/wiadomosci\\\/#organization\"},\"potentialAction\":[{\"@type\":\"SearchAction\",\"target\":{\"@type\":\"EntryPoint\",\"urlTemplate\":\"https:\\\/\\\/www.24gliwice.pl\\\/wiadomosci\\\/?s={search_term_string}\"},\"query-input\":{\"@type\":\"PropertyValueSpecification\",\"valueRequired\":true,\"valueName\":\"search_term_string\"}}],\"inLanguage\":\"pl-PL\"},{\"@type\":\"Organization\",\"@id\":\"https:\\\/\\\/www.24gliwice.pl\\\/wiadomosci\\\/#organization\",\"name\":\"24gliwice\",\"url\":\"https:\\\/\\\/www.24gliwice.pl\\\/wiadomosci\\\/\",\"logo\":{\"@type\":\"ImageObject\",\"inLanguage\":\"pl-PL\",\"@id\":\"https:\\\/\\\/www.24gliwice.pl\\\/wiadomosci\\\/#\\\/schema\\\/logo\\\/image\\\/\",\"url\":\"https:\\\/\\\/www.24gliwice.pl\\\/wiadomosci\\\/wp-content\\\/uploads\\\/2024\\\/10\\\/24gliwice-logo-696.jpg\",\"contentUrl\":\"https:\\\/\\\/www.24gliwice.pl\\\/wiadomosci\\\/wp-content\\\/uploads\\\/2024\\\/10\\\/24gliwice-logo-696.jpg\",\"width\":696,\"height\":696,\"caption\":\"24gliwice\"},\"image\":{\"@id\":\"https:\\\/\\\/www.24gliwice.pl\\\/wiadomosci\\\/#\\\/schema\\\/logo\\\/image\\\/\"},\"sameAs\":[\"https:\\\/\\\/www.facebook.com\\\/24gliwice\",\"https:\\\/\\\/x.com\\\/24gliwice\",\"https:\\\/\\\/www.youtube.com\\\/@24gliwice\"]},{\"@type\":\"Person\",\"@id\":\"https:\\\/\\\/www.24gliwice.pl\\\/wiadomosci\\\/#\\\/schema\\\/person\\\/e42c650edd7f2fa332be3811fb166b6e\",\"name\":\"\u017baneta Mrozek-Siewierska\",\"image\":{\"@type\":\"ImageObject\",\"inLanguage\":\"pl-PL\",\"@id\":\"https:\\\/\\\/www.24gliwice.pl\\\/wiadomosci\\\/wp-content\\\/uploads\\\/2021\\\/11\\\/Zaneta-M_S-zdjecie-czb-96x96.jpg\",\"url\":\"https:\\\/\\\/www.24gliwice.pl\\\/wiadomosci\\\/wp-content\\\/uploads\\\/2021\\\/11\\\/Zaneta-M_S-zdjecie-czb-96x96.jpg\",\"contentUrl\":\"https:\\\/\\\/www.24gliwice.pl\\\/wiadomosci\\\/wp-content\\\/uploads\\\/2021\\\/11\\\/Zaneta-M_S-zdjecie-czb-96x96.jpg\",\"caption\":\"\u017baneta Mrozek-Siewierska\"},\"url\":\"https:\\\/\\\/www.24gliwice.pl\\\/wiadomosci\\\/author\\\/zms\\\/\"}]}<\/script>\n<!-- \/ Yoast SEO plugin. -->","yoast_head_json":{"title":"Co robi\u0107 z dzie\u0107mi z niedzielne popo\u0142udnia? Amok zaprasza na Kinowe podwieczorki - 24GLIWICE - Portal Gliwice | codziennie nowe informacje","robots":{"index":"index","follow":"follow","max-snippet":"max-snippet:-1","max-image-preview":"max-image-preview:large","max-video-preview":"max-video-preview:-1"},"canonical":"https:\/\/www.24gliwice.pl\/wiadomosci\/co-robic-z-dziecmi-z-niedzielne-popoludnia-amok-zaprasza-na-kinowe-podwieczorki\/","og_locale":"pl_PL","og_type":"article","og_title":"Co robi\u0107 z dzie\u0107mi z niedzielne popo\u0142udnia? Amok zaprasza na Kinowe podwieczorki - 24GLIWICE - Portal Gliwice | codziennie nowe informacje","og_description":"Kino Amok ma propozycj\u0119 na niedzielnie popo\u0142udnia &#8211; Kinowe Podwieczorki dla ca\u0142ej rodziny. Na ekranie b\u0119d\u0105 wy\u015bwietlane wyj\u0105tkowe, sprowadzane z mi\u0119dzynarodowych festiwali, filmy dla m\u0142odych widz\u00f3w. &nbsp; Na pocz\u0105tek w niedziel\u0119, 6 marca, o godzinie 16:15 mo\u017cna wybra\u0107 si\u0119 na produkcj\u0119 &#8220;Martin i magiczny las&#8221;, kt\u00f3r\u0105 wyre\u017cyserowa\u0142 Petr Oukropec (Czechy, Niemcy, S\u0142owacja 2021, dubbing, familijny, [&hellip;]","og_url":"https:\/\/www.24gliwice.pl\/wiadomosci\/co-robic-z-dziecmi-z-niedzielne-popoludnia-amok-zaprasza-na-kinowe-podwieczorki\/","og_site_name":"24GLIWICE - Portal Gliwice | codziennie nowe informacje","article_publisher":"https:\/\/www.facebook.com\/24gliwice","article_published_time":"2022-03-06T09:53:12+00:00","og_image":[{"width":810,"height":457,"url":"https:\/\/www.24gliwice.pl\/wiadomosci\/wp-content\/uploads\/2022\/03\/Amok-za-duzy-na-bajki-fot-ja-talacha.jpg","type":"image\/jpeg"}],"author":"\u017baneta Mrozek-Siewierska","twitter_card":"summary_large_image","twitter_creator":"@24gliwice","twitter_site":"@24gliwice","twitter_misc":{"Napisane przez":"\u017baneta Mrozek-Siewierska","Szacowany czas czytania":"3 minuty"},"schema":{"@context":"https:\/\/schema.org","@graph":[{"@type":"Article","@id":"https:\/\/www.24gliwice.pl\/wiadomosci\/co-robic-z-dziecmi-z-niedzielne-popoludnia-amok-zaprasza-na-kinowe-podwieczorki\/#article","isPartOf":{"@id":"https:\/\/www.24gliwice.pl\/wiadomosci\/co-robic-z-dziecmi-z-niedzielne-popoludnia-amok-zaprasza-na-kinowe-podwieczorki\/"},"author":{"name":"\u017baneta Mrozek-Siewierska","@id":"https:\/\/www.24gliwice.pl\/wiadomosci\/#\/schema\/person\/e42c650edd7f2fa332be3811fb166b6e"},"headline":"Co robi\u0107 z dzie\u0107mi z niedzielne popo\u0142udnia? Amok zaprasza na Kinowe podwieczorki","datePublished":"2022-03-06T09:53:12+00:00","mainEntityOfPage":{"@id":"https:\/\/www.24gliwice.pl\/wiadomosci\/co-robic-z-dziecmi-z-niedzielne-popoludnia-amok-zaprasza-na-kinowe-podwieczorki\/"},"wordCount":523,"commentCount":0,"publisher":{"@id":"https:\/\/www.24gliwice.pl\/wiadomosci\/#organization"},"image":{"@id":"https:\/\/www.24gliwice.pl\/wiadomosci\/co-robic-z-dziecmi-z-niedzielne-popoludnia-amok-zaprasza-na-kinowe-podwieczorki\/#primaryimage"},"thumbnailUrl":"https:\/\/www.24gliwice.pl\/wiadomosci\/wp-content\/uploads\/2022\/03\/Amok-za-duzy-na-bajki-fot-ja-talacha.jpg","keywords":["AMOK"],"articleSection":["Gliwice","Kultura, wydarzenia, imprezy","Najnowsze wiadomo\u015bci"],"inLanguage":"pl-PL","potentialAction":[{"@type":"CommentAction","name":"Comment","target":["https:\/\/www.24gliwice.pl\/wiadomosci\/co-robic-z-dziecmi-z-niedzielne-popoludnia-amok-zaprasza-na-kinowe-podwieczorki\/#respond"]}]},{"@type":"WebPage","@id":"https:\/\/www.24gliwice.pl\/wiadomosci\/co-robic-z-dziecmi-z-niedzielne-popoludnia-amok-zaprasza-na-kinowe-podwieczorki\/","url":"https:\/\/www.24gliwice.pl\/wiadomosci\/co-robic-z-dziecmi-z-niedzielne-popoludnia-amok-zaprasza-na-kinowe-podwieczorki\/","name":"Co robi\u0107 z dzie\u0107mi z niedzielne popo\u0142udnia? Amok zaprasza na Kinowe podwieczorki - 24GLIWICE - Portal Gliwice | codziennie nowe informacje","isPartOf":{"@id":"https:\/\/www.24gliwice.pl\/wiadomosci\/#website"},"primaryImageOfPage":{"@id":"https:\/\/www.24gliwice.pl\/wiadomosci\/co-robic-z-dziecmi-z-niedzielne-popoludnia-amok-zaprasza-na-kinowe-podwieczorki\/#primaryimage"},"image":{"@id":"https:\/\/www.24gliwice.pl\/wiadomosci\/co-robic-z-dziecmi-z-niedzielne-popoludnia-amok-zaprasza-na-kinowe-podwieczorki\/#primaryimage"},"thumbnailUrl":"https:\/\/www.24gliwice.pl\/wiadomosci\/wp-content\/uploads\/2022\/03\/Amok-za-duzy-na-bajki-fot-ja-talacha.jpg","datePublished":"2022-03-06T09:53:12+00:00","breadcrumb":{"@id":"https:\/\/www.24gliwice.pl\/wiadomosci\/co-robic-z-dziecmi-z-niedzielne-popoludnia-amok-zaprasza-na-kinowe-podwieczorki\/#breadcrumb"},"inLanguage":"pl-PL","potentialAction":[{"@type":"ReadAction","target":["https:\/\/www.24gliwice.pl\/wiadomosci\/co-robic-z-dziecmi-z-niedzielne-popoludnia-amok-zaprasza-na-kinowe-podwieczorki\/"]}]},{"@type":"ImageObject","inLanguage":"pl-PL","@id":"https:\/\/www.24gliwice.pl\/wiadomosci\/co-robic-z-dziecmi-z-niedzielne-popoludnia-amok-zaprasza-na-kinowe-podwieczorki\/#primaryimage","url":"https:\/\/www.24gliwice.pl\/wiadomosci\/wp-content\/uploads\/2022\/03\/Amok-za-duzy-na-bajki-fot-ja-talacha.jpg","contentUrl":"https:\/\/www.24gliwice.pl\/wiadomosci\/wp-content\/uploads\/2022\/03\/Amok-za-duzy-na-bajki-fot-ja-talacha.jpg","width":810,"height":457},{"@type":"BreadcrumbList","@id":"https:\/\/www.24gliwice.pl\/wiadomosci\/co-robic-z-dziecmi-z-niedzielne-popoludnia-amok-zaprasza-na-kinowe-podwieczorki\/#breadcrumb","itemListElement":[{"@type":"ListItem","position":1,"name":"Strona g\u0142\u00f3wna","item":"https:\/\/www.24gliwice.pl\/wiadomosci\/"},{"@type":"ListItem","position":2,"name":"Co robi\u0107 z dzie\u0107mi z niedzielne popo\u0142udnia? Amok zaprasza na Kinowe podwieczorki"}]},{"@type":"WebSite","@id":"https:\/\/www.24gliwice.pl\/wiadomosci\/#website","url":"https:\/\/www.24gliwice.pl\/wiadomosci\/","name":"24GLIWICE - Portal Gliwice | codziennie nowe wiadomo\u015bci","description":"Portal Miejski Gliwice","publisher":{"@id":"https:\/\/www.24gliwice.pl\/wiadomosci\/#organization"},"potentialAction":[{"@type":"SearchAction","target":{"@type":"EntryPoint","urlTemplate":"https:\/\/www.24gliwice.pl\/wiadomosci\/?s={search_term_string}"},"query-input":{"@type":"PropertyValueSpecification","valueRequired":true,"valueName":"search_term_string"}}],"inLanguage":"pl-PL"},{"@type":"Organization","@id":"https:\/\/www.24gliwice.pl\/wiadomosci\/#organization","name":"24gliwice","url":"https:\/\/www.24gliwice.pl\/wiadomosci\/","logo":{"@type":"ImageObject","inLanguage":"pl-PL","@id":"https:\/\/www.24gliwice.pl\/wiadomosci\/#\/schema\/logo\/image\/","url":"https:\/\/www.24gliwice.pl\/wiadomosci\/wp-content\/uploads\/2024\/10\/24gliwice-logo-696.jpg","contentUrl":"https:\/\/www.24gliwice.pl\/wiadomosci\/wp-content\/uploads\/2024\/10\/24gliwice-logo-696.jpg","width":696,"height":696,"caption":"24gliwice"},"image":{"@id":"https:\/\/www.24gliwice.pl\/wiadomosci\/#\/schema\/logo\/image\/"},"sameAs":["https:\/\/www.facebook.com\/24gliwice","https:\/\/x.com\/24gliwice","https:\/\/www.youtube.com\/@24gliwice"]},{"@type":"Person","@id":"https:\/\/www.24gliwice.pl\/wiadomosci\/#\/schema\/person\/e42c650edd7f2fa332be3811fb166b6e","name":"\u017baneta Mrozek-Siewierska","image":{"@type":"ImageObject","inLanguage":"pl-PL","@id":"https:\/\/www.24gliwice.pl\/wiadomosci\/wp-content\/uploads\/2021\/11\/Zaneta-M_S-zdjecie-czb-96x96.jpg","url":"https:\/\/www.24gliwice.pl\/wiadomosci\/wp-content\/uploads\/2021\/11\/Zaneta-M_S-zdjecie-czb-96x96.jpg","contentUrl":"https:\/\/www.24gliwice.pl\/wiadomosci\/wp-content\/uploads\/2021\/11\/Zaneta-M_S-zdjecie-czb-96x96.jpg","caption":"\u017baneta Mrozek-Siewierska"},"url":"https:\/\/www.24gliwice.pl\/wiadomosci\/author\/zms\/"}]}},"_links":{"self":[{"href":"https:\/\/www.24gliwice.pl\/wiadomosci\/wp-json\/wp\/v2\/posts\/187754","targetHints":{"allow":["GET"]}}],"collection":[{"href":"https:\/\/www.24gliwice.pl\/wiadomosci\/wp-json\/wp\/v2\/posts"}],"about":[{"href":"https:\/\/www.24gliwice.pl\/wiadomosci\/wp-json\/wp\/v2\/types\/post"}],"author":[{"embeddable":true,"href":"https:\/\/www.24gliwice.pl\/wiadomosci\/wp-json\/wp\/v2\/users\/15"}],"replies":[{"embeddable":true,"href":"https:\/\/www.24gliwice.pl\/wiadomosci\/wp-json\/wp\/v2\/comments?post=187754"}],"version-history":[{"count":6,"href":"https:\/\/www.24gliwice.pl\/wiadomosci\/wp-json\/wp\/v2\/posts\/187754\/revisions"}],"predecessor-version":[{"id":187768,"href":"https:\/\/www.24gliwice.pl\/wiadomosci\/wp-json\/wp\/v2\/posts\/187754\/revisions\/187768"}],"wp:featuredmedia":[{"embeddable":true,"href":"https:\/\/www.24gliwice.pl\/wiadomosci\/wp-json\/wp\/v2\/media\/187757"}],"wp:attachment":[{"href":"https:\/\/www.24gliwice.pl\/wiadomosci\/wp-json\/wp\/v2\/media?parent=187754"}],"wp:term":[{"taxonomy":"category","embeddable":true,"href":"https:\/\/www.24gliwice.pl\/wiadomosci\/wp-json\/wp\/v2\/categories?post=187754"},{"taxonomy":"post_tag","embeddable":true,"href":"https:\/\/www.24gliwice.pl\/wiadomosci\/wp-json\/wp\/v2\/tags?post=187754"}],"curies":[{"name":"wp","href":"https:\/\/api.w.org\/{rel}","templated":true}]}}