{"id":187798,"date":"2022-03-08T11:50:27","date_gmt":"2022-03-08T10:50:27","guid":{"rendered":"https:\/\/www.24gliwice.pl\/wiadomosci\/?p=187798"},"modified":"2022-03-08T11:50:27","modified_gmt":"2022-03-08T10:50:27","slug":"gliwicykl-po-cmoku-odslona-15-gliwicka-rada-rowerowa-zaprasza-na-wieczor-na-dwoch-kolkach","status":"publish","type":"post","link":"https:\/\/www.24gliwice.pl\/wiadomosci\/gliwicykl-po-cmoku-odslona-15-gliwicka-rada-rowerowa-zaprasza-na-wieczor-na-dwoch-kolkach\/","title":{"rendered":"Gliwicykl Po \u0106moku &#8211; ods\u0142ona 15. Gliwicka Rada Rowerowa zaprasza na wiecz\u00f3r na dw\u00f3ch k\u00f3\u0142kach"},"content":{"rendered":"<div class=\"gliwi-a6-nad-leadem-artykulow gliwi-entity-placement\" id=\"gliwi-3022282244\"><div class=\"gliwi-adlabel\"><span style=\"font-size: 9px\">REKLAMA<\/span><\/div><div id=\"gliwi-3426694735\" style=\"margin-bottom: 25px;margin-left: auto;margin-right: auto;text-align: center;\"><a data-no-instant=\"1\" href=\"https:\/\/dom100.eu\/\" rel=\"noopener\" class=\"a2t-link\" target=\"_blank\" aria-label=\"20260415 DOM100 D\"><img loading=\"lazy\" decoding=\"async\" src=\"https:\/\/www.24gliwice.pl\/wiadomosci\/wp-content\/uploads\/2026\/04\/20260415-DOM100-D.jpg\" alt=\"\"  srcset=\"https:\/\/www.24gliwice.pl\/wiadomosci\/wp-content\/uploads\/2026\/04\/20260415-DOM100-D.jpg 750w, https:\/\/www.24gliwice.pl\/wiadomosci\/wp-content\/uploads\/2026\/04\/20260415-DOM100-D-410x109.jpg 410w\" sizes=\"(max-width: 750px) 100vw, 750px\" class=\"no-lazyload\" width=\"750\" height=\"200\"  style=\"display: inline-block; max-width: 100%; height: auto;\" \/><\/a><\/div><\/div><h2>Dobre o\u015bwietlenie jedno\u015bladu, kask i odblaskowa odzie\u017c, to podstawowe wyposa\u017cenie os\u00f3b, kt\u00f3re chcia\u0142yby wzi\u0105\u0107 udzia\u0142 w wydarzeniu organizowanym przez Gliwick\u0105 Rad\u0119 Rowerow\u0105. Gliwicykl Po \u0106moku wyruszy w poniedzia\u0142ek, 14 marca, z pl. Pi\u0142sudskiego.<\/h2>\n<p>&nbsp;<br \/>\nStart wyprawy o 17:30. Przejazd rowerowy przewidziano na oko\u0142o 2 godziny. <\/p>\n<p>&#8211; <em>Wiemy, \u017ce Wasze g\u0142owy mog\u0105 by\u0107 teraz zaj\u0119te wieloma wa\u017cnymi sprawami. Ale wiemy te\u017c, \u017ce do skutecznego dzia\u0142ania potrzebne jest regularne wietrzenie my\u015bli. Dlatego zapraszamy na kolejn\u0105 oko\u0142o 20 km p\u0119tl\u0119 po p\u00f3\u0142nocnej cz\u0119\u015bci Gliwic<\/em> &#8211; przekazuje organizator &#8211; stowarzyszenie GRR. <\/p><div class=\"gliwi-a3-w-tresci-artykulow gliwi-entity-placement\" id=\"gliwi-313869573\"><div class=\"gliwi-adlabel\"><span style=\"font-size: 9px\">REKLAMA<\/span><\/div><div id=\"gliwi-381862233\" style=\"margin-bottom: 30px;margin-left: auto;margin-right: auto;text-align: center;\"><a data-no-instant=\"1\" href=\"https:\/\/zlobek.halogen.org.pl\/\" rel=\"noopener\" class=\"a2t-link\" target=\"_blank\" aria-label=\"animator-zlobek_750x200\"><img loading=\"lazy\" decoding=\"async\" src=\"https:\/\/www.24gliwice.pl\/wiadomosci\/wp-content\/uploads\/2026\/02\/animator-zlobek_750x200.webp\" alt=\"\"  srcset=\"https:\/\/www.24gliwice.pl\/wiadomosci\/wp-content\/uploads\/2026\/02\/animator-zlobek_750x200.webp 750w, https:\/\/www.24gliwice.pl\/wiadomosci\/wp-content\/uploads\/2026\/02\/animator-zlobek_750x200-410x109.webp 410w\" sizes=\"(max-width: 750px) 100vw, 750px\" class=\"no-lazyload\" width=\"750\" height=\"200\"  style=\"display: inline-block; max-width: 100%; height: auto;\" \/><\/a><\/div><\/div>\n<blockquote><p><em>Zaczynamy w poniedzia\u0142ek, 14 marca o 17:30 na placu Pi\u0142sudskiego. Obowi\u0105zkowe prawid\u0142owe o\u015bwietlenie rower\u00f3w, wskazana odzie\u017c o zwi\u0119kszonej widzialno\u015bci<\/em><\/p><\/blockquote>\n<p>&#8211; dodaje Rada. <\/p>\n<p>Gliwicykl to nieko\u0144cz\u0105cy si\u0119 cykl kr\u00f3tkich wycieczek rowerowych po Gliwicach i okolicy. Celami Gliwicyklu s\u0105: zapoznanie gliwiczan z infrastruktur\u0105 rowerow\u0105 Gliwic i okolic, zach\u0119cenie mieszka\u0144c\u00f3w do jazdy rowerem po mie\u015bcie, promocja poprawnych zachowa\u0144 rowerzyst\u00f3w w ruchu ulicznym, a tak\u017ce promocja roweru jako ca\u0142orocznego \u015brodka transportu.<\/p>\n<p>Regulamin wydarzenia znajduje si\u0119 na stronie <a href=\"https:\/\/grr.org.pl\/gliwicykl?fbclid=IwAR2AYVEKR2ewxFg1M4SKuGJGALo2x7DzS5FykdnMQu3qe9Ose_vuyagCnhc\" rel=\"noopener\" target=\"_blank\">GRR.org.pl<\/a>. <\/p>\n<p>Trasa przejazdu obejmuje kilka gliwickich dzielnic, a tak\u017ce Sza\u0142sz\u0119 i Zabrze &#8211; mo\u017cna j\u0105 sprawdzi\u0107 na poni\u017cszej mapie. <\/p>\n<p><iframe src=\"https:\/\/ridewithgps.com\/embeds?type=route&#038;id=38694783&#038;sampleGraph=true\" style=\"width: 1px; min-width: 100%; height: 700px; border: none;\" scrolling=\"no\"><\/iframe><\/p>\n<p><a href=\"https:\/\/www.facebook.com\/events\/1020919875522468\" rel=\"noopener\" target=\"_blank\">Wydarzenie w serwisie facebook.com &#8211;  kliknij tutaj. <\/a><\/p>\n<p>(\u017cms)\/GRR.org.pl<br \/>\nfot. Gliwicka Rada Rowerowa (FB)<\/p>\n<div class=\"gliwi-a5-na-koncu-artykulow gliwi-entity-placement\" id=\"gliwi-1998170498\"><div class=\"gliwi-adlabel\"><span style=\"font-size: 9px\">REKLAMA<\/span><\/div><div id=\"gliwi-222398334\" style=\"margin-left: auto;margin-right: auto;text-align: center;\"><a data-no-instant=\"1\" href=\"https:\/\/prezeroarenagliwice.pl\/\" rel=\"noopener\" class=\"a2t-link\" target=\"_blank\" aria-label=\"20260309-PREZERO-WIOSNA-D\"><img loading=\"lazy\" decoding=\"async\" src=\"https:\/\/www.24gliwice.pl\/wiadomosci\/wp-content\/uploads\/2026\/03\/20260309-PREZERO-WIOSNA-D.webp\" alt=\"\"  srcset=\"https:\/\/www.24gliwice.pl\/wiadomosci\/wp-content\/uploads\/2026\/03\/20260309-PREZERO-WIOSNA-D.webp 750w, https:\/\/www.24gliwice.pl\/wiadomosci\/wp-content\/uploads\/2026\/03\/20260309-PREZERO-WIOSNA-D-410x109.webp 410w\" sizes=\"(max-width: 750px) 100vw, 750px\" class=\"no-lazyload\" width=\"750\" height=\"200\"  style=\"display: inline-block; max-width: 100%; height: auto;\" \/><\/a><\/div><\/div>","protected":false},"excerpt":{"rendered":"<p>Dobre o\u015bwietlenie jedno\u015bladu, kask i odblaskowa odzie\u017c, to podstawowe wyposa\u017cenie os\u00f3b, kt\u00f3re chcia\u0142yby wzi\u0105\u0107 udzia\u0142 w wydarzeniu organizowanym przez Gliwick\u0105 Rad\u0119 Rowerow\u0105. Gliwicykl Po \u0106moku wyruszy w poniedzia\u0142ek, 14 marca, z pl. Pi\u0142sudskiego. &nbsp; Start wyprawy o 17:30. Przejazd rowerowy przewidziano na oko\u0142o 2 godziny. &#8211; Wiemy, \u017ce Wasze g\u0142owy mog\u0105 by\u0107 teraz zaj\u0119te wieloma [&hellip;]<\/p>\n","protected":false},"author":15,"featured_media":187817,"comment_status":"open","ping_status":"closed","sticky":false,"template":"","format":"standard","meta":{"_monsterinsights_skip_tracking":false,"_monsterinsights_sitenote_active":false,"_monsterinsights_sitenote_note":"","_monsterinsights_sitenote_category":0,"footnotes":"","_links_to":"","_links_to_target":""},"categories":[3,6,1],"tags":[7104,20802],"class_list":["post-187798","post","type-post","status-publish","format-standard","has-post-thumbnail","hentry","category-gliwice","category-kultura","category-wszystko","tag-gliwicka-rada-rowerowa","tag-gliwicykl-po-cmoku"],"yoast_head":"<!-- This site is optimized with the Yoast SEO plugin v27.5 - https:\/\/yoast.com\/product\/yoast-seo-wordpress\/ -->\n<title>Gliwicykl Po \u0106moku - ods\u0142ona 15. Gliwicka Rada Rowerowa zaprasza na wiecz\u00f3r na dw\u00f3ch k\u00f3\u0142kach - 24GLIWICE - Portal Gliwice | codziennie nowe informacje<\/title>\n<meta name=\"description\" content=\"Wieczorny przejazd rowerowy po kilku dzielnicach Gliwic to wydarzenie organizowane przez stowarzyszenie GRR. Ka\u017cdy mo\u017ce do\u0142\u0105czy\u0107\" \/>\n<meta name=\"robots\" content=\"index, follow, max-snippet:-1, max-image-preview:large, max-video-preview:-1\" \/>\n<link rel=\"canonical\" href=\"https:\/\/www.24gliwice.pl\/wiadomosci\/gliwicykl-po-cmoku-odslona-15-gliwicka-rada-rowerowa-zaprasza-na-wieczor-na-dwoch-kolkach\/\" \/>\n<meta property=\"og:locale\" content=\"pl_PL\" \/>\n<meta property=\"og:type\" content=\"article\" \/>\n<meta property=\"og:title\" content=\"Gliwicykl Po \u0106moku - ods\u0142ona 15. Gliwicka Rada Rowerowa zaprasza na wiecz\u00f3r na dw\u00f3ch k\u00f3\u0142kach - 24GLIWICE - Portal Gliwice | codziennie nowe informacje\" \/>\n<meta property=\"og:description\" content=\"Wieczorny przejazd rowerowy po kilku dzielnicach Gliwic to wydarzenie organizowane przez stowarzyszenie GRR. Ka\u017cdy mo\u017ce do\u0142\u0105czy\u0107\" \/>\n<meta property=\"og:url\" content=\"https:\/\/www.24gliwice.pl\/wiadomosci\/gliwicykl-po-cmoku-odslona-15-gliwicka-rada-rowerowa-zaprasza-na-wieczor-na-dwoch-kolkach\/\" \/>\n<meta property=\"og:site_name\" content=\"24GLIWICE - Portal Gliwice | codziennie nowe informacje\" \/>\n<meta property=\"article:publisher\" content=\"https:\/\/www.facebook.com\/24gliwice\" \/>\n<meta property=\"article:published_time\" content=\"2022-03-08T10:50:27+00:00\" \/>\n<meta property=\"og:image\" content=\"https:\/\/www.24gliwice.pl\/wiadomosci\/wp-content\/uploads\/2022\/03\/gliwicykl-grr.jpg\" \/>\n\t<meta property=\"og:image:width\" content=\"810\" \/>\n\t<meta property=\"og:image:height\" content=\"455\" \/>\n\t<meta property=\"og:image:type\" content=\"image\/jpeg\" \/>\n<meta name=\"author\" content=\"\u017baneta Mrozek-Siewierska\" \/>\n<meta name=\"twitter:card\" content=\"summary_large_image\" \/>\n<meta name=\"twitter:creator\" content=\"@24gliwice\" \/>\n<meta name=\"twitter:site\" content=\"@24gliwice\" \/>\n<meta name=\"twitter:label1\" content=\"Napisane przez\" \/>\n\t<meta name=\"twitter:data1\" content=\"\u017baneta Mrozek-Siewierska\" \/>\n\t<meta name=\"twitter:label2\" content=\"Szacowany czas czytania\" \/>\n\t<meta name=\"twitter:data2\" content=\"1 minuta\" \/>\n<script type=\"application\/ld+json\" class=\"yoast-schema-graph\">{\"@context\":\"https:\\\/\\\/schema.org\",\"@graph\":[{\"@type\":\"Article\",\"@id\":\"https:\\\/\\\/www.24gliwice.pl\\\/wiadomosci\\\/gliwicykl-po-cmoku-odslona-15-gliwicka-rada-rowerowa-zaprasza-na-wieczor-na-dwoch-kolkach\\\/#article\",\"isPartOf\":{\"@id\":\"https:\\\/\\\/www.24gliwice.pl\\\/wiadomosci\\\/gliwicykl-po-cmoku-odslona-15-gliwicka-rada-rowerowa-zaprasza-na-wieczor-na-dwoch-kolkach\\\/\"},\"author\":{\"name\":\"\u017baneta Mrozek-Siewierska\",\"@id\":\"https:\\\/\\\/www.24gliwice.pl\\\/wiadomosci\\\/#\\\/schema\\\/person\\\/e42c650edd7f2fa332be3811fb166b6e\"},\"headline\":\"Gliwicykl Po \u0106moku &#8211; ods\u0142ona 15. Gliwicka Rada Rowerowa zaprasza na wiecz\u00f3r na dw\u00f3ch k\u00f3\u0142kach\",\"datePublished\":\"2022-03-08T10:50:27+00:00\",\"mainEntityOfPage\":{\"@id\":\"https:\\\/\\\/www.24gliwice.pl\\\/wiadomosci\\\/gliwicykl-po-cmoku-odslona-15-gliwicka-rada-rowerowa-zaprasza-na-wieczor-na-dwoch-kolkach\\\/\"},\"wordCount\":250,\"commentCount\":0,\"publisher\":{\"@id\":\"https:\\\/\\\/www.24gliwice.pl\\\/wiadomosci\\\/#organization\"},\"image\":{\"@id\":\"https:\\\/\\\/www.24gliwice.pl\\\/wiadomosci\\\/gliwicykl-po-cmoku-odslona-15-gliwicka-rada-rowerowa-zaprasza-na-wieczor-na-dwoch-kolkach\\\/#primaryimage\"},\"thumbnailUrl\":\"https:\\\/\\\/www.24gliwice.pl\\\/wiadomosci\\\/wp-content\\\/uploads\\\/2022\\\/03\\\/gliwicykl-grr.jpg\",\"keywords\":[\"GLIWICKA RADA ROWEROWA\",\"Gliwicykl Po \u0106moku\"],\"articleSection\":[\"Gliwice\",\"Kultura, wydarzenia, imprezy\",\"Najnowsze wiadomo\u015bci\"],\"inLanguage\":\"pl-PL\",\"potentialAction\":[{\"@type\":\"CommentAction\",\"name\":\"Comment\",\"target\":[\"https:\\\/\\\/www.24gliwice.pl\\\/wiadomosci\\\/gliwicykl-po-cmoku-odslona-15-gliwicka-rada-rowerowa-zaprasza-na-wieczor-na-dwoch-kolkach\\\/#respond\"]}]},{\"@type\":\"WebPage\",\"@id\":\"https:\\\/\\\/www.24gliwice.pl\\\/wiadomosci\\\/gliwicykl-po-cmoku-odslona-15-gliwicka-rada-rowerowa-zaprasza-na-wieczor-na-dwoch-kolkach\\\/\",\"url\":\"https:\\\/\\\/www.24gliwice.pl\\\/wiadomosci\\\/gliwicykl-po-cmoku-odslona-15-gliwicka-rada-rowerowa-zaprasza-na-wieczor-na-dwoch-kolkach\\\/\",\"name\":\"Gliwicykl Po \u0106moku - ods\u0142ona 15. Gliwicka Rada Rowerowa zaprasza na wiecz\u00f3r na dw\u00f3ch k\u00f3\u0142kach - 24GLIWICE - Portal Gliwice | codziennie nowe informacje\",\"isPartOf\":{\"@id\":\"https:\\\/\\\/www.24gliwice.pl\\\/wiadomosci\\\/#website\"},\"primaryImageOfPage\":{\"@id\":\"https:\\\/\\\/www.24gliwice.pl\\\/wiadomosci\\\/gliwicykl-po-cmoku-odslona-15-gliwicka-rada-rowerowa-zaprasza-na-wieczor-na-dwoch-kolkach\\\/#primaryimage\"},\"image\":{\"@id\":\"https:\\\/\\\/www.24gliwice.pl\\\/wiadomosci\\\/gliwicykl-po-cmoku-odslona-15-gliwicka-rada-rowerowa-zaprasza-na-wieczor-na-dwoch-kolkach\\\/#primaryimage\"},\"thumbnailUrl\":\"https:\\\/\\\/www.24gliwice.pl\\\/wiadomosci\\\/wp-content\\\/uploads\\\/2022\\\/03\\\/gliwicykl-grr.jpg\",\"datePublished\":\"2022-03-08T10:50:27+00:00\",\"description\":\"Wieczorny przejazd rowerowy po kilku dzielnicach Gliwic to wydarzenie organizowane przez stowarzyszenie GRR. Ka\u017cdy mo\u017ce do\u0142\u0105czy\u0107\",\"breadcrumb\":{\"@id\":\"https:\\\/\\\/www.24gliwice.pl\\\/wiadomosci\\\/gliwicykl-po-cmoku-odslona-15-gliwicka-rada-rowerowa-zaprasza-na-wieczor-na-dwoch-kolkach\\\/#breadcrumb\"},\"inLanguage\":\"pl-PL\",\"potentialAction\":[{\"@type\":\"ReadAction\",\"target\":[\"https:\\\/\\\/www.24gliwice.pl\\\/wiadomosci\\\/gliwicykl-po-cmoku-odslona-15-gliwicka-rada-rowerowa-zaprasza-na-wieczor-na-dwoch-kolkach\\\/\"]}]},{\"@type\":\"ImageObject\",\"inLanguage\":\"pl-PL\",\"@id\":\"https:\\\/\\\/www.24gliwice.pl\\\/wiadomosci\\\/gliwicykl-po-cmoku-odslona-15-gliwicka-rada-rowerowa-zaprasza-na-wieczor-na-dwoch-kolkach\\\/#primaryimage\",\"url\":\"https:\\\/\\\/www.24gliwice.pl\\\/wiadomosci\\\/wp-content\\\/uploads\\\/2022\\\/03\\\/gliwicykl-grr.jpg\",\"contentUrl\":\"https:\\\/\\\/www.24gliwice.pl\\\/wiadomosci\\\/wp-content\\\/uploads\\\/2022\\\/03\\\/gliwicykl-grr.jpg\",\"width\":810,\"height\":455,\"caption\":\"fot. archiwum GRR\"},{\"@type\":\"BreadcrumbList\",\"@id\":\"https:\\\/\\\/www.24gliwice.pl\\\/wiadomosci\\\/gliwicykl-po-cmoku-odslona-15-gliwicka-rada-rowerowa-zaprasza-na-wieczor-na-dwoch-kolkach\\\/#breadcrumb\",\"itemListElement\":[{\"@type\":\"ListItem\",\"position\":1,\"name\":\"Strona g\u0142\u00f3wna\",\"item\":\"https:\\\/\\\/www.24gliwice.pl\\\/wiadomosci\\\/\"},{\"@type\":\"ListItem\",\"position\":2,\"name\":\"Gliwicykl Po \u0106moku &#8211; ods\u0142ona 15. Gliwicka Rada Rowerowa zaprasza na wiecz\u00f3r na dw\u00f3ch k\u00f3\u0142kach\"}]},{\"@type\":\"WebSite\",\"@id\":\"https:\\\/\\\/www.24gliwice.pl\\\/wiadomosci\\\/#website\",\"url\":\"https:\\\/\\\/www.24gliwice.pl\\\/wiadomosci\\\/\",\"name\":\"24GLIWICE - Portal Gliwice | codziennie nowe wiadomo\u015bci\",\"description\":\"Portal Miejski Gliwice\",\"publisher\":{\"@id\":\"https:\\\/\\\/www.24gliwice.pl\\\/wiadomosci\\\/#organization\"},\"potentialAction\":[{\"@type\":\"SearchAction\",\"target\":{\"@type\":\"EntryPoint\",\"urlTemplate\":\"https:\\\/\\\/www.24gliwice.pl\\\/wiadomosci\\\/?s={search_term_string}\"},\"query-input\":{\"@type\":\"PropertyValueSpecification\",\"valueRequired\":true,\"valueName\":\"search_term_string\"}}],\"inLanguage\":\"pl-PL\"},{\"@type\":\"Organization\",\"@id\":\"https:\\\/\\\/www.24gliwice.pl\\\/wiadomosci\\\/#organization\",\"name\":\"24gliwice\",\"url\":\"https:\\\/\\\/www.24gliwice.pl\\\/wiadomosci\\\/\",\"logo\":{\"@type\":\"ImageObject\",\"inLanguage\":\"pl-PL\",\"@id\":\"https:\\\/\\\/www.24gliwice.pl\\\/wiadomosci\\\/#\\\/schema\\\/logo\\\/image\\\/\",\"url\":\"https:\\\/\\\/www.24gliwice.pl\\\/wiadomosci\\\/wp-content\\\/uploads\\\/2024\\\/10\\\/24gliwice-logo-696.jpg\",\"contentUrl\":\"https:\\\/\\\/www.24gliwice.pl\\\/wiadomosci\\\/wp-content\\\/uploads\\\/2024\\\/10\\\/24gliwice-logo-696.jpg\",\"width\":696,\"height\":696,\"caption\":\"24gliwice\"},\"image\":{\"@id\":\"https:\\\/\\\/www.24gliwice.pl\\\/wiadomosci\\\/#\\\/schema\\\/logo\\\/image\\\/\"},\"sameAs\":[\"https:\\\/\\\/www.facebook.com\\\/24gliwice\",\"https:\\\/\\\/x.com\\\/24gliwice\",\"https:\\\/\\\/www.youtube.com\\\/@24gliwice\"]},{\"@type\":\"Person\",\"@id\":\"https:\\\/\\\/www.24gliwice.pl\\\/wiadomosci\\\/#\\\/schema\\\/person\\\/e42c650edd7f2fa332be3811fb166b6e\",\"name\":\"\u017baneta Mrozek-Siewierska\",\"image\":{\"@type\":\"ImageObject\",\"inLanguage\":\"pl-PL\",\"@id\":\"https:\\\/\\\/secure.gravatar.com\\\/avatar\\\/1881429e9c64597c77ad7aef2d0a19be69a3253e57534d16aa15bf3a4d34a0a3?s=96&d=mm&r=g\",\"url\":\"https:\\\/\\\/secure.gravatar.com\\\/avatar\\\/1881429e9c64597c77ad7aef2d0a19be69a3253e57534d16aa15bf3a4d34a0a3?s=96&d=mm&r=g\",\"contentUrl\":\"https:\\\/\\\/secure.gravatar.com\\\/avatar\\\/1881429e9c64597c77ad7aef2d0a19be69a3253e57534d16aa15bf3a4d34a0a3?s=96&d=mm&r=g\",\"caption\":\"\u017baneta Mrozek-Siewierska\"},\"url\":\"https:\\\/\\\/www.24gliwice.pl\\\/wiadomosci\\\/author\\\/zms\\\/\"}]}<\/script>\n<!-- \/ Yoast SEO plugin. -->","yoast_head_json":{"title":"Gliwicykl Po \u0106moku - ods\u0142ona 15. Gliwicka Rada Rowerowa zaprasza na wiecz\u00f3r na dw\u00f3ch k\u00f3\u0142kach - 24GLIWICE - Portal Gliwice | codziennie nowe informacje","description":"Wieczorny przejazd rowerowy po kilku dzielnicach Gliwic to wydarzenie organizowane przez stowarzyszenie GRR. Ka\u017cdy mo\u017ce do\u0142\u0105czy\u0107","robots":{"index":"index","follow":"follow","max-snippet":"max-snippet:-1","max-image-preview":"max-image-preview:large","max-video-preview":"max-video-preview:-1"},"canonical":"https:\/\/www.24gliwice.pl\/wiadomosci\/gliwicykl-po-cmoku-odslona-15-gliwicka-rada-rowerowa-zaprasza-na-wieczor-na-dwoch-kolkach\/","og_locale":"pl_PL","og_type":"article","og_title":"Gliwicykl Po \u0106moku - ods\u0142ona 15. Gliwicka Rada Rowerowa zaprasza na wiecz\u00f3r na dw\u00f3ch k\u00f3\u0142kach - 24GLIWICE - Portal Gliwice | codziennie nowe informacje","og_description":"Wieczorny przejazd rowerowy po kilku dzielnicach Gliwic to wydarzenie organizowane przez stowarzyszenie GRR. Ka\u017cdy mo\u017ce do\u0142\u0105czy\u0107","og_url":"https:\/\/www.24gliwice.pl\/wiadomosci\/gliwicykl-po-cmoku-odslona-15-gliwicka-rada-rowerowa-zaprasza-na-wieczor-na-dwoch-kolkach\/","og_site_name":"24GLIWICE - Portal Gliwice | codziennie nowe informacje","article_publisher":"https:\/\/www.facebook.com\/24gliwice","article_published_time":"2022-03-08T10:50:27+00:00","og_image":[{"width":810,"height":455,"url":"https:\/\/www.24gliwice.pl\/wiadomosci\/wp-content\/uploads\/2022\/03\/gliwicykl-grr.jpg","type":"image\/jpeg"}],"author":"\u017baneta Mrozek-Siewierska","twitter_card":"summary_large_image","twitter_creator":"@24gliwice","twitter_site":"@24gliwice","twitter_misc":{"Napisane przez":"\u017baneta Mrozek-Siewierska","Szacowany czas czytania":"1 minuta"},"schema":{"@context":"https:\/\/schema.org","@graph":[{"@type":"Article","@id":"https:\/\/www.24gliwice.pl\/wiadomosci\/gliwicykl-po-cmoku-odslona-15-gliwicka-rada-rowerowa-zaprasza-na-wieczor-na-dwoch-kolkach\/#article","isPartOf":{"@id":"https:\/\/www.24gliwice.pl\/wiadomosci\/gliwicykl-po-cmoku-odslona-15-gliwicka-rada-rowerowa-zaprasza-na-wieczor-na-dwoch-kolkach\/"},"author":{"name":"\u017baneta Mrozek-Siewierska","@id":"https:\/\/www.24gliwice.pl\/wiadomosci\/#\/schema\/person\/e42c650edd7f2fa332be3811fb166b6e"},"headline":"Gliwicykl Po \u0106moku &#8211; ods\u0142ona 15. Gliwicka Rada Rowerowa zaprasza na wiecz\u00f3r na dw\u00f3ch k\u00f3\u0142kach","datePublished":"2022-03-08T10:50:27+00:00","mainEntityOfPage":{"@id":"https:\/\/www.24gliwice.pl\/wiadomosci\/gliwicykl-po-cmoku-odslona-15-gliwicka-rada-rowerowa-zaprasza-na-wieczor-na-dwoch-kolkach\/"},"wordCount":250,"commentCount":0,"publisher":{"@id":"https:\/\/www.24gliwice.pl\/wiadomosci\/#organization"},"image":{"@id":"https:\/\/www.24gliwice.pl\/wiadomosci\/gliwicykl-po-cmoku-odslona-15-gliwicka-rada-rowerowa-zaprasza-na-wieczor-na-dwoch-kolkach\/#primaryimage"},"thumbnailUrl":"https:\/\/www.24gliwice.pl\/wiadomosci\/wp-content\/uploads\/2022\/03\/gliwicykl-grr.jpg","keywords":["GLIWICKA RADA ROWEROWA","Gliwicykl Po \u0106moku"],"articleSection":["Gliwice","Kultura, wydarzenia, imprezy","Najnowsze wiadomo\u015bci"],"inLanguage":"pl-PL","potentialAction":[{"@type":"CommentAction","name":"Comment","target":["https:\/\/www.24gliwice.pl\/wiadomosci\/gliwicykl-po-cmoku-odslona-15-gliwicka-rada-rowerowa-zaprasza-na-wieczor-na-dwoch-kolkach\/#respond"]}]},{"@type":"WebPage","@id":"https:\/\/www.24gliwice.pl\/wiadomosci\/gliwicykl-po-cmoku-odslona-15-gliwicka-rada-rowerowa-zaprasza-na-wieczor-na-dwoch-kolkach\/","url":"https:\/\/www.24gliwice.pl\/wiadomosci\/gliwicykl-po-cmoku-odslona-15-gliwicka-rada-rowerowa-zaprasza-na-wieczor-na-dwoch-kolkach\/","name":"Gliwicykl Po \u0106moku - ods\u0142ona 15. Gliwicka Rada Rowerowa zaprasza na wiecz\u00f3r na dw\u00f3ch k\u00f3\u0142kach - 24GLIWICE - Portal Gliwice | codziennie nowe informacje","isPartOf":{"@id":"https:\/\/www.24gliwice.pl\/wiadomosci\/#website"},"primaryImageOfPage":{"@id":"https:\/\/www.24gliwice.pl\/wiadomosci\/gliwicykl-po-cmoku-odslona-15-gliwicka-rada-rowerowa-zaprasza-na-wieczor-na-dwoch-kolkach\/#primaryimage"},"image":{"@id":"https:\/\/www.24gliwice.pl\/wiadomosci\/gliwicykl-po-cmoku-odslona-15-gliwicka-rada-rowerowa-zaprasza-na-wieczor-na-dwoch-kolkach\/#primaryimage"},"thumbnailUrl":"https:\/\/www.24gliwice.pl\/wiadomosci\/wp-content\/uploads\/2022\/03\/gliwicykl-grr.jpg","datePublished":"2022-03-08T10:50:27+00:00","description":"Wieczorny przejazd rowerowy po kilku dzielnicach Gliwic to wydarzenie organizowane przez stowarzyszenie GRR. Ka\u017cdy mo\u017ce do\u0142\u0105czy\u0107","breadcrumb":{"@id":"https:\/\/www.24gliwice.pl\/wiadomosci\/gliwicykl-po-cmoku-odslona-15-gliwicka-rada-rowerowa-zaprasza-na-wieczor-na-dwoch-kolkach\/#breadcrumb"},"inLanguage":"pl-PL","potentialAction":[{"@type":"ReadAction","target":["https:\/\/www.24gliwice.pl\/wiadomosci\/gliwicykl-po-cmoku-odslona-15-gliwicka-rada-rowerowa-zaprasza-na-wieczor-na-dwoch-kolkach\/"]}]},{"@type":"ImageObject","inLanguage":"pl-PL","@id":"https:\/\/www.24gliwice.pl\/wiadomosci\/gliwicykl-po-cmoku-odslona-15-gliwicka-rada-rowerowa-zaprasza-na-wieczor-na-dwoch-kolkach\/#primaryimage","url":"https:\/\/www.24gliwice.pl\/wiadomosci\/wp-content\/uploads\/2022\/03\/gliwicykl-grr.jpg","contentUrl":"https:\/\/www.24gliwice.pl\/wiadomosci\/wp-content\/uploads\/2022\/03\/gliwicykl-grr.jpg","width":810,"height":455,"caption":"fot. archiwum GRR"},{"@type":"BreadcrumbList","@id":"https:\/\/www.24gliwice.pl\/wiadomosci\/gliwicykl-po-cmoku-odslona-15-gliwicka-rada-rowerowa-zaprasza-na-wieczor-na-dwoch-kolkach\/#breadcrumb","itemListElement":[{"@type":"ListItem","position":1,"name":"Strona g\u0142\u00f3wna","item":"https:\/\/www.24gliwice.pl\/wiadomosci\/"},{"@type":"ListItem","position":2,"name":"Gliwicykl Po \u0106moku &#8211; ods\u0142ona 15. Gliwicka Rada Rowerowa zaprasza na wiecz\u00f3r na dw\u00f3ch k\u00f3\u0142kach"}]},{"@type":"WebSite","@id":"https:\/\/www.24gliwice.pl\/wiadomosci\/#website","url":"https:\/\/www.24gliwice.pl\/wiadomosci\/","name":"24GLIWICE - Portal Gliwice | codziennie nowe wiadomo\u015bci","description":"Portal Miejski Gliwice","publisher":{"@id":"https:\/\/www.24gliwice.pl\/wiadomosci\/#organization"},"potentialAction":[{"@type":"SearchAction","target":{"@type":"EntryPoint","urlTemplate":"https:\/\/www.24gliwice.pl\/wiadomosci\/?s={search_term_string}"},"query-input":{"@type":"PropertyValueSpecification","valueRequired":true,"valueName":"search_term_string"}}],"inLanguage":"pl-PL"},{"@type":"Organization","@id":"https:\/\/www.24gliwice.pl\/wiadomosci\/#organization","name":"24gliwice","url":"https:\/\/www.24gliwice.pl\/wiadomosci\/","logo":{"@type":"ImageObject","inLanguage":"pl-PL","@id":"https:\/\/www.24gliwice.pl\/wiadomosci\/#\/schema\/logo\/image\/","url":"https:\/\/www.24gliwice.pl\/wiadomosci\/wp-content\/uploads\/2024\/10\/24gliwice-logo-696.jpg","contentUrl":"https:\/\/www.24gliwice.pl\/wiadomosci\/wp-content\/uploads\/2024\/10\/24gliwice-logo-696.jpg","width":696,"height":696,"caption":"24gliwice"},"image":{"@id":"https:\/\/www.24gliwice.pl\/wiadomosci\/#\/schema\/logo\/image\/"},"sameAs":["https:\/\/www.facebook.com\/24gliwice","https:\/\/x.com\/24gliwice","https:\/\/www.youtube.com\/@24gliwice"]},{"@type":"Person","@id":"https:\/\/www.24gliwice.pl\/wiadomosci\/#\/schema\/person\/e42c650edd7f2fa332be3811fb166b6e","name":"\u017baneta Mrozek-Siewierska","image":{"@type":"ImageObject","inLanguage":"pl-PL","@id":"https:\/\/secure.gravatar.com\/avatar\/1881429e9c64597c77ad7aef2d0a19be69a3253e57534d16aa15bf3a4d34a0a3?s=96&d=mm&r=g","url":"https:\/\/secure.gravatar.com\/avatar\/1881429e9c64597c77ad7aef2d0a19be69a3253e57534d16aa15bf3a4d34a0a3?s=96&d=mm&r=g","contentUrl":"https:\/\/secure.gravatar.com\/avatar\/1881429e9c64597c77ad7aef2d0a19be69a3253e57534d16aa15bf3a4d34a0a3?s=96&d=mm&r=g","caption":"\u017baneta Mrozek-Siewierska"},"url":"https:\/\/www.24gliwice.pl\/wiadomosci\/author\/zms\/"}]}},"_links":{"self":[{"href":"https:\/\/www.24gliwice.pl\/wiadomosci\/wp-json\/wp\/v2\/posts\/187798","targetHints":{"allow":["GET"]}}],"collection":[{"href":"https:\/\/www.24gliwice.pl\/wiadomosci\/wp-json\/wp\/v2\/posts"}],"about":[{"href":"https:\/\/www.24gliwice.pl\/wiadomosci\/wp-json\/wp\/v2\/types\/post"}],"author":[{"embeddable":true,"href":"https:\/\/www.24gliwice.pl\/wiadomosci\/wp-json\/wp\/v2\/users\/15"}],"replies":[{"embeddable":true,"href":"https:\/\/www.24gliwice.pl\/wiadomosci\/wp-json\/wp\/v2\/comments?post=187798"}],"version-history":[{"count":0,"href":"https:\/\/www.24gliwice.pl\/wiadomosci\/wp-json\/wp\/v2\/posts\/187798\/revisions"}],"wp:featuredmedia":[{"embeddable":true,"href":"https:\/\/www.24gliwice.pl\/wiadomosci\/wp-json\/wp\/v2\/media\/187817"}],"wp:attachment":[{"href":"https:\/\/www.24gliwice.pl\/wiadomosci\/wp-json\/wp\/v2\/media?parent=187798"}],"wp:term":[{"taxonomy":"category","embeddable":true,"href":"https:\/\/www.24gliwice.pl\/wiadomosci\/wp-json\/wp\/v2\/categories?post=187798"},{"taxonomy":"post_tag","embeddable":true,"href":"https:\/\/www.24gliwice.pl\/wiadomosci\/wp-json\/wp\/v2\/tags?post=187798"}],"curies":[{"name":"wp","href":"https:\/\/api.w.org\/{rel}","templated":true}]}}