{"id":187819,"date":"2022-03-21T00:53:39","date_gmt":"2022-03-20T23:53:39","guid":{"rendered":"https:\/\/www.24gliwice.pl\/wiadomosci\/?p=187819"},"modified":"2022-03-21T00:53:39","modified_gmt":"2022-03-20T23:53:39","slug":"przed-nami-festiwal-filmowy-ukraina-szesc-dni-ukrainskiej-kinematografii-na-ekranie-kina-amok","status":"publish","type":"post","link":"https:\/\/www.24gliwice.pl\/wiadomosci\/przed-nami-festiwal-filmowy-ukraina-szesc-dni-ukrainskiej-kinematografii-na-ekranie-kina-amok\/","title":{"rendered":"Przed nami Festiwal Filmowy UKRAINA! Sze\u015b\u0107 dni ukrai\u0144skiej kinematografii na ekranie kina Amok"},"content":{"rendered":"<div class=\"gliwi-a6-nad-leadem-artykulow gliwi-entity-placement\" id=\"gliwi-998953142\"><div class=\"gliwi-adlabel\"><span style=\"font-size: 9px\">REKLAMA<\/span><\/div><div id=\"gliwi-2874506577\" style=\"margin-bottom: 25px;margin-left: auto;margin-right: auto;text-align: center;\"><a data-no-instant=\"1\" href=\"https:\/\/dom100.eu\/\" rel=\"noopener\" class=\"a2t-link\" target=\"_blank\" aria-label=\"20260415 DOM100 D\"><img loading=\"lazy\" decoding=\"async\" src=\"https:\/\/www.24gliwice.pl\/wiadomosci\/wp-content\/uploads\/2026\/04\/20260415-DOM100-D.jpg\" alt=\"\"  srcset=\"https:\/\/www.24gliwice.pl\/wiadomosci\/wp-content\/uploads\/2026\/04\/20260415-DOM100-D.jpg 750w, https:\/\/www.24gliwice.pl\/wiadomosci\/wp-content\/uploads\/2026\/04\/20260415-DOM100-D-410x109.jpg 410w\" sizes=\"(max-width: 750px) 100vw, 750px\" class=\"no-lazyload\" width=\"750\" height=\"200\"  style=\"display: inline-block; max-width: 100%; height: auto;\" \/><\/a><\/div><\/div><h2>Kino Amok zaprasza na Festiwal Filmowy UKRAINA! Przy ul. Dolnych Wa\u0142\u00f3w 3 b\u0119dzie mo\u017cna zobaczy\u0107 zar\u00f3wno starsze, wa\u017cne tytu\u0142y, jak i najnowsze, zrealizowane przez g\u0142o\u015bnych re\u017cyser\u00f3w ukrai\u0144skich, znanych ze swej niez\u0142omnej postawy obywatelskiej.<\/h2>\n<p>&nbsp;<br \/>\nRozpocz\u0119cie festiwalu przewidziano w pi\u0105tek, 25 marca, ostatni film wy\u015bwietlony zostanie 31 marca. <\/p>\n<p><iframe loading=\"lazy\" width=\"810\" height=\"455\" src=\"https:\/\/www.youtube.com\/embed\/C1docS44f58\" title=\"YouTube video player\" frameborder=\"0\" allow=\"accelerometer; autoplay; clipboard-write; encrypted-media; gyroscope; picture-in-picture\" allowfullscreen><\/iframe><\/p>\n<p>Z roku na rok kino ukrai\u0144skie budzi coraz wi\u0119ksze zainteresowanie mi\u0119dzynarodowych festiwali, krytyk\u00f3w filmowych i widz\u00f3w. Ostatnie pi\u0119c\u0301 lat jest najbardziej owocnym czasem w kinematografii ukrai\u0144skiej od czasu odzyskania niepodleg\u0142o\u015bci w 1991 r. Warto zobaczy\u0107 propozycje, kt\u00f3re przygotowa\u0142o Kino Amok: \u201eDonbas\u201d, \u201eObywatel Jones\u201d, Do domu\u201d, \u201eSzron\u201d, Nosoro\u017cec\u201d i \u201eU 311 Czerkasy\u201d \u2013 po seansie odb\u0119dzie si\u0119 spotkanie z re\u017cyserem.<\/p><div class=\"gliwi-a3-w-tresci-artykulow gliwi-entity-placement\" id=\"gliwi-4261594154\"><div class=\"gliwi-adlabel\"><span style=\"font-size: 9px\">REKLAMA<\/span><\/div><div id=\"gliwi-3946069115\" style=\"margin-bottom: 30px;margin-left: auto;margin-right: auto;text-align: center;\"><a data-no-instant=\"1\" href=\"https:\/\/zlobek.halogen.org.pl\/\" rel=\"noopener\" class=\"a2t-link\" target=\"_blank\" aria-label=\"animator-zlobek_750x200\"><img loading=\"lazy\" decoding=\"async\" src=\"https:\/\/www.24gliwice.pl\/wiadomosci\/wp-content\/uploads\/2026\/02\/animator-zlobek_750x200.webp\" alt=\"\"  srcset=\"https:\/\/www.24gliwice.pl\/wiadomosci\/wp-content\/uploads\/2026\/02\/animator-zlobek_750x200.webp 750w, https:\/\/www.24gliwice.pl\/wiadomosci\/wp-content\/uploads\/2026\/02\/animator-zlobek_750x200-410x109.webp 410w\" sizes=\"(max-width: 750px) 100vw, 750px\" class=\"no-lazyload\" width=\"750\" height=\"200\"  style=\"display: inline-block; max-width: 100%; height: auto;\" \/><\/a><\/div><\/div>\n<p><iframe loading=\"lazy\" width=\"810\" height=\"455\" src=\"https:\/\/www.youtube.com\/embed\/oaNwIzwkhuw\" title=\"YouTube video player\" frameborder=\"0\" allow=\"accelerometer; autoplay; clipboard-write; encrypted-media; gyroscope; picture-in-picture\" allowfullscreen><\/iframe><\/p>\n<h4>Harmonogram seans\u00f3w:<\/h4>\n<li>25.03     18.15     DONBAS<\/li>\n<li>26.03     18.15     OBYWATEL JONES<\/li>\n<li>27.03     18.15     DO DOMU<\/li>\n<li>29.03     18.15     SZRON<\/li>\n<li>30.03     18.15     NOSORO\u017bEC<\/li>\n<li>31.03     19.30     U 311 CZERKASY  |   planowane spotkanie z re\u017cyserem<\/li>\n<p>&nbsp;<br \/>\n<iframe loading=\"lazy\" width=\"810\" height=\"455\" src=\"https:\/\/www.youtube.com\/embed\/qB6PE4RSyy0\" title=\"YouTube video player\" frameborder=\"0\" allow=\"accelerometer; autoplay; clipboard-write; encrypted-media; gyroscope; picture-in-picture\" allowfullscreen><\/iframe><\/p>\n<p>Wi\u0119cej informacji na ten temat, a tak\u017ce bilety w formie elektronicznej mo\u017cna znale\u017a\u0107 na stronie <a href=\"http:\/\/amok.gliwice.pl\">amok.gliwice.pl<\/a>.<\/p>\n<p>(\u017cms)\/UM Gliwice<br \/>\nfot. px\/zdj. pogl\u0105dowe<\/p>\n<p><iframe loading=\"lazy\" width=\"810\" height=\"455\" src=\"https:\/\/www.youtube.com\/embed\/Sm_Uh_bCi7o\" title=\"YouTube video player\" frameborder=\"0\" allow=\"accelerometer; autoplay; clipboard-write; encrypted-media; gyroscope; picture-in-picture\" allowfullscreen><\/iframe><\/p>\n<div class=\"gliwi-a5-na-koncu-artykulow gliwi-entity-placement\" id=\"gliwi-1054076406\"><div class=\"gliwi-adlabel\"><span style=\"font-size: 9px\">REKLAMA<\/span><\/div><div id=\"gliwi-144820140\" style=\"margin-left: auto;margin-right: auto;text-align: center;\"><a data-no-instant=\"1\" href=\"https:\/\/prezeroarenagliwice.pl\/\" rel=\"noopener\" class=\"a2t-link\" target=\"_blank\" aria-label=\"20260309-PREZERO-WIOSNA-D\"><img loading=\"lazy\" decoding=\"async\" src=\"https:\/\/www.24gliwice.pl\/wiadomosci\/wp-content\/uploads\/2026\/03\/20260309-PREZERO-WIOSNA-D.webp\" alt=\"\"  srcset=\"https:\/\/www.24gliwice.pl\/wiadomosci\/wp-content\/uploads\/2026\/03\/20260309-PREZERO-WIOSNA-D.webp 750w, https:\/\/www.24gliwice.pl\/wiadomosci\/wp-content\/uploads\/2026\/03\/20260309-PREZERO-WIOSNA-D-410x109.webp 410w\" sizes=\"(max-width: 750px) 100vw, 750px\" class=\"no-lazyload\" width=\"750\" height=\"200\"  style=\"display: inline-block; max-width: 100%; height: auto;\" \/><\/a><\/div><\/div>","protected":false},"excerpt":{"rendered":"<p>Kino Amok zaprasza na Festiwal Filmowy UKRAINA! Przy ul. Dolnych Wa\u0142\u00f3w 3 b\u0119dzie mo\u017cna zobaczy\u0107 zar\u00f3wno starsze, wa\u017cne tytu\u0142y, jak i najnowsze, zrealizowane przez g\u0142o\u015bnych re\u017cyser\u00f3w ukrai\u0144skich, znanych ze swej niez\u0142omnej postawy obywatelskiej. &nbsp; Rozpocz\u0119cie festiwalu przewidziano w pi\u0105tek, 25 marca, ostatni film wy\u015bwietlony zostanie 31 marca. Z roku na rok kino ukrai\u0144skie budzi coraz [&hellip;]<\/p>\n","protected":false},"author":15,"featured_media":160212,"comment_status":"closed","ping_status":"closed","sticky":false,"template":"","format":"standard","meta":{"_monsterinsights_skip_tracking":false,"_monsterinsights_sitenote_active":false,"_monsterinsights_sitenote_note":"","_monsterinsights_sitenote_category":0,"footnotes":"","_links_to":"","_links_to_target":""},"categories":[3,6,1],"tags":[256],"class_list":["post-187819","post","type-post","status-publish","format-standard","has-post-thumbnail","hentry","category-gliwice","category-kultura","category-wszystko","tag-kino-amok"],"yoast_head":"<!-- This site is optimized with the Yoast SEO plugin v27.4 - https:\/\/yoast.com\/product\/yoast-seo-wordpress\/ -->\n<title>Przed nami Festiwal Filmowy UKRAINA! Sze\u015b\u0107 dni ukrai\u0144skiej kinematografii na ekranie kina Amok - 24GLIWICE - Portal Gliwice | codziennie nowe informacje<\/title>\n<meta name=\"description\" content=\"Kino Amok organizuje przegl\u0105d ukrai\u0144skich film\u00f3w, w ramach Festiwalu Filmowego Ukraina! Wy\u015bwietlonych zostanie 6 propozycji\" \/>\n<meta name=\"robots\" content=\"index, follow, max-snippet:-1, max-image-preview:large, max-video-preview:-1\" \/>\n<link rel=\"canonical\" href=\"https:\/\/www.24gliwice.pl\/wiadomosci\/przed-nami-festiwal-filmowy-ukraina-szesc-dni-ukrainskiej-kinematografii-na-ekranie-kina-amok\/\" \/>\n<meta property=\"og:locale\" content=\"pl_PL\" \/>\n<meta property=\"og:type\" content=\"article\" \/>\n<meta property=\"og:title\" content=\"Przed nami Festiwal Filmowy UKRAINA! Sze\u015b\u0107 dni ukrai\u0144skiej kinematografii na ekranie kina Amok - 24GLIWICE - Portal Gliwice | codziennie nowe informacje\" \/>\n<meta property=\"og:description\" content=\"Kino Amok organizuje przegl\u0105d ukrai\u0144skich film\u00f3w, w ramach Festiwalu Filmowego Ukraina! Wy\u015bwietlonych zostanie 6 propozycji\" \/>\n<meta property=\"og:url\" content=\"https:\/\/www.24gliwice.pl\/wiadomosci\/przed-nami-festiwal-filmowy-ukraina-szesc-dni-ukrainskiej-kinematografii-na-ekranie-kina-amok\/\" \/>\n<meta property=\"og:site_name\" content=\"24GLIWICE - Portal Gliwice | codziennie nowe informacje\" \/>\n<meta property=\"article:publisher\" content=\"https:\/\/www.facebook.com\/24gliwice\" \/>\n<meta property=\"article:published_time\" content=\"2022-03-20T23:53:39+00:00\" \/>\n<meta property=\"og:image\" content=\"https:\/\/www.24gliwice.pl\/wiadomosci\/wp-content\/uploads\/2020\/11\/ukraina-festiwal-filmowy-002.jpg\" \/>\n\t<meta property=\"og:image:width\" content=\"810\" \/>\n\t<meta property=\"og:image:height\" content=\"456\" \/>\n\t<meta property=\"og:image:type\" content=\"image\/jpeg\" \/>\n<meta name=\"author\" content=\"\u017baneta Mrozek-Siewierska\" \/>\n<meta name=\"twitter:card\" content=\"summary_large_image\" \/>\n<meta name=\"twitter:creator\" content=\"@24gliwice\" \/>\n<meta name=\"twitter:site\" content=\"@24gliwice\" \/>\n<meta name=\"twitter:label1\" content=\"Napisane przez\" \/>\n\t<meta name=\"twitter:data1\" content=\"\u017baneta Mrozek-Siewierska\" \/>\n\t<meta name=\"twitter:label2\" content=\"Szacowany czas czytania\" \/>\n\t<meta name=\"twitter:data2\" content=\"1 minuta\" \/>\n<script type=\"application\/ld+json\" class=\"yoast-schema-graph\">{\"@context\":\"https:\\\/\\\/schema.org\",\"@graph\":[{\"@type\":\"Article\",\"@id\":\"https:\\\/\\\/www.24gliwice.pl\\\/wiadomosci\\\/przed-nami-festiwal-filmowy-ukraina-szesc-dni-ukrainskiej-kinematografii-na-ekranie-kina-amok\\\/#article\",\"isPartOf\":{\"@id\":\"https:\\\/\\\/www.24gliwice.pl\\\/wiadomosci\\\/przed-nami-festiwal-filmowy-ukraina-szesc-dni-ukrainskiej-kinematografii-na-ekranie-kina-amok\\\/\"},\"author\":{\"name\":\"\u017baneta Mrozek-Siewierska\",\"@id\":\"https:\\\/\\\/www.24gliwice.pl\\\/wiadomosci\\\/#\\\/schema\\\/person\\\/e42c650edd7f2fa332be3811fb166b6e\"},\"headline\":\"Przed nami Festiwal Filmowy UKRAINA! Sze\u015b\u0107 dni ukrai\u0144skiej kinematografii na ekranie kina Amok\",\"datePublished\":\"2022-03-20T23:53:39+00:00\",\"mainEntityOfPage\":{\"@id\":\"https:\\\/\\\/www.24gliwice.pl\\\/wiadomosci\\\/przed-nami-festiwal-filmowy-ukraina-szesc-dni-ukrainskiej-kinematografii-na-ekranie-kina-amok\\\/\"},\"wordCount\":191,\"publisher\":{\"@id\":\"https:\\\/\\\/www.24gliwice.pl\\\/wiadomosci\\\/#organization\"},\"image\":{\"@id\":\"https:\\\/\\\/www.24gliwice.pl\\\/wiadomosci\\\/przed-nami-festiwal-filmowy-ukraina-szesc-dni-ukrainskiej-kinematografii-na-ekranie-kina-amok\\\/#primaryimage\"},\"thumbnailUrl\":\"https:\\\/\\\/www.24gliwice.pl\\\/wiadomosci\\\/wp-content\\\/uploads\\\/2020\\\/11\\\/ukraina-festiwal-filmowy-002.jpg\",\"keywords\":[\"KINO AMOK\"],\"articleSection\":[\"Gliwice\",\"Kultura, wydarzenia, imprezy\",\"Najnowsze wiadomo\u015bci\"],\"inLanguage\":\"pl-PL\"},{\"@type\":\"WebPage\",\"@id\":\"https:\\\/\\\/www.24gliwice.pl\\\/wiadomosci\\\/przed-nami-festiwal-filmowy-ukraina-szesc-dni-ukrainskiej-kinematografii-na-ekranie-kina-amok\\\/\",\"url\":\"https:\\\/\\\/www.24gliwice.pl\\\/wiadomosci\\\/przed-nami-festiwal-filmowy-ukraina-szesc-dni-ukrainskiej-kinematografii-na-ekranie-kina-amok\\\/\",\"name\":\"Przed nami Festiwal Filmowy UKRAINA! Sze\u015b\u0107 dni ukrai\u0144skiej kinematografii na ekranie kina Amok - 24GLIWICE - Portal Gliwice | codziennie nowe informacje\",\"isPartOf\":{\"@id\":\"https:\\\/\\\/www.24gliwice.pl\\\/wiadomosci\\\/#website\"},\"primaryImageOfPage\":{\"@id\":\"https:\\\/\\\/www.24gliwice.pl\\\/wiadomosci\\\/przed-nami-festiwal-filmowy-ukraina-szesc-dni-ukrainskiej-kinematografii-na-ekranie-kina-amok\\\/#primaryimage\"},\"image\":{\"@id\":\"https:\\\/\\\/www.24gliwice.pl\\\/wiadomosci\\\/przed-nami-festiwal-filmowy-ukraina-szesc-dni-ukrainskiej-kinematografii-na-ekranie-kina-amok\\\/#primaryimage\"},\"thumbnailUrl\":\"https:\\\/\\\/www.24gliwice.pl\\\/wiadomosci\\\/wp-content\\\/uploads\\\/2020\\\/11\\\/ukraina-festiwal-filmowy-002.jpg\",\"datePublished\":\"2022-03-20T23:53:39+00:00\",\"description\":\"Kino Amok organizuje przegl\u0105d ukrai\u0144skich film\u00f3w, w ramach Festiwalu Filmowego Ukraina! Wy\u015bwietlonych zostanie 6 propozycji\",\"breadcrumb\":{\"@id\":\"https:\\\/\\\/www.24gliwice.pl\\\/wiadomosci\\\/przed-nami-festiwal-filmowy-ukraina-szesc-dni-ukrainskiej-kinematografii-na-ekranie-kina-amok\\\/#breadcrumb\"},\"inLanguage\":\"pl-PL\",\"potentialAction\":[{\"@type\":\"ReadAction\",\"target\":[\"https:\\\/\\\/www.24gliwice.pl\\\/wiadomosci\\\/przed-nami-festiwal-filmowy-ukraina-szesc-dni-ukrainskiej-kinematografii-na-ekranie-kina-amok\\\/\"]}]},{\"@type\":\"ImageObject\",\"inLanguage\":\"pl-PL\",\"@id\":\"https:\\\/\\\/www.24gliwice.pl\\\/wiadomosci\\\/przed-nami-festiwal-filmowy-ukraina-szesc-dni-ukrainskiej-kinematografii-na-ekranie-kina-amok\\\/#primaryimage\",\"url\":\"https:\\\/\\\/www.24gliwice.pl\\\/wiadomosci\\\/wp-content\\\/uploads\\\/2020\\\/11\\\/ukraina-festiwal-filmowy-002.jpg\",\"contentUrl\":\"https:\\\/\\\/www.24gliwice.pl\\\/wiadomosci\\\/wp-content\\\/uploads\\\/2020\\\/11\\\/ukraina-festiwal-filmowy-002.jpg\",\"width\":810,\"height\":456,\"caption\":\"fot. zdj\u0119cie pogl\u0105dowe\\\/px\"},{\"@type\":\"BreadcrumbList\",\"@id\":\"https:\\\/\\\/www.24gliwice.pl\\\/wiadomosci\\\/przed-nami-festiwal-filmowy-ukraina-szesc-dni-ukrainskiej-kinematografii-na-ekranie-kina-amok\\\/#breadcrumb\",\"itemListElement\":[{\"@type\":\"ListItem\",\"position\":1,\"name\":\"Strona g\u0142\u00f3wna\",\"item\":\"https:\\\/\\\/www.24gliwice.pl\\\/wiadomosci\\\/\"},{\"@type\":\"ListItem\",\"position\":2,\"name\":\"Przed nami Festiwal Filmowy UKRAINA! Sze\u015b\u0107 dni ukrai\u0144skiej kinematografii na ekranie kina Amok\"}]},{\"@type\":\"WebSite\",\"@id\":\"https:\\\/\\\/www.24gliwice.pl\\\/wiadomosci\\\/#website\",\"url\":\"https:\\\/\\\/www.24gliwice.pl\\\/wiadomosci\\\/\",\"name\":\"24GLIWICE - Portal Gliwice | codziennie nowe wiadomo\u015bci\",\"description\":\"Portal Miejski Gliwice\",\"publisher\":{\"@id\":\"https:\\\/\\\/www.24gliwice.pl\\\/wiadomosci\\\/#organization\"},\"potentialAction\":[{\"@type\":\"SearchAction\",\"target\":{\"@type\":\"EntryPoint\",\"urlTemplate\":\"https:\\\/\\\/www.24gliwice.pl\\\/wiadomosci\\\/?s={search_term_string}\"},\"query-input\":{\"@type\":\"PropertyValueSpecification\",\"valueRequired\":true,\"valueName\":\"search_term_string\"}}],\"inLanguage\":\"pl-PL\"},{\"@type\":\"Organization\",\"@id\":\"https:\\\/\\\/www.24gliwice.pl\\\/wiadomosci\\\/#organization\",\"name\":\"24gliwice\",\"url\":\"https:\\\/\\\/www.24gliwice.pl\\\/wiadomosci\\\/\",\"logo\":{\"@type\":\"ImageObject\",\"inLanguage\":\"pl-PL\",\"@id\":\"https:\\\/\\\/www.24gliwice.pl\\\/wiadomosci\\\/#\\\/schema\\\/logo\\\/image\\\/\",\"url\":\"https:\\\/\\\/www.24gliwice.pl\\\/wiadomosci\\\/wp-content\\\/uploads\\\/2024\\\/10\\\/24gliwice-logo-696.jpg\",\"contentUrl\":\"https:\\\/\\\/www.24gliwice.pl\\\/wiadomosci\\\/wp-content\\\/uploads\\\/2024\\\/10\\\/24gliwice-logo-696.jpg\",\"width\":696,\"height\":696,\"caption\":\"24gliwice\"},\"image\":{\"@id\":\"https:\\\/\\\/www.24gliwice.pl\\\/wiadomosci\\\/#\\\/schema\\\/logo\\\/image\\\/\"},\"sameAs\":[\"https:\\\/\\\/www.facebook.com\\\/24gliwice\",\"https:\\\/\\\/x.com\\\/24gliwice\",\"https:\\\/\\\/www.youtube.com\\\/@24gliwice\"]},{\"@type\":\"Person\",\"@id\":\"https:\\\/\\\/www.24gliwice.pl\\\/wiadomosci\\\/#\\\/schema\\\/person\\\/e42c650edd7f2fa332be3811fb166b6e\",\"name\":\"\u017baneta Mrozek-Siewierska\",\"image\":{\"@type\":\"ImageObject\",\"inLanguage\":\"pl-PL\",\"@id\":\"https:\\\/\\\/www.24gliwice.pl\\\/wiadomosci\\\/wp-content\\\/uploads\\\/2021\\\/11\\\/Zaneta-M_S-zdjecie-czb-96x96.jpg\",\"url\":\"https:\\\/\\\/www.24gliwice.pl\\\/wiadomosci\\\/wp-content\\\/uploads\\\/2021\\\/11\\\/Zaneta-M_S-zdjecie-czb-96x96.jpg\",\"contentUrl\":\"https:\\\/\\\/www.24gliwice.pl\\\/wiadomosci\\\/wp-content\\\/uploads\\\/2021\\\/11\\\/Zaneta-M_S-zdjecie-czb-96x96.jpg\",\"caption\":\"\u017baneta Mrozek-Siewierska\"},\"url\":\"https:\\\/\\\/www.24gliwice.pl\\\/wiadomosci\\\/author\\\/zms\\\/\"}]}<\/script>\n<!-- \/ Yoast SEO plugin. -->","yoast_head_json":{"title":"Przed nami Festiwal Filmowy UKRAINA! Sze\u015b\u0107 dni ukrai\u0144skiej kinematografii na ekranie kina Amok - 24GLIWICE - Portal Gliwice | codziennie nowe informacje","description":"Kino Amok organizuje przegl\u0105d ukrai\u0144skich film\u00f3w, w ramach Festiwalu Filmowego Ukraina! Wy\u015bwietlonych zostanie 6 propozycji","robots":{"index":"index","follow":"follow","max-snippet":"max-snippet:-1","max-image-preview":"max-image-preview:large","max-video-preview":"max-video-preview:-1"},"canonical":"https:\/\/www.24gliwice.pl\/wiadomosci\/przed-nami-festiwal-filmowy-ukraina-szesc-dni-ukrainskiej-kinematografii-na-ekranie-kina-amok\/","og_locale":"pl_PL","og_type":"article","og_title":"Przed nami Festiwal Filmowy UKRAINA! Sze\u015b\u0107 dni ukrai\u0144skiej kinematografii na ekranie kina Amok - 24GLIWICE - Portal Gliwice | codziennie nowe informacje","og_description":"Kino Amok organizuje przegl\u0105d ukrai\u0144skich film\u00f3w, w ramach Festiwalu Filmowego Ukraina! Wy\u015bwietlonych zostanie 6 propozycji","og_url":"https:\/\/www.24gliwice.pl\/wiadomosci\/przed-nami-festiwal-filmowy-ukraina-szesc-dni-ukrainskiej-kinematografii-na-ekranie-kina-amok\/","og_site_name":"24GLIWICE - Portal Gliwice | codziennie nowe informacje","article_publisher":"https:\/\/www.facebook.com\/24gliwice","article_published_time":"2022-03-20T23:53:39+00:00","og_image":[{"width":810,"height":456,"url":"https:\/\/www.24gliwice.pl\/wiadomosci\/wp-content\/uploads\/2020\/11\/ukraina-festiwal-filmowy-002.jpg","type":"image\/jpeg"}],"author":"\u017baneta Mrozek-Siewierska","twitter_card":"summary_large_image","twitter_creator":"@24gliwice","twitter_site":"@24gliwice","twitter_misc":{"Napisane przez":"\u017baneta Mrozek-Siewierska","Szacowany czas czytania":"1 minuta"},"schema":{"@context":"https:\/\/schema.org","@graph":[{"@type":"Article","@id":"https:\/\/www.24gliwice.pl\/wiadomosci\/przed-nami-festiwal-filmowy-ukraina-szesc-dni-ukrainskiej-kinematografii-na-ekranie-kina-amok\/#article","isPartOf":{"@id":"https:\/\/www.24gliwice.pl\/wiadomosci\/przed-nami-festiwal-filmowy-ukraina-szesc-dni-ukrainskiej-kinematografii-na-ekranie-kina-amok\/"},"author":{"name":"\u017baneta Mrozek-Siewierska","@id":"https:\/\/www.24gliwice.pl\/wiadomosci\/#\/schema\/person\/e42c650edd7f2fa332be3811fb166b6e"},"headline":"Przed nami Festiwal Filmowy UKRAINA! Sze\u015b\u0107 dni ukrai\u0144skiej kinematografii na ekranie kina Amok","datePublished":"2022-03-20T23:53:39+00:00","mainEntityOfPage":{"@id":"https:\/\/www.24gliwice.pl\/wiadomosci\/przed-nami-festiwal-filmowy-ukraina-szesc-dni-ukrainskiej-kinematografii-na-ekranie-kina-amok\/"},"wordCount":191,"publisher":{"@id":"https:\/\/www.24gliwice.pl\/wiadomosci\/#organization"},"image":{"@id":"https:\/\/www.24gliwice.pl\/wiadomosci\/przed-nami-festiwal-filmowy-ukraina-szesc-dni-ukrainskiej-kinematografii-na-ekranie-kina-amok\/#primaryimage"},"thumbnailUrl":"https:\/\/www.24gliwice.pl\/wiadomosci\/wp-content\/uploads\/2020\/11\/ukraina-festiwal-filmowy-002.jpg","keywords":["KINO AMOK"],"articleSection":["Gliwice","Kultura, wydarzenia, imprezy","Najnowsze wiadomo\u015bci"],"inLanguage":"pl-PL"},{"@type":"WebPage","@id":"https:\/\/www.24gliwice.pl\/wiadomosci\/przed-nami-festiwal-filmowy-ukraina-szesc-dni-ukrainskiej-kinematografii-na-ekranie-kina-amok\/","url":"https:\/\/www.24gliwice.pl\/wiadomosci\/przed-nami-festiwal-filmowy-ukraina-szesc-dni-ukrainskiej-kinematografii-na-ekranie-kina-amok\/","name":"Przed nami Festiwal Filmowy UKRAINA! Sze\u015b\u0107 dni ukrai\u0144skiej kinematografii na ekranie kina Amok - 24GLIWICE - Portal Gliwice | codziennie nowe informacje","isPartOf":{"@id":"https:\/\/www.24gliwice.pl\/wiadomosci\/#website"},"primaryImageOfPage":{"@id":"https:\/\/www.24gliwice.pl\/wiadomosci\/przed-nami-festiwal-filmowy-ukraina-szesc-dni-ukrainskiej-kinematografii-na-ekranie-kina-amok\/#primaryimage"},"image":{"@id":"https:\/\/www.24gliwice.pl\/wiadomosci\/przed-nami-festiwal-filmowy-ukraina-szesc-dni-ukrainskiej-kinematografii-na-ekranie-kina-amok\/#primaryimage"},"thumbnailUrl":"https:\/\/www.24gliwice.pl\/wiadomosci\/wp-content\/uploads\/2020\/11\/ukraina-festiwal-filmowy-002.jpg","datePublished":"2022-03-20T23:53:39+00:00","description":"Kino Amok organizuje przegl\u0105d ukrai\u0144skich film\u00f3w, w ramach Festiwalu Filmowego Ukraina! Wy\u015bwietlonych zostanie 6 propozycji","breadcrumb":{"@id":"https:\/\/www.24gliwice.pl\/wiadomosci\/przed-nami-festiwal-filmowy-ukraina-szesc-dni-ukrainskiej-kinematografii-na-ekranie-kina-amok\/#breadcrumb"},"inLanguage":"pl-PL","potentialAction":[{"@type":"ReadAction","target":["https:\/\/www.24gliwice.pl\/wiadomosci\/przed-nami-festiwal-filmowy-ukraina-szesc-dni-ukrainskiej-kinematografii-na-ekranie-kina-amok\/"]}]},{"@type":"ImageObject","inLanguage":"pl-PL","@id":"https:\/\/www.24gliwice.pl\/wiadomosci\/przed-nami-festiwal-filmowy-ukraina-szesc-dni-ukrainskiej-kinematografii-na-ekranie-kina-amok\/#primaryimage","url":"https:\/\/www.24gliwice.pl\/wiadomosci\/wp-content\/uploads\/2020\/11\/ukraina-festiwal-filmowy-002.jpg","contentUrl":"https:\/\/www.24gliwice.pl\/wiadomosci\/wp-content\/uploads\/2020\/11\/ukraina-festiwal-filmowy-002.jpg","width":810,"height":456,"caption":"fot. zdj\u0119cie pogl\u0105dowe\/px"},{"@type":"BreadcrumbList","@id":"https:\/\/www.24gliwice.pl\/wiadomosci\/przed-nami-festiwal-filmowy-ukraina-szesc-dni-ukrainskiej-kinematografii-na-ekranie-kina-amok\/#breadcrumb","itemListElement":[{"@type":"ListItem","position":1,"name":"Strona g\u0142\u00f3wna","item":"https:\/\/www.24gliwice.pl\/wiadomosci\/"},{"@type":"ListItem","position":2,"name":"Przed nami Festiwal Filmowy UKRAINA! Sze\u015b\u0107 dni ukrai\u0144skiej kinematografii na ekranie kina Amok"}]},{"@type":"WebSite","@id":"https:\/\/www.24gliwice.pl\/wiadomosci\/#website","url":"https:\/\/www.24gliwice.pl\/wiadomosci\/","name":"24GLIWICE - Portal Gliwice | codziennie nowe wiadomo\u015bci","description":"Portal Miejski Gliwice","publisher":{"@id":"https:\/\/www.24gliwice.pl\/wiadomosci\/#organization"},"potentialAction":[{"@type":"SearchAction","target":{"@type":"EntryPoint","urlTemplate":"https:\/\/www.24gliwice.pl\/wiadomosci\/?s={search_term_string}"},"query-input":{"@type":"PropertyValueSpecification","valueRequired":true,"valueName":"search_term_string"}}],"inLanguage":"pl-PL"},{"@type":"Organization","@id":"https:\/\/www.24gliwice.pl\/wiadomosci\/#organization","name":"24gliwice","url":"https:\/\/www.24gliwice.pl\/wiadomosci\/","logo":{"@type":"ImageObject","inLanguage":"pl-PL","@id":"https:\/\/www.24gliwice.pl\/wiadomosci\/#\/schema\/logo\/image\/","url":"https:\/\/www.24gliwice.pl\/wiadomosci\/wp-content\/uploads\/2024\/10\/24gliwice-logo-696.jpg","contentUrl":"https:\/\/www.24gliwice.pl\/wiadomosci\/wp-content\/uploads\/2024\/10\/24gliwice-logo-696.jpg","width":696,"height":696,"caption":"24gliwice"},"image":{"@id":"https:\/\/www.24gliwice.pl\/wiadomosci\/#\/schema\/logo\/image\/"},"sameAs":["https:\/\/www.facebook.com\/24gliwice","https:\/\/x.com\/24gliwice","https:\/\/www.youtube.com\/@24gliwice"]},{"@type":"Person","@id":"https:\/\/www.24gliwice.pl\/wiadomosci\/#\/schema\/person\/e42c650edd7f2fa332be3811fb166b6e","name":"\u017baneta Mrozek-Siewierska","image":{"@type":"ImageObject","inLanguage":"pl-PL","@id":"https:\/\/www.24gliwice.pl\/wiadomosci\/wp-content\/uploads\/2021\/11\/Zaneta-M_S-zdjecie-czb-96x96.jpg","url":"https:\/\/www.24gliwice.pl\/wiadomosci\/wp-content\/uploads\/2021\/11\/Zaneta-M_S-zdjecie-czb-96x96.jpg","contentUrl":"https:\/\/www.24gliwice.pl\/wiadomosci\/wp-content\/uploads\/2021\/11\/Zaneta-M_S-zdjecie-czb-96x96.jpg","caption":"\u017baneta Mrozek-Siewierska"},"url":"https:\/\/www.24gliwice.pl\/wiadomosci\/author\/zms\/"}]}},"_links":{"self":[{"href":"https:\/\/www.24gliwice.pl\/wiadomosci\/wp-json\/wp\/v2\/posts\/187819","targetHints":{"allow":["GET"]}}],"collection":[{"href":"https:\/\/www.24gliwice.pl\/wiadomosci\/wp-json\/wp\/v2\/posts"}],"about":[{"href":"https:\/\/www.24gliwice.pl\/wiadomosci\/wp-json\/wp\/v2\/types\/post"}],"author":[{"embeddable":true,"href":"https:\/\/www.24gliwice.pl\/wiadomosci\/wp-json\/wp\/v2\/users\/15"}],"replies":[{"embeddable":true,"href":"https:\/\/www.24gliwice.pl\/wiadomosci\/wp-json\/wp\/v2\/comments?post=187819"}],"version-history":[{"count":6,"href":"https:\/\/www.24gliwice.pl\/wiadomosci\/wp-json\/wp\/v2\/posts\/187819\/revisions"}],"predecessor-version":[{"id":188808,"href":"https:\/\/www.24gliwice.pl\/wiadomosci\/wp-json\/wp\/v2\/posts\/187819\/revisions\/188808"}],"wp:featuredmedia":[{"embeddable":true,"href":"https:\/\/www.24gliwice.pl\/wiadomosci\/wp-json\/wp\/v2\/media\/160212"}],"wp:attachment":[{"href":"https:\/\/www.24gliwice.pl\/wiadomosci\/wp-json\/wp\/v2\/media?parent=187819"}],"wp:term":[{"taxonomy":"category","embeddable":true,"href":"https:\/\/www.24gliwice.pl\/wiadomosci\/wp-json\/wp\/v2\/categories?post=187819"},{"taxonomy":"post_tag","embeddable":true,"href":"https:\/\/www.24gliwice.pl\/wiadomosci\/wp-json\/wp\/v2\/tags?post=187819"}],"curies":[{"name":"wp","href":"https:\/\/api.w.org\/{rel}","templated":true}]}}